{"id":2397,"date":"2013-09-27T13:25:38","date_gmt":"2013-09-27T18:25:38","guid":{"rendered":"http:\/\/www.kalot.com.mx\/?p=2397"},"modified":"2013-09-29T16:09:27","modified_gmt":"2013-09-29T21:09:27","slug":"5-errores-que-cometi-al-emprender-emprendiendola","status":"publish","type":"post","link":"https:\/\/kalot.com.mx\/site\/2013\/09\/27\/5-errores-que-cometi-al-emprender-emprendiendola\/","title":{"rendered":"5 errores que comet\u00ed al emprender #Emprendi\u00e9ndola"},"content":{"rendered":"<p>A finales del 2012, decid\u00ed emprender mi propio negocio. Siempre he cre\u00eddo que la mejor forma de conseguir lo que quiero es por medio de ser empresario. Sin embargo mis primeros pasos en ese camino fueron en c\u00edrculos, comet\u00ed muchos errores que me gustar\u00eda que conocieras si estas emprendiendo o si est\u00e1s a punto de emprender.<\/p>\n<p>El negocio que emprend\u00ed estaba basado en la venta de productos nutricionales dirigidos al consumidor final. El iniciar este negocio me ayud\u00f3 a conocer la forma perfecta de c\u00f3mo NO emprender. A partir de junio de este a\u00f1o tom\u00e9 la decisi\u00f3n de dejarlo y abrirme a otras posibilidades. En noviembre se estar\u00e1 cumpliendo un a\u00f1o de la fecha del lanzamiento de ese negocio.<\/p>\n<p>Comet\u00ed muchos errores sin embargo creo que estos fueron los m\u00e1s cr\u00edticos:<\/p>\n<p>1. Falta de conocimiento del mercado; en mercadotecnia no se cansan de decirnos que debemos estudiar el mercado antes de tomar una decisi\u00f3n, yo me fui por el otro camino. \u00bfPor qu\u00e9? Conoc\u00eda casos de \u00e9xito que hab\u00edan emprendido en este sector, con el mismo giro, y que no hab\u00edan estudiado nada. Lo s\u00e9, se me hizo f\u00e1cil. No consider\u00e9 estudiar qui\u00e9nes podr\u00edan ser mis consumidores, y mucho peor; no consider\u00e9 a mi competencia. De haber recabado un poco de informaci\u00f3n, no habr\u00eda colocado mi producto en esa plaza, la competencia manejaba un precio en el que casi regalaba su trabajo, tuve que adaptar mi propuesta de valor a esa situaci\u00f3n, que termin\u00f3 afectando mi estrategia de negocio.<\/p>\n<p>2. Creer que el emprender lo era todo; tener la materia prima necesaria as\u00ed como el equipo de trabajo para arrancar no lo es todo, necesitas trabajar duro si quieres ver resultados. Ten\u00eda la err\u00f3nea idea de creer que porque ya hab\u00eda arrancado mi negocio, lo dem\u00e1s \u201ccaer\u00eda solito\u201d, despu\u00e9s me di cuenta que lo \u00fanico que cae del cielo es la lluvia. Tienes que esforzarte.<\/p>\n<p>3. No contemplar tener un \u201ccolch\u00f3n financiero\u201d de cuando menos 6 meses de renta; este es un punto muy cr\u00edtico, cuando arrancas con un negocio debes saber que el negocio quiz\u00e1 no va a vender lo que proyectaste en el pron\u00f3stico de ventas, pasar\u00e1 un poco de tiempo en lo que tu estrategia de comunicaci\u00f3n comienza a rendir sus frutos, si no contemplas este fondo, terminar\u00e1s usando las primeras utilidades de tu negocio para pagar renta e incluso te puedes quedar sin fondos para tu capital de trabajo (materia prima, mano de obra, gastos indirectos de fabricaci\u00f3n, etc.)<\/p>\n<p>4. No contemplar un horario fijo; cuando emprendes, se te hace f\u00e1cil salir 15 minutos antes o cerrar un d\u00eda el negocio. Esto sucede m\u00e1s, creo yo, cuando trabajas y estudias. Sea cual sea el trabajo que vayas a realizar te recomiendo que te apegues a un horario de trabajo sin excusas o pretextos.<\/p>\n<p>5. Falta de enfoque; cuando estas empezando tu negocio y m\u00e1s cuando a\u00fan no obtienes los resultados esperados es de vital importancia que te enfoques en tu negocio de manera obsesiva, no pierdas de vista el objetivo que te has planteado, no te llenes de actividades que pongan en riesgo la viabilidad de tu proyecto. Si dijiste que ibas atender tu negocio, por dar un ejemplo, de 8 a 2pm ten por seguro que en el resto del d\u00eda tendr\u00e1s que hacer actividades que se relacionan con el mismo y que tendr\u00e1s que dedicarles tiempo. Organ\u00edzate de manera semanal, mensual, anual o como quieras pero organ\u00edzate.<\/p>\n<p>\u00bfEres emprendedor? \u00bfHas cometido otros errores que te gustar\u00eda compartir para ayudar a otros emprendedores?<\/p>\n<p>Una vez dijo un maestro que el aprendizaje sale caro, por estos errores yo perd\u00ed un poco m\u00e1s de 40 mil pesos, pero sin duda fue un aprendizaje muy fuerte para mi, de esos que no aprendes en la escuela. Siempre he tenido las ganas de tener mis propios negocios, cuando fall\u00e9 me di cuenta que probablemente iba a pasar a esta edad o en otra, me sent\u00ed satisfecho de dar ese paso a esta edad, ya que puedo avanzar de manera m\u00e1s r\u00e1pida, reconociendo ese camino que ya no debo tomar.<\/p>\n<p>Sin duda de los mejores aprendizajes que tuve fueron; no creas que puedes hacer las cosas solo, utiliza todos los recursos que tienes a tu alrededor tanto materiales como humanos. Y lo m\u00e1s importante fue aprender a \u201csoltar\u201d, este negocio era un sue\u00f1o para mi, ten\u00eda m\u00e1s de 5 a\u00f1os esperando ese momento de crearlo, si me hubiera aferrado a \u00e9l pese a los resultados hubiera afectado m\u00e1s mi econom\u00eda, y quiz\u00e1s me hubiera afectado mucho en mi persona.<\/p>\n<p>Por \u00faltimo no me queda m\u00e1s que dar este consejo:<\/p>\n<blockquote><p>No importa que las cosas vayan mal, no dejes de ser entusiasta en lo que haces, entr\u00e9gate, quiz\u00e1 las cosas no se den con la gravedad que t\u00fa quieras, pero sin duda estar\u00e1s m\u00e1s cerca si no dejas de insistir.<\/p><\/blockquote>\n<p>Nos estamos leyendo \ud83d\ude42<\/p>\n","protected":false},"excerpt":{"rendered":"A finales del 2012, decid\u00ed emprender mi propio negocio. Siempre he cre\u00eddo que la mejor forma de conseguir&hellip;\n","protected":false},"author":8,"featured_media":2230,"comment_status":"open","ping_status":"open","sticky":false,"template":"","format":"standard","meta":{"jetpack_post_was_ever_published":false,"_jetpack_newsletter_access":"","_jetpack_dont_email_post_to_subs":false,"_jetpack_newsletter_tier_id":0,"_jetpack_memberships_contains_paywalled_content":false,"_jetpack_memberships_contains_paid_content":false,"footnotes":"","jetpack_publicize_message":"","jetpack_publicize_feature_enabled":true,"jetpack_social_post_already_shared":true,"jetpack_social_options":{"image_generator_settings":{"template":"highway","default_image_id":0,"font":"","enabled":false},"version":2}},"categories":[],"tags":[],"class_list":{"0":"post-2397","1":"post","2":"type-post","3":"status-publish","4":"format-standard","5":"has-post-thumbnail","7":"cs-entry","8":"cs-video-wrap"},"yoast_head":"<!-- This site is optimized with the Yoast SEO plugin v27.5 - https:\/\/yoast.com\/product\/yoast-seo-wordpress\/ -->\n<title>5 errores que comet\u00ed al emprender #Emprendi\u00e9ndola - Kalot<\/title>\n<meta name=\"description\" content=\"A finales del 2012, decid\u00ed emprender mi propio negocio. Siempre he cre\u00eddo que la mejor forma de conseguir lo que quiero es por medio de ser empresario.\" \/>\n<meta name=\"robots\" content=\"index, follow, max-snippet:-1, max-image-preview:large, max-video-preview:-1\" \/>\n<link rel=\"canonical\" href=\"https:\/\/kalot.com.mx\/site\/2013\/09\/27\/5-errores-que-cometi-al-emprender-emprendiendola\/\" \/>\n<meta property=\"og:locale\" content=\"es_MX\" \/>\n<meta property=\"og:type\" content=\"article\" \/>\n<meta property=\"og:title\" content=\"5 errores que comet\u00ed al emprender #Emprendi\u00e9ndola - Kalot\" \/>\n<meta property=\"og:description\" content=\"A finales del 2012, decid\u00ed emprender mi propio negocio. Siempre he cre\u00eddo que la mejor forma de conseguir lo que quiero es por medio de ser empresario.\" \/>\n<meta property=\"og:url\" content=\"https:\/\/kalot.com.mx\/site\/2013\/09\/27\/5-errores-que-cometi-al-emprender-emprendiendola\/\" \/>\n<meta property=\"og:site_name\" content=\"Kalot\" \/>\n<meta property=\"article:publisher\" content=\"http:\/\/facebook.com\/mxkalot\" \/>\n<meta property=\"article:published_time\" content=\"2013-09-27T18:25:38+00:00\" \/>\n<meta property=\"article:modified_time\" content=\"2013-09-29T21:09:27+00:00\" \/>\n<meta property=\"og:image\" content=\"https:\/\/i1.wp.com\/kalot.com.mx\/site\/wp-content\/uploads\/2013\/09\/20130923-153656.jpg?fit=400%2C300&ssl=1\" \/>\n\t<meta property=\"og:image:width\" content=\"400\" \/>\n\t<meta property=\"og:image:height\" content=\"300\" \/>\n\t<meta property=\"og:image:type\" content=\"image\/jpeg\" \/>\n<meta name=\"author\" content=\"Rudy Marin\" \/>\n<meta name=\"twitter:card\" content=\"summary_large_image\" \/>\n<meta name=\"twitter:creator\" content=\"@kalotmx\" \/>\n<meta name=\"twitter:site\" content=\"@kalotmx\" \/>\n<meta name=\"twitter:label1\" content=\"Escrito por\" \/>\n\t<meta name=\"twitter:data1\" content=\"Rudy Marin\" \/>\n\t<meta name=\"twitter:label2\" content=\"Tiempo de lectura\" \/>\n\t<meta name=\"twitter:data2\" content=\"4 minutos\" \/>\n<!-- \/ Yoast SEO plugin. -->","yoast_head_json":{"title":"5 errores que comet\u00ed al emprender #Emprendi\u00e9ndola - Kalot","description":"A finales del 2012, decid\u00ed emprender mi propio negocio. Siempre he cre\u00eddo que la mejor forma de conseguir lo que quiero es por medio de ser empresario.","robots":{"index":"index","follow":"follow","max-snippet":"max-snippet:-1","max-image-preview":"max-image-preview:large","max-video-preview":"max-video-preview:-1"},"canonical":"https:\/\/kalot.com.mx\/site\/2013\/09\/27\/5-errores-que-cometi-al-emprender-emprendiendola\/","og_locale":"es_MX","og_type":"article","og_title":"5 errores que comet\u00ed al emprender #Emprendi\u00e9ndola - Kalot","og_description":"A finales del 2012, decid\u00ed emprender mi propio negocio. Siempre he cre\u00eddo que la mejor forma de conseguir lo que quiero es por medio de ser empresario.","og_url":"https:\/\/kalot.com.mx\/site\/2013\/09\/27\/5-errores-que-cometi-al-emprender-emprendiendola\/","og_site_name":"Kalot","article_publisher":"http:\/\/facebook.com\/mxkalot","article_published_time":"2013-09-27T18:25:38+00:00","article_modified_time":"2013-09-29T21:09:27+00:00","og_image":[{"width":400,"height":300,"url":"https:\/\/i1.wp.com\/kalot.com.mx\/site\/wp-content\/uploads\/2013\/09\/20130923-153656.jpg?fit=400%2C300&ssl=1","type":"image\/jpeg"}],"author":"Rudy Marin","twitter_card":"summary_large_image","twitter_creator":"@kalotmx","twitter_site":"@kalotmx","twitter_misc":{"Escrito por":"Rudy Marin","Tiempo de lectura":"4 minutos"},"schema":{"@context":"https:\/\/schema.org","@graph":[{"@type":"Article","@id":"https:\/\/kalot.com.mx\/site\/2013\/09\/27\/5-errores-que-cometi-al-emprender-emprendiendola\/#article","isPartOf":{"@id":"https:\/\/kalot.com.mx\/site\/2013\/09\/27\/5-errores-que-cometi-al-emprender-emprendiendola\/"},"author":{"name":"Rudy Marin","@id":"https:\/\/kalot.com.mx\/site\/#\/schema\/person\/c92e0faf7c6131124c9e7afdaaf4c22c"},"headline":"5 errores que comet\u00ed al emprender #Emprendi\u00e9ndola","datePublished":"2013-09-27T18:25:38+00:00","dateModified":"2013-09-29T21:09:27+00:00","mainEntityOfPage":{"@id":"https:\/\/kalot.com.mx\/site\/2013\/09\/27\/5-errores-que-cometi-al-emprender-emprendiendola\/"},"wordCount":866,"commentCount":2,"publisher":{"@id":"https:\/\/kalot.com.mx\/site\/#organization"},"image":{"@id":"https:\/\/kalot.com.mx\/site\/2013\/09\/27\/5-errores-que-cometi-al-emprender-emprendiendola\/#primaryimage"},"thumbnailUrl":"https:\/\/i0.wp.com\/kalot.com.mx\/site\/wp-content\/uploads\/2013\/09\/20130923-153656.jpg?fit=400%2C300&ssl=1","inLanguage":"es","potentialAction":[{"@type":"CommentAction","name":"Comment","target":["https:\/\/kalot.com.mx\/site\/2013\/09\/27\/5-errores-que-cometi-al-emprender-emprendiendola\/#respond"]}]},{"@type":"WebPage","@id":"https:\/\/kalot.com.mx\/site\/2013\/09\/27\/5-errores-que-cometi-al-emprender-emprendiendola\/","url":"https:\/\/kalot.com.mx\/site\/2013\/09\/27\/5-errores-que-cometi-al-emprender-emprendiendola\/","name":"5 errores que comet\u00ed al emprender #Emprendi\u00e9ndola - Kalot","isPartOf":{"@id":"https:\/\/kalot.com.mx\/site\/#website"},"primaryImageOfPage":{"@id":"https:\/\/kalot.com.mx\/site\/2013\/09\/27\/5-errores-que-cometi-al-emprender-emprendiendola\/#primaryimage"},"image":{"@id":"https:\/\/kalot.com.mx\/site\/2013\/09\/27\/5-errores-que-cometi-al-emprender-emprendiendola\/#primaryimage"},"thumbnailUrl":"https:\/\/i0.wp.com\/kalot.com.mx\/site\/wp-content\/uploads\/2013\/09\/20130923-153656.jpg?fit=400%2C300&ssl=1","datePublished":"2013-09-27T18:25:38+00:00","dateModified":"2013-09-29T21:09:27+00:00","description":"A finales del 2012, decid\u00ed emprender mi propio negocio. Siempre he cre\u00eddo que la mejor forma de conseguir lo que quiero es por medio de ser empresario.","breadcrumb":{"@id":"https:\/\/kalot.com.mx\/site\/2013\/09\/27\/5-errores-que-cometi-al-emprender-emprendiendola\/#breadcrumb"},"inLanguage":"es","potentialAction":[{"@type":"ReadAction","target":["https:\/\/kalot.com.mx\/site\/2013\/09\/27\/5-errores-que-cometi-al-emprender-emprendiendola\/"]}]},{"@type":"ImageObject","inLanguage":"es","@id":"https:\/\/kalot.com.mx\/site\/2013\/09\/27\/5-errores-que-cometi-al-emprender-emprendiendola\/#primaryimage","url":"https:\/\/i0.wp.com\/kalot.com.mx\/site\/wp-content\/uploads\/2013\/09\/20130923-153656.jpg?fit=400%2C300&ssl=1","contentUrl":"https:\/\/i0.wp.com\/kalot.com.mx\/site\/wp-content\/uploads\/2013\/09\/20130923-153656.jpg?fit=400%2C300&ssl=1","width":400,"height":300},{"@type":"BreadcrumbList","@id":"https:\/\/kalot.com.mx\/site\/2013\/09\/27\/5-errores-que-cometi-al-emprender-emprendiendola\/#breadcrumb","itemListElement":[{"@type":"ListItem","position":1,"name":"Home","item":"https:\/\/kalot.com.mx\/site\/"},{"@type":"ListItem","position":2,"name":"5 errores que comet\u00ed al emprender #Emprendi\u00e9ndola"}]},{"@type":"WebSite","@id":"https:\/\/kalot.com.mx\/site\/#website","url":"https:\/\/kalot.com.mx\/site\/","name":"Kalot","description":"Conoce Todo Sobre Todo","publisher":{"@id":"https:\/\/kalot.com.mx\/site\/#organization"},"potentialAction":[{"@type":"SearchAction","target":{"@type":"EntryPoint","urlTemplate":"https:\/\/kalot.com.mx\/site\/?s={search_term_string}"},"query-input":{"@type":"PropertyValueSpecification","valueRequired":true,"valueName":"search_term_string"}}],"inLanguage":"es"},{"@type":"Organization","@id":"https:\/\/kalot.com.mx\/site\/#organization","name":"Kalot","url":"https:\/\/kalot.com.mx\/site\/","logo":{"@type":"ImageObject","inLanguage":"es","@id":"https:\/\/kalot.com.mx\/site\/#\/schema\/logo\/image\/","url":"https:\/\/i0.wp.com\/kalot.com.mx\/site\/wp-content\/uploads\/2020\/04\/Kalot-logo-sin-tagline.png?fit=1707%2C1014&ssl=1","contentUrl":"https:\/\/i0.wp.com\/kalot.com.mx\/site\/wp-content\/uploads\/2020\/04\/Kalot-logo-sin-tagline.png?fit=1707%2C1014&ssl=1","width":1707,"height":1014,"caption":"Kalot"},"image":{"@id":"https:\/\/kalot.com.mx\/site\/#\/schema\/logo\/image\/"},"sameAs":["http:\/\/facebook.com\/mxkalot","https:\/\/x.com\/kalotmx","http:\/\/instagram.com\/kalotmx","http:\/\/pinterest.com\/jorgeerana\/kalot"]},{"@type":"Person","@id":"https:\/\/kalot.com.mx\/site\/#\/schema\/person\/c92e0faf7c6131124c9e7afdaaf4c22c","name":"Rudy Marin","image":{"@type":"ImageObject","inLanguage":"es","@id":"https:\/\/secure.gravatar.com\/avatar\/9d602f834cae9211ebf2bb652f47ee964d637614b9e543cda340daea773bb3d5?s=96&d=mm&r=g","url":"https:\/\/secure.gravatar.com\/avatar\/9d602f834cae9211ebf2bb652f47ee964d637614b9e543cda340daea773bb3d5?s=96&d=mm&r=g","contentUrl":"https:\/\/secure.gravatar.com\/avatar\/9d602f834cae9211ebf2bb652f47ee964d637614b9e543cda340daea773bb3d5?s=96&d=mm&r=g","caption":"Rudy Marin"},"description":"Mercad\u00f3logo. Emprendedor por Internet. Amante de la Nutella.","url":"https:\/\/kalot.com.mx\/site\/author\/rudymarin\/"}]}},"jetpack_publicize_connections":[],"jetpack_featured_media_url":"https:\/\/i0.wp.com\/kalot.com.mx\/site\/wp-content\/uploads\/2013\/09\/20130923-153656.jpg?fit=400%2C300&ssl=1","jetpack_shortlink":"https:\/\/wp.me\/p6IHEI-CF","jetpack-related-posts":[{"id":11338,"url":"https:\/\/kalot.com.mx\/site\/2014\/02\/09\/de-estudiante-empleado-y-de-empleado-emprendedor\/","url_meta":{"origin":2397,"position":0},"title":"De estudiante a empleado, y de empleado a emprendedor.","author":"Rudy Marin","date":"9 febrero, 2014","format":false,"excerpt":"Desde muy peque\u00f1os solemos empezar a formar nuestras propias concepciones de la vida, y a partir de ellos, es com\u00fan que vayamos formando nuestros sue\u00f1os. Por ejemplo, es muy com\u00fan que teniendo 5 a\u00f1os de vida querr\u00e1mos ser un doctor o un bombero, o cualquier otra profesi\u00f3n. Conforme vamos avanzando\u2026","rel":"","context":"Con 3 comentarios","block_context":{"text":"Con 3 comentarios","link":"https:\/\/kalot.com.mx\/site\/2014\/02\/09\/de-estudiante-empleado-y-de-empleado-emprendedor\/#comments"},"img":{"alt_text":"","src":"https:\/\/i0.wp.com\/kalot.com.mx\/site\/wp-content\/uploads\/2014\/02\/estudiante-emprendedor-kalot.jpg?fit=470%2C352&ssl=1&resize=350%2C200","width":350,"height":200},"classes":[]},{"id":1519,"url":"https:\/\/kalot.com.mx\/site\/2013\/09\/12\/puntos-importantes-tomar-en-cuenta-al-momento-de-emprender\/","url_meta":{"origin":2397,"position":1},"title":"Puntos importantes a tomar en cuenta al momento de #Emprender","author":"Nancy Huerta","date":"12 septiembre, 2013","format":false,"excerpt":"\u00a1Hola otra vez Kalochos y Kalochas! Pues bueno, comencemos, como ya todos sabemos y porque \u00faltimamente se ha tocado mucho el tema emprender es una opci\u00f3n muy atractiva, sobre todo para aquellos j\u00f3venes que est\u00e1n muy pr\u00f3ximos a graduarse, para esto es bueno tomar en cuenta algunos puntos, pero antes\u2026","rel":"","context":"Con 1 comentario","block_context":{"text":"Con 1 comentario","link":"https:\/\/kalot.com.mx\/site\/2013\/09\/12\/puntos-importantes-tomar-en-cuenta-al-momento-de-emprender\/#comments"},"img":{"alt_text":"","src":"https:\/\/i0.wp.com\/www.luisalfonsogomez.com\/wp-content\/uploads\/emprendedor.png?resize=350%2C200","width":350,"height":200},"classes":[]},{"id":16329,"url":"https:\/\/kalot.com.mx\/site\/2014\/05\/22\/emprender-por-internet-tercera-llamada\/","url_meta":{"origin":2397,"position":2},"title":"Emprender por Internet, \u00a1Tercera llamada!","author":"Rudy Marin","date":"22 mayo, 2014","format":false,"excerpt":"Todos tenemos o hemos tenido una idea en la cabeza que creemos que va a cambiar el mundo, y d\u00e9jame decirte que eso solo depende de ti. Hoy en d\u00eda vivimos una etapa de la historia inquietante, hoy m\u00e1s que nunca tener tu propio negocio no suele ser una idea\u2026","rel":"","context":"Entrada similar ","block_context":{"text":"Entrada similar ","link":""},"img":{"alt_text":"","src":"https:\/\/i0.wp.com\/kalot.com.mx\/site\/wp-content\/uploads\/2014\/05\/ecommerce.png?fit=768%2C450&ssl=1&resize=350%2C200","width":350,"height":200,"srcset":"https:\/\/i0.wp.com\/kalot.com.mx\/site\/wp-content\/uploads\/2014\/05\/ecommerce.png?fit=768%2C450&ssl=1&resize=350%2C200 1x, https:\/\/i0.wp.com\/kalot.com.mx\/site\/wp-content\/uploads\/2014\/05\/ecommerce.png?fit=768%2C450&ssl=1&resize=525%2C300 1.5x, https:\/\/i0.wp.com\/kalot.com.mx\/site\/wp-content\/uploads\/2014\/05\/ecommerce.png?fit=768%2C450&ssl=1&resize=700%2C400 2x"},"classes":[]},{"id":3023,"url":"https:\/\/kalot.com.mx\/site\/2013\/10\/03\/si-tu-negocio-quieres-empezar-con-un-arbol-lo-debes-de-comparar\/","url_meta":{"origin":2397,"position":3},"title":"Si tu negocio quieres empezar, con un \u00e1rbol lo debes de comparar","author":"Saul Alonso","date":"3 octubre, 2013","format":false,"excerpt":"\u00bfQui\u00e9n no ha pensado en emprender un proyecto, sea de negocios, o bien publicitario o de cualquier otra \u00edndole? Considero que muchos (por no atreverme a decir todos), pero en la mayor\u00eda de las ocasiones, solo pensamos en dos vertientes: El inter\u00e9s o la necesidad a cubrir dentro de mi\u2026","rel":"","context":"Entrada similar ","block_context":{"text":"Entrada similar ","link":""},"img":{"alt_text":"","src":"https:\/\/i0.wp.com\/kalot.com.mx\/site\/wp-content\/uploads\/2013\/10\/arbol.gif?fit=635%2C639&ssl=1&resize=350%2C200","width":350,"height":200,"srcset":"https:\/\/i0.wp.com\/kalot.com.mx\/site\/wp-content\/uploads\/2013\/10\/arbol.gif?fit=635%2C639&ssl=1&resize=350%2C200 1x, https:\/\/i0.wp.com\/kalot.com.mx\/site\/wp-content\/uploads\/2013\/10\/arbol.gif?fit=635%2C639&ssl=1&resize=525%2C300 1.5x"},"classes":[]},{"id":6549,"url":"https:\/\/kalot.com.mx\/site\/2013\/11\/16\/emprender-en-mexico-que-hacer-y-que\/","url_meta":{"origin":2397,"position":4},"title":"Emprender en M\u00e9xico: qu\u00e9 hacer y qu\u00e9 no.","author":"Rudy Marin","date":"16 noviembre, 2013","format":false,"excerpt":"De acuerdo a la publicaci\u00f3n \u201cPlaneaci\u00f3n estrat\u00e9gica de Mercado como una fuente de ventajas competitivas en la creaci\u00f3n de Peque\u00f1as y Medianas Empresas: El caso mexicano\u201d realizada por el Dr. Rafael Rostro Contreras y el Dr. Wieslaw M. Grudzewski[1](2012) el 50% de las PYME\u2019s en M\u00e9xico fracasan en su primer\u2026","rel":"","context":"Entrada similar ","block_context":{"text":"Entrada similar ","link":""},"img":{"alt_text":"","src":"https:\/\/i0.wp.com\/kalot.com.mx\/site\/wp-content\/uploads\/2013\/11\/emprender-kalot.jpg?fit=680%2C400&ssl=1&resize=350%2C200","width":350,"height":200,"srcset":"https:\/\/i0.wp.com\/kalot.com.mx\/site\/wp-content\/uploads\/2013\/11\/emprender-kalot.jpg?fit=680%2C400&ssl=1&resize=350%2C200 1x, https:\/\/i0.wp.com\/kalot.com.mx\/site\/wp-content\/uploads\/2013\/11\/emprender-kalot.jpg?fit=680%2C400&ssl=1&resize=525%2C300 1.5x"},"classes":[]},{"id":9783,"url":"https:\/\/kalot.com.mx\/site\/2014\/01\/19\/6-errores-que-cometi-al-exponer-frente-al-dueno-de-la-empresa\/","url_meta":{"origin":2397,"position":5},"title":"6 Errores que comet\u00ed al exponer frente al due\u00f1o de la empresa.","author":"Omar Arroyo","date":"19 enero, 2014","format":false,"excerpt":"Existe un momento en la vida de tu carrera profesional en la que tendr\u00e1s que exponer tu trabajo, un proyecto o una idea al due\u00f1o de la empresa. Y eso es precisamente lo que me sucedi\u00f3 esta semana y me gustar\u00eda compartirles mi experiencia para que ustedes, lectores, no tengan\u2026","rel":"","context":"Entrada similar ","block_context":{"text":"Entrada similar ","link":""},"img":{"alt_text":"","src":"https:\/\/i0.wp.com\/kalot.com.mx\/site\/wp-content\/uploads\/2014\/01\/presentacion_de_un_proyecto_empresarial.jpeg?fit=655%2C399&ssl=1&resize=350%2C200","width":350,"height":200,"srcset":"https:\/\/i0.wp.com\/kalot.com.mx\/site\/wp-content\/uploads\/2014\/01\/presentacion_de_un_proyecto_empresarial.jpeg?fit=655%2C399&ssl=1&resize=350%2C200 1x, https:\/\/i0.wp.com\/kalot.com.mx\/site\/wp-content\/uploads\/2014\/01\/presentacion_de_un_proyecto_empresarial.jpeg?fit=655%2C399&ssl=1&resize=525%2C300 1.5x"},"classes":[]}],"jetpack_sharing_enabled":true,"_links":{"self":[{"href":"https:\/\/kalot.com.mx\/site\/wp-json\/wp\/v2\/posts\/2397","targetHints":{"allow":["GET"]}}],"collection":[{"href":"https:\/\/kalot.com.mx\/site\/wp-json\/wp\/v2\/posts"}],"about":[{"href":"https:\/\/kalot.com.mx\/site\/wp-json\/wp\/v2\/types\/post"}],"author":[{"embeddable":true,"href":"https:\/\/kalot.com.mx\/site\/wp-json\/wp\/v2\/users\/8"}],"replies":[{"embeddable":true,"href":"https:\/\/kalot.com.mx\/site\/wp-json\/wp\/v2\/comments?post=2397"}],"version-history":[{"count":0,"href":"https:\/\/kalot.com.mx\/site\/wp-json\/wp\/v2\/posts\/2397\/revisions"}],"wp:featuredmedia":[{"embeddable":true,"href":"https:\/\/kalot.com.mx\/site\/wp-json\/wp\/v2\/media\/2230"}],"wp:attachment":[{"href":"https:\/\/kalot.com.mx\/site\/wp-json\/wp\/v2\/media?parent=2397"}],"wp:term":[{"taxonomy":"category","embeddable":true,"href":"https:\/\/kalot.com.mx\/site\/wp-json\/wp\/v2\/categories?post=2397"},{"taxonomy":"post_tag","embeddable":true,"href":"https:\/\/kalot.com.mx\/site\/wp-json\/wp\/v2\/tags?post=2397"}],"curies":[{"name":"wp","href":"https:\/\/api.w.org\/{rel}","templated":true}]}}