{"id":23796,"date":"2015-10-06T21:17:30","date_gmt":"2015-10-07T03:17:30","guid":{"rendered":"http:\/\/kalot.com.mx\/site\/?p=23796"},"modified":"2015-10-06T21:17:30","modified_gmt":"2015-10-07T03:17:30","slug":"la-paciencia-principal-habilidad-en-la-era-de-la-inmediatez","status":"publish","type":"post","link":"https:\/\/kalot.com.mx\/site\/2015\/10\/06\/la-paciencia-principal-habilidad-en-la-era-de-la-inmediatez\/","title":{"rendered":"La paciencia, principal habilidad en la era de la inmediatez."},"content":{"rendered":"<p style=\"text-align: justify\">Chiquillos y chiquillas, bienvenidos a esta nueva entrada. Hace no mucho me dijeron que deb\u00eda ser paciente, la verdad es que me provoca ansiedad jajaja, porque por todos lados hay presi\u00f3n, social, familiar, la que m\u00e1s afecta es la que uno mismo se inflige, entonces pienso que en el mundo tan acelerado que nos rodea, la paciencia se ha vuelto <span style=\"color: #0000ff\">la habilidad virtuosa<\/span>.<\/p>\n<p style=\"text-align: justify\"><a href=\"https:\/\/i0.wp.com\/kalot.com.mx\/site\/wp-content\/uploads\/2015\/10\/inmediatez3.jpg\"><img data-recalc-dims=\"1\" fetchpriority=\"high\" decoding=\"async\" data-attachment-id=\"23798\" data-permalink=\"https:\/\/kalot.com.mx\/site\/2015\/10\/06\/la-paciencia-principal-habilidad-en-la-era-de-la-inmediatez\/inmediatez3\/\" data-orig-file=\"https:\/\/i0.wp.com\/kalot.com.mx\/site\/wp-content\/uploads\/2015\/10\/inmediatez3.jpg?fit=500%2C320&amp;ssl=1\" data-orig-size=\"500,320\" data-comments-opened=\"1\" data-image-meta=\"{&quot;aperture&quot;:&quot;0&quot;,&quot;credit&quot;:&quot;&quot;,&quot;camera&quot;:&quot;&quot;,&quot;caption&quot;:&quot;&quot;,&quot;created_timestamp&quot;:&quot;0&quot;,&quot;copyright&quot;:&quot;&quot;,&quot;focal_length&quot;:&quot;0&quot;,&quot;iso&quot;:&quot;0&quot;,&quot;shutter_speed&quot;:&quot;0&quot;,&quot;title&quot;:&quot;&quot;,&quot;orientation&quot;:&quot;0&quot;}\" data-image-title=\"inmediatez3\" data-image-description=\"\" data-image-caption=\"\" data-large-file=\"https:\/\/i0.wp.com\/kalot.com.mx\/site\/wp-content\/uploads\/2015\/10\/inmediatez3.jpg?fit=500%2C320&amp;ssl=1\" class=\"aligncenter size-medium wp-image-23798\" src=\"https:\/\/i0.wp.com\/kalot.com.mx\/site\/wp-content\/uploads\/2015\/10\/inmediatez3-300x192.jpg?resize=300%2C192\" alt=\"inmediatez3\" width=\"300\" height=\"192\" srcset=\"https:\/\/i0.wp.com\/kalot.com.mx\/site\/wp-content\/uploads\/2015\/10\/inmediatez3.jpg?resize=300%2C192&amp;ssl=1 300w, https:\/\/i0.wp.com\/kalot.com.mx\/site\/wp-content\/uploads\/2015\/10\/inmediatez3.jpg?w=500&amp;ssl=1 500w\" sizes=\"(max-width: 300px) 100vw, 300px\" \/><\/a><\/p>\n<p style=\"text-align: justify\">Los de m\u00ed camada recordar\u00e1n que algunos a\u00f1os atr\u00e1s, cuando el ordenador tardaba en encender, y la conexi\u00f3n al internet tardaba algunos minutos en completarse, mientras escuch\u00e1bamos los soniditos, sab\u00edamos que hab\u00eda que esperar pacientemente a que todo funcionara, no le peg\u00e1bamos, no la maldec\u00edamos, s\u00f3lo aguard\u00e1bamos a que sucediera el milagro de la tecnolog\u00eda.<\/p>\n<p>Ahora, al tocar los botones y no hay reacci\u00f3n inmediata, o nuestros miles de aparatos tecnol\u00f3gicos no prenden r\u00e1pido, o el tel\u00e9fono, tablet o computadora se queda &#8220;pensando&#8221; segundos de m\u00e1s, uno se quiere volver chango, <em>porque tarda tanto<\/em> y nosotros, aunque no tengamos prisa, queremos que encienda <span style=\"color: #0000ff\">YA<\/span>, s\u00f3lo porque s\u00ed.<\/p>\n<p>Los ni\u00f1os que aprenden a jugar con una tablet antes de aprender a hablar y que a todo le quieren pasar el dedo y que reaccione de inmediato.\u00a0Esos ni\u00f1os que apenas tienen hambre y los padres los llenan de bocados o quieren algo y si no se los das <span style=\"color: #0000ff\"><strong>YA<\/strong><\/span> empiezan con los berrinches monumentales; esas criaturitas que hoy se tiran al suelo porque los pap\u00e1s no los obedecen en el momento, se convertir\u00e1n en j\u00f3venes con poca tolerancia a la frustraci\u00f3n.<\/p>\n<p>Y que tal los celulares, no has utilizado lo suficiente tu &#8220;smartphone&#8221; pero ya est\u00e1s esperando la nueva versi\u00f3n. Y que tal las malditas palomitas del whatsapp, &#8220;ya le llego&#8230; Ya lo ley\u00f3&#8230; \u00a1Por qu\u00e9 no contesta, YA!&#8221;.<\/p>\n<p><strong>La inmediatez, la urgencia, todo es para hoy, para YA<\/strong>; no damos tiempo a las reacciones; laboralmente, si el jefe no ve un resultado inmediato no funciona y hay que cambiar. Si est\u00e1s en alguna actividad f\u00edsica y nos ves cambios, casi al otro d\u00eda de haber empezado, quieres renunciar.\u00a0Vivimos en el desasosiego, no estamos conformes, queremos que todo suceda al tronar los dedos, la perseverancia va quedando atr\u00e1s.<\/p>\n<p style=\"text-align: justify\"><a href=\"https:\/\/i0.wp.com\/kalot.com.mx\/site\/wp-content\/uploads\/2015\/10\/inmediatez2.jpg\"><img data-recalc-dims=\"1\" decoding=\"async\" data-attachment-id=\"23797\" data-permalink=\"https:\/\/kalot.com.mx\/site\/2015\/10\/06\/la-paciencia-principal-habilidad-en-la-era-de-la-inmediatez\/inmediatez2\/\" data-orig-file=\"https:\/\/i0.wp.com\/kalot.com.mx\/site\/wp-content\/uploads\/2015\/10\/inmediatez2.jpg?fit=500%2C352&amp;ssl=1\" data-orig-size=\"500,352\" data-comments-opened=\"1\" data-image-meta=\"{&quot;aperture&quot;:&quot;0&quot;,&quot;credit&quot;:&quot;&quot;,&quot;camera&quot;:&quot;&quot;,&quot;caption&quot;:&quot;&quot;,&quot;created_timestamp&quot;:&quot;0&quot;,&quot;copyright&quot;:&quot;&quot;,&quot;focal_length&quot;:&quot;0&quot;,&quot;iso&quot;:&quot;0&quot;,&quot;shutter_speed&quot;:&quot;0&quot;,&quot;title&quot;:&quot;&quot;,&quot;orientation&quot;:&quot;1&quot;}\" data-image-title=\"in,mediatez2\" data-image-description=\"\" data-image-caption=\"\" data-large-file=\"https:\/\/i0.wp.com\/kalot.com.mx\/site\/wp-content\/uploads\/2015\/10\/inmediatez2.jpg?fit=500%2C352&amp;ssl=1\" class=\"aligncenter size-medium wp-image-23797\" src=\"https:\/\/i0.wp.com\/kalot.com.mx\/site\/wp-content\/uploads\/2015\/10\/inmediatez2-300x211.jpg?resize=300%2C211\" alt=\"in,mediatez2\" width=\"300\" height=\"211\" srcset=\"https:\/\/i0.wp.com\/kalot.com.mx\/site\/wp-content\/uploads\/2015\/10\/inmediatez2.jpg?resize=300%2C211&amp;ssl=1 300w, https:\/\/i0.wp.com\/kalot.com.mx\/site\/wp-content\/uploads\/2015\/10\/inmediatez2.jpg?w=500&amp;ssl=1 500w\" sizes=\"(max-width: 300px) 100vw, 300px\" \/><\/a><\/p>\n<p>No se les hace que ahora el tiempo es una forma de control del consumismo, la navidad se anuncia casi a mediados de a\u00f1o, mientras las otras tradiciones pasan en un abrir y cerrar de ojos.\u00a0El marketing que desea respuestas inmediatas, el uso de las redes sociales ha exacerbado la necesidad de las empresas por saber si han funcionado o que cambios se deben hacer y hacerlos YA, tiempo es dinero dicen los marqueteros, el tiempo es parte del capital.<\/p>\n<p>El soci\u00f3logo franc\u00e9s Gilles Lipovetsky afirma que nos valemos de lo ef\u00edmero, de las modas; las nuevas generaciones son m\u00e1s desarraigadas incluso de ideolog\u00edas, de ah\u00ed que cada d\u00eda aparezcan nuevas tribus urbanas, y as\u00ed como aparecen ya le espera una nueva detr\u00e1s.<\/p>\n<p style=\"text-align: justify\">La velocidad a la que vivimos reduce nuestro tiempo de vida activa, no porque seamos viejos e incapaces, sino porque se le da menos valor a la experiencia, aunque nos refugiamos en cultivar el interior, sin embargo, no deja de provocar incertidumbre el paso del tiempo.\u00a0Esta acelerada vida nos da placer ef\u00edmero y es causante de angustia. No es el tiempo que pasa m\u00e1s\u00a0 r\u00e1pido, es nuestra urgencia por vivir, nuestra ansiedad por el futuro.<\/p>\n<p style=\"text-align: justify\">A\u00fan as\u00ed se alargan las horas de trabajo, se acortan las de ocio, y esas horas nos preocupamos por hacer actividades de valor (de tiempo no de disfrute, es decir, para no perder el tiempo).<\/p>\n<p style=\"text-align: justify\">\nPor eso los ni\u00f1os &#8220;de ahora&#8221; si quieren algo, lo quieren ya. Y, nosostros, por cubrir la urgencia no les hacemos ver que todo lleva tiempo, que debe haber paciencia. As\u00ed al llegar a su vida adulta no se descepcionar\u00e1n porque las cosas no pasan cuando ellos las desean, que definitivamente, la vida no es una tablet de \u00faltima generaci\u00f3n a la que se le dicta que se quiere y de inmediato aparece.<\/p>\n<p>Y nosotros los adultos (gui\u00f3n j\u00f3venes jeje) deber\u00edamos ser m\u00e1s pacientes para desacelerarnos, para disfrutar los logros y no s\u00f3lo querer m\u00e1s y m\u00e1s. Para saber que las cosas llegan en su justo momento y que si no tenemos las mil actividades que otros presumen en sus redes sociales, las que tenemos las podamos gozar, que ser lo que somos nos satisfaga y no vivamos ef\u00edmeramente.<\/p>\n<p><span style=\"color: #ff00ff\">Brenda A.<\/span><\/p>\n","protected":false},"excerpt":{"rendered":"Chiquillos y chiquillas, bienvenidos a esta nueva entrada. Hace no mucho me dijeron que deb\u00eda ser paciente, la&hellip;\n","protected":false},"author":135,"featured_media":23799,"comment_status":"open","ping_status":"open","sticky":false,"template":"","format":"standard","meta":{"jetpack_post_was_ever_published":false,"_jetpack_newsletter_access":"","_jetpack_dont_email_post_to_subs":false,"_jetpack_newsletter_tier_id":0,"_jetpack_memberships_contains_paywalled_content":false,"_jetpack_memberships_contains_paid_content":false,"footnotes":"","jetpack_publicize_message":"","jetpack_publicize_feature_enabled":true,"jetpack_social_post_already_shared":true,"jetpack_social_options":{"image_generator_settings":{"template":"highway","default_image_id":0,"font":"","enabled":false},"version":2}},"categories":[1],"tags":[141,142],"class_list":{"0":"post-23796","1":"post","2":"type-post","3":"status-publish","4":"format-standard","5":"has-post-thumbnail","7":"category-sin-categoria","8":"tag-inmediatez","9":"tag-paciencia","10":"cs-entry","11":"cs-video-wrap"},"yoast_head":"<!-- This site is optimized with the Yoast SEO plugin v27.4 - https:\/\/yoast.com\/product\/yoast-seo-wordpress\/ -->\n<title>La paciencia, principal habilidad en la era de la inmediatez. - Kalot<\/title>\n<meta name=\"description\" content=\"Chiquillos y chiquillas, bienvenidos a esta nueva entrada. Hace no mucho me dijeron que deb\u00eda ser paciente, la verdad es que me provoca ansiedad jajaja,\" \/>\n<meta name=\"robots\" content=\"index, follow, max-snippet:-1, max-image-preview:large, max-video-preview:-1\" \/>\n<link rel=\"canonical\" href=\"https:\/\/kalot.com.mx\/site\/2015\/10\/06\/la-paciencia-principal-habilidad-en-la-era-de-la-inmediatez\/\" \/>\n<meta property=\"og:locale\" content=\"es_MX\" \/>\n<meta property=\"og:type\" content=\"article\" \/>\n<meta property=\"og:title\" content=\"La paciencia, principal habilidad en la era de la inmediatez. - Kalot\" \/>\n<meta property=\"og:description\" content=\"Chiquillos y chiquillas, bienvenidos a esta nueva entrada. Hace no mucho me dijeron que deb\u00eda ser paciente, la verdad es que me provoca ansiedad jajaja,\" \/>\n<meta property=\"og:url\" content=\"https:\/\/kalot.com.mx\/site\/2015\/10\/06\/la-paciencia-principal-habilidad-en-la-era-de-la-inmediatez\/\" \/>\n<meta property=\"og:site_name\" content=\"Kalot\" \/>\n<meta property=\"article:publisher\" content=\"http:\/\/facebook.com\/mxkalot\" \/>\n<meta property=\"article:published_time\" content=\"2015-10-07T03:17:30+00:00\" \/>\n<meta property=\"og:image\" content=\"https:\/\/i0.wp.com\/kalot.com.mx\/site\/wp-content\/uploads\/2015\/10\/inmediatez.jpg?fit=225%2C224&ssl=1\" \/>\n\t<meta property=\"og:image:width\" content=\"225\" \/>\n\t<meta property=\"og:image:height\" content=\"224\" \/>\n\t<meta property=\"og:image:type\" content=\"image\/jpeg\" \/>\n<meta name=\"author\" content=\"Brenda A\" \/>\n<meta name=\"twitter:card\" content=\"summary_large_image\" \/>\n<meta name=\"twitter:creator\" content=\"@kalotmx\" \/>\n<meta name=\"twitter:site\" content=\"@kalotmx\" \/>\n<meta name=\"twitter:label1\" content=\"Escrito por\" \/>\n\t<meta name=\"twitter:data1\" content=\"Brenda A\" \/>\n\t<meta name=\"twitter:label2\" content=\"Tiempo de lectura\" \/>\n\t<meta name=\"twitter:data2\" content=\"4 minutos\" \/>\n<!-- \/ Yoast SEO plugin. -->","yoast_head_json":{"title":"La paciencia, principal habilidad en la era de la inmediatez. - Kalot","description":"Chiquillos y chiquillas, bienvenidos a esta nueva entrada. Hace no mucho me dijeron que deb\u00eda ser paciente, la verdad es que me provoca ansiedad jajaja,","robots":{"index":"index","follow":"follow","max-snippet":"max-snippet:-1","max-image-preview":"max-image-preview:large","max-video-preview":"max-video-preview:-1"},"canonical":"https:\/\/kalot.com.mx\/site\/2015\/10\/06\/la-paciencia-principal-habilidad-en-la-era-de-la-inmediatez\/","og_locale":"es_MX","og_type":"article","og_title":"La paciencia, principal habilidad en la era de la inmediatez. - Kalot","og_description":"Chiquillos y chiquillas, bienvenidos a esta nueva entrada. Hace no mucho me dijeron que deb\u00eda ser paciente, la verdad es que me provoca ansiedad jajaja,","og_url":"https:\/\/kalot.com.mx\/site\/2015\/10\/06\/la-paciencia-principal-habilidad-en-la-era-de-la-inmediatez\/","og_site_name":"Kalot","article_publisher":"http:\/\/facebook.com\/mxkalot","article_published_time":"2015-10-07T03:17:30+00:00","og_image":[{"width":225,"height":224,"url":"https:\/\/i0.wp.com\/kalot.com.mx\/site\/wp-content\/uploads\/2015\/10\/inmediatez.jpg?fit=225%2C224&ssl=1","type":"image\/jpeg"}],"author":"Brenda A","twitter_card":"summary_large_image","twitter_creator":"@kalotmx","twitter_site":"@kalotmx","twitter_misc":{"Escrito por":"Brenda A","Tiempo de lectura":"4 minutos"},"schema":{"@context":"https:\/\/schema.org","@graph":[{"@type":"Article","@id":"https:\/\/kalot.com.mx\/site\/2015\/10\/06\/la-paciencia-principal-habilidad-en-la-era-de-la-inmediatez\/#article","isPartOf":{"@id":"https:\/\/kalot.com.mx\/site\/2015\/10\/06\/la-paciencia-principal-habilidad-en-la-era-de-la-inmediatez\/"},"author":{"name":"Brenda A","@id":"https:\/\/kalot.com.mx\/site\/#\/schema\/person\/fcbbd4831be1e4183f2b194b2b7b48f7"},"headline":"La paciencia, principal habilidad en la era de la inmediatez.","datePublished":"2015-10-07T03:17:30+00:00","mainEntityOfPage":{"@id":"https:\/\/kalot.com.mx\/site\/2015\/10\/06\/la-paciencia-principal-habilidad-en-la-era-de-la-inmediatez\/"},"wordCount":803,"commentCount":0,"publisher":{"@id":"https:\/\/kalot.com.mx\/site\/#organization"},"image":{"@id":"https:\/\/kalot.com.mx\/site\/2015\/10\/06\/la-paciencia-principal-habilidad-en-la-era-de-la-inmediatez\/#primaryimage"},"thumbnailUrl":"https:\/\/i0.wp.com\/kalot.com.mx\/site\/wp-content\/uploads\/2015\/10\/inmediatez.jpg?fit=225%2C224&ssl=1","keywords":["inmediatez","paciencia"],"inLanguage":"es","potentialAction":[{"@type":"CommentAction","name":"Comment","target":["https:\/\/kalot.com.mx\/site\/2015\/10\/06\/la-paciencia-principal-habilidad-en-la-era-de-la-inmediatez\/#respond"]}]},{"@type":"WebPage","@id":"https:\/\/kalot.com.mx\/site\/2015\/10\/06\/la-paciencia-principal-habilidad-en-la-era-de-la-inmediatez\/","url":"https:\/\/kalot.com.mx\/site\/2015\/10\/06\/la-paciencia-principal-habilidad-en-la-era-de-la-inmediatez\/","name":"La paciencia, principal habilidad en la era de la inmediatez. - Kalot","isPartOf":{"@id":"https:\/\/kalot.com.mx\/site\/#website"},"primaryImageOfPage":{"@id":"https:\/\/kalot.com.mx\/site\/2015\/10\/06\/la-paciencia-principal-habilidad-en-la-era-de-la-inmediatez\/#primaryimage"},"image":{"@id":"https:\/\/kalot.com.mx\/site\/2015\/10\/06\/la-paciencia-principal-habilidad-en-la-era-de-la-inmediatez\/#primaryimage"},"thumbnailUrl":"https:\/\/i0.wp.com\/kalot.com.mx\/site\/wp-content\/uploads\/2015\/10\/inmediatez.jpg?fit=225%2C224&ssl=1","datePublished":"2015-10-07T03:17:30+00:00","description":"Chiquillos y chiquillas, bienvenidos a esta nueva entrada. Hace no mucho me dijeron que deb\u00eda ser paciente, la verdad es que me provoca ansiedad jajaja,","breadcrumb":{"@id":"https:\/\/kalot.com.mx\/site\/2015\/10\/06\/la-paciencia-principal-habilidad-en-la-era-de-la-inmediatez\/#breadcrumb"},"inLanguage":"es","potentialAction":[{"@type":"ReadAction","target":["https:\/\/kalot.com.mx\/site\/2015\/10\/06\/la-paciencia-principal-habilidad-en-la-era-de-la-inmediatez\/"]}]},{"@type":"ImageObject","inLanguage":"es","@id":"https:\/\/kalot.com.mx\/site\/2015\/10\/06\/la-paciencia-principal-habilidad-en-la-era-de-la-inmediatez\/#primaryimage","url":"https:\/\/i0.wp.com\/kalot.com.mx\/site\/wp-content\/uploads\/2015\/10\/inmediatez.jpg?fit=225%2C224&ssl=1","contentUrl":"https:\/\/i0.wp.com\/kalot.com.mx\/site\/wp-content\/uploads\/2015\/10\/inmediatez.jpg?fit=225%2C224&ssl=1","width":225,"height":224},{"@type":"BreadcrumbList","@id":"https:\/\/kalot.com.mx\/site\/2015\/10\/06\/la-paciencia-principal-habilidad-en-la-era-de-la-inmediatez\/#breadcrumb","itemListElement":[{"@type":"ListItem","position":1,"name":"Home","item":"https:\/\/kalot.com.mx\/site\/"},{"@type":"ListItem","position":2,"name":"La paciencia, principal habilidad en la era de la inmediatez."}]},{"@type":"WebSite","@id":"https:\/\/kalot.com.mx\/site\/#website","url":"https:\/\/kalot.com.mx\/site\/","name":"Kalot","description":"Conoce Todo Sobre Todo","publisher":{"@id":"https:\/\/kalot.com.mx\/site\/#organization"},"potentialAction":[{"@type":"SearchAction","target":{"@type":"EntryPoint","urlTemplate":"https:\/\/kalot.com.mx\/site\/?s={search_term_string}"},"query-input":{"@type":"PropertyValueSpecification","valueRequired":true,"valueName":"search_term_string"}}],"inLanguage":"es"},{"@type":"Organization","@id":"https:\/\/kalot.com.mx\/site\/#organization","name":"Kalot","url":"https:\/\/kalot.com.mx\/site\/","logo":{"@type":"ImageObject","inLanguage":"es","@id":"https:\/\/kalot.com.mx\/site\/#\/schema\/logo\/image\/","url":"https:\/\/i0.wp.com\/kalot.com.mx\/site\/wp-content\/uploads\/2020\/04\/Kalot-logo-sin-tagline.png?fit=1707%2C1014&ssl=1","contentUrl":"https:\/\/i0.wp.com\/kalot.com.mx\/site\/wp-content\/uploads\/2020\/04\/Kalot-logo-sin-tagline.png?fit=1707%2C1014&ssl=1","width":1707,"height":1014,"caption":"Kalot"},"image":{"@id":"https:\/\/kalot.com.mx\/site\/#\/schema\/logo\/image\/"},"sameAs":["http:\/\/facebook.com\/mxkalot","https:\/\/x.com\/kalotmx","http:\/\/instagram.com\/kalotmx","http:\/\/pinterest.com\/jorgeerana\/kalot"]},{"@type":"Person","@id":"https:\/\/kalot.com.mx\/site\/#\/schema\/person\/fcbbd4831be1e4183f2b194b2b7b48f7","name":"Brenda A","image":{"@type":"ImageObject","inLanguage":"es","@id":"https:\/\/secure.gravatar.com\/avatar\/3d5561524521638ceb53d1c5f080a2c3a30b0038aef192cfbdf248856f578979?s=96&d=mm&r=g","url":"https:\/\/secure.gravatar.com\/avatar\/3d5561524521638ceb53d1c5f080a2c3a30b0038aef192cfbdf248856f578979?s=96&d=mm&r=g","contentUrl":"https:\/\/secure.gravatar.com\/avatar\/3d5561524521638ceb53d1c5f080a2c3a30b0038aef192cfbdf248856f578979?s=96&d=mm&r=g","caption":"Brenda A"},"url":"https:\/\/kalot.com.mx\/site\/author\/mariana\/"}]}},"jetpack_publicize_connections":[],"jetpack_featured_media_url":"https:\/\/i0.wp.com\/kalot.com.mx\/site\/wp-content\/uploads\/2015\/10\/inmediatez.jpg?fit=225%2C224&ssl=1","jetpack_shortlink":"https:\/\/wp.me\/p6IHEI-6bO","jetpack-related-posts":[{"id":9780,"url":"https:\/\/kalot.com.mx\/site\/2014\/01\/19\/el-arte-de-rendirse\/","url_meta":{"origin":23796,"position":0},"title":"El arte de &#8220;No rendirse&#8221;","author":"Pepe M\u00e9ndez","date":"19 enero, 2014","format":false,"excerpt":"Dicen que en la vida, todo aquello que es dif\u00edcil es porque en verdad vale la pena, tambi\u00e9n dicen que el \u00e9xito es para todo aquel que a pesar de sufrir el fracaso jam\u00e1s de dio por vencido. Todos tenemos sue\u00f1os, metas y objetivos, pero lamentablemente, much\u00edsimas personas dejan estos\u2026","rel":"","context":"Entrada similar ","block_context":{"text":"Entrada similar ","link":""},"img":{"alt_text":"","src":"https:\/\/i0.wp.com\/kalot.com.mx\/site\/wp-content\/uploads\/2014\/01\/a7e50ca72ea6774fbe30404bb30bddc6.png?fit=500%2C400&ssl=1&resize=350%2C200","width":350,"height":200},"classes":[]},{"id":115,"url":"https:\/\/kalot.com.mx\/site\/2013\/09\/01\/google-art-project\/","url_meta":{"origin":23796,"position":1},"title":"Google Art Project","author":"Gabriel Esparza","date":"1 septiembre, 2013","format":false,"excerpt":"Visitar los museos de arte m\u00e1s importantes del mundo, como el Louvre en Par\u00eds \u00a0o el MoMA en Nueva York, no tiene precio. Bueno s\u00ed tiene, y est\u00e1 algo alto. Pero para todo lo dem\u00e1s, existe Google Art Project. Se trata de un proyecto de Google (duh) en el que\u2026","rel":"","context":"Entrada similar ","block_context":{"text":"Entrada similar ","link":""},"img":{"alt_text":"","src":"https:\/\/i0.wp.com\/kalot.com.mx\/site\/wp-content\/uploads\/2013\/08\/Art-Project-3.jpg?fit=1024%2C516&ssl=1&resize=350%2C200","width":350,"height":200,"srcset":"https:\/\/i0.wp.com\/kalot.com.mx\/site\/wp-content\/uploads\/2013\/08\/Art-Project-3.jpg?fit=1024%2C516&ssl=1&resize=350%2C200 1x, https:\/\/i0.wp.com\/kalot.com.mx\/site\/wp-content\/uploads\/2013\/08\/Art-Project-3.jpg?fit=1024%2C516&ssl=1&resize=525%2C300 1.5x, https:\/\/i0.wp.com\/kalot.com.mx\/site\/wp-content\/uploads\/2013\/08\/Art-Project-3.jpg?fit=1024%2C516&ssl=1&resize=700%2C400 2x"},"classes":[]},{"id":11993,"url":"https:\/\/kalot.com.mx\/site\/2014\/02\/18\/cuaron-abrams-believe\/","url_meta":{"origin":23796,"position":2},"title":"Alfonso Cuar\u00f3n y J.J. Abrams estrenan serie: &#8220;Believe&#8221;","author":"Jorge Era\u00f1a","date":"18 febrero, 2014","format":false,"excerpt":"Alfonso Cuar\u00f3n probablemente el mexicano m\u00e1s famoso en los \u00faltimos meses pero no solo por moda o por tendencia dentro del cine, sino por el arduo trabajo que lleva haciendo este Director de Cine nacido en el D.F. pues ya tiene una larga trayectoria como cineasta pero fue el 2013\u2026","rel":"","context":"Entrada similar ","block_context":{"text":"Entrada similar ","link":""},"img":{"alt_text":"","src":"https:\/\/i0.wp.com\/kalot.com.mx\/site\/wp-content\/uploads\/2014\/02\/believe-promo.jpg?fit=656%2C368&ssl=1&resize=350%2C200","width":350,"height":200,"srcset":"https:\/\/i0.wp.com\/kalot.com.mx\/site\/wp-content\/uploads\/2014\/02\/believe-promo.jpg?fit=656%2C368&ssl=1&resize=350%2C200 1x, https:\/\/i0.wp.com\/kalot.com.mx\/site\/wp-content\/uploads\/2014\/02\/believe-promo.jpg?fit=656%2C368&ssl=1&resize=525%2C300 1.5x"},"classes":[]},{"id":13486,"url":"https:\/\/kalot.com.mx\/site\/2014\/03\/15\/mascadas\/","url_meta":{"origin":23796,"position":3},"title":"25 maneras de usar una mascada!!","author":"Ceci Cuevas","date":"15 marzo, 2014","format":false,"excerpt":"por Ceci Cuevas Me encontr\u00e9 con este incre\u00edble video que aparte de que muestra de forma super creativa como usar mascadas de 25 formas diferentes, lo que mas me gust\u00f3 fue la producci\u00f3n e idea del video. No se cuanto se habr\u00e1 tardado en hacer este video pero que paciencia,\u2026","rel":"","context":"Entrada similar ","block_context":{"text":"Entrada similar ","link":""},"img":{"alt_text":"","src":"https:\/\/i0.wp.com\/kalot.com.mx\/site\/wp-content\/uploads\/2014\/03\/scarf.jpg?fit=1137%2C655&ssl=1&resize=350%2C200","width":350,"height":200,"srcset":"https:\/\/i0.wp.com\/kalot.com.mx\/site\/wp-content\/uploads\/2014\/03\/scarf.jpg?fit=1137%2C655&ssl=1&resize=350%2C200 1x, https:\/\/i0.wp.com\/kalot.com.mx\/site\/wp-content\/uploads\/2014\/03\/scarf.jpg?fit=1137%2C655&ssl=1&resize=525%2C300 1.5x, https:\/\/i0.wp.com\/kalot.com.mx\/site\/wp-content\/uploads\/2014\/03\/scarf.jpg?fit=1137%2C655&ssl=1&resize=700%2C400 2x, https:\/\/i0.wp.com\/kalot.com.mx\/site\/wp-content\/uploads\/2014\/03\/scarf.jpg?fit=1137%2C655&ssl=1&resize=1050%2C600 3x"},"classes":[]},{"id":4985,"url":"https:\/\/kalot.com.mx\/site\/2013\/10\/27\/review-avatar-la-leyenda-de-korra\/","url_meta":{"origin":23796,"position":4},"title":"Review: \u201cAVATAR: La leyenda de Korra\u201d","author":"Cristian Patl\u00e1n","date":"27 octubre, 2013","format":false,"excerpt":"Kaloch@s si al igual que yo cuando se acabo Avatar: La leyenda de Aang sintieron que su vida no ten\u00eda ning\u00fan prop\u00f3sito ya, puede que la alegr\u00eda regrese a sus corazones. Hablo de Avatar: La leyenda de Korra, secuela de la ya mencionada serie que actualmente se transmite el libro\u2026","rel":"","context":"En &quot;Sin categor\u00eda&quot;","block_context":{"text":"Sin categor\u00eda","link":"https:\/\/kalot.com.mx\/site\/category\/sin-categoria\/"},"img":{"alt_text":"","src":"https:\/\/i0.wp.com\/kalot.com.mx\/site\/wp-content\/uploads\/2013\/10\/wallpapers-de-la-leyenda-de-korra4.jpg?fit=500%2C375&ssl=1&resize=350%2C200","width":350,"height":200},"classes":[]},{"id":24447,"url":"https:\/\/kalot.com.mx\/site\/2015\/12\/05\/24447\/","url_meta":{"origin":23796,"position":5},"title":"Ya pueden ver el Roast de @Werevertumorro en Youtube","author":"Jorge Era\u00f1a","date":"5 diciembre, 2015","format":false,"excerpt":"\u00bfEl Roast de Werevertumorro\u00a0cumpli\u00f3 o no? \u00bfes justo compararlo con los Roasts de James Franco, Charlie Sheen o Justin Bieber? Por si a\u00fan no se hab\u00edan enterado, el pasado 1\u00b0 de Dic se llev\u00f3 a cabo de la mano de miT\u00fa\u00a0en el Auditorio Blackberry el Roast de Werevertumorrro que si\u2026","rel":"","context":"En &quot;Random Stuff&quot;","block_context":{"text":"Random Stuff","link":"https:\/\/kalot.com.mx\/site\/category\/random-stuff\/"},"img":{"alt_text":"","src":"https:\/\/i0.wp.com\/kalot.com.mx\/site\/wp-content\/uploads\/2015\/12\/Youtubers-4.jpg?fit=669%2C366&ssl=1&resize=350%2C200","width":350,"height":200,"srcset":"https:\/\/i0.wp.com\/kalot.com.mx\/site\/wp-content\/uploads\/2015\/12\/Youtubers-4.jpg?fit=669%2C366&ssl=1&resize=350%2C200 1x, https:\/\/i0.wp.com\/kalot.com.mx\/site\/wp-content\/uploads\/2015\/12\/Youtubers-4.jpg?fit=669%2C366&ssl=1&resize=525%2C300 1.5x"},"classes":[]}],"jetpack_sharing_enabled":true,"_links":{"self":[{"href":"https:\/\/kalot.com.mx\/site\/wp-json\/wp\/v2\/posts\/23796","targetHints":{"allow":["GET"]}}],"collection":[{"href":"https:\/\/kalot.com.mx\/site\/wp-json\/wp\/v2\/posts"}],"about":[{"href":"https:\/\/kalot.com.mx\/site\/wp-json\/wp\/v2\/types\/post"}],"author":[{"embeddable":true,"href":"https:\/\/kalot.com.mx\/site\/wp-json\/wp\/v2\/users\/135"}],"replies":[{"embeddable":true,"href":"https:\/\/kalot.com.mx\/site\/wp-json\/wp\/v2\/comments?post=23796"}],"version-history":[{"count":1,"href":"https:\/\/kalot.com.mx\/site\/wp-json\/wp\/v2\/posts\/23796\/revisions"}],"predecessor-version":[{"id":23800,"href":"https:\/\/kalot.com.mx\/site\/wp-json\/wp\/v2\/posts\/23796\/revisions\/23800"}],"wp:featuredmedia":[{"embeddable":true,"href":"https:\/\/kalot.com.mx\/site\/wp-json\/wp\/v2\/media\/23799"}],"wp:attachment":[{"href":"https:\/\/kalot.com.mx\/site\/wp-json\/wp\/v2\/media?parent=23796"}],"wp:term":[{"taxonomy":"category","embeddable":true,"href":"https:\/\/kalot.com.mx\/site\/wp-json\/wp\/v2\/categories?post=23796"},{"taxonomy":"post_tag","embeddable":true,"href":"https:\/\/kalot.com.mx\/site\/wp-json\/wp\/v2\/tags?post=23796"}],"curies":[{"name":"wp","href":"https:\/\/api.w.org\/{rel}","templated":true}]}}