{"id":23689,"date":"2015-09-29T09:28:58","date_gmt":"2015-09-29T15:28:58","guid":{"rendered":"http:\/\/kalot.com.mx\/site\/?p=23689"},"modified":"2015-09-29T09:28:58","modified_gmt":"2015-09-29T15:28:58","slug":"trailer-oficial-de-the-revenant","status":"publish","type":"post","link":"https:\/\/kalot.com.mx\/site\/2015\/09\/29\/trailer-oficial-de-the-revenant\/","title":{"rendered":"Tr\u00e1iler oficial de &#8220;The Revenant&#8221;"},"content":{"rendered":"<p style=\"text-align: justify;\">Todo listo para el estreno de <strong>\u201cThe Revenant\u201d<\/strong>, en M\u00e9xico la podremos ver el 25 de diciembre del 2015. \u00bfSer\u00e1 por fin esta producci\u00f3n la que le dar\u00e1 el Oscar a DiCaprio? yo creo que s\u00ed :).<\/p>\n<p style=\"text-align: justify;\">Aqu\u00ed el tr\u00e1iler oficial de The Revenant, \u00bfles gust\u00f3?<\/p>\n<p><span class=\"embed-youtube\" style=\"text-align:center; display: block;\"><iframe class=\"youtube-player\" width=\"1200\" height=\"675\" src=\"https:\/\/www.youtube.com\/embed\/LoebZZ8K5N0?version=3&rel=1&showsearch=0&showinfo=1&iv_load_policy=1&fs=1&hl=es-MX&autohide=2&wmode=transparent\" allowfullscreen=\"true\" style=\"border:0;\" sandbox=\"allow-scripts allow-same-origin allow-popups allow-presentation allow-popups-to-escape-sandbox\"><\/iframe><\/span><\/p>\n","protected":false},"excerpt":{"rendered":"Todo listo para el estreno de \u201cThe Revenant\u201d, en M\u00e9xico la podremos ver el 25 de diciembre del&hellip;\n","protected":false},"author":1,"featured_media":22335,"comment_status":"open","ping_status":"open","sticky":false,"template":"","format":"standard","meta":{"jetpack_post_was_ever_published":false,"_jetpack_newsletter_access":"","_jetpack_dont_email_post_to_subs":false,"_jetpack_newsletter_tier_id":0,"_jetpack_memberships_contains_paywalled_content":false,"_jetpack_memberships_contains_paid_content":false,"footnotes":"","jetpack_publicize_message":"","jetpack_publicize_feature_enabled":true,"jetpack_social_post_already_shared":true,"jetpack_social_options":{"image_generator_settings":{"template":"highway","default_image_id":0,"font":"","enabled":false},"version":2}},"categories":[9],"tags":[115,116],"class_list":{"0":"post-23689","1":"post","2":"type-post","3":"status-publish","4":"format-standard","5":"has-post-thumbnail","7":"category-cine","8":"tag-the-revenant","9":"tag-trailer","10":"cs-entry","11":"cs-video-wrap"},"yoast_head":"<!-- This site is optimized with the Yoast SEO plugin v27.5 - https:\/\/yoast.com\/product\/yoast-seo-wordpress\/ -->\n<title>Tr\u00e1iler oficial de &quot;The Revenant&quot; - Kalot<\/title>\n<meta name=\"description\" content=\"Tr\u00e1iler oficial de &quot;The Revenant&quot;, la nueva pel\u00edcula de I\u00f1\u00e1rritu y DiCaprio\" \/>\n<meta name=\"robots\" content=\"index, follow, max-snippet:-1, max-image-preview:large, max-video-preview:-1\" \/>\n<link rel=\"canonical\" href=\"https:\/\/kalot.com.mx\/site\/2015\/09\/29\/trailer-oficial-de-the-revenant\/\" \/>\n<meta property=\"og:locale\" content=\"es_MX\" \/>\n<meta property=\"og:type\" content=\"article\" \/>\n<meta property=\"og:title\" content=\"Tr\u00e1iler oficial de &quot;The Revenant&quot; - Kalot\" \/>\n<meta property=\"og:description\" content=\"Tr\u00e1iler oficial de &quot;The Revenant&quot;, la nueva pel\u00edcula de I\u00f1\u00e1rritu y DiCaprio\" \/>\n<meta property=\"og:url\" content=\"https:\/\/kalot.com.mx\/site\/2015\/09\/29\/trailer-oficial-de-the-revenant\/\" \/>\n<meta property=\"og:site_name\" content=\"Kalot\" \/>\n<meta property=\"article:publisher\" content=\"http:\/\/facebook.com\/mxkalot\" \/>\n<meta property=\"article:author\" content=\"http:\/\/www.facebook.com\/jorgeerana\" \/>\n<meta property=\"article:published_time\" content=\"2015-09-29T15:28:58+00:00\" \/>\n<meta property=\"og:image\" content=\"https:\/\/i1.wp.com\/kalot.com.mx\/site\/wp-content\/uploads\/2015\/07\/TheRevenant.jpg?fit=1920%2C1080&ssl=1\" \/>\n\t<meta property=\"og:image:width\" content=\"1920\" \/>\n\t<meta property=\"og:image:height\" content=\"1080\" \/>\n\t<meta property=\"og:image:type\" content=\"image\/jpeg\" \/>\n<meta name=\"author\" content=\"Jorge Era\u00f1a\" \/>\n<meta name=\"twitter:card\" content=\"summary_large_image\" \/>\n<meta name=\"twitter:creator\" content=\"@jorge_erana\" \/>\n<meta name=\"twitter:site\" content=\"@kalotmx\" \/>\n<meta name=\"twitter:label1\" content=\"Escrito por\" \/>\n\t<meta name=\"twitter:data1\" content=\"Jorge Era\u00f1a\" \/>\n<!-- \/ Yoast SEO plugin. -->","yoast_head_json":{"title":"Tr\u00e1iler oficial de \"The Revenant\" - Kalot","description":"Tr\u00e1iler oficial de \"The Revenant\", la nueva pel\u00edcula de I\u00f1\u00e1rritu y DiCaprio","robots":{"index":"index","follow":"follow","max-snippet":"max-snippet:-1","max-image-preview":"max-image-preview:large","max-video-preview":"max-video-preview:-1"},"canonical":"https:\/\/kalot.com.mx\/site\/2015\/09\/29\/trailer-oficial-de-the-revenant\/","og_locale":"es_MX","og_type":"article","og_title":"Tr\u00e1iler oficial de \"The Revenant\" - Kalot","og_description":"Tr\u00e1iler oficial de \"The Revenant\", la nueva pel\u00edcula de I\u00f1\u00e1rritu y DiCaprio","og_url":"https:\/\/kalot.com.mx\/site\/2015\/09\/29\/trailer-oficial-de-the-revenant\/","og_site_name":"Kalot","article_publisher":"http:\/\/facebook.com\/mxkalot","article_author":"http:\/\/www.facebook.com\/jorgeerana","article_published_time":"2015-09-29T15:28:58+00:00","og_image":[{"width":1920,"height":1080,"url":"https:\/\/i1.wp.com\/kalot.com.mx\/site\/wp-content\/uploads\/2015\/07\/TheRevenant.jpg?fit=1920%2C1080&ssl=1","type":"image\/jpeg"}],"author":"Jorge Era\u00f1a","twitter_card":"summary_large_image","twitter_creator":"@jorge_erana","twitter_site":"@kalotmx","twitter_misc":{"Escrito por":"Jorge Era\u00f1a"},"schema":{"@context":"https:\/\/schema.org","@graph":[{"@type":"Article","@id":"https:\/\/kalot.com.mx\/site\/2015\/09\/29\/trailer-oficial-de-the-revenant\/#article","isPartOf":{"@id":"https:\/\/kalot.com.mx\/site\/2015\/09\/29\/trailer-oficial-de-the-revenant\/"},"author":{"name":"Jorge Era\u00f1a","@id":"https:\/\/kalot.com.mx\/site\/#\/schema\/person\/439e32b5ce86d9bc80cf42ab58e1c6e0"},"headline":"Tr\u00e1iler oficial de &#8220;The Revenant&#8221;","datePublished":"2015-09-29T15:28:58+00:00","mainEntityOfPage":{"@id":"https:\/\/kalot.com.mx\/site\/2015\/09\/29\/trailer-oficial-de-the-revenant\/"},"wordCount":61,"commentCount":0,"publisher":{"@id":"https:\/\/kalot.com.mx\/site\/#organization"},"image":{"@id":"https:\/\/kalot.com.mx\/site\/2015\/09\/29\/trailer-oficial-de-the-revenant\/#primaryimage"},"thumbnailUrl":"https:\/\/i0.wp.com\/kalot.com.mx\/site\/wp-content\/uploads\/2015\/07\/TheRevenant.jpg?fit=1920%2C1080&ssl=1","keywords":["the revenant","trailer"],"articleSection":["Cine"],"inLanguage":"es","potentialAction":[{"@type":"CommentAction","name":"Comment","target":["https:\/\/kalot.com.mx\/site\/2015\/09\/29\/trailer-oficial-de-the-revenant\/#respond"]}]},{"@type":"WebPage","@id":"https:\/\/kalot.com.mx\/site\/2015\/09\/29\/trailer-oficial-de-the-revenant\/","url":"https:\/\/kalot.com.mx\/site\/2015\/09\/29\/trailer-oficial-de-the-revenant\/","name":"Tr\u00e1iler oficial de \"The Revenant\" - Kalot","isPartOf":{"@id":"https:\/\/kalot.com.mx\/site\/#website"},"primaryImageOfPage":{"@id":"https:\/\/kalot.com.mx\/site\/2015\/09\/29\/trailer-oficial-de-the-revenant\/#primaryimage"},"image":{"@id":"https:\/\/kalot.com.mx\/site\/2015\/09\/29\/trailer-oficial-de-the-revenant\/#primaryimage"},"thumbnailUrl":"https:\/\/i0.wp.com\/kalot.com.mx\/site\/wp-content\/uploads\/2015\/07\/TheRevenant.jpg?fit=1920%2C1080&ssl=1","datePublished":"2015-09-29T15:28:58+00:00","description":"Tr\u00e1iler oficial de \"The Revenant\", la nueva pel\u00edcula de I\u00f1\u00e1rritu y DiCaprio","breadcrumb":{"@id":"https:\/\/kalot.com.mx\/site\/2015\/09\/29\/trailer-oficial-de-the-revenant\/#breadcrumb"},"inLanguage":"es","potentialAction":[{"@type":"ReadAction","target":["https:\/\/kalot.com.mx\/site\/2015\/09\/29\/trailer-oficial-de-the-revenant\/"]}]},{"@type":"ImageObject","inLanguage":"es","@id":"https:\/\/kalot.com.mx\/site\/2015\/09\/29\/trailer-oficial-de-the-revenant\/#primaryimage","url":"https:\/\/i0.wp.com\/kalot.com.mx\/site\/wp-content\/uploads\/2015\/07\/TheRevenant.jpg?fit=1920%2C1080&ssl=1","contentUrl":"https:\/\/i0.wp.com\/kalot.com.mx\/site\/wp-content\/uploads\/2015\/07\/TheRevenant.jpg?fit=1920%2C1080&ssl=1","width":1920,"height":1080},{"@type":"BreadcrumbList","@id":"https:\/\/kalot.com.mx\/site\/2015\/09\/29\/trailer-oficial-de-the-revenant\/#breadcrumb","itemListElement":[{"@type":"ListItem","position":1,"name":"Home","item":"https:\/\/kalot.com.mx\/site\/"},{"@type":"ListItem","position":2,"name":"Tr\u00e1iler oficial de &#8220;The Revenant&#8221;"}]},{"@type":"WebSite","@id":"https:\/\/kalot.com.mx\/site\/#website","url":"https:\/\/kalot.com.mx\/site\/","name":"Kalot","description":"Conoce Todo Sobre Todo","publisher":{"@id":"https:\/\/kalot.com.mx\/site\/#organization"},"potentialAction":[{"@type":"SearchAction","target":{"@type":"EntryPoint","urlTemplate":"https:\/\/kalot.com.mx\/site\/?s={search_term_string}"},"query-input":{"@type":"PropertyValueSpecification","valueRequired":true,"valueName":"search_term_string"}}],"inLanguage":"es"},{"@type":"Organization","@id":"https:\/\/kalot.com.mx\/site\/#organization","name":"Kalot","url":"https:\/\/kalot.com.mx\/site\/","logo":{"@type":"ImageObject","inLanguage":"es","@id":"https:\/\/kalot.com.mx\/site\/#\/schema\/logo\/image\/","url":"https:\/\/i0.wp.com\/kalot.com.mx\/site\/wp-content\/uploads\/2020\/04\/Kalot-logo-sin-tagline.png?fit=1707%2C1014&ssl=1","contentUrl":"https:\/\/i0.wp.com\/kalot.com.mx\/site\/wp-content\/uploads\/2020\/04\/Kalot-logo-sin-tagline.png?fit=1707%2C1014&ssl=1","width":1707,"height":1014,"caption":"Kalot"},"image":{"@id":"https:\/\/kalot.com.mx\/site\/#\/schema\/logo\/image\/"},"sameAs":["http:\/\/facebook.com\/mxkalot","https:\/\/x.com\/kalotmx","http:\/\/instagram.com\/kalotmx","http:\/\/pinterest.com\/jorgeerana\/kalot"]},{"@type":"Person","@id":"https:\/\/kalot.com.mx\/site\/#\/schema\/person\/439e32b5ce86d9bc80cf42ab58e1c6e0","name":"Jorge Era\u00f1a","image":{"@type":"ImageObject","inLanguage":"es","@id":"https:\/\/secure.gravatar.com\/avatar\/212c04a1057d7abed0b82aaef6a7ff59168e10f70fcde39376c565ea83c43a85?s=96&d=mm&r=g","url":"https:\/\/secure.gravatar.com\/avatar\/212c04a1057d7abed0b82aaef6a7ff59168e10f70fcde39376c565ea83c43a85?s=96&d=mm&r=g","contentUrl":"https:\/\/secure.gravatar.com\/avatar\/212c04a1057d7abed0b82aaef6a7ff59168e10f70fcde39376c565ea83c43a85?s=96&d=mm&r=g","caption":"Jorge Era\u00f1a"},"description":"Fundador de @KalotMx Mercad\u00f3logo, amante de la tecnolog\u00eda, #Geekazo, #socialmedia, #MarketingDigital, tv-shows, movies y de la vida. Admin","sameAs":["http:\/\/www.kalot.com.mx","http:\/\/www.facebook.com\/jorgeerana","https:\/\/x.com\/jorge_erana"],"url":"https:\/\/kalot.com.mx\/site\/author\/admin\/"}]}},"jetpack_publicize_connections":[],"jetpack_featured_media_url":"https:\/\/i0.wp.com\/kalot.com.mx\/site\/wp-content\/uploads\/2015\/07\/TheRevenant.jpg?fit=1920%2C1080&ssl=1","jetpack_shortlink":"https:\/\/wp.me\/p6IHEI-6a5","jetpack-related-posts":[{"id":22333,"url":"https:\/\/kalot.com.mx\/site\/2015\/07\/17\/the-revenant-lo-nuevo-de-inarritu\/","url_meta":{"origin":23689,"position":0},"title":"The Revenant: Lo Nuevo de I\u00f1\u00e1rritu","author":"yash","date":"17 julio, 2015","format":false,"excerpt":"El multipremiado director mexicano\u00a0Alejandro Gonz\u00e1lez I\u00f1\u00e1rritu regresa con una nueva propuesta cinematogr\u00e1fica:\u00a0The Revenant, la cual ser\u00e1 protagonizada por\u00a0Leonardo DiCaprio y Tom Hardy. La pel\u00edcula estar\u00e1 basada en hechos reales y contar\u00e1 la historia de\u00a0Hugh Glass (DiCaprio), un cazador y explorador\u00a0estadounidense del siglo XIX,\u00a0que es atacado brutalmente por un oso y\u00a0termina\u2026","rel":"","context":"Entrada similar ","block_context":{"text":"Entrada similar ","link":""},"img":{"alt_text":"","src":"https:\/\/i0.wp.com\/kalot.com.mx\/site\/wp-content\/uploads\/2015\/07\/TheRevenant.jpg?fit=1200%2C675&ssl=1&resize=350%2C200","width":350,"height":200,"srcset":"https:\/\/i0.wp.com\/kalot.com.mx\/site\/wp-content\/uploads\/2015\/07\/TheRevenant.jpg?fit=1200%2C675&ssl=1&resize=350%2C200 1x, https:\/\/i0.wp.com\/kalot.com.mx\/site\/wp-content\/uploads\/2015\/07\/TheRevenant.jpg?fit=1200%2C675&ssl=1&resize=525%2C300 1.5x, https:\/\/i0.wp.com\/kalot.com.mx\/site\/wp-content\/uploads\/2015\/07\/TheRevenant.jpg?fit=1200%2C675&ssl=1&resize=700%2C400 2x, https:\/\/i0.wp.com\/kalot.com.mx\/site\/wp-content\/uploads\/2015\/07\/TheRevenant.jpg?fit=1200%2C675&ssl=1&resize=1050%2C600 3x"},"classes":[]},{"id":24559,"url":"https:\/\/kalot.com.mx\/site\/2015\/12\/15\/dicaprio-cae-al-vacio-en-el-nuevo-clip-de-the-revenant\/","url_meta":{"origin":23689,"position":1},"title":"DiCaprio cae al vac\u00edo en el nuevo clip de The Revenant","author":"yash","date":"15 diciembre, 2015","format":false,"excerpt":"Un nuevo clip de The Revenant, la pr\u00f3xima pel\u00edcula de Alejandro G. I\u00f1\u00e1rritu, \u00a0ha sido liberado y en \u00e9l podemos observar a Leonardo DiCaprio siendo despertado repentinamente para luego tener que huir para salvar su vida. El clip termina con DiCaprio cayendo por un acantilado sin saber qu\u00e9 pasar\u00e1 con\u2026","rel":"","context":"En &quot;Cine&quot;","block_context":{"text":"Cine","link":"https:\/\/kalot.com.mx\/site\/category\/cine\/"},"img":{"alt_text":"","src":"https:\/\/i0.wp.com\/kalot.com.mx\/site\/wp-content\/uploads\/2015\/12\/DiCaprio2.jpg?fit=1200%2C675&ssl=1&resize=350%2C200","width":350,"height":200,"srcset":"https:\/\/i0.wp.com\/kalot.com.mx\/site\/wp-content\/uploads\/2015\/12\/DiCaprio2.jpg?fit=1200%2C675&ssl=1&resize=350%2C200 1x, https:\/\/i0.wp.com\/kalot.com.mx\/site\/wp-content\/uploads\/2015\/12\/DiCaprio2.jpg?fit=1200%2C675&ssl=1&resize=525%2C300 1.5x, https:\/\/i0.wp.com\/kalot.com.mx\/site\/wp-content\/uploads\/2015\/12\/DiCaprio2.jpg?fit=1200%2C675&ssl=1&resize=700%2C400 2x, https:\/\/i0.wp.com\/kalot.com.mx\/site\/wp-content\/uploads\/2015\/12\/DiCaprio2.jpg?fit=1200%2C675&ssl=1&resize=1050%2C600 3x"},"classes":[]},{"id":24884,"url":"https:\/\/kalot.com.mx\/site\/2016\/02\/04\/24884\/","url_meta":{"origin":23689,"position":2},"title":"P\u00f3sters Honestos Para las Nominadas a los Premios \u00d3scar.","author":"Omar Herrera","date":"4 febrero, 2016","format":false,"excerpt":"El pr\u00f3ximo 28 de febrero ser\u00e1 la 88\u00b0 entrega de los Premios \u00d3scar, otorgados por la Academia de Ciencias y Artes Cinematogr\u00e1ficas a lo mejor del cine estadounidense en el 2015 y como cada a\u00f1o con un repertorio de contendientes bastante competitivo en cuanto a calidad se refiere. The Revenant,\u2026","rel":"","context":"En &quot;Cine&quot;","block_context":{"text":"Cine","link":"https:\/\/kalot.com.mx\/site\/category\/cine\/"},"img":{"alt_text":"","src":"https:\/\/i0.wp.com\/kalot.com.mx\/site\/wp-content\/uploads\/2016\/02\/3252.jpg?fit=1050%2C700&ssl=1&resize=350%2C200","width":350,"height":200,"srcset":"https:\/\/i0.wp.com\/kalot.com.mx\/site\/wp-content\/uploads\/2016\/02\/3252.jpg?fit=1050%2C700&ssl=1&resize=350%2C200 1x, https:\/\/i0.wp.com\/kalot.com.mx\/site\/wp-content\/uploads\/2016\/02\/3252.jpg?fit=1050%2C700&ssl=1&resize=525%2C300 1.5x, https:\/\/i0.wp.com\/kalot.com.mx\/site\/wp-content\/uploads\/2016\/02\/3252.jpg?fit=1050%2C700&ssl=1&resize=700%2C400 2x, https:\/\/i0.wp.com\/kalot.com.mx\/site\/wp-content\/uploads\/2016\/02\/3252.jpg?fit=1050%2C700&ssl=1&resize=1050%2C600 3x"},"classes":[]},{"id":24809,"url":"https:\/\/kalot.com.mx\/site\/2016\/01\/22\/laresena-revenant-el-renacido\/","url_meta":{"origin":23689,"position":3},"title":"#LaRese\u00f1a: Revenant: El Renacido","author":"yash","date":"22 enero, 2016","format":false,"excerpt":"El Renacido es una incre\u00edble obra de arte. Una pel\u00edcula que, visualmente, no tiene comparaci\u00f3n. Alejandro G. I\u00f1\u00e1rritu nos vuelve a regalar una joya cinematogr\u00e1fica. Cuando Alejandro Gonzalez I\u00f1\u00e1rritu sorprend\u00eda al mundo creando una joya cinematogr\u00e1fica llamada \"Birdman\", muchos pensamos que el list\u00f3n estaba demasiado alto (incluso para \u00e9l), que\u2026","rel":"","context":"En &quot;Cine&quot;","block_context":{"text":"Cine","link":"https:\/\/kalot.com.mx\/site\/category\/cine\/"},"img":{"alt_text":"","src":"https:\/\/i0.wp.com\/kalot.com.mx\/site\/wp-content\/uploads\/2016\/01\/Renacido4.jpg?fit=1200%2C675&ssl=1&resize=350%2C200","width":350,"height":200,"srcset":"https:\/\/i0.wp.com\/kalot.com.mx\/site\/wp-content\/uploads\/2016\/01\/Renacido4.jpg?fit=1200%2C675&ssl=1&resize=350%2C200 1x, https:\/\/i0.wp.com\/kalot.com.mx\/site\/wp-content\/uploads\/2016\/01\/Renacido4.jpg?fit=1200%2C675&ssl=1&resize=525%2C300 1.5x, https:\/\/i0.wp.com\/kalot.com.mx\/site\/wp-content\/uploads\/2016\/01\/Renacido4.jpg?fit=1200%2C675&ssl=1&resize=700%2C400 2x, https:\/\/i0.wp.com\/kalot.com.mx\/site\/wp-content\/uploads\/2016\/01\/Renacido4.jpg?fit=1200%2C675&ssl=1&resize=1050%2C600 3x"},"classes":[]},{"id":21115,"url":"https:\/\/kalot.com.mx\/site\/2015\/04\/13\/trailer-oficial-de-ant-man\/","url_meta":{"origin":23689,"position":4},"title":"Tr\u00e1iler oficial de Ant-Man","author":"Jorge Era\u00f1a","date":"13 abril, 2015","format":false,"excerpt":"En desarrollo... https:\/\/www.youtube.com\/watch?v=QfOZWGLT1JM","rel":"","context":"Entrada similar ","block_context":{"text":"Entrada similar ","link":""},"img":{"alt_text":"","src":"https:\/\/i0.wp.com\/kalot.com.mx\/site\/wp-content\/uploads\/2015\/04\/Captura-de-pantalla-2015-04-13-a-las-8.56.25-a.m..png?fit=1122%2C606&ssl=1&resize=350%2C200","width":350,"height":200,"srcset":"https:\/\/i0.wp.com\/kalot.com.mx\/site\/wp-content\/uploads\/2015\/04\/Captura-de-pantalla-2015-04-13-a-las-8.56.25-a.m..png?fit=1122%2C606&ssl=1&resize=350%2C200 1x, https:\/\/i0.wp.com\/kalot.com.mx\/site\/wp-content\/uploads\/2015\/04\/Captura-de-pantalla-2015-04-13-a-las-8.56.25-a.m..png?fit=1122%2C606&ssl=1&resize=525%2C300 1.5x, https:\/\/i0.wp.com\/kalot.com.mx\/site\/wp-content\/uploads\/2015\/04\/Captura-de-pantalla-2015-04-13-a-las-8.56.25-a.m..png?fit=1122%2C606&ssl=1&resize=700%2C400 2x, https:\/\/i0.wp.com\/kalot.com.mx\/site\/wp-content\/uploads\/2015\/04\/Captura-de-pantalla-2015-04-13-a-las-8.56.25-a.m..png?fit=1122%2C606&ssl=1&resize=1050%2C600 3x"},"classes":[]},{"id":22483,"url":"https:\/\/kalot.com.mx\/site\/2015\/07\/23\/trailer-oficial-de-the-hunger-games-mockingjay-parte-2\/","url_meta":{"origin":23689,"position":5},"title":"Tr\u00e1iler oficial de &#8220;The Hunger Games: Mockingjay\u201d, Parte 2","author":"Jorge Era\u00f1a","date":"23 julio, 2015","format":false,"excerpt":"El tr\u00e1iler de \"The Hunger Games: Mockingjay\u201d, Parte 2 est\u00e1 buen\u00edsmo. Yo no quiero que se acabe esta saga pero desafortunadamente veremos el final con esta producci\u00f3n el pr\u00f3ximo 20 de noviembre :( Jennifer ha sabido\u00a0renovarse y no perderse en el papel de Katniss pero siempre la recordaremos por lo\u2026","rel":"","context":"Entrada similar ","block_context":{"text":"Entrada similar ","link":""},"img":{"alt_text":"","src":"https:\/\/i0.wp.com\/kalot.com.mx\/site\/wp-content\/uploads\/2015\/07\/mockingjaypic.jpeg?fit=1200%2C675&ssl=1&resize=350%2C200","width":350,"height":200,"srcset":"https:\/\/i0.wp.com\/kalot.com.mx\/site\/wp-content\/uploads\/2015\/07\/mockingjaypic.jpeg?fit=1200%2C675&ssl=1&resize=350%2C200 1x, https:\/\/i0.wp.com\/kalot.com.mx\/site\/wp-content\/uploads\/2015\/07\/mockingjaypic.jpeg?fit=1200%2C675&ssl=1&resize=525%2C300 1.5x, https:\/\/i0.wp.com\/kalot.com.mx\/site\/wp-content\/uploads\/2015\/07\/mockingjaypic.jpeg?fit=1200%2C675&ssl=1&resize=700%2C400 2x, https:\/\/i0.wp.com\/kalot.com.mx\/site\/wp-content\/uploads\/2015\/07\/mockingjaypic.jpeg?fit=1200%2C675&ssl=1&resize=1050%2C600 3x"},"classes":[]}],"jetpack_sharing_enabled":true,"_links":{"self":[{"href":"https:\/\/kalot.com.mx\/site\/wp-json\/wp\/v2\/posts\/23689","targetHints":{"allow":["GET"]}}],"collection":[{"href":"https:\/\/kalot.com.mx\/site\/wp-json\/wp\/v2\/posts"}],"about":[{"href":"https:\/\/kalot.com.mx\/site\/wp-json\/wp\/v2\/types\/post"}],"author":[{"embeddable":true,"href":"https:\/\/kalot.com.mx\/site\/wp-json\/wp\/v2\/users\/1"}],"replies":[{"embeddable":true,"href":"https:\/\/kalot.com.mx\/site\/wp-json\/wp\/v2\/comments?post=23689"}],"version-history":[{"count":1,"href":"https:\/\/kalot.com.mx\/site\/wp-json\/wp\/v2\/posts\/23689\/revisions"}],"predecessor-version":[{"id":23690,"href":"https:\/\/kalot.com.mx\/site\/wp-json\/wp\/v2\/posts\/23689\/revisions\/23690"}],"wp:featuredmedia":[{"embeddable":true,"href":"https:\/\/kalot.com.mx\/site\/wp-json\/wp\/v2\/media\/22335"}],"wp:attachment":[{"href":"https:\/\/kalot.com.mx\/site\/wp-json\/wp\/v2\/media?parent=23689"}],"wp:term":[{"taxonomy":"category","embeddable":true,"href":"https:\/\/kalot.com.mx\/site\/wp-json\/wp\/v2\/categories?post=23689"},{"taxonomy":"post_tag","embeddable":true,"href":"https:\/\/kalot.com.mx\/site\/wp-json\/wp\/v2\/tags?post=23689"}],"curies":[{"name":"wp","href":"https:\/\/api.w.org\/{rel}","templated":true}]}}