{"id":2363,"date":"2013-09-25T11:30:53","date_gmt":"2013-09-25T16:30:53","guid":{"rendered":"http:\/\/www.kalot.com.mx\/?p=2363"},"modified":"2013-09-25T10:38:51","modified_gmt":"2013-09-25T15:38:51","slug":"rapido-y-furioso-7-estreno-en-julio-del-2014-cine","status":"publish","type":"post","link":"https:\/\/kalot.com.mx\/site\/2013\/09\/25\/rapido-y-furioso-7-estreno-en-julio-del-2014-cine\/","title":{"rendered":"R\u00e1pido y Furioso 7 estreno en julio del 2014 #Cine"},"content":{"rendered":"<p style=\"text-align: justify\">La trama de la s\u00e9ptima y \u00faltima entrega de la saga gira en torno a la venganza. Ya que Jason Statham se pone el traje del hermano de un villano que perdi\u00f3 ante la furia de Dom y sus amigos. R\u00e1pido y Furioso 7 se situar\u00e1 en la ciudad de Londres, d\u00f3nde justamente el pelado brit\u00e1nico se pondr\u00e1 las armas para vengar a su familia y darle un toque de acci\u00f3n de alto nivel al final de la serie de pel\u00edculas de coches m\u00e1s taquillera de la historia.<\/p>\n<p style=\"text-align: center\"><a href=\"https:\/\/i0.wp.com\/www.kalot.com.mx\/wp-content\/uploads\/2013\/09\/rapidoyfurioso7-trio.jpg\"><img data-recalc-dims=\"1\" fetchpriority=\"high\" decoding=\"async\" data-attachment-id=\"2368\" data-permalink=\"https:\/\/kalot.com.mx\/site\/2013\/09\/25\/rapido-y-furioso-7-estreno-en-julio-del-2014-cine\/rapidoyfurioso7-trio\/\" data-orig-file=\"https:\/\/i0.wp.com\/kalot.com.mx\/site\/wp-content\/uploads\/2013\/09\/rapidoyfurioso7-trio.jpg?fit=619%2C464&amp;ssl=1\" data-orig-size=\"619,464\" data-comments-opened=\"1\" data-image-meta=\"{&quot;aperture&quot;:&quot;0&quot;,&quot;credit&quot;:&quot;&quot;,&quot;camera&quot;:&quot;&quot;,&quot;caption&quot;:&quot;&quot;,&quot;created_timestamp&quot;:&quot;0&quot;,&quot;copyright&quot;:&quot;&quot;,&quot;focal_length&quot;:&quot;0&quot;,&quot;iso&quot;:&quot;0&quot;,&quot;shutter_speed&quot;:&quot;0&quot;,&quot;title&quot;:&quot;&quot;}\" data-image-title=\"rapidoyfurioso7-trio\" data-image-description=\"\" data-image-caption=\"\" data-large-file=\"https:\/\/i0.wp.com\/kalot.com.mx\/site\/wp-content\/uploads\/2013\/09\/rapidoyfurioso7-trio.jpg?fit=619%2C464&amp;ssl=1\" class=\"alignnone size-medium wp-image-2368\" alt=\"rapidoyfurioso7-trio\" src=\"https:\/\/i0.wp.com\/www.kalot.com.mx\/wp-content\/uploads\/2013\/09\/rapidoyfurioso7-trio-300x224.jpg?resize=300%2C224\" width=\"300\" height=\"224\" srcset=\"https:\/\/i0.wp.com\/kalot.com.mx\/site\/wp-content\/uploads\/2013\/09\/rapidoyfurioso7-trio.jpg?resize=300%2C224&amp;ssl=1 300w, https:\/\/i0.wp.com\/kalot.com.mx\/site\/wp-content\/uploads\/2013\/09\/rapidoyfurioso7-trio.jpg?w=619&amp;ssl=1 619w\" sizes=\"(max-width: 300px) 100vw, 300px\" \/><\/a><\/p>\n<p style=\"text-align: justify\">R\u00e1pido y Furioso 7 de la mano de James Wan como su director, tendr\u00e1 una muy dura prueba el pr\u00f3ximo a\u00f1o, teniendo enfrente la adaptaci\u00f3n f\u00edlmica de la exitosa franquicia de videojuegos de carreras, Need for Speed.<\/p>\n<p style=\"text-align: justify\">El fornido actor fue\u00a0confirmado\u00a0para la\u00a0s\u00e9ptima entrega de la franquicia, y ya se comienza a revelar al resto de los protagonistas entre los cuales est\u00e1n:<\/p>\n<ul>\n<li>Vin Diesel.<\/li>\n<li>Dwayne Johnson.<\/li>\n<li>Jason Statham.<\/li>\n<li>Michelle Rodr\u00edguez.<\/li>\n<li>Luke Evans.<\/li>\n<li>Elsa Pataky.<\/li>\n<li>Gina Carano.<\/li>\n<li>Tyrese Gibson.<\/li>\n<li>Lucas Black<\/li>\n<li>Ludacris.<\/li>\n<li>Paul Walker.<\/li>\n<li>Rita Ora<\/li>\n<\/ul>\n<p><a href=\"https:\/\/i0.wp.com\/www.kalot.com.mx\/wp-content\/uploads\/2013\/09\/rapidos-furiosos-7-1.jpg\"><img data-recalc-dims=\"1\" decoding=\"async\" data-attachment-id=\"2367\" data-permalink=\"https:\/\/kalot.com.mx\/site\/2013\/09\/25\/rapido-y-furioso-7-estreno-en-julio-del-2014-cine\/rapidos-furiosos-7-1\/\" data-orig-file=\"https:\/\/i0.wp.com\/kalot.com.mx\/site\/wp-content\/uploads\/2013\/09\/rapidos-furiosos-7-1.jpg?fit=680%2C510&amp;ssl=1\" data-orig-size=\"680,510\" data-comments-opened=\"1\" data-image-meta=\"{&quot;aperture&quot;:&quot;0&quot;,&quot;credit&quot;:&quot;&quot;,&quot;camera&quot;:&quot;&quot;,&quot;caption&quot;:&quot;&quot;,&quot;created_timestamp&quot;:&quot;0&quot;,&quot;copyright&quot;:&quot;&quot;,&quot;focal_length&quot;:&quot;0&quot;,&quot;iso&quot;:&quot;0&quot;,&quot;shutter_speed&quot;:&quot;0&quot;,&quot;title&quot;:&quot;&quot;}\" data-image-title=\"rapidos-furiosos-7-1\" data-image-description=\"\" data-image-caption=\"\" data-large-file=\"https:\/\/i0.wp.com\/kalot.com.mx\/site\/wp-content\/uploads\/2013\/09\/rapidos-furiosos-7-1.jpg?fit=680%2C510&amp;ssl=1\" class=\"size-medium wp-image-2367 aligncenter\" alt=\"rapidos-furiosos-7-1\" src=\"https:\/\/i0.wp.com\/www.kalot.com.mx\/wp-content\/uploads\/2013\/09\/rapidos-furiosos-7-1-300x225.jpg?resize=300%2C225\" width=\"300\" height=\"225\" srcset=\"https:\/\/i0.wp.com\/kalot.com.mx\/site\/wp-content\/uploads\/2013\/09\/rapidos-furiosos-7-1.jpg?resize=300%2C225&amp;ssl=1 300w, https:\/\/i0.wp.com\/kalot.com.mx\/site\/wp-content\/uploads\/2013\/09\/rapidos-furiosos-7-1.jpg?w=680&amp;ssl=1 680w\" sizes=\"(max-width: 300px) 100vw, 300px\" \/><\/a><\/p>\n<p>Todo indica que las filmaciones comenzaron a partir de agosto de este a\u00f1o, teniendo como fecha de estreno el 11 de junio del 2014.<\/p>\n<p><a href=\"https:\/\/i0.wp.com\/www.kalot.com.mx\/wp-content\/uploads\/2013\/09\/rapidoyfurioso7.jpg\"><img data-recalc-dims=\"1\" decoding=\"async\" data-attachment-id=\"2369\" data-permalink=\"https:\/\/kalot.com.mx\/site\/2013\/09\/25\/rapido-y-furioso-7-estreno-en-julio-del-2014-cine\/rapidoyfurioso7\/\" data-orig-file=\"https:\/\/i0.wp.com\/kalot.com.mx\/site\/wp-content\/uploads\/2013\/09\/rapidoyfurioso7.jpg?fit=576%2C480&amp;ssl=1\" data-orig-size=\"576,480\" data-comments-opened=\"1\" data-image-meta=\"{&quot;aperture&quot;:&quot;0&quot;,&quot;credit&quot;:&quot;&quot;,&quot;camera&quot;:&quot;&quot;,&quot;caption&quot;:&quot;&quot;,&quot;created_timestamp&quot;:&quot;0&quot;,&quot;copyright&quot;:&quot;&quot;,&quot;focal_length&quot;:&quot;0&quot;,&quot;iso&quot;:&quot;0&quot;,&quot;shutter_speed&quot;:&quot;0&quot;,&quot;title&quot;:&quot;&quot;}\" data-image-title=\"rapidoyfurioso7\" data-image-description=\"\" data-image-caption=\"\" data-large-file=\"https:\/\/i0.wp.com\/kalot.com.mx\/site\/wp-content\/uploads\/2013\/09\/rapidoyfurioso7.jpg?fit=576%2C480&amp;ssl=1\" class=\"alignnone size-medium wp-image-2369 aligncenter\" alt=\"rapidoyfurioso7\" src=\"https:\/\/i0.wp.com\/www.kalot.com.mx\/wp-content\/uploads\/2013\/09\/rapidoyfurioso7-300x250.jpg?resize=300%2C250\" width=\"300\" height=\"250\" srcset=\"https:\/\/i0.wp.com\/kalot.com.mx\/site\/wp-content\/uploads\/2013\/09\/rapidoyfurioso7.jpg?resize=300%2C250&amp;ssl=1 300w, https:\/\/i0.wp.com\/kalot.com.mx\/site\/wp-content\/uploads\/2013\/09\/rapidoyfurioso7.jpg?w=576&amp;ssl=1 576w\" sizes=\"(max-width: 300px) 100vw, 300px\" \/><\/a><\/p>\n<p>\u00bfQu\u00e9 les parece? Ustedes son gustosos de esta saga de pel\u00edculas esperemos m\u00e1s informaci\u00f3n. Estamos ley\u00e9ndonos hasta entonces.<\/p>\n","protected":false},"excerpt":{"rendered":"La trama de la s\u00e9ptima y \u00faltima entrega de la saga gira en torno a la venganza. Ya&hellip;\n","protected":false},"author":19,"featured_media":2366,"comment_status":"open","ping_status":"open","sticky":false,"template":"","format":"standard","meta":{"jetpack_post_was_ever_published":false,"_jetpack_newsletter_access":"","_jetpack_dont_email_post_to_subs":false,"_jetpack_newsletter_tier_id":0,"_jetpack_memberships_contains_paywalled_content":false,"_jetpack_memberships_contains_paid_content":false,"footnotes":"","jetpack_publicize_message":"","jetpack_publicize_feature_enabled":true,"jetpack_social_post_already_shared":true,"jetpack_social_options":{"image_generator_settings":{"template":"highway","default_image_id":0,"font":"","enabled":false},"version":2}},"categories":[],"tags":[],"class_list":{"0":"post-2363","1":"post","2":"type-post","3":"status-publish","4":"format-standard","5":"has-post-thumbnail","7":"cs-entry","8":"cs-video-wrap"},"yoast_head":"<!-- This site is optimized with the Yoast SEO plugin v27.5 - https:\/\/yoast.com\/product\/yoast-seo-wordpress\/ -->\n<title>R\u00e1pido y Furioso 7 estreno en julio del 2014 #Cine - Kalot<\/title>\n<meta name=\"description\" content=\"R\u00e1pido y Furioso 7 de la mano de James Wan como su director, estrena el proximo julio del 2014, con personajes conocidos de la saga y la incursi\u00f3n de nuevos.\" \/>\n<meta name=\"robots\" content=\"index, follow, max-snippet:-1, max-image-preview:large, max-video-preview:-1\" \/>\n<link rel=\"canonical\" href=\"https:\/\/kalot.com.mx\/site\/2013\/09\/25\/rapido-y-furioso-7-estreno-en-julio-del-2014-cine\/\" \/>\n<meta property=\"og:locale\" content=\"es_MX\" \/>\n<meta property=\"og:type\" content=\"article\" \/>\n<meta property=\"og:title\" content=\"R\u00e1pido y Furioso 7 estreno en julio del 2014 #Cine - Kalot\" \/>\n<meta property=\"og:description\" content=\"R\u00e1pido y Furioso 7 de la mano de James Wan como su director, estrena el proximo julio del 2014, con personajes conocidos de la saga y la incursi\u00f3n de nuevos.\" \/>\n<meta property=\"og:url\" content=\"https:\/\/kalot.com.mx\/site\/2013\/09\/25\/rapido-y-furioso-7-estreno-en-julio-del-2014-cine\/\" \/>\n<meta property=\"og:site_name\" content=\"Kalot\" \/>\n<meta property=\"article:publisher\" content=\"http:\/\/facebook.com\/mxkalot\" \/>\n<meta property=\"article:published_time\" content=\"2013-09-25T16:30:53+00:00\" \/>\n<meta property=\"og:image\" content=\"https:\/\/i1.wp.com\/kalot.com.mx\/site\/wp-content\/uploads\/2013\/09\/imagen-rapidosyfuriososperu.jpg?fit=640%2C384&ssl=1\" \/>\n\t<meta property=\"og:image:width\" content=\"640\" \/>\n\t<meta property=\"og:image:height\" content=\"384\" \/>\n\t<meta property=\"og:image:type\" content=\"image\/jpeg\" \/>\n<meta name=\"author\" content=\"Anastacio S\u00e1nchez\" \/>\n<meta name=\"twitter:card\" content=\"summary_large_image\" \/>\n<meta name=\"twitter:creator\" content=\"@kalotmx\" \/>\n<meta name=\"twitter:site\" content=\"@kalotmx\" \/>\n<meta name=\"twitter:label1\" content=\"Escrito por\" \/>\n\t<meta name=\"twitter:data1\" content=\"Anastacio S\u00e1nchez\" \/>\n\t<meta name=\"twitter:label2\" content=\"Tiempo de lectura\" \/>\n\t<meta name=\"twitter:data2\" content=\"1 minuto\" \/>\n<!-- \/ Yoast SEO plugin. -->","yoast_head_json":{"title":"R\u00e1pido y Furioso 7 estreno en julio del 2014 #Cine - Kalot","description":"R\u00e1pido y Furioso 7 de la mano de James Wan como su director, estrena el proximo julio del 2014, con personajes conocidos de la saga y la incursi\u00f3n de nuevos.","robots":{"index":"index","follow":"follow","max-snippet":"max-snippet:-1","max-image-preview":"max-image-preview:large","max-video-preview":"max-video-preview:-1"},"canonical":"https:\/\/kalot.com.mx\/site\/2013\/09\/25\/rapido-y-furioso-7-estreno-en-julio-del-2014-cine\/","og_locale":"es_MX","og_type":"article","og_title":"R\u00e1pido y Furioso 7 estreno en julio del 2014 #Cine - Kalot","og_description":"R\u00e1pido y Furioso 7 de la mano de James Wan como su director, estrena el proximo julio del 2014, con personajes conocidos de la saga y la incursi\u00f3n de nuevos.","og_url":"https:\/\/kalot.com.mx\/site\/2013\/09\/25\/rapido-y-furioso-7-estreno-en-julio-del-2014-cine\/","og_site_name":"Kalot","article_publisher":"http:\/\/facebook.com\/mxkalot","article_published_time":"2013-09-25T16:30:53+00:00","og_image":[{"width":640,"height":384,"url":"https:\/\/i1.wp.com\/kalot.com.mx\/site\/wp-content\/uploads\/2013\/09\/imagen-rapidosyfuriososperu.jpg?fit=640%2C384&ssl=1","type":"image\/jpeg"}],"author":"Anastacio S\u00e1nchez","twitter_card":"summary_large_image","twitter_creator":"@kalotmx","twitter_site":"@kalotmx","twitter_misc":{"Escrito por":"Anastacio S\u00e1nchez","Tiempo de lectura":"1 minuto"},"schema":{"@context":"https:\/\/schema.org","@graph":[{"@type":"Article","@id":"https:\/\/kalot.com.mx\/site\/2013\/09\/25\/rapido-y-furioso-7-estreno-en-julio-del-2014-cine\/#article","isPartOf":{"@id":"https:\/\/kalot.com.mx\/site\/2013\/09\/25\/rapido-y-furioso-7-estreno-en-julio-del-2014-cine\/"},"author":{"name":"Anastacio S\u00e1nchez","@id":"https:\/\/kalot.com.mx\/site\/#\/schema\/person\/ee236b25e18db7b6c0361096b819085e"},"headline":"R\u00e1pido y Furioso 7 estreno en julio del 2014 #Cine","datePublished":"2013-09-25T16:30:53+00:00","mainEntityOfPage":{"@id":"https:\/\/kalot.com.mx\/site\/2013\/09\/25\/rapido-y-furioso-7-estreno-en-julio-del-2014-cine\/"},"wordCount":242,"commentCount":0,"publisher":{"@id":"https:\/\/kalot.com.mx\/site\/#organization"},"image":{"@id":"https:\/\/kalot.com.mx\/site\/2013\/09\/25\/rapido-y-furioso-7-estreno-en-julio-del-2014-cine\/#primaryimage"},"thumbnailUrl":"https:\/\/i0.wp.com\/kalot.com.mx\/site\/wp-content\/uploads\/2013\/09\/imagen-rapidosyfuriososperu.jpg?fit=640%2C384&ssl=1","inLanguage":"es","potentialAction":[{"@type":"CommentAction","name":"Comment","target":["https:\/\/kalot.com.mx\/site\/2013\/09\/25\/rapido-y-furioso-7-estreno-en-julio-del-2014-cine\/#respond"]}]},{"@type":"WebPage","@id":"https:\/\/kalot.com.mx\/site\/2013\/09\/25\/rapido-y-furioso-7-estreno-en-julio-del-2014-cine\/","url":"https:\/\/kalot.com.mx\/site\/2013\/09\/25\/rapido-y-furioso-7-estreno-en-julio-del-2014-cine\/","name":"R\u00e1pido y Furioso 7 estreno en julio del 2014 #Cine - Kalot","isPartOf":{"@id":"https:\/\/kalot.com.mx\/site\/#website"},"primaryImageOfPage":{"@id":"https:\/\/kalot.com.mx\/site\/2013\/09\/25\/rapido-y-furioso-7-estreno-en-julio-del-2014-cine\/#primaryimage"},"image":{"@id":"https:\/\/kalot.com.mx\/site\/2013\/09\/25\/rapido-y-furioso-7-estreno-en-julio-del-2014-cine\/#primaryimage"},"thumbnailUrl":"https:\/\/i0.wp.com\/kalot.com.mx\/site\/wp-content\/uploads\/2013\/09\/imagen-rapidosyfuriososperu.jpg?fit=640%2C384&ssl=1","datePublished":"2013-09-25T16:30:53+00:00","description":"R\u00e1pido y Furioso 7 de la mano de James Wan como su director, estrena el proximo julio del 2014, con personajes conocidos de la saga y la incursi\u00f3n de nuevos.","breadcrumb":{"@id":"https:\/\/kalot.com.mx\/site\/2013\/09\/25\/rapido-y-furioso-7-estreno-en-julio-del-2014-cine\/#breadcrumb"},"inLanguage":"es","potentialAction":[{"@type":"ReadAction","target":["https:\/\/kalot.com.mx\/site\/2013\/09\/25\/rapido-y-furioso-7-estreno-en-julio-del-2014-cine\/"]}]},{"@type":"ImageObject","inLanguage":"es","@id":"https:\/\/kalot.com.mx\/site\/2013\/09\/25\/rapido-y-furioso-7-estreno-en-julio-del-2014-cine\/#primaryimage","url":"https:\/\/i0.wp.com\/kalot.com.mx\/site\/wp-content\/uploads\/2013\/09\/imagen-rapidosyfuriososperu.jpg?fit=640%2C384&ssl=1","contentUrl":"https:\/\/i0.wp.com\/kalot.com.mx\/site\/wp-content\/uploads\/2013\/09\/imagen-rapidosyfuriososperu.jpg?fit=640%2C384&ssl=1","width":640,"height":384},{"@type":"BreadcrumbList","@id":"https:\/\/kalot.com.mx\/site\/2013\/09\/25\/rapido-y-furioso-7-estreno-en-julio-del-2014-cine\/#breadcrumb","itemListElement":[{"@type":"ListItem","position":1,"name":"Home","item":"https:\/\/kalot.com.mx\/site\/"},{"@type":"ListItem","position":2,"name":"R\u00e1pido y Furioso 7 estreno en julio del 2014 #Cine"}]},{"@type":"WebSite","@id":"https:\/\/kalot.com.mx\/site\/#website","url":"https:\/\/kalot.com.mx\/site\/","name":"Kalot","description":"Conoce Todo Sobre Todo","publisher":{"@id":"https:\/\/kalot.com.mx\/site\/#organization"},"potentialAction":[{"@type":"SearchAction","target":{"@type":"EntryPoint","urlTemplate":"https:\/\/kalot.com.mx\/site\/?s={search_term_string}"},"query-input":{"@type":"PropertyValueSpecification","valueRequired":true,"valueName":"search_term_string"}}],"inLanguage":"es"},{"@type":"Organization","@id":"https:\/\/kalot.com.mx\/site\/#organization","name":"Kalot","url":"https:\/\/kalot.com.mx\/site\/","logo":{"@type":"ImageObject","inLanguage":"es","@id":"https:\/\/kalot.com.mx\/site\/#\/schema\/logo\/image\/","url":"https:\/\/i0.wp.com\/kalot.com.mx\/site\/wp-content\/uploads\/2020\/04\/Kalot-logo-sin-tagline.png?fit=1707%2C1014&ssl=1","contentUrl":"https:\/\/i0.wp.com\/kalot.com.mx\/site\/wp-content\/uploads\/2020\/04\/Kalot-logo-sin-tagline.png?fit=1707%2C1014&ssl=1","width":1707,"height":1014,"caption":"Kalot"},"image":{"@id":"https:\/\/kalot.com.mx\/site\/#\/schema\/logo\/image\/"},"sameAs":["http:\/\/facebook.com\/mxkalot","https:\/\/x.com\/kalotmx","http:\/\/instagram.com\/kalotmx","http:\/\/pinterest.com\/jorgeerana\/kalot"]},{"@type":"Person","@id":"https:\/\/kalot.com.mx\/site\/#\/schema\/person\/ee236b25e18db7b6c0361096b819085e","name":"Anastacio S\u00e1nchez","image":{"@type":"ImageObject","inLanguage":"es","@id":"https:\/\/secure.gravatar.com\/avatar\/324a92a45418ed8a3050af905f315c92e1a55b521705c4387fc1ff31aa115e86?s=96&d=mm&r=g","url":"https:\/\/secure.gravatar.com\/avatar\/324a92a45418ed8a3050af905f315c92e1a55b521705c4387fc1ff31aa115e86?s=96&d=mm&r=g","contentUrl":"https:\/\/secure.gravatar.com\/avatar\/324a92a45418ed8a3050af905f315c92e1a55b521705c4387fc1ff31aa115e86?s=96&d=mm&r=g","caption":"Anastacio S\u00e1nchez"},"description":"Soy Huasteco de nacimiento, Americanista de coraz\u00f3n y mercadologo en formaci\u00f3n, estudiante de la Universidad Polit\u00e9cnica de San Luis Potos\u00ed, Bloger novato.","sameAs":["https:\/\/twitter.com\/ASC2807"],"url":"https:\/\/kalot.com.mx\/site\/author\/tacho\/"}]}},"jetpack_publicize_connections":[],"jetpack_featured_media_url":"https:\/\/i0.wp.com\/kalot.com.mx\/site\/wp-content\/uploads\/2013\/09\/imagen-rapidosyfuriososperu.jpg?fit=640%2C384&ssl=1","jetpack_shortlink":"https:\/\/wp.me\/p6IHEI-C7","jetpack-related-posts":[{"id":21124,"url":"https:\/\/kalot.com.mx\/site\/2015\/04\/13\/rapido-y-furioso-7-rumbo-a-la-elite-global\/","url_meta":{"origin":2363,"position":0},"title":"RAPIDO Y FURIOSO 7, rumbo a la \u00e9lite global","author":"HM_MKT007","date":"13 abril, 2015","format":false,"excerpt":"Ok, que R\u00c1PIDO Y FURIOSO es una excelente saga, lo sabemos, que quiz\u00e1 no cuenta con las mejores historias lo sabemos, que quiz\u00e1 peca de ser incre\u00edble y de vivir en otro mundo seguramente, pues lo sabemos, que las peleas son excelentes, lo sabemos, que es la \u00faltima participaci\u00f3n del\u2026","rel":"","context":"Entrada similar ","block_context":{"text":"Entrada similar ","link":""},"img":{"alt_text":"","src":"https:\/\/i0.wp.com\/kalot.com.mx\/site\/wp-content\/uploads\/2015\/04\/furious-7-poster.jpg?fit=1200%2C552&ssl=1&resize=350%2C200","width":350,"height":200,"srcset":"https:\/\/i0.wp.com\/kalot.com.mx\/site\/wp-content\/uploads\/2015\/04\/furious-7-poster.jpg?fit=1200%2C552&ssl=1&resize=350%2C200 1x, https:\/\/i0.wp.com\/kalot.com.mx\/site\/wp-content\/uploads\/2015\/04\/furious-7-poster.jpg?fit=1200%2C552&ssl=1&resize=525%2C300 1.5x, https:\/\/i0.wp.com\/kalot.com.mx\/site\/wp-content\/uploads\/2015\/04\/furious-7-poster.jpg?fit=1200%2C552&ssl=1&resize=700%2C400 2x, https:\/\/i0.wp.com\/kalot.com.mx\/site\/wp-content\/uploads\/2015\/04\/furious-7-poster.jpg?fit=1200%2C552&ssl=1&resize=1050%2C600 3x"},"classes":[]},{"id":6801,"url":"https:\/\/kalot.com.mx\/site\/2013\/11\/20\/musica-dia\/","url_meta":{"origin":2363,"position":1},"title":"M\u00fasica que te hace el d\u00eda","author":"Benjamin Lara","date":"20 noviembre, 2013","format":false,"excerpt":"Bienaventurados kalochos que leen este post, sean bienvenidos, como sabr\u00e1n la m\u00fasica es parte de nuestro d\u00eda a d\u00eda, nos acompa\u00f1a en los mejores y en los peores momentos, y m\u00e1s de una vez por causa de la gente que viaja en el transporte p\u00fablico y que desconoce la funci\u00f3n\u2026","rel":"","context":"Entrada similar ","block_context":{"text":"Entrada similar ","link":""},"img":{"alt_text":"","src":"https:\/\/i0.wp.com\/kalot.com.mx\/site\/wp-content\/uploads\/2013\/11\/4db9e549b937952f1b000038_disfrutando-de-la-musica.jpg?fit=598%2C448&ssl=1&resize=350%2C200","width":350,"height":200,"srcset":"https:\/\/i0.wp.com\/kalot.com.mx\/site\/wp-content\/uploads\/2013\/11\/4db9e549b937952f1b000038_disfrutando-de-la-musica.jpg?fit=598%2C448&ssl=1&resize=350%2C200 1x, https:\/\/i0.wp.com\/kalot.com.mx\/site\/wp-content\/uploads\/2013\/11\/4db9e549b937952f1b000038_disfrutando-de-la-musica.jpg?fit=598%2C448&ssl=1&resize=525%2C300 1.5x"},"classes":[]},{"id":27102,"url":"https:\/\/kalot.com.mx\/site\/2017\/04\/20\/tal-esta-rapidos-furiosos-8\/","url_meta":{"origin":2363,"position":2},"title":"\u00bfQu\u00e9 tal esta R\u00c1PIDOS Y FURIOSOS 8?","author":"HM_MKT007","date":"20 abril, 2017","format":false,"excerpt":"Bueno, ya ha pasado el debut de esta pel\u00edcula, y decidimos esperar un poco para poder tener m\u00e1s idea de c\u00f3mo funcionar\u00eda esta pel\u00edcula, que vaya que ha gastado y explotado su f\u00f3rmula, as\u00ed que les damos nuestra cr\u00edtica, y claro, les decimos c\u00f3mo le ha ido a esta pel\u00edcula\u2026","rel":"","context":"En &quot;Cine&quot;","block_context":{"text":"Cine","link":"https:\/\/kalot.com.mx\/site\/category\/cine\/"},"img":{"alt_text":"","src":"https:\/\/i0.wp.com\/kalot.com.mx\/site\/wp-content\/uploads\/2017\/04\/single-fast-furious-8.jpg?fit=1200%2C798&ssl=1&resize=350%2C200","width":350,"height":200,"srcset":"https:\/\/i0.wp.com\/kalot.com.mx\/site\/wp-content\/uploads\/2017\/04\/single-fast-furious-8.jpg?fit=1200%2C798&ssl=1&resize=350%2C200 1x, https:\/\/i0.wp.com\/kalot.com.mx\/site\/wp-content\/uploads\/2017\/04\/single-fast-furious-8.jpg?fit=1200%2C798&ssl=1&resize=525%2C300 1.5x, https:\/\/i0.wp.com\/kalot.com.mx\/site\/wp-content\/uploads\/2017\/04\/single-fast-furious-8.jpg?fit=1200%2C798&ssl=1&resize=700%2C400 2x, https:\/\/i0.wp.com\/kalot.com.mx\/site\/wp-content\/uploads\/2017\/04\/single-fast-furious-8.jpg?fit=1200%2C798&ssl=1&resize=1050%2C600 3x"},"classes":[]},{"id":20922,"url":"https:\/\/kalot.com.mx\/site\/2015\/03\/30\/revoluciona-tu-forma-de-manejar\/","url_meta":{"origin":2363,"position":3},"title":"Revoluciona tu forma de manejar: Ford Focus 2015","author":"Dulce Mireles","date":"30 marzo, 2015","format":false,"excerpt":"\u00a1Hola amigos de Kalot! Gracias por seguir leyendo, ahora que est\u00e1n de vacaciones (ustedes que pueden) aprovechen para hacer las cosas que no han hecho por falta de tiempo. No les pasa que a veces por tanto trabajo \u00bfSienten la vida mon\u00f3tona? Que no nos de miedo aceptarlo. No es\u2026","rel":"","context":"Entrada similar ","block_context":{"text":"Entrada similar ","link":""},"img":{"alt_text":"imagen de http:\/\/www.caricos.com\/","src":"https:\/\/i0.wp.com\/kalot.com.mx\/site\/wp-content\/uploads\/2015\/03\/ford-focus-2015.jpg?fit=1024%2C768&ssl=1&resize=350%2C200","width":350,"height":200,"srcset":"https:\/\/i0.wp.com\/kalot.com.mx\/site\/wp-content\/uploads\/2015\/03\/ford-focus-2015.jpg?fit=1024%2C768&ssl=1&resize=350%2C200 1x, https:\/\/i0.wp.com\/kalot.com.mx\/site\/wp-content\/uploads\/2015\/03\/ford-focus-2015.jpg?fit=1024%2C768&ssl=1&resize=525%2C300 1.5x, https:\/\/i0.wp.com\/kalot.com.mx\/site\/wp-content\/uploads\/2015\/03\/ford-focus-2015.jpg?fit=1024%2C768&ssl=1&resize=700%2C400 2x"},"classes":[]},{"id":22163,"url":"https:\/\/kalot.com.mx\/site\/2015\/07\/09\/regresa-el-conjuro\/","url_meta":{"origin":2363,"position":4},"title":"Regresa &#8220;El Conjuro&#8221;","author":"yash","date":"9 julio, 2015","format":false,"excerpt":"El Conjuro 2: El Poltergeist de Enfield se estrenar\u00e1 el pr\u00f3ximo 10 de Junio de 2016 en Estados Unidos y hasta el momento solo se han confirmado como parte del elenco a Patrick Wilson y a Vera Farmiga. Es por ello que el actor\u00a0Patrick Wilson comparti\u00f3 a trav\u00e9s de su\u2026","rel":"","context":"Con 1 comentario","block_context":{"text":"Con 1 comentario","link":"https:\/\/kalot.com.mx\/site\/2015\/07\/09\/regresa-el-conjuro\/#comments"},"img":{"alt_text":"","src":"https:\/\/i0.wp.com\/kalot.com.mx\/site\/wp-content\/uploads\/2015\/07\/poltergeistenfield.jpg?fit=1200%2C796&ssl=1&resize=350%2C200","width":350,"height":200,"srcset":"https:\/\/i0.wp.com\/kalot.com.mx\/site\/wp-content\/uploads\/2015\/07\/poltergeistenfield.jpg?fit=1200%2C796&ssl=1&resize=350%2C200 1x, https:\/\/i0.wp.com\/kalot.com.mx\/site\/wp-content\/uploads\/2015\/07\/poltergeistenfield.jpg?fit=1200%2C796&ssl=1&resize=525%2C300 1.5x, https:\/\/i0.wp.com\/kalot.com.mx\/site\/wp-content\/uploads\/2015\/07\/poltergeistenfield.jpg?fit=1200%2C796&ssl=1&resize=700%2C400 2x, https:\/\/i0.wp.com\/kalot.com.mx\/site\/wp-content\/uploads\/2015\/07\/poltergeistenfield.jpg?fit=1200%2C796&ssl=1&resize=1050%2C600 3x"},"classes":[]},{"id":27552,"url":"https:\/\/kalot.com.mx\/site\/2017\/11\/12\/5-razones-salir-corriendo-a-comprar-madre-darren-aronofsky\/","url_meta":{"origin":2363,"position":5},"title":"5 razones para comprar \u00a1Madre! de Darren Aronofsky","author":"Gustavo Ja\u00e9n","date":"12 noviembre, 2017","format":false,"excerpt":"\u00a1Madre! la \u00faltima pel\u00edcula de Darren Aronofsky pas\u00f3 de tener un nombre en singular a tener un nombre en plural, cuando centenas de mexicanos salieron de las salas de cine diciendo: \u201cNo entend\u00ed ni \u00a1Madres!\u201d. El fen\u00f3meno anterior causa extra\u00f1eza porque de acuerdo con el Anuario Estad\u00edstico de la Iglesia,\u2026","rel":"","context":"En &quot;Cine&quot;","block_context":{"text":"Cine","link":"https:\/\/kalot.com.mx\/site\/category\/cine\/"},"img":{"alt_text":"","src":"https:\/\/i0.wp.com\/kalot.com.mx\/site\/wp-content\/uploads\/2017\/11\/madre-pelicula.jpg?fit=700%2C350&ssl=1&resize=350%2C200","width":350,"height":200,"srcset":"https:\/\/i0.wp.com\/kalot.com.mx\/site\/wp-content\/uploads\/2017\/11\/madre-pelicula.jpg?fit=700%2C350&ssl=1&resize=350%2C200 1x, https:\/\/i0.wp.com\/kalot.com.mx\/site\/wp-content\/uploads\/2017\/11\/madre-pelicula.jpg?fit=700%2C350&ssl=1&resize=525%2C300 1.5x, https:\/\/i0.wp.com\/kalot.com.mx\/site\/wp-content\/uploads\/2017\/11\/madre-pelicula.jpg?fit=700%2C350&ssl=1&resize=700%2C400 2x"},"classes":[]}],"jetpack_sharing_enabled":true,"_links":{"self":[{"href":"https:\/\/kalot.com.mx\/site\/wp-json\/wp\/v2\/posts\/2363","targetHints":{"allow":["GET"]}}],"collection":[{"href":"https:\/\/kalot.com.mx\/site\/wp-json\/wp\/v2\/posts"}],"about":[{"href":"https:\/\/kalot.com.mx\/site\/wp-json\/wp\/v2\/types\/post"}],"author":[{"embeddable":true,"href":"https:\/\/kalot.com.mx\/site\/wp-json\/wp\/v2\/users\/19"}],"replies":[{"embeddable":true,"href":"https:\/\/kalot.com.mx\/site\/wp-json\/wp\/v2\/comments?post=2363"}],"version-history":[{"count":0,"href":"https:\/\/kalot.com.mx\/site\/wp-json\/wp\/v2\/posts\/2363\/revisions"}],"wp:featuredmedia":[{"embeddable":true,"href":"https:\/\/kalot.com.mx\/site\/wp-json\/wp\/v2\/media\/2366"}],"wp:attachment":[{"href":"https:\/\/kalot.com.mx\/site\/wp-json\/wp\/v2\/media?parent=2363"}],"wp:term":[{"taxonomy":"category","embeddable":true,"href":"https:\/\/kalot.com.mx\/site\/wp-json\/wp\/v2\/categories?post=2363"},{"taxonomy":"post_tag","embeddable":true,"href":"https:\/\/kalot.com.mx\/site\/wp-json\/wp\/v2\/tags?post=2363"}],"curies":[{"name":"wp","href":"https:\/\/api.w.org\/{rel}","templated":true}]}}