{"id":23598,"date":"2015-09-22T11:47:19","date_gmt":"2015-09-22T17:47:19","guid":{"rendered":"http:\/\/kalot.com.mx\/site\/?p=23598"},"modified":"2015-09-22T11:47:19","modified_gmt":"2015-09-22T17:47:19","slug":"christian-bale-steve-carell-ryan-gosling-y-brad-pitt-en-una-misma-pelicula-the-big-short","status":"publish","type":"post","link":"https:\/\/kalot.com.mx\/site\/2015\/09\/22\/christian-bale-steve-carell-ryan-gosling-y-brad-pitt-en-una-misma-pelicula-the-big-short\/","title":{"rendered":"Christian Bale, Steve Carell, Ryan Gosling y Brad Pitt en una misma pel\u00edcula, &#8220;The Big Short&#8221;"},"content":{"rendered":"<p>No s\u00e9 ustedes pero esta nueva pel\u00edcula se ve bastante bien, aqu\u00ed les dejo el tr\u00e1iler de <strong>&#8220;The Big Short&#8221;<\/strong><\/p>\n<p><span class=\"embed-youtube\" style=\"text-align:center; display: block;\"><iframe class=\"youtube-player\" width=\"1200\" height=\"675\" src=\"https:\/\/www.youtube.com\/embed\/LWr8hbUkG9s?version=3&#038;rel=1&#038;showsearch=0&#038;showinfo=1&#038;iv_load_policy=1&#038;fs=1&#038;hl=es-MX&#038;autohide=2&#038;wmode=transparent\" allowfullscreen=\"true\" style=\"border:0;\" sandbox=\"allow-scripts allow-same-origin allow-popups allow-presentation allow-popups-to-escape-sandbox\"><\/iframe><\/span><\/p>\n","protected":false},"excerpt":{"rendered":"No s\u00e9 ustedes pero esta nueva pel\u00edcula se ve bastante bien, aqu\u00ed les dejo el tr\u00e1iler de &#8220;The&hellip;\n","protected":false},"author":1,"featured_media":23599,"comment_status":"open","ping_status":"open","sticky":false,"template":"","format":"standard","meta":{"jetpack_post_was_ever_published":false,"_jetpack_newsletter_access":"","_jetpack_dont_email_post_to_subs":false,"_jetpack_newsletter_tier_id":0,"_jetpack_memberships_contains_paywalled_content":false,"_jetpack_memberships_contains_paid_content":false,"footnotes":"","jetpack_publicize_message":"","jetpack_publicize_feature_enabled":true,"jetpack_social_post_already_shared":true,"jetpack_social_options":{"image_generator_settings":{"template":"highway","default_image_id":0,"font":"","enabled":false},"version":2}},"categories":[9],"tags":[84],"class_list":{"0":"post-23598","1":"post","2":"type-post","3":"status-publish","4":"format-standard","5":"has-post-thumbnail","7":"category-cine","8":"tag-the-big-short-official-trailer","9":"cs-entry","10":"cs-video-wrap"},"yoast_head":"<!-- This site is optimized with the Yoast SEO plugin v27.5 - https:\/\/yoast.com\/product\/yoast-seo-wordpress\/ -->\n<title>Christian Bale, Steve Carell, Ryan Gosling y Brad Pitt en una misma pel\u00edcula, &quot;The Big Short&quot; - Kalot<\/title>\n<meta name=\"description\" content=\"No s\u00e9 ustedes pero esta nueva pel\u00edcula se ve bastante bien, aqu\u00ed les dejo el tr\u00e1iler de &quot;The Big Short&quot;  https:\/\/www.youtube.com\/watch?v=LWr8hbUkG9s\" \/>\n<meta name=\"robots\" content=\"index, follow, max-snippet:-1, max-image-preview:large, max-video-preview:-1\" \/>\n<link rel=\"canonical\" href=\"https:\/\/kalot.com.mx\/site\/2015\/09\/22\/christian-bale-steve-carell-ryan-gosling-y-brad-pitt-en-una-misma-pelicula-the-big-short\/\" \/>\n<meta property=\"og:locale\" content=\"es_MX\" \/>\n<meta property=\"og:type\" content=\"article\" \/>\n<meta property=\"og:title\" content=\"Christian Bale, Steve Carell, Ryan Gosling y Brad Pitt en una misma pel\u00edcula, &quot;The Big Short&quot; - Kalot\" \/>\n<meta property=\"og:description\" content=\"No s\u00e9 ustedes pero esta nueva pel\u00edcula se ve bastante bien, aqu\u00ed les dejo el tr\u00e1iler de &quot;The Big Short&quot;  https:\/\/www.youtube.com\/watch?v=LWr8hbUkG9s\" \/>\n<meta property=\"og:url\" content=\"https:\/\/kalot.com.mx\/site\/2015\/09\/22\/christian-bale-steve-carell-ryan-gosling-y-brad-pitt-en-una-misma-pelicula-the-big-short\/\" \/>\n<meta property=\"og:site_name\" content=\"Kalot\" \/>\n<meta property=\"article:publisher\" content=\"http:\/\/facebook.com\/mxkalot\" \/>\n<meta property=\"article:author\" content=\"http:\/\/www.facebook.com\/jorgeerana\" \/>\n<meta property=\"article:published_time\" content=\"2015-09-22T17:47:19+00:00\" \/>\n<meta property=\"og:image\" content=\"https:\/\/i2.wp.com\/kalot.com.mx\/site\/wp-content\/uploads\/2015\/09\/7n_thebigshortstartsfilming00.jpg?fit=1024%2C768&ssl=1\" \/>\n\t<meta property=\"og:image:width\" content=\"1024\" \/>\n\t<meta property=\"og:image:height\" content=\"768\" \/>\n\t<meta property=\"og:image:type\" content=\"image\/jpeg\" \/>\n<meta name=\"author\" content=\"Jorge Era\u00f1a\" \/>\n<meta name=\"twitter:card\" content=\"summary_large_image\" \/>\n<meta name=\"twitter:creator\" content=\"@jorge_erana\" \/>\n<meta name=\"twitter:site\" content=\"@kalotmx\" \/>\n<meta name=\"twitter:label1\" content=\"Escrito por\" \/>\n\t<meta name=\"twitter:data1\" content=\"Jorge Era\u00f1a\" \/>\n<!-- \/ Yoast SEO plugin. -->","yoast_head_json":{"title":"Christian Bale, Steve Carell, Ryan Gosling y Brad Pitt en una misma pel\u00edcula, \"The Big Short\" - Kalot","description":"No s\u00e9 ustedes pero esta nueva pel\u00edcula se ve bastante bien, aqu\u00ed les dejo el tr\u00e1iler de \"The Big Short\"  https:\/\/www.youtube.com\/watch?v=LWr8hbUkG9s","robots":{"index":"index","follow":"follow","max-snippet":"max-snippet:-1","max-image-preview":"max-image-preview:large","max-video-preview":"max-video-preview:-1"},"canonical":"https:\/\/kalot.com.mx\/site\/2015\/09\/22\/christian-bale-steve-carell-ryan-gosling-y-brad-pitt-en-una-misma-pelicula-the-big-short\/","og_locale":"es_MX","og_type":"article","og_title":"Christian Bale, Steve Carell, Ryan Gosling y Brad Pitt en una misma pel\u00edcula, \"The Big Short\" - Kalot","og_description":"No s\u00e9 ustedes pero esta nueva pel\u00edcula se ve bastante bien, aqu\u00ed les dejo el tr\u00e1iler de \"The Big Short\"  https:\/\/www.youtube.com\/watch?v=LWr8hbUkG9s","og_url":"https:\/\/kalot.com.mx\/site\/2015\/09\/22\/christian-bale-steve-carell-ryan-gosling-y-brad-pitt-en-una-misma-pelicula-the-big-short\/","og_site_name":"Kalot","article_publisher":"http:\/\/facebook.com\/mxkalot","article_author":"http:\/\/www.facebook.com\/jorgeerana","article_published_time":"2015-09-22T17:47:19+00:00","og_image":[{"width":1024,"height":768,"url":"https:\/\/i2.wp.com\/kalot.com.mx\/site\/wp-content\/uploads\/2015\/09\/7n_thebigshortstartsfilming00.jpg?fit=1024%2C768&ssl=1","type":"image\/jpeg"}],"author":"Jorge Era\u00f1a","twitter_card":"summary_large_image","twitter_creator":"@jorge_erana","twitter_site":"@kalotmx","twitter_misc":{"Escrito por":"Jorge Era\u00f1a"},"schema":{"@context":"https:\/\/schema.org","@graph":[{"@type":"Article","@id":"https:\/\/kalot.com.mx\/site\/2015\/09\/22\/christian-bale-steve-carell-ryan-gosling-y-brad-pitt-en-una-misma-pelicula-the-big-short\/#article","isPartOf":{"@id":"https:\/\/kalot.com.mx\/site\/2015\/09\/22\/christian-bale-steve-carell-ryan-gosling-y-brad-pitt-en-una-misma-pelicula-the-big-short\/"},"author":{"name":"Jorge Era\u00f1a","@id":"https:\/\/kalot.com.mx\/site\/#\/schema\/person\/439e32b5ce86d9bc80cf42ab58e1c6e0"},"headline":"Christian Bale, Steve Carell, Ryan Gosling y Brad Pitt en una misma pel\u00edcula, &#8220;The Big Short&#8221;","datePublished":"2015-09-22T17:47:19+00:00","mainEntityOfPage":{"@id":"https:\/\/kalot.com.mx\/site\/2015\/09\/22\/christian-bale-steve-carell-ryan-gosling-y-brad-pitt-en-una-misma-pelicula-the-big-short\/"},"wordCount":48,"commentCount":0,"publisher":{"@id":"https:\/\/kalot.com.mx\/site\/#organization"},"image":{"@id":"https:\/\/kalot.com.mx\/site\/2015\/09\/22\/christian-bale-steve-carell-ryan-gosling-y-brad-pitt-en-una-misma-pelicula-the-big-short\/#primaryimage"},"thumbnailUrl":"https:\/\/i0.wp.com\/kalot.com.mx\/site\/wp-content\/uploads\/2015\/09\/7n_thebigshortstartsfilming00.jpg?fit=1024%2C768&ssl=1","keywords":["The Big Short Official Trailer"],"articleSection":["Cine"],"inLanguage":"es","potentialAction":[{"@type":"CommentAction","name":"Comment","target":["https:\/\/kalot.com.mx\/site\/2015\/09\/22\/christian-bale-steve-carell-ryan-gosling-y-brad-pitt-en-una-misma-pelicula-the-big-short\/#respond"]}]},{"@type":"WebPage","@id":"https:\/\/kalot.com.mx\/site\/2015\/09\/22\/christian-bale-steve-carell-ryan-gosling-y-brad-pitt-en-una-misma-pelicula-the-big-short\/","url":"https:\/\/kalot.com.mx\/site\/2015\/09\/22\/christian-bale-steve-carell-ryan-gosling-y-brad-pitt-en-una-misma-pelicula-the-big-short\/","name":"Christian Bale, Steve Carell, Ryan Gosling y Brad Pitt en una misma pel\u00edcula, \"The Big Short\" - Kalot","isPartOf":{"@id":"https:\/\/kalot.com.mx\/site\/#website"},"primaryImageOfPage":{"@id":"https:\/\/kalot.com.mx\/site\/2015\/09\/22\/christian-bale-steve-carell-ryan-gosling-y-brad-pitt-en-una-misma-pelicula-the-big-short\/#primaryimage"},"image":{"@id":"https:\/\/kalot.com.mx\/site\/2015\/09\/22\/christian-bale-steve-carell-ryan-gosling-y-brad-pitt-en-una-misma-pelicula-the-big-short\/#primaryimage"},"thumbnailUrl":"https:\/\/i0.wp.com\/kalot.com.mx\/site\/wp-content\/uploads\/2015\/09\/7n_thebigshortstartsfilming00.jpg?fit=1024%2C768&ssl=1","datePublished":"2015-09-22T17:47:19+00:00","description":"No s\u00e9 ustedes pero esta nueva pel\u00edcula se ve bastante bien, aqu\u00ed les dejo el tr\u00e1iler de \"The Big Short\" https:\/\/www.youtube.com\/watch?v=LWr8hbUkG9s","breadcrumb":{"@id":"https:\/\/kalot.com.mx\/site\/2015\/09\/22\/christian-bale-steve-carell-ryan-gosling-y-brad-pitt-en-una-misma-pelicula-the-big-short\/#breadcrumb"},"inLanguage":"es","potentialAction":[{"@type":"ReadAction","target":["https:\/\/kalot.com.mx\/site\/2015\/09\/22\/christian-bale-steve-carell-ryan-gosling-y-brad-pitt-en-una-misma-pelicula-the-big-short\/"]}]},{"@type":"ImageObject","inLanguage":"es","@id":"https:\/\/kalot.com.mx\/site\/2015\/09\/22\/christian-bale-steve-carell-ryan-gosling-y-brad-pitt-en-una-misma-pelicula-the-big-short\/#primaryimage","url":"https:\/\/i0.wp.com\/kalot.com.mx\/site\/wp-content\/uploads\/2015\/09\/7n_thebigshortstartsfilming00.jpg?fit=1024%2C768&ssl=1","contentUrl":"https:\/\/i0.wp.com\/kalot.com.mx\/site\/wp-content\/uploads\/2015\/09\/7n_thebigshortstartsfilming00.jpg?fit=1024%2C768&ssl=1","width":1024,"height":768},{"@type":"BreadcrumbList","@id":"https:\/\/kalot.com.mx\/site\/2015\/09\/22\/christian-bale-steve-carell-ryan-gosling-y-brad-pitt-en-una-misma-pelicula-the-big-short\/#breadcrumb","itemListElement":[{"@type":"ListItem","position":1,"name":"Home","item":"https:\/\/kalot.com.mx\/site\/"},{"@type":"ListItem","position":2,"name":"Christian Bale, Steve Carell, Ryan Gosling y Brad Pitt en una misma pel\u00edcula, &#8220;The Big Short&#8221;"}]},{"@type":"WebSite","@id":"https:\/\/kalot.com.mx\/site\/#website","url":"https:\/\/kalot.com.mx\/site\/","name":"Kalot","description":"Conoce Todo Sobre Todo","publisher":{"@id":"https:\/\/kalot.com.mx\/site\/#organization"},"potentialAction":[{"@type":"SearchAction","target":{"@type":"EntryPoint","urlTemplate":"https:\/\/kalot.com.mx\/site\/?s={search_term_string}"},"query-input":{"@type":"PropertyValueSpecification","valueRequired":true,"valueName":"search_term_string"}}],"inLanguage":"es"},{"@type":"Organization","@id":"https:\/\/kalot.com.mx\/site\/#organization","name":"Kalot","url":"https:\/\/kalot.com.mx\/site\/","logo":{"@type":"ImageObject","inLanguage":"es","@id":"https:\/\/kalot.com.mx\/site\/#\/schema\/logo\/image\/","url":"https:\/\/i0.wp.com\/kalot.com.mx\/site\/wp-content\/uploads\/2020\/04\/Kalot-logo-sin-tagline.png?fit=1707%2C1014&ssl=1","contentUrl":"https:\/\/i0.wp.com\/kalot.com.mx\/site\/wp-content\/uploads\/2020\/04\/Kalot-logo-sin-tagline.png?fit=1707%2C1014&ssl=1","width":1707,"height":1014,"caption":"Kalot"},"image":{"@id":"https:\/\/kalot.com.mx\/site\/#\/schema\/logo\/image\/"},"sameAs":["http:\/\/facebook.com\/mxkalot","https:\/\/x.com\/kalotmx","http:\/\/instagram.com\/kalotmx","http:\/\/pinterest.com\/jorgeerana\/kalot"]},{"@type":"Person","@id":"https:\/\/kalot.com.mx\/site\/#\/schema\/person\/439e32b5ce86d9bc80cf42ab58e1c6e0","name":"Jorge Era\u00f1a","image":{"@type":"ImageObject","inLanguage":"es","@id":"https:\/\/secure.gravatar.com\/avatar\/212c04a1057d7abed0b82aaef6a7ff59168e10f70fcde39376c565ea83c43a85?s=96&d=mm&r=g","url":"https:\/\/secure.gravatar.com\/avatar\/212c04a1057d7abed0b82aaef6a7ff59168e10f70fcde39376c565ea83c43a85?s=96&d=mm&r=g","contentUrl":"https:\/\/secure.gravatar.com\/avatar\/212c04a1057d7abed0b82aaef6a7ff59168e10f70fcde39376c565ea83c43a85?s=96&d=mm&r=g","caption":"Jorge Era\u00f1a"},"description":"Fundador de @KalotMx Mercad\u00f3logo, amante de la tecnolog\u00eda, #Geekazo, #socialmedia, #MarketingDigital, tv-shows, movies y de la vida. Admin","sameAs":["http:\/\/www.kalot.com.mx","http:\/\/www.facebook.com\/jorgeerana","https:\/\/x.com\/jorge_erana"],"url":"https:\/\/kalot.com.mx\/site\/author\/admin\/"}]}},"jetpack_publicize_connections":[],"jetpack_featured_media_url":"https:\/\/i0.wp.com\/kalot.com.mx\/site\/wp-content\/uploads\/2015\/09\/7n_thebigshortstartsfilming00.jpg?fit=1024%2C768&ssl=1","jetpack_shortlink":"https:\/\/wp.me\/p6IHEI-68C","jetpack-related-posts":[{"id":16544,"url":"https:\/\/kalot.com.mx\/site\/2014\/05\/30\/trailer-en-espanol-de-la-pelicula-de-los-caballeros-del-zodiaco-la-leyenda-del-santuario\/","url_meta":{"origin":23598,"position":0},"title":"Tr\u00e1iler en espa\u00f1ol de la pel\u00edcula de Los Caballeros del Zodiaco: La Leyenda del Santuario","author":"Jorge Era\u00f1a","date":"30 mayo, 2014","format":false,"excerpt":"Si todav\u00eda tienen sus monitos\u00a0dorados de hace algunos ayeres, prep\u00e1rate y abr\u00e1zalo con fuerza porque aqu\u00ed est\u00e1 el tr\u00e1iler en espa\u00f1ol de su nueva pel\u00edcula Los Caballeros del Zodiaco: La Leyenda del Santuario [embedvideo id=\"B2UmEN9mOkY\" website=\"youtube\"] La pel\u00edcula se lanzar\u00e1 en septiembre de este 2014 y todo parece que Diamond\u2026","rel":"","context":"Con 3 comentarios","block_context":{"text":"Con 3 comentarios","link":"https:\/\/kalot.com.mx\/site\/2014\/05\/30\/trailer-en-espanol-de-la-pelicula-de-los-caballeros-del-zodiaco-la-leyenda-del-santuario\/#comments"},"img":{"alt_text":"","src":"https:\/\/i0.wp.com\/kalot.com.mx\/site\/wp-content\/uploads\/2014\/05\/los-caballeros-del-zodiaco-leyenda-del-santuario.jpg?fit=500%2C250&ssl=1&resize=350%2C200","width":350,"height":200},"classes":[]},{"id":24834,"url":"https:\/\/kalot.com.mx\/site\/2016\/01\/27\/nuevo-trailer-de-la-pelicula-de-angry-birds\/","url_meta":{"origin":23598,"position":1},"title":"Nuevo trailer de la pel\u00edcula de ANGRY BIRDS","author":"HM_MKT007","date":"27 enero, 2016","format":false,"excerpt":"Ten\u00edamos dudas sobre si la pel\u00edcula de ANGRY BIRDS, ten\u00eda raz\u00f3n, o por lo menos, ten\u00eda historia divertida, no estaba muy claro el panorama, pero el d\u00eda de hoy, SONY nos sorprende con su nuevo trailer, dej\u00e1ndonos ver m\u00e1s de la pel\u00edcula, y hasta cierto grado, llegar al l\u00edmite de\u2026","rel":"","context":"En &quot;Cine&quot;","block_context":{"text":"Cine","link":"https:\/\/kalot.com.mx\/site\/category\/cine\/"},"img":{"alt_text":"","src":"https:\/\/i0.wp.com\/kalot.com.mx\/site\/wp-content\/uploads\/2016\/01\/FB_angry_birds_trailer-570x297.jpg?fit=570%2C297&ssl=1&resize=350%2C200","width":350,"height":200,"srcset":"https:\/\/i0.wp.com\/kalot.com.mx\/site\/wp-content\/uploads\/2016\/01\/FB_angry_birds_trailer-570x297.jpg?fit=570%2C297&ssl=1&resize=350%2C200 1x, https:\/\/i0.wp.com\/kalot.com.mx\/site\/wp-content\/uploads\/2016\/01\/FB_angry_birds_trailer-570x297.jpg?fit=570%2C297&ssl=1&resize=525%2C300 1.5x"},"classes":[]},{"id":17292,"url":"https:\/\/kalot.com.mx\/site\/2014\/07\/18\/nuevo-trailer-de-la-pelicula-de-cantinflas\/","url_meta":{"origin":23598,"position":2},"title":"Nuevo tr\u00e1iler de la pel\u00edcula de Cantinflas","author":"Jorge Era\u00f1a","date":"18 julio, 2014","format":false,"excerpt":"La pel\u00edcula Cantinflas ya tiene su segundo tr\u00e1iler Sebasti\u00e1n del Amo tiene todo listo para que en septiembre de este a\u00f1o se estrene esta Cantinflas, pel\u00edcula que realmente se ve interesante para homenajear al m\u00e1s grande del cine Mexicano. El parecido de \u00d3scar Jaenada es impresionante con el comediante Cantinflas\u2026","rel":"","context":"Entrada similar ","block_context":{"text":"Entrada similar ","link":""},"img":{"alt_text":"cantinflas","src":"https:\/\/i0.wp.com\/kalot.com.mx\/site\/wp-content\/uploads\/2014\/07\/536420ec5827b.jpg?fit=617%2C339&ssl=1&resize=350%2C200","width":350,"height":200,"srcset":"https:\/\/i0.wp.com\/kalot.com.mx\/site\/wp-content\/uploads\/2014\/07\/536420ec5827b.jpg?fit=617%2C339&ssl=1&resize=350%2C200 1x, https:\/\/i0.wp.com\/kalot.com.mx\/site\/wp-content\/uploads\/2014\/07\/536420ec5827b.jpg?fit=617%2C339&ssl=1&resize=525%2C300 1.5x"},"classes":[]},{"id":17432,"url":"https:\/\/kalot.com.mx\/site\/2014\/07\/31\/primer-trailer-de-en-el-bosque\/","url_meta":{"origin":23598,"position":3},"title":"Primer trailer de &#8220;En el Bosque&#8221;","author":"Ivan Mendez","date":"31 julio, 2014","format":false,"excerpt":"Disney acaba de revelar el primer trailer su nueva pel\u00edcula \"En el Bosque\" adaptaci\u00f3n cinematogr\u00e1fica de una obra musical del mismo nombre. En este nuevo filme podremos ver a la super ganadora del oscar Meryl Streep que encarna a una bruja malvada. La pel\u00edcula combina diferentes y famosos cuentos como\u2026","rel":"","context":"Entrada similar ","block_context":{"text":"Entrada similar ","link":""},"img":{"alt_text":"","src":"https:\/\/i0.wp.com\/kalot.com.mx\/site\/wp-content\/uploads\/2014\/07\/283f9a93-5e09-4bed-8c7f-a02f0f91bdbe_meryl_streep_witch_into_the_woods.jpg?fit=1200%2C801&ssl=1&resize=350%2C200","width":350,"height":200,"srcset":"https:\/\/i0.wp.com\/kalot.com.mx\/site\/wp-content\/uploads\/2014\/07\/283f9a93-5e09-4bed-8c7f-a02f0f91bdbe_meryl_streep_witch_into_the_woods.jpg?fit=1200%2C801&ssl=1&resize=350%2C200 1x, https:\/\/i0.wp.com\/kalot.com.mx\/site\/wp-content\/uploads\/2014\/07\/283f9a93-5e09-4bed-8c7f-a02f0f91bdbe_meryl_streep_witch_into_the_woods.jpg?fit=1200%2C801&ssl=1&resize=525%2C300 1.5x, https:\/\/i0.wp.com\/kalot.com.mx\/site\/wp-content\/uploads\/2014\/07\/283f9a93-5e09-4bed-8c7f-a02f0f91bdbe_meryl_streep_witch_into_the_woods.jpg?fit=1200%2C801&ssl=1&resize=700%2C400 2x, https:\/\/i0.wp.com\/kalot.com.mx\/site\/wp-content\/uploads\/2014\/07\/283f9a93-5e09-4bed-8c7f-a02f0f91bdbe_meryl_streep_witch_into_the_woods.jpg?fit=1200%2C801&ssl=1&resize=1050%2C600 3x"},"classes":[]},{"id":26803,"url":"https:\/\/kalot.com.mx\/site\/2017\/01\/08\/nuevo-trailer-aro-3\/","url_meta":{"origin":23598,"position":4},"title":"Nuevo trailer de &#8220;El Aro 3&#8221;","author":"yash","date":"8 enero, 2017","format":false,"excerpt":"Paramount Pictures lanz\u00f3 el nuevo trailer de \"El Aro 3\", que mantiene la regla: tendr\u00e1s siete d\u00edas de vida una vez que has visto su v\u00eddeo. En este nuevo tr\u00e1iler se detallan las marcas de la maldici\u00f3n, mientras que tambi\u00e9n revela que los espectadores ser\u00e1n llevados de vuelta al pozo\u2026","rel":"","context":"En &quot;Cine&quot;","block_context":{"text":"Cine","link":"https:\/\/kalot.com.mx\/site\/category\/cine\/"},"img":{"alt_text":"","src":"https:\/\/i0.wp.com\/kalot.com.mx\/site\/wp-content\/uploads\/2017\/01\/el-aro3.jpg?fit=1200%2C675&ssl=1&resize=350%2C200","width":350,"height":200,"srcset":"https:\/\/i0.wp.com\/kalot.com.mx\/site\/wp-content\/uploads\/2017\/01\/el-aro3.jpg?fit=1200%2C675&ssl=1&resize=350%2C200 1x, https:\/\/i0.wp.com\/kalot.com.mx\/site\/wp-content\/uploads\/2017\/01\/el-aro3.jpg?fit=1200%2C675&ssl=1&resize=525%2C300 1.5x, https:\/\/i0.wp.com\/kalot.com.mx\/site\/wp-content\/uploads\/2017\/01\/el-aro3.jpg?fit=1200%2C675&ssl=1&resize=700%2C400 2x, https:\/\/i0.wp.com\/kalot.com.mx\/site\/wp-content\/uploads\/2017\/01\/el-aro3.jpg?fit=1200%2C675&ssl=1&resize=1050%2C600 3x"},"classes":[]},{"id":20120,"url":"https:\/\/kalot.com.mx\/site\/2015\/01\/22\/trailer-debut-de-la-pelicula-dead-rising-watchtower\/","url_meta":{"origin":23598,"position":5},"title":"TRAILER DEBUT de la Pel\u00edcula DEAD RISING: WATCHTOWER","author":"HM_MKT007","date":"22 enero, 2015","format":false,"excerpt":"Creo que la moda Zombie dista mucho de pasar de moda, y la de llevar videojuegos a pel\u00edculas esta viviendo un peculiar ascenso de su popularidad, porque sab\u00edamos que se estaba desarrollando una pel\u00edcula del famoso juego DEAD RISING, por parte de SONY PICTURES, pero hoy, tenemos por parte de\u2026","rel":"","context":"Entrada similar ","block_context":{"text":"Entrada similar ","link":""},"img":{"alt_text":"","src":"https:\/\/i0.wp.com\/kalot.com.mx\/site\/wp-content\/uploads\/2015\/01\/latest.jpg?fit=1200%2C900&ssl=1&resize=350%2C200","width":350,"height":200,"srcset":"https:\/\/i0.wp.com\/kalot.com.mx\/site\/wp-content\/uploads\/2015\/01\/latest.jpg?fit=1200%2C900&ssl=1&resize=350%2C200 1x, https:\/\/i0.wp.com\/kalot.com.mx\/site\/wp-content\/uploads\/2015\/01\/latest.jpg?fit=1200%2C900&ssl=1&resize=525%2C300 1.5x, https:\/\/i0.wp.com\/kalot.com.mx\/site\/wp-content\/uploads\/2015\/01\/latest.jpg?fit=1200%2C900&ssl=1&resize=700%2C400 2x, https:\/\/i0.wp.com\/kalot.com.mx\/site\/wp-content\/uploads\/2015\/01\/latest.jpg?fit=1200%2C900&ssl=1&resize=1050%2C600 3x"},"classes":[]}],"jetpack_sharing_enabled":true,"_links":{"self":[{"href":"https:\/\/kalot.com.mx\/site\/wp-json\/wp\/v2\/posts\/23598","targetHints":{"allow":["GET"]}}],"collection":[{"href":"https:\/\/kalot.com.mx\/site\/wp-json\/wp\/v2\/posts"}],"about":[{"href":"https:\/\/kalot.com.mx\/site\/wp-json\/wp\/v2\/types\/post"}],"author":[{"embeddable":true,"href":"https:\/\/kalot.com.mx\/site\/wp-json\/wp\/v2\/users\/1"}],"replies":[{"embeddable":true,"href":"https:\/\/kalot.com.mx\/site\/wp-json\/wp\/v2\/comments?post=23598"}],"version-history":[{"count":1,"href":"https:\/\/kalot.com.mx\/site\/wp-json\/wp\/v2\/posts\/23598\/revisions"}],"predecessor-version":[{"id":23600,"href":"https:\/\/kalot.com.mx\/site\/wp-json\/wp\/v2\/posts\/23598\/revisions\/23600"}],"wp:featuredmedia":[{"embeddable":true,"href":"https:\/\/kalot.com.mx\/site\/wp-json\/wp\/v2\/media\/23599"}],"wp:attachment":[{"href":"https:\/\/kalot.com.mx\/site\/wp-json\/wp\/v2\/media?parent=23598"}],"wp:term":[{"taxonomy":"category","embeddable":true,"href":"https:\/\/kalot.com.mx\/site\/wp-json\/wp\/v2\/categories?post=23598"},{"taxonomy":"post_tag","embeddable":true,"href":"https:\/\/kalot.com.mx\/site\/wp-json\/wp\/v2\/tags?post=23598"}],"curies":[{"name":"wp","href":"https:\/\/api.w.org\/{rel}","templated":true}]}}