{"id":23370,"date":"2015-09-07T22:01:21","date_gmt":"2015-09-08T03:01:21","guid":{"rendered":"http:\/\/www.kalot.com.mx\/?p=23370"},"modified":"2015-09-17T22:22:02","modified_gmt":"2015-09-18T04:22:02","slug":"a-30-anos-del-sismo","status":"publish","type":"post","link":"https:\/\/kalot.com.mx\/site\/2015\/09\/07\/a-30-anos-del-sismo\/","title":{"rendered":"A 30 a\u00f1os del sismo"},"content":{"rendered":"<p>Pronto se cumplir\u00e1n 30 a\u00f1os del terrible sismo que\u00a0(nos)\u00a0azot\u00f3 a la ciudad de M\u00e9xico. El 19 de septiembre de 1985 es una fecha que todos tenemos de una forma u otra presente y que hasta hoy nos sigue dejando mucha zozobra al recordarla.<\/p>\n<p>&nbsp;<\/p>\n<figure id=\"attachment_23371\" aria-describedby=\"caption-attachment-23371\" style=\"width: 623px\" class=\"wp-caption aligncenter\"><a href=\"https:\/\/i0.wp.com\/kalot.com.mx\/site\/wp-content\/uploads\/2015\/09\/sismo3.jpg\"><img data-recalc-dims=\"1\" fetchpriority=\"high\" decoding=\"async\" data-attachment-id=\"23371\" data-permalink=\"https:\/\/kalot.com.mx\/site\/2015\/09\/07\/a-30-anos-del-sismo\/sismo3\/\" data-orig-file=\"https:\/\/i0.wp.com\/kalot.com.mx\/site\/wp-content\/uploads\/2015\/09\/sismo3.jpg?fit=623%2C397&amp;ssl=1\" data-orig-size=\"623,397\" data-comments-opened=\"1\" data-image-meta=\"{&quot;aperture&quot;:&quot;0&quot;,&quot;credit&quot;:&quot;&quot;,&quot;camera&quot;:&quot;&quot;,&quot;caption&quot;:&quot;&quot;,&quot;created_timestamp&quot;:&quot;0&quot;,&quot;copyright&quot;:&quot;&quot;,&quot;focal_length&quot;:&quot;0&quot;,&quot;iso&quot;:&quot;0&quot;,&quot;shutter_speed&quot;:&quot;0&quot;,&quot;title&quot;:&quot;&quot;,&quot;orientation&quot;:&quot;0&quot;}\" data-image-title=\"1985\" data-image-description=\"\" data-image-caption=\"&lt;p&gt;Foto: culturacolectiva.com&lt;\/p&gt;\n\" data-large-file=\"https:\/\/i0.wp.com\/kalot.com.mx\/site\/wp-content\/uploads\/2015\/09\/sismo3.jpg?fit=623%2C397&amp;ssl=1\" class=\"wp-image-23371 size-full\" src=\"https:\/\/i0.wp.com\/kalot.com.mx\/site\/wp-content\/uploads\/2015\/09\/sismo3.jpg?resize=623%2C397\" alt=\"\" width=\"623\" height=\"397\" srcset=\"https:\/\/i0.wp.com\/kalot.com.mx\/site\/wp-content\/uploads\/2015\/09\/sismo3.jpg?w=623&amp;ssl=1 623w, https:\/\/i0.wp.com\/kalot.com.mx\/site\/wp-content\/uploads\/2015\/09\/sismo3.jpg?resize=300%2C191&amp;ssl=1 300w\" sizes=\"(max-width: 623px) 100vw, 623px\" \/><\/a><figcaption id=\"caption-attachment-23371\" class=\"wp-caption-text\">Foto: culturacolectiva.com<\/figcaption><\/figure>\n<div><\/div>\n<div>Son variados los eventos conmemorativos de este 30 aniversario. En este espacio quiero compartirles uno en especial que estar\u00e1 envuelto en el arte del body paint con lecturas de poes\u00eda y varias actividades m\u00e1s. Organiza la UVyD, misma que se fund\u00f3 a ra\u00edz de este suceso y que durante lo que va de este a\u00f1o ha realizado varios eventos de distintas \u00edndoles, todos enfocados a distintas ramas del arte.<\/div>\n<div><\/div>\n<div><a href=\"https:\/\/i0.wp.com\/kalot.com.mx\/site\/wp-content\/uploads\/2015\/09\/sismo1.jpg\"><img data-recalc-dims=\"1\" decoding=\"async\" data-attachment-id=\"23372\" data-permalink=\"https:\/\/kalot.com.mx\/site\/2015\/09\/07\/a-30-anos-del-sismo\/sismo1\/\" data-orig-file=\"https:\/\/i0.wp.com\/kalot.com.mx\/site\/wp-content\/uploads\/2015\/09\/sismo1.jpg?fit=530%2C530&amp;ssl=1\" data-orig-size=\"530,530\" data-comments-opened=\"1\" data-image-meta=\"{&quot;aperture&quot;:&quot;0&quot;,&quot;credit&quot;:&quot;&quot;,&quot;camera&quot;:&quot;&quot;,&quot;caption&quot;:&quot;&quot;,&quot;created_timestamp&quot;:&quot;0&quot;,&quot;copyright&quot;:&quot;&quot;,&quot;focal_length&quot;:&quot;0&quot;,&quot;iso&quot;:&quot;0&quot;,&quot;shutter_speed&quot;:&quot;0&quot;,&quot;title&quot;:&quot;&quot;,&quot;orientation&quot;:&quot;0&quot;}\" data-image-title=\"Cuerpo y sismo\" data-image-description=\"\" data-image-caption=\"\" data-large-file=\"https:\/\/i0.wp.com\/kalot.com.mx\/site\/wp-content\/uploads\/2015\/09\/sismo1.jpg?fit=530%2C530&amp;ssl=1\" class=\"aligncenter wp-image-23372 size-full\" src=\"https:\/\/i0.wp.com\/kalot.com.mx\/site\/wp-content\/uploads\/2015\/09\/sismo1.jpg?resize=530%2C530\" alt=\"\" width=\"530\" height=\"530\" srcset=\"https:\/\/i0.wp.com\/kalot.com.mx\/site\/wp-content\/uploads\/2015\/09\/sismo1.jpg?w=530&amp;ssl=1 530w, https:\/\/i0.wp.com\/kalot.com.mx\/site\/wp-content\/uploads\/2015\/09\/sismo1.jpg?resize=150%2C150&amp;ssl=1 150w, https:\/\/i0.wp.com\/kalot.com.mx\/site\/wp-content\/uploads\/2015\/09\/sismo1.jpg?resize=300%2C300&amp;ssl=1 300w\" sizes=\"(max-width: 530px) 100vw, 530px\" \/><\/a><\/div>\n<div><\/div>\n<div><\/div>\n<div>Ac\u00e9rquense\u00a0a la conmemoraci\u00f3n, ser\u00e1 un momento de mucha emotividad. La cita es el pr\u00f3ximo s\u00e1bado 19 de septiembre a las 14:00 horas en la plaza R\u00edo de Janeiro en el coraz\u00f3n de la Colonia Roma.<\/div>\n<div><a href=\"https:\/\/www.facebook.com\/events\/778990635543439\/\">https:\/\/www.facebook.com\/events\/778990635543439\/<\/a><\/div>\n","protected":false},"excerpt":{"rendered":"Pronto se cumplir\u00e1n 30 a\u00f1os del terrible sismo que\u00a0(nos)\u00a0azot\u00f3 a la ciudad de M\u00e9xico. El 19 de septiembre&hellip;\n","protected":false},"author":131,"featured_media":23372,"comment_status":"open","ping_status":"open","sticky":false,"template":"","format":"standard","meta":{"_jetpack_newsletter_access":"","_jetpack_dont_email_post_to_subs":false,"_jetpack_newsletter_tier_id":0,"_jetpack_memberships_contains_paywalled_content":false,"_jetpack_feature_clip_id":0,"_jetpack_memberships_contains_paid_content":false,"footnotes":"","jetpack_publicize_message":"","jetpack_publicize_feature_enabled":true,"jetpack_social_post_already_shared":false,"jetpack_social_options":{"image_generator_settings":{"template":"highway","default_image_id":0,"font":"","enabled":false},"version":2},"jetpack_post_was_ever_published":false},"categories":[14],"tags":[],"class_list":["post-23370","post","type-post","status-publish","format-standard","has-post-thumbnail","category-eventos","cs-entry","cs-video-wrap"],"yoast_head":"<!-- This site is optimized with the Yoast SEO plugin v28.4 - https:\/\/yoast.com\/product\/yoast-seo-wordpress\/ -->\n<title>A 30 a\u00f1os del sismo - Kalot<\/title>\n<meta name=\"description\" content=\"Pronto se cumplir\u00e1n 30 a\u00f1os del terrible sismo que\u00a0(nos)\u00a0azot\u00f3 a la ciudad de M\u00e9xico. El 19 de septiembre de 1985 es una fecha que todos tenemos de una\" \/>\n<meta name=\"robots\" content=\"index, follow, max-snippet:-1, max-image-preview:large, max-video-preview:-1\" \/>\n<link rel=\"canonical\" href=\"https:\/\/kalot.com.mx\/site\/2015\/09\/07\/a-30-anos-del-sismo\/\" \/>\n<meta property=\"og:locale\" content=\"es_MX\" \/>\n<meta property=\"og:type\" content=\"article\" \/>\n<meta property=\"og:title\" content=\"A 30 a\u00f1os del sismo - Kalot\" \/>\n<meta property=\"og:description\" content=\"Pronto se cumplir\u00e1n 30 a\u00f1os del terrible sismo que\u00a0(nos)\u00a0azot\u00f3 a la ciudad de M\u00e9xico. El 19 de septiembre de 1985 es una fecha que todos tenemos de una\" \/>\n<meta property=\"og:url\" content=\"https:\/\/kalot.com.mx\/site\/2015\/09\/07\/a-30-anos-del-sismo\/\" \/>\n<meta property=\"og:site_name\" content=\"Kalot\" \/>\n<meta property=\"article:publisher\" content=\"http:\/\/facebook.com\/mxkalot\" \/>\n<meta property=\"article:author\" content=\"https:\/\/www.facebook.com\/amexicanpoet\" \/>\n<meta property=\"article:published_time\" content=\"2015-09-08T03:01:21+00:00\" \/>\n<meta property=\"article:modified_time\" content=\"2015-09-18T04:22:02+00:00\" \/>\n<meta property=\"og:image\" content=\"https:\/\/i2.wp.com\/kalot.com.mx\/site\/wp-content\/uploads\/2015\/09\/sismo1.jpg?fit=530%2C530&ssl=1\" \/>\n\t<meta property=\"og:image:width\" content=\"530\" \/>\n\t<meta property=\"og:image:height\" content=\"530\" \/>\n\t<meta property=\"og:image:type\" content=\"image\/jpeg\" \/>\n<meta name=\"author\" content=\"Armando Ortiz\" \/>\n<meta name=\"twitter:card\" content=\"summary_large_image\" \/>\n<meta name=\"twitter:creator\" content=\"@i_am_aov\" \/>\n<meta name=\"twitter:site\" content=\"@kalotmx\" \/>\n<meta name=\"twitter:label1\" content=\"Escrito por\" \/>\n\t<meta name=\"twitter:data1\" content=\"Armando Ortiz\" \/>\n\t<meta name=\"twitter:label2\" content=\"Tiempo de lectura\" \/>\n\t<meta name=\"twitter:data2\" content=\"1 minuto\" \/>\n<!-- \/ Yoast SEO plugin. -->","yoast_head_json":{"title":"A 30 a\u00f1os del sismo - Kalot","description":"Pronto se cumplir\u00e1n 30 a\u00f1os del terrible sismo que\u00a0(nos)\u00a0azot\u00f3 a la ciudad de M\u00e9xico. El 19 de septiembre de 1985 es una fecha que todos tenemos de una","robots":{"index":"index","follow":"follow","max-snippet":"max-snippet:-1","max-image-preview":"max-image-preview:large","max-video-preview":"max-video-preview:-1"},"canonical":"https:\/\/kalot.com.mx\/site\/2015\/09\/07\/a-30-anos-del-sismo\/","og_locale":"es_MX","og_type":"article","og_title":"A 30 a\u00f1os del sismo - Kalot","og_description":"Pronto se cumplir\u00e1n 30 a\u00f1os del terrible sismo que\u00a0(nos)\u00a0azot\u00f3 a la ciudad de M\u00e9xico. El 19 de septiembre de 1985 es una fecha que todos tenemos de una","og_url":"https:\/\/kalot.com.mx\/site\/2015\/09\/07\/a-30-anos-del-sismo\/","og_site_name":"Kalot","article_publisher":"http:\/\/facebook.com\/mxkalot","article_author":"https:\/\/www.facebook.com\/amexicanpoet","article_published_time":"2015-09-08T03:01:21+00:00","article_modified_time":"2015-09-18T04:22:02+00:00","og_image":[{"width":530,"height":530,"url":"https:\/\/i2.wp.com\/kalot.com.mx\/site\/wp-content\/uploads\/2015\/09\/sismo1.jpg?fit=530%2C530&ssl=1","type":"image\/jpeg"}],"author":"Armando Ortiz","twitter_card":"summary_large_image","twitter_creator":"@i_am_aov","twitter_site":"@kalotmx","twitter_misc":{"Escrito por":"Armando Ortiz","Tiempo de lectura":"1 minuto"},"schema":{"@context":"https:\/\/schema.org","@graph":[{"@type":"Article","@id":"https:\/\/kalot.com.mx\/site\/2015\/09\/07\/a-30-anos-del-sismo\/#article","isPartOf":{"@id":"https:\/\/kalot.com.mx\/site\/2015\/09\/07\/a-30-anos-del-sismo\/"},"author":{"name":"Armando Ortiz","@id":"https:\/\/kalot.com.mx\/site\/#\/schema\/person\/b5b8560ac3bae05df2b965c82cfa62d6"},"headline":"A 30 a\u00f1os del sismo","datePublished":"2015-09-08T03:01:21+00:00","dateModified":"2015-09-18T04:22:02+00:00","mainEntityOfPage":{"@id":"https:\/\/kalot.com.mx\/site\/2015\/09\/07\/a-30-anos-del-sismo\/"},"wordCount":178,"commentCount":0,"publisher":{"@id":"https:\/\/kalot.com.mx\/site\/#organization"},"image":{"@id":"https:\/\/kalot.com.mx\/site\/2015\/09\/07\/a-30-anos-del-sismo\/#primaryimage"},"thumbnailUrl":"https:\/\/i0.wp.com\/kalot.com.mx\/site\/wp-content\/uploads\/2015\/09\/sismo1.jpg?fit=530%2C530&ssl=1","articleSection":["Eventos"],"inLanguage":"es","potentialAction":[{"@type":"CommentAction","name":"Comment","target":["https:\/\/kalot.com.mx\/site\/2015\/09\/07\/a-30-anos-del-sismo\/#respond"]}]},{"@type":"WebPage","@id":"https:\/\/kalot.com.mx\/site\/2015\/09\/07\/a-30-anos-del-sismo\/","url":"https:\/\/kalot.com.mx\/site\/2015\/09\/07\/a-30-anos-del-sismo\/","name":"A 30 a\u00f1os del sismo - Kalot","isPartOf":{"@id":"https:\/\/kalot.com.mx\/site\/#website"},"primaryImageOfPage":{"@id":"https:\/\/kalot.com.mx\/site\/2015\/09\/07\/a-30-anos-del-sismo\/#primaryimage"},"image":{"@id":"https:\/\/kalot.com.mx\/site\/2015\/09\/07\/a-30-anos-del-sismo\/#primaryimage"},"thumbnailUrl":"https:\/\/i0.wp.com\/kalot.com.mx\/site\/wp-content\/uploads\/2015\/09\/sismo1.jpg?fit=530%2C530&ssl=1","datePublished":"2015-09-08T03:01:21+00:00","dateModified":"2015-09-18T04:22:02+00:00","description":"Pronto se cumplir\u00e1n 30 a\u00f1os del terrible sismo que\u00a0(nos)\u00a0azot\u00f3 a la ciudad de M\u00e9xico. El 19 de septiembre de 1985 es una fecha que todos tenemos de una","breadcrumb":{"@id":"https:\/\/kalot.com.mx\/site\/2015\/09\/07\/a-30-anos-del-sismo\/#breadcrumb"},"inLanguage":"es","potentialAction":[{"@type":"ReadAction","target":["https:\/\/kalot.com.mx\/site\/2015\/09\/07\/a-30-anos-del-sismo\/"]}]},{"@type":"ImageObject","inLanguage":"es","@id":"https:\/\/kalot.com.mx\/site\/2015\/09\/07\/a-30-anos-del-sismo\/#primaryimage","url":"https:\/\/i0.wp.com\/kalot.com.mx\/site\/wp-content\/uploads\/2015\/09\/sismo1.jpg?fit=530%2C530&ssl=1","contentUrl":"https:\/\/i0.wp.com\/kalot.com.mx\/site\/wp-content\/uploads\/2015\/09\/sismo1.jpg?fit=530%2C530&ssl=1","width":530,"height":530},{"@type":"BreadcrumbList","@id":"https:\/\/kalot.com.mx\/site\/2015\/09\/07\/a-30-anos-del-sismo\/#breadcrumb","itemListElement":[{"@type":"ListItem","position":1,"name":"Home","item":"https:\/\/kalot.com.mx\/site\/"},{"@type":"ListItem","position":2,"name":"A 30 a\u00f1os del sismo"}]},{"@type":"WebSite","@id":"https:\/\/kalot.com.mx\/site\/#website","url":"https:\/\/kalot.com.mx\/site\/","name":"Kalot","description":"Conoce Todo Sobre Todo","publisher":{"@id":"https:\/\/kalot.com.mx\/site\/#organization"},"potentialAction":[{"@type":"SearchAction","target":{"@type":"EntryPoint","urlTemplate":"https:\/\/kalot.com.mx\/site\/?s={search_term_string}"},"query-input":{"@type":"PropertyValueSpecification","valueRequired":true,"valueName":"search_term_string"}}],"inLanguage":"es"},{"@type":"Organization","@id":"https:\/\/kalot.com.mx\/site\/#organization","name":"Kalot","url":"https:\/\/kalot.com.mx\/site\/","logo":{"@type":"ImageObject","inLanguage":"es","@id":"https:\/\/kalot.com.mx\/site\/#\/schema\/logo\/image\/","url":"https:\/\/i0.wp.com\/kalot.com.mx\/site\/wp-content\/uploads\/2020\/04\/Kalot-logo-sin-tagline.png?fit=1707%2C1014&ssl=1","contentUrl":"https:\/\/i0.wp.com\/kalot.com.mx\/site\/wp-content\/uploads\/2020\/04\/Kalot-logo-sin-tagline.png?fit=1707%2C1014&ssl=1","width":1707,"height":1014,"caption":"Kalot"},"image":{"@id":"https:\/\/kalot.com.mx\/site\/#\/schema\/logo\/image\/"},"sameAs":["http:\/\/facebook.com\/mxkalot","https:\/\/x.com\/kalotmx","http:\/\/instagram.com\/kalotmx","http:\/\/pinterest.com\/jorgeerana\/kalot"]},{"@type":"Person","@id":"https:\/\/kalot.com.mx\/site\/#\/schema\/person\/b5b8560ac3bae05df2b965c82cfa62d6","name":"Armando Ortiz","image":{"@type":"ImageObject","inLanguage":"es","@id":"https:\/\/secure.gravatar.com\/avatar\/4b10405a30d3489d08d6c47c861cbeee884a65737f8be24fa5d8b2470a153f06?s=96&d=mm&r=g","url":"https:\/\/secure.gravatar.com\/avatar\/4b10405a30d3489d08d6c47c861cbeee884a65737f8be24fa5d8b2470a153f06?s=96&d=mm&r=g","contentUrl":"https:\/\/secure.gravatar.com\/avatar\/4b10405a30d3489d08d6c47c861cbeee884a65737f8be24fa5d8b2470a153f06?s=96&d=mm&r=g","caption":"Armando Ortiz"},"description":"Soy un apasionado de las letras, la m\u00fasica y el cine. Escribo desde la sangre con tinta hecha ideas. Poeta en ebullici\u00f3n en busca de la trascendencia por medio del amor.","sameAs":["https:\/\/www.facebook.com\/amexicanpoet","https:\/\/x.com\/@i_am_aov","http:\/\/lunadeojoscafe.tumblr.com\/"],"url":"https:\/\/kalot.com.mx\/site\/author\/armando\/"}]}},"jetpack_publicize_connections":[],"jetpack_shortlink":"https:\/\/wp.me\/p6IHEI-64W","jetpack-related-posts":[{"id":24399,"url":"https:\/\/kalot.com.mx\/site\/2015\/12\/01\/mexico-encuentro-de-las-artes-escenicas\/","url_meta":{"origin":23370,"position":0},"title":"M\u00e9xico: Encuentro de las artes esc\u00e9nicas.","author":"Brenda A","date":"1 diciembre, 2015","format":false,"excerpt":"No ser\u00eda justo pasarnos la vida criticando la poca difusi\u00f3n de eventos culturales, as\u00ed que aprovechando la plataforma y a la audiencia, es hora de hacer labor. As\u00ed que les informo y aliento a que asistan a los eventos que ser\u00e1n parte de M\u00e9xico: Encuentro de las artes esc\u00e9nicas que\u2026","rel":"","context":"En &quot;Cultura&quot;","block_context":{"text":"Cultura","link":"https:\/\/kalot.com.mx\/site\/category\/cultura\/"},"img":{"alt_text":"","src":"https:\/\/i0.wp.com\/kalot.com.mx\/site\/wp-content\/uploads\/2015\/12\/Artes-escenicas3.jpg?fit=640%2C480&ssl=1&resize=350%2C200","width":350,"height":200,"srcset":"https:\/\/i0.wp.com\/kalot.com.mx\/site\/wp-content\/uploads\/2015\/12\/Artes-escenicas3.jpg?fit=640%2C480&ssl=1&resize=350%2C200 1x, https:\/\/i0.wp.com\/kalot.com.mx\/site\/wp-content\/uploads\/2015\/12\/Artes-escenicas3.jpg?fit=640%2C480&ssl=1&resize=525%2C300 1.5x"},"classes":[]},{"id":2487,"url":"https:\/\/kalot.com.mx\/site\/2013\/09\/27\/el-arte-y-el-marketing-deben-de-ser-compas-dulcemireles\/","url_meta":{"origin":23370,"position":1},"title":"#Marketing y #Arte deben de ser compas by @DulceMireles","author":"Dulce Mireles","date":"27 septiembre, 2013","format":false,"excerpt":"Hace unos d\u00edas me encontr\u00e9 un art\u00edculo en Merca 2.0 donde se habla acerca de las lecciones del arte hacia el marketing, aqu\u00ed lo pueden consultar www.merca20.com\/4-lecciones-del-arte-hacia-el-marketing\/ Fue un art\u00edculo que me gust\u00f3 mucho, porque desde que inicie mis estudios en Marketing siempre he estado convencida de que el arte\u2026","rel":"","context":"En &quot;Sin categor\u00eda&quot;","block_context":{"text":"Sin categor\u00eda","link":"https:\/\/kalot.com.mx\/site\/category\/sin-categoria\/"},"img":{"alt_text":"","src":"https:\/\/i0.wp.com\/kalot.com.mx\/site\/wp-content\/uploads\/2013\/09\/Cd_absolut-mexico_2.jpg?fit=679%2C419&ssl=1&resize=350%2C200","width":350,"height":200,"srcset":"https:\/\/i0.wp.com\/kalot.com.mx\/site\/wp-content\/uploads\/2013\/09\/Cd_absolut-mexico_2.jpg?fit=679%2C419&ssl=1&resize=350%2C200 1x, https:\/\/i0.wp.com\/kalot.com.mx\/site\/wp-content\/uploads\/2013\/09\/Cd_absolut-mexico_2.jpg?fit=679%2C419&ssl=1&resize=525%2C300 1.5x"},"classes":[]},{"id":13373,"url":"https:\/\/kalot.com.mx\/site\/2014\/03\/13\/eventos-de-marzo\/","url_meta":{"origin":23370,"position":2},"title":"Eventos de Marzo","author":"David S\u00e1nchez","date":"13 marzo, 2014","format":false,"excerpt":"Muchachos chichos y muchachas chichas, se nos vienen unas semanas de puros conciertos y eventos musicales antes del festival de San Luis por ah\u00ed de mediados de abril. Ya con esto de por medio, quiero anunciarles que les traeremos grandes pero GRANDES sorpresas para estos eventos. Empezando por Electric Daisy\u2026","rel":"","context":"En &quot;Sin categor\u00eda&quot;","block_context":{"text":"Sin categor\u00eda","link":"https:\/\/kalot.com.mx\/site\/category\/sin-categoria\/"},"img":{"alt_text":"","src":"https:\/\/i0.wp.com\/kalot.com.mx\/site\/wp-content\/uploads\/2014\/03\/qq.jpg?fit=1200%2C675&ssl=1&resize=350%2C200","width":350,"height":200,"srcset":"https:\/\/i0.wp.com\/kalot.com.mx\/site\/wp-content\/uploads\/2014\/03\/qq.jpg?fit=1200%2C675&ssl=1&resize=350%2C200 1x, https:\/\/i0.wp.com\/kalot.com.mx\/site\/wp-content\/uploads\/2014\/03\/qq.jpg?fit=1200%2C675&ssl=1&resize=525%2C300 1.5x, https:\/\/i0.wp.com\/kalot.com.mx\/site\/wp-content\/uploads\/2014\/03\/qq.jpg?fit=1200%2C675&ssl=1&resize=700%2C400 2x, https:\/\/i0.wp.com\/kalot.com.mx\/site\/wp-content\/uploads\/2014\/03\/qq.jpg?fit=1200%2C675&ssl=1&resize=1050%2C600 3x"},"classes":[]},{"id":23602,"url":"https:\/\/kalot.com.mx\/site\/2015\/09\/22\/estamos-realmente-preparados-para-catastrofes-naturales\/","url_meta":{"origin":23370,"position":3},"title":"\u00bfEstamos realmente preparados para cat\u00e1strofes naturales?","author":"Brenda A","date":"22 septiembre, 2015","format":false,"excerpt":"Un 19 de septiembre la ciudad de M\u00e9xico se sacudi\u00f3 violentamente, sorprendi\u00f3 a la poblaci\u00f3n y al gobierno, a 30 a\u00f1os del terremoto de 1985, \u00bfrealmente estamos preparados para contingencias de ese tipo? Ya que se acaban de cumplir 30 a\u00f1os desde el terremoto de 1985 en M\u00e9xico, y nos\u2026","rel":"","context":"En &quot;Eventos&quot;","block_context":{"text":"Eventos","link":"https:\/\/kalot.com.mx\/site\/category\/eventos\/"},"img":{"alt_text":"","src":"https:\/\/i0.wp.com\/kalot.com.mx\/site\/wp-content\/uploads\/2015\/09\/terremoto-la-falla-de-san-andres.jpg?fit=627%2C363&ssl=1&resize=350%2C200","width":350,"height":200,"srcset":"https:\/\/i0.wp.com\/kalot.com.mx\/site\/wp-content\/uploads\/2015\/09\/terremoto-la-falla-de-san-andres.jpg?fit=627%2C363&ssl=1&resize=350%2C200 1x, https:\/\/i0.wp.com\/kalot.com.mx\/site\/wp-content\/uploads\/2015\/09\/terremoto-la-falla-de-san-andres.jpg?fit=627%2C363&ssl=1&resize=525%2C300 1.5x"},"classes":[]},{"id":18547,"url":"https:\/\/kalot.com.mx\/site\/2014\/10\/06\/ballet-kiev\/","url_meta":{"origin":23370,"position":4},"title":"Ballet de Kiev en San Luis","author":"David S\u00e1nchez","date":"6 octubre, 2014","format":false,"excerpt":"Mis queridos animalitos de la creaci\u00f3n los extra\u00f1o mucho. Y si es que no he escrito es porque les tendr\u00e9 varias sorpresas en estos 2 meses. Y la primera de ellas es que estaremos cubriendo 2 de los eventos m\u00e1s importantes que se llevaran acabo en San Luis Potos\u00ed. El\u2026","rel":"","context":"Con 1 comentario","block_context":{"text":"Con 1 comentario","link":"https:\/\/kalot.com.mx\/site\/2014\/10\/06\/ballet-kiev\/#comments"},"img":{"alt_text":"","src":"https:\/\/i0.wp.com\/kalot.com.mx\/site\/wp-content\/uploads\/2014\/10\/balletKiev_WEB2.jpg?fit=1200%2C781&ssl=1&resize=350%2C200","width":350,"height":200,"srcset":"https:\/\/i0.wp.com\/kalot.com.mx\/site\/wp-content\/uploads\/2014\/10\/balletKiev_WEB2.jpg?fit=1200%2C781&ssl=1&resize=350%2C200 1x, https:\/\/i0.wp.com\/kalot.com.mx\/site\/wp-content\/uploads\/2014\/10\/balletKiev_WEB2.jpg?fit=1200%2C781&ssl=1&resize=525%2C300 1.5x, https:\/\/i0.wp.com\/kalot.com.mx\/site\/wp-content\/uploads\/2014\/10\/balletKiev_WEB2.jpg?fit=1200%2C781&ssl=1&resize=700%2C400 2x, https:\/\/i0.wp.com\/kalot.com.mx\/site\/wp-content\/uploads\/2014\/10\/balletKiev_WEB2.jpg?fit=1200%2C781&ssl=1&resize=1050%2C600 3x"},"classes":[]},{"id":27516,"url":"https:\/\/kalot.com.mx\/site\/2017\/10\/22\/movielist\/","url_meta":{"origin":23370,"position":5},"title":"Movielist","author":"Doctor Caligari","date":"22 octubre, 2017","format":false,"excerpt":"Sentada en mi cuarto contemplo la extra\u00f1a sensaci\u00f3n que produce el fijo cuidado en el movimiento de mis poros. Inahalar y exhalar. Desde los vellos de la nariz hasta los de mis pies, percibo la fortuna de sentir temor, o algo as\u00ed. Pasados los d\u00edas record\u00e9 que en realidad llevaba\u2026","rel":"","context":"En &quot;Cultura&quot;","block_context":{"text":"Cultura","link":"https:\/\/kalot.com.mx\/site\/category\/cultura\/"},"img":{"alt_text":"","src":"https:\/\/i0.wp.com\/kalot.com.mx\/site\/wp-content\/uploads\/2017\/10\/8057a01c-74ea-458a-a38d-20c233b146a3.jpeg?fit=1200%2C675&ssl=1&resize=350%2C200","width":350,"height":200,"srcset":"https:\/\/i0.wp.com\/kalot.com.mx\/site\/wp-content\/uploads\/2017\/10\/8057a01c-74ea-458a-a38d-20c233b146a3.jpeg?fit=1200%2C675&ssl=1&resize=350%2C200 1x, https:\/\/i0.wp.com\/kalot.com.mx\/site\/wp-content\/uploads\/2017\/10\/8057a01c-74ea-458a-a38d-20c233b146a3.jpeg?fit=1200%2C675&ssl=1&resize=525%2C300 1.5x, https:\/\/i0.wp.com\/kalot.com.mx\/site\/wp-content\/uploads\/2017\/10\/8057a01c-74ea-458a-a38d-20c233b146a3.jpeg?fit=1200%2C675&ssl=1&resize=700%2C400 2x, https:\/\/i0.wp.com\/kalot.com.mx\/site\/wp-content\/uploads\/2017\/10\/8057a01c-74ea-458a-a38d-20c233b146a3.jpeg?fit=1200%2C675&ssl=1&resize=1050%2C600 3x"},"classes":[]}],"jetpack_sharing_enabled":true,"jetpack_featured_media_url":"https:\/\/i0.wp.com\/kalot.com.mx\/site\/wp-content\/uploads\/2015\/09\/sismo1.jpg?fit=530%2C530&ssl=1","_links":{"self":[{"href":"https:\/\/kalot.com.mx\/site\/wp-json\/wp\/v2\/posts\/23370","targetHints":{"allow":["GET"]}}],"collection":[{"href":"https:\/\/kalot.com.mx\/site\/wp-json\/wp\/v2\/posts"}],"about":[{"href":"https:\/\/kalot.com.mx\/site\/wp-json\/wp\/v2\/types\/post"}],"author":[{"embeddable":true,"href":"https:\/\/kalot.com.mx\/site\/wp-json\/wp\/v2\/users\/131"}],"replies":[{"embeddable":true,"href":"https:\/\/kalot.com.mx\/site\/wp-json\/wp\/v2\/comments?post=23370"}],"version-history":[{"count":5,"href":"https:\/\/kalot.com.mx\/site\/wp-json\/wp\/v2\/posts\/23370\/revisions"}],"predecessor-version":[{"id":23537,"href":"https:\/\/kalot.com.mx\/site\/wp-json\/wp\/v2\/posts\/23370\/revisions\/23537"}],"wp:featuredmedia":[{"embeddable":true,"href":"https:\/\/kalot.com.mx\/site\/wp-json\/wp\/v2\/media\/23372"}],"wp:attachment":[{"href":"https:\/\/kalot.com.mx\/site\/wp-json\/wp\/v2\/media?parent=23370"}],"wp:term":[{"taxonomy":"category","embeddable":true,"href":"https:\/\/kalot.com.mx\/site\/wp-json\/wp\/v2\/categories?post=23370"},{"taxonomy":"post_tag","embeddable":true,"href":"https:\/\/kalot.com.mx\/site\/wp-json\/wp\/v2\/tags?post=23370"}],"curies":[{"name":"wp","href":"https:\/\/api.w.org\/{rel}","templated":true}]}}