{"id":23325,"date":"2015-09-03T09:53:06","date_gmt":"2015-09-03T14:53:06","guid":{"rendered":"http:\/\/www.kalot.com.mx\/?p=23325"},"modified":"2015-09-03T10:20:46","modified_gmt":"2015-09-03T15:20:46","slug":"nuevo-moto-360-presentado-oficialmente-en-el-ifa-2015","status":"publish","type":"post","link":"https:\/\/kalot.com.mx\/site\/2015\/09\/03\/nuevo-moto-360-presentado-oficialmente-en-el-ifa-2015\/","title":{"rendered":"Nuevo MOTO 360 presentado oficialmente en el IFA 2015"},"content":{"rendered":"<p style=\"text-align: justify\">Uno de los dispositivos m\u00e1s hermosos en toda su concepci\u00f3n, y que marco lo que debe ser un reloj inteligente en toda su idea, desde su estructura f\u00edsica, su forma, la pantalla esf\u00e9rica, su similitud a un reloj convencional, que da la sensaci\u00f3n de tener un verdadero reloj, a diferencia de los cuadrados que te hacen sentir que traes un aparatejo m\u00e1s, el MOTO 360, represento una revoluci\u00f3n y por supuesto, un \u00e9xito en las ventas.<\/p>\n<p style=\"text-align: justify\">Desde hace tiempo, esper\u00e1bamos ver una renovaci\u00f3n, y el NUEVO MOTO 360, se presento oficialmente en el IFA 2015, y aunque los cambios internamente no son tan grandes si van en la l\u00ednea de lo que todos los Smartwatch manejan, de hecho, la diferencia con el modelo 1, no es tan notable, pero en t\u00e9rminos est\u00e9ticos y de bater\u00eda, es mucho mejor, y por supuesto el dise\u00f1o es parte primordial del equipo, y lo deja nuevamente como uno de los m\u00e1s elegantes y bonitos del mercado.<\/p>\n<p><span class=\"embed-youtube\" style=\"text-align:center; display: block;\"><iframe class=\"youtube-player\" width=\"1200\" height=\"675\" src=\"https:\/\/www.youtube.com\/embed\/Q0prQniEZTA?version=3&#038;rel=1&#038;showsearch=0&#038;showinfo=1&#038;iv_load_policy=1&#038;fs=1&#038;hl=es-MX&#038;autohide=2&#038;wmode=transparent\" allowfullscreen=\"true\" style=\"border:0;\" sandbox=\"allow-scripts allow-same-origin allow-popups allow-presentation allow-popups-to-escape-sandbox\"><\/iframe><\/span><\/p>\n<p style=\"text-align: justify\">En esta ocasi\u00f3n, el MOTO 360, llega con un abanico de opciones m\u00e1s grande, aunque tuvo a MOTO MAKER de su lado, las opciones eran m\u00e1s limitadas a las opciones actuales, porque tenemos no solo un tama\u00f1o de esfera, sino 2, y por si fuera poco, una versi\u00f3n deportiva, pero claro, sin olvidar las oportunidades que presenta MOTO MAKER nuevamente, con m\u00e1s correas, colores de la caja, y de materiales, por lo que ser\u00e1 m\u00e1s personal el reloj.<\/p>\n<p style=\"text-align: justify\">Se mantiene la pantalla redonda, y lo seguir\u00e1n haciendo mucho tiempo, se presenta un dise\u00f1o m\u00e1s cl\u00e1sico, con la opci\u00f3n de la caja y correas de manera m\u00e1s noble y m\u00e1s real en su estructura cl\u00e1sica, mucho m\u00e1s est\u00e9tico visualmente, y se ve realmente m\u00e1s cl\u00e1sico el dise\u00f1o, adem\u00e1s de que cambia la posici\u00f3n de su bot\u00f3n, lo sube a una posici\u00f3n m\u00e1s c\u00f3moda, que evita se presione de manera accidental, y no genere complicaciones en su manejo, ahora, es m\u00e1s c\u00f3modo de presionar, comprendiendo que es un gadget y no un reloj precisamente, mantiene su base de Carga inalambrica, en una base exactamente igual que la anterior, en la pantalla, si bien no nos encanta, vemos nuevamente esa banda negra, que evita una pantalla totalmente circular, pero su funci\u00f3n, es tener los sensores y permitir tener m\u00e1s pantalla en el reloj, y no tanta caja exhibida.<\/p>\n<p style=\"text-align: justify\"><img data-recalc-dims=\"1\" fetchpriority=\"high\" decoding=\"async\" class=\"centro_sinmarco aligncenter\" src=\"https:\/\/i0.wp.com\/i.blogs.es\/972530\/moto_360_-2nd-gen-_42mm_cognac_charging\/650_1200.jpg?resize=294%2C295\" alt=\"Moto 360 2nd Gen 42mm Cognac Charging\" width=\"294\" height=\"295\" \/><\/p>\n<div class=\"article-asset-image article-asset-normal\" style=\"text-align: justify\"><\/div>\n<p style=\"text-align: justify\">El modelo m\u00e1s grande, el de 46mm, es ahora m\u00e1s delgado, se va hasta los 11.46mm de grosor, aunque en ese sentido, el grosor nunca es limitante ni problem\u00e1tica, muchos relojes convencionales son incluso m\u00e1s gruesos que el Moto 360 original, pero se agradece el esfuerzo por hacerlo m\u00e1s c\u00f3modo a la mu\u00f1eca, y sea de paso decirlo, el modelo con correas met\u00e1licas, es sencillamente HERMOSO, es realmente una pieza de tecnolog\u00eda que cumple con lo que es, un aparato que traeremos todo el d\u00eda puesto, as\u00ed que entre m\u00e1s bonito mejor.<\/p>\n<div class=\"article-asset-image article-asset-normal\" style=\"text-align: justify\">\n<div class=\"asset-content\"><img data-recalc-dims=\"1\" decoding=\"async\" class=\"centro_sinmarco aligncenter\" src=\"https:\/\/i0.wp.com\/i.blogs.es\/725c50\/moto_360_-2nd-gen-_womens_silver_angle\/650_1200.jpg?resize=281%2C338\" alt=\"Moto 360 2nd Gen Womens Silver Angle\" width=\"281\" height=\"338\" \/><\/div>\n<\/div>\n<p style=\"text-align: justify\">La pantalla, nuevamente se presenta como semicircular, porque tenemos como coment\u00e1bamos, la banda negra en la parte inferior con los sensores del reloj, pero eso s\u00ed, con el tama\u00f1o y dem\u00e1s, nos dan un 71% de pantalla en todo el frontal del reloj, lo cual evita que aunque es un reloj amplio desde su versi\u00f3n 1, son muy compactos en la mu\u00f1eca debido a eso mismo, por lo que es un precio est\u00e9tico que vale la pena, y realmente no es algo que incomode.<\/p>\n<p style=\"text-align: justify\">Como mencion\u00e1bamos, los cambios internos son poco relativos, se crece la opci\u00f3n de bater\u00eda a 400 mAh en la versi\u00f3n mayor y en 300 mAh en el peque\u00f1o, pero nos aseguran una autonom\u00eda que duplica al original, en 2 d\u00edas de uso normal, en uso excesivo ser\u00e1 mucho menor, eso no sucede gracias a m\u00e1s bater\u00eda, sino a un nuevo procesador m\u00e1s eficiente, que es el SNAPDRAGON 400 en su nueva revisi\u00f3n, lo acompa\u00f1a 512mb de RAM y 4GB de memoria interna, lo cual no se sale mucho de lo anteriormente usado y de toda la l\u00ednea de smartwatch actuales.<\/p>\n<p style=\"text-align: justify\"><img data-recalc-dims=\"1\" decoding=\"async\" class=\"centro_sinmarco aligncenter\" src=\"https:\/\/i0.wp.com\/i.blogs.es\/a494d4\/moto_360_-2nd-gen-_46mm_black_gold_angle\/650_1200.jpg?resize=311%2C312\" alt=\"Moto 360 2nd Gen 46mm Black Gold Angle\" width=\"311\" height=\"312\" \/><\/p>\n<p style=\"text-align: justify\">Desde el modelo original, tenemos conectividad WIFI, solo que esa caracter\u00edstica para poder usarlo sin tenerlo conectado por BLUETOOTH al smartphone, llego con la actualizaci\u00f3n de software m\u00e1s reciente, en este momento, el NUEVO MOTO 360, lo presentar\u00e1 de forma nativa, por lo que funciona de mucho mejor manera.<\/p>\n<p style=\"text-align: justify\">La pantalla, es mucho m\u00e1s grande, el de 42mm, va con un tama\u00f1o de 1.37 pulgadas, y el de 46.5mm va con una pantalla de 1.56mm, aunque ambos cuentan con la misma resoluci\u00f3n, de 360*325 p\u00edxeles, que son bastante razonable para el tama\u00f1o de pantalla y su funcionalidad, en este sentido, no veremos grandes cambios respecto al original, pues la autonom\u00eda no puede ser comprometida por un factor que no genera diferenciaci\u00f3n.<\/p>\n<p style=\"text-align: justify\">En cuanto a Correas, tenemos un mundo de opciones, primero, pensando en las variedades de CAJAS del reloj, nos dan por lo menos 8 opciones considerando tama\u00f1o, tenemos el color PLATA, GRIS, DORADO y ORO ROSADO, que considerando los dos tama\u00f1o, nos dan esas 8 diferentes opciones, que se adaptan a los gustos y exigencias de los clientes, adem\u00e1s, de que nos facilitan la opci\u00f3n de cambio de correas, pues tienen muchas m\u00e1s opciones, y la estructura de personalizaci\u00f3n es m\u00e1s sencilla gracias al nuevo dise\u00f1o del reloj, que lo hace m\u00e1s convencional, en el anterior modelo, sol\u00eda romperse f\u00e1cilmente la base pl\u00e1stica del reloj al forzarlo al cambio de correa, por lo que era de mucho m\u00e1s cuidado, en este nuevo dise\u00f1o, cambiar la correa, no compromete en ning\u00fan momento partes esenciales del reloj.<\/p>\n<p style=\"text-align: justify\">Ahora, el mercado femenino, tiene una gran oportunidad de usar este reloj, que pese a ser muy bonito, no tiene mucho sentido est\u00e9tico para este mercado, ahora, desde la caja, las diversa correas, y sus combinaciones posibles, tendr\u00e1n alguna opci\u00f3n que complete sus necesidades.<\/p>\n<div class=\"article-asset-image article-asset-normal\" style=\"text-align: justify\">\n<div class=\"asset-content\"><img data-recalc-dims=\"1\" loading=\"lazy\" decoding=\"async\" class=\"centro_sinmarco aligncenter\" src=\"https:\/\/i0.wp.com\/i.blogs.es\/d33dfd\/moto_360_-2nd-gen-_combo_lifestyle\/650_1200.jpg?resize=311%2C208\" alt=\"Moto 360 2nd Gen Combo Lifestyle\" width=\"311\" height=\"208\" \/><\/div>\n<\/div>\n<p style=\"text-align: justify\">Los NUEVOS \u00a0MOTO 360, vienen en un precio alto\u00a0tomando en cuenta el precio actual del MOTO 360, no mucho a consideraci\u00f3n de la competencia, o del APPLE WATCH, pero si a considerarse, por el cambio est\u00e9tico, la mejora de autonom\u00eda, la personalizaci\u00f3n, seguramente lo vale.<\/p>\n<p style=\"text-align: justify\">Lo tendremos en un precio de 309 euros en el m\u00e1s chico, con la correa b\u00e1sica de piel, y en el m\u00e1s grande, con la misma correa se va a 359 euros, la versi\u00f3n femenina, va con un precio de 329 euros,\u00a0su precio americano ser\u00e1 el mismo pero en d\u00f3lares, lo que nos hace pensar que en mercado nacional, podr\u00edamos tener un precio que rondar\u00eda los $5,500.00 en el modelo m\u00e1s b\u00e1sico y de menor tama\u00f1o, el m\u00e1s grande se situar\u00eda por los $6,000.00 en tanto que el femenino estar\u00eda por ah\u00ed de los $5,800.00, claro que habr\u00eda que esperar a la fijaci\u00f3n de precio nacional, pero estar\u00eda por esos niveles en los modelos b\u00e1sicos.<\/p>\n<p style=\"text-align: justify\">En esta ocasi\u00f3n, Motorola no olvida a que es un reloj inteligente, y que es usado como monitor card\u00edaco o de actividad f\u00edsica gracias a sus sensor en la parte trasera, que dicho sea de paso, se mantiene en todos los modelos, pero en esta vez, presentan un MOTO 360 SPORT, que precisamente para esto incluye funci\u00f3n GPS aut\u00f3noma, adem\u00e1s de un mejor sensor card\u00edaco para una funci\u00f3n m\u00e1s precisa, pero no es todo, nos permitir\u00e1 escuchar m\u00fasica con unos auriculares Bluetooth, usando el reloj con WIFI.<\/p>\n<div class=\"article-asset-image article-asset-normal\" style=\"text-align: justify\">\n<div class=\"asset-content\"><img data-recalc-dims=\"1\" loading=\"lazy\" decoding=\"async\" class=\"centro_sinmarco aligncenter\" src=\"https:\/\/i0.wp.com\/i.blogs.es\/ffb29e\/image006\/650_1200.jpg?resize=397%2C243\" alt=\"Image006\" width=\"397\" height=\"243\" \/><\/div>\n<\/div>\n<p style=\"text-align: justify\">Si bien desde la versi\u00f3n 1 es contra agua, esta versi\u00f3n deportiva al igual que los dem\u00e1s, mantiene esa caracter\u00edstica, su correa, cambia a ser de silicona, con opci\u00f3n a retirarla de forma sencilla para su limpieza, adem\u00e1s de que la pantalla, mejorar\u00eda solo para esta versi\u00f3n, con una tecnolog\u00eda llamada AnyLight que mejora la visibilidad en exteriores, que realmente no es necesaria por la gran calidad de la pantalla, pero se agradece, esto obviamente se traduce en un precio mayor, pero que de momento desconocemos.<\/p>\n<p style=\"text-align: justify\">As\u00ed que MOTOROLA toma lo mejor de su MOTO 360 original, lo revoluciona a un modelo que es una mera evoluci\u00f3n de tendencias, con mejor dise\u00f1o, mejor acomodo, mejores materiales de personalizaci\u00f3n, m\u00e1s tama\u00f1os y m\u00e1s colores, pero toma parte de la estrategia de variedad de APPLE, agreg\u00e1ndola para\u00a0mejorar su versi\u00f3n de MOTO MAKER, y conseguir hacerlo un poco\u00a0m\u00e1s completo, m\u00e1s atractivo y que adem\u00e1s, les permite abarca mucho m\u00e1s mercados, y considerando que <a href=\"http:\/\/www.kalot.com.mx\/2015\/09\/01\/google-ataca-nuevamente-android-wear-ya-es-compatible-con-ios\/\">ANDROID WEAR<\/a> es compatible ahora con iOS, sin duda, ser\u00e1 una excelente opci\u00f3n a considerar por todos, tanto de ANDROID como de iOS.<\/p>\n","protected":false},"excerpt":{"rendered":"Uno de los dispositivos m\u00e1s hermosos en toda su concepci\u00f3n, y que marco lo que debe ser un&hellip;\n","protected":false},"author":11,"featured_media":23329,"comment_status":"open","ping_status":"open","sticky":false,"template":"","format":"standard","meta":{"jetpack_post_was_ever_published":false,"_jetpack_newsletter_access":"","_jetpack_dont_email_post_to_subs":false,"_jetpack_newsletter_tier_id":0,"_jetpack_memberships_contains_paywalled_content":false,"_jetpack_memberships_contains_paid_content":false,"footnotes":"","jetpack_publicize_message":"","jetpack_publicize_feature_enabled":true,"jetpack_social_post_already_shared":false,"jetpack_social_options":{"image_generator_settings":{"template":"highway","default_image_id":0,"font":"","enabled":false},"version":2}},"categories":[],"tags":[],"class_list":{"0":"post-23325","1":"post","2":"type-post","3":"status-publish","4":"format-standard","5":"has-post-thumbnail","7":"cs-entry","8":"cs-video-wrap"},"yoast_head":"<!-- This site is optimized with the Yoast SEO plugin v27.4 - https:\/\/yoast.com\/product\/yoast-seo-wordpress\/ -->\n<title>Nuevo MOTO 360 presentado oficialmente en el IFA 2015 - Kalot<\/title>\n<meta name=\"description\" content=\"Uno de los dispositivos m\u00e1s hermosos en toda su concepci\u00f3n, y que marco lo que debe ser un reloj inteligente en toda su idea, desde su estructura f\u00edsica,\" \/>\n<meta name=\"robots\" content=\"index, follow, max-snippet:-1, max-image-preview:large, max-video-preview:-1\" \/>\n<link rel=\"canonical\" href=\"https:\/\/kalot.com.mx\/site\/2015\/09\/03\/nuevo-moto-360-presentado-oficialmente-en-el-ifa-2015\/\" \/>\n<meta property=\"og:locale\" content=\"es_MX\" \/>\n<meta property=\"og:type\" content=\"article\" \/>\n<meta property=\"og:title\" content=\"Nuevo MOTO 360 presentado oficialmente en el IFA 2015 - Kalot\" \/>\n<meta property=\"og:description\" content=\"Uno de los dispositivos m\u00e1s hermosos en toda su concepci\u00f3n, y que marco lo que debe ser un reloj inteligente en toda su idea, desde su estructura f\u00edsica,\" \/>\n<meta property=\"og:url\" content=\"https:\/\/kalot.com.mx\/site\/2015\/09\/03\/nuevo-moto-360-presentado-oficialmente-en-el-ifa-2015\/\" \/>\n<meta property=\"og:site_name\" content=\"Kalot\" \/>\n<meta property=\"article:publisher\" content=\"http:\/\/facebook.com\/mxkalot\" \/>\n<meta property=\"article:published_time\" content=\"2015-09-03T14:53:06+00:00\" \/>\n<meta property=\"article:modified_time\" content=\"2015-09-03T15:20:46+00:00\" \/>\n<meta property=\"og:image\" content=\"https:\/\/i1.wp.com\/kalot.com.mx\/site\/wp-content\/uploads\/2015\/09\/650_1200.jpg?fit=650%2C433&ssl=1\" \/>\n\t<meta property=\"og:image:width\" content=\"650\" \/>\n\t<meta property=\"og:image:height\" content=\"433\" \/>\n\t<meta property=\"og:image:type\" content=\"image\/jpeg\" \/>\n<meta name=\"author\" content=\"HM_MKT007\" \/>\n<meta name=\"twitter:card\" content=\"summary_large_image\" \/>\n<meta name=\"twitter:creator\" content=\"@HM_MKT007\" \/>\n<meta name=\"twitter:site\" content=\"@kalotmx\" \/>\n<meta name=\"twitter:label1\" content=\"Escrito por\" \/>\n\t<meta name=\"twitter:data1\" content=\"HM_MKT007\" \/>\n\t<meta name=\"twitter:label2\" content=\"Tiempo de lectura\" \/>\n\t<meta name=\"twitter:data2\" content=\"8 minutos\" \/>\n<!-- \/ Yoast SEO plugin. -->","yoast_head_json":{"title":"Nuevo MOTO 360 presentado oficialmente en el IFA 2015 - Kalot","description":"Uno de los dispositivos m\u00e1s hermosos en toda su concepci\u00f3n, y que marco lo que debe ser un reloj inteligente en toda su idea, desde su estructura f\u00edsica,","robots":{"index":"index","follow":"follow","max-snippet":"max-snippet:-1","max-image-preview":"max-image-preview:large","max-video-preview":"max-video-preview:-1"},"canonical":"https:\/\/kalot.com.mx\/site\/2015\/09\/03\/nuevo-moto-360-presentado-oficialmente-en-el-ifa-2015\/","og_locale":"es_MX","og_type":"article","og_title":"Nuevo MOTO 360 presentado oficialmente en el IFA 2015 - Kalot","og_description":"Uno de los dispositivos m\u00e1s hermosos en toda su concepci\u00f3n, y que marco lo que debe ser un reloj inteligente en toda su idea, desde su estructura f\u00edsica,","og_url":"https:\/\/kalot.com.mx\/site\/2015\/09\/03\/nuevo-moto-360-presentado-oficialmente-en-el-ifa-2015\/","og_site_name":"Kalot","article_publisher":"http:\/\/facebook.com\/mxkalot","article_published_time":"2015-09-03T14:53:06+00:00","article_modified_time":"2015-09-03T15:20:46+00:00","og_image":[{"width":650,"height":433,"url":"https:\/\/i1.wp.com\/kalot.com.mx\/site\/wp-content\/uploads\/2015\/09\/650_1200.jpg?fit=650%2C433&ssl=1","type":"image\/jpeg"}],"author":"HM_MKT007","twitter_card":"summary_large_image","twitter_creator":"@HM_MKT007","twitter_site":"@kalotmx","twitter_misc":{"Escrito por":"HM_MKT007","Tiempo de lectura":"8 minutos"},"schema":{"@context":"https:\/\/schema.org","@graph":[{"@type":"Article","@id":"https:\/\/kalot.com.mx\/site\/2015\/09\/03\/nuevo-moto-360-presentado-oficialmente-en-el-ifa-2015\/#article","isPartOf":{"@id":"https:\/\/kalot.com.mx\/site\/2015\/09\/03\/nuevo-moto-360-presentado-oficialmente-en-el-ifa-2015\/"},"author":{"name":"HM_MKT007","@id":"https:\/\/kalot.com.mx\/site\/#\/schema\/person\/60f6fe29bfd83707f2738bccc81156ec"},"headline":"Nuevo MOTO 360 presentado oficialmente en el IFA 2015","datePublished":"2015-09-03T14:53:06+00:00","dateModified":"2015-09-03T15:20:46+00:00","mainEntityOfPage":{"@id":"https:\/\/kalot.com.mx\/site\/2015\/09\/03\/nuevo-moto-360-presentado-oficialmente-en-el-ifa-2015\/"},"wordCount":1536,"commentCount":0,"publisher":{"@id":"https:\/\/kalot.com.mx\/site\/#organization"},"image":{"@id":"https:\/\/kalot.com.mx\/site\/2015\/09\/03\/nuevo-moto-360-presentado-oficialmente-en-el-ifa-2015\/#primaryimage"},"thumbnailUrl":"https:\/\/i0.wp.com\/kalot.com.mx\/site\/wp-content\/uploads\/2015\/09\/650_1200.jpg?fit=650%2C433&ssl=1","inLanguage":"es","potentialAction":[{"@type":"CommentAction","name":"Comment","target":["https:\/\/kalot.com.mx\/site\/2015\/09\/03\/nuevo-moto-360-presentado-oficialmente-en-el-ifa-2015\/#respond"]}]},{"@type":"WebPage","@id":"https:\/\/kalot.com.mx\/site\/2015\/09\/03\/nuevo-moto-360-presentado-oficialmente-en-el-ifa-2015\/","url":"https:\/\/kalot.com.mx\/site\/2015\/09\/03\/nuevo-moto-360-presentado-oficialmente-en-el-ifa-2015\/","name":"Nuevo MOTO 360 presentado oficialmente en el IFA 2015 - Kalot","isPartOf":{"@id":"https:\/\/kalot.com.mx\/site\/#website"},"primaryImageOfPage":{"@id":"https:\/\/kalot.com.mx\/site\/2015\/09\/03\/nuevo-moto-360-presentado-oficialmente-en-el-ifa-2015\/#primaryimage"},"image":{"@id":"https:\/\/kalot.com.mx\/site\/2015\/09\/03\/nuevo-moto-360-presentado-oficialmente-en-el-ifa-2015\/#primaryimage"},"thumbnailUrl":"https:\/\/i0.wp.com\/kalot.com.mx\/site\/wp-content\/uploads\/2015\/09\/650_1200.jpg?fit=650%2C433&ssl=1","datePublished":"2015-09-03T14:53:06+00:00","dateModified":"2015-09-03T15:20:46+00:00","description":"Uno de los dispositivos m\u00e1s hermosos en toda su concepci\u00f3n, y que marco lo que debe ser un reloj inteligente en toda su idea, desde su estructura f\u00edsica,","breadcrumb":{"@id":"https:\/\/kalot.com.mx\/site\/2015\/09\/03\/nuevo-moto-360-presentado-oficialmente-en-el-ifa-2015\/#breadcrumb"},"inLanguage":"es","potentialAction":[{"@type":"ReadAction","target":["https:\/\/kalot.com.mx\/site\/2015\/09\/03\/nuevo-moto-360-presentado-oficialmente-en-el-ifa-2015\/"]}]},{"@type":"ImageObject","inLanguage":"es","@id":"https:\/\/kalot.com.mx\/site\/2015\/09\/03\/nuevo-moto-360-presentado-oficialmente-en-el-ifa-2015\/#primaryimage","url":"https:\/\/i0.wp.com\/kalot.com.mx\/site\/wp-content\/uploads\/2015\/09\/650_1200.jpg?fit=650%2C433&ssl=1","contentUrl":"https:\/\/i0.wp.com\/kalot.com.mx\/site\/wp-content\/uploads\/2015\/09\/650_1200.jpg?fit=650%2C433&ssl=1","width":650,"height":433},{"@type":"BreadcrumbList","@id":"https:\/\/kalot.com.mx\/site\/2015\/09\/03\/nuevo-moto-360-presentado-oficialmente-en-el-ifa-2015\/#breadcrumb","itemListElement":[{"@type":"ListItem","position":1,"name":"Home","item":"https:\/\/kalot.com.mx\/site\/"},{"@type":"ListItem","position":2,"name":"Nuevo MOTO 360 presentado oficialmente en el IFA 2015"}]},{"@type":"WebSite","@id":"https:\/\/kalot.com.mx\/site\/#website","url":"https:\/\/kalot.com.mx\/site\/","name":"Kalot","description":"Conoce Todo Sobre Todo","publisher":{"@id":"https:\/\/kalot.com.mx\/site\/#organization"},"potentialAction":[{"@type":"SearchAction","target":{"@type":"EntryPoint","urlTemplate":"https:\/\/kalot.com.mx\/site\/?s={search_term_string}"},"query-input":{"@type":"PropertyValueSpecification","valueRequired":true,"valueName":"search_term_string"}}],"inLanguage":"es"},{"@type":"Organization","@id":"https:\/\/kalot.com.mx\/site\/#organization","name":"Kalot","url":"https:\/\/kalot.com.mx\/site\/","logo":{"@type":"ImageObject","inLanguage":"es","@id":"https:\/\/kalot.com.mx\/site\/#\/schema\/logo\/image\/","url":"https:\/\/i0.wp.com\/kalot.com.mx\/site\/wp-content\/uploads\/2020\/04\/Kalot-logo-sin-tagline.png?fit=1707%2C1014&ssl=1","contentUrl":"https:\/\/i0.wp.com\/kalot.com.mx\/site\/wp-content\/uploads\/2020\/04\/Kalot-logo-sin-tagline.png?fit=1707%2C1014&ssl=1","width":1707,"height":1014,"caption":"Kalot"},"image":{"@id":"https:\/\/kalot.com.mx\/site\/#\/schema\/logo\/image\/"},"sameAs":["http:\/\/facebook.com\/mxkalot","https:\/\/x.com\/kalotmx","http:\/\/instagram.com\/kalotmx","http:\/\/pinterest.com\/jorgeerana\/kalot"]},{"@type":"Person","@id":"https:\/\/kalot.com.mx\/site\/#\/schema\/person\/60f6fe29bfd83707f2738bccc81156ec","name":"HM_MKT007","image":{"@type":"ImageObject","inLanguage":"es","@id":"https:\/\/secure.gravatar.com\/avatar\/8d5ec09079a21301186c9f7e8b973012363772e45326c576666fe5c082ebd717?s=96&d=mm&r=g","url":"https:\/\/secure.gravatar.com\/avatar\/8d5ec09079a21301186c9f7e8b973012363772e45326c576666fe5c082ebd717?s=96&d=mm&r=g","contentUrl":"https:\/\/secure.gravatar.com\/avatar\/8d5ec09079a21301186c9f7e8b973012363772e45326c576666fe5c082ebd717?s=96&d=mm&r=g","caption":"HM_MKT007"},"sameAs":["https:\/\/x.com\/@HM_MKT007"],"url":"https:\/\/kalot.com.mx\/site\/author\/hectorhdz\/"}]}},"jetpack_publicize_connections":[],"jetpack_featured_media_url":"https:\/\/i0.wp.com\/kalot.com.mx\/site\/wp-content\/uploads\/2015\/09\/650_1200.jpg?fit=650%2C433&ssl=1","jetpack_shortlink":"https:\/\/wp.me\/p6IHEI-64d","jetpack-related-posts":[{"id":16385,"url":"https:\/\/kalot.com.mx\/site\/2014\/05\/26\/un-smartwatch-de-microsoft\/","url_meta":{"origin":23325,"position":0},"title":"\u00bfUn Smartwatch de Microsoft?","author":"Cecilia Mata","date":"26 mayo, 2014","format":false,"excerpt":"Microsoft puede estar detr\u00e1s de la tecnolog\u00eda wearable o de los gadgets de la tecnolog\u00eda vestible, al que querr\u00eda aportar su propio smartwatch. Un registro en la oficina de patentes estadounidense ha sacado los rumores acerca de un posible reloj inteligente de la marca Microsoft. Ya que en una solicitud,\u2026","rel":"","context":"Entrada similar ","block_context":{"text":"Entrada similar ","link":""},"img":{"alt_text":"","src":"https:\/\/i0.wp.com\/kalot.com.mx\/site\/wp-content\/uploads\/2014\/05\/Windows-Smartwatch.jpg?fit=950%2C534&ssl=1&resize=350%2C200","width":350,"height":200,"srcset":"https:\/\/i0.wp.com\/kalot.com.mx\/site\/wp-content\/uploads\/2014\/05\/Windows-Smartwatch.jpg?fit=950%2C534&ssl=1&resize=350%2C200 1x, https:\/\/i0.wp.com\/kalot.com.mx\/site\/wp-content\/uploads\/2014\/05\/Windows-Smartwatch.jpg?fit=950%2C534&ssl=1&resize=525%2C300 1.5x, https:\/\/i0.wp.com\/kalot.com.mx\/site\/wp-content\/uploads\/2014\/05\/Windows-Smartwatch.jpg?fit=950%2C534&ssl=1&resize=700%2C400 2x"},"classes":[]},{"id":17774,"url":"https:\/\/kalot.com.mx\/site\/2014\/08\/28\/samsung-gear-s-un-smartwatch-como-debe-de-ser\/","url_meta":{"origin":23325,"position":1},"title":"SAMSUNG GEAR S, un SMARTWATCH como debe de ser.","author":"HM_MKT007","date":"28 agosto, 2014","format":false,"excerpt":"Este nuevo mercado que se esta empezando a \u00a0abrir camino, el de los SMARTWATCH, empez\u00f3 quiz\u00e1 no como nosotros esperar\u00edamos, pero de poco en poco a repuntado muy bien, porque los fabricantes ya le est\u00e1n empezando a agarrar forma a como deben de ir estos equipos, muchos como accesorios, sin\u2026","rel":"","context":"En &quot;Sin categor\u00eda&quot;","block_context":{"text":"Sin categor\u00eda","link":"https:\/\/kalot.com.mx\/site\/category\/sin-categoria\/"},"img":{"alt_text":"","src":"https:\/\/i0.wp.com\/kalot.com.mx\/site\/wp-content\/uploads\/2014\/08\/650_1000_gear_s_office_man.jpg?fit=650%2C529&ssl=1&resize=350%2C200","width":350,"height":200,"srcset":"https:\/\/i0.wp.com\/kalot.com.mx\/site\/wp-content\/uploads\/2014\/08\/650_1000_gear_s_office_man.jpg?fit=650%2C529&ssl=1&resize=350%2C200 1x, https:\/\/i0.wp.com\/kalot.com.mx\/site\/wp-content\/uploads\/2014\/08\/650_1000_gear_s_office_man.jpg?fit=650%2C529&ssl=1&resize=525%2C300 1.5x"},"classes":[]},{"id":20562,"url":"https:\/\/kalot.com.mx\/site\/2015\/02\/26\/que-debe-de-tener-y-hacer-un-smartwatch\/","url_meta":{"origin":23325,"position":2},"title":"\u00bfQue debe de tener y hacer un SmartWatch?","author":"HM_MKT007","date":"26 febrero, 2015","format":false,"excerpt":"Existen muchos temas hoy en d\u00eda que nos hacen pensar en que futuro nos espera en cuanto al aspecto tecnol\u00f3gico, sabemos que se est\u00e1n desarrollando \"N\" cantidad de nuevas tecnolog\u00edas que quiz\u00e1 a\u00f1os atr\u00e1s no nos habr\u00edamos imaginado, y que en un par de a\u00f1os, podr\u00edamos ver cristalizadas como realidades,\u2026","rel":"","context":"Entrada similar ","block_context":{"text":"Entrada similar ","link":""},"img":{"alt_text":"","src":"https:\/\/i0.wp.com\/kalot.com.mx\/site\/wp-content\/uploads\/2015\/02\/top-5-smart-watches-2014-cover.jpg?fit=1124%2C660&ssl=1&resize=350%2C200","width":350,"height":200,"srcset":"https:\/\/i0.wp.com\/kalot.com.mx\/site\/wp-content\/uploads\/2015\/02\/top-5-smart-watches-2014-cover.jpg?fit=1124%2C660&ssl=1&resize=350%2C200 1x, https:\/\/i0.wp.com\/kalot.com.mx\/site\/wp-content\/uploads\/2015\/02\/top-5-smart-watches-2014-cover.jpg?fit=1124%2C660&ssl=1&resize=525%2C300 1.5x, https:\/\/i0.wp.com\/kalot.com.mx\/site\/wp-content\/uploads\/2015\/02\/top-5-smart-watches-2014-cover.jpg?fit=1124%2C660&ssl=1&resize=700%2C400 2x, https:\/\/i0.wp.com\/kalot.com.mx\/site\/wp-content\/uploads\/2015\/02\/top-5-smart-watches-2014-cover.jpg?fit=1124%2C660&ssl=1&resize=1050%2C600 3x"},"classes":[]},{"id":23253,"url":"https:\/\/kalot.com.mx\/site\/2015\/09\/01\/google-ataca-nuevamente-android-wear-ya-es-compatible-con-ios\/","url_meta":{"origin":23325,"position":3},"title":"GOOGLE ataca nuevamente, ANDROID WEAR ya es COMPATIBLE con iOS","author":"HM_MKT007","date":"1 septiembre, 2015","format":false,"excerpt":"Todos sabemos que el APPLE WATCH esta en buen camino en el mundo de los SMARTWATCH pese a su elevado costo, y pese a que no a todos les acaba de convencer, es un hecho que los de APPLE saben hacer las cosas, y est\u00e1n entrando con pie fuerte en\u2026","rel":"","context":"Entrada similar ","block_context":{"text":"Entrada similar ","link":""},"img":{"alt_text":"","src":"https:\/\/i0.wp.com\/kalot.com.mx\/site\/wp-content\/uploads\/2015\/09\/iPhone-notifications-Android-Wear.png?fit=600%2C342&ssl=1&resize=350%2C200","width":350,"height":200,"srcset":"https:\/\/i0.wp.com\/kalot.com.mx\/site\/wp-content\/uploads\/2015\/09\/iPhone-notifications-Android-Wear.png?fit=600%2C342&ssl=1&resize=350%2C200 1x, https:\/\/i0.wp.com\/kalot.com.mx\/site\/wp-content\/uploads\/2015\/09\/iPhone-notifications-Android-Wear.png?fit=600%2C342&ssl=1&resize=525%2C300 1.5x"},"classes":[]},{"id":582,"url":"https:\/\/kalot.com.mx\/site\/2013\/09\/04\/lanzamiento-del-reloj-inteligente-de-samsung-con-ustedes-el-galaxy-gear\/","url_meta":{"origin":23325,"position":4},"title":"Lanzamiento del reloj inteligente de Samsung; con ustedes el Galaxy Gear","author":"Jorge Era\u00f1a","date":"4 septiembre, 2013","format":false,"excerpt":"\u00a0 Samsung por fin present\u00f3 su reloj inteligente en su conferencia titulada #UNPACKED realizada en el IFA 2013.\u00a0Cabe mencionar que el nuevo gadget presentado por los coreanos ser\u00e1 el compa\u00f1ero ideal para emparejar con el Galaxy Note 3. Despu\u00e9s de una gran corriente de rumores relacionados con el iWatch que\u2026","rel":"","context":"Entrada similar ","block_context":{"text":"Entrada similar ","link":""},"img":{"alt_text":"","src":"https:\/\/i0.wp.com\/kalot.com.mx\/site\/wp-content\/uploads\/2013\/09\/82f3019c158d11e3ab3b22000a9f14cb_7.jpg?fit=612%2C612&ssl=1&resize=350%2C200","width":350,"height":200,"srcset":"https:\/\/i0.wp.com\/kalot.com.mx\/site\/wp-content\/uploads\/2013\/09\/82f3019c158d11e3ab3b22000a9f14cb_7.jpg?fit=612%2C612&ssl=1&resize=350%2C200 1x, https:\/\/i0.wp.com\/kalot.com.mx\/site\/wp-content\/uploads\/2013\/09\/82f3019c158d11e3ab3b22000a9f14cb_7.jpg?fit=612%2C612&ssl=1&resize=525%2C300 1.5x"},"classes":[]},{"id":19877,"url":"https:\/\/kalot.com.mx\/site\/2015\/01\/05\/alcatel-se-sube-al-ring-de-los-smartwatch\/","url_meta":{"origin":23325,"position":5},"title":"ALCATEL se sube al ring de los SMARTWATCH","author":"HM_MKT007","date":"5 enero, 2015","format":false,"excerpt":"El a\u00f1o pasado, muchas empresas se subieron a este nuevo nicho de mercado, que esta creciendo, pinta para mucho, y que a\u00fan no tiene claros exponentes de este tipo de productos, salvo el PEBBLE que sigue siendo considerado el mejor, pese a sus enormes limitantes, marcas como SONY crearon sus\u2026","rel":"","context":"Entrada similar ","block_context":{"text":"Entrada similar ","link":""},"img":{"alt_text":"","src":"https:\/\/i0.wp.com\/kalot.com.mx\/site\/wp-content\/uploads\/2015\/01\/650_1000_166519.jpeg?fit=650%2C368&ssl=1&resize=350%2C200","width":350,"height":200,"srcset":"https:\/\/i0.wp.com\/kalot.com.mx\/site\/wp-content\/uploads\/2015\/01\/650_1000_166519.jpeg?fit=650%2C368&ssl=1&resize=350%2C200 1x, https:\/\/i0.wp.com\/kalot.com.mx\/site\/wp-content\/uploads\/2015\/01\/650_1000_166519.jpeg?fit=650%2C368&ssl=1&resize=525%2C300 1.5x"},"classes":[]}],"jetpack_sharing_enabled":true,"_links":{"self":[{"href":"https:\/\/kalot.com.mx\/site\/wp-json\/wp\/v2\/posts\/23325","targetHints":{"allow":["GET"]}}],"collection":[{"href":"https:\/\/kalot.com.mx\/site\/wp-json\/wp\/v2\/posts"}],"about":[{"href":"https:\/\/kalot.com.mx\/site\/wp-json\/wp\/v2\/types\/post"}],"author":[{"embeddable":true,"href":"https:\/\/kalot.com.mx\/site\/wp-json\/wp\/v2\/users\/11"}],"replies":[{"embeddable":true,"href":"https:\/\/kalot.com.mx\/site\/wp-json\/wp\/v2\/comments?post=23325"}],"version-history":[{"count":0,"href":"https:\/\/kalot.com.mx\/site\/wp-json\/wp\/v2\/posts\/23325\/revisions"}],"wp:featuredmedia":[{"embeddable":true,"href":"https:\/\/kalot.com.mx\/site\/wp-json\/wp\/v2\/media\/23329"}],"wp:attachment":[{"href":"https:\/\/kalot.com.mx\/site\/wp-json\/wp\/v2\/media?parent=23325"}],"wp:term":[{"taxonomy":"category","embeddable":true,"href":"https:\/\/kalot.com.mx\/site\/wp-json\/wp\/v2\/categories?post=23325"},{"taxonomy":"post_tag","embeddable":true,"href":"https:\/\/kalot.com.mx\/site\/wp-json\/wp\/v2\/tags?post=23325"}],"curies":[{"name":"wp","href":"https:\/\/api.w.org\/{rel}","templated":true}]}}