{"id":23229,"date":"2015-09-02T09:48:54","date_gmt":"2015-09-02T14:48:54","guid":{"rendered":"http:\/\/www.kalot.com.mx\/?p=23229"},"modified":"2015-09-02T09:48:54","modified_gmt":"2015-09-02T14:48:54","slug":"la-vida-y-la-muerte","status":"publish","type":"post","link":"https:\/\/kalot.com.mx\/site\/2015\/09\/02\/la-vida-y-la-muerte\/","title":{"rendered":"La Vida y la Muerte"},"content":{"rendered":"<p style=\"text-align: justify\">Hola mis queridos kaloteros, buen inicio de semana hoy es un d\u00eda muy especial como todos y cada uno de ellos,\u00a0 m\u00e1s hoy porque es lunes y m\u00e1s porque ya es el \u00faltimo d\u00eda del mes de agosto, y les quiero compartir un art\u00edculo de lo cual en estos d\u00edas he estado en shock.<\/p>\n<p style=\"text-align: justify\">Naces, creces, te reproduces y mueres, es lo que en toda la vida desde ni\u00f1os hemos ido aprendiendo y conforme pasa el tiempo sabemos que cada vez estamos a un paso m\u00e1s de dejar este mundo.<\/p>\n<p style=\"text-align: justify\"><a href=\"https:\/\/i0.wp.com\/www.kalot.com.mx\/wp-content\/uploads\/2015\/09\/naces-creces.jpg\"><img data-recalc-dims=\"1\" fetchpriority=\"high\" decoding=\"async\" data-attachment-id=\"23233\" data-permalink=\"https:\/\/kalot.com.mx\/site\/2015\/09\/02\/la-vida-y-la-muerte\/naces-creces\/\" data-orig-file=\"https:\/\/i0.wp.com\/kalot.com.mx\/site\/wp-content\/uploads\/2015\/09\/naces-creces.jpg?fit=485%2C343&ssl=1\" data-orig-size=\"485,343\" data-comments-opened=\"1\" data-image-meta=\"{&quot;aperture&quot;:&quot;0&quot;,&quot;credit&quot;:&quot;&quot;,&quot;camera&quot;:&quot;&quot;,&quot;caption&quot;:&quot;&quot;,&quot;created_timestamp&quot;:&quot;0&quot;,&quot;copyright&quot;:&quot;&quot;,&quot;focal_length&quot;:&quot;0&quot;,&quot;iso&quot;:&quot;0&quot;,&quot;shutter_speed&quot;:&quot;0&quot;,&quot;title&quot;:&quot;&quot;,&quot;orientation&quot;:&quot;1&quot;}\" data-image-title=\"naces creces\" data-image-description=\"\" data-image-caption=\"\" data-large-file=\"https:\/\/i0.wp.com\/kalot.com.mx\/site\/wp-content\/uploads\/2015\/09\/naces-creces.jpg?fit=485%2C343&ssl=1\" class=\" wp-image-23233 aligncenter\" src=\"https:\/\/i0.wp.com\/www.kalot.com.mx\/wp-content\/uploads\/2015\/09\/naces-creces-300x212.jpg?resize=410%2C290\" alt=\"naces creces\" width=\"410\" height=\"290\" srcset=\"https:\/\/i0.wp.com\/kalot.com.mx\/site\/wp-content\/uploads\/2015\/09\/naces-creces.jpg?resize=300%2C212&ssl=1 300w, https:\/\/i0.wp.com\/kalot.com.mx\/site\/wp-content\/uploads\/2015\/09\/naces-creces.jpg?w=485&ssl=1 485w\" sizes=\"(max-width: 410px) 100vw, 410px\" \/><\/a><\/p>\n<p style=\"text-align: justify\">Pero como en todo en la vida, hemos estados en shock con cosas que pasan en este mundo, nos podemos evitar no estar mal por eso, pero tampoco estamos todo el tiempo lament\u00e1ndonos por lo que no hemos hecho.<\/p>\n<p style=\"text-align: justify\">Siendo sinceros a quien no le ha pasado estar en una situaci\u00f3n dif\u00edcil el ver como toda se va en esta vida, el c\u00f3mo pasan las cosas en segundos, el c\u00f3mo cambian las cosas y el c\u00f3mo las personas nos pueden dejar.<\/p>\n<p style=\"text-align: justify\">El no poder dejar de llorar por \u00a0cosas sin sentido y no llorar por lo que realmente vale la pena, la vida al nacer se vuelve cada d\u00edas m\u00e1s miserable en estos tiempos, m\u00e1s que nada queremos todo para nuestros seres queridos y a la vez nos enfrentamos a un mundo lleno de adversidades.<\/p>\n<p style=\"text-align: justify\">El crecer nos hace fuerte y hace que aprendamos de nuestras experiencias vividas, aunque sean diferentes nuestras experiencias\u00a0 sabemos que a todos nos pasa exactamente lo mismo, y que no todos la superan con facilidad, el crecer es hermoso porque adquieres un pase m\u00e1s a un aprendizaje que nos sirve a lo largo de nuestra vida, el simple hecho de nacer es una etapa que pasamos y que cuando crecemos nos damos cuenta que la vida vale mucho m\u00e1s que cualquier otra cosa en el mundo.<\/p>\n<p style=\"text-align: justify\">El reproducirnos como tal es algo chusco de decir pero queremos a alguien que salga de nuestro ser, y es hermoso a la vez tener alguien de tu misma sangre, cuidarlo y sacrificarte para que ese ser tenga todo lo mejor, el ense\u00f1ar y educar a alguien m\u00e1s es verdaderamente maravilloso, pero en estos tiempos tan dif\u00edciles estamos tan confundidos y tan ambiciosos de lo que queremos en la vida que es imposible traer un ser a\u00a0 este mundo.<\/p>\n<p style=\"text-align: justify\">La muerte algo verdaderamente hermoso la cual todos le tememos por el simple hecho de ser humanos y de dejar este mundo para siempre hace que tengamos tanto miedo a la muerte, que preferimos vivir y hacemos lo imposible por vivir lo m\u00e1s que se pueda y dejar huella o trascender para ser recordados y seguir viviendo.<\/p>\n<p style=\"text-align: justify\"><a href=\"https:\/\/i0.wp.com\/www.kalot.com.mx\/wp-content\/uploads\/2015\/09\/morir.jpg\"><img data-recalc-dims=\"1\" decoding=\"async\" data-attachment-id=\"23232\" data-permalink=\"https:\/\/kalot.com.mx\/site\/2015\/09\/02\/la-vida-y-la-muerte\/morir\/\" data-orig-file=\"https:\/\/i0.wp.com\/kalot.com.mx\/site\/wp-content\/uploads\/2015\/09\/morir.jpg?fit=820%2C400&ssl=1\" data-orig-size=\"820,400\" data-comments-opened=\"1\" data-image-meta=\"{&quot;aperture&quot;:&quot;0&quot;,&quot;credit&quot;:&quot;&quot;,&quot;camera&quot;:&quot;&quot;,&quot;caption&quot;:&quot;&quot;,&quot;created_timestamp&quot;:&quot;0&quot;,&quot;copyright&quot;:&quot;&quot;,&quot;focal_length&quot;:&quot;0&quot;,&quot;iso&quot;:&quot;0&quot;,&quot;shutter_speed&quot;:&quot;0&quot;,&quot;title&quot;:&quot;&quot;,&quot;orientation&quot;:&quot;0&quot;}\" data-image-title=\"morir\" data-image-description=\"\" data-image-caption=\"\" data-large-file=\"https:\/\/i0.wp.com\/kalot.com.mx\/site\/wp-content\/uploads\/2015\/09\/morir.jpg?fit=820%2C400&ssl=1\" class=\"wp-image-23232 aligncenter\" src=\"https:\/\/i0.wp.com\/www.kalot.com.mx\/wp-content\/uploads\/2015\/09\/morir-300x146.jpg?resize=549%2C267\" alt=\"morir\" width=\"549\" height=\"267\" srcset=\"https:\/\/i0.wp.com\/kalot.com.mx\/site\/wp-content\/uploads\/2015\/09\/morir.jpg?resize=300%2C146&ssl=1 300w, https:\/\/i0.wp.com\/kalot.com.mx\/site\/wp-content\/uploads\/2015\/09\/morir.jpg?resize=810%2C395&ssl=1 810w, https:\/\/i0.wp.com\/kalot.com.mx\/site\/wp-content\/uploads\/2015\/09\/morir.jpg?w=820&ssl=1 820w\" sizes=\"(max-width: 549px) 100vw, 549px\" \/><\/a><\/p>\n<p style=\"text-align: justify\">Creo que vivimos tiempos dif\u00edciles y a la vez maravillosos, creo que todo en esta vida es posible y nada es imposible, no todos nacemos con esa estrella hermosa y deslumbrante, pero si nacemos estrellados somos merecedores a luchar por lo que queremos, el dar a los dem\u00e1s un pedazo de nosotros y repartir sonrisas y alegr\u00eda a las dem\u00e1s personas.<\/p>\n<p style=\"text-align: justify\">El ver a alguien sufrir creo que a muchos nos parte el coraz\u00f3n, es ah\u00ed cuando sabemos que el amor es infinito y que todos estamos ah\u00ed para apoyar a esa persona, el amar a alguien que te am\u00e9 es maravilloso, pero lamentablemente en este mundo el amor solo ha sido dejado de lado por el simple hecho de que el ser humano ya no quiere verse afectado y se ha convertido en un eslab\u00f3n perdido de la vida.<\/p>\n<p style=\"text-align: justify\"><a href=\"https:\/\/i0.wp.com\/www.kalot.com.mx\/wp-content\/uploads\/2015\/09\/llorar.jpg\"><img data-recalc-dims=\"1\" decoding=\"async\" data-attachment-id=\"23235\" data-permalink=\"https:\/\/kalot.com.mx\/site\/2015\/09\/02\/la-vida-y-la-muerte\/llorar\/\" data-orig-file=\"https:\/\/i0.wp.com\/kalot.com.mx\/site\/wp-content\/uploads\/2015\/09\/llorar.jpg?fit=680%2C407&ssl=1\" data-orig-size=\"680,407\" data-comments-opened=\"1\" data-image-meta=\"{&quot;aperture&quot;:&quot;0&quot;,&quot;credit&quot;:&quot;&quot;,&quot;camera&quot;:&quot;&quot;,&quot;caption&quot;:&quot;&quot;,&quot;created_timestamp&quot;:&quot;0&quot;,&quot;copyright&quot;:&quot;&quot;,&quot;focal_length&quot;:&quot;0&quot;,&quot;iso&quot;:&quot;0&quot;,&quot;shutter_speed&quot;:&quot;0&quot;,&quot;title&quot;:&quot;&quot;,&quot;orientation&quot;:&quot;0&quot;}\" data-image-title=\"llorar\" data-image-description=\"\" data-image-caption=\"\" data-large-file=\"https:\/\/i0.wp.com\/kalot.com.mx\/site\/wp-content\/uploads\/2015\/09\/llorar.jpg?fit=680%2C407&ssl=1\" class=\"wp-image-23235 aligncenter\" src=\"https:\/\/i0.wp.com\/www.kalot.com.mx\/wp-content\/uploads\/2015\/09\/llorar-300x180.jpg?resize=498%2C299\" alt=\"llorar\" width=\"498\" height=\"299\" srcset=\"https:\/\/i0.wp.com\/kalot.com.mx\/site\/wp-content\/uploads\/2015\/09\/llorar.jpg?resize=300%2C180&ssl=1 300w, https:\/\/i0.wp.com\/kalot.com.mx\/site\/wp-content\/uploads\/2015\/09\/llorar.jpg?w=680&ssl=1 680w\" sizes=\"(max-width: 498px) 100vw, 498px\" \/><\/a><\/p>\n<p style=\"text-align: justify\">Dicen que es m\u00e1s f\u00e1cil conseguir sexo que amor, ya que en la actualidad es tan f\u00e1cil que se consigue a la vuelta de la esquina, por miedo de perder el orgullo o de perder el ego, somos seres humanos tan insensibles que llorar por amor ya no es nada f\u00e1cil, se ha convertido en un capricho y a lo que m\u00e1s le lloramos es al orgullo.<\/p>\n<p style=\"text-align: justify\">Tantas canciones de \u201camor\u201d que hay y siempre escogemos aquellas que solo son de desamor, de orgullo, de prejuicios, de sexo, de todo, menos de amor.<\/p>\n<p style=\"text-align: justify\"><a href=\"https:\/\/i0.wp.com\/www.kalot.com.mx\/wp-content\/uploads\/2015\/09\/amor.jpg\"><img data-recalc-dims=\"1\" loading=\"lazy\" decoding=\"async\" data-attachment-id=\"23236\" data-permalink=\"https:\/\/kalot.com.mx\/site\/2015\/09\/02\/la-vida-y-la-muerte\/amor\/\" data-orig-file=\"https:\/\/i0.wp.com\/kalot.com.mx\/site\/wp-content\/uploads\/2015\/09\/amor.jpg?fit=550%2C457&ssl=1\" data-orig-size=\"550,457\" data-comments-opened=\"1\" data-image-meta=\"{&quot;aperture&quot;:&quot;0&quot;,&quot;credit&quot;:&quot;&quot;,&quot;camera&quot;:&quot;&quot;,&quot;caption&quot;:&quot;&quot;,&quot;created_timestamp&quot;:&quot;0&quot;,&quot;copyright&quot;:&quot;&quot;,&quot;focal_length&quot;:&quot;0&quot;,&quot;iso&quot;:&quot;0&quot;,&quot;shutter_speed&quot;:&quot;0&quot;,&quot;title&quot;:&quot;&quot;,&quot;orientation&quot;:&quot;0&quot;}\" data-image-title=\"amor\" data-image-description=\"\" data-image-caption=\"\" data-large-file=\"https:\/\/i0.wp.com\/kalot.com.mx\/site\/wp-content\/uploads\/2015\/09\/amor.jpg?fit=550%2C457&ssl=1\" class=\" wp-image-23236 aligncenter\" src=\"https:\/\/i0.wp.com\/www.kalot.com.mx\/wp-content\/uploads\/2015\/09\/amor-300x249.jpg?resize=377%2C313\" alt=\"amor\" width=\"377\" height=\"313\" srcset=\"https:\/\/i0.wp.com\/kalot.com.mx\/site\/wp-content\/uploads\/2015\/09\/amor.jpg?resize=300%2C249&ssl=1 300w, https:\/\/i0.wp.com\/kalot.com.mx\/site\/wp-content\/uploads\/2015\/09\/amor.jpg?w=550&ssl=1 550w\" sizes=\"(max-width: 377px) 100vw, 377px\" \/><\/a><\/p>\n<p style=\"text-align: justify\">Hoy por hoy vivimos en tiempo en donde los sentimientos como el amor y la amistad, la honestidad y la generosidad no existen, donde el karma se hace m\u00e1s presente que un \u201cque te vaya bonito\u201d y \u201cse feliz por siempre\u201d a un \u201cte arrepentir\u00e1s\u201d y \u201cque te vaya mal\u201d\u00a0 o \u201cque te machuque un tren\u201d, chusco pero tonto y miserable.<\/p>\n<p style=\"text-align: justify\">No cambiar\u00edamos esta vida, creemos que ahora ha sido un tiempo en donde todo es aceptado, donde le hemos perdido miedo a casi todo menos el amor, amamos ver nacer, crecer, reproducir y morir, pero el amar no esta en nuestra ley de vida, ya que todo es tan cambiante en cuesti\u00f3n de segundos, pero creemos que si no vivimos la experiencia no aprenderemos nada.<\/p>\n<p style=\"text-align: justify\">Yo los invito amar todo, no amar algunas cosas o algunas personas, sino amar esta vida as\u00ed como la vemos, con tantas cosas dr\u00e1sticas que pasan pero al final son cosas que en ocasiones no est\u00e1n a nuestro alcance, pero que si sabemos que podemos ayudar o aportar algo hag\u00e1moslo ahora, hagamos sentir cerca a nuestros seres queridos, decirles todos los d\u00edas cuantos los queremos y que estamos agradecidos de que compartan esta vida con nosotros.<\/p>\n<p style=\"text-align: justify\">Darles las gracias por zarpar este barco, ser feliz todos los d\u00edas, positivos y porque no optimistas y llorar pero llorar por algo que vale la pena, y si no lloramos aunque no valga la pena pero next, equivocarnos y volver a llorar o tropezar y volver a llorar, todo en esta vida est\u00e1 permitido siempre y cuando creas o creamos que est\u00e1 correcto\u00a0 dependiendo de cuales hayan sido sus creencias o su educaci\u00f3n.<\/p>\n<p style=\"text-align: justify\">Los invito a amar, a ser felices y a darle la oportunidad de darle la felicidad a alguien m\u00e1s y agradecerle por estar ah\u00ed en los momentos cuando m\u00e1s los necesitaste.<\/p>\n<p style=\"text-align: justify\"><a href=\"https:\/\/i0.wp.com\/www.kalot.com.mx\/wp-content\/uploads\/2015\/09\/no-saber-amar.jpg\"><img data-recalc-dims=\"1\" loading=\"lazy\" decoding=\"async\" data-attachment-id=\"23234\" data-permalink=\"https:\/\/kalot.com.mx\/site\/2015\/09\/02\/la-vida-y-la-muerte\/no-saber-amar\/\" data-orig-file=\"https:\/\/i0.wp.com\/kalot.com.mx\/site\/wp-content\/uploads\/2015\/09\/no-saber-amar.jpg?fit=650%2C366&ssl=1\" data-orig-size=\"650,366\" data-comments-opened=\"1\" data-image-meta=\"{&quot;aperture&quot;:&quot;0&quot;,&quot;credit&quot;:&quot;&quot;,&quot;camera&quot;:&quot;&quot;,&quot;caption&quot;:&quot;&quot;,&quot;created_timestamp&quot;:&quot;0&quot;,&quot;copyright&quot;:&quot;&quot;,&quot;focal_length&quot;:&quot;0&quot;,&quot;iso&quot;:&quot;0&quot;,&quot;shutter_speed&quot;:&quot;0&quot;,&quot;title&quot;:&quot;&quot;,&quot;orientation&quot;:&quot;1&quot;}\" data-image-title=\"no saber amar\" data-image-description=\"\" data-image-caption=\"\" data-large-file=\"https:\/\/i0.wp.com\/kalot.com.mx\/site\/wp-content\/uploads\/2015\/09\/no-saber-amar.jpg?fit=650%2C366&ssl=1\" class=\" wp-image-23234 aligncenter\" src=\"https:\/\/i0.wp.com\/www.kalot.com.mx\/wp-content\/uploads\/2015\/09\/no-saber-amar-300x169.jpg?resize=449%2C253\" alt=\"no saber amar\" width=\"449\" height=\"253\" srcset=\"https:\/\/i0.wp.com\/kalot.com.mx\/site\/wp-content\/uploads\/2015\/09\/no-saber-amar.jpg?resize=300%2C169&ssl=1 300w, https:\/\/i0.wp.com\/kalot.com.mx\/site\/wp-content\/uploads\/2015\/09\/no-saber-amar.jpg?w=650&ssl=1 650w\" sizes=\"(max-width: 449px) 100vw, 449px\" \/><\/a><\/p>\n<p style=\"text-align: justify\">Yo soy feliz y ustedes? ..<\/p>\n","protected":false},"excerpt":{"rendered":"Hola mis queridos kaloteros, buen inicio de semana hoy es un d\u00eda muy especial como todos y cada&hellip;\n","protected":false},"author":130,"featured_media":23230,"comment_status":"open","ping_status":"open","sticky":false,"template":"","format":"standard","meta":{"jetpack_post_was_ever_published":false,"_jetpack_newsletter_access":"","_jetpack_dont_email_post_to_subs":false,"_jetpack_newsletter_tier_id":0,"_jetpack_memberships_contains_paywalled_content":false,"_jetpack_memberships_contains_paid_content":false,"footnotes":"","jetpack_publicize_message":"","jetpack_publicize_feature_enabled":true,"jetpack_social_post_already_shared":true,"jetpack_social_options":{"image_generator_settings":{"template":"highway","default_image_id":0,"font":"","enabled":false},"version":2}},"categories":[],"tags":[],"class_list":{"0":"post-23229","1":"post","2":"type-post","3":"status-publish","4":"format-standard","5":"has-post-thumbnail","7":"cs-entry","8":"cs-video-wrap"},"yoast_head":"<!-- This site is optimized with the Yoast SEO plugin v27.5 - https:\/\/yoast.com\/product\/yoast-seo-wordpress\/ -->\n<title>La Vida y la Muerte - Kalot<\/title>\n<meta name=\"description\" content=\"Hola mis queridos kaloteros, buen inicio de semana hoy es un d\u00eda muy especial como todos y cada uno de ellos,\u00a0 m\u00e1s hoy porque es lunes y m\u00e1s porque ya es\" \/>\n<meta name=\"robots\" content=\"index, follow, max-snippet:-1, max-image-preview:large, max-video-preview:-1\" \/>\n<link rel=\"canonical\" href=\"https:\/\/kalot.com.mx\/site\/2015\/09\/02\/la-vida-y-la-muerte\/\" \/>\n<meta property=\"og:locale\" content=\"es_MX\" \/>\n<meta property=\"og:type\" content=\"article\" \/>\n<meta property=\"og:title\" content=\"La Vida y la Muerte - Kalot\" \/>\n<meta property=\"og:description\" content=\"Hola mis queridos kaloteros, buen inicio de semana hoy es un d\u00eda muy especial como todos y cada uno de ellos,\u00a0 m\u00e1s hoy porque es lunes y m\u00e1s porque ya es\" \/>\n<meta property=\"og:url\" content=\"https:\/\/kalot.com.mx\/site\/2015\/09\/02\/la-vida-y-la-muerte\/\" \/>\n<meta property=\"og:site_name\" content=\"Kalot\" \/>\n<meta property=\"article:publisher\" content=\"http:\/\/facebook.com\/mxkalot\" \/>\n<meta property=\"article:author\" content=\"Fabiia riivera\" \/>\n<meta property=\"article:published_time\" content=\"2015-09-02T14:48:54+00:00\" \/>\n<meta property=\"og:image\" content=\"https:\/\/i2.wp.com\/kalot.com.mx\/site\/wp-content\/uploads\/2015\/09\/vida-vs-muerte-620x350.jpg?fit=620%2C350&ssl=1\" \/>\n\t<meta property=\"og:image:width\" content=\"620\" \/>\n\t<meta property=\"og:image:height\" content=\"350\" \/>\n\t<meta property=\"og:image:type\" content=\"image\/jpeg\" \/>\n<meta name=\"author\" content=\"Fabiia Rivera\" \/>\n<meta name=\"twitter:card\" content=\"summary_large_image\" \/>\n<meta name=\"twitter:creator\" content=\"@kalotmx\" \/>\n<meta name=\"twitter:site\" content=\"@kalotmx\" \/>\n<meta name=\"twitter:label1\" content=\"Escrito por\" \/>\n\t<meta name=\"twitter:data1\" content=\"Fabiia Rivera\" \/>\n\t<meta name=\"twitter:label2\" content=\"Tiempo de lectura\" \/>\n\t<meta name=\"twitter:data2\" content=\"5 minutos\" \/>\n<!-- \/ Yoast SEO plugin. -->","yoast_head_json":{"title":"La Vida y la Muerte - Kalot","description":"Hola mis queridos kaloteros, buen inicio de semana hoy es un d\u00eda muy especial como todos y cada uno de ellos,\u00a0 m\u00e1s hoy porque es lunes y m\u00e1s porque ya es","robots":{"index":"index","follow":"follow","max-snippet":"max-snippet:-1","max-image-preview":"max-image-preview:large","max-video-preview":"max-video-preview:-1"},"canonical":"https:\/\/kalot.com.mx\/site\/2015\/09\/02\/la-vida-y-la-muerte\/","og_locale":"es_MX","og_type":"article","og_title":"La Vida y la Muerte - Kalot","og_description":"Hola mis queridos kaloteros, buen inicio de semana hoy es un d\u00eda muy especial como todos y cada uno de ellos,\u00a0 m\u00e1s hoy porque es lunes y m\u00e1s porque ya es","og_url":"https:\/\/kalot.com.mx\/site\/2015\/09\/02\/la-vida-y-la-muerte\/","og_site_name":"Kalot","article_publisher":"http:\/\/facebook.com\/mxkalot","article_author":"Fabiia riivera","article_published_time":"2015-09-02T14:48:54+00:00","og_image":[{"width":620,"height":350,"url":"https:\/\/i2.wp.com\/kalot.com.mx\/site\/wp-content\/uploads\/2015\/09\/vida-vs-muerte-620x350.jpg?fit=620%2C350&ssl=1","type":"image\/jpeg"}],"author":"Fabiia Rivera","twitter_card":"summary_large_image","twitter_creator":"@kalotmx","twitter_site":"@kalotmx","twitter_misc":{"Escrito por":"Fabiia Rivera","Tiempo de lectura":"5 minutos"},"schema":{"@context":"https:\/\/schema.org","@graph":[{"@type":"Article","@id":"https:\/\/kalot.com.mx\/site\/2015\/09\/02\/la-vida-y-la-muerte\/#article","isPartOf":{"@id":"https:\/\/kalot.com.mx\/site\/2015\/09\/02\/la-vida-y-la-muerte\/"},"author":{"name":"Fabiia Rivera","@id":"https:\/\/kalot.com.mx\/site\/#\/schema\/person\/0862631f24d49aa15488ff920b2dfd29"},"headline":"La Vida y la Muerte","datePublished":"2015-09-02T14:48:54+00:00","mainEntityOfPage":{"@id":"https:\/\/kalot.com.mx\/site\/2015\/09\/02\/la-vida-y-la-muerte\/"},"wordCount":1043,"commentCount":0,"publisher":{"@id":"https:\/\/kalot.com.mx\/site\/#organization"},"image":{"@id":"https:\/\/kalot.com.mx\/site\/2015\/09\/02\/la-vida-y-la-muerte\/#primaryimage"},"thumbnailUrl":"https:\/\/i0.wp.com\/kalot.com.mx\/site\/wp-content\/uploads\/2015\/09\/vida-vs-muerte-620x350.jpg?fit=620%2C350&ssl=1","inLanguage":"es","potentialAction":[{"@type":"CommentAction","name":"Comment","target":["https:\/\/kalot.com.mx\/site\/2015\/09\/02\/la-vida-y-la-muerte\/#respond"]}]},{"@type":"WebPage","@id":"https:\/\/kalot.com.mx\/site\/2015\/09\/02\/la-vida-y-la-muerte\/","url":"https:\/\/kalot.com.mx\/site\/2015\/09\/02\/la-vida-y-la-muerte\/","name":"La Vida y la Muerte - Kalot","isPartOf":{"@id":"https:\/\/kalot.com.mx\/site\/#website"},"primaryImageOfPage":{"@id":"https:\/\/kalot.com.mx\/site\/2015\/09\/02\/la-vida-y-la-muerte\/#primaryimage"},"image":{"@id":"https:\/\/kalot.com.mx\/site\/2015\/09\/02\/la-vida-y-la-muerte\/#primaryimage"},"thumbnailUrl":"https:\/\/i0.wp.com\/kalot.com.mx\/site\/wp-content\/uploads\/2015\/09\/vida-vs-muerte-620x350.jpg?fit=620%2C350&ssl=1","datePublished":"2015-09-02T14:48:54+00:00","description":"Hola mis queridos kaloteros, buen inicio de semana hoy es un d\u00eda muy especial como todos y cada uno de ellos,\u00a0 m\u00e1s hoy porque es lunes y m\u00e1s porque ya es","breadcrumb":{"@id":"https:\/\/kalot.com.mx\/site\/2015\/09\/02\/la-vida-y-la-muerte\/#breadcrumb"},"inLanguage":"es","potentialAction":[{"@type":"ReadAction","target":["https:\/\/kalot.com.mx\/site\/2015\/09\/02\/la-vida-y-la-muerte\/"]}]},{"@type":"ImageObject","inLanguage":"es","@id":"https:\/\/kalot.com.mx\/site\/2015\/09\/02\/la-vida-y-la-muerte\/#primaryimage","url":"https:\/\/i0.wp.com\/kalot.com.mx\/site\/wp-content\/uploads\/2015\/09\/vida-vs-muerte-620x350.jpg?fit=620%2C350&ssl=1","contentUrl":"https:\/\/i0.wp.com\/kalot.com.mx\/site\/wp-content\/uploads\/2015\/09\/vida-vs-muerte-620x350.jpg?fit=620%2C350&ssl=1","width":620,"height":350},{"@type":"BreadcrumbList","@id":"https:\/\/kalot.com.mx\/site\/2015\/09\/02\/la-vida-y-la-muerte\/#breadcrumb","itemListElement":[{"@type":"ListItem","position":1,"name":"Home","item":"https:\/\/kalot.com.mx\/site\/"},{"@type":"ListItem","position":2,"name":"La Vida y la Muerte"}]},{"@type":"WebSite","@id":"https:\/\/kalot.com.mx\/site\/#website","url":"https:\/\/kalot.com.mx\/site\/","name":"Kalot","description":"Conoce Todo Sobre Todo","publisher":{"@id":"https:\/\/kalot.com.mx\/site\/#organization"},"potentialAction":[{"@type":"SearchAction","target":{"@type":"EntryPoint","urlTemplate":"https:\/\/kalot.com.mx\/site\/?s={search_term_string}"},"query-input":{"@type":"PropertyValueSpecification","valueRequired":true,"valueName":"search_term_string"}}],"inLanguage":"es"},{"@type":"Organization","@id":"https:\/\/kalot.com.mx\/site\/#organization","name":"Kalot","url":"https:\/\/kalot.com.mx\/site\/","logo":{"@type":"ImageObject","inLanguage":"es","@id":"https:\/\/kalot.com.mx\/site\/#\/schema\/logo\/image\/","url":"https:\/\/i0.wp.com\/kalot.com.mx\/site\/wp-content\/uploads\/2020\/04\/Kalot-logo-sin-tagline.png?fit=1707%2C1014&ssl=1","contentUrl":"https:\/\/i0.wp.com\/kalot.com.mx\/site\/wp-content\/uploads\/2020\/04\/Kalot-logo-sin-tagline.png?fit=1707%2C1014&ssl=1","width":1707,"height":1014,"caption":"Kalot"},"image":{"@id":"https:\/\/kalot.com.mx\/site\/#\/schema\/logo\/image\/"},"sameAs":["http:\/\/facebook.com\/mxkalot","https:\/\/x.com\/kalotmx","http:\/\/instagram.com\/kalotmx","http:\/\/pinterest.com\/jorgeerana\/kalot"]},{"@type":"Person","@id":"https:\/\/kalot.com.mx\/site\/#\/schema\/person\/0862631f24d49aa15488ff920b2dfd29","name":"Fabiia Rivera","image":{"@type":"ImageObject","inLanguage":"es","@id":"https:\/\/secure.gravatar.com\/avatar\/a77692e3f897c0415224c67f726be22d16786611678c9e00f7f52a6a6eefe3ee?s=96&d=mm&r=g","url":"https:\/\/secure.gravatar.com\/avatar\/a77692e3f897c0415224c67f726be22d16786611678c9e00f7f52a6a6eefe3ee?s=96&d=mm&r=g","contentUrl":"https:\/\/secure.gravatar.com\/avatar\/a77692e3f897c0415224c67f726be22d16786611678c9e00f7f52a6a6eefe3ee?s=96&d=mm&r=g","caption":"Fabiia Rivera"},"description":"Bella para toda la vida","sameAs":["Fabiia riivera"],"url":"https:\/\/kalot.com.mx\/site\/author\/fabiia\/"}]}},"jetpack_publicize_connections":[],"jetpack_featured_media_url":"https:\/\/i0.wp.com\/kalot.com.mx\/site\/wp-content\/uploads\/2015\/09\/vida-vs-muerte-620x350.jpg?fit=620%2C350&ssl=1","jetpack_shortlink":"https:\/\/wp.me\/p6IHEI-62F","jetpack-related-posts":[{"id":22120,"url":"https:\/\/kalot.com.mx\/site\/2015\/07\/08\/la-crisis-de-los-25\/","url_meta":{"origin":23229,"position":0},"title":"LA CRISIS DE LOS 25","author":"Fabiia Rivera","date":"8 julio, 2015","format":false,"excerpt":"La crisis de los 25 tambi\u00e9n conocida como la crisis del cuarto de vida, est\u00e1 ampliamente reconocido por el mundo de la psicolog\u00eda que se da entre los 21 y los 29 a\u00f1os en donde\u00a0nosotros los\u00a0\u00a0j\u00f3venes nos vemos inmersos en la vida adulta,\u00a0en cuanto detectamos que estamos madurando, emprendemos una\u2026","rel":"","context":"Entrada similar ","block_context":{"text":"Entrada similar ","link":""},"img":{"alt_text":"","src":"https:\/\/i0.wp.com\/kalot.com.mx\/site\/wp-content\/uploads\/2015\/07\/la-crisis-de-los-25.jpg?fit=992%2C504&ssl=1&resize=350%2C200","width":350,"height":200,"srcset":"https:\/\/i0.wp.com\/kalot.com.mx\/site\/wp-content\/uploads\/2015\/07\/la-crisis-de-los-25.jpg?fit=992%2C504&ssl=1&resize=350%2C200 1x, https:\/\/i0.wp.com\/kalot.com.mx\/site\/wp-content\/uploads\/2015\/07\/la-crisis-de-los-25.jpg?fit=992%2C504&ssl=1&resize=525%2C300 1.5x, https:\/\/i0.wp.com\/kalot.com.mx\/site\/wp-content\/uploads\/2015\/07\/la-crisis-de-los-25.jpg?fit=992%2C504&ssl=1&resize=700%2C400 2x"},"classes":[]},{"id":22276,"url":"https:\/\/kalot.com.mx\/site\/2015\/07\/16\/no-permitas-que-te-corten-las-alas\/","url_meta":{"origin":23229,"position":1},"title":"No permitas que te corten las alas","author":"Fabiia Rivera","date":"16 julio, 2015","format":false,"excerpt":"Buen D\u00eda, mis queridos lectores de Kalot En la actualidad vivimos en la sociedad del miedo, tenemos miedo\u00a0 a los cambios, miedo a todo, nos encontramos en un momento de la historia dif\u00edcil y dura, en donde los problemas, luchas y dificultades de cada d\u00eda nos quedamos sin fuerzas para\u2026","rel":"","context":"Entrada similar ","block_context":{"text":"Entrada similar ","link":""},"img":{"alt_text":"","src":"https:\/\/i0.wp.com\/kalot.com.mx\/site\/wp-content\/uploads\/2015\/07\/alas.jpg?fit=453%2C604&ssl=1&resize=350%2C200","width":350,"height":200},"classes":[]},{"id":13330,"url":"https:\/\/kalot.com.mx\/site\/2014\/03\/13\/quisiera-ser-grande\/","url_meta":{"origin":23229,"position":2},"title":"Quisiera ser grande.","author":"Mar\u00eda Alvarado","date":"13 marzo, 2014","format":false,"excerpt":"[dropcap size=small]U[\/dropcap]no de los casos m\u00e1s comunes entre las personas es el querer vivir a destiempo, de ni\u00f1os queremos ser grandes y de grandes queremos ser ni\u00f1os, nunca estamos conformes con lo que queremos ser o lo que somos y esto nos causa muchos conflictos durante nuestras vidas. Pel\u00edculas como\u2026","rel":"","context":"En &quot;Sin categor\u00eda&quot;","block_context":{"text":"Sin categor\u00eda","link":"https:\/\/kalot.com.mx\/site\/category\/sin-categoria\/"},"img":{"alt_text":"","src":"https:\/\/i0.wp.com\/kalot.com.mx\/site\/wp-content\/uploads\/2014\/03\/shutterstock_394660451-scaled.jpg?fit=1200%2C803&ssl=1&resize=350%2C200","width":350,"height":200,"srcset":"https:\/\/i0.wp.com\/kalot.com.mx\/site\/wp-content\/uploads\/2014\/03\/shutterstock_394660451-scaled.jpg?fit=1200%2C803&ssl=1&resize=350%2C200 1x, https:\/\/i0.wp.com\/kalot.com.mx\/site\/wp-content\/uploads\/2014\/03\/shutterstock_394660451-scaled.jpg?fit=1200%2C803&ssl=1&resize=525%2C300 1.5x, https:\/\/i0.wp.com\/kalot.com.mx\/site\/wp-content\/uploads\/2014\/03\/shutterstock_394660451-scaled.jpg?fit=1200%2C803&ssl=1&resize=700%2C400 2x, https:\/\/i0.wp.com\/kalot.com.mx\/site\/wp-content\/uploads\/2014\/03\/shutterstock_394660451-scaled.jpg?fit=1200%2C803&ssl=1&resize=1050%2C600 3x"},"classes":[]},{"id":9374,"url":"https:\/\/kalot.com.mx\/site\/2014\/01\/12\/la-derrota-del-adios\/","url_meta":{"origin":23229,"position":3},"title":"La derrota del adi\u00f3s","author":"Fernanda S\u00e1nchez","date":"12 enero, 2014","format":false,"excerpt":"Los seres humanos han sido n\u00f3madas desde el principio de los tiempos; iban de un lado a otro, recorriendo horizontes desconocidos, despertando d\u00eda tras d\u00eda con hermosos y cambiantes amaneceres buscando un lugar donde establecerse, y para poder considerarlo como indicado, dicho lugar deb\u00eda satisfacer todas sus necesidades. Cuando lo\u2026","rel":"","context":"En &quot;Sin categor\u00eda&quot;","block_context":{"text":"Sin categor\u00eda","link":"https:\/\/kalot.com.mx\/site\/category\/sin-categoria\/"},"img":{"alt_text":"","src":"https:\/\/i0.wp.com\/kalot.com.mx\/site\/wp-content\/uploads\/2014\/01\/kalot-cerro.jpg?fit=800%2C600&ssl=1&resize=350%2C200","width":350,"height":200,"srcset":"https:\/\/i0.wp.com\/kalot.com.mx\/site\/wp-content\/uploads\/2014\/01\/kalot-cerro.jpg?fit=800%2C600&ssl=1&resize=350%2C200 1x, https:\/\/i0.wp.com\/kalot.com.mx\/site\/wp-content\/uploads\/2014\/01\/kalot-cerro.jpg?fit=800%2C600&ssl=1&resize=525%2C300 1.5x, https:\/\/i0.wp.com\/kalot.com.mx\/site\/wp-content\/uploads\/2014\/01\/kalot-cerro.jpg?fit=800%2C600&ssl=1&resize=700%2C400 2x"},"classes":[]},{"id":19038,"url":"https:\/\/kalot.com.mx\/site\/2014\/10\/31\/app-recomendada-de-la-semana-run-sackboy-y-star-warfare-2\/","url_meta":{"origin":23229,"position":4},"title":"APP recomendada de la semana: RUN SACKBOY y STAR WARFARE 2","author":"HM_MKT007","date":"31 octubre, 2014","format":false,"excerpt":"Que tal Kalochos y Kalochas, sabemos que hoy en d\u00eda, no todos tenemos el tiempo de disfrutar de una consola ya sea de sobremesa o port\u00e1til, y adem\u00e1s sabemos que el celular es nuestro compa\u00f1ero de todo el d\u00eda, y siempre tenemos ocasiones con tiempos muertos, donde no hacemos absolutamente\u2026","rel":"","context":"Entrada similar ","block_context":{"text":"Entrada similar ","link":""},"img":{"alt_text":"","src":"https:\/\/i0.wp.com\/kalot.com.mx\/site\/wp-content\/uploads\/2014\/10\/Presentaci%C3%B3n11.jpg?fit=960%2C720&ssl=1&resize=350%2C200","width":350,"height":200,"srcset":"https:\/\/i0.wp.com\/kalot.com.mx\/site\/wp-content\/uploads\/2014\/10\/Presentaci%C3%B3n11.jpg?fit=960%2C720&ssl=1&resize=350%2C200 1x, https:\/\/i0.wp.com\/kalot.com.mx\/site\/wp-content\/uploads\/2014\/10\/Presentaci%C3%B3n11.jpg?fit=960%2C720&ssl=1&resize=525%2C300 1.5x, https:\/\/i0.wp.com\/kalot.com.mx\/site\/wp-content\/uploads\/2014\/10\/Presentaci%C3%B3n11.jpg?fit=960%2C720&ssl=1&resize=700%2C400 2x"},"classes":[]},{"id":6352,"url":"https:\/\/kalot.com.mx\/site\/2013\/11\/12\/jack-kerouac\/","url_meta":{"origin":23229,"position":5},"title":"Jack Kerouac y una rica sopa de coditos","author":"Dulce Mireles","date":"12 noviembre, 2013","format":false,"excerpt":"Todos nos hemos sentido alguna vez extranjeros del mundo, con ansiedad de buscar, buscar y buscar. Yo creo que en el mundo hay muchas almas como las m\u00edas, ansiosas de ver todos los d\u00edas cosas nuevas, de ver imagenes, de comerse al mundo con los ojos. A mi lo que\u2026","rel":"","context":"En &quot;Sin categor\u00eda&quot;","block_context":{"text":"Sin categor\u00eda","link":"https:\/\/kalot.com.mx\/site\/category\/sin-categoria\/"},"img":{"alt_text":"","src":"https:\/\/i0.wp.com\/kalot.com.mx\/site\/wp-content\/uploads\/2013\/11\/agagaga.jpg?fit=600%2C600&ssl=1&resize=350%2C200","width":350,"height":200,"srcset":"https:\/\/i0.wp.com\/kalot.com.mx\/site\/wp-content\/uploads\/2013\/11\/agagaga.jpg?fit=600%2C600&ssl=1&resize=350%2C200 1x, https:\/\/i0.wp.com\/kalot.com.mx\/site\/wp-content\/uploads\/2013\/11\/agagaga.jpg?fit=600%2C600&ssl=1&resize=525%2C300 1.5x"},"classes":[]}],"jetpack_sharing_enabled":true,"_links":{"self":[{"href":"https:\/\/kalot.com.mx\/site\/wp-json\/wp\/v2\/posts\/23229","targetHints":{"allow":["GET"]}}],"collection":[{"href":"https:\/\/kalot.com.mx\/site\/wp-json\/wp\/v2\/posts"}],"about":[{"href":"https:\/\/kalot.com.mx\/site\/wp-json\/wp\/v2\/types\/post"}],"author":[{"embeddable":true,"href":"https:\/\/kalot.com.mx\/site\/wp-json\/wp\/v2\/users\/130"}],"replies":[{"embeddable":true,"href":"https:\/\/kalot.com.mx\/site\/wp-json\/wp\/v2\/comments?post=23229"}],"version-history":[{"count":0,"href":"https:\/\/kalot.com.mx\/site\/wp-json\/wp\/v2\/posts\/23229\/revisions"}],"wp:featuredmedia":[{"embeddable":true,"href":"https:\/\/kalot.com.mx\/site\/wp-json\/wp\/v2\/media\/23230"}],"wp:attachment":[{"href":"https:\/\/kalot.com.mx\/site\/wp-json\/wp\/v2\/media?parent=23229"}],"wp:term":[{"taxonomy":"category","embeddable":true,"href":"https:\/\/kalot.com.mx\/site\/wp-json\/wp\/v2\/categories?post=23229"},{"taxonomy":"post_tag","embeddable":true,"href":"https:\/\/kalot.com.mx\/site\/wp-json\/wp\/v2\/tags?post=23229"}],"curies":[{"name":"wp","href":"https:\/\/api.w.org\/{rel}","templated":true}]}}