{"id":23024,"date":"2015-08-19T00:05:34","date_gmt":"2015-08-19T05:05:34","guid":{"rendered":"http:\/\/www.kalot.com.mx\/?p=23024"},"modified":"2015-08-19T11:20:06","modified_gmt":"2015-08-19T16:20:06","slug":"elvira-te-daria-mi-tiempo-pero-lo-estoy-usando","status":"publish","type":"post","link":"https:\/\/kalot.com.mx\/site\/2015\/08\/19\/elvira-te-daria-mi-tiempo-pero-lo-estoy-usando\/","title":{"rendered":"Elvira, te dar\u00eda mi tiempo pero lo estoy usando"},"content":{"rendered":"<p style=\"text-align: left\"><a href=\"https:\/\/i0.wp.com\/www.kalot.com.mx\/wp-content\/uploads\/2015\/08\/Elvira-te-daria-mi-vida.jpg\"><img data-recalc-dims=\"1\" fetchpriority=\"high\" decoding=\"async\" data-attachment-id=\"23025\" data-permalink=\"https:\/\/kalot.com.mx\/site\/2015\/08\/19\/elvira-te-daria-mi-tiempo-pero-lo-estoy-usando\/elvira-te-daria-mi-vida\/\" data-orig-file=\"https:\/\/i0.wp.com\/kalot.com.mx\/site\/wp-content\/uploads\/2015\/08\/Elvira-te-daria-mi-vida.jpg?fit=597%2C903&ssl=1\" data-orig-size=\"597,903\" data-comments-opened=\"1\" data-image-meta=\"{&quot;aperture&quot;:&quot;0&quot;,&quot;credit&quot;:&quot;&quot;,&quot;camera&quot;:&quot;&quot;,&quot;caption&quot;:&quot;&quot;,&quot;created_timestamp&quot;:&quot;0&quot;,&quot;copyright&quot;:&quot;&quot;,&quot;focal_length&quot;:&quot;0&quot;,&quot;iso&quot;:&quot;0&quot;,&quot;shutter_speed&quot;:&quot;0&quot;,&quot;title&quot;:&quot;&quot;,&quot;orientation&quot;:&quot;0&quot;}\" data-image-title=\"Elvira-te-daria-mi-vida\" data-image-description=\"\" data-image-caption=\"\" data-large-file=\"https:\/\/i0.wp.com\/kalot.com.mx\/site\/wp-content\/uploads\/2015\/08\/Elvira-te-daria-mi-vida.jpg?fit=597%2C903&ssl=1\" class=\"aligncenter wp-image-23025 \" src=\"https:\/\/i0.wp.com\/www.kalot.com.mx\/wp-content\/uploads\/2015\/08\/Elvira-te-daria-mi-vida-198x300.jpg?resize=295%2C447\" alt=\"Elvira-te-daria-mi-vida\" width=\"295\" height=\"447\" srcset=\"https:\/\/i0.wp.com\/kalot.com.mx\/site\/wp-content\/uploads\/2015\/08\/Elvira-te-daria-mi-vida.jpg?resize=198%2C300&ssl=1 198w, https:\/\/i0.wp.com\/kalot.com.mx\/site\/wp-content\/uploads\/2015\/08\/Elvira-te-daria-mi-vida.jpg?w=597&ssl=1 597w\" sizes=\"(max-width: 295px) 100vw, 295px\" \/><\/a>Al pensar en el nombre de Elvira, r\u00e1pidamente se nos viene a la mente Cassandra Peterson, quien era la presentadora de un programa de terror, en este caso podemos decir que existen ciertas similitudes entre el personaje de Elvira, interpretado por Cecilia Su\u00e1rez y la mencionada, la diferencia es que no estamos delante de un programa de terror, sino de una pel\u00edcula que pretende sorprendernos con una historia que le da una vuelta media confusa a la tortilla.<\/p>\n<p style=\"text-align: left\"><em>Elvira, te dar\u00eda mi vida pero la estoy usando (Caro, 2015)<\/em> nos cuenta la historia de Elvira, una mujer que es abandonada por su esposo, quien la deja por un joven apuesto, el cual es interpretado por Luis Gerardo M\u00e9ndez, decidiendo as\u00ed vivir su vida, a lo largo de la pel\u00edcula somos testigos de c\u00f3mo Elvira est\u00e1 al borde de un ataque de nervios, y no es para menos, pues Cecilia Su\u00e1rez sabe interpretar a una mujer en crisis, casi al estilo de Almod\u00f3var.<\/p>\n<p style=\"text-align: left\">Los detalles de este film est\u00e1n en que en lugar de tratar de descubrir y proponer un lenguaje sincero por parte del director, nos presenta un producto que claramente sigue los lineamientos de cineastas como Wes Anderson o Darren Aronofsky, sin justificaci\u00f3n alguna, m\u00e1s que mantener entretenido al p\u00fablico.<a href=\"https:\/\/i0.wp.com\/www.kalot.com.mx\/wp-content\/uploads\/2015\/08\/elvira_te_daria_mi_vida_Enfilme_88p86_675_489.jpeg\"><img data-recalc-dims=\"1\" decoding=\"async\" data-attachment-id=\"23027\" data-permalink=\"https:\/\/kalot.com.mx\/site\/2015\/08\/19\/elvira-te-daria-mi-tiempo-pero-lo-estoy-usando\/elvira_te_daria_mi_vida_enfilme_88p86_675_489\/\" data-orig-file=\"https:\/\/i0.wp.com\/kalot.com.mx\/site\/wp-content\/uploads\/2015\/08\/elvira_te_daria_mi_vida_Enfilme_88p86_675_489.jpeg?fit=675%2C489&ssl=1\" data-orig-size=\"675,489\" data-comments-opened=\"1\" data-image-meta=\"{&quot;aperture&quot;:&quot;0&quot;,&quot;credit&quot;:&quot;&quot;,&quot;camera&quot;:&quot;&quot;,&quot;caption&quot;:&quot;&quot;,&quot;created_timestamp&quot;:&quot;0&quot;,&quot;copyright&quot;:&quot;&quot;,&quot;focal_length&quot;:&quot;0&quot;,&quot;iso&quot;:&quot;0&quot;,&quot;shutter_speed&quot;:&quot;0&quot;,&quot;title&quot;:&quot;&quot;,&quot;orientation&quot;:&quot;0&quot;}\" data-image-title=\"elvira_te_daria_mi_vida_Enfilme_88p86_675_489\" data-image-description=\"\" data-image-caption=\"\" data-large-file=\"https:\/\/i0.wp.com\/kalot.com.mx\/site\/wp-content\/uploads\/2015\/08\/elvira_te_daria_mi_vida_Enfilme_88p86_675_489.jpeg?fit=675%2C489&ssl=1\" class=\"alignnone wp-image-23027 size-medium\" src=\"https:\/\/i0.wp.com\/www.kalot.com.mx\/wp-content\/uploads\/2015\/08\/elvira_te_daria_mi_vida_Enfilme_88p86_675_489-300x217.jpeg?resize=300%2C217\" alt=\"elvira_te_daria_mi_vida_Enfilme_88p86_675_489\" width=\"300\" height=\"217\" srcset=\"https:\/\/i0.wp.com\/kalot.com.mx\/site\/wp-content\/uploads\/2015\/08\/elvira_te_daria_mi_vida_Enfilme_88p86_675_489.jpeg?resize=300%2C217&ssl=1 300w, https:\/\/i0.wp.com\/kalot.com.mx\/site\/wp-content\/uploads\/2015\/08\/elvira_te_daria_mi_vida_Enfilme_88p86_675_489.jpeg?w=675&ssl=1 675w\" sizes=\"(max-width: 300px) 100vw, 300px\" \/><\/a><\/p>\n<p style=\"text-align: left\">La vecina de Elvira repet\u00eda frecuentemente que la fe es muy importante, como si hubiera un mensaje oculto para la audiencia, es decir, que la cinta a final de cuentas tuviera un transfondo de creer en que todo mejorar\u00e1, pues la fe mueve monta\u00f1as, emociones y hasta instintos.<\/p>\n<p style=\"text-align: left\">Otra de las cosas que debilitan a la pel\u00edcula, es el uso de <em>timelapses<\/em> pues existen maneras mucho m\u00e1s llamativas y creativas de marcar el paso del tiempo.<\/p>\n<p style=\"text-align: left\">Podemos interpretar que Manolo Caro ve a muchas mujeres mexicanas como Elvira, es por eso que se la dedica a todas y cada una de ellas en los cr\u00e9ditos del film.<\/p>\n<p style=\"text-align: left\">Si ustedes quieren darle su tiempo a la pel\u00edcula de Elvira, \u00a1adelante! No la pasar\u00e1n mal, pero no ver\u00e1n nada nuevo en pantalla, puesto que no es una mala pel\u00edcula, pero tampoco es memorable, ni extraordinaria.<a href=\"https:\/\/i0.wp.com\/www.kalot.com.mx\/wp-content\/uploads\/2015\/08\/tercera57.jpg\"><img data-recalc-dims=\"1\" decoding=\"async\" data-attachment-id=\"23026\" data-permalink=\"https:\/\/kalot.com.mx\/site\/2015\/08\/19\/elvira-te-daria-mi-tiempo-pero-lo-estoy-usando\/tercera57\/\" data-orig-file=\"https:\/\/i0.wp.com\/kalot.com.mx\/site\/wp-content\/uploads\/2015\/08\/tercera57.jpg?fit=652%2C367&ssl=1\" data-orig-size=\"652,367\" data-comments-opened=\"1\" data-image-meta=\"{&quot;aperture&quot;:&quot;0&quot;,&quot;credit&quot;:&quot;&quot;,&quot;camera&quot;:&quot;&quot;,&quot;caption&quot;:&quot;&quot;,&quot;created_timestamp&quot;:&quot;0&quot;,&quot;copyright&quot;:&quot;&quot;,&quot;focal_length&quot;:&quot;0&quot;,&quot;iso&quot;:&quot;0&quot;,&quot;shutter_speed&quot;:&quot;0&quot;,&quot;title&quot;:&quot;&quot;,&quot;orientation&quot;:&quot;1&quot;}\" data-image-title=\"tercera57\" data-image-description=\"\" data-image-caption=\"\" data-large-file=\"https:\/\/i0.wp.com\/kalot.com.mx\/site\/wp-content\/uploads\/2015\/08\/tercera57.jpg?fit=652%2C367&ssl=1\" class=\"aligncenter wp-image-23026\" src=\"https:\/\/i0.wp.com\/www.kalot.com.mx\/wp-content\/uploads\/2015\/08\/tercera57-300x169.jpg?resize=497%2C280\" alt=\"tercera57\" width=\"497\" height=\"280\" srcset=\"https:\/\/i0.wp.com\/kalot.com.mx\/site\/wp-content\/uploads\/2015\/08\/tercera57.jpg?resize=300%2C169&ssl=1 300w, https:\/\/i0.wp.com\/kalot.com.mx\/site\/wp-content\/uploads\/2015\/08\/tercera57.jpg?w=652&ssl=1 652w\" sizes=\"(max-width: 497px) 100vw, 497px\" \/><\/a><\/p>\n","protected":false},"excerpt":{"rendered":"Al pensar en el nombre de Elvira, r\u00e1pidamente se nos viene a la mente Cassandra Peterson, quien era&hellip;\n","protected":false},"author":137,"featured_media":23027,"comment_status":"open","ping_status":"open","sticky":false,"template":"","format":"standard","meta":{"jetpack_post_was_ever_published":false,"_jetpack_newsletter_access":"","_jetpack_dont_email_post_to_subs":false,"_jetpack_newsletter_tier_id":0,"_jetpack_memberships_contains_paywalled_content":false,"_jetpack_memberships_contains_paid_content":false,"footnotes":"","jetpack_publicize_message":"","jetpack_publicize_feature_enabled":true,"jetpack_social_post_already_shared":true,"jetpack_social_options":{"image_generator_settings":{"template":"highway","default_image_id":0,"font":"","enabled":false},"version":2}},"categories":[],"tags":[],"class_list":{"0":"post-23024","1":"post","2":"type-post","3":"status-publish","4":"format-standard","5":"has-post-thumbnail","7":"cs-entry","8":"cs-video-wrap"},"yoast_head":"<!-- This site is optimized with the Yoast SEO plugin v27.5 - https:\/\/yoast.com\/product\/yoast-seo-wordpress\/ -->\n<title>Elvira, te dar\u00eda mi tiempo pero lo estoy usando - Kalot<\/title>\n<meta name=\"description\" content=\"Elvira. \u00bfEntretenida? S\u00ed. \u00bfMemorable? No.\" \/>\n<meta name=\"robots\" content=\"index, follow, max-snippet:-1, max-image-preview:large, max-video-preview:-1\" \/>\n<link rel=\"canonical\" href=\"https:\/\/kalot.com.mx\/site\/2015\/08\/19\/elvira-te-daria-mi-tiempo-pero-lo-estoy-usando\/\" \/>\n<meta property=\"og:locale\" content=\"es_MX\" \/>\n<meta property=\"og:type\" content=\"article\" \/>\n<meta property=\"og:title\" content=\"Elvira, te dar\u00eda mi tiempo pero lo estoy usando - Kalot\" \/>\n<meta property=\"og:description\" content=\"Elvira. \u00bfEntretenida? S\u00ed. \u00bfMemorable? No.\" \/>\n<meta property=\"og:url\" content=\"https:\/\/kalot.com.mx\/site\/2015\/08\/19\/elvira-te-daria-mi-tiempo-pero-lo-estoy-usando\/\" \/>\n<meta property=\"og:site_name\" content=\"Kalot\" \/>\n<meta property=\"article:publisher\" content=\"http:\/\/facebook.com\/mxkalot\" \/>\n<meta property=\"article:published_time\" content=\"2015-08-19T05:05:34+00:00\" \/>\n<meta property=\"article:modified_time\" content=\"2015-08-19T16:20:06+00:00\" \/>\n<meta property=\"og:image\" content=\"https:\/\/i2.wp.com\/kalot.com.mx\/site\/wp-content\/uploads\/2015\/08\/elvira_te_daria_mi_vida_Enfilme_88p86_675_489.jpeg?fit=675%2C489&ssl=1\" \/>\n\t<meta property=\"og:image:width\" content=\"675\" \/>\n\t<meta property=\"og:image:height\" content=\"489\" \/>\n\t<meta property=\"og:image:type\" content=\"image\/jpeg\" \/>\n<meta name=\"author\" content=\"Doctor Caligari\" \/>\n<meta name=\"twitter:card\" content=\"summary_large_image\" \/>\n<meta name=\"twitter:creator\" content=\"@kalotmx\" \/>\n<meta name=\"twitter:site\" content=\"@kalotmx\" \/>\n<meta name=\"twitter:label1\" content=\"Escrito por\" \/>\n\t<meta name=\"twitter:data1\" content=\"Doctor Caligari\" \/>\n\t<meta name=\"twitter:label2\" content=\"Tiempo de lectura\" \/>\n\t<meta name=\"twitter:data2\" content=\"2 minutos\" \/>\n<!-- \/ Yoast SEO plugin. -->","yoast_head_json":{"title":"Elvira, te dar\u00eda mi tiempo pero lo estoy usando - Kalot","description":"Elvira. \u00bfEntretenida? S\u00ed. \u00bfMemorable? No.","robots":{"index":"index","follow":"follow","max-snippet":"max-snippet:-1","max-image-preview":"max-image-preview:large","max-video-preview":"max-video-preview:-1"},"canonical":"https:\/\/kalot.com.mx\/site\/2015\/08\/19\/elvira-te-daria-mi-tiempo-pero-lo-estoy-usando\/","og_locale":"es_MX","og_type":"article","og_title":"Elvira, te dar\u00eda mi tiempo pero lo estoy usando - Kalot","og_description":"Elvira. \u00bfEntretenida? S\u00ed. \u00bfMemorable? No.","og_url":"https:\/\/kalot.com.mx\/site\/2015\/08\/19\/elvira-te-daria-mi-tiempo-pero-lo-estoy-usando\/","og_site_name":"Kalot","article_publisher":"http:\/\/facebook.com\/mxkalot","article_published_time":"2015-08-19T05:05:34+00:00","article_modified_time":"2015-08-19T16:20:06+00:00","og_image":[{"width":675,"height":489,"url":"https:\/\/i2.wp.com\/kalot.com.mx\/site\/wp-content\/uploads\/2015\/08\/elvira_te_daria_mi_vida_Enfilme_88p86_675_489.jpeg?fit=675%2C489&ssl=1","type":"image\/jpeg"}],"author":"Doctor Caligari","twitter_card":"summary_large_image","twitter_creator":"@kalotmx","twitter_site":"@kalotmx","twitter_misc":{"Escrito por":"Doctor Caligari","Tiempo de lectura":"2 minutos"},"schema":{"@context":"https:\/\/schema.org","@graph":[{"@type":"Article","@id":"https:\/\/kalot.com.mx\/site\/2015\/08\/19\/elvira-te-daria-mi-tiempo-pero-lo-estoy-usando\/#article","isPartOf":{"@id":"https:\/\/kalot.com.mx\/site\/2015\/08\/19\/elvira-te-daria-mi-tiempo-pero-lo-estoy-usando\/"},"author":{"name":"Doctor Caligari","@id":"https:\/\/kalot.com.mx\/site\/#\/schema\/person\/645e1055387450a9aaddb8b199167f89"},"headline":"Elvira, te dar\u00eda mi tiempo pero lo estoy usando","datePublished":"2015-08-19T05:05:34+00:00","dateModified":"2015-08-19T16:20:06+00:00","mainEntityOfPage":{"@id":"https:\/\/kalot.com.mx\/site\/2015\/08\/19\/elvira-te-daria-mi-tiempo-pero-lo-estoy-usando\/"},"wordCount":385,"commentCount":0,"publisher":{"@id":"https:\/\/kalot.com.mx\/site\/#organization"},"image":{"@id":"https:\/\/kalot.com.mx\/site\/2015\/08\/19\/elvira-te-daria-mi-tiempo-pero-lo-estoy-usando\/#primaryimage"},"thumbnailUrl":"https:\/\/i0.wp.com\/kalot.com.mx\/site\/wp-content\/uploads\/2015\/08\/elvira_te_daria_mi_vida_Enfilme_88p86_675_489.jpeg?fit=675%2C489&ssl=1","inLanguage":"es","potentialAction":[{"@type":"CommentAction","name":"Comment","target":["https:\/\/kalot.com.mx\/site\/2015\/08\/19\/elvira-te-daria-mi-tiempo-pero-lo-estoy-usando\/#respond"]}]},{"@type":"WebPage","@id":"https:\/\/kalot.com.mx\/site\/2015\/08\/19\/elvira-te-daria-mi-tiempo-pero-lo-estoy-usando\/","url":"https:\/\/kalot.com.mx\/site\/2015\/08\/19\/elvira-te-daria-mi-tiempo-pero-lo-estoy-usando\/","name":"Elvira, te dar\u00eda mi tiempo pero lo estoy usando - Kalot","isPartOf":{"@id":"https:\/\/kalot.com.mx\/site\/#website"},"primaryImageOfPage":{"@id":"https:\/\/kalot.com.mx\/site\/2015\/08\/19\/elvira-te-daria-mi-tiempo-pero-lo-estoy-usando\/#primaryimage"},"image":{"@id":"https:\/\/kalot.com.mx\/site\/2015\/08\/19\/elvira-te-daria-mi-tiempo-pero-lo-estoy-usando\/#primaryimage"},"thumbnailUrl":"https:\/\/i0.wp.com\/kalot.com.mx\/site\/wp-content\/uploads\/2015\/08\/elvira_te_daria_mi_vida_Enfilme_88p86_675_489.jpeg?fit=675%2C489&ssl=1","datePublished":"2015-08-19T05:05:34+00:00","dateModified":"2015-08-19T16:20:06+00:00","description":"Elvira. \u00bfEntretenida? S\u00ed. \u00bfMemorable? No.","breadcrumb":{"@id":"https:\/\/kalot.com.mx\/site\/2015\/08\/19\/elvira-te-daria-mi-tiempo-pero-lo-estoy-usando\/#breadcrumb"},"inLanguage":"es","potentialAction":[{"@type":"ReadAction","target":["https:\/\/kalot.com.mx\/site\/2015\/08\/19\/elvira-te-daria-mi-tiempo-pero-lo-estoy-usando\/"]}]},{"@type":"ImageObject","inLanguage":"es","@id":"https:\/\/kalot.com.mx\/site\/2015\/08\/19\/elvira-te-daria-mi-tiempo-pero-lo-estoy-usando\/#primaryimage","url":"https:\/\/i0.wp.com\/kalot.com.mx\/site\/wp-content\/uploads\/2015\/08\/elvira_te_daria_mi_vida_Enfilme_88p86_675_489.jpeg?fit=675%2C489&ssl=1","contentUrl":"https:\/\/i0.wp.com\/kalot.com.mx\/site\/wp-content\/uploads\/2015\/08\/elvira_te_daria_mi_vida_Enfilme_88p86_675_489.jpeg?fit=675%2C489&ssl=1","width":675,"height":489},{"@type":"BreadcrumbList","@id":"https:\/\/kalot.com.mx\/site\/2015\/08\/19\/elvira-te-daria-mi-tiempo-pero-lo-estoy-usando\/#breadcrumb","itemListElement":[{"@type":"ListItem","position":1,"name":"Home","item":"https:\/\/kalot.com.mx\/site\/"},{"@type":"ListItem","position":2,"name":"Elvira, te dar\u00eda mi tiempo pero lo estoy usando"}]},{"@type":"WebSite","@id":"https:\/\/kalot.com.mx\/site\/#website","url":"https:\/\/kalot.com.mx\/site\/","name":"Kalot","description":"Conoce Todo Sobre Todo","publisher":{"@id":"https:\/\/kalot.com.mx\/site\/#organization"},"potentialAction":[{"@type":"SearchAction","target":{"@type":"EntryPoint","urlTemplate":"https:\/\/kalot.com.mx\/site\/?s={search_term_string}"},"query-input":{"@type":"PropertyValueSpecification","valueRequired":true,"valueName":"search_term_string"}}],"inLanguage":"es"},{"@type":"Organization","@id":"https:\/\/kalot.com.mx\/site\/#organization","name":"Kalot","url":"https:\/\/kalot.com.mx\/site\/","logo":{"@type":"ImageObject","inLanguage":"es","@id":"https:\/\/kalot.com.mx\/site\/#\/schema\/logo\/image\/","url":"https:\/\/i0.wp.com\/kalot.com.mx\/site\/wp-content\/uploads\/2020\/04\/Kalot-logo-sin-tagline.png?fit=1707%2C1014&ssl=1","contentUrl":"https:\/\/i0.wp.com\/kalot.com.mx\/site\/wp-content\/uploads\/2020\/04\/Kalot-logo-sin-tagline.png?fit=1707%2C1014&ssl=1","width":1707,"height":1014,"caption":"Kalot"},"image":{"@id":"https:\/\/kalot.com.mx\/site\/#\/schema\/logo\/image\/"},"sameAs":["http:\/\/facebook.com\/mxkalot","https:\/\/x.com\/kalotmx","http:\/\/instagram.com\/kalotmx","http:\/\/pinterest.com\/jorgeerana\/kalot"]},{"@type":"Person","@id":"https:\/\/kalot.com.mx\/site\/#\/schema\/person\/645e1055387450a9aaddb8b199167f89","name":"Doctor Caligari","image":{"@type":"ImageObject","inLanguage":"es","@id":"https:\/\/secure.gravatar.com\/avatar\/39f408f452c285bcf62aeb0cd476a4858c3ed7f4acbfaa3ee45e423d1e44c2f0?s=96&d=mm&r=g","url":"https:\/\/secure.gravatar.com\/avatar\/39f408f452c285bcf62aeb0cd476a4858c3ed7f4acbfaa3ee45e423d1e44c2f0?s=96&d=mm&r=g","contentUrl":"https:\/\/secure.gravatar.com\/avatar\/39f408f452c285bcf62aeb0cd476a4858c3ed7f4acbfaa3ee45e423d1e44c2f0?s=96&d=mm&r=g","caption":"Doctor Caligari"},"url":"https:\/\/kalot.com.mx\/site\/author\/sahiye\/"}]}},"jetpack_publicize_connections":[],"jetpack_featured_media_url":"https:\/\/i0.wp.com\/kalot.com.mx\/site\/wp-content\/uploads\/2015\/08\/elvira_te_daria_mi_vida_Enfilme_88p86_675_489.jpeg?fit=675%2C489&ssl=1","jetpack_shortlink":"https:\/\/wp.me\/p6IHEI-5Zm","jetpack-related-posts":[{"id":9041,"url":"https:\/\/kalot.com.mx\/site\/2014\/01\/05\/la-jess-fuentes\/","url_meta":{"origin":23024,"position":0},"title":"La Jess Fuentes","author":"Jessica Fuentes","date":"5 enero, 2014","format":false,"excerpt":"Seguramente nos hemos encontrado por lo menos una vez en la vida, de alg\u00fan lado nos debemos de conocer, el mundo es tan peque\u00f1o que no te puedes esconder. Soy amante de los viajes, me encanta conocer nuevas personas, culturas, ciudades, pa\u00edses, siempre en busca de nuevas experiencias, no me\u2026","rel":"","context":"Entrada similar ","block_context":{"text":"Entrada similar ","link":""},"img":{"alt_text":"","src":"https:\/\/i0.wp.com\/kalot.com.mx\/site\/wp-content\/uploads\/2014\/01\/1513272_10201397113031303_1632970234_n.jpg?fit=960%2C720&ssl=1&resize=350%2C200","width":350,"height":200,"srcset":"https:\/\/i0.wp.com\/kalot.com.mx\/site\/wp-content\/uploads\/2014\/01\/1513272_10201397113031303_1632970234_n.jpg?fit=960%2C720&ssl=1&resize=350%2C200 1x, https:\/\/i0.wp.com\/kalot.com.mx\/site\/wp-content\/uploads\/2014\/01\/1513272_10201397113031303_1632970234_n.jpg?fit=960%2C720&ssl=1&resize=525%2C300 1.5x, https:\/\/i0.wp.com\/kalot.com.mx\/site\/wp-content\/uploads\/2014\/01\/1513272_10201397113031303_1632970234_n.jpg?fit=960%2C720&ssl=1&resize=700%2C400 2x"},"classes":[]},{"id":4307,"url":"https:\/\/kalot.com.mx\/site\/2013\/10\/17\/tiny-toons-una-caricatura-de-la-vieja-escuela-en-el-juevesretro\/","url_meta":{"origin":23024,"position":1},"title":"Tiny Toons, una caricatura de la vieja escuela en el #JuevesRetro","author":"Saul Alonso","date":"17 octubre, 2013","format":false,"excerpt":"Mis estimados lectores, el d\u00eda de hoy les traigo una breve rese\u00f1a, que seguro a muchos les recordar\u00e1 su infancia, puesto que esta caricatura era una de las preferidas de muchos chavitos y chavitas de nuestros tiempos. Estamos hablando de aquellos seres que asist\u00edan a la Universidad, con la finalidad\u2026","rel":"","context":"Entrada similar ","block_context":{"text":"Entrada similar ","link":""},"img":{"alt_text":"","src":"https:\/\/i0.wp.com\/kalot.com.mx\/site\/wp-content\/uploads\/2013\/10\/TinyToonsGang.jpg?fit=640%2C480&ssl=1&resize=350%2C200","width":350,"height":200,"srcset":"https:\/\/i0.wp.com\/kalot.com.mx\/site\/wp-content\/uploads\/2013\/10\/TinyToonsGang.jpg?fit=640%2C480&ssl=1&resize=350%2C200 1x, https:\/\/i0.wp.com\/kalot.com.mx\/site\/wp-content\/uploads\/2013\/10\/TinyToonsGang.jpg?fit=640%2C480&ssl=1&resize=525%2C300 1.5x"},"classes":[]},{"id":5594,"url":"https:\/\/kalot.com.mx\/site\/2013\/11\/02\/5-peliculas-que-tienes-que-ver-este-dia-de-muertos-y-post-halloween\/","url_meta":{"origin":23024,"position":2},"title":"5 Pel\u00edculas que tienes que ver este d\u00eda de muertos y post-halloween","author":"Cristian Patl\u00e1n","date":"2 noviembre, 2013","format":false,"excerpt":"1.- Shutter (2004) Shutter o en espa\u00f1ol: \u201cEst\u00e1n entre nosotros\u201d nos adentra en la historia de Tun y Jane, Tun es un fot\u00f3grafo profesional que empieza a percibir macabras y extra\u00f1as figuras en sus fotos, y Jane es asediada por terribles pesadillas, juntos tendr\u00e1n que resolver el misterio antes de\u2026","rel":"","context":"Entrada similar ","block_context":{"text":"Entrada similar ","link":""},"img":{"alt_text":"","src":"https:\/\/i0.wp.com\/kalot.com.mx\/site\/wp-content\/uploads\/2013\/11\/it.png?fit=1000%2C750&ssl=1&resize=350%2C200","width":350,"height":200,"srcset":"https:\/\/i0.wp.com\/kalot.com.mx\/site\/wp-content\/uploads\/2013\/11\/it.png?fit=1000%2C750&ssl=1&resize=350%2C200 1x, https:\/\/i0.wp.com\/kalot.com.mx\/site\/wp-content\/uploads\/2013\/11\/it.png?fit=1000%2C750&ssl=1&resize=525%2C300 1.5x, https:\/\/i0.wp.com\/kalot.com.mx\/site\/wp-content\/uploads\/2013\/11\/it.png?fit=1000%2C750&ssl=1&resize=700%2C400 2x"},"classes":[]},{"id":6300,"url":"https:\/\/kalot.com.mx\/site\/2013\/11\/11\/y-hasta-cuando-te-haras-cargo-tu\/","url_meta":{"origin":23024,"position":3},"title":"Y HASTA CUANDO TE HAR\u00c1S CARGO???!! #TU","author":"Leticia SanMiguel","date":"11 noviembre, 2013","format":false,"excerpt":"Antes de comenzar a leer ponte una buena rola que vaya al tema para que te inspires...... RECOMIENDO: Things \u00a0you've ever done de passenger buena opcion!!! Alguna vez haz escuchado la frase de TU ERES EL ARQUITECTO DE NUESTRO PROPIO DESTINO, que tan cierto es esto, sera una realidad que\u2026","rel":"","context":"En &quot;Sin categor\u00eda&quot;","block_context":{"text":"Sin categor\u00eda","link":"https:\/\/kalot.com.mx\/site\/category\/sin-categoria\/"},"img":{"alt_text":"","src":"https:\/\/i0.wp.com\/kalot.com.mx\/site\/wp-content\/uploads\/2013\/11\/Laura-Kok11.jpg?fit=600%2C514&ssl=1&resize=350%2C200","width":350,"height":200,"srcset":"https:\/\/i0.wp.com\/kalot.com.mx\/site\/wp-content\/uploads\/2013\/11\/Laura-Kok11.jpg?fit=600%2C514&ssl=1&resize=350%2C200 1x, https:\/\/i0.wp.com\/kalot.com.mx\/site\/wp-content\/uploads\/2013\/11\/Laura-Kok11.jpg?fit=600%2C514&ssl=1&resize=525%2C300 1.5x"},"classes":[]},{"id":3324,"url":"https:\/\/kalot.com.mx\/site\/2013\/10\/17\/amor-con-fronteras\/","url_meta":{"origin":23024,"position":4},"title":"Amor CON fronteras","author":"Adriana Baranda","date":"17 octubre, 2013","format":false,"excerpt":"Hace poco me avoque a leer un libro de Alejandro Jodorowsky. Lo que me rebota en la cabeza del libro en este momento es una parte en que describe a un joven escritor amigo de Jodorowsky, chileno, que tiene una vida amorosa muy sudamericana, o sea, iba a Suecia por\u2026","rel":"","context":"Entrada similar ","block_context":{"text":"Entrada similar ","link":""},"img":{"alt_text":"","src":"https:\/\/i0.wp.com\/kalot.com.mx\/site\/wp-content\/uploads\/2013\/10\/amor-frontera.jpg?fit=451%2C395&ssl=1&resize=350%2C200","width":350,"height":200},"classes":[]},{"id":9952,"url":"https:\/\/kalot.com.mx\/site\/2014\/01\/23\/estoy-enamorada\/","url_meta":{"origin":23024,"position":5},"title":"Estoy enamorada.","author":"Mar\u00eda Alvarado","date":"23 enero, 2014","format":false,"excerpt":"Hace no mucho le\u00ed un art\u00edculo que hablaba de los \u201cneo-solteros\u201d, que son un grupo de personas que dicen estar solteros por decisi\u00f3n, no por circunstancias; y al leerlo me puse a pensar en que yo tambi\u00e9n soy soltera por elecci\u00f3n, aunque llegue a pensar que ha sido por circunstancia,\u2026","rel":"","context":"Con 1 comentario","block_context":{"text":"Con 1 comentario","link":"https:\/\/kalot.com.mx\/site\/2014\/01\/23\/estoy-enamorada\/#comments"},"img":{"alt_text":"","src":"https:\/\/i0.wp.com\/kalot.com.mx\/site\/wp-content\/uploads\/2014\/01\/in-love.jpg?fit=600%2C600&ssl=1&resize=350%2C200","width":350,"height":200,"srcset":"https:\/\/i0.wp.com\/kalot.com.mx\/site\/wp-content\/uploads\/2014\/01\/in-love.jpg?fit=600%2C600&ssl=1&resize=350%2C200 1x, https:\/\/i0.wp.com\/kalot.com.mx\/site\/wp-content\/uploads\/2014\/01\/in-love.jpg?fit=600%2C600&ssl=1&resize=525%2C300 1.5x"},"classes":[]}],"jetpack_sharing_enabled":true,"_links":{"self":[{"href":"https:\/\/kalot.com.mx\/site\/wp-json\/wp\/v2\/posts\/23024","targetHints":{"allow":["GET"]}}],"collection":[{"href":"https:\/\/kalot.com.mx\/site\/wp-json\/wp\/v2\/posts"}],"about":[{"href":"https:\/\/kalot.com.mx\/site\/wp-json\/wp\/v2\/types\/post"}],"author":[{"embeddable":true,"href":"https:\/\/kalot.com.mx\/site\/wp-json\/wp\/v2\/users\/137"}],"replies":[{"embeddable":true,"href":"https:\/\/kalot.com.mx\/site\/wp-json\/wp\/v2\/comments?post=23024"}],"version-history":[{"count":0,"href":"https:\/\/kalot.com.mx\/site\/wp-json\/wp\/v2\/posts\/23024\/revisions"}],"wp:featuredmedia":[{"embeddable":true,"href":"https:\/\/kalot.com.mx\/site\/wp-json\/wp\/v2\/media\/23027"}],"wp:attachment":[{"href":"https:\/\/kalot.com.mx\/site\/wp-json\/wp\/v2\/media?parent=23024"}],"wp:term":[{"taxonomy":"category","embeddable":true,"href":"https:\/\/kalot.com.mx\/site\/wp-json\/wp\/v2\/categories?post=23024"},{"taxonomy":"post_tag","embeddable":true,"href":"https:\/\/kalot.com.mx\/site\/wp-json\/wp\/v2\/tags?post=23024"}],"curies":[{"name":"wp","href":"https:\/\/api.w.org\/{rel}","templated":true}]}}