{"id":22926,"date":"2015-08-12T17:21:44","date_gmt":"2015-08-12T22:21:44","guid":{"rendered":"http:\/\/www.kalot.com.mx\/?p=22926"},"modified":"2015-08-12T17:21:44","modified_gmt":"2015-08-12T22:21:44","slug":"el-perdon-tiene-un-proceso-conocelo","status":"publish","type":"post","link":"https:\/\/kalot.com.mx\/site\/2015\/08\/12\/el-perdon-tiene-un-proceso-conocelo\/","title":{"rendered":"El perd\u00f3n tiene un proceso, con\u00f3celo&#8230;"},"content":{"rendered":"<p>Perdonar nos permite vivir en un mejor futuro, dejar atr\u00e1s esas ataduras del pasado que tanto nos lastiman. En el siguiente art\u00edculo se describir\u00e1 cu\u00e1les son los factores para poder pasar al perd\u00f3n y as\u00ed hacer m\u00e1s llevadero el duelo por haber sido lastimados.<\/p>\n<p>Ruben Castrat se\u00f1ala que los antiguos jud\u00edos del pueblo Israelita ten\u00edan una palabra clave en arameo para designar la palabra \u201cperd\u00f3n\u201d. Esta era rejemim o rejamim. El significado literal de la palabra es \u00fatero, matriz<\/p>\n<p>Y por qu\u00e9 se nombra la palabra matriz en esta definici\u00f3n:<\/p>\n<p>La Dr. Matilde Sakruka menciona \u00a0en su art\u00edculo \u201cEl perd\u00f3n de la Pareja\u201d, que cuando uno es capaz de borrar la ofensa que otra persona le ha hecho a uno de diferentes maneras, uno es capaz de darle el perd\u00f3n al otro y soluciona ese problema, est\u00e1 pr\u00e1cticamente haciendo que la persona ofensora llegue a ser una nueva persona frente a uno. Es por eso que se utiliza la palabra \u201c\u00fatero o matriz\u201d, \u00a0porque es como reengendrar a la persona a una nueva forma de ser frente a uno. Esto es en cierto modo el significado del perd\u00f3n; devolver la vida previa, la sanidad, a una relaci\u00f3n que se ha perdido o que se ha fracturado como consecuencia de una ofensa. El perdonar y el ser perdonado sana, repara, restaura.<\/p>\n<p><img data-recalc-dims=\"1\" fetchpriority=\"high\" decoding=\"async\" class=\"aligncenter\" src=\"https:\/\/i0.wp.com\/38.media.tumblr.com\/929205ce61cba2798ddce396b606d281\/tumblr_neees6DgIp1s01uqno1_500.gif?resize=500%2C302&#038;ssl=1\" alt=\"\" width=\"500\" height=\"302\" \/><\/p>\n<p>Cuando uno es ofendido predominan en nosotros diferentes sentimientos como la rabia, el enojo, y la venganza. El perdonar implica una manera de reconciliarse con la persona o personas que nos hicieron da\u00f1o y as\u00ed darse cuenta que el enojo causado por la ofensa ya no existe.<\/p>\n<p>Para\u00a0 una persona que fue ofendida y pueda pasar al perd\u00f3n de una manera adecuada y que el evento no quede como una situaci\u00f3n traumatizante, tendr\u00e1 que pasar por 3 factores:<\/p>\n<ol>\n<li>Deseos de venganza<\/li>\n<li>La reparaci\u00f3n<\/li>\n<li>Reconsideraci\u00f3n.<\/li>\n<\/ol>\n<p><img data-recalc-dims=\"1\" decoding=\"async\" class=\"aligncenter\" src=\"https:\/\/i0.wp.com\/33.media.tumblr.com\/tumblr_mb6gfr1LSS1rgnxx4o1_500.gif?resize=500%2C209&#038;ssl=1\" alt=\"\" width=\"500\" height=\"209\" \/><\/p>\n<p>Desear vengarse por el da\u00f1o infligido por la otra persona genera en nosotros sentimientos de satisfacci\u00f3n, ya que nos permite obtener el control sobre la situaci\u00f3n, hacerle sentir a ese otro lo mismo que nos hizo, sin embargo pasar al acto de la venganza implica posicionarse al igual que el que nos da\u00f1\u00f3 y entonces\u00a0 \u201cambos nos hemos lastimado\u201d. Realizar este acto provoca en nosotros la disminuci\u00f3n de los sentimientos de venganza, rencor y odio, sin embargo, utilizarlo no es de utilidad para poder\u00a0 pasar al siguiente factor.<\/p>\n<p>El segundo punto sucede cuando\u00a0 sujeto que da\u00f1o pide perd\u00f3n, hablamos de una forma de reparar la acci\u00f3n da\u00f1ina. El sujeto reconoce que lastim\u00f3 a esa persona por la que puede sentir o no afecto. Saber que el otro est\u00e1 arrepentido por su ofensa y se disculpa ofrece a la v\u00edctima una reconciliaci\u00f3n consigo misma y el ofensor, por lo que los sentimientos de odio y venganza desaparecen.<img data-recalc-dims=\"1\" decoding=\"async\" class=\"aligncenter\" src=\"https:\/\/i0.wp.com\/41.media.tumblr.com\/ea7905e520658dac5a331031d33724a9\/tumblr_mzqd7kA4l41t0eg8bo1_500.jpg?resize=500%2C241&#038;ssl=1\" alt=\"\" width=\"500\" height=\"241\" \/><\/p>\n<p>En seguida viene la reconsideraci\u00f3n de poder otorgar el perd\u00f3n, es decir, la persona lastimada se posiciona en \u201cveremos\u201d si puedo perdonarte, si existe posibilidad o no de hacerlo.<\/p>\n<p>La reconsideraci\u00f3n surge cuando al recibir una disculpa la victima pone a su consideraci\u00f3n si existe la posibilidad de perdonar o no.<\/p>\n<p>Cuando estos 3 factores son utilizados, permiten hacer llevadero el duelo y \u00a0lleva a la v\u00edctima \u00a0la soluci\u00f3n del conflicto implicado por el da\u00f1o. Para aquellos quienes perdonan, el perd\u00f3n es su propia recompensa, porque se benefician a\u00fan m\u00e1s que a quien se le otorga el perd\u00f3n, se libera del odio, la rabia, del deseo de venganza y del rencor, emociones que surgieron a partir de la falla del otro.<\/p>\n<p><img data-recalc-dims=\"1\" loading=\"lazy\" decoding=\"async\" class=\"aligncenter\" src=\"https:\/\/i0.wp.com\/s-media-cache-ak0.pinimg.com\/736x\/4d\/46\/95\/4d46956b994d0d75a5674985bc508766.jpg?resize=640%2C480&#038;ssl=1\" alt=\"&quot;Apret\u00f3n de manos como indicador de salud&quot;. La fuerza ejercida en un apret\u00f3n de manos puede indicar las posibilidades de ir a sufrir un infarto o un ictus, seg\u00fan un estudio. http:\/\/irispress.es\/mqciencia\/2015\/06\/02\/apreton-de-manos-como-indicador-de-salud\/ #ciencia #salud\" width=\"640\" height=\"480\" \/><\/p>\n<p>Algunos estudios se\u00f1alan que la salud puede mejorar, tanto f\u00edsica como emocional, debido a que estas emociones se guardan muy dentro de nosotros cuando el perd\u00f3n no surge. Cuando se superan los resentimientos, nos ofrece consolidar nuestra propia dignidad, sentirnos m\u00e1s fuertes y nos brinda un grado m\u00e1s de madurez, pero sobre todo, \u00a0es que nos libera de ataduras del pasado.<\/p>\n<p><strong>\u00a0<\/strong><\/p>\n<p><strong>REFERENCIAS:<\/strong><\/p>\n<p>Klein, Melanie.1988.\u201d Envidia y Gratitud\u201d. Obras Completas. Editorial Paid\u00f3s.<\/p>\n<p>Klein, Melanie.1937 \u201cAmor, Odio y Reparaci\u00f3n\u201d. Obras Completas. Editorial Paid\u00f3s.<\/p>\n<p>&nbsp;<\/p>\n","protected":false},"excerpt":{"rendered":"Perdonar nos permite vivir en un mejor futuro, dejar atr\u00e1s esas ataduras del pasado que tanto nos lastiman.&hellip;\n","protected":false},"author":146,"featured_media":22928,"comment_status":"open","ping_status":"open","sticky":false,"template":"","format":"standard","meta":{"jetpack_post_was_ever_published":false,"_jetpack_newsletter_access":"","_jetpack_dont_email_post_to_subs":false,"_jetpack_newsletter_tier_id":0,"_jetpack_memberships_contains_paywalled_content":false,"_jetpack_memberships_contains_paid_content":false,"footnotes":"","jetpack_publicize_message":"","jetpack_publicize_feature_enabled":true,"jetpack_social_post_already_shared":true,"jetpack_social_options":{"image_generator_settings":{"template":"highway","default_image_id":0,"font":"","enabled":false},"version":2}},"categories":[],"tags":[],"class_list":{"0":"post-22926","1":"post","2":"type-post","3":"status-publish","4":"format-standard","5":"has-post-thumbnail","7":"cs-entry","8":"cs-video-wrap"},"yoast_head":"<!-- This site is optimized with the Yoast SEO plugin v27.5 - https:\/\/yoast.com\/product\/yoast-seo-wordpress\/ -->\n<title>El perd\u00f3n tiene un proceso, con\u00f3celo... - Kalot<\/title>\n<meta name=\"description\" content=\"Perdonar nos permite vivir en un mejor futuro, dejar atr\u00e1s esas ataduras del pasado que tanto nos lastiman. En el siguiente art\u00edculo se describir\u00e1 cu\u00e1les\" \/>\n<meta name=\"robots\" content=\"index, follow, max-snippet:-1, max-image-preview:large, max-video-preview:-1\" \/>\n<link rel=\"canonical\" href=\"https:\/\/kalot.com.mx\/site\/2015\/08\/12\/el-perdon-tiene-un-proceso-conocelo\/\" \/>\n<meta property=\"og:locale\" content=\"es_MX\" \/>\n<meta property=\"og:type\" content=\"article\" \/>\n<meta property=\"og:title\" content=\"El perd\u00f3n tiene un proceso, con\u00f3celo... - Kalot\" \/>\n<meta property=\"og:description\" content=\"Perdonar nos permite vivir en un mejor futuro, dejar atr\u00e1s esas ataduras del pasado que tanto nos lastiman. En el siguiente art\u00edculo se describir\u00e1 cu\u00e1les\" \/>\n<meta property=\"og:url\" content=\"https:\/\/kalot.com.mx\/site\/2015\/08\/12\/el-perdon-tiene-un-proceso-conocelo\/\" \/>\n<meta property=\"og:site_name\" content=\"Kalot\" \/>\n<meta property=\"article:publisher\" content=\"http:\/\/facebook.com\/mxkalot\" \/>\n<meta property=\"article:published_time\" content=\"2015-08-12T22:21:44+00:00\" \/>\n<meta property=\"og:image\" content=\"https:\/\/i1.wp.com\/kalot.com.mx\/site\/wp-content\/uploads\/2015\/08\/4cdc59c1cda20999cfbd6f6e9d951fe7.jpg?fit=366%2C480&ssl=1\" \/>\n\t<meta property=\"og:image:width\" content=\"366\" \/>\n\t<meta property=\"og:image:height\" content=\"480\" \/>\n\t<meta property=\"og:image:type\" content=\"image\/jpeg\" \/>\n<meta name=\"author\" content=\"Clara Torres\" \/>\n<meta name=\"twitter:card\" content=\"summary_large_image\" \/>\n<meta name=\"twitter:creator\" content=\"@kalotmx\" \/>\n<meta name=\"twitter:site\" content=\"@kalotmx\" \/>\n<meta name=\"twitter:label1\" content=\"Escrito por\" \/>\n\t<meta name=\"twitter:data1\" content=\"Clara Torres\" \/>\n\t<meta name=\"twitter:label2\" content=\"Tiempo de lectura\" \/>\n\t<meta name=\"twitter:data2\" content=\"4 minutos\" \/>\n<!-- \/ Yoast SEO plugin. -->","yoast_head_json":{"title":"El perd\u00f3n tiene un proceso, con\u00f3celo... - Kalot","description":"Perdonar nos permite vivir en un mejor futuro, dejar atr\u00e1s esas ataduras del pasado que tanto nos lastiman. En el siguiente art\u00edculo se describir\u00e1 cu\u00e1les","robots":{"index":"index","follow":"follow","max-snippet":"max-snippet:-1","max-image-preview":"max-image-preview:large","max-video-preview":"max-video-preview:-1"},"canonical":"https:\/\/kalot.com.mx\/site\/2015\/08\/12\/el-perdon-tiene-un-proceso-conocelo\/","og_locale":"es_MX","og_type":"article","og_title":"El perd\u00f3n tiene un proceso, con\u00f3celo... - Kalot","og_description":"Perdonar nos permite vivir en un mejor futuro, dejar atr\u00e1s esas ataduras del pasado que tanto nos lastiman. En el siguiente art\u00edculo se describir\u00e1 cu\u00e1les","og_url":"https:\/\/kalot.com.mx\/site\/2015\/08\/12\/el-perdon-tiene-un-proceso-conocelo\/","og_site_name":"Kalot","article_publisher":"http:\/\/facebook.com\/mxkalot","article_published_time":"2015-08-12T22:21:44+00:00","og_image":[{"width":366,"height":480,"url":"https:\/\/i1.wp.com\/kalot.com.mx\/site\/wp-content\/uploads\/2015\/08\/4cdc59c1cda20999cfbd6f6e9d951fe7.jpg?fit=366%2C480&ssl=1","type":"image\/jpeg"}],"author":"Clara Torres","twitter_card":"summary_large_image","twitter_creator":"@kalotmx","twitter_site":"@kalotmx","twitter_misc":{"Escrito por":"Clara Torres","Tiempo de lectura":"4 minutos"},"schema":{"@context":"https:\/\/schema.org","@graph":[{"@type":"Article","@id":"https:\/\/kalot.com.mx\/site\/2015\/08\/12\/el-perdon-tiene-un-proceso-conocelo\/#article","isPartOf":{"@id":"https:\/\/kalot.com.mx\/site\/2015\/08\/12\/el-perdon-tiene-un-proceso-conocelo\/"},"author":{"name":"Clara Torres","@id":"https:\/\/kalot.com.mx\/site\/#\/schema\/person\/dd9d70c1eb00ca12cf5dd5ce11e31860"},"headline":"El perd\u00f3n tiene un proceso, con\u00f3celo&#8230;","datePublished":"2015-08-12T22:21:44+00:00","mainEntityOfPage":{"@id":"https:\/\/kalot.com.mx\/site\/2015\/08\/12\/el-perdon-tiene-un-proceso-conocelo\/"},"wordCount":719,"commentCount":0,"publisher":{"@id":"https:\/\/kalot.com.mx\/site\/#organization"},"image":{"@id":"https:\/\/kalot.com.mx\/site\/2015\/08\/12\/el-perdon-tiene-un-proceso-conocelo\/#primaryimage"},"thumbnailUrl":"https:\/\/i0.wp.com\/kalot.com.mx\/site\/wp-content\/uploads\/2015\/08\/4cdc59c1cda20999cfbd6f6e9d951fe7.jpg?fit=366%2C480&ssl=1","inLanguage":"es","potentialAction":[{"@type":"CommentAction","name":"Comment","target":["https:\/\/kalot.com.mx\/site\/2015\/08\/12\/el-perdon-tiene-un-proceso-conocelo\/#respond"]}]},{"@type":"WebPage","@id":"https:\/\/kalot.com.mx\/site\/2015\/08\/12\/el-perdon-tiene-un-proceso-conocelo\/","url":"https:\/\/kalot.com.mx\/site\/2015\/08\/12\/el-perdon-tiene-un-proceso-conocelo\/","name":"El perd\u00f3n tiene un proceso, con\u00f3celo... - Kalot","isPartOf":{"@id":"https:\/\/kalot.com.mx\/site\/#website"},"primaryImageOfPage":{"@id":"https:\/\/kalot.com.mx\/site\/2015\/08\/12\/el-perdon-tiene-un-proceso-conocelo\/#primaryimage"},"image":{"@id":"https:\/\/kalot.com.mx\/site\/2015\/08\/12\/el-perdon-tiene-un-proceso-conocelo\/#primaryimage"},"thumbnailUrl":"https:\/\/i0.wp.com\/kalot.com.mx\/site\/wp-content\/uploads\/2015\/08\/4cdc59c1cda20999cfbd6f6e9d951fe7.jpg?fit=366%2C480&ssl=1","datePublished":"2015-08-12T22:21:44+00:00","description":"Perdonar nos permite vivir en un mejor futuro, dejar atr\u00e1s esas ataduras del pasado que tanto nos lastiman. En el siguiente art\u00edculo se describir\u00e1 cu\u00e1les","breadcrumb":{"@id":"https:\/\/kalot.com.mx\/site\/2015\/08\/12\/el-perdon-tiene-un-proceso-conocelo\/#breadcrumb"},"inLanguage":"es","potentialAction":[{"@type":"ReadAction","target":["https:\/\/kalot.com.mx\/site\/2015\/08\/12\/el-perdon-tiene-un-proceso-conocelo\/"]}]},{"@type":"ImageObject","inLanguage":"es","@id":"https:\/\/kalot.com.mx\/site\/2015\/08\/12\/el-perdon-tiene-un-proceso-conocelo\/#primaryimage","url":"https:\/\/i0.wp.com\/kalot.com.mx\/site\/wp-content\/uploads\/2015\/08\/4cdc59c1cda20999cfbd6f6e9d951fe7.jpg?fit=366%2C480&ssl=1","contentUrl":"https:\/\/i0.wp.com\/kalot.com.mx\/site\/wp-content\/uploads\/2015\/08\/4cdc59c1cda20999cfbd6f6e9d951fe7.jpg?fit=366%2C480&ssl=1","width":366,"height":480},{"@type":"BreadcrumbList","@id":"https:\/\/kalot.com.mx\/site\/2015\/08\/12\/el-perdon-tiene-un-proceso-conocelo\/#breadcrumb","itemListElement":[{"@type":"ListItem","position":1,"name":"Home","item":"https:\/\/kalot.com.mx\/site\/"},{"@type":"ListItem","position":2,"name":"El perd\u00f3n tiene un proceso, con\u00f3celo&#8230;"}]},{"@type":"WebSite","@id":"https:\/\/kalot.com.mx\/site\/#website","url":"https:\/\/kalot.com.mx\/site\/","name":"Kalot","description":"Conoce Todo Sobre Todo","publisher":{"@id":"https:\/\/kalot.com.mx\/site\/#organization"},"potentialAction":[{"@type":"SearchAction","target":{"@type":"EntryPoint","urlTemplate":"https:\/\/kalot.com.mx\/site\/?s={search_term_string}"},"query-input":{"@type":"PropertyValueSpecification","valueRequired":true,"valueName":"search_term_string"}}],"inLanguage":"es"},{"@type":"Organization","@id":"https:\/\/kalot.com.mx\/site\/#organization","name":"Kalot","url":"https:\/\/kalot.com.mx\/site\/","logo":{"@type":"ImageObject","inLanguage":"es","@id":"https:\/\/kalot.com.mx\/site\/#\/schema\/logo\/image\/","url":"https:\/\/i0.wp.com\/kalot.com.mx\/site\/wp-content\/uploads\/2020\/04\/Kalot-logo-sin-tagline.png?fit=1707%2C1014&ssl=1","contentUrl":"https:\/\/i0.wp.com\/kalot.com.mx\/site\/wp-content\/uploads\/2020\/04\/Kalot-logo-sin-tagline.png?fit=1707%2C1014&ssl=1","width":1707,"height":1014,"caption":"Kalot"},"image":{"@id":"https:\/\/kalot.com.mx\/site\/#\/schema\/logo\/image\/"},"sameAs":["http:\/\/facebook.com\/mxkalot","https:\/\/x.com\/kalotmx","http:\/\/instagram.com\/kalotmx","http:\/\/pinterest.com\/jorgeerana\/kalot"]},{"@type":"Person","@id":"https:\/\/kalot.com.mx\/site\/#\/schema\/person\/dd9d70c1eb00ca12cf5dd5ce11e31860","name":"Clara Torres","image":{"@type":"ImageObject","inLanguage":"es","@id":"https:\/\/secure.gravatar.com\/avatar\/60cd3995cadba1380a2d4af91695f517865a4b1f71f7a12ade6f10ab23047eba?s=96&d=mm&r=g","url":"https:\/\/secure.gravatar.com\/avatar\/60cd3995cadba1380a2d4af91695f517865a4b1f71f7a12ade6f10ab23047eba?s=96&d=mm&r=g","contentUrl":"https:\/\/secure.gravatar.com\/avatar\/60cd3995cadba1380a2d4af91695f517865a4b1f71f7a12ade6f10ab23047eba?s=96&d=mm&r=g","caption":"Clara Torres"},"url":"https:\/\/kalot.com.mx\/site\/author\/clara\/"}]}},"jetpack_publicize_connections":[],"jetpack_featured_media_url":"https:\/\/i0.wp.com\/kalot.com.mx\/site\/wp-content\/uploads\/2015\/08\/4cdc59c1cda20999cfbd6f6e9d951fe7.jpg?fit=366%2C480&ssl=1","jetpack_shortlink":"https:\/\/wp.me\/p6IHEI-5XM","jetpack-related-posts":[{"id":6449,"url":"https:\/\/kalot.com.mx\/site\/2013\/11\/14\/del-perdon-y-las-oportunidades\/","url_meta":{"origin":22926,"position":0},"title":"Del perd\u00f3n y las oportunidades","author":"Fernanda S\u00e1nchez","date":"14 noviembre, 2013","format":false,"excerpt":"Una de las principales caracter\u00edsticas de los seres humanos es la imperfecci\u00f3n; cometemos errores TODO el tiempo, experiencias de las cuales obtenemos lecciones de vida. Equivocarse es parte de vivir. Y lo que sucede es que a pesar de todos nuestros errores, la vida en s\u00ed nos perdona y nos\u2026","rel":"","context":"En &quot;Sin categor\u00eda&quot;","block_context":{"text":"Sin categor\u00eda","link":"https:\/\/kalot.com.mx\/site\/category\/sin-categoria\/"},"img":{"alt_text":"","src":"https:\/\/i0.wp.com\/kalot.com.mx\/site\/wp-content\/uploads\/2013\/11\/kalot-gato.jpg?fit=650%2C400&ssl=1&resize=350%2C200","width":350,"height":200,"srcset":"https:\/\/i0.wp.com\/kalot.com.mx\/site\/wp-content\/uploads\/2013\/11\/kalot-gato.jpg?fit=650%2C400&ssl=1&resize=350%2C200 1x, https:\/\/i0.wp.com\/kalot.com.mx\/site\/wp-content\/uploads\/2013\/11\/kalot-gato.jpg?fit=650%2C400&ssl=1&resize=525%2C300 1.5x"},"classes":[]},{"id":19342,"url":"https:\/\/kalot.com.mx\/site\/2014\/12\/01\/perdon\/","url_meta":{"origin":22926,"position":1},"title":"Perd\u00f3n.","author":"Mar\u00eda Alvarado","date":"1 diciembre, 2014","format":false,"excerpt":"\u00bfC\u00f3mo sabemos que hemos hecho da\u00f1o a las personas que m\u00e1s queremos? Esta es una pregunta que probablemente pensemos sea f\u00e1cil de contestar, la realidad como siempre es muy diferente a la pr\u00e1ctica; recientemente me toc\u00f3 vivir una temporada muy dif\u00edcil con mi familia y \u2013lo peor de todo- una\u2026","rel":"","context":"Entrada similar ","block_context":{"text":"Entrada similar ","link":""},"img":{"alt_text":"","src":"https:\/\/i0.wp.com\/kalot.com.mx\/site\/wp-content\/uploads\/2014\/12\/popart.jpg?fit=500%2C508&ssl=1&resize=350%2C200","width":350,"height":200},"classes":[]},{"id":8101,"url":"https:\/\/kalot.com.mx\/site\/2013\/12\/20\/te-olvides-de-ti-perdonate\/","url_meta":{"origin":22926,"position":2},"title":"No te olvides de ti: Perd\u00f3nate","author":"Ivan Mendez","date":"20 diciembre, 2013","format":false,"excerpt":"Uff estas fechas siempre son de una u otra manera pegadoras y nunca pasan inadvertidas, que si tu programa favorito ya cambio de escenograf\u00eda que si ya est\u00e1n pasando recuentos con: \u201cLo mejor del 2013\u201d solo para rellenar en lo que los conductores andan en la playa todos lo sabemos.\u2026","rel":"","context":"Entrada similar ","block_context":{"text":"Entrada similar ","link":""},"img":{"alt_text":"","src":"https:\/\/i0.wp.com\/kalot.com.mx\/site\/wp-content\/uploads\/2013\/12\/266886__hummingbird-leaf-green-flight_p.jpg?fit=969%2C558&ssl=1&resize=350%2C200","width":350,"height":200,"srcset":"https:\/\/i0.wp.com\/kalot.com.mx\/site\/wp-content\/uploads\/2013\/12\/266886__hummingbird-leaf-green-flight_p.jpg?fit=969%2C558&ssl=1&resize=350%2C200 1x, https:\/\/i0.wp.com\/kalot.com.mx\/site\/wp-content\/uploads\/2013\/12\/266886__hummingbird-leaf-green-flight_p.jpg?fit=969%2C558&ssl=1&resize=525%2C300 1.5x, https:\/\/i0.wp.com\/kalot.com.mx\/site\/wp-content\/uploads\/2013\/12\/266886__hummingbird-leaf-green-flight_p.jpg?fit=969%2C558&ssl=1&resize=700%2C400 2x"},"classes":[]},{"id":1769,"url":"https:\/\/kalot.com.mx\/site\/2013\/09\/17\/con-el-perdon-de-kotler\/","url_meta":{"origin":22926,"position":3},"title":"Con el perd\u00f3n de Kotler","author":"Abraham Quinta","date":"17 septiembre, 2013","format":false,"excerpt":"McDonald\u00b4s, IBM, General Motors, Sony, Apple y la favorita Coca-Cola; todas estas firmas tienen fant\u00e1sticos casos de marketing con los que inundan la bibliograf\u00eda de la Mercadotecnia. Casos de empresas con problemas que costaron millones de d\u00f3lares, que para recuperarse, invirtieron millones y millones de d\u00f3lares, hasta que alg\u00fan iluminado\u2026","rel":"","context":"Entrada similar ","block_context":{"text":"Entrada similar ","link":""},"img":{"alt_text":"","src":"https:\/\/i0.wp.com\/kalot.com.mx\/site\/wp-content\/uploads\/2013\/09\/descarga.jpg?fit=207%2C244&ssl=1&resize=350%2C200","width":350,"height":200},"classes":[]},{"id":18288,"url":"https:\/\/kalot.com.mx\/site\/2014\/09\/23\/recordando-al-maestro-sigmund-freud-75-anos-de-su-muerte\/","url_meta":{"origin":22926,"position":4},"title":"Recordando al maestro Sigmund Freud, a 75 a\u00f1os de su muerte.","author":"Dal\u00ed Flores","date":"23 septiembre, 2014","format":false,"excerpt":"A 75 a\u00f1os de la muerte de Freud contin\u00faa moviendo masas, con todo lo que en vida comparti\u00f3, a la fecha, es indispensable para la cl\u00ednica actual. Para recordar al maestro le\u00ed uno de sus m\u00e1s curiosos art\u00edculos \"El olvido de los nombres propios\" ya que Freud hace un an\u00e1lisis\u2026","rel":"","context":"Entrada similar ","block_context":{"text":"Entrada similar ","link":""},"img":{"alt_text":"freud2","src":"https:\/\/i0.wp.com\/www.kalot.com.mx\/wp-content\/uploads\/2014\/09\/freud2.jpg?resize=350%2C200","width":350,"height":200},"classes":[]},{"id":12129,"url":"https:\/\/kalot.com.mx\/site\/2014\/02\/21\/palabras-que-debes-usar-en-tu-publicidad\/","url_meta":{"origin":22926,"position":5},"title":"Palabras que no debes usar en tu publicidad","author":"Martha Navarro","date":"21 febrero, 2014","format":false,"excerpt":"Que tal kalochos saludos, hoy les traigo una informaci\u00f3n interesante, para esos creativos y creativas que nos gusta seguir trascendiendo y haciendo nuevas cosas, pues s\u00ed como dice el t\u00edtulo \"Palabras que no debes usar en tu publicidad\", pero; \u00bfque nos quieren dar a entender? Merca 2.0 nos trae este\u2026","rel":"","context":"Entrada similar ","block_context":{"text":"Entrada similar ","link":""},"img":{"alt_text":"","src":"https:\/\/i0.wp.com\/kalot.com.mx\/site\/wp-content\/uploads\/2014\/02\/Palabras.png?fit=1200%2C960&ssl=1&resize=350%2C200","width":350,"height":200,"srcset":"https:\/\/i0.wp.com\/kalot.com.mx\/site\/wp-content\/uploads\/2014\/02\/Palabras.png?fit=1200%2C960&ssl=1&resize=350%2C200 1x, https:\/\/i0.wp.com\/kalot.com.mx\/site\/wp-content\/uploads\/2014\/02\/Palabras.png?fit=1200%2C960&ssl=1&resize=525%2C300 1.5x, https:\/\/i0.wp.com\/kalot.com.mx\/site\/wp-content\/uploads\/2014\/02\/Palabras.png?fit=1200%2C960&ssl=1&resize=700%2C400 2x, https:\/\/i0.wp.com\/kalot.com.mx\/site\/wp-content\/uploads\/2014\/02\/Palabras.png?fit=1200%2C960&ssl=1&resize=1050%2C600 3x"},"classes":[]}],"jetpack_sharing_enabled":true,"_links":{"self":[{"href":"https:\/\/kalot.com.mx\/site\/wp-json\/wp\/v2\/posts\/22926","targetHints":{"allow":["GET"]}}],"collection":[{"href":"https:\/\/kalot.com.mx\/site\/wp-json\/wp\/v2\/posts"}],"about":[{"href":"https:\/\/kalot.com.mx\/site\/wp-json\/wp\/v2\/types\/post"}],"author":[{"embeddable":true,"href":"https:\/\/kalot.com.mx\/site\/wp-json\/wp\/v2\/users\/146"}],"replies":[{"embeddable":true,"href":"https:\/\/kalot.com.mx\/site\/wp-json\/wp\/v2\/comments?post=22926"}],"version-history":[{"count":0,"href":"https:\/\/kalot.com.mx\/site\/wp-json\/wp\/v2\/posts\/22926\/revisions"}],"wp:featuredmedia":[{"embeddable":true,"href":"https:\/\/kalot.com.mx\/site\/wp-json\/wp\/v2\/media\/22928"}],"wp:attachment":[{"href":"https:\/\/kalot.com.mx\/site\/wp-json\/wp\/v2\/media?parent=22926"}],"wp:term":[{"taxonomy":"category","embeddable":true,"href":"https:\/\/kalot.com.mx\/site\/wp-json\/wp\/v2\/categories?post=22926"},{"taxonomy":"post_tag","embeddable":true,"href":"https:\/\/kalot.com.mx\/site\/wp-json\/wp\/v2\/tags?post=22926"}],"curies":[{"name":"wp","href":"https:\/\/api.w.org\/{rel}","templated":true}]}}