{"id":22794,"date":"2015-08-06T18:05:42","date_gmt":"2015-08-06T23:05:42","guid":{"rendered":"http:\/\/www.kalot.com.mx\/?p=22794"},"modified":"2015-08-06T18:15:41","modified_gmt":"2015-08-06T23:15:41","slug":"prison-break-esta-de-regreso","status":"publish","type":"post","link":"https:\/\/kalot.com.mx\/site\/2015\/08\/06\/prison-break-esta-de-regreso\/","title":{"rendered":"\u00a1Prison Break Est\u00e1 de Regreso!"},"content":{"rendered":"<p style=\"text-align: justify\">Despu\u00e9s de meses de rumores, finalmente la cadena FOX inform\u00f3 este jueves que se encuentra trabajando en una secuela de Prison Break. Tambi\u00e9n dio a conocer que regresa el creador original de la serie, Paul Scheuring, as\u00ed como sus protagonistas Dominic Purcell y Wentworth Miller.<\/p>\n<p style=\"text-align: justify\"><a href=\"https:\/\/i0.wp.com\/www.kalot.com.mx\/wp-content\/uploads\/2015\/08\/prison-break-hed-2015.jpg\"><img data-recalc-dims=\"1\" fetchpriority=\"high\" decoding=\"async\" data-attachment-id=\"22796\" data-permalink=\"https:\/\/kalot.com.mx\/site\/2015\/08\/06\/prison-break-esta-de-regreso\/prison-break-hed-2015\/\" data-orig-file=\"https:\/\/i0.wp.com\/kalot.com.mx\/site\/wp-content\/uploads\/2015\/08\/prison-break-hed-2015.jpg?fit=652%2C367&amp;ssl=1\" data-orig-size=\"652,367\" data-comments-opened=\"1\" data-image-meta=\"{&quot;aperture&quot;:&quot;0&quot;,&quot;credit&quot;:&quot;&quot;,&quot;camera&quot;:&quot;&quot;,&quot;caption&quot;:&quot;&quot;,&quot;created_timestamp&quot;:&quot;0&quot;,&quot;copyright&quot;:&quot;&quot;,&quot;focal_length&quot;:&quot;0&quot;,&quot;iso&quot;:&quot;0&quot;,&quot;shutter_speed&quot;:&quot;0&quot;,&quot;title&quot;:&quot;&quot;,&quot;orientation&quot;:&quot;0&quot;}\" data-image-title=\"prison-break-hed-2015\" data-image-description=\"\" data-image-caption=\"\" data-large-file=\"https:\/\/i0.wp.com\/kalot.com.mx\/site\/wp-content\/uploads\/2015\/08\/prison-break-hed-2015.jpg?fit=652%2C367&amp;ssl=1\" class=\" size-full wp-image-22796 aligncenter\" src=\"https:\/\/i0.wp.com\/www.kalot.com.mx\/wp-content\/uploads\/2015\/08\/prison-break-hed-2015.jpg?resize=652%2C367\" alt=\"prison-break-hed-2015\" width=\"652\" height=\"367\" srcset=\"https:\/\/i0.wp.com\/kalot.com.mx\/site\/wp-content\/uploads\/2015\/08\/prison-break-hed-2015.jpg?w=652&amp;ssl=1 652w, https:\/\/i0.wp.com\/kalot.com.mx\/site\/wp-content\/uploads\/2015\/08\/prison-break-hed-2015.jpg?resize=300%2C169&amp;ssl=1 300w\" sizes=\"(max-width: 652px) 100vw, 652px\" \/><\/a><\/p>\n<p style=\"text-align: justify\">Los detalles de esta \u201cnueva historia\u201d a\u00fan no se han dado a conocer aunque Gary Newman, uno de los directores de la cadena FOX , asegur\u00f3 que Paul Scheuring trabaja en un gui\u00f3n incre\u00edble para que los personajes vuelvan a ser relevantes. As\u00ed mismo, dijo tendr\u00e1 una &#8220;explicaci\u00f3n l\u00f3gica y cre\u00edble en el mundo de Prison Break&#8221; el regreso de Michael Scofield. A\u00fan se desconoce la fecha de estreno.<\/p>\n<p style=\"text-align: justify\"><a href=\"https:\/\/i0.wp.com\/www.kalot.com.mx\/wp-content\/uploads\/2015\/08\/prison_break_67097.jpg\"><img data-recalc-dims=\"1\" decoding=\"async\" class=\" aligncenter\" src=\"https:\/\/i0.wp.com\/www.kalot.com.mx\/wp-content\/uploads\/2015\/08\/prison_break_67097.jpg?resize=600%2C353\" alt=\"prison_break\" width=\"600\" height=\"353\" \/><\/a><br \/>\nLa nueva temporada tendr\u00e1 una duraci\u00f3n de 10 cap\u00edtulos y se ubicar\u00e1 a\u00f1os despu\u00e9s de lo sucedido en el cap\u00edtulo final de la serie (The Final Break) donde el personaje de Michael Scofield muere.<\/p>\n<p style=\"text-align: justify\">M\u00e1s informaci\u00f3n: <a href=\"http:\/\/www.cnnexpansion.com\/lifestyle\/2015\/08\/06\/la-serie-prison-break-regresa-a-la-television\">CNN<\/a><\/p>\n","protected":false},"excerpt":{"rendered":"Despu\u00e9s de meses de rumores, finalmente la cadena FOX inform\u00f3 este jueves que se encuentra trabajando en una&hellip;\n","protected":false},"author":108,"featured_media":22797,"comment_status":"open","ping_status":"open","sticky":false,"template":"","format":"standard","meta":{"jetpack_post_was_ever_published":false,"_jetpack_newsletter_access":"","_jetpack_dont_email_post_to_subs":false,"_jetpack_newsletter_tier_id":0,"_jetpack_memberships_contains_paywalled_content":false,"_jetpack_memberships_contains_paid_content":false,"footnotes":"","jetpack_publicize_message":"","jetpack_publicize_feature_enabled":true,"jetpack_social_post_already_shared":true,"jetpack_social_options":{"image_generator_settings":{"template":"highway","default_image_id":0,"font":"","enabled":false},"version":2}},"categories":[],"tags":[],"class_list":{"0":"post-22794","1":"post","2":"type-post","3":"status-publish","4":"format-standard","5":"has-post-thumbnail","7":"cs-entry","8":"cs-video-wrap"},"yoast_head":"<!-- This site is optimized with the Yoast SEO plugin v27.5 - https:\/\/yoast.com\/product\/yoast-seo-wordpress\/ -->\n<title>\u00a1Prison Break Est\u00e1 de Regreso! - Kalot<\/title>\n<meta name=\"description\" content=\"Despu\u00e9s de meses de rumores, finalmente la cadena FOX inform\u00f3 este jueves que se encuentra trabajando en una secuela de Prison Break. Tambi\u00e9n dio a\" \/>\n<meta name=\"robots\" content=\"index, follow, max-snippet:-1, max-image-preview:large, max-video-preview:-1\" \/>\n<link rel=\"canonical\" href=\"https:\/\/kalot.com.mx\/site\/2015\/08\/06\/prison-break-esta-de-regreso\/\" \/>\n<meta property=\"og:locale\" content=\"es_MX\" \/>\n<meta property=\"og:type\" content=\"article\" \/>\n<meta property=\"og:title\" content=\"\u00a1Prison Break Est\u00e1 de Regreso! - Kalot\" \/>\n<meta property=\"og:description\" content=\"Despu\u00e9s de meses de rumores, finalmente la cadena FOX inform\u00f3 este jueves que se encuentra trabajando en una secuela de Prison Break. Tambi\u00e9n dio a\" \/>\n<meta property=\"og:url\" content=\"https:\/\/kalot.com.mx\/site\/2015\/08\/06\/prison-break-esta-de-regreso\/\" \/>\n<meta property=\"og:site_name\" content=\"Kalot\" \/>\n<meta property=\"article:publisher\" content=\"http:\/\/facebook.com\/mxkalot\" \/>\n<meta property=\"article:published_time\" content=\"2015-08-06T23:05:42+00:00\" \/>\n<meta property=\"article:modified_time\" content=\"2015-08-06T23:15:41+00:00\" \/>\n<meta property=\"og:image\" content=\"https:\/\/i2.wp.com\/kalot.com.mx\/site\/wp-content\/uploads\/2015\/08\/Prison-Break-1.jpg?fit=1920%2C1080&ssl=1\" \/>\n\t<meta property=\"og:image:width\" content=\"1920\" \/>\n\t<meta property=\"og:image:height\" content=\"1080\" \/>\n\t<meta property=\"og:image:type\" content=\"image\/jpeg\" \/>\n<meta name=\"author\" content=\"yash\" \/>\n<meta name=\"twitter:card\" content=\"summary_large_image\" \/>\n<meta name=\"twitter:creator\" content=\"@kalotmx\" \/>\n<meta name=\"twitter:site\" content=\"@kalotmx\" \/>\n<meta name=\"twitter:label1\" content=\"Escrito por\" \/>\n\t<meta name=\"twitter:data1\" content=\"yash\" \/>\n\t<meta name=\"twitter:label2\" content=\"Tiempo de lectura\" \/>\n\t<meta name=\"twitter:data2\" content=\"1 minuto\" \/>\n<!-- \/ Yoast SEO plugin. -->","yoast_head_json":{"title":"\u00a1Prison Break Est\u00e1 de Regreso! - Kalot","description":"Despu\u00e9s de meses de rumores, finalmente la cadena FOX inform\u00f3 este jueves que se encuentra trabajando en una secuela de Prison Break. Tambi\u00e9n dio a","robots":{"index":"index","follow":"follow","max-snippet":"max-snippet:-1","max-image-preview":"max-image-preview:large","max-video-preview":"max-video-preview:-1"},"canonical":"https:\/\/kalot.com.mx\/site\/2015\/08\/06\/prison-break-esta-de-regreso\/","og_locale":"es_MX","og_type":"article","og_title":"\u00a1Prison Break Est\u00e1 de Regreso! - Kalot","og_description":"Despu\u00e9s de meses de rumores, finalmente la cadena FOX inform\u00f3 este jueves que se encuentra trabajando en una secuela de Prison Break. Tambi\u00e9n dio a","og_url":"https:\/\/kalot.com.mx\/site\/2015\/08\/06\/prison-break-esta-de-regreso\/","og_site_name":"Kalot","article_publisher":"http:\/\/facebook.com\/mxkalot","article_published_time":"2015-08-06T23:05:42+00:00","article_modified_time":"2015-08-06T23:15:41+00:00","og_image":[{"width":1920,"height":1080,"url":"https:\/\/i2.wp.com\/kalot.com.mx\/site\/wp-content\/uploads\/2015\/08\/Prison-Break-1.jpg?fit=1920%2C1080&ssl=1","type":"image\/jpeg"}],"author":"yash","twitter_card":"summary_large_image","twitter_creator":"@kalotmx","twitter_site":"@kalotmx","twitter_misc":{"Escrito por":"yash","Tiempo de lectura":"1 minuto"},"schema":{"@context":"https:\/\/schema.org","@graph":[{"@type":"Article","@id":"https:\/\/kalot.com.mx\/site\/2015\/08\/06\/prison-break-esta-de-regreso\/#article","isPartOf":{"@id":"https:\/\/kalot.com.mx\/site\/2015\/08\/06\/prison-break-esta-de-regreso\/"},"author":{"name":"yash","@id":"https:\/\/kalot.com.mx\/site\/#\/schema\/person\/1d75ba57b0359df6aee12de5a86e5b04"},"headline":"\u00a1Prison Break Est\u00e1 de Regreso!","datePublished":"2015-08-06T23:05:42+00:00","dateModified":"2015-08-06T23:15:41+00:00","mainEntityOfPage":{"@id":"https:\/\/kalot.com.mx\/site\/2015\/08\/06\/prison-break-esta-de-regreso\/"},"wordCount":170,"commentCount":0,"publisher":{"@id":"https:\/\/kalot.com.mx\/site\/#organization"},"image":{"@id":"https:\/\/kalot.com.mx\/site\/2015\/08\/06\/prison-break-esta-de-regreso\/#primaryimage"},"thumbnailUrl":"https:\/\/i0.wp.com\/kalot.com.mx\/site\/wp-content\/uploads\/2015\/08\/Prison-Break-1.jpg?fit=1920%2C1080&ssl=1","inLanguage":"es","potentialAction":[{"@type":"CommentAction","name":"Comment","target":["https:\/\/kalot.com.mx\/site\/2015\/08\/06\/prison-break-esta-de-regreso\/#respond"]}]},{"@type":"WebPage","@id":"https:\/\/kalot.com.mx\/site\/2015\/08\/06\/prison-break-esta-de-regreso\/","url":"https:\/\/kalot.com.mx\/site\/2015\/08\/06\/prison-break-esta-de-regreso\/","name":"\u00a1Prison Break Est\u00e1 de Regreso! - Kalot","isPartOf":{"@id":"https:\/\/kalot.com.mx\/site\/#website"},"primaryImageOfPage":{"@id":"https:\/\/kalot.com.mx\/site\/2015\/08\/06\/prison-break-esta-de-regreso\/#primaryimage"},"image":{"@id":"https:\/\/kalot.com.mx\/site\/2015\/08\/06\/prison-break-esta-de-regreso\/#primaryimage"},"thumbnailUrl":"https:\/\/i0.wp.com\/kalot.com.mx\/site\/wp-content\/uploads\/2015\/08\/Prison-Break-1.jpg?fit=1920%2C1080&ssl=1","datePublished":"2015-08-06T23:05:42+00:00","dateModified":"2015-08-06T23:15:41+00:00","description":"Despu\u00e9s de meses de rumores, finalmente la cadena FOX inform\u00f3 este jueves que se encuentra trabajando en una secuela de Prison Break. Tambi\u00e9n dio a","breadcrumb":{"@id":"https:\/\/kalot.com.mx\/site\/2015\/08\/06\/prison-break-esta-de-regreso\/#breadcrumb"},"inLanguage":"es","potentialAction":[{"@type":"ReadAction","target":["https:\/\/kalot.com.mx\/site\/2015\/08\/06\/prison-break-esta-de-regreso\/"]}]},{"@type":"ImageObject","inLanguage":"es","@id":"https:\/\/kalot.com.mx\/site\/2015\/08\/06\/prison-break-esta-de-regreso\/#primaryimage","url":"https:\/\/i0.wp.com\/kalot.com.mx\/site\/wp-content\/uploads\/2015\/08\/Prison-Break-1.jpg?fit=1920%2C1080&ssl=1","contentUrl":"https:\/\/i0.wp.com\/kalot.com.mx\/site\/wp-content\/uploads\/2015\/08\/Prison-Break-1.jpg?fit=1920%2C1080&ssl=1","width":1920,"height":1080},{"@type":"BreadcrumbList","@id":"https:\/\/kalot.com.mx\/site\/2015\/08\/06\/prison-break-esta-de-regreso\/#breadcrumb","itemListElement":[{"@type":"ListItem","position":1,"name":"Home","item":"https:\/\/kalot.com.mx\/site\/"},{"@type":"ListItem","position":2,"name":"\u00a1Prison Break Est\u00e1 de Regreso!"}]},{"@type":"WebSite","@id":"https:\/\/kalot.com.mx\/site\/#website","url":"https:\/\/kalot.com.mx\/site\/","name":"Kalot","description":"Conoce Todo Sobre Todo","publisher":{"@id":"https:\/\/kalot.com.mx\/site\/#organization"},"potentialAction":[{"@type":"SearchAction","target":{"@type":"EntryPoint","urlTemplate":"https:\/\/kalot.com.mx\/site\/?s={search_term_string}"},"query-input":{"@type":"PropertyValueSpecification","valueRequired":true,"valueName":"search_term_string"}}],"inLanguage":"es"},{"@type":"Organization","@id":"https:\/\/kalot.com.mx\/site\/#organization","name":"Kalot","url":"https:\/\/kalot.com.mx\/site\/","logo":{"@type":"ImageObject","inLanguage":"es","@id":"https:\/\/kalot.com.mx\/site\/#\/schema\/logo\/image\/","url":"https:\/\/i0.wp.com\/kalot.com.mx\/site\/wp-content\/uploads\/2020\/04\/Kalot-logo-sin-tagline.png?fit=1707%2C1014&ssl=1","contentUrl":"https:\/\/i0.wp.com\/kalot.com.mx\/site\/wp-content\/uploads\/2020\/04\/Kalot-logo-sin-tagline.png?fit=1707%2C1014&ssl=1","width":1707,"height":1014,"caption":"Kalot"},"image":{"@id":"https:\/\/kalot.com.mx\/site\/#\/schema\/logo\/image\/"},"sameAs":["http:\/\/facebook.com\/mxkalot","https:\/\/x.com\/kalotmx","http:\/\/instagram.com\/kalotmx","http:\/\/pinterest.com\/jorgeerana\/kalot"]},{"@type":"Person","@id":"https:\/\/kalot.com.mx\/site\/#\/schema\/person\/1d75ba57b0359df6aee12de5a86e5b04","name":"yash","image":{"@type":"ImageObject","inLanguage":"es","@id":"https:\/\/secure.gravatar.com\/avatar\/be80e9883aa4c662e1a435d9ba36a6fba313cea893e0d847aac2ca2290e6decb?s=96&d=mm&r=g","url":"https:\/\/secure.gravatar.com\/avatar\/be80e9883aa4c662e1a435d9ba36a6fba313cea893e0d847aac2ca2290e6decb?s=96&d=mm&r=g","contentUrl":"https:\/\/secure.gravatar.com\/avatar\/be80e9883aa4c662e1a435d9ba36a6fba313cea893e0d847aac2ca2290e6decb?s=96&d=mm&r=g","caption":"yash"},"url":"https:\/\/kalot.com.mx\/site\/author\/yash\/"}]}},"jetpack_publicize_connections":[],"jetpack_featured_media_url":"https:\/\/i0.wp.com\/kalot.com.mx\/site\/wp-content\/uploads\/2015\/08\/Prison-Break-1.jpg?fit=1920%2C1080&ssl=1","jetpack_shortlink":"https:\/\/wp.me\/p6IHEI-5VE","jetpack-related-posts":[{"id":25407,"url":"https:\/\/kalot.com.mx\/site\/2016\/05\/17\/primer-trailer-del-regreso-%e2%80%aaprison-break\/","url_meta":{"origin":22794,"position":0},"title":"Primer tr\u00e1iler del regreso de \u202aPrison Break","author":"Jorge Era\u00f1a","date":"17 mayo, 2016","format":"video","excerpt":"https:\/\/www.youtube.com\/watch?v=x9T-9fZn_oA","rel":"","context":"En &quot;Sin categor\u00eda&quot;","block_context":{"text":"Sin categor\u00eda","link":"https:\/\/kalot.com.mx\/site\/category\/sin-categoria\/"},"img":{"alt_text":"","src":"https:\/\/i0.wp.com\/kalot.com.mx\/site\/wp-content\/uploads\/2016\/05\/landscape-ustv-prison-break.jpg?fit=1200%2C600&ssl=1&resize=350%2C200","width":350,"height":200,"srcset":"https:\/\/i0.wp.com\/kalot.com.mx\/site\/wp-content\/uploads\/2016\/05\/landscape-ustv-prison-break.jpg?fit=1200%2C600&ssl=1&resize=350%2C200 1x, https:\/\/i0.wp.com\/kalot.com.mx\/site\/wp-content\/uploads\/2016\/05\/landscape-ustv-prison-break.jpg?fit=1200%2C600&ssl=1&resize=525%2C300 1.5x, https:\/\/i0.wp.com\/kalot.com.mx\/site\/wp-content\/uploads\/2016\/05\/landscape-ustv-prison-break.jpg?fit=1200%2C600&ssl=1&resize=700%2C400 2x, https:\/\/i0.wp.com\/kalot.com.mx\/site\/wp-content\/uploads\/2016\/05\/landscape-ustv-prison-break.jpg?fit=1200%2C600&ssl=1&resize=1050%2C600 3x"},"classes":[]},{"id":1526,"url":"https:\/\/kalot.com.mx\/site\/2013\/09\/12\/michael-j-fox-esta-de-regreso\/","url_meta":{"origin":22794,"position":1},"title":"Michael J. Fox est\u00e1 de regreso","author":"Omar Herrera","date":"12 septiembre, 2013","format":false,"excerpt":"22 a\u00f1os despu\u00e9s de que Michael J. Fox fuera diagnosticado con la enfermedad de Parkinson \u2013 aun cuando los m\u00e9dicos le advirtieron que no le quedaban m\u00e1s de 10 a\u00f1os a su carrera \u2013 el actor canadiense est\u00e1 de regreso en la TV norteamericana con su nuevo show The Michael\u2026","rel":"","context":"En &quot;Sin categor\u00eda&quot;","block_context":{"text":"Sin categor\u00eda","link":"https:\/\/kalot.com.mx\/site\/category\/sin-categoria\/"},"img":{"alt_text":"","src":"https:\/\/i0.wp.com\/kalot.com.mx\/site\/wp-content\/uploads\/2013\/09\/Jack-Gore-and-Michael-J.-Fox-of-The-Michael-J.-Fox-Show_gallery_primary.jpg?fit=604%2C402&ssl=1&resize=350%2C200","width":350,"height":200,"srcset":"https:\/\/i0.wp.com\/kalot.com.mx\/site\/wp-content\/uploads\/2013\/09\/Jack-Gore-and-Michael-J.-Fox-of-The-Michael-J.-Fox-Show_gallery_primary.jpg?fit=604%2C402&ssl=1&resize=350%2C200 1x, https:\/\/i0.wp.com\/kalot.com.mx\/site\/wp-content\/uploads\/2013\/09\/Jack-Gore-and-Michael-J.-Fox-of-The-Michael-J.-Fox-Show_gallery_primary.jpg?fit=604%2C402&ssl=1&resize=525%2C300 1.5x"},"classes":[]},{"id":8531,"url":"https:\/\/kalot.com.mx\/site\/2013\/12\/28\/friends-regresa-la-tv-en-fox\/","url_meta":{"origin":22794,"position":2},"title":"Friends Regresa a la TV en FOX!!!!","author":"El Memo Pacheco","date":"28 diciembre, 2013","format":false,"excerpt":"Despu\u00e9s de mas de 10 a\u00f1os de ausencia, los fan\u00e1ticos incondicionales de esta m\u00edtica serie volver\u00e1n a sonre\u00edr, ya que la cadena televisiva FOX ha comprado los derechos de la serie a Warner as\u00ed que ahora esta serie compartir\u00e1 horarios con Los Simpson y Cumbia Ninja. Con los derechos comprados\u2026","rel":"","context":"En &quot;Sin categor\u00eda&quot;","block_context":{"text":"Sin categor\u00eda","link":"https:\/\/kalot.com.mx\/site\/category\/sin-categoria\/"},"img":{"alt_text":"","src":"https:\/\/i0.wp.com\/kalot.com.mx\/site\/wp-content\/uploads\/2013\/12\/102.jpg?fit=1024%2C768&ssl=1&resize=350%2C200","width":350,"height":200,"srcset":"https:\/\/i0.wp.com\/kalot.com.mx\/site\/wp-content\/uploads\/2013\/12\/102.jpg?fit=1024%2C768&ssl=1&resize=350%2C200 1x, https:\/\/i0.wp.com\/kalot.com.mx\/site\/wp-content\/uploads\/2013\/12\/102.jpg?fit=1024%2C768&ssl=1&resize=525%2C300 1.5x, https:\/\/i0.wp.com\/kalot.com.mx\/site\/wp-content\/uploads\/2013\/12\/102.jpg?fit=1024%2C768&ssl=1&resize=700%2C400 2x"},"classes":[]},{"id":3812,"url":"https:\/\/kalot.com.mx\/site\/2013\/10\/11\/el-regreso-la-escuela-de-paul-mccartney-y-phoenix\/","url_meta":{"origin":22794,"position":3},"title":"El regreso a la escuela de Paul McCartney y Phoenix","author":"Karla Ju\u00e1rez","date":"11 octubre, 2013","format":false,"excerpt":"\u00a1\u00a1 S\u00ed, as\u00ed como lo leen mis querid@s Kaloch@s !! El pasado Mi\u00e9rcoles 9 de Octubre el nombrado Doctor Honorario de M\u00fasica por la prestigiosa Universidad de Yale Sir Paul McCartney regres\u00f3 a la escuela para dar una c\u00e1tedra a no m\u00e1s de 400 alumnos en el auditorio de la\u00a0\u00a0Frank\u2026","rel":"","context":"Entrada similar ","block_context":{"text":"Entrada similar ","link":""},"img":{"alt_text":"","src":"https:\/\/i0.wp.com\/kalot.com.mx\/site\/wp-content\/uploads\/2013\/10\/McCa.jpg?fit=1200%2C800&ssl=1&resize=350%2C200","width":350,"height":200,"srcset":"https:\/\/i0.wp.com\/kalot.com.mx\/site\/wp-content\/uploads\/2013\/10\/McCa.jpg?fit=1200%2C800&ssl=1&resize=350%2C200 1x, https:\/\/i0.wp.com\/kalot.com.mx\/site\/wp-content\/uploads\/2013\/10\/McCa.jpg?fit=1200%2C800&ssl=1&resize=525%2C300 1.5x, https:\/\/i0.wp.com\/kalot.com.mx\/site\/wp-content\/uploads\/2013\/10\/McCa.jpg?fit=1200%2C800&ssl=1&resize=700%2C400 2x, https:\/\/i0.wp.com\/kalot.com.mx\/site\/wp-content\/uploads\/2013\/10\/McCa.jpg?fit=1200%2C800&ssl=1&resize=1050%2C600 3x"},"classes":[]},{"id":24384,"url":"https:\/\/kalot.com.mx\/site\/2015\/12\/01\/el-guion-de-depredador-ya-esta-listo\/","url_meta":{"origin":22794,"position":4},"title":"\u00a1El gui\u00f3n de Depredador ya est\u00e1 listo!","author":"yash","date":"1 diciembre, 2015","format":false,"excerpt":"Anteriormente se hab\u00eda dado a conocer que\u00a020th Century Fox estaba buscando a Shane Black (Iron Man 3), \u00a0para dirigir y escribir un reboot de Depredador. Finalmente fue as\u00ed y ahora junto a\u00a0Fredd Dekker se ha entregado el gui\u00f3n a la FOX para que decida cuando se mandar\u00e1 \u00a0a pre-producci\u00f3n. En\u2026","rel":"","context":"En &quot;Cine&quot;","block_context":{"text":"Cine","link":"https:\/\/kalot.com.mx\/site\/category\/cine\/"},"img":{"alt_text":"","src":"https:\/\/i0.wp.com\/kalot.com.mx\/site\/wp-content\/uploads\/2015\/12\/Depredador.jpg?fit=1200%2C645&ssl=1&resize=350%2C200","width":350,"height":200,"srcset":"https:\/\/i0.wp.com\/kalot.com.mx\/site\/wp-content\/uploads\/2015\/12\/Depredador.jpg?fit=1200%2C645&ssl=1&resize=350%2C200 1x, https:\/\/i0.wp.com\/kalot.com.mx\/site\/wp-content\/uploads\/2015\/12\/Depredador.jpg?fit=1200%2C645&ssl=1&resize=525%2C300 1.5x, https:\/\/i0.wp.com\/kalot.com.mx\/site\/wp-content\/uploads\/2015\/12\/Depredador.jpg?fit=1200%2C645&ssl=1&resize=700%2C400 2x, https:\/\/i0.wp.com\/kalot.com.mx\/site\/wp-content\/uploads\/2015\/12\/Depredador.jpg?fit=1200%2C645&ssl=1&resize=1050%2C600 3x"},"classes":[]},{"id":9381,"url":"https:\/\/kalot.com.mx\/site\/2014\/01\/12\/kung-fury-el-regreso-de-los-80s\/","url_meta":{"origin":22794,"position":5},"title":"Kung Fury; El regreso de los 80s","author":"Galore","date":"12 enero, 2014","format":false,"excerpt":"\u00a0 Laser Unicorns es una empresa productora en donde el director y escritor es David Sandberg, actualmente se encuentran en la promoci\u00f3n de su pel\u00edcula llamada Kung Fury, la cual tiene como base las pel\u00edculas policiacas de los a\u00f1os 80, pero a\u00f1adiendo un toque muy c\u00f3mico y a la vez\u2026","rel":"","context":"En &quot;Sin categor\u00eda&quot;","block_context":{"text":"Sin categor\u00eda","link":"https:\/\/kalot.com.mx\/site\/category\/sin-categoria\/"},"img":{"alt_text":"","src":"https:\/\/i0.wp.com\/kalot.com.mx\/site\/wp-content\/uploads\/2014\/01\/kung-fury-1.jpg?fit=960%2C640&ssl=1&resize=350%2C200","width":350,"height":200,"srcset":"https:\/\/i0.wp.com\/kalot.com.mx\/site\/wp-content\/uploads\/2014\/01\/kung-fury-1.jpg?fit=960%2C640&ssl=1&resize=350%2C200 1x, https:\/\/i0.wp.com\/kalot.com.mx\/site\/wp-content\/uploads\/2014\/01\/kung-fury-1.jpg?fit=960%2C640&ssl=1&resize=525%2C300 1.5x, https:\/\/i0.wp.com\/kalot.com.mx\/site\/wp-content\/uploads\/2014\/01\/kung-fury-1.jpg?fit=960%2C640&ssl=1&resize=700%2C400 2x"},"classes":[]}],"jetpack_sharing_enabled":true,"_links":{"self":[{"href":"https:\/\/kalot.com.mx\/site\/wp-json\/wp\/v2\/posts\/22794","targetHints":{"allow":["GET"]}}],"collection":[{"href":"https:\/\/kalot.com.mx\/site\/wp-json\/wp\/v2\/posts"}],"about":[{"href":"https:\/\/kalot.com.mx\/site\/wp-json\/wp\/v2\/types\/post"}],"author":[{"embeddable":true,"href":"https:\/\/kalot.com.mx\/site\/wp-json\/wp\/v2\/users\/108"}],"replies":[{"embeddable":true,"href":"https:\/\/kalot.com.mx\/site\/wp-json\/wp\/v2\/comments?post=22794"}],"version-history":[{"count":0,"href":"https:\/\/kalot.com.mx\/site\/wp-json\/wp\/v2\/posts\/22794\/revisions"}],"wp:featuredmedia":[{"embeddable":true,"href":"https:\/\/kalot.com.mx\/site\/wp-json\/wp\/v2\/media\/22797"}],"wp:attachment":[{"href":"https:\/\/kalot.com.mx\/site\/wp-json\/wp\/v2\/media?parent=22794"}],"wp:term":[{"taxonomy":"category","embeddable":true,"href":"https:\/\/kalot.com.mx\/site\/wp-json\/wp\/v2\/categories?post=22794"},{"taxonomy":"post_tag","embeddable":true,"href":"https:\/\/kalot.com.mx\/site\/wp-json\/wp\/v2\/tags?post=22794"}],"curies":[{"name":"wp","href":"https:\/\/api.w.org\/{rel}","templated":true}]}}