{"id":22788,"date":"2015-08-06T16:09:42","date_gmt":"2015-08-06T21:09:42","guid":{"rendered":"http:\/\/www.kalot.com.mx\/?p=22788"},"modified":"2015-08-06T16:09:42","modified_gmt":"2015-08-06T21:09:42","slug":"anuncian-nuevo-reboot-de-freddy-krueger","status":"publish","type":"post","link":"https:\/\/kalot.com.mx\/site\/2015\/08\/06\/anuncian-nuevo-reboot-de-freddy-krueger\/","title":{"rendered":"Anuncian Nuevo Reboot de Freddy Krueger"},"content":{"rendered":"<p style=\"text-align: justify\">No bast\u00f3 con el p\u00e9simo reboot de Freddy Krueger dirigido por Samuel Bayer para que New Line Cinema se diera cuenta que las cosas se deben hacer bien. Ahora han dado luz verde para que se realice un segundo reboot que tendr\u00e1 como guionista a David Leslie Johnson (La Hu\u00e9rfana). La producci\u00f3n estar\u00e1 a cargo de\u00a0Toby Emmerich, Dave Neustadter y\u00a0Walter Hamada.<\/p>\n<p style=\"text-align: justify\"><a href=\"https:\/\/i0.wp.com\/www.kalot.com.mx\/wp-content\/uploads\/2015\/08\/358460__nightmare-on-elm-street_p.jpg\"><img data-recalc-dims=\"1\" fetchpriority=\"high\" decoding=\"async\" data-attachment-id=\"22790\" data-permalink=\"https:\/\/kalot.com.mx\/site\/2015\/08\/06\/anuncian-nuevo-reboot-de-freddy-krueger\/358460__nightmare-on-elm-street_p\/\" data-orig-file=\"https:\/\/i0.wp.com\/kalot.com.mx\/site\/wp-content\/uploads\/2015\/08\/358460__nightmare-on-elm-street_p.jpg?fit=969%2C606&amp;ssl=1\" data-orig-size=\"969,606\" data-comments-opened=\"1\" data-image-meta=\"{&quot;aperture&quot;:&quot;0&quot;,&quot;credit&quot;:&quot;&quot;,&quot;camera&quot;:&quot;&quot;,&quot;caption&quot;:&quot;&quot;,&quot;created_timestamp&quot;:&quot;0&quot;,&quot;copyright&quot;:&quot;&quot;,&quot;focal_length&quot;:&quot;0&quot;,&quot;iso&quot;:&quot;0&quot;,&quot;shutter_speed&quot;:&quot;0&quot;,&quot;title&quot;:&quot;&quot;,&quot;orientation&quot;:&quot;0&quot;}\" data-image-title=\"ightmare\" data-image-description=\"\" data-image-caption=\"\" data-large-file=\"https:\/\/i0.wp.com\/kalot.com.mx\/site\/wp-content\/uploads\/2015\/08\/358460__nightmare-on-elm-street_p.jpg?fit=969%2C606&amp;ssl=1\" class=\" size-full wp-image-22790 aligncenter\" src=\"https:\/\/i0.wp.com\/www.kalot.com.mx\/wp-content\/uploads\/2015\/08\/358460__nightmare-on-elm-street_p.jpg?resize=969%2C606\" alt=\"ightmare\" width=\"969\" height=\"606\" srcset=\"https:\/\/i0.wp.com\/kalot.com.mx\/site\/wp-content\/uploads\/2015\/08\/358460__nightmare-on-elm-street_p.jpg?w=969&amp;ssl=1 969w, https:\/\/i0.wp.com\/kalot.com.mx\/site\/wp-content\/uploads\/2015\/08\/358460__nightmare-on-elm-street_p.jpg?resize=300%2C188&amp;ssl=1 300w, https:\/\/i0.wp.com\/kalot.com.mx\/site\/wp-content\/uploads\/2015\/08\/358460__nightmare-on-elm-street_p.jpg?resize=810%2C507&amp;ssl=1 810w\" sizes=\"(max-width: 969px) 100vw, 969px\" \/><\/a><\/p>\n<p style=\"text-align: justify\">A\u00fan est\u00e1 por definir si seguir\u00e1 la misma linea en la historia o se optar\u00e1 por hacer una nueva. Hay que recordar que ya se hab\u00eda hecho un reboot de\u00a0Pesadilla en Elm Street protagonizado por Jackie Earle Haley, el cual fue recibido con criticas negativas, en especial por haber sustituido a\u00a0Robert Englund en el papel original.<\/p>\n<p style=\"text-align: justify\"><a href=\"https:\/\/i0.wp.com\/www.kalot.com.mx\/wp-content\/uploads\/2015\/08\/31.jpg\"><img data-recalc-dims=\"1\" decoding=\"async\" data-attachment-id=\"22789\" data-permalink=\"https:\/\/kalot.com.mx\/site\/2015\/08\/06\/anuncian-nuevo-reboot-de-freddy-krueger\/31-3\/\" data-orig-file=\"https:\/\/i0.wp.com\/kalot.com.mx\/site\/wp-content\/uploads\/2015\/08\/31.jpg?fit=644%2C351&amp;ssl=1\" data-orig-size=\"644,351\" data-comments-opened=\"1\" data-image-meta=\"{&quot;aperture&quot;:&quot;0&quot;,&quot;credit&quot;:&quot;&quot;,&quot;camera&quot;:&quot;&quot;,&quot;caption&quot;:&quot;&quot;,&quot;created_timestamp&quot;:&quot;0&quot;,&quot;copyright&quot;:&quot;&quot;,&quot;focal_length&quot;:&quot;0&quot;,&quot;iso&quot;:&quot;0&quot;,&quot;shutter_speed&quot;:&quot;0&quot;,&quot;title&quot;:&quot;&quot;,&quot;orientation&quot;:&quot;0&quot;}\" data-image-title=\"31\" data-image-description=\"\" data-image-caption=\"\" data-large-file=\"https:\/\/i0.wp.com\/kalot.com.mx\/site\/wp-content\/uploads\/2015\/08\/31.jpg?fit=644%2C351&amp;ssl=1\" class=\" size-full wp-image-22789 aligncenter\" src=\"https:\/\/i0.wp.com\/www.kalot.com.mx\/wp-content\/uploads\/2015\/08\/31.jpg?resize=644%2C351\" alt=\"31\" width=\"644\" height=\"351\" srcset=\"https:\/\/i0.wp.com\/kalot.com.mx\/site\/wp-content\/uploads\/2015\/08\/31.jpg?w=644&amp;ssl=1 644w, https:\/\/i0.wp.com\/kalot.com.mx\/site\/wp-content\/uploads\/2015\/08\/31.jpg?resize=300%2C164&amp;ssl=1 300w\" sizes=\"(max-width: 644px) 100vw, 644px\" \/><\/a><\/p>\n<p style=\"text-align: justify\">\u00a0Este proyecto aun no cuenta con un director ni con el actor que interpretar\u00e1 a Freddy Krueger.<\/p>\n","protected":false},"excerpt":{"rendered":"No bast\u00f3 con el p\u00e9simo reboot de Freddy Krueger dirigido por Samuel Bayer para que New Line Cinema&hellip;\n","protected":false},"author":108,"featured_media":22791,"comment_status":"open","ping_status":"open","sticky":false,"template":"","format":"standard","meta":{"jetpack_post_was_ever_published":false,"_jetpack_newsletter_access":"","_jetpack_dont_email_post_to_subs":false,"_jetpack_newsletter_tier_id":0,"_jetpack_memberships_contains_paywalled_content":false,"_jetpack_memberships_contains_paid_content":false,"footnotes":"","jetpack_publicize_message":"","jetpack_publicize_feature_enabled":true,"jetpack_social_post_already_shared":true,"jetpack_social_options":{"image_generator_settings":{"template":"highway","default_image_id":0,"font":"","enabled":false},"version":2}},"categories":[],"tags":[],"class_list":{"0":"post-22788","1":"post","2":"type-post","3":"status-publish","4":"format-standard","5":"has-post-thumbnail","7":"cs-entry","8":"cs-video-wrap"},"yoast_head":"<!-- This site is optimized with the Yoast SEO plugin v27.4 - https:\/\/yoast.com\/product\/yoast-seo-wordpress\/ -->\n<title>Anuncian Nuevo Reboot de Freddy Krueger - Kalot<\/title>\n<meta name=\"description\" content=\"No bast\u00f3 con el p\u00e9simo reboot de Freddy Krueger dirigido por Samuel Bayer para que New Line Cinema se diera cuenta que las cosas se deben hacer bien.\" \/>\n<meta name=\"robots\" content=\"index, follow, max-snippet:-1, max-image-preview:large, max-video-preview:-1\" \/>\n<link rel=\"canonical\" href=\"https:\/\/kalot.com.mx\/site\/2015\/08\/06\/anuncian-nuevo-reboot-de-freddy-krueger\/\" \/>\n<meta property=\"og:locale\" content=\"es_MX\" \/>\n<meta property=\"og:type\" content=\"article\" \/>\n<meta property=\"og:title\" content=\"Anuncian Nuevo Reboot de Freddy Krueger - Kalot\" \/>\n<meta property=\"og:description\" content=\"No bast\u00f3 con el p\u00e9simo reboot de Freddy Krueger dirigido por Samuel Bayer para que New Line Cinema se diera cuenta que las cosas se deben hacer bien.\" \/>\n<meta property=\"og:url\" content=\"https:\/\/kalot.com.mx\/site\/2015\/08\/06\/anuncian-nuevo-reboot-de-freddy-krueger\/\" \/>\n<meta property=\"og:site_name\" content=\"Kalot\" \/>\n<meta property=\"article:publisher\" content=\"http:\/\/facebook.com\/mxkalot\" \/>\n<meta property=\"article:published_time\" content=\"2015-08-06T21:09:42+00:00\" \/>\n<meta property=\"og:image\" content=\"https:\/\/i0.wp.com\/kalot.com.mx\/site\/wp-content\/uploads\/2015\/08\/pesadilla-en-elm-street-0.jpg?fit=1400%2C919&ssl=1\" \/>\n\t<meta property=\"og:image:width\" content=\"1400\" \/>\n\t<meta property=\"og:image:height\" content=\"919\" \/>\n\t<meta property=\"og:image:type\" content=\"image\/jpeg\" \/>\n<meta name=\"author\" content=\"yash\" \/>\n<meta name=\"twitter:card\" content=\"summary_large_image\" \/>\n<meta name=\"twitter:creator\" content=\"@kalotmx\" \/>\n<meta name=\"twitter:site\" content=\"@kalotmx\" \/>\n<meta name=\"twitter:label1\" content=\"Escrito por\" \/>\n\t<meta name=\"twitter:data1\" content=\"yash\" \/>\n\t<meta name=\"twitter:label2\" content=\"Tiempo de lectura\" \/>\n\t<meta name=\"twitter:data2\" content=\"1 minuto\" \/>\n<!-- \/ Yoast SEO plugin. -->","yoast_head_json":{"title":"Anuncian Nuevo Reboot de Freddy Krueger - Kalot","description":"No bast\u00f3 con el p\u00e9simo reboot de Freddy Krueger dirigido por Samuel Bayer para que New Line Cinema se diera cuenta que las cosas se deben hacer bien.","robots":{"index":"index","follow":"follow","max-snippet":"max-snippet:-1","max-image-preview":"max-image-preview:large","max-video-preview":"max-video-preview:-1"},"canonical":"https:\/\/kalot.com.mx\/site\/2015\/08\/06\/anuncian-nuevo-reboot-de-freddy-krueger\/","og_locale":"es_MX","og_type":"article","og_title":"Anuncian Nuevo Reboot de Freddy Krueger - Kalot","og_description":"No bast\u00f3 con el p\u00e9simo reboot de Freddy Krueger dirigido por Samuel Bayer para que New Line Cinema se diera cuenta que las cosas se deben hacer bien.","og_url":"https:\/\/kalot.com.mx\/site\/2015\/08\/06\/anuncian-nuevo-reboot-de-freddy-krueger\/","og_site_name":"Kalot","article_publisher":"http:\/\/facebook.com\/mxkalot","article_published_time":"2015-08-06T21:09:42+00:00","og_image":[{"width":1400,"height":919,"url":"https:\/\/i0.wp.com\/kalot.com.mx\/site\/wp-content\/uploads\/2015\/08\/pesadilla-en-elm-street-0.jpg?fit=1400%2C919&ssl=1","type":"image\/jpeg"}],"author":"yash","twitter_card":"summary_large_image","twitter_creator":"@kalotmx","twitter_site":"@kalotmx","twitter_misc":{"Escrito por":"yash","Tiempo de lectura":"1 minuto"},"schema":{"@context":"https:\/\/schema.org","@graph":[{"@type":"Article","@id":"https:\/\/kalot.com.mx\/site\/2015\/08\/06\/anuncian-nuevo-reboot-de-freddy-krueger\/#article","isPartOf":{"@id":"https:\/\/kalot.com.mx\/site\/2015\/08\/06\/anuncian-nuevo-reboot-de-freddy-krueger\/"},"author":{"name":"yash","@id":"https:\/\/kalot.com.mx\/site\/#\/schema\/person\/1d75ba57b0359df6aee12de5a86e5b04"},"headline":"Anuncian Nuevo Reboot de Freddy Krueger","datePublished":"2015-08-06T21:09:42+00:00","mainEntityOfPage":{"@id":"https:\/\/kalot.com.mx\/site\/2015\/08\/06\/anuncian-nuevo-reboot-de-freddy-krueger\/"},"wordCount":149,"commentCount":0,"publisher":{"@id":"https:\/\/kalot.com.mx\/site\/#organization"},"image":{"@id":"https:\/\/kalot.com.mx\/site\/2015\/08\/06\/anuncian-nuevo-reboot-de-freddy-krueger\/#primaryimage"},"thumbnailUrl":"https:\/\/i0.wp.com\/kalot.com.mx\/site\/wp-content\/uploads\/2015\/08\/pesadilla-en-elm-street-0.jpg?fit=1400%2C919&ssl=1","inLanguage":"es","potentialAction":[{"@type":"CommentAction","name":"Comment","target":["https:\/\/kalot.com.mx\/site\/2015\/08\/06\/anuncian-nuevo-reboot-de-freddy-krueger\/#respond"]}]},{"@type":"WebPage","@id":"https:\/\/kalot.com.mx\/site\/2015\/08\/06\/anuncian-nuevo-reboot-de-freddy-krueger\/","url":"https:\/\/kalot.com.mx\/site\/2015\/08\/06\/anuncian-nuevo-reboot-de-freddy-krueger\/","name":"Anuncian Nuevo Reboot de Freddy Krueger - Kalot","isPartOf":{"@id":"https:\/\/kalot.com.mx\/site\/#website"},"primaryImageOfPage":{"@id":"https:\/\/kalot.com.mx\/site\/2015\/08\/06\/anuncian-nuevo-reboot-de-freddy-krueger\/#primaryimage"},"image":{"@id":"https:\/\/kalot.com.mx\/site\/2015\/08\/06\/anuncian-nuevo-reboot-de-freddy-krueger\/#primaryimage"},"thumbnailUrl":"https:\/\/i0.wp.com\/kalot.com.mx\/site\/wp-content\/uploads\/2015\/08\/pesadilla-en-elm-street-0.jpg?fit=1400%2C919&ssl=1","datePublished":"2015-08-06T21:09:42+00:00","description":"No bast\u00f3 con el p\u00e9simo reboot de Freddy Krueger dirigido por Samuel Bayer para que New Line Cinema se diera cuenta que las cosas se deben hacer bien.","breadcrumb":{"@id":"https:\/\/kalot.com.mx\/site\/2015\/08\/06\/anuncian-nuevo-reboot-de-freddy-krueger\/#breadcrumb"},"inLanguage":"es","potentialAction":[{"@type":"ReadAction","target":["https:\/\/kalot.com.mx\/site\/2015\/08\/06\/anuncian-nuevo-reboot-de-freddy-krueger\/"]}]},{"@type":"ImageObject","inLanguage":"es","@id":"https:\/\/kalot.com.mx\/site\/2015\/08\/06\/anuncian-nuevo-reboot-de-freddy-krueger\/#primaryimage","url":"https:\/\/i0.wp.com\/kalot.com.mx\/site\/wp-content\/uploads\/2015\/08\/pesadilla-en-elm-street-0.jpg?fit=1400%2C919&ssl=1","contentUrl":"https:\/\/i0.wp.com\/kalot.com.mx\/site\/wp-content\/uploads\/2015\/08\/pesadilla-en-elm-street-0.jpg?fit=1400%2C919&ssl=1","width":1400,"height":919},{"@type":"BreadcrumbList","@id":"https:\/\/kalot.com.mx\/site\/2015\/08\/06\/anuncian-nuevo-reboot-de-freddy-krueger\/#breadcrumb","itemListElement":[{"@type":"ListItem","position":1,"name":"Home","item":"https:\/\/kalot.com.mx\/site\/"},{"@type":"ListItem","position":2,"name":"Anuncian Nuevo Reboot de Freddy Krueger"}]},{"@type":"WebSite","@id":"https:\/\/kalot.com.mx\/site\/#website","url":"https:\/\/kalot.com.mx\/site\/","name":"Kalot","description":"Conoce Todo Sobre Todo","publisher":{"@id":"https:\/\/kalot.com.mx\/site\/#organization"},"potentialAction":[{"@type":"SearchAction","target":{"@type":"EntryPoint","urlTemplate":"https:\/\/kalot.com.mx\/site\/?s={search_term_string}"},"query-input":{"@type":"PropertyValueSpecification","valueRequired":true,"valueName":"search_term_string"}}],"inLanguage":"es"},{"@type":"Organization","@id":"https:\/\/kalot.com.mx\/site\/#organization","name":"Kalot","url":"https:\/\/kalot.com.mx\/site\/","logo":{"@type":"ImageObject","inLanguage":"es","@id":"https:\/\/kalot.com.mx\/site\/#\/schema\/logo\/image\/","url":"https:\/\/i0.wp.com\/kalot.com.mx\/site\/wp-content\/uploads\/2020\/04\/Kalot-logo-sin-tagline.png?fit=1707%2C1014&ssl=1","contentUrl":"https:\/\/i0.wp.com\/kalot.com.mx\/site\/wp-content\/uploads\/2020\/04\/Kalot-logo-sin-tagline.png?fit=1707%2C1014&ssl=1","width":1707,"height":1014,"caption":"Kalot"},"image":{"@id":"https:\/\/kalot.com.mx\/site\/#\/schema\/logo\/image\/"},"sameAs":["http:\/\/facebook.com\/mxkalot","https:\/\/x.com\/kalotmx","http:\/\/instagram.com\/kalotmx","http:\/\/pinterest.com\/jorgeerana\/kalot"]},{"@type":"Person","@id":"https:\/\/kalot.com.mx\/site\/#\/schema\/person\/1d75ba57b0359df6aee12de5a86e5b04","name":"yash","image":{"@type":"ImageObject","inLanguage":"es","@id":"https:\/\/secure.gravatar.com\/avatar\/be80e9883aa4c662e1a435d9ba36a6fba313cea893e0d847aac2ca2290e6decb?s=96&d=mm&r=g","url":"https:\/\/secure.gravatar.com\/avatar\/be80e9883aa4c662e1a435d9ba36a6fba313cea893e0d847aac2ca2290e6decb?s=96&d=mm&r=g","contentUrl":"https:\/\/secure.gravatar.com\/avatar\/be80e9883aa4c662e1a435d9ba36a6fba313cea893e0d847aac2ca2290e6decb?s=96&d=mm&r=g","caption":"yash"},"url":"https:\/\/kalot.com.mx\/site\/author\/yash\/"}]}},"jetpack_publicize_connections":[],"jetpack_featured_media_url":"https:\/\/i0.wp.com\/kalot.com.mx\/site\/wp-content\/uploads\/2015\/08\/pesadilla-en-elm-street-0.jpg?fit=1400%2C919&ssl=1","jetpack_shortlink":"https:\/\/wp.me\/p6IHEI-5Vy","jetpack-related-posts":[{"id":24384,"url":"https:\/\/kalot.com.mx\/site\/2015\/12\/01\/el-guion-de-depredador-ya-esta-listo\/","url_meta":{"origin":22788,"position":0},"title":"\u00a1El gui\u00f3n de Depredador ya est\u00e1 listo!","author":"yash","date":"1 diciembre, 2015","format":false,"excerpt":"Anteriormente se hab\u00eda dado a conocer que\u00a020th Century Fox estaba buscando a Shane Black (Iron Man 3), \u00a0para dirigir y escribir un reboot de Depredador. Finalmente fue as\u00ed y ahora junto a\u00a0Fredd Dekker se ha entregado el gui\u00f3n a la FOX para que decida cuando se mandar\u00e1 \u00a0a pre-producci\u00f3n. En\u2026","rel":"","context":"En &quot;Cine&quot;","block_context":{"text":"Cine","link":"https:\/\/kalot.com.mx\/site\/category\/cine\/"},"img":{"alt_text":"","src":"https:\/\/i0.wp.com\/kalot.com.mx\/site\/wp-content\/uploads\/2015\/12\/Depredador.jpg?fit=1200%2C645&ssl=1&resize=350%2C200","width":350,"height":200,"srcset":"https:\/\/i0.wp.com\/kalot.com.mx\/site\/wp-content\/uploads\/2015\/12\/Depredador.jpg?fit=1200%2C645&ssl=1&resize=350%2C200 1x, https:\/\/i0.wp.com\/kalot.com.mx\/site\/wp-content\/uploads\/2015\/12\/Depredador.jpg?fit=1200%2C645&ssl=1&resize=525%2C300 1.5x, https:\/\/i0.wp.com\/kalot.com.mx\/site\/wp-content\/uploads\/2015\/12\/Depredador.jpg?fit=1200%2C645&ssl=1&resize=700%2C400 2x, https:\/\/i0.wp.com\/kalot.com.mx\/site\/wp-content\/uploads\/2015\/12\/Depredador.jpg?fit=1200%2C645&ssl=1&resize=1050%2C600 3x"},"classes":[]},{"id":20752,"url":"https:\/\/kalot.com.mx\/site\/2015\/03\/13\/jason-voorhees-llega-a-mortal-kombat-x\/","url_meta":{"origin":22788,"position":1},"title":"JASON VOORHEES llega a MORTAL KOMBAT X","author":"HM_MKT007","date":"13 marzo, 2015","format":false,"excerpt":"As\u00ed es, como lo leyeron en el t\u00edtulo, el viernes 13 no es de mala suerte para todos, para uno que otro, es un d\u00eda de buena suerte, de fortuna, e inclusive, de resurrecci\u00f3n, porque despu\u00e9s de mantenerse en Crystal Lake por muchos a\u00f1os, el d\u00eda de hoy, VIERNES 13,\u2026","rel":"","context":"Con 1 comentario","block_context":{"text":"Con 1 comentario","link":"https:\/\/kalot.com.mx\/site\/2015\/03\/13\/jason-voorhees-llega-a-mortal-kombat-x\/#comments"},"img":{"alt_text":"","src":"https:\/\/i0.wp.com\/kalot.com.mx\/site\/wp-content\/uploads\/2015\/03\/jason-mask-will-we-find-out-why-jason-voorhees-can-t-die-in-the-next-friday-the-13th-sequel.jpeg?fit=1024%2C768&ssl=1&resize=350%2C200","width":350,"height":200,"srcset":"https:\/\/i0.wp.com\/kalot.com.mx\/site\/wp-content\/uploads\/2015\/03\/jason-mask-will-we-find-out-why-jason-voorhees-can-t-die-in-the-next-friday-the-13th-sequel.jpeg?fit=1024%2C768&ssl=1&resize=350%2C200 1x, https:\/\/i0.wp.com\/kalot.com.mx\/site\/wp-content\/uploads\/2015\/03\/jason-mask-will-we-find-out-why-jason-voorhees-can-t-die-in-the-next-friday-the-13th-sequel.jpeg?fit=1024%2C768&ssl=1&resize=525%2C300 1.5x, https:\/\/i0.wp.com\/kalot.com.mx\/site\/wp-content\/uploads\/2015\/03\/jason-mask-will-we-find-out-why-jason-voorhees-can-t-die-in-the-next-friday-the-13th-sequel.jpeg?fit=1024%2C768&ssl=1&resize=700%2C400 2x"},"classes":[]},{"id":20853,"url":"https:\/\/kalot.com.mx\/site\/2015\/03\/23\/predator-llega-a-mortal-kombat-x\/","url_meta":{"origin":22788,"position":2},"title":"PREDATOR llega a MORTAL KOMBAT X","author":"HM_MKT007","date":"23 marzo, 2015","format":false,"excerpt":"En la \u00faltima entrega de MORTAL KOMBAT en la generaci\u00f3n pasada, (Que raro se escucha no, decir que el XBOX 360 y el PS3 son la generaci\u00f3n pasada causa algo de rareza), uno de los aspectos m\u00e1s interesantes fue la llegada de ciertos personajes invitados, principalmente dos, FREDDY KRUEGER y\u2026","rel":"","context":"Entrada similar ","block_context":{"text":"Entrada similar ","link":""},"img":{"alt_text":"","src":"https:\/\/i0.wp.com\/kalot.com.mx\/site\/wp-content\/uploads\/2015\/03\/predator.jpg?fit=1066%2C465&ssl=1&resize=350%2C200","width":350,"height":200,"srcset":"https:\/\/i0.wp.com\/kalot.com.mx\/site\/wp-content\/uploads\/2015\/03\/predator.jpg?fit=1066%2C465&ssl=1&resize=350%2C200 1x, https:\/\/i0.wp.com\/kalot.com.mx\/site\/wp-content\/uploads\/2015\/03\/predator.jpg?fit=1066%2C465&ssl=1&resize=525%2C300 1.5x, https:\/\/i0.wp.com\/kalot.com.mx\/site\/wp-content\/uploads\/2015\/03\/predator.jpg?fit=1066%2C465&ssl=1&resize=700%2C400 2x, https:\/\/i0.wp.com\/kalot.com.mx\/site\/wp-content\/uploads\/2015\/03\/predator.jpg?fit=1066%2C465&ssl=1&resize=1050%2C600 3x"},"classes":[]},{"id":26859,"url":"https:\/\/kalot.com.mx\/site\/2017\/01\/13\/laresena-godzilla-resurge\/","url_meta":{"origin":22788,"position":3},"title":"#LaRese\u00f1a: Godzilla Resurge","author":"yash","date":"13 enero, 2017","format":false,"excerpt":"Godzilla ha regresado y llega a M\u00e9xico \u00a1Un homenaje al cl\u00e1sico japones! Luego de los dos (p\u00e9simos) intentos de \"agringar\" a Godzilla, el m\u00edtico muestro regresa a manos japonesas y en esta ocasi\u00f3n nos entregan un\u00a0reboot que servir\u00e1 para darle una nueva imagen a la saga y que sin duda\u2026","rel":"","context":"En &quot;Cine&quot;","block_context":{"text":"Cine","link":"https:\/\/kalot.com.mx\/site\/category\/cine\/"},"img":{"alt_text":"","src":"https:\/\/i0.wp.com\/kalot.com.mx\/site\/wp-content\/uploads\/2017\/01\/Godzillaresurge3.jpeg?fit=1200%2C720&ssl=1&resize=350%2C200","width":350,"height":200,"srcset":"https:\/\/i0.wp.com\/kalot.com.mx\/site\/wp-content\/uploads\/2017\/01\/Godzillaresurge3.jpeg?fit=1200%2C720&ssl=1&resize=350%2C200 1x, https:\/\/i0.wp.com\/kalot.com.mx\/site\/wp-content\/uploads\/2017\/01\/Godzillaresurge3.jpeg?fit=1200%2C720&ssl=1&resize=525%2C300 1.5x, https:\/\/i0.wp.com\/kalot.com.mx\/site\/wp-content\/uploads\/2017\/01\/Godzillaresurge3.jpeg?fit=1200%2C720&ssl=1&resize=700%2C400 2x, https:\/\/i0.wp.com\/kalot.com.mx\/site\/wp-content\/uploads\/2017\/01\/Godzillaresurge3.jpeg?fit=1200%2C720&ssl=1&resize=1050%2C600 3x"},"classes":[]},{"id":18595,"url":"https:\/\/kalot.com.mx\/site\/2014\/10\/08\/se-viene-cancelacion-de-fantastic-four-en-comics\/","url_meta":{"origin":22788,"position":4},"title":"\u00bfSe viene cancelaci\u00f3n de FANTASTIC FOUR en C\u00f3mics?","author":"HM_MKT007","date":"8 octubre, 2014","format":false,"excerpt":"Triste pero cierto, aunque esto es un mero rumor a\u00fan, porque no se tiene un anuncio oficial, los especialistas en c\u00f3mics lo dan como un hecho, ya tiene varios meses esta situaci\u00f3n, todo inicio con la carrera de MARVEL por recuperar los derechos sobre este cuarteto debido al \u00e9xito de\u2026","rel":"","context":"Con 1 comentario","block_context":{"text":"Con 1 comentario","link":"https:\/\/kalot.com.mx\/site\/2014\/10\/08\/se-viene-cancelacion-de-fantastic-four-en-comics\/#comments"},"img":{"alt_text":"","src":"https:\/\/i0.wp.com\/kalot.com.mx\/site\/wp-content\/uploads\/2014\/10\/39413-fantastic-four-554-1024-x-768-fantastic-four-wallpapers-comic_1920x1080.jpg?fit=1200%2C900&ssl=1&resize=350%2C200","width":350,"height":200,"srcset":"https:\/\/i0.wp.com\/kalot.com.mx\/site\/wp-content\/uploads\/2014\/10\/39413-fantastic-four-554-1024-x-768-fantastic-four-wallpapers-comic_1920x1080.jpg?fit=1200%2C900&ssl=1&resize=350%2C200 1x, https:\/\/i0.wp.com\/kalot.com.mx\/site\/wp-content\/uploads\/2014\/10\/39413-fantastic-four-554-1024-x-768-fantastic-four-wallpapers-comic_1920x1080.jpg?fit=1200%2C900&ssl=1&resize=525%2C300 1.5x, https:\/\/i0.wp.com\/kalot.com.mx\/site\/wp-content\/uploads\/2014\/10\/39413-fantastic-four-554-1024-x-768-fantastic-four-wallpapers-comic_1920x1080.jpg?fit=1200%2C900&ssl=1&resize=700%2C400 2x, https:\/\/i0.wp.com\/kalot.com.mx\/site\/wp-content\/uploads\/2014\/10\/39413-fantastic-four-554-1024-x-768-fantastic-four-wallpapers-comic_1920x1080.jpg?fit=1200%2C900&ssl=1&resize=1050%2C600 3x"},"classes":[]},{"id":22834,"url":"https:\/\/kalot.com.mx\/site\/2015\/08\/08\/llega-a-mexico-la-maldicion-el-inicio-del-fin\/","url_meta":{"origin":22788,"position":5},"title":"Llega a M\u00e9xico &#8220;La Maldici\u00f3n: El Inicio del Fin&#8221;","author":"yash","date":"8 agosto, 2015","format":false,"excerpt":"Madness Films acaba de anunciar que estrenar\u00e1 en M\u00e9xico la ultima pel\u00edcula de la saga \"La Maldici\u00f3n\"\u00a0(Ju-on o The Grudge) exclusivamente en las salas de Cinemex el pr\u00f3ximo 14 de Agosto. Esta cinta servir\u00e1 para conmemorar el aniversario numero 15 de la franquicia japonesa que originalmente inici\u00f3 con dos cortometrajes.\u2026","rel":"","context":"Entrada similar ","block_context":{"text":"Entrada similar ","link":""},"img":{"alt_text":"","src":"https:\/\/i0.wp.com\/kalot.com.mx\/site\/wp-content\/uploads\/2015\/08\/La-Maldici%C3%B3n-El-Inicio-del-fin1.jpg?fit=1187%2C814&ssl=1&resize=350%2C200","width":350,"height":200,"srcset":"https:\/\/i0.wp.com\/kalot.com.mx\/site\/wp-content\/uploads\/2015\/08\/La-Maldici%C3%B3n-El-Inicio-del-fin1.jpg?fit=1187%2C814&ssl=1&resize=350%2C200 1x, https:\/\/i0.wp.com\/kalot.com.mx\/site\/wp-content\/uploads\/2015\/08\/La-Maldici%C3%B3n-El-Inicio-del-fin1.jpg?fit=1187%2C814&ssl=1&resize=525%2C300 1.5x, https:\/\/i0.wp.com\/kalot.com.mx\/site\/wp-content\/uploads\/2015\/08\/La-Maldici%C3%B3n-El-Inicio-del-fin1.jpg?fit=1187%2C814&ssl=1&resize=700%2C400 2x, https:\/\/i0.wp.com\/kalot.com.mx\/site\/wp-content\/uploads\/2015\/08\/La-Maldici%C3%B3n-El-Inicio-del-fin1.jpg?fit=1187%2C814&ssl=1&resize=1050%2C600 3x"},"classes":[]}],"jetpack_sharing_enabled":true,"_links":{"self":[{"href":"https:\/\/kalot.com.mx\/site\/wp-json\/wp\/v2\/posts\/22788","targetHints":{"allow":["GET"]}}],"collection":[{"href":"https:\/\/kalot.com.mx\/site\/wp-json\/wp\/v2\/posts"}],"about":[{"href":"https:\/\/kalot.com.mx\/site\/wp-json\/wp\/v2\/types\/post"}],"author":[{"embeddable":true,"href":"https:\/\/kalot.com.mx\/site\/wp-json\/wp\/v2\/users\/108"}],"replies":[{"embeddable":true,"href":"https:\/\/kalot.com.mx\/site\/wp-json\/wp\/v2\/comments?post=22788"}],"version-history":[{"count":0,"href":"https:\/\/kalot.com.mx\/site\/wp-json\/wp\/v2\/posts\/22788\/revisions"}],"wp:featuredmedia":[{"embeddable":true,"href":"https:\/\/kalot.com.mx\/site\/wp-json\/wp\/v2\/media\/22791"}],"wp:attachment":[{"href":"https:\/\/kalot.com.mx\/site\/wp-json\/wp\/v2\/media?parent=22788"}],"wp:term":[{"taxonomy":"category","embeddable":true,"href":"https:\/\/kalot.com.mx\/site\/wp-json\/wp\/v2\/categories?post=22788"},{"taxonomy":"post_tag","embeddable":true,"href":"https:\/\/kalot.com.mx\/site\/wp-json\/wp\/v2\/tags?post=22788"}],"curies":[{"name":"wp","href":"https:\/\/api.w.org\/{rel}","templated":true}]}}