{"id":22780,"date":"2015-08-06T11:24:48","date_gmt":"2015-08-06T16:24:48","guid":{"rendered":"http:\/\/www.kalot.com.mx\/?p=22780"},"modified":"2015-08-06T11:31:44","modified_gmt":"2015-08-06T16:31:44","slug":"copa-libertadores-fin-del-sueno-tigre-river-3-0-tigres","status":"publish","type":"post","link":"https:\/\/kalot.com.mx\/site\/2015\/08\/06\/copa-libertadores-fin-del-sueno-tigre-river-3-0-tigres\/","title":{"rendered":"Copa Libertadores: Fin del sue\u00f1o Tigre. River 3-0 Tigres"},"content":{"rendered":"<p>River Plate se consagr\u00f3 anoche\u00a0campe\u00f3n de la Copa Libertadores de Am\u00e9rica por tercera vez, tras derrotar por 3-0 a los Tigres en el partido de vuelta de la final del certamen continental.<\/p>\n<p>Los goles de Lucas Alario, Carlos Sanchez, de penal, y Ramiro Funes Mori dieron al conjunto Argentino la tan deseada Copa luego de casi 20 a\u00f1os de espera. Este es el segundo titulo continental del conjunto\u00a0<em>millonario\u00a0<\/em>tras su descenso en el a\u00f1o 2011, cabe recordar que en 2014 ganaron la Copa Sudamericana ante Atl\u00e9tico Nacional.<\/p>\n<p>En contra parte Tigres no pudo terminar con la mala racha de equipos Mexicanos en finales de Libertadores, de las tres finales que han disputado equipos aztecas solo Cruz Azul estuvo cerca tras perder, por penales, ante Boca en el 2001<\/p>\n<p><strong>ECOS DE LA DERROTA<\/strong><\/p>\n<p>&#8220;Misi\u00f3n imposible&#8221;, destac\u00f3 la tapa del diario deportivo R\u00e9cord al se\u00f1alar que ganar la Libertadores &#8220;luce inaccesible&#8221; y cuando se pens\u00f3 que se pod\u00eda, a Tigres &#8220;le falt\u00f3 coraje, audacia t\u00e1ctica y contundencia de los refuerzos, incluso recobrarse de un p\u00e9simo arbitraje&#8221;.<\/p>\n<p>&#8220;Duele&#8230;y Mucho&#8221;, es la tapa de Cancha El Norte( Reforma) a\u00f1ade que &#8220;Tigres perdono a un River con oficio y contundente, as\u00ed termina el sue\u00f1o de que un equipo mexicano gane la Libertadores&#8221;<\/p>\n<p>&#8220;Con las manos vac\u00edas&#8221;, dice Adrenalina de Excelsior, &#8220;River condeno a Tigres al mismo destino que sus antecesores en la final de Libertadores&#8221; a\u00f1ade que &#8220;a pesar de que Tigres tuvo mas llegada al \u00e1rea rival, fue River quien hizo los 3 goles&#8221;<\/p>\n<p><b>OPINI\u00d3N<\/b><\/p>\n<p>Tigres dejo ir una oportunidad \u00fanica, era la ocasi\u00f3n para levantar el titulo mas importante a nivel continental; por equipo, por juego, por calidad de plantel y por apoyo. Tigres fue mas que su rival en los dos juegos, lo dejo vivo en el universitario de Monterrey y ayer, en el Monumental, fue presa de la timidez, no se achico, mas bien creo que no se la crey\u00f3.<\/p>\n<p>Con un presente sombr\u00edo en CONMEBOL, la participaci\u00f3n de los equipos Mexicanos en el m\u00e1ximo torneo continental esta en &#8220;veremos&#8221;. Nadie sabe que pueda pasar, pero quiz\u00e1s fuimos testigos de la ultima final de Libertadores disputada por un equipo Mexicano.<\/p>\n<p>PD: River volvi\u00f3 a ser River y ahora es RIVER DE AM\u00c9RICA.<\/p>\n<p><a href=\"https:\/\/i0.wp.com\/www.kalot.com.mx\/wp-content\/uploads\/2015\/08\/River-America-fotos_OLEIMA20150806_0022_5.jpg\"><img data-recalc-dims=\"1\" fetchpriority=\"high\" decoding=\"async\" data-attachment-id=\"22781\" data-permalink=\"https:\/\/kalot.com.mx\/site\/2015\/08\/06\/copa-libertadores-fin-del-sueno-tigre-river-3-0-tigres\/river-america-fotos_oleima20150806_0022_5\/\" data-orig-file=\"https:\/\/i0.wp.com\/kalot.com.mx\/site\/wp-content\/uploads\/2015\/08\/River-America-fotos_OLEIMA20150806_0022_5.jpg?fit=464%2C261&amp;ssl=1\" data-orig-size=\"464,261\" data-comments-opened=\"1\" data-image-meta=\"{&quot;aperture&quot;:&quot;0&quot;,&quot;credit&quot;:&quot;&quot;,&quot;camera&quot;:&quot;&quot;,&quot;caption&quot;:&quot;&quot;,&quot;created_timestamp&quot;:&quot;0&quot;,&quot;copyright&quot;:&quot;&quot;,&quot;focal_length&quot;:&quot;0&quot;,&quot;iso&quot;:&quot;0&quot;,&quot;shutter_speed&quot;:&quot;0&quot;,&quot;title&quot;:&quot;&quot;,&quot;orientation&quot;:&quot;0&quot;}\" data-image-title=\"River-America-fotos_OLEIMA20150806_0022_5\" data-image-description=\"\" data-image-caption=\"\" data-large-file=\"https:\/\/i0.wp.com\/kalot.com.mx\/site\/wp-content\/uploads\/2015\/08\/River-America-fotos_OLEIMA20150806_0022_5.jpg?fit=464%2C261&amp;ssl=1\" class=\"  wp-image-22781 aligncenter\" src=\"https:\/\/i0.wp.com\/www.kalot.com.mx\/wp-content\/uploads\/2015\/08\/River-America-fotos_OLEIMA20150806_0022_5-300x169.jpg?resize=339%2C191\" alt=\"River-America-fotos_OLEIMA20150806_0022_5\" width=\"339\" height=\"191\" srcset=\"https:\/\/i0.wp.com\/kalot.com.mx\/site\/wp-content\/uploads\/2015\/08\/River-America-fotos_OLEIMA20150806_0022_5.jpg?resize=300%2C169&amp;ssl=1 300w, https:\/\/i0.wp.com\/kalot.com.mx\/site\/wp-content\/uploads\/2015\/08\/River-America-fotos_OLEIMA20150806_0022_5.jpg?w=464&amp;ssl=1 464w\" sizes=\"(max-width: 339px) 100vw, 339px\" \/><\/a><\/p>\n","protected":false},"excerpt":{"rendered":"River Plate se consagr\u00f3 anoche\u00a0campe\u00f3n de la Copa Libertadores de Am\u00e9rica por tercera vez, tras derrotar por 3-0&hellip;\n","protected":false},"author":144,"featured_media":22783,"comment_status":"open","ping_status":"open","sticky":false,"template":"","format":"standard","meta":{"jetpack_post_was_ever_published":false,"_jetpack_newsletter_access":"","_jetpack_dont_email_post_to_subs":false,"_jetpack_newsletter_tier_id":0,"_jetpack_memberships_contains_paywalled_content":false,"_jetpack_memberships_contains_paid_content":false,"footnotes":"","jetpack_publicize_message":"","jetpack_publicize_feature_enabled":true,"jetpack_social_post_already_shared":true,"jetpack_social_options":{"image_generator_settings":{"template":"highway","default_image_id":0,"font":"","enabled":false},"version":2}},"categories":[],"tags":[],"class_list":{"0":"post-22780","1":"post","2":"type-post","3":"status-publish","4":"format-standard","5":"has-post-thumbnail","7":"cs-entry","8":"cs-video-wrap"},"yoast_head":"<!-- This site is optimized with the Yoast SEO plugin v27.4 - https:\/\/yoast.com\/product\/yoast-seo-wordpress\/ -->\n<title>Copa Libertadores: Fin del sue\u00f1o Tigre. River 3-0 Tigres - Kalot<\/title>\n<meta name=\"description\" content=\"River Plate se consagr\u00f3 anoche\u00a0campe\u00f3n de la Copa Libertadores de Am\u00e9rica por tercera vez, tras derrotar por 3-0 a los Tigres en el partido de vuelta de\" \/>\n<meta name=\"robots\" content=\"index, follow, max-snippet:-1, max-image-preview:large, max-video-preview:-1\" \/>\n<link rel=\"canonical\" href=\"https:\/\/kalot.com.mx\/site\/2015\/08\/06\/copa-libertadores-fin-del-sueno-tigre-river-3-0-tigres\/\" \/>\n<meta property=\"og:locale\" content=\"es_MX\" \/>\n<meta property=\"og:type\" content=\"article\" \/>\n<meta property=\"og:title\" content=\"Copa Libertadores: Fin del sue\u00f1o Tigre. River 3-0 Tigres - Kalot\" \/>\n<meta property=\"og:description\" content=\"River Plate se consagr\u00f3 anoche\u00a0campe\u00f3n de la Copa Libertadores de Am\u00e9rica por tercera vez, tras derrotar por 3-0 a los Tigres en el partido de vuelta de\" \/>\n<meta property=\"og:url\" content=\"https:\/\/kalot.com.mx\/site\/2015\/08\/06\/copa-libertadores-fin-del-sueno-tigre-river-3-0-tigres\/\" \/>\n<meta property=\"og:site_name\" content=\"Kalot\" \/>\n<meta property=\"article:publisher\" content=\"http:\/\/facebook.com\/mxkalot\" \/>\n<meta property=\"article:published_time\" content=\"2015-08-06T16:24:48+00:00\" \/>\n<meta property=\"article:modified_time\" content=\"2015-08-06T16:31:44+00:00\" \/>\n<meta property=\"og:image\" content=\"https:\/\/i1.wp.com\/kalot.com.mx\/site\/wp-content\/uploads\/2015\/08\/1438830029_606630_1438830147_noticia_grande.jpg?fit=980%2C641&ssl=1\" \/>\n\t<meta property=\"og:image:width\" content=\"980\" \/>\n\t<meta property=\"og:image:height\" content=\"641\" \/>\n\t<meta property=\"og:image:type\" content=\"image\/jpeg\" \/>\n<meta name=\"author\" content=\"Andres Bautista\" \/>\n<meta name=\"twitter:card\" content=\"summary_large_image\" \/>\n<meta name=\"twitter:creator\" content=\"@kalotmx\" \/>\n<meta name=\"twitter:site\" content=\"@kalotmx\" \/>\n<meta name=\"twitter:label1\" content=\"Escrito por\" \/>\n\t<meta name=\"twitter:data1\" content=\"Andres Bautista\" \/>\n\t<meta name=\"twitter:label2\" content=\"Tiempo de lectura\" \/>\n\t<meta name=\"twitter:data2\" content=\"2 minutos\" \/>\n<!-- \/ Yoast SEO plugin. -->","yoast_head_json":{"title":"Copa Libertadores: Fin del sue\u00f1o Tigre. River 3-0 Tigres - Kalot","description":"River Plate se consagr\u00f3 anoche\u00a0campe\u00f3n de la Copa Libertadores de Am\u00e9rica por tercera vez, tras derrotar por 3-0 a los Tigres en el partido de vuelta de","robots":{"index":"index","follow":"follow","max-snippet":"max-snippet:-1","max-image-preview":"max-image-preview:large","max-video-preview":"max-video-preview:-1"},"canonical":"https:\/\/kalot.com.mx\/site\/2015\/08\/06\/copa-libertadores-fin-del-sueno-tigre-river-3-0-tigres\/","og_locale":"es_MX","og_type":"article","og_title":"Copa Libertadores: Fin del sue\u00f1o Tigre. River 3-0 Tigres - Kalot","og_description":"River Plate se consagr\u00f3 anoche\u00a0campe\u00f3n de la Copa Libertadores de Am\u00e9rica por tercera vez, tras derrotar por 3-0 a los Tigres en el partido de vuelta de","og_url":"https:\/\/kalot.com.mx\/site\/2015\/08\/06\/copa-libertadores-fin-del-sueno-tigre-river-3-0-tigres\/","og_site_name":"Kalot","article_publisher":"http:\/\/facebook.com\/mxkalot","article_published_time":"2015-08-06T16:24:48+00:00","article_modified_time":"2015-08-06T16:31:44+00:00","og_image":[{"width":980,"height":641,"url":"https:\/\/i1.wp.com\/kalot.com.mx\/site\/wp-content\/uploads\/2015\/08\/1438830029_606630_1438830147_noticia_grande.jpg?fit=980%2C641&ssl=1","type":"image\/jpeg"}],"author":"Andres Bautista","twitter_card":"summary_large_image","twitter_creator":"@kalotmx","twitter_site":"@kalotmx","twitter_misc":{"Escrito por":"Andres Bautista","Tiempo de lectura":"2 minutos"},"schema":{"@context":"https:\/\/schema.org","@graph":[{"@type":"Article","@id":"https:\/\/kalot.com.mx\/site\/2015\/08\/06\/copa-libertadores-fin-del-sueno-tigre-river-3-0-tigres\/#article","isPartOf":{"@id":"https:\/\/kalot.com.mx\/site\/2015\/08\/06\/copa-libertadores-fin-del-sueno-tigre-river-3-0-tigres\/"},"author":{"name":"Andres Bautista","@id":"https:\/\/kalot.com.mx\/site\/#\/schema\/person\/b5c3d4eff5f344ed5ccd62b287ba9d2c"},"headline":"Copa Libertadores: Fin del sue\u00f1o Tigre. River 3-0 Tigres","datePublished":"2015-08-06T16:24:48+00:00","dateModified":"2015-08-06T16:31:44+00:00","mainEntityOfPage":{"@id":"https:\/\/kalot.com.mx\/site\/2015\/08\/06\/copa-libertadores-fin-del-sueno-tigre-river-3-0-tigres\/"},"wordCount":401,"commentCount":0,"publisher":{"@id":"https:\/\/kalot.com.mx\/site\/#organization"},"image":{"@id":"https:\/\/kalot.com.mx\/site\/2015\/08\/06\/copa-libertadores-fin-del-sueno-tigre-river-3-0-tigres\/#primaryimage"},"thumbnailUrl":"https:\/\/i0.wp.com\/kalot.com.mx\/site\/wp-content\/uploads\/2015\/08\/1438830029_606630_1438830147_noticia_grande.jpg?fit=980%2C641&ssl=1","inLanguage":"es","potentialAction":[{"@type":"CommentAction","name":"Comment","target":["https:\/\/kalot.com.mx\/site\/2015\/08\/06\/copa-libertadores-fin-del-sueno-tigre-river-3-0-tigres\/#respond"]}]},{"@type":"WebPage","@id":"https:\/\/kalot.com.mx\/site\/2015\/08\/06\/copa-libertadores-fin-del-sueno-tigre-river-3-0-tigres\/","url":"https:\/\/kalot.com.mx\/site\/2015\/08\/06\/copa-libertadores-fin-del-sueno-tigre-river-3-0-tigres\/","name":"Copa Libertadores: Fin del sue\u00f1o Tigre. River 3-0 Tigres - Kalot","isPartOf":{"@id":"https:\/\/kalot.com.mx\/site\/#website"},"primaryImageOfPage":{"@id":"https:\/\/kalot.com.mx\/site\/2015\/08\/06\/copa-libertadores-fin-del-sueno-tigre-river-3-0-tigres\/#primaryimage"},"image":{"@id":"https:\/\/kalot.com.mx\/site\/2015\/08\/06\/copa-libertadores-fin-del-sueno-tigre-river-3-0-tigres\/#primaryimage"},"thumbnailUrl":"https:\/\/i0.wp.com\/kalot.com.mx\/site\/wp-content\/uploads\/2015\/08\/1438830029_606630_1438830147_noticia_grande.jpg?fit=980%2C641&ssl=1","datePublished":"2015-08-06T16:24:48+00:00","dateModified":"2015-08-06T16:31:44+00:00","description":"River Plate se consagr\u00f3 anoche\u00a0campe\u00f3n de la Copa Libertadores de Am\u00e9rica por tercera vez, tras derrotar por 3-0 a los Tigres en el partido de vuelta de","breadcrumb":{"@id":"https:\/\/kalot.com.mx\/site\/2015\/08\/06\/copa-libertadores-fin-del-sueno-tigre-river-3-0-tigres\/#breadcrumb"},"inLanguage":"es","potentialAction":[{"@type":"ReadAction","target":["https:\/\/kalot.com.mx\/site\/2015\/08\/06\/copa-libertadores-fin-del-sueno-tigre-river-3-0-tigres\/"]}]},{"@type":"ImageObject","inLanguage":"es","@id":"https:\/\/kalot.com.mx\/site\/2015\/08\/06\/copa-libertadores-fin-del-sueno-tigre-river-3-0-tigres\/#primaryimage","url":"https:\/\/i0.wp.com\/kalot.com.mx\/site\/wp-content\/uploads\/2015\/08\/1438830029_606630_1438830147_noticia_grande.jpg?fit=980%2C641&ssl=1","contentUrl":"https:\/\/i0.wp.com\/kalot.com.mx\/site\/wp-content\/uploads\/2015\/08\/1438830029_606630_1438830147_noticia_grande.jpg?fit=980%2C641&ssl=1","width":980,"height":641},{"@type":"BreadcrumbList","@id":"https:\/\/kalot.com.mx\/site\/2015\/08\/06\/copa-libertadores-fin-del-sueno-tigre-river-3-0-tigres\/#breadcrumb","itemListElement":[{"@type":"ListItem","position":1,"name":"Home","item":"https:\/\/kalot.com.mx\/site\/"},{"@type":"ListItem","position":2,"name":"Copa Libertadores: Fin del sue\u00f1o Tigre. River 3-0 Tigres"}]},{"@type":"WebSite","@id":"https:\/\/kalot.com.mx\/site\/#website","url":"https:\/\/kalot.com.mx\/site\/","name":"Kalot","description":"Conoce Todo Sobre Todo","publisher":{"@id":"https:\/\/kalot.com.mx\/site\/#organization"},"potentialAction":[{"@type":"SearchAction","target":{"@type":"EntryPoint","urlTemplate":"https:\/\/kalot.com.mx\/site\/?s={search_term_string}"},"query-input":{"@type":"PropertyValueSpecification","valueRequired":true,"valueName":"search_term_string"}}],"inLanguage":"es"},{"@type":"Organization","@id":"https:\/\/kalot.com.mx\/site\/#organization","name":"Kalot","url":"https:\/\/kalot.com.mx\/site\/","logo":{"@type":"ImageObject","inLanguage":"es","@id":"https:\/\/kalot.com.mx\/site\/#\/schema\/logo\/image\/","url":"https:\/\/i0.wp.com\/kalot.com.mx\/site\/wp-content\/uploads\/2020\/04\/Kalot-logo-sin-tagline.png?fit=1707%2C1014&ssl=1","contentUrl":"https:\/\/i0.wp.com\/kalot.com.mx\/site\/wp-content\/uploads\/2020\/04\/Kalot-logo-sin-tagline.png?fit=1707%2C1014&ssl=1","width":1707,"height":1014,"caption":"Kalot"},"image":{"@id":"https:\/\/kalot.com.mx\/site\/#\/schema\/logo\/image\/"},"sameAs":["http:\/\/facebook.com\/mxkalot","https:\/\/x.com\/kalotmx","http:\/\/instagram.com\/kalotmx","http:\/\/pinterest.com\/jorgeerana\/kalot"]},{"@type":"Person","@id":"https:\/\/kalot.com.mx\/site\/#\/schema\/person\/b5c3d4eff5f344ed5ccd62b287ba9d2c","name":"Andres Bautista","image":{"@type":"ImageObject","inLanguage":"es","@id":"https:\/\/secure.gravatar.com\/avatar\/a2ff7e1eb20ed83fd8cbfc0ee0d9c9caca482ae33e5401861854146afc9d39b4?s=96&d=mm&r=g","url":"https:\/\/secure.gravatar.com\/avatar\/a2ff7e1eb20ed83fd8cbfc0ee0d9c9caca482ae33e5401861854146afc9d39b4?s=96&d=mm&r=g","contentUrl":"https:\/\/secure.gravatar.com\/avatar\/a2ff7e1eb20ed83fd8cbfc0ee0d9c9caca482ae33e5401861854146afc9d39b4?s=96&d=mm&r=g","caption":"Andres Bautista"},"description":"Amante del f\u00fatbol, gamer y fan de Doctor Who. Periodista truncado. Escribo lo que pienso siempre con respeto.","url":"https:\/\/kalot.com.mx\/site\/author\/andres\/"}]}},"jetpack_publicize_connections":[],"jetpack_featured_media_url":"https:\/\/i0.wp.com\/kalot.com.mx\/site\/wp-content\/uploads\/2015\/08\/1438830029_606630_1438830147_noticia_grande.jpg?fit=980%2C641&ssl=1","jetpack_shortlink":"https:\/\/wp.me\/p6IHEI-5Vq","jetpack-related-posts":[{"id":9982,"url":"https:\/\/kalot.com.mx\/site\/2014\/01\/23\/penosa-derrota-del-atletico-san-luis\/","url_meta":{"origin":22780,"position":0},"title":"Penosa derrota del Atl\u00e9tico San Luis","author":"Luisndestroy","date":"23 enero, 2014","format":false,"excerpt":"Despu\u00e9s de los sucesos lamentables en la jornada 1 de la Copa Mx en el Alfonso Lastras, se lleg\u00f3 la jornada 2 donde los potosinos visitaron a los Tigres en el Volc\u00e1n. El Atl\u00e9tico San Luis que se vio bien en el primer juego llegaba con la idea de llevarse\u2026","rel":"","context":"Con 2 comentarios","block_context":{"text":"Con 2 comentarios","link":"https:\/\/kalot.com.mx\/site\/2014\/01\/23\/penosa-derrota-del-atletico-san-luis\/#comments"},"img":{"alt_text":"","src":"https:\/\/i0.wp.com\/kalot.com.mx\/site\/wp-content\/uploads\/2014\/01\/xlos-felinos-aplastaron-a-los-potosinos-en-el-volcan.jpg.pagespeed.ic_.Oo4n1Ml5zo.jpg?fit=600%2C400&ssl=1&resize=350%2C200","width":350,"height":200,"srcset":"https:\/\/i0.wp.com\/kalot.com.mx\/site\/wp-content\/uploads\/2014\/01\/xlos-felinos-aplastaron-a-los-potosinos-en-el-volcan.jpg.pagespeed.ic_.Oo4n1Ml5zo.jpg?fit=600%2C400&ssl=1&resize=350%2C200 1x, https:\/\/i0.wp.com\/kalot.com.mx\/site\/wp-content\/uploads\/2014\/01\/xlos-felinos-aplastaron-a-los-potosinos-en-el-volcan.jpg.pagespeed.ic_.Oo4n1Ml5zo.jpg?fit=600%2C400&ssl=1&resize=525%2C300 1.5x"},"classes":[]},{"id":13411,"url":"https:\/\/kalot.com.mx\/site\/2014\/03\/14\/la-copa-que-nadie-quiere\/","url_meta":{"origin":22780,"position":1},"title":"LA COPA QUE NADIE QUIERE","author":"Juan Ol\u00e1is","date":"14 marzo, 2014","format":false,"excerpt":"LA COPA QUE NADIE QUIERE Han quedado definidos los cuartos de final de la Copa Mx, en donde Tigres enfrentar\u00e1 al Atlante; Alebrijes a Quer\u00e9taro; Monterrey a Pachuca y Dorados a Veracruz. \u00a0Cuando la Federaci\u00f3n Mexicana de F\u00fatbol anunci\u00f3 que la liga se convertir\u00eda en la Liga Mx, uno de\u2026","rel":"","context":"En &quot;Sin categor\u00eda&quot;","block_context":{"text":"Sin categor\u00eda","link":"https:\/\/kalot.com.mx\/site\/category\/sin-categoria\/"},"img":{"alt_text":"","src":"https:\/\/i0.wp.com\/kalot.com.mx\/site\/wp-content\/uploads\/2014\/03\/copamx.jpg?fit=619%2C464&ssl=1&resize=350%2C200","width":350,"height":200,"srcset":"https:\/\/i0.wp.com\/kalot.com.mx\/site\/wp-content\/uploads\/2014\/03\/copamx.jpg?fit=619%2C464&ssl=1&resize=350%2C200 1x, https:\/\/i0.wp.com\/kalot.com.mx\/site\/wp-content\/uploads\/2014\/03\/copamx.jpg?fit=619%2C464&ssl=1&resize=525%2C300 1.5x"},"classes":[]},{"id":23545,"url":"https:\/\/kalot.com.mx\/site\/2015\/09\/18\/liga-mx-previa-jornada-9\/","url_meta":{"origin":22780,"position":2},"title":"LIGA MX: Previa Jornada 9","author":"Andres Bautista","date":"18 septiembre, 2015","format":false,"excerpt":"Kaloteros, un gusto leernos de nuevo y como cada semana aqu\u00ed esta la previa de una nueva jornada en la Liga Mx. Pumas es ahora el l\u00edder del campeonato, los del pedregal visitaran a un Cruz Azul en lo que sera uno de los partidos de la jornada. Semana de\u2026","rel":"","context":"En &quot;Eventos&quot;","block_context":{"text":"Eventos","link":"https:\/\/kalot.com.mx\/site\/category\/eventos\/"},"img":{"alt_text":"","src":"https:\/\/i0.wp.com\/kalot.com.mx\/site\/wp-content\/uploads\/2015\/09\/996813_414215008698025_1961756446_n.jpg?fit=720%2C266&ssl=1&resize=350%2C200","width":350,"height":200,"srcset":"https:\/\/i0.wp.com\/kalot.com.mx\/site\/wp-content\/uploads\/2015\/09\/996813_414215008698025_1961756446_n.jpg?fit=720%2C266&ssl=1&resize=350%2C200 1x, https:\/\/i0.wp.com\/kalot.com.mx\/site\/wp-content\/uploads\/2015\/09\/996813_414215008698025_1961756446_n.jpg?fit=720%2C266&ssl=1&resize=525%2C300 1.5x, https:\/\/i0.wp.com\/kalot.com.mx\/site\/wp-content\/uploads\/2015\/09\/996813_414215008698025_1961756446_n.jpg?fit=720%2C266&ssl=1&resize=700%2C400 2x"},"classes":[]},{"id":22804,"url":"https:\/\/kalot.com.mx\/site\/2015\/08\/07\/liga-mx-previa-jornada-3\/","url_meta":{"origin":22780,"position":3},"title":"LIGA MX: Previa Jornada 3","author":"Andres Bautista","date":"7 agosto, 2015","format":false,"excerpt":"Amigos Kaloteros llego el Viernes y con el una nueva jornada de nuestra apasionante Liga Mx. Tras las primeras dos fechas Chivas y Am\u00e9rica ocupan los \u00faltimos lugares, los rojiblancos de la porcentual y las \u00e1guilas de la general. Esta jornada tiene como partidos interesantes la visita de Chivas a\u2026","rel":"","context":"Entrada similar ","block_context":{"text":"Entrada similar ","link":""},"img":{"alt_text":"","src":"https:\/\/i0.wp.com\/kalot.com.mx\/site\/wp-content\/uploads\/2015\/08\/pacame.jpg?fit=700%2C467&ssl=1&resize=350%2C200","width":350,"height":200,"srcset":"https:\/\/i0.wp.com\/kalot.com.mx\/site\/wp-content\/uploads\/2015\/08\/pacame.jpg?fit=700%2C467&ssl=1&resize=350%2C200 1x, https:\/\/i0.wp.com\/kalot.com.mx\/site\/wp-content\/uploads\/2015\/08\/pacame.jpg?fit=700%2C467&ssl=1&resize=525%2C300 1.5x, https:\/\/i0.wp.com\/kalot.com.mx\/site\/wp-content\/uploads\/2015\/08\/pacame.jpg?fit=700%2C467&ssl=1&resize=700%2C400 2x"},"classes":[]},{"id":23436,"url":"https:\/\/kalot.com.mx\/site\/2015\/09\/11\/liga-mx-previa-jornada-8\/","url_meta":{"origin":22780,"position":4},"title":"LIGA MX: Previa Jornada 8","author":"Andres Bautista","date":"11 septiembre, 2015","format":false,"excerpt":"Amigos de Kalot es un gusto volver a leernos. Bendito sea, para algunos, vuelve la Liga Mx. Tras el par\u00f3n por la fecha FIFA la Liga llega a la primera mitad del campeonato. Estamos en la fecha 8, hemos visto muy buen f\u00fatbol y, sobre todo, muchos goles; Le\u00f3n, Pumas\u2026","rel":"","context":"En &quot;Eventos&quot;","block_context":{"text":"Eventos","link":"https:\/\/kalot.com.mx\/site\/category\/eventos\/"},"img":{"alt_text":"","src":"https:\/\/i0.wp.com\/kalot.com.mx\/site\/wp-content\/uploads\/2015\/09\/996813_414215008698025_1961756446_n.jpg?fit=720%2C266&ssl=1&resize=350%2C200","width":350,"height":200,"srcset":"https:\/\/i0.wp.com\/kalot.com.mx\/site\/wp-content\/uploads\/2015\/09\/996813_414215008698025_1961756446_n.jpg?fit=720%2C266&ssl=1&resize=350%2C200 1x, https:\/\/i0.wp.com\/kalot.com.mx\/site\/wp-content\/uploads\/2015\/09\/996813_414215008698025_1961756446_n.jpg?fit=720%2C266&ssl=1&resize=525%2C300 1.5x, https:\/\/i0.wp.com\/kalot.com.mx\/site\/wp-content\/uploads\/2015\/09\/996813_414215008698025_1961756446_n.jpg?fit=720%2C266&ssl=1&resize=700%2C400 2x"},"classes":[]},{"id":22229,"url":"https:\/\/kalot.com.mx\/site\/2015\/07\/13\/copa-oro-2015-pobre-exhibicion-de-mexico-ante-guatemala-0-0\/","url_meta":{"origin":22780,"position":5},"title":"Copa Oro 2015: Pobre exhibici\u00f3n de Mexico ante Guatemala (0-0)","author":"Andres Bautista","date":"13 julio, 2015","format":false,"excerpt":"Triste desempe\u00f1\u00f3 hoy de la Selecci\u00f3n Mexicana ante su similar de Guatemala en lo que fue su 2do partido en esta Copa Oro. Un equipo sin ideas, sin profundidad y falt\u00f3 de f\u00fatbol que no supo descifrar el partido que le propuso el rival. Un partido rispido, de mucho roce\u2026","rel":"","context":"Entrada similar ","block_context":{"text":"Entrada similar ","link":""},"img":{"alt_text":"","src":"https:\/\/i0.wp.com\/kalot.com.mx\/site\/wp-content\/uploads\/2015\/07\/en-vivo-mexico-guatemala-copa-oro.jpg?fit=820%2C550&ssl=1&resize=350%2C200","width":350,"height":200,"srcset":"https:\/\/i0.wp.com\/kalot.com.mx\/site\/wp-content\/uploads\/2015\/07\/en-vivo-mexico-guatemala-copa-oro.jpg?fit=820%2C550&ssl=1&resize=350%2C200 1x, https:\/\/i0.wp.com\/kalot.com.mx\/site\/wp-content\/uploads\/2015\/07\/en-vivo-mexico-guatemala-copa-oro.jpg?fit=820%2C550&ssl=1&resize=525%2C300 1.5x, https:\/\/i0.wp.com\/kalot.com.mx\/site\/wp-content\/uploads\/2015\/07\/en-vivo-mexico-guatemala-copa-oro.jpg?fit=820%2C550&ssl=1&resize=700%2C400 2x"},"classes":[]}],"jetpack_sharing_enabled":true,"_links":{"self":[{"href":"https:\/\/kalot.com.mx\/site\/wp-json\/wp\/v2\/posts\/22780","targetHints":{"allow":["GET"]}}],"collection":[{"href":"https:\/\/kalot.com.mx\/site\/wp-json\/wp\/v2\/posts"}],"about":[{"href":"https:\/\/kalot.com.mx\/site\/wp-json\/wp\/v2\/types\/post"}],"author":[{"embeddable":true,"href":"https:\/\/kalot.com.mx\/site\/wp-json\/wp\/v2\/users\/144"}],"replies":[{"embeddable":true,"href":"https:\/\/kalot.com.mx\/site\/wp-json\/wp\/v2\/comments?post=22780"}],"version-history":[{"count":0,"href":"https:\/\/kalot.com.mx\/site\/wp-json\/wp\/v2\/posts\/22780\/revisions"}],"wp:featuredmedia":[{"embeddable":true,"href":"https:\/\/kalot.com.mx\/site\/wp-json\/wp\/v2\/media\/22783"}],"wp:attachment":[{"href":"https:\/\/kalot.com.mx\/site\/wp-json\/wp\/v2\/media?parent=22780"}],"wp:term":[{"taxonomy":"category","embeddable":true,"href":"https:\/\/kalot.com.mx\/site\/wp-json\/wp\/v2\/categories?post=22780"},{"taxonomy":"post_tag","embeddable":true,"href":"https:\/\/kalot.com.mx\/site\/wp-json\/wp\/v2\/tags?post=22780"}],"curies":[{"name":"wp","href":"https:\/\/api.w.org\/{rel}","templated":true}]}}