{"id":22575,"date":"2015-07-28T23:50:47","date_gmt":"2015-07-29T04:50:47","guid":{"rendered":"http:\/\/www.kalot.com.mx\/?p=22575"},"modified":"2015-07-28T23:50:47","modified_gmt":"2015-07-29T04:50:47","slug":"como-trabajaremos-en-2020","status":"publish","type":"post","link":"https:\/\/kalot.com.mx\/site\/2015\/07\/28\/como-trabajaremos-en-2020\/","title":{"rendered":"\u00bfC\u00f3mo trabajaremos en 2020?"},"content":{"rendered":"<div>2020 ser\u00e1 un a\u00f1o de enormes cambios y revoluciones en el ambiente laboral debido a una serie de fuerzas disruptivas, que est\u00e1n modificando la noci\u00f3n de c\u00f3mo es y deber\u00eda ser el trabajo.<\/div>\n<div><\/div>\n<span class=\"embed-youtube\" style=\"text-align:center; display: block;\"><iframe class=\"youtube-player\" width=\"1200\" height=\"675\" src=\"https:\/\/www.youtube.com\/embed\/N_y7uuSAdsM?version=3&rel=1&showsearch=0&showinfo=1&iv_load_policy=1&fs=1&hl=es-MX&autohide=2&wmode=transparent\" allowfullscreen=\"true\" style=\"border:0;\" sandbox=\"allow-scripts allow-same-origin allow-popups allow-presentation allow-popups-to-escape-sandbox\"><\/iframe><\/span>\n<div><\/div>\n<div>Te invitamos a conocer c\u00f3mo ser\u00e1n los lugares de trabajo en 2020 y cu\u00e1les ser\u00e1n las generaciones\u00a0de trabajadores que convivir\u00e1n en las mismas empresas y espacios laborales.<\/div>\n<div><\/div>\n<div><\/div>\n<div><a href=\"https:\/\/i0.wp.com\/www.kalot.com.mx\/wp-content\/uploads\/2015\/07\/2020-workers.png\"><img data-recalc-dims=\"1\" fetchpriority=\"high\" decoding=\"async\" data-attachment-id=\"22613\" data-permalink=\"https:\/\/kalot.com.mx\/site\/2015\/07\/28\/como-trabajaremos-en-2020\/2020-workers\/\" data-orig-file=\"https:\/\/i0.wp.com\/kalot.com.mx\/site\/wp-content\/uploads\/2015\/07\/2020-workers.png?fit=570%2C4762&ssl=1\" data-orig-size=\"570,4762\" data-comments-opened=\"1\" data-image-meta=\"{&quot;aperture&quot;:&quot;0&quot;,&quot;credit&quot;:&quot;&quot;,&quot;camera&quot;:&quot;&quot;,&quot;caption&quot;:&quot;&quot;,&quot;created_timestamp&quot;:&quot;0&quot;,&quot;copyright&quot;:&quot;&quot;,&quot;focal_length&quot;:&quot;0&quot;,&quot;iso&quot;:&quot;0&quot;,&quot;shutter_speed&quot;:&quot;0&quot;,&quot;title&quot;:&quot;&quot;,&quot;orientation&quot;:&quot;0&quot;}\" data-image-title=\"2020-workers\" data-image-description=\"\" data-image-caption=\"\" data-large-file=\"https:\/\/i0.wp.com\/kalot.com.mx\/site\/wp-content\/uploads\/2015\/07\/2020-workers.png?fit=123%2C1024&ssl=1\" class=\"aligncenter wp-image-22613 size-full\" src=\"https:\/\/i0.wp.com\/www.kalot.com.mx\/wp-content\/uploads\/2015\/07\/2020-workers.png?resize=570%2C4762\" alt=\"2020-workers\" width=\"570\" height=\"4762\" srcset=\"https:\/\/i0.wp.com\/kalot.com.mx\/site\/wp-content\/uploads\/2015\/07\/2020-workers.png?w=570&ssl=1 570w, https:\/\/i0.wp.com\/kalot.com.mx\/site\/wp-content\/uploads\/2015\/07\/2020-workers.png?resize=36%2C300&ssl=1 36w\" sizes=\"(max-width: 570px) 100vw, 570px\" \/><\/a><\/div>\n<div><\/div>\n","protected":false},"excerpt":{"rendered":"2020 ser\u00e1 un a\u00f1o de enormes cambios y revoluciones en el ambiente laboral debido a una serie de&hellip;\n","protected":false},"author":141,"featured_media":22616,"comment_status":"open","ping_status":"open","sticky":false,"template":"","format":"standard","meta":{"jetpack_post_was_ever_published":false,"_jetpack_newsletter_access":"","_jetpack_dont_email_post_to_subs":false,"_jetpack_newsletter_tier_id":0,"_jetpack_memberships_contains_paywalled_content":false,"_jetpack_memberships_contains_paid_content":false,"footnotes":"","jetpack_publicize_message":"","jetpack_publicize_feature_enabled":true,"jetpack_social_post_already_shared":true,"jetpack_social_options":{"image_generator_settings":{"template":"highway","default_image_id":0,"font":"","enabled":false},"version":2}},"categories":[],"tags":[],"class_list":{"0":"post-22575","1":"post","2":"type-post","3":"status-publish","4":"format-standard","5":"has-post-thumbnail","7":"cs-entry","8":"cs-video-wrap"},"yoast_head":"<!-- This site is optimized with the Yoast SEO plugin v27.5 - https:\/\/yoast.com\/product\/yoast-seo-wordpress\/ -->\n<title>\u00bfC\u00f3mo trabajaremos en 2020?<\/title>\n<meta name=\"description\" content=\"2020 ser\u00e1 un a\u00f1o de enormes cambios y revoluciones en el ambiente laboral debido a una serie de fuerzas disruptivas.\" \/>\n<meta name=\"robots\" content=\"index, follow, max-snippet:-1, max-image-preview:large, max-video-preview:-1\" \/>\n<link rel=\"canonical\" href=\"https:\/\/kalot.com.mx\/site\/2015\/07\/28\/como-trabajaremos-en-2020\/\" \/>\n<meta property=\"og:locale\" content=\"es_MX\" \/>\n<meta property=\"og:type\" content=\"article\" \/>\n<meta property=\"og:title\" content=\"\u00bfC\u00f3mo trabajaremos en 2020?\" \/>\n<meta property=\"og:description\" content=\"2020 ser\u00e1 un a\u00f1o de enormes cambios y revoluciones en el ambiente laboral debido a una serie de fuerzas disruptivas.\" \/>\n<meta property=\"og:url\" content=\"https:\/\/kalot.com.mx\/site\/2015\/07\/28\/como-trabajaremos-en-2020\/\" \/>\n<meta property=\"og:site_name\" content=\"Kalot\" \/>\n<meta property=\"article:publisher\" content=\"http:\/\/facebook.com\/mxkalot\" \/>\n<meta property=\"article:published_time\" content=\"2015-07-29T04:50:47+00:00\" \/>\n<meta property=\"og:image\" content=\"https:\/\/i1.wp.com\/kalot.com.mx\/site\/wp-content\/uploads\/2015\/07\/WP.jpg?fit=2190%2C1232&ssl=1\" \/>\n\t<meta property=\"og:image:width\" content=\"2190\" \/>\n\t<meta property=\"og:image:height\" content=\"1232\" \/>\n\t<meta property=\"og:image:type\" content=\"image\/jpeg\" \/>\n<meta name=\"author\" content=\"Monica Prieto\" \/>\n<meta name=\"twitter:card\" content=\"summary_large_image\" \/>\n<meta name=\"twitter:creator\" content=\"@twitter.com\/la_polifacetica\" \/>\n<meta name=\"twitter:site\" content=\"@kalotmx\" \/>\n<meta name=\"twitter:label1\" content=\"Escrito por\" \/>\n\t<meta name=\"twitter:data1\" content=\"Monica Prieto\" \/>\n<!-- \/ Yoast SEO plugin. -->","yoast_head_json":{"title":"\u00bfC\u00f3mo trabajaremos en 2020?","description":"2020 ser\u00e1 un a\u00f1o de enormes cambios y revoluciones en el ambiente laboral debido a una serie de fuerzas disruptivas.","robots":{"index":"index","follow":"follow","max-snippet":"max-snippet:-1","max-image-preview":"max-image-preview:large","max-video-preview":"max-video-preview:-1"},"canonical":"https:\/\/kalot.com.mx\/site\/2015\/07\/28\/como-trabajaremos-en-2020\/","og_locale":"es_MX","og_type":"article","og_title":"\u00bfC\u00f3mo trabajaremos en 2020?","og_description":"2020 ser\u00e1 un a\u00f1o de enormes cambios y revoluciones en el ambiente laboral debido a una serie de fuerzas disruptivas.","og_url":"https:\/\/kalot.com.mx\/site\/2015\/07\/28\/como-trabajaremos-en-2020\/","og_site_name":"Kalot","article_publisher":"http:\/\/facebook.com\/mxkalot","article_published_time":"2015-07-29T04:50:47+00:00","og_image":[{"width":2190,"height":1232,"url":"https:\/\/i1.wp.com\/kalot.com.mx\/site\/wp-content\/uploads\/2015\/07\/WP.jpg?fit=2190%2C1232&ssl=1","type":"image\/jpeg"}],"author":"Monica Prieto","twitter_card":"summary_large_image","twitter_creator":"@twitter.com\/la_polifacetica","twitter_site":"@kalotmx","twitter_misc":{"Escrito por":"Monica Prieto"},"schema":{"@context":"https:\/\/schema.org","@graph":[{"@type":"Article","@id":"https:\/\/kalot.com.mx\/site\/2015\/07\/28\/como-trabajaremos-en-2020\/#article","isPartOf":{"@id":"https:\/\/kalot.com.mx\/site\/2015\/07\/28\/como-trabajaremos-en-2020\/"},"author":{"name":"Monica Prieto","@id":"https:\/\/kalot.com.mx\/site\/#\/schema\/person\/07476cd6d3929251abc270b71ed54e10"},"headline":"\u00bfC\u00f3mo trabajaremos en 2020?","datePublished":"2015-07-29T04:50:47+00:00","mainEntityOfPage":{"@id":"https:\/\/kalot.com.mx\/site\/2015\/07\/28\/como-trabajaremos-en-2020\/"},"wordCount":83,"commentCount":0,"publisher":{"@id":"https:\/\/kalot.com.mx\/site\/#organization"},"image":{"@id":"https:\/\/kalot.com.mx\/site\/2015\/07\/28\/como-trabajaremos-en-2020\/#primaryimage"},"thumbnailUrl":"https:\/\/i0.wp.com\/kalot.com.mx\/site\/wp-content\/uploads\/2015\/07\/WP.jpg?fit=2190%2C1232&ssl=1","inLanguage":"es","potentialAction":[{"@type":"CommentAction","name":"Comment","target":["https:\/\/kalot.com.mx\/site\/2015\/07\/28\/como-trabajaremos-en-2020\/#respond"]}]},{"@type":"WebPage","@id":"https:\/\/kalot.com.mx\/site\/2015\/07\/28\/como-trabajaremos-en-2020\/","url":"https:\/\/kalot.com.mx\/site\/2015\/07\/28\/como-trabajaremos-en-2020\/","name":"\u00bfC\u00f3mo trabajaremos en 2020?","isPartOf":{"@id":"https:\/\/kalot.com.mx\/site\/#website"},"primaryImageOfPage":{"@id":"https:\/\/kalot.com.mx\/site\/2015\/07\/28\/como-trabajaremos-en-2020\/#primaryimage"},"image":{"@id":"https:\/\/kalot.com.mx\/site\/2015\/07\/28\/como-trabajaremos-en-2020\/#primaryimage"},"thumbnailUrl":"https:\/\/i0.wp.com\/kalot.com.mx\/site\/wp-content\/uploads\/2015\/07\/WP.jpg?fit=2190%2C1232&ssl=1","datePublished":"2015-07-29T04:50:47+00:00","description":"2020 ser\u00e1 un a\u00f1o de enormes cambios y revoluciones en el ambiente laboral debido a una serie de fuerzas disruptivas.","breadcrumb":{"@id":"https:\/\/kalot.com.mx\/site\/2015\/07\/28\/como-trabajaremos-en-2020\/#breadcrumb"},"inLanguage":"es","potentialAction":[{"@type":"ReadAction","target":["https:\/\/kalot.com.mx\/site\/2015\/07\/28\/como-trabajaremos-en-2020\/"]}]},{"@type":"ImageObject","inLanguage":"es","@id":"https:\/\/kalot.com.mx\/site\/2015\/07\/28\/como-trabajaremos-en-2020\/#primaryimage","url":"https:\/\/i0.wp.com\/kalot.com.mx\/site\/wp-content\/uploads\/2015\/07\/WP.jpg?fit=2190%2C1232&ssl=1","contentUrl":"https:\/\/i0.wp.com\/kalot.com.mx\/site\/wp-content\/uploads\/2015\/07\/WP.jpg?fit=2190%2C1232&ssl=1","width":2190,"height":1232},{"@type":"BreadcrumbList","@id":"https:\/\/kalot.com.mx\/site\/2015\/07\/28\/como-trabajaremos-en-2020\/#breadcrumb","itemListElement":[{"@type":"ListItem","position":1,"name":"Home","item":"https:\/\/kalot.com.mx\/site\/"},{"@type":"ListItem","position":2,"name":"\u00bfC\u00f3mo trabajaremos en 2020?"}]},{"@type":"WebSite","@id":"https:\/\/kalot.com.mx\/site\/#website","url":"https:\/\/kalot.com.mx\/site\/","name":"Kalot","description":"Conoce Todo Sobre Todo","publisher":{"@id":"https:\/\/kalot.com.mx\/site\/#organization"},"potentialAction":[{"@type":"SearchAction","target":{"@type":"EntryPoint","urlTemplate":"https:\/\/kalot.com.mx\/site\/?s={search_term_string}"},"query-input":{"@type":"PropertyValueSpecification","valueRequired":true,"valueName":"search_term_string"}}],"inLanguage":"es"},{"@type":"Organization","@id":"https:\/\/kalot.com.mx\/site\/#organization","name":"Kalot","url":"https:\/\/kalot.com.mx\/site\/","logo":{"@type":"ImageObject","inLanguage":"es","@id":"https:\/\/kalot.com.mx\/site\/#\/schema\/logo\/image\/","url":"https:\/\/i0.wp.com\/kalot.com.mx\/site\/wp-content\/uploads\/2020\/04\/Kalot-logo-sin-tagline.png?fit=1707%2C1014&ssl=1","contentUrl":"https:\/\/i0.wp.com\/kalot.com.mx\/site\/wp-content\/uploads\/2020\/04\/Kalot-logo-sin-tagline.png?fit=1707%2C1014&ssl=1","width":1707,"height":1014,"caption":"Kalot"},"image":{"@id":"https:\/\/kalot.com.mx\/site\/#\/schema\/logo\/image\/"},"sameAs":["http:\/\/facebook.com\/mxkalot","https:\/\/x.com\/kalotmx","http:\/\/instagram.com\/kalotmx","http:\/\/pinterest.com\/jorgeerana\/kalot"]},{"@type":"Person","@id":"https:\/\/kalot.com.mx\/site\/#\/schema\/person\/07476cd6d3929251abc270b71ed54e10","name":"Monica Prieto","image":{"@type":"ImageObject","inLanguage":"es","@id":"https:\/\/secure.gravatar.com\/avatar\/ed4e27e33537d023740111b81641f5d88553283660a62cf25ab49a6ecaae7543?s=96&d=mm&r=g","url":"https:\/\/secure.gravatar.com\/avatar\/ed4e27e33537d023740111b81641f5d88553283660a62cf25ab49a6ecaae7543?s=96&d=mm&r=g","contentUrl":"https:\/\/secure.gravatar.com\/avatar\/ed4e27e33537d023740111b81641f5d88553283660a62cf25ab49a6ecaae7543?s=96&d=mm&r=g","caption":"Monica Prieto"},"description":"Aprend\u00edz de la vida y so\u00f1adora empedernida.","sameAs":["https:\/\/x.com\/twitter.com\/la_polifacetica"],"url":"https:\/\/kalot.com.mx\/site\/author\/monica_\/"}]}},"jetpack_publicize_connections":[],"jetpack_featured_media_url":"https:\/\/i0.wp.com\/kalot.com.mx\/site\/wp-content\/uploads\/2015\/07\/WP.jpg?fit=2190%2C1232&ssl=1","jetpack_shortlink":"https:\/\/wp.me\/p6IHEI-5S7","jetpack-related-posts":[{"id":2550,"url":"https:\/\/kalot.com.mx\/site\/2013\/09\/28\/equipo-de-trabajo-clave-del-exito-para-las-startups-emprendiendola\/","url_meta":{"origin":22575,"position":0},"title":"Equipo de trabajo: clave del \u00e9xito para las Startups #Emprendi\u00e9ndola","author":"Rudy Marin","date":"28 septiembre, 2013","format":false,"excerpt":"Cuando inicias tu startup, uno de los factores que ser\u00e1n parte del \u00e9xito de tu negocio ser\u00e1 el equipo de trabajo que estar\u00e1 detr\u00e1s de tu idea. En mi caso, o mejor dicho, en el caso de Noddus, el equipo surgi\u00f3 en el Startup Weekend de SLP que se llev\u00f3\u2026","rel":"","context":"Con 1 comentario","block_context":{"text":"Con 1 comentario","link":"https:\/\/kalot.com.mx\/site\/2013\/09\/28\/equipo-de-trabajo-clave-del-exito-para-las-startups-emprendiendola\/#comments"},"img":{"alt_text":"","src":"https:\/\/i0.wp.com\/kalot.com.mx\/site\/wp-content\/uploads\/2013\/09\/20130928-145345.jpg?fit=960%2C540&ssl=1&resize=350%2C200","width":350,"height":200,"srcset":"https:\/\/i0.wp.com\/kalot.com.mx\/site\/wp-content\/uploads\/2013\/09\/20130928-145345.jpg?fit=960%2C540&ssl=1&resize=350%2C200 1x, https:\/\/i0.wp.com\/kalot.com.mx\/site\/wp-content\/uploads\/2013\/09\/20130928-145345.jpg?fit=960%2C540&ssl=1&resize=525%2C300 1.5x, https:\/\/i0.wp.com\/kalot.com.mx\/site\/wp-content\/uploads\/2013\/09\/20130928-145345.jpg?fit=960%2C540&ssl=1&resize=700%2C400 2x"},"classes":[]},{"id":5120,"url":"https:\/\/kalot.com.mx\/site\/2013\/10\/29\/jamie-dornan-sera-christian-grey-en-fifty-shades-grey-jamiedornan1-fiftyshades-fiftyshades\/","url_meta":{"origin":22575,"position":1},"title":"Jamie Dornan ser\u00e1 Christian Grey en Fifty Shades of Grey @JamieDornan1 @FiftyShades #FiftyShades","author":"Am\u00e9rica Vel\u00e1zquez","date":"29 octubre, 2013","format":false,"excerpt":"Jamie Dornan, ser\u00e1 el multimillonario Christian Grey en la ya esperada pel\u00edcula 50 Sombras de Grey. El pasado jueves 24 de octubre E. L. James, autora de la trilog\u00eda er\u00f3tica Fifty Shades anunci\u00f3 en su cuenta de Twitter que Jamie Dornan ser\u00e1 quien le d\u00e9 vida al guapo y seductor\u2026","rel":"","context":"Entrada similar ","block_context":{"text":"Entrada similar ","link":""},"img":{"alt_text":"","src":"https:\/\/i0.wp.com\/kalot.com.mx\/site\/wp-content\/uploads\/2013\/10\/fifty3.jpg?fit=699%2C1000&ssl=1&resize=350%2C200","width":350,"height":200,"srcset":"https:\/\/i0.wp.com\/kalot.com.mx\/site\/wp-content\/uploads\/2013\/10\/fifty3.jpg?fit=699%2C1000&ssl=1&resize=350%2C200 1x, https:\/\/i0.wp.com\/kalot.com.mx\/site\/wp-content\/uploads\/2013\/10\/fifty3.jpg?fit=699%2C1000&ssl=1&resize=525%2C300 1.5x"},"classes":[]},{"id":5935,"url":"https:\/\/kalot.com.mx\/site\/2013\/11\/06\/como-vestirme-para-una-entrevista-de-trabajo\/","url_meta":{"origin":22575,"position":2},"title":"COMO VESTIRME PARA UNA ENTREVISTA DE TRABAJO","author":"Jesica Zubiri","date":"6 noviembre, 2013","format":false,"excerpt":"\u00bfEstas por terminar tu preparaci\u00f3n universitaria y te encuentras en la b\u00fasqueda de empleo? Tus \u00faltimos d\u00edas como estudiante est\u00e1n por terminar, y en un abrir y cerrar de ojos \u00a1PUM! dejaras de ser un universitario y las preocupaciones que antes ten\u00edas ahora ser\u00e1n pan comido. Salir de la universidad\u2026","rel":"","context":"Entrada similar ","block_context":{"text":"Entrada similar ","link":""},"img":{"alt_text":"","src":"https:\/\/i0.wp.com\/kalot.com.mx\/site\/wp-content\/uploads\/2013\/11\/DevilWearsPrada.jpg?fit=400%2C315&ssl=1&resize=350%2C200","width":350,"height":200},"classes":[]},{"id":16025,"url":"https:\/\/kalot.com.mx\/site\/2014\/05\/15\/quien-dijo-que-era-malo-llorar\/","url_meta":{"origin":22575,"position":3},"title":"\u00bfQui\u00e9n dijo que era malo llorar?","author":"Mar\u00eda Alvarado","date":"15 mayo, 2014","format":false,"excerpt":"\u00bfQui\u00e9n dijo que era malo llorar? Este es el nombre de uno de los cortometrajes que participar\u00e1n para el \u201cGuanajuato International Film Festival\u201d o GIFF para el VI Rally Universitario. A palabras del propio GIFF: Se presentaron los 9 equipos que participar\u00e1n en el VI Rally Universitario \u201cGIFF\u201d 2014, este\u2026","rel":"","context":"Entrada similar ","block_context":{"text":"Entrada similar ","link":""},"img":{"alt_text":"","src":"https:\/\/i0.wp.com\/kalot.com.mx\/site\/wp-content\/uploads\/2014\/05\/Crew-0022.jpg?fit=900%2C600&ssl=1&resize=350%2C200","width":350,"height":200,"srcset":"https:\/\/i0.wp.com\/kalot.com.mx\/site\/wp-content\/uploads\/2014\/05\/Crew-0022.jpg?fit=900%2C600&ssl=1&resize=350%2C200 1x, https:\/\/i0.wp.com\/kalot.com.mx\/site\/wp-content\/uploads\/2014\/05\/Crew-0022.jpg?fit=900%2C600&ssl=1&resize=525%2C300 1.5x, https:\/\/i0.wp.com\/kalot.com.mx\/site\/wp-content\/uploads\/2014\/05\/Crew-0022.jpg?fit=900%2C600&ssl=1&resize=700%2C400 2x"},"classes":[]},{"id":4889,"url":"https:\/\/kalot.com.mx\/site\/2013\/10\/25\/del-alcohol-y-tabaco-al-phubbing-y-workaholics-las-adicciones-modernas\/","url_meta":{"origin":22575,"position":4},"title":"De alcohol y tabaco a phubbing y workaholic. Las adicciones modernas.","author":"Saul Alonso","date":"25 octubre, 2013","format":false,"excerpt":"Definitivamente adicciones como el alcohol, el tabaco, la cafe\u00edna y dem\u00e1s sustancias siguen siendo parte de las adicciones tradicionales, pero hoy en d\u00eda, con los avances tecnol\u00f3gicos y el ritmo de vida que llevamos, se han desarrollado nuevas \u201cadicciones\u201d que no solo pueden da\u00f1ar nuestra salud, sino tambi\u00e9n nuestra estabilidad\u2026","rel":"","context":"Entrada similar ","block_context":{"text":"Entrada similar ","link":""},"img":{"alt_text":"","src":"https:\/\/i0.wp.com\/kalot.com.mx\/site\/wp-content\/uploads\/2013\/10\/varios-cel1.jpg?fit=618%2C480&ssl=1&resize=350%2C200","width":350,"height":200,"srcset":"https:\/\/i0.wp.com\/kalot.com.mx\/site\/wp-content\/uploads\/2013\/10\/varios-cel1.jpg?fit=618%2C480&ssl=1&resize=350%2C200 1x, https:\/\/i0.wp.com\/kalot.com.mx\/site\/wp-content\/uploads\/2013\/10\/varios-cel1.jpg?fit=618%2C480&ssl=1&resize=525%2C300 1.5x"},"classes":[]},{"id":2354,"url":"https:\/\/kalot.com.mx\/site\/2013\/09\/25\/nvidia-las-pc-jamas-seran-alcanzadas-por-las-consolas-nvidia\/","url_meta":{"origin":22575,"position":5},"title":"NVIDIA: Las PC jam\u00e1s ser\u00e1n alcanzadas por las consolas @Nvidia #NVIDIA","author":"HM_MKT007","date":"25 septiembre, 2013","format":false,"excerpt":"Ante la cada vez m\u00e1s cerca llegada de las consolas de NEXT GEN, el vicepresidente de contenido y tecnolog\u00eda de NVIDIA, Tony Tamasi, asegur\u00f3 recientemente que, a diferencia de generaciones anteriores, en las que las consolas estaban inicialmente a la par o por encima del poder y rendimiento proporcionado por\u2026","rel":"","context":"Entrada similar ","block_context":{"text":"Entrada similar ","link":""},"img":{"alt_text":"","src":"https:\/\/i0.wp.com\/kalot.com.mx\/site\/wp-content\/uploads\/2013\/09\/NVIDIABlackline.jpg?fit=1200%2C750&ssl=1&resize=350%2C200","width":350,"height":200,"srcset":"https:\/\/i0.wp.com\/kalot.com.mx\/site\/wp-content\/uploads\/2013\/09\/NVIDIABlackline.jpg?fit=1200%2C750&ssl=1&resize=350%2C200 1x, https:\/\/i0.wp.com\/kalot.com.mx\/site\/wp-content\/uploads\/2013\/09\/NVIDIABlackline.jpg?fit=1200%2C750&ssl=1&resize=525%2C300 1.5x, https:\/\/i0.wp.com\/kalot.com.mx\/site\/wp-content\/uploads\/2013\/09\/NVIDIABlackline.jpg?fit=1200%2C750&ssl=1&resize=700%2C400 2x, https:\/\/i0.wp.com\/kalot.com.mx\/site\/wp-content\/uploads\/2013\/09\/NVIDIABlackline.jpg?fit=1200%2C750&ssl=1&resize=1050%2C600 3x"},"classes":[]}],"jetpack_sharing_enabled":true,"_links":{"self":[{"href":"https:\/\/kalot.com.mx\/site\/wp-json\/wp\/v2\/posts\/22575","targetHints":{"allow":["GET"]}}],"collection":[{"href":"https:\/\/kalot.com.mx\/site\/wp-json\/wp\/v2\/posts"}],"about":[{"href":"https:\/\/kalot.com.mx\/site\/wp-json\/wp\/v2\/types\/post"}],"author":[{"embeddable":true,"href":"https:\/\/kalot.com.mx\/site\/wp-json\/wp\/v2\/users\/141"}],"replies":[{"embeddable":true,"href":"https:\/\/kalot.com.mx\/site\/wp-json\/wp\/v2\/comments?post=22575"}],"version-history":[{"count":0,"href":"https:\/\/kalot.com.mx\/site\/wp-json\/wp\/v2\/posts\/22575\/revisions"}],"wp:featuredmedia":[{"embeddable":true,"href":"https:\/\/kalot.com.mx\/site\/wp-json\/wp\/v2\/media\/22616"}],"wp:attachment":[{"href":"https:\/\/kalot.com.mx\/site\/wp-json\/wp\/v2\/media?parent=22575"}],"wp:term":[{"taxonomy":"category","embeddable":true,"href":"https:\/\/kalot.com.mx\/site\/wp-json\/wp\/v2\/categories?post=22575"},{"taxonomy":"post_tag","embeddable":true,"href":"https:\/\/kalot.com.mx\/site\/wp-json\/wp\/v2\/tags?post=22575"}],"curies":[{"name":"wp","href":"https:\/\/api.w.org\/{rel}","templated":true}]}}