{"id":22480,"date":"2015-07-23T10:43:20","date_gmt":"2015-07-23T15:43:20","guid":{"rendered":"http:\/\/www.kalot.com.mx\/?p=22480"},"modified":"2015-07-23T10:43:20","modified_gmt":"2015-07-23T15:43:20","slug":"recordar","status":"publish","type":"post","link":"https:\/\/kalot.com.mx\/site\/2015\/07\/23\/recordar\/","title":{"rendered":"Recordar."},"content":{"rendered":"<p style=\"text-align: justify\">El pasado no es algo que podamos dejas atr\u00e1s tan f\u00e1cil como creemos, y esto es aplicable a muchos aspectos de nuestra vida incluyendo a las relaciones que podemos llegar a tener con diferentes individuos a lo largo de nuestra estad\u00eda en este bello planeta. \u00bfPor qu\u00e9 deber\u00edamos recordar lo que ya pas\u00f3? \u00bfQu\u00e9 beneficios obtenemos de mantenernos atados a eso?<\/p>\n<p style=\"text-align: justify\">Por m\u00e1s que lo quieras no puedes dejar de pensar en una persona por siempre y para siempre, eventualmente esa persona a la que tanto est\u00e1s evitando mentalmente se cruzar\u00e1 por tu mente te guste o no. Muchas veces como criaturas hechas a base de carbono en proceso de oxidaci\u00f3n tendemos a creer que lo mejor es dejar todo atr\u00e1s, nunca m\u00e1s volver a tocar el tema y seguir adelante cambiando nuestro rumbo y sin volvernos un instante hacia atr\u00e1s, pero lo que realmente necesitamos es una justificaci\u00f3n para nuestra ira y miedo.<\/p>\n<p style=\"text-align: justify\"><img data-recalc-dims=\"1\" fetchpriority=\"high\" decoding=\"async\" class=\" aligncenter\" src=\"https:\/\/i0.wp.com\/cdn4.gurl.com\/wp-content\/uploads\/2015\/07\/dont-want-to-talk-about-it.gif?resize=480%2C214\" alt=\"\" width=\"480\" height=\"214\" \/><\/p>\n<p style=\"text-align: justify\">Yo lo veo de esta forma, si alguien realmente marc\u00f3 una diferencia en mi vida \u2013o una etapa en ella- esa persona es alguien que\u00a0 merece ser recordado, sea bueno o malo lo que haya hecho en dicho momento en mi vida ese impacto tuvo sus repercusiones y me ayud\u00f3 \u2013eventualmente- a ver la vida de una forma diferente llegando a cambiar incluso mi perspectiva ante lo que me rodeaba.<\/p>\n<p style=\"text-align: justify\">No es que sea masoquista in nada por el estilo \u2013que yo sepa- pero soy una firme creyente de que las cosas nos llegan por algo y <em>todo<\/em> tiene su raz\u00f3n y la lecci\u00f3n que nos brinda es por algo. Hay una frase que me gusta mucho y dice \u201cperdona lo que te lastim\u00f3, pero no olvides lo que te ense\u00f1\u00f3\u201d y no hay nada m\u00e1s cierto que eso en esta vida.<\/p>\n<p style=\"text-align: justify\"><img data-recalc-dims=\"1\" decoding=\"async\" class=\" aligncenter\" src=\"https:\/\/i0.wp.com\/s-media-cache-ak0.pinimg.com\/originals\/a9\/70\/ff\/a970ff74b257fb5254f929ff01c57826.jpg?w=1200&ssl=1\" alt=\"\" \/><\/p>\n<p style=\"text-align: justify\">Me alegra saber que hay personas que han pasado por mi vida y eventualmente dejaron algo en ella, historias, lecciones, risas, l\u00e1grimas, entre muchas cosas m\u00e1s, porque eso significa que al formar parte de mi historia me ayudaron a dictar cap\u00edtulos de mi vida a\u00f1adiendo matices y diferentes colores y sensaciones para hacer a\u00fan m\u00e1s \u00fanica la historia de mi vida, y por eso estoy m\u00e1s que agradecida con ellos y con el universo por haberme dado la oportunidad de que se cruzaran conmigo.<\/p>\n<p style=\"text-align: justify\">De todas las personas con las que te puedes cruzar en tu vida se te cruza un n\u00famero indeterminado que igual y ni pensabas llegar a conocer, todos ellos van a formar parte de una serie de extra\u00f1os eventos desafortunados \u2013ah no, esa es una pel\u00edcula- en los que, buenos o malos; eventualmente nos cruzar\u00e1n por la mente y no tiene nada de malo, de hecho alguien me dijo una vez que los recuerdos son lo que mantienen vivas nuestras vidas\u2026 aunque no se trata de obsesionarnos con ellos o nada por el estilo sino m\u00e1s bien de saber darles un lugar especial en nuestros corazones.<\/p>\n<p style=\"text-align: justify\"><img data-recalc-dims=\"1\" decoding=\"async\" class=\" aligncenter\" src=\"https:\/\/i0.wp.com\/i1145.photobucket.com\/albums\/o503\/KimmieRocks\/thinknot-1.gif?w=1200\" alt=\"\" \/><\/p>\n<p style=\"text-align: justify\">No s\u00e9 ustedes pero a m\u00ed me agrada la idea de que las personas me recuerden, es como si una parte de m\u00ed se mantuviera siempre viva a pesar del tiempo y las distancias, claro, lo que s\u00ed espero es que sean cosas buenas. El ser recordado debe de ser uno de los mayores placeres en esta vida, es saber que hiciste algo bien y que formas una parte especial en la vida de m\u00e1s personas, como si se hubiera podido dejar una huella en cada una de las personas con las que hemos tenido contacto en determinado momento.<\/p>\n<p style=\"text-align: justify\">Recordar es vivir, no tiene nada de malo querer recordar de vez en cuando. Es m\u00e1s, para m\u00ed es un privilegio mantener presente a todas aquellas personas a las que en alg\u00fan punto trat\u00e9 de olvidar ya que con el tiempo la vida me ha ido brindando la suficiente sabidur\u00eda como para saber que no tienen nada de malo recordar \u2013bueno no es mucha sabidur\u00eda, pero por algo de empieza.<\/p>\n<p style=\"text-align: justify\"><img data-recalc-dims=\"1\" decoding=\"async\" class=\" aligncenter\" src=\"https:\/\/i0.wp.com\/25.media.tumblr.com\/4f012fc5fb2578927a0b37a2859fd5c7\/tumblr_mtjf46hSru1shzkujo1_500.gif?w=1200\" alt=\"\" \/><\/p>\n<p style=\"text-align: justify\">Es un privilegio poder recordar a aquellas personas que estuvieron con nosotros alrededor de nuestras vidas, no s\u00e9 ustedes pero yo llegu\u00e9 a la conclusi\u00f3n de que el dejar ir no significa olvidar todo lo que se vivi\u00f3. Recientemente descubr\u00ed que el cari\u00f1o perdura y que, por ejemplo; el que pensemos en alguien que por x o y no forma parte de nuestras vidas no tiene nada de malo y no significa que sigamos empe\u00f1ados con la idea de seguir juntos, m\u00e1s bien quiere decir que vali\u00f3 la pena lo que vivimos y que ahora es parte de nosotros.<\/p>\n<p style=\"text-align: justify\">Au revoir!<\/p>\n","protected":false},"excerpt":{"rendered":"El pasado no es algo que podamos dejas atr\u00e1s tan f\u00e1cil como creemos, y esto es aplicable a&hellip;\n","protected":false},"author":61,"featured_media":22481,"comment_status":"open","ping_status":"open","sticky":false,"template":"","format":"standard","meta":{"jetpack_post_was_ever_published":false,"_jetpack_newsletter_access":"","_jetpack_dont_email_post_to_subs":false,"_jetpack_newsletter_tier_id":0,"_jetpack_memberships_contains_paywalled_content":false,"_jetpack_memberships_contains_paid_content":false,"footnotes":"","jetpack_publicize_message":"","jetpack_publicize_feature_enabled":true,"jetpack_social_post_already_shared":true,"jetpack_social_options":{"image_generator_settings":{"template":"highway","default_image_id":0,"font":"","enabled":false},"version":2}},"categories":[],"tags":[],"class_list":{"0":"post-22480","1":"post","2":"type-post","3":"status-publish","4":"format-standard","5":"has-post-thumbnail","7":"cs-entry","8":"cs-video-wrap"},"yoast_head":"<!-- This site is optimized with the Yoast SEO plugin v27.5 - https:\/\/yoast.com\/product\/yoast-seo-wordpress\/ -->\n<title>Recordar.<\/title>\n<meta name=\"description\" content=\"Muchas veces recordar no es tan malo como parece.\" \/>\n<meta name=\"robots\" content=\"index, follow, max-snippet:-1, max-image-preview:large, max-video-preview:-1\" \/>\n<link rel=\"canonical\" href=\"https:\/\/kalot.com.mx\/site\/2015\/07\/23\/recordar\/\" \/>\n<meta property=\"og:locale\" content=\"es_MX\" \/>\n<meta property=\"og:type\" content=\"article\" \/>\n<meta property=\"og:title\" content=\"Recordar.\" \/>\n<meta property=\"og:description\" content=\"Muchas veces recordar no es tan malo como parece.\" \/>\n<meta property=\"og:url\" content=\"https:\/\/kalot.com.mx\/site\/2015\/07\/23\/recordar\/\" \/>\n<meta property=\"og:site_name\" content=\"Kalot\" \/>\n<meta property=\"article:publisher\" content=\"http:\/\/facebook.com\/mxkalot\" \/>\n<meta property=\"article:author\" content=\"https:\/\/www.facebook.com\/elie.alvarado1\" \/>\n<meta property=\"article:published_time\" content=\"2015-07-23T15:43:20+00:00\" \/>\n<meta property=\"og:image\" content=\"https:\/\/i2.wp.com\/kalot.com.mx\/site\/wp-content\/uploads\/2015\/07\/rememb.jpg?fit=1024%2C559&ssl=1\" \/>\n\t<meta property=\"og:image:width\" content=\"1024\" \/>\n\t<meta property=\"og:image:height\" content=\"559\" \/>\n\t<meta property=\"og:image:type\" content=\"image\/jpeg\" \/>\n<meta name=\"author\" content=\"Mar\u00eda Alvarado\" \/>\n<meta name=\"twitter:card\" content=\"summary_large_image\" \/>\n<meta name=\"twitter:creator\" content=\"@Me_elieA\" \/>\n<meta name=\"twitter:site\" content=\"@kalotmx\" \/>\n<meta name=\"twitter:label1\" content=\"Escrito por\" \/>\n\t<meta name=\"twitter:data1\" content=\"Mar\u00eda Alvarado\" \/>\n\t<meta name=\"twitter:label2\" content=\"Tiempo de lectura\" \/>\n\t<meta name=\"twitter:data2\" content=\"4 minutos\" \/>\n<!-- \/ Yoast SEO plugin. -->","yoast_head_json":{"title":"Recordar.","description":"Muchas veces recordar no es tan malo como parece.","robots":{"index":"index","follow":"follow","max-snippet":"max-snippet:-1","max-image-preview":"max-image-preview:large","max-video-preview":"max-video-preview:-1"},"canonical":"https:\/\/kalot.com.mx\/site\/2015\/07\/23\/recordar\/","og_locale":"es_MX","og_type":"article","og_title":"Recordar.","og_description":"Muchas veces recordar no es tan malo como parece.","og_url":"https:\/\/kalot.com.mx\/site\/2015\/07\/23\/recordar\/","og_site_name":"Kalot","article_publisher":"http:\/\/facebook.com\/mxkalot","article_author":"https:\/\/www.facebook.com\/elie.alvarado1","article_published_time":"2015-07-23T15:43:20+00:00","og_image":[{"width":1024,"height":559,"url":"https:\/\/i2.wp.com\/kalot.com.mx\/site\/wp-content\/uploads\/2015\/07\/rememb.jpg?fit=1024%2C559&ssl=1","type":"image\/jpeg"}],"author":"Mar\u00eda Alvarado","twitter_card":"summary_large_image","twitter_creator":"@Me_elieA","twitter_site":"@kalotmx","twitter_misc":{"Escrito por":"Mar\u00eda Alvarado","Tiempo de lectura":"4 minutos"},"schema":{"@context":"https:\/\/schema.org","@graph":[{"@type":"Article","@id":"https:\/\/kalot.com.mx\/site\/2015\/07\/23\/recordar\/#article","isPartOf":{"@id":"https:\/\/kalot.com.mx\/site\/2015\/07\/23\/recordar\/"},"author":{"name":"Mar\u00eda Alvarado","@id":"https:\/\/kalot.com.mx\/site\/#\/schema\/person\/2364e48efea2244b0799211aeff4847e"},"headline":"Recordar.","datePublished":"2015-07-23T15:43:20+00:00","mainEntityOfPage":{"@id":"https:\/\/kalot.com.mx\/site\/2015\/07\/23\/recordar\/"},"wordCount":792,"commentCount":1,"publisher":{"@id":"https:\/\/kalot.com.mx\/site\/#organization"},"image":{"@id":"https:\/\/kalot.com.mx\/site\/2015\/07\/23\/recordar\/#primaryimage"},"thumbnailUrl":"https:\/\/i0.wp.com\/kalot.com.mx\/site\/wp-content\/uploads\/2015\/07\/rememb.jpg?fit=1024%2C559&ssl=1","inLanguage":"es","potentialAction":[{"@type":"CommentAction","name":"Comment","target":["https:\/\/kalot.com.mx\/site\/2015\/07\/23\/recordar\/#respond"]}]},{"@type":"WebPage","@id":"https:\/\/kalot.com.mx\/site\/2015\/07\/23\/recordar\/","url":"https:\/\/kalot.com.mx\/site\/2015\/07\/23\/recordar\/","name":"Recordar.","isPartOf":{"@id":"https:\/\/kalot.com.mx\/site\/#website"},"primaryImageOfPage":{"@id":"https:\/\/kalot.com.mx\/site\/2015\/07\/23\/recordar\/#primaryimage"},"image":{"@id":"https:\/\/kalot.com.mx\/site\/2015\/07\/23\/recordar\/#primaryimage"},"thumbnailUrl":"https:\/\/i0.wp.com\/kalot.com.mx\/site\/wp-content\/uploads\/2015\/07\/rememb.jpg?fit=1024%2C559&ssl=1","datePublished":"2015-07-23T15:43:20+00:00","description":"Muchas veces recordar no es tan malo como parece.","breadcrumb":{"@id":"https:\/\/kalot.com.mx\/site\/2015\/07\/23\/recordar\/#breadcrumb"},"inLanguage":"es","potentialAction":[{"@type":"ReadAction","target":["https:\/\/kalot.com.mx\/site\/2015\/07\/23\/recordar\/"]}]},{"@type":"ImageObject","inLanguage":"es","@id":"https:\/\/kalot.com.mx\/site\/2015\/07\/23\/recordar\/#primaryimage","url":"https:\/\/i0.wp.com\/kalot.com.mx\/site\/wp-content\/uploads\/2015\/07\/rememb.jpg?fit=1024%2C559&ssl=1","contentUrl":"https:\/\/i0.wp.com\/kalot.com.mx\/site\/wp-content\/uploads\/2015\/07\/rememb.jpg?fit=1024%2C559&ssl=1","width":1024,"height":559},{"@type":"BreadcrumbList","@id":"https:\/\/kalot.com.mx\/site\/2015\/07\/23\/recordar\/#breadcrumb","itemListElement":[{"@type":"ListItem","position":1,"name":"Home","item":"https:\/\/kalot.com.mx\/site\/"},{"@type":"ListItem","position":2,"name":"Recordar."}]},{"@type":"WebSite","@id":"https:\/\/kalot.com.mx\/site\/#website","url":"https:\/\/kalot.com.mx\/site\/","name":"Kalot","description":"Conoce Todo Sobre Todo","publisher":{"@id":"https:\/\/kalot.com.mx\/site\/#organization"},"potentialAction":[{"@type":"SearchAction","target":{"@type":"EntryPoint","urlTemplate":"https:\/\/kalot.com.mx\/site\/?s={search_term_string}"},"query-input":{"@type":"PropertyValueSpecification","valueRequired":true,"valueName":"search_term_string"}}],"inLanguage":"es"},{"@type":"Organization","@id":"https:\/\/kalot.com.mx\/site\/#organization","name":"Kalot","url":"https:\/\/kalot.com.mx\/site\/","logo":{"@type":"ImageObject","inLanguage":"es","@id":"https:\/\/kalot.com.mx\/site\/#\/schema\/logo\/image\/","url":"https:\/\/i0.wp.com\/kalot.com.mx\/site\/wp-content\/uploads\/2020\/04\/Kalot-logo-sin-tagline.png?fit=1707%2C1014&ssl=1","contentUrl":"https:\/\/i0.wp.com\/kalot.com.mx\/site\/wp-content\/uploads\/2020\/04\/Kalot-logo-sin-tagline.png?fit=1707%2C1014&ssl=1","width":1707,"height":1014,"caption":"Kalot"},"image":{"@id":"https:\/\/kalot.com.mx\/site\/#\/schema\/logo\/image\/"},"sameAs":["http:\/\/facebook.com\/mxkalot","https:\/\/x.com\/kalotmx","http:\/\/instagram.com\/kalotmx","http:\/\/pinterest.com\/jorgeerana\/kalot"]},{"@type":"Person","@id":"https:\/\/kalot.com.mx\/site\/#\/schema\/person\/2364e48efea2244b0799211aeff4847e","name":"Mar\u00eda Alvarado","image":{"@type":"ImageObject","inLanguage":"es","@id":"https:\/\/secure.gravatar.com\/avatar\/2a5c53655315c4a72bc8b3127daca732f3ccab828ef0de13ec26f266fc855c6b?s=96&d=mm&r=g","url":"https:\/\/secure.gravatar.com\/avatar\/2a5c53655315c4a72bc8b3127daca732f3ccab828ef0de13ec26f266fc855c6b?s=96&d=mm&r=g","contentUrl":"https:\/\/secure.gravatar.com\/avatar\/2a5c53655315c4a72bc8b3127daca732f3ccab828ef0de13ec26f266fc855c6b?s=96&d=mm&r=g","caption":"Mar\u00eda Alvarado"},"description":"El perfecto ejemplo de una rom\u00e1ntica so\u00f1adora, drama queen y devoradora de libros. Una parlanchina innata que goza de los peque\u00f1os placeres que ofrece esta vida y fan\u00e1tica de las sonrisas.","sameAs":["https:\/\/www.facebook.com\/elie.alvarado1","https:\/\/x.com\/Me_elieA"],"url":"https:\/\/kalot.com.mx\/site\/author\/elisa\/"}]}},"jetpack_publicize_connections":[],"jetpack_featured_media_url":"https:\/\/i0.wp.com\/kalot.com.mx\/site\/wp-content\/uploads\/2015\/07\/rememb.jpg?fit=1024%2C559&ssl=1","jetpack_shortlink":"https:\/\/wp.me\/s6IHEI-recordar","jetpack-related-posts":[{"id":6449,"url":"https:\/\/kalot.com.mx\/site\/2013\/11\/14\/del-perdon-y-las-oportunidades\/","url_meta":{"origin":22480,"position":0},"title":"Del perd\u00f3n y las oportunidades","author":"Fernanda S\u00e1nchez","date":"14 noviembre, 2013","format":false,"excerpt":"Una de las principales caracter\u00edsticas de los seres humanos es la imperfecci\u00f3n; cometemos errores TODO el tiempo, experiencias de las cuales obtenemos lecciones de vida. Equivocarse es parte de vivir. Y lo que sucede es que a pesar de todos nuestros errores, la vida en s\u00ed nos perdona y nos\u2026","rel":"","context":"En &quot;Sin categor\u00eda&quot;","block_context":{"text":"Sin categor\u00eda","link":"https:\/\/kalot.com.mx\/site\/category\/sin-categoria\/"},"img":{"alt_text":"","src":"https:\/\/i0.wp.com\/kalot.com.mx\/site\/wp-content\/uploads\/2013\/11\/kalot-gato.jpg?fit=650%2C400&ssl=1&resize=350%2C200","width":350,"height":200,"srcset":"https:\/\/i0.wp.com\/kalot.com.mx\/site\/wp-content\/uploads\/2013\/11\/kalot-gato.jpg?fit=650%2C400&ssl=1&resize=350%2C200 1x, https:\/\/i0.wp.com\/kalot.com.mx\/site\/wp-content\/uploads\/2013\/11\/kalot-gato.jpg?fit=650%2C400&ssl=1&resize=525%2C300 1.5x"},"classes":[]},{"id":17114,"url":"https:\/\/kalot.com.mx\/site\/2014\/07\/02\/se-vale-extranar\/","url_meta":{"origin":22480,"position":1},"title":"Se Vale Extra\u00f1ar.","author":"Mar\u00eda Alvarado","date":"2 julio, 2014","format":false,"excerpt":"Perder a una persona importante para nosotros siempre es algo dif\u00edcil, y no me refiero al \u201cperder\u201d de manera figurativa a alguien sino literalmente, perder a alguien involucra muchos sentimientos que incluyen desde los m\u00e1s b\u00e1sicos como la tristeza hasta estr\u00e9s y culpabilidad. Hace poco he de confesar que perd\u00ed,\u2026","rel":"","context":"Entrada similar ","block_context":{"text":"Entrada similar ","link":""},"img":{"alt_text":"","src":"https:\/\/i0.wp.com\/kalot.com.mx\/site\/wp-content\/uploads\/2014\/07\/green-grassland-under-sky-photo-001.jpg?fit=700%2C525&ssl=1&resize=350%2C200","width":350,"height":200,"srcset":"https:\/\/i0.wp.com\/kalot.com.mx\/site\/wp-content\/uploads\/2014\/07\/green-grassland-under-sky-photo-001.jpg?fit=700%2C525&ssl=1&resize=350%2C200 1x, https:\/\/i0.wp.com\/kalot.com.mx\/site\/wp-content\/uploads\/2014\/07\/green-grassland-under-sky-photo-001.jpg?fit=700%2C525&ssl=1&resize=525%2C300 1.5x, https:\/\/i0.wp.com\/kalot.com.mx\/site\/wp-content\/uploads\/2014\/07\/green-grassland-under-sky-photo-001.jpg?fit=700%2C525&ssl=1&resize=700%2C400 2x"},"classes":[]},{"id":7459,"url":"https:\/\/kalot.com.mx\/site\/2013\/12\/02\/porque-las-baterias-de-celulares-duran-mucho\/","url_meta":{"origin":22480,"position":2},"title":"\u00bfPorque las bater\u00edas de celulares no duran mucho?","author":"Samuel Arriaga","date":"2 diciembre, 2013","format":false,"excerpt":"Cada a\u00f1o que pasa los tel\u00e9fonos celulares son mas r\u00e1pidos, cuentan con mejoras, son mas grandes en pantalla, usan tecnolog\u00eda nueva, utilizan distintos medios para conectarse con el mundo virtual, ofreci\u00e9ndonos una interacci\u00f3n impresionante con aplicaciones hechas para entretenernos, mejorando nuestra productividad, en pocas palabras hacen mucho por nosotros. Es\u2026","rel":"","context":"Entrada similar ","block_context":{"text":"Entrada similar ","link":""},"img":{"alt_text":"","src":"https:\/\/i0.wp.com\/kalot.com.mx\/site\/wp-content\/uploads\/2013\/12\/Bater%C3%ADa-agotada-principal.jpg?fit=632%2C362&ssl=1&resize=350%2C200","width":350,"height":200,"srcset":"https:\/\/i0.wp.com\/kalot.com.mx\/site\/wp-content\/uploads\/2013\/12\/Bater%C3%ADa-agotada-principal.jpg?fit=632%2C362&ssl=1&resize=350%2C200 1x, https:\/\/i0.wp.com\/kalot.com.mx\/site\/wp-content\/uploads\/2013\/12\/Bater%C3%ADa-agotada-principal.jpg?fit=632%2C362&ssl=1&resize=525%2C300 1.5x"},"classes":[]},{"id":20373,"url":"https:\/\/kalot.com.mx\/site\/2015\/02\/11\/las-ventajas-de-curiosear\/","url_meta":{"origin":22480,"position":3},"title":"Las ventajas de curiosear.","author":"Mar\u00eda Alvarado","date":"11 febrero, 2015","format":false,"excerpt":"Toda la vida hemos escuchado que las cosas se arreglan cuando uno las habla, \u00bfpero\u00a0 de verdad sirve? No siempre he sido partidaria del arreglar mis problemas hablando, de hecho tengo la mala costumbre de hablarlo con todos menos con los involucrados; y digamos que eso no es un h\u00e1bito\u2026","rel":"","context":"Entrada similar ","block_context":{"text":"Entrada similar ","link":""},"img":{"alt_text":"","src":"","width":0,"height":0},"classes":[]},{"id":24795,"url":"https:\/\/kalot.com.mx\/site\/2016\/01\/21\/la-confianza-la-cosa-rara-que-amamos\/","url_meta":{"origin":22480,"position":4},"title":"&#8220;La confianza&#8221; la cosa rara que amamos","author":"Fabiia Rivera","date":"21 enero, 2016","format":false,"excerpt":"Mis queridos kaloteros, excelente semana llena de \u00e9xitos, ten\u00eda mucho sin escribir, por lo que he visto m\u00e1s que nada muchas cosas en este inicio de a\u00f1o, un 2016 con grandes cambios y con malas noticias pero, no nos concentremos en eso ahorita. Dicen por ah\u00ed que la confianza es\u2026","rel":"","context":"En &quot;Reflexi\u00f3n&quot;","block_context":{"text":"Reflexi\u00f3n","link":"https:\/\/kalot.com.mx\/site\/category\/reflexion\/"},"img":{"alt_text":"","src":"https:\/\/i0.wp.com\/kalot.com.mx\/site\/wp-content\/uploads\/2016\/01\/amor-de-ni%C3%B1os.jpg?fit=500%2C333&ssl=1&resize=350%2C200","width":350,"height":200},"classes":[]},{"id":17043,"url":"https:\/\/kalot.com.mx\/site\/2014\/06\/29\/holanda-vs-mexico-fracaso-mundialista\/","url_meta":{"origin":22480,"position":5},"title":"Holanda vs M\u00e9xico: Fracaso Mundialista","author":"Samuel Arriaga","date":"29 junio, 2014","format":false,"excerpt":"Todo iba muy bien en el mundial para M\u00e9xico, los resultados se hab\u00edan dado, M\u00e9xico mostraba buen juego, aunque los \u00e1rbitros nos hab\u00edan jugado en contra, pero eso no fue suficiente y siguieron adelante. Llego el partido esperado, los 8\u00ba de final. M\u00e9xico salio con su mejor equipo (sin gallito\u2026","rel":"","context":"Entrada similar ","block_context":{"text":"Entrada similar ","link":""},"img":{"alt_text":"","src":"https:\/\/i0.wp.com\/kalot.com.mx\/site\/wp-content\/uploads\/2014\/06\/especialesfortalezasholmex.png?fit=664%2C499&ssl=1&resize=350%2C200","width":350,"height":200,"srcset":"https:\/\/i0.wp.com\/kalot.com.mx\/site\/wp-content\/uploads\/2014\/06\/especialesfortalezasholmex.png?fit=664%2C499&ssl=1&resize=350%2C200 1x, https:\/\/i0.wp.com\/kalot.com.mx\/site\/wp-content\/uploads\/2014\/06\/especialesfortalezasholmex.png?fit=664%2C499&ssl=1&resize=525%2C300 1.5x"},"classes":[]}],"jetpack_sharing_enabled":true,"_links":{"self":[{"href":"https:\/\/kalot.com.mx\/site\/wp-json\/wp\/v2\/posts\/22480","targetHints":{"allow":["GET"]}}],"collection":[{"href":"https:\/\/kalot.com.mx\/site\/wp-json\/wp\/v2\/posts"}],"about":[{"href":"https:\/\/kalot.com.mx\/site\/wp-json\/wp\/v2\/types\/post"}],"author":[{"embeddable":true,"href":"https:\/\/kalot.com.mx\/site\/wp-json\/wp\/v2\/users\/61"}],"replies":[{"embeddable":true,"href":"https:\/\/kalot.com.mx\/site\/wp-json\/wp\/v2\/comments?post=22480"}],"version-history":[{"count":0,"href":"https:\/\/kalot.com.mx\/site\/wp-json\/wp\/v2\/posts\/22480\/revisions"}],"wp:featuredmedia":[{"embeddable":true,"href":"https:\/\/kalot.com.mx\/site\/wp-json\/wp\/v2\/media\/22481"}],"wp:attachment":[{"href":"https:\/\/kalot.com.mx\/site\/wp-json\/wp\/v2\/media?parent=22480"}],"wp:term":[{"taxonomy":"category","embeddable":true,"href":"https:\/\/kalot.com.mx\/site\/wp-json\/wp\/v2\/categories?post=22480"},{"taxonomy":"post_tag","embeddable":true,"href":"https:\/\/kalot.com.mx\/site\/wp-json\/wp\/v2\/tags?post=22480"}],"curies":[{"name":"wp","href":"https:\/\/api.w.org\/{rel}","templated":true}]}}