{"id":22452,"date":"2015-07-22T01:41:51","date_gmt":"2015-07-22T06:41:51","guid":{"rendered":"http:\/\/www.kalot.com.mx\/?p=22452"},"modified":"2015-09-20T18:14:33","modified_gmt":"2015-09-21T00:14:33","slug":"sobre-r-e-m-y-yo","status":"publish","type":"post","link":"https:\/\/kalot.com.mx\/site\/2015\/07\/22\/sobre-r-e-m-y-yo\/","title":{"rendered":"Sobre R.E.M. y yo"},"content":{"rendered":"<p style=\"text-align: justify;\"><a href=\"https:\/\/i0.wp.com\/kalot.com.mx\/site\/wp-content\/uploads\/2015\/07\/rem.jpg\"><img data-recalc-dims=\"1\" fetchpriority=\"high\" decoding=\"async\" data-attachment-id=\"22459\" data-permalink=\"https:\/\/kalot.com.mx\/site\/2015\/07\/22\/sobre-r-e-m-y-yo\/rem\/\" data-orig-file=\"https:\/\/i0.wp.com\/kalot.com.mx\/site\/wp-content\/uploads\/2015\/07\/rem.jpg?fit=960%2C540&amp;ssl=1\" data-orig-size=\"960,540\" data-comments-opened=\"1\" data-image-meta=\"{&quot;aperture&quot;:&quot;0&quot;,&quot;credit&quot;:&quot;&quot;,&quot;camera&quot;:&quot;&quot;,&quot;caption&quot;:&quot;&quot;,&quot;created_timestamp&quot;:&quot;0&quot;,&quot;copyright&quot;:&quot;&quot;,&quot;focal_length&quot;:&quot;0&quot;,&quot;iso&quot;:&quot;0&quot;,&quot;shutter_speed&quot;:&quot;0&quot;,&quot;title&quot;:&quot;&quot;,&quot;orientation&quot;:&quot;0&quot;}\" data-image-title=\"R.E.M.\" data-image-description=\"\" data-image-caption=\"\" data-large-file=\"https:\/\/i0.wp.com\/kalot.com.mx\/site\/wp-content\/uploads\/2015\/07\/rem.jpg?fit=960%2C540&amp;ssl=1\" class=\"wp-image-22459 size-full\" src=\"https:\/\/i0.wp.com\/kalot.com.mx\/site\/wp-content\/uploads\/2015\/07\/rem.jpg?resize=960%2C540\" alt=\"\" width=\"960\" height=\"540\" srcset=\"https:\/\/i0.wp.com\/kalot.com.mx\/site\/wp-content\/uploads\/2015\/07\/rem.jpg?w=960&amp;ssl=1 960w, https:\/\/i0.wp.com\/kalot.com.mx\/site\/wp-content\/uploads\/2015\/07\/rem.jpg?resize=300%2C169&amp;ssl=1 300w, https:\/\/i0.wp.com\/kalot.com.mx\/site\/wp-content\/uploads\/2015\/07\/rem.jpg?resize=810%2C456&amp;ssl=1 810w\" sizes=\"(max-width: 960px) 100vw, 960px\" \/><\/a><\/p>\n<p style=\"text-align: justify;\">S\u00f3lo se puede escribir de R.E.M. desde la perspectiva personal; notas, datos biogr\u00e1ficos,\u00a0efem\u00e9rides, curiosidades, etc., se encuentran todas en la red, as\u00ed que, \u00bfpara qu\u00e9 distraerlos con eso mismo, no?<\/p>\n<p style=\"text-align: justify;\">Escribir desde la perspectiva personal sobre R.E.M. tambi\u00e9n puede resultar un ejercicio de introspecci\u00f3n propia, de allanar memorias, nostalgias tatuadas, celebraciones, admiraci\u00f3n. Un non plus ultra para quienes fan\u00e1ticos somos de la agrupaci\u00f3n de Georgia.<\/p>\n<div style=\"text-align: justify;\">\n<figure id=\"attachment_22453\" aria-describedby=\"caption-attachment-22453\" style=\"width: 500px\" class=\"wp-caption aligncenter\"><a href=\"https:\/\/i0.wp.com\/kalot.com.mx\/site\/wp-content\/uploads\/2015\/07\/rem-michael-stipe-02.jpg\"><img data-recalc-dims=\"1\" decoding=\"async\" data-attachment-id=\"22453\" data-permalink=\"https:\/\/kalot.com.mx\/site\/2015\/07\/22\/sobre-r-e-m-y-yo\/paul-natkin\/\" data-orig-file=\"https:\/\/i0.wp.com\/kalot.com.mx\/site\/wp-content\/uploads\/2015\/07\/rem-michael-stipe-02.jpg?fit=500%2C331&amp;ssl=1\" data-orig-size=\"500,331\" data-comments-opened=\"1\" data-image-meta=\"{&quot;aperture&quot;:&quot;0&quot;,&quot;credit&quot;:&quot;Paul Natkin\/WireImage.com&quot;,&quot;camera&quot;:&quot;&quot;,&quot;caption&quot;:&quot;&quot;,&quot;created_timestamp&quot;:&quot;0&quot;,&quot;copyright&quot;:&quot;WireImage.com&quot;,&quot;focal_length&quot;:&quot;0&quot;,&quot;iso&quot;:&quot;0&quot;,&quot;shutter_speed&quot;:&quot;0&quot;,&quot;title&quot;:&quot;Paul Natkin&quot;,&quot;orientation&quot;:&quot;1&quot;}\" data-image-title=\"REM en 1989\" data-image-description=\"\" data-image-caption=\"&lt;p&gt;Foto tomada de http:\/\/rokpool.com\/content\/rem&lt;\/p&gt;\n\" data-large-file=\"https:\/\/i0.wp.com\/kalot.com.mx\/site\/wp-content\/uploads\/2015\/07\/rem-michael-stipe-02.jpg?fit=500%2C331&amp;ssl=1\" class=\"wp-image-22453 size-full\" src=\"https:\/\/i0.wp.com\/kalot.com.mx\/site\/wp-content\/uploads\/2015\/07\/rem-michael-stipe-02.jpg?resize=500%2C331\" alt=\"\" width=\"500\" height=\"331\" srcset=\"https:\/\/i0.wp.com\/kalot.com.mx\/site\/wp-content\/uploads\/2015\/07\/rem-michael-stipe-02.jpg?w=500&amp;ssl=1 500w, https:\/\/i0.wp.com\/kalot.com.mx\/site\/wp-content\/uploads\/2015\/07\/rem-michael-stipe-02.jpg?resize=300%2C199&amp;ssl=1 300w\" sizes=\"(max-width: 500px) 100vw, 500px\" \/><\/a><figcaption id=\"caption-attachment-22453\" class=\"wp-caption-text\">Foto tomada de http:\/\/rokpool.com\/content\/rem<\/figcaption><\/figure>\n<div>Y pues, de manera personal, yo los conoc\u00ed por all\u00e1 de 1989, tal vez &#8217;88, no lo recuerdo con precisi\u00f3n; cursaba la\u00a0secundaria, una gran \u00e9poca musical, mucha m\u00fasica, mucho movimiento. La primer rola que escuch\u00e9 fue &#8220;The one I love&#8221; y mi simpat\u00eda no dudo, sab\u00eda que ten\u00eda a mi lado un c\u00f3mplice que me dar\u00eda mucha le\u00f1a para lo que se aproximaba en el camino.<\/div>\n<div><\/div>\n<div>En aqu\u00e9l tiempo resultaba casi dantesco conseguir material, fuera del tianguis del Chopo y del Mixup de Genova (\u00bfya estaba por aqu\u00e9l entonces? si, \u00bfno?) era complicado armarse del material que uno quer\u00eda, m\u00e1s a\u00fan si era alternativo o cosas as\u00ed &#8220;raras&#8221;, claro, por aqu\u00e9l entonces, hab\u00edamos muchos hambrientos, s\u00ed, pero al menos a m\u00ed me resultaba bien complicado.<\/div>\n<div><\/div>\n<div>Total que consegu\u00ed el Green; hasta varios a\u00f1os despu\u00e9s por medio de un buen amigo, tuve acceso a mucho m\u00e1s material de la banda, de la \u00e9poca I.R.S.<\/div>\n<\/div>\n<div style=\"text-align: justify;\"><a href=\"https:\/\/i0.wp.com\/kalot.com.mx\/site\/wp-content\/uploads\/2015\/07\/R.E.M.-Green.jpg\"><img data-recalc-dims=\"1\" decoding=\"async\" data-attachment-id=\"22454\" data-permalink=\"https:\/\/kalot.com.mx\/site\/2015\/07\/22\/sobre-r-e-m-y-yo\/r-e-m-green\/\" data-orig-file=\"https:\/\/i0.wp.com\/kalot.com.mx\/site\/wp-content\/uploads\/2015\/07\/R.E.M.-Green.jpg?fit=250%2C247&amp;ssl=1\" data-orig-size=\"250,247\" data-comments-opened=\"1\" data-image-meta=\"{&quot;aperture&quot;:&quot;0&quot;,&quot;credit&quot;:&quot;&quot;,&quot;camera&quot;:&quot;&quot;,&quot;caption&quot;:&quot;&quot;,&quot;created_timestamp&quot;:&quot;0&quot;,&quot;copyright&quot;:&quot;&quot;,&quot;focal_length&quot;:&quot;0&quot;,&quot;iso&quot;:&quot;0&quot;,&quot;shutter_speed&quot;:&quot;0&quot;,&quot;title&quot;:&quot;&quot;,&quot;orientation&quot;:&quot;0&quot;}\" data-image-title=\"R.E.M.-Green\" data-image-description=\"\" data-image-caption=\"\" data-large-file=\"https:\/\/i0.wp.com\/kalot.com.mx\/site\/wp-content\/uploads\/2015\/07\/R.E.M.-Green.jpg?fit=250%2C247&amp;ssl=1\" class=\"aligncenter wp-image-22454 size-full\" src=\"https:\/\/i0.wp.com\/kalot.com.mx\/site\/wp-content\/uploads\/2015\/07\/R.E.M.-Green.jpg?resize=250%2C247\" alt=\"\" width=\"250\" height=\"247\" \/><\/a>El Green fue para m\u00ed una verdadera bendici\u00f3n. Michael Stipe ten\u00eda la facultad precisa para enajenar a quien lo escuchaba, o al menos esa impresi\u00f3n dej\u00f3 en m\u00ed. Siempre, no hab\u00eda falla, siempre que eleg\u00eda escucharlo encontraba algo nuevo en su interpretaci\u00f3n; era como un hechizo.<\/div>\n<div style=\"text-align: justify;\"><\/div>\n<div style=\"text-align: justify;\">R.E.M. se erigi\u00f3 muy r\u00e1pido en todo lo que yo so\u00f1ara en aquel tiempo: independencia, cultura, vanguardia, originalidad. Sus letras han sido uno de los atractivos m\u00e1s importantes para m\u00ed. Muy cuidadas, como artesan\u00eda, no s\u00e9, me dejaban siempre ilusionado con alg\u00fan d\u00eda escribir algo as\u00ed por mi cuenta, obvio, inspiraci\u00f3n total.<\/div>\n<div style=\"text-align: justify;\"><\/div>\n<div style=\"text-align: justify;\">Hoy que hace ya tiempo que dejaron de presentarse y trabajar como agrupaci\u00f3n, hago una retrospectiva del significado de la banda en mis andanzas, ya saben, aromas, tropiezos, lluvias, maromas&#8230; Algo que siempre es una realidad conformada por instantes que se cruzan en la memoria sin un orden preciso, sin cronolog\u00eda ortodoxa y que permiten que cada relaci\u00f3n entre vida y circunstancia se mezclen con amplia virtud en el l\u00ednea de tiempo propia.<\/div>\n<div style=\"text-align: justify;\"><\/div>\n<div style=\"text-align: justify;\">Escribir de R.E.M. no puede hacerse desde la perspectiva personal, es una falacia, pues, \u00bfqu\u00e9 diantres podr\u00eda uno decir respecto a quien no puede m\u00e1s que agradecer por tanta inspiraci\u00f3n?<\/div>\n<div style=\"text-align: justify;\"><\/div>\n<div style=\"text-align: justify;\">Trato de se\u00f1alar con pureza las emociones que desenmascararon cada cent\u00edmetro de mi fiereza, bondad, bandalismo, corrupci\u00f3n, belleza, sensibilidad, etc\u00e9tera. Trato de aguantar el torrente sangu\u00edneo ante la nostalgia de una banda que ocupe su espacio, que brinde ox\u00edgeno ante una opacidad en donde el ayer es m\u00e1s que memoria, es m\u00e1s que epidermis, m\u00e1s que ruptura con una juventud que se ha ido y que en su lugar ha dejado una huella invaluable de la cruda realidad que nos acaece hoy. Lo intento, honestamente, lo intento subrayar.<\/div>\n<div style=\"text-align: justify;\"><\/div>\n<div style=\"text-align: justify;\">Y a ustedes, \u00bfqu\u00e9 sensaciones, momentos, movimientos, sentimientos, les provoca escuchar las siglas R.E.M.?<\/div>\n","protected":false},"excerpt":{"rendered":"S\u00f3lo se puede escribir de R.E.M. desde la perspectiva personal; notas, datos biogr\u00e1ficos,\u00a0efem\u00e9rides, curiosidades, etc., se encuentran todas&hellip;\n","protected":false},"author":131,"featured_media":22459,"comment_status":"open","ping_status":"open","sticky":false,"template":"","format":"standard","meta":{"jetpack_post_was_ever_published":false,"_jetpack_newsletter_access":"","_jetpack_dont_email_post_to_subs":false,"_jetpack_newsletter_tier_id":0,"_jetpack_memberships_contains_paywalled_content":false,"_jetpack_memberships_contains_paid_content":false,"footnotes":"","jetpack_publicize_message":"Sobre R.E.M. y yo","jetpack_publicize_feature_enabled":true,"jetpack_social_post_already_shared":true,"jetpack_social_options":{"image_generator_settings":{"template":"highway","default_image_id":0,"font":"","enabled":false},"version":2}},"categories":[10],"tags":[],"class_list":{"0":"post-22452","1":"post","2":"type-post","3":"status-publish","4":"format-standard","5":"has-post-thumbnail","7":"category-musica","8":"cs-entry","9":"cs-video-wrap"},"yoast_head":"<!-- This site is optimized with the Yoast SEO plugin v27.4 - https:\/\/yoast.com\/product\/yoast-seo-wordpress\/ -->\n<title>R.E.M.<\/title>\n<meta name=\"description\" content=\"REM desde una perspectiva personal. Una reflexi\u00f3n nost\u00e1lgica\" \/>\n<meta name=\"robots\" content=\"index, follow, max-snippet:-1, max-image-preview:large, max-video-preview:-1\" \/>\n<link rel=\"canonical\" href=\"https:\/\/kalot.com.mx\/site\/2015\/07\/22\/sobre-r-e-m-y-yo\/\" \/>\n<meta property=\"og:locale\" content=\"es_MX\" \/>\n<meta property=\"og:type\" content=\"article\" \/>\n<meta property=\"og:title\" content=\"R.E.M.\" \/>\n<meta property=\"og:description\" content=\"REM desde una perspectiva personal. Una reflexi\u00f3n nost\u00e1lgica\" \/>\n<meta property=\"og:url\" content=\"https:\/\/kalot.com.mx\/site\/2015\/07\/22\/sobre-r-e-m-y-yo\/\" \/>\n<meta property=\"og:site_name\" content=\"Kalot\" \/>\n<meta property=\"article:publisher\" content=\"http:\/\/facebook.com\/mxkalot\" \/>\n<meta property=\"article:author\" content=\"https:\/\/www.facebook.com\/amexicanpoet\" \/>\n<meta property=\"article:published_time\" content=\"2015-07-22T06:41:51+00:00\" \/>\n<meta property=\"article:modified_time\" content=\"2015-09-21T00:14:33+00:00\" \/>\n<meta property=\"og:image\" content=\"https:\/\/i0.wp.com\/kalot.com.mx\/site\/wp-content\/uploads\/2014\/12\/kalot-logo-big.png?fit=600%2C356&ssl=1\" \/>\n\t<meta property=\"og:image:width\" content=\"600\" \/>\n\t<meta property=\"og:image:height\" content=\"356\" \/>\n\t<meta property=\"og:image:type\" content=\"image\/png\" \/>\n<meta name=\"author\" content=\"Armando Ortiz\" \/>\n<meta name=\"twitter:card\" content=\"summary_large_image\" \/>\n<meta name=\"twitter:creator\" content=\"@i_am_aov\" \/>\n<meta name=\"twitter:site\" content=\"@kalotmx\" \/>\n<meta name=\"twitter:label1\" content=\"Escrito por\" \/>\n\t<meta name=\"twitter:data1\" content=\"Armando Ortiz\" \/>\n\t<meta name=\"twitter:label2\" content=\"Tiempo de lectura\" \/>\n\t<meta name=\"twitter:data2\" content=\"3 minutos\" \/>\n<!-- \/ Yoast SEO plugin. -->","yoast_head_json":{"title":"R.E.M.","description":"REM desde una perspectiva personal. Una reflexi\u00f3n nost\u00e1lgica","robots":{"index":"index","follow":"follow","max-snippet":"max-snippet:-1","max-image-preview":"max-image-preview:large","max-video-preview":"max-video-preview:-1"},"canonical":"https:\/\/kalot.com.mx\/site\/2015\/07\/22\/sobre-r-e-m-y-yo\/","og_locale":"es_MX","og_type":"article","og_title":"R.E.M.","og_description":"REM desde una perspectiva personal. Una reflexi\u00f3n nost\u00e1lgica","og_url":"https:\/\/kalot.com.mx\/site\/2015\/07\/22\/sobre-r-e-m-y-yo\/","og_site_name":"Kalot","article_publisher":"http:\/\/facebook.com\/mxkalot","article_author":"https:\/\/www.facebook.com\/amexicanpoet","article_published_time":"2015-07-22T06:41:51+00:00","article_modified_time":"2015-09-21T00:14:33+00:00","og_image":[{"width":600,"height":356,"url":"https:\/\/i0.wp.com\/kalot.com.mx\/site\/wp-content\/uploads\/2014\/12\/kalot-logo-big.png?fit=600%2C356&ssl=1","type":"image\/png"}],"author":"Armando Ortiz","twitter_card":"summary_large_image","twitter_creator":"@i_am_aov","twitter_site":"@kalotmx","twitter_misc":{"Escrito por":"Armando Ortiz","Tiempo de lectura":"3 minutos"},"schema":{"@context":"https:\/\/schema.org","@graph":[{"@type":"Article","@id":"https:\/\/kalot.com.mx\/site\/2015\/07\/22\/sobre-r-e-m-y-yo\/#article","isPartOf":{"@id":"https:\/\/kalot.com.mx\/site\/2015\/07\/22\/sobre-r-e-m-y-yo\/"},"author":{"name":"Armando Ortiz","@id":"https:\/\/kalot.com.mx\/site\/#\/schema\/person\/b5b8560ac3bae05df2b965c82cfa62d6"},"headline":"Sobre R.E.M. y yo","datePublished":"2015-07-22T06:41:51+00:00","dateModified":"2015-09-21T00:14:33+00:00","mainEntityOfPage":{"@id":"https:\/\/kalot.com.mx\/site\/2015\/07\/22\/sobre-r-e-m-y-yo\/"},"wordCount":609,"commentCount":0,"publisher":{"@id":"https:\/\/kalot.com.mx\/site\/#organization"},"image":{"@id":"https:\/\/kalot.com.mx\/site\/2015\/07\/22\/sobre-r-e-m-y-yo\/#primaryimage"},"thumbnailUrl":"https:\/\/i0.wp.com\/kalot.com.mx\/site\/wp-content\/uploads\/2015\/07\/rem.jpg?fit=960%2C540&ssl=1","articleSection":["M\u00fasica"],"inLanguage":"es","potentialAction":[{"@type":"CommentAction","name":"Comment","target":["https:\/\/kalot.com.mx\/site\/2015\/07\/22\/sobre-r-e-m-y-yo\/#respond"]}]},{"@type":"WebPage","@id":"https:\/\/kalot.com.mx\/site\/2015\/07\/22\/sobre-r-e-m-y-yo\/","url":"https:\/\/kalot.com.mx\/site\/2015\/07\/22\/sobre-r-e-m-y-yo\/","name":"R.E.M.","isPartOf":{"@id":"https:\/\/kalot.com.mx\/site\/#website"},"primaryImageOfPage":{"@id":"https:\/\/kalot.com.mx\/site\/2015\/07\/22\/sobre-r-e-m-y-yo\/#primaryimage"},"image":{"@id":"https:\/\/kalot.com.mx\/site\/2015\/07\/22\/sobre-r-e-m-y-yo\/#primaryimage"},"thumbnailUrl":"https:\/\/i0.wp.com\/kalot.com.mx\/site\/wp-content\/uploads\/2015\/07\/rem.jpg?fit=960%2C540&ssl=1","datePublished":"2015-07-22T06:41:51+00:00","dateModified":"2015-09-21T00:14:33+00:00","description":"REM desde una perspectiva personal. Una reflexi\u00f3n nost\u00e1lgica","breadcrumb":{"@id":"https:\/\/kalot.com.mx\/site\/2015\/07\/22\/sobre-r-e-m-y-yo\/#breadcrumb"},"inLanguage":"es","potentialAction":[{"@type":"ReadAction","target":["https:\/\/kalot.com.mx\/site\/2015\/07\/22\/sobre-r-e-m-y-yo\/"]}]},{"@type":"ImageObject","inLanguage":"es","@id":"https:\/\/kalot.com.mx\/site\/2015\/07\/22\/sobre-r-e-m-y-yo\/#primaryimage","url":"https:\/\/i0.wp.com\/kalot.com.mx\/site\/wp-content\/uploads\/2015\/07\/rem.jpg?fit=960%2C540&ssl=1","contentUrl":"https:\/\/i0.wp.com\/kalot.com.mx\/site\/wp-content\/uploads\/2015\/07\/rem.jpg?fit=960%2C540&ssl=1","width":960,"height":540},{"@type":"BreadcrumbList","@id":"https:\/\/kalot.com.mx\/site\/2015\/07\/22\/sobre-r-e-m-y-yo\/#breadcrumb","itemListElement":[{"@type":"ListItem","position":1,"name":"Home","item":"https:\/\/kalot.com.mx\/site\/"},{"@type":"ListItem","position":2,"name":"Sobre R.E.M. y yo"}]},{"@type":"WebSite","@id":"https:\/\/kalot.com.mx\/site\/#website","url":"https:\/\/kalot.com.mx\/site\/","name":"Kalot","description":"Conoce Todo Sobre Todo","publisher":{"@id":"https:\/\/kalot.com.mx\/site\/#organization"},"potentialAction":[{"@type":"SearchAction","target":{"@type":"EntryPoint","urlTemplate":"https:\/\/kalot.com.mx\/site\/?s={search_term_string}"},"query-input":{"@type":"PropertyValueSpecification","valueRequired":true,"valueName":"search_term_string"}}],"inLanguage":"es"},{"@type":"Organization","@id":"https:\/\/kalot.com.mx\/site\/#organization","name":"Kalot","url":"https:\/\/kalot.com.mx\/site\/","logo":{"@type":"ImageObject","inLanguage":"es","@id":"https:\/\/kalot.com.mx\/site\/#\/schema\/logo\/image\/","url":"https:\/\/i0.wp.com\/kalot.com.mx\/site\/wp-content\/uploads\/2020\/04\/Kalot-logo-sin-tagline.png?fit=1707%2C1014&ssl=1","contentUrl":"https:\/\/i0.wp.com\/kalot.com.mx\/site\/wp-content\/uploads\/2020\/04\/Kalot-logo-sin-tagline.png?fit=1707%2C1014&ssl=1","width":1707,"height":1014,"caption":"Kalot"},"image":{"@id":"https:\/\/kalot.com.mx\/site\/#\/schema\/logo\/image\/"},"sameAs":["http:\/\/facebook.com\/mxkalot","https:\/\/x.com\/kalotmx","http:\/\/instagram.com\/kalotmx","http:\/\/pinterest.com\/jorgeerana\/kalot"]},{"@type":"Person","@id":"https:\/\/kalot.com.mx\/site\/#\/schema\/person\/b5b8560ac3bae05df2b965c82cfa62d6","name":"Armando Ortiz","image":{"@type":"ImageObject","inLanguage":"es","@id":"https:\/\/secure.gravatar.com\/avatar\/4b10405a30d3489d08d6c47c861cbeee884a65737f8be24fa5d8b2470a153f06?s=96&d=mm&r=g","url":"https:\/\/secure.gravatar.com\/avatar\/4b10405a30d3489d08d6c47c861cbeee884a65737f8be24fa5d8b2470a153f06?s=96&d=mm&r=g","contentUrl":"https:\/\/secure.gravatar.com\/avatar\/4b10405a30d3489d08d6c47c861cbeee884a65737f8be24fa5d8b2470a153f06?s=96&d=mm&r=g","caption":"Armando Ortiz"},"description":"Soy un apasionado de las letras, la m\u00fasica y el cine. Escribo desde la sangre con tinta hecha ideas. Poeta en ebullici\u00f3n en busca de la trascendencia por medio del amor.","sameAs":["https:\/\/www.facebook.com\/amexicanpoet","https:\/\/x.com\/@i_am_aov","http:\/\/lunadeojoscafe.tumblr.com\/"],"url":"https:\/\/kalot.com.mx\/site\/author\/armando\/"}]}},"jetpack_publicize_connections":[],"jetpack_featured_media_url":"https:\/\/i0.wp.com\/kalot.com.mx\/site\/wp-content\/uploads\/2015\/07\/rem.jpg?fit=960%2C540&ssl=1","jetpack_shortlink":"https:\/\/wp.me\/p6IHEI-5Q8","jetpack-related-posts":[{"id":6370,"url":"https:\/\/kalot.com.mx\/site\/2013\/11\/12\/ideas-para-escribir\/","url_meta":{"origin":22452,"position":0},"title":"Ideas para escribir","author":"Benjamin Lara","date":"12 noviembre, 2013","format":false,"excerpt":"Bienvenidos kalochos y kalochas, con la clara intenci\u00f3n de traerles un post de utilidad, comenc\u00e9 a pensar sobre que les podr\u00eda escribir, pero gracias a un peque\u00f1o bloqueo decidi consulte a San Google escribiendo en el buscador tal cual \"Ideas para escribir\" y al abrir el primer resultado descubr\u00ed que\u2026","rel":"","context":"Entrada similar ","block_context":{"text":"Entrada similar ","link":""},"img":{"alt_text":"","src":"https:\/\/i0.wp.com\/kalot.com.mx\/site\/wp-content\/uploads\/2013\/11\/mzl.beiucatl.png?fit=1000%2C1000&ssl=1&resize=350%2C200","width":350,"height":200,"srcset":"https:\/\/i0.wp.com\/kalot.com.mx\/site\/wp-content\/uploads\/2013\/11\/mzl.beiucatl.png?fit=1000%2C1000&ssl=1&resize=350%2C200 1x, https:\/\/i0.wp.com\/kalot.com.mx\/site\/wp-content\/uploads\/2013\/11\/mzl.beiucatl.png?fit=1000%2C1000&ssl=1&resize=525%2C300 1.5x, https:\/\/i0.wp.com\/kalot.com.mx\/site\/wp-content\/uploads\/2013\/11\/mzl.beiucatl.png?fit=1000%2C1000&ssl=1&resize=700%2C400 2x"},"classes":[]},{"id":22084,"url":"https:\/\/kalot.com.mx\/site\/2015\/07\/03\/te_invito_a_ser_vendedor_de_ideas\/","url_meta":{"origin":22452,"position":1},"title":"Te invito a ser vendedor de ideas","author":"Monica Prieto","date":"3 julio, 2015","format":false,"excerpt":"\u00a0 Lo m\u00e1s dif\u00edcil de escribir no es iniciar una idea ni mantenerla o finalizarla de la forma correcta, es atrapar a los lectores y mantenerlos seducidos hasta la \u00faltima palabra, algo que puede leerse sencillo pero que en realidad representa un gran reto para aquellos que escriben y en\u2026","rel":"","context":"Entrada similar ","block_context":{"text":"Entrada similar ","link":""},"img":{"alt_text":"","src":"https:\/\/i0.wp.com\/kalot.com.mx\/site\/wp-content\/uploads\/2015\/07\/ideas-escribir-blog.png?fit=870%2C400&ssl=1&resize=350%2C200","width":350,"height":200,"srcset":"https:\/\/i0.wp.com\/kalot.com.mx\/site\/wp-content\/uploads\/2015\/07\/ideas-escribir-blog.png?fit=870%2C400&ssl=1&resize=350%2C200 1x, https:\/\/i0.wp.com\/kalot.com.mx\/site\/wp-content\/uploads\/2015\/07\/ideas-escribir-blog.png?fit=870%2C400&ssl=1&resize=525%2C300 1.5x, https:\/\/i0.wp.com\/kalot.com.mx\/site\/wp-content\/uploads\/2015\/07\/ideas-escribir-blog.png?fit=870%2C400&ssl=1&resize=700%2C400 2x"},"classes":[]},{"id":14421,"url":"https:\/\/kalot.com.mx\/site\/2014\/04\/03\/angiie-salazar\/","url_meta":{"origin":22452,"position":2},"title":"Angiie Salazar","author":"Angiie Salazar","date":"3 abril, 2014","format":false,"excerpt":"\u00bfUna presentaci\u00f3n?, \u00bfLa primera impresi\u00f3n es lo que cuenta?, Soy Angiie , nueva en este blog, me gusta escribir, leer, escuchar m\u00fasica, la fotograf\u00eda , soy estudiante, locutora, y amante de la vida y el arte. Lo t\u00edpico que cualquier persona puede decir al presentarse, pero dejemos de lado la\u2026","rel":"","context":"Entrada similar ","block_context":{"text":"Entrada similar ","link":""},"img":{"alt_text":"","src":"https:\/\/i0.wp.com\/kalot.com.mx\/site\/wp-content\/uploads\/2014\/04\/a7b397ee-0a40-43ad-b5fe-79a5902f92f2.jpg?fit=1200%2C900&ssl=1&resize=350%2C200","width":350,"height":200,"srcset":"https:\/\/i0.wp.com\/kalot.com.mx\/site\/wp-content\/uploads\/2014\/04\/a7b397ee-0a40-43ad-b5fe-79a5902f92f2.jpg?fit=1200%2C900&ssl=1&resize=350%2C200 1x, https:\/\/i0.wp.com\/kalot.com.mx\/site\/wp-content\/uploads\/2014\/04\/a7b397ee-0a40-43ad-b5fe-79a5902f92f2.jpg?fit=1200%2C900&ssl=1&resize=525%2C300 1.5x, https:\/\/i0.wp.com\/kalot.com.mx\/site\/wp-content\/uploads\/2014\/04\/a7b397ee-0a40-43ad-b5fe-79a5902f92f2.jpg?fit=1200%2C900&ssl=1&resize=700%2C400 2x, https:\/\/i0.wp.com\/kalot.com.mx\/site\/wp-content\/uploads\/2014\/04\/a7b397ee-0a40-43ad-b5fe-79a5902f92f2.jpg?fit=1200%2C900&ssl=1&resize=1050%2C600 3x"},"classes":[]},{"id":10396,"url":"https:\/\/kalot.com.mx\/site\/2014\/01\/26\/los-5-mejores-videos-de-daft-punk\/","url_meta":{"origin":22452,"position":3},"title":"Los 5 mejores videos de Daft Punk","author":"Dulce Mireles","date":"26 enero, 2014","format":false,"excerpt":"Los 5 mejores videos de Daft Punk... Guy-Manuel de Homem-Christo\u00a0y\u00a0Thomas Bangalter \u00f3 Daft Punk para los cuates recientemente fueron premiados en la entrega No 56 de los Grammy en las categor\u00edas: Mejor \u00e1lbum por\u00a0Random Access Memories \u00a0Mejor grabaci\u00f3n del a\u00f1o con\u00a0Get Lucky Mejor actuaci\u00f3n pop de un d\u00fao con \u00a0Get\u2026","rel":"","context":"En &quot;M\u00fasica&quot;","block_context":{"text":"M\u00fasica","link":"https:\/\/kalot.com.mx\/site\/category\/musica\/"},"img":{"alt_text":"","src":"https:\/\/i0.wp.com\/kalot.com.mx\/site\/wp-content\/uploads\/2014\/01\/daft.jpg?fit=640%2C360&ssl=1&resize=350%2C200","width":350,"height":200,"srcset":"https:\/\/i0.wp.com\/kalot.com.mx\/site\/wp-content\/uploads\/2014\/01\/daft.jpg?fit=640%2C360&ssl=1&resize=350%2C200 1x, https:\/\/i0.wp.com\/kalot.com.mx\/site\/wp-content\/uploads\/2014\/01\/daft.jpg?fit=640%2C360&ssl=1&resize=525%2C300 1.5x"},"classes":[]},{"id":101,"url":"https:\/\/kalot.com.mx\/site\/2013\/09\/02\/jours-de-papier\/","url_meta":{"origin":22452,"position":4},"title":"Jours de Papier","author":"Gabriel Esparza","date":"2 septiembre, 2013","format":false,"excerpt":"Las tiras c\u00f3micas nos han acompa\u00f1ado desde siempre en la \u00fanica secci\u00f3n del peri\u00f3dico que le\u00edamos de ni\u00f1os. Pero el webcomic es relativamente nuevo, con apenas algunos a\u00f1os de haber surgido, y ahora comienza \u00a0a tener cierto auge, gracias a la difusi\u00f3n que hacen posible las para todo mencionadas redes\u2026","rel":"","context":"En &quot;Sin categor\u00eda&quot;","block_context":{"text":"Sin categor\u00eda","link":"https:\/\/kalot.com.mx\/site\/category\/sin-categoria\/"},"img":{"alt_text":"","src":"https:\/\/i0.wp.com\/kalot.com.mx\/site\/wp-content\/uploads\/2013\/08\/peanut-butter.jpg?fit=566%2C300&ssl=1&resize=350%2C200","width":350,"height":200,"srcset":"https:\/\/i0.wp.com\/kalot.com.mx\/site\/wp-content\/uploads\/2013\/08\/peanut-butter.jpg?fit=566%2C300&ssl=1&resize=350%2C200 1x, https:\/\/i0.wp.com\/kalot.com.mx\/site\/wp-content\/uploads\/2013\/08\/peanut-butter.jpg?fit=566%2C300&ssl=1&resize=525%2C300 1.5x"},"classes":[]},{"id":7205,"url":"https:\/\/kalot.com.mx\/site\/2013\/11\/26\/cosas-de-la-vida\/","url_meta":{"origin":22452,"position":5},"title":"Cosas de la vida.","author":"Mar\u00eda Alvarado","date":"26 noviembre, 2013","format":false,"excerpt":"\u00a1Hola mundo! Mi nombre es Elisa, nueva en el mundo de la escritura pero vieja amiga de las letras. En este primer post voy a presentarme. Tengo 19 a\u00f1os y muchos ya me han dicho que ya soy grande, pero de hecho hace poco conoc\u00ed a un se\u00f1or que me\u2026","rel":"","context":"Con 1 comentario","block_context":{"text":"Con 1 comentario","link":"https:\/\/kalot.com.mx\/site\/2013\/11\/26\/cosas-de-la-vida\/#comments"},"img":{"alt_text":"","src":"https:\/\/i0.wp.com\/kalot.com.mx\/site\/wp-content\/uploads\/2013\/11\/buscas-la-felicidad.jpg?fit=884%2C540&ssl=1&resize=350%2C200","width":350,"height":200,"srcset":"https:\/\/i0.wp.com\/kalot.com.mx\/site\/wp-content\/uploads\/2013\/11\/buscas-la-felicidad.jpg?fit=884%2C540&ssl=1&resize=350%2C200 1x, https:\/\/i0.wp.com\/kalot.com.mx\/site\/wp-content\/uploads\/2013\/11\/buscas-la-felicidad.jpg?fit=884%2C540&ssl=1&resize=525%2C300 1.5x, https:\/\/i0.wp.com\/kalot.com.mx\/site\/wp-content\/uploads\/2013\/11\/buscas-la-felicidad.jpg?fit=884%2C540&ssl=1&resize=700%2C400 2x"},"classes":[]}],"jetpack_sharing_enabled":true,"_links":{"self":[{"href":"https:\/\/kalot.com.mx\/site\/wp-json\/wp\/v2\/posts\/22452","targetHints":{"allow":["GET"]}}],"collection":[{"href":"https:\/\/kalot.com.mx\/site\/wp-json\/wp\/v2\/posts"}],"about":[{"href":"https:\/\/kalot.com.mx\/site\/wp-json\/wp\/v2\/types\/post"}],"author":[{"embeddable":true,"href":"https:\/\/kalot.com.mx\/site\/wp-json\/wp\/v2\/users\/131"}],"replies":[{"embeddable":true,"href":"https:\/\/kalot.com.mx\/site\/wp-json\/wp\/v2\/comments?post=22452"}],"version-history":[{"count":4,"href":"https:\/\/kalot.com.mx\/site\/wp-json\/wp\/v2\/posts\/22452\/revisions"}],"predecessor-version":[{"id":23569,"href":"https:\/\/kalot.com.mx\/site\/wp-json\/wp\/v2\/posts\/22452\/revisions\/23569"}],"wp:featuredmedia":[{"embeddable":true,"href":"https:\/\/kalot.com.mx\/site\/wp-json\/wp\/v2\/media\/22459"}],"wp:attachment":[{"href":"https:\/\/kalot.com.mx\/site\/wp-json\/wp\/v2\/media?parent=22452"}],"wp:term":[{"taxonomy":"category","embeddable":true,"href":"https:\/\/kalot.com.mx\/site\/wp-json\/wp\/v2\/categories?post=22452"},{"taxonomy":"post_tag","embeddable":true,"href":"https:\/\/kalot.com.mx\/site\/wp-json\/wp\/v2\/tags?post=22452"}],"curies":[{"name":"wp","href":"https:\/\/api.w.org\/{rel}","templated":true}]}}