{"id":22415,"date":"2015-07-21T16:04:35","date_gmt":"2015-07-21T21:04:35","guid":{"rendered":"http:\/\/www.kalot.com.mx\/?p=22415"},"modified":"2015-07-21T16:04:35","modified_gmt":"2015-07-21T21:04:35","slug":"ciclo-8-fantasticas-cine-sci-fi-en-cineteca-alameda-boletos-gratis","status":"publish","type":"post","link":"https:\/\/kalot.com.mx\/site\/2015\/07\/21\/ciclo-8-fantasticas-cine-sci-fi-en-cineteca-alameda-boletos-gratis\/","title":{"rendered":"Ciclo 8 Fant\u00e1sticas Cine Sci-Fi en Cineteca Alameda (+Boletos gratis)"},"content":{"rendered":"<p style=\"text-align: justify\">Desde el 19 y hasta el 25 de julio la <strong>Cineteca Alameda<\/strong><em> (Av. Universidad #575)<\/em> estar\u00e1 proyectando un ciclo que desde hace ya un tiempo los cin\u00e9filos potosinos estaban pidiendo con ansias.<\/p>\n<p style=\"text-align: justify\">La <strong>ciencia ficci\u00f3n<\/strong> resulta ser uno de los g\u00e9neros m\u00e1s queridos por la audiencia; esto sea quiz\u00e1s por aquel dejo de imaginaci\u00f3n que hace volar en nuestras mentes y que al mismo tiempo entretiene y refleja historias de cataclismo. destrucci\u00f3n, esperanza, distop\u00edas, viajes en el tiempo o caminatas espaciales por diversos mundos y galaxia inimaginables.<\/p>\n<p style=\"text-align: justify\">En esta ocasi\u00f3n Cineteca Alameda realiz\u00f3 un curado supervisado por el mism\u00edsimo <strong>\u00d3scar Rodr\u00edguez<\/strong> <em>(Catedr\u00e1tico de an\u00e1lisis cinematogr\u00e1fico, columnista y productor potosino)<\/em> y en donde cada filme fue escogido debido a su importancia y aporte hacia un g\u00e9nero que antes de ser apreciado como ahora, fue menospreciado e infravalorado en sus inicios. A continuaci\u00f3n les dejamos el listado de pel\u00edculas y horarios de este maravilloso ciclo:<\/p>\n<p style=\"text-align: justify\"><strong>Invasion of the Body Snatchers<\/strong> <em>(Don Siegel, 1956)<\/em><\/p>\n<p style=\"text-align: justify\">Domingo 19 | Funciones: <strong>18:00<\/strong> y <strong>20:30 hrs<\/strong>.<\/p>\n<p style=\"text-align: justify\">La primer pel\u00edcula del ciclo muestra el descontrol que ocurriese si seres alien\u00edgenas llegasen a nuestro planeta. La histeria colectiva, miedo y caos reinar\u00edan como en el caso del protagonista en esta producci\u00f3n. Primer film que expresa el temor de una sociedad controlada y homog\u00e9nea ante la \u201cdiferencia\u201d.<\/p>\n<p><span class=\"embed-youtube\" style=\"text-align:center; display: block;\"><iframe class=\"youtube-player\" width=\"1200\" height=\"675\" src=\"https:\/\/www.youtube.com\/embed\/WFnSxeDfENk?version=3&rel=1&showsearch=0&showinfo=1&iv_load_policy=1&fs=1&hl=es-MX&autohide=2&wmode=transparent\" allowfullscreen=\"true\" style=\"border:0;\" sandbox=\"allow-scripts allow-same-origin allow-popups allow-presentation allow-popups-to-escape-sandbox\"><\/iframe><\/span><\/p>\n<p style=\"text-align: justify\">\n<p style=\"text-align: justify\"><strong>This Island Earth<\/strong><em> (Joseph M. Newman, 1955)<\/em><\/p>\n<p style=\"text-align: justify\">Domingo 19 | Funciones: <strong>18:30<\/strong> y <strong>21:00 hrs.<\/strong><\/p>\n<p style=\"text-align: justify\">Pel\u00edcula que sentar\u00eda las bases de lo que hoy en d\u00eda conocemos como Ciencia Ficci\u00f3n. Primer producci\u00f3n que tendr\u00eda como escenario una nave intergal\u00e1ctica tripulada por humanos y que se encuentra en una misi\u00f3n en busca de energ\u00eda para una guerra interplanetaria. Muestra tambi\u00e9n diversos dise\u00f1os de alien\u00edgenas, hoy de culto.<\/p>\n<p><span class=\"embed-youtube\" style=\"text-align:center; display: block;\"><iframe class=\"youtube-player\" width=\"1200\" height=\"675\" src=\"https:\/\/www.youtube.com\/embed\/ikRHr9aqu1M?version=3&rel=1&showsearch=0&showinfo=1&iv_load_policy=1&fs=1&hl=es-MX&autohide=2&wmode=transparent\" allowfullscreen=\"true\" style=\"border:0;\" sandbox=\"allow-scripts allow-same-origin allow-popups allow-presentation allow-popups-to-escape-sandbox\"><\/iframe><\/span><\/p>\n<p style=\"text-align: justify\">\n<p style=\"text-align: justify\"><strong>Forbidden Planet<\/strong> <em>(Fred M. Wilcox, 1956)<\/em><\/p>\n<p style=\"text-align: justify\">Lunes 20 | Funciones: <strong>16:00<\/strong>, <strong>18:15<\/strong> y <strong>20:30<\/strong> hrs.<\/p>\n<p style=\"text-align: justify\">Inspirado en la obra teatral de William Shakespeare, La Tempestad; el filme combina literatura cl\u00e1sica, psicolog\u00eda profunda, \u00edconos sexuales de la \u00e9poca <em>(Anne Francis)<\/em> y el primer robot que formar\u00eda parte de la cultura popular hasta nuestros d\u00edas, Robby.<\/p>\n<p><span class=\"embed-youtube\" style=\"text-align:center; display: block;\"><iframe class=\"youtube-player\" width=\"1200\" height=\"675\" src=\"https:\/\/www.youtube.com\/embed\/AxQ9GG6hUDM?version=3&rel=1&showsearch=0&showinfo=1&iv_load_policy=1&fs=1&hl=es-MX&autohide=2&wmode=transparent\" allowfullscreen=\"true\" style=\"border:0;\" sandbox=\"allow-scripts allow-same-origin allow-popups allow-presentation allow-popups-to-escape-sandbox\"><\/iframe><\/span><\/p>\n<p style=\"text-align: justify\">\n<p style=\"text-align: justify\"><strong>2001: A Space Odyssey<\/strong> <em>(Stanley Kubrick, 1968)<\/em><\/p>\n<p style=\"text-align: justify\">Martes 21 | Funciones: <strong>17:00<\/strong> y <strong>20:30<\/strong> hrs.<\/p>\n<p style=\"text-align: justify\">Una obra maestra del g\u00e9nero y la cual cambiar\u00eda la manera de ver al Sci-Fi en el s\u00e9ptimo arte. Obra cumbre de Kubrick que tiene como premisa la b\u00fasqueda del ser humano por conocer sus or\u00edgenes y existencia en el universo. Visionarios y espectaculares efectos visuales para la \u00e9poca, adem\u00e1s de una trama entrada en lo filos\u00f3fico y extraordinario de la vida misma.<\/p>\n<p><span class=\"embed-youtube\" style=\"text-align:center; display: block;\"><iframe class=\"youtube-player\" width=\"1200\" height=\"675\" src=\"https:\/\/www.youtube.com\/embed\/XHjIqQBsPjk?version=3&rel=1&showsearch=0&showinfo=1&iv_load_policy=1&fs=1&hl=es-MX&autohide=2&wmode=transparent\" allowfullscreen=\"true\" style=\"border:0;\" sandbox=\"allow-scripts allow-same-origin allow-popups allow-presentation allow-popups-to-escape-sandbox\"><\/iframe><\/span><\/p>\n<p style=\"text-align: justify\">\n<p style=\"text-align: justify\"><strong>Solaris<\/strong> <em>(Andrei Tarkovsky, 1972)<\/em><\/p>\n<p style=\"text-align: justify\">Mi\u00e9rcoles 22 | Funciones: <strong>17:00<\/strong> y <strong>20:30<\/strong> hrs.<\/p>\n<p style=\"text-align: justify\">La cruda respuesta de la Uni\u00f3n Sovi\u00e9tica al filme de Stanley Kubrick. Un psic\u00f3logo astronauta viaja a una estaci\u00f3n espacial que ronda un planeta lejano e intenta averiguar qu\u00e9 es lo que ha vuelto neur\u00f3ticos a la tripulaci\u00f3n. Muchos comparan esta obra a la del director brit\u00e1nico, sin embargo. la pel\u00edcula contiene una trama muy diferente a 2001 y gana su estatus de culto por m\u00e9rito propio.<\/p>\n<p><span class=\"embed-youtube\" style=\"text-align:center; display: block;\"><iframe class=\"youtube-player\" width=\"1200\" height=\"675\" src=\"https:\/\/www.youtube.com\/embed\/R4vSPEDxGic?version=3&rel=1&showsearch=0&showinfo=1&iv_load_policy=1&fs=1&hl=es-MX&autohide=2&wmode=transparent\" allowfullscreen=\"true\" style=\"border:0;\" sandbox=\"allow-scripts allow-same-origin allow-popups allow-presentation allow-popups-to-escape-sandbox\"><\/iframe><\/span><\/p>\n<p style=\"text-align: justify\">\n<p style=\"text-align: justify\"><strong>Prometheus<\/strong> <em>(Ridley Scott, 2012)<\/em><\/p>\n<p style=\"text-align: justify\">Jueves 23 | Funciones: <strong>16:00<\/strong>, <strong>18:20<\/strong> y <strong>21:00<\/strong> hrs.<\/p>\n<p style=\"text-align: justify\">Incomprendida e infravalorada precuela de la funci\u00f3n del viernes dirigida por el gran Ridley Scott <em>(Blade Runner, 1982)<\/em>. El origen del xenomorfo m\u00e1s reconocido y terror\u00edfico en la historia del cine tiene como trasfondo a una tripulaci\u00f3n humana en un distante planeta en busca de nuevas civilizaciones y el origen de la vida.<\/p>\n<p><span class=\"embed-youtube\" style=\"text-align:center; display: block;\"><iframe class=\"youtube-player\" width=\"1200\" height=\"675\" src=\"https:\/\/www.youtube.com\/embed\/34cEo0VhfGE?version=3&rel=1&showsearch=0&showinfo=1&iv_load_policy=1&fs=1&hl=es-MX&autohide=2&wmode=transparent\" allowfullscreen=\"true\" style=\"border:0;\" sandbox=\"allow-scripts allow-same-origin allow-popups allow-presentation allow-popups-to-escape-sandbox\"><\/iframe><\/span><\/p>\n<p style=\"text-align: justify\">\n<p style=\"text-align: justify\"><strong>Alien<\/strong> <em>(Ridley Scott, 1979)<\/em><\/p>\n<p style=\"text-align: justify\">Viernes 24 | \u00danica funci\u00f3n: <strong>20:30<\/strong> hrs.<\/p>\n<p style=\"text-align: justify\">Obra cumbre de la fusi\u00f3n del g\u00e9nero de terror y ciencia ficci\u00f3n. La tripulaci\u00f3n del Nostromo es invadida por una especie alien\u00edgena luego de un llamado cerca de un planeta desconocido. La cultura al\u00eden y toda su iconograf\u00eda se desprenden de este cl\u00e1sico que mostrar\u00eda una sociedad humana en decadencia a pesar de los avances tecnol\u00f3gicos.<\/p>\n<p><span class=\"embed-youtube\" style=\"text-align:center; display: block;\"><iframe class=\"youtube-player\" width=\"1200\" height=\"675\" src=\"https:\/\/www.youtube.com\/embed\/LjLamj-b0I8?version=3&rel=1&showsearch=0&showinfo=1&iv_load_policy=1&fs=1&hl=es-MX&autohide=2&wmode=transparent\" allowfullscreen=\"true\" style=\"border:0;\" sandbox=\"allow-scripts allow-same-origin allow-popups allow-presentation allow-popups-to-escape-sandbox\"><\/iframe><\/span><\/p>\n<p style=\"text-align: justify\">\n<p style=\"text-align: justify\"><strong>Interstellar<\/strong> <em>(Christopher Nolan, 2014)<\/em><\/p>\n<p style=\"text-align: justify\">S\u00e1bado 25 | Funciones: <strong>17:00<\/strong> y <strong>20:30 hrs.<\/strong><\/p>\n<p style=\"text-align: justify\">Reciente obra que reivindica y pone de nueva cuenta en el mapa al g\u00e9nero para las nuevas generaciones. En un futuro reciente, la Tierra se encuentra en una etapa final de vida por lo que un grupo de especialistas busca atravesar un agujero de gusano, para as\u00ed buscar un nuevo hogar para la humanidad. Con efectos visuales detallados y una trama por dem\u00e1s filos\u00f3fica a cargo de uno de los mejores directores contempor\u00e1neos.<\/p>\n<p><span class=\"embed-youtube\" style=\"text-align:center; display: block;\"><iframe class=\"youtube-player\" width=\"1200\" height=\"675\" src=\"https:\/\/www.youtube.com\/embed\/zSWdZVtXT7E?version=3&rel=1&showsearch=0&showinfo=1&iv_load_policy=1&fs=1&hl=es-MX&autohide=2&wmode=transparent\" allowfullscreen=\"true\" style=\"border:0;\" sandbox=\"allow-scripts allow-same-origin allow-popups allow-presentation allow-popups-to-escape-sandbox\"><\/iframe><\/span><\/p>\n<p style=\"text-align: justify\">\u00bfQu\u00e9 tal? Verdaderamente un placer imperdible el poder volver a revivir estas odiseas espaciales en un recinto tan hermoso como lo es cineteca Alameda.<\/p>\n<p style=\"text-align: justify\"><span style=\"color: #ff0000\">Entrada General: $40 besitos y $25 para estudiantes, Tarjeta Actitud\u00a0Joven e INAPAM<\/span><\/p>\n<p style=\"text-align: justify\">Tambi\u00e9n les dejamos el bello cartel que engalana este ciclo.<\/p>\n<p><img data-recalc-dims=\"1\" fetchpriority=\"high\" decoding=\"async\" data-attachment-id=\"22422\" data-permalink=\"https:\/\/kalot.com.mx\/site\/2015\/07\/21\/ciclo-8-fantasticas-cine-sci-fi-en-cineteca-alameda-boletos-gratis\/11112536_845894415486435_5062137053309066126_o\/\" data-orig-file=\"https:\/\/i0.wp.com\/kalot.com.mx\/site\/wp-content\/uploads\/2015\/07\/11112536_845894415486435_5062137053309066126_o.jpg?fit=1134%2C1701&ssl=1\" data-orig-size=\"1134,1701\" data-comments-opened=\"1\" data-image-meta=\"{&quot;aperture&quot;:&quot;0&quot;,&quot;credit&quot;:&quot;&quot;,&quot;camera&quot;:&quot;&quot;,&quot;caption&quot;:&quot;&quot;,&quot;created_timestamp&quot;:&quot;0&quot;,&quot;copyright&quot;:&quot;&quot;,&quot;focal_length&quot;:&quot;0&quot;,&quot;iso&quot;:&quot;0&quot;,&quot;shutter_speed&quot;:&quot;0&quot;,&quot;title&quot;:&quot;&quot;,&quot;orientation&quot;:&quot;0&quot;}\" data-image-title=\"11112536_845894415486435_5062137053309066126_o\" data-image-description=\"\" data-image-caption=\"\" data-large-file=\"https:\/\/i0.wp.com\/kalot.com.mx\/site\/wp-content\/uploads\/2015\/07\/11112536_845894415486435_5062137053309066126_o.jpg?fit=683%2C1024&ssl=1\" class=\"aligncenter  wp-image-22422\" src=\"https:\/\/i0.wp.com\/www.kalot.com.mx\/wp-content\/uploads\/2015\/07\/11112536_845894415486435_5062137053309066126_o.jpg?resize=751%2C1127\" alt=\"11112536_845894415486435_5062137053309066126_o\" width=\"751\" height=\"1127\" srcset=\"https:\/\/i0.wp.com\/kalot.com.mx\/site\/wp-content\/uploads\/2015\/07\/11112536_845894415486435_5062137053309066126_o.jpg?w=1134&ssl=1 1134w, https:\/\/i0.wp.com\/kalot.com.mx\/site\/wp-content\/uploads\/2015\/07\/11112536_845894415486435_5062137053309066126_o.jpg?resize=200%2C300&ssl=1 200w, https:\/\/i0.wp.com\/kalot.com.mx\/site\/wp-content\/uploads\/2015\/07\/11112536_845894415486435_5062137053309066126_o.jpg?resize=683%2C1024&ssl=1 683w, https:\/\/i0.wp.com\/kalot.com.mx\/site\/wp-content\/uploads\/2015\/07\/11112536_845894415486435_5062137053309066126_o.jpg?resize=810%2C1215&ssl=1 810w\" sizes=\"(max-width: 751px) 100vw, 751px\" \/><\/p>\n<p>La din\u00e1mica para ganar boletos es muy sencilla: solamente tienen que mencionar qu\u00e9 pel\u00edcula es la que quieren ver de este ciclo y porqu\u00e9 en la secci\u00f3n de los comentarios y listo. Nada m\u00e1s. Los primeros 5 en comentar DENTRO DE ESTE ART\u00cdCULO podr\u00e1n pasar por su cortes\u00eda doble para que asistan con un acompa\u00f1ante a cualquiera de las funciones. \u00a1\u00c1nimo! Kalot los ama.<\/p>\n","protected":false},"excerpt":{"rendered":"Desde el 19 y hasta el 25 de julio la Cineteca Alameda (Av. Universidad #575) estar\u00e1 proyectando un&hellip;\n","protected":false},"author":18,"featured_media":22423,"comment_status":"open","ping_status":"open","sticky":false,"template":"","format":"standard","meta":{"jetpack_post_was_ever_published":false,"_jetpack_newsletter_access":"","_jetpack_dont_email_post_to_subs":false,"_jetpack_newsletter_tier_id":0,"_jetpack_memberships_contains_paywalled_content":false,"_jetpack_memberships_contains_paid_content":false,"footnotes":"","jetpack_publicize_message":"","jetpack_publicize_feature_enabled":true,"jetpack_social_post_already_shared":true,"jetpack_social_options":{"image_generator_settings":{"template":"highway","default_image_id":0,"font":"","enabled":false},"version":2}},"categories":[],"tags":[],"class_list":{"0":"post-22415","1":"post","2":"type-post","3":"status-publish","4":"format-standard","5":"has-post-thumbnail","7":"cs-entry","8":"cs-video-wrap"},"yoast_head":"<!-- This site is optimized with the Yoast SEO plugin v27.5 - https:\/\/yoast.com\/product\/yoast-seo-wordpress\/ -->\n<title>Ciclo 8 Fant\u00e1sticas Cine Sci-Fi en Cineteca Alameda (+Boletos gratis)<\/title>\n<meta name=\"description\" content=\"Desde el 19 y hasta el 25 de julio la Cineteca Alameda (Av. Universidad #575) estar\u00e1 proyectando un ciclo que desde hace ya un tiempo los cin\u00e9filos\" \/>\n<meta name=\"robots\" content=\"index, follow, max-snippet:-1, max-image-preview:large, max-video-preview:-1\" \/>\n<link rel=\"canonical\" href=\"https:\/\/kalot.com.mx\/site\/2015\/07\/21\/ciclo-8-fantasticas-cine-sci-fi-en-cineteca-alameda-boletos-gratis\/\" \/>\n<meta property=\"og:locale\" content=\"es_MX\" \/>\n<meta property=\"og:type\" content=\"article\" \/>\n<meta property=\"og:title\" content=\"Ciclo 8 Fant\u00e1sticas Cine Sci-Fi en Cineteca Alameda (+Boletos gratis)\" \/>\n<meta property=\"og:description\" content=\"Desde el 19 y hasta el 25 de julio la Cineteca Alameda (Av. Universidad #575) estar\u00e1 proyectando un ciclo que desde hace ya un tiempo los cin\u00e9filos\" \/>\n<meta property=\"og:url\" content=\"https:\/\/kalot.com.mx\/site\/2015\/07\/21\/ciclo-8-fantasticas-cine-sci-fi-en-cineteca-alameda-boletos-gratis\/\" \/>\n<meta property=\"og:site_name\" content=\"Kalot\" \/>\n<meta property=\"article:publisher\" content=\"http:\/\/facebook.com\/mxkalot\" \/>\n<meta property=\"article:author\" content=\"https:\/\/www.facebook.com\/don.capu\" \/>\n<meta property=\"article:published_time\" content=\"2015-07-21T21:04:35+00:00\" \/>\n<meta property=\"og:image\" content=\"https:\/\/i2.wp.com\/kalot.com.mx\/site\/wp-content\/uploads\/2015\/07\/11227534_841106705965206_8947656212761361688_o.jpg?fit=1559%2C778&ssl=1\" \/>\n\t<meta property=\"og:image:width\" content=\"1559\" \/>\n\t<meta property=\"og:image:height\" content=\"778\" \/>\n\t<meta property=\"og:image:type\" content=\"image\/jpeg\" \/>\n<meta name=\"author\" content=\"Omar Herrera\" \/>\n<meta name=\"twitter:card\" content=\"summary_large_image\" \/>\n<meta name=\"twitter:creator\" content=\"@thedoncapu\" \/>\n<meta name=\"twitter:site\" content=\"@kalotmx\" \/>\n<meta name=\"twitter:label1\" content=\"Escrito por\" \/>\n\t<meta name=\"twitter:data1\" content=\"Omar Herrera\" \/>\n\t<meta name=\"twitter:label2\" content=\"Tiempo de lectura\" \/>\n\t<meta name=\"twitter:data2\" content=\"5 minutos\" \/>\n<!-- \/ Yoast SEO plugin. -->","yoast_head_json":{"title":"Ciclo 8 Fant\u00e1sticas Cine Sci-Fi en Cineteca Alameda (+Boletos gratis)","description":"Desde el 19 y hasta el 25 de julio la Cineteca Alameda (Av. Universidad #575) estar\u00e1 proyectando un ciclo que desde hace ya un tiempo los cin\u00e9filos","robots":{"index":"index","follow":"follow","max-snippet":"max-snippet:-1","max-image-preview":"max-image-preview:large","max-video-preview":"max-video-preview:-1"},"canonical":"https:\/\/kalot.com.mx\/site\/2015\/07\/21\/ciclo-8-fantasticas-cine-sci-fi-en-cineteca-alameda-boletos-gratis\/","og_locale":"es_MX","og_type":"article","og_title":"Ciclo 8 Fant\u00e1sticas Cine Sci-Fi en Cineteca Alameda (+Boletos gratis)","og_description":"Desde el 19 y hasta el 25 de julio la Cineteca Alameda (Av. Universidad #575) estar\u00e1 proyectando un ciclo que desde hace ya un tiempo los cin\u00e9filos","og_url":"https:\/\/kalot.com.mx\/site\/2015\/07\/21\/ciclo-8-fantasticas-cine-sci-fi-en-cineteca-alameda-boletos-gratis\/","og_site_name":"Kalot","article_publisher":"http:\/\/facebook.com\/mxkalot","article_author":"https:\/\/www.facebook.com\/don.capu","article_published_time":"2015-07-21T21:04:35+00:00","og_image":[{"width":1559,"height":778,"url":"https:\/\/i2.wp.com\/kalot.com.mx\/site\/wp-content\/uploads\/2015\/07\/11227534_841106705965206_8947656212761361688_o.jpg?fit=1559%2C778&ssl=1","type":"image\/jpeg"}],"author":"Omar Herrera","twitter_card":"summary_large_image","twitter_creator":"@thedoncapu","twitter_site":"@kalotmx","twitter_misc":{"Escrito por":"Omar Herrera","Tiempo de lectura":"5 minutos"},"schema":{"@context":"https:\/\/schema.org","@graph":[{"@type":"Article","@id":"https:\/\/kalot.com.mx\/site\/2015\/07\/21\/ciclo-8-fantasticas-cine-sci-fi-en-cineteca-alameda-boletos-gratis\/#article","isPartOf":{"@id":"https:\/\/kalot.com.mx\/site\/2015\/07\/21\/ciclo-8-fantasticas-cine-sci-fi-en-cineteca-alameda-boletos-gratis\/"},"author":{"name":"Omar Herrera","@id":"https:\/\/kalot.com.mx\/site\/#\/schema\/person\/1bf32c47ee15104d1e824350c07ac220"},"headline":"Ciclo 8 Fant\u00e1sticas Cine Sci-Fi en Cineteca Alameda (+Boletos gratis)","datePublished":"2015-07-21T21:04:35+00:00","mainEntityOfPage":{"@id":"https:\/\/kalot.com.mx\/site\/2015\/07\/21\/ciclo-8-fantasticas-cine-sci-fi-en-cineteca-alameda-boletos-gratis\/"},"wordCount":931,"commentCount":16,"publisher":{"@id":"https:\/\/kalot.com.mx\/site\/#organization"},"image":{"@id":"https:\/\/kalot.com.mx\/site\/2015\/07\/21\/ciclo-8-fantasticas-cine-sci-fi-en-cineteca-alameda-boletos-gratis\/#primaryimage"},"thumbnailUrl":"https:\/\/i0.wp.com\/kalot.com.mx\/site\/wp-content\/uploads\/2015\/07\/11227534_841106705965206_8947656212761361688_o.jpg?fit=1559%2C778&ssl=1","inLanguage":"es","potentialAction":[{"@type":"CommentAction","name":"Comment","target":["https:\/\/kalot.com.mx\/site\/2015\/07\/21\/ciclo-8-fantasticas-cine-sci-fi-en-cineteca-alameda-boletos-gratis\/#respond"]}]},{"@type":"WebPage","@id":"https:\/\/kalot.com.mx\/site\/2015\/07\/21\/ciclo-8-fantasticas-cine-sci-fi-en-cineteca-alameda-boletos-gratis\/","url":"https:\/\/kalot.com.mx\/site\/2015\/07\/21\/ciclo-8-fantasticas-cine-sci-fi-en-cineteca-alameda-boletos-gratis\/","name":"Ciclo 8 Fant\u00e1sticas Cine Sci-Fi en Cineteca Alameda (+Boletos gratis)","isPartOf":{"@id":"https:\/\/kalot.com.mx\/site\/#website"},"primaryImageOfPage":{"@id":"https:\/\/kalot.com.mx\/site\/2015\/07\/21\/ciclo-8-fantasticas-cine-sci-fi-en-cineteca-alameda-boletos-gratis\/#primaryimage"},"image":{"@id":"https:\/\/kalot.com.mx\/site\/2015\/07\/21\/ciclo-8-fantasticas-cine-sci-fi-en-cineteca-alameda-boletos-gratis\/#primaryimage"},"thumbnailUrl":"https:\/\/i0.wp.com\/kalot.com.mx\/site\/wp-content\/uploads\/2015\/07\/11227534_841106705965206_8947656212761361688_o.jpg?fit=1559%2C778&ssl=1","datePublished":"2015-07-21T21:04:35+00:00","description":"Desde el 19 y hasta el 25 de julio la Cineteca Alameda (Av. Universidad #575) estar\u00e1 proyectando un ciclo que desde hace ya un tiempo los cin\u00e9filos","breadcrumb":{"@id":"https:\/\/kalot.com.mx\/site\/2015\/07\/21\/ciclo-8-fantasticas-cine-sci-fi-en-cineteca-alameda-boletos-gratis\/#breadcrumb"},"inLanguage":"es","potentialAction":[{"@type":"ReadAction","target":["https:\/\/kalot.com.mx\/site\/2015\/07\/21\/ciclo-8-fantasticas-cine-sci-fi-en-cineteca-alameda-boletos-gratis\/"]}]},{"@type":"ImageObject","inLanguage":"es","@id":"https:\/\/kalot.com.mx\/site\/2015\/07\/21\/ciclo-8-fantasticas-cine-sci-fi-en-cineteca-alameda-boletos-gratis\/#primaryimage","url":"https:\/\/i0.wp.com\/kalot.com.mx\/site\/wp-content\/uploads\/2015\/07\/11227534_841106705965206_8947656212761361688_o.jpg?fit=1559%2C778&ssl=1","contentUrl":"https:\/\/i0.wp.com\/kalot.com.mx\/site\/wp-content\/uploads\/2015\/07\/11227534_841106705965206_8947656212761361688_o.jpg?fit=1559%2C778&ssl=1","width":1559,"height":778},{"@type":"BreadcrumbList","@id":"https:\/\/kalot.com.mx\/site\/2015\/07\/21\/ciclo-8-fantasticas-cine-sci-fi-en-cineteca-alameda-boletos-gratis\/#breadcrumb","itemListElement":[{"@type":"ListItem","position":1,"name":"Home","item":"https:\/\/kalot.com.mx\/site\/"},{"@type":"ListItem","position":2,"name":"Ciclo 8 Fant\u00e1sticas Cine Sci-Fi en Cineteca Alameda (+Boletos gratis)"}]},{"@type":"WebSite","@id":"https:\/\/kalot.com.mx\/site\/#website","url":"https:\/\/kalot.com.mx\/site\/","name":"Kalot","description":"Conoce Todo Sobre Todo","publisher":{"@id":"https:\/\/kalot.com.mx\/site\/#organization"},"potentialAction":[{"@type":"SearchAction","target":{"@type":"EntryPoint","urlTemplate":"https:\/\/kalot.com.mx\/site\/?s={search_term_string}"},"query-input":{"@type":"PropertyValueSpecification","valueRequired":true,"valueName":"search_term_string"}}],"inLanguage":"es"},{"@type":"Organization","@id":"https:\/\/kalot.com.mx\/site\/#organization","name":"Kalot","url":"https:\/\/kalot.com.mx\/site\/","logo":{"@type":"ImageObject","inLanguage":"es","@id":"https:\/\/kalot.com.mx\/site\/#\/schema\/logo\/image\/","url":"https:\/\/i0.wp.com\/kalot.com.mx\/site\/wp-content\/uploads\/2020\/04\/Kalot-logo-sin-tagline.png?fit=1707%2C1014&ssl=1","contentUrl":"https:\/\/i0.wp.com\/kalot.com.mx\/site\/wp-content\/uploads\/2020\/04\/Kalot-logo-sin-tagline.png?fit=1707%2C1014&ssl=1","width":1707,"height":1014,"caption":"Kalot"},"image":{"@id":"https:\/\/kalot.com.mx\/site\/#\/schema\/logo\/image\/"},"sameAs":["http:\/\/facebook.com\/mxkalot","https:\/\/x.com\/kalotmx","http:\/\/instagram.com\/kalotmx","http:\/\/pinterest.com\/jorgeerana\/kalot"]},{"@type":"Person","@id":"https:\/\/kalot.com.mx\/site\/#\/schema\/person\/1bf32c47ee15104d1e824350c07ac220","name":"Omar Herrera","image":{"@type":"ImageObject","inLanguage":"es","@id":"https:\/\/secure.gravatar.com\/avatar\/ae84de016d43d093bed40799c6d19430bc23d65401e1d68c9afab71da0688278?s=96&d=mm&r=g","url":"https:\/\/secure.gravatar.com\/avatar\/ae84de016d43d093bed40799c6d19430bc23d65401e1d68c9afab71da0688278?s=96&d=mm&r=g","contentUrl":"https:\/\/secure.gravatar.com\/avatar\/ae84de016d43d093bed40799c6d19430bc23d65401e1d68c9afab71da0688278?s=96&d=mm&r=g","caption":"Omar Herrera"},"description":"Si mi vida se resumiera en una pel\u00edcula, ser\u00eda en una dirigida por Woody Allen. Licenciado en Ciencias y T\u00e9cnicas de la Comunicaci\u00f3n.","sameAs":["http:\/\/www.linkedin.com\/pub\/omar-vargas-herrera\/8a\/792\/288","https:\/\/www.facebook.com\/don.capu","https:\/\/x.com\/thedoncapu"],"url":"https:\/\/kalot.com.mx\/site\/author\/doncapu\/"}]}},"jetpack_publicize_connections":[],"jetpack_featured_media_url":"https:\/\/i0.wp.com\/kalot.com.mx\/site\/wp-content\/uploads\/2015\/07\/11227534_841106705965206_8947656212761361688_o.jpg?fit=1559%2C778&ssl=1","jetpack_shortlink":"https:\/\/wp.me\/p6IHEI-5Px","jetpack-related-posts":[{"id":21863,"url":"https:\/\/kalot.com.mx\/site\/2015\/06\/22\/ciclo-chavos-pendejos-y-garotos-en-cineteca-alameda\/","url_meta":{"origin":22415,"position":0},"title":"Ciclo &#8220;Chavos, Pendejos y Garotos&#8221; en Cineteca Alameda","author":"Omar Herrera","date":"22 junio, 2015","format":false,"excerpt":"Cineteca Alameda ofrece una mirada actual al cine juvenil y latinoamericano con el ciclo Chavos, Pendejos y Garotos, ciclo que desde su nombre hace referencia a la forma de dirigirse a la juventud en los tres pa\u00edses que forman parte de esta selecci\u00f3n: M\u00e9xico, Argentina y Brasil. Del 22 al\u2026","rel":"","context":"Entrada similar ","block_context":{"text":"Entrada similar ","link":""},"img":{"alt_text":"Chavos, pendejos y garotos","src":"https:\/\/i0.wp.com\/www.kalot.com.mx\/wp-content\/uploads\/2015\/06\/Chavos-pendejos-y-garotos.png?resize=350%2C200","width":350,"height":200,"srcset":"https:\/\/i0.wp.com\/www.kalot.com.mx\/wp-content\/uploads\/2015\/06\/Chavos-pendejos-y-garotos.png?resize=350%2C200 1x, https:\/\/i0.wp.com\/www.kalot.com.mx\/wp-content\/uploads\/2015\/06\/Chavos-pendejos-y-garotos.png?resize=525%2C300 1.5x"},"classes":[]},{"id":13991,"url":"https:\/\/kalot.com.mx\/site\/2014\/03\/26\/de-tal-padre-tal-hijo-en-la-cineteca-alameda-estreno-exclusivo\/","url_meta":{"origin":22415,"position":1},"title":"De tal padre, tal hijo en la Cineteca Alameda [ESTRENO EXCLUSIVO]","author":"Omar Herrera","date":"26 marzo, 2014","format":false,"excerpt":"Nominada a la Palma de oro y ganadora del Premio del Jurado en\u00a0la pasada edici\u00f3n del Festival de Cannes y Premio del P\u00fablico en la \u00faltima edici\u00f3n del Festival de San Sebasti\u00e1n,\u00a0y\u00a0protagonizada por Fukuyama Masaharu,\u00a0Lily Franky, Maki Y\u014dko y Ono Machiko.\u00a0De tal padre, tal hijo se estrenar\u00e1 en Cineteca Alameda\u2026","rel":"","context":"En &quot;Sin categor\u00eda&quot;","block_context":{"text":"Sin categor\u00eda","link":"https:\/\/kalot.com.mx\/site\/category\/sin-categoria\/"},"img":{"alt_text":"","src":"https:\/\/i0.wp.com\/kalot.com.mx\/site\/wp-content\/uploads\/2014\/03\/img_00.jpg?fit=1200%2C985&ssl=1&resize=350%2C200","width":350,"height":200,"srcset":"https:\/\/i0.wp.com\/kalot.com.mx\/site\/wp-content\/uploads\/2014\/03\/img_00.jpg?fit=1200%2C985&ssl=1&resize=350%2C200 1x, https:\/\/i0.wp.com\/kalot.com.mx\/site\/wp-content\/uploads\/2014\/03\/img_00.jpg?fit=1200%2C985&ssl=1&resize=525%2C300 1.5x, https:\/\/i0.wp.com\/kalot.com.mx\/site\/wp-content\/uploads\/2014\/03\/img_00.jpg?fit=1200%2C985&ssl=1&resize=700%2C400 2x, https:\/\/i0.wp.com\/kalot.com.mx\/site\/wp-content\/uploads\/2014\/03\/img_00.jpg?fit=1200%2C985&ssl=1&resize=1050%2C600 3x"},"classes":[]},{"id":13574,"url":"https:\/\/kalot.com.mx\/site\/2014\/03\/18\/semana-de-cine-erotico-clasico-en-la-cineteca-alameda\/","url_meta":{"origin":22415,"position":2},"title":"Semana de Cine Er\u00f3tico Cl\u00e1sico en la Cineteca Alameda","author":"Omar Herrera","date":"18 marzo, 2014","format":false,"excerpt":"Cineteca Alameda presenta la Semana de Cine Er\u00f3tico Cl\u00e1sico, donde a lo largo de siete d\u00edas se presentan en pantalla siete pel\u00edculas diferentes que abordan el tema del erotismo visto desde la lente de diversos directores y pa\u00edses. En esta semana, que inici\u00f3 desde el lunes 17 y culminar\u00e1 el\u2026","rel":"","context":"En &quot;Sin categor\u00eda&quot;","block_context":{"text":"Sin categor\u00eda","link":"https:\/\/kalot.com.mx\/site\/category\/sin-categoria\/"},"img":{"alt_text":"","src":"https:\/\/i0.wp.com\/kalot.com.mx\/site\/wp-content\/uploads\/2014\/03\/cine-erotico_web.jpg?fit=567%2C851&ssl=1&resize=350%2C200","width":350,"height":200,"srcset":"https:\/\/i0.wp.com\/kalot.com.mx\/site\/wp-content\/uploads\/2014\/03\/cine-erotico_web.jpg?fit=567%2C851&ssl=1&resize=350%2C200 1x, https:\/\/i0.wp.com\/kalot.com.mx\/site\/wp-content\/uploads\/2014\/03\/cine-erotico_web.jpg?fit=567%2C851&ssl=1&resize=525%2C300 1.5x"},"classes":[]},{"id":14380,"url":"https:\/\/kalot.com.mx\/site\/2014\/04\/02\/la-grande-bellezza-en-la-cineteca-alameda-estreno-exclusivo\/","url_meta":{"origin":22415,"position":3},"title":"La Grande Bellezza en la Cineteca Alameda [ESTRENO EXCLUSIVO]","author":"Omar Herrera","date":"2 abril, 2014","format":false,"excerpt":"Ganadora indiscutible del Oscar a la Mejor Pel\u00edcula Extranjera o hablada en lengua no inglesa, La Gran Belleza (La Grande Bellezza, Italia, 2013 ), dirigida por el italiano Paolo Sorrentino llegar\u00e1 a la capital potosina\u00a0del mi\u00e9rcoles 2 al domingo 6 de abril en la Cineteca Alameda. La Gran Belleza narra\u2026","rel":"","context":"En &quot;Sin categor\u00eda&quot;","block_context":{"text":"Sin categor\u00eda","link":"https:\/\/kalot.com.mx\/site\/category\/sin-categoria\/"},"img":{"alt_text":"","src":"https:\/\/i0.wp.com\/kalot.com.mx\/site\/wp-content\/uploads\/2014\/04\/hero_GreatBeauty-2013-1.jpg?fit=1200%2C500&ssl=1&resize=350%2C200","width":350,"height":200,"srcset":"https:\/\/i0.wp.com\/kalot.com.mx\/site\/wp-content\/uploads\/2014\/04\/hero_GreatBeauty-2013-1.jpg?fit=1200%2C500&ssl=1&resize=350%2C200 1x, https:\/\/i0.wp.com\/kalot.com.mx\/site\/wp-content\/uploads\/2014\/04\/hero_GreatBeauty-2013-1.jpg?fit=1200%2C500&ssl=1&resize=525%2C300 1.5x, https:\/\/i0.wp.com\/kalot.com.mx\/site\/wp-content\/uploads\/2014\/04\/hero_GreatBeauty-2013-1.jpg?fit=1200%2C500&ssl=1&resize=700%2C400 2x, https:\/\/i0.wp.com\/kalot.com.mx\/site\/wp-content\/uploads\/2014\/04\/hero_GreatBeauty-2013-1.jpg?fit=1200%2C500&ssl=1&resize=1050%2C600 3x"},"classes":[]},{"id":2082,"url":"https:\/\/kalot.com.mx\/site\/2013\/09\/20\/octubre-mes-del-rodandofilmfestival\/","url_meta":{"origin":22415,"position":4},"title":"Octubre, mes del #RodandoFilmFestival","author":"Misael Gallegos","date":"20 septiembre, 2013","format":false,"excerpt":"Regresa uno de los festivales m\u00e1s importantes de cine en la ciudad de San Luis Potos\u00ed en su tercera edici\u00f3n y se llevar\u00e1 a cabo del d\u00eda 18 al 26 de octubre en diferentes sedes de la ciudad y como principal la ic\u00f3nica \u201cCineteca alameda\u201d. Rodando Film Festival aparte de\u2026","rel":"","context":"Con 1 comentario","block_context":{"text":"Con 1 comentario","link":"https:\/\/kalot.com.mx\/site\/2013\/09\/20\/octubre-mes-del-rodandofilmfestival\/#comments"},"img":{"alt_text":"","src":"https:\/\/i0.wp.com\/kalot.com.mx\/site\/wp-content\/uploads\/2013\/09\/1185261_603953849656424_490516882_n.jpg?fit=960%2C357&ssl=1&resize=350%2C200","width":350,"height":200,"srcset":"https:\/\/i0.wp.com\/kalot.com.mx\/site\/wp-content\/uploads\/2013\/09\/1185261_603953849656424_490516882_n.jpg?fit=960%2C357&ssl=1&resize=350%2C200 1x, https:\/\/i0.wp.com\/kalot.com.mx\/site\/wp-content\/uploads\/2013\/09\/1185261_603953849656424_490516882_n.jpg?fit=960%2C357&ssl=1&resize=525%2C300 1.5x, https:\/\/i0.wp.com\/kalot.com.mx\/site\/wp-content\/uploads\/2013\/09\/1185261_603953849656424_490516882_n.jpg?fit=960%2C357&ssl=1&resize=700%2C400 2x"},"classes":[]},{"id":13298,"url":"https:\/\/kalot.com.mx\/site\/2014\/03\/12\/kill-darlings-en-la-cineteca-alameda-estreno-exclusivo\/","url_meta":{"origin":22415,"position":5},"title":"Kill Your Darlings en la Cineteca Alameda [ESTRENO EXCLUSIVO]","author":"Omar Herrera","date":"12 marzo, 2014","format":false,"excerpt":"Allen Ginsberg (Daniel Radcliffe) es un joven universitario de los a\u00f1os 40 quien entabla una peligrosa amistad con Lucien Carr (Dane DeHann). Carr ser\u00e1 el encargado de sazonar la vida del joven Ginsberg con un mundo bohemio que el joven encontrar\u00e1 fascinante, adem\u00e1s ser\u00e1 quien le presenta a William Burroughs\u2026","rel":"","context":"En &quot;Sin categor\u00eda&quot;","block_context":{"text":"Sin categor\u00eda","link":"https:\/\/kalot.com.mx\/site\/category\/sin-categoria\/"},"img":{"alt_text":"","src":"https:\/\/i0.wp.com\/kalot.com.mx\/site\/wp-content\/uploads\/2014\/03\/descarga1.jpg?fit=680%2C478&ssl=1&resize=350%2C200","width":350,"height":200,"srcset":"https:\/\/i0.wp.com\/kalot.com.mx\/site\/wp-content\/uploads\/2014\/03\/descarga1.jpg?fit=680%2C478&ssl=1&resize=350%2C200 1x, https:\/\/i0.wp.com\/kalot.com.mx\/site\/wp-content\/uploads\/2014\/03\/descarga1.jpg?fit=680%2C478&ssl=1&resize=525%2C300 1.5x"},"classes":[]}],"jetpack_sharing_enabled":true,"_links":{"self":[{"href":"https:\/\/kalot.com.mx\/site\/wp-json\/wp\/v2\/posts\/22415","targetHints":{"allow":["GET"]}}],"collection":[{"href":"https:\/\/kalot.com.mx\/site\/wp-json\/wp\/v2\/posts"}],"about":[{"href":"https:\/\/kalot.com.mx\/site\/wp-json\/wp\/v2\/types\/post"}],"author":[{"embeddable":true,"href":"https:\/\/kalot.com.mx\/site\/wp-json\/wp\/v2\/users\/18"}],"replies":[{"embeddable":true,"href":"https:\/\/kalot.com.mx\/site\/wp-json\/wp\/v2\/comments?post=22415"}],"version-history":[{"count":0,"href":"https:\/\/kalot.com.mx\/site\/wp-json\/wp\/v2\/posts\/22415\/revisions"}],"wp:featuredmedia":[{"embeddable":true,"href":"https:\/\/kalot.com.mx\/site\/wp-json\/wp\/v2\/media\/22423"}],"wp:attachment":[{"href":"https:\/\/kalot.com.mx\/site\/wp-json\/wp\/v2\/media?parent=22415"}],"wp:term":[{"taxonomy":"category","embeddable":true,"href":"https:\/\/kalot.com.mx\/site\/wp-json\/wp\/v2\/categories?post=22415"},{"taxonomy":"post_tag","embeddable":true,"href":"https:\/\/kalot.com.mx\/site\/wp-json\/wp\/v2\/tags?post=22415"}],"curies":[{"name":"wp","href":"https:\/\/api.w.org\/{rel}","templated":true}]}}