{"id":22341,"date":"2015-07-17T20:19:44","date_gmt":"2015-07-18T01:19:44","guid":{"rendered":"http:\/\/www.kalot.com.mx\/?p=22341"},"modified":"2015-07-17T20:19:44","modified_gmt":"2015-07-18T01:19:44","slug":"la-horca-peor-que-mala","status":"publish","type":"post","link":"https:\/\/kalot.com.mx\/site\/2015\/07\/17\/la-horca-peor-que-mala\/","title":{"rendered":"La Horca: Peor que Mala"},"content":{"rendered":"<p style=\"text-align: justify\">Hola amigos de Kalot, en esta ocasi\u00f3n y a diferencia de mis otras entradas, este post ser\u00e1 breve. Muy breve. Es dif\u00edcil para mi escribir sobre una pel\u00edcula que es peor que mala y no creo exagerar.<\/p>\n<p style=\"text-align: justify\">Desde hace d\u00edas se viene promocionando la pel\u00edcula \u201cLa Horca\u201d, en especial por el famoso \u201cCharlie\u201d, que resulta ser una gran atractivo publicitario.\u00a0La verdad no esperaba mucho de esta pel\u00edcula, de hecho pensaba que ser\u00eda una m\u00e1s del mont\u00f3n. No me equivoqu\u00e9.<\/p>\n<p style=\"text-align: justify\"><a href=\"https:\/\/i0.wp.com\/www.kalot.com.mx\/wp-content\/uploads\/2015\/07\/char.jpg\"><img data-recalc-dims=\"1\" fetchpriority=\"high\" decoding=\"async\" data-attachment-id=\"22344\" data-permalink=\"https:\/\/kalot.com.mx\/site\/2015\/07\/17\/la-horca-peor-que-mala\/char\/\" data-orig-file=\"https:\/\/i0.wp.com\/kalot.com.mx\/site\/wp-content\/uploads\/2015\/07\/char.jpg?fit=602%2C319&ssl=1\" data-orig-size=\"602,319\" data-comments-opened=\"1\" data-image-meta=\"{&quot;aperture&quot;:&quot;0&quot;,&quot;credit&quot;:&quot;&quot;,&quot;camera&quot;:&quot;&quot;,&quot;caption&quot;:&quot;&quot;,&quot;created_timestamp&quot;:&quot;0&quot;,&quot;copyright&quot;:&quot;&quot;,&quot;focal_length&quot;:&quot;0&quot;,&quot;iso&quot;:&quot;0&quot;,&quot;shutter_speed&quot;:&quot;0&quot;,&quot;title&quot;:&quot;&quot;,&quot;orientation&quot;:&quot;0&quot;}\" data-image-title=\"char\" data-image-description=\"\" data-image-caption=\"\" data-large-file=\"https:\/\/i0.wp.com\/kalot.com.mx\/site\/wp-content\/uploads\/2015\/07\/char.jpg?fit=602%2C319&ssl=1\" class=\" size-full wp-image-22344 aligncenter\" src=\"https:\/\/i0.wp.com\/www.kalot.com.mx\/wp-content\/uploads\/2015\/07\/char.jpg?resize=602%2C319\" alt=\"char\" width=\"602\" height=\"319\" srcset=\"https:\/\/i0.wp.com\/kalot.com.mx\/site\/wp-content\/uploads\/2015\/07\/char.jpg?w=602&ssl=1 602w, https:\/\/i0.wp.com\/kalot.com.mx\/site\/wp-content\/uploads\/2015\/07\/char.jpg?resize=300%2C159&ssl=1 300w\" sizes=\"(max-width: 602px) 100vw, 602px\" \/><\/a><\/p>\n<p style=\"text-align: justify\">La historia comienza con un \u201cv\u00eddeo casero\u201d sobre una obra de teatro que se llama \u201cLa Horca\u201d y por fallas inexplicables, termina en un terrible accidente. A\u00f1os despu\u00e9s, la escuela decide volver a poner en marcha dicha obra. El protagonista, aterrado porque es un mal actor(en la vida real tambi\u00e9n lo es), decide junto con sus amigos destruir el escenario para evitar la puesta en marcha de la obra. A todo esto, nadie tenia conocimiento de la presencia del fantasma de Charlie.<\/p>\n<p style=\"text-align: justify\"><a href=\"https:\/\/i0.wp.com\/www.kalot.com.mx\/wp-content\/uploads\/2015\/07\/LaHorca.jpg\"><img data-recalc-dims=\"1\" decoding=\"async\" data-attachment-id=\"22342\" data-permalink=\"https:\/\/kalot.com.mx\/site\/2015\/07\/17\/la-horca-peor-que-mala\/lahorca\/\" data-orig-file=\"https:\/\/i0.wp.com\/kalot.com.mx\/site\/wp-content\/uploads\/2015\/07\/LaHorca.jpg?fit=644%2C347&ssl=1\" data-orig-size=\"644,347\" data-comments-opened=\"1\" data-image-meta=\"{&quot;aperture&quot;:&quot;0&quot;,&quot;credit&quot;:&quot;&quot;,&quot;camera&quot;:&quot;&quot;,&quot;caption&quot;:&quot;&quot;,&quot;created_timestamp&quot;:&quot;0&quot;,&quot;copyright&quot;:&quot;&quot;,&quot;focal_length&quot;:&quot;0&quot;,&quot;iso&quot;:&quot;0&quot;,&quot;shutter_speed&quot;:&quot;0&quot;,&quot;title&quot;:&quot;&quot;,&quot;orientation&quot;:&quot;0&quot;}\" data-image-title=\"LaHorca\" data-image-description=\"\" data-image-caption=\"\" data-large-file=\"https:\/\/i0.wp.com\/kalot.com.mx\/site\/wp-content\/uploads\/2015\/07\/LaHorca.jpg?fit=644%2C347&ssl=1\" class=\" size-full wp-image-22342 aligncenter\" src=\"https:\/\/i0.wp.com\/www.kalot.com.mx\/wp-content\/uploads\/2015\/07\/LaHorca.jpg?resize=644%2C347\" alt=\"LaHorca\" width=\"644\" height=\"347\" srcset=\"https:\/\/i0.wp.com\/kalot.com.mx\/site\/wp-content\/uploads\/2015\/07\/LaHorca.jpg?w=644&ssl=1 644w, https:\/\/i0.wp.com\/kalot.com.mx\/site\/wp-content\/uploads\/2015\/07\/LaHorca.jpg?resize=300%2C162&ssl=1 300w\" sizes=\"(max-width: 644px) 100vw, 644px\" \/><\/a><\/p>\n<p style=\"text-align: justify\">Como si la historia no fuera p\u00e9sima por si sola, el estilo \u201cfalso documental\u201d es terrible. La mayor\u00eda del tiempo se la pasan enfocando al suelo o al techo. Nunca se muestra nada terror\u00edfico, solo ruidos y golpes por todos lados. Las actuaciones son malisimas y no transmiten nada. La pel\u00edcula es lenta y por momentos resulta imposible no querer dormirse.\u00a0Por si fuera poco, cuenta con uno de los peores y m\u00e1s predecibles finales de las pel\u00edculas de terror.<\/p>\n<p style=\"text-align: justify\">Mi recomendaci\u00f3n es que la eviten, no entretiene y ni siquiera sirve para pasar el rato. Mejor qu\u00e9dense en casa.<\/p>\n","protected":false},"excerpt":{"rendered":"Hola amigos de Kalot, en esta ocasi\u00f3n y a diferencia de mis otras entradas, este post ser\u00e1 breve.&hellip;\n","protected":false},"author":108,"featured_media":22343,"comment_status":"open","ping_status":"open","sticky":false,"template":"","format":"standard","meta":{"jetpack_post_was_ever_published":false,"_jetpack_newsletter_access":"","_jetpack_dont_email_post_to_subs":false,"_jetpack_newsletter_tier_id":0,"_jetpack_memberships_contains_paywalled_content":false,"_jetpack_memberships_contains_paid_content":false,"footnotes":"","jetpack_publicize_message":"","jetpack_publicize_feature_enabled":true,"jetpack_social_post_already_shared":true,"jetpack_social_options":{"image_generator_settings":{"template":"highway","default_image_id":0,"font":"","enabled":false},"version":2}},"categories":[],"tags":[],"class_list":{"0":"post-22341","1":"post","2":"type-post","3":"status-publish","4":"format-standard","5":"has-post-thumbnail","7":"cs-entry","8":"cs-video-wrap"},"yoast_head":"<!-- This site is optimized with the Yoast SEO plugin v27.5 - https:\/\/yoast.com\/product\/yoast-seo-wordpress\/ -->\n<title>La Horca: Peor que Mala - Kalot<\/title>\n<meta name=\"description\" content=\"Hola amigos de Kalot, en esta ocasi\u00f3n y a diferencia de mis otras entradas, este post ser\u00e1 breve. Muy breve. Es dif\u00edcil para mi escribir sobre una\" \/>\n<meta name=\"robots\" content=\"index, follow, max-snippet:-1, max-image-preview:large, max-video-preview:-1\" \/>\n<link rel=\"canonical\" href=\"https:\/\/kalot.com.mx\/site\/2015\/07\/17\/la-horca-peor-que-mala\/\" \/>\n<meta property=\"og:locale\" content=\"es_MX\" \/>\n<meta property=\"og:type\" content=\"article\" \/>\n<meta property=\"og:title\" content=\"La Horca: Peor que Mala - Kalot\" \/>\n<meta property=\"og:description\" content=\"Hola amigos de Kalot, en esta ocasi\u00f3n y a diferencia de mis otras entradas, este post ser\u00e1 breve. Muy breve. Es dif\u00edcil para mi escribir sobre una\" \/>\n<meta property=\"og:url\" content=\"https:\/\/kalot.com.mx\/site\/2015\/07\/17\/la-horca-peor-que-mala\/\" \/>\n<meta property=\"og:site_name\" content=\"Kalot\" \/>\n<meta property=\"article:publisher\" content=\"http:\/\/facebook.com\/mxkalot\" \/>\n<meta property=\"article:published_time\" content=\"2015-07-18T01:19:44+00:00\" \/>\n<meta property=\"og:image\" content=\"https:\/\/i0.wp.com\/kalot.com.mx\/site\/wp-content\/uploads\/2015\/07\/maxresdefault.jpg?fit=1567%2C883&ssl=1\" \/>\n\t<meta property=\"og:image:width\" content=\"1567\" \/>\n\t<meta property=\"og:image:height\" content=\"883\" \/>\n\t<meta property=\"og:image:type\" content=\"image\/jpeg\" \/>\n<meta name=\"author\" content=\"yash\" \/>\n<meta name=\"twitter:card\" content=\"summary_large_image\" \/>\n<meta name=\"twitter:creator\" content=\"@kalotmx\" \/>\n<meta name=\"twitter:site\" content=\"@kalotmx\" \/>\n<meta name=\"twitter:label1\" content=\"Escrito por\" \/>\n\t<meta name=\"twitter:data1\" content=\"yash\" \/>\n\t<meta name=\"twitter:label2\" content=\"Tiempo de lectura\" \/>\n\t<meta name=\"twitter:data2\" content=\"1 minuto\" \/>\n<!-- \/ Yoast SEO plugin. -->","yoast_head_json":{"title":"La Horca: Peor que Mala - Kalot","description":"Hola amigos de Kalot, en esta ocasi\u00f3n y a diferencia de mis otras entradas, este post ser\u00e1 breve. Muy breve. Es dif\u00edcil para mi escribir sobre una","robots":{"index":"index","follow":"follow","max-snippet":"max-snippet:-1","max-image-preview":"max-image-preview:large","max-video-preview":"max-video-preview:-1"},"canonical":"https:\/\/kalot.com.mx\/site\/2015\/07\/17\/la-horca-peor-que-mala\/","og_locale":"es_MX","og_type":"article","og_title":"La Horca: Peor que Mala - Kalot","og_description":"Hola amigos de Kalot, en esta ocasi\u00f3n y a diferencia de mis otras entradas, este post ser\u00e1 breve. Muy breve. Es dif\u00edcil para mi escribir sobre una","og_url":"https:\/\/kalot.com.mx\/site\/2015\/07\/17\/la-horca-peor-que-mala\/","og_site_name":"Kalot","article_publisher":"http:\/\/facebook.com\/mxkalot","article_published_time":"2015-07-18T01:19:44+00:00","og_image":[{"width":1567,"height":883,"url":"https:\/\/i0.wp.com\/kalot.com.mx\/site\/wp-content\/uploads\/2015\/07\/maxresdefault.jpg?fit=1567%2C883&ssl=1","type":"image\/jpeg"}],"author":"yash","twitter_card":"summary_large_image","twitter_creator":"@kalotmx","twitter_site":"@kalotmx","twitter_misc":{"Escrito por":"yash","Tiempo de lectura":"1 minuto"},"schema":{"@context":"https:\/\/schema.org","@graph":[{"@type":"Article","@id":"https:\/\/kalot.com.mx\/site\/2015\/07\/17\/la-horca-peor-que-mala\/#article","isPartOf":{"@id":"https:\/\/kalot.com.mx\/site\/2015\/07\/17\/la-horca-peor-que-mala\/"},"author":{"name":"yash","@id":"https:\/\/kalot.com.mx\/site\/#\/schema\/person\/1d75ba57b0359df6aee12de5a86e5b04"},"headline":"La Horca: Peor que Mala","datePublished":"2015-07-18T01:19:44+00:00","mainEntityOfPage":{"@id":"https:\/\/kalot.com.mx\/site\/2015\/07\/17\/la-horca-peor-que-mala\/"},"wordCount":289,"commentCount":1,"publisher":{"@id":"https:\/\/kalot.com.mx\/site\/#organization"},"image":{"@id":"https:\/\/kalot.com.mx\/site\/2015\/07\/17\/la-horca-peor-que-mala\/#primaryimage"},"thumbnailUrl":"https:\/\/i0.wp.com\/kalot.com.mx\/site\/wp-content\/uploads\/2015\/07\/maxresdefault.jpg?fit=1567%2C883&ssl=1","inLanguage":"es","potentialAction":[{"@type":"CommentAction","name":"Comment","target":["https:\/\/kalot.com.mx\/site\/2015\/07\/17\/la-horca-peor-que-mala\/#respond"]}]},{"@type":"WebPage","@id":"https:\/\/kalot.com.mx\/site\/2015\/07\/17\/la-horca-peor-que-mala\/","url":"https:\/\/kalot.com.mx\/site\/2015\/07\/17\/la-horca-peor-que-mala\/","name":"La Horca: Peor que Mala - Kalot","isPartOf":{"@id":"https:\/\/kalot.com.mx\/site\/#website"},"primaryImageOfPage":{"@id":"https:\/\/kalot.com.mx\/site\/2015\/07\/17\/la-horca-peor-que-mala\/#primaryimage"},"image":{"@id":"https:\/\/kalot.com.mx\/site\/2015\/07\/17\/la-horca-peor-que-mala\/#primaryimage"},"thumbnailUrl":"https:\/\/i0.wp.com\/kalot.com.mx\/site\/wp-content\/uploads\/2015\/07\/maxresdefault.jpg?fit=1567%2C883&ssl=1","datePublished":"2015-07-18T01:19:44+00:00","description":"Hola amigos de Kalot, en esta ocasi\u00f3n y a diferencia de mis otras entradas, este post ser\u00e1 breve. Muy breve. Es dif\u00edcil para mi escribir sobre una","breadcrumb":{"@id":"https:\/\/kalot.com.mx\/site\/2015\/07\/17\/la-horca-peor-que-mala\/#breadcrumb"},"inLanguage":"es","potentialAction":[{"@type":"ReadAction","target":["https:\/\/kalot.com.mx\/site\/2015\/07\/17\/la-horca-peor-que-mala\/"]}]},{"@type":"ImageObject","inLanguage":"es","@id":"https:\/\/kalot.com.mx\/site\/2015\/07\/17\/la-horca-peor-que-mala\/#primaryimage","url":"https:\/\/i0.wp.com\/kalot.com.mx\/site\/wp-content\/uploads\/2015\/07\/maxresdefault.jpg?fit=1567%2C883&ssl=1","contentUrl":"https:\/\/i0.wp.com\/kalot.com.mx\/site\/wp-content\/uploads\/2015\/07\/maxresdefault.jpg?fit=1567%2C883&ssl=1","width":1567,"height":883},{"@type":"BreadcrumbList","@id":"https:\/\/kalot.com.mx\/site\/2015\/07\/17\/la-horca-peor-que-mala\/#breadcrumb","itemListElement":[{"@type":"ListItem","position":1,"name":"Home","item":"https:\/\/kalot.com.mx\/site\/"},{"@type":"ListItem","position":2,"name":"La Horca: Peor que Mala"}]},{"@type":"WebSite","@id":"https:\/\/kalot.com.mx\/site\/#website","url":"https:\/\/kalot.com.mx\/site\/","name":"Kalot","description":"Conoce Todo Sobre Todo","publisher":{"@id":"https:\/\/kalot.com.mx\/site\/#organization"},"potentialAction":[{"@type":"SearchAction","target":{"@type":"EntryPoint","urlTemplate":"https:\/\/kalot.com.mx\/site\/?s={search_term_string}"},"query-input":{"@type":"PropertyValueSpecification","valueRequired":true,"valueName":"search_term_string"}}],"inLanguage":"es"},{"@type":"Organization","@id":"https:\/\/kalot.com.mx\/site\/#organization","name":"Kalot","url":"https:\/\/kalot.com.mx\/site\/","logo":{"@type":"ImageObject","inLanguage":"es","@id":"https:\/\/kalot.com.mx\/site\/#\/schema\/logo\/image\/","url":"https:\/\/i0.wp.com\/kalot.com.mx\/site\/wp-content\/uploads\/2020\/04\/Kalot-logo-sin-tagline.png?fit=1707%2C1014&ssl=1","contentUrl":"https:\/\/i0.wp.com\/kalot.com.mx\/site\/wp-content\/uploads\/2020\/04\/Kalot-logo-sin-tagline.png?fit=1707%2C1014&ssl=1","width":1707,"height":1014,"caption":"Kalot"},"image":{"@id":"https:\/\/kalot.com.mx\/site\/#\/schema\/logo\/image\/"},"sameAs":["http:\/\/facebook.com\/mxkalot","https:\/\/x.com\/kalotmx","http:\/\/instagram.com\/kalotmx","http:\/\/pinterest.com\/jorgeerana\/kalot"]},{"@type":"Person","@id":"https:\/\/kalot.com.mx\/site\/#\/schema\/person\/1d75ba57b0359df6aee12de5a86e5b04","name":"yash","image":{"@type":"ImageObject","inLanguage":"es","@id":"https:\/\/secure.gravatar.com\/avatar\/be80e9883aa4c662e1a435d9ba36a6fba313cea893e0d847aac2ca2290e6decb?s=96&d=mm&r=g","url":"https:\/\/secure.gravatar.com\/avatar\/be80e9883aa4c662e1a435d9ba36a6fba313cea893e0d847aac2ca2290e6decb?s=96&d=mm&r=g","contentUrl":"https:\/\/secure.gravatar.com\/avatar\/be80e9883aa4c662e1a435d9ba36a6fba313cea893e0d847aac2ca2290e6decb?s=96&d=mm&r=g","caption":"yash"},"url":"https:\/\/kalot.com.mx\/site\/author\/yash\/"}]}},"jetpack_publicize_connections":[],"jetpack_featured_media_url":"https:\/\/i0.wp.com\/kalot.com.mx\/site\/wp-content\/uploads\/2015\/07\/maxresdefault.jpg?fit=1567%2C883&ssl=1","jetpack_shortlink":"https:\/\/wp.me\/p6IHEI-5Ol","jetpack-related-posts":[{"id":23083,"url":"https:\/\/kalot.com.mx\/site\/2015\/08\/20\/demoniaco-pudo-ser-mas\/","url_meta":{"origin":22341,"position":0},"title":"Demon\u00edaco: Pudo Ser M\u00e1s","author":"yash","date":"20 agosto, 2015","format":false,"excerpt":"Demon\u00edaco o Demonic, como gusten llamarla, se ha estrenado en M\u00e9xico y nos ha dejado algunas cosas interesantes que valen la pena revisar. Como ya lo he dicho en anteriores ocasiones, hacer (buen) cine de terror hoy en d\u00eda resulta una tarea dif\u00edcil, ya que generalmente se opta por lo\u2026","rel":"","context":"Entrada similar ","block_context":{"text":"Entrada similar ","link":""},"img":{"alt_text":"","src":"https:\/\/i0.wp.com\/kalot.com.mx\/site\/wp-content\/uploads\/2015\/08\/Demonic4.jpg?fit=1200%2C799&ssl=1&resize=350%2C200","width":350,"height":200,"srcset":"https:\/\/i0.wp.com\/kalot.com.mx\/site\/wp-content\/uploads\/2015\/08\/Demonic4.jpg?fit=1200%2C799&ssl=1&resize=350%2C200 1x, https:\/\/i0.wp.com\/kalot.com.mx\/site\/wp-content\/uploads\/2015\/08\/Demonic4.jpg?fit=1200%2C799&ssl=1&resize=525%2C300 1.5x, https:\/\/i0.wp.com\/kalot.com.mx\/site\/wp-content\/uploads\/2015\/08\/Demonic4.jpg?fit=1200%2C799&ssl=1&resize=700%2C400 2x, https:\/\/i0.wp.com\/kalot.com.mx\/site\/wp-content\/uploads\/2015\/08\/Demonic4.jpg?fit=1200%2C799&ssl=1&resize=1050%2C600 3x"},"classes":[]},{"id":19793,"url":"https:\/\/kalot.com.mx\/site\/2014\/12\/30\/the-interview-una-mala-pelicula\/","url_meta":{"origin":22341,"position":1},"title":"The Interview: Una Mala Pelicula","author":"yash","date":"30 diciembre, 2014","format":false,"excerpt":"Las expectativas sobre \"The Interview\" eran muy altas y todo esto a ra\u00edz de la amenazas en contra de Sony; esto \"benefici\u00f3\" a la cinta con publicidad por todas partes (en especial de las redes sociales), de la noche a la ma\u00f1ana se convirti\u00f3 en un s\u00edmbolo que \"luchaba\" contra\u2026","rel":"","context":"Con 1 comentario","block_context":{"text":"Con 1 comentario","link":"https:\/\/kalot.com.mx\/site\/2014\/12\/30\/the-interview-una-mala-pelicula\/#comments"},"img":{"alt_text":"","src":"https:\/\/i0.wp.com\/kalot.com.mx\/site\/wp-content\/uploads\/2014\/12\/the-interview-2.png?fit=851%2C315&ssl=1&resize=350%2C200","width":350,"height":200,"srcset":"https:\/\/i0.wp.com\/kalot.com.mx\/site\/wp-content\/uploads\/2014\/12\/the-interview-2.png?fit=851%2C315&ssl=1&resize=350%2C200 1x, https:\/\/i0.wp.com\/kalot.com.mx\/site\/wp-content\/uploads\/2014\/12\/the-interview-2.png?fit=851%2C315&ssl=1&resize=525%2C300 1.5x, https:\/\/i0.wp.com\/kalot.com.mx\/site\/wp-content\/uploads\/2014\/12\/the-interview-2.png?fit=851%2C315&ssl=1&resize=700%2C400 2x"},"classes":[]},{"id":10585,"url":"https:\/\/kalot.com.mx\/site\/2014\/01\/28\/diana-resena\/","url_meta":{"origin":22341,"position":2},"title":"Diana [Rese\u00f1a]","author":"Beto Mart\u00ednez","date":"28 enero, 2014","format":false,"excerpt":"Descartar solo porque s\u00ed a esta pel\u00edcula es una mala decisi\u00f3n, los cr\u00edticos de cine tendr\u00e1n sus razones, pero en mi muy particular punto de vista la pel\u00edcula no es mala, est\u00e1 repleta de buenas tomas, y la actuaci\u00f3n de Naomi Watts es bastante buena. Diana es una pel\u00edcula biogr\u00e1fica\u2026","rel":"","context":"En &quot;Sin categor\u00eda&quot;","block_context":{"text":"Sin categor\u00eda","link":"https:\/\/kalot.com.mx\/site\/category\/sin-categoria\/"},"img":{"alt_text":"","src":"https:\/\/i0.wp.com\/kalot.com.mx\/site\/wp-content\/uploads\/2014\/01\/Diana1.jpg?fit=840%2C1200&ssl=1&resize=350%2C200","width":350,"height":200,"srcset":"https:\/\/i0.wp.com\/kalot.com.mx\/site\/wp-content\/uploads\/2014\/01\/Diana1.jpg?fit=840%2C1200&ssl=1&resize=350%2C200 1x, https:\/\/i0.wp.com\/kalot.com.mx\/site\/wp-content\/uploads\/2014\/01\/Diana1.jpg?fit=840%2C1200&ssl=1&resize=525%2C300 1.5x, https:\/\/i0.wp.com\/kalot.com.mx\/site\/wp-content\/uploads\/2014\/01\/Diana1.jpg?fit=840%2C1200&ssl=1&resize=700%2C400 2x"},"classes":[]},{"id":14837,"url":"https:\/\/kalot.com.mx\/site\/2014\/04\/13\/perversion-abuso-del-poder-tortura-y-mas-salo-o-120-dias-de-sodoma-analisis-elmanuelgamez\/","url_meta":{"origin":22341,"position":3},"title":"Perversi\u00f3n, Abuso del Poder, Tortura y M\u00e1s; Salo o 120 D\u00edas de Sodoma ANALISIS (@ElManuelGamez)","author":"Manuel Gamez","date":"13 abril, 2014","format":false,"excerpt":"Salo o 120 D\u00edas de Sodoma no es una de esas pel\u00edculas para ver con tu abuelita, aunque esta sea de su \u00e9poca, a menos que quieras ver sus reacciones ante las escenas grotescas, traumantes y perturbadoras que tiene esta pel\u00edcula, por lo tanto no es apto para todo p\u00fablico,\u2026","rel":"","context":"En &quot;Sin categor\u00eda&quot;","block_context":{"text":"Sin categor\u00eda","link":"https:\/\/kalot.com.mx\/site\/category\/sin-categoria\/"},"img":{"alt_text":"","src":"https:\/\/i0.wp.com\/kalot.com.mx\/site\/wp-content\/uploads\/2014\/04\/Salo-Portada.jpg?fit=1200%2C784&ssl=1&resize=350%2C200","width":350,"height":200,"srcset":"https:\/\/i0.wp.com\/kalot.com.mx\/site\/wp-content\/uploads\/2014\/04\/Salo-Portada.jpg?fit=1200%2C784&ssl=1&resize=350%2C200 1x, https:\/\/i0.wp.com\/kalot.com.mx\/site\/wp-content\/uploads\/2014\/04\/Salo-Portada.jpg?fit=1200%2C784&ssl=1&resize=525%2C300 1.5x, https:\/\/i0.wp.com\/kalot.com.mx\/site\/wp-content\/uploads\/2014\/04\/Salo-Portada.jpg?fit=1200%2C784&ssl=1&resize=700%2C400 2x, https:\/\/i0.wp.com\/kalot.com.mx\/site\/wp-content\/uploads\/2014\/04\/Salo-Portada.jpg?fit=1200%2C784&ssl=1&resize=1050%2C600 3x"},"classes":[]},{"id":22349,"url":"https:\/\/kalot.com.mx\/site\/2015\/07\/18\/laspeorespeliculasde-terror\/","url_meta":{"origin":22341,"position":4},"title":"#LasPeoresPel\u00edculasDe Terror","author":"yash","date":"18 julio, 2015","format":false,"excerpt":"Ha pasado mucho tiempo desde que hice un top sobre malas pel\u00edculas (#LasPeoresPel\u00edculasDe Navidad) y en esta ocasi\u00f3n quise retomarlo y hacer uno nuevo. El terror es un genero que, en los \u00faltimos a\u00f1os, ha venido de m\u00e1s a menos. Remakes,\u00a0reboots, secuelas, secuelas que se hacen muchos a\u00f1os despu\u00e9s de\u2026","rel":"","context":"Entrada similar ","block_context":{"text":"Entrada similar ","link":""},"img":{"alt_text":"","src":"https:\/\/i0.wp.com\/kalot.com.mx\/site\/wp-content\/uploads\/2015\/07\/Portada2.jpg?fit=1200%2C675&ssl=1&resize=350%2C200","width":350,"height":200,"srcset":"https:\/\/i0.wp.com\/kalot.com.mx\/site\/wp-content\/uploads\/2015\/07\/Portada2.jpg?fit=1200%2C675&ssl=1&resize=350%2C200 1x, https:\/\/i0.wp.com\/kalot.com.mx\/site\/wp-content\/uploads\/2015\/07\/Portada2.jpg?fit=1200%2C675&ssl=1&resize=525%2C300 1.5x, https:\/\/i0.wp.com\/kalot.com.mx\/site\/wp-content\/uploads\/2015\/07\/Portada2.jpg?fit=1200%2C675&ssl=1&resize=700%2C400 2x, https:\/\/i0.wp.com\/kalot.com.mx\/site\/wp-content\/uploads\/2015\/07\/Portada2.jpg?fit=1200%2C675&ssl=1&resize=1050%2C600 3x"},"classes":[]},{"id":14518,"url":"https:\/\/kalot.com.mx\/site\/2014\/04\/06\/critica-divergente\/","url_meta":{"origin":22341,"position":5},"title":"Cr\u00edtica: &#8220;Divergente&#8221;","author":"Ivan Mendez","date":"6 abril, 2014","format":false,"excerpt":"Y si la fui a ver.\u00a0 No le\u00ed el libro pero no estamos hablando de la forma en que una pel\u00edcula transciende a la pantalla grande, es el filme el que recibi\u00f3 solo un 40% de \u201cfrescura\u201d por parte del reconocido sitio de cr\u00edtica de cine Rotten Tomatoes Despu\u00e9s de\u2026","rel":"","context":"Entrada similar ","block_context":{"text":"Entrada similar ","link":""},"img":{"alt_text":"","src":"https:\/\/i0.wp.com\/kalot.com.mx\/site\/wp-content\/uploads\/2014\/04\/5ef9c4da0d92472a87cfb1bdae2aaeca_DIVERGENT_Tris.jpg?fit=1024%2C907&ssl=1&resize=350%2C200","width":350,"height":200,"srcset":"https:\/\/i0.wp.com\/kalot.com.mx\/site\/wp-content\/uploads\/2014\/04\/5ef9c4da0d92472a87cfb1bdae2aaeca_DIVERGENT_Tris.jpg?fit=1024%2C907&ssl=1&resize=350%2C200 1x, https:\/\/i0.wp.com\/kalot.com.mx\/site\/wp-content\/uploads\/2014\/04\/5ef9c4da0d92472a87cfb1bdae2aaeca_DIVERGENT_Tris.jpg?fit=1024%2C907&ssl=1&resize=525%2C300 1.5x, https:\/\/i0.wp.com\/kalot.com.mx\/site\/wp-content\/uploads\/2014\/04\/5ef9c4da0d92472a87cfb1bdae2aaeca_DIVERGENT_Tris.jpg?fit=1024%2C907&ssl=1&resize=700%2C400 2x"},"classes":[]}],"jetpack_sharing_enabled":true,"_links":{"self":[{"href":"https:\/\/kalot.com.mx\/site\/wp-json\/wp\/v2\/posts\/22341","targetHints":{"allow":["GET"]}}],"collection":[{"href":"https:\/\/kalot.com.mx\/site\/wp-json\/wp\/v2\/posts"}],"about":[{"href":"https:\/\/kalot.com.mx\/site\/wp-json\/wp\/v2\/types\/post"}],"author":[{"embeddable":true,"href":"https:\/\/kalot.com.mx\/site\/wp-json\/wp\/v2\/users\/108"}],"replies":[{"embeddable":true,"href":"https:\/\/kalot.com.mx\/site\/wp-json\/wp\/v2\/comments?post=22341"}],"version-history":[{"count":0,"href":"https:\/\/kalot.com.mx\/site\/wp-json\/wp\/v2\/posts\/22341\/revisions"}],"wp:featuredmedia":[{"embeddable":true,"href":"https:\/\/kalot.com.mx\/site\/wp-json\/wp\/v2\/media\/22343"}],"wp:attachment":[{"href":"https:\/\/kalot.com.mx\/site\/wp-json\/wp\/v2\/media?parent=22341"}],"wp:term":[{"taxonomy":"category","embeddable":true,"href":"https:\/\/kalot.com.mx\/site\/wp-json\/wp\/v2\/categories?post=22341"},{"taxonomy":"post_tag","embeddable":true,"href":"https:\/\/kalot.com.mx\/site\/wp-json\/wp\/v2\/tags?post=22341"}],"curies":[{"name":"wp","href":"https:\/\/api.w.org\/{rel}","templated":true}]}}