{"id":22319,"date":"2015-07-16T19:39:41","date_gmt":"2015-07-17T00:39:41","guid":{"rendered":"http:\/\/www.kalot.com.mx\/?p=22319"},"modified":"2015-07-16T19:39:41","modified_gmt":"2015-07-17T00:39:41","slug":"andy-muschietti-podria-dirigir-el-remake-de-it","status":"publish","type":"post","link":"https:\/\/kalot.com.mx\/site\/2015\/07\/16\/andy-muschietti-podria-dirigir-el-remake-de-it\/","title":{"rendered":"Andy Muschietti Podr\u00eda Dirigir el Remake de &#8220;It&#8221;"},"content":{"rendered":"<p style=\"text-align: justify\">Andy Muschietti (director de Mam\u00e1) se encuentra en platicas para convertirse en el nuevo director del remake de It. Cary Fukunaga, quien hab\u00eda sido designado para dirigir la cinta, abandon\u00f3 el proyecto por diferencias creativas con el estudio.<\/p>\n<p style=\"text-align: justify\">El proyecto se hab\u00eda quedado en pausa y los productores de New Line; Dan Lin, Roy Lee, Seth Grahame-Smith, Jeffrey Katzenberg se dedicaron a buscar a un nuevo director. Ahora se ha dicho que el elegido es Andy Muschietti, quien trabaj\u00f3 con Guillermo del Toro en la pel\u00edcula Mam\u00e1.<\/p>\n<p style=\"text-align: justify\"><a href=\"https:\/\/i0.wp.com\/www.kalot.com.mx\/wp-content\/uploads\/2015\/07\/it2.jpg\"><img data-recalc-dims=\"1\" fetchpriority=\"high\" decoding=\"async\" data-attachment-id=\"22320\" data-permalink=\"https:\/\/kalot.com.mx\/site\/2015\/07\/16\/andy-muschietti-podria-dirigir-el-remake-de-it\/it2\/\" data-orig-file=\"https:\/\/i0.wp.com\/kalot.com.mx\/site\/wp-content\/uploads\/2015\/07\/it2.jpg?fit=1600%2C900&amp;ssl=1\" data-orig-size=\"1600,900\" data-comments-opened=\"1\" data-image-meta=\"{&quot;aperture&quot;:&quot;0&quot;,&quot;credit&quot;:&quot;&quot;,&quot;camera&quot;:&quot;&quot;,&quot;caption&quot;:&quot;&quot;,&quot;created_timestamp&quot;:&quot;0&quot;,&quot;copyright&quot;:&quot;&quot;,&quot;focal_length&quot;:&quot;0&quot;,&quot;iso&quot;:&quot;0&quot;,&quot;shutter_speed&quot;:&quot;0&quot;,&quot;title&quot;:&quot;&quot;,&quot;orientation&quot;:&quot;0&quot;}\" data-image-title=\"it2\" data-image-description=\"\" data-image-caption=\"\" data-large-file=\"https:\/\/i0.wp.com\/kalot.com.mx\/site\/wp-content\/uploads\/2015\/07\/it2.jpg?fit=1024%2C576&amp;ssl=1\" class=\" size-large wp-image-22320 aligncenter\" src=\"https:\/\/i0.wp.com\/www.kalot.com.mx\/wp-content\/uploads\/2015\/07\/it2-1024x576.jpg?resize=730%2C411\" alt=\"it2\" width=\"730\" height=\"411\" srcset=\"https:\/\/i0.wp.com\/kalot.com.mx\/site\/wp-content\/uploads\/2015\/07\/it2.jpg?resize=1024%2C576&amp;ssl=1 1024w, https:\/\/i0.wp.com\/kalot.com.mx\/site\/wp-content\/uploads\/2015\/07\/it2.jpg?resize=300%2C169&amp;ssl=1 300w, https:\/\/i0.wp.com\/kalot.com.mx\/site\/wp-content\/uploads\/2015\/07\/it2.jpg?resize=810%2C456&amp;ssl=1 810w, https:\/\/i0.wp.com\/kalot.com.mx\/site\/wp-content\/uploads\/2015\/07\/it2.jpg?resize=1140%2C641&amp;ssl=1 1140w, https:\/\/i0.wp.com\/kalot.com.mx\/site\/wp-content\/uploads\/2015\/07\/it2.jpg?w=1600&amp;ssl=1 1600w\" sizes=\"(max-width: 730px) 100vw, 730px\" \/><\/a><\/p>\n<p style=\"text-align: justify\">La producci\u00f3n ten\u00eda planeado empezar a rodar en Junio pero debido a la salida de\u00a0Fukunaga se retras\u00f3 todo. Aun as\u00ed, sigue en pie dividir la pel\u00edcula en dos partes. Una mostrar\u00e1 los sucesos con el peque\u00f1o grupo de ni\u00f1os y la otra ya cuando son adultos.\u00a0Adem\u00e1s, se inform\u00f3 que <a href=\"http:\/\/www.kalot.com.mx\/2015\/05\/06\/will-poulter-sera-pennywise\/\">Will Poulter, el actor que encarnar\u00eda al payaso\u00a0Pennywise<\/a>\u00a0tambi\u00e9n\u00a0podr\u00eda abandonar el proyecto debido a otros trabajos que tiene en marcha.\u00a0New Line comenzar\u00e1 la b\u00fasqueda de un nuevo escritor para adaptar un gui\u00f3n a la visi\u00f3n de Muschietti.<\/p>\n<p style=\"text-align: justify\">Parece ser que los problemas no cesan con este remake.\u00a0\u00bfCrees que logren hacer un buen trabajo?<\/p>\n<p style=\"text-align: justify\">\n<p style=\"text-align: justify\">Informaci\u00f3n:\u00a0<a href=\"http:\/\/bloody-disgusting.com\/news\/3353646\/stephen-kings-finds-new-director\/\">bloody-disgusting.com<\/a><\/p>\n","protected":false},"excerpt":{"rendered":"Andy Muschietti (director de Mam\u00e1) se encuentra en platicas para convertirse en el nuevo director del remake de&hellip;\n","protected":false},"author":108,"featured_media":22321,"comment_status":"open","ping_status":"open","sticky":false,"template":"","format":"standard","meta":{"jetpack_post_was_ever_published":false,"_jetpack_newsletter_access":"","_jetpack_dont_email_post_to_subs":false,"_jetpack_newsletter_tier_id":0,"_jetpack_memberships_contains_paywalled_content":false,"_jetpack_memberships_contains_paid_content":false,"footnotes":"","jetpack_publicize_message":"","jetpack_publicize_feature_enabled":true,"jetpack_social_post_already_shared":true,"jetpack_social_options":{"image_generator_settings":{"template":"highway","default_image_id":0,"font":"","enabled":false},"version":2}},"categories":[],"tags":[],"class_list":{"0":"post-22319","1":"post","2":"type-post","3":"status-publish","4":"format-standard","5":"has-post-thumbnail","7":"cs-entry","8":"cs-video-wrap"},"yoast_head":"<!-- This site is optimized with the Yoast SEO plugin v27.4 - https:\/\/yoast.com\/product\/yoast-seo-wordpress\/ -->\n<title>Andy Muschietti Podr\u00eda Dirigir el Remake de &quot;It&quot; - Kalot<\/title>\n<meta name=\"description\" content=\"Andy Muschietti (director de Mam\u00e1) se encuentra en platicas para convertirse en el nuevo director del remake de It. Cary Fukunaga, quien hab\u00eda sido\" \/>\n<meta name=\"robots\" content=\"index, follow, max-snippet:-1, max-image-preview:large, max-video-preview:-1\" \/>\n<link rel=\"canonical\" href=\"https:\/\/kalot.com.mx\/site\/2015\/07\/16\/andy-muschietti-podria-dirigir-el-remake-de-it\/\" \/>\n<meta property=\"og:locale\" content=\"es_MX\" \/>\n<meta property=\"og:type\" content=\"article\" \/>\n<meta property=\"og:title\" content=\"Andy Muschietti Podr\u00eda Dirigir el Remake de &quot;It&quot; - Kalot\" \/>\n<meta property=\"og:description\" content=\"Andy Muschietti (director de Mam\u00e1) se encuentra en platicas para convertirse en el nuevo director del remake de It. Cary Fukunaga, quien hab\u00eda sido\" \/>\n<meta property=\"og:url\" content=\"https:\/\/kalot.com.mx\/site\/2015\/07\/16\/andy-muschietti-podria-dirigir-el-remake-de-it\/\" \/>\n<meta property=\"og:site_name\" content=\"Kalot\" \/>\n<meta property=\"article:publisher\" content=\"http:\/\/facebook.com\/mxkalot\" \/>\n<meta property=\"article:published_time\" content=\"2015-07-17T00:39:41+00:00\" \/>\n<meta property=\"og:image\" content=\"https:\/\/i1.wp.com\/kalot.com.mx\/site\/wp-content\/uploads\/2015\/07\/It.jpg?fit=1920%2C1080&ssl=1\" \/>\n\t<meta property=\"og:image:width\" content=\"1920\" \/>\n\t<meta property=\"og:image:height\" content=\"1080\" \/>\n\t<meta property=\"og:image:type\" content=\"image\/jpeg\" \/>\n<meta name=\"author\" content=\"yash\" \/>\n<meta name=\"twitter:card\" content=\"summary_large_image\" \/>\n<meta name=\"twitter:creator\" content=\"@kalotmx\" \/>\n<meta name=\"twitter:site\" content=\"@kalotmx\" \/>\n<meta name=\"twitter:label1\" content=\"Escrito por\" \/>\n\t<meta name=\"twitter:data1\" content=\"yash\" \/>\n\t<meta name=\"twitter:label2\" content=\"Tiempo de lectura\" \/>\n\t<meta name=\"twitter:data2\" content=\"1 minuto\" \/>\n<!-- \/ Yoast SEO plugin. -->","yoast_head_json":{"title":"Andy Muschietti Podr\u00eda Dirigir el Remake de \"It\" - Kalot","description":"Andy Muschietti (director de Mam\u00e1) se encuentra en platicas para convertirse en el nuevo director del remake de It. Cary Fukunaga, quien hab\u00eda sido","robots":{"index":"index","follow":"follow","max-snippet":"max-snippet:-1","max-image-preview":"max-image-preview:large","max-video-preview":"max-video-preview:-1"},"canonical":"https:\/\/kalot.com.mx\/site\/2015\/07\/16\/andy-muschietti-podria-dirigir-el-remake-de-it\/","og_locale":"es_MX","og_type":"article","og_title":"Andy Muschietti Podr\u00eda Dirigir el Remake de \"It\" - Kalot","og_description":"Andy Muschietti (director de Mam\u00e1) se encuentra en platicas para convertirse en el nuevo director del remake de It. Cary Fukunaga, quien hab\u00eda sido","og_url":"https:\/\/kalot.com.mx\/site\/2015\/07\/16\/andy-muschietti-podria-dirigir-el-remake-de-it\/","og_site_name":"Kalot","article_publisher":"http:\/\/facebook.com\/mxkalot","article_published_time":"2015-07-17T00:39:41+00:00","og_image":[{"width":1920,"height":1080,"url":"https:\/\/i1.wp.com\/kalot.com.mx\/site\/wp-content\/uploads\/2015\/07\/It.jpg?fit=1920%2C1080&ssl=1","type":"image\/jpeg"}],"author":"yash","twitter_card":"summary_large_image","twitter_creator":"@kalotmx","twitter_site":"@kalotmx","twitter_misc":{"Escrito por":"yash","Tiempo de lectura":"1 minuto"},"schema":{"@context":"https:\/\/schema.org","@graph":[{"@type":"Article","@id":"https:\/\/kalot.com.mx\/site\/2015\/07\/16\/andy-muschietti-podria-dirigir-el-remake-de-it\/#article","isPartOf":{"@id":"https:\/\/kalot.com.mx\/site\/2015\/07\/16\/andy-muschietti-podria-dirigir-el-remake-de-it\/"},"author":{"name":"yash","@id":"https:\/\/kalot.com.mx\/site\/#\/schema\/person\/1d75ba57b0359df6aee12de5a86e5b04"},"headline":"Andy Muschietti Podr\u00eda Dirigir el Remake de &#8220;It&#8221;","datePublished":"2015-07-17T00:39:41+00:00","mainEntityOfPage":{"@id":"https:\/\/kalot.com.mx\/site\/2015\/07\/16\/andy-muschietti-podria-dirigir-el-remake-de-it\/"},"wordCount":223,"commentCount":0,"publisher":{"@id":"https:\/\/kalot.com.mx\/site\/#organization"},"image":{"@id":"https:\/\/kalot.com.mx\/site\/2015\/07\/16\/andy-muschietti-podria-dirigir-el-remake-de-it\/#primaryimage"},"thumbnailUrl":"https:\/\/i0.wp.com\/kalot.com.mx\/site\/wp-content\/uploads\/2015\/07\/It.jpg?fit=1920%2C1080&ssl=1","inLanguage":"es","potentialAction":[{"@type":"CommentAction","name":"Comment","target":["https:\/\/kalot.com.mx\/site\/2015\/07\/16\/andy-muschietti-podria-dirigir-el-remake-de-it\/#respond"]}]},{"@type":"WebPage","@id":"https:\/\/kalot.com.mx\/site\/2015\/07\/16\/andy-muschietti-podria-dirigir-el-remake-de-it\/","url":"https:\/\/kalot.com.mx\/site\/2015\/07\/16\/andy-muschietti-podria-dirigir-el-remake-de-it\/","name":"Andy Muschietti Podr\u00eda Dirigir el Remake de \"It\" - Kalot","isPartOf":{"@id":"https:\/\/kalot.com.mx\/site\/#website"},"primaryImageOfPage":{"@id":"https:\/\/kalot.com.mx\/site\/2015\/07\/16\/andy-muschietti-podria-dirigir-el-remake-de-it\/#primaryimage"},"image":{"@id":"https:\/\/kalot.com.mx\/site\/2015\/07\/16\/andy-muschietti-podria-dirigir-el-remake-de-it\/#primaryimage"},"thumbnailUrl":"https:\/\/i0.wp.com\/kalot.com.mx\/site\/wp-content\/uploads\/2015\/07\/It.jpg?fit=1920%2C1080&ssl=1","datePublished":"2015-07-17T00:39:41+00:00","description":"Andy Muschietti (director de Mam\u00e1) se encuentra en platicas para convertirse en el nuevo director del remake de It. Cary Fukunaga, quien hab\u00eda sido","breadcrumb":{"@id":"https:\/\/kalot.com.mx\/site\/2015\/07\/16\/andy-muschietti-podria-dirigir-el-remake-de-it\/#breadcrumb"},"inLanguage":"es","potentialAction":[{"@type":"ReadAction","target":["https:\/\/kalot.com.mx\/site\/2015\/07\/16\/andy-muschietti-podria-dirigir-el-remake-de-it\/"]}]},{"@type":"ImageObject","inLanguage":"es","@id":"https:\/\/kalot.com.mx\/site\/2015\/07\/16\/andy-muschietti-podria-dirigir-el-remake-de-it\/#primaryimage","url":"https:\/\/i0.wp.com\/kalot.com.mx\/site\/wp-content\/uploads\/2015\/07\/It.jpg?fit=1920%2C1080&ssl=1","contentUrl":"https:\/\/i0.wp.com\/kalot.com.mx\/site\/wp-content\/uploads\/2015\/07\/It.jpg?fit=1920%2C1080&ssl=1","width":1920,"height":1080},{"@type":"BreadcrumbList","@id":"https:\/\/kalot.com.mx\/site\/2015\/07\/16\/andy-muschietti-podria-dirigir-el-remake-de-it\/#breadcrumb","itemListElement":[{"@type":"ListItem","position":1,"name":"Home","item":"https:\/\/kalot.com.mx\/site\/"},{"@type":"ListItem","position":2,"name":"Andy Muschietti Podr\u00eda Dirigir el Remake de &#8220;It&#8221;"}]},{"@type":"WebSite","@id":"https:\/\/kalot.com.mx\/site\/#website","url":"https:\/\/kalot.com.mx\/site\/","name":"Kalot","description":"Conoce Todo Sobre Todo","publisher":{"@id":"https:\/\/kalot.com.mx\/site\/#organization"},"potentialAction":[{"@type":"SearchAction","target":{"@type":"EntryPoint","urlTemplate":"https:\/\/kalot.com.mx\/site\/?s={search_term_string}"},"query-input":{"@type":"PropertyValueSpecification","valueRequired":true,"valueName":"search_term_string"}}],"inLanguage":"es"},{"@type":"Organization","@id":"https:\/\/kalot.com.mx\/site\/#organization","name":"Kalot","url":"https:\/\/kalot.com.mx\/site\/","logo":{"@type":"ImageObject","inLanguage":"es","@id":"https:\/\/kalot.com.mx\/site\/#\/schema\/logo\/image\/","url":"https:\/\/i0.wp.com\/kalot.com.mx\/site\/wp-content\/uploads\/2020\/04\/Kalot-logo-sin-tagline.png?fit=1707%2C1014&ssl=1","contentUrl":"https:\/\/i0.wp.com\/kalot.com.mx\/site\/wp-content\/uploads\/2020\/04\/Kalot-logo-sin-tagline.png?fit=1707%2C1014&ssl=1","width":1707,"height":1014,"caption":"Kalot"},"image":{"@id":"https:\/\/kalot.com.mx\/site\/#\/schema\/logo\/image\/"},"sameAs":["http:\/\/facebook.com\/mxkalot","https:\/\/x.com\/kalotmx","http:\/\/instagram.com\/kalotmx","http:\/\/pinterest.com\/jorgeerana\/kalot"]},{"@type":"Person","@id":"https:\/\/kalot.com.mx\/site\/#\/schema\/person\/1d75ba57b0359df6aee12de5a86e5b04","name":"yash","image":{"@type":"ImageObject","inLanguage":"es","@id":"https:\/\/secure.gravatar.com\/avatar\/be80e9883aa4c662e1a435d9ba36a6fba313cea893e0d847aac2ca2290e6decb?s=96&d=mm&r=g","url":"https:\/\/secure.gravatar.com\/avatar\/be80e9883aa4c662e1a435d9ba36a6fba313cea893e0d847aac2ca2290e6decb?s=96&d=mm&r=g","contentUrl":"https:\/\/secure.gravatar.com\/avatar\/be80e9883aa4c662e1a435d9ba36a6fba313cea893e0d847aac2ca2290e6decb?s=96&d=mm&r=g","caption":"yash"},"url":"https:\/\/kalot.com.mx\/site\/author\/yash\/"}]}},"jetpack_publicize_connections":[],"jetpack_featured_media_url":"https:\/\/i0.wp.com\/kalot.com.mx\/site\/wp-content\/uploads\/2015\/07\/It.jpg?fit=1920%2C1080&ssl=1","jetpack_shortlink":"https:\/\/wp.me\/p6IHEI-5NZ","jetpack-related-posts":[{"id":26723,"url":"https:\/\/kalot.com.mx\/site\/2016\/12\/26\/nueva-imagen-del-remake\/","url_meta":{"origin":22319,"position":0},"title":"Nueva imagen del remake de &#8220;Eso&#8221;","author":"yash","date":"26 diciembre, 2016","format":false,"excerpt":"New Line Cinema ha lanzado la primera imagen oficial de Pennywise desde la \u00faltima adaptaci\u00f3n de Stephen King. Bill Skarsgard interpreta a Pennywise, el monstruo de alcantarilla que atormentar\u00e1 a varios ni\u00f1os en la peque\u00f1a ciudad de Maine. Llegar\u00e1 a\u00a0los cines el pr\u00f3ximo 8 de septiembre de 2017. \"En un\u2026","rel":"","context":"En &quot;Cine&quot;","block_context":{"text":"Cine","link":"https:\/\/kalot.com.mx\/site\/category\/cine\/"},"img":{"alt_text":"","src":"https:\/\/i0.wp.com\/kalot.com.mx\/site\/wp-content\/uploads\/2016\/12\/Stephen-King-It.jpg?fit=1080%2C720&ssl=1&resize=350%2C200","width":350,"height":200,"srcset":"https:\/\/i0.wp.com\/kalot.com.mx\/site\/wp-content\/uploads\/2016\/12\/Stephen-King-It.jpg?fit=1080%2C720&ssl=1&resize=350%2C200 1x, https:\/\/i0.wp.com\/kalot.com.mx\/site\/wp-content\/uploads\/2016\/12\/Stephen-King-It.jpg?fit=1080%2C720&ssl=1&resize=525%2C300 1.5x, https:\/\/i0.wp.com\/kalot.com.mx\/site\/wp-content\/uploads\/2016\/12\/Stephen-King-It.jpg?fit=1080%2C720&ssl=1&resize=700%2C400 2x, https:\/\/i0.wp.com\/kalot.com.mx\/site\/wp-content\/uploads\/2016\/12\/Stephen-King-It.jpg?fit=1080%2C720&ssl=1&resize=1050%2C600 3x"},"classes":[]},{"id":25809,"url":"https:\/\/kalot.com.mx\/site\/2016\/08\/16\/nueva-imagen-del-payaso-pennywise-revelada\/","url_meta":{"origin":22319,"position":1},"title":"\u00a1Nueva imagen del payaso Pennywise revelada!","author":"yash","date":"16 agosto, 2016","format":false,"excerpt":"El terrible payaso asesino de la adaptaci\u00f3n dirigida por\u00a0Andy Muschietti ya tiene nuevo rostro y traje. Hace unos d\u00edas, el rostro del payaso\u00a0Pennywise hab\u00eda sido revelado, ahora su nuevo traje y aspecto por fin ven la luz. EW habl\u00f3 con el dise\u00f1ador de vestuario Janie Bryant y explica que el\u2026","rel":"","context":"En &quot;Cine&quot;","block_context":{"text":"Cine","link":"https:\/\/kalot.com.mx\/site\/category\/cine\/"},"img":{"alt_text":"","src":"https:\/\/i0.wp.com\/kalot.com.mx\/site\/wp-content\/uploads\/2016\/08\/i2.wp.combitcast-a-sm.bitgravity.comslashfilmwpwp-contentimagespennywise-first-look1-700x300-57f1c78f8e9118f1e0b4044a5e4dce33ac8c3d85.jpg?fit=700%2C300&ssl=1&resize=350%2C200","width":350,"height":200,"srcset":"https:\/\/i0.wp.com\/kalot.com.mx\/site\/wp-content\/uploads\/2016\/08\/i2.wp.combitcast-a-sm.bitgravity.comslashfilmwpwp-contentimagespennywise-first-look1-700x300-57f1c78f8e9118f1e0b4044a5e4dce33ac8c3d85.jpg?fit=700%2C300&ssl=1&resize=350%2C200 1x, https:\/\/i0.wp.com\/kalot.com.mx\/site\/wp-content\/uploads\/2016\/08\/i2.wp.combitcast-a-sm.bitgravity.comslashfilmwpwp-contentimagespennywise-first-look1-700x300-57f1c78f8e9118f1e0b4044a5e4dce33ac8c3d85.jpg?fit=700%2C300&ssl=1&resize=525%2C300 1.5x, https:\/\/i0.wp.com\/kalot.com.mx\/site\/wp-content\/uploads\/2016\/08\/i2.wp.combitcast-a-sm.bitgravity.comslashfilmwpwp-contentimagespennywise-first-look1-700x300-57f1c78f8e9118f1e0b4044a5e4dce33ac8c3d85.jpg?fit=700%2C300&ssl=1&resize=700%2C400 2x"},"classes":[]},{"id":21429,"url":"https:\/\/kalot.com.mx\/site\/2015\/05\/06\/will-poulter-sera-pennywise\/","url_meta":{"origin":22319,"position":2},"title":"Will Poulter Ser\u00e1 &#8220;Pennywise&#8221;","author":"yash","date":"6 mayo, 2015","format":false,"excerpt":"\u00a1Vuelve el payaso maldito! Con la puesta en marcha del remake de \"It\" (Eso), faltaba elegir al encargado de retomar el papel que\u00a0Tim Curry interpret\u00f3 de manera majestuosa en 1990.\u00a0De acuerdo con el portal Variety, ser\u00e1 el actor ingl\u00e9s de 22 a\u00f1os,Will Poulter el protagonista de la nueva cinta de\u2026","rel":"","context":"Con 1 comentario","block_context":{"text":"Con 1 comentario","link":"https:\/\/kalot.com.mx\/site\/2015\/05\/06\/will-poulter-sera-pennywise\/#comments"},"img":{"alt_text":"","src":"https:\/\/i0.wp.com\/kalot.com.mx\/site\/wp-content\/uploads\/2015\/05\/WILL-POULTER-.jpg?fit=700%2C442&ssl=1&resize=350%2C200","width":350,"height":200,"srcset":"https:\/\/i0.wp.com\/kalot.com.mx\/site\/wp-content\/uploads\/2015\/05\/WILL-POULTER-.jpg?fit=700%2C442&ssl=1&resize=350%2C200 1x, https:\/\/i0.wp.com\/kalot.com.mx\/site\/wp-content\/uploads\/2015\/05\/WILL-POULTER-.jpg?fit=700%2C442&ssl=1&resize=525%2C300 1.5x, https:\/\/i0.wp.com\/kalot.com.mx\/site\/wp-content\/uploads\/2015\/05\/WILL-POULTER-.jpg?fit=700%2C442&ssl=1&resize=700%2C400 2x"},"classes":[]},{"id":25763,"url":"https:\/\/kalot.com.mx\/site\/2016\/08\/08\/remake-viernes-13-consigue-nuevo-director\/","url_meta":{"origin":22319,"position":3},"title":"El remake de &#8220;Viernes 13&#8221; consigue un nuevo director","author":"yash","date":"8 agosto, 2016","format":false,"excerpt":"El portal Deadline adelanta que el director de \"El \u00faltimo Cazador de Brujas\" se encuentra en pl\u00e1ticas muy avanzadas para dirigir el remake de \"Viernes 13\". Deadline\u00a0\u00a0acaba de anunciar que el proyecto para \"rehacer\" la saga de Viernes 13 tiene un nuevo rumbo y es que parece que el director\u00a0Breck\u2026","rel":"","context":"En &quot;Cine&quot;","block_context":{"text":"Cine","link":"https:\/\/kalot.com.mx\/site\/category\/cine\/"},"img":{"alt_text":"","src":"https:\/\/i0.wp.com\/kalot.com.mx\/site\/wp-content\/uploads\/2016\/08\/4793914-7557949285-maxre.jpg?fit=1200%2C675&ssl=1&resize=350%2C200","width":350,"height":200,"srcset":"https:\/\/i0.wp.com\/kalot.com.mx\/site\/wp-content\/uploads\/2016\/08\/4793914-7557949285-maxre.jpg?fit=1200%2C675&ssl=1&resize=350%2C200 1x, https:\/\/i0.wp.com\/kalot.com.mx\/site\/wp-content\/uploads\/2016\/08\/4793914-7557949285-maxre.jpg?fit=1200%2C675&ssl=1&resize=525%2C300 1.5x, https:\/\/i0.wp.com\/kalot.com.mx\/site\/wp-content\/uploads\/2016\/08\/4793914-7557949285-maxre.jpg?fit=1200%2C675&ssl=1&resize=700%2C400 2x, https:\/\/i0.wp.com\/kalot.com.mx\/site\/wp-content\/uploads\/2016\/08\/4793914-7557949285-maxre.jpg?fit=1200%2C675&ssl=1&resize=1050%2C600 3x"},"classes":[]},{"id":22578,"url":"https:\/\/kalot.com.mx\/site\/2015\/07\/28\/listo-el-primer-borrador-del-remake-de-viernes13\/","url_meta":{"origin":22319,"position":4},"title":"Listo el Primer Borrador del Remake de #Viernes13","author":"yash","date":"28 julio, 2015","format":false,"excerpt":"Nick Antosca, quien colabora en \u201cHannibal\", ha informado que ya entreg\u00f3 a la producci\u00f3n el primer borrador de lo que ser\u00e1 el gui\u00f3n de la nueva pel\u00edcula de Viernes 13. Se ha dicho que ser\u00e1 un nuevo remake de la cinta original; no tendr\u00e1 nada que ver con lo hecho\u2026","rel":"","context":"Con 1 comentario","block_context":{"text":"Con 1 comentario","link":"https:\/\/kalot.com.mx\/site\/2015\/07\/28\/listo-el-primer-borrador-del-remake-de-viernes13\/#comments"},"img":{"alt_text":"","src":"https:\/\/i0.wp.com\/kalot.com.mx\/site\/wp-content\/uploads\/2015\/07\/jason-friday-the-13th-122763.jpg?fit=1200%2C675&ssl=1&resize=350%2C200","width":350,"height":200,"srcset":"https:\/\/i0.wp.com\/kalot.com.mx\/site\/wp-content\/uploads\/2015\/07\/jason-friday-the-13th-122763.jpg?fit=1200%2C675&ssl=1&resize=350%2C200 1x, https:\/\/i0.wp.com\/kalot.com.mx\/site\/wp-content\/uploads\/2015\/07\/jason-friday-the-13th-122763.jpg?fit=1200%2C675&ssl=1&resize=525%2C300 1.5x, https:\/\/i0.wp.com\/kalot.com.mx\/site\/wp-content\/uploads\/2015\/07\/jason-friday-the-13th-122763.jpg?fit=1200%2C675&ssl=1&resize=700%2C400 2x, https:\/\/i0.wp.com\/kalot.com.mx\/site\/wp-content\/uploads\/2015\/07\/jason-friday-the-13th-122763.jpg?fit=1200%2C675&ssl=1&resize=1050%2C600 3x"},"classes":[]},{"id":22416,"url":"https:\/\/kalot.com.mx\/site\/2015\/07\/21\/the-good-dinosaur-la-nueva-pelicula-de-pixar\/","url_meta":{"origin":22319,"position":5},"title":"The Good Dinosaur: La Nueva Pel\u00edcula de Pixar","author":"yash","date":"21 julio, 2015","format":false,"excerpt":"The Good Dinosaur es el titulo de la siguiente pel\u00edcula de Disney-Pixar que se estrenar\u00e1 a finales del mes de Noviembre. Esta pel\u00edcula tratar\u00e1 la historia de un dinosaurio que se hace amigo de un ni\u00f1o\u00a0cavern\u00edcola con el que viajar\u00e1 por el mundo. Estar\u00e1 ambientada en un universo donde el\u2026","rel":"","context":"Entrada similar ","block_context":{"text":"Entrada similar ","link":""},"img":{"alt_text":"","src":"https:\/\/i0.wp.com\/kalot.com.mx\/site\/wp-content\/uploads\/2015\/07\/Dinosaurio.jpg?fit=1200%2C502&ssl=1&resize=350%2C200","width":350,"height":200,"srcset":"https:\/\/i0.wp.com\/kalot.com.mx\/site\/wp-content\/uploads\/2015\/07\/Dinosaurio.jpg?fit=1200%2C502&ssl=1&resize=350%2C200 1x, https:\/\/i0.wp.com\/kalot.com.mx\/site\/wp-content\/uploads\/2015\/07\/Dinosaurio.jpg?fit=1200%2C502&ssl=1&resize=525%2C300 1.5x, https:\/\/i0.wp.com\/kalot.com.mx\/site\/wp-content\/uploads\/2015\/07\/Dinosaurio.jpg?fit=1200%2C502&ssl=1&resize=700%2C400 2x, https:\/\/i0.wp.com\/kalot.com.mx\/site\/wp-content\/uploads\/2015\/07\/Dinosaurio.jpg?fit=1200%2C502&ssl=1&resize=1050%2C600 3x"},"classes":[]}],"jetpack_sharing_enabled":true,"_links":{"self":[{"href":"https:\/\/kalot.com.mx\/site\/wp-json\/wp\/v2\/posts\/22319","targetHints":{"allow":["GET"]}}],"collection":[{"href":"https:\/\/kalot.com.mx\/site\/wp-json\/wp\/v2\/posts"}],"about":[{"href":"https:\/\/kalot.com.mx\/site\/wp-json\/wp\/v2\/types\/post"}],"author":[{"embeddable":true,"href":"https:\/\/kalot.com.mx\/site\/wp-json\/wp\/v2\/users\/108"}],"replies":[{"embeddable":true,"href":"https:\/\/kalot.com.mx\/site\/wp-json\/wp\/v2\/comments?post=22319"}],"version-history":[{"count":0,"href":"https:\/\/kalot.com.mx\/site\/wp-json\/wp\/v2\/posts\/22319\/revisions"}],"wp:featuredmedia":[{"embeddable":true,"href":"https:\/\/kalot.com.mx\/site\/wp-json\/wp\/v2\/media\/22321"}],"wp:attachment":[{"href":"https:\/\/kalot.com.mx\/site\/wp-json\/wp\/v2\/media?parent=22319"}],"wp:term":[{"taxonomy":"category","embeddable":true,"href":"https:\/\/kalot.com.mx\/site\/wp-json\/wp\/v2\/categories?post=22319"},{"taxonomy":"post_tag","embeddable":true,"href":"https:\/\/kalot.com.mx\/site\/wp-json\/wp\/v2\/tags?post=22319"}],"curies":[{"name":"wp","href":"https:\/\/api.w.org\/{rel}","templated":true}]}}