{"id":22219,"date":"2015-07-11T13:55:51","date_gmt":"2015-07-11T18:55:51","guid":{"rendered":"http:\/\/www.kalot.com.mx\/?p=22219"},"modified":"2015-07-11T13:55:51","modified_gmt":"2015-07-11T18:55:51","slug":"confirman-pelicula-de-thekillingjoke","status":"publish","type":"post","link":"https:\/\/kalot.com.mx\/site\/2015\/07\/11\/confirman-pelicula-de-thekillingjoke\/","title":{"rendered":"Confirman Pel\u00edcula de #TheKillingJoke"},"content":{"rendered":"<p style=\"text-align: justify\">La Comic-Con 2015 sigue dando de que hablar y en esta ocasi\u00f3n DC se vuelve robar los reflectores con el anuncio de tres nuevas pel\u00edculas animadas.<\/p>\n<p style=\"text-align: justify\">Pero la noticia de mayor ruido fue que entre estas tres pel\u00edculas se encuentra una que estar\u00e1 basada en el exitoso c\u00f3mic de\u00a0Batman: The Killing Joke (La Broma Asesina)\u00a0<span style=\"line-height: 1.5\">escrito por Alan Moore y publicado en 1988. El director de este proyecto ser\u00e1\u00a0Bruce Timm. Todo ello<\/span>\u00a0fue publicado en la cuenta oficial de DC.<\/p>\n<blockquote class=\"twitter-tweet\" data-width=\"550\" data-dnt=\"true\">\n<p lang=\"en\" dir=\"ltr\">Batman: The Killing Joke will be getting an animated home video adaptation in 2016. Read it all here: <a href=\"http:\/\/t.co\/J3xrlscmjq\">http:\/\/t.co\/J3xrlscmjq<\/a><\/p>\n<p>&mdash; DC (@DCComics) <a href=\"https:\/\/twitter.com\/DCComics\/status\/619864712075984897?ref_src=twsrc%5Etfw\">July 11, 2015<\/a><\/p><\/blockquote>\n<p><script async src=\"https:\/\/platform.twitter.com\/widgets.js\" charset=\"utf-8\"><\/script><\/p>\n<p style=\"text-align: justify\">El comic nos cuenta el origen tr\u00e1gico del Guas\u00f3n y es considerada por muchos como una las mejores historias en el universo de Batman, adem\u00e1s de estar envuelta en la pol\u00e9mica y la controversia por presentar a un Guas\u00f3n muy oscuro que no duda en disparar a Batichica o torturar de manera cruel al Comisionado Gordon.<\/p>\n<p style=\"text-align: justify\"><a href=\"https:\/\/i0.wp.com\/www.kalot.com.mx\/wp-content\/uploads\/2015\/07\/killing-joke-joker-takes-pictures.jpg\"><img data-recalc-dims=\"1\" fetchpriority=\"high\" decoding=\"async\" data-attachment-id=\"22221\" data-permalink=\"https:\/\/kalot.com.mx\/site\/2015\/07\/11\/confirman-pelicula-de-thekillingjoke\/killing-joke-joker-takes-pictures\/\" data-orig-file=\"https:\/\/i0.wp.com\/kalot.com.mx\/site\/wp-content\/uploads\/2015\/07\/killing-joke-joker-takes-pictures.jpg?fit=1810%2C945&amp;ssl=1\" data-orig-size=\"1810,945\" data-comments-opened=\"1\" data-image-meta=\"{&quot;aperture&quot;:&quot;0&quot;,&quot;credit&quot;:&quot;&quot;,&quot;camera&quot;:&quot;Canon MX700 series Network&quot;,&quot;caption&quot;:&quot;&quot;,&quot;created_timestamp&quot;:&quot;1380373754&quot;,&quot;copyright&quot;:&quot;&quot;,&quot;focal_length&quot;:&quot;0&quot;,&quot;iso&quot;:&quot;0&quot;,&quot;shutter_speed&quot;:&quot;0&quot;,&quot;title&quot;:&quot;&quot;,&quot;orientation&quot;:&quot;1&quot;}\" data-image-title=\"killing-joke\" data-image-description=\"\" data-image-caption=\"\" data-large-file=\"https:\/\/i0.wp.com\/kalot.com.mx\/site\/wp-content\/uploads\/2015\/07\/killing-joke-joker-takes-pictures.jpg?fit=1024%2C535&amp;ssl=1\" class=\" size-large wp-image-22221 aligncenter\" src=\"https:\/\/i0.wp.com\/www.kalot.com.mx\/wp-content\/uploads\/2015\/07\/killing-joke-joker-takes-pictures-1024x535.jpg?resize=730%2C381\" alt=\"killing-joke\" width=\"730\" height=\"381\" srcset=\"https:\/\/i0.wp.com\/kalot.com.mx\/site\/wp-content\/uploads\/2015\/07\/killing-joke-joker-takes-pictures.jpg?resize=1024%2C535&amp;ssl=1 1024w, https:\/\/i0.wp.com\/kalot.com.mx\/site\/wp-content\/uploads\/2015\/07\/killing-joke-joker-takes-pictures.jpg?resize=768%2C401&amp;ssl=1 768w, https:\/\/i0.wp.com\/kalot.com.mx\/site\/wp-content\/uploads\/2015\/07\/killing-joke-joker-takes-pictures.jpg?resize=1536%2C802&amp;ssl=1 1536w, https:\/\/i0.wp.com\/kalot.com.mx\/site\/wp-content\/uploads\/2015\/07\/killing-joke-joker-takes-pictures.jpg?resize=380%2C198&amp;ssl=1 380w, https:\/\/i0.wp.com\/kalot.com.mx\/site\/wp-content\/uploads\/2015\/07\/killing-joke-joker-takes-pictures.jpg?resize=800%2C418&amp;ssl=1 800w, https:\/\/i0.wp.com\/kalot.com.mx\/site\/wp-content\/uploads\/2015\/07\/killing-joke-joker-takes-pictures.jpg?resize=1160%2C606&amp;ssl=1 1160w, https:\/\/i0.wp.com\/kalot.com.mx\/site\/wp-content\/uploads\/2015\/07\/killing-joke-joker-takes-pictures.jpg?resize=300%2C157&amp;ssl=1 300w, https:\/\/i0.wp.com\/kalot.com.mx\/site\/wp-content\/uploads\/2015\/07\/killing-joke-joker-takes-pictures.jpg?resize=810%2C423&amp;ssl=1 810w, https:\/\/i0.wp.com\/kalot.com.mx\/site\/wp-content\/uploads\/2015\/07\/killing-joke-joker-takes-pictures.jpg?resize=1140%2C595&amp;ssl=1 1140w, https:\/\/i0.wp.com\/kalot.com.mx\/site\/wp-content\/uploads\/2015\/07\/killing-joke-joker-takes-pictures.jpg?resize=375%2C195&amp;ssl=1 375w, https:\/\/i0.wp.com\/kalot.com.mx\/site\/wp-content\/uploads\/2015\/07\/killing-joke-joker-takes-pictures.jpg?w=1810&amp;ssl=1 1810w\" sizes=\"(max-width: 730px) 100vw, 730px\" \/><\/a><\/p>\n<p style=\"text-align: justify\">2016 ser\u00e1 el a\u00f1o en el que esta cinta de Batman vea la luz y estar\u00e1 acompa\u00f1ada de\u00a0otras dos:\u00a0Bad Blood (donde aparecer\u00e1 Batichica) y Justice League vs Titans, as\u00ed lo confirm\u00f3 DC en su cuenta de Twitter:<\/p>\n<blockquote class=\"twitter-tweet\" data-width=\"550\" data-dnt=\"true\">\n<p lang=\"en\" dir=\"ltr\">Other animated films announced for 2016 &#8211; Batman: Bad Blood featuring Batwoman, and Justice League vs Titans! <a href=\"https:\/\/twitter.com\/hashtag\/DCSDCC?src=hash&amp;ref_src=twsrc%5Etfw\">#DCSDCC<\/a><\/p>\n<p>&mdash; DC (@DCComics) <a href=\"https:\/\/twitter.com\/DCComics\/status\/619717467078725632?ref_src=twsrc%5Etfw\">July 11, 2015<\/a><\/p><\/blockquote>\n<p><script async src=\"https:\/\/platform.twitter.com\/widgets.js\" charset=\"utf-8\"><\/script><\/p>\n","protected":false},"excerpt":{"rendered":"La Comic-Con 2015 sigue dando de que hablar y en esta ocasi\u00f3n DC se vuelve robar los reflectores&hellip;\n","protected":false},"author":108,"featured_media":22220,"comment_status":"open","ping_status":"open","sticky":false,"template":"","format":"standard","meta":{"jetpack_post_was_ever_published":false,"_jetpack_newsletter_access":"","_jetpack_dont_email_post_to_subs":false,"_jetpack_newsletter_tier_id":0,"_jetpack_memberships_contains_paywalled_content":false,"_jetpack_memberships_contains_paid_content":false,"footnotes":"","jetpack_publicize_message":"","jetpack_publicize_feature_enabled":true,"jetpack_social_post_already_shared":true,"jetpack_social_options":{"image_generator_settings":{"template":"highway","default_image_id":0,"font":"","enabled":false},"version":2}},"categories":[],"tags":[],"class_list":{"0":"post-22219","1":"post","2":"type-post","3":"status-publish","4":"format-standard","5":"has-post-thumbnail","7":"cs-entry","8":"cs-video-wrap"},"yoast_head":"<!-- This site is optimized with the Yoast SEO plugin v27.5 - https:\/\/yoast.com\/product\/yoast-seo-wordpress\/ -->\n<title>Confirman Pel\u00edcula de #TheKillingJoke - Kalot<\/title>\n<meta name=\"description\" content=\"La Comic-Con 2015 sigue dando de que hablar y en esta ocasi\u00f3n DC se vuelve robar los reflectores con el anuncio de tres nuevas pel\u00edculas animadas. Pero la\" \/>\n<meta name=\"robots\" content=\"index, follow, max-snippet:-1, max-image-preview:large, max-video-preview:-1\" \/>\n<link rel=\"canonical\" href=\"https:\/\/kalot.com.mx\/site\/2015\/07\/11\/confirman-pelicula-de-thekillingjoke\/\" \/>\n<meta property=\"og:locale\" content=\"es_MX\" \/>\n<meta property=\"og:type\" content=\"article\" \/>\n<meta property=\"og:title\" content=\"Confirman Pel\u00edcula de #TheKillingJoke - Kalot\" \/>\n<meta property=\"og:description\" content=\"La Comic-Con 2015 sigue dando de que hablar y en esta ocasi\u00f3n DC se vuelve robar los reflectores con el anuncio de tres nuevas pel\u00edculas animadas. Pero la\" \/>\n<meta property=\"og:url\" content=\"https:\/\/kalot.com.mx\/site\/2015\/07\/11\/confirman-pelicula-de-thekillingjoke\/\" \/>\n<meta property=\"og:site_name\" content=\"Kalot\" \/>\n<meta property=\"article:publisher\" content=\"http:\/\/facebook.com\/mxkalot\" \/>\n<meta property=\"article:published_time\" content=\"2015-07-11T18:55:51+00:00\" \/>\n<meta property=\"og:image\" content=\"https:\/\/i2.wp.com\/kalot.com.mx\/site\/wp-content\/uploads\/2015\/07\/Batman3.jpg?fit=1600%2C1200&ssl=1\" \/>\n\t<meta property=\"og:image:width\" content=\"1600\" \/>\n\t<meta property=\"og:image:height\" content=\"1200\" \/>\n\t<meta property=\"og:image:type\" content=\"image\/jpeg\" \/>\n<meta name=\"author\" content=\"yash\" \/>\n<meta name=\"twitter:card\" content=\"summary_large_image\" \/>\n<meta name=\"twitter:creator\" content=\"@kalotmx\" \/>\n<meta name=\"twitter:site\" content=\"@kalotmx\" \/>\n<meta name=\"twitter:label1\" content=\"Escrito por\" \/>\n\t<meta name=\"twitter:data1\" content=\"yash\" \/>\n\t<meta name=\"twitter:label2\" content=\"Tiempo de lectura\" \/>\n\t<meta name=\"twitter:data2\" content=\"1 minuto\" \/>\n<!-- \/ Yoast SEO plugin. -->","yoast_head_json":{"title":"Confirman Pel\u00edcula de #TheKillingJoke - Kalot","description":"La Comic-Con 2015 sigue dando de que hablar y en esta ocasi\u00f3n DC se vuelve robar los reflectores con el anuncio de tres nuevas pel\u00edculas animadas. Pero la","robots":{"index":"index","follow":"follow","max-snippet":"max-snippet:-1","max-image-preview":"max-image-preview:large","max-video-preview":"max-video-preview:-1"},"canonical":"https:\/\/kalot.com.mx\/site\/2015\/07\/11\/confirman-pelicula-de-thekillingjoke\/","og_locale":"es_MX","og_type":"article","og_title":"Confirman Pel\u00edcula de #TheKillingJoke - Kalot","og_description":"La Comic-Con 2015 sigue dando de que hablar y en esta ocasi\u00f3n DC se vuelve robar los reflectores con el anuncio de tres nuevas pel\u00edculas animadas. Pero la","og_url":"https:\/\/kalot.com.mx\/site\/2015\/07\/11\/confirman-pelicula-de-thekillingjoke\/","og_site_name":"Kalot","article_publisher":"http:\/\/facebook.com\/mxkalot","article_published_time":"2015-07-11T18:55:51+00:00","og_image":[{"width":1600,"height":1200,"url":"https:\/\/i2.wp.com\/kalot.com.mx\/site\/wp-content\/uploads\/2015\/07\/Batman3.jpg?fit=1600%2C1200&ssl=1","type":"image\/jpeg"}],"author":"yash","twitter_card":"summary_large_image","twitter_creator":"@kalotmx","twitter_site":"@kalotmx","twitter_misc":{"Escrito por":"yash","Tiempo de lectura":"1 minuto"},"schema":{"@context":"https:\/\/schema.org","@graph":[{"@type":"Article","@id":"https:\/\/kalot.com.mx\/site\/2015\/07\/11\/confirman-pelicula-de-thekillingjoke\/#article","isPartOf":{"@id":"https:\/\/kalot.com.mx\/site\/2015\/07\/11\/confirman-pelicula-de-thekillingjoke\/"},"author":{"name":"yash","@id":"https:\/\/kalot.com.mx\/site\/#\/schema\/person\/1d75ba57b0359df6aee12de5a86e5b04"},"headline":"Confirman Pel\u00edcula de #TheKillingJoke","datePublished":"2015-07-11T18:55:51+00:00","mainEntityOfPage":{"@id":"https:\/\/kalot.com.mx\/site\/2015\/07\/11\/confirman-pelicula-de-thekillingjoke\/"},"wordCount":204,"commentCount":0,"publisher":{"@id":"https:\/\/kalot.com.mx\/site\/#organization"},"image":{"@id":"https:\/\/kalot.com.mx\/site\/2015\/07\/11\/confirman-pelicula-de-thekillingjoke\/#primaryimage"},"thumbnailUrl":"https:\/\/i0.wp.com\/kalot.com.mx\/site\/wp-content\/uploads\/2015\/07\/Batman3.jpg?fit=1600%2C1200&ssl=1","inLanguage":"es","potentialAction":[{"@type":"CommentAction","name":"Comment","target":["https:\/\/kalot.com.mx\/site\/2015\/07\/11\/confirman-pelicula-de-thekillingjoke\/#respond"]}]},{"@type":"WebPage","@id":"https:\/\/kalot.com.mx\/site\/2015\/07\/11\/confirman-pelicula-de-thekillingjoke\/","url":"https:\/\/kalot.com.mx\/site\/2015\/07\/11\/confirman-pelicula-de-thekillingjoke\/","name":"Confirman Pel\u00edcula de #TheKillingJoke - Kalot","isPartOf":{"@id":"https:\/\/kalot.com.mx\/site\/#website"},"primaryImageOfPage":{"@id":"https:\/\/kalot.com.mx\/site\/2015\/07\/11\/confirman-pelicula-de-thekillingjoke\/#primaryimage"},"image":{"@id":"https:\/\/kalot.com.mx\/site\/2015\/07\/11\/confirman-pelicula-de-thekillingjoke\/#primaryimage"},"thumbnailUrl":"https:\/\/i0.wp.com\/kalot.com.mx\/site\/wp-content\/uploads\/2015\/07\/Batman3.jpg?fit=1600%2C1200&ssl=1","datePublished":"2015-07-11T18:55:51+00:00","description":"La Comic-Con 2015 sigue dando de que hablar y en esta ocasi\u00f3n DC se vuelve robar los reflectores con el anuncio de tres nuevas pel\u00edculas animadas. Pero la","breadcrumb":{"@id":"https:\/\/kalot.com.mx\/site\/2015\/07\/11\/confirman-pelicula-de-thekillingjoke\/#breadcrumb"},"inLanguage":"es","potentialAction":[{"@type":"ReadAction","target":["https:\/\/kalot.com.mx\/site\/2015\/07\/11\/confirman-pelicula-de-thekillingjoke\/"]}]},{"@type":"ImageObject","inLanguage":"es","@id":"https:\/\/kalot.com.mx\/site\/2015\/07\/11\/confirman-pelicula-de-thekillingjoke\/#primaryimage","url":"https:\/\/i0.wp.com\/kalot.com.mx\/site\/wp-content\/uploads\/2015\/07\/Batman3.jpg?fit=1600%2C1200&ssl=1","contentUrl":"https:\/\/i0.wp.com\/kalot.com.mx\/site\/wp-content\/uploads\/2015\/07\/Batman3.jpg?fit=1600%2C1200&ssl=1","width":1600,"height":1200},{"@type":"BreadcrumbList","@id":"https:\/\/kalot.com.mx\/site\/2015\/07\/11\/confirman-pelicula-de-thekillingjoke\/#breadcrumb","itemListElement":[{"@type":"ListItem","position":1,"name":"Home","item":"https:\/\/kalot.com.mx\/site\/"},{"@type":"ListItem","position":2,"name":"Confirman Pel\u00edcula de #TheKillingJoke"}]},{"@type":"WebSite","@id":"https:\/\/kalot.com.mx\/site\/#website","url":"https:\/\/kalot.com.mx\/site\/","name":"Kalot","description":"Conoce Todo Sobre Todo","publisher":{"@id":"https:\/\/kalot.com.mx\/site\/#organization"},"potentialAction":[{"@type":"SearchAction","target":{"@type":"EntryPoint","urlTemplate":"https:\/\/kalot.com.mx\/site\/?s={search_term_string}"},"query-input":{"@type":"PropertyValueSpecification","valueRequired":true,"valueName":"search_term_string"}}],"inLanguage":"es"},{"@type":"Organization","@id":"https:\/\/kalot.com.mx\/site\/#organization","name":"Kalot","url":"https:\/\/kalot.com.mx\/site\/","logo":{"@type":"ImageObject","inLanguage":"es","@id":"https:\/\/kalot.com.mx\/site\/#\/schema\/logo\/image\/","url":"https:\/\/i0.wp.com\/kalot.com.mx\/site\/wp-content\/uploads\/2020\/04\/Kalot-logo-sin-tagline.png?fit=1707%2C1014&ssl=1","contentUrl":"https:\/\/i0.wp.com\/kalot.com.mx\/site\/wp-content\/uploads\/2020\/04\/Kalot-logo-sin-tagline.png?fit=1707%2C1014&ssl=1","width":1707,"height":1014,"caption":"Kalot"},"image":{"@id":"https:\/\/kalot.com.mx\/site\/#\/schema\/logo\/image\/"},"sameAs":["http:\/\/facebook.com\/mxkalot","https:\/\/x.com\/kalotmx","http:\/\/instagram.com\/kalotmx","http:\/\/pinterest.com\/jorgeerana\/kalot"]},{"@type":"Person","@id":"https:\/\/kalot.com.mx\/site\/#\/schema\/person\/1d75ba57b0359df6aee12de5a86e5b04","name":"yash","image":{"@type":"ImageObject","inLanguage":"es","@id":"https:\/\/secure.gravatar.com\/avatar\/be80e9883aa4c662e1a435d9ba36a6fba313cea893e0d847aac2ca2290e6decb?s=96&d=mm&r=g","url":"https:\/\/secure.gravatar.com\/avatar\/be80e9883aa4c662e1a435d9ba36a6fba313cea893e0d847aac2ca2290e6decb?s=96&d=mm&r=g","contentUrl":"https:\/\/secure.gravatar.com\/avatar\/be80e9883aa4c662e1a435d9ba36a6fba313cea893e0d847aac2ca2290e6decb?s=96&d=mm&r=g","caption":"yash"},"url":"https:\/\/kalot.com.mx\/site\/author\/yash\/"}]}},"jetpack_publicize_connections":[],"jetpack_featured_media_url":"https:\/\/i0.wp.com\/kalot.com.mx\/site\/wp-content\/uploads\/2015\/07\/Batman3.jpg?fit=1600%2C1200&ssl=1","jetpack_shortlink":"https:\/\/wp.me\/p6IHEI-5Mn","jetpack-related-posts":[{"id":25701,"url":"https:\/\/kalot.com.mx\/site\/2016\/08\/05\/laresena-escuadron-suicida\/","url_meta":{"origin":22219,"position":0},"title":"#LaRese\u00f1a: Escuadr\u00f3n Suicida","author":"yash","date":"5 agosto, 2016","format":false,"excerpt":"Escuadr\u00f3n Suicida trata de recuperar para DC lo perdido con BvS. Lamentablemente, esta cinta tambi\u00e9n falla aunque tiene algunas cosas positivas. Promet\u00eda ser la pel\u00edcula que devolver\u00eda a DC al puesto n\u00famero uno de las pel\u00edculas de superheroes. Ten\u00eda una buena historia acompa\u00f1ada de un gran elenco, adem\u00e1s, la aparici\u00f3n\u2026","rel":"","context":"En &quot;Cine&quot;","block_context":{"text":"Cine","link":"https:\/\/kalot.com.mx\/site\/category\/cine\/"},"img":{"alt_text":"","src":"https:\/\/i0.wp.com\/kalot.com.mx\/site\/wp-content\/uploads\/2016\/08\/suicide-squad.jpg?fit=800%2C400&ssl=1&resize=350%2C200","width":350,"height":200,"srcset":"https:\/\/i0.wp.com\/kalot.com.mx\/site\/wp-content\/uploads\/2016\/08\/suicide-squad.jpg?fit=800%2C400&ssl=1&resize=350%2C200 1x, https:\/\/i0.wp.com\/kalot.com.mx\/site\/wp-content\/uploads\/2016\/08\/suicide-squad.jpg?fit=800%2C400&ssl=1&resize=525%2C300 1.5x, https:\/\/i0.wp.com\/kalot.com.mx\/site\/wp-content\/uploads\/2016\/08\/suicide-squad.jpg?fit=800%2C400&ssl=1&resize=700%2C400 2x"},"classes":[]},{"id":21282,"url":"https:\/\/kalot.com.mx\/site\/2015\/04\/26\/primera-imagen-de-jared-leto-como-el-guason\/","url_meta":{"origin":22219,"position":1},"title":"Primera Imagen de Jared Leto Como &#8220;El Guas\u00f3n&#8221;","author":"yash","date":"26 abril, 2015","format":false,"excerpt":"Despu\u00e9s de tanto misterio, despu\u00e9s de im\u00e1genes confusas, despu\u00e9s de algunas fotograf\u00edas filtradas, finalmente el Guas\u00f3n de\u00a0Jared Leto es revelado. La imagen fue un regalo por parte del director de la cinta\u00a0David Ayer a todos los fans, con motivo del 75 Aniversario del Joker. Debo admitir mi sorpresa, desde que\u2026","rel":"","context":"Entrada similar ","block_context":{"text":"Entrada similar ","link":""},"img":{"alt_text":"","src":"https:\/\/i0.wp.com\/kalot.com.mx\/site\/wp-content\/uploads\/2015\/04\/Joker-2.jpg?fit=800%2C600&ssl=1&resize=350%2C200","width":350,"height":200,"srcset":"https:\/\/i0.wp.com\/kalot.com.mx\/site\/wp-content\/uploads\/2015\/04\/Joker-2.jpg?fit=800%2C600&ssl=1&resize=350%2C200 1x, https:\/\/i0.wp.com\/kalot.com.mx\/site\/wp-content\/uploads\/2015\/04\/Joker-2.jpg?fit=800%2C600&ssl=1&resize=525%2C300 1.5x, https:\/\/i0.wp.com\/kalot.com.mx\/site\/wp-content\/uploads\/2015\/04\/Joker-2.jpg?fit=800%2C600&ssl=1&resize=700%2C400 2x"},"classes":[]},{"id":20420,"url":"https:\/\/kalot.com.mx\/site\/2015\/02\/16\/el-guason-en-gotham\/","url_meta":{"origin":22219,"position":2},"title":"\u00bfEl Guas\u00f3n en Gotham?","author":"yash","date":"16 febrero, 2015","format":false,"excerpt":"Cuando muchos pens\u00e1bamos que la serie de\u00a0Gotham iba demasiado lenta y que estaba por debajo de las expectativas, un promo de 30 segundos emitido la semana pasada dej\u00f3 a m\u00e1s de uno perplejo. Efectivamente, un promo de 30 segundos fue suficiente para que las miradas apuntaran nuevamente a la serie\u2026","rel":"","context":"Entrada similar ","block_context":{"text":"Entrada similar ","link":""},"img":{"alt_text":"","src":"https:\/\/i0.wp.com\/kalot.com.mx\/site\/wp-content\/uploads\/2015\/02\/Gotham-Young-Joker-Trailer-Reveal.jpg?fit=620%2C320&ssl=1&resize=350%2C200","width":350,"height":200,"srcset":"https:\/\/i0.wp.com\/kalot.com.mx\/site\/wp-content\/uploads\/2015\/02\/Gotham-Young-Joker-Trailer-Reveal.jpg?fit=620%2C320&ssl=1&resize=350%2C200 1x, https:\/\/i0.wp.com\/kalot.com.mx\/site\/wp-content\/uploads\/2015\/02\/Gotham-Young-Joker-Trailer-Reveal.jpg?fit=620%2C320&ssl=1&resize=525%2C300 1.5x"},"classes":[]},{"id":13942,"url":"https:\/\/kalot.com.mx\/site\/2014\/03\/26\/las-peliculas-de-super-heroes-expanden-sus-universos-superexpansion\/","url_meta":{"origin":22219,"position":3},"title":"Las pel\u00edculas de S\u00faper H\u00e9roes, expanden sus universos. #S\u00faperExpansi\u00f3n","author":"HM_MKT007","date":"26 marzo, 2014","format":false,"excerpt":"\u00daltimamente, estamos viviendo un mundo en el cine totalmente opuesto a lo que se ve\u00eda hace alrededor de 10 o 12 a\u00f1os, donde las pel\u00edculas de s\u00faper h\u00e9roes, eran realmente demeritadas, llevadas en muchas ocasiones al verdadero rid\u00edculo, que muchos ve\u00edamos este g\u00e9nero realmente perdido y sin finalidad. Despu\u00e9s de\u2026","rel":"","context":"En &quot;Sin categor\u00eda&quot;","block_context":{"text":"Sin categor\u00eda","link":"https:\/\/kalot.com.mx\/site\/category\/sin-categoria\/"},"img":{"alt_text":"","src":"https:\/\/i0.wp.com\/kalot.com.mx\/site\/wp-content\/uploads\/2014\/03\/dcmarvel-01.jpeg?fit=580%2C302&ssl=1&resize=350%2C200","width":350,"height":200,"srcset":"https:\/\/i0.wp.com\/kalot.com.mx\/site\/wp-content\/uploads\/2014\/03\/dcmarvel-01.jpeg?fit=580%2C302&ssl=1&resize=350%2C200 1x, https:\/\/i0.wp.com\/kalot.com.mx\/site\/wp-content\/uploads\/2014\/03\/dcmarvel-01.jpeg?fit=580%2C302&ssl=1&resize=525%2C300 1.5x"},"classes":[]},{"id":22191,"url":"https:\/\/kalot.com.mx\/site\/2015\/07\/10\/ben-affleck-dirigira-estelarizara-y-co-escribira-batman\/","url_meta":{"origin":22219,"position":4},"title":"Ben Affleck Dirigir\u00e1, Estelarizar\u00e1 y co-escribir\u00e1 \u201cBatman\u201d","author":"yash","date":"10 julio, 2015","format":false,"excerpt":"La Comic-Con 2015 nos ha tra\u00eddo diferentes noticias y una de las m\u00e1s sorprendentes ha sido el anuncio de Ben Affleck como director, co-escritor y protagonista de una cinta en solitario de Batman. La historia estar\u00e1 a cargo Affleck y Geoff Johns (Smallville,\u00a0Arrow, Flash) y se dice que estar\u00e1 ambientada\u2026","rel":"","context":"Entrada similar ","block_context":{"text":"Entrada similar ","link":""},"img":{"alt_text":"","src":"https:\/\/i0.wp.com\/kalot.com.mx\/site\/wp-content\/uploads\/2015\/07\/Batman1.jpg?fit=1200%2C675&ssl=1&resize=350%2C200","width":350,"height":200,"srcset":"https:\/\/i0.wp.com\/kalot.com.mx\/site\/wp-content\/uploads\/2015\/07\/Batman1.jpg?fit=1200%2C675&ssl=1&resize=350%2C200 1x, https:\/\/i0.wp.com\/kalot.com.mx\/site\/wp-content\/uploads\/2015\/07\/Batman1.jpg?fit=1200%2C675&ssl=1&resize=525%2C300 1.5x, https:\/\/i0.wp.com\/kalot.com.mx\/site\/wp-content\/uploads\/2015\/07\/Batman1.jpg?fit=1200%2C675&ssl=1&resize=700%2C400 2x, https:\/\/i0.wp.com\/kalot.com.mx\/site\/wp-content\/uploads\/2015\/07\/Batman1.jpg?fit=1200%2C675&ssl=1&resize=1050%2C600 3x"},"classes":[]},{"id":17568,"url":"https:\/\/kalot.com.mx\/site\/2014\/08\/11\/juguemos-adivinar-con-dc-cinematic-universe\/","url_meta":{"origin":22219,"position":5},"title":"JUGUEMOS A ADIVINAR con: DC CINEMATIC UNIVERSE","author":"HM_MKT007","date":"11 agosto, 2014","format":false,"excerpt":"Empezamos la semana, y empezamos con esto que es tan interesante, adivinar que suceder\u00e1 en eventos, pel\u00edculas videojuegos, y dem\u00e1s cosas que nos mantienen pegados a eso que nos causa un enorme inter\u00e9s, y como el mundo de los S\u00faperheroes en la pantalla grande a cobrado una relevancia enorme, queremos\u2026","rel":"","context":"Con 2 comentarios","block_context":{"text":"Con 2 comentarios","link":"https:\/\/kalot.com.mx\/site\/2014\/08\/11\/juguemos-adivinar-con-dc-cinematic-universe\/#comments"},"img":{"alt_text":"","src":"https:\/\/i0.wp.com\/kalot.com.mx\/site\/wp-content\/uploads\/2014\/08\/Justice-League.jpg?fit=1200%2C675&ssl=1&resize=350%2C200","width":350,"height":200,"srcset":"https:\/\/i0.wp.com\/kalot.com.mx\/site\/wp-content\/uploads\/2014\/08\/Justice-League.jpg?fit=1200%2C675&ssl=1&resize=350%2C200 1x, https:\/\/i0.wp.com\/kalot.com.mx\/site\/wp-content\/uploads\/2014\/08\/Justice-League.jpg?fit=1200%2C675&ssl=1&resize=525%2C300 1.5x, https:\/\/i0.wp.com\/kalot.com.mx\/site\/wp-content\/uploads\/2014\/08\/Justice-League.jpg?fit=1200%2C675&ssl=1&resize=700%2C400 2x, https:\/\/i0.wp.com\/kalot.com.mx\/site\/wp-content\/uploads\/2014\/08\/Justice-League.jpg?fit=1200%2C675&ssl=1&resize=1050%2C600 3x"},"classes":[]}],"jetpack_sharing_enabled":true,"_links":{"self":[{"href":"https:\/\/kalot.com.mx\/site\/wp-json\/wp\/v2\/posts\/22219","targetHints":{"allow":["GET"]}}],"collection":[{"href":"https:\/\/kalot.com.mx\/site\/wp-json\/wp\/v2\/posts"}],"about":[{"href":"https:\/\/kalot.com.mx\/site\/wp-json\/wp\/v2\/types\/post"}],"author":[{"embeddable":true,"href":"https:\/\/kalot.com.mx\/site\/wp-json\/wp\/v2\/users\/108"}],"replies":[{"embeddable":true,"href":"https:\/\/kalot.com.mx\/site\/wp-json\/wp\/v2\/comments?post=22219"}],"version-history":[{"count":0,"href":"https:\/\/kalot.com.mx\/site\/wp-json\/wp\/v2\/posts\/22219\/revisions"}],"wp:featuredmedia":[{"embeddable":true,"href":"https:\/\/kalot.com.mx\/site\/wp-json\/wp\/v2\/media\/22220"}],"wp:attachment":[{"href":"https:\/\/kalot.com.mx\/site\/wp-json\/wp\/v2\/media?parent=22219"}],"wp:term":[{"taxonomy":"category","embeddable":true,"href":"https:\/\/kalot.com.mx\/site\/wp-json\/wp\/v2\/categories?post=22219"},{"taxonomy":"post_tag","embeddable":true,"href":"https:\/\/kalot.com.mx\/site\/wp-json\/wp\/v2\/tags?post=22219"}],"curies":[{"name":"wp","href":"https:\/\/api.w.org\/{rel}","templated":true}]}}