{"id":22191,"date":"2015-07-10T14:04:11","date_gmt":"2015-07-10T19:04:11","guid":{"rendered":"http:\/\/www.kalot.com.mx\/?p=22191"},"modified":"2015-07-10T14:04:11","modified_gmt":"2015-07-10T19:04:11","slug":"ben-affleck-dirigira-estelarizara-y-co-escribira-batman","status":"publish","type":"post","link":"https:\/\/kalot.com.mx\/site\/2015\/07\/10\/ben-affleck-dirigira-estelarizara-y-co-escribira-batman\/","title":{"rendered":"Ben Affleck Dirigir\u00e1, Estelarizar\u00e1 y co-escribir\u00e1 \u201cBatman\u201d"},"content":{"rendered":"<p style=\"text-align: justify\">La Comic-Con 2015 nos ha tra\u00eddo diferentes noticias y una de las m\u00e1s sorprendentes ha sido el anuncio de Ben Affleck como director, co-escritor y protagonista de una cinta en solitario de Batman.<\/p>\n<p style=\"text-align: justify\">La historia estar\u00e1 a cargo Affleck y Geoff Johns (Smallville,\u00a0Arrow, Flash) y se dice que estar\u00e1 ambientada en los sucesos despu\u00e9s de\u00a0Batman v Superman: Dawn of Justice y Escuadr\u00f3n Suicidad. Adem\u00e1s se espera la confirmaci\u00f3n de\u00a0Jared Leto como antagonista de esta historia. Hay que recordar que Batman tendr\u00e1 una participaci\u00f3n especial en\u00a0Suicide Squad. Aun no se tiene fecha para esta pel\u00edcula, aunque se especula que sea a finales del 2017.<\/p>\n<p><a href=\"https:\/\/i0.wp.com\/www.kalot.com.mx\/wp-content\/uploads\/2015\/07\/Batman21.jpg\"><img data-recalc-dims=\"1\" fetchpriority=\"high\" decoding=\"async\" data-attachment-id=\"22200\" data-permalink=\"https:\/\/kalot.com.mx\/site\/2015\/07\/10\/ben-affleck-dirigira-estelarizara-y-co-escribira-batman\/batman2-2\/\" data-orig-file=\"https:\/\/i0.wp.com\/kalot.com.mx\/site\/wp-content\/uploads\/2015\/07\/Batman21.jpg?fit=1280%2C720&amp;ssl=1\" data-orig-size=\"1280,720\" data-comments-opened=\"1\" data-image-meta=\"{&quot;aperture&quot;:&quot;0&quot;,&quot;credit&quot;:&quot;&quot;,&quot;camera&quot;:&quot;&quot;,&quot;caption&quot;:&quot;&quot;,&quot;created_timestamp&quot;:&quot;0&quot;,&quot;copyright&quot;:&quot;&quot;,&quot;focal_length&quot;:&quot;0&quot;,&quot;iso&quot;:&quot;0&quot;,&quot;shutter_speed&quot;:&quot;0&quot;,&quot;title&quot;:&quot;&quot;,&quot;orientation&quot;:&quot;0&quot;}\" data-image-title=\"Batman2\" data-image-description=\"\" data-image-caption=\"\" data-large-file=\"https:\/\/i0.wp.com\/kalot.com.mx\/site\/wp-content\/uploads\/2015\/07\/Batman21.jpg?fit=1024%2C576&amp;ssl=1\" class=\" size-large wp-image-22200 alignnone aligncenter\" src=\"https:\/\/i0.wp.com\/www.kalot.com.mx\/wp-content\/uploads\/2015\/07\/Batman21-1024x576.jpg?resize=730%2C411\" alt=\"Batman2\" width=\"730\" height=\"411\" srcset=\"https:\/\/i0.wp.com\/kalot.com.mx\/site\/wp-content\/uploads\/2015\/07\/Batman21.jpg?resize=1024%2C576&amp;ssl=1 1024w, https:\/\/i0.wp.com\/kalot.com.mx\/site\/wp-content\/uploads\/2015\/07\/Batman21.jpg?resize=768%2C432&amp;ssl=1 768w, https:\/\/i0.wp.com\/kalot.com.mx\/site\/wp-content\/uploads\/2015\/07\/Batman21.jpg?resize=380%2C214&amp;ssl=1 380w, https:\/\/i0.wp.com\/kalot.com.mx\/site\/wp-content\/uploads\/2015\/07\/Batman21.jpg?resize=800%2C450&amp;ssl=1 800w, https:\/\/i0.wp.com\/kalot.com.mx\/site\/wp-content\/uploads\/2015\/07\/Batman21.jpg?resize=1160%2C653&amp;ssl=1 1160w, https:\/\/i0.wp.com\/kalot.com.mx\/site\/wp-content\/uploads\/2015\/07\/Batman21.jpg?resize=300%2C169&amp;ssl=1 300w, https:\/\/i0.wp.com\/kalot.com.mx\/site\/wp-content\/uploads\/2015\/07\/Batman21.jpg?resize=810%2C456&amp;ssl=1 810w, https:\/\/i0.wp.com\/kalot.com.mx\/site\/wp-content\/uploads\/2015\/07\/Batman21.jpg?resize=1140%2C641&amp;ssl=1 1140w, https:\/\/i0.wp.com\/kalot.com.mx\/site\/wp-content\/uploads\/2015\/07\/Batman21.jpg?w=1280&amp;ssl=1 1280w\" sizes=\"(max-width: 730px) 100vw, 730px\" \/><\/a><\/p>\n<p style=\"text-align: justify\">\n<p style=\"text-align: justify\">Mucho se ha especulado sobre lo que ser\u00e1 el Universo DC en el cine, teor\u00edas no faltan y la presi\u00f3n que ha ejercido Marvel en los \u00faltimos a\u00f1os hace que las expectativas sobre las pel\u00edculas de DC aumenten.\u00a0Hombre de Acero, protagonizada Henry Cavill, gener\u00f3 criticas mixtas y no result\u00f3 como se esperaba. Ahora, la cinta previa a la Liga de la Justicia tiene la dif\u00edcil tarea de ser exitosa para lograr ser la base cinematogr\u00e1fica que el Universo de DC lleva esperando. De no hacerlo, veremos en los pr\u00f3ximos a\u00f1os pel\u00edculas sin sentido que quedar\u00e1n a la sombra de Marvel.<\/p>\n<p><span class=\"embed-youtube\" style=\"text-align:center; display: block;\"><iframe class=\"youtube-player\" width=\"1200\" height=\"675\" src=\"https:\/\/www.youtube.com\/embed\/Lk_SUQiOI1k?version=3&#038;rel=1&#038;showsearch=0&#038;showinfo=1&#038;iv_load_policy=1&#038;fs=1&#038;hl=es-MX&#038;autohide=2&#038;wmode=transparent\" allowfullscreen=\"true\" style=\"border:0;\" sandbox=\"allow-scripts allow-same-origin allow-popups allow-presentation allow-popups-to-escape-sandbox\"><\/iframe><\/span><\/p>\n","protected":false},"excerpt":{"rendered":"La Comic-Con 2015 nos ha tra\u00eddo diferentes noticias y una de las m\u00e1s sorprendentes ha sido el anuncio&hellip;\n","protected":false},"author":108,"featured_media":22199,"comment_status":"open","ping_status":"open","sticky":false,"template":"","format":"standard","meta":{"jetpack_post_was_ever_published":false,"_jetpack_newsletter_access":"","_jetpack_dont_email_post_to_subs":false,"_jetpack_newsletter_tier_id":0,"_jetpack_memberships_contains_paywalled_content":false,"_jetpack_memberships_contains_paid_content":false,"footnotes":"","jetpack_publicize_message":"","jetpack_publicize_feature_enabled":true,"jetpack_social_post_already_shared":true,"jetpack_social_options":{"image_generator_settings":{"template":"highway","default_image_id":0,"font":"","enabled":false},"version":2}},"categories":[],"tags":[],"class_list":{"0":"post-22191","1":"post","2":"type-post","3":"status-publish","4":"format-standard","5":"has-post-thumbnail","7":"cs-entry","8":"cs-video-wrap"},"yoast_head":"<!-- This site is optimized with the Yoast SEO plugin v27.4 - https:\/\/yoast.com\/product\/yoast-seo-wordpress\/ -->\n<title>Ben Affleck Dirigir\u00e1, Estelarizar\u00e1 y co-escribir\u00e1 \u201cBatman\u201d - Kalot<\/title>\n<meta name=\"description\" content=\"La Comic-Con 2015 nos ha tra\u00eddo diferentes noticias y una de las m\u00e1s sorprendentes ha sido el anuncio de Ben Affleck como director, co-escritor y\" \/>\n<meta name=\"robots\" content=\"index, follow, max-snippet:-1, max-image-preview:large, max-video-preview:-1\" \/>\n<link rel=\"canonical\" href=\"https:\/\/kalot.com.mx\/site\/2015\/07\/10\/ben-affleck-dirigira-estelarizara-y-co-escribira-batman\/\" \/>\n<meta property=\"og:locale\" content=\"es_MX\" \/>\n<meta property=\"og:type\" content=\"article\" \/>\n<meta property=\"og:title\" content=\"Ben Affleck Dirigir\u00e1, Estelarizar\u00e1 y co-escribir\u00e1 \u201cBatman\u201d - Kalot\" \/>\n<meta property=\"og:description\" content=\"La Comic-Con 2015 nos ha tra\u00eddo diferentes noticias y una de las m\u00e1s sorprendentes ha sido el anuncio de Ben Affleck como director, co-escritor y\" \/>\n<meta property=\"og:url\" content=\"https:\/\/kalot.com.mx\/site\/2015\/07\/10\/ben-affleck-dirigira-estelarizara-y-co-escribira-batman\/\" \/>\n<meta property=\"og:site_name\" content=\"Kalot\" \/>\n<meta property=\"article:publisher\" content=\"http:\/\/facebook.com\/mxkalot\" \/>\n<meta property=\"article:published_time\" content=\"2015-07-10T19:04:11+00:00\" \/>\n<meta property=\"og:image\" content=\"https:\/\/i1.wp.com\/kalot.com.mx\/site\/wp-content\/uploads\/2015\/07\/Batman1.jpg?fit=1280%2C720&ssl=1\" \/>\n\t<meta property=\"og:image:width\" content=\"1280\" \/>\n\t<meta property=\"og:image:height\" content=\"720\" \/>\n\t<meta property=\"og:image:type\" content=\"image\/jpeg\" \/>\n<meta name=\"author\" content=\"yash\" \/>\n<meta name=\"twitter:card\" content=\"summary_large_image\" \/>\n<meta name=\"twitter:creator\" content=\"@kalotmx\" \/>\n<meta name=\"twitter:site\" content=\"@kalotmx\" \/>\n<meta name=\"twitter:label1\" content=\"Escrito por\" \/>\n\t<meta name=\"twitter:data1\" content=\"yash\" \/>\n\t<meta name=\"twitter:label2\" content=\"Tiempo de lectura\" \/>\n\t<meta name=\"twitter:data2\" content=\"1 minuto\" \/>\n<!-- \/ Yoast SEO plugin. -->","yoast_head_json":{"title":"Ben Affleck Dirigir\u00e1, Estelarizar\u00e1 y co-escribir\u00e1 \u201cBatman\u201d - Kalot","description":"La Comic-Con 2015 nos ha tra\u00eddo diferentes noticias y una de las m\u00e1s sorprendentes ha sido el anuncio de Ben Affleck como director, co-escritor y","robots":{"index":"index","follow":"follow","max-snippet":"max-snippet:-1","max-image-preview":"max-image-preview:large","max-video-preview":"max-video-preview:-1"},"canonical":"https:\/\/kalot.com.mx\/site\/2015\/07\/10\/ben-affleck-dirigira-estelarizara-y-co-escribira-batman\/","og_locale":"es_MX","og_type":"article","og_title":"Ben Affleck Dirigir\u00e1, Estelarizar\u00e1 y co-escribir\u00e1 \u201cBatman\u201d - Kalot","og_description":"La Comic-Con 2015 nos ha tra\u00eddo diferentes noticias y una de las m\u00e1s sorprendentes ha sido el anuncio de Ben Affleck como director, co-escritor y","og_url":"https:\/\/kalot.com.mx\/site\/2015\/07\/10\/ben-affleck-dirigira-estelarizara-y-co-escribira-batman\/","og_site_name":"Kalot","article_publisher":"http:\/\/facebook.com\/mxkalot","article_published_time":"2015-07-10T19:04:11+00:00","og_image":[{"width":1280,"height":720,"url":"https:\/\/i1.wp.com\/kalot.com.mx\/site\/wp-content\/uploads\/2015\/07\/Batman1.jpg?fit=1280%2C720&ssl=1","type":"image\/jpeg"}],"author":"yash","twitter_card":"summary_large_image","twitter_creator":"@kalotmx","twitter_site":"@kalotmx","twitter_misc":{"Escrito por":"yash","Tiempo de lectura":"1 minuto"},"schema":{"@context":"https:\/\/schema.org","@graph":[{"@type":"Article","@id":"https:\/\/kalot.com.mx\/site\/2015\/07\/10\/ben-affleck-dirigira-estelarizara-y-co-escribira-batman\/#article","isPartOf":{"@id":"https:\/\/kalot.com.mx\/site\/2015\/07\/10\/ben-affleck-dirigira-estelarizara-y-co-escribira-batman\/"},"author":{"name":"yash","@id":"https:\/\/kalot.com.mx\/site\/#\/schema\/person\/1d75ba57b0359df6aee12de5a86e5b04"},"headline":"Ben Affleck Dirigir\u00e1, Estelarizar\u00e1 y co-escribir\u00e1 \u201cBatman\u201d","datePublished":"2015-07-10T19:04:11+00:00","mainEntityOfPage":{"@id":"https:\/\/kalot.com.mx\/site\/2015\/07\/10\/ben-affleck-dirigira-estelarizara-y-co-escribira-batman\/"},"wordCount":242,"commentCount":0,"publisher":{"@id":"https:\/\/kalot.com.mx\/site\/#organization"},"image":{"@id":"https:\/\/kalot.com.mx\/site\/2015\/07\/10\/ben-affleck-dirigira-estelarizara-y-co-escribira-batman\/#primaryimage"},"thumbnailUrl":"https:\/\/i0.wp.com\/kalot.com.mx\/site\/wp-content\/uploads\/2015\/07\/Batman1.jpg?fit=1280%2C720&ssl=1","inLanguage":"es","potentialAction":[{"@type":"CommentAction","name":"Comment","target":["https:\/\/kalot.com.mx\/site\/2015\/07\/10\/ben-affleck-dirigira-estelarizara-y-co-escribira-batman\/#respond"]}]},{"@type":"WebPage","@id":"https:\/\/kalot.com.mx\/site\/2015\/07\/10\/ben-affleck-dirigira-estelarizara-y-co-escribira-batman\/","url":"https:\/\/kalot.com.mx\/site\/2015\/07\/10\/ben-affleck-dirigira-estelarizara-y-co-escribira-batman\/","name":"Ben Affleck Dirigir\u00e1, Estelarizar\u00e1 y co-escribir\u00e1 \u201cBatman\u201d - Kalot","isPartOf":{"@id":"https:\/\/kalot.com.mx\/site\/#website"},"primaryImageOfPage":{"@id":"https:\/\/kalot.com.mx\/site\/2015\/07\/10\/ben-affleck-dirigira-estelarizara-y-co-escribira-batman\/#primaryimage"},"image":{"@id":"https:\/\/kalot.com.mx\/site\/2015\/07\/10\/ben-affleck-dirigira-estelarizara-y-co-escribira-batman\/#primaryimage"},"thumbnailUrl":"https:\/\/i0.wp.com\/kalot.com.mx\/site\/wp-content\/uploads\/2015\/07\/Batman1.jpg?fit=1280%2C720&ssl=1","datePublished":"2015-07-10T19:04:11+00:00","description":"La Comic-Con 2015 nos ha tra\u00eddo diferentes noticias y una de las m\u00e1s sorprendentes ha sido el anuncio de Ben Affleck como director, co-escritor y","breadcrumb":{"@id":"https:\/\/kalot.com.mx\/site\/2015\/07\/10\/ben-affleck-dirigira-estelarizara-y-co-escribira-batman\/#breadcrumb"},"inLanguage":"es","potentialAction":[{"@type":"ReadAction","target":["https:\/\/kalot.com.mx\/site\/2015\/07\/10\/ben-affleck-dirigira-estelarizara-y-co-escribira-batman\/"]}]},{"@type":"ImageObject","inLanguage":"es","@id":"https:\/\/kalot.com.mx\/site\/2015\/07\/10\/ben-affleck-dirigira-estelarizara-y-co-escribira-batman\/#primaryimage","url":"https:\/\/i0.wp.com\/kalot.com.mx\/site\/wp-content\/uploads\/2015\/07\/Batman1.jpg?fit=1280%2C720&ssl=1","contentUrl":"https:\/\/i0.wp.com\/kalot.com.mx\/site\/wp-content\/uploads\/2015\/07\/Batman1.jpg?fit=1280%2C720&ssl=1","width":1280,"height":720},{"@type":"BreadcrumbList","@id":"https:\/\/kalot.com.mx\/site\/2015\/07\/10\/ben-affleck-dirigira-estelarizara-y-co-escribira-batman\/#breadcrumb","itemListElement":[{"@type":"ListItem","position":1,"name":"Home","item":"https:\/\/kalot.com.mx\/site\/"},{"@type":"ListItem","position":2,"name":"Ben Affleck Dirigir\u00e1, Estelarizar\u00e1 y co-escribir\u00e1 \u201cBatman\u201d"}]},{"@type":"WebSite","@id":"https:\/\/kalot.com.mx\/site\/#website","url":"https:\/\/kalot.com.mx\/site\/","name":"Kalot","description":"Conoce Todo Sobre Todo","publisher":{"@id":"https:\/\/kalot.com.mx\/site\/#organization"},"potentialAction":[{"@type":"SearchAction","target":{"@type":"EntryPoint","urlTemplate":"https:\/\/kalot.com.mx\/site\/?s={search_term_string}"},"query-input":{"@type":"PropertyValueSpecification","valueRequired":true,"valueName":"search_term_string"}}],"inLanguage":"es"},{"@type":"Organization","@id":"https:\/\/kalot.com.mx\/site\/#organization","name":"Kalot","url":"https:\/\/kalot.com.mx\/site\/","logo":{"@type":"ImageObject","inLanguage":"es","@id":"https:\/\/kalot.com.mx\/site\/#\/schema\/logo\/image\/","url":"https:\/\/i0.wp.com\/kalot.com.mx\/site\/wp-content\/uploads\/2020\/04\/Kalot-logo-sin-tagline.png?fit=1707%2C1014&ssl=1","contentUrl":"https:\/\/i0.wp.com\/kalot.com.mx\/site\/wp-content\/uploads\/2020\/04\/Kalot-logo-sin-tagline.png?fit=1707%2C1014&ssl=1","width":1707,"height":1014,"caption":"Kalot"},"image":{"@id":"https:\/\/kalot.com.mx\/site\/#\/schema\/logo\/image\/"},"sameAs":["http:\/\/facebook.com\/mxkalot","https:\/\/x.com\/kalotmx","http:\/\/instagram.com\/kalotmx","http:\/\/pinterest.com\/jorgeerana\/kalot"]},{"@type":"Person","@id":"https:\/\/kalot.com.mx\/site\/#\/schema\/person\/1d75ba57b0359df6aee12de5a86e5b04","name":"yash","image":{"@type":"ImageObject","inLanguage":"es","@id":"https:\/\/secure.gravatar.com\/avatar\/be80e9883aa4c662e1a435d9ba36a6fba313cea893e0d847aac2ca2290e6decb?s=96&d=mm&r=g","url":"https:\/\/secure.gravatar.com\/avatar\/be80e9883aa4c662e1a435d9ba36a6fba313cea893e0d847aac2ca2290e6decb?s=96&d=mm&r=g","contentUrl":"https:\/\/secure.gravatar.com\/avatar\/be80e9883aa4c662e1a435d9ba36a6fba313cea893e0d847aac2ca2290e6decb?s=96&d=mm&r=g","caption":"yash"},"url":"https:\/\/kalot.com.mx\/site\/author\/yash\/"}]}},"jetpack_publicize_connections":[],"jetpack_featured_media_url":"https:\/\/i0.wp.com\/kalot.com.mx\/site\/wp-content\/uploads\/2015\/07\/Batman1.jpg?fit=1280%2C720&ssl=1","jetpack_shortlink":"https:\/\/wp.me\/p6IHEI-5LV","jetpack-related-posts":[{"id":16052,"url":"https:\/\/kalot.com.mx\/site\/2014\/05\/15\/que-esperamos-de-este-nuevo-batman-analisis\/","url_meta":{"origin":22191,"position":0},"title":"\u00bfQue esperamos de este nuevo BATMAN? An\u00e1lisis","author":"HM_MKT007","date":"15 mayo, 2014","format":false,"excerpt":"Hace pocos d\u00edas, vimos como se comenzaron a liberar algo de material de c\u00f3mo lucir\u00e1 el buen de BEN AFFLECK encarnando al nuevo caballero de la noche, lo cual ha desatado mucha pol\u00e9mica, inclusive desde que supimos que \u00e9l ser\u00eda quien se vestir\u00eda con el traje del defensor de G\u00f3tica.\u2026","rel":"","context":"Entrada similar ","block_context":{"text":"Entrada similar ","link":""},"img":{"alt_text":"","src":"https:\/\/i0.wp.com\/kalot.com.mx\/site\/wp-content\/uploads\/2014\/05\/1001978_10152556581377787_8102778703990178590_n.jpg?fit=500%2C625&ssl=1&resize=350%2C200","width":350,"height":200},"classes":[]},{"id":24405,"url":"https:\/\/kalot.com.mx\/site\/2015\/12\/03\/desmenucemos-el-trailer-final-de-batman-v-superman\/","url_meta":{"origin":22191,"position":1},"title":"Desmenucemos el tr\u00e1iler final de BATMAN v SUPERMAN","author":"HM_MKT007","date":"3 diciembre, 2015","format":false,"excerpt":"El d\u00eda de ayer se revel\u00f3 un tr\u00e1iler\u00a0incre\u00edble, realmente incre\u00edble, algo que para muchos (incluy\u00e9ndome) es el mejor tr\u00e1iler\u00a0del a\u00f1o de todo el g\u00e9nero de pel\u00edculas de s\u00faper h\u00e9roes, incluyendo el reciente trailer de CIVIL WAR, que aunque es bueno tambi\u00e9n, el de BATMAN V SUPERMAN del d\u00eda de ayer,\u2026","rel":"","context":"En &quot;Cine&quot;","block_context":{"text":"Cine","link":"https:\/\/kalot.com.mx\/site\/category\/cine\/"},"img":{"alt_text":"","src":"https:\/\/i0.wp.com\/kalot.com.mx\/site\/wp-content\/uploads\/2015\/12\/base_image.jpg?fit=619%2C347&ssl=1&resize=350%2C200","width":350,"height":200,"srcset":"https:\/\/i0.wp.com\/kalot.com.mx\/site\/wp-content\/uploads\/2015\/12\/base_image.jpg?fit=619%2C347&ssl=1&resize=350%2C200 1x, https:\/\/i0.wp.com\/kalot.com.mx\/site\/wp-content\/uploads\/2015\/12\/base_image.jpg?fit=619%2C347&ssl=1&resize=525%2C300 1.5x"},"classes":[]},{"id":21168,"url":"https:\/\/kalot.com.mx\/site\/2015\/04\/17\/lanzan-primer-trailer-de-batman-v-superman\/","url_meta":{"origin":22191,"position":2},"title":"Lanzan Primer Trailer de #BatmanvSuperman","author":"yash","date":"17 abril, 2015","format":false,"excerpt":"La espera termin\u00f3. Despu\u00e9s de tantas especulaciones y filtraciones,\u00a0Warner Bros. Pictures por fin sac\u00f3 a la luz el primer trailer oficial de la pr\u00f3xima pel\u00edcula de DC:\u00a0Batman v Superman\u00a0Dawn of Justice. Miles de fans por el mundo se emocionaron al ver la aparici\u00f3n del hombre murci\u00e9lago enfrentado a Superman y\u2026","rel":"","context":"Entrada similar ","block_context":{"text":"Entrada similar ","link":""},"img":{"alt_text":"","src":"https:\/\/i0.wp.com\/kalot.com.mx\/site\/wp-content\/uploads\/2015\/04\/Batman-v-Superman.jpg?fit=900%2C563&ssl=1&resize=350%2C200","width":350,"height":200,"srcset":"https:\/\/i0.wp.com\/kalot.com.mx\/site\/wp-content\/uploads\/2015\/04\/Batman-v-Superman.jpg?fit=900%2C563&ssl=1&resize=350%2C200 1x, https:\/\/i0.wp.com\/kalot.com.mx\/site\/wp-content\/uploads\/2015\/04\/Batman-v-Superman.jpg?fit=900%2C563&ssl=1&resize=525%2C300 1.5x, https:\/\/i0.wp.com\/kalot.com.mx\/site\/wp-content\/uploads\/2015\/04\/Batman-v-Superman.jpg?fit=900%2C563&ssl=1&resize=700%2C400 2x"},"classes":[]},{"id":17568,"url":"https:\/\/kalot.com.mx\/site\/2014\/08\/11\/juguemos-adivinar-con-dc-cinematic-universe\/","url_meta":{"origin":22191,"position":3},"title":"JUGUEMOS A ADIVINAR con: DC CINEMATIC UNIVERSE","author":"HM_MKT007","date":"11 agosto, 2014","format":false,"excerpt":"Empezamos la semana, y empezamos con esto que es tan interesante, adivinar que suceder\u00e1 en eventos, pel\u00edculas videojuegos, y dem\u00e1s cosas que nos mantienen pegados a eso que nos causa un enorme inter\u00e9s, y como el mundo de los S\u00faperheroes en la pantalla grande a cobrado una relevancia enorme, queremos\u2026","rel":"","context":"Con 2 comentarios","block_context":{"text":"Con 2 comentarios","link":"https:\/\/kalot.com.mx\/site\/2014\/08\/11\/juguemos-adivinar-con-dc-cinematic-universe\/#comments"},"img":{"alt_text":"","src":"https:\/\/i0.wp.com\/kalot.com.mx\/site\/wp-content\/uploads\/2014\/08\/Justice-League.jpg?fit=1200%2C675&ssl=1&resize=350%2C200","width":350,"height":200,"srcset":"https:\/\/i0.wp.com\/kalot.com.mx\/site\/wp-content\/uploads\/2014\/08\/Justice-League.jpg?fit=1200%2C675&ssl=1&resize=350%2C200 1x, https:\/\/i0.wp.com\/kalot.com.mx\/site\/wp-content\/uploads\/2014\/08\/Justice-League.jpg?fit=1200%2C675&ssl=1&resize=525%2C300 1.5x, https:\/\/i0.wp.com\/kalot.com.mx\/site\/wp-content\/uploads\/2014\/08\/Justice-League.jpg?fit=1200%2C675&ssl=1&resize=700%2C400 2x, https:\/\/i0.wp.com\/kalot.com.mx\/site\/wp-content\/uploads\/2014\/08\/Justice-League.jpg?fit=1200%2C675&ssl=1&resize=1050%2C600 3x"},"classes":[]},{"id":25127,"url":"https:\/\/kalot.com.mx\/site\/2016\/03\/28\/tal-estuvo-batman-v-superman-spoilers\/","url_meta":{"origin":22191,"position":4},"title":"\u00bfQu\u00e9 tal estuvo Batman V Superman? \u00a1\u00a1\u00a1CON SPOILERS!!!","author":"HM_MKT007","date":"28 marzo, 2016","format":false,"excerpt":"Despu\u00e9s de mucha expectativa, de tr\u00e1ilers emocionantes, y de un hype c\u00f3mo pocas pel\u00edculas de S\u00faper H\u00e9roes han tenido en los \u00faltimos a\u00f1os, lleg\u00f3 por fin BATMAN V SUPERMAN, la pel\u00edcula que prometi\u00f3 ser la pel\u00edcula que todos esper\u00e1bamos y que nos merec\u00edamos, pero no fue as\u00ed, aunque\u00a0no fue un\u2026","rel":"","context":"En &quot;Cine&quot;","block_context":{"text":"Cine","link":"https:\/\/kalot.com.mx\/site\/category\/cine\/"},"img":{"alt_text":"","src":"https:\/\/i0.wp.com\/kalot.com.mx\/site\/wp-content\/uploads\/2016\/03\/batman-superman-header2.jpg?fit=640%2C357&ssl=1&resize=350%2C200","width":350,"height":200,"srcset":"https:\/\/i0.wp.com\/kalot.com.mx\/site\/wp-content\/uploads\/2016\/03\/batman-superman-header2.jpg?fit=640%2C357&ssl=1&resize=350%2C200 1x, https:\/\/i0.wp.com\/kalot.com.mx\/site\/wp-content\/uploads\/2016\/03\/batman-superman-header2.jpg?fit=640%2C357&ssl=1&resize=525%2C300 1.5x"},"classes":[]},{"id":20454,"url":"https:\/\/kalot.com.mx\/site\/2015\/02\/20\/primera-foto-de-jason-momoa-como-aquaman-revelada\/","url_meta":{"origin":22191,"position":5},"title":"Primera Foto de Jason Momoa como Aquaman Revelada","author":"yash","date":"20 febrero, 2015","format":false,"excerpt":"\"There is only one true King\" (Hay solamente un verdadero rey), as\u00ed fue como Zack Snyder\u00a0el director de\u00a0Batman v Superman: Dawn of Justice sorprendi\u00f3 a todos desde su cuenta de Twitter al revelar la primera foto de\u00a0Jason Momoa como\u00a0Aquaman. \u00a0Hay que recordar que\u00a0Aquaman fue miembro fundador de la Liga de\u2026","rel":"","context":"Entrada similar ","block_context":{"text":"Entrada similar ","link":""},"img":{"alt_text":"","src":"https:\/\/i0.wp.com\/kalot.com.mx\/site\/wp-content\/uploads\/2015\/02\/Aquaman1.jpg?fit=552%2C456&ssl=1&resize=350%2C200","width":350,"height":200,"srcset":"https:\/\/i0.wp.com\/kalot.com.mx\/site\/wp-content\/uploads\/2015\/02\/Aquaman1.jpg?fit=552%2C456&ssl=1&resize=350%2C200 1x, https:\/\/i0.wp.com\/kalot.com.mx\/site\/wp-content\/uploads\/2015\/02\/Aquaman1.jpg?fit=552%2C456&ssl=1&resize=525%2C300 1.5x"},"classes":[]}],"jetpack_sharing_enabled":true,"_links":{"self":[{"href":"https:\/\/kalot.com.mx\/site\/wp-json\/wp\/v2\/posts\/22191","targetHints":{"allow":["GET"]}}],"collection":[{"href":"https:\/\/kalot.com.mx\/site\/wp-json\/wp\/v2\/posts"}],"about":[{"href":"https:\/\/kalot.com.mx\/site\/wp-json\/wp\/v2\/types\/post"}],"author":[{"embeddable":true,"href":"https:\/\/kalot.com.mx\/site\/wp-json\/wp\/v2\/users\/108"}],"replies":[{"embeddable":true,"href":"https:\/\/kalot.com.mx\/site\/wp-json\/wp\/v2\/comments?post=22191"}],"version-history":[{"count":0,"href":"https:\/\/kalot.com.mx\/site\/wp-json\/wp\/v2\/posts\/22191\/revisions"}],"wp:featuredmedia":[{"embeddable":true,"href":"https:\/\/kalot.com.mx\/site\/wp-json\/wp\/v2\/media\/22199"}],"wp:attachment":[{"href":"https:\/\/kalot.com.mx\/site\/wp-json\/wp\/v2\/media?parent=22191"}],"wp:term":[{"taxonomy":"category","embeddable":true,"href":"https:\/\/kalot.com.mx\/site\/wp-json\/wp\/v2\/categories?post=22191"},{"taxonomy":"post_tag","embeddable":true,"href":"https:\/\/kalot.com.mx\/site\/wp-json\/wp\/v2\/tags?post=22191"}],"curies":[{"name":"wp","href":"https:\/\/api.w.org\/{rel}","templated":true}]}}