{"id":22163,"date":"2015-07-09T14:25:02","date_gmt":"2015-07-09T19:25:02","guid":{"rendered":"http:\/\/www.kalot.com.mx\/?p=22163"},"modified":"2015-07-09T14:25:02","modified_gmt":"2015-07-09T19:25:02","slug":"regresa-el-conjuro","status":"publish","type":"post","link":"https:\/\/kalot.com.mx\/site\/2015\/07\/09\/regresa-el-conjuro\/","title":{"rendered":"Regresa &#8220;El Conjuro&#8221;"},"content":{"rendered":"<p>El Conjuro 2: El Poltergeist de Enfield se estrenar\u00e1 el pr\u00f3ximo 10 de Junio de 2016 en Estados Unidos y hasta el momento solo se han confirmado como parte del elenco a Patrick Wilson y a Vera Farmiga. Es por ello que el actor\u00a0Patrick Wilson comparti\u00f3 a trav\u00e9s de su cuenta de Twitter una fotograf\u00eda donde aparece junto a la actriz con la leyenda &#8220;We&#8217;re baaaaaack&#8221;.<\/p>\n<blockquote class=\"twitter-tweet\" data-width=\"550\" data-dnt=\"true\">\n<p lang=\"en\" dir=\"ltr\">We&#39;re baaaaaack. <a href=\"https:\/\/twitter.com\/creepypuppet?ref_src=twsrc%5Etfw\">@creepypuppet<\/a> <a href=\"https:\/\/twitter.com\/VeraFarmiga?ref_src=twsrc%5Etfw\">@VeraFarmiga<\/a> <a href=\"https:\/\/twitter.com\/TheConjuring?ref_src=twsrc%5Etfw\">@theconjuring<\/a> <a href=\"http:\/\/t.co\/jCdq4PqoVF\">pic.twitter.com\/jCdq4PqoVF<\/a><\/p>\n<p>&mdash; patrick wilson (@patrickwilson73) <a href=\"https:\/\/twitter.com\/patrickwilson73\/status\/618619903638118400?ref_src=twsrc%5Etfw\">July 8, 2015<\/a><\/p><\/blockquote>\n<p><script async src=\"https:\/\/platform.twitter.com\/widgets.js\" charset=\"utf-8\"><\/script><\/p>\n<p style=\"text-align: justify\">La cinta ser\u00e1 dirigida por James Wan (director de SAW, El Conjuro y Rapido y Furioso 7) y la historia correr\u00e1 a cargo de los hermanos Hayes. En esta ocasi\u00f3n la cinta traer\u00e1 de vuelta al matrimonio los Warren \u00a0quienes investigar\u00e1n el fen\u00f3meno de\u00a0poltergeist en la localidad de Enfield, Reino Unido sucedido entre los a\u00f1os\u00a01977 y 1979.<\/p>\n<p style=\"text-align: justify\"><a href=\"https:\/\/i0.wp.com\/www.kalot.com.mx\/wp-content\/uploads\/2015\/07\/poltergeistenfield3.jpg\"><img data-recalc-dims=\"1\" fetchpriority=\"high\" decoding=\"async\" data-attachment-id=\"22168\" data-permalink=\"https:\/\/kalot.com.mx\/site\/2015\/07\/09\/regresa-el-conjuro\/the-conjuring\/\" data-orig-file=\"https:\/\/i0.wp.com\/kalot.com.mx\/site\/wp-content\/uploads\/2015\/07\/poltergeistenfield3.jpg?fit=625%2C417&amp;ssl=1\" data-orig-size=\"625,417\" data-comments-opened=\"1\" data-image-meta=\"{&quot;aperture&quot;:&quot;2.8&quot;,&quot;credit&quot;:&quot;Michael Tackett&quot;,&quot;camera&quot;:&quot;Canon EOS 5D Mark II&quot;,&quot;caption&quot;:&quot;&quot;,&quot;created_timestamp&quot;:&quot;1331078400&quot;,&quot;copyright&quot;:&quot;\\u00a9 2013 Warner Bros. Entertainment Inc. All rights reserved.&quot;,&quot;focal_length&quot;:&quot;85&quot;,&quot;iso&quot;:&quot;1600&quot;,&quot;shutter_speed&quot;:&quot;0.02&quot;,&quot;title&quot;:&quot;THE CONJURING&quot;,&quot;orientation&quot;:&quot;1&quot;}\" data-image-title=\"poltergeistenfield3\" data-image-description=\"\" data-image-caption=\"\" data-large-file=\"https:\/\/i0.wp.com\/kalot.com.mx\/site\/wp-content\/uploads\/2015\/07\/poltergeistenfield3.jpg?fit=625%2C417&amp;ssl=1\" class=\" size-full wp-image-22168 aligncenter\" src=\"https:\/\/i0.wp.com\/www.kalot.com.mx\/wp-content\/uploads\/2015\/07\/poltergeistenfield3.jpg?resize=625%2C417\" alt=\"poltergeistenfield3\" width=\"625\" height=\"417\" srcset=\"https:\/\/i0.wp.com\/kalot.com.mx\/site\/wp-content\/uploads\/2015\/07\/poltergeistenfield3.jpg?w=625&amp;ssl=1 625w, https:\/\/i0.wp.com\/kalot.com.mx\/site\/wp-content\/uploads\/2015\/07\/poltergeistenfield3.jpg?resize=380%2C254&amp;ssl=1 380w, https:\/\/i0.wp.com\/kalot.com.mx\/site\/wp-content\/uploads\/2015\/07\/poltergeistenfield3.jpg?resize=300%2C200&amp;ssl=1 300w\" sizes=\"(max-width: 625px) 100vw, 625px\" \/><\/a><\/p>\n<p style=\"text-align: justify\">\n<p style=\"text-align: justify\"><strong>El Poltergeist de Enfield<\/strong><\/p>\n<p style=\"text-align: justify\">El 30 de Agosto de 1977, en el barrio de Enfield de Londres, Peggy Harper se despertaba horrorizada por los gritos procedentes de la habitaci\u00f3n de sus dos hijas. A partir de este momento se desencadenaron toda una serie de fen\u00f3menos paranormales en esta vivienda que a d\u00eda de hoy siguen sin tener explicaci\u00f3n.<\/p>\n<p style=\"text-align: justify\">Harper y sus vecinos fueron a la prensa. El Daily Mirror envi\u00f3 a un redactor, George Fallows, a un fot\u00f3grafo, Graham Morris, y un reportero, Douglas Bence. Despu\u00e9s de estar en el interior de la casa durante varias horas no ocurri\u00f3 nada y los reporteros decidieron marcharse y cuando casi estaban en su coche los llamaron,volvieron a la casa, y pudieron presenciar como un ladrillo de lego golpe\u00f3 la frente del fot\u00f3grafo mientras intentaba tomar una fotograf\u00eda.<br \/>\nM\u00e1s adelante, cuando el fot\u00f3grafo revel\u00f3 la fotograf\u00eda not\u00f3 que ten\u00eda un inexplicable agujero y que el ladrillo volador que le golpe\u00f3 no podr\u00eda ser visto por nadie. En este momento George Fallows llam\u00f3 al SPR (sociedad para la investigaci\u00f3n Ps\u00edquica), inmediatamente llamaron a Maurice Grosse, uno de los miembros que resid\u00eda en la zona norte de Londres.<\/p>\n<p style=\"text-align: justify\"><a href=\"https:\/\/i0.wp.com\/www.kalot.com.mx\/wp-content\/uploads\/2015\/07\/poltergeistenfield2.jpg\"><img data-recalc-dims=\"1\" decoding=\"async\" data-attachment-id=\"22169\" data-permalink=\"https:\/\/kalot.com.mx\/site\/2015\/07\/09\/regresa-el-conjuro\/poltergeistenfield2\/\" data-orig-file=\"https:\/\/i0.wp.com\/kalot.com.mx\/site\/wp-content\/uploads\/2015\/07\/poltergeistenfield2.jpg?fit=780%2C520&amp;ssl=1\" data-orig-size=\"780,520\" data-comments-opened=\"1\" data-image-meta=\"{&quot;aperture&quot;:&quot;0&quot;,&quot;credit&quot;:&quot;&quot;,&quot;camera&quot;:&quot;&quot;,&quot;caption&quot;:&quot;&quot;,&quot;created_timestamp&quot;:&quot;0&quot;,&quot;copyright&quot;:&quot;&quot;,&quot;focal_length&quot;:&quot;0&quot;,&quot;iso&quot;:&quot;0&quot;,&quot;shutter_speed&quot;:&quot;0&quot;,&quot;title&quot;:&quot;&quot;,&quot;orientation&quot;:&quot;0&quot;}\" data-image-title=\"poltergeistenfield2\" data-image-description=\"\" data-image-caption=\"\" data-large-file=\"https:\/\/i0.wp.com\/kalot.com.mx\/site\/wp-content\/uploads\/2015\/07\/poltergeistenfield2.jpg?fit=780%2C520&amp;ssl=1\" class=\" size-full wp-image-22169 aligncenter\" src=\"https:\/\/i0.wp.com\/www.kalot.com.mx\/wp-content\/uploads\/2015\/07\/poltergeistenfield2.jpg?resize=780%2C520\" alt=\"poltergeistenfield2\" width=\"780\" height=\"520\" srcset=\"https:\/\/i0.wp.com\/kalot.com.mx\/site\/wp-content\/uploads\/2015\/07\/poltergeistenfield2.jpg?w=780&amp;ssl=1 780w, https:\/\/i0.wp.com\/kalot.com.mx\/site\/wp-content\/uploads\/2015\/07\/poltergeistenfield2.jpg?resize=768%2C512&amp;ssl=1 768w, https:\/\/i0.wp.com\/kalot.com.mx\/site\/wp-content\/uploads\/2015\/07\/poltergeistenfield2.jpg?resize=380%2C253&amp;ssl=1 380w, https:\/\/i0.wp.com\/kalot.com.mx\/site\/wp-content\/uploads\/2015\/07\/poltergeistenfield2.jpg?resize=300%2C200&amp;ssl=1 300w\" sizes=\"(max-width: 780px) 100vw, 780px\" \/><\/a><\/p>\n<p style=\"text-align: justify\">El 10 de septiembre, el caso del poltergeist de Enfield sali\u00f3 en primera p\u00e1gina en el peri\u00f3dico Daily y pronto la radio LBC de Londres de hizo eco de la noticia. Esa misma tarde, Grosse, la se\u00f1ora Harper y sus vecinos participaron en un programa de TV.<br \/>\nLos fen\u00f3menos paranormales continuaron, los sistemas el\u00e9ctricos de la casa empezaron a surgir interferencias, los objetos desaparec\u00edan y aparec\u00edan inexplicablemente horas despu\u00e9s, las grabaciones de los reporteros de la BBC se borraban misteriosamente y una c\u00e1mara de infrarrojos instalada en secreto en el dormitorio apareci\u00f3 completamente averiada.<\/p>\n<p style=\"text-align: justify\">M\u00e1s informaci\u00f3n en:\u00a0<a href=\"http:\/\/misterioparanormal.com\/2013\/12\/18\/el-poltergeist-de-enfield\/\">misterioparanormal.com<\/a><\/p>\n<p style=\"text-align: justify\">\n<p style=\"text-align: justify\">\n","protected":false},"excerpt":{"rendered":"El Conjuro 2: El Poltergeist de Enfield se estrenar\u00e1 el pr\u00f3ximo 10 de Junio de 2016 en Estados&hellip;\n","protected":false},"author":108,"featured_media":22170,"comment_status":"open","ping_status":"open","sticky":false,"template":"","format":"standard","meta":{"jetpack_post_was_ever_published":false,"_jetpack_newsletter_access":"","_jetpack_dont_email_post_to_subs":false,"_jetpack_newsletter_tier_id":0,"_jetpack_memberships_contains_paywalled_content":false,"_jetpack_memberships_contains_paid_content":false,"footnotes":"","jetpack_publicize_message":"","jetpack_publicize_feature_enabled":true,"jetpack_social_post_already_shared":true,"jetpack_social_options":{"image_generator_settings":{"template":"highway","default_image_id":0,"font":"","enabled":false},"version":2}},"categories":[],"tags":[],"class_list":{"0":"post-22163","1":"post","2":"type-post","3":"status-publish","4":"format-standard","5":"has-post-thumbnail","7":"cs-entry","8":"cs-video-wrap"},"yoast_head":"<!-- This site is optimized with the Yoast SEO plugin v27.5 - https:\/\/yoast.com\/product\/yoast-seo-wordpress\/ -->\n<title>Regresa &quot;El Conjuro&quot; - Kalot<\/title>\n<meta name=\"description\" content=\"El Conjuro 2: El Poltergeist de Enfield se estrenar\u00e1 el pr\u00f3ximo 10 de Junio de 2016 en Estados Unidos y hasta el momento solo se han confirmado como parte\" \/>\n<meta name=\"robots\" content=\"index, follow, max-snippet:-1, max-image-preview:large, max-video-preview:-1\" \/>\n<link rel=\"canonical\" href=\"https:\/\/kalot.com.mx\/site\/2015\/07\/09\/regresa-el-conjuro\/\" \/>\n<meta property=\"og:locale\" content=\"es_MX\" \/>\n<meta property=\"og:type\" content=\"article\" \/>\n<meta property=\"og:title\" content=\"Regresa &quot;El Conjuro&quot; - Kalot\" \/>\n<meta property=\"og:description\" content=\"El Conjuro 2: El Poltergeist de Enfield se estrenar\u00e1 el pr\u00f3ximo 10 de Junio de 2016 en Estados Unidos y hasta el momento solo se han confirmado como parte\" \/>\n<meta property=\"og:url\" content=\"https:\/\/kalot.com.mx\/site\/2015\/07\/09\/regresa-el-conjuro\/\" \/>\n<meta property=\"og:site_name\" content=\"Kalot\" \/>\n<meta property=\"article:publisher\" content=\"http:\/\/facebook.com\/mxkalot\" \/>\n<meta property=\"article:published_time\" content=\"2015-07-09T19:25:02+00:00\" \/>\n<meta property=\"og:image\" content=\"https:\/\/i2.wp.com\/kalot.com.mx\/site\/wp-content\/uploads\/2015\/07\/poltergeistenfield.jpg?fit=1600%2C1061&ssl=1\" \/>\n\t<meta property=\"og:image:width\" content=\"1600\" \/>\n\t<meta property=\"og:image:height\" content=\"1061\" \/>\n\t<meta property=\"og:image:type\" content=\"image\/jpeg\" \/>\n<meta name=\"author\" content=\"yash\" \/>\n<meta name=\"twitter:card\" content=\"summary_large_image\" \/>\n<meta name=\"twitter:creator\" content=\"@kalotmx\" \/>\n<meta name=\"twitter:site\" content=\"@kalotmx\" \/>\n<meta name=\"twitter:label1\" content=\"Escrito por\" \/>\n\t<meta name=\"twitter:data1\" content=\"yash\" \/>\n\t<meta name=\"twitter:label2\" content=\"Tiempo de lectura\" \/>\n\t<meta name=\"twitter:data2\" content=\"2 minutos\" \/>\n<!-- \/ Yoast SEO plugin. -->","yoast_head_json":{"title":"Regresa \"El Conjuro\" - Kalot","description":"El Conjuro 2: El Poltergeist de Enfield se estrenar\u00e1 el pr\u00f3ximo 10 de Junio de 2016 en Estados Unidos y hasta el momento solo se han confirmado como parte","robots":{"index":"index","follow":"follow","max-snippet":"max-snippet:-1","max-image-preview":"max-image-preview:large","max-video-preview":"max-video-preview:-1"},"canonical":"https:\/\/kalot.com.mx\/site\/2015\/07\/09\/regresa-el-conjuro\/","og_locale":"es_MX","og_type":"article","og_title":"Regresa \"El Conjuro\" - Kalot","og_description":"El Conjuro 2: El Poltergeist de Enfield se estrenar\u00e1 el pr\u00f3ximo 10 de Junio de 2016 en Estados Unidos y hasta el momento solo se han confirmado como parte","og_url":"https:\/\/kalot.com.mx\/site\/2015\/07\/09\/regresa-el-conjuro\/","og_site_name":"Kalot","article_publisher":"http:\/\/facebook.com\/mxkalot","article_published_time":"2015-07-09T19:25:02+00:00","og_image":[{"width":1600,"height":1061,"url":"https:\/\/i2.wp.com\/kalot.com.mx\/site\/wp-content\/uploads\/2015\/07\/poltergeistenfield.jpg?fit=1600%2C1061&ssl=1","type":"image\/jpeg"}],"author":"yash","twitter_card":"summary_large_image","twitter_creator":"@kalotmx","twitter_site":"@kalotmx","twitter_misc":{"Escrito por":"yash","Tiempo de lectura":"2 minutos"},"schema":{"@context":"https:\/\/schema.org","@graph":[{"@type":"Article","@id":"https:\/\/kalot.com.mx\/site\/2015\/07\/09\/regresa-el-conjuro\/#article","isPartOf":{"@id":"https:\/\/kalot.com.mx\/site\/2015\/07\/09\/regresa-el-conjuro\/"},"author":{"name":"yash","@id":"https:\/\/kalot.com.mx\/site\/#\/schema\/person\/1d75ba57b0359df6aee12de5a86e5b04"},"headline":"Regresa &#8220;El Conjuro&#8221;","datePublished":"2015-07-09T19:25:02+00:00","mainEntityOfPage":{"@id":"https:\/\/kalot.com.mx\/site\/2015\/07\/09\/regresa-el-conjuro\/"},"wordCount":455,"commentCount":1,"publisher":{"@id":"https:\/\/kalot.com.mx\/site\/#organization"},"image":{"@id":"https:\/\/kalot.com.mx\/site\/2015\/07\/09\/regresa-el-conjuro\/#primaryimage"},"thumbnailUrl":"https:\/\/i0.wp.com\/kalot.com.mx\/site\/wp-content\/uploads\/2015\/07\/poltergeistenfield.jpg?fit=1600%2C1061&ssl=1","inLanguage":"es","potentialAction":[{"@type":"CommentAction","name":"Comment","target":["https:\/\/kalot.com.mx\/site\/2015\/07\/09\/regresa-el-conjuro\/#respond"]}]},{"@type":"WebPage","@id":"https:\/\/kalot.com.mx\/site\/2015\/07\/09\/regresa-el-conjuro\/","url":"https:\/\/kalot.com.mx\/site\/2015\/07\/09\/regresa-el-conjuro\/","name":"Regresa \"El Conjuro\" - Kalot","isPartOf":{"@id":"https:\/\/kalot.com.mx\/site\/#website"},"primaryImageOfPage":{"@id":"https:\/\/kalot.com.mx\/site\/2015\/07\/09\/regresa-el-conjuro\/#primaryimage"},"image":{"@id":"https:\/\/kalot.com.mx\/site\/2015\/07\/09\/regresa-el-conjuro\/#primaryimage"},"thumbnailUrl":"https:\/\/i0.wp.com\/kalot.com.mx\/site\/wp-content\/uploads\/2015\/07\/poltergeistenfield.jpg?fit=1600%2C1061&ssl=1","datePublished":"2015-07-09T19:25:02+00:00","description":"El Conjuro 2: El Poltergeist de Enfield se estrenar\u00e1 el pr\u00f3ximo 10 de Junio de 2016 en Estados Unidos y hasta el momento solo se han confirmado como parte","breadcrumb":{"@id":"https:\/\/kalot.com.mx\/site\/2015\/07\/09\/regresa-el-conjuro\/#breadcrumb"},"inLanguage":"es","potentialAction":[{"@type":"ReadAction","target":["https:\/\/kalot.com.mx\/site\/2015\/07\/09\/regresa-el-conjuro\/"]}]},{"@type":"ImageObject","inLanguage":"es","@id":"https:\/\/kalot.com.mx\/site\/2015\/07\/09\/regresa-el-conjuro\/#primaryimage","url":"https:\/\/i0.wp.com\/kalot.com.mx\/site\/wp-content\/uploads\/2015\/07\/poltergeistenfield.jpg?fit=1600%2C1061&ssl=1","contentUrl":"https:\/\/i0.wp.com\/kalot.com.mx\/site\/wp-content\/uploads\/2015\/07\/poltergeistenfield.jpg?fit=1600%2C1061&ssl=1","width":1600,"height":1061},{"@type":"BreadcrumbList","@id":"https:\/\/kalot.com.mx\/site\/2015\/07\/09\/regresa-el-conjuro\/#breadcrumb","itemListElement":[{"@type":"ListItem","position":1,"name":"Home","item":"https:\/\/kalot.com.mx\/site\/"},{"@type":"ListItem","position":2,"name":"Regresa &#8220;El Conjuro&#8221;"}]},{"@type":"WebSite","@id":"https:\/\/kalot.com.mx\/site\/#website","url":"https:\/\/kalot.com.mx\/site\/","name":"Kalot","description":"Conoce Todo Sobre Todo","publisher":{"@id":"https:\/\/kalot.com.mx\/site\/#organization"},"potentialAction":[{"@type":"SearchAction","target":{"@type":"EntryPoint","urlTemplate":"https:\/\/kalot.com.mx\/site\/?s={search_term_string}"},"query-input":{"@type":"PropertyValueSpecification","valueRequired":true,"valueName":"search_term_string"}}],"inLanguage":"es"},{"@type":"Organization","@id":"https:\/\/kalot.com.mx\/site\/#organization","name":"Kalot","url":"https:\/\/kalot.com.mx\/site\/","logo":{"@type":"ImageObject","inLanguage":"es","@id":"https:\/\/kalot.com.mx\/site\/#\/schema\/logo\/image\/","url":"https:\/\/i0.wp.com\/kalot.com.mx\/site\/wp-content\/uploads\/2020\/04\/Kalot-logo-sin-tagline.png?fit=1707%2C1014&ssl=1","contentUrl":"https:\/\/i0.wp.com\/kalot.com.mx\/site\/wp-content\/uploads\/2020\/04\/Kalot-logo-sin-tagline.png?fit=1707%2C1014&ssl=1","width":1707,"height":1014,"caption":"Kalot"},"image":{"@id":"https:\/\/kalot.com.mx\/site\/#\/schema\/logo\/image\/"},"sameAs":["http:\/\/facebook.com\/mxkalot","https:\/\/x.com\/kalotmx","http:\/\/instagram.com\/kalotmx","http:\/\/pinterest.com\/jorgeerana\/kalot"]},{"@type":"Person","@id":"https:\/\/kalot.com.mx\/site\/#\/schema\/person\/1d75ba57b0359df6aee12de5a86e5b04","name":"yash","image":{"@type":"ImageObject","inLanguage":"es","@id":"https:\/\/secure.gravatar.com\/avatar\/be80e9883aa4c662e1a435d9ba36a6fba313cea893e0d847aac2ca2290e6decb?s=96&d=mm&r=g","url":"https:\/\/secure.gravatar.com\/avatar\/be80e9883aa4c662e1a435d9ba36a6fba313cea893e0d847aac2ca2290e6decb?s=96&d=mm&r=g","contentUrl":"https:\/\/secure.gravatar.com\/avatar\/be80e9883aa4c662e1a435d9ba36a6fba313cea893e0d847aac2ca2290e6decb?s=96&d=mm&r=g","caption":"yash"},"url":"https:\/\/kalot.com.mx\/site\/author\/yash\/"}]}},"jetpack_publicize_connections":[],"jetpack_featured_media_url":"https:\/\/i0.wp.com\/kalot.com.mx\/site\/wp-content\/uploads\/2015\/07\/poltergeistenfield.jpg?fit=1600%2C1061&ssl=1","jetpack_shortlink":"https:\/\/wp.me\/p6IHEI-5Lt","jetpack-related-posts":[{"id":24689,"url":"https:\/\/kalot.com.mx\/site\/2016\/01\/07\/primer-trailer-de-el-conjuro-2\/","url_meta":{"origin":22163,"position":0},"title":"Primer trailer de &#8220;El Conjuro 2&#8221;","author":"yash","date":"7 enero, 2016","format":false,"excerpt":"\"El Conjuro 2\" revela su primer trailer en el que se muestra el terrible caso del\u00a0\u201cPoltergeist de Enfield\u201d. La secuela de \u201cEl Conjuro\u201d tendr\u00e1 su estreno el pr\u00f3ximo 10 de junio de 2016 y se dice que tendr\u00e1, a manera de pr\u00f3logo, con el terrible caso Amityville. Despu\u00e9s, la secuela\u2026","rel":"","context":"En &quot;Cine&quot;","block_context":{"text":"Cine","link":"https:\/\/kalot.com.mx\/site\/category\/cine\/"},"img":{"alt_text":"","src":"https:\/\/i0.wp.com\/kalot.com.mx\/site\/wp-content\/uploads\/2016\/01\/ElConjuro22.jpg?fit=1200%2C505&ssl=1&resize=350%2C200","width":350,"height":200,"srcset":"https:\/\/i0.wp.com\/kalot.com.mx\/site\/wp-content\/uploads\/2016\/01\/ElConjuro22.jpg?fit=1200%2C505&ssl=1&resize=350%2C200 1x, https:\/\/i0.wp.com\/kalot.com.mx\/site\/wp-content\/uploads\/2016\/01\/ElConjuro22.jpg?fit=1200%2C505&ssl=1&resize=525%2C300 1.5x, https:\/\/i0.wp.com\/kalot.com.mx\/site\/wp-content\/uploads\/2016\/01\/ElConjuro22.jpg?fit=1200%2C505&ssl=1&resize=700%2C400 2x, https:\/\/i0.wp.com\/kalot.com.mx\/site\/wp-content\/uploads\/2016\/01\/ElConjuro22.jpg?fit=1200%2C505&ssl=1&resize=1050%2C600 3x"},"classes":[]},{"id":24657,"url":"https:\/\/kalot.com.mx\/site\/2015\/12\/31\/24657\/","url_meta":{"origin":22163,"position":1},"title":"Primera imagen de &#8220;El Conjuro 2&#8221; revelada.","author":"yash","date":"31 diciembre, 2015","format":false,"excerpt":"EW comparte la primera imagen oficial de \"El Conjuro 2\" dirigida por James Wan, en la que los investigadores paranormales Ed y Lorraine Warre\u00a0(Patrick Wilson y Vera Farmiga) viajan a Inglaterra en \u00a01977 para ayudar a Peggy Hodgson y a sus cuatro hijos, en especial a su hija, Janet (interpretada\u2026","rel":"","context":"En &quot;Cine&quot;","block_context":{"text":"Cine","link":"https:\/\/kalot.com.mx\/site\/category\/cine\/"},"img":{"alt_text":"","src":"https:\/\/i0.wp.com\/kalot.com.mx\/site\/wp-content\/uploads\/2015\/12\/the-conjuring-2-enfield-ghost.jpg?fit=612%2C380&ssl=1&resize=350%2C200","width":350,"height":200,"srcset":"https:\/\/i0.wp.com\/kalot.com.mx\/site\/wp-content\/uploads\/2015\/12\/the-conjuring-2-enfield-ghost.jpg?fit=612%2C380&ssl=1&resize=350%2C200 1x, https:\/\/i0.wp.com\/kalot.com.mx\/site\/wp-content\/uploads\/2015\/12\/the-conjuring-2-enfield-ghost.jpg?fit=612%2C380&ssl=1&resize=525%2C300 1.5x"},"classes":[]},{"id":24680,"url":"https:\/\/kalot.com.mx\/site\/2016\/01\/06\/primer-adelanto-de-el-conjuro-2\/","url_meta":{"origin":22163,"position":2},"title":"Primer adelanto de &#8220;El Conjuro 2&#8221;","author":"yash","date":"6 enero, 2016","format":false,"excerpt":"James Wan, director de \"El Conjuro 2\", acaba de revelar a trav\u00e9s de su cuenta de Twitter el primer adelanto de lo que ser\u00e1 el trailer de la tan esperada secuela. Ma\u00f1ana ser\u00e1 el estreno de dicho trailer. La secuela de \u201cEl Conjuro\u201d tendr\u00e1 su estreno el pr\u00f3ximo 10 de\u2026","rel":"","context":"En &quot;Cine&quot;","block_context":{"text":"Cine","link":"https:\/\/kalot.com.mx\/site\/category\/cine\/"},"img":{"alt_text":"","src":"https:\/\/i0.wp.com\/kalot.com.mx\/site\/wp-content\/uploads\/2015\/12\/the-conjuring-2-enfield-ghost.jpg?fit=612%2C380&ssl=1&resize=350%2C200","width":350,"height":200,"srcset":"https:\/\/i0.wp.com\/kalot.com.mx\/site\/wp-content\/uploads\/2015\/12\/the-conjuring-2-enfield-ghost.jpg?fit=612%2C380&ssl=1&resize=350%2C200 1x, https:\/\/i0.wp.com\/kalot.com.mx\/site\/wp-content\/uploads\/2015\/12\/the-conjuring-2-enfield-ghost.jpg?fit=612%2C380&ssl=1&resize=525%2C300 1.5x"},"classes":[]},{"id":24565,"url":"https:\/\/kalot.com.mx\/site\/2015\/12\/16\/la-casa-maldita-de-amityville-aparecera-en-el-conjuro-2\/","url_meta":{"origin":22163,"position":3},"title":"La casa maldita de Amityville aparecer\u00e1 en el Conjuro 2","author":"yash","date":"16 diciembre, 2015","format":false,"excerpt":"La segunda parte de la exitosa cinta \"El Conjuro\" sigue en su etapa de producci\u00f3n y se espera su estreno para\u00a0el 10 de junio del 2016. En los \u00faltimos d\u00edas se han ido revelando nuevos detalles acerca dela historia que se contar\u00e1 en la cinta. Como ya se hab\u00eda dicho\u2026","rel":"","context":"En &quot;Cine&quot;","block_context":{"text":"Cine","link":"https:\/\/kalot.com.mx\/site\/category\/cine\/"},"img":{"alt_text":"","src":"https:\/\/i0.wp.com\/kalot.com.mx\/site\/wp-content\/uploads\/2015\/12\/enfield2.jpg?fit=1024%2C576&ssl=1&resize=350%2C200","width":350,"height":200,"srcset":"https:\/\/i0.wp.com\/kalot.com.mx\/site\/wp-content\/uploads\/2015\/12\/enfield2.jpg?fit=1024%2C576&ssl=1&resize=350%2C200 1x, https:\/\/i0.wp.com\/kalot.com.mx\/site\/wp-content\/uploads\/2015\/12\/enfield2.jpg?fit=1024%2C576&ssl=1&resize=525%2C300 1.5x, https:\/\/i0.wp.com\/kalot.com.mx\/site\/wp-content\/uploads\/2015\/12\/enfield2.jpg?fit=1024%2C576&ssl=1&resize=700%2C400 2x"},"classes":[]},{"id":26174,"url":"https:\/\/kalot.com.mx\/site\/2016\/09\/16\/primer-trailer-annabelle-2\/","url_meta":{"origin":22163,"position":4},"title":"Primer Trailer de Annabelle 2","author":"yash","date":"16 septiembre, 2016","format":false,"excerpt":"La segunda parte del\u00a0spin-off de \"El Conjuro\" tendr\u00e1 su estreno en 2017. La historia ser\u00e1 la siguiente: A\u00f1os despu\u00e9s del tr\u00e1gico fallecimiento de su hija, un fabricante de mu\u00f1ecas y su mujer reciben en su hogar a una monja y varias ni\u00f1as procedentes de un orfanato clausurado, quienes pronto se\u2026","rel":"","context":"En &quot;Cine&quot;","block_context":{"text":"Cine","link":"https:\/\/kalot.com.mx\/site\/category\/cine\/"},"img":{"alt_text":"","src":"https:\/\/i0.wp.com\/kalot.com.mx\/site\/wp-content\/uploads\/2016\/09\/original.jpg?fit=1200%2C675&ssl=1&resize=350%2C200","width":350,"height":200,"srcset":"https:\/\/i0.wp.com\/kalot.com.mx\/site\/wp-content\/uploads\/2016\/09\/original.jpg?fit=1200%2C675&ssl=1&resize=350%2C200 1x, https:\/\/i0.wp.com\/kalot.com.mx\/site\/wp-content\/uploads\/2016\/09\/original.jpg?fit=1200%2C675&ssl=1&resize=525%2C300 1.5x, https:\/\/i0.wp.com\/kalot.com.mx\/site\/wp-content\/uploads\/2016\/09\/original.jpg?fit=1200%2C675&ssl=1&resize=700%2C400 2x, https:\/\/i0.wp.com\/kalot.com.mx\/site\/wp-content\/uploads\/2016\/09\/original.jpg?fit=1200%2C675&ssl=1&resize=1050%2C600 3x"},"classes":[]},{"id":21933,"url":"https:\/\/kalot.com.mx\/site\/2015\/06\/26\/la-comedia-llamada-poltergeist\/","url_meta":{"origin":22163,"position":5},"title":"La Comedia Llamada Poltergeist","author":"yash","date":"26 junio, 2015","format":false,"excerpt":"Hacer un remake nunca es f\u00e1cil y m\u00e1s si se trata de un cl\u00e1sico. Vaya y si hablamos de un cl\u00e1sico de terror es una tarea casi imposible; prueba de ello es lo ofensivo que resulta el remake de\u00a0Psycho de 1998.\u00a0En esta ocasi\u00f3n les hablar\u00e9 del tan esperado estreno de\u00a0Poltergeist\u2026","rel":"","context":"Entrada similar ","block_context":{"text":"Entrada similar ","link":""},"img":{"alt_text":"","src":"https:\/\/i0.wp.com\/kalot.com.mx\/site\/wp-content\/uploads\/2015\/06\/P1.jpg?fit=1200%2C900&ssl=1&resize=350%2C200","width":350,"height":200,"srcset":"https:\/\/i0.wp.com\/kalot.com.mx\/site\/wp-content\/uploads\/2015\/06\/P1.jpg?fit=1200%2C900&ssl=1&resize=350%2C200 1x, https:\/\/i0.wp.com\/kalot.com.mx\/site\/wp-content\/uploads\/2015\/06\/P1.jpg?fit=1200%2C900&ssl=1&resize=525%2C300 1.5x, https:\/\/i0.wp.com\/kalot.com.mx\/site\/wp-content\/uploads\/2015\/06\/P1.jpg?fit=1200%2C900&ssl=1&resize=700%2C400 2x, https:\/\/i0.wp.com\/kalot.com.mx\/site\/wp-content\/uploads\/2015\/06\/P1.jpg?fit=1200%2C900&ssl=1&resize=1050%2C600 3x"},"classes":[]}],"jetpack_sharing_enabled":true,"_links":{"self":[{"href":"https:\/\/kalot.com.mx\/site\/wp-json\/wp\/v2\/posts\/22163","targetHints":{"allow":["GET"]}}],"collection":[{"href":"https:\/\/kalot.com.mx\/site\/wp-json\/wp\/v2\/posts"}],"about":[{"href":"https:\/\/kalot.com.mx\/site\/wp-json\/wp\/v2\/types\/post"}],"author":[{"embeddable":true,"href":"https:\/\/kalot.com.mx\/site\/wp-json\/wp\/v2\/users\/108"}],"replies":[{"embeddable":true,"href":"https:\/\/kalot.com.mx\/site\/wp-json\/wp\/v2\/comments?post=22163"}],"version-history":[{"count":0,"href":"https:\/\/kalot.com.mx\/site\/wp-json\/wp\/v2\/posts\/22163\/revisions"}],"wp:featuredmedia":[{"embeddable":true,"href":"https:\/\/kalot.com.mx\/site\/wp-json\/wp\/v2\/media\/22170"}],"wp:attachment":[{"href":"https:\/\/kalot.com.mx\/site\/wp-json\/wp\/v2\/media?parent=22163"}],"wp:term":[{"taxonomy":"category","embeddable":true,"href":"https:\/\/kalot.com.mx\/site\/wp-json\/wp\/v2\/categories?post=22163"},{"taxonomy":"post_tag","embeddable":true,"href":"https:\/\/kalot.com.mx\/site\/wp-json\/wp\/v2\/tags?post=22163"}],"curies":[{"name":"wp","href":"https:\/\/api.w.org\/{rel}","templated":true}]}}