{"id":22150,"date":"2015-07-08T22:50:57","date_gmt":"2015-07-09T03:50:57","guid":{"rendered":"http:\/\/www.kalot.com.mx\/?p=22150"},"modified":"2015-07-09T08:27:08","modified_gmt":"2015-07-09T13:27:08","slug":"coca-cola-le-dice-adios-a-logo","status":"publish","type":"post","link":"https:\/\/kalot.com.mx\/site\/2015\/07\/08\/coca-cola-le-dice-adios-a-logo\/","title":{"rendered":"Coca Cola  le dice adi\u00f3s a su logo"},"content":{"rendered":"<p>\u00a0<\/p>\n<p style=\"text-align: justify\">Vamos por la calle y de pronto nos encontramos a una mujer con una falda muy corta, un hombre tatuado y vestido en su mayor\u00eda de negro, gente pidiendo dinero. <!--more-->No pasa mucho tiempo y ya nos formamos una opini\u00f3n de esa persona. \u00bfSe han puesto a pensar cu\u00e1nto tiempo nos toma crear un prejuicio sobre alguien? \u00bfPor qu\u00e9 no nos tomamos un minuto extra para deshacer ese mismo prejuicio? \u00c9sas son las atinadas preguntas que hace meses lanz\u00f3 el gigante mundial del refresco para su nueva campa\u00f1a \u201cLet\u00b4s take an extra second\u201d en la que Coca Cola pretende hacernos reflexionar sobre los prejuicios del mundo.<\/p>\n<p style=\"text-align: justify\"><a href=\"https:\/\/i0.wp.com\/www.kalot.com.mx\/wp-content\/uploads\/2015\/07\/noetiqueta_ramadan_2.jpg\"><img data-recalc-dims=\"1\" fetchpriority=\"high\" decoding=\"async\" data-attachment-id=\"22151\" data-permalink=\"https:\/\/kalot.com.mx\/site\/2015\/07\/08\/coca-cola-le-dice-adios-a-logo\/noetiqueta_ramadan_2\/\" data-orig-file=\"https:\/\/i0.wp.com\/kalot.com.mx\/site\/wp-content\/uploads\/2015\/07\/noetiqueta_ramadan_2.jpg?fit=640%2C424&ssl=1\" data-orig-size=\"640,424\" data-comments-opened=\"1\" data-image-meta=\"{&quot;aperture&quot;:&quot;0&quot;,&quot;credit&quot;:&quot;&quot;,&quot;camera&quot;:&quot;&quot;,&quot;caption&quot;:&quot;&quot;,&quot;created_timestamp&quot;:&quot;0&quot;,&quot;copyright&quot;:&quot;&quot;,&quot;focal_length&quot;:&quot;0&quot;,&quot;iso&quot;:&quot;0&quot;,&quot;shutter_speed&quot;:&quot;0&quot;,&quot;title&quot;:&quot;&quot;,&quot;orientation&quot;:&quot;1&quot;}\" data-image-title=\"Etiqueta\" data-image-description=\"\" data-image-caption=\"\" data-large-file=\"https:\/\/i0.wp.com\/kalot.com.mx\/site\/wp-content\/uploads\/2015\/07\/noetiqueta_ramadan_2.jpg?fit=640%2C424&ssl=1\" class=\" size-medium wp-image-22151 aligncenter\" src=\"https:\/\/i0.wp.com\/www.kalot.com.mx\/wp-content\/uploads\/2015\/07\/noetiqueta_ramadan_2-300x199.jpg?resize=300%2C199\" alt=\"Etiqueta\" width=\"300\" height=\"199\" srcset=\"https:\/\/i0.wp.com\/kalot.com.mx\/site\/wp-content\/uploads\/2015\/07\/noetiqueta_ramadan_2.jpg?resize=300%2C199&ssl=1 300w, https:\/\/i0.wp.com\/kalot.com.mx\/site\/wp-content\/uploads\/2015\/07\/noetiqueta_ramadan_2.jpg?resize=380%2C252&ssl=1 380w, https:\/\/i0.wp.com\/kalot.com.mx\/site\/wp-content\/uploads\/2015\/07\/noetiqueta_ramadan_2.jpg?w=640&ssl=1 640w\" sizes=\"(max-width: 300px) 100vw, 300px\" \/><\/a><\/p>\n<p style=\"text-align: justify\">Al l\u00edder mundial de la publicidad no le bast\u00f3 con destapar la felicidad. Esta semana se anota otro acierto en campa\u00f1as de marketing, y es que por incre\u00edble que parezca, se deshace de su logo. As\u00ed es, las ic\u00f3nicas letras cursivas desaparecieron de sus latas, reemplazadas por la leyenda: \u201cLas etiquetas son para las latas, no para las personas\u201d. La campa\u00f1a tendr\u00e1 presencia en Medio Oriente y en vigor durante el tiempo que dure el Ramad\u00e1n, una de las pr\u00e1cticas religiosas m\u00e1s importantes para la poblaci\u00f3n musulmana.<\/p>\n<p style=\"text-align: justify\">La estrategia de la firma es osada. Luego de promover los nombres de las personas en sus latas en una campa\u00f1a bastante exitosa, quita su logo. Sin embargo, es ese mismo reconocimiento el que le otorga la libertad de hacerlo. La campa\u00f1a tambi\u00e9n est\u00e1 acompa\u00f1ada de un v\u00eddeo en el que se observa a varios individuos que hablan sobre ellos mismos ante los dem\u00e1s pero en la oscuridad. Los hombres discuten varios temas y encuentran coincidencias en formas de pensar. Luego, al encender las luces, puede verse que el grupo es diverso y se dan cuenta del obst\u00e1culo que se genera con los prejuicios.<\/p>\n<p>\u00a0<\/p>\n<p><span class=\"embed-youtube\" style=\"text-align:center; display: block;\"><iframe class=\"youtube-player\" width=\"1200\" height=\"675\" src=\"https:\/\/www.youtube.com\/embed\/84OT0NLlqfM?version=3&rel=1&showsearch=0&showinfo=1&iv_load_policy=1&fs=1&hl=es-MX&autohide=2&wmode=transparent\" allowfullscreen=\"true\" style=\"border:0;\" sandbox=\"allow-scripts allow-same-origin allow-popups allow-presentation allow-popups-to-escape-sandbox\"><\/iframe><\/span><\/p>\n<p>\u00a0<\/p>\n","protected":false},"excerpt":{"rendered":"\u00a0 Vamos por la calle y de pronto nos encontramos a una mujer con una falda muy corta,&hellip;\n","protected":false},"author":99,"featured_media":22155,"comment_status":"open","ping_status":"open","sticky":false,"template":"","format":"standard","meta":{"jetpack_post_was_ever_published":false,"_jetpack_newsletter_access":"","_jetpack_dont_email_post_to_subs":false,"_jetpack_newsletter_tier_id":0,"_jetpack_memberships_contains_paywalled_content":false,"_jetpack_memberships_contains_paid_content":false,"footnotes":"","jetpack_publicize_message":"","jetpack_publicize_feature_enabled":true,"jetpack_social_post_already_shared":true,"jetpack_social_options":{"image_generator_settings":{"template":"highway","default_image_id":0,"font":"","enabled":false},"version":2}},"categories":[],"tags":[],"class_list":{"0":"post-22150","1":"post","2":"type-post","3":"status-publish","4":"format-standard","5":"has-post-thumbnail","7":"cs-entry","8":"cs-video-wrap"},"yoast_head":"<!-- This site is optimized with the Yoast SEO plugin v27.5 - https:\/\/yoast.com\/product\/yoast-seo-wordpress\/ -->\n<title>Coca Cola retira su logo de las latas<\/title>\n<meta name=\"description\" content=\"&nbsp; Vamos por la calle y de pronto nos encontramos a una mujer con una falda muy corta, un hombre tatuado y vestido en su mayor\u00eda de negro, gente\" \/>\n<meta name=\"robots\" content=\"index, follow, max-snippet:-1, max-image-preview:large, max-video-preview:-1\" \/>\n<link rel=\"canonical\" href=\"https:\/\/kalot.com.mx\/site\/2015\/07\/08\/coca-cola-le-dice-adios-a-logo\/\" \/>\n<meta property=\"og:locale\" content=\"es_MX\" \/>\n<meta property=\"og:type\" content=\"article\" \/>\n<meta property=\"og:title\" content=\"Coca Cola retira su logo de las latas\" \/>\n<meta property=\"og:description\" content=\"&nbsp; Vamos por la calle y de pronto nos encontramos a una mujer con una falda muy corta, un hombre tatuado y vestido en su mayor\u00eda de negro, gente\" \/>\n<meta property=\"og:url\" content=\"https:\/\/kalot.com.mx\/site\/2015\/07\/08\/coca-cola-le-dice-adios-a-logo\/\" \/>\n<meta property=\"og:site_name\" content=\"Kalot\" \/>\n<meta property=\"article:publisher\" content=\"http:\/\/facebook.com\/mxkalot\" \/>\n<meta property=\"article:published_time\" content=\"2015-07-09T03:50:57+00:00\" \/>\n<meta property=\"article:modified_time\" content=\"2015-07-09T13:27:08+00:00\" \/>\n<meta property=\"og:image\" content=\"https:\/\/i0.wp.com\/kalot.com.mx\/site\/wp-content\/uploads\/2015\/07\/20_el_ramadan_snetiqueta__860x450-1.jpg?fit=600%2C400&ssl=1\" \/>\n\t<meta property=\"og:image:width\" content=\"600\" \/>\n\t<meta property=\"og:image:height\" content=\"400\" \/>\n\t<meta property=\"og:image:type\" content=\"image\/jpeg\" \/>\n<meta name=\"author\" content=\"Gregoria Huerta\" \/>\n<meta name=\"twitter:card\" content=\"summary_large_image\" \/>\n<meta name=\"twitter:creator\" content=\"@kalotmx\" \/>\n<meta name=\"twitter:site\" content=\"@kalotmx\" \/>\n<meta name=\"twitter:label1\" content=\"Escrito por\" \/>\n\t<meta name=\"twitter:data1\" content=\"Gregoria Huerta\" \/>\n\t<meta name=\"twitter:label2\" content=\"Tiempo de lectura\" \/>\n\t<meta name=\"twitter:data2\" content=\"2 minutos\" \/>\n<!-- \/ Yoast SEO plugin. -->","yoast_head_json":{"title":"Coca Cola retira su logo de las latas","description":"&nbsp; Vamos por la calle y de pronto nos encontramos a una mujer con una falda muy corta, un hombre tatuado y vestido en su mayor\u00eda de negro, gente","robots":{"index":"index","follow":"follow","max-snippet":"max-snippet:-1","max-image-preview":"max-image-preview:large","max-video-preview":"max-video-preview:-1"},"canonical":"https:\/\/kalot.com.mx\/site\/2015\/07\/08\/coca-cola-le-dice-adios-a-logo\/","og_locale":"es_MX","og_type":"article","og_title":"Coca Cola retira su logo de las latas","og_description":"&nbsp; Vamos por la calle y de pronto nos encontramos a una mujer con una falda muy corta, un hombre tatuado y vestido en su mayor\u00eda de negro, gente","og_url":"https:\/\/kalot.com.mx\/site\/2015\/07\/08\/coca-cola-le-dice-adios-a-logo\/","og_site_name":"Kalot","article_publisher":"http:\/\/facebook.com\/mxkalot","article_published_time":"2015-07-09T03:50:57+00:00","article_modified_time":"2015-07-09T13:27:08+00:00","og_image":[{"width":600,"height":400,"url":"https:\/\/i0.wp.com\/kalot.com.mx\/site\/wp-content\/uploads\/2015\/07\/20_el_ramadan_snetiqueta__860x450-1.jpg?fit=600%2C400&ssl=1","type":"image\/jpeg"}],"author":"Gregoria Huerta","twitter_card":"summary_large_image","twitter_creator":"@kalotmx","twitter_site":"@kalotmx","twitter_misc":{"Escrito por":"Gregoria Huerta","Tiempo de lectura":"2 minutos"},"schema":{"@context":"https:\/\/schema.org","@graph":[{"@type":"Article","@id":"https:\/\/kalot.com.mx\/site\/2015\/07\/08\/coca-cola-le-dice-adios-a-logo\/#article","isPartOf":{"@id":"https:\/\/kalot.com.mx\/site\/2015\/07\/08\/coca-cola-le-dice-adios-a-logo\/"},"author":{"name":"Gregoria Huerta","@id":"https:\/\/kalot.com.mx\/site\/#\/schema\/person\/e4844d8f02cb156b3c0c0c510b0bd7bc"},"headline":"Coca Cola le dice adi\u00f3s a su logo","datePublished":"2015-07-09T03:50:57+00:00","dateModified":"2015-07-09T13:27:08+00:00","mainEntityOfPage":{"@id":"https:\/\/kalot.com.mx\/site\/2015\/07\/08\/coca-cola-le-dice-adios-a-logo\/"},"wordCount":341,"commentCount":0,"publisher":{"@id":"https:\/\/kalot.com.mx\/site\/#organization"},"image":{"@id":"https:\/\/kalot.com.mx\/site\/2015\/07\/08\/coca-cola-le-dice-adios-a-logo\/#primaryimage"},"thumbnailUrl":"https:\/\/i0.wp.com\/kalot.com.mx\/site\/wp-content\/uploads\/2015\/07\/20_el_ramadan_snetiqueta__860x450-1.jpg?fit=600%2C400&ssl=1","inLanguage":"es","potentialAction":[{"@type":"CommentAction","name":"Comment","target":["https:\/\/kalot.com.mx\/site\/2015\/07\/08\/coca-cola-le-dice-adios-a-logo\/#respond"]}]},{"@type":"WebPage","@id":"https:\/\/kalot.com.mx\/site\/2015\/07\/08\/coca-cola-le-dice-adios-a-logo\/","url":"https:\/\/kalot.com.mx\/site\/2015\/07\/08\/coca-cola-le-dice-adios-a-logo\/","name":"Coca Cola retira su logo de las latas","isPartOf":{"@id":"https:\/\/kalot.com.mx\/site\/#website"},"primaryImageOfPage":{"@id":"https:\/\/kalot.com.mx\/site\/2015\/07\/08\/coca-cola-le-dice-adios-a-logo\/#primaryimage"},"image":{"@id":"https:\/\/kalot.com.mx\/site\/2015\/07\/08\/coca-cola-le-dice-adios-a-logo\/#primaryimage"},"thumbnailUrl":"https:\/\/i0.wp.com\/kalot.com.mx\/site\/wp-content\/uploads\/2015\/07\/20_el_ramadan_snetiqueta__860x450-1.jpg?fit=600%2C400&ssl=1","datePublished":"2015-07-09T03:50:57+00:00","dateModified":"2015-07-09T13:27:08+00:00","description":"&nbsp; Vamos por la calle y de pronto nos encontramos a una mujer con una falda muy corta, un hombre tatuado y vestido en su mayor\u00eda de negro, gente","breadcrumb":{"@id":"https:\/\/kalot.com.mx\/site\/2015\/07\/08\/coca-cola-le-dice-adios-a-logo\/#breadcrumb"},"inLanguage":"es","potentialAction":[{"@type":"ReadAction","target":["https:\/\/kalot.com.mx\/site\/2015\/07\/08\/coca-cola-le-dice-adios-a-logo\/"]}]},{"@type":"ImageObject","inLanguage":"es","@id":"https:\/\/kalot.com.mx\/site\/2015\/07\/08\/coca-cola-le-dice-adios-a-logo\/#primaryimage","url":"https:\/\/i0.wp.com\/kalot.com.mx\/site\/wp-content\/uploads\/2015\/07\/20_el_ramadan_snetiqueta__860x450-1.jpg?fit=600%2C400&ssl=1","contentUrl":"https:\/\/i0.wp.com\/kalot.com.mx\/site\/wp-content\/uploads\/2015\/07\/20_el_ramadan_snetiqueta__860x450-1.jpg?fit=600%2C400&ssl=1","width":600,"height":400},{"@type":"BreadcrumbList","@id":"https:\/\/kalot.com.mx\/site\/2015\/07\/08\/coca-cola-le-dice-adios-a-logo\/#breadcrumb","itemListElement":[{"@type":"ListItem","position":1,"name":"Home","item":"https:\/\/kalot.com.mx\/site\/"},{"@type":"ListItem","position":2,"name":"Coca Cola le dice adi\u00f3s a su logo"}]},{"@type":"WebSite","@id":"https:\/\/kalot.com.mx\/site\/#website","url":"https:\/\/kalot.com.mx\/site\/","name":"Kalot","description":"Conoce Todo Sobre Todo","publisher":{"@id":"https:\/\/kalot.com.mx\/site\/#organization"},"potentialAction":[{"@type":"SearchAction","target":{"@type":"EntryPoint","urlTemplate":"https:\/\/kalot.com.mx\/site\/?s={search_term_string}"},"query-input":{"@type":"PropertyValueSpecification","valueRequired":true,"valueName":"search_term_string"}}],"inLanguage":"es"},{"@type":"Organization","@id":"https:\/\/kalot.com.mx\/site\/#organization","name":"Kalot","url":"https:\/\/kalot.com.mx\/site\/","logo":{"@type":"ImageObject","inLanguage":"es","@id":"https:\/\/kalot.com.mx\/site\/#\/schema\/logo\/image\/","url":"https:\/\/i0.wp.com\/kalot.com.mx\/site\/wp-content\/uploads\/2020\/04\/Kalot-logo-sin-tagline.png?fit=1707%2C1014&ssl=1","contentUrl":"https:\/\/i0.wp.com\/kalot.com.mx\/site\/wp-content\/uploads\/2020\/04\/Kalot-logo-sin-tagline.png?fit=1707%2C1014&ssl=1","width":1707,"height":1014,"caption":"Kalot"},"image":{"@id":"https:\/\/kalot.com.mx\/site\/#\/schema\/logo\/image\/"},"sameAs":["http:\/\/facebook.com\/mxkalot","https:\/\/x.com\/kalotmx","http:\/\/instagram.com\/kalotmx","http:\/\/pinterest.com\/jorgeerana\/kalot"]},{"@type":"Person","@id":"https:\/\/kalot.com.mx\/site\/#\/schema\/person\/e4844d8f02cb156b3c0c0c510b0bd7bc","name":"Gregoria Huerta","image":{"@type":"ImageObject","inLanguage":"es","@id":"https:\/\/secure.gravatar.com\/avatar\/dd2415e8b9e72459d22025f67d39c353cf23fa056e4855529499e6f39b0b587b?s=96&d=mm&r=g","url":"https:\/\/secure.gravatar.com\/avatar\/dd2415e8b9e72459d22025f67d39c353cf23fa056e4855529499e6f39b0b587b?s=96&d=mm&r=g","contentUrl":"https:\/\/secure.gravatar.com\/avatar\/dd2415e8b9e72459d22025f67d39c353cf23fa056e4855529499e6f39b0b587b?s=96&d=mm&r=g","caption":"Gregoria Huerta"},"url":"https:\/\/kalot.com.mx\/site\/author\/gigi\/"}]}},"jetpack_publicize_connections":[],"jetpack_featured_media_url":"https:\/\/i0.wp.com\/kalot.com.mx\/site\/wp-content\/uploads\/2015\/07\/20_el_ramadan_snetiqueta__860x450-1.jpg?fit=600%2C400&ssl=1","jetpack_shortlink":"https:\/\/wp.me\/p6IHEI-5Lg","jetpack-related-posts":[{"id":18048,"url":"https:\/\/kalot.com.mx\/site\/2014\/09\/10\/mexico-tercer-mercado-para-coca-cola-life\/","url_meta":{"origin":22150,"position":0},"title":"M\u00e9xico Tercer Mercado para Coca Cola Life","author":"Adrian Aldana","date":"10 septiembre, 2014","format":false,"excerpt":"\u00a0 Tal vez es algo que no esperabas, pero aqu\u00ed est\u00e1 Coca Cola Life, M\u00e9xico es el tercer mercado en Latinoam\u00e9rica que empieza a comercializar este producto de la Familia Coca Cola. \u00bfQu\u00e9 nos Ofrece Coca Cola Life en el aspecto NATURAL? Reconozco que ca\u00ed con la publicidad ya que\u2026","rel":"","context":"Entrada similar ","block_context":{"text":"Entrada similar ","link":""},"img":{"alt_text":"","src":"https:\/\/i0.wp.com\/kalot.com.mx\/site\/wp-content\/uploads\/2014\/09\/Coca-Cola-Life.jpg?fit=1200%2C589&ssl=1&resize=350%2C200","width":350,"height":200,"srcset":"https:\/\/i0.wp.com\/kalot.com.mx\/site\/wp-content\/uploads\/2014\/09\/Coca-Cola-Life.jpg?fit=1200%2C589&ssl=1&resize=350%2C200 1x, https:\/\/i0.wp.com\/kalot.com.mx\/site\/wp-content\/uploads\/2014\/09\/Coca-Cola-Life.jpg?fit=1200%2C589&ssl=1&resize=525%2C300 1.5x, https:\/\/i0.wp.com\/kalot.com.mx\/site\/wp-content\/uploads\/2014\/09\/Coca-Cola-Life.jpg?fit=1200%2C589&ssl=1&resize=700%2C400 2x, https:\/\/i0.wp.com\/kalot.com.mx\/site\/wp-content\/uploads\/2014\/09\/Coca-Cola-Life.jpg?fit=1200%2C589&ssl=1&resize=1050%2C600 3x"},"classes":[]},{"id":8987,"url":"https:\/\/kalot.com.mx\/site\/2014\/01\/04\/reasonstobelieve-coca-cola\/","url_meta":{"origin":22150,"position":1},"title":"#ReasonstoBelieve by Coca Cola","author":"Dulce Mireles","date":"4 enero, 2014","format":false,"excerpt":"La marca Coca Cola es una de las favoritas no solo en su producto de bebidas refrescantes sino tambi\u00e9n por la grandiosa publicidad que se puede resumir en tres palabras: efectiva, emotiva y creativa. El a\u00f1o pasado nos sorprendieron con varias campa\u00f1as, de la cual la m\u00e1s recordada es \"Volvamonos\u2026","rel":"","context":"Entrada similar ","block_context":{"text":"Entrada similar ","link":""},"img":{"alt_text":"","src":"https:\/\/i0.wp.com\/kalot.com.mx\/site\/wp-content\/uploads\/2014\/01\/hqdefault.jpg?fit=480%2C360&ssl=1&resize=350%2C200","width":350,"height":200},"classes":[]},{"id":12532,"url":"https:\/\/kalot.com.mx\/site\/2014\/02\/25\/idea-millonaria-social-media-guard-cocacola\/","url_meta":{"origin":22150,"position":2},"title":"Idea millonaria: Social Media Guard #CocaCola","author":"Dulce Mireles","date":"25 febrero, 2014","format":false,"excerpt":"No sabemos si es el producto que anuncia Coca-Cola en su \u00faltima campa\u00f1a ser\u00e1 comercializado o no pero lo cierto es que si as\u00ed fuera, tal vez ser\u00eda un invento ben\u00e9fico para las relaciones humanas hoy en d\u00eda, depende del enfoque con el que se trate. Les comparto primero unas\u2026","rel":"","context":"En &quot;Sin categor\u00eda&quot;","block_context":{"text":"Sin categor\u00eda","link":"https:\/\/kalot.com.mx\/site\/category\/sin-categoria\/"},"img":{"alt_text":"","src":"https:\/\/i0.wp.com\/kalot.com.mx\/site\/wp-content\/uploads\/2014\/02\/coca-cola-social-guard-2.jpg?fit=1035%2C612&ssl=1&resize=350%2C200","width":350,"height":200,"srcset":"https:\/\/i0.wp.com\/kalot.com.mx\/site\/wp-content\/uploads\/2014\/02\/coca-cola-social-guard-2.jpg?fit=1035%2C612&ssl=1&resize=350%2C200 1x, https:\/\/i0.wp.com\/kalot.com.mx\/site\/wp-content\/uploads\/2014\/02\/coca-cola-social-guard-2.jpg?fit=1035%2C612&ssl=1&resize=525%2C300 1.5x, https:\/\/i0.wp.com\/kalot.com.mx\/site\/wp-content\/uploads\/2014\/02\/coca-cola-social-guard-2.jpg?fit=1035%2C612&ssl=1&resize=700%2C400 2x"},"classes":[]},{"id":8158,"url":"https:\/\/kalot.com.mx\/site\/2013\/12\/20\/banksy-publicidad\/","url_meta":{"origin":22150,"position":3},"title":"Banksy, el famoso artista callejero y su cr\u00edtica a la publicidad en forma de Coca Cola","author":"Jorge Era\u00f1a","date":"20 diciembre, 2013","format":false,"excerpt":"Como ya sabemos Banksy es un artista practicante del street art brit\u00e1nico que naci\u00f3 por all\u00e1 de mediados de los 70\u00b4s. Hace tiempo nos encontramos unas im\u00e1genes realizadas por un dise\u00f1ador donde convirti\u00f3 algunos de los trabajos m\u00e1s famosos de Banksy en im\u00e1genes animadas (GIF). Empez\u00f3 su afici\u00f3n por el\u2026","rel":"","context":"En &quot;Sin categor\u00eda&quot;","block_context":{"text":"Sin categor\u00eda","link":"https:\/\/kalot.com.mx\/site\/category\/sin-categoria\/"},"img":{"alt_text":"","src":"https:\/\/i0.wp.com\/kalot.com.mx\/site\/wp-content\/uploads\/2013\/12\/banksy-coca-cola.jpg?fit=1000%2C562&ssl=1&resize=350%2C200","width":350,"height":200,"srcset":"https:\/\/i0.wp.com\/kalot.com.mx\/site\/wp-content\/uploads\/2013\/12\/banksy-coca-cola.jpg?fit=1000%2C562&ssl=1&resize=350%2C200 1x, https:\/\/i0.wp.com\/kalot.com.mx\/site\/wp-content\/uploads\/2013\/12\/banksy-coca-cola.jpg?fit=1000%2C562&ssl=1&resize=525%2C300 1.5x, https:\/\/i0.wp.com\/kalot.com.mx\/site\/wp-content\/uploads\/2013\/12\/banksy-coca-cola.jpg?fit=1000%2C562&ssl=1&resize=700%2C400 2x"},"classes":[]},{"id":10613,"url":"https:\/\/kalot.com.mx\/site\/2014\/01\/29\/just-add-zero-cocacolazeromx\/","url_meta":{"origin":22150,"position":4},"title":"Just Add Zero @CocaColaZeroMx","author":"Dulce Mireles","date":"29 enero, 2014","format":false,"excerpt":"Recientemente Coca Cola Zero de la gran familia de gaseosas de la ciudad de Atlanta, Georgia EUA ha lanzado este interesante spot bajo la leyenda \"Just add Zero\" Del director\u00a0NIMA Nourizadeh quien ha trabajo con artistas como Lilly Allen,\u00a0Sophie Ellis-Bextor y \u00a0Hot Chip, sin embargo NIMA ha sido reconocido por\u2026","rel":"","context":"Entrada similar ","block_context":{"text":"Entrada similar ","link":""},"img":{"alt_text":"","src":"https:\/\/i0.wp.com\/kalot.com.mx\/site\/wp-content\/uploads\/2014\/01\/x.jpg?fit=1200%2C800&ssl=1&resize=350%2C200","width":350,"height":200,"srcset":"https:\/\/i0.wp.com\/kalot.com.mx\/site\/wp-content\/uploads\/2014\/01\/x.jpg?fit=1200%2C800&ssl=1&resize=350%2C200 1x, https:\/\/i0.wp.com\/kalot.com.mx\/site\/wp-content\/uploads\/2014\/01\/x.jpg?fit=1200%2C800&ssl=1&resize=525%2C300 1.5x, https:\/\/i0.wp.com\/kalot.com.mx\/site\/wp-content\/uploads\/2014\/01\/x.jpg?fit=1200%2C800&ssl=1&resize=700%2C400 2x, https:\/\/i0.wp.com\/kalot.com.mx\/site\/wp-content\/uploads\/2014\/01\/x.jpg?fit=1200%2C800&ssl=1&resize=1050%2C600 3x"},"classes":[]},{"id":16639,"url":"https:\/\/kalot.com.mx\/site\/2014\/06\/03\/20-comerciales-mundialistas-que-debes-ver-1a-parte\/","url_meta":{"origin":22150,"position":5},"title":"20 Comerciales Mundialistas Que Debes Ver [1\u00aa Parte]","author":"Omar Herrera","date":"3 junio, 2014","format":false,"excerpt":"Quiz\u00e1 parezcan m\u00e1s, pero apenas 19 han sido las ediciones que se han llevado de Copas Mundiales de la FIFA y es que un evento de esta magnitud merece publicidad y patrocinios igual de majestuosos as\u00ed que aqu\u00ed en Kalot recopilamos los mejores comerciales a nivel mundial que han acompa\u00f1ado\u2026","rel":"","context":"Entrada similar ","block_context":{"text":"Entrada similar ","link":""},"img":{"alt_text":"","src":"https:\/\/i0.wp.com\/kalot.com.mx\/site\/wp-content\/uploads\/2014\/06\/maxresdefault1.jpg?fit=1200%2C675&ssl=1&resize=350%2C200","width":350,"height":200,"srcset":"https:\/\/i0.wp.com\/kalot.com.mx\/site\/wp-content\/uploads\/2014\/06\/maxresdefault1.jpg?fit=1200%2C675&ssl=1&resize=350%2C200 1x, https:\/\/i0.wp.com\/kalot.com.mx\/site\/wp-content\/uploads\/2014\/06\/maxresdefault1.jpg?fit=1200%2C675&ssl=1&resize=525%2C300 1.5x, https:\/\/i0.wp.com\/kalot.com.mx\/site\/wp-content\/uploads\/2014\/06\/maxresdefault1.jpg?fit=1200%2C675&ssl=1&resize=700%2C400 2x, https:\/\/i0.wp.com\/kalot.com.mx\/site\/wp-content\/uploads\/2014\/06\/maxresdefault1.jpg?fit=1200%2C675&ssl=1&resize=1050%2C600 3x"},"classes":[]}],"jetpack_sharing_enabled":true,"_links":{"self":[{"href":"https:\/\/kalot.com.mx\/site\/wp-json\/wp\/v2\/posts\/22150","targetHints":{"allow":["GET"]}}],"collection":[{"href":"https:\/\/kalot.com.mx\/site\/wp-json\/wp\/v2\/posts"}],"about":[{"href":"https:\/\/kalot.com.mx\/site\/wp-json\/wp\/v2\/types\/post"}],"author":[{"embeddable":true,"href":"https:\/\/kalot.com.mx\/site\/wp-json\/wp\/v2\/users\/99"}],"replies":[{"embeddable":true,"href":"https:\/\/kalot.com.mx\/site\/wp-json\/wp\/v2\/comments?post=22150"}],"version-history":[{"count":0,"href":"https:\/\/kalot.com.mx\/site\/wp-json\/wp\/v2\/posts\/22150\/revisions"}],"wp:featuredmedia":[{"embeddable":true,"href":"https:\/\/kalot.com.mx\/site\/wp-json\/wp\/v2\/media\/22155"}],"wp:attachment":[{"href":"https:\/\/kalot.com.mx\/site\/wp-json\/wp\/v2\/media?parent=22150"}],"wp:term":[{"taxonomy":"category","embeddable":true,"href":"https:\/\/kalot.com.mx\/site\/wp-json\/wp\/v2\/categories?post=22150"},{"taxonomy":"post_tag","embeddable":true,"href":"https:\/\/kalot.com.mx\/site\/wp-json\/wp\/v2\/tags?post=22150"}],"curies":[{"name":"wp","href":"https:\/\/api.w.org\/{rel}","templated":true}]}}