{"id":22120,"date":"2015-07-08T20:39:53","date_gmt":"2015-07-09T01:39:53","guid":{"rendered":"http:\/\/www.kalot.com.mx\/?p=22120"},"modified":"2015-07-08T20:39:53","modified_gmt":"2015-07-09T01:39:53","slug":"la-crisis-de-los-25","status":"publish","type":"post","link":"https:\/\/kalot.com.mx\/site\/2015\/07\/08\/la-crisis-de-los-25\/","title":{"rendered":"LA CRISIS DE LOS 25"},"content":{"rendered":"<p style=\"text-align: justify;line-height: 18.0pt\"><span style=\"font-family: 'Georgia','serif';color: #333333\">La crisis de los 25 tambi\u00e9n conocida como la crisis del cuarto de vida, est\u00e1 ampliamente reconocido por el mundo de la psicolog\u00eda que se da entre los 21 y los 29 a\u00f1os en donde<span class=\"apple-converted-space\">\u00a0<\/span>nosotros los\u00a0\u00a0j\u00f3venes nos vemos inmersos en la vida adulta,\u00a0en cuanto detectamos que estamos madurando, emprendemos una feroz carrera para seguir pareciendo adolescentes, pero la realidad es que cada d\u00eda m\u00e1s tenemos m\u00e1s responsabilidades de las que se supone que son y que nos vemos en la necesidad de cumplir con todas por lograr metas y anhelos que hemos so\u00f1ado durante a\u00f1os ya que queremos abarcar todo, aprender todo para no quedarnos atr\u00e1s.<\/span><\/p>\n<p style=\"text-align: justify;line-height: 18.0pt\"><a href=\"https:\/\/i0.wp.com\/www.kalot.com.mx\/wp-content\/uploads\/2015\/07\/profesional.jpg\"><img data-recalc-dims=\"1\" fetchpriority=\"high\" decoding=\"async\" data-attachment-id=\"22140\" data-permalink=\"https:\/\/kalot.com.mx\/site\/2015\/07\/08\/la-crisis-de-los-25\/profesional\/\" data-orig-file=\"https:\/\/i0.wp.com\/kalot.com.mx\/site\/wp-content\/uploads\/2015\/07\/profesional.jpg?fit=630%2C450&amp;ssl=1\" data-orig-size=\"630,450\" data-comments-opened=\"1\" data-image-meta=\"{&quot;aperture&quot;:&quot;0&quot;,&quot;credit&quot;:&quot;&quot;,&quot;camera&quot;:&quot;&quot;,&quot;caption&quot;:&quot;&quot;,&quot;created_timestamp&quot;:&quot;0&quot;,&quot;copyright&quot;:&quot;&quot;,&quot;focal_length&quot;:&quot;0&quot;,&quot;iso&quot;:&quot;0&quot;,&quot;shutter_speed&quot;:&quot;0&quot;,&quot;title&quot;:&quot;&quot;,&quot;orientation&quot;:&quot;0&quot;}\" data-image-title=\"profesional\" data-image-description=\"\" data-image-caption=\"\" data-large-file=\"https:\/\/i0.wp.com\/kalot.com.mx\/site\/wp-content\/uploads\/2015\/07\/profesional.jpg?fit=630%2C450&amp;ssl=1\" class=\" size-medium wp-image-22140 aligncenter\" src=\"https:\/\/i0.wp.com\/www.kalot.com.mx\/wp-content\/uploads\/2015\/07\/profesional-300x214.jpg?resize=300%2C214\" alt=\"profesional\" width=\"300\" height=\"214\" srcset=\"https:\/\/i0.wp.com\/kalot.com.mx\/site\/wp-content\/uploads\/2015\/07\/profesional.jpg?resize=300%2C214&amp;ssl=1 300w, https:\/\/i0.wp.com\/kalot.com.mx\/site\/wp-content\/uploads\/2015\/07\/profesional.jpg?resize=380%2C271&amp;ssl=1 380w, https:\/\/i0.wp.com\/kalot.com.mx\/site\/wp-content\/uploads\/2015\/07\/profesional.jpg?w=630&amp;ssl=1 630w\" sizes=\"(max-width: 300px) 100vw, 300px\" \/><\/a><\/p>\n<p style=\"text-align: justify;line-height: 18.0pt\"><span style=\"font-family: 'Georgia','serif';color: #333333\">Tras a\u00f1os de estudio en las que tuvimos horas de desvelo, fiesta, alcohol y dem\u00e1s, creemos que entre m\u00e1s sigamos creciendo m\u00e1s podemos seguir disfrutando de esta vida, pero lamentablemente entre m\u00e1s vamos creciendo m\u00e1s responsabilidades tenemos, trabajamos m\u00e1s, queremos tener un mejor puesto de trabajo, comprar un carro, disfrutar de la vida loca.<\/span><\/p>\n<p style=\"text-align: justify;line-height: 18.0pt\"><a href=\"https:\/\/i0.wp.com\/www.kalot.com.mx\/wp-content\/uploads\/2015\/07\/fiesta-y-alcohol.jpg\"><img data-recalc-dims=\"1\" decoding=\"async\" data-attachment-id=\"22141\" data-permalink=\"https:\/\/kalot.com.mx\/site\/2015\/07\/08\/la-crisis-de-los-25\/fiesta-y-alcohol\/\" data-orig-file=\"https:\/\/i0.wp.com\/kalot.com.mx\/site\/wp-content\/uploads\/2015\/07\/fiesta-y-alcohol.jpg?fit=660%2C400&amp;ssl=1\" data-orig-size=\"660,400\" data-comments-opened=\"1\" data-image-meta=\"{&quot;aperture&quot;:&quot;0&quot;,&quot;credit&quot;:&quot;&quot;,&quot;camera&quot;:&quot;&quot;,&quot;caption&quot;:&quot;&quot;,&quot;created_timestamp&quot;:&quot;0&quot;,&quot;copyright&quot;:&quot;&quot;,&quot;focal_length&quot;:&quot;0&quot;,&quot;iso&quot;:&quot;0&quot;,&quot;shutter_speed&quot;:&quot;0&quot;,&quot;title&quot;:&quot;&quot;,&quot;orientation&quot;:&quot;0&quot;}\" data-image-title=\"fiesta y alcohol\" data-image-description=\"\" data-image-caption=\"\" data-large-file=\"https:\/\/i0.wp.com\/kalot.com.mx\/site\/wp-content\/uploads\/2015\/07\/fiesta-y-alcohol.jpg?fit=660%2C400&amp;ssl=1\" class=\"  wp-image-22141 aligncenter\" src=\"https:\/\/i0.wp.com\/www.kalot.com.mx\/wp-content\/uploads\/2015\/07\/fiesta-y-alcohol-300x182.jpg?resize=434%2C263\" alt=\"fiesta y alcohol\" width=\"434\" height=\"263\" srcset=\"https:\/\/i0.wp.com\/kalot.com.mx\/site\/wp-content\/uploads\/2015\/07\/fiesta-y-alcohol.jpg?resize=300%2C182&amp;ssl=1 300w, https:\/\/i0.wp.com\/kalot.com.mx\/site\/wp-content\/uploads\/2015\/07\/fiesta-y-alcohol.jpg?resize=380%2C230&amp;ssl=1 380w, https:\/\/i0.wp.com\/kalot.com.mx\/site\/wp-content\/uploads\/2015\/07\/fiesta-y-alcohol.jpg?w=660&amp;ssl=1 660w\" sizes=\"(max-width: 434px) 100vw, 434px\" \/><\/a><\/p>\n<p style=\"text-align: justify;line-height: 18.0pt\"><span style=\"font-family: 'Georgia','serif';color: #333333\">Cumplir 25 es el recordatorio perfecto de que la vida es corta y que cada segundo nos estamos haciendo m\u00e1s viejos, los 25 es una buena edad para abrir los ojos, aclarar nuestra mente y dejar de hacer tonter\u00edas. Claro est\u00e1 que cuando m\u00e1s crecemos m\u00e1s sufrimos en cambios constantes en nuestro cuerpo, como subir de peso, estr\u00e9s por no dormir bien o no comer bien, nuestro metabolismo se hace m\u00e1s lento, nuestro rostro tiende a sufrir peque\u00f1os cambios, ese peinado que est\u00e1 de moda y que todo mundo usa ya no se te ven tan bien, simplemente porque ya creciste y te vez chavoruca o chavoruco con \u00e9l, hablar con personas que son m\u00e1s chicos que t\u00fa tambi\u00e9n es un dilema, tienen un pensamiento muy diferente al tuyo simplemente porque no vivieron las mismas experiencias que t\u00fa.<\/span><\/p>\n<p style=\"text-align: justify;line-height: 18.0pt\"><a href=\"https:\/\/i0.wp.com\/www.kalot.com.mx\/wp-content\/uploads\/2015\/07\/hermana-mayor.gif\"><img data-recalc-dims=\"1\" decoding=\"async\" data-attachment-id=\"22142\" data-permalink=\"https:\/\/kalot.com.mx\/site\/2015\/07\/08\/la-crisis-de-los-25\/hermana-mayor\/\" data-orig-file=\"https:\/\/i0.wp.com\/kalot.com.mx\/site\/wp-content\/uploads\/2015\/07\/hermana-mayor.gif?fit=500%2C242&amp;ssl=1\" data-orig-size=\"500,242\" data-comments-opened=\"1\" data-image-meta=\"{&quot;aperture&quot;:&quot;0&quot;,&quot;credit&quot;:&quot;&quot;,&quot;camera&quot;:&quot;&quot;,&quot;caption&quot;:&quot;&quot;,&quot;created_timestamp&quot;:&quot;0&quot;,&quot;copyright&quot;:&quot;&quot;,&quot;focal_length&quot;:&quot;0&quot;,&quot;iso&quot;:&quot;0&quot;,&quot;shutter_speed&quot;:&quot;0&quot;,&quot;title&quot;:&quot;&quot;,&quot;orientation&quot;:&quot;0&quot;}\" data-image-title=\"hermana mayor\" data-image-description=\"\" data-image-caption=\"\" data-large-file=\"https:\/\/i0.wp.com\/kalot.com.mx\/site\/wp-content\/uploads\/2015\/07\/hermana-mayor.gif?fit=500%2C242&amp;ssl=1\" class=\"  wp-image-22142 aligncenter\" src=\"https:\/\/i0.wp.com\/www.kalot.com.mx\/wp-content\/uploads\/2015\/07\/hermana-mayor-300x145.gif?resize=468%2C226\" alt=\"hermana mayor\" width=\"468\" height=\"226\" srcset=\"https:\/\/i0.wp.com\/kalot.com.mx\/site\/wp-content\/uploads\/2015\/07\/hermana-mayor.gif?resize=300%2C145&amp;ssl=1 300w, https:\/\/i0.wp.com\/kalot.com.mx\/site\/wp-content\/uploads\/2015\/07\/hermana-mayor.gif?resize=380%2C184&amp;ssl=1 380w\" sizes=\"(max-width: 468px) 100vw, 468px\" \/><\/a><\/p>\n<p style=\"text-align: justify;line-height: 18.0pt\"><a href=\"https:\/\/i0.wp.com\/www.kalot.com.mx\/wp-content\/uploads\/2015\/07\/30-a%C3%B1os.jpg\"><img data-recalc-dims=\"1\" loading=\"lazy\" decoding=\"async\" data-attachment-id=\"22143\" data-permalink=\"https:\/\/kalot.com.mx\/site\/2015\/07\/08\/la-crisis-de-los-25\/30-anos\/\" data-orig-file=\"https:\/\/i0.wp.com\/kalot.com.mx\/site\/wp-content\/uploads\/2015\/07\/30-a%C3%B1os.jpg?fit=630%2C330&amp;ssl=1\" data-orig-size=\"630,330\" data-comments-opened=\"1\" data-image-meta=\"{&quot;aperture&quot;:&quot;0&quot;,&quot;credit&quot;:&quot;&quot;,&quot;camera&quot;:&quot;&quot;,&quot;caption&quot;:&quot;&quot;,&quot;created_timestamp&quot;:&quot;0&quot;,&quot;copyright&quot;:&quot;&quot;,&quot;focal_length&quot;:&quot;0&quot;,&quot;iso&quot;:&quot;0&quot;,&quot;shutter_speed&quot;:&quot;0&quot;,&quot;title&quot;:&quot;&quot;,&quot;orientation&quot;:&quot;0&quot;}\" data-image-title=\"30 a\u00f1os\" data-image-description=\"\" data-image-caption=\"\" data-large-file=\"https:\/\/i0.wp.com\/kalot.com.mx\/site\/wp-content\/uploads\/2015\/07\/30-a%C3%B1os.jpg?fit=630%2C330&amp;ssl=1\" class=\"  wp-image-22143 aligncenter\" src=\"https:\/\/i0.wp.com\/www.kalot.com.mx\/wp-content\/uploads\/2015\/07\/30-a%C3%B1os-300x157.jpg?resize=476%2C249\" alt=\"30 a\u00f1os\" width=\"476\" height=\"249\" srcset=\"https:\/\/i0.wp.com\/kalot.com.mx\/site\/wp-content\/uploads\/2015\/07\/30-a%C3%B1os.jpg?resize=300%2C157&amp;ssl=1 300w, https:\/\/i0.wp.com\/kalot.com.mx\/site\/wp-content\/uploads\/2015\/07\/30-a%C3%B1os.jpg?resize=380%2C199&amp;ssl=1 380w, https:\/\/i0.wp.com\/kalot.com.mx\/site\/wp-content\/uploads\/2015\/07\/30-a%C3%B1os.jpg?resize=375%2C195&amp;ssl=1 375w, https:\/\/i0.wp.com\/kalot.com.mx\/site\/wp-content\/uploads\/2015\/07\/30-a%C3%B1os.jpg?w=630&amp;ssl=1 630w\" sizes=\"(max-width: 476px) 100vw, 476px\" \/><\/a><\/p>\n<p style=\"text-align: justify;line-height: 18.0pt\"><span style=\"font-family: 'Georgia','serif';color: #333333\">Pero no todo es terror, tener 25 a\u00f1os es una edad maravillosa, ya que pasas de ser aquel inmaduro que no daban ni un 1 peso, a aquel chavo maduro m\u00e1s centrado, con deseos de crecer y que todo mundo toma en cuenta. Pero que tambi\u00e9n tener 25 implica que estemos m\u00e1s centrados en nuestra vida, ya que nos analizamos que tanto hemos avanzado y que hemos hecho bien en nuestra corta vida.<\/span><\/p>\n<p style=\"text-align: justify;line-height: 18.0pt\"><span style=\"font-family: 'Georgia','serif';color: #333333\">En temas de las relaciones de pareja, se tornan un poco m\u00e1s serias en el sentido de que nos duele m\u00e1s que nos rompan el coraz\u00f3n pero que poco a poco lo vamos superando, ya no somos aquellos adolescentes que llor\u00e1bamos un d\u00eda y al d\u00eda siguiente conoc\u00edamos a alguien y as\u00ed sucesivamente, ahora nos cuesta m\u00e1s trabajo por el sentido de que ya nos visualizamos m\u00e1s con la persona que queremos.<\/span><\/p>\n<p style=\"text-align: justify;line-height: 18.0pt\"><a href=\"https:\/\/i0.wp.com\/www.kalot.com.mx\/wp-content\/uploads\/2015\/07\/gif-desamor.gif\"><img data-recalc-dims=\"1\" loading=\"lazy\" decoding=\"async\" data-attachment-id=\"22139\" data-permalink=\"https:\/\/kalot.com.mx\/site\/2015\/07\/08\/la-crisis-de-los-25\/gif-desamor\/\" data-orig-file=\"https:\/\/i0.wp.com\/kalot.com.mx\/site\/wp-content\/uploads\/2015\/07\/gif-desamor.gif?fit=499%2C212&amp;ssl=1\" data-orig-size=\"499,212\" data-comments-opened=\"1\" data-image-meta=\"{&quot;aperture&quot;:&quot;0&quot;,&quot;credit&quot;:&quot;&quot;,&quot;camera&quot;:&quot;&quot;,&quot;caption&quot;:&quot;&quot;,&quot;created_timestamp&quot;:&quot;0&quot;,&quot;copyright&quot;:&quot;&quot;,&quot;focal_length&quot;:&quot;0&quot;,&quot;iso&quot;:&quot;0&quot;,&quot;shutter_speed&quot;:&quot;0&quot;,&quot;title&quot;:&quot;&quot;,&quot;orientation&quot;:&quot;0&quot;}\" data-image-title=\"gif desamor\" data-image-description=\"\" data-image-caption=\"\" data-large-file=\"https:\/\/i0.wp.com\/kalot.com.mx\/site\/wp-content\/uploads\/2015\/07\/gif-desamor.gif?fit=499%2C212&amp;ssl=1\" class=\"  wp-image-22139 aligncenter\" src=\"https:\/\/i0.wp.com\/www.kalot.com.mx\/wp-content\/uploads\/2015\/07\/gif-desamor-300x127.gif?resize=371%2C157\" alt=\"gif desamor\" width=\"371\" height=\"157\" srcset=\"https:\/\/i0.wp.com\/kalot.com.mx\/site\/wp-content\/uploads\/2015\/07\/gif-desamor.gif?resize=300%2C127&amp;ssl=1 300w, https:\/\/i0.wp.com\/kalot.com.mx\/site\/wp-content\/uploads\/2015\/07\/gif-desamor.gif?resize=380%2C161&amp;ssl=1 380w\" sizes=\"(max-width: 371px) 100vw, 371px\" \/><\/a><\/p>\n<p style=\"text-align: justify;line-height: 18.0pt\"><span style=\"font-family: 'Georgia','serif';color: #333333\">Cumplir 25 implica que tengamos tambi\u00e9n que centrarnos en lo que tenemos que cumplir, ya no es lo mismo el IVA incluido en todo lo que consumimos, a los impuestos que tenemos que pagar aparte, cumplir 25 es el acceso a tarjetas de cr\u00e9dito y que a su vez hacemos compras compulsivas por el querer vernos bien y sentirnos bien y estos traer a consecuencia que\u00a0todo lo que consumimos o gastemos se crea un costo adicional llamado \u201cimpuestos\u201d, claro est\u00e1 que lo tenemos que pagar y eso nadie nos lo hab\u00eda dicho. <\/span><\/p>\n<p style=\"text-align: justify;line-height: 18.0pt\"><span style=\"font-family: 'Georgia','serif';color: #333333\">Pero que tener 25 a\u00f1os, nos hace vernos diferentes y \u00fanicos de las dem\u00e1s personas, una etapa m\u00e1s para superar todos aquellos obst\u00e1culos que en un determinado tiempo se nos hac\u00eda dif\u00edcil de superarlos, tener 25 es sentirnos poderosos, ya nadie nos puede decir que es lo que estamos haciendo mal con nuestra vida, basta con que nosotros nos analicemos y no nos creamos todo lo que nos dicen las dem\u00e1s personas, somos seres humanos que nos podemos equivocar y que tenemos derecho a volvernos a levantar y empezar de nuevo. <\/span><\/p>\n<p style=\"text-align: justify\"><span style=\"font-family: 'Georgia','serif';color: #333333\">Que tengan una excelente semana. <\/span><\/p>\n","protected":false},"excerpt":{"rendered":"La crisis de los 25 tambi\u00e9n conocida como la crisis del cuarto de vida, est\u00e1 ampliamente reconocido por&hellip;\n","protected":false},"author":130,"featured_media":22121,"comment_status":"open","ping_status":"open","sticky":false,"template":"","format":"standard","meta":{"jetpack_post_was_ever_published":false,"_jetpack_newsletter_access":"","_jetpack_dont_email_post_to_subs":false,"_jetpack_newsletter_tier_id":0,"_jetpack_memberships_contains_paywalled_content":false,"_jetpack_memberships_contains_paid_content":false,"footnotes":"","jetpack_publicize_message":"","jetpack_publicize_feature_enabled":true,"jetpack_social_post_already_shared":true,"jetpack_social_options":{"image_generator_settings":{"template":"highway","default_image_id":0,"font":"","enabled":false},"version":2}},"categories":[],"tags":[],"class_list":{"0":"post-22120","1":"post","2":"type-post","3":"status-publish","4":"format-standard","5":"has-post-thumbnail","7":"cs-entry","8":"cs-video-wrap"},"yoast_head":"<!-- This site is optimized with the Yoast SEO plugin v27.4 - https:\/\/yoast.com\/product\/yoast-seo-wordpress\/ -->\n<title>LA CRISIS DE LOS 25 - Kalot<\/title>\n<meta name=\"description\" content=\"La crisis de los 25 tambi\u00e9n conocida como la crisis del cuarto de vida, est\u00e1 ampliamente reconocido por el mundo de la psicolog\u00eda que se da entre los 21 y\" \/>\n<meta name=\"robots\" content=\"index, follow, max-snippet:-1, max-image-preview:large, max-video-preview:-1\" \/>\n<link rel=\"canonical\" href=\"https:\/\/kalot.com.mx\/site\/2015\/07\/08\/la-crisis-de-los-25\/\" \/>\n<meta property=\"og:locale\" content=\"es_MX\" \/>\n<meta property=\"og:type\" content=\"article\" \/>\n<meta property=\"og:title\" content=\"LA CRISIS DE LOS 25 - Kalot\" \/>\n<meta property=\"og:description\" content=\"La crisis de los 25 tambi\u00e9n conocida como la crisis del cuarto de vida, est\u00e1 ampliamente reconocido por el mundo de la psicolog\u00eda que se da entre los 21 y\" \/>\n<meta property=\"og:url\" content=\"https:\/\/kalot.com.mx\/site\/2015\/07\/08\/la-crisis-de-los-25\/\" \/>\n<meta property=\"og:site_name\" content=\"Kalot\" \/>\n<meta property=\"article:publisher\" content=\"http:\/\/facebook.com\/mxkalot\" \/>\n<meta property=\"article:author\" content=\"Fabiia riivera\" \/>\n<meta property=\"article:published_time\" content=\"2015-07-09T01:39:53+00:00\" \/>\n<meta property=\"og:image\" content=\"https:\/\/i2.wp.com\/kalot.com.mx\/site\/wp-content\/uploads\/2015\/07\/la-crisis-de-los-25.jpg?fit=992%2C504&ssl=1\" \/>\n\t<meta property=\"og:image:width\" content=\"992\" \/>\n\t<meta property=\"og:image:height\" content=\"504\" \/>\n\t<meta property=\"og:image:type\" content=\"image\/jpeg\" \/>\n<meta name=\"author\" content=\"Fabiia Rivera\" \/>\n<meta name=\"twitter:card\" content=\"summary_large_image\" \/>\n<meta name=\"twitter:creator\" content=\"@kalotmx\" \/>\n<meta name=\"twitter:site\" content=\"@kalotmx\" \/>\n<meta name=\"twitter:label1\" content=\"Escrito por\" \/>\n\t<meta name=\"twitter:data1\" content=\"Fabiia Rivera\" \/>\n\t<meta name=\"twitter:label2\" content=\"Tiempo de lectura\" \/>\n\t<meta name=\"twitter:data2\" content=\"3 minutos\" \/>\n<!-- \/ Yoast SEO plugin. -->","yoast_head_json":{"title":"LA CRISIS DE LOS 25 - Kalot","description":"La crisis de los 25 tambi\u00e9n conocida como la crisis del cuarto de vida, est\u00e1 ampliamente reconocido por el mundo de la psicolog\u00eda que se da entre los 21 y","robots":{"index":"index","follow":"follow","max-snippet":"max-snippet:-1","max-image-preview":"max-image-preview:large","max-video-preview":"max-video-preview:-1"},"canonical":"https:\/\/kalot.com.mx\/site\/2015\/07\/08\/la-crisis-de-los-25\/","og_locale":"es_MX","og_type":"article","og_title":"LA CRISIS DE LOS 25 - Kalot","og_description":"La crisis de los 25 tambi\u00e9n conocida como la crisis del cuarto de vida, est\u00e1 ampliamente reconocido por el mundo de la psicolog\u00eda que se da entre los 21 y","og_url":"https:\/\/kalot.com.mx\/site\/2015\/07\/08\/la-crisis-de-los-25\/","og_site_name":"Kalot","article_publisher":"http:\/\/facebook.com\/mxkalot","article_author":"Fabiia riivera","article_published_time":"2015-07-09T01:39:53+00:00","og_image":[{"width":992,"height":504,"url":"https:\/\/i2.wp.com\/kalot.com.mx\/site\/wp-content\/uploads\/2015\/07\/la-crisis-de-los-25.jpg?fit=992%2C504&ssl=1","type":"image\/jpeg"}],"author":"Fabiia Rivera","twitter_card":"summary_large_image","twitter_creator":"@kalotmx","twitter_site":"@kalotmx","twitter_misc":{"Escrito por":"Fabiia Rivera","Tiempo de lectura":"3 minutos"},"schema":{"@context":"https:\/\/schema.org","@graph":[{"@type":"Article","@id":"https:\/\/kalot.com.mx\/site\/2015\/07\/08\/la-crisis-de-los-25\/#article","isPartOf":{"@id":"https:\/\/kalot.com.mx\/site\/2015\/07\/08\/la-crisis-de-los-25\/"},"author":{"name":"Fabiia Rivera","@id":"https:\/\/kalot.com.mx\/site\/#\/schema\/person\/0862631f24d49aa15488ff920b2dfd29"},"headline":"LA CRISIS DE LOS 25","datePublished":"2015-07-09T01:39:53+00:00","mainEntityOfPage":{"@id":"https:\/\/kalot.com.mx\/site\/2015\/07\/08\/la-crisis-de-los-25\/"},"wordCount":676,"commentCount":0,"publisher":{"@id":"https:\/\/kalot.com.mx\/site\/#organization"},"image":{"@id":"https:\/\/kalot.com.mx\/site\/2015\/07\/08\/la-crisis-de-los-25\/#primaryimage"},"thumbnailUrl":"https:\/\/i0.wp.com\/kalot.com.mx\/site\/wp-content\/uploads\/2015\/07\/la-crisis-de-los-25.jpg?fit=992%2C504&ssl=1","inLanguage":"es","potentialAction":[{"@type":"CommentAction","name":"Comment","target":["https:\/\/kalot.com.mx\/site\/2015\/07\/08\/la-crisis-de-los-25\/#respond"]}]},{"@type":"WebPage","@id":"https:\/\/kalot.com.mx\/site\/2015\/07\/08\/la-crisis-de-los-25\/","url":"https:\/\/kalot.com.mx\/site\/2015\/07\/08\/la-crisis-de-los-25\/","name":"LA CRISIS DE LOS 25 - Kalot","isPartOf":{"@id":"https:\/\/kalot.com.mx\/site\/#website"},"primaryImageOfPage":{"@id":"https:\/\/kalot.com.mx\/site\/2015\/07\/08\/la-crisis-de-los-25\/#primaryimage"},"image":{"@id":"https:\/\/kalot.com.mx\/site\/2015\/07\/08\/la-crisis-de-los-25\/#primaryimage"},"thumbnailUrl":"https:\/\/i0.wp.com\/kalot.com.mx\/site\/wp-content\/uploads\/2015\/07\/la-crisis-de-los-25.jpg?fit=992%2C504&ssl=1","datePublished":"2015-07-09T01:39:53+00:00","description":"La crisis de los 25 tambi\u00e9n conocida como la crisis del cuarto de vida, est\u00e1 ampliamente reconocido por el mundo de la psicolog\u00eda que se da entre los 21 y","breadcrumb":{"@id":"https:\/\/kalot.com.mx\/site\/2015\/07\/08\/la-crisis-de-los-25\/#breadcrumb"},"inLanguage":"es","potentialAction":[{"@type":"ReadAction","target":["https:\/\/kalot.com.mx\/site\/2015\/07\/08\/la-crisis-de-los-25\/"]}]},{"@type":"ImageObject","inLanguage":"es","@id":"https:\/\/kalot.com.mx\/site\/2015\/07\/08\/la-crisis-de-los-25\/#primaryimage","url":"https:\/\/i0.wp.com\/kalot.com.mx\/site\/wp-content\/uploads\/2015\/07\/la-crisis-de-los-25.jpg?fit=992%2C504&ssl=1","contentUrl":"https:\/\/i0.wp.com\/kalot.com.mx\/site\/wp-content\/uploads\/2015\/07\/la-crisis-de-los-25.jpg?fit=992%2C504&ssl=1","width":992,"height":504},{"@type":"BreadcrumbList","@id":"https:\/\/kalot.com.mx\/site\/2015\/07\/08\/la-crisis-de-los-25\/#breadcrumb","itemListElement":[{"@type":"ListItem","position":1,"name":"Home","item":"https:\/\/kalot.com.mx\/site\/"},{"@type":"ListItem","position":2,"name":"LA CRISIS DE LOS 25"}]},{"@type":"WebSite","@id":"https:\/\/kalot.com.mx\/site\/#website","url":"https:\/\/kalot.com.mx\/site\/","name":"Kalot","description":"Conoce Todo Sobre Todo","publisher":{"@id":"https:\/\/kalot.com.mx\/site\/#organization"},"potentialAction":[{"@type":"SearchAction","target":{"@type":"EntryPoint","urlTemplate":"https:\/\/kalot.com.mx\/site\/?s={search_term_string}"},"query-input":{"@type":"PropertyValueSpecification","valueRequired":true,"valueName":"search_term_string"}}],"inLanguage":"es"},{"@type":"Organization","@id":"https:\/\/kalot.com.mx\/site\/#organization","name":"Kalot","url":"https:\/\/kalot.com.mx\/site\/","logo":{"@type":"ImageObject","inLanguage":"es","@id":"https:\/\/kalot.com.mx\/site\/#\/schema\/logo\/image\/","url":"https:\/\/i0.wp.com\/kalot.com.mx\/site\/wp-content\/uploads\/2020\/04\/Kalot-logo-sin-tagline.png?fit=1707%2C1014&ssl=1","contentUrl":"https:\/\/i0.wp.com\/kalot.com.mx\/site\/wp-content\/uploads\/2020\/04\/Kalot-logo-sin-tagline.png?fit=1707%2C1014&ssl=1","width":1707,"height":1014,"caption":"Kalot"},"image":{"@id":"https:\/\/kalot.com.mx\/site\/#\/schema\/logo\/image\/"},"sameAs":["http:\/\/facebook.com\/mxkalot","https:\/\/x.com\/kalotmx","http:\/\/instagram.com\/kalotmx","http:\/\/pinterest.com\/jorgeerana\/kalot"]},{"@type":"Person","@id":"https:\/\/kalot.com.mx\/site\/#\/schema\/person\/0862631f24d49aa15488ff920b2dfd29","name":"Fabiia Rivera","image":{"@type":"ImageObject","inLanguage":"es","@id":"https:\/\/secure.gravatar.com\/avatar\/a77692e3f897c0415224c67f726be22d16786611678c9e00f7f52a6a6eefe3ee?s=96&d=mm&r=g","url":"https:\/\/secure.gravatar.com\/avatar\/a77692e3f897c0415224c67f726be22d16786611678c9e00f7f52a6a6eefe3ee?s=96&d=mm&r=g","contentUrl":"https:\/\/secure.gravatar.com\/avatar\/a77692e3f897c0415224c67f726be22d16786611678c9e00f7f52a6a6eefe3ee?s=96&d=mm&r=g","caption":"Fabiia Rivera"},"description":"Bella para toda la vida","sameAs":["Fabiia riivera"],"url":"https:\/\/kalot.com.mx\/site\/author\/fabiia\/"}]}},"jetpack_publicize_connections":[],"jetpack_featured_media_url":"https:\/\/i0.wp.com\/kalot.com.mx\/site\/wp-content\/uploads\/2015\/07\/la-crisis-de-los-25.jpg?fit=992%2C504&ssl=1","jetpack_shortlink":"https:\/\/wp.me\/p6IHEI-5KM","jetpack-related-posts":[{"id":23517,"url":"https:\/\/kalot.com.mx\/site\/2015\/09\/18\/muerta-en-vida\/","url_meta":{"origin":22120,"position":0},"title":"Muerta en Vida","author":"Fabiia Rivera","date":"18 septiembre, 2015","format":false,"excerpt":"Hola, mis queridos kaloteros, muy buena semanita de lluvia rica y no tan rica ya que vivimos en una venecia muy molesta, con prisas, compromisos etc. , y con estas lluvias nos impide hacer nuestra labores y cumplir con nuestros compromisos. El estar muerta en vida no es m\u00e1s que\u2026","rel":"","context":"En &quot;Novedades&quot;","block_context":{"text":"Novedades","link":"https:\/\/kalot.com.mx\/site\/category\/novedades\/"},"img":{"alt_text":"","src":"https:\/\/i0.wp.com\/kalot.com.mx\/site\/wp-content\/uploads\/2015\/09\/MUERTA-EN-VIDA.jpg?fit=900%2C462&ssl=1&resize=350%2C200","width":350,"height":200,"srcset":"https:\/\/i0.wp.com\/kalot.com.mx\/site\/wp-content\/uploads\/2015\/09\/MUERTA-EN-VIDA.jpg?fit=900%2C462&ssl=1&resize=350%2C200 1x, https:\/\/i0.wp.com\/kalot.com.mx\/site\/wp-content\/uploads\/2015\/09\/MUERTA-EN-VIDA.jpg?fit=900%2C462&ssl=1&resize=525%2C300 1.5x, https:\/\/i0.wp.com\/kalot.com.mx\/site\/wp-content\/uploads\/2015\/09\/MUERTA-EN-VIDA.jpg?fit=900%2C462&ssl=1&resize=700%2C400 2x"},"classes":[]},{"id":11227,"url":"https:\/\/kalot.com.mx\/site\/2014\/02\/06\/looking-lo-nuevo-de-hbo\/","url_meta":{"origin":22120,"position":1},"title":"Looking, lo nuevo de HBO","author":"Ivan Mendez","date":"6 febrero, 2014","format":false,"excerpt":"Nos solemos enfrentar a las distintas etapas en la que nos encontramos: desde la ni\u00f1ez, pasando por la adolescencia hasta ser j\u00f3venes adultos (donde estoy) y siempre en cada una de ellas vemos los pro y contra, y pareciera que al mirar atr\u00e1s sentimos esa a\u00f1oranza que nos hace desear\u2026","rel":"","context":"Con 2 comentarios","block_context":{"text":"Con 2 comentarios","link":"https:\/\/kalot.com.mx\/site\/2014\/02\/06\/looking-lo-nuevo-de-hbo\/#comments"},"img":{"alt_text":"","src":"https:\/\/i0.wp.com\/kalot.com.mx\/site\/wp-content\/uploads\/2014\/02\/hbo-unleashes-gay-centric-comedy-looking.jpg?fit=640%2C475&ssl=1&resize=350%2C200","width":350,"height":200,"srcset":"https:\/\/i0.wp.com\/kalot.com.mx\/site\/wp-content\/uploads\/2014\/02\/hbo-unleashes-gay-centric-comedy-looking.jpg?fit=640%2C475&ssl=1&resize=350%2C200 1x, https:\/\/i0.wp.com\/kalot.com.mx\/site\/wp-content\/uploads\/2014\/02\/hbo-unleashes-gay-centric-comedy-looking.jpg?fit=640%2C475&ssl=1&resize=525%2C300 1.5x"},"classes":[]},{"id":30912,"url":"https:\/\/kalot.com.mx\/site\/2019\/01\/07\/que-tal-esta-creed-2-defendiendo-el-legado\/","url_meta":{"origin":22120,"position":2},"title":"\u00bfQu\u00e9 tal esta CREED 2 DEFENDIENDO EL LEGADO?","author":"HM_MKT007","date":"7 enero, 2019","format":false,"excerpt":"Hace unos a\u00f1os, todos habr\u00edamos cre\u00eddo que las pel\u00edculas de ROCKY habr\u00edan terminado y aunque est\u00e1bamos bien con la \u00faltima pel\u00edcula en solitario de STALLONE como BALBOA, siempre nos quedamos con las ganas de saber qu\u00e9 fue de su vida. Cuando CREED lleg\u00f3 a las pantallas en 2016 no sab\u00edamos\u2026","rel":"","context":"En &quot;Cine&quot;","block_context":{"text":"Cine","link":"https:\/\/kalot.com.mx\/site\/category\/cine\/"},"img":{"alt_text":"","src":"https:\/\/i0.wp.com\/kalot.com.mx\/site\/wp-content\/uploads\/2019\/01\/creed-ii_uSTbSu.jpg?fit=1000%2C562&ssl=1&resize=350%2C200","width":350,"height":200,"srcset":"https:\/\/i0.wp.com\/kalot.com.mx\/site\/wp-content\/uploads\/2019\/01\/creed-ii_uSTbSu.jpg?fit=1000%2C562&ssl=1&resize=350%2C200 1x, https:\/\/i0.wp.com\/kalot.com.mx\/site\/wp-content\/uploads\/2019\/01\/creed-ii_uSTbSu.jpg?fit=1000%2C562&ssl=1&resize=525%2C300 1.5x, https:\/\/i0.wp.com\/kalot.com.mx\/site\/wp-content\/uploads\/2019\/01\/creed-ii_uSTbSu.jpg?fit=1000%2C562&ssl=1&resize=700%2C400 2x"},"classes":[]},{"id":30192,"url":"https:\/\/kalot.com.mx\/site\/2018\/04\/04\/ready-player-one-la-pelicula-que-como-gamer-no-te-puedes-perder\/","url_meta":{"origin":22120,"position":3},"title":"READY PLAYER ONE la pel\u00edcula que como GAMER no te puedes perder","author":"HM_MKT007","date":"4 abril, 2018","format":false,"excerpt":"En el a\u00f1o 2011, un libro muy interesante sali\u00f3 al mercado, escrito por Ernest Cline, READY PLAYER ONE fue una historia destacable, y claro, con el tipo de historia que narra, era casi una realidad que tarde que temprano ver\u00edamos este libro en adaptaci\u00f3n a pel\u00edcula, y vaya que sorprendieron,\u2026","rel":"","context":"En &quot;Cine&quot;","block_context":{"text":"Cine","link":"https:\/\/kalot.com.mx\/site\/category\/cine\/"},"img":{"alt_text":"","src":"https:\/\/i0.wp.com\/kalot.com.mx\/site\/wp-content\/uploads\/2018\/04\/Ready-Player-One-1.jpg?fit=1200%2C675&ssl=1&resize=350%2C200","width":350,"height":200,"srcset":"https:\/\/i0.wp.com\/kalot.com.mx\/site\/wp-content\/uploads\/2018\/04\/Ready-Player-One-1.jpg?fit=1200%2C675&ssl=1&resize=350%2C200 1x, https:\/\/i0.wp.com\/kalot.com.mx\/site\/wp-content\/uploads\/2018\/04\/Ready-Player-One-1.jpg?fit=1200%2C675&ssl=1&resize=525%2C300 1.5x, https:\/\/i0.wp.com\/kalot.com.mx\/site\/wp-content\/uploads\/2018\/04\/Ready-Player-One-1.jpg?fit=1200%2C675&ssl=1&resize=700%2C400 2x, https:\/\/i0.wp.com\/kalot.com.mx\/site\/wp-content\/uploads\/2018\/04\/Ready-Player-One-1.jpg?fit=1200%2C675&ssl=1&resize=1050%2C600 3x"},"classes":[]},{"id":21317,"url":"https:\/\/kalot.com.mx\/site\/2015\/04\/27\/primer-trailer-gameplay-de-call-of-duty-black-ops-3\/","url_meta":{"origin":22120,"position":4},"title":"PRIMER TRAILER GAMEPLAY DE CALL OF DUTY BLACK OPS 3","author":"HM_MKT007","date":"27 abril, 2015","format":false,"excerpt":"Es un hecho que la saga estrella de ACTIVISION es un rey de ventas, es un hecho, pero en los \u00faltimos a\u00f1os, a venido a la baja de forma algo sustancial, pero gracias a dos entregas, estamos frente a un renacimiento bastante bueno de parte de la saga CALL OF\u2026","rel":"","context":"Entrada similar ","block_context":{"text":"Entrada similar ","link":""},"img":{"alt_text":"","src":"https:\/\/i0.wp.com\/kalot.com.mx\/site\/wp-content\/uploads\/2015\/04\/maxresdefault.jpg?fit=1200%2C675&ssl=1&resize=350%2C200","width":350,"height":200,"srcset":"https:\/\/i0.wp.com\/kalot.com.mx\/site\/wp-content\/uploads\/2015\/04\/maxresdefault.jpg?fit=1200%2C675&ssl=1&resize=350%2C200 1x, https:\/\/i0.wp.com\/kalot.com.mx\/site\/wp-content\/uploads\/2015\/04\/maxresdefault.jpg?fit=1200%2C675&ssl=1&resize=525%2C300 1.5x, https:\/\/i0.wp.com\/kalot.com.mx\/site\/wp-content\/uploads\/2015\/04\/maxresdefault.jpg?fit=1200%2C675&ssl=1&resize=700%2C400 2x, https:\/\/i0.wp.com\/kalot.com.mx\/site\/wp-content\/uploads\/2015\/04\/maxresdefault.jpg?fit=1200%2C675&ssl=1&resize=1050%2C600 3x"},"classes":[]},{"id":14441,"url":"https:\/\/kalot.com.mx\/site\/2014\/04\/04\/sean-opry-la-vida-de-un-supermodelo\/","url_meta":{"origin":22120,"position":5},"title":"Sean O&#8217;Pry: la vida de un Supermodelo.","author":"Ivan Mendez","date":"4 abril, 2014","format":false,"excerpt":"Es un hecho que la industria de la moda aun es dominada por el g\u00e9nero femenino tanto dentro como fuera de la industria. La brecha entre la modelo mejor pagada del mundo y Sean su contraparte masculina es enorme (millones) pero como el mismo lo dice: \u201cYo no tengo que\u2026","rel":"","context":"Entrada similar ","block_context":{"text":"Entrada similar ","link":""},"img":{"alt_text":"","src":"https:\/\/i0.wp.com\/kalot.com.mx\/site\/wp-content\/uploads\/2014\/04\/Sean-O1.jpg?fit=800%2C754&ssl=1&resize=350%2C200","width":350,"height":200,"srcset":"https:\/\/i0.wp.com\/kalot.com.mx\/site\/wp-content\/uploads\/2014\/04\/Sean-O1.jpg?fit=800%2C754&ssl=1&resize=350%2C200 1x, https:\/\/i0.wp.com\/kalot.com.mx\/site\/wp-content\/uploads\/2014\/04\/Sean-O1.jpg?fit=800%2C754&ssl=1&resize=525%2C300 1.5x, https:\/\/i0.wp.com\/kalot.com.mx\/site\/wp-content\/uploads\/2014\/04\/Sean-O1.jpg?fit=800%2C754&ssl=1&resize=700%2C400 2x"},"classes":[]}],"jetpack_sharing_enabled":true,"_links":{"self":[{"href":"https:\/\/kalot.com.mx\/site\/wp-json\/wp\/v2\/posts\/22120","targetHints":{"allow":["GET"]}}],"collection":[{"href":"https:\/\/kalot.com.mx\/site\/wp-json\/wp\/v2\/posts"}],"about":[{"href":"https:\/\/kalot.com.mx\/site\/wp-json\/wp\/v2\/types\/post"}],"author":[{"embeddable":true,"href":"https:\/\/kalot.com.mx\/site\/wp-json\/wp\/v2\/users\/130"}],"replies":[{"embeddable":true,"href":"https:\/\/kalot.com.mx\/site\/wp-json\/wp\/v2\/comments?post=22120"}],"version-history":[{"count":0,"href":"https:\/\/kalot.com.mx\/site\/wp-json\/wp\/v2\/posts\/22120\/revisions"}],"wp:featuredmedia":[{"embeddable":true,"href":"https:\/\/kalot.com.mx\/site\/wp-json\/wp\/v2\/media\/22121"}],"wp:attachment":[{"href":"https:\/\/kalot.com.mx\/site\/wp-json\/wp\/v2\/media?parent=22120"}],"wp:term":[{"taxonomy":"category","embeddable":true,"href":"https:\/\/kalot.com.mx\/site\/wp-json\/wp\/v2\/categories?post=22120"},{"taxonomy":"post_tag","embeddable":true,"href":"https:\/\/kalot.com.mx\/site\/wp-json\/wp\/v2\/tags?post=22120"}],"curies":[{"name":"wp","href":"https:\/\/api.w.org\/{rel}","templated":true}]}}