{"id":22012,"date":"2015-06-30T11:54:47","date_gmt":"2015-06-30T16:54:47","guid":{"rendered":"http:\/\/www.kalot.com.mx\/?p=22012"},"modified":"2015-12-03T21:30:28","modified_gmt":"2015-12-04T03:30:28","slug":"la-mente-como-medicina","status":"publish","type":"post","link":"https:\/\/kalot.com.mx\/site\/2015\/06\/30\/la-mente-como-medicina\/","title":{"rendered":"La mente como medicina"},"content":{"rendered":"<p style=\"text-align: justify;\">Saludos, mis queridos lectores, que tengan un excelente inicio de semana<\/p>\n<p style=\"text-align: justify;\">Como sabemos a ciencia cierta, todos nacemos siendo\u00a0 genios, pero con el paso del tiempo la sociedad aplasta aquellos sue\u00f1os anhelados que desde ni\u00f1os ten\u00edamos, con las nuevas generaciones y la tecnolog\u00eda nos damos cuenta que no todo es cierto, esto porque estamos rodeados de grandes personajes, primeramente somos educados con la familia, de ah\u00ed la educaci\u00f3n en la escuela y con el paso de los a\u00f1os conocemos gente en nuestro entorno y hacemos que entren a nuestra vida.<\/p>\n<p style=\"text-align: justify;\">La mente primeramente es responsable del entendimiento, la capacidad de crear pensamientos, la creatividad, el aprendizaje, el raciocinio, la percepci\u00f3n, la emoci\u00f3n, la memoria, la imaginaci\u00f3n, la voluntad y otras habilidades que a su vez, es tan poderosa capaz de cambiar toda nuestra perspectiva a cierta cosa o a cierta persona en ciertos temas que est\u00e1n pasando en este tiempo.<\/p>\n<p style=\"text-align: justify;\">Se dice que la mente es la cura de muchos males, tanto es su poder que cura el c\u00e1ncer, pero en realidad la mente puede crear ese tipo de cosas en la cabeza de una persona, y no hablo literal de una cabeza humana, sino como \u00a0generamos un pensamiento positivo de nuestra vida.<\/p>\n<p style=\"text-align: justify;\">Ciertamente las personas recurrimos a ciertos \u201ccuranderos\u201d de la mente por as\u00ed decirlo, como psic\u00f3logos, doctores hol\u00edsticos, astr\u00f3logos, etc., dependiendo de cada tipo de pensamiento de la persona, \u00a0\u00a0no todos nos curamos de la misma forma, algunos tenemos nuestra forma de curarnos, en un curso al que fui, nos dec\u00eda un doctor hol\u00edstico que la mente pod\u00eda enfrentarnos a nuestro peores miedos pero ciertamente las enfermedades generan en nuestro pensamiento un pensamiento negativo del cual si nos dicen que \u201ctenemos c\u00e1ncer\u201d nuestra mente la atribuye a la muerte pero las personas se enferman m\u00e1s si mantienen su mente de esta forma, sin aplicar un pensamiento positivo al momento de que nos dicen que tenemos c\u00e1ncer.<\/p>\n<p style=\"text-align: justify;\">Esto no depende tampoco de nuestro pensamiento, si nosotros como seres humanos hermosos que somos, nos cambiamos nuestro nivel de vida tampoco nos podemos curar, en este curso una se\u00f1ora dec\u00eda que su hija padec\u00eda un c\u00e1ncer y que el doctor le recomendaba cierto medicamento, pero lamentablemente el medicamento le causaba taquicardia lo cual le imped\u00eda hacer ciertas actividades, entonces la hija de esta se\u00f1ora tuvo que cambiar todos sus h\u00e1bitos alimenticios as\u00ed como su rutina diaria y mantener su mente positiva, con el paso del tiempo noto que su c\u00e1ncer iba desapareciendo por su cambio de mentalidad al cual lo atribu\u00eda a su h\u00e1bitos diarios.<\/p>\n<p style=\"text-align: justify;\">No quiero decir con esto que solo con pensar siempre positivo uno se va a curar, lo que cura en realidad es el como nosotros vemos la vida y la mente genera en nuestro cuerpo ciertas sustancias \u00a0que genera un cambio mucho m\u00e1s sano, la motivaci\u00f3n positiva es una clave para el logro de cualquier objetivo, las personas exitosas se distinguen por la capacidad de motivarse ellos mismos para llevar a cabo una rutina impecable.<\/p>\n<p style=\"text-align: justify;\">As\u00ed que mis queridos lectores, vamos a generar nosotros una mente m\u00e1s positiva y m\u00e1s sana, no olvidemos que nuestro sistema productivo es nuestra mente y que forma parte de nuestra vida, siempre que estemos en una situaci\u00f3n de la cual no podamos resolver en ese momento, por lo complicada que sea debemos de mantenernos fuertes y con la mente siempre abierta para no generar en nosotros cierta negatividad que pueda despu\u00e9s generarnos una enfermedad de cualquier tipo.<\/p>\n<p style=\"text-align: justify;\">Adem\u00e1s de mantener nuestra mente positiva no olvidemos que al mismo tiempo debemos de mantener nuestro cuerpo sano, siempre aliment\u00e1ndolo de la mejor forma, no siempre las verduras nos van aportar algo sano, en ocasiones los carbohidratos tambi\u00e9n nos mantienen en un balance perfecto, para que nuestro cuerpo este en perfecto estado y tomar abundante agua para estar muy bien hidratados.<\/p>\n<p style=\"text-align: justify;\">Saludos, excelente d\u00eda<\/p>\n","protected":false},"excerpt":{"rendered":"Saludos, mis queridos lectores, que tengan un excelente inicio de semana Como sabemos a ciencia cierta, todos nacemos&hellip;\n","protected":false},"author":130,"featured_media":22053,"comment_status":"open","ping_status":"open","sticky":false,"template":"","format":"standard","meta":{"jetpack_post_was_ever_published":false,"_jetpack_newsletter_access":"","_jetpack_dont_email_post_to_subs":false,"_jetpack_newsletter_tier_id":0,"_jetpack_memberships_contains_paywalled_content":false,"_jetpack_memberships_contains_paid_content":false,"footnotes":"","jetpack_publicize_message":"","jetpack_publicize_feature_enabled":true,"jetpack_social_post_already_shared":true,"jetpack_social_options":{"image_generator_settings":{"template":"highway","default_image_id":0,"font":"","enabled":false},"version":2}},"categories":[1],"tags":[],"class_list":{"0":"post-22012","1":"post","2":"type-post","3":"status-publish","4":"format-standard","5":"has-post-thumbnail","7":"category-sin-categoria","8":"cs-entry","9":"cs-video-wrap"},"yoast_head":"<!-- This site is optimized with the Yoast SEO plugin v27.5 - https:\/\/yoast.com\/product\/yoast-seo-wordpress\/ -->\n<title>La mente como medicina - Kalot<\/title>\n<meta name=\"description\" content=\"Saludos, mis queridos lectores, que tengan un excelente inicio de semana Como sabemos a ciencia cierta, todos nacemos siendo\u00a0 genios, pero con el paso del\" \/>\n<meta name=\"robots\" content=\"index, follow, max-snippet:-1, max-image-preview:large, max-video-preview:-1\" \/>\n<link rel=\"canonical\" href=\"https:\/\/kalot.com.mx\/site\/2015\/06\/30\/la-mente-como-medicina\/\" \/>\n<meta property=\"og:locale\" content=\"es_MX\" \/>\n<meta property=\"og:type\" content=\"article\" \/>\n<meta property=\"og:title\" content=\"La mente como medicina - Kalot\" \/>\n<meta property=\"og:description\" content=\"Saludos, mis queridos lectores, que tengan un excelente inicio de semana Como sabemos a ciencia cierta, todos nacemos siendo\u00a0 genios, pero con el paso del\" \/>\n<meta property=\"og:url\" content=\"https:\/\/kalot.com.mx\/site\/2015\/06\/30\/la-mente-como-medicina\/\" \/>\n<meta property=\"og:site_name\" content=\"Kalot\" \/>\n<meta property=\"article:publisher\" content=\"http:\/\/facebook.com\/mxkalot\" \/>\n<meta property=\"article:author\" content=\"Fabiia riivera\" \/>\n<meta property=\"article:published_time\" content=\"2015-06-30T16:54:47+00:00\" \/>\n<meta property=\"article:modified_time\" content=\"2015-12-04T03:30:28+00:00\" \/>\n<meta property=\"og:image\" content=\"https:\/\/i0.wp.com\/kalot.com.mx\/site\/wp-content\/uploads\/2015\/06\/albet.jpg?fit=1062%2C1116&ssl=1\" \/>\n\t<meta property=\"og:image:width\" content=\"1062\" \/>\n\t<meta property=\"og:image:height\" content=\"1116\" \/>\n\t<meta property=\"og:image:type\" content=\"image\/jpeg\" \/>\n<meta name=\"author\" content=\"Fabiia Rivera\" \/>\n<meta name=\"twitter:card\" content=\"summary_large_image\" \/>\n<meta name=\"twitter:creator\" content=\"@kalotmx\" \/>\n<meta name=\"twitter:site\" content=\"@kalotmx\" \/>\n<meta name=\"twitter:label1\" content=\"Escrito por\" \/>\n\t<meta name=\"twitter:data1\" content=\"Fabiia Rivera\" \/>\n\t<meta name=\"twitter:label2\" content=\"Tiempo de lectura\" \/>\n\t<meta name=\"twitter:data2\" content=\"3 minutos\" \/>\n<!-- \/ Yoast SEO plugin. -->","yoast_head_json":{"title":"La mente como medicina - Kalot","description":"Saludos, mis queridos lectores, que tengan un excelente inicio de semana Como sabemos a ciencia cierta, todos nacemos siendo\u00a0 genios, pero con el paso del","robots":{"index":"index","follow":"follow","max-snippet":"max-snippet:-1","max-image-preview":"max-image-preview:large","max-video-preview":"max-video-preview:-1"},"canonical":"https:\/\/kalot.com.mx\/site\/2015\/06\/30\/la-mente-como-medicina\/","og_locale":"es_MX","og_type":"article","og_title":"La mente como medicina - Kalot","og_description":"Saludos, mis queridos lectores, que tengan un excelente inicio de semana Como sabemos a ciencia cierta, todos nacemos siendo\u00a0 genios, pero con el paso del","og_url":"https:\/\/kalot.com.mx\/site\/2015\/06\/30\/la-mente-como-medicina\/","og_site_name":"Kalot","article_publisher":"http:\/\/facebook.com\/mxkalot","article_author":"Fabiia riivera","article_published_time":"2015-06-30T16:54:47+00:00","article_modified_time":"2015-12-04T03:30:28+00:00","og_image":[{"width":1062,"height":1116,"url":"https:\/\/i0.wp.com\/kalot.com.mx\/site\/wp-content\/uploads\/2015\/06\/albet.jpg?fit=1062%2C1116&ssl=1","type":"image\/jpeg"}],"author":"Fabiia Rivera","twitter_card":"summary_large_image","twitter_creator":"@kalotmx","twitter_site":"@kalotmx","twitter_misc":{"Escrito por":"Fabiia Rivera","Tiempo de lectura":"3 minutos"},"schema":{"@context":"https:\/\/schema.org","@graph":[{"@type":"Article","@id":"https:\/\/kalot.com.mx\/site\/2015\/06\/30\/la-mente-como-medicina\/#article","isPartOf":{"@id":"https:\/\/kalot.com.mx\/site\/2015\/06\/30\/la-mente-como-medicina\/"},"author":{"name":"Fabiia Rivera","@id":"https:\/\/kalot.com.mx\/site\/#\/schema\/person\/0862631f24d49aa15488ff920b2dfd29"},"headline":"La mente como medicina","datePublished":"2015-06-30T16:54:47+00:00","dateModified":"2015-12-04T03:30:28+00:00","mainEntityOfPage":{"@id":"https:\/\/kalot.com.mx\/site\/2015\/06\/30\/la-mente-como-medicina\/"},"wordCount":685,"commentCount":0,"publisher":{"@id":"https:\/\/kalot.com.mx\/site\/#organization"},"image":{"@id":"https:\/\/kalot.com.mx\/site\/2015\/06\/30\/la-mente-como-medicina\/#primaryimage"},"thumbnailUrl":"https:\/\/i0.wp.com\/kalot.com.mx\/site\/wp-content\/uploads\/2015\/06\/albet.jpg?fit=1062%2C1116&ssl=1","inLanguage":"es","potentialAction":[{"@type":"CommentAction","name":"Comment","target":["https:\/\/kalot.com.mx\/site\/2015\/06\/30\/la-mente-como-medicina\/#respond"]}]},{"@type":"WebPage","@id":"https:\/\/kalot.com.mx\/site\/2015\/06\/30\/la-mente-como-medicina\/","url":"https:\/\/kalot.com.mx\/site\/2015\/06\/30\/la-mente-como-medicina\/","name":"La mente como medicina - Kalot","isPartOf":{"@id":"https:\/\/kalot.com.mx\/site\/#website"},"primaryImageOfPage":{"@id":"https:\/\/kalot.com.mx\/site\/2015\/06\/30\/la-mente-como-medicina\/#primaryimage"},"image":{"@id":"https:\/\/kalot.com.mx\/site\/2015\/06\/30\/la-mente-como-medicina\/#primaryimage"},"thumbnailUrl":"https:\/\/i0.wp.com\/kalot.com.mx\/site\/wp-content\/uploads\/2015\/06\/albet.jpg?fit=1062%2C1116&ssl=1","datePublished":"2015-06-30T16:54:47+00:00","dateModified":"2015-12-04T03:30:28+00:00","description":"Saludos, mis queridos lectores, que tengan un excelente inicio de semana Como sabemos a ciencia cierta, todos nacemos siendo\u00a0 genios, pero con el paso del","breadcrumb":{"@id":"https:\/\/kalot.com.mx\/site\/2015\/06\/30\/la-mente-como-medicina\/#breadcrumb"},"inLanguage":"es","potentialAction":[{"@type":"ReadAction","target":["https:\/\/kalot.com.mx\/site\/2015\/06\/30\/la-mente-como-medicina\/"]}]},{"@type":"ImageObject","inLanguage":"es","@id":"https:\/\/kalot.com.mx\/site\/2015\/06\/30\/la-mente-como-medicina\/#primaryimage","url":"https:\/\/i0.wp.com\/kalot.com.mx\/site\/wp-content\/uploads\/2015\/06\/albet.jpg?fit=1062%2C1116&ssl=1","contentUrl":"https:\/\/i0.wp.com\/kalot.com.mx\/site\/wp-content\/uploads\/2015\/06\/albet.jpg?fit=1062%2C1116&ssl=1","width":1062,"height":1116},{"@type":"BreadcrumbList","@id":"https:\/\/kalot.com.mx\/site\/2015\/06\/30\/la-mente-como-medicina\/#breadcrumb","itemListElement":[{"@type":"ListItem","position":1,"name":"Home","item":"https:\/\/kalot.com.mx\/site\/"},{"@type":"ListItem","position":2,"name":"La mente como medicina"}]},{"@type":"WebSite","@id":"https:\/\/kalot.com.mx\/site\/#website","url":"https:\/\/kalot.com.mx\/site\/","name":"Kalot","description":"Conoce Todo Sobre Todo","publisher":{"@id":"https:\/\/kalot.com.mx\/site\/#organization"},"potentialAction":[{"@type":"SearchAction","target":{"@type":"EntryPoint","urlTemplate":"https:\/\/kalot.com.mx\/site\/?s={search_term_string}"},"query-input":{"@type":"PropertyValueSpecification","valueRequired":true,"valueName":"search_term_string"}}],"inLanguage":"es"},{"@type":"Organization","@id":"https:\/\/kalot.com.mx\/site\/#organization","name":"Kalot","url":"https:\/\/kalot.com.mx\/site\/","logo":{"@type":"ImageObject","inLanguage":"es","@id":"https:\/\/kalot.com.mx\/site\/#\/schema\/logo\/image\/","url":"https:\/\/i0.wp.com\/kalot.com.mx\/site\/wp-content\/uploads\/2020\/04\/Kalot-logo-sin-tagline.png?fit=1707%2C1014&ssl=1","contentUrl":"https:\/\/i0.wp.com\/kalot.com.mx\/site\/wp-content\/uploads\/2020\/04\/Kalot-logo-sin-tagline.png?fit=1707%2C1014&ssl=1","width":1707,"height":1014,"caption":"Kalot"},"image":{"@id":"https:\/\/kalot.com.mx\/site\/#\/schema\/logo\/image\/"},"sameAs":["http:\/\/facebook.com\/mxkalot","https:\/\/x.com\/kalotmx","http:\/\/instagram.com\/kalotmx","http:\/\/pinterest.com\/jorgeerana\/kalot"]},{"@type":"Person","@id":"https:\/\/kalot.com.mx\/site\/#\/schema\/person\/0862631f24d49aa15488ff920b2dfd29","name":"Fabiia Rivera","image":{"@type":"ImageObject","inLanguage":"es","@id":"https:\/\/secure.gravatar.com\/avatar\/a77692e3f897c0415224c67f726be22d16786611678c9e00f7f52a6a6eefe3ee?s=96&d=mm&r=g","url":"https:\/\/secure.gravatar.com\/avatar\/a77692e3f897c0415224c67f726be22d16786611678c9e00f7f52a6a6eefe3ee?s=96&d=mm&r=g","contentUrl":"https:\/\/secure.gravatar.com\/avatar\/a77692e3f897c0415224c67f726be22d16786611678c9e00f7f52a6a6eefe3ee?s=96&d=mm&r=g","caption":"Fabiia Rivera"},"description":"Bella para toda la vida","sameAs":["Fabiia riivera"],"url":"https:\/\/kalot.com.mx\/site\/author\/fabiia\/"}]}},"jetpack_publicize_connections":[],"jetpack_featured_media_url":"https:\/\/i0.wp.com\/kalot.com.mx\/site\/wp-content\/uploads\/2015\/06\/albet.jpg?fit=1062%2C1116&ssl=1","jetpack_shortlink":"https:\/\/wp.me\/p6IHEI-5J2","jetpack-related-posts":[{"id":17114,"url":"https:\/\/kalot.com.mx\/site\/2014\/07\/02\/se-vale-extranar\/","url_meta":{"origin":22012,"position":0},"title":"Se Vale Extra\u00f1ar.","author":"Mar\u00eda Alvarado","date":"2 julio, 2014","format":false,"excerpt":"Perder a una persona importante para nosotros siempre es algo dif\u00edcil, y no me refiero al \u201cperder\u201d de manera figurativa a alguien sino literalmente, perder a alguien involucra muchos sentimientos que incluyen desde los m\u00e1s b\u00e1sicos como la tristeza hasta estr\u00e9s y culpabilidad. Hace poco he de confesar que perd\u00ed,\u2026","rel":"","context":"Entrada similar ","block_context":{"text":"Entrada similar ","link":""},"img":{"alt_text":"","src":"https:\/\/i0.wp.com\/kalot.com.mx\/site\/wp-content\/uploads\/2014\/07\/green-grassland-under-sky-photo-001.jpg?fit=700%2C525&ssl=1&resize=350%2C200","width":350,"height":200,"srcset":"https:\/\/i0.wp.com\/kalot.com.mx\/site\/wp-content\/uploads\/2014\/07\/green-grassland-under-sky-photo-001.jpg?fit=700%2C525&ssl=1&resize=350%2C200 1x, https:\/\/i0.wp.com\/kalot.com.mx\/site\/wp-content\/uploads\/2014\/07\/green-grassland-under-sky-photo-001.jpg?fit=700%2C525&ssl=1&resize=525%2C300 1.5x, https:\/\/i0.wp.com\/kalot.com.mx\/site\/wp-content\/uploads\/2014\/07\/green-grassland-under-sky-photo-001.jpg?fit=700%2C525&ssl=1&resize=700%2C400 2x"},"classes":[]},{"id":9271,"url":"https:\/\/kalot.com.mx\/site\/2014\/01\/09\/entra-luz\/","url_meta":{"origin":22012,"position":1},"title":"Entra luz.","author":"Mar\u00eda Alvarado","date":"9 enero, 2014","format":false,"excerpt":"[dropcap size=small]D[\/dropcap]urante todas nuestras vidas van a ir y venir personas que tal vez nos dejen cosas buenas o malas, pero cada una de esas personas tendr\u00e1 o tiene ya un prop\u00f3sito en nuestras vidas. Desde dejarnos la mejor sensaci\u00f3n del mundo hasta una peque\u00f1a o muy grande cicatriz, todos\u2026","rel":"","context":"Entrada similar ","block_context":{"text":"Entrada similar ","link":""},"img":{"alt_text":"","src":"https:\/\/i0.wp.com\/kalot.com.mx\/site\/wp-content\/uploads\/2014\/01\/memories.jpg?fit=700%2C501&ssl=1&resize=350%2C200","width":350,"height":200,"srcset":"https:\/\/i0.wp.com\/kalot.com.mx\/site\/wp-content\/uploads\/2014\/01\/memories.jpg?fit=700%2C501&ssl=1&resize=350%2C200 1x, https:\/\/i0.wp.com\/kalot.com.mx\/site\/wp-content\/uploads\/2014\/01\/memories.jpg?fit=700%2C501&ssl=1&resize=525%2C300 1.5x, https:\/\/i0.wp.com\/kalot.com.mx\/site\/wp-content\/uploads\/2014\/01\/memories.jpg?fit=700%2C501&ssl=1&resize=700%2C400 2x"},"classes":[]},{"id":11627,"url":"https:\/\/kalot.com.mx\/site\/2014\/02\/13\/san-valen-que\/","url_meta":{"origin":22012,"position":2},"title":"San Valen&#8230; \u00bfqu\u00e9?","author":"Mar\u00eda Alvarado","date":"13 febrero, 2014","format":false,"excerpt":"[dropcap size=big]O[\/dropcap]h San Valent\u00edn, aquella fecha en que todo es amor y felicidad, para algunos es una fecha importante pero para otros es m\u00e1s dif\u00edcil o no les importa un comino y hasta llegan a decir: San Valen... \u00bfqu\u00e9?. La idea que rodea a esta festividad un tanto comercial es\u2026","rel":"","context":"Entrada similar ","block_context":{"text":"Entrada similar ","link":""},"img":{"alt_text":"","src":"https:\/\/i0.wp.com\/kalot.com.mx\/site\/wp-content\/uploads\/2014\/02\/Valentines-Day-Roses.jpg?fit=1200%2C750&ssl=1&resize=350%2C200","width":350,"height":200,"srcset":"https:\/\/i0.wp.com\/kalot.com.mx\/site\/wp-content\/uploads\/2014\/02\/Valentines-Day-Roses.jpg?fit=1200%2C750&ssl=1&resize=350%2C200 1x, https:\/\/i0.wp.com\/kalot.com.mx\/site\/wp-content\/uploads\/2014\/02\/Valentines-Day-Roses.jpg?fit=1200%2C750&ssl=1&resize=525%2C300 1.5x, https:\/\/i0.wp.com\/kalot.com.mx\/site\/wp-content\/uploads\/2014\/02\/Valentines-Day-Roses.jpg?fit=1200%2C750&ssl=1&resize=700%2C400 2x, https:\/\/i0.wp.com\/kalot.com.mx\/site\/wp-content\/uploads\/2014\/02\/Valentines-Day-Roses.jpg?fit=1200%2C750&ssl=1&resize=1050%2C600 3x"},"classes":[]},{"id":6151,"url":"https:\/\/kalot.com.mx\/site\/2013\/11\/09\/adios-manita-de-like-el-reemplazo-del-icono-de-facebook\/","url_meta":{"origin":22012,"position":3},"title":"Adi\u00f3s manita de &#8220;like&#8221;. El reemplazo del \u00edcono de Facebook","author":"Saul Alonso","date":"9 noviembre, 2013","format":false,"excerpt":"Para muchos que iniciamos hace poco o hace mucho a usar esta popular red social, tenemos muy presente el famos\u00edsimo \u00edcono de \u201cla manita con el pulgar hacia arriba\u201d, para dar a entender que algo nos agrada; adem\u00e1s, este s\u00edmbolo lo podemos ver en otros sitios fuera de la red\u2026","rel":"","context":"Entrada similar ","block_context":{"text":"Entrada similar ","link":""},"img":{"alt_text":"","src":"https:\/\/i0.wp.com\/kalot.com.mx\/site\/wp-content\/uploads\/2013\/11\/desenho_hands__183432.jpg?fit=640%2C480&ssl=1&resize=350%2C200","width":350,"height":200,"srcset":"https:\/\/i0.wp.com\/kalot.com.mx\/site\/wp-content\/uploads\/2013\/11\/desenho_hands__183432.jpg?fit=640%2C480&ssl=1&resize=350%2C200 1x, https:\/\/i0.wp.com\/kalot.com.mx\/site\/wp-content\/uploads\/2013\/11\/desenho_hands__183432.jpg?fit=640%2C480&ssl=1&resize=525%2C300 1.5x"},"classes":[]},{"id":8556,"url":"https:\/\/kalot.com.mx\/site\/2013\/12\/29\/el-ctrlz-deshacer\/","url_meta":{"origin":22012,"position":4},"title":"El CTRL+Z, deshacer&#8230;","author":"Saul Alonso","date":"29 diciembre, 2013","format":false,"excerpt":"En estos tiempos han surgido varias invenciones que han hecho la vida mucho mas c\u00f3moda para nuestra vida a diario, no solucionan grandes problemas, pero si algunas cosas. Uno de estos inventos es uno que lo hemos usado y mucho, al trabajar en la computadora, que hayamos hecho algo que\u2026","rel":"","context":"Entrada similar ","block_context":{"text":"Entrada similar ","link":""},"img":{"alt_text":"","src":"https:\/\/i0.wp.com\/kalot.com.mx\/site\/wp-content\/uploads\/2013\/12\/descarga3.jpg?fit=994%2C768&ssl=1&resize=350%2C200","width":350,"height":200,"srcset":"https:\/\/i0.wp.com\/kalot.com.mx\/site\/wp-content\/uploads\/2013\/12\/descarga3.jpg?fit=994%2C768&ssl=1&resize=350%2C200 1x, https:\/\/i0.wp.com\/kalot.com.mx\/site\/wp-content\/uploads\/2013\/12\/descarga3.jpg?fit=994%2C768&ssl=1&resize=525%2C300 1.5x, https:\/\/i0.wp.com\/kalot.com.mx\/site\/wp-content\/uploads\/2013\/12\/descarga3.jpg?fit=994%2C768&ssl=1&resize=700%2C400 2x"},"classes":[]},{"id":27482,"url":"https:\/\/kalot.com.mx\/site\/2017\/09\/27\/plus-size-en-cuerpo-mente-fiestas-patronales-san-miguelito\/","url_meta":{"origin":22012,"position":5},"title":"Plus size en cuerpo y mente: Fiestas Patronales de San Miguelito","author":"Cristina Flores","date":"27 septiembre, 2017","format":false,"excerpt":"\u201c\u00a1F\u00e1tima! \u00a1F\u00e1tima!\u201d sonaba al un\u00edsono. Por mi mente pasaba el enorme deseo de ver a F\u00e1tima con la corona de Reina del Barrio de San Miguelito. Al d\u00eda siguiente, no pod\u00eda con la garganta. Por dentro me repito que vali\u00f3 la pena porque fui testigo, como pocas veces, de que\u2026","rel":"","context":"En &quot;#MuchachaBuenaOnda&quot;","block_context":{"text":"#MuchachaBuenaOnda","link":"https:\/\/kalot.com.mx\/site\/category\/muchachabuenaonda\/"},"img":{"alt_text":"","src":"https:\/\/i0.wp.com\/kalot.com.mx\/site\/wp-content\/uploads\/2017\/09\/SC-17-of-98.jpg?fit=1200%2C800&ssl=1&resize=350%2C200","width":350,"height":200,"srcset":"https:\/\/i0.wp.com\/kalot.com.mx\/site\/wp-content\/uploads\/2017\/09\/SC-17-of-98.jpg?fit=1200%2C800&ssl=1&resize=350%2C200 1x, https:\/\/i0.wp.com\/kalot.com.mx\/site\/wp-content\/uploads\/2017\/09\/SC-17-of-98.jpg?fit=1200%2C800&ssl=1&resize=525%2C300 1.5x, https:\/\/i0.wp.com\/kalot.com.mx\/site\/wp-content\/uploads\/2017\/09\/SC-17-of-98.jpg?fit=1200%2C800&ssl=1&resize=700%2C400 2x, https:\/\/i0.wp.com\/kalot.com.mx\/site\/wp-content\/uploads\/2017\/09\/SC-17-of-98.jpg?fit=1200%2C800&ssl=1&resize=1050%2C600 3x"},"classes":[]}],"jetpack_sharing_enabled":true,"_links":{"self":[{"href":"https:\/\/kalot.com.mx\/site\/wp-json\/wp\/v2\/posts\/22012","targetHints":{"allow":["GET"]}}],"collection":[{"href":"https:\/\/kalot.com.mx\/site\/wp-json\/wp\/v2\/posts"}],"about":[{"href":"https:\/\/kalot.com.mx\/site\/wp-json\/wp\/v2\/types\/post"}],"author":[{"embeddable":true,"href":"https:\/\/kalot.com.mx\/site\/wp-json\/wp\/v2\/users\/130"}],"replies":[{"embeddable":true,"href":"https:\/\/kalot.com.mx\/site\/wp-json\/wp\/v2\/comments?post=22012"}],"version-history":[{"count":2,"href":"https:\/\/kalot.com.mx\/site\/wp-json\/wp\/v2\/posts\/22012\/revisions"}],"predecessor-version":[{"id":24421,"href":"https:\/\/kalot.com.mx\/site\/wp-json\/wp\/v2\/posts\/22012\/revisions\/24421"}],"wp:featuredmedia":[{"embeddable":true,"href":"https:\/\/kalot.com.mx\/site\/wp-json\/wp\/v2\/media\/22053"}],"wp:attachment":[{"href":"https:\/\/kalot.com.mx\/site\/wp-json\/wp\/v2\/media?parent=22012"}],"wp:term":[{"taxonomy":"category","embeddable":true,"href":"https:\/\/kalot.com.mx\/site\/wp-json\/wp\/v2\/categories?post=22012"},{"taxonomy":"post_tag","embeddable":true,"href":"https:\/\/kalot.com.mx\/site\/wp-json\/wp\/v2\/tags?post=22012"}],"curies":[{"name":"wp","href":"https:\/\/api.w.org\/{rel}","templated":true}]}}