{"id":21591,"date":"2015-05-26T11:31:16","date_gmt":"2015-05-26T16:31:16","guid":{"rendered":"http:\/\/www.kalot.com.mx\/?p=21591"},"modified":"2015-05-26T11:31:16","modified_gmt":"2015-05-26T16:31:16","slug":"las-elegidas-cinta-mexicana-que-cautiva-a-cannes","status":"publish","type":"post","link":"https:\/\/kalot.com.mx\/site\/2015\/05\/26\/las-elegidas-cinta-mexicana-que-cautiva-a-cannes\/","title":{"rendered":"\u00b4Las Elegidas\u00b4 cinta mexicana que cautiva a CANNES"},"content":{"rendered":"<span class=\"embed-youtube\" style=\"text-align:center; display: block;\"><iframe class=\"youtube-player\" width=\"1200\" height=\"675\" src=\"https:\/\/www.youtube.com\/embed\/7tQV2VRdepk?version=3&#038;rel=1&#038;showsearch=0&#038;showinfo=1&#038;iv_load_policy=1&#038;fs=1&#038;hl=es-MX&#038;autohide=2&#038;wmode=transparent\" allowfullscreen=\"true\" style=\"border:0;\" sandbox=\"allow-scripts allow-same-origin allow-popups allow-presentation allow-popups-to-escape-sandbox\"><\/iframe><\/span>\n<p style=\"text-align: left\">\u00b4Las Elegidas\u00b4cinta mexicana que cautiva a CANNES; es el trabajo del cineasta mexicano David Pablos, que denuncia el secuestro de menores para la prostituci\u00f3n en Tijuana.<\/p>\n<p><a href=\"https:\/\/i0.wp.com\/www.kalot.com.mx\/wp-content\/uploads\/2015\/05\/Las-Elegidas-Director.jpg\"><img data-recalc-dims=\"1\" fetchpriority=\"high\" decoding=\"async\" data-attachment-id=\"21593\" data-permalink=\"https:\/\/kalot.com.mx\/site\/2015\/05\/26\/las-elegidas-cinta-mexicana-que-cautiva-a-cannes\/las-elegidas-director\/\" data-orig-file=\"https:\/\/i0.wp.com\/kalot.com.mx\/site\/wp-content\/uploads\/2015\/05\/Las-Elegidas-Director.jpg?fit=635%2C356&amp;ssl=1\" data-orig-size=\"635,356\" data-comments-opened=\"1\" data-image-meta=\"{&quot;aperture&quot;:&quot;0&quot;,&quot;credit&quot;:&quot;&quot;,&quot;camera&quot;:&quot;&quot;,&quot;caption&quot;:&quot;&quot;,&quot;created_timestamp&quot;:&quot;0&quot;,&quot;copyright&quot;:&quot;&quot;,&quot;focal_length&quot;:&quot;0&quot;,&quot;iso&quot;:&quot;0&quot;,&quot;shutter_speed&quot;:&quot;0&quot;,&quot;title&quot;:&quot;&quot;,&quot;orientation&quot;:&quot;1&quot;}\" data-image-title=\"Las Elegidas Director\" data-image-description=\"\" data-image-caption=\"\" data-large-file=\"https:\/\/i0.wp.com\/kalot.com.mx\/site\/wp-content\/uploads\/2015\/05\/Las-Elegidas-Director.jpg?fit=635%2C356&amp;ssl=1\" class=\" size-medium wp-image-21593 aligncenter\" src=\"https:\/\/i0.wp.com\/www.kalot.com.mx\/wp-content\/uploads\/2015\/05\/Las-Elegidas-Director-300x168.jpg?resize=300%2C168\" alt=\"Las Elegidas Director\" width=\"300\" height=\"168\" srcset=\"https:\/\/i0.wp.com\/kalot.com.mx\/site\/wp-content\/uploads\/2015\/05\/Las-Elegidas-Director.jpg?resize=300%2C168&amp;ssl=1 300w, https:\/\/i0.wp.com\/kalot.com.mx\/site\/wp-content\/uploads\/2015\/05\/Las-Elegidas-Director.jpg?resize=380%2C213&amp;ssl=1 380w, https:\/\/i0.wp.com\/kalot.com.mx\/site\/wp-content\/uploads\/2015\/05\/Las-Elegidas-Director.jpg?w=635&amp;ssl=1 635w\" sizes=\"(max-width: 300px) 100vw, 300px\" \/><\/a><\/p>\n<p>El trabajo relata la trata de j\u00f3venes las cuales son objeto de enga\u00f1o y ya dentro no son capaces de salir.<\/p>\n<p>\u00b4No es mi intenci\u00f3n denunciar que todas las autoridades son corruptas\u00b4, agreg\u00f3 el director.<\/p>\n<p>El trabajo es un drama rodado en Tijuana y cuenta la historia de una joven; Sof\u00eda, de 14 a\u00f1os de edad, a la que su relaci\u00f3n de pareja la lleva a ingresar forzosamente en una red de prostituci\u00f3n.<\/p>\n<p>El gui\u00f3n de la pel\u00edcula fue de Jorge Volpi, escritor y tambi\u00e9n director del Festival Internacional Cervantino.<\/p>\n<p>El trabajo producido por CANANA tardar\u00e1 un poco para ser admirado en el territorio nacional va tardar un poco y se espera este en las salas de M\u00e9xico en octubre y noviembre pr\u00f3ximo; los derechos del film han sido adquiridos por Francia.<\/p>\n<p>La cinta compiti\u00f3 en la secci\u00f3n \u00b4Un certain regard\u00b4 (Una cierta mirada) del 68 festival de cine de Cannes.<\/p>\n","protected":false},"excerpt":{"rendered":"\u00b4Las Elegidas\u00b4cinta mexicana que cautiva a CANNES; es el trabajo del cineasta mexicano David Pablos, que denuncia el&hellip;\n","protected":false},"author":124,"featured_media":21592,"comment_status":"open","ping_status":"open","sticky":false,"template":"","format":"standard","meta":{"jetpack_post_was_ever_published":false,"_jetpack_newsletter_access":"","_jetpack_dont_email_post_to_subs":false,"_jetpack_newsletter_tier_id":0,"_jetpack_memberships_contains_paywalled_content":false,"_jetpack_memberships_contains_paid_content":false,"footnotes":"","jetpack_publicize_message":"","jetpack_publicize_feature_enabled":true,"jetpack_social_post_already_shared":true,"jetpack_social_options":{"image_generator_settings":{"template":"highway","default_image_id":0,"font":"","enabled":false},"version":2}},"categories":[],"tags":[],"class_list":{"0":"post-21591","1":"post","2":"type-post","3":"status-publish","4":"format-standard","5":"has-post-thumbnail","7":"cs-entry","8":"cs-video-wrap"},"yoast_head":"<!-- This site is optimized with the Yoast SEO plugin v27.5 - https:\/\/yoast.com\/product\/yoast-seo-wordpress\/ -->\n<title>\u00b4Las Elegidas\u00b4 cinta mexicana que cautiva a CANNES - Kalot<\/title>\n<meta name=\"description\" content=\"\u00b4Las Elegidas\u00b4cinta mexicana que cautiva a CANNES; es el trabajo del cineasta mexicano David Pablos, que denuncia el secuestro de menores para la\" \/>\n<meta name=\"robots\" content=\"index, follow, max-snippet:-1, max-image-preview:large, max-video-preview:-1\" \/>\n<link rel=\"canonical\" href=\"https:\/\/kalot.com.mx\/site\/2015\/05\/26\/las-elegidas-cinta-mexicana-que-cautiva-a-cannes\/\" \/>\n<meta property=\"og:locale\" content=\"es_MX\" \/>\n<meta property=\"og:type\" content=\"article\" \/>\n<meta property=\"og:title\" content=\"\u00b4Las Elegidas\u00b4 cinta mexicana que cautiva a CANNES - Kalot\" \/>\n<meta property=\"og:description\" content=\"\u00b4Las Elegidas\u00b4cinta mexicana que cautiva a CANNES; es el trabajo del cineasta mexicano David Pablos, que denuncia el secuestro de menores para la\" \/>\n<meta property=\"og:url\" content=\"https:\/\/kalot.com.mx\/site\/2015\/05\/26\/las-elegidas-cinta-mexicana-que-cautiva-a-cannes\/\" \/>\n<meta property=\"og:site_name\" content=\"Kalot\" \/>\n<meta property=\"article:publisher\" content=\"http:\/\/facebook.com\/mxkalot\" \/>\n<meta property=\"article:author\" content=\"https:\/\/www.facebook.com\/alain.onate\" \/>\n<meta property=\"article:published_time\" content=\"2015-05-26T16:31:16+00:00\" \/>\n<meta property=\"og:image\" content=\"https:\/\/i2.wp.com\/kalot.com.mx\/site\/wp-content\/uploads\/2015\/05\/Las-Elegidas-de-David-Pablos.jpg?fit=2000%2C1332&ssl=1\" \/>\n\t<meta property=\"og:image:width\" content=\"2000\" \/>\n\t<meta property=\"og:image:height\" content=\"1332\" \/>\n\t<meta property=\"og:image:type\" content=\"image\/jpeg\" \/>\n<meta name=\"author\" content=\"Alain O\u00f1ate\" \/>\n<meta name=\"twitter:card\" content=\"summary_large_image\" \/>\n<meta name=\"twitter:creator\" content=\"@https:\/\/twitter.com\/alainonate\" \/>\n<meta name=\"twitter:site\" content=\"@kalotmx\" \/>\n<meta name=\"twitter:label1\" content=\"Escrito por\" \/>\n\t<meta name=\"twitter:data1\" content=\"Alain O\u00f1ate\" \/>\n\t<meta name=\"twitter:label2\" content=\"Tiempo de lectura\" \/>\n\t<meta name=\"twitter:data2\" content=\"1 minuto\" \/>\n<!-- \/ Yoast SEO plugin. -->","yoast_head_json":{"title":"\u00b4Las Elegidas\u00b4 cinta mexicana que cautiva a CANNES - Kalot","description":"\u00b4Las Elegidas\u00b4cinta mexicana que cautiva a CANNES; es el trabajo del cineasta mexicano David Pablos, que denuncia el secuestro de menores para la","robots":{"index":"index","follow":"follow","max-snippet":"max-snippet:-1","max-image-preview":"max-image-preview:large","max-video-preview":"max-video-preview:-1"},"canonical":"https:\/\/kalot.com.mx\/site\/2015\/05\/26\/las-elegidas-cinta-mexicana-que-cautiva-a-cannes\/","og_locale":"es_MX","og_type":"article","og_title":"\u00b4Las Elegidas\u00b4 cinta mexicana que cautiva a CANNES - Kalot","og_description":"\u00b4Las Elegidas\u00b4cinta mexicana que cautiva a CANNES; es el trabajo del cineasta mexicano David Pablos, que denuncia el secuestro de menores para la","og_url":"https:\/\/kalot.com.mx\/site\/2015\/05\/26\/las-elegidas-cinta-mexicana-que-cautiva-a-cannes\/","og_site_name":"Kalot","article_publisher":"http:\/\/facebook.com\/mxkalot","article_author":"https:\/\/www.facebook.com\/alain.onate","article_published_time":"2015-05-26T16:31:16+00:00","og_image":[{"width":2000,"height":1332,"url":"https:\/\/i2.wp.com\/kalot.com.mx\/site\/wp-content\/uploads\/2015\/05\/Las-Elegidas-de-David-Pablos.jpg?fit=2000%2C1332&ssl=1","type":"image\/jpeg"}],"author":"Alain O\u00f1ate","twitter_card":"summary_large_image","twitter_creator":"@https:\/\/twitter.com\/alainonate","twitter_site":"@kalotmx","twitter_misc":{"Escrito por":"Alain O\u00f1ate","Tiempo de lectura":"1 minuto"},"schema":{"@context":"https:\/\/schema.org","@graph":[{"@type":"Article","@id":"https:\/\/kalot.com.mx\/site\/2015\/05\/26\/las-elegidas-cinta-mexicana-que-cautiva-a-cannes\/#article","isPartOf":{"@id":"https:\/\/kalot.com.mx\/site\/2015\/05\/26\/las-elegidas-cinta-mexicana-que-cautiva-a-cannes\/"},"author":{"name":"Alain O\u00f1ate","@id":"https:\/\/kalot.com.mx\/site\/#\/schema\/person\/6d137660417046881526fc2134f82dc9"},"headline":"\u00b4Las Elegidas\u00b4 cinta mexicana que cautiva a CANNES","datePublished":"2015-05-26T16:31:16+00:00","mainEntityOfPage":{"@id":"https:\/\/kalot.com.mx\/site\/2015\/05\/26\/las-elegidas-cinta-mexicana-que-cautiva-a-cannes\/"},"wordCount":207,"commentCount":0,"publisher":{"@id":"https:\/\/kalot.com.mx\/site\/#organization"},"image":{"@id":"https:\/\/kalot.com.mx\/site\/2015\/05\/26\/las-elegidas-cinta-mexicana-que-cautiva-a-cannes\/#primaryimage"},"thumbnailUrl":"https:\/\/i0.wp.com\/kalot.com.mx\/site\/wp-content\/uploads\/2015\/05\/Las-Elegidas-de-David-Pablos.jpg?fit=2000%2C1332&ssl=1","inLanguage":"es","potentialAction":[{"@type":"CommentAction","name":"Comment","target":["https:\/\/kalot.com.mx\/site\/2015\/05\/26\/las-elegidas-cinta-mexicana-que-cautiva-a-cannes\/#respond"]}]},{"@type":"WebPage","@id":"https:\/\/kalot.com.mx\/site\/2015\/05\/26\/las-elegidas-cinta-mexicana-que-cautiva-a-cannes\/","url":"https:\/\/kalot.com.mx\/site\/2015\/05\/26\/las-elegidas-cinta-mexicana-que-cautiva-a-cannes\/","name":"\u00b4Las Elegidas\u00b4 cinta mexicana que cautiva a CANNES - Kalot","isPartOf":{"@id":"https:\/\/kalot.com.mx\/site\/#website"},"primaryImageOfPage":{"@id":"https:\/\/kalot.com.mx\/site\/2015\/05\/26\/las-elegidas-cinta-mexicana-que-cautiva-a-cannes\/#primaryimage"},"image":{"@id":"https:\/\/kalot.com.mx\/site\/2015\/05\/26\/las-elegidas-cinta-mexicana-que-cautiva-a-cannes\/#primaryimage"},"thumbnailUrl":"https:\/\/i0.wp.com\/kalot.com.mx\/site\/wp-content\/uploads\/2015\/05\/Las-Elegidas-de-David-Pablos.jpg?fit=2000%2C1332&ssl=1","datePublished":"2015-05-26T16:31:16+00:00","description":"\u00b4Las Elegidas\u00b4cinta mexicana que cautiva a CANNES; es el trabajo del cineasta mexicano David Pablos, que denuncia el secuestro de menores para la","breadcrumb":{"@id":"https:\/\/kalot.com.mx\/site\/2015\/05\/26\/las-elegidas-cinta-mexicana-que-cautiva-a-cannes\/#breadcrumb"},"inLanguage":"es","potentialAction":[{"@type":"ReadAction","target":["https:\/\/kalot.com.mx\/site\/2015\/05\/26\/las-elegidas-cinta-mexicana-que-cautiva-a-cannes\/"]}]},{"@type":"ImageObject","inLanguage":"es","@id":"https:\/\/kalot.com.mx\/site\/2015\/05\/26\/las-elegidas-cinta-mexicana-que-cautiva-a-cannes\/#primaryimage","url":"https:\/\/i0.wp.com\/kalot.com.mx\/site\/wp-content\/uploads\/2015\/05\/Las-Elegidas-de-David-Pablos.jpg?fit=2000%2C1332&ssl=1","contentUrl":"https:\/\/i0.wp.com\/kalot.com.mx\/site\/wp-content\/uploads\/2015\/05\/Las-Elegidas-de-David-Pablos.jpg?fit=2000%2C1332&ssl=1","width":2000,"height":1332},{"@type":"BreadcrumbList","@id":"https:\/\/kalot.com.mx\/site\/2015\/05\/26\/las-elegidas-cinta-mexicana-que-cautiva-a-cannes\/#breadcrumb","itemListElement":[{"@type":"ListItem","position":1,"name":"Home","item":"https:\/\/kalot.com.mx\/site\/"},{"@type":"ListItem","position":2,"name":"\u00b4Las Elegidas\u00b4 cinta mexicana que cautiva a CANNES"}]},{"@type":"WebSite","@id":"https:\/\/kalot.com.mx\/site\/#website","url":"https:\/\/kalot.com.mx\/site\/","name":"Kalot","description":"Conoce Todo Sobre Todo","publisher":{"@id":"https:\/\/kalot.com.mx\/site\/#organization"},"potentialAction":[{"@type":"SearchAction","target":{"@type":"EntryPoint","urlTemplate":"https:\/\/kalot.com.mx\/site\/?s={search_term_string}"},"query-input":{"@type":"PropertyValueSpecification","valueRequired":true,"valueName":"search_term_string"}}],"inLanguage":"es"},{"@type":"Organization","@id":"https:\/\/kalot.com.mx\/site\/#organization","name":"Kalot","url":"https:\/\/kalot.com.mx\/site\/","logo":{"@type":"ImageObject","inLanguage":"es","@id":"https:\/\/kalot.com.mx\/site\/#\/schema\/logo\/image\/","url":"https:\/\/i0.wp.com\/kalot.com.mx\/site\/wp-content\/uploads\/2020\/04\/Kalot-logo-sin-tagline.png?fit=1707%2C1014&ssl=1","contentUrl":"https:\/\/i0.wp.com\/kalot.com.mx\/site\/wp-content\/uploads\/2020\/04\/Kalot-logo-sin-tagline.png?fit=1707%2C1014&ssl=1","width":1707,"height":1014,"caption":"Kalot"},"image":{"@id":"https:\/\/kalot.com.mx\/site\/#\/schema\/logo\/image\/"},"sameAs":["http:\/\/facebook.com\/mxkalot","https:\/\/x.com\/kalotmx","http:\/\/instagram.com\/kalotmx","http:\/\/pinterest.com\/jorgeerana\/kalot"]},{"@type":"Person","@id":"https:\/\/kalot.com.mx\/site\/#\/schema\/person\/6d137660417046881526fc2134f82dc9","name":"Alain O\u00f1ate","image":{"@type":"ImageObject","inLanguage":"es","@id":"https:\/\/secure.gravatar.com\/avatar\/76d5877c06aec82d1b411d6103400b8e85f44cbf549204355150dc9bca9abcbc?s=96&d=mm&r=g","url":"https:\/\/secure.gravatar.com\/avatar\/76d5877c06aec82d1b411d6103400b8e85f44cbf549204355150dc9bca9abcbc?s=96&d=mm&r=g","contentUrl":"https:\/\/secure.gravatar.com\/avatar\/76d5877c06aec82d1b411d6103400b8e85f44cbf549204355150dc9bca9abcbc?s=96&d=mm&r=g","caption":"Alain O\u00f1ate"},"description":"Fan del periodismo, MSM, DJ, design, Community\/Content Manager: @CreativoPlasma, @cervecerosbajio, @audiencemkt, @revistamore hincha @clubleonfc y fan de la Lucha Libre... Informando desde \u00b4Donde la Vida no vale nada\u00b4; Le\u00f3n de los Aldama, Guanajuato, M\u00e9xico.","sameAs":["https:\/\/www.facebook.com\/alain.onate","https:\/\/instagram.com\/alainonate\/","https:\/\/mx.linkedin.com\/in\/alainonate","https:\/\/x.com\/https:\/\/twitter.com\/alainonate"],"url":"https:\/\/kalot.com.mx\/site\/author\/alian\/"}]}},"jetpack_publicize_connections":[],"jetpack_featured_media_url":"https:\/\/i0.wp.com\/kalot.com.mx\/site\/wp-content\/uploads\/2015\/05\/Las-Elegidas-de-David-Pablos.jpg?fit=2000%2C1332&ssl=1","jetpack_shortlink":"https:\/\/wp.me\/p6IHEI-5Cf","jetpack-related-posts":[{"id":21409,"url":"https:\/\/kalot.com.mx\/site\/2015\/05\/05\/58-muestra-internacional-de-cine-en-la-cineteca-alameda\/","url_meta":{"origin":21591,"position":0},"title":"58 Muestra Internacional de Cine en la Cineteca Alameda","author":"Omar Herrera","date":"5 mayo, 2015","format":false,"excerpt":"Cineteca Alameda se engalana durante el mes de mayo con la 58 Muestra Internacional de Cine, cuya edici\u00f3n primaveral de este 2015 viene con 14 pel\u00edculas procedentes de Grecia, Israel, Hungr\u00eda, Italia, M\u00e9xico, Espa\u00f1a, Francia, Canad\u00e1, entre otros pa\u00edses. El programa arranca el 4 de mayo e incluye t\u00edtulos como\u2026","rel":"","context":"Entrada similar ","block_context":{"text":"Entrada similar ","link":""},"img":{"alt_text":"","src":"https:\/\/i0.wp.com\/kalot.com.mx\/site\/wp-content\/uploads\/2015\/05\/58-muestra-internacional-de-cine.jpg?fit=590%2C301&ssl=1&resize=350%2C200","width":350,"height":200,"srcset":"https:\/\/i0.wp.com\/kalot.com.mx\/site\/wp-content\/uploads\/2015\/05\/58-muestra-internacional-de-cine.jpg?fit=590%2C301&ssl=1&resize=350%2C200 1x, https:\/\/i0.wp.com\/kalot.com.mx\/site\/wp-content\/uploads\/2015\/05\/58-muestra-internacional-de-cine.jpg?fit=590%2C301&ssl=1&resize=525%2C300 1.5x"},"classes":[]},{"id":31069,"url":"https:\/\/kalot.com.mx\/site\/2019\/03\/07\/tijuana-se-convierte-en-la-primera-ciudad-mexicana-sin-bolsas-de-plastico\/","url_meta":{"origin":21591,"position":1},"title":"Tijuana se convierte en la primera ciudad mexicana sin bolsas de pl\u00e1stico","author":"Nelly Gonz\u00e1lez Tapia","date":"7 marzo, 2019","format":false,"excerpt":"\u00a0 \u00a0 \u00a0 \u00a0 \u00a0 \u00a0 \u00a0 \u00a0 \u00a0 \u00a0 \u00a0 \u00a0 \u00a0 \u00a0 \u00a0 \u00a0 \u00a0 \u00a0 \u00a0 \u00a0 \u00a0 \u00a0 \u00a0 \u00a0 \u00a0 \u00a0El medio ambiente lo agradecer\u00e1 En agosto del 2018, una iniciativa en Baja California con respecto al cuidado del medio ambiente, propon\u00eda empezar a eliminar\u2026","rel":"","context":"En &quot;Cultura&quot;","block_context":{"text":"Cultura","link":"https:\/\/kalot.com.mx\/site\/category\/cultura\/"},"img":{"alt_text":"","src":"https:\/\/i0.wp.com\/kalot.com.mx\/site\/wp-content\/uploads\/2019\/03\/bolsas-plastico-utilizadas-tiendas-comerciales.jpg?fit=958%2C596&ssl=1&resize=350%2C200","width":350,"height":200,"srcset":"https:\/\/i0.wp.com\/kalot.com.mx\/site\/wp-content\/uploads\/2019\/03\/bolsas-plastico-utilizadas-tiendas-comerciales.jpg?fit=958%2C596&ssl=1&resize=350%2C200 1x, https:\/\/i0.wp.com\/kalot.com.mx\/site\/wp-content\/uploads\/2019\/03\/bolsas-plastico-utilizadas-tiendas-comerciales.jpg?fit=958%2C596&ssl=1&resize=525%2C300 1.5x, https:\/\/i0.wp.com\/kalot.com.mx\/site\/wp-content\/uploads\/2019\/03\/bolsas-plastico-utilizadas-tiendas-comerciales.jpg?fit=958%2C596&ssl=1&resize=700%2C400 2x"},"classes":[]},{"id":31874,"url":"https:\/\/kalot.com.mx\/site\/2020\/04\/07\/el-ano-de-la-peste-la-pelicula-mexicana-de-ciencia-ficcion-que-predijo-la-epidemia-del-2020\/","url_meta":{"origin":21591,"position":2},"title":"\u201cEl a\u00f1o de la peste\u201d, la pel\u00edcula mexicana de ciencia ficci\u00f3n que \u00bfpredijo? la epidemia del 2020.","author":"Omar Herrera","date":"7 abril, 2020","format":false,"excerpt":"En un M\u00e9xico dist\u00f3pico con est\u00e9tica de finales de los 70\u2019s una enfermedad neum\u00f3nica ha cobrado sus v\u00edctimas en la poblaci\u00f3n. Dos epidemi\u00f3logos son c\u00f3mplices de un amplio encubrimiento gubernamental y manipulaci\u00f3n de los medios respecto a la cantidad de muertes ocasionadas por la peste desatada y con consecuencias internacionales.\u2026","rel":"","context":"En &quot;Cine&quot;","block_context":{"text":"Cine","link":"https:\/\/kalot.com.mx\/site\/category\/cine\/"},"img":{"alt_text":"","src":"https:\/\/i0.wp.com\/kalot.com.mx\/site\/wp-content\/uploads\/2020\/04\/Captura-de-Pantalla-2020-04-07-a-las-17.18.12.png?fit=1200%2C495&ssl=1&resize=350%2C200","width":350,"height":200,"srcset":"https:\/\/i0.wp.com\/kalot.com.mx\/site\/wp-content\/uploads\/2020\/04\/Captura-de-Pantalla-2020-04-07-a-las-17.18.12.png?fit=1200%2C495&ssl=1&resize=350%2C200 1x, https:\/\/i0.wp.com\/kalot.com.mx\/site\/wp-content\/uploads\/2020\/04\/Captura-de-Pantalla-2020-04-07-a-las-17.18.12.png?fit=1200%2C495&ssl=1&resize=525%2C300 1.5x, https:\/\/i0.wp.com\/kalot.com.mx\/site\/wp-content\/uploads\/2020\/04\/Captura-de-Pantalla-2020-04-07-a-las-17.18.12.png?fit=1200%2C495&ssl=1&resize=700%2C400 2x, https:\/\/i0.wp.com\/kalot.com.mx\/site\/wp-content\/uploads\/2020\/04\/Captura-de-Pantalla-2020-04-07-a-las-17.18.12.png?fit=1200%2C495&ssl=1&resize=1050%2C600 3x"},"classes":[]},{"id":25975,"url":"https:\/\/kalot.com.mx\/site\/2016\/09\/04\/laresena-la-delgada-linea-amarilla\/","url_meta":{"origin":21591,"position":3},"title":"#LaRese\u00f1a: La Delgada L\u00ednea Amarilla","author":"yash","date":"4 septiembre, 2016","format":false,"excerpt":"Una pel\u00edcula mexicana que refresca la cartelera nacional y nos ofrece una historia sencilla pero con un trasfondo muy interesante. Hablar del cine mexicano es complicado; por una parte tenemos producciones hechas para generar taquilla aunque el producto sea \u00fanicamente comercial. Luego, por extra\u00f1o que parezca, nos encontramos con cintas\u2026","rel":"","context":"En &quot;Cine&quot;","block_context":{"text":"Cine","link":"https:\/\/kalot.com.mx\/site\/category\/cine\/"},"img":{"alt_text":"","src":"https:\/\/i0.wp.com\/kalot.com.mx\/site\/wp-content\/uploads\/2016\/09\/la-delgada-linea-amarilla-1.jpg?fit=1200%2C867&ssl=1&resize=350%2C200","width":350,"height":200,"srcset":"https:\/\/i0.wp.com\/kalot.com.mx\/site\/wp-content\/uploads\/2016\/09\/la-delgada-linea-amarilla-1.jpg?fit=1200%2C867&ssl=1&resize=350%2C200 1x, https:\/\/i0.wp.com\/kalot.com.mx\/site\/wp-content\/uploads\/2016\/09\/la-delgada-linea-amarilla-1.jpg?fit=1200%2C867&ssl=1&resize=525%2C300 1.5x, https:\/\/i0.wp.com\/kalot.com.mx\/site\/wp-content\/uploads\/2016\/09\/la-delgada-linea-amarilla-1.jpg?fit=1200%2C867&ssl=1&resize=700%2C400 2x, https:\/\/i0.wp.com\/kalot.com.mx\/site\/wp-content\/uploads\/2016\/09\/la-delgada-linea-amarilla-1.jpg?fit=1200%2C867&ssl=1&resize=1050%2C600 3x"},"classes":[]},{"id":16095,"url":"https:\/\/kalot.com.mx\/site\/2014\/05\/17\/56a-muestra-internacional-de-cine-en-la-cineteca-alameda-cartelera\/","url_meta":{"origin":21591,"position":4},"title":"56\u00aa Muestra Internacional de Cine en la Cineteca Alameda [CARTELERA]","author":"Omar Herrera","date":"17 mayo, 2014","format":false,"excerpt":"La 56\u00aa\u00a0Muestra Internacional de Cine se podr\u00e1 disfrutar en Cineteca Alameda a partir del 17 al 29 de mayo. Tras d\u00e9cadas de ofrecerse como la programaci\u00f3n que anima la oferta en muchas salas de cine del pa\u00eds, la Muestra Internacional de Cine vuelve a su formato de dos ediciones por\u2026","rel":"","context":"Con 16 comentarios","block_context":{"text":"Con 16 comentarios","link":"https:\/\/kalot.com.mx\/site\/2014\/05\/17\/56a-muestra-internacional-de-cine-en-la-cineteca-alameda-cartelera\/#comments"},"img":{"alt_text":"","src":"https:\/\/i0.wp.com\/kalot.com.mx\/site\/wp-content\/uploads\/2014\/05\/EDIT2.jpg?fit=1000%2C618&ssl=1&resize=350%2C200","width":350,"height":200,"srcset":"https:\/\/i0.wp.com\/kalot.com.mx\/site\/wp-content\/uploads\/2014\/05\/EDIT2.jpg?fit=1000%2C618&ssl=1&resize=350%2C200 1x, https:\/\/i0.wp.com\/kalot.com.mx\/site\/wp-content\/uploads\/2014\/05\/EDIT2.jpg?fit=1000%2C618&ssl=1&resize=525%2C300 1.5x, https:\/\/i0.wp.com\/kalot.com.mx\/site\/wp-content\/uploads\/2014\/05\/EDIT2.jpg?fit=1000%2C618&ssl=1&resize=700%2C400 2x"},"classes":[]},{"id":3705,"url":"https:\/\/kalot.com.mx\/site\/2013\/10\/10\/nymphomaniac-de-lars-von-trier-en-posters-nsfw\/","url_meta":{"origin":21591,"position":5},"title":"Nymphomaniac de Lars von Trier, en p\u00f3sters (NSFW)","author":"Omar Herrera","date":"10 octubre, 2013","format":false,"excerpt":"A unos cuantos meses de estrenarse el m\u00e1s reciente film del pol\u00e9mico director dan\u00e9s Lars von Trier, se acaban de publicar los primeros p\u00f3sters publicitarios para la esperada cinta que lleva por nombre Nymphomaniac. Los p\u00f3sters son una campa\u00f1a publicitaria bastante bien elaborada para promocionar la cinta, en ellos, los\u2026","rel":"","context":"Entrada similar ","block_context":{"text":"Entrada similar ","link":""},"img":{"alt_text":"","src":"https:\/\/i0.wp.com\/kalot.com.mx\/site\/wp-content\/uploads\/2013\/10\/chapter_2_photo_by_Christian_Geisnaes.jpg?fit=1200%2C676&ssl=1&resize=350%2C200","width":350,"height":200,"srcset":"https:\/\/i0.wp.com\/kalot.com.mx\/site\/wp-content\/uploads\/2013\/10\/chapter_2_photo_by_Christian_Geisnaes.jpg?fit=1200%2C676&ssl=1&resize=350%2C200 1x, https:\/\/i0.wp.com\/kalot.com.mx\/site\/wp-content\/uploads\/2013\/10\/chapter_2_photo_by_Christian_Geisnaes.jpg?fit=1200%2C676&ssl=1&resize=525%2C300 1.5x, https:\/\/i0.wp.com\/kalot.com.mx\/site\/wp-content\/uploads\/2013\/10\/chapter_2_photo_by_Christian_Geisnaes.jpg?fit=1200%2C676&ssl=1&resize=700%2C400 2x, https:\/\/i0.wp.com\/kalot.com.mx\/site\/wp-content\/uploads\/2013\/10\/chapter_2_photo_by_Christian_Geisnaes.jpg?fit=1200%2C676&ssl=1&resize=1050%2C600 3x"},"classes":[]}],"jetpack_sharing_enabled":true,"_links":{"self":[{"href":"https:\/\/kalot.com.mx\/site\/wp-json\/wp\/v2\/posts\/21591","targetHints":{"allow":["GET"]}}],"collection":[{"href":"https:\/\/kalot.com.mx\/site\/wp-json\/wp\/v2\/posts"}],"about":[{"href":"https:\/\/kalot.com.mx\/site\/wp-json\/wp\/v2\/types\/post"}],"author":[{"embeddable":true,"href":"https:\/\/kalot.com.mx\/site\/wp-json\/wp\/v2\/users\/124"}],"replies":[{"embeddable":true,"href":"https:\/\/kalot.com.mx\/site\/wp-json\/wp\/v2\/comments?post=21591"}],"version-history":[{"count":0,"href":"https:\/\/kalot.com.mx\/site\/wp-json\/wp\/v2\/posts\/21591\/revisions"}],"wp:featuredmedia":[{"embeddable":true,"href":"https:\/\/kalot.com.mx\/site\/wp-json\/wp\/v2\/media\/21592"}],"wp:attachment":[{"href":"https:\/\/kalot.com.mx\/site\/wp-json\/wp\/v2\/media?parent=21591"}],"wp:term":[{"taxonomy":"category","embeddable":true,"href":"https:\/\/kalot.com.mx\/site\/wp-json\/wp\/v2\/categories?post=21591"},{"taxonomy":"post_tag","embeddable":true,"href":"https:\/\/kalot.com.mx\/site\/wp-json\/wp\/v2\/tags?post=21591"}],"curies":[{"name":"wp","href":"https:\/\/api.w.org\/{rel}","templated":true}]}}