{"id":2156,"date":"2013-09-23T01:19:39","date_gmt":"2013-09-23T06:19:39","guid":{"rendered":"http:\/\/www.kalot.com.mx\/?p=2156"},"modified":"2013-09-24T13:12:16","modified_gmt":"2013-09-24T18:12:16","slug":"moda-quien-es-mas-superficial-dulcemireles","status":"publish","type":"post","link":"https:\/\/kalot.com.mx\/site\/2013\/09\/23\/moda-quien-es-mas-superficial-dulcemireles\/","title":{"rendered":"#Moda \u00bfQui\u00e9n es m\u00e1s superficial? Preg\u00fantale a #Vogue by @DulceMireles"},"content":{"rendered":"<p style=\"text-align: justify;\">Hace rato me encontr\u00e9 esta imagen en\u00a0 Facebook donde muestra a \u201clas mejores vestidas\u201d seg\u00fan MTV Style en los premios Emmy, por lo que enseguida me acord\u00e9 de una mujer que lleg\u00f3 a mi vida cuando ten\u00eda una idea muy err\u00f3nea de la \u201cmoda\u201d<\/p>\n<p style=\"text-align: justify;\"><a href=\"https:\/\/i0.wp.com\/www.kalot.com.mx\/wp-content\/uploads\/2013\/09\/24664_10151610127116701_1053392165_n.jpg\"><img data-recalc-dims=\"1\" fetchpriority=\"high\" decoding=\"async\" data-attachment-id=\"2157\" data-permalink=\"https:\/\/kalot.com.mx\/site\/2013\/09\/23\/moda-quien-es-mas-superficial-dulcemireles\/24664_10151610127116701_1053392165_n\/\" data-orig-file=\"https:\/\/i0.wp.com\/kalot.com.mx\/site\/wp-content\/uploads\/2013\/09\/24664_10151610127116701_1053392165_n.jpg?fit=576%2C440&amp;ssl=1\" data-orig-size=\"576,440\" data-comments-opened=\"1\" data-image-meta=\"{&quot;aperture&quot;:&quot;0&quot;,&quot;credit&quot;:&quot;&quot;,&quot;camera&quot;:&quot;&quot;,&quot;caption&quot;:&quot;&quot;,&quot;created_timestamp&quot;:&quot;0&quot;,&quot;copyright&quot;:&quot;&quot;,&quot;focal_length&quot;:&quot;0&quot;,&quot;iso&quot;:&quot;0&quot;,&quot;shutter_speed&quot;:&quot;0&quot;,&quot;title&quot;:&quot;&quot;}\" data-image-title=\"24664_10151610127116701_1053392165_n\" data-image-description=\"\" data-image-caption=\"\" data-large-file=\"https:\/\/i0.wp.com\/kalot.com.mx\/site\/wp-content\/uploads\/2013\/09\/24664_10151610127116701_1053392165_n.jpg?fit=576%2C440&amp;ssl=1\" class=\"aligncenter size-full wp-image-2157\" alt=\"24664_10151610127116701_1053392165_n\" src=\"https:\/\/i0.wp.com\/www.kalot.com.mx\/wp-content\/uploads\/2013\/09\/24664_10151610127116701_1053392165_n.jpg?resize=576%2C440\" width=\"576\" height=\"440\" srcset=\"https:\/\/i0.wp.com\/kalot.com.mx\/site\/wp-content\/uploads\/2013\/09\/24664_10151610127116701_1053392165_n.jpg?w=576&amp;ssl=1 576w, https:\/\/i0.wp.com\/kalot.com.mx\/site\/wp-content\/uploads\/2013\/09\/24664_10151610127116701_1053392165_n.jpg?resize=300%2C229&amp;ssl=1 300w\" sizes=\"(max-width: 576px) 100vw, 576px\" \/><\/a><\/p>\n<p style=\"text-align: justify;\">Hablo de <em>Anna Wintou<\/em>r, directora de la revista norteamericana <em>Vogue<\/em> o por otros conocida como la inspiraci\u00f3n para la pel\u00edcula The Devil Wears Prada basada en la novela hom\u00f3nima de la periodista Lauren Weisberger (de ella hablar\u00e9 en otra publicaci\u00f3n)<\/p>\n<p style=\"text-align: justify;\">ADVERTENCIA, lo que a continuaci\u00f3n est\u00e1 a punto de leer refleja mi opini\u00f3n sobre la filosof\u00eda de Anna, la cual he estudiado desde el d\u00eda que vi <em>THE SEPTEMBER ISSUE<\/em> (documental del director R.J. Cutler)<\/p>\n<p style=\"text-align: justify;\">Tengo la fortuna de conocer gente apasionada en lo que hace y lo que le gusta, pero muchas veces esta pasi\u00f3n y amor, se vuelve en intolerancia al insultar cosas diferentes a nuestros gustos personales, creo que el respeto es la base de cualquier relaci\u00f3n personal, profesional o de cualquier tipo.<\/p>\n<p style=\"text-align: justify;\">He de confesar que antes de ver este documental, ten\u00eda un prejuicio formado a base de falta de informaci\u00f3n e intolerancia, pero sobre todo de formar parte de un grupo de \u201cmiedo a lo desconocido\u201d pero gracias a Anna (ya ando bien chiflada que hasta la \u201ctuteo\u201d) mi visi\u00f3n cambi\u00f3.<\/p>\n<p style=\"text-align: justify;\">http:\/\/www.filmdu.tv\/the-september-issue\/<\/p>\n<p style=\"text-align: justify;\">Anna nos habla sobre la moda, la moda vista desde una pasi\u00f3n, un estilo de vida e incluso, contrario a lo que muchos piensan, Anna nos dice que entre m\u00e1s personas puedan tener acceso a la moda es mucho mejor. La moda no es exclusiva de un g\u00e9nero, de un grupo, de cierta clase social\u2026<\/p>\n<p style=\"text-align: justify;\">Wintour conoce perfectamente el mundo en el que est\u00e1 inmersa, sabe que la moda tiene \u201calgo\u201d que puede poner a la gente muy nerviosa, pero \u00bfQu\u00e9 es? \u00bfQu\u00e9 es eso que tiene la moda que paraliza a la gente y los hace sentirse inseguros?<\/p>\n<p style=\"text-align: justify;\">En este documental Anna nos habla de algo muy cierto, que no solo pasa en el mundo de la moda, tambi\u00e9n lo he visto pasar en otros \u201cmundos\u201d. Ejemplo: Fans de bandas de diferentes g\u00e9neros musicales tienen una constante lucha de \u201cquien es mejor\u201d \u201cquien toca m\u00e1s chido\u201d cuando no se dan cuenta que a esos dos grupos los une el amor por la m\u00fasica\u2026 no importa si alguien canta \u201cPoker Face\u201d y alguien m\u00e1s \u201cKiller Queen\u201d, lo verdaderamente importante es como una expresi\u00f3n art\u00edstica puede unir a las personas.<a href=\"https:\/\/i0.wp.com\/www.kalot.com.mx\/wp-content\/uploads\/2013\/09\/6a00d8341c387d53ef01761695041c970c-800wi.jpg\"><img data-recalc-dims=\"1\" decoding=\"async\" data-attachment-id=\"2158\" data-permalink=\"https:\/\/kalot.com.mx\/site\/2013\/09\/23\/moda-quien-es-mas-superficial-dulcemireles\/6a00d8341c387d53ef01761695041c970c-800wi\/\" data-orig-file=\"https:\/\/i0.wp.com\/kalot.com.mx\/site\/wp-content\/uploads\/2013\/09\/6a00d8341c387d53ef01761695041c970c-800wi.jpg?fit=500%2C543&amp;ssl=1\" data-orig-size=\"500,543\" data-comments-opened=\"1\" data-image-meta=\"{&quot;aperture&quot;:&quot;0&quot;,&quot;credit&quot;:&quot;&quot;,&quot;camera&quot;:&quot;&quot;,&quot;caption&quot;:&quot;&quot;,&quot;created_timestamp&quot;:&quot;0&quot;,&quot;copyright&quot;:&quot;&quot;,&quot;focal_length&quot;:&quot;0&quot;,&quot;iso&quot;:&quot;0&quot;,&quot;shutter_speed&quot;:&quot;0&quot;,&quot;title&quot;:&quot;&quot;}\" data-image-title=\"6a00d8341c387d53ef01761695041c970c-800wi\" data-image-description=\"\" data-image-caption=\"\" data-large-file=\"https:\/\/i0.wp.com\/kalot.com.mx\/site\/wp-content\/uploads\/2013\/09\/6a00d8341c387d53ef01761695041c970c-800wi.jpg?fit=500%2C543&amp;ssl=1\" class=\"aligncenter size-full wp-image-2158\" alt=\"6a00d8341c387d53ef01761695041c970c-800wi\" src=\"https:\/\/i0.wp.com\/www.kalot.com.mx\/wp-content\/uploads\/2013\/09\/6a00d8341c387d53ef01761695041c970c-800wi.jpg?resize=500%2C543\" width=\"500\" height=\"543\" srcset=\"https:\/\/i0.wp.com\/kalot.com.mx\/site\/wp-content\/uploads\/2013\/09\/6a00d8341c387d53ef01761695041c970c-800wi.jpg?w=500&amp;ssl=1 500w, https:\/\/i0.wp.com\/kalot.com.mx\/site\/wp-content\/uploads\/2013\/09\/6a00d8341c387d53ef01761695041c970c-800wi.jpg?resize=276%2C300&amp;ssl=1 276w\" sizes=\"(max-width: 500px) 100vw, 500px\" \/><\/a><\/p>\n<p style=\"text-align: justify;\">\u00bfA qu\u00e9 viene esto?<\/p>\n<p style=\"text-align: justify;\"><i>\u201cNo porque te guste ponerte un vestido de Carolina Herrera o unos jeans de J Brand jeans en vez de algo de K-Mart, \u00a0significa que seas una\u00a0 persona tonta \u201c<\/i><\/p>\n<p style=\"text-align: justify;\">Punto para Anna. Tiene toda la raz\u00f3n, no porque a una persona le guste usar \u201ccolor rosa\u201d es una persona \u201c\u00f1o\u00f1a\u201d, no porque a alguien le interese las nuevas tendencias de oto\u00f1o o que zapatos van bien con una falda quiere decir que seas una persona superficial<\/p>\n<p style=\"text-align: justify;\">Debemos de aceptar que hay \u201cdiferentes mundos\u201d en este mismo mundo pero al fin de cuentas, es UNO SOLO.<\/p>\n<p style=\"text-align: justify;\">\u00bfQui\u00e9n es m\u00e1s superficial? \u00bfUna persona que acepta que quiere conocer los nuevos colores para Primavera 2014 \u00f3 la persona que se burla de ella y la juzga?<\/p>\n<p style=\"text-align: justify;\">Se los dejo de tarea\u2026<\/p>\n<h1 id=\"quotes\" style=\"text-align: justify;\"><strong>Quotes<\/strong><\/h1>\n<p style=\"text-align: justify;\"><a href=\"https:\/\/i0.wp.com\/www.kalot.com.mx\/wp-content\/uploads\/2013\/09\/2008022095wintour_dentro.jpg\"><img data-recalc-dims=\"1\" decoding=\"async\" data-attachment-id=\"2159\" data-permalink=\"https:\/\/kalot.com.mx\/site\/2013\/09\/23\/moda-quien-es-mas-superficial-dulcemireles\/2008022095wintour_dentro\/\" data-orig-file=\"https:\/\/i0.wp.com\/kalot.com.mx\/site\/wp-content\/uploads\/2013\/09\/2008022095wintour_dentro.jpg?fit=300%2C370&amp;ssl=1\" data-orig-size=\"300,370\" data-comments-opened=\"1\" data-image-meta=\"{&quot;aperture&quot;:&quot;0&quot;,&quot;credit&quot;:&quot;&quot;,&quot;camera&quot;:&quot;&quot;,&quot;caption&quot;:&quot;&quot;,&quot;created_timestamp&quot;:&quot;0&quot;,&quot;copyright&quot;:&quot;&quot;,&quot;focal_length&quot;:&quot;0&quot;,&quot;iso&quot;:&quot;0&quot;,&quot;shutter_speed&quot;:&quot;0&quot;,&quot;title&quot;:&quot;&quot;}\" data-image-title=\"2008022095wintour_dentro\" data-image-description=\"\" data-image-caption=\"\" data-large-file=\"https:\/\/i0.wp.com\/kalot.com.mx\/site\/wp-content\/uploads\/2013\/09\/2008022095wintour_dentro.jpg?fit=300%2C370&amp;ssl=1\" class=\"aligncenter size-full wp-image-2159\" alt=\"2008022095wintour_dentro\" src=\"https:\/\/i0.wp.com\/www.kalot.com.mx\/wp-content\/uploads\/2013\/09\/2008022095wintour_dentro.jpg?resize=300%2C370\" width=\"300\" height=\"370\" srcset=\"https:\/\/i0.wp.com\/kalot.com.mx\/site\/wp-content\/uploads\/2013\/09\/2008022095wintour_dentro.jpg?w=300&amp;ssl=1 300w, https:\/\/i0.wp.com\/kalot.com.mx\/site\/wp-content\/uploads\/2013\/09\/2008022095wintour_dentro.jpg?resize=243%2C300&amp;ssl=1 243w\" sizes=\"(max-width: 300px) 100vw, 300px\" \/><\/a><\/p>\n<ol style=\"text-align: justify;\">\n<li>\u201cA menudo tengo la impresi\u00f3n de que la moda asusta a mucha gente. Y como les da miedo, la critican. En la moda hay algo que, a veces, pone a la gente muy nerviosa&#8230; Sin embargo, yo estoy enamorada de ella.\u201d<\/li>\n<\/ol>\n<ol style=\"text-align: justify;\">\n<li>\u201cSi miras cualquier gran fotograf\u00eda de moda fuera de contexto, te dir\u00e1 tanto sobre lo que est\u00e1 pasando en el mundo como un titular de\u00a0<i>The New York Times<\/i>.<\/li>\n<\/ol>\n<ol style=\"text-align: justify;\">\n<li>\u201cLa democratizaci\u00f3n del lujo significa que m\u00e1s personas van a tener mejor moda. Y mientras m\u00e1s personas puedan tener moda, mejor.\u201d<\/li>\n<\/ol>\n","protected":false},"excerpt":{"rendered":"Hace rato me encontr\u00e9 esta imagen en\u00a0 Facebook donde muestra a \u201clas mejores vestidas\u201d seg\u00fan MTV Style en&hellip;\n","protected":false},"author":97,"featured_media":2158,"comment_status":"open","ping_status":"open","sticky":false,"template":"","format":"standard","meta":{"jetpack_post_was_ever_published":false,"_jetpack_newsletter_access":"","_jetpack_dont_email_post_to_subs":false,"_jetpack_newsletter_tier_id":0,"_jetpack_memberships_contains_paywalled_content":false,"_jetpack_memberships_contains_paid_content":false,"footnotes":"","jetpack_publicize_message":"","jetpack_publicize_feature_enabled":true,"jetpack_social_post_already_shared":true,"jetpack_social_options":{"image_generator_settings":{"template":"highway","default_image_id":0,"font":"","enabled":false},"version":2}},"categories":[],"tags":[],"class_list":{"0":"post-2156","1":"post","2":"type-post","3":"status-publish","4":"format-standard","5":"has-post-thumbnail","7":"cs-entry","8":"cs-video-wrap"},"yoast_head":"<!-- This site is optimized with the Yoast SEO plugin v27.4 - https:\/\/yoast.com\/product\/yoast-seo-wordpress\/ -->\n<title>#Moda \u00bfQui\u00e9n es m\u00e1s superficial? Preg\u00fantale a #Vogue by @DulceMireles - Kalot<\/title>\n<meta name=\"description\" content=\"Hace rato me encontr\u00e9 esta imagen en\u00a0 Facebook donde muestra a \u201clas mejores vestidas\u201d seg\u00fan MTV Style en los premios Emmy, por lo que enseguida me acord\u00e9\" \/>\n<meta name=\"robots\" content=\"index, follow, max-snippet:-1, max-image-preview:large, max-video-preview:-1\" \/>\n<link rel=\"canonical\" href=\"https:\/\/kalot.com.mx\/site\/2013\/09\/23\/moda-quien-es-mas-superficial-dulcemireles\/\" \/>\n<meta property=\"og:locale\" content=\"es_MX\" \/>\n<meta property=\"og:type\" content=\"article\" \/>\n<meta property=\"og:title\" content=\"#Moda \u00bfQui\u00e9n es m\u00e1s superficial? Preg\u00fantale a #Vogue by @DulceMireles - Kalot\" \/>\n<meta property=\"og:description\" content=\"Hace rato me encontr\u00e9 esta imagen en\u00a0 Facebook donde muestra a \u201clas mejores vestidas\u201d seg\u00fan MTV Style en los premios Emmy, por lo que enseguida me acord\u00e9\" \/>\n<meta property=\"og:url\" content=\"https:\/\/kalot.com.mx\/site\/2013\/09\/23\/moda-quien-es-mas-superficial-dulcemireles\/\" \/>\n<meta property=\"og:site_name\" content=\"Kalot\" \/>\n<meta property=\"article:publisher\" content=\"http:\/\/facebook.com\/mxkalot\" \/>\n<meta property=\"article:author\" content=\"https:\/\/www.facebook.com\/mireles.dulce\" \/>\n<meta property=\"article:published_time\" content=\"2013-09-23T06:19:39+00:00\" \/>\n<meta property=\"article:modified_time\" content=\"2013-09-24T18:12:16+00:00\" \/>\n<meta property=\"og:image\" content=\"https:\/\/i1.wp.com\/kalot.com.mx\/site\/wp-content\/uploads\/2013\/09\/6a00d8341c387d53ef01761695041c970c-800wi.jpg?fit=500%2C543&ssl=1\" \/>\n\t<meta property=\"og:image:width\" content=\"500\" \/>\n\t<meta property=\"og:image:height\" content=\"543\" \/>\n\t<meta property=\"og:image:type\" content=\"image\/jpeg\" \/>\n<meta name=\"author\" content=\"Dulce Mireles\" \/>\n<meta name=\"twitter:card\" content=\"summary_large_image\" \/>\n<meta name=\"twitter:creator\" content=\"@dulcemireles\" \/>\n<meta name=\"twitter:site\" content=\"@kalotmx\" \/>\n<meta name=\"twitter:label1\" content=\"Escrito por\" \/>\n\t<meta name=\"twitter:data1\" content=\"Dulce Mireles\" \/>\n\t<meta name=\"twitter:label2\" content=\"Tiempo de lectura\" \/>\n\t<meta name=\"twitter:data2\" content=\"3 minutos\" \/>\n<!-- \/ Yoast SEO plugin. -->","yoast_head_json":{"title":"#Moda \u00bfQui\u00e9n es m\u00e1s superficial? Preg\u00fantale a #Vogue by @DulceMireles - Kalot","description":"Hace rato me encontr\u00e9 esta imagen en\u00a0 Facebook donde muestra a \u201clas mejores vestidas\u201d seg\u00fan MTV Style en los premios Emmy, por lo que enseguida me acord\u00e9","robots":{"index":"index","follow":"follow","max-snippet":"max-snippet:-1","max-image-preview":"max-image-preview:large","max-video-preview":"max-video-preview:-1"},"canonical":"https:\/\/kalot.com.mx\/site\/2013\/09\/23\/moda-quien-es-mas-superficial-dulcemireles\/","og_locale":"es_MX","og_type":"article","og_title":"#Moda \u00bfQui\u00e9n es m\u00e1s superficial? Preg\u00fantale a #Vogue by @DulceMireles - Kalot","og_description":"Hace rato me encontr\u00e9 esta imagen en\u00a0 Facebook donde muestra a \u201clas mejores vestidas\u201d seg\u00fan MTV Style en los premios Emmy, por lo que enseguida me acord\u00e9","og_url":"https:\/\/kalot.com.mx\/site\/2013\/09\/23\/moda-quien-es-mas-superficial-dulcemireles\/","og_site_name":"Kalot","article_publisher":"http:\/\/facebook.com\/mxkalot","article_author":"https:\/\/www.facebook.com\/mireles.dulce","article_published_time":"2013-09-23T06:19:39+00:00","article_modified_time":"2013-09-24T18:12:16+00:00","og_image":[{"width":500,"height":543,"url":"https:\/\/i1.wp.com\/kalot.com.mx\/site\/wp-content\/uploads\/2013\/09\/6a00d8341c387d53ef01761695041c970c-800wi.jpg?fit=500%2C543&ssl=1","type":"image\/jpeg"}],"author":"Dulce Mireles","twitter_card":"summary_large_image","twitter_creator":"@dulcemireles","twitter_site":"@kalotmx","twitter_misc":{"Escrito por":"Dulce Mireles","Tiempo de lectura":"3 minutos"},"schema":{"@context":"https:\/\/schema.org","@graph":[{"@type":"Article","@id":"https:\/\/kalot.com.mx\/site\/2013\/09\/23\/moda-quien-es-mas-superficial-dulcemireles\/#article","isPartOf":{"@id":"https:\/\/kalot.com.mx\/site\/2013\/09\/23\/moda-quien-es-mas-superficial-dulcemireles\/"},"author":{"name":"Dulce Mireles","@id":"https:\/\/kalot.com.mx\/site\/#\/schema\/person\/655544162290388f1408067116229e94"},"headline":"#Moda \u00bfQui\u00e9n es m\u00e1s superficial? Preg\u00fantale a #Vogue by @DulceMireles","datePublished":"2013-09-23T06:19:39+00:00","dateModified":"2013-09-24T18:12:16+00:00","mainEntityOfPage":{"@id":"https:\/\/kalot.com.mx\/site\/2013\/09\/23\/moda-quien-es-mas-superficial-dulcemireles\/"},"wordCount":686,"commentCount":1,"publisher":{"@id":"https:\/\/kalot.com.mx\/site\/#organization"},"image":{"@id":"https:\/\/kalot.com.mx\/site\/2013\/09\/23\/moda-quien-es-mas-superficial-dulcemireles\/#primaryimage"},"thumbnailUrl":"https:\/\/i0.wp.com\/kalot.com.mx\/site\/wp-content\/uploads\/2013\/09\/6a00d8341c387d53ef01761695041c970c-800wi.jpg?fit=500%2C543&ssl=1","inLanguage":"es","potentialAction":[{"@type":"CommentAction","name":"Comment","target":["https:\/\/kalot.com.mx\/site\/2013\/09\/23\/moda-quien-es-mas-superficial-dulcemireles\/#respond"]}]},{"@type":"WebPage","@id":"https:\/\/kalot.com.mx\/site\/2013\/09\/23\/moda-quien-es-mas-superficial-dulcemireles\/","url":"https:\/\/kalot.com.mx\/site\/2013\/09\/23\/moda-quien-es-mas-superficial-dulcemireles\/","name":"#Moda \u00bfQui\u00e9n es m\u00e1s superficial? Preg\u00fantale a #Vogue by @DulceMireles - Kalot","isPartOf":{"@id":"https:\/\/kalot.com.mx\/site\/#website"},"primaryImageOfPage":{"@id":"https:\/\/kalot.com.mx\/site\/2013\/09\/23\/moda-quien-es-mas-superficial-dulcemireles\/#primaryimage"},"image":{"@id":"https:\/\/kalot.com.mx\/site\/2013\/09\/23\/moda-quien-es-mas-superficial-dulcemireles\/#primaryimage"},"thumbnailUrl":"https:\/\/i0.wp.com\/kalot.com.mx\/site\/wp-content\/uploads\/2013\/09\/6a00d8341c387d53ef01761695041c970c-800wi.jpg?fit=500%2C543&ssl=1","datePublished":"2013-09-23T06:19:39+00:00","dateModified":"2013-09-24T18:12:16+00:00","description":"Hace rato me encontr\u00e9 esta imagen en\u00a0 Facebook donde muestra a \u201clas mejores vestidas\u201d seg\u00fan MTV Style en los premios Emmy, por lo que enseguida me acord\u00e9","breadcrumb":{"@id":"https:\/\/kalot.com.mx\/site\/2013\/09\/23\/moda-quien-es-mas-superficial-dulcemireles\/#breadcrumb"},"inLanguage":"es","potentialAction":[{"@type":"ReadAction","target":["https:\/\/kalot.com.mx\/site\/2013\/09\/23\/moda-quien-es-mas-superficial-dulcemireles\/"]}]},{"@type":"ImageObject","inLanguage":"es","@id":"https:\/\/kalot.com.mx\/site\/2013\/09\/23\/moda-quien-es-mas-superficial-dulcemireles\/#primaryimage","url":"https:\/\/i0.wp.com\/kalot.com.mx\/site\/wp-content\/uploads\/2013\/09\/6a00d8341c387d53ef01761695041c970c-800wi.jpg?fit=500%2C543&ssl=1","contentUrl":"https:\/\/i0.wp.com\/kalot.com.mx\/site\/wp-content\/uploads\/2013\/09\/6a00d8341c387d53ef01761695041c970c-800wi.jpg?fit=500%2C543&ssl=1","width":500,"height":543},{"@type":"BreadcrumbList","@id":"https:\/\/kalot.com.mx\/site\/2013\/09\/23\/moda-quien-es-mas-superficial-dulcemireles\/#breadcrumb","itemListElement":[{"@type":"ListItem","position":1,"name":"Home","item":"https:\/\/kalot.com.mx\/site\/"},{"@type":"ListItem","position":2,"name":"#Moda \u00bfQui\u00e9n es m\u00e1s superficial? Preg\u00fantale a #Vogue by @DulceMireles"}]},{"@type":"WebSite","@id":"https:\/\/kalot.com.mx\/site\/#website","url":"https:\/\/kalot.com.mx\/site\/","name":"Kalot","description":"Conoce Todo Sobre Todo","publisher":{"@id":"https:\/\/kalot.com.mx\/site\/#organization"},"potentialAction":[{"@type":"SearchAction","target":{"@type":"EntryPoint","urlTemplate":"https:\/\/kalot.com.mx\/site\/?s={search_term_string}"},"query-input":{"@type":"PropertyValueSpecification","valueRequired":true,"valueName":"search_term_string"}}],"inLanguage":"es"},{"@type":"Organization","@id":"https:\/\/kalot.com.mx\/site\/#organization","name":"Kalot","url":"https:\/\/kalot.com.mx\/site\/","logo":{"@type":"ImageObject","inLanguage":"es","@id":"https:\/\/kalot.com.mx\/site\/#\/schema\/logo\/image\/","url":"https:\/\/i0.wp.com\/kalot.com.mx\/site\/wp-content\/uploads\/2020\/04\/Kalot-logo-sin-tagline.png?fit=1707%2C1014&ssl=1","contentUrl":"https:\/\/i0.wp.com\/kalot.com.mx\/site\/wp-content\/uploads\/2020\/04\/Kalot-logo-sin-tagline.png?fit=1707%2C1014&ssl=1","width":1707,"height":1014,"caption":"Kalot"},"image":{"@id":"https:\/\/kalot.com.mx\/site\/#\/schema\/logo\/image\/"},"sameAs":["http:\/\/facebook.com\/mxkalot","https:\/\/x.com\/kalotmx","http:\/\/instagram.com\/kalotmx","http:\/\/pinterest.com\/jorgeerana\/kalot"]},{"@type":"Person","@id":"https:\/\/kalot.com.mx\/site\/#\/schema\/person\/655544162290388f1408067116229e94","name":"Dulce Mireles","image":{"@type":"ImageObject","inLanguage":"es","@id":"https:\/\/secure.gravatar.com\/avatar\/2e509fd77f8d3252341ab205504ec2216b61edd89bfd74420e00d4db91ed872e?s=96&d=mm&r=g","url":"https:\/\/secure.gravatar.com\/avatar\/2e509fd77f8d3252341ab205504ec2216b61edd89bfd74420e00d4db91ed872e?s=96&d=mm&r=g","contentUrl":"https:\/\/secure.gravatar.com\/avatar\/2e509fd77f8d3252341ab205504ec2216b61edd89bfd74420e00d4db91ed872e?s=96&d=mm&r=g","caption":"Dulce Mireles"},"description":"Ya me aburr\u00ed de poner bio en todos lados. Mejor hablame de tu...its en @dulcemireles","sameAs":["https:\/\/www.facebook.com\/mireles.dulce","https:\/\/x.com\/@dulcemireles"],"url":"https:\/\/kalot.com.mx\/site\/author\/dulcemireles\/"}]}},"jetpack_publicize_connections":[],"jetpack_featured_media_url":"https:\/\/i0.wp.com\/kalot.com.mx\/site\/wp-content\/uploads\/2013\/09\/6a00d8341c387d53ef01761695041c970c-800wi.jpg?fit=500%2C543&ssl=1","jetpack_shortlink":"https:\/\/wp.me\/p6IHEI-yM","jetpack-related-posts":[{"id":785,"url":"https:\/\/kalot.com.mx\/site\/2013\/09\/05\/785\/","url_meta":{"origin":2156,"position":0},"title":"La moda insoportable","author":"Dulce Mireles","date":"5 septiembre, 2013","format":false,"excerpt":"\u00a0 Navegando por la web (frases del abuelo) me encontr\u00e9 con esta imagen, primero solt\u00e9 una carcajada (frase tan noventera) y despu\u00e9s pens\u00e9: \u00bfQu\u00e9 opinar\u00edan los expertos de moda sobre esta imagen? Tal vez Coco muera de nuevo o simplemente regresar\u00eda para recordarnos una de sus frases famosas\"Todo lo que\u2026","rel":"","context":"Entrada similar ","block_context":{"text":"Entrada similar ","link":""},"img":{"alt_text":"","src":"https:\/\/i0.wp.com\/kalot.com.mx\/site\/wp-content\/uploads\/2013\/09\/1236801_10151547539641292_1574893388_n.png?fit=488%2C559&ssl=1&resize=350%2C200","width":350,"height":200},"classes":[]},{"id":20205,"url":"https:\/\/kalot.com.mx\/site\/2015\/01\/27\/el-personaje-de-edna-moda-esta-basado-en-la-mujer-con-mas-premios-oscar-de-la-historia\/","url_meta":{"origin":2156,"position":1},"title":"El personaje de Edna Moda, est\u00e1 basado en la mujer con m\u00e1s premios \u00d3scar de la historia.","author":"Dulce Mireles","date":"27 enero, 2015","format":false,"excerpt":"Todos los personajes tienen una inspiraci\u00f3n, sea de un personaje p\u00fablico o no. Conoce aqu\u00ed, en quien se basaron para crear a Edna Moda, la dise\u00f1adora de \u201cLos incre\u00edbles\u201d El personaje de Edna Moda, est\u00e1 basado en la mujer con m\u00e1s premios \u00d3scar de la historia. Edna Moda es el\u2026","rel":"","context":"Entrada similar ","block_context":{"text":"Entrada similar ","link":""},"img":{"alt_text":"","src":"https:\/\/i0.wp.com\/kalot.com.mx\/site\/wp-content\/uploads\/2015\/01\/edna3.jpg?fit=640%2C435&ssl=1&resize=350%2C200","width":350,"height":200,"srcset":"https:\/\/i0.wp.com\/kalot.com.mx\/site\/wp-content\/uploads\/2015\/01\/edna3.jpg?fit=640%2C435&ssl=1&resize=350%2C200 1x, https:\/\/i0.wp.com\/kalot.com.mx\/site\/wp-content\/uploads\/2015\/01\/edna3.jpg?fit=640%2C435&ssl=1&resize=525%2C300 1.5x"},"classes":[]},{"id":16326,"url":"https:\/\/kalot.com.mx\/site\/2014\/05\/28\/predecir-tendencias-en-moda\/","url_meta":{"origin":2156,"position":2},"title":"\u00bfC\u00f3mo se predicen las tendencias en moda?","author":"Dulce Mireles","date":"28 mayo, 2014","format":false,"excerpt":"Por Dulce Mireles \u00a1Hola Kaloch@s! El boss ya me rega\u00f1\u00f3 un poco por dejar de escribir por casi 3 semanas pero ya estoy de regreso. Bien, pues en esta entrada les voy a contar sobre un tema del cual no suelo hablar mucho pero que siempre ha tenido mi curiosidad.\u2026","rel":"","context":"Entrada similar ","block_context":{"text":"Entrada similar ","link":""},"img":{"alt_text":"","src":"https:\/\/i0.wp.com\/kalot.com.mx\/site\/wp-content\/uploads\/2014\/05\/annaykarl.jpg?fit=736%2C490&ssl=1&resize=350%2C200","width":350,"height":200,"srcset":"https:\/\/i0.wp.com\/kalot.com.mx\/site\/wp-content\/uploads\/2014\/05\/annaykarl.jpg?fit=736%2C490&ssl=1&resize=350%2C200 1x, https:\/\/i0.wp.com\/kalot.com.mx\/site\/wp-content\/uploads\/2014\/05\/annaykarl.jpg?fit=736%2C490&ssl=1&resize=525%2C300 1.5x, https:\/\/i0.wp.com\/kalot.com.mx\/site\/wp-content\/uploads\/2014\/05\/annaykarl.jpg?fit=736%2C490&ssl=1&resize=700%2C400 2x"},"classes":[]},{"id":8909,"url":"https:\/\/kalot.com.mx\/site\/2014\/01\/02\/abusando-de-photoshop-en-2013\/","url_meta":{"origin":2156,"position":3},"title":"Abusando de Photoshop en 2013","author":"Dulce Mireles","date":"2 enero, 2014","format":false,"excerpt":"Como dicen por ah\u00ed \"Hay que equivocarse para aprender\" sin duda es un dicho muy acertado pero hay errores que no se permiten o al menos no lo esperar\u00edas de los grandes. En esta entrada les comparto algunas portadas de revistas de moda y sitios web que han hecho mal\u2026","rel":"","context":"En &quot;Sin categor\u00eda&quot;","block_context":{"text":"Sin categor\u00eda","link":"https:\/\/kalot.com.mx\/site\/category\/sin-categoria\/"},"img":{"alt_text":"","src":"https:\/\/i0.wp.com\/kalot.com.mx\/site\/wp-content\/uploads\/2014\/01\/portada2.jpg?fit=625%2C842&ssl=1&resize=350%2C200","width":350,"height":200,"srcset":"https:\/\/i0.wp.com\/kalot.com.mx\/site\/wp-content\/uploads\/2014\/01\/portada2.jpg?fit=625%2C842&ssl=1&resize=350%2C200 1x, https:\/\/i0.wp.com\/kalot.com.mx\/site\/wp-content\/uploads\/2014\/01\/portada2.jpg?fit=625%2C842&ssl=1&resize=525%2C300 1.5x"},"classes":[]},{"id":16563,"url":"https:\/\/kalot.com.mx\/site\/2014\/05\/31\/la-moda-masculina-y-verde\/","url_meta":{"origin":2156,"position":4},"title":"La moda masculina verde","author":"Ivan Mendez","date":"31 mayo, 2014","format":false,"excerpt":"No puede llamarse moda el ayudar porque eso significar\u00eda que un d\u00eda simplemente ya no est\u00e1 en el top y por consiguiente se dejar\u00eda de usar, por lo que esto debiera llamarse m\u00e1s bien: Un nuevo estilo de vida. Y es que esto de lo verde ya no es nuevo,\u2026","rel":"","context":"Entrada similar ","block_context":{"text":"Entrada similar ","link":""},"img":{"alt_text":"","src":"https:\/\/i0.wp.com\/kalot.com.mx\/site\/wp-content\/uploads\/2014\/05\/Paul-and-WIlliams.jpg?fit=940%2C600&ssl=1&resize=350%2C200","width":350,"height":200,"srcset":"https:\/\/i0.wp.com\/kalot.com.mx\/site\/wp-content\/uploads\/2014\/05\/Paul-and-WIlliams.jpg?fit=940%2C600&ssl=1&resize=350%2C200 1x, https:\/\/i0.wp.com\/kalot.com.mx\/site\/wp-content\/uploads\/2014\/05\/Paul-and-WIlliams.jpg?fit=940%2C600&ssl=1&resize=525%2C300 1.5x, https:\/\/i0.wp.com\/kalot.com.mx\/site\/wp-content\/uploads\/2014\/05\/Paul-and-WIlliams.jpg?fit=940%2C600&ssl=1&resize=700%2C400 2x"},"classes":[]},{"id":18586,"url":"https:\/\/kalot.com.mx\/site\/2014\/10\/08\/moda-verte-y-sentirte\/","url_meta":{"origin":2156,"position":5},"title":"Moda: verte y sentirte.","author":"Dal\u00ed Flores","date":"8 octubre, 2014","format":false,"excerpt":"Que tal Kalochos y Kalochas, esta vez se me ocurri\u00f3 escribir un poco de lo que es la moda, siendo fan\u00e1tica de este tema pero consider\u00e1ndome poco experta, aclarando esto, les cuento\u2026 Como saben la moda son tendencias, estereotipos los cuales adoptamos y nos identificamos. Es aquello que marca un\u2026","rel":"","context":"Con 3 comentarios","block_context":{"text":"Con 3 comentarios","link":"https:\/\/kalot.com.mx\/site\/2014\/10\/08\/moda-verte-y-sentirte\/#comments"},"img":{"alt_text":"","src":"https:\/\/i0.wp.com\/kalot.com.mx\/site\/wp-content\/uploads\/2014\/10\/tumblr_m89f1woLZL1r66u20o1_500.gif?fit=500%2C213&ssl=1&resize=350%2C200","width":350,"height":200},"classes":[]}],"jetpack_sharing_enabled":true,"_links":{"self":[{"href":"https:\/\/kalot.com.mx\/site\/wp-json\/wp\/v2\/posts\/2156","targetHints":{"allow":["GET"]}}],"collection":[{"href":"https:\/\/kalot.com.mx\/site\/wp-json\/wp\/v2\/posts"}],"about":[{"href":"https:\/\/kalot.com.mx\/site\/wp-json\/wp\/v2\/types\/post"}],"author":[{"embeddable":true,"href":"https:\/\/kalot.com.mx\/site\/wp-json\/wp\/v2\/users\/97"}],"replies":[{"embeddable":true,"href":"https:\/\/kalot.com.mx\/site\/wp-json\/wp\/v2\/comments?post=2156"}],"version-history":[{"count":0,"href":"https:\/\/kalot.com.mx\/site\/wp-json\/wp\/v2\/posts\/2156\/revisions"}],"wp:featuredmedia":[{"embeddable":true,"href":"https:\/\/kalot.com.mx\/site\/wp-json\/wp\/v2\/media\/2158"}],"wp:attachment":[{"href":"https:\/\/kalot.com.mx\/site\/wp-json\/wp\/v2\/media?parent=2156"}],"wp:term":[{"taxonomy":"category","embeddable":true,"href":"https:\/\/kalot.com.mx\/site\/wp-json\/wp\/v2\/categories?post=2156"},{"taxonomy":"post_tag","embeddable":true,"href":"https:\/\/kalot.com.mx\/site\/wp-json\/wp\/v2\/tags?post=2156"}],"curies":[{"name":"wp","href":"https:\/\/api.w.org\/{rel}","templated":true}]}}