{"id":21502,"date":"2015-05-13T19:51:30","date_gmt":"2015-05-14T00:51:30","guid":{"rendered":"http:\/\/www.kalot.com.mx\/?p=21502"},"modified":"2015-05-13T19:51:30","modified_gmt":"2015-05-14T00:51:30","slug":"paren-todo-ya-casi-hay-actor-para-la-nueva-pelicula-del-universo-harry-potter","status":"publish","type":"post","link":"https:\/\/kalot.com.mx\/site\/2015\/05\/13\/paren-todo-ya-casi-hay-actor-para-la-nueva-pelicula-del-universo-harry-potter\/","title":{"rendered":"\u00a1Paren todo! Ya (casi) hay actor para la nueva pel\u00edcula del universo Harry Potter"},"content":{"rendered":"<p style=\"text-align: justify\">Tal vez seas un Muggle promedio y hayas vivido en una cueva los \u00faltimos a\u00f1os pero para el resto del mundo hoy fue un d\u00eda decisivo.<\/p>\n<p style=\"text-align: justify\"><a href=\"https:\/\/i0.wp.com\/www.kalot.com.mx\/wp-content\/uploads\/2015\/05\/Article-Lead-narrow6655899713mlupimage.related.articleLeadNarrow.353x0.13ml91.png1424848027083.jpg-300x0.jpg\"><img data-recalc-dims=\"1\" fetchpriority=\"high\" decoding=\"async\" data-attachment-id=\"21503\" data-permalink=\"https:\/\/kalot.com.mx\/site\/2015\/05\/13\/paren-todo-ya-casi-hay-actor-para-la-nueva-pelicula-del-universo-harry-potter\/article-lead-narrow6655899713mlupimage-related-articleleadnarrow-353x0-13ml91-png1424848027083-jpg-300x0\/\" data-orig-file=\"https:\/\/i0.wp.com\/kalot.com.mx\/site\/wp-content\/uploads\/2015\/05\/Article-Lead-narrow6655899713mlupimage.related.articleLeadNarrow.353x0.13ml91.png1424848027083.jpg-300x0.jpg?fit=300%2C432&amp;ssl=1\" data-orig-size=\"300,432\" data-comments-opened=\"1\" data-image-meta=\"{&quot;aperture&quot;:&quot;0&quot;,&quot;credit&quot;:&quot;&quot;,&quot;camera&quot;:&quot;&quot;,&quot;caption&quot;:&quot;&quot;,&quot;created_timestamp&quot;:&quot;0&quot;,&quot;copyright&quot;:&quot;&quot;,&quot;focal_length&quot;:&quot;0&quot;,&quot;iso&quot;:&quot;0&quot;,&quot;shutter_speed&quot;:&quot;0&quot;,&quot;title&quot;:&quot;&quot;,&quot;orientation&quot;:&quot;0&quot;}\" data-image-title=\"Article Lead &amp;#8211; narrow6655899713mlupimage.related.articleLeadNarrow.353&amp;#215;0.13ml91.png1424848027083.jpg-300&amp;#215;0\" data-image-description=\"\" data-image-caption=\"\" data-large-file=\"https:\/\/i0.wp.com\/kalot.com.mx\/site\/wp-content\/uploads\/2015\/05\/Article-Lead-narrow6655899713mlupimage.related.articleLeadNarrow.353x0.13ml91.png1424848027083.jpg-300x0.jpg?fit=300%2C432&amp;ssl=1\" class=\" size-full wp-image-21503 alignleft\" src=\"https:\/\/i0.wp.com\/www.kalot.com.mx\/wp-content\/uploads\/2015\/05\/Article-Lead-narrow6655899713mlupimage.related.articleLeadNarrow.353x0.13ml91.png1424848027083.jpg-300x0.jpg?resize=300%2C432\" alt=\"Article Lead - narrow6655899713mlupimage.related.articleLeadNarrow.353x0.13ml91.png1424848027083.jpg-300x0\" width=\"300\" height=\"432\" srcset=\"https:\/\/i0.wp.com\/kalot.com.mx\/site\/wp-content\/uploads\/2015\/05\/Article-Lead-narrow6655899713mlupimage.related.articleLeadNarrow.353x0.13ml91.png1424848027083.jpg-300x0.jpg?w=300&amp;ssl=1 300w, https:\/\/i0.wp.com\/kalot.com.mx\/site\/wp-content\/uploads\/2015\/05\/Article-Lead-narrow6655899713mlupimage.related.articleLeadNarrow.353x0.13ml91.png1424848027083.jpg-300x0.jpg?resize=208%2C300&amp;ssl=1 208w, https:\/\/i0.wp.com\/kalot.com.mx\/site\/wp-content\/uploads\/2015\/05\/Article-Lead-narrow6655899713mlupimage.related.articleLeadNarrow.353x0.13ml91.png1424848027083.jpg-300x0.jpg?resize=250%2C360&amp;ssl=1 250w, https:\/\/i0.wp.com\/kalot.com.mx\/site\/wp-content\/uploads\/2015\/05\/Article-Lead-narrow6655899713mlupimage.related.articleLeadNarrow.353x0.13ml91.png1424848027083.jpg-300x0.jpg?resize=125%2C180&amp;ssl=1 125w\" sizes=\"(max-width: 300px) 100vw, 300px\" \/><\/a>Hoy el talentoso Eddie Redmayne est\u00e1 en platicas finales\u00a0para protagonizar el spin-off de Harry Potter, historia que se desarrollara aproximadamente 70 a\u00f1os antes que los sucesos que todos conocemos. Por all\u00e1 de la d\u00e9cada de los veinte. Si esto se hace realidad el ganador del Oscar por &#8220;La teor\u00eda del todo&#8221;, tendr\u00eda sobre sus hombros un gran desafio medi\u00e1tico.<\/p>\n<p style=\"text-align: justify\">Hace casi cuatro a\u00f1os que una de las sagas cinematogr\u00e1ficas mas importantes de todos los tiempos dio fin dejando a millones de personas en el mundo llenos de ganas de m\u00e1s magia. J.K. Rowling autora de los libros Harry Potter hab\u00eda anunciado desde antes del final de las pel\u00edculas que no estaba en sus planes escribir m\u00e1s sobre el h\u00e9roe de las gafas, pero nunca dijo que no escribir\u00eda un guion que se desarrollara en el mimo universo. Y ya lo hizo<\/p>\n<p style=\"text-align: justify\">Aunque habremos personas que seguimos esperando la carta de aceptaci\u00f3n a Hogwarts, eso no impide que sepamos cierta informaci\u00f3n sobre el protagonista de la pr\u00f3xima historia.<\/p>\n<p style=\"text-align: justify\">La anticipada pelicula &#8220;Animales Fantasticos y d\u00f3nde encontrarlos&#8221; de Newt Scamander el mas famoso Magizoologo del mundo (persona que estudia a las especies m\u00e1gicas), escritor de uno de los libros m\u00e1s famosos y que de hecho se usa para el estudio de los futuros magos. Si has le\u00eddo los libros seguro te sonar\u00e1 familiar el nombre.<\/p>\n<p style=\"text-align: justify\">Dato curioso: El nieto de Newt Scamander eventualmente conocer\u00eda y se casar\u00eda con lunati&#8230; Luna Lovegood.<\/p>\n<p>&nbsp;<\/p>\n","protected":false},"excerpt":{"rendered":"Tal vez seas un Muggle promedio y hayas vivido en una cueva los \u00faltimos a\u00f1os pero para el&hellip;\n","protected":false},"author":51,"featured_media":21506,"comment_status":"open","ping_status":"open","sticky":false,"template":"","format":"standard","meta":{"jetpack_post_was_ever_published":false,"_jetpack_newsletter_access":"","_jetpack_dont_email_post_to_subs":false,"_jetpack_newsletter_tier_id":0,"_jetpack_memberships_contains_paywalled_content":false,"_jetpack_memberships_contains_paid_content":false,"footnotes":"","jetpack_publicize_message":"","jetpack_publicize_feature_enabled":true,"jetpack_social_post_already_shared":true,"jetpack_social_options":{"image_generator_settings":{"template":"highway","default_image_id":0,"font":"","enabled":false},"version":2}},"categories":[],"tags":[],"class_list":{"0":"post-21502","1":"post","2":"type-post","3":"status-publish","4":"format-standard","5":"has-post-thumbnail","7":"cs-entry","8":"cs-video-wrap"},"yoast_head":"<!-- This site is optimized with the Yoast SEO plugin v27.4 - https:\/\/yoast.com\/product\/yoast-seo-wordpress\/ -->\n<title>\u00a1Paren todo! Ya (casi) hay actor para la nueva pel\u00edcula del universo Harry Potter - Kalot<\/title>\n<meta name=\"description\" content=\"Tal vez seas un Muggle promedio y hayas vivido en una cueva los \u00faltimos a\u00f1os pero para el resto del mundo hoy fue un d\u00eda decisivo. Hoy el talentoso Eddie\" \/>\n<meta name=\"robots\" content=\"index, follow, max-snippet:-1, max-image-preview:large, max-video-preview:-1\" \/>\n<link rel=\"canonical\" href=\"https:\/\/kalot.com.mx\/site\/2015\/05\/13\/paren-todo-ya-casi-hay-actor-para-la-nueva-pelicula-del-universo-harry-potter\/\" \/>\n<meta property=\"og:locale\" content=\"es_MX\" \/>\n<meta property=\"og:type\" content=\"article\" \/>\n<meta property=\"og:title\" content=\"\u00a1Paren todo! Ya (casi) hay actor para la nueva pel\u00edcula del universo Harry Potter - Kalot\" \/>\n<meta property=\"og:description\" content=\"Tal vez seas un Muggle promedio y hayas vivido en una cueva los \u00faltimos a\u00f1os pero para el resto del mundo hoy fue un d\u00eda decisivo. Hoy el talentoso Eddie\" \/>\n<meta property=\"og:url\" content=\"https:\/\/kalot.com.mx\/site\/2015\/05\/13\/paren-todo-ya-casi-hay-actor-para-la-nueva-pelicula-del-universo-harry-potter\/\" \/>\n<meta property=\"og:site_name\" content=\"Kalot\" \/>\n<meta property=\"article:publisher\" content=\"http:\/\/facebook.com\/mxkalot\" \/>\n<meta property=\"article:published_time\" content=\"2015-05-14T00:51:30+00:00\" \/>\n<meta property=\"og:image\" content=\"https:\/\/i0.wp.com\/kalot.com.mx\/site\/wp-content\/uploads\/2015\/05\/maxresdefault.jpg?fit=1280%2C720&ssl=1\" \/>\n\t<meta property=\"og:image:width\" content=\"1280\" \/>\n\t<meta property=\"og:image:height\" content=\"720\" \/>\n\t<meta property=\"og:image:type\" content=\"image\/jpeg\" \/>\n<meta name=\"author\" content=\"Ivan Mendez\" \/>\n<meta name=\"twitter:card\" content=\"summary_large_image\" \/>\n<meta name=\"twitter:creator\" content=\"@kalotmx\" \/>\n<meta name=\"twitter:site\" content=\"@kalotmx\" \/>\n<meta name=\"twitter:label1\" content=\"Escrito por\" \/>\n\t<meta name=\"twitter:data1\" content=\"Ivan Mendez\" \/>\n\t<meta name=\"twitter:label2\" content=\"Tiempo de lectura\" \/>\n\t<meta name=\"twitter:data2\" content=\"1 minuto\" \/>\n<!-- \/ Yoast SEO plugin. -->","yoast_head_json":{"title":"\u00a1Paren todo! Ya (casi) hay actor para la nueva pel\u00edcula del universo Harry Potter - Kalot","description":"Tal vez seas un Muggle promedio y hayas vivido en una cueva los \u00faltimos a\u00f1os pero para el resto del mundo hoy fue un d\u00eda decisivo. Hoy el talentoso Eddie","robots":{"index":"index","follow":"follow","max-snippet":"max-snippet:-1","max-image-preview":"max-image-preview:large","max-video-preview":"max-video-preview:-1"},"canonical":"https:\/\/kalot.com.mx\/site\/2015\/05\/13\/paren-todo-ya-casi-hay-actor-para-la-nueva-pelicula-del-universo-harry-potter\/","og_locale":"es_MX","og_type":"article","og_title":"\u00a1Paren todo! Ya (casi) hay actor para la nueva pel\u00edcula del universo Harry Potter - Kalot","og_description":"Tal vez seas un Muggle promedio y hayas vivido en una cueva los \u00faltimos a\u00f1os pero para el resto del mundo hoy fue un d\u00eda decisivo. Hoy el talentoso Eddie","og_url":"https:\/\/kalot.com.mx\/site\/2015\/05\/13\/paren-todo-ya-casi-hay-actor-para-la-nueva-pelicula-del-universo-harry-potter\/","og_site_name":"Kalot","article_publisher":"http:\/\/facebook.com\/mxkalot","article_published_time":"2015-05-14T00:51:30+00:00","og_image":[{"width":1280,"height":720,"url":"https:\/\/i0.wp.com\/kalot.com.mx\/site\/wp-content\/uploads\/2015\/05\/maxresdefault.jpg?fit=1280%2C720&ssl=1","type":"image\/jpeg"}],"author":"Ivan Mendez","twitter_card":"summary_large_image","twitter_creator":"@kalotmx","twitter_site":"@kalotmx","twitter_misc":{"Escrito por":"Ivan Mendez","Tiempo de lectura":"1 minuto"},"schema":{"@context":"https:\/\/schema.org","@graph":[{"@type":"Article","@id":"https:\/\/kalot.com.mx\/site\/2015\/05\/13\/paren-todo-ya-casi-hay-actor-para-la-nueva-pelicula-del-universo-harry-potter\/#article","isPartOf":{"@id":"https:\/\/kalot.com.mx\/site\/2015\/05\/13\/paren-todo-ya-casi-hay-actor-para-la-nueva-pelicula-del-universo-harry-potter\/"},"author":{"name":"Ivan Mendez","@id":"https:\/\/kalot.com.mx\/site\/#\/schema\/person\/444a91ecc3b075ab573ff515d7f6d6e3"},"headline":"\u00a1Paren todo! Ya (casi) hay actor para la nueva pel\u00edcula del universo Harry Potter","datePublished":"2015-05-14T00:51:30+00:00","mainEntityOfPage":{"@id":"https:\/\/kalot.com.mx\/site\/2015\/05\/13\/paren-todo-ya-casi-hay-actor-para-la-nueva-pelicula-del-universo-harry-potter\/"},"wordCount":306,"commentCount":0,"publisher":{"@id":"https:\/\/kalot.com.mx\/site\/#organization"},"image":{"@id":"https:\/\/kalot.com.mx\/site\/2015\/05\/13\/paren-todo-ya-casi-hay-actor-para-la-nueva-pelicula-del-universo-harry-potter\/#primaryimage"},"thumbnailUrl":"https:\/\/i0.wp.com\/kalot.com.mx\/site\/wp-content\/uploads\/2015\/05\/maxresdefault.jpg?fit=1280%2C720&ssl=1","inLanguage":"es","potentialAction":[{"@type":"CommentAction","name":"Comment","target":["https:\/\/kalot.com.mx\/site\/2015\/05\/13\/paren-todo-ya-casi-hay-actor-para-la-nueva-pelicula-del-universo-harry-potter\/#respond"]}]},{"@type":"WebPage","@id":"https:\/\/kalot.com.mx\/site\/2015\/05\/13\/paren-todo-ya-casi-hay-actor-para-la-nueva-pelicula-del-universo-harry-potter\/","url":"https:\/\/kalot.com.mx\/site\/2015\/05\/13\/paren-todo-ya-casi-hay-actor-para-la-nueva-pelicula-del-universo-harry-potter\/","name":"\u00a1Paren todo! Ya (casi) hay actor para la nueva pel\u00edcula del universo Harry Potter - Kalot","isPartOf":{"@id":"https:\/\/kalot.com.mx\/site\/#website"},"primaryImageOfPage":{"@id":"https:\/\/kalot.com.mx\/site\/2015\/05\/13\/paren-todo-ya-casi-hay-actor-para-la-nueva-pelicula-del-universo-harry-potter\/#primaryimage"},"image":{"@id":"https:\/\/kalot.com.mx\/site\/2015\/05\/13\/paren-todo-ya-casi-hay-actor-para-la-nueva-pelicula-del-universo-harry-potter\/#primaryimage"},"thumbnailUrl":"https:\/\/i0.wp.com\/kalot.com.mx\/site\/wp-content\/uploads\/2015\/05\/maxresdefault.jpg?fit=1280%2C720&ssl=1","datePublished":"2015-05-14T00:51:30+00:00","description":"Tal vez seas un Muggle promedio y hayas vivido en una cueva los \u00faltimos a\u00f1os pero para el resto del mundo hoy fue un d\u00eda decisivo. Hoy el talentoso Eddie","breadcrumb":{"@id":"https:\/\/kalot.com.mx\/site\/2015\/05\/13\/paren-todo-ya-casi-hay-actor-para-la-nueva-pelicula-del-universo-harry-potter\/#breadcrumb"},"inLanguage":"es","potentialAction":[{"@type":"ReadAction","target":["https:\/\/kalot.com.mx\/site\/2015\/05\/13\/paren-todo-ya-casi-hay-actor-para-la-nueva-pelicula-del-universo-harry-potter\/"]}]},{"@type":"ImageObject","inLanguage":"es","@id":"https:\/\/kalot.com.mx\/site\/2015\/05\/13\/paren-todo-ya-casi-hay-actor-para-la-nueva-pelicula-del-universo-harry-potter\/#primaryimage","url":"https:\/\/i0.wp.com\/kalot.com.mx\/site\/wp-content\/uploads\/2015\/05\/maxresdefault.jpg?fit=1280%2C720&ssl=1","contentUrl":"https:\/\/i0.wp.com\/kalot.com.mx\/site\/wp-content\/uploads\/2015\/05\/maxresdefault.jpg?fit=1280%2C720&ssl=1","width":1280,"height":720},{"@type":"BreadcrumbList","@id":"https:\/\/kalot.com.mx\/site\/2015\/05\/13\/paren-todo-ya-casi-hay-actor-para-la-nueva-pelicula-del-universo-harry-potter\/#breadcrumb","itemListElement":[{"@type":"ListItem","position":1,"name":"Home","item":"https:\/\/kalot.com.mx\/site\/"},{"@type":"ListItem","position":2,"name":"\u00a1Paren todo! Ya (casi) hay actor para la nueva pel\u00edcula del universo Harry Potter"}]},{"@type":"WebSite","@id":"https:\/\/kalot.com.mx\/site\/#website","url":"https:\/\/kalot.com.mx\/site\/","name":"Kalot","description":"Conoce Todo Sobre Todo","publisher":{"@id":"https:\/\/kalot.com.mx\/site\/#organization"},"potentialAction":[{"@type":"SearchAction","target":{"@type":"EntryPoint","urlTemplate":"https:\/\/kalot.com.mx\/site\/?s={search_term_string}"},"query-input":{"@type":"PropertyValueSpecification","valueRequired":true,"valueName":"search_term_string"}}],"inLanguage":"es"},{"@type":"Organization","@id":"https:\/\/kalot.com.mx\/site\/#organization","name":"Kalot","url":"https:\/\/kalot.com.mx\/site\/","logo":{"@type":"ImageObject","inLanguage":"es","@id":"https:\/\/kalot.com.mx\/site\/#\/schema\/logo\/image\/","url":"https:\/\/i0.wp.com\/kalot.com.mx\/site\/wp-content\/uploads\/2020\/04\/Kalot-logo-sin-tagline.png?fit=1707%2C1014&ssl=1","contentUrl":"https:\/\/i0.wp.com\/kalot.com.mx\/site\/wp-content\/uploads\/2020\/04\/Kalot-logo-sin-tagline.png?fit=1707%2C1014&ssl=1","width":1707,"height":1014,"caption":"Kalot"},"image":{"@id":"https:\/\/kalot.com.mx\/site\/#\/schema\/logo\/image\/"},"sameAs":["http:\/\/facebook.com\/mxkalot","https:\/\/x.com\/kalotmx","http:\/\/instagram.com\/kalotmx","http:\/\/pinterest.com\/jorgeerana\/kalot"]},{"@type":"Person","@id":"https:\/\/kalot.com.mx\/site\/#\/schema\/person\/444a91ecc3b075ab573ff515d7f6d6e3","name":"Ivan Mendez","image":{"@type":"ImageObject","inLanguage":"es","@id":"https:\/\/secure.gravatar.com\/avatar\/d3590cbb14ecd120bf7a8d9b0ab9a1dae9b2aab34a41a577b5288298a4d08e36?s=96&d=mm&r=g","url":"https:\/\/secure.gravatar.com\/avatar\/d3590cbb14ecd120bf7a8d9b0ab9a1dae9b2aab34a41a577b5288298a4d08e36?s=96&d=mm&r=g","contentUrl":"https:\/\/secure.gravatar.com\/avatar\/d3590cbb14ecd120bf7a8d9b0ab9a1dae9b2aab34a41a577b5288298a4d08e36?s=96&d=mm&r=g","caption":"Ivan Mendez"},"url":"https:\/\/kalot.com.mx\/site\/author\/ivan\/"}]}},"jetpack_publicize_connections":[],"jetpack_featured_media_url":"https:\/\/i0.wp.com\/kalot.com.mx\/site\/wp-content\/uploads\/2015\/05\/maxresdefault.jpg?fit=1280%2C720&ssl=1","jetpack_shortlink":"https:\/\/wp.me\/p6IHEI-5AO","jetpack-related-posts":[{"id":2651,"url":"https:\/\/kalot.com.mx\/site\/2013\/09\/29\/momentos-de-felicidad\/","url_meta":{"origin":21502,"position":0},"title":"Momentos de felicidad","author":"Fernanda S\u00e1nchez","date":"29 septiembre, 2013","format":false,"excerpt":"La gente dice que soy muy \"chorera\". Soy conocida por ser la amiga que les escribe cartas de cumplea\u00f1os de 9 p\u00e1ginas a sus mejores amigas, a la que le dejan escribir las conclusiones en los trabajos en equipo y a la que mandan a negociar las salidas con los\u2026","rel":"","context":"Con 1 comentario","block_context":{"text":"Con 1 comentario","link":"https:\/\/kalot.com.mx\/site\/2013\/09\/29\/momentos-de-felicidad\/#comments"},"img":{"alt_text":"","src":"https:\/\/i0.wp.com\/kalot.com.mx\/site\/wp-content\/uploads\/2013\/09\/instagram.jpg?fit=440%2C440&ssl=1&resize=350%2C200","width":350,"height":200},"classes":[]},{"id":17268,"url":"https:\/\/kalot.com.mx\/site\/2014\/07\/16\/daniel-radcliffe-sin-varita-pero-ahora-con-horns\/","url_meta":{"origin":21502,"position":1},"title":"Daniel Radcliffe sin varita pero ahora con  \u2018Horns\u2019","author":"Ivan Mendez","date":"16 julio, 2014","format":false,"excerpt":"Este mes se cumplen tres a\u00f1os de que la \u00faltima pel\u00edcula de Harry Potter lleg\u00f3 a las salas de cine y eso no ha impedido que sus protagonistas sigan su camino. Daniel Radcliffe muy pronto estar\u00e1 de regreso a la gran pantalla con Horns una historia basada en el libro\u2026","rel":"","context":"Entrada similar ","block_context":{"text":"Entrada similar ","link":""},"img":{"alt_text":"","src":"https:\/\/i0.wp.com\/kalot.com.mx\/site\/wp-content\/uploads\/2014\/07\/7773239912_l-acteur-britannique-daniel-radcliffe-sera-a-l-affiche-de-5-films-d-ici-2015.jpg?fit=1200%2C800&ssl=1&resize=350%2C200","width":350,"height":200,"srcset":"https:\/\/i0.wp.com\/kalot.com.mx\/site\/wp-content\/uploads\/2014\/07\/7773239912_l-acteur-britannique-daniel-radcliffe-sera-a-l-affiche-de-5-films-d-ici-2015.jpg?fit=1200%2C800&ssl=1&resize=350%2C200 1x, https:\/\/i0.wp.com\/kalot.com.mx\/site\/wp-content\/uploads\/2014\/07\/7773239912_l-acteur-britannique-daniel-radcliffe-sera-a-l-affiche-de-5-films-d-ici-2015.jpg?fit=1200%2C800&ssl=1&resize=525%2C300 1.5x, https:\/\/i0.wp.com\/kalot.com.mx\/site\/wp-content\/uploads\/2014\/07\/7773239912_l-acteur-britannique-daniel-radcliffe-sera-a-l-affiche-de-5-films-d-ici-2015.jpg?fit=1200%2C800&ssl=1&resize=700%2C400 2x, https:\/\/i0.wp.com\/kalot.com.mx\/site\/wp-content\/uploads\/2014\/07\/7773239912_l-acteur-britannique-daniel-radcliffe-sera-a-l-affiche-de-5-films-d-ici-2015.jpg?fit=1200%2C800&ssl=1&resize=1050%2C600 3x"},"classes":[]},{"id":9292,"url":"https:\/\/kalot.com.mx\/site\/2014\/01\/10\/los-juegos-del-hambre-en-llamas-se-convierte-en-la-pelicula-mas-taquillera-del-2013-en-estados-unidos\/","url_meta":{"origin":21502,"position":2},"title":"Los juegos del hambre: En Llamas se convierte en la pel\u00edcula m\u00e1s taquillera del 2013 en Estados Unidos.","author":"Ivan Mendez","date":"10 enero, 2014","format":false,"excerpt":"El 22 de noviembre ya parece lejano, ese d\u00eda en que se estren\u00f3 a nivel mundial la segunda parte de la trilog\u00eda de los juegos del hambre sin embargo sus triunfos siguen alcanz\u00e1ndonos aun este joven a\u00f1o. En los recientes a\u00f1os y despu\u00e9s de la saga Harry Potter se han\u2026","rel":"","context":"Entrada similar ","block_context":{"text":"Entrada similar ","link":""},"img":{"alt_text":"","src":"https:\/\/i0.wp.com\/kalot.com.mx\/site\/wp-content\/uploads\/2014\/01\/The-Hunger-Games-Catching-Fire-soundtrack-608x608.jpg?fit=608%2C608&ssl=1&resize=350%2C200","width":350,"height":200,"srcset":"https:\/\/i0.wp.com\/kalot.com.mx\/site\/wp-content\/uploads\/2014\/01\/The-Hunger-Games-Catching-Fire-soundtrack-608x608.jpg?fit=608%2C608&ssl=1&resize=350%2C200 1x, https:\/\/i0.wp.com\/kalot.com.mx\/site\/wp-content\/uploads\/2014\/01\/The-Hunger-Games-Catching-Fire-soundtrack-608x608.jpg?fit=608%2C608&ssl=1&resize=525%2C300 1.5x"},"classes":[]},{"id":17138,"url":"https:\/\/kalot.com.mx\/site\/2014\/07\/04\/emma-watson-se-prepara-para-queen-tearling\/","url_meta":{"origin":21502,"position":3},"title":"Emma Watson se prepara para &#8220;The Queen of the tearling&#8221;","author":"Ivan Mendez","date":"4 julio, 2014","format":false,"excerpt":"No tenemos que sorprendernos al darnos cuenta de que la chica que se hizo famosa por ser la mejor y m\u00e1s inteligente amiga de Harry Potter, Emma Watson sea la que de aquel famoso trio es la que m\u00e1s a logrado tener el equilibrio entre el cine independiente y el\u2026","rel":"","context":"Entrada similar ","block_context":{"text":"Entrada similar ","link":""},"img":{"alt_text":"","src":"https:\/\/i0.wp.com\/kalot.com.mx\/site\/wp-content\/uploads\/2014\/07\/tumblr_n24rtfBj5w1rja9zto1_500.png?fit=500%2C750&ssl=1&resize=350%2C200","width":350,"height":200},"classes":[]},{"id":19004,"url":"https:\/\/kalot.com.mx\/site\/2014\/10\/29\/trailer-final-de-sinsajo-parte-1\/","url_meta":{"origin":21502,"position":4},"title":"Trailer final de Sinsajo &#8211; Parte 1","author":"Ivan Mendez","date":"29 octubre, 2014","format":false,"excerpt":"Estamos a menos de un mes para el el estreno mas esperado del a\u00f1o, Los Juegos del Hambre: Sinsajo - parte 1, \u00a0llega a las salas de todo el pa\u00eds este 20 de Noviembre. La \u00fanica franquicia de pel\u00edculas basadas en libros que ha tenido verdadero \u00e9xito despu\u00e9s de Harry\u2026","rel":"","context":"Entrada similar ","block_context":{"text":"Entrada similar ","link":""},"img":{"alt_text":"","src":"https:\/\/i0.wp.com\/kalot.com.mx\/site\/wp-content\/uploads\/2014\/10\/10726766_10152898168692664_1541026163_n.jpg?fit=960%2C539&ssl=1&resize=350%2C200","width":350,"height":200,"srcset":"https:\/\/i0.wp.com\/kalot.com.mx\/site\/wp-content\/uploads\/2014\/10\/10726766_10152898168692664_1541026163_n.jpg?fit=960%2C539&ssl=1&resize=350%2C200 1x, https:\/\/i0.wp.com\/kalot.com.mx\/site\/wp-content\/uploads\/2014\/10\/10726766_10152898168692664_1541026163_n.jpg?fit=960%2C539&ssl=1&resize=525%2C300 1.5x, https:\/\/i0.wp.com\/kalot.com.mx\/site\/wp-content\/uploads\/2014\/10\/10726766_10152898168692664_1541026163_n.jpg?fit=960%2C539&ssl=1&resize=700%2C400 2x"},"classes":[]},{"id":13183,"url":"https:\/\/kalot.com.mx\/site\/2014\/03\/09\/el-regreso-de-rupert-grint\/","url_meta":{"origin":21502,"position":5},"title":"El regreso de Rupert Grint","author":"Ivan Mendez","date":"9 marzo, 2014","format":false,"excerpt":"El famoso e inseparable amigo de Harry Potter, Ron, interpretado por Rupert Grint salio de nuevo a la luz publica y mas concretamente en una obra de teatro en el lejano Londres. Recordemos que desde 2011 en que la saga del ya no tan ni\u00f1o mago termino por fin, tanto\u2026","rel":"","context":"Entrada similar ","block_context":{"text":"Entrada similar ","link":""},"img":{"alt_text":"","src":"https:\/\/i0.wp.com\/kalot.com.mx\/site\/wp-content\/uploads\/2014\/03\/5880-rupert-grint-shia-lebeouf-and-til-592x0-1.jpg?fit=592%2C889&ssl=1&resize=350%2C200","width":350,"height":200,"srcset":"https:\/\/i0.wp.com\/kalot.com.mx\/site\/wp-content\/uploads\/2014\/03\/5880-rupert-grint-shia-lebeouf-and-til-592x0-1.jpg?fit=592%2C889&ssl=1&resize=350%2C200 1x, https:\/\/i0.wp.com\/kalot.com.mx\/site\/wp-content\/uploads\/2014\/03\/5880-rupert-grint-shia-lebeouf-and-til-592x0-1.jpg?fit=592%2C889&ssl=1&resize=525%2C300 1.5x"},"classes":[]}],"jetpack_sharing_enabled":true,"_links":{"self":[{"href":"https:\/\/kalot.com.mx\/site\/wp-json\/wp\/v2\/posts\/21502","targetHints":{"allow":["GET"]}}],"collection":[{"href":"https:\/\/kalot.com.mx\/site\/wp-json\/wp\/v2\/posts"}],"about":[{"href":"https:\/\/kalot.com.mx\/site\/wp-json\/wp\/v2\/types\/post"}],"author":[{"embeddable":true,"href":"https:\/\/kalot.com.mx\/site\/wp-json\/wp\/v2\/users\/51"}],"replies":[{"embeddable":true,"href":"https:\/\/kalot.com.mx\/site\/wp-json\/wp\/v2\/comments?post=21502"}],"version-history":[{"count":0,"href":"https:\/\/kalot.com.mx\/site\/wp-json\/wp\/v2\/posts\/21502\/revisions"}],"wp:featuredmedia":[{"embeddable":true,"href":"https:\/\/kalot.com.mx\/site\/wp-json\/wp\/v2\/media\/21506"}],"wp:attachment":[{"href":"https:\/\/kalot.com.mx\/site\/wp-json\/wp\/v2\/media?parent=21502"}],"wp:term":[{"taxonomy":"category","embeddable":true,"href":"https:\/\/kalot.com.mx\/site\/wp-json\/wp\/v2\/categories?post=21502"},{"taxonomy":"post_tag","embeddable":true,"href":"https:\/\/kalot.com.mx\/site\/wp-json\/wp\/v2\/tags?post=21502"}],"curies":[{"name":"wp","href":"https:\/\/api.w.org\/{rel}","templated":true}]}}