{"id":21465,"date":"2015-05-10T14:28:54","date_gmt":"2015-05-10T19:28:54","guid":{"rendered":"http:\/\/www.kalot.com.mx\/?p=21465"},"modified":"2015-05-08T14:31:44","modified_gmt":"2015-05-08T19:31:44","slug":"crece-curiosidad-por-la-quinta-temporada-de-games-of-thrones","status":"publish","type":"post","link":"https:\/\/kalot.com.mx\/site\/2015\/05\/10\/crece-curiosidad-por-la-quinta-temporada-de-games-of-thrones\/","title":{"rendered":"Crece curiosidad por la quinta temporada de Games of Thrones"},"content":{"rendered":"<p>Aumenta la curiosidad por Game of Thrones, esto luego de que la cadena HBO vetar\u00e1 a la prensa, luego de que se filtrar\u00e1n los primeros 4 cap\u00edtulos de la famosa serie.<\/p>\n<p>Y es que luego de recibir los cap\u00edtulos de forma exclusiva un cr\u00edtico para escribir sobre ellos, decidi\u00f3 filtrarlos y de esta forma tomo la decisi\u00f3n de vetar a la prensa a lo largo de la quinta temporada.<\/p>\n<p>Y por ende los detalles de la nueva temporada son escasos y crece la intenci\u00f3n de los fan\u00e1ticos por saber m\u00e1s de la afamada serie.<\/p>\n<p>Pero los detalles se dar\u00e1n a conocer en poca cantidad conforme los cap\u00edtulos se den a conocer de acuerdo a lo establecido por HBO, ya no m\u00e1s adelantos a cr\u00edticos&#8230;<\/p>\n","protected":false},"excerpt":{"rendered":"Aumenta la curiosidad por Game of Thrones, esto luego de que la cadena HBO vetar\u00e1 a la prensa,&hellip;\n","protected":false},"author":124,"featured_media":21466,"comment_status":"open","ping_status":"open","sticky":false,"template":"","format":"standard","meta":{"jetpack_post_was_ever_published":false,"_jetpack_newsletter_access":"","_jetpack_dont_email_post_to_subs":false,"_jetpack_newsletter_tier_id":0,"_jetpack_memberships_contains_paywalled_content":false,"_jetpack_memberships_contains_paid_content":false,"footnotes":"","jetpack_publicize_message":"","jetpack_publicize_feature_enabled":true,"jetpack_social_post_already_shared":true,"jetpack_social_options":{"image_generator_settings":{"template":"highway","default_image_id":0,"font":"","enabled":false},"version":2}},"categories":[],"tags":[],"class_list":{"0":"post-21465","1":"post","2":"type-post","3":"status-publish","4":"format-standard","5":"has-post-thumbnail","7":"cs-entry","8":"cs-video-wrap"},"yoast_head":"<!-- This site is optimized with the Yoast SEO plugin v27.5 - https:\/\/yoast.com\/product\/yoast-seo-wordpress\/ -->\n<title>Crece curiosidad por la quinta temporada de Games of Thrones - Kalot<\/title>\n<meta name=\"description\" content=\"Aumenta la curiosidad por Game of Thrones, esto luego de que la cadena HBO vetar\u00e1 a la prensa, luego de que se filtrar\u00e1n los primeros 4 cap\u00edtulos de la\" \/>\n<meta name=\"robots\" content=\"index, follow, max-snippet:-1, max-image-preview:large, max-video-preview:-1\" \/>\n<link rel=\"canonical\" href=\"https:\/\/kalot.com.mx\/site\/2015\/05\/10\/crece-curiosidad-por-la-quinta-temporada-de-games-of-thrones\/\" \/>\n<meta property=\"og:locale\" content=\"es_MX\" \/>\n<meta property=\"og:type\" content=\"article\" \/>\n<meta property=\"og:title\" content=\"Crece curiosidad por la quinta temporada de Games of Thrones - Kalot\" \/>\n<meta property=\"og:description\" content=\"Aumenta la curiosidad por Game of Thrones, esto luego de que la cadena HBO vetar\u00e1 a la prensa, luego de que se filtrar\u00e1n los primeros 4 cap\u00edtulos de la\" \/>\n<meta property=\"og:url\" content=\"https:\/\/kalot.com.mx\/site\/2015\/05\/10\/crece-curiosidad-por-la-quinta-temporada-de-games-of-thrones\/\" \/>\n<meta property=\"og:site_name\" content=\"Kalot\" \/>\n<meta property=\"article:publisher\" content=\"http:\/\/facebook.com\/mxkalot\" \/>\n<meta property=\"article:author\" content=\"https:\/\/www.facebook.com\/alain.onate\" \/>\n<meta property=\"article:published_time\" content=\"2015-05-10T19:28:54+00:00\" \/>\n<meta property=\"og:image\" content=\"https:\/\/i0.wp.com\/kalot.com.mx\/site\/wp-content\/uploads\/2015\/05\/Game-of-Thrones-Cast-game-of-thrones-1280x800.jpg?fit=1024%2C576&ssl=1\" \/>\n\t<meta property=\"og:image:width\" content=\"1024\" \/>\n\t<meta property=\"og:image:height\" content=\"576\" \/>\n\t<meta property=\"og:image:type\" content=\"image\/jpeg\" \/>\n<meta name=\"author\" content=\"Alain O\u00f1ate\" \/>\n<meta name=\"twitter:card\" content=\"summary_large_image\" \/>\n<meta name=\"twitter:creator\" content=\"@https:\/\/twitter.com\/alainonate\" \/>\n<meta name=\"twitter:site\" content=\"@kalotmx\" \/>\n<meta name=\"twitter:label1\" content=\"Escrito por\" \/>\n\t<meta name=\"twitter:data1\" content=\"Alain O\u00f1ate\" \/>\n\t<meta name=\"twitter:label2\" content=\"Tiempo de lectura\" \/>\n\t<meta name=\"twitter:data2\" content=\"1 minuto\" \/>\n<!-- \/ Yoast SEO plugin. -->","yoast_head_json":{"title":"Crece curiosidad por la quinta temporada de Games of Thrones - Kalot","description":"Aumenta la curiosidad por Game of Thrones, esto luego de que la cadena HBO vetar\u00e1 a la prensa, luego de que se filtrar\u00e1n los primeros 4 cap\u00edtulos de la","robots":{"index":"index","follow":"follow","max-snippet":"max-snippet:-1","max-image-preview":"max-image-preview:large","max-video-preview":"max-video-preview:-1"},"canonical":"https:\/\/kalot.com.mx\/site\/2015\/05\/10\/crece-curiosidad-por-la-quinta-temporada-de-games-of-thrones\/","og_locale":"es_MX","og_type":"article","og_title":"Crece curiosidad por la quinta temporada de Games of Thrones - Kalot","og_description":"Aumenta la curiosidad por Game of Thrones, esto luego de que la cadena HBO vetar\u00e1 a la prensa, luego de que se filtrar\u00e1n los primeros 4 cap\u00edtulos de la","og_url":"https:\/\/kalot.com.mx\/site\/2015\/05\/10\/crece-curiosidad-por-la-quinta-temporada-de-games-of-thrones\/","og_site_name":"Kalot","article_publisher":"http:\/\/facebook.com\/mxkalot","article_author":"https:\/\/www.facebook.com\/alain.onate","article_published_time":"2015-05-10T19:28:54+00:00","og_image":[{"width":1024,"height":576,"url":"https:\/\/i0.wp.com\/kalot.com.mx\/site\/wp-content\/uploads\/2015\/05\/Game-of-Thrones-Cast-game-of-thrones-1280x800.jpg?fit=1024%2C576&ssl=1","type":"image\/jpeg"}],"author":"Alain O\u00f1ate","twitter_card":"summary_large_image","twitter_creator":"@https:\/\/twitter.com\/alainonate","twitter_site":"@kalotmx","twitter_misc":{"Escrito por":"Alain O\u00f1ate","Tiempo de lectura":"1 minuto"},"schema":{"@context":"https:\/\/schema.org","@graph":[{"@type":"Article","@id":"https:\/\/kalot.com.mx\/site\/2015\/05\/10\/crece-curiosidad-por-la-quinta-temporada-de-games-of-thrones\/#article","isPartOf":{"@id":"https:\/\/kalot.com.mx\/site\/2015\/05\/10\/crece-curiosidad-por-la-quinta-temporada-de-games-of-thrones\/"},"author":{"name":"Alain O\u00f1ate","@id":"https:\/\/kalot.com.mx\/site\/#\/schema\/person\/6d137660417046881526fc2134f82dc9"},"headline":"Crece curiosidad por la quinta temporada de Games of Thrones","datePublished":"2015-05-10T19:28:54+00:00","mainEntityOfPage":{"@id":"https:\/\/kalot.com.mx\/site\/2015\/05\/10\/crece-curiosidad-por-la-quinta-temporada-de-games-of-thrones\/"},"wordCount":145,"commentCount":0,"publisher":{"@id":"https:\/\/kalot.com.mx\/site\/#organization"},"image":{"@id":"https:\/\/kalot.com.mx\/site\/2015\/05\/10\/crece-curiosidad-por-la-quinta-temporada-de-games-of-thrones\/#primaryimage"},"thumbnailUrl":"https:\/\/i0.wp.com\/kalot.com.mx\/site\/wp-content\/uploads\/2015\/05\/Game-of-Thrones-Cast-game-of-thrones-1280x800.jpg?fit=1024%2C576&ssl=1","inLanguage":"es","potentialAction":[{"@type":"CommentAction","name":"Comment","target":["https:\/\/kalot.com.mx\/site\/2015\/05\/10\/crece-curiosidad-por-la-quinta-temporada-de-games-of-thrones\/#respond"]}]},{"@type":"WebPage","@id":"https:\/\/kalot.com.mx\/site\/2015\/05\/10\/crece-curiosidad-por-la-quinta-temporada-de-games-of-thrones\/","url":"https:\/\/kalot.com.mx\/site\/2015\/05\/10\/crece-curiosidad-por-la-quinta-temporada-de-games-of-thrones\/","name":"Crece curiosidad por la quinta temporada de Games of Thrones - Kalot","isPartOf":{"@id":"https:\/\/kalot.com.mx\/site\/#website"},"primaryImageOfPage":{"@id":"https:\/\/kalot.com.mx\/site\/2015\/05\/10\/crece-curiosidad-por-la-quinta-temporada-de-games-of-thrones\/#primaryimage"},"image":{"@id":"https:\/\/kalot.com.mx\/site\/2015\/05\/10\/crece-curiosidad-por-la-quinta-temporada-de-games-of-thrones\/#primaryimage"},"thumbnailUrl":"https:\/\/i0.wp.com\/kalot.com.mx\/site\/wp-content\/uploads\/2015\/05\/Game-of-Thrones-Cast-game-of-thrones-1280x800.jpg?fit=1024%2C576&ssl=1","datePublished":"2015-05-10T19:28:54+00:00","description":"Aumenta la curiosidad por Game of Thrones, esto luego de que la cadena HBO vetar\u00e1 a la prensa, luego de que se filtrar\u00e1n los primeros 4 cap\u00edtulos de la","breadcrumb":{"@id":"https:\/\/kalot.com.mx\/site\/2015\/05\/10\/crece-curiosidad-por-la-quinta-temporada-de-games-of-thrones\/#breadcrumb"},"inLanguage":"es","potentialAction":[{"@type":"ReadAction","target":["https:\/\/kalot.com.mx\/site\/2015\/05\/10\/crece-curiosidad-por-la-quinta-temporada-de-games-of-thrones\/"]}]},{"@type":"ImageObject","inLanguage":"es","@id":"https:\/\/kalot.com.mx\/site\/2015\/05\/10\/crece-curiosidad-por-la-quinta-temporada-de-games-of-thrones\/#primaryimage","url":"https:\/\/i0.wp.com\/kalot.com.mx\/site\/wp-content\/uploads\/2015\/05\/Game-of-Thrones-Cast-game-of-thrones-1280x800.jpg?fit=1024%2C576&ssl=1","contentUrl":"https:\/\/i0.wp.com\/kalot.com.mx\/site\/wp-content\/uploads\/2015\/05\/Game-of-Thrones-Cast-game-of-thrones-1280x800.jpg?fit=1024%2C576&ssl=1","width":1024,"height":576},{"@type":"BreadcrumbList","@id":"https:\/\/kalot.com.mx\/site\/2015\/05\/10\/crece-curiosidad-por-la-quinta-temporada-de-games-of-thrones\/#breadcrumb","itemListElement":[{"@type":"ListItem","position":1,"name":"Home","item":"https:\/\/kalot.com.mx\/site\/"},{"@type":"ListItem","position":2,"name":"Crece curiosidad por la quinta temporada de Games of Thrones"}]},{"@type":"WebSite","@id":"https:\/\/kalot.com.mx\/site\/#website","url":"https:\/\/kalot.com.mx\/site\/","name":"Kalot","description":"Conoce Todo Sobre Todo","publisher":{"@id":"https:\/\/kalot.com.mx\/site\/#organization"},"potentialAction":[{"@type":"SearchAction","target":{"@type":"EntryPoint","urlTemplate":"https:\/\/kalot.com.mx\/site\/?s={search_term_string}"},"query-input":{"@type":"PropertyValueSpecification","valueRequired":true,"valueName":"search_term_string"}}],"inLanguage":"es"},{"@type":"Organization","@id":"https:\/\/kalot.com.mx\/site\/#organization","name":"Kalot","url":"https:\/\/kalot.com.mx\/site\/","logo":{"@type":"ImageObject","inLanguage":"es","@id":"https:\/\/kalot.com.mx\/site\/#\/schema\/logo\/image\/","url":"https:\/\/i0.wp.com\/kalot.com.mx\/site\/wp-content\/uploads\/2020\/04\/Kalot-logo-sin-tagline.png?fit=1707%2C1014&ssl=1","contentUrl":"https:\/\/i0.wp.com\/kalot.com.mx\/site\/wp-content\/uploads\/2020\/04\/Kalot-logo-sin-tagline.png?fit=1707%2C1014&ssl=1","width":1707,"height":1014,"caption":"Kalot"},"image":{"@id":"https:\/\/kalot.com.mx\/site\/#\/schema\/logo\/image\/"},"sameAs":["http:\/\/facebook.com\/mxkalot","https:\/\/x.com\/kalotmx","http:\/\/instagram.com\/kalotmx","http:\/\/pinterest.com\/jorgeerana\/kalot"]},{"@type":"Person","@id":"https:\/\/kalot.com.mx\/site\/#\/schema\/person\/6d137660417046881526fc2134f82dc9","name":"Alain O\u00f1ate","image":{"@type":"ImageObject","inLanguage":"es","@id":"https:\/\/secure.gravatar.com\/avatar\/76d5877c06aec82d1b411d6103400b8e85f44cbf549204355150dc9bca9abcbc?s=96&d=mm&r=g","url":"https:\/\/secure.gravatar.com\/avatar\/76d5877c06aec82d1b411d6103400b8e85f44cbf549204355150dc9bca9abcbc?s=96&d=mm&r=g","contentUrl":"https:\/\/secure.gravatar.com\/avatar\/76d5877c06aec82d1b411d6103400b8e85f44cbf549204355150dc9bca9abcbc?s=96&d=mm&r=g","caption":"Alain O\u00f1ate"},"description":"Fan del periodismo, MSM, DJ, design, Community\/Content Manager: @CreativoPlasma, @cervecerosbajio, @audiencemkt, @revistamore hincha @clubleonfc y fan de la Lucha Libre... Informando desde \u00b4Donde la Vida no vale nada\u00b4; Le\u00f3n de los Aldama, Guanajuato, M\u00e9xico.","sameAs":["https:\/\/www.facebook.com\/alain.onate","https:\/\/instagram.com\/alainonate\/","https:\/\/mx.linkedin.com\/in\/alainonate","https:\/\/x.com\/https:\/\/twitter.com\/alainonate"],"url":"https:\/\/kalot.com.mx\/site\/author\/alian\/"}]}},"jetpack_publicize_connections":[],"jetpack_featured_media_url":"https:\/\/i0.wp.com\/kalot.com.mx\/site\/wp-content\/uploads\/2015\/05\/Game-of-Thrones-Cast-game-of-thrones-1280x800.jpg?fit=1024%2C576&ssl=1","jetpack_shortlink":"https:\/\/wp.me\/p6IHEI-5Ad","jetpack-related-posts":[{"id":22794,"url":"https:\/\/kalot.com.mx\/site\/2015\/08\/06\/prison-break-esta-de-regreso\/","url_meta":{"origin":21465,"position":0},"title":"\u00a1Prison Break Est\u00e1 de Regreso!","author":"yash","date":"6 agosto, 2015","format":false,"excerpt":"Despu\u00e9s de meses de rumores, finalmente la cadena FOX inform\u00f3 este jueves que se encuentra trabajando en una secuela de Prison Break. Tambi\u00e9n dio a conocer que regresa el creador original de la serie, Paul Scheuring, as\u00ed como sus protagonistas Dominic Purcell y Wentworth Miller. Los detalles de esta \u201cnueva\u2026","rel":"","context":"Entrada similar ","block_context":{"text":"Entrada similar ","link":""},"img":{"alt_text":"","src":"https:\/\/i0.wp.com\/kalot.com.mx\/site\/wp-content\/uploads\/2015\/08\/Prison-Break-1.jpg?fit=1200%2C675&ssl=1&resize=350%2C200","width":350,"height":200,"srcset":"https:\/\/i0.wp.com\/kalot.com.mx\/site\/wp-content\/uploads\/2015\/08\/Prison-Break-1.jpg?fit=1200%2C675&ssl=1&resize=350%2C200 1x, https:\/\/i0.wp.com\/kalot.com.mx\/site\/wp-content\/uploads\/2015\/08\/Prison-Break-1.jpg?fit=1200%2C675&ssl=1&resize=525%2C300 1.5x, https:\/\/i0.wp.com\/kalot.com.mx\/site\/wp-content\/uploads\/2015\/08\/Prison-Break-1.jpg?fit=1200%2C675&ssl=1&resize=700%2C400 2x, https:\/\/i0.wp.com\/kalot.com.mx\/site\/wp-content\/uploads\/2015\/08\/Prison-Break-1.jpg?fit=1200%2C675&ssl=1&resize=1050%2C600 3x"},"classes":[]},{"id":18634,"url":"https:\/\/kalot.com.mx\/site\/2014\/10\/09\/glee-llega-su-final\/","url_meta":{"origin":21465,"position":1},"title":"Glee llega a su FINAL","author":"Adrian Aldana","date":"9 octubre, 2014","format":false,"excerpt":"Hola, a todos con la novedad de que GLEE regresar\u00e1 a partir de Enero 2015 como un mid season (Quiere decir que comienza justo a la mitad de la temporada) La Sexta temporada ser\u00e1 la \u00faltima y constar\u00e1 solo de 13 Episodios. Algunos datos que se han revelado de la\u2026","rel":"","context":"Entrada similar ","block_context":{"text":"Entrada similar ","link":""},"img":{"alt_text":"","src":"https:\/\/i0.wp.com\/kalot.com.mx\/site\/wp-content\/uploads\/2014\/10\/Glee-Season-4-1.jpeg?fit=1200%2C675&ssl=1&resize=350%2C200","width":350,"height":200,"srcset":"https:\/\/i0.wp.com\/kalot.com.mx\/site\/wp-content\/uploads\/2014\/10\/Glee-Season-4-1.jpeg?fit=1200%2C675&ssl=1&resize=350%2C200 1x, https:\/\/i0.wp.com\/kalot.com.mx\/site\/wp-content\/uploads\/2014\/10\/Glee-Season-4-1.jpeg?fit=1200%2C675&ssl=1&resize=525%2C300 1.5x, https:\/\/i0.wp.com\/kalot.com.mx\/site\/wp-content\/uploads\/2014\/10\/Glee-Season-4-1.jpeg?fit=1200%2C675&ssl=1&resize=700%2C400 2x, https:\/\/i0.wp.com\/kalot.com.mx\/site\/wp-content\/uploads\/2014\/10\/Glee-Season-4-1.jpeg?fit=1200%2C675&ssl=1&resize=1050%2C600 3x"},"classes":[]},{"id":18975,"url":"https:\/\/kalot.com.mx\/site\/2014\/10\/28\/regresa-marvel-agents-shield\/","url_meta":{"origin":21465,"position":2},"title":"Regresa Marvel\u00b4s Agents of SHIELD","author":"Jorge Era\u00f1a","date":"28 octubre, 2014","format":false,"excerpt":"Marvel\u00b4s Agents of SHIELD est\u00e1 de regreso con su 2a temporada, regresa hoy\u00a028 de octubre y se transmitir\u00e1 todos\u00a0los martes a las 22:00 de M\u00e9xico. Aqu\u00ed les dejamos un avance de lo que ser\u00e1 el regreso de esta genial serie, en lo personal me gust\u00f3 mucho el giro que le\u2026","rel":"","context":"Entrada similar ","block_context":{"text":"Entrada similar ","link":""},"img":{"alt_text":"Marvel\u00b4s Agents of SHIELD est\u00e1 de regreso con su 2a temporada","src":"https:\/\/i0.wp.com\/kalot.com.mx\/site\/wp-content\/uploads\/2014\/10\/52fab082263bb.jpg?fit=940%2C529&ssl=1&resize=350%2C200","width":350,"height":200,"srcset":"https:\/\/i0.wp.com\/kalot.com.mx\/site\/wp-content\/uploads\/2014\/10\/52fab082263bb.jpg?fit=940%2C529&ssl=1&resize=350%2C200 1x, https:\/\/i0.wp.com\/kalot.com.mx\/site\/wp-content\/uploads\/2014\/10\/52fab082263bb.jpg?fit=940%2C529&ssl=1&resize=525%2C300 1.5x, https:\/\/i0.wp.com\/kalot.com.mx\/site\/wp-content\/uploads\/2014\/10\/52fab082263bb.jpg?fit=940%2C529&ssl=1&resize=700%2C400 2x"},"classes":[]},{"id":5098,"url":"https:\/\/kalot.com.mx\/site\/2013\/10\/29\/walking-dead-ya-renovo-para-su-5a-temporada\/","url_meta":{"origin":21465,"position":3},"title":"The Walking Dead ya renov\u00f3 para su 5a temporada","author":"Jorge Era\u00f1a","date":"29 octubre, 2013","format":false,"excerpt":"Este fue el mensaje que declar\u00f3 Charlie Collier, presidente de la cadena AMC creadora de Walking Dead \u201cWe are very happy to make what has to be one of the most anti-climactic renewal announcements ever:\u00a0The Walking Dead\u00a0is renewed for a fifth season,\u201d said Charlie Collier, AMC president. \u201cThis is a\u2026","rel":"","context":"Entrada similar ","block_context":{"text":"Entrada similar ","link":""},"img":{"alt_text":"","src":"https:\/\/i0.wp.com\/kalot.com.mx\/site\/wp-content\/uploads\/2013\/10\/The_Walking_Dead_Bicycle-_Girl.jpg?fit=1200%2C646&ssl=1&resize=350%2C200","width":350,"height":200,"srcset":"https:\/\/i0.wp.com\/kalot.com.mx\/site\/wp-content\/uploads\/2013\/10\/The_Walking_Dead_Bicycle-_Girl.jpg?fit=1200%2C646&ssl=1&resize=350%2C200 1x, https:\/\/i0.wp.com\/kalot.com.mx\/site\/wp-content\/uploads\/2013\/10\/The_Walking_Dead_Bicycle-_Girl.jpg?fit=1200%2C646&ssl=1&resize=525%2C300 1.5x, https:\/\/i0.wp.com\/kalot.com.mx\/site\/wp-content\/uploads\/2013\/10\/The_Walking_Dead_Bicycle-_Girl.jpg?fit=1200%2C646&ssl=1&resize=700%2C400 2x, https:\/\/i0.wp.com\/kalot.com.mx\/site\/wp-content\/uploads\/2013\/10\/The_Walking_Dead_Bicycle-_Girl.jpg?fit=1200%2C646&ssl=1&resize=1050%2C600 3x"},"classes":[]},{"id":17020,"url":"https:\/\/kalot.com.mx\/site\/2014\/06\/27\/korra-tambien-sabe-patear\/","url_meta":{"origin":21465,"position":4},"title":"\u00a1Korra tambi\u00e9n sabe patear!","author":"Ivan Mendez","date":"27 junio, 2014","format":false,"excerpt":"Tengo que decir que tambi\u00e9n soy y esto no siempre, un gran fan de la animaci\u00f3n como el anime hasta otras series que pudiesen parecer para ni\u00f1os. La leyenda de Korra trata de la nueva avatar - Aqu\u00ed suponiendo que hallan visto La leyenda de aang - nacida en la\u2026","rel":"","context":"Entrada similar ","block_context":{"text":"Entrada similar ","link":""},"img":{"alt_text":"","src":"https:\/\/i0.wp.com\/kalot.com.mx\/site\/wp-content\/uploads\/2014\/06\/The-Legend-of-Korra-Season-2-Episode-14-Light-in-the-Dark.jpg?fit=1200%2C686&ssl=1&resize=350%2C200","width":350,"height":200,"srcset":"https:\/\/i0.wp.com\/kalot.com.mx\/site\/wp-content\/uploads\/2014\/06\/The-Legend-of-Korra-Season-2-Episode-14-Light-in-the-Dark.jpg?fit=1200%2C686&ssl=1&resize=350%2C200 1x, https:\/\/i0.wp.com\/kalot.com.mx\/site\/wp-content\/uploads\/2014\/06\/The-Legend-of-Korra-Season-2-Episode-14-Light-in-the-Dark.jpg?fit=1200%2C686&ssl=1&resize=525%2C300 1.5x, https:\/\/i0.wp.com\/kalot.com.mx\/site\/wp-content\/uploads\/2014\/06\/The-Legend-of-Korra-Season-2-Episode-14-Light-in-the-Dark.jpg?fit=1200%2C686&ssl=1&resize=700%2C400 2x, https:\/\/i0.wp.com\/kalot.com.mx\/site\/wp-content\/uploads\/2014\/06\/The-Legend-of-Korra-Season-2-Episode-14-Light-in-the-Dark.jpg?fit=1200%2C686&ssl=1&resize=1050%2C600 3x"},"classes":[]},{"id":2133,"url":"https:\/\/kalot.com.mx\/site\/2013\/09\/22\/el-punto-de-vista-de-breaking-bad\/","url_meta":{"origin":21465,"position":5},"title":"El &#8220;Punto de Vista&#8221; de Breaking Bad","author":"Omar Herrera","date":"22 septiembre, 2013","format":false,"excerpt":"El Point Of View (tambi\u00e9n llamado POV) es una t\u00e9cnica de \u00e1ngulo de c\u00e1mara frecuentemente utilizada en cine y televisi\u00f3n en el cu\u00e1l se puede visualizar lo que el personaje (sujeto) est\u00e1 viendo (representado a trav\u00e9s de la c\u00e1mara). \u00c9sta t\u00e9cnica usualmente se posiciona entre el personaje mirando hacia el\u2026","rel":"","context":"Con 1 comentario","block_context":{"text":"Con 1 comentario","link":"https:\/\/kalot.com.mx\/site\/2013\/09\/22\/el-punto-de-vista-de-breaking-bad\/#comments"},"img":{"alt_text":"","src":"https:\/\/i0.wp.com\/kalot.com.mx\/site\/wp-content\/uploads\/2013\/09\/breaking-bad-sjove-facts.jpg?fit=1000%2C400&ssl=1&resize=350%2C200","width":350,"height":200,"srcset":"https:\/\/i0.wp.com\/kalot.com.mx\/site\/wp-content\/uploads\/2013\/09\/breaking-bad-sjove-facts.jpg?fit=1000%2C400&ssl=1&resize=350%2C200 1x, https:\/\/i0.wp.com\/kalot.com.mx\/site\/wp-content\/uploads\/2013\/09\/breaking-bad-sjove-facts.jpg?fit=1000%2C400&ssl=1&resize=525%2C300 1.5x, https:\/\/i0.wp.com\/kalot.com.mx\/site\/wp-content\/uploads\/2013\/09\/breaking-bad-sjove-facts.jpg?fit=1000%2C400&ssl=1&resize=700%2C400 2x"},"classes":[]}],"jetpack_sharing_enabled":true,"_links":{"self":[{"href":"https:\/\/kalot.com.mx\/site\/wp-json\/wp\/v2\/posts\/21465","targetHints":{"allow":["GET"]}}],"collection":[{"href":"https:\/\/kalot.com.mx\/site\/wp-json\/wp\/v2\/posts"}],"about":[{"href":"https:\/\/kalot.com.mx\/site\/wp-json\/wp\/v2\/types\/post"}],"author":[{"embeddable":true,"href":"https:\/\/kalot.com.mx\/site\/wp-json\/wp\/v2\/users\/124"}],"replies":[{"embeddable":true,"href":"https:\/\/kalot.com.mx\/site\/wp-json\/wp\/v2\/comments?post=21465"}],"version-history":[{"count":0,"href":"https:\/\/kalot.com.mx\/site\/wp-json\/wp\/v2\/posts\/21465\/revisions"}],"wp:featuredmedia":[{"embeddable":true,"href":"https:\/\/kalot.com.mx\/site\/wp-json\/wp\/v2\/media\/21466"}],"wp:attachment":[{"href":"https:\/\/kalot.com.mx\/site\/wp-json\/wp\/v2\/media?parent=21465"}],"wp:term":[{"taxonomy":"category","embeddable":true,"href":"https:\/\/kalot.com.mx\/site\/wp-json\/wp\/v2\/categories?post=21465"},{"taxonomy":"post_tag","embeddable":true,"href":"https:\/\/kalot.com.mx\/site\/wp-json\/wp\/v2\/tags?post=21465"}],"curies":[{"name":"wp","href":"https:\/\/api.w.org\/{rel}","templated":true}]}}