{"id":21429,"date":"2015-05-06T12:21:26","date_gmt":"2015-05-06T17:21:26","guid":{"rendered":"http:\/\/www.kalot.com.mx\/?p=21429"},"modified":"2015-05-06T12:21:26","modified_gmt":"2015-05-06T17:21:26","slug":"will-poulter-sera-pennywise","status":"publish","type":"post","link":"https:\/\/kalot.com.mx\/site\/2015\/05\/06\/will-poulter-sera-pennywise\/","title":{"rendered":"Will Poulter Ser\u00e1 &#8220;Pennywise&#8221;"},"content":{"rendered":"<p style=\"text-align: justify\">\u00a1Vuelve el payaso maldito! Con la puesta en marcha del remake de &#8220;It&#8221; (Eso), faltaba elegir al encargado de retomar el papel que\u00a0Tim Curry interpret\u00f3 de manera majestuosa en 1990.\u00a0De acuerdo con el portal Variety, ser\u00e1 el actor ingl\u00e9s de 22 a\u00f1os,Will Poulter el protagonista de la nueva cinta de terror a cargo de\u00a0Cary Fukunaga.\u00a0Poulter ha\u00a0participado en Maze Runner: Correr o morir, We&#8217;re the Millers y Las cr\u00f3nicas de Narnia: La traves\u00eda del Viajero del Alba.<\/p>\n<p style=\"text-align: justify\"><a href=\"https:\/\/i0.wp.com\/www.kalot.com.mx\/wp-content\/uploads\/2015\/05\/will-poulter.jpg\"><img data-recalc-dims=\"1\" fetchpriority=\"high\" decoding=\"async\" data-attachment-id=\"21430\" data-permalink=\"https:\/\/kalot.com.mx\/site\/2015\/05\/06\/will-poulter-sera-pennywise\/will-poulter\/\" data-orig-file=\"https:\/\/i0.wp.com\/kalot.com.mx\/site\/wp-content\/uploads\/2015\/05\/will-poulter.jpg?fit=611%2C458&amp;ssl=1\" data-orig-size=\"611,458\" data-comments-opened=\"1\" data-image-meta=\"{&quot;aperture&quot;:&quot;0&quot;,&quot;credit&quot;:&quot;&quot;,&quot;camera&quot;:&quot;&quot;,&quot;caption&quot;:&quot;&quot;,&quot;created_timestamp&quot;:&quot;0&quot;,&quot;copyright&quot;:&quot;&quot;,&quot;focal_length&quot;:&quot;0&quot;,&quot;iso&quot;:&quot;0&quot;,&quot;shutter_speed&quot;:&quot;0&quot;,&quot;title&quot;:&quot;&quot;,&quot;orientation&quot;:&quot;0&quot;}\" data-image-title=\"will poulter\" data-image-description=\"\" data-image-caption=\"\" data-large-file=\"https:\/\/i0.wp.com\/kalot.com.mx\/site\/wp-content\/uploads\/2015\/05\/will-poulter.jpg?fit=611%2C458&amp;ssl=1\" class=\" size-full wp-image-21430 aligncenter\" src=\"https:\/\/i0.wp.com\/www.kalot.com.mx\/wp-content\/uploads\/2015\/05\/will-poulter.jpg?resize=611%2C458\" alt=\"will poulter\" width=\"611\" height=\"458\" srcset=\"https:\/\/i0.wp.com\/kalot.com.mx\/site\/wp-content\/uploads\/2015\/05\/will-poulter.jpg?w=611&amp;ssl=1 611w, https:\/\/i0.wp.com\/kalot.com.mx\/site\/wp-content\/uploads\/2015\/05\/will-poulter.jpg?resize=300%2C225&amp;ssl=1 300w, https:\/\/i0.wp.com\/kalot.com.mx\/site\/wp-content\/uploads\/2015\/05\/will-poulter.jpg?resize=200%2C150&amp;ssl=1 200w, https:\/\/i0.wp.com\/kalot.com.mx\/site\/wp-content\/uploads\/2015\/05\/will-poulter.jpg?resize=260%2C195&amp;ssl=1 260w, https:\/\/i0.wp.com\/kalot.com.mx\/site\/wp-content\/uploads\/2015\/05\/will-poulter.jpg?resize=380%2C285&amp;ssl=1 380w\" sizes=\"(max-width: 611px) 100vw, 611px\" \/><\/a><\/p>\n<p style=\"text-align: justify\">En esta ocasi\u00f3n, la cinta ser\u00e1 dividida en dos partes para lograr darle mayor \u00e9nfasis a la historia completa y as\u00ed explotar algunos detalles del libro que fueron ignorados o momificados en la primera pel\u00edcula. Adem\u00e1s, se promete que esta pel\u00edcula sea m\u00e1s aterradora y perturbadora que hecha en 1990, algo que sin duda parece dif\u00edcil viendo los pobres resultados que han tenido los remakes de las cl\u00e1sicas pel\u00edculas de terror.\u00a0El rodaje comenzar\u00e1 este a\u00f1o y la fecha de estreno aun est\u00e1 por definirse.<\/p>\n<p style=\"text-align: justify\">Los\u00a0que sufrimos con este payaso en la ni\u00f1ez y aun no lo superamos, esperamos que esta nueva pel\u00edcula no decepcione, ya que es cl\u00e1sico del cine de terror.<\/p>\n<p style=\"text-align: justify\">Y a ti \u00bfTe gust\u00f3 que\u00a0Will Poulter sea el nuevo Eso? \u00bfQu\u00e9 esperas de esta cinta?<\/p>\n<p style=\"text-align: justify\">\n","protected":false},"excerpt":{"rendered":"\u00a1Vuelve el payaso maldito! Con la puesta en marcha del remake de &#8220;It&#8221; (Eso), faltaba elegir al encargado&hellip;\n","protected":false},"author":108,"featured_media":21431,"comment_status":"open","ping_status":"open","sticky":false,"template":"","format":"standard","meta":{"jetpack_post_was_ever_published":false,"_jetpack_newsletter_access":"","_jetpack_dont_email_post_to_subs":false,"_jetpack_newsletter_tier_id":0,"_jetpack_memberships_contains_paywalled_content":false,"_jetpack_memberships_contains_paid_content":false,"footnotes":"","jetpack_publicize_message":"","jetpack_publicize_feature_enabled":true,"jetpack_social_post_already_shared":true,"jetpack_social_options":{"image_generator_settings":{"template":"highway","default_image_id":0,"font":"","enabled":false},"version":2}},"categories":[],"tags":[],"class_list":{"0":"post-21429","1":"post","2":"type-post","3":"status-publish","4":"format-standard","5":"has-post-thumbnail","7":"cs-entry","8":"cs-video-wrap"},"yoast_head":"<!-- This site is optimized with the Yoast SEO plugin v27.4 - https:\/\/yoast.com\/product\/yoast-seo-wordpress\/ -->\n<title>Will Poulter Ser\u00e1 &quot;Pennywise&quot; - Kalot<\/title>\n<meta name=\"description\" content=\"\u00a1Vuelve el payaso maldito! Con la puesta en marcha del remake de &quot;It&quot; (Eso), faltaba elegir al encargado de retomar el papel que\u00a0Tim Curry interpret\u00f3 de\" \/>\n<meta name=\"robots\" content=\"index, follow, max-snippet:-1, max-image-preview:large, max-video-preview:-1\" \/>\n<link rel=\"canonical\" href=\"https:\/\/kalot.com.mx\/site\/2015\/05\/06\/will-poulter-sera-pennywise\/\" \/>\n<meta property=\"og:locale\" content=\"es_MX\" \/>\n<meta property=\"og:type\" content=\"article\" \/>\n<meta property=\"og:title\" content=\"Will Poulter Ser\u00e1 &quot;Pennywise&quot; - Kalot\" \/>\n<meta property=\"og:description\" content=\"\u00a1Vuelve el payaso maldito! Con la puesta en marcha del remake de &quot;It&quot; (Eso), faltaba elegir al encargado de retomar el papel que\u00a0Tim Curry interpret\u00f3 de\" \/>\n<meta property=\"og:url\" content=\"https:\/\/kalot.com.mx\/site\/2015\/05\/06\/will-poulter-sera-pennywise\/\" \/>\n<meta property=\"og:site_name\" content=\"Kalot\" \/>\n<meta property=\"article:publisher\" content=\"http:\/\/facebook.com\/mxkalot\" \/>\n<meta property=\"article:published_time\" content=\"2015-05-06T17:21:26+00:00\" \/>\n<meta property=\"og:image\" content=\"https:\/\/i2.wp.com\/kalot.com.mx\/site\/wp-content\/uploads\/2015\/05\/WILL-POULTER-.jpg?fit=700%2C442&ssl=1\" \/>\n\t<meta property=\"og:image:width\" content=\"700\" \/>\n\t<meta property=\"og:image:height\" content=\"442\" \/>\n\t<meta property=\"og:image:type\" content=\"image\/jpeg\" \/>\n<meta name=\"author\" content=\"yash\" \/>\n<meta name=\"twitter:card\" content=\"summary_large_image\" \/>\n<meta name=\"twitter:creator\" content=\"@kalotmx\" \/>\n<meta name=\"twitter:site\" content=\"@kalotmx\" \/>\n<meta name=\"twitter:label1\" content=\"Escrito por\" \/>\n\t<meta name=\"twitter:data1\" content=\"yash\" \/>\n\t<meta name=\"twitter:label2\" content=\"Tiempo de lectura\" \/>\n\t<meta name=\"twitter:data2\" content=\"1 minuto\" \/>\n<!-- \/ Yoast SEO plugin. -->","yoast_head_json":{"title":"Will Poulter Ser\u00e1 \"Pennywise\" - Kalot","description":"\u00a1Vuelve el payaso maldito! Con la puesta en marcha del remake de \"It\" (Eso), faltaba elegir al encargado de retomar el papel que\u00a0Tim Curry interpret\u00f3 de","robots":{"index":"index","follow":"follow","max-snippet":"max-snippet:-1","max-image-preview":"max-image-preview:large","max-video-preview":"max-video-preview:-1"},"canonical":"https:\/\/kalot.com.mx\/site\/2015\/05\/06\/will-poulter-sera-pennywise\/","og_locale":"es_MX","og_type":"article","og_title":"Will Poulter Ser\u00e1 \"Pennywise\" - Kalot","og_description":"\u00a1Vuelve el payaso maldito! Con la puesta en marcha del remake de \"It\" (Eso), faltaba elegir al encargado de retomar el papel que\u00a0Tim Curry interpret\u00f3 de","og_url":"https:\/\/kalot.com.mx\/site\/2015\/05\/06\/will-poulter-sera-pennywise\/","og_site_name":"Kalot","article_publisher":"http:\/\/facebook.com\/mxkalot","article_published_time":"2015-05-06T17:21:26+00:00","og_image":[{"width":700,"height":442,"url":"https:\/\/i2.wp.com\/kalot.com.mx\/site\/wp-content\/uploads\/2015\/05\/WILL-POULTER-.jpg?fit=700%2C442&ssl=1","type":"image\/jpeg"}],"author":"yash","twitter_card":"summary_large_image","twitter_creator":"@kalotmx","twitter_site":"@kalotmx","twitter_misc":{"Escrito por":"yash","Tiempo de lectura":"1 minuto"},"schema":{"@context":"https:\/\/schema.org","@graph":[{"@type":"Article","@id":"https:\/\/kalot.com.mx\/site\/2015\/05\/06\/will-poulter-sera-pennywise\/#article","isPartOf":{"@id":"https:\/\/kalot.com.mx\/site\/2015\/05\/06\/will-poulter-sera-pennywise\/"},"author":{"name":"yash","@id":"https:\/\/kalot.com.mx\/site\/#\/schema\/person\/1d75ba57b0359df6aee12de5a86e5b04"},"headline":"Will Poulter Ser\u00e1 &#8220;Pennywise&#8221;","datePublished":"2015-05-06T17:21:26+00:00","mainEntityOfPage":{"@id":"https:\/\/kalot.com.mx\/site\/2015\/05\/06\/will-poulter-sera-pennywise\/"},"wordCount":231,"commentCount":1,"publisher":{"@id":"https:\/\/kalot.com.mx\/site\/#organization"},"image":{"@id":"https:\/\/kalot.com.mx\/site\/2015\/05\/06\/will-poulter-sera-pennywise\/#primaryimage"},"thumbnailUrl":"https:\/\/i0.wp.com\/kalot.com.mx\/site\/wp-content\/uploads\/2015\/05\/WILL-POULTER-.jpg?fit=700%2C442&ssl=1","inLanguage":"es","potentialAction":[{"@type":"CommentAction","name":"Comment","target":["https:\/\/kalot.com.mx\/site\/2015\/05\/06\/will-poulter-sera-pennywise\/#respond"]}]},{"@type":"WebPage","@id":"https:\/\/kalot.com.mx\/site\/2015\/05\/06\/will-poulter-sera-pennywise\/","url":"https:\/\/kalot.com.mx\/site\/2015\/05\/06\/will-poulter-sera-pennywise\/","name":"Will Poulter Ser\u00e1 \"Pennywise\" - Kalot","isPartOf":{"@id":"https:\/\/kalot.com.mx\/site\/#website"},"primaryImageOfPage":{"@id":"https:\/\/kalot.com.mx\/site\/2015\/05\/06\/will-poulter-sera-pennywise\/#primaryimage"},"image":{"@id":"https:\/\/kalot.com.mx\/site\/2015\/05\/06\/will-poulter-sera-pennywise\/#primaryimage"},"thumbnailUrl":"https:\/\/i0.wp.com\/kalot.com.mx\/site\/wp-content\/uploads\/2015\/05\/WILL-POULTER-.jpg?fit=700%2C442&ssl=1","datePublished":"2015-05-06T17:21:26+00:00","description":"\u00a1Vuelve el payaso maldito! Con la puesta en marcha del remake de \"It\" (Eso), faltaba elegir al encargado de retomar el papel que\u00a0Tim Curry interpret\u00f3 de","breadcrumb":{"@id":"https:\/\/kalot.com.mx\/site\/2015\/05\/06\/will-poulter-sera-pennywise\/#breadcrumb"},"inLanguage":"es","potentialAction":[{"@type":"ReadAction","target":["https:\/\/kalot.com.mx\/site\/2015\/05\/06\/will-poulter-sera-pennywise\/"]}]},{"@type":"ImageObject","inLanguage":"es","@id":"https:\/\/kalot.com.mx\/site\/2015\/05\/06\/will-poulter-sera-pennywise\/#primaryimage","url":"https:\/\/i0.wp.com\/kalot.com.mx\/site\/wp-content\/uploads\/2015\/05\/WILL-POULTER-.jpg?fit=700%2C442&ssl=1","contentUrl":"https:\/\/i0.wp.com\/kalot.com.mx\/site\/wp-content\/uploads\/2015\/05\/WILL-POULTER-.jpg?fit=700%2C442&ssl=1","width":700,"height":442},{"@type":"BreadcrumbList","@id":"https:\/\/kalot.com.mx\/site\/2015\/05\/06\/will-poulter-sera-pennywise\/#breadcrumb","itemListElement":[{"@type":"ListItem","position":1,"name":"Home","item":"https:\/\/kalot.com.mx\/site\/"},{"@type":"ListItem","position":2,"name":"Will Poulter Ser\u00e1 &#8220;Pennywise&#8221;"}]},{"@type":"WebSite","@id":"https:\/\/kalot.com.mx\/site\/#website","url":"https:\/\/kalot.com.mx\/site\/","name":"Kalot","description":"Conoce Todo Sobre Todo","publisher":{"@id":"https:\/\/kalot.com.mx\/site\/#organization"},"potentialAction":[{"@type":"SearchAction","target":{"@type":"EntryPoint","urlTemplate":"https:\/\/kalot.com.mx\/site\/?s={search_term_string}"},"query-input":{"@type":"PropertyValueSpecification","valueRequired":true,"valueName":"search_term_string"}}],"inLanguage":"es"},{"@type":"Organization","@id":"https:\/\/kalot.com.mx\/site\/#organization","name":"Kalot","url":"https:\/\/kalot.com.mx\/site\/","logo":{"@type":"ImageObject","inLanguage":"es","@id":"https:\/\/kalot.com.mx\/site\/#\/schema\/logo\/image\/","url":"https:\/\/i0.wp.com\/kalot.com.mx\/site\/wp-content\/uploads\/2020\/04\/Kalot-logo-sin-tagline.png?fit=1707%2C1014&ssl=1","contentUrl":"https:\/\/i0.wp.com\/kalot.com.mx\/site\/wp-content\/uploads\/2020\/04\/Kalot-logo-sin-tagline.png?fit=1707%2C1014&ssl=1","width":1707,"height":1014,"caption":"Kalot"},"image":{"@id":"https:\/\/kalot.com.mx\/site\/#\/schema\/logo\/image\/"},"sameAs":["http:\/\/facebook.com\/mxkalot","https:\/\/x.com\/kalotmx","http:\/\/instagram.com\/kalotmx","http:\/\/pinterest.com\/jorgeerana\/kalot"]},{"@type":"Person","@id":"https:\/\/kalot.com.mx\/site\/#\/schema\/person\/1d75ba57b0359df6aee12de5a86e5b04","name":"yash","image":{"@type":"ImageObject","inLanguage":"es","@id":"https:\/\/secure.gravatar.com\/avatar\/be80e9883aa4c662e1a435d9ba36a6fba313cea893e0d847aac2ca2290e6decb?s=96&d=mm&r=g","url":"https:\/\/secure.gravatar.com\/avatar\/be80e9883aa4c662e1a435d9ba36a6fba313cea893e0d847aac2ca2290e6decb?s=96&d=mm&r=g","contentUrl":"https:\/\/secure.gravatar.com\/avatar\/be80e9883aa4c662e1a435d9ba36a6fba313cea893e0d847aac2ca2290e6decb?s=96&d=mm&r=g","caption":"yash"},"url":"https:\/\/kalot.com.mx\/site\/author\/yash\/"}]}},"jetpack_publicize_connections":[],"jetpack_featured_media_url":"https:\/\/i0.wp.com\/kalot.com.mx\/site\/wp-content\/uploads\/2015\/05\/WILL-POULTER-.jpg?fit=700%2C442&ssl=1","jetpack_shortlink":"https:\/\/wp.me\/p6IHEI-5zD","jetpack-related-posts":[{"id":22319,"url":"https:\/\/kalot.com.mx\/site\/2015\/07\/16\/andy-muschietti-podria-dirigir-el-remake-de-it\/","url_meta":{"origin":21429,"position":0},"title":"Andy Muschietti Podr\u00eda Dirigir el Remake de &#8220;It&#8221;","author":"yash","date":"16 julio, 2015","format":false,"excerpt":"Andy Muschietti (director de Mam\u00e1) se encuentra en platicas para convertirse en el nuevo director del remake de It. Cary Fukunaga, quien hab\u00eda sido designado para dirigir la cinta, abandon\u00f3 el proyecto por diferencias creativas con el estudio. El proyecto se hab\u00eda quedado en pausa y los productores de New\u2026","rel":"","context":"Entrada similar ","block_context":{"text":"Entrada similar ","link":""},"img":{"alt_text":"","src":"https:\/\/i0.wp.com\/kalot.com.mx\/site\/wp-content\/uploads\/2015\/07\/It.jpg?fit=1200%2C675&ssl=1&resize=350%2C200","width":350,"height":200,"srcset":"https:\/\/i0.wp.com\/kalot.com.mx\/site\/wp-content\/uploads\/2015\/07\/It.jpg?fit=1200%2C675&ssl=1&resize=350%2C200 1x, https:\/\/i0.wp.com\/kalot.com.mx\/site\/wp-content\/uploads\/2015\/07\/It.jpg?fit=1200%2C675&ssl=1&resize=525%2C300 1.5x, https:\/\/i0.wp.com\/kalot.com.mx\/site\/wp-content\/uploads\/2015\/07\/It.jpg?fit=1200%2C675&ssl=1&resize=700%2C400 2x, https:\/\/i0.wp.com\/kalot.com.mx\/site\/wp-content\/uploads\/2015\/07\/It.jpg?fit=1200%2C675&ssl=1&resize=1050%2C600 3x"},"classes":[]},{"id":13069,"url":"https:\/\/kalot.com.mx\/site\/2014\/03\/06\/mtv-movie-awards-lista-completa-nominados\/","url_meta":{"origin":21429,"position":1},"title":"MTV Movie Awards 2014: Lista completa de nominados","author":"Beto Mart\u00ednez","date":"6 marzo, 2014","format":false,"excerpt":"Les traemos la lista completa de los nominados a los MTV Movie Awards 2014, en la que destacan:\u00a0\u201cEl Lobo de Wall Street\u201d y \u201cEsc\u00e1ndalo americano\u201d con 8 nominaciones cada una y \u201cLos Juegos del Hambre: En Llamas\u201d con 7 nominaciones. Los premios se llevar\u00e1n a cabo en el Teatro Nokia\u2026","rel":"","context":"Con 1 comentario","block_context":{"text":"Con 1 comentario","link":"https:\/\/kalot.com.mx\/site\/2014\/03\/06\/mtv-movie-awards-lista-completa-nominados\/#comments"},"img":{"alt_text":"","src":"https:\/\/i0.wp.com\/kalot.com.mx\/site\/wp-content\/uploads\/2014\/03\/MTV.jpg?fit=1200%2C820&ssl=1&resize=350%2C200","width":350,"height":200,"srcset":"https:\/\/i0.wp.com\/kalot.com.mx\/site\/wp-content\/uploads\/2014\/03\/MTV.jpg?fit=1200%2C820&ssl=1&resize=350%2C200 1x, https:\/\/i0.wp.com\/kalot.com.mx\/site\/wp-content\/uploads\/2014\/03\/MTV.jpg?fit=1200%2C820&ssl=1&resize=525%2C300 1.5x, https:\/\/i0.wp.com\/kalot.com.mx\/site\/wp-content\/uploads\/2014\/03\/MTV.jpg?fit=1200%2C820&ssl=1&resize=700%2C400 2x, https:\/\/i0.wp.com\/kalot.com.mx\/site\/wp-content\/uploads\/2014\/03\/MTV.jpg?fit=1200%2C820&ssl=1&resize=1050%2C600 3x"},"classes":[]},{"id":2317,"url":"https:\/\/kalot.com.mx\/site\/2013\/09\/24\/no-se-aceptan-devoluciones-la-mejor-de-todos-los-tiempos-cine-eugenioderbez\/","url_meta":{"origin":21429,"position":2},"title":"No se aceptan devoluciones \u00bfLa mejor de todos los tiempos? #Cine @EugenioDerbez","author":"Anastacio S\u00e1nchez","date":"24 septiembre, 2013","format":false,"excerpt":"Con solo un fin de semana de que se comenz\u00f3 a reproducir la pel\u00edcula No se aceptan devoluciones y Eugenio Derbez ya est\u00e1n rompiendo r\u00e9cord, con $148.87 millones de pesos en solo tres d\u00edas, se convierte en la tercer pel\u00edcula Mexicana con m\u00e1s ingresos mientras se encuentra en cartelera.\u00a0Informaci\u00f3n difundida\u2026","rel":"","context":"Entrada similar ","block_context":{"text":"Entrada similar ","link":""},"img":{"alt_text":"","src":"https:\/\/i0.wp.com\/kalot.com.mx\/site\/wp-content\/uploads\/2013\/09\/5205532b67720_620x0.jpg?fit=620%2C310&ssl=1&resize=350%2C200","width":350,"height":200,"srcset":"https:\/\/i0.wp.com\/kalot.com.mx\/site\/wp-content\/uploads\/2013\/09\/5205532b67720_620x0.jpg?fit=620%2C310&ssl=1&resize=350%2C200 1x, https:\/\/i0.wp.com\/kalot.com.mx\/site\/wp-content\/uploads\/2013\/09\/5205532b67720_620x0.jpg?fit=620%2C310&ssl=1&resize=525%2C300 1.5x"},"classes":[]},{"id":22219,"url":"https:\/\/kalot.com.mx\/site\/2015\/07\/11\/confirman-pelicula-de-thekillingjoke\/","url_meta":{"origin":21429,"position":3},"title":"Confirman Pel\u00edcula de #TheKillingJoke","author":"yash","date":"11 julio, 2015","format":false,"excerpt":"La Comic-Con 2015 sigue dando de que hablar y en esta ocasi\u00f3n DC se vuelve robar los reflectores con el anuncio de tres nuevas pel\u00edculas animadas. Pero la noticia de mayor ruido fue que entre estas tres pel\u00edculas se encuentra una que estar\u00e1 basada en el exitoso c\u00f3mic de\u00a0Batman: The\u2026","rel":"","context":"Entrada similar ","block_context":{"text":"Entrada similar ","link":""},"img":{"alt_text":"","src":"https:\/\/i0.wp.com\/kalot.com.mx\/site\/wp-content\/uploads\/2015\/07\/Batman3.jpg?fit=1200%2C900&ssl=1&resize=350%2C200","width":350,"height":200,"srcset":"https:\/\/i0.wp.com\/kalot.com.mx\/site\/wp-content\/uploads\/2015\/07\/Batman3.jpg?fit=1200%2C900&ssl=1&resize=350%2C200 1x, https:\/\/i0.wp.com\/kalot.com.mx\/site\/wp-content\/uploads\/2015\/07\/Batman3.jpg?fit=1200%2C900&ssl=1&resize=525%2C300 1.5x, https:\/\/i0.wp.com\/kalot.com.mx\/site\/wp-content\/uploads\/2015\/07\/Batman3.jpg?fit=1200%2C900&ssl=1&resize=700%2C400 2x, https:\/\/i0.wp.com\/kalot.com.mx\/site\/wp-content\/uploads\/2015\/07\/Batman3.jpg?fit=1200%2C900&ssl=1&resize=1050%2C600 3x"},"classes":[]},{"id":25845,"url":"https:\/\/kalot.com.mx\/site\/2016\/08\/23\/la-serie-clasica-batman-tendra-pelicula-animada\/","url_meta":{"origin":21429,"position":4},"title":"La serie cl\u00e1sica de Batman tendr\u00e1 pel\u00edcula animada","author":"yash","date":"23 agosto, 2016","format":false,"excerpt":"El hombre murci\u00e9lago de 1966 volver\u00e1 una vez m\u00e1s a la pantalla y en esta ocasi\u00f3n lo hace de una forma especial: Una pel\u00edcula animada. Bruno D\u00edaz y Ricardo Tapia est\u00e1n de regreso, las capas y los trajes ajustados tambi\u00e9n, la m\u00fasica de los 60 vuelve recargada para ofrecernos un\u2026","rel":"","context":"En &quot;Cine&quot;","block_context":{"text":"Cine","link":"https:\/\/kalot.com.mx\/site\/category\/cine\/"},"img":{"alt_text":"","src":"https:\/\/i0.wp.com\/kalot.com.mx\/site\/wp-content\/uploads\/2016\/08\/BatmanCapedCrusaders.png?fit=1200%2C674&ssl=1&resize=350%2C200","width":350,"height":200,"srcset":"https:\/\/i0.wp.com\/kalot.com.mx\/site\/wp-content\/uploads\/2016\/08\/BatmanCapedCrusaders.png?fit=1200%2C674&ssl=1&resize=350%2C200 1x, https:\/\/i0.wp.com\/kalot.com.mx\/site\/wp-content\/uploads\/2016\/08\/BatmanCapedCrusaders.png?fit=1200%2C674&ssl=1&resize=525%2C300 1.5x, https:\/\/i0.wp.com\/kalot.com.mx\/site\/wp-content\/uploads\/2016\/08\/BatmanCapedCrusaders.png?fit=1200%2C674&ssl=1&resize=700%2C400 2x, https:\/\/i0.wp.com\/kalot.com.mx\/site\/wp-content\/uploads\/2016\/08\/BatmanCapedCrusaders.png?fit=1200%2C674&ssl=1&resize=1050%2C600 3x"},"classes":[]},{"id":25701,"url":"https:\/\/kalot.com.mx\/site\/2016\/08\/05\/laresena-escuadron-suicida\/","url_meta":{"origin":21429,"position":5},"title":"#LaRese\u00f1a: Escuadr\u00f3n Suicida","author":"yash","date":"5 agosto, 2016","format":false,"excerpt":"Escuadr\u00f3n Suicida trata de recuperar para DC lo perdido con BvS. Lamentablemente, esta cinta tambi\u00e9n falla aunque tiene algunas cosas positivas. Promet\u00eda ser la pel\u00edcula que devolver\u00eda a DC al puesto n\u00famero uno de las pel\u00edculas de superheroes. Ten\u00eda una buena historia acompa\u00f1ada de un gran elenco, adem\u00e1s, la aparici\u00f3n\u2026","rel":"","context":"En &quot;Cine&quot;","block_context":{"text":"Cine","link":"https:\/\/kalot.com.mx\/site\/category\/cine\/"},"img":{"alt_text":"","src":"https:\/\/i0.wp.com\/kalot.com.mx\/site\/wp-content\/uploads\/2016\/08\/suicide-squad.jpg?fit=800%2C400&ssl=1&resize=350%2C200","width":350,"height":200,"srcset":"https:\/\/i0.wp.com\/kalot.com.mx\/site\/wp-content\/uploads\/2016\/08\/suicide-squad.jpg?fit=800%2C400&ssl=1&resize=350%2C200 1x, https:\/\/i0.wp.com\/kalot.com.mx\/site\/wp-content\/uploads\/2016\/08\/suicide-squad.jpg?fit=800%2C400&ssl=1&resize=525%2C300 1.5x, https:\/\/i0.wp.com\/kalot.com.mx\/site\/wp-content\/uploads\/2016\/08\/suicide-squad.jpg?fit=800%2C400&ssl=1&resize=700%2C400 2x"},"classes":[]}],"jetpack_sharing_enabled":true,"_links":{"self":[{"href":"https:\/\/kalot.com.mx\/site\/wp-json\/wp\/v2\/posts\/21429","targetHints":{"allow":["GET"]}}],"collection":[{"href":"https:\/\/kalot.com.mx\/site\/wp-json\/wp\/v2\/posts"}],"about":[{"href":"https:\/\/kalot.com.mx\/site\/wp-json\/wp\/v2\/types\/post"}],"author":[{"embeddable":true,"href":"https:\/\/kalot.com.mx\/site\/wp-json\/wp\/v2\/users\/108"}],"replies":[{"embeddable":true,"href":"https:\/\/kalot.com.mx\/site\/wp-json\/wp\/v2\/comments?post=21429"}],"version-history":[{"count":0,"href":"https:\/\/kalot.com.mx\/site\/wp-json\/wp\/v2\/posts\/21429\/revisions"}],"wp:featuredmedia":[{"embeddable":true,"href":"https:\/\/kalot.com.mx\/site\/wp-json\/wp\/v2\/media\/21431"}],"wp:attachment":[{"href":"https:\/\/kalot.com.mx\/site\/wp-json\/wp\/v2\/media?parent=21429"}],"wp:term":[{"taxonomy":"category","embeddable":true,"href":"https:\/\/kalot.com.mx\/site\/wp-json\/wp\/v2\/categories?post=21429"},{"taxonomy":"post_tag","embeddable":true,"href":"https:\/\/kalot.com.mx\/site\/wp-json\/wp\/v2\/tags?post=21429"}],"curies":[{"name":"wp","href":"https:\/\/api.w.org\/{rel}","templated":true}]}}