{"id":21365,"date":"2015-04-29T18:21:22","date_gmt":"2015-04-29T23:21:22","guid":{"rendered":"http:\/\/www.kalot.com.mx\/?p=21365"},"modified":"2015-04-29T18:54:12","modified_gmt":"2015-04-29T23:54:12","slug":"incubadora-giff-capacitacion-a-la-vision-cinematografica-nacional","status":"publish","type":"post","link":"https:\/\/kalot.com.mx\/site\/2015\/04\/29\/incubadora-giff-capacitacion-a-la-vision-cinematografica-nacional\/","title":{"rendered":"Incubadora GIFF, capacitaci\u00f3n a la visi\u00f3n cinematogr\u00e1fica nacional"},"content":{"rendered":"<figure id=\"attachment_21369\" aria-describedby=\"caption-attachment-21369\" style=\"width: 300px\" class=\"wp-caption aligncenter\"><a href=\"https:\/\/i0.wp.com\/www.kalot.com.mx\/wp-content\/uploads\/2015\/04\/giff3.jpg\"><img data-recalc-dims=\"1\" fetchpriority=\"high\" decoding=\"async\" data-attachment-id=\"21369\" data-permalink=\"https:\/\/kalot.com.mx\/site\/2015\/04\/29\/incubadora-giff-capacitacion-a-la-vision-cinematografica-nacional\/giff3\/\" data-orig-file=\"https:\/\/i0.wp.com\/kalot.com.mx\/site\/wp-content\/uploads\/2015\/04\/giff3.jpg?fit=900%2C900&amp;ssl=1\" data-orig-size=\"900,900\" data-comments-opened=\"1\" data-image-meta=\"{&quot;aperture&quot;:&quot;0&quot;,&quot;credit&quot;:&quot;&quot;,&quot;camera&quot;:&quot;&quot;,&quot;caption&quot;:&quot;&quot;,&quot;created_timestamp&quot;:&quot;0&quot;,&quot;copyright&quot;:&quot;&quot;,&quot;focal_length&quot;:&quot;0&quot;,&quot;iso&quot;:&quot;0&quot;,&quot;shutter_speed&quot;:&quot;0&quot;,&quot;title&quot;:&quot;&quot;,&quot;orientation&quot;:&quot;0&quot;}\" data-image-title=\"giff3\" data-image-description=\"\" data-image-caption=\"\" data-large-file=\"https:\/\/i0.wp.com\/kalot.com.mx\/site\/wp-content\/uploads\/2015\/04\/giff3.jpg?fit=900%2C900&amp;ssl=1\" class=\"wp-image-21369 size-medium\" src=\"https:\/\/i0.wp.com\/www.kalot.com.mx\/wp-content\/uploads\/2015\/04\/giff3-300x300.jpg?resize=300%2C300\" alt=\"giff3\" width=\"300\" height=\"300\" srcset=\"https:\/\/i0.wp.com\/kalot.com.mx\/site\/wp-content\/uploads\/2015\/04\/giff3.jpg?resize=300%2C300&amp;ssl=1 300w, https:\/\/i0.wp.com\/kalot.com.mx\/site\/wp-content\/uploads\/2015\/04\/giff3.jpg?resize=768%2C768&amp;ssl=1 768w, https:\/\/i0.wp.com\/kalot.com.mx\/site\/wp-content\/uploads\/2015\/04\/giff3.jpg?resize=80%2C80&amp;ssl=1 80w, https:\/\/i0.wp.com\/kalot.com.mx\/site\/wp-content\/uploads\/2015\/04\/giff3.jpg?resize=110%2C110&amp;ssl=1 110w, https:\/\/i0.wp.com\/kalot.com.mx\/site\/wp-content\/uploads\/2015\/04\/giff3.jpg?resize=380%2C380&amp;ssl=1 380w, https:\/\/i0.wp.com\/kalot.com.mx\/site\/wp-content\/uploads\/2015\/04\/giff3.jpg?resize=800%2C800&amp;ssl=1 800w, https:\/\/i0.wp.com\/kalot.com.mx\/site\/wp-content\/uploads\/2015\/04\/giff3.jpg?resize=150%2C150&amp;ssl=1 150w, https:\/\/i0.wp.com\/kalot.com.mx\/site\/wp-content\/uploads\/2015\/04\/giff3.jpg?resize=810%2C810&amp;ssl=1 810w, https:\/\/i0.wp.com\/kalot.com.mx\/site\/wp-content\/uploads\/2015\/04\/giff3.jpg?w=900&amp;ssl=1 900w\" sizes=\"(max-width: 300px) 100vw, 300px\" \/><\/a><figcaption id=\"caption-attachment-21369\" class=\"wp-caption-text\">Incubadora GIFF<\/figcaption><\/figure>\n<p>El Guanajuato International Film Festival, GIFF por sus siglas en ingl\u00e9s; dio a conocer la\u00a0 apertura a la convocatoria de la Sexta Edici\u00f3n del programa \u00b4Incubadora\u00b4; la cual estar\u00e1 vigente del 14 de abril y cierre el 20 de junio del presente a\u00f1o.<\/p>\n<figure id=\"attachment_21370\" aria-describedby=\"caption-attachment-21370\" style=\"width: 300px\" class=\"wp-caption aligncenter\"><a href=\"https:\/\/i0.wp.com\/www.kalot.com.mx\/wp-content\/uploads\/2015\/04\/giff2.jpg\"><img data-recalc-dims=\"1\" decoding=\"async\" data-attachment-id=\"21370\" data-permalink=\"https:\/\/kalot.com.mx\/site\/2015\/04\/29\/incubadora-giff-capacitacion-a-la-vision-cinematografica-nacional\/giff2\/\" data-orig-file=\"https:\/\/i0.wp.com\/kalot.com.mx\/site\/wp-content\/uploads\/2015\/04\/giff2.jpg?fit=900%2C551&amp;ssl=1\" data-orig-size=\"900,551\" data-comments-opened=\"1\" data-image-meta=\"{&quot;aperture&quot;:&quot;0&quot;,&quot;credit&quot;:&quot;&quot;,&quot;camera&quot;:&quot;&quot;,&quot;caption&quot;:&quot;&quot;,&quot;created_timestamp&quot;:&quot;0&quot;,&quot;copyright&quot;:&quot;&quot;,&quot;focal_length&quot;:&quot;0&quot;,&quot;iso&quot;:&quot;0&quot;,&quot;shutter_speed&quot;:&quot;0&quot;,&quot;title&quot;:&quot;&quot;,&quot;orientation&quot;:&quot;0&quot;}\" data-image-title=\"giff2\" data-image-description=\"\" data-image-caption=\"\" data-large-file=\"https:\/\/i0.wp.com\/kalot.com.mx\/site\/wp-content\/uploads\/2015\/04\/giff2.jpg?fit=900%2C551&amp;ssl=1\" class=\"wp-image-21370 size-medium\" src=\"https:\/\/i0.wp.com\/www.kalot.com.mx\/wp-content\/uploads\/2015\/04\/giff2-300x184.jpg?resize=300%2C184\" alt=\"giff2\" width=\"300\" height=\"184\" srcset=\"https:\/\/i0.wp.com\/kalot.com.mx\/site\/wp-content\/uploads\/2015\/04\/giff2.jpg?resize=300%2C184&amp;ssl=1 300w, https:\/\/i0.wp.com\/kalot.com.mx\/site\/wp-content\/uploads\/2015\/04\/giff2.jpg?resize=768%2C470&amp;ssl=1 768w, https:\/\/i0.wp.com\/kalot.com.mx\/site\/wp-content\/uploads\/2015\/04\/giff2.jpg?resize=380%2C233&amp;ssl=1 380w, https:\/\/i0.wp.com\/kalot.com.mx\/site\/wp-content\/uploads\/2015\/04\/giff2.jpg?resize=800%2C490&amp;ssl=1 800w, https:\/\/i0.wp.com\/kalot.com.mx\/site\/wp-content\/uploads\/2015\/04\/giff2.jpg?resize=810%2C496&amp;ssl=1 810w, https:\/\/i0.wp.com\/kalot.com.mx\/site\/wp-content\/uploads\/2015\/04\/giff2.jpg?w=900&amp;ssl=1 900w\" sizes=\"(max-width: 300px) 100vw, 300px\" \/><\/a><figcaption id=\"caption-attachment-21370\" class=\"wp-caption-text\">Incubabora GIFF<\/figcaption><\/figure>\n<p>La \u00b4Incubadora\u00b4 del GIFF es una de las principales plataformas m\u00e1s importantes para el impulso y desarrollo de proyectos cinematogr\u00e1ficos de M\u00e9xico y tiene como prop\u00f3sito proyectar la producci\u00f3n de cine mexicano y catapultarlo a nivel internacional como una inversi\u00f3n de clase mundial.<\/p>\n<p>Desde la creaci\u00f3n del Festival\u00a0 \u00b4Expresi\u00f3n en Corto\u00b4 hace 18 a\u00f1os, el GIFF se dio a la tarea de crear un \u00e1rea de Industria que en verdad respondiera a las necesidades de los creadores mexicanos, con el fin de fortalecer el quehacer audiovisual nacional.<\/p>\n<figure id=\"attachment_21371\" aria-describedby=\"caption-attachment-21371\" style=\"width: 300px\" class=\"wp-caption aligncenter\"><a href=\"https:\/\/i0.wp.com\/www.kalot.com.mx\/wp-content\/uploads\/2015\/04\/giff1.jpg\"><img data-recalc-dims=\"1\" decoding=\"async\" data-attachment-id=\"21371\" data-permalink=\"https:\/\/kalot.com.mx\/site\/2015\/04\/29\/incubadora-giff-capacitacion-a-la-vision-cinematografica-nacional\/giff1\/\" data-orig-file=\"https:\/\/i0.wp.com\/kalot.com.mx\/site\/wp-content\/uploads\/2015\/04\/giff1.jpg?fit=900%2C600&amp;ssl=1\" data-orig-size=\"900,600\" data-comments-opened=\"1\" data-image-meta=\"{&quot;aperture&quot;:&quot;0&quot;,&quot;credit&quot;:&quot;&quot;,&quot;camera&quot;:&quot;&quot;,&quot;caption&quot;:&quot;&quot;,&quot;created_timestamp&quot;:&quot;0&quot;,&quot;copyright&quot;:&quot;&quot;,&quot;focal_length&quot;:&quot;0&quot;,&quot;iso&quot;:&quot;0&quot;,&quot;shutter_speed&quot;:&quot;0&quot;,&quot;title&quot;:&quot;&quot;,&quot;orientation&quot;:&quot;0&quot;}\" data-image-title=\"giff1\" data-image-description=\"\" data-image-caption=\"\" data-large-file=\"https:\/\/i0.wp.com\/kalot.com.mx\/site\/wp-content\/uploads\/2015\/04\/giff1.jpg?fit=900%2C600&amp;ssl=1\" class=\"wp-image-21371 size-medium\" src=\"https:\/\/i0.wp.com\/www.kalot.com.mx\/wp-content\/uploads\/2015\/04\/giff1-300x200.jpg?resize=300%2C200\" alt=\"giff1\" width=\"300\" height=\"200\" srcset=\"https:\/\/i0.wp.com\/kalot.com.mx\/site\/wp-content\/uploads\/2015\/04\/giff1.jpg?resize=300%2C200&amp;ssl=1 300w, https:\/\/i0.wp.com\/kalot.com.mx\/site\/wp-content\/uploads\/2015\/04\/giff1.jpg?resize=768%2C512&amp;ssl=1 768w, https:\/\/i0.wp.com\/kalot.com.mx\/site\/wp-content\/uploads\/2015\/04\/giff1.jpg?resize=380%2C253&amp;ssl=1 380w, https:\/\/i0.wp.com\/kalot.com.mx\/site\/wp-content\/uploads\/2015\/04\/giff1.jpg?resize=800%2C533&amp;ssl=1 800w, https:\/\/i0.wp.com\/kalot.com.mx\/site\/wp-content\/uploads\/2015\/04\/giff1.jpg?resize=810%2C540&amp;ssl=1 810w, https:\/\/i0.wp.com\/kalot.com.mx\/site\/wp-content\/uploads\/2015\/04\/giff1.jpg?w=900&amp;ssl=1 900w\" sizes=\"(max-width: 300px) 100vw, 300px\" \/><\/a><figcaption id=\"caption-attachment-21371\" class=\"wp-caption-text\">Teatro Ju\u00e1rez, Guanajuato, Gto &#8211; GIFF 2014<\/figcaption><\/figure>\n<p>\u00b4Todos los a\u00f1os el GIFF se esfuerza\u00a0 porque los seleccionados cuenten con la mejor asesor\u00eda del mundo. Por eso nos hemos enfocados en establecer diversas alianzas internacionales para el intercambio de asesor\u00edas especializadas individuales, de acuerdo a las necesidades de cada proyecto en desarrollo. Nuestra meta es fortalecer a la nueva generaci\u00f3n de cineastas mexicanos\u00b4, afirm\u00f3 Sarah Hoch, Directora GIFF.<\/p>\n<figure id=\"attachment_21368\" aria-describedby=\"caption-attachment-21368\" style=\"width: 300px\" class=\"wp-caption aligncenter\"><a href=\"https:\/\/i0.wp.com\/www.kalot.com.mx\/wp-content\/uploads\/2015\/04\/giff4-Sarah-Hoch.jpg\"><img data-recalc-dims=\"1\" loading=\"lazy\" decoding=\"async\" data-attachment-id=\"21368\" data-permalink=\"https:\/\/kalot.com.mx\/site\/2015\/04\/29\/incubadora-giff-capacitacion-a-la-vision-cinematografica-nacional\/giff4-sarah-hoch\/\" data-orig-file=\"https:\/\/i0.wp.com\/kalot.com.mx\/site\/wp-content\/uploads\/2015\/04\/giff4-Sarah-Hoch.jpg?fit=900%2C600&amp;ssl=1\" data-orig-size=\"900,600\" data-comments-opened=\"1\" data-image-meta=\"{&quot;aperture&quot;:&quot;0&quot;,&quot;credit&quot;:&quot;&quot;,&quot;camera&quot;:&quot;&quot;,&quot;caption&quot;:&quot;&quot;,&quot;created_timestamp&quot;:&quot;0&quot;,&quot;copyright&quot;:&quot;&quot;,&quot;focal_length&quot;:&quot;0&quot;,&quot;iso&quot;:&quot;0&quot;,&quot;shutter_speed&quot;:&quot;0&quot;,&quot;title&quot;:&quot;&quot;,&quot;orientation&quot;:&quot;0&quot;}\" data-image-title=\"giff4-Sarah-Hoch\" data-image-description=\"\" data-image-caption=\"\" data-large-file=\"https:\/\/i0.wp.com\/kalot.com.mx\/site\/wp-content\/uploads\/2015\/04\/giff4-Sarah-Hoch.jpg?fit=900%2C600&amp;ssl=1\" class=\"wp-image-21368 size-medium\" src=\"https:\/\/i0.wp.com\/www.kalot.com.mx\/wp-content\/uploads\/2015\/04\/giff4-Sarah-Hoch-300x200.jpg?resize=300%2C200\" alt=\"giff4-Sarah-Hoch\" width=\"300\" height=\"200\" srcset=\"https:\/\/i0.wp.com\/kalot.com.mx\/site\/wp-content\/uploads\/2015\/04\/giff4-Sarah-Hoch.jpg?resize=300%2C200&amp;ssl=1 300w, https:\/\/i0.wp.com\/kalot.com.mx\/site\/wp-content\/uploads\/2015\/04\/giff4-Sarah-Hoch.jpg?resize=768%2C512&amp;ssl=1 768w, https:\/\/i0.wp.com\/kalot.com.mx\/site\/wp-content\/uploads\/2015\/04\/giff4-Sarah-Hoch.jpg?resize=380%2C253&amp;ssl=1 380w, https:\/\/i0.wp.com\/kalot.com.mx\/site\/wp-content\/uploads\/2015\/04\/giff4-Sarah-Hoch.jpg?resize=800%2C533&amp;ssl=1 800w, https:\/\/i0.wp.com\/kalot.com.mx\/site\/wp-content\/uploads\/2015\/04\/giff4-Sarah-Hoch.jpg?resize=810%2C540&amp;ssl=1 810w, https:\/\/i0.wp.com\/kalot.com.mx\/site\/wp-content\/uploads\/2015\/04\/giff4-Sarah-Hoch.jpg?w=900&amp;ssl=1 900w\" sizes=\"(max-width: 300px) 100vw, 300px\" \/><\/a><figcaption id=\"caption-attachment-21368\" class=\"wp-caption-text\">Sarah Hoch &#8211; Dir. GIFF<\/figcaption><\/figure>\n<p>El proyecto de Industria de GIFF, ha contado con la participaci\u00f3n una amplia gama de asesores, tanto nacionales como internacionales, tales como Cin\u00e9fondation Festival de Cannes (Francia), Sundance Film Institute (EUA), Torino FilmLab (Italia), Produire au Sud (Francia), Cinema en Construcci\u00f3n (Francia\/Espa\u00f1a), SORFOND (Noruega), Vancouver Film School (Canad\u00e1), Cinemart (Holanda), Hubert Bals Fond (Holanda), EAVE (Luxemburgo), Binger Film Lab (Holanda), Slated (EUA), Paris Projects (Francia), Medienboard (Alemania), por mencionar algunos.<\/p>\n<p>La Incubadora GIFF de 2014 reuni\u00f3 a 37 especialistas del \u00b4s\u00e9ptimo arte\u00b4 que ofrecieron 300 actualizaciones-asesor\u00edas, que fueron destinados a los 75 proyectos seleccionados; entre las actualizaciones destacan,\u00a0 Desarrollo de Gui\u00f3n, Packaging, Pitching, Estrategias de Financiamiento, Fondos y Apoyos a producci\u00f3n, Mercados de Co-producci\u00f3n Internacional, Post-producci\u00f3n, Nuevas Estrategias de Distribuci\u00f3n, Festivales y Mercados.<\/p>\n<p>El GIFF se estar\u00e1 llevando acabo\u00a0 del 17 al 26 de julio del 2015, con Turqu\u00eda como pa\u00eds invitado de honor, la Incubadora se estar\u00e1 realizando dentro del marco del Festival Internacional de CINE de Guanajuato que tiene como pa\u00eds invitado a Turqu\u00eda&#8230;<\/p>\n<p>En breve te contar\u00e9 sobre la participaci\u00f3n de este pa\u00eds en el GIFF&#8230;<\/p>\n<p><a href=\"https:\/\/i0.wp.com\/www.kalot.com.mx\/wp-content\/uploads\/2015\/04\/giff4-Turquia.jpg\"><img data-recalc-dims=\"1\" loading=\"lazy\" decoding=\"async\" data-attachment-id=\"21367\" data-permalink=\"https:\/\/kalot.com.mx\/site\/2015\/04\/29\/incubadora-giff-capacitacion-a-la-vision-cinematografica-nacional\/giff4-turquia\/\" data-orig-file=\"https:\/\/i0.wp.com\/kalot.com.mx\/site\/wp-content\/uploads\/2015\/04\/giff4-Turquia.jpg?fit=900%2C500&amp;ssl=1\" data-orig-size=\"900,500\" data-comments-opened=\"1\" data-image-meta=\"{&quot;aperture&quot;:&quot;0&quot;,&quot;credit&quot;:&quot;&quot;,&quot;camera&quot;:&quot;&quot;,&quot;caption&quot;:&quot;&quot;,&quot;created_timestamp&quot;:&quot;0&quot;,&quot;copyright&quot;:&quot;&quot;,&quot;focal_length&quot;:&quot;0&quot;,&quot;iso&quot;:&quot;0&quot;,&quot;shutter_speed&quot;:&quot;0&quot;,&quot;title&quot;:&quot;&quot;,&quot;orientation&quot;:&quot;0&quot;}\" data-image-title=\"giff4-Turquia\" data-image-description=\"\" data-image-caption=\"\" data-large-file=\"https:\/\/i0.wp.com\/kalot.com.mx\/site\/wp-content\/uploads\/2015\/04\/giff4-Turquia.jpg?fit=900%2C500&amp;ssl=1\" class=\" size-medium wp-image-21367 aligncenter\" src=\"https:\/\/i0.wp.com\/www.kalot.com.mx\/wp-content\/uploads\/2015\/04\/giff4-Turquia-300x167.jpg?resize=300%2C167\" alt=\"giff4-Turquia\" width=\"300\" height=\"167\" srcset=\"https:\/\/i0.wp.com\/kalot.com.mx\/site\/wp-content\/uploads\/2015\/04\/giff4-Turquia.jpg?resize=300%2C167&amp;ssl=1 300w, https:\/\/i0.wp.com\/kalot.com.mx\/site\/wp-content\/uploads\/2015\/04\/giff4-Turquia.jpg?resize=768%2C427&amp;ssl=1 768w, https:\/\/i0.wp.com\/kalot.com.mx\/site\/wp-content\/uploads\/2015\/04\/giff4-Turquia.jpg?resize=380%2C211&amp;ssl=1 380w, https:\/\/i0.wp.com\/kalot.com.mx\/site\/wp-content\/uploads\/2015\/04\/giff4-Turquia.jpg?resize=800%2C444&amp;ssl=1 800w, https:\/\/i0.wp.com\/kalot.com.mx\/site\/wp-content\/uploads\/2015\/04\/giff4-Turquia.jpg?resize=810%2C450&amp;ssl=1 810w, https:\/\/i0.wp.com\/kalot.com.mx\/site\/wp-content\/uploads\/2015\/04\/giff4-Turquia.jpg?w=900&amp;ssl=1 900w\" sizes=\"(max-width: 300px) 100vw, 300px\" \/><\/a><\/p>\n","protected":false},"excerpt":{"rendered":"El Guanajuato International Film Festival, GIFF por sus siglas en ingl\u00e9s; dio a conocer la\u00a0 apertura a la&hellip;\n","protected":false},"author":124,"featured_media":21369,"comment_status":"open","ping_status":"open","sticky":false,"template":"","format":"standard","meta":{"jetpack_post_was_ever_published":false,"_jetpack_newsletter_access":"","_jetpack_dont_email_post_to_subs":false,"_jetpack_newsletter_tier_id":0,"_jetpack_memberships_contains_paywalled_content":false,"_jetpack_memberships_contains_paid_content":false,"footnotes":"","jetpack_publicize_message":"Incubadora GIFF, capacitaci\u00f3n a la visi\u00f3n cinematogr\u00e1fica nacional","jetpack_publicize_feature_enabled":true,"jetpack_social_post_already_shared":true,"jetpack_social_options":{"image_generator_settings":{"template":"highway","default_image_id":0,"font":"","enabled":false},"version":2}},"categories":[],"tags":[],"class_list":{"0":"post-21365","1":"post","2":"type-post","3":"status-publish","4":"format-standard","5":"has-post-thumbnail","7":"cs-entry","8":"cs-video-wrap"},"yoast_head":"<!-- This site is optimized with the Yoast SEO plugin v27.5 - https:\/\/yoast.com\/product\/yoast-seo-wordpress\/ -->\n<title>Incubadora GIFF, capacitaci\u00f3n a la visi\u00f3n cinematogr\u00e1fica nacional - Kalot<\/title>\n<meta name=\"description\" content=\"El Guanajuato International Film Festival, GIFF por sus siglas en ingl\u00e9s; dio a conocer la\u00a0 apertura a la convocatoria de la Sexta Edici\u00f3n del programa\" \/>\n<meta name=\"robots\" content=\"index, follow, max-snippet:-1, max-image-preview:large, max-video-preview:-1\" \/>\n<link rel=\"canonical\" href=\"https:\/\/kalot.com.mx\/site\/2015\/04\/29\/incubadora-giff-capacitacion-a-la-vision-cinematografica-nacional\/\" \/>\n<meta property=\"og:locale\" content=\"es_MX\" \/>\n<meta property=\"og:type\" content=\"article\" \/>\n<meta property=\"og:title\" content=\"Incubadora GIFF, capacitaci\u00f3n a la visi\u00f3n cinematogr\u00e1fica nacional - Kalot\" \/>\n<meta property=\"og:description\" content=\"El Guanajuato International Film Festival, GIFF por sus siglas en ingl\u00e9s; dio a conocer la\u00a0 apertura a la convocatoria de la Sexta Edici\u00f3n del programa\" \/>\n<meta property=\"og:url\" content=\"https:\/\/kalot.com.mx\/site\/2015\/04\/29\/incubadora-giff-capacitacion-a-la-vision-cinematografica-nacional\/\" \/>\n<meta property=\"og:site_name\" content=\"Kalot\" \/>\n<meta property=\"article:publisher\" content=\"http:\/\/facebook.com\/mxkalot\" \/>\n<meta property=\"article:author\" content=\"https:\/\/www.facebook.com\/alain.onate\" \/>\n<meta property=\"article:published_time\" content=\"2015-04-29T23:21:22+00:00\" \/>\n<meta property=\"article:modified_time\" content=\"2015-04-29T23:54:12+00:00\" \/>\n<meta property=\"og:image\" content=\"https:\/\/i2.wp.com\/kalot.com.mx\/site\/wp-content\/uploads\/2015\/04\/giff3.jpg?fit=900%2C900&ssl=1\" \/>\n\t<meta property=\"og:image:width\" content=\"900\" \/>\n\t<meta property=\"og:image:height\" content=\"900\" \/>\n\t<meta property=\"og:image:type\" content=\"image\/jpeg\" \/>\n<meta name=\"author\" content=\"Alain O\u00f1ate\" \/>\n<meta name=\"twitter:card\" content=\"summary_large_image\" \/>\n<meta name=\"twitter:creator\" content=\"@https:\/\/twitter.com\/alainonate\" \/>\n<meta name=\"twitter:site\" content=\"@kalotmx\" \/>\n<meta name=\"twitter:label1\" content=\"Escrito por\" \/>\n\t<meta name=\"twitter:data1\" content=\"Alain O\u00f1ate\" \/>\n\t<meta name=\"twitter:label2\" content=\"Tiempo de lectura\" \/>\n\t<meta name=\"twitter:data2\" content=\"2 minutos\" \/>\n<!-- \/ Yoast SEO plugin. -->","yoast_head_json":{"title":"Incubadora GIFF, capacitaci\u00f3n a la visi\u00f3n cinematogr\u00e1fica nacional - Kalot","description":"El Guanajuato International Film Festival, GIFF por sus siglas en ingl\u00e9s; dio a conocer la\u00a0 apertura a la convocatoria de la Sexta Edici\u00f3n del programa","robots":{"index":"index","follow":"follow","max-snippet":"max-snippet:-1","max-image-preview":"max-image-preview:large","max-video-preview":"max-video-preview:-1"},"canonical":"https:\/\/kalot.com.mx\/site\/2015\/04\/29\/incubadora-giff-capacitacion-a-la-vision-cinematografica-nacional\/","og_locale":"es_MX","og_type":"article","og_title":"Incubadora GIFF, capacitaci\u00f3n a la visi\u00f3n cinematogr\u00e1fica nacional - Kalot","og_description":"El Guanajuato International Film Festival, GIFF por sus siglas en ingl\u00e9s; dio a conocer la\u00a0 apertura a la convocatoria de la Sexta Edici\u00f3n del programa","og_url":"https:\/\/kalot.com.mx\/site\/2015\/04\/29\/incubadora-giff-capacitacion-a-la-vision-cinematografica-nacional\/","og_site_name":"Kalot","article_publisher":"http:\/\/facebook.com\/mxkalot","article_author":"https:\/\/www.facebook.com\/alain.onate","article_published_time":"2015-04-29T23:21:22+00:00","article_modified_time":"2015-04-29T23:54:12+00:00","og_image":[{"width":900,"height":900,"url":"https:\/\/i2.wp.com\/kalot.com.mx\/site\/wp-content\/uploads\/2015\/04\/giff3.jpg?fit=900%2C900&ssl=1","type":"image\/jpeg"}],"author":"Alain O\u00f1ate","twitter_card":"summary_large_image","twitter_creator":"@https:\/\/twitter.com\/alainonate","twitter_site":"@kalotmx","twitter_misc":{"Escrito por":"Alain O\u00f1ate","Tiempo de lectura":"2 minutos"},"schema":{"@context":"https:\/\/schema.org","@graph":[{"@type":"Article","@id":"https:\/\/kalot.com.mx\/site\/2015\/04\/29\/incubadora-giff-capacitacion-a-la-vision-cinematografica-nacional\/#article","isPartOf":{"@id":"https:\/\/kalot.com.mx\/site\/2015\/04\/29\/incubadora-giff-capacitacion-a-la-vision-cinematografica-nacional\/"},"author":{"name":"Alain O\u00f1ate","@id":"https:\/\/kalot.com.mx\/site\/#\/schema\/person\/6d137660417046881526fc2134f82dc9"},"headline":"Incubadora GIFF, capacitaci\u00f3n a la visi\u00f3n cinematogr\u00e1fica nacional","datePublished":"2015-04-29T23:21:22+00:00","dateModified":"2015-04-29T23:54:12+00:00","mainEntityOfPage":{"@id":"https:\/\/kalot.com.mx\/site\/2015\/04\/29\/incubadora-giff-capacitacion-a-la-vision-cinematografica-nacional\/"},"wordCount":448,"commentCount":0,"publisher":{"@id":"https:\/\/kalot.com.mx\/site\/#organization"},"image":{"@id":"https:\/\/kalot.com.mx\/site\/2015\/04\/29\/incubadora-giff-capacitacion-a-la-vision-cinematografica-nacional\/#primaryimage"},"thumbnailUrl":"https:\/\/i0.wp.com\/kalot.com.mx\/site\/wp-content\/uploads\/2015\/04\/giff3.jpg?fit=900%2C900&ssl=1","inLanguage":"es","potentialAction":[{"@type":"CommentAction","name":"Comment","target":["https:\/\/kalot.com.mx\/site\/2015\/04\/29\/incubadora-giff-capacitacion-a-la-vision-cinematografica-nacional\/#respond"]}]},{"@type":"WebPage","@id":"https:\/\/kalot.com.mx\/site\/2015\/04\/29\/incubadora-giff-capacitacion-a-la-vision-cinematografica-nacional\/","url":"https:\/\/kalot.com.mx\/site\/2015\/04\/29\/incubadora-giff-capacitacion-a-la-vision-cinematografica-nacional\/","name":"Incubadora GIFF, capacitaci\u00f3n a la visi\u00f3n cinematogr\u00e1fica nacional - Kalot","isPartOf":{"@id":"https:\/\/kalot.com.mx\/site\/#website"},"primaryImageOfPage":{"@id":"https:\/\/kalot.com.mx\/site\/2015\/04\/29\/incubadora-giff-capacitacion-a-la-vision-cinematografica-nacional\/#primaryimage"},"image":{"@id":"https:\/\/kalot.com.mx\/site\/2015\/04\/29\/incubadora-giff-capacitacion-a-la-vision-cinematografica-nacional\/#primaryimage"},"thumbnailUrl":"https:\/\/i0.wp.com\/kalot.com.mx\/site\/wp-content\/uploads\/2015\/04\/giff3.jpg?fit=900%2C900&ssl=1","datePublished":"2015-04-29T23:21:22+00:00","dateModified":"2015-04-29T23:54:12+00:00","description":"El Guanajuato International Film Festival, GIFF por sus siglas en ingl\u00e9s; dio a conocer la\u00a0 apertura a la convocatoria de la Sexta Edici\u00f3n del programa","breadcrumb":{"@id":"https:\/\/kalot.com.mx\/site\/2015\/04\/29\/incubadora-giff-capacitacion-a-la-vision-cinematografica-nacional\/#breadcrumb"},"inLanguage":"es","potentialAction":[{"@type":"ReadAction","target":["https:\/\/kalot.com.mx\/site\/2015\/04\/29\/incubadora-giff-capacitacion-a-la-vision-cinematografica-nacional\/"]}]},{"@type":"ImageObject","inLanguage":"es","@id":"https:\/\/kalot.com.mx\/site\/2015\/04\/29\/incubadora-giff-capacitacion-a-la-vision-cinematografica-nacional\/#primaryimage","url":"https:\/\/i0.wp.com\/kalot.com.mx\/site\/wp-content\/uploads\/2015\/04\/giff3.jpg?fit=900%2C900&ssl=1","contentUrl":"https:\/\/i0.wp.com\/kalot.com.mx\/site\/wp-content\/uploads\/2015\/04\/giff3.jpg?fit=900%2C900&ssl=1","width":900,"height":900},{"@type":"BreadcrumbList","@id":"https:\/\/kalot.com.mx\/site\/2015\/04\/29\/incubadora-giff-capacitacion-a-la-vision-cinematografica-nacional\/#breadcrumb","itemListElement":[{"@type":"ListItem","position":1,"name":"Home","item":"https:\/\/kalot.com.mx\/site\/"},{"@type":"ListItem","position":2,"name":"Incubadora GIFF, capacitaci\u00f3n a la visi\u00f3n cinematogr\u00e1fica nacional"}]},{"@type":"WebSite","@id":"https:\/\/kalot.com.mx\/site\/#website","url":"https:\/\/kalot.com.mx\/site\/","name":"Kalot","description":"Conoce Todo Sobre Todo","publisher":{"@id":"https:\/\/kalot.com.mx\/site\/#organization"},"potentialAction":[{"@type":"SearchAction","target":{"@type":"EntryPoint","urlTemplate":"https:\/\/kalot.com.mx\/site\/?s={search_term_string}"},"query-input":{"@type":"PropertyValueSpecification","valueRequired":true,"valueName":"search_term_string"}}],"inLanguage":"es"},{"@type":"Organization","@id":"https:\/\/kalot.com.mx\/site\/#organization","name":"Kalot","url":"https:\/\/kalot.com.mx\/site\/","logo":{"@type":"ImageObject","inLanguage":"es","@id":"https:\/\/kalot.com.mx\/site\/#\/schema\/logo\/image\/","url":"https:\/\/i0.wp.com\/kalot.com.mx\/site\/wp-content\/uploads\/2020\/04\/Kalot-logo-sin-tagline.png?fit=1707%2C1014&ssl=1","contentUrl":"https:\/\/i0.wp.com\/kalot.com.mx\/site\/wp-content\/uploads\/2020\/04\/Kalot-logo-sin-tagline.png?fit=1707%2C1014&ssl=1","width":1707,"height":1014,"caption":"Kalot"},"image":{"@id":"https:\/\/kalot.com.mx\/site\/#\/schema\/logo\/image\/"},"sameAs":["http:\/\/facebook.com\/mxkalot","https:\/\/x.com\/kalotmx","http:\/\/instagram.com\/kalotmx","http:\/\/pinterest.com\/jorgeerana\/kalot"]},{"@type":"Person","@id":"https:\/\/kalot.com.mx\/site\/#\/schema\/person\/6d137660417046881526fc2134f82dc9","name":"Alain O\u00f1ate","image":{"@type":"ImageObject","inLanguage":"es","@id":"https:\/\/secure.gravatar.com\/avatar\/76d5877c06aec82d1b411d6103400b8e85f44cbf549204355150dc9bca9abcbc?s=96&d=mm&r=g","url":"https:\/\/secure.gravatar.com\/avatar\/76d5877c06aec82d1b411d6103400b8e85f44cbf549204355150dc9bca9abcbc?s=96&d=mm&r=g","contentUrl":"https:\/\/secure.gravatar.com\/avatar\/76d5877c06aec82d1b411d6103400b8e85f44cbf549204355150dc9bca9abcbc?s=96&d=mm&r=g","caption":"Alain O\u00f1ate"},"description":"Fan del periodismo, MSM, DJ, design, Community\/Content Manager: @CreativoPlasma, @cervecerosbajio, @audiencemkt, @revistamore hincha @clubleonfc y fan de la Lucha Libre... Informando desde \u00b4Donde la Vida no vale nada\u00b4; Le\u00f3n de los Aldama, Guanajuato, M\u00e9xico.","sameAs":["https:\/\/www.facebook.com\/alain.onate","https:\/\/instagram.com\/alainonate\/","https:\/\/mx.linkedin.com\/in\/alainonate","https:\/\/x.com\/https:\/\/twitter.com\/alainonate"],"url":"https:\/\/kalot.com.mx\/site\/author\/alian\/"}]}},"jetpack_publicize_connections":[],"jetpack_featured_media_url":"https:\/\/i0.wp.com\/kalot.com.mx\/site\/wp-content\/uploads\/2015\/04\/giff3.jpg?fit=900%2C900&ssl=1","jetpack_shortlink":"https:\/\/wp.me\/p6IHEI-5yB","jetpack-related-posts":[{"id":21434,"url":"https:\/\/kalot.com.mx\/site\/2015\/05\/06\/las-historias-de-guanajuato-en-el-festival-de-cannes-giff-con-participacion-historica\/","url_meta":{"origin":21365,"position":0},"title":"Las historias de Guanajuato en el Festival de Cannes; GIFF con participaci\u00f3n hist\u00f3rica","author":"Alain O\u00f1ate","date":"6 mayo, 2015","format":false,"excerpt":"El GIFF con la presencia m\u00e1s importante de su historia en la 68 edici\u00f3n del Festival de Cannes en la cual desarrollan diversas estrategias que deriven en beneficios para el cine de nuestro pa\u00eds. Por primera veez exhibe los documentales del concurso \u00b4Identidad y Pertenencia\u00b4, contando las historias de Guanajuato\u2026","rel":"","context":"Entrada similar ","block_context":{"text":"Entrada similar ","link":""},"img":{"alt_text":"","src":"https:\/\/i0.wp.com\/kalot.com.mx\/site\/wp-content\/uploads\/2015\/05\/MexiCannes-2014-Giff.jpg?fit=900%2C600&ssl=1&resize=350%2C200","width":350,"height":200,"srcset":"https:\/\/i0.wp.com\/kalot.com.mx\/site\/wp-content\/uploads\/2015\/05\/MexiCannes-2014-Giff.jpg?fit=900%2C600&ssl=1&resize=350%2C200 1x, https:\/\/i0.wp.com\/kalot.com.mx\/site\/wp-content\/uploads\/2015\/05\/MexiCannes-2014-Giff.jpg?fit=900%2C600&ssl=1&resize=525%2C300 1.5x, https:\/\/i0.wp.com\/kalot.com.mx\/site\/wp-content\/uploads\/2015\/05\/MexiCannes-2014-Giff.jpg?fit=900%2C600&ssl=1&resize=700%2C400 2x"},"classes":[]},{"id":16025,"url":"https:\/\/kalot.com.mx\/site\/2014\/05\/15\/quien-dijo-que-era-malo-llorar\/","url_meta":{"origin":21365,"position":1},"title":"\u00bfQui\u00e9n dijo que era malo llorar?","author":"Mar\u00eda Alvarado","date":"15 mayo, 2014","format":false,"excerpt":"\u00bfQui\u00e9n dijo que era malo llorar? Este es el nombre de uno de los cortometrajes que participar\u00e1n para el \u201cGuanajuato International Film Festival\u201d o GIFF para el VI Rally Universitario. A palabras del propio GIFF: Se presentaron los 9 equipos que participar\u00e1n en el VI Rally Universitario \u201cGIFF\u201d 2014, este\u2026","rel":"","context":"Entrada similar ","block_context":{"text":"Entrada similar ","link":""},"img":{"alt_text":"","src":"https:\/\/i0.wp.com\/kalot.com.mx\/site\/wp-content\/uploads\/2014\/05\/Crew-0022.jpg?fit=900%2C600&ssl=1&resize=350%2C200","width":350,"height":200,"srcset":"https:\/\/i0.wp.com\/kalot.com.mx\/site\/wp-content\/uploads\/2014\/05\/Crew-0022.jpg?fit=900%2C600&ssl=1&resize=350%2C200 1x, https:\/\/i0.wp.com\/kalot.com.mx\/site\/wp-content\/uploads\/2014\/05\/Crew-0022.jpg?fit=900%2C600&ssl=1&resize=525%2C300 1.5x, https:\/\/i0.wp.com\/kalot.com.mx\/site\/wp-content\/uploads\/2014\/05\/Crew-0022.jpg?fit=900%2C600&ssl=1&resize=700%2C400 2x"},"classes":[]},{"id":2012,"url":"https:\/\/kalot.com.mx\/site\/2013\/09\/19\/que-hace-el-instituto-del-emprendedor-de-san-luis-emprendiendola\/","url_meta":{"origin":21365,"position":2},"title":"\u00bfQu\u00e9 hace el Instituto del Emprendedor de San Luis? #Emprendi\u00e9ndola","author":"Rudy Marin","date":"19 septiembre, 2013","format":false,"excerpt":"Durante meses hab\u00eda escuchado que este era el proyecto estrella del Presidente de M\u00e9xico, Enrique Pe\u00f1a Nieto. A nivel nacional, por medio del Instituto Nacional del Emprendedor (INADEM), se han desarrollado un conjunto de programas para incentivar el emprendimiento en M\u00e9xico, buscando con ello modelos de negocio de alto impacto\u2026","rel":"","context":"Entrada similar ","block_context":{"text":"Entrada similar ","link":""},"img":{"alt_text":"","src":"https:\/\/i0.wp.com\/kalot.com.mx\/site\/wp-content\/uploads\/2013\/09\/20130919-230602.jpg?fit=497%2C768&ssl=1&resize=350%2C200","width":350,"height":200},"classes":[]},{"id":785,"url":"https:\/\/kalot.com.mx\/site\/2013\/09\/05\/785\/","url_meta":{"origin":21365,"position":3},"title":"La moda insoportable","author":"Dulce Mireles","date":"5 septiembre, 2013","format":false,"excerpt":"\u00a0 Navegando por la web (frases del abuelo) me encontr\u00e9 con esta imagen, primero solt\u00e9 una carcajada (frase tan noventera) y despu\u00e9s pens\u00e9: \u00bfQu\u00e9 opinar\u00edan los expertos de moda sobre esta imagen? Tal vez Coco muera de nuevo o simplemente regresar\u00eda para recordarnos una de sus frases famosas\"Todo lo que\u2026","rel":"","context":"Entrada similar ","block_context":{"text":"Entrada similar ","link":""},"img":{"alt_text":"","src":"https:\/\/i0.wp.com\/kalot.com.mx\/site\/wp-content\/uploads\/2013\/09\/1236801_10151547539641292_1574893388_n.png?fit=488%2C559&ssl=1&resize=350%2C200","width":350,"height":200},"classes":[]},{"id":8314,"url":"https:\/\/kalot.com.mx\/site\/2013\/12\/23\/videos-virales-2013\/","url_meta":{"origin":21365,"position":4},"title":"Los videos virales del 2013","author":"Jorge Era\u00f1a","date":"23 diciembre, 2013","format":false,"excerpt":"Definitivamente lo que m\u00e1s me gusta de diciembre es que empiezan todos los res\u00famenes, rese\u00f1as y lo mejor que pas\u00f3 durante todo el a\u00f1o y Kalot no pod\u00eda faltar en el recuento final de los mejores videos del 2013 que se convirtieron en virales porque fueron graciosos, diferentes, art\u00edsticos e\u2026","rel":"","context":"Entrada similar ","block_context":{"text":"Entrada similar ","link":""},"img":{"alt_text":"","src":"https:\/\/i0.wp.com\/kalot.com.mx\/site\/wp-content\/uploads\/2013\/12\/Vamers-FIY-Ermahgerd-What-does-the-Fox-say-Ylvis-has-the-answer-Main-.jpg?fit=1000%2C562&ssl=1&resize=350%2C200","width":350,"height":200,"srcset":"https:\/\/i0.wp.com\/kalot.com.mx\/site\/wp-content\/uploads\/2013\/12\/Vamers-FIY-Ermahgerd-What-does-the-Fox-say-Ylvis-has-the-answer-Main-.jpg?fit=1000%2C562&ssl=1&resize=350%2C200 1x, https:\/\/i0.wp.com\/kalot.com.mx\/site\/wp-content\/uploads\/2013\/12\/Vamers-FIY-Ermahgerd-What-does-the-Fox-say-Ylvis-has-the-answer-Main-.jpg?fit=1000%2C562&ssl=1&resize=525%2C300 1.5x, https:\/\/i0.wp.com\/kalot.com.mx\/site\/wp-content\/uploads\/2013\/12\/Vamers-FIY-Ermahgerd-What-does-the-Fox-say-Ylvis-has-the-answer-Main-.jpg?fit=1000%2C562&ssl=1&resize=700%2C400 2x"},"classes":[]},{"id":13226,"url":"https:\/\/kalot.com.mx\/site\/2014\/03\/12\/opinion-de-300-rise-empire\/","url_meta":{"origin":21365,"position":5},"title":"Opini\u00f3n de 300: Rise of an Empire","author":"Santiago Herrera","date":"12 marzo, 2014","format":false,"excerpt":"En el cine en general se considera que las secuelas nunca logran superar a sus predecesoras. En el caso de 300: Rise of an Empire no solo existia una gran incognita por ser (la que pensabamos que ser\u00eda) secuela de una gran novela gr\u00e1fica que no tiene segunda parte y\u2026","rel":"","context":"En &quot;Sin categor\u00eda&quot;","block_context":{"text":"Sin categor\u00eda","link":"https:\/\/kalot.com.mx\/site\/category\/sin-categoria\/"},"img":{"alt_text":"","src":"https:\/\/i0.wp.com\/kalot.com.mx\/site\/wp-content\/uploads\/2014\/03\/RISE-OF-AN-EMPIRE.jpg?fit=1200%2C750&ssl=1&resize=350%2C200","width":350,"height":200,"srcset":"https:\/\/i0.wp.com\/kalot.com.mx\/site\/wp-content\/uploads\/2014\/03\/RISE-OF-AN-EMPIRE.jpg?fit=1200%2C750&ssl=1&resize=350%2C200 1x, https:\/\/i0.wp.com\/kalot.com.mx\/site\/wp-content\/uploads\/2014\/03\/RISE-OF-AN-EMPIRE.jpg?fit=1200%2C750&ssl=1&resize=525%2C300 1.5x, https:\/\/i0.wp.com\/kalot.com.mx\/site\/wp-content\/uploads\/2014\/03\/RISE-OF-AN-EMPIRE.jpg?fit=1200%2C750&ssl=1&resize=700%2C400 2x, https:\/\/i0.wp.com\/kalot.com.mx\/site\/wp-content\/uploads\/2014\/03\/RISE-OF-AN-EMPIRE.jpg?fit=1200%2C750&ssl=1&resize=1050%2C600 3x"},"classes":[]}],"jetpack_sharing_enabled":true,"_links":{"self":[{"href":"https:\/\/kalot.com.mx\/site\/wp-json\/wp\/v2\/posts\/21365","targetHints":{"allow":["GET"]}}],"collection":[{"href":"https:\/\/kalot.com.mx\/site\/wp-json\/wp\/v2\/posts"}],"about":[{"href":"https:\/\/kalot.com.mx\/site\/wp-json\/wp\/v2\/types\/post"}],"author":[{"embeddable":true,"href":"https:\/\/kalot.com.mx\/site\/wp-json\/wp\/v2\/users\/124"}],"replies":[{"embeddable":true,"href":"https:\/\/kalot.com.mx\/site\/wp-json\/wp\/v2\/comments?post=21365"}],"version-history":[{"count":0,"href":"https:\/\/kalot.com.mx\/site\/wp-json\/wp\/v2\/posts\/21365\/revisions"}],"wp:featuredmedia":[{"embeddable":true,"href":"https:\/\/kalot.com.mx\/site\/wp-json\/wp\/v2\/media\/21369"}],"wp:attachment":[{"href":"https:\/\/kalot.com.mx\/site\/wp-json\/wp\/v2\/media?parent=21365"}],"wp:term":[{"taxonomy":"category","embeddable":true,"href":"https:\/\/kalot.com.mx\/site\/wp-json\/wp\/v2\/categories?post=21365"},{"taxonomy":"post_tag","embeddable":true,"href":"https:\/\/kalot.com.mx\/site\/wp-json\/wp\/v2\/tags?post=21365"}],"curies":[{"name":"wp","href":"https:\/\/api.w.org\/{rel}","templated":true}]}}