{"id":21298,"date":"2015-04-27T10:40:44","date_gmt":"2015-04-27T15:40:44","guid":{"rendered":"http:\/\/www.kalot.com.mx\/?p=21298"},"modified":"2015-04-27T10:40:44","modified_gmt":"2015-04-27T15:40:44","slug":"la-perfecta-fashionista","status":"publish","type":"post","link":"https:\/\/kalot.com.mx\/site\/2015\/04\/27\/la-perfecta-fashionista\/","title":{"rendered":"La perfecta fashionista"},"content":{"rendered":"<p align=\"JUSTIFY\">A pesar de que no soy dise\u00f1adora de modas, tampoco visto con marcas de grandes dise\u00f1adores (aunque los admiro y me encantan sus creaciones), no poseo mi propia marca de ropa o he organizado las pasarelas m\u00e1s espectaculares; puedo decir que soy una fiel amante de la moda, el estilo y las nuevas tendencias.<\/p>\n<p align=\"JUSTIFY\">En pocas palabras puedo decirte que soy Mercad\u00f3loga de profesi\u00f3n y Fashionista de coraz\u00f3n.<\/p>\n<p align=\"JUSTIFY\">Pero&#8230; <strong>\u00bfQu\u00e9 significa ser fashionista?<\/strong><\/p>\n<p align=\"JUSTIFY\">Seguramente habr\u00e1 quienes piensen que ser fashionista es comprar y usar las creaciones m\u00e1s actuales de la moda, adquirir los \u00faltimos dise\u00f1os de Michael Kors, Versace, Chanel, Donna Karan o cualquier otro dise\u00f1ador que se atraviese en su camino, sin importar si va con su estilo o no.<\/p>\n<p align=\"JUSTIFY\">Otros m\u00e1s jurar\u00e1n que es necesario &#8220;colgarse hasta el molcajete&#8221; para destacar, imponer personalidad y demostrar que est\u00e1n a la moda.<\/p>\n<p align=\"JUSTIFY\">Lo cierto es, que ser fashionista est\u00e1 muy lejos de todo esto. Una persona fashionista es aquella que a pesar de todas las tendencias que existan, sabe cuales van con su estilo e identidad, y no necesita la ropa m\u00e1s cara<img data-recalc-dims=\"1\" fetchpriority=\"high\" decoding=\"async\" data-attachment-id=\"21301\" data-permalink=\"https:\/\/kalot.com.mx\/site\/2015\/04\/27\/la-perfecta-fashionista\/chanel_fashionista_moda_frase\/\" data-orig-file=\"https:\/\/i0.wp.com\/kalot.com.mx\/site\/wp-content\/uploads\/2015\/04\/Chanel_fashionista_moda_frase.jpg?fit=225%2C225&amp;ssl=1\" data-orig-size=\"225,225\" data-comments-opened=\"1\" data-image-meta=\"{&quot;aperture&quot;:&quot;0&quot;,&quot;credit&quot;:&quot;&quot;,&quot;camera&quot;:&quot;&quot;,&quot;caption&quot;:&quot;&quot;,&quot;created_timestamp&quot;:&quot;0&quot;,&quot;copyright&quot;:&quot;&quot;,&quot;focal_length&quot;:&quot;0&quot;,&quot;iso&quot;:&quot;0&quot;,&quot;shutter_speed&quot;:&quot;0&quot;,&quot;title&quot;:&quot;&quot;,&quot;orientation&quot;:&quot;0&quot;}\" data-image-title=\"Chanel_fashionista_moda_frase\" data-image-description=\"\" data-image-caption=\"\" data-large-file=\"https:\/\/i0.wp.com\/kalot.com.mx\/site\/wp-content\/uploads\/2015\/04\/Chanel_fashionista_moda_frase.jpg?fit=225%2C225&amp;ssl=1\" class=\"  wp-image-21301 alignright\" src=\"https:\/\/i0.wp.com\/www.kalot.com.mx\/wp-content\/uploads\/2015\/04\/Chanel_fashionista_moda_frase.jpg?resize=296%2C296\" alt=\"Chanel_fashionista_moda_frase\" width=\"296\" height=\"296\" srcset=\"https:\/\/i0.wp.com\/kalot.com.mx\/site\/wp-content\/uploads\/2015\/04\/Chanel_fashionista_moda_frase.jpg?w=225&amp;ssl=1 225w, https:\/\/i0.wp.com\/kalot.com.mx\/site\/wp-content\/uploads\/2015\/04\/Chanel_fashionista_moda_frase.jpg?resize=80%2C80&amp;ssl=1 80w, https:\/\/i0.wp.com\/kalot.com.mx\/site\/wp-content\/uploads\/2015\/04\/Chanel_fashionista_moda_frase.jpg?resize=110%2C110&amp;ssl=1 110w, https:\/\/i0.wp.com\/kalot.com.mx\/site\/wp-content\/uploads\/2015\/04\/Chanel_fashionista_moda_frase.jpg?resize=150%2C150&amp;ssl=1 150w\" sizes=\"(max-width: 296px) 100vw, 296px\" \/> o de marca para imponer su presencia y destacar de entre los dem\u00e1s.<\/p>\n<p align=\"JUSTIFY\">Es una persona segura de si misma, que sabe exactamente que usar y cuando usarlo. Una persona que no necesita estar al \u00faltimo grito de la moda para lucir incre\u00edble. Alguien capaz de combinar estilos actuales, pasados e incluso fuera de lo com\u00fan y reflejar una personalidad que la hace \u00fanica y la distingue del resto.<\/p>\n<p align=\"JUSTIFY\">Una vez sabiendo esto, llegamos a esta gran pregunta: <strong>\u00bfC\u00f3mo puedo convertirme en una perfecta fashionista?<\/strong><\/p>\n<p align=\"JUSTIFY\">Lo primero que hay que tener presente es que la moda no s\u00f3lo consiste en la ropa que usas o los gadgets que posees, tambi\u00e9n es una cuesti\u00f3n de actitud, car\u00e1cter y adaptabilidad.<\/p>\n<p align=\"JUSTIFY\">Como en todo, el conocimiento y preparaci\u00f3n sobre un tema siempre te dar\u00e1 m\u00e1s confianza y seguridad sobre tu forma de vestir y comportarte. Es importante estar informada sobre las nuevas tendencias, colores, accesorios destacados, influencias y hasta texturas que se usar\u00e1n durante cada temporada. Ojo, esto no significa que tengas que tener en tu guardarropa todo lo que se propone, ya que principalmente la moda se basa en esto, propuestas, y es decisi\u00f3n tuya adoptarlas o no.<\/p>\n<p align=\"JUSTIFY\">Segundo, y lo m\u00e1s importante, tomarte el tiempo para responder estas preguntas: \u00bfQui\u00e9n soy y qu\u00e9 quiero transmitir a trav\u00e9s de mi imagen?, \u00bfLa ropa que uso es realmente fiel a mi esencia? Y por \u00faltimo \u00bfMe siento c\u00f3moda con mi estilo?. Una vez que respondas estas preguntas, puedes usarlas como base cada vez que vayas de compras y as\u00ed \u00fanicamente adquirir la ropa y accesorios que realmente te representan como persona.<\/p>\n<p align=\"JUSTIFY\"><a href=\"https:\/\/i0.wp.com\/www.kalot.com.mx\/wp-content\/uploads\/2015\/04\/DVF_fashionista_moda_frase.png\"><img data-recalc-dims=\"1\" decoding=\"async\" data-attachment-id=\"21303\" data-permalink=\"https:\/\/kalot.com.mx\/site\/2015\/04\/27\/la-perfecta-fashionista\/dvf_fashionista_moda_frase\/\" data-orig-file=\"https:\/\/i0.wp.com\/kalot.com.mx\/site\/wp-content\/uploads\/2015\/04\/DVF_fashionista_moda_frase.png?fit=225%2C225&amp;ssl=1\" data-orig-size=\"225,225\" data-comments-opened=\"1\" data-image-meta=\"{&quot;aperture&quot;:&quot;0&quot;,&quot;credit&quot;:&quot;&quot;,&quot;camera&quot;:&quot;&quot;,&quot;caption&quot;:&quot;&quot;,&quot;created_timestamp&quot;:&quot;0&quot;,&quot;copyright&quot;:&quot;&quot;,&quot;focal_length&quot;:&quot;0&quot;,&quot;iso&quot;:&quot;0&quot;,&quot;shutter_speed&quot;:&quot;0&quot;,&quot;title&quot;:&quot;&quot;,&quot;orientation&quot;:&quot;0&quot;}\" data-image-title=\"DVF_fashionista_moda_frase\" data-image-description=\"\" data-image-caption=\"\" data-large-file=\"https:\/\/i0.wp.com\/kalot.com.mx\/site\/wp-content\/uploads\/2015\/04\/DVF_fashionista_moda_frase.png?fit=225%2C225&amp;ssl=1\" class=\"  wp-image-21303 alignleft\" src=\"https:\/\/i0.wp.com\/www.kalot.com.mx\/wp-content\/uploads\/2015\/04\/DVF_fashionista_moda_frase.png?resize=259%2C259\" alt=\"DVF_fashionista_moda_frase\" width=\"259\" height=\"259\" srcset=\"https:\/\/i0.wp.com\/kalot.com.mx\/site\/wp-content\/uploads\/2015\/04\/DVF_fashionista_moda_frase.png?w=225&amp;ssl=1 225w, https:\/\/i0.wp.com\/kalot.com.mx\/site\/wp-content\/uploads\/2015\/04\/DVF_fashionista_moda_frase.png?resize=80%2C80&amp;ssl=1 80w, https:\/\/i0.wp.com\/kalot.com.mx\/site\/wp-content\/uploads\/2015\/04\/DVF_fashionista_moda_frase.png?resize=110%2C110&amp;ssl=1 110w, https:\/\/i0.wp.com\/kalot.com.mx\/site\/wp-content\/uploads\/2015\/04\/DVF_fashionista_moda_frase.png?resize=150%2C150&amp;ssl=1 150w\" sizes=\"(max-width: 259px) 100vw, 259px\" \/><\/a>Es b\u00e1sico que conozcas tu cuerpo, que tipo de formas tiene, como son tus facciones, estar consciente de tu peso y altura, tono de piel, y todas tus caracteristicas fisicas que te hacen \u00fanica. Sabiendo esto ser\u00e1 m\u00e1s f\u00e1cil saber que tipo de prendas te quedar\u00e1n bien, que maquillaje y accesorios usar, que atributos destacar, que colores te van bien y cuales ni muerta deber\u00edas usar.<\/p>\n<p align=\"JUSTIFY\">Por \u00faltimo, divi\u00e9rtete, echa a volar tu imaginaci\u00f3n y tu creatividad, atrevete a ser diferente e imponer un nuevo estilo \u00fanico basado en tu personalidad y valores, no te vistas para agradar a nadie m\u00e1s que a ti misma, pero sobre todo, si\u00e9ntete libre y segura con lo que usas.<\/p>\n<p align=\"JUSTIFY\">Comienza hoy cambiando peque\u00f1os h\u00e1bitos en tu forma de vestir, en tus combinaciones o hasta en los accesorios, peinado o maquillaje que usas y ver\u00e1s como poco a poco comenzar\u00e1s a convertirte en una gran fashionista.<\/p>\n","protected":false},"excerpt":{"rendered":"A pesar de que no soy dise\u00f1adora de modas, tampoco visto con marcas de grandes dise\u00f1adores (aunque los&hellip;\n","protected":false},"author":120,"featured_media":21300,"comment_status":"open","ping_status":"open","sticky":false,"template":"","format":"standard","meta":{"jetpack_post_was_ever_published":false,"_jetpack_newsletter_access":"","_jetpack_dont_email_post_to_subs":false,"_jetpack_newsletter_tier_id":0,"_jetpack_memberships_contains_paywalled_content":false,"_jetpack_memberships_contains_paid_content":false,"footnotes":"","jetpack_publicize_message":"","jetpack_publicize_feature_enabled":true,"jetpack_social_post_already_shared":true,"jetpack_social_options":{"image_generator_settings":{"template":"highway","default_image_id":0,"font":"","enabled":false},"version":2}},"categories":[],"tags":[],"class_list":{"0":"post-21298","1":"post","2":"type-post","3":"status-publish","4":"format-standard","5":"has-post-thumbnail","7":"cs-entry","8":"cs-video-wrap"},"yoast_head":"<!-- This site is optimized with the Yoast SEO plugin v27.4 - https:\/\/yoast.com\/product\/yoast-seo-wordpress\/ -->\n<title>La perfecta fashionista - Kalot<\/title>\n<meta name=\"description\" content=\"\u00bfQu\u00e9 es y c\u00f3mo convertirte en la perfecta fashionista?\" \/>\n<meta name=\"robots\" content=\"index, follow, max-snippet:-1, max-image-preview:large, max-video-preview:-1\" \/>\n<link rel=\"canonical\" href=\"https:\/\/kalot.com.mx\/site\/2015\/04\/27\/la-perfecta-fashionista\/\" \/>\n<meta property=\"og:locale\" content=\"es_MX\" \/>\n<meta property=\"og:type\" content=\"article\" \/>\n<meta property=\"og:title\" content=\"La perfecta fashionista - Kalot\" \/>\n<meta property=\"og:description\" content=\"\u00bfQu\u00e9 es y c\u00f3mo convertirte en la perfecta fashionista?\" \/>\n<meta property=\"og:url\" content=\"https:\/\/kalot.com.mx\/site\/2015\/04\/27\/la-perfecta-fashionista\/\" \/>\n<meta property=\"og:site_name\" content=\"Kalot\" \/>\n<meta property=\"article:publisher\" content=\"http:\/\/facebook.com\/mxkalot\" \/>\n<meta property=\"article:published_time\" content=\"2015-04-27T15:40:44+00:00\" \/>\n<meta property=\"og:image\" content=\"https:\/\/i2.wp.com\/kalot.com.mx\/site\/wp-content\/uploads\/2015\/04\/Fashionista_blog_moda.jpg?fit=600%2C600&ssl=1\" \/>\n\t<meta property=\"og:image:width\" content=\"600\" \/>\n\t<meta property=\"og:image:height\" content=\"600\" \/>\n\t<meta property=\"og:image:type\" content=\"image\/jpeg\" \/>\n<meta name=\"author\" content=\"Monica Villalba\" \/>\n<meta name=\"twitter:card\" content=\"summary_large_image\" \/>\n<meta name=\"twitter:creator\" content=\"@kalotmx\" \/>\n<meta name=\"twitter:site\" content=\"@kalotmx\" \/>\n<meta name=\"twitter:label1\" content=\"Escrito por\" \/>\n\t<meta name=\"twitter:data1\" content=\"Monica Villalba\" \/>\n\t<meta name=\"twitter:label2\" content=\"Tiempo de lectura\" \/>\n\t<meta name=\"twitter:data2\" content=\"3 minutos\" \/>\n<!-- \/ Yoast SEO plugin. -->","yoast_head_json":{"title":"La perfecta fashionista - Kalot","description":"\u00bfQu\u00e9 es y c\u00f3mo convertirte en la perfecta fashionista?","robots":{"index":"index","follow":"follow","max-snippet":"max-snippet:-1","max-image-preview":"max-image-preview:large","max-video-preview":"max-video-preview:-1"},"canonical":"https:\/\/kalot.com.mx\/site\/2015\/04\/27\/la-perfecta-fashionista\/","og_locale":"es_MX","og_type":"article","og_title":"La perfecta fashionista - Kalot","og_description":"\u00bfQu\u00e9 es y c\u00f3mo convertirte en la perfecta fashionista?","og_url":"https:\/\/kalot.com.mx\/site\/2015\/04\/27\/la-perfecta-fashionista\/","og_site_name":"Kalot","article_publisher":"http:\/\/facebook.com\/mxkalot","article_published_time":"2015-04-27T15:40:44+00:00","og_image":[{"width":600,"height":600,"url":"https:\/\/i2.wp.com\/kalot.com.mx\/site\/wp-content\/uploads\/2015\/04\/Fashionista_blog_moda.jpg?fit=600%2C600&ssl=1","type":"image\/jpeg"}],"author":"Monica Villalba","twitter_card":"summary_large_image","twitter_creator":"@kalotmx","twitter_site":"@kalotmx","twitter_misc":{"Escrito por":"Monica Villalba","Tiempo de lectura":"3 minutos"},"schema":{"@context":"https:\/\/schema.org","@graph":[{"@type":"Article","@id":"https:\/\/kalot.com.mx\/site\/2015\/04\/27\/la-perfecta-fashionista\/#article","isPartOf":{"@id":"https:\/\/kalot.com.mx\/site\/2015\/04\/27\/la-perfecta-fashionista\/"},"author":{"name":"Monica Villalba","@id":"https:\/\/kalot.com.mx\/site\/#\/schema\/person\/cdbf1d44ffbb87adac4b7a1a53f5945e"},"headline":"La perfecta fashionista","datePublished":"2015-04-27T15:40:44+00:00","mainEntityOfPage":{"@id":"https:\/\/kalot.com.mx\/site\/2015\/04\/27\/la-perfecta-fashionista\/"},"wordCount":648,"commentCount":1,"publisher":{"@id":"https:\/\/kalot.com.mx\/site\/#organization"},"image":{"@id":"https:\/\/kalot.com.mx\/site\/2015\/04\/27\/la-perfecta-fashionista\/#primaryimage"},"thumbnailUrl":"https:\/\/i0.wp.com\/kalot.com.mx\/site\/wp-content\/uploads\/2015\/04\/Fashionista_blog_moda.jpg?fit=600%2C600&ssl=1","inLanguage":"es","potentialAction":[{"@type":"CommentAction","name":"Comment","target":["https:\/\/kalot.com.mx\/site\/2015\/04\/27\/la-perfecta-fashionista\/#respond"]}]},{"@type":"WebPage","@id":"https:\/\/kalot.com.mx\/site\/2015\/04\/27\/la-perfecta-fashionista\/","url":"https:\/\/kalot.com.mx\/site\/2015\/04\/27\/la-perfecta-fashionista\/","name":"La perfecta fashionista - Kalot","isPartOf":{"@id":"https:\/\/kalot.com.mx\/site\/#website"},"primaryImageOfPage":{"@id":"https:\/\/kalot.com.mx\/site\/2015\/04\/27\/la-perfecta-fashionista\/#primaryimage"},"image":{"@id":"https:\/\/kalot.com.mx\/site\/2015\/04\/27\/la-perfecta-fashionista\/#primaryimage"},"thumbnailUrl":"https:\/\/i0.wp.com\/kalot.com.mx\/site\/wp-content\/uploads\/2015\/04\/Fashionista_blog_moda.jpg?fit=600%2C600&ssl=1","datePublished":"2015-04-27T15:40:44+00:00","description":"\u00bfQu\u00e9 es y c\u00f3mo convertirte en la perfecta fashionista?","breadcrumb":{"@id":"https:\/\/kalot.com.mx\/site\/2015\/04\/27\/la-perfecta-fashionista\/#breadcrumb"},"inLanguage":"es","potentialAction":[{"@type":"ReadAction","target":["https:\/\/kalot.com.mx\/site\/2015\/04\/27\/la-perfecta-fashionista\/"]}]},{"@type":"ImageObject","inLanguage":"es","@id":"https:\/\/kalot.com.mx\/site\/2015\/04\/27\/la-perfecta-fashionista\/#primaryimage","url":"https:\/\/i0.wp.com\/kalot.com.mx\/site\/wp-content\/uploads\/2015\/04\/Fashionista_blog_moda.jpg?fit=600%2C600&ssl=1","contentUrl":"https:\/\/i0.wp.com\/kalot.com.mx\/site\/wp-content\/uploads\/2015\/04\/Fashionista_blog_moda.jpg?fit=600%2C600&ssl=1","width":600,"height":600},{"@type":"BreadcrumbList","@id":"https:\/\/kalot.com.mx\/site\/2015\/04\/27\/la-perfecta-fashionista\/#breadcrumb","itemListElement":[{"@type":"ListItem","position":1,"name":"Home","item":"https:\/\/kalot.com.mx\/site\/"},{"@type":"ListItem","position":2,"name":"La perfecta fashionista"}]},{"@type":"WebSite","@id":"https:\/\/kalot.com.mx\/site\/#website","url":"https:\/\/kalot.com.mx\/site\/","name":"Kalot","description":"Conoce Todo Sobre Todo","publisher":{"@id":"https:\/\/kalot.com.mx\/site\/#organization"},"potentialAction":[{"@type":"SearchAction","target":{"@type":"EntryPoint","urlTemplate":"https:\/\/kalot.com.mx\/site\/?s={search_term_string}"},"query-input":{"@type":"PropertyValueSpecification","valueRequired":true,"valueName":"search_term_string"}}],"inLanguage":"es"},{"@type":"Organization","@id":"https:\/\/kalot.com.mx\/site\/#organization","name":"Kalot","url":"https:\/\/kalot.com.mx\/site\/","logo":{"@type":"ImageObject","inLanguage":"es","@id":"https:\/\/kalot.com.mx\/site\/#\/schema\/logo\/image\/","url":"https:\/\/i0.wp.com\/kalot.com.mx\/site\/wp-content\/uploads\/2020\/04\/Kalot-logo-sin-tagline.png?fit=1707%2C1014&ssl=1","contentUrl":"https:\/\/i0.wp.com\/kalot.com.mx\/site\/wp-content\/uploads\/2020\/04\/Kalot-logo-sin-tagline.png?fit=1707%2C1014&ssl=1","width":1707,"height":1014,"caption":"Kalot"},"image":{"@id":"https:\/\/kalot.com.mx\/site\/#\/schema\/logo\/image\/"},"sameAs":["http:\/\/facebook.com\/mxkalot","https:\/\/x.com\/kalotmx","http:\/\/instagram.com\/kalotmx","http:\/\/pinterest.com\/jorgeerana\/kalot"]},{"@type":"Person","@id":"https:\/\/kalot.com.mx\/site\/#\/schema\/person\/cdbf1d44ffbb87adac4b7a1a53f5945e","name":"Monica Villalba","image":{"@type":"ImageObject","inLanguage":"es","@id":"https:\/\/secure.gravatar.com\/avatar\/142f06c3262d9b70f13ebd76080ec337ad452450a982b14b820410555d240505?s=96&d=mm&r=g","url":"https:\/\/secure.gravatar.com\/avatar\/142f06c3262d9b70f13ebd76080ec337ad452450a982b14b820410555d240505?s=96&d=mm&r=g","contentUrl":"https:\/\/secure.gravatar.com\/avatar\/142f06c3262d9b70f13ebd76080ec337ad452450a982b14b820410555d240505?s=96&d=mm&r=g","caption":"Monica Villalba"},"description":"Habitante de mi propio mundo y una fiel apasionada de la letra M: Merca, Moda, M\u00fasica y Mascotas.","url":"https:\/\/kalot.com.mx\/site\/author\/monica\/"}]}},"jetpack_publicize_connections":[],"jetpack_featured_media_url":"https:\/\/i0.wp.com\/kalot.com.mx\/site\/wp-content\/uploads\/2015\/04\/Fashionista_blog_moda.jpg?fit=600%2C600&ssl=1","jetpack_shortlink":"https:\/\/wp.me\/p6IHEI-5xw","jetpack-related-posts":[{"id":7368,"url":"https:\/\/kalot.com.mx\/site\/2013\/11\/30\/el-estilo-de-coco-chanel\/","url_meta":{"origin":21298,"position":0},"title":"El estilo de Coco Chanel","author":"Alba Gonz\u00e1lez","date":"30 noviembre, 2013","format":false,"excerpt":"Mi \u00faltimo post fue dedicado a Simone de Beauvoir, hoy le toca a Coco Chanel, \u00bfpor qu\u00e9? Porque se lo merece, porque quiero, y porque puedo. Bueno, tambi\u00e9n porque fue una mujer que demostr\u00f3 que el trabajo, el esfuerzo y la dedicaci\u00f3n pueden lograr la formaci\u00f3n de un imperio, y\u2026","rel":"","context":"Entrada similar ","block_context":{"text":"Entrada similar ","link":""},"img":{"alt_text":"","src":"https:\/\/i0.wp.com\/kalot.com.mx\/site\/wp-content\/uploads\/2013\/11\/chanellogo.jpg?fit=648%2C413&ssl=1&resize=350%2C200","width":350,"height":200,"srcset":"https:\/\/i0.wp.com\/kalot.com.mx\/site\/wp-content\/uploads\/2013\/11\/chanellogo.jpg?fit=648%2C413&ssl=1&resize=350%2C200 1x, https:\/\/i0.wp.com\/kalot.com.mx\/site\/wp-content\/uploads\/2013\/11\/chanellogo.jpg?fit=648%2C413&ssl=1&resize=525%2C300 1.5x"},"classes":[]},{"id":191,"url":"https:\/\/kalot.com.mx\/site\/2013\/09\/01\/hay-que-ser-fiel-a-uno-mismo\/","url_meta":{"origin":21298,"position":1},"title":"\u201cHay que ser fiel a uno mismo\u201d","author":"Jesica Zubiri","date":"1 septiembre, 2013","format":false,"excerpt":"Soy apasionada, creativa, entusiasta, humanitaria, comprensiva y sigo fielmente mis corazonadas. Me considero fiel amante de las interacciones humanas y del autoconocimiento. Suelo influenciar en silencio y tras bambalinas con mi familia, amigos, colegas y todos aquellos que me rodean. Amo trabajar intensamente con la gente, creo tener un \u201csexto\u2026","rel":"","context":"Con 1 comentario","block_context":{"text":"Con 1 comentario","link":"https:\/\/kalot.com.mx\/site\/2013\/09\/01\/hay-que-ser-fiel-a-uno-mismo\/#comments"},"img":{"alt_text":"","src":"https:\/\/i0.wp.com\/kalot.com.mx\/site\/wp-content\/uploads\/2013\/09\/20130901-142820.jpg?fit=361%2C349&ssl=1&resize=350%2C200","width":350,"height":200},"classes":[]},{"id":371,"url":"https:\/\/kalot.com.mx\/site\/2013\/09\/02\/seductor-creativo-natural-romantico-sabes-que-estilo-tienes-al-vestir\/","url_meta":{"origin":21298,"position":2},"title":"Seductor, creativo, natural, rom\u00e1ntico\u2026 \u00bfSabes que estilo tienes al vestir?","author":"Jesica Zubiri","date":"2 septiembre, 2013","format":false,"excerpt":"Queramos o no cada uno de nosotros tenemos una imagen, y entonces lo que tenemos que hacer es aprovecharla y sacarle el mayor partido. Una parte fundamental de la consultor\u00eda en imagen f\u00edsica es el descubrir e identificar a que estilo pertenecemos, pero antes de hablarles sobre cada uno de\u2026","rel":"","context":"Entrada similar ","block_context":{"text":"Entrada similar ","link":""},"img":{"alt_text":"","src":"https:\/\/i0.wp.com\/kalot.com.mx\/site\/wp-content\/uploads\/2013\/09\/tumblr_np2k6c1gC11tj3ocko1_500.png?fit=500%2C333&ssl=1&resize=350%2C200","width":350,"height":200},"classes":[]},{"id":16326,"url":"https:\/\/kalot.com.mx\/site\/2014\/05\/28\/predecir-tendencias-en-moda\/","url_meta":{"origin":21298,"position":3},"title":"\u00bfC\u00f3mo se predicen las tendencias en moda?","author":"Dulce Mireles","date":"28 mayo, 2014","format":false,"excerpt":"Por Dulce Mireles \u00a1Hola Kaloch@s! El boss ya me rega\u00f1\u00f3 un poco por dejar de escribir por casi 3 semanas pero ya estoy de regreso. Bien, pues en esta entrada les voy a contar sobre un tema del cual no suelo hablar mucho pero que siempre ha tenido mi curiosidad.\u2026","rel":"","context":"Entrada similar ","block_context":{"text":"Entrada similar ","link":""},"img":{"alt_text":"","src":"https:\/\/i0.wp.com\/kalot.com.mx\/site\/wp-content\/uploads\/2014\/05\/annaykarl.jpg?fit=736%2C490&ssl=1&resize=350%2C200","width":350,"height":200,"srcset":"https:\/\/i0.wp.com\/kalot.com.mx\/site\/wp-content\/uploads\/2014\/05\/annaykarl.jpg?fit=736%2C490&ssl=1&resize=350%2C200 1x, https:\/\/i0.wp.com\/kalot.com.mx\/site\/wp-content\/uploads\/2014\/05\/annaykarl.jpg?fit=736%2C490&ssl=1&resize=525%2C300 1.5x, https:\/\/i0.wp.com\/kalot.com.mx\/site\/wp-content\/uploads\/2014\/05\/annaykarl.jpg?fit=736%2C490&ssl=1&resize=700%2C400 2x"},"classes":[]},{"id":24683,"url":"https:\/\/kalot.com.mx\/site\/2016\/01\/06\/lesbiana-cachonda-asi-define-jennifer-lawrence-su-estilo\/","url_meta":{"origin":21298,"position":4},"title":"\u00a1lesbiana cachonda! As\u00ed define Jennifer Lawrence su estilo","author":"Ivan Mendez","date":"6 enero, 2016","format":false,"excerpt":"Ahora podemos asegurar que casi todo lo que diga Jennifer Lawrence en los medios ser\u00e1 noticia en unos segundos. La ganadora del oscar no tiene tapujo ni inhibiciones a la hora de dar su opini\u00f3n clara y directa. En una entrevista con la revista Glamour, Lawrence de 25 a\u00f1os ha\u2026","rel":"","context":"En &quot;Cine&quot;","block_context":{"text":"Cine","link":"https:\/\/kalot.com.mx\/site\/category\/cine\/"},"img":{"alt_text":"","src":"https:\/\/i0.wp.com\/kalot.com.mx\/site\/wp-content\/uploads\/2016\/01\/29JENNIFERLAWRENCE.jpg?fit=600%2C450&ssl=1&resize=350%2C200","width":350,"height":200,"srcset":"https:\/\/i0.wp.com\/kalot.com.mx\/site\/wp-content\/uploads\/2016\/01\/29JENNIFERLAWRENCE.jpg?fit=600%2C450&ssl=1&resize=350%2C200 1x, https:\/\/i0.wp.com\/kalot.com.mx\/site\/wp-content\/uploads\/2016\/01\/29JENNIFERLAWRENCE.jpg?fit=600%2C450&ssl=1&resize=525%2C300 1.5x"},"classes":[]},{"id":5528,"url":"https:\/\/kalot.com.mx\/site\/2013\/11\/01\/hola-soy-sandy\/","url_meta":{"origin":21298,"position":5},"title":"Me llamo Sandy y blabla ;)","author":"Sandy Rodr\u00edguez","date":"1 noviembre, 2013","format":false,"excerpt":"\u00a0 \u00a1Que paaaaaaaso Kalochos y Kalochas!, me llamo Sandy Rodriguez, pero para los cuates minimi, la chaps o whatever relacionado a mi peque\u00f1a estatura. Orgullosa hidalguense pero por varias razones resido en pipopeland o sea Puebla, la filosof\u00eda de mi vida es: YOLO (you only live once) alegre, divertida, tierna,\u2026","rel":"","context":"Con 2 comentarios","block_context":{"text":"Con 2 comentarios","link":"https:\/\/kalot.com.mx\/site\/2013\/11\/01\/hola-soy-sandy\/#comments"},"img":{"alt_text":"","src":"https:\/\/i0.wp.com\/kalot.com.mx\/site\/wp-content\/uploads\/2013\/11\/1005060_10151743706903816_1945051150_n.jpg?fit=574%2C574&ssl=1&resize=350%2C200","width":350,"height":200,"srcset":"https:\/\/i0.wp.com\/kalot.com.mx\/site\/wp-content\/uploads\/2013\/11\/1005060_10151743706903816_1945051150_n.jpg?fit=574%2C574&ssl=1&resize=350%2C200 1x, https:\/\/i0.wp.com\/kalot.com.mx\/site\/wp-content\/uploads\/2013\/11\/1005060_10151743706903816_1945051150_n.jpg?fit=574%2C574&ssl=1&resize=525%2C300 1.5x"},"classes":[]}],"jetpack_sharing_enabled":true,"_links":{"self":[{"href":"https:\/\/kalot.com.mx\/site\/wp-json\/wp\/v2\/posts\/21298","targetHints":{"allow":["GET"]}}],"collection":[{"href":"https:\/\/kalot.com.mx\/site\/wp-json\/wp\/v2\/posts"}],"about":[{"href":"https:\/\/kalot.com.mx\/site\/wp-json\/wp\/v2\/types\/post"}],"author":[{"embeddable":true,"href":"https:\/\/kalot.com.mx\/site\/wp-json\/wp\/v2\/users\/120"}],"replies":[{"embeddable":true,"href":"https:\/\/kalot.com.mx\/site\/wp-json\/wp\/v2\/comments?post=21298"}],"version-history":[{"count":0,"href":"https:\/\/kalot.com.mx\/site\/wp-json\/wp\/v2\/posts\/21298\/revisions"}],"wp:featuredmedia":[{"embeddable":true,"href":"https:\/\/kalot.com.mx\/site\/wp-json\/wp\/v2\/media\/21300"}],"wp:attachment":[{"href":"https:\/\/kalot.com.mx\/site\/wp-json\/wp\/v2\/media?parent=21298"}],"wp:term":[{"taxonomy":"category","embeddable":true,"href":"https:\/\/kalot.com.mx\/site\/wp-json\/wp\/v2\/categories?post=21298"},{"taxonomy":"post_tag","embeddable":true,"href":"https:\/\/kalot.com.mx\/site\/wp-json\/wp\/v2\/tags?post=21298"}],"curies":[{"name":"wp","href":"https:\/\/api.w.org\/{rel}","templated":true}]}}