{"id":21282,"date":"2015-04-26T00:45:47","date_gmt":"2015-04-26T05:45:47","guid":{"rendered":"http:\/\/www.kalot.com.mx\/?p=21282"},"modified":"2015-04-26T15:48:42","modified_gmt":"2015-04-26T20:48:42","slug":"primera-imagen-de-jared-leto-como-el-guason","status":"publish","type":"post","link":"https:\/\/kalot.com.mx\/site\/2015\/04\/26\/primera-imagen-de-jared-leto-como-el-guason\/","title":{"rendered":"Primera Imagen de Jared Leto Como &#8220;El Guas\u00f3n&#8221;"},"content":{"rendered":"<p style=\"text-align: justify\">Despu\u00e9s de tanto misterio, despu\u00e9s de im\u00e1genes confusas, despu\u00e9s de algunas fotograf\u00edas filtradas, finalmente el Guas\u00f3n de\u00a0Jared Leto es revelado. La imagen fue un regalo por parte del director de la cinta\u00a0David Ayer a todos los fans, con motivo del 75 Aniversario del Joker.<\/p>\n<p style=\"text-align: justify\"><a href=\"https:\/\/i0.wp.com\/www.kalot.com.mx\/wp-content\/uploads\/2015\/04\/Joker.jpg\"><img data-recalc-dims=\"1\" fetchpriority=\"high\" decoding=\"async\" data-attachment-id=\"21283\" data-permalink=\"https:\/\/kalot.com.mx\/site\/2015\/04\/26\/primera-imagen-de-jared-leto-como-el-guason\/joker\/\" data-orig-file=\"https:\/\/i0.wp.com\/kalot.com.mx\/site\/wp-content\/uploads\/2015\/04\/Joker.jpg?fit=600%2C872&amp;ssl=1\" data-orig-size=\"600,872\" data-comments-opened=\"1\" data-image-meta=\"{&quot;aperture&quot;:&quot;0&quot;,&quot;credit&quot;:&quot;&quot;,&quot;camera&quot;:&quot;&quot;,&quot;caption&quot;:&quot;&quot;,&quot;created_timestamp&quot;:&quot;0&quot;,&quot;copyright&quot;:&quot;&quot;,&quot;focal_length&quot;:&quot;0&quot;,&quot;iso&quot;:&quot;0&quot;,&quot;shutter_speed&quot;:&quot;0&quot;,&quot;title&quot;:&quot;&quot;,&quot;orientation&quot;:&quot;0&quot;}\" data-image-title=\"Joker\" data-image-description=\"\" data-image-caption=\"\" data-large-file=\"https:\/\/i0.wp.com\/kalot.com.mx\/site\/wp-content\/uploads\/2015\/04\/Joker.jpg?fit=600%2C872&amp;ssl=1\" class=\" size-full wp-image-21283 aligncenter\" src=\"https:\/\/i0.wp.com\/www.kalot.com.mx\/wp-content\/uploads\/2015\/04\/Joker.jpg?resize=600%2C872\" alt=\"Joker\" width=\"600\" height=\"872\" srcset=\"https:\/\/i0.wp.com\/kalot.com.mx\/site\/wp-content\/uploads\/2015\/04\/Joker.jpg?w=600&amp;ssl=1 600w, https:\/\/i0.wp.com\/kalot.com.mx\/site\/wp-content\/uploads\/2015\/04\/Joker.jpg?resize=380%2C552&amp;ssl=1 380w, https:\/\/i0.wp.com\/kalot.com.mx\/site\/wp-content\/uploads\/2015\/04\/Joker.jpg?resize=206%2C300&amp;ssl=1 206w\" sizes=\"(max-width: 600px) 100vw, 600px\" \/><\/a><\/p>\n<p style=\"text-align: justify\">Debo admitir mi sorpresa, desde que se nombr\u00f3 a Leto como el Guas\u00f3n, tenia mis dudas acerca del aspecto del villano numero de Batman, y no es para menos, est\u00e1bamos acostumbrados a esa cabellera larga acompa\u00f1ada siempre de una barba. Nunca me imagin\u00e9 el resultado final. Por lo que se puede observar, promete ser un Guas\u00f3n m\u00e1s psic\u00f3pata que el que interpret\u00f3\u00a0Ledger en Batman: El Caballero de la Noche. Obviamente tendr\u00edamos que ser reservados y no juzgarlo antes de tiempo, aunque parece ser que en esta ocasi\u00f3n el personaje estar\u00e1 m\u00e1s apegado a los c\u00f3mics que sus antecesores.<\/p>\n<p style=\"text-align: justify\">Lo que resalta de este Guas\u00f3n es, sin duda, su cuerpo cubierto de tatuajes. Todos ellos representado la esencia principal del personaje: La locura. As\u00ed mismo, su mirada reflejada todo lo que este personaje representa.<\/p>\n<p style=\"text-align: justify\">Esperemos que\u00a0Escuadr\u00f3n Suicida (que se estrena en Agosto de 2016) cumpla con las expectativas que ha comenzado a crear, porque al final del d\u00eda, ser\u00eda decepcionante ver otro proyecto sobre superheroes (en este caso villanos) que se va a la basura.<\/p>\n<p style=\"text-align: justify\">\u00bfTe gust\u00f3 el nuevo Guas\u00f3n?<\/p>\n","protected":false},"excerpt":{"rendered":"Despu\u00e9s de tanto misterio, despu\u00e9s de im\u00e1genes confusas, despu\u00e9s de algunas fotograf\u00edas filtradas, finalmente el Guas\u00f3n de\u00a0Jared Leto&hellip;\n","protected":false},"author":108,"featured_media":21284,"comment_status":"open","ping_status":"open","sticky":false,"template":"","format":"standard","meta":{"jetpack_post_was_ever_published":false,"_jetpack_newsletter_access":"","_jetpack_dont_email_post_to_subs":false,"_jetpack_newsletter_tier_id":0,"_jetpack_memberships_contains_paywalled_content":false,"_jetpack_memberships_contains_paid_content":false,"footnotes":"","jetpack_publicize_message":"","jetpack_publicize_feature_enabled":true,"jetpack_social_post_already_shared":true,"jetpack_social_options":{"image_generator_settings":{"template":"highway","default_image_id":0,"font":"","enabled":false},"version":2}},"categories":[],"tags":[],"class_list":{"0":"post-21282","1":"post","2":"type-post","3":"status-publish","4":"format-standard","5":"has-post-thumbnail","7":"cs-entry","8":"cs-video-wrap"},"yoast_head":"<!-- This site is optimized with the Yoast SEO plugin v27.5 - https:\/\/yoast.com\/product\/yoast-seo-wordpress\/ -->\n<title>Primera Imagen de Jared Leto Como &quot;El Guas\u00f3n&quot; - Kalot<\/title>\n<meta name=\"description\" content=\"Despu\u00e9s de tanto misterio, despu\u00e9s de im\u00e1genes confusas, despu\u00e9s de algunas fotograf\u00edas filtradas, finalmente el Guas\u00f3n de\u00a0Jared Leto es revelado. La\" \/>\n<meta name=\"robots\" content=\"index, follow, max-snippet:-1, max-image-preview:large, max-video-preview:-1\" \/>\n<link rel=\"canonical\" href=\"https:\/\/kalot.com.mx\/site\/2015\/04\/26\/primera-imagen-de-jared-leto-como-el-guason\/\" \/>\n<meta property=\"og:locale\" content=\"es_MX\" \/>\n<meta property=\"og:type\" content=\"article\" \/>\n<meta property=\"og:title\" content=\"Primera Imagen de Jared Leto Como &quot;El Guas\u00f3n&quot; - Kalot\" \/>\n<meta property=\"og:description\" content=\"Despu\u00e9s de tanto misterio, despu\u00e9s de im\u00e1genes confusas, despu\u00e9s de algunas fotograf\u00edas filtradas, finalmente el Guas\u00f3n de\u00a0Jared Leto es revelado. La\" \/>\n<meta property=\"og:url\" content=\"https:\/\/kalot.com.mx\/site\/2015\/04\/26\/primera-imagen-de-jared-leto-como-el-guason\/\" \/>\n<meta property=\"og:site_name\" content=\"Kalot\" \/>\n<meta property=\"article:publisher\" content=\"http:\/\/facebook.com\/mxkalot\" \/>\n<meta property=\"article:published_time\" content=\"2015-04-26T05:45:47+00:00\" \/>\n<meta property=\"article:modified_time\" content=\"2015-04-26T20:48:42+00:00\" \/>\n<meta property=\"og:image\" content=\"https:\/\/i1.wp.com\/kalot.com.mx\/site\/wp-content\/uploads\/2015\/04\/Joker-2.jpg?fit=800%2C600&ssl=1\" \/>\n\t<meta property=\"og:image:width\" content=\"800\" \/>\n\t<meta property=\"og:image:height\" content=\"600\" \/>\n\t<meta property=\"og:image:type\" content=\"image\/jpeg\" \/>\n<meta name=\"author\" content=\"yash\" \/>\n<meta name=\"twitter:card\" content=\"summary_large_image\" \/>\n<meta name=\"twitter:creator\" content=\"@kalotmx\" \/>\n<meta name=\"twitter:site\" content=\"@kalotmx\" \/>\n<meta name=\"twitter:label1\" content=\"Escrito por\" \/>\n\t<meta name=\"twitter:data1\" content=\"yash\" \/>\n\t<meta name=\"twitter:label2\" content=\"Tiempo de lectura\" \/>\n\t<meta name=\"twitter:data2\" content=\"1 minuto\" \/>\n<!-- \/ Yoast SEO plugin. -->","yoast_head_json":{"title":"Primera Imagen de Jared Leto Como \"El Guas\u00f3n\" - Kalot","description":"Despu\u00e9s de tanto misterio, despu\u00e9s de im\u00e1genes confusas, despu\u00e9s de algunas fotograf\u00edas filtradas, finalmente el Guas\u00f3n de\u00a0Jared Leto es revelado. La","robots":{"index":"index","follow":"follow","max-snippet":"max-snippet:-1","max-image-preview":"max-image-preview:large","max-video-preview":"max-video-preview:-1"},"canonical":"https:\/\/kalot.com.mx\/site\/2015\/04\/26\/primera-imagen-de-jared-leto-como-el-guason\/","og_locale":"es_MX","og_type":"article","og_title":"Primera Imagen de Jared Leto Como \"El Guas\u00f3n\" - Kalot","og_description":"Despu\u00e9s de tanto misterio, despu\u00e9s de im\u00e1genes confusas, despu\u00e9s de algunas fotograf\u00edas filtradas, finalmente el Guas\u00f3n de\u00a0Jared Leto es revelado. La","og_url":"https:\/\/kalot.com.mx\/site\/2015\/04\/26\/primera-imagen-de-jared-leto-como-el-guason\/","og_site_name":"Kalot","article_publisher":"http:\/\/facebook.com\/mxkalot","article_published_time":"2015-04-26T05:45:47+00:00","article_modified_time":"2015-04-26T20:48:42+00:00","og_image":[{"width":800,"height":600,"url":"https:\/\/i1.wp.com\/kalot.com.mx\/site\/wp-content\/uploads\/2015\/04\/Joker-2.jpg?fit=800%2C600&ssl=1","type":"image\/jpeg"}],"author":"yash","twitter_card":"summary_large_image","twitter_creator":"@kalotmx","twitter_site":"@kalotmx","twitter_misc":{"Escrito por":"yash","Tiempo de lectura":"1 minuto"},"schema":{"@context":"https:\/\/schema.org","@graph":[{"@type":"Article","@id":"https:\/\/kalot.com.mx\/site\/2015\/04\/26\/primera-imagen-de-jared-leto-como-el-guason\/#article","isPartOf":{"@id":"https:\/\/kalot.com.mx\/site\/2015\/04\/26\/primera-imagen-de-jared-leto-como-el-guason\/"},"author":{"name":"yash","@id":"https:\/\/kalot.com.mx\/site\/#\/schema\/person\/1d75ba57b0359df6aee12de5a86e5b04"},"headline":"Primera Imagen de Jared Leto Como &#8220;El Guas\u00f3n&#8221;","datePublished":"2015-04-26T05:45:47+00:00","dateModified":"2015-04-26T20:48:42+00:00","mainEntityOfPage":{"@id":"https:\/\/kalot.com.mx\/site\/2015\/04\/26\/primera-imagen-de-jared-leto-como-el-guason\/"},"wordCount":255,"commentCount":0,"publisher":{"@id":"https:\/\/kalot.com.mx\/site\/#organization"},"image":{"@id":"https:\/\/kalot.com.mx\/site\/2015\/04\/26\/primera-imagen-de-jared-leto-como-el-guason\/#primaryimage"},"thumbnailUrl":"https:\/\/i0.wp.com\/kalot.com.mx\/site\/wp-content\/uploads\/2015\/04\/Joker-2.jpg?fit=800%2C600&ssl=1","inLanguage":"es","potentialAction":[{"@type":"CommentAction","name":"Comment","target":["https:\/\/kalot.com.mx\/site\/2015\/04\/26\/primera-imagen-de-jared-leto-como-el-guason\/#respond"]}]},{"@type":"WebPage","@id":"https:\/\/kalot.com.mx\/site\/2015\/04\/26\/primera-imagen-de-jared-leto-como-el-guason\/","url":"https:\/\/kalot.com.mx\/site\/2015\/04\/26\/primera-imagen-de-jared-leto-como-el-guason\/","name":"Primera Imagen de Jared Leto Como \"El Guas\u00f3n\" - Kalot","isPartOf":{"@id":"https:\/\/kalot.com.mx\/site\/#website"},"primaryImageOfPage":{"@id":"https:\/\/kalot.com.mx\/site\/2015\/04\/26\/primera-imagen-de-jared-leto-como-el-guason\/#primaryimage"},"image":{"@id":"https:\/\/kalot.com.mx\/site\/2015\/04\/26\/primera-imagen-de-jared-leto-como-el-guason\/#primaryimage"},"thumbnailUrl":"https:\/\/i0.wp.com\/kalot.com.mx\/site\/wp-content\/uploads\/2015\/04\/Joker-2.jpg?fit=800%2C600&ssl=1","datePublished":"2015-04-26T05:45:47+00:00","dateModified":"2015-04-26T20:48:42+00:00","description":"Despu\u00e9s de tanto misterio, despu\u00e9s de im\u00e1genes confusas, despu\u00e9s de algunas fotograf\u00edas filtradas, finalmente el Guas\u00f3n de\u00a0Jared Leto es revelado. La","breadcrumb":{"@id":"https:\/\/kalot.com.mx\/site\/2015\/04\/26\/primera-imagen-de-jared-leto-como-el-guason\/#breadcrumb"},"inLanguage":"es","potentialAction":[{"@type":"ReadAction","target":["https:\/\/kalot.com.mx\/site\/2015\/04\/26\/primera-imagen-de-jared-leto-como-el-guason\/"]}]},{"@type":"ImageObject","inLanguage":"es","@id":"https:\/\/kalot.com.mx\/site\/2015\/04\/26\/primera-imagen-de-jared-leto-como-el-guason\/#primaryimage","url":"https:\/\/i0.wp.com\/kalot.com.mx\/site\/wp-content\/uploads\/2015\/04\/Joker-2.jpg?fit=800%2C600&ssl=1","contentUrl":"https:\/\/i0.wp.com\/kalot.com.mx\/site\/wp-content\/uploads\/2015\/04\/Joker-2.jpg?fit=800%2C600&ssl=1","width":800,"height":600},{"@type":"BreadcrumbList","@id":"https:\/\/kalot.com.mx\/site\/2015\/04\/26\/primera-imagen-de-jared-leto-como-el-guason\/#breadcrumb","itemListElement":[{"@type":"ListItem","position":1,"name":"Home","item":"https:\/\/kalot.com.mx\/site\/"},{"@type":"ListItem","position":2,"name":"Primera Imagen de Jared Leto Como &#8220;El Guas\u00f3n&#8221;"}]},{"@type":"WebSite","@id":"https:\/\/kalot.com.mx\/site\/#website","url":"https:\/\/kalot.com.mx\/site\/","name":"Kalot","description":"Conoce Todo Sobre Todo","publisher":{"@id":"https:\/\/kalot.com.mx\/site\/#organization"},"potentialAction":[{"@type":"SearchAction","target":{"@type":"EntryPoint","urlTemplate":"https:\/\/kalot.com.mx\/site\/?s={search_term_string}"},"query-input":{"@type":"PropertyValueSpecification","valueRequired":true,"valueName":"search_term_string"}}],"inLanguage":"es"},{"@type":"Organization","@id":"https:\/\/kalot.com.mx\/site\/#organization","name":"Kalot","url":"https:\/\/kalot.com.mx\/site\/","logo":{"@type":"ImageObject","inLanguage":"es","@id":"https:\/\/kalot.com.mx\/site\/#\/schema\/logo\/image\/","url":"https:\/\/i0.wp.com\/kalot.com.mx\/site\/wp-content\/uploads\/2020\/04\/Kalot-logo-sin-tagline.png?fit=1707%2C1014&ssl=1","contentUrl":"https:\/\/i0.wp.com\/kalot.com.mx\/site\/wp-content\/uploads\/2020\/04\/Kalot-logo-sin-tagline.png?fit=1707%2C1014&ssl=1","width":1707,"height":1014,"caption":"Kalot"},"image":{"@id":"https:\/\/kalot.com.mx\/site\/#\/schema\/logo\/image\/"},"sameAs":["http:\/\/facebook.com\/mxkalot","https:\/\/x.com\/kalotmx","http:\/\/instagram.com\/kalotmx","http:\/\/pinterest.com\/jorgeerana\/kalot"]},{"@type":"Person","@id":"https:\/\/kalot.com.mx\/site\/#\/schema\/person\/1d75ba57b0359df6aee12de5a86e5b04","name":"yash","image":{"@type":"ImageObject","inLanguage":"es","@id":"https:\/\/secure.gravatar.com\/avatar\/be80e9883aa4c662e1a435d9ba36a6fba313cea893e0d847aac2ca2290e6decb?s=96&d=mm&r=g","url":"https:\/\/secure.gravatar.com\/avatar\/be80e9883aa4c662e1a435d9ba36a6fba313cea893e0d847aac2ca2290e6decb?s=96&d=mm&r=g","contentUrl":"https:\/\/secure.gravatar.com\/avatar\/be80e9883aa4c662e1a435d9ba36a6fba313cea893e0d847aac2ca2290e6decb?s=96&d=mm&r=g","caption":"yash"},"url":"https:\/\/kalot.com.mx\/site\/author\/yash\/"}]}},"jetpack_publicize_connections":[],"jetpack_featured_media_url":"https:\/\/i0.wp.com\/kalot.com.mx\/site\/wp-content\/uploads\/2015\/04\/Joker-2.jpg?fit=800%2C600&ssl=1","jetpack_shortlink":"https:\/\/wp.me\/p6IHEI-5xg","jetpack-related-posts":[{"id":25701,"url":"https:\/\/kalot.com.mx\/site\/2016\/08\/05\/laresena-escuadron-suicida\/","url_meta":{"origin":21282,"position":0},"title":"#LaRese\u00f1a: Escuadr\u00f3n Suicida","author":"yash","date":"5 agosto, 2016","format":false,"excerpt":"Escuadr\u00f3n Suicida trata de recuperar para DC lo perdido con BvS. Lamentablemente, esta cinta tambi\u00e9n falla aunque tiene algunas cosas positivas. Promet\u00eda ser la pel\u00edcula que devolver\u00eda a DC al puesto n\u00famero uno de las pel\u00edculas de superheroes. Ten\u00eda una buena historia acompa\u00f1ada de un gran elenco, adem\u00e1s, la aparici\u00f3n\u2026","rel":"","context":"En &quot;Cine&quot;","block_context":{"text":"Cine","link":"https:\/\/kalot.com.mx\/site\/category\/cine\/"},"img":{"alt_text":"","src":"https:\/\/i0.wp.com\/kalot.com.mx\/site\/wp-content\/uploads\/2016\/08\/suicide-squad.jpg?fit=800%2C400&ssl=1&resize=350%2C200","width":350,"height":200,"srcset":"https:\/\/i0.wp.com\/kalot.com.mx\/site\/wp-content\/uploads\/2016\/08\/suicide-squad.jpg?fit=800%2C400&ssl=1&resize=350%2C200 1x, https:\/\/i0.wp.com\/kalot.com.mx\/site\/wp-content\/uploads\/2016\/08\/suicide-squad.jpg?fit=800%2C400&ssl=1&resize=525%2C300 1.5x, https:\/\/i0.wp.com\/kalot.com.mx\/site\/wp-content\/uploads\/2016\/08\/suicide-squad.jpg?fit=800%2C400&ssl=1&resize=700%2C400 2x"},"classes":[]},{"id":20420,"url":"https:\/\/kalot.com.mx\/site\/2015\/02\/16\/el-guason-en-gotham\/","url_meta":{"origin":21282,"position":1},"title":"\u00bfEl Guas\u00f3n en Gotham?","author":"yash","date":"16 febrero, 2015","format":false,"excerpt":"Cuando muchos pens\u00e1bamos que la serie de\u00a0Gotham iba demasiado lenta y que estaba por debajo de las expectativas, un promo de 30 segundos emitido la semana pasada dej\u00f3 a m\u00e1s de uno perplejo. Efectivamente, un promo de 30 segundos fue suficiente para que las miradas apuntaran nuevamente a la serie\u2026","rel":"","context":"Entrada similar ","block_context":{"text":"Entrada similar ","link":""},"img":{"alt_text":"","src":"https:\/\/i0.wp.com\/kalot.com.mx\/site\/wp-content\/uploads\/2015\/02\/Gotham-Young-Joker-Trailer-Reveal.jpg?fit=620%2C320&ssl=1&resize=350%2C200","width":350,"height":200,"srcset":"https:\/\/i0.wp.com\/kalot.com.mx\/site\/wp-content\/uploads\/2015\/02\/Gotham-Young-Joker-Trailer-Reveal.jpg?fit=620%2C320&ssl=1&resize=350%2C200 1x, https:\/\/i0.wp.com\/kalot.com.mx\/site\/wp-content\/uploads\/2015\/02\/Gotham-Young-Joker-Trailer-Reveal.jpg?fit=620%2C320&ssl=1&resize=525%2C300 1.5x"},"classes":[]},{"id":22219,"url":"https:\/\/kalot.com.mx\/site\/2015\/07\/11\/confirman-pelicula-de-thekillingjoke\/","url_meta":{"origin":21282,"position":2},"title":"Confirman Pel\u00edcula de #TheKillingJoke","author":"yash","date":"11 julio, 2015","format":false,"excerpt":"La Comic-Con 2015 sigue dando de que hablar y en esta ocasi\u00f3n DC se vuelve robar los reflectores con el anuncio de tres nuevas pel\u00edculas animadas. Pero la noticia de mayor ruido fue que entre estas tres pel\u00edculas se encuentra una que estar\u00e1 basada en el exitoso c\u00f3mic de\u00a0Batman: The\u2026","rel":"","context":"Entrada similar ","block_context":{"text":"Entrada similar ","link":""},"img":{"alt_text":"","src":"https:\/\/i0.wp.com\/kalot.com.mx\/site\/wp-content\/uploads\/2015\/07\/Batman3.jpg?fit=1200%2C900&ssl=1&resize=350%2C200","width":350,"height":200,"srcset":"https:\/\/i0.wp.com\/kalot.com.mx\/site\/wp-content\/uploads\/2015\/07\/Batman3.jpg?fit=1200%2C900&ssl=1&resize=350%2C200 1x, https:\/\/i0.wp.com\/kalot.com.mx\/site\/wp-content\/uploads\/2015\/07\/Batman3.jpg?fit=1200%2C900&ssl=1&resize=525%2C300 1.5x, https:\/\/i0.wp.com\/kalot.com.mx\/site\/wp-content\/uploads\/2015\/07\/Batman3.jpg?fit=1200%2C900&ssl=1&resize=700%2C400 2x, https:\/\/i0.wp.com\/kalot.com.mx\/site\/wp-content\/uploads\/2015\/07\/Batman3.jpg?fit=1200%2C900&ssl=1&resize=1050%2C600 3x"},"classes":[]},{"id":22191,"url":"https:\/\/kalot.com.mx\/site\/2015\/07\/10\/ben-affleck-dirigira-estelarizara-y-co-escribira-batman\/","url_meta":{"origin":21282,"position":3},"title":"Ben Affleck Dirigir\u00e1, Estelarizar\u00e1 y co-escribir\u00e1 \u201cBatman\u201d","author":"yash","date":"10 julio, 2015","format":false,"excerpt":"La Comic-Con 2015 nos ha tra\u00eddo diferentes noticias y una de las m\u00e1s sorprendentes ha sido el anuncio de Ben Affleck como director, co-escritor y protagonista de una cinta en solitario de Batman. La historia estar\u00e1 a cargo Affleck y Geoff Johns (Smallville,\u00a0Arrow, Flash) y se dice que estar\u00e1 ambientada\u2026","rel":"","context":"Entrada similar ","block_context":{"text":"Entrada similar ","link":""},"img":{"alt_text":"","src":"https:\/\/i0.wp.com\/kalot.com.mx\/site\/wp-content\/uploads\/2015\/07\/Batman1.jpg?fit=1200%2C675&ssl=1&resize=350%2C200","width":350,"height":200,"srcset":"https:\/\/i0.wp.com\/kalot.com.mx\/site\/wp-content\/uploads\/2015\/07\/Batman1.jpg?fit=1200%2C675&ssl=1&resize=350%2C200 1x, https:\/\/i0.wp.com\/kalot.com.mx\/site\/wp-content\/uploads\/2015\/07\/Batman1.jpg?fit=1200%2C675&ssl=1&resize=525%2C300 1.5x, https:\/\/i0.wp.com\/kalot.com.mx\/site\/wp-content\/uploads\/2015\/07\/Batman1.jpg?fit=1200%2C675&ssl=1&resize=700%2C400 2x, https:\/\/i0.wp.com\/kalot.com.mx\/site\/wp-content\/uploads\/2015\/07\/Batman1.jpg?fit=1200%2C675&ssl=1&resize=1050%2C600 3x"},"classes":[]},{"id":13265,"url":"https:\/\/kalot.com.mx\/site\/2014\/03\/11\/gotham-logo-y-sinopsis\/","url_meta":{"origin":21282,"position":4},"title":"Gotham ya tiene logo y sinopsis.","author":"Santiago Herrera","date":"11 marzo, 2014","format":false,"excerpt":"La cadena de televisi\u00f3n Fox revelo hoy el logo oficial y la sinopsis de Gotham, la serie que contara las historias del departamento de policia de Ciudad G\u00f3tica con el futuro comisonado Gordon como protagonista. La serie relatar\u00e1 como el novato detective James Gordon investiga sus primeros casos y lidia\u2026","rel":"","context":"Entrada similar ","block_context":{"text":"Entrada similar ","link":""},"img":{"alt_text":"","src":"https:\/\/i0.wp.com\/kalot.com.mx\/site\/wp-content\/uploads\/2014\/03\/gotham.jpg?fit=630%2C420&ssl=1&resize=350%2C200","width":350,"height":200,"srcset":"https:\/\/i0.wp.com\/kalot.com.mx\/site\/wp-content\/uploads\/2014\/03\/gotham.jpg?fit=630%2C420&ssl=1&resize=350%2C200 1x, https:\/\/i0.wp.com\/kalot.com.mx\/site\/wp-content\/uploads\/2014\/03\/gotham.jpg?fit=630%2C420&ssl=1&resize=525%2C300 1.5x"},"classes":[]},{"id":22371,"url":"https:\/\/kalot.com.mx\/site\/2015\/07\/20\/quien-sera-el-mejor-joker-en-el-cine\/","url_meta":{"origin":21282,"position":5},"title":"\u00bfQUI\u00c9N SER\u00c1 EL MEJOR JOKER EN EL CINE?","author":"HM_MKT007","date":"20 julio, 2015","format":false,"excerpt":"As\u00ed es, tema pol\u00e9mico, tema de nunca acabar, pero tema interesante, siempre me ha apasionado el mundo de BATMAN, tanto en c\u00f3mics, como en pel\u00edculas animadas, pero tambi\u00e9n en el cine, y la verdad, es que hemos tenido 3 personajes clave, y uno nuevo en camino que seguramente dar\u00e1 mucho\u2026","rel":"","context":"Entrada similar ","block_context":{"text":"Entrada similar ","link":""},"img":{"alt_text":"","src":"https:\/\/i0.wp.com\/kalot.com.mx\/site\/wp-content\/uploads\/2015\/07\/1224455793317175728.jpg?fit=636%2C350&ssl=1&resize=350%2C200","width":350,"height":200,"srcset":"https:\/\/i0.wp.com\/kalot.com.mx\/site\/wp-content\/uploads\/2015\/07\/1224455793317175728.jpg?fit=636%2C350&ssl=1&resize=350%2C200 1x, https:\/\/i0.wp.com\/kalot.com.mx\/site\/wp-content\/uploads\/2015\/07\/1224455793317175728.jpg?fit=636%2C350&ssl=1&resize=525%2C300 1.5x"},"classes":[]}],"jetpack_sharing_enabled":true,"_links":{"self":[{"href":"https:\/\/kalot.com.mx\/site\/wp-json\/wp\/v2\/posts\/21282","targetHints":{"allow":["GET"]}}],"collection":[{"href":"https:\/\/kalot.com.mx\/site\/wp-json\/wp\/v2\/posts"}],"about":[{"href":"https:\/\/kalot.com.mx\/site\/wp-json\/wp\/v2\/types\/post"}],"author":[{"embeddable":true,"href":"https:\/\/kalot.com.mx\/site\/wp-json\/wp\/v2\/users\/108"}],"replies":[{"embeddable":true,"href":"https:\/\/kalot.com.mx\/site\/wp-json\/wp\/v2\/comments?post=21282"}],"version-history":[{"count":0,"href":"https:\/\/kalot.com.mx\/site\/wp-json\/wp\/v2\/posts\/21282\/revisions"}],"wp:featuredmedia":[{"embeddable":true,"href":"https:\/\/kalot.com.mx\/site\/wp-json\/wp\/v2\/media\/21284"}],"wp:attachment":[{"href":"https:\/\/kalot.com.mx\/site\/wp-json\/wp\/v2\/media?parent=21282"}],"wp:term":[{"taxonomy":"category","embeddable":true,"href":"https:\/\/kalot.com.mx\/site\/wp-json\/wp\/v2\/categories?post=21282"},{"taxonomy":"post_tag","embeddable":true,"href":"https:\/\/kalot.com.mx\/site\/wp-json\/wp\/v2\/tags?post=21282"}],"curies":[{"name":"wp","href":"https:\/\/api.w.org\/{rel}","templated":true}]}}