{"id":21168,"date":"2015-04-17T21:30:09","date_gmt":"2015-04-18T02:30:09","guid":{"rendered":"http:\/\/www.kalot.com.mx\/?p=21168"},"modified":"2015-04-17T21:33:49","modified_gmt":"2015-04-18T02:33:49","slug":"lanzan-primer-trailer-de-batman-v-superman","status":"publish","type":"post","link":"https:\/\/kalot.com.mx\/site\/2015\/04\/17\/lanzan-primer-trailer-de-batman-v-superman\/","title":{"rendered":"Lanzan Primer Trailer de #BatmanvSuperman"},"content":{"rendered":"<p style=\"text-align: justify\">La espera termin\u00f3. Despu\u00e9s de tantas especulaciones y filtraciones,\u00a0Warner Bros. Pictures por fin sac\u00f3 a la luz el primer trailer oficial de la pr\u00f3xima pel\u00edcula de DC:\u00a0Batman v Superman\u00a0Dawn of Justice.<\/p>\n<p style=\"text-align: justify\">Miles de fans por el mundo se emocionaron al ver la aparici\u00f3n del hombre murci\u00e9lago enfrentado a Superman y no es para menos, hasta la fecha no se tiene mucha informaci\u00f3n sobre lo que ser\u00e1 el gui\u00f3n y la historia que dar\u00e1 pie a la Liga de la Justicia.<\/p>\n<p style=\"text-align: justify\"><a href=\"https:\/\/i0.wp.com\/www.kalot.com.mx\/wp-content\/uploads\/2015\/04\/Batman-v-Superman.jpg\"><img data-recalc-dims=\"1\" fetchpriority=\"high\" decoding=\"async\" data-attachment-id=\"21169\" data-permalink=\"https:\/\/kalot.com.mx\/site\/2015\/04\/17\/lanzan-primer-trailer-de-batman-v-superman\/batman-v-superman\/\" data-orig-file=\"https:\/\/i0.wp.com\/kalot.com.mx\/site\/wp-content\/uploads\/2015\/04\/Batman-v-Superman.jpg?fit=900%2C563&amp;ssl=1\" data-orig-size=\"900,563\" data-comments-opened=\"1\" data-image-meta=\"{&quot;aperture&quot;:&quot;0&quot;,&quot;credit&quot;:&quot;&quot;,&quot;camera&quot;:&quot;&quot;,&quot;caption&quot;:&quot;&quot;,&quot;created_timestamp&quot;:&quot;0&quot;,&quot;copyright&quot;:&quot;&quot;,&quot;focal_length&quot;:&quot;0&quot;,&quot;iso&quot;:&quot;0&quot;,&quot;shutter_speed&quot;:&quot;0&quot;,&quot;title&quot;:&quot;&quot;,&quot;orientation&quot;:&quot;0&quot;}\" data-image-title=\"Batman v Superman\" data-image-description=\"\" data-image-caption=\"\" data-large-file=\"https:\/\/i0.wp.com\/kalot.com.mx\/site\/wp-content\/uploads\/2015\/04\/Batman-v-Superman.jpg?fit=900%2C563&amp;ssl=1\" class=\"alignnone size-full wp-image-21169\" src=\"https:\/\/i0.wp.com\/www.kalot.com.mx\/wp-content\/uploads\/2015\/04\/Batman-v-Superman.jpg?resize=900%2C563\" alt=\"Batman v Superman\" width=\"900\" height=\"563\" srcset=\"https:\/\/i0.wp.com\/kalot.com.mx\/site\/wp-content\/uploads\/2015\/04\/Batman-v-Superman.jpg?w=900&amp;ssl=1 900w, https:\/\/i0.wp.com\/kalot.com.mx\/site\/wp-content\/uploads\/2015\/04\/Batman-v-Superman.jpg?resize=768%2C480&amp;ssl=1 768w, https:\/\/i0.wp.com\/kalot.com.mx\/site\/wp-content\/uploads\/2015\/04\/Batman-v-Superman.jpg?resize=380%2C238&amp;ssl=1 380w, https:\/\/i0.wp.com\/kalot.com.mx\/site\/wp-content\/uploads\/2015\/04\/Batman-v-Superman.jpg?resize=800%2C500&amp;ssl=1 800w, https:\/\/i0.wp.com\/kalot.com.mx\/site\/wp-content\/uploads\/2015\/04\/Batman-v-Superman.jpg?resize=300%2C188&amp;ssl=1 300w, https:\/\/i0.wp.com\/kalot.com.mx\/site\/wp-content\/uploads\/2015\/04\/Batman-v-Superman.jpg?resize=810%2C507&amp;ssl=1 810w\" sizes=\"(max-width: 900px) 100vw, 900px\" \/><\/a><\/p>\n<p style=\"text-align: justify\">En un principio, el director de la cinta, Zack Snyder, hab\u00eda anunciado que el lanzamiento oficial ser\u00eda lunes 20 de abril en un evento especial en Estados Unidos en el sistema de proyecci\u00f3n IMAX, la filtraci\u00f3n de una grabaci\u00f3n del mismo tuvo que adelantar todo.<\/p>\n<p style=\"text-align: justify\">Al inicio del v\u00eddeo se pueden escuchar diversos comentarios en torno a la figura de Superman y se aprecia una estatua del hombre de acero con la leyenda &#8220;Falso Dios&#8221; y por si esto no fuer suficiente para encender a los fans, al final del trailer se puede escuchar a\u00a0Ben Affleck en su papel de Batman preguntarle a Superman:\u00a0&#8220;\u00bfSangras?&#8221; para a\u00f1adir un\u00a0&#8220;Lo har\u00e1s&#8221;.<\/p>\n<p style=\"text-align: justify\">Sin duda, habr\u00e1 que esperar a m\u00e1s adelantos por parte de Warner. La pel\u00edcula ser\u00e1 estrenada en 2016 y ser\u00e1 ah\u00ed cuando veamos por fin el rumbo que tomar\u00e1n todas las cintas del universo de DC.<\/p>\n<p style=\"text-align: justify\">Puedes ver el trailer aqu\u00ed:<\/p>\n<p><span class=\"embed-youtube\" style=\"text-align:center; display: block;\"><iframe class=\"youtube-player\" width=\"1200\" height=\"675\" src=\"https:\/\/www.youtube.com\/embed\/IwfUnkBfdZ4?version=3&#038;rel=1&#038;showsearch=0&#038;showinfo=1&#038;iv_load_policy=1&#038;fs=1&#038;hl=es-MX&#038;autohide=2&#038;wmode=transparent\" allowfullscreen=\"true\" style=\"border:0;\" sandbox=\"allow-scripts allow-same-origin allow-popups allow-presentation allow-popups-to-escape-sandbox\"><\/iframe><\/span><\/p>\n<div class=\"nota-mmedia\"><\/div>\n","protected":false},"excerpt":{"rendered":"La espera termin\u00f3. Despu\u00e9s de tantas especulaciones y filtraciones,\u00a0Warner Bros. Pictures por fin sac\u00f3 a la luz el&hellip;\n","protected":false},"author":108,"featured_media":21169,"comment_status":"open","ping_status":"open","sticky":false,"template":"","format":"standard","meta":{"jetpack_post_was_ever_published":false,"_jetpack_newsletter_access":"","_jetpack_dont_email_post_to_subs":false,"_jetpack_newsletter_tier_id":0,"_jetpack_memberships_contains_paywalled_content":false,"_jetpack_memberships_contains_paid_content":false,"footnotes":"","jetpack_publicize_message":"","jetpack_publicize_feature_enabled":true,"jetpack_social_post_already_shared":true,"jetpack_social_options":{"image_generator_settings":{"template":"highway","default_image_id":0,"font":"","enabled":false},"version":2}},"categories":[],"tags":[],"class_list":{"0":"post-21168","1":"post","2":"type-post","3":"status-publish","4":"format-standard","5":"has-post-thumbnail","7":"cs-entry","8":"cs-video-wrap"},"yoast_head":"<!-- This site is optimized with the Yoast SEO plugin v27.4 - https:\/\/yoast.com\/product\/yoast-seo-wordpress\/ -->\n<title>Lanzan Primer Trailer de #BatmanvSuperman - Kalot<\/title>\n<meta name=\"description\" content=\"La espera termin\u00f3. Despu\u00e9s de tantas especulaciones y filtraciones,\u00a0Warner Bros. Pictures por fin sac\u00f3 a la luz el primer trailer oficial de la pr\u00f3xima\" \/>\n<meta name=\"robots\" content=\"index, follow, max-snippet:-1, max-image-preview:large, max-video-preview:-1\" \/>\n<link rel=\"canonical\" href=\"https:\/\/kalot.com.mx\/site\/2015\/04\/17\/lanzan-primer-trailer-de-batman-v-superman\/\" \/>\n<meta property=\"og:locale\" content=\"es_MX\" \/>\n<meta property=\"og:type\" content=\"article\" \/>\n<meta property=\"og:title\" content=\"Lanzan Primer Trailer de #BatmanvSuperman - Kalot\" \/>\n<meta property=\"og:description\" content=\"La espera termin\u00f3. Despu\u00e9s de tantas especulaciones y filtraciones,\u00a0Warner Bros. Pictures por fin sac\u00f3 a la luz el primer trailer oficial de la pr\u00f3xima\" \/>\n<meta property=\"og:url\" content=\"https:\/\/kalot.com.mx\/site\/2015\/04\/17\/lanzan-primer-trailer-de-batman-v-superman\/\" \/>\n<meta property=\"og:site_name\" content=\"Kalot\" \/>\n<meta property=\"article:publisher\" content=\"http:\/\/facebook.com\/mxkalot\" \/>\n<meta property=\"article:published_time\" content=\"2015-04-18T02:30:09+00:00\" \/>\n<meta property=\"article:modified_time\" content=\"2015-04-18T02:33:49+00:00\" \/>\n<meta property=\"og:image\" content=\"https:\/\/i2.wp.com\/kalot.com.mx\/site\/wp-content\/uploads\/2015\/04\/Batman-v-Superman.jpg?fit=900%2C563&ssl=1\" \/>\n\t<meta property=\"og:image:width\" content=\"900\" \/>\n\t<meta property=\"og:image:height\" content=\"563\" \/>\n\t<meta property=\"og:image:type\" content=\"image\/jpeg\" \/>\n<meta name=\"author\" content=\"yash\" \/>\n<meta name=\"twitter:card\" content=\"summary_large_image\" \/>\n<meta name=\"twitter:creator\" content=\"@kalotmx\" \/>\n<meta name=\"twitter:site\" content=\"@kalotmx\" \/>\n<meta name=\"twitter:label1\" content=\"Escrito por\" \/>\n\t<meta name=\"twitter:data1\" content=\"yash\" \/>\n\t<meta name=\"twitter:label2\" content=\"Tiempo de lectura\" \/>\n\t<meta name=\"twitter:data2\" content=\"1 minuto\" \/>\n<!-- \/ Yoast SEO plugin. -->","yoast_head_json":{"title":"Lanzan Primer Trailer de #BatmanvSuperman - Kalot","description":"La espera termin\u00f3. Despu\u00e9s de tantas especulaciones y filtraciones,\u00a0Warner Bros. Pictures por fin sac\u00f3 a la luz el primer trailer oficial de la pr\u00f3xima","robots":{"index":"index","follow":"follow","max-snippet":"max-snippet:-1","max-image-preview":"max-image-preview:large","max-video-preview":"max-video-preview:-1"},"canonical":"https:\/\/kalot.com.mx\/site\/2015\/04\/17\/lanzan-primer-trailer-de-batman-v-superman\/","og_locale":"es_MX","og_type":"article","og_title":"Lanzan Primer Trailer de #BatmanvSuperman - Kalot","og_description":"La espera termin\u00f3. Despu\u00e9s de tantas especulaciones y filtraciones,\u00a0Warner Bros. Pictures por fin sac\u00f3 a la luz el primer trailer oficial de la pr\u00f3xima","og_url":"https:\/\/kalot.com.mx\/site\/2015\/04\/17\/lanzan-primer-trailer-de-batman-v-superman\/","og_site_name":"Kalot","article_publisher":"http:\/\/facebook.com\/mxkalot","article_published_time":"2015-04-18T02:30:09+00:00","article_modified_time":"2015-04-18T02:33:49+00:00","og_image":[{"width":900,"height":563,"url":"https:\/\/i2.wp.com\/kalot.com.mx\/site\/wp-content\/uploads\/2015\/04\/Batman-v-Superman.jpg?fit=900%2C563&ssl=1","type":"image\/jpeg"}],"author":"yash","twitter_card":"summary_large_image","twitter_creator":"@kalotmx","twitter_site":"@kalotmx","twitter_misc":{"Escrito por":"yash","Tiempo de lectura":"1 minuto"},"schema":{"@context":"https:\/\/schema.org","@graph":[{"@type":"Article","@id":"https:\/\/kalot.com.mx\/site\/2015\/04\/17\/lanzan-primer-trailer-de-batman-v-superman\/#article","isPartOf":{"@id":"https:\/\/kalot.com.mx\/site\/2015\/04\/17\/lanzan-primer-trailer-de-batman-v-superman\/"},"author":{"name":"yash","@id":"https:\/\/kalot.com.mx\/site\/#\/schema\/person\/1d75ba57b0359df6aee12de5a86e5b04"},"headline":"Lanzan Primer Trailer de #BatmanvSuperman","datePublished":"2015-04-18T02:30:09+00:00","dateModified":"2015-04-18T02:33:49+00:00","mainEntityOfPage":{"@id":"https:\/\/kalot.com.mx\/site\/2015\/04\/17\/lanzan-primer-trailer-de-batman-v-superman\/"},"wordCount":265,"commentCount":0,"publisher":{"@id":"https:\/\/kalot.com.mx\/site\/#organization"},"image":{"@id":"https:\/\/kalot.com.mx\/site\/2015\/04\/17\/lanzan-primer-trailer-de-batman-v-superman\/#primaryimage"},"thumbnailUrl":"https:\/\/i0.wp.com\/kalot.com.mx\/site\/wp-content\/uploads\/2015\/04\/Batman-v-Superman.jpg?fit=900%2C563&ssl=1","inLanguage":"es","potentialAction":[{"@type":"CommentAction","name":"Comment","target":["https:\/\/kalot.com.mx\/site\/2015\/04\/17\/lanzan-primer-trailer-de-batman-v-superman\/#respond"]}]},{"@type":"WebPage","@id":"https:\/\/kalot.com.mx\/site\/2015\/04\/17\/lanzan-primer-trailer-de-batman-v-superman\/","url":"https:\/\/kalot.com.mx\/site\/2015\/04\/17\/lanzan-primer-trailer-de-batman-v-superman\/","name":"Lanzan Primer Trailer de #BatmanvSuperman - Kalot","isPartOf":{"@id":"https:\/\/kalot.com.mx\/site\/#website"},"primaryImageOfPage":{"@id":"https:\/\/kalot.com.mx\/site\/2015\/04\/17\/lanzan-primer-trailer-de-batman-v-superman\/#primaryimage"},"image":{"@id":"https:\/\/kalot.com.mx\/site\/2015\/04\/17\/lanzan-primer-trailer-de-batman-v-superman\/#primaryimage"},"thumbnailUrl":"https:\/\/i0.wp.com\/kalot.com.mx\/site\/wp-content\/uploads\/2015\/04\/Batman-v-Superman.jpg?fit=900%2C563&ssl=1","datePublished":"2015-04-18T02:30:09+00:00","dateModified":"2015-04-18T02:33:49+00:00","description":"La espera termin\u00f3. Despu\u00e9s de tantas especulaciones y filtraciones,\u00a0Warner Bros. Pictures por fin sac\u00f3 a la luz el primer trailer oficial de la pr\u00f3xima","breadcrumb":{"@id":"https:\/\/kalot.com.mx\/site\/2015\/04\/17\/lanzan-primer-trailer-de-batman-v-superman\/#breadcrumb"},"inLanguage":"es","potentialAction":[{"@type":"ReadAction","target":["https:\/\/kalot.com.mx\/site\/2015\/04\/17\/lanzan-primer-trailer-de-batman-v-superman\/"]}]},{"@type":"ImageObject","inLanguage":"es","@id":"https:\/\/kalot.com.mx\/site\/2015\/04\/17\/lanzan-primer-trailer-de-batman-v-superman\/#primaryimage","url":"https:\/\/i0.wp.com\/kalot.com.mx\/site\/wp-content\/uploads\/2015\/04\/Batman-v-Superman.jpg?fit=900%2C563&ssl=1","contentUrl":"https:\/\/i0.wp.com\/kalot.com.mx\/site\/wp-content\/uploads\/2015\/04\/Batman-v-Superman.jpg?fit=900%2C563&ssl=1","width":900,"height":563},{"@type":"BreadcrumbList","@id":"https:\/\/kalot.com.mx\/site\/2015\/04\/17\/lanzan-primer-trailer-de-batman-v-superman\/#breadcrumb","itemListElement":[{"@type":"ListItem","position":1,"name":"Home","item":"https:\/\/kalot.com.mx\/site\/"},{"@type":"ListItem","position":2,"name":"Lanzan Primer Trailer de #BatmanvSuperman"}]},{"@type":"WebSite","@id":"https:\/\/kalot.com.mx\/site\/#website","url":"https:\/\/kalot.com.mx\/site\/","name":"Kalot","description":"Conoce Todo Sobre Todo","publisher":{"@id":"https:\/\/kalot.com.mx\/site\/#organization"},"potentialAction":[{"@type":"SearchAction","target":{"@type":"EntryPoint","urlTemplate":"https:\/\/kalot.com.mx\/site\/?s={search_term_string}"},"query-input":{"@type":"PropertyValueSpecification","valueRequired":true,"valueName":"search_term_string"}}],"inLanguage":"es"},{"@type":"Organization","@id":"https:\/\/kalot.com.mx\/site\/#organization","name":"Kalot","url":"https:\/\/kalot.com.mx\/site\/","logo":{"@type":"ImageObject","inLanguage":"es","@id":"https:\/\/kalot.com.mx\/site\/#\/schema\/logo\/image\/","url":"https:\/\/i0.wp.com\/kalot.com.mx\/site\/wp-content\/uploads\/2020\/04\/Kalot-logo-sin-tagline.png?fit=1707%2C1014&ssl=1","contentUrl":"https:\/\/i0.wp.com\/kalot.com.mx\/site\/wp-content\/uploads\/2020\/04\/Kalot-logo-sin-tagline.png?fit=1707%2C1014&ssl=1","width":1707,"height":1014,"caption":"Kalot"},"image":{"@id":"https:\/\/kalot.com.mx\/site\/#\/schema\/logo\/image\/"},"sameAs":["http:\/\/facebook.com\/mxkalot","https:\/\/x.com\/kalotmx","http:\/\/instagram.com\/kalotmx","http:\/\/pinterest.com\/jorgeerana\/kalot"]},{"@type":"Person","@id":"https:\/\/kalot.com.mx\/site\/#\/schema\/person\/1d75ba57b0359df6aee12de5a86e5b04","name":"yash","image":{"@type":"ImageObject","inLanguage":"es","@id":"https:\/\/secure.gravatar.com\/avatar\/be80e9883aa4c662e1a435d9ba36a6fba313cea893e0d847aac2ca2290e6decb?s=96&d=mm&r=g","url":"https:\/\/secure.gravatar.com\/avatar\/be80e9883aa4c662e1a435d9ba36a6fba313cea893e0d847aac2ca2290e6decb?s=96&d=mm&r=g","contentUrl":"https:\/\/secure.gravatar.com\/avatar\/be80e9883aa4c662e1a435d9ba36a6fba313cea893e0d847aac2ca2290e6decb?s=96&d=mm&r=g","caption":"yash"},"url":"https:\/\/kalot.com.mx\/site\/author\/yash\/"}]}},"jetpack_publicize_connections":[],"jetpack_featured_media_url":"https:\/\/i0.wp.com\/kalot.com.mx\/site\/wp-content\/uploads\/2015\/04\/Batman-v-Superman.jpg?fit=900%2C563&ssl=1","jetpack_shortlink":"https:\/\/wp.me\/p6IHEI-5vq","jetpack-related-posts":[{"id":15797,"url":"https:\/\/kalot.com.mx\/site\/2014\/05\/05\/gotham-trailer-oficial\/","url_meta":{"origin":21168,"position":0},"title":"Gotham: Trailer Oficial","author":"Santiago Herrera","date":"5 mayo, 2014","format":false,"excerpt":"Aqu\u00ed el primer vistazo a la nueva serie de TV de Fox que abordar\u00e1 los hechos acontecidos despues de la muerte de Martha y Thomas Wayne, padres de Batman. Con una promesa para el peque\u00f1o Bruce Wayne el detective James Gordon emprende la misi\u00f3n de buscar y hacer pagar al\u2026","rel":"","context":"Entrada similar ","block_context":{"text":"Entrada similar ","link":""},"img":{"alt_text":"","src":"https:\/\/i0.wp.com\/kalot.com.mx\/site\/wp-content\/uploads\/2014\/05\/gotham1.jpg?fit=630%2C420&ssl=1&resize=350%2C200","width":350,"height":200,"srcset":"https:\/\/i0.wp.com\/kalot.com.mx\/site\/wp-content\/uploads\/2014\/05\/gotham1.jpg?fit=630%2C420&ssl=1&resize=350%2C200 1x, https:\/\/i0.wp.com\/kalot.com.mx\/site\/wp-content\/uploads\/2014\/05\/gotham1.jpg?fit=630%2C420&ssl=1&resize=525%2C300 1.5x"},"classes":[]},{"id":24515,"url":"https:\/\/kalot.com.mx\/site\/2015\/12\/11\/primer-trailer-oficial-de-xmen-apocalypse\/","url_meta":{"origin":21168,"position":1},"title":"Primer tr\u00e1iler oficial de XMEN APOCALYPSE","author":"HM_MKT007","date":"11 diciembre, 2015","format":false,"excerpt":"El cierre de a\u00f1o esta resultando espectacular, y solo nos deja con muchas ansias de estar ya en el 2016, porque cada vez mejores pel\u00edculas se acercan, y uno de ellos es sin duda esta, el cierre de la trilog\u00eda de XMEN empezada en FIRST CLASS, y por lo que\u2026","rel":"","context":"En &quot;Cine&quot;","block_context":{"text":"Cine","link":"https:\/\/kalot.com.mx\/site\/category\/cine\/"},"img":{"alt_text":"","src":"https:\/\/i0.wp.com\/kalot.com.mx\/site\/wp-content\/uploads\/2015\/12\/ew-cover-1373-xmen_612x380-1.jpg?fit=640%2C397&ssl=1&resize=350%2C200","width":350,"height":200,"srcset":"https:\/\/i0.wp.com\/kalot.com.mx\/site\/wp-content\/uploads\/2015\/12\/ew-cover-1373-xmen_612x380-1.jpg?fit=640%2C397&ssl=1&resize=350%2C200 1x, https:\/\/i0.wp.com\/kalot.com.mx\/site\/wp-content\/uploads\/2015\/12\/ew-cover-1373-xmen_612x380-1.jpg?fit=640%2C397&ssl=1&resize=525%2C300 1.5x"},"classes":[]},{"id":21207,"url":"https:\/\/kalot.com.mx\/site\/2015\/04\/21\/juguemos-a-adivinar-con-batman-v-superman\/","url_meta":{"origin":21168,"position":2},"title":"JUGUEMOS A ADIVINAR con: BATMAN V SUPERMAN","author":"HM_MKT007","date":"21 abril, 2015","format":false,"excerpt":"El d\u00eda de hoy, regresa uno de los post que m\u00e1s me gusta escribir, y que ten\u00edamos abandonados un poco, para poder dar espacio a que se generen m\u00e1s y m\u00e1s temas de los cuales podamos adivinar, ese m\u00edtico, \u00bfQu\u00e9 suceder\u00e1? Tenemos muchos temas que abordar, y muchos que requieren\u2026","rel":"","context":"Con 1 comentario","block_context":{"text":"Con 1 comentario","link":"https:\/\/kalot.com.mx\/site\/2015\/04\/21\/juguemos-a-adivinar-con-batman-v-superman\/#comments"},"img":{"alt_text":"","src":"https:\/\/i0.wp.com\/kalot.com.mx\/site\/wp-content\/uploads\/2015\/04\/batman-v-superman-the-underdog-story-i-believe-in-you.jpeg?fit=1200%2C750&ssl=1&resize=350%2C200","width":350,"height":200,"srcset":"https:\/\/i0.wp.com\/kalot.com.mx\/site\/wp-content\/uploads\/2015\/04\/batman-v-superman-the-underdog-story-i-believe-in-you.jpeg?fit=1200%2C750&ssl=1&resize=350%2C200 1x, https:\/\/i0.wp.com\/kalot.com.mx\/site\/wp-content\/uploads\/2015\/04\/batman-v-superman-the-underdog-story-i-believe-in-you.jpeg?fit=1200%2C750&ssl=1&resize=525%2C300 1.5x, https:\/\/i0.wp.com\/kalot.com.mx\/site\/wp-content\/uploads\/2015\/04\/batman-v-superman-the-underdog-story-i-believe-in-you.jpeg?fit=1200%2C750&ssl=1&resize=700%2C400 2x, https:\/\/i0.wp.com\/kalot.com.mx\/site\/wp-content\/uploads\/2015\/04\/batman-v-superman-the-underdog-story-i-believe-in-you.jpeg?fit=1200%2C750&ssl=1&resize=1050%2C600 3x"},"classes":[]},{"id":23689,"url":"https:\/\/kalot.com.mx\/site\/2015\/09\/29\/trailer-oficial-de-the-revenant\/","url_meta":{"origin":21168,"position":3},"title":"Tr\u00e1iler oficial de &#8220;The Revenant&#8221;","author":"Jorge Era\u00f1a","date":"29 septiembre, 2015","format":false,"excerpt":"Todo listo para el estreno de \"The Revenant\", en M\u00e9xico la podremos ver el 25 de diciembre del 2015. \u00bfSer\u00e1 por fin esta producci\u00f3n la que le dar\u00e1 el Oscar a DiCaprio? yo creo que s\u00ed :). Aqu\u00ed el tr\u00e1iler oficial de The Revenant, \u00bfles gust\u00f3? https:\/\/www.youtube.com\/watch?v=LoebZZ8K5N0","rel":"","context":"En &quot;Cine&quot;","block_context":{"text":"Cine","link":"https:\/\/kalot.com.mx\/site\/category\/cine\/"},"img":{"alt_text":"","src":"https:\/\/i0.wp.com\/kalot.com.mx\/site\/wp-content\/uploads\/2015\/07\/TheRevenant.jpg?fit=1200%2C675&ssl=1&resize=350%2C200","width":350,"height":200,"srcset":"https:\/\/i0.wp.com\/kalot.com.mx\/site\/wp-content\/uploads\/2015\/07\/TheRevenant.jpg?fit=1200%2C675&ssl=1&resize=350%2C200 1x, https:\/\/i0.wp.com\/kalot.com.mx\/site\/wp-content\/uploads\/2015\/07\/TheRevenant.jpg?fit=1200%2C675&ssl=1&resize=525%2C300 1.5x, https:\/\/i0.wp.com\/kalot.com.mx\/site\/wp-content\/uploads\/2015\/07\/TheRevenant.jpg?fit=1200%2C675&ssl=1&resize=700%2C400 2x, https:\/\/i0.wp.com\/kalot.com.mx\/site\/wp-content\/uploads\/2015\/07\/TheRevenant.jpg?fit=1200%2C675&ssl=1&resize=1050%2C600 3x"},"classes":[]},{"id":21115,"url":"https:\/\/kalot.com.mx\/site\/2015\/04\/13\/trailer-oficial-de-ant-man\/","url_meta":{"origin":21168,"position":4},"title":"Tr\u00e1iler oficial de Ant-Man","author":"Jorge Era\u00f1a","date":"13 abril, 2015","format":false,"excerpt":"En desarrollo... https:\/\/www.youtube.com\/watch?v=QfOZWGLT1JM","rel":"","context":"Entrada similar ","block_context":{"text":"Entrada similar ","link":""},"img":{"alt_text":"","src":"https:\/\/i0.wp.com\/kalot.com.mx\/site\/wp-content\/uploads\/2015\/04\/Captura-de-pantalla-2015-04-13-a-las-8.56.25-a.m..png?fit=1122%2C606&ssl=1&resize=350%2C200","width":350,"height":200,"srcset":"https:\/\/i0.wp.com\/kalot.com.mx\/site\/wp-content\/uploads\/2015\/04\/Captura-de-pantalla-2015-04-13-a-las-8.56.25-a.m..png?fit=1122%2C606&ssl=1&resize=350%2C200 1x, https:\/\/i0.wp.com\/kalot.com.mx\/site\/wp-content\/uploads\/2015\/04\/Captura-de-pantalla-2015-04-13-a-las-8.56.25-a.m..png?fit=1122%2C606&ssl=1&resize=525%2C300 1.5x, https:\/\/i0.wp.com\/kalot.com.mx\/site\/wp-content\/uploads\/2015\/04\/Captura-de-pantalla-2015-04-13-a-las-8.56.25-a.m..png?fit=1122%2C606&ssl=1&resize=700%2C400 2x, https:\/\/i0.wp.com\/kalot.com.mx\/site\/wp-content\/uploads\/2015\/04\/Captura-de-pantalla-2015-04-13-a-las-8.56.25-a.m..png?fit=1122%2C606&ssl=1&resize=1050%2C600 3x"},"classes":[]},{"id":24405,"url":"https:\/\/kalot.com.mx\/site\/2015\/12\/03\/desmenucemos-el-trailer-final-de-batman-v-superman\/","url_meta":{"origin":21168,"position":5},"title":"Desmenucemos el tr\u00e1iler final de BATMAN v SUPERMAN","author":"HM_MKT007","date":"3 diciembre, 2015","format":false,"excerpt":"El d\u00eda de ayer se revel\u00f3 un tr\u00e1iler\u00a0incre\u00edble, realmente incre\u00edble, algo que para muchos (incluy\u00e9ndome) es el mejor tr\u00e1iler\u00a0del a\u00f1o de todo el g\u00e9nero de pel\u00edculas de s\u00faper h\u00e9roes, incluyendo el reciente trailer de CIVIL WAR, que aunque es bueno tambi\u00e9n, el de BATMAN V SUPERMAN del d\u00eda de ayer,\u2026","rel":"","context":"En &quot;Cine&quot;","block_context":{"text":"Cine","link":"https:\/\/kalot.com.mx\/site\/category\/cine\/"},"img":{"alt_text":"","src":"https:\/\/i0.wp.com\/kalot.com.mx\/site\/wp-content\/uploads\/2015\/12\/base_image.jpg?fit=619%2C347&ssl=1&resize=350%2C200","width":350,"height":200,"srcset":"https:\/\/i0.wp.com\/kalot.com.mx\/site\/wp-content\/uploads\/2015\/12\/base_image.jpg?fit=619%2C347&ssl=1&resize=350%2C200 1x, https:\/\/i0.wp.com\/kalot.com.mx\/site\/wp-content\/uploads\/2015\/12\/base_image.jpg?fit=619%2C347&ssl=1&resize=525%2C300 1.5x"},"classes":[]}],"jetpack_sharing_enabled":true,"_links":{"self":[{"href":"https:\/\/kalot.com.mx\/site\/wp-json\/wp\/v2\/posts\/21168","targetHints":{"allow":["GET"]}}],"collection":[{"href":"https:\/\/kalot.com.mx\/site\/wp-json\/wp\/v2\/posts"}],"about":[{"href":"https:\/\/kalot.com.mx\/site\/wp-json\/wp\/v2\/types\/post"}],"author":[{"embeddable":true,"href":"https:\/\/kalot.com.mx\/site\/wp-json\/wp\/v2\/users\/108"}],"replies":[{"embeddable":true,"href":"https:\/\/kalot.com.mx\/site\/wp-json\/wp\/v2\/comments?post=21168"}],"version-history":[{"count":0,"href":"https:\/\/kalot.com.mx\/site\/wp-json\/wp\/v2\/posts\/21168\/revisions"}],"wp:featuredmedia":[{"embeddable":true,"href":"https:\/\/kalot.com.mx\/site\/wp-json\/wp\/v2\/media\/21169"}],"wp:attachment":[{"href":"https:\/\/kalot.com.mx\/site\/wp-json\/wp\/v2\/media?parent=21168"}],"wp:term":[{"taxonomy":"category","embeddable":true,"href":"https:\/\/kalot.com.mx\/site\/wp-json\/wp\/v2\/categories?post=21168"},{"taxonomy":"post_tag","embeddable":true,"href":"https:\/\/kalot.com.mx\/site\/wp-json\/wp\/v2\/tags?post=21168"}],"curies":[{"name":"wp","href":"https:\/\/api.w.org\/{rel}","templated":true}]}}