{"id":20950,"date":"2015-03-31T12:30:47","date_gmt":"2015-03-31T18:30:47","guid":{"rendered":"http:\/\/www.kalot.com.mx\/?p=20950"},"modified":"2015-03-31T12:30:47","modified_gmt":"2015-03-31T18:30:47","slug":"etapas-de-un-despido-laboral","status":"publish","type":"post","link":"https:\/\/kalot.com.mx\/site\/2015\/03\/31\/etapas-de-un-despido-laboral\/","title":{"rendered":"Etapas de un despido laboral."},"content":{"rendered":"<p>Hola lectores de Kalot, hoy les escribo con esta breve historia acerca de un despido laboral.<\/p>\n<p>Etapa 1:<\/p>\n<ul>\n<li><strong>Enojo.<\/strong><\/li>\n<\/ul>\n<p>As\u00ed es la primera etapa es el enojo ante la situaci\u00f3n ya que en algunas ocasiones no controlamos las decisiones que toman las empresas en este caso el despido es una de ellas, y nos hace pensar \u00bfPorqu\u00e9 yo? \u00bfPorqu\u00e9 a mi? \u00bfQu\u00e9 me falt\u00f3 hacer? \u00bfQu\u00e9 hice? y muchas m\u00e1s que poco a poco llenan tu cabeza. La respuesta que te puedo dar sin ser soberbio es: La empresa no estaba lista para tu capacidad, ojo esto quiere decir que tal vez ya hab\u00edas dominado tu puesto y no hab\u00eda m\u00e1s lugar a d\u00f3nde crecer o el crecimiento es est\u00e1tico y no tan din\u00e1mico lo cual reduce que la fuerza laboral pueda moverse dentro de la organizaci\u00f3n. Y al final la empresa sabe que puede prescindir de tus servicios ya que tienes m\u00e1s capacidades que te pueden ayudar a conseguir tus metas en otro lado.<\/p>\n<p>Etapa 2:<\/p>\n<ul>\n<li><strong>Angustia<\/strong><\/li>\n<\/ul>\n<p>Tambi\u00e9n llega la angustia y no por el hecho de que sea injusto, por el hecho de que no podemos controlar esa situaci\u00f3n y de tener que ir a vender tu trabajo a otra empresa, y demostrar lo que uno puede hacer dentro de sus \u00e1reas de experiencia. La angustia se presenta debido a que no sabemos \u00bfcu\u00e1nto tiempo tardaremos en esa b\u00fasqueda? Sobre todo por los procesos que tardan en algunos casos las \u00e1reas de recursos humanos.<\/p>\n<p>&nbsp;<\/p>\n<p><a href=\"https:\/\/i0.wp.com\/www.kalot.com.mx\/wp-content\/uploads\/2015\/03\/despido2.jpg\"><img data-recalc-dims=\"1\" fetchpriority=\"high\" decoding=\"async\" data-attachment-id=\"20955\" data-permalink=\"https:\/\/kalot.com.mx\/site\/2015\/03\/31\/etapas-de-un-despido-laboral\/despido2\/\" data-orig-file=\"https:\/\/i0.wp.com\/kalot.com.mx\/site\/wp-content\/uploads\/2015\/03\/despido2.jpg?fit=360%2C271&amp;ssl=1\" data-orig-size=\"360,271\" data-comments-opened=\"1\" data-image-meta=\"{&quot;aperture&quot;:&quot;0&quot;,&quot;credit&quot;:&quot;&quot;,&quot;camera&quot;:&quot;&quot;,&quot;caption&quot;:&quot;&quot;,&quot;created_timestamp&quot;:&quot;0&quot;,&quot;copyright&quot;:&quot;&quot;,&quot;focal_length&quot;:&quot;0&quot;,&quot;iso&quot;:&quot;0&quot;,&quot;shutter_speed&quot;:&quot;0&quot;,&quot;title&quot;:&quot;&quot;,&quot;orientation&quot;:&quot;0&quot;}\" data-image-title=\"despido2\" data-image-description=\"\" data-image-caption=\"\" data-large-file=\"https:\/\/i0.wp.com\/kalot.com.mx\/site\/wp-content\/uploads\/2015\/03\/despido2.jpg?fit=360%2C271&amp;ssl=1\" class=\"aligncenter size-full wp-image-20955\" src=\"https:\/\/i0.wp.com\/www.kalot.com.mx\/wp-content\/uploads\/2015\/03\/despido2.jpg?resize=360%2C271\" alt=\"despido2\" width=\"360\" height=\"271\" srcset=\"https:\/\/i0.wp.com\/kalot.com.mx\/site\/wp-content\/uploads\/2015\/03\/despido2.jpg?w=360&amp;ssl=1 360w, https:\/\/i0.wp.com\/kalot.com.mx\/site\/wp-content\/uploads\/2015\/03\/despido2.jpg?resize=300%2C226&amp;ssl=1 300w, https:\/\/i0.wp.com\/kalot.com.mx\/site\/wp-content\/uploads\/2015\/03\/despido2.jpg?resize=200%2C150&amp;ssl=1 200w, https:\/\/i0.wp.com\/kalot.com.mx\/site\/wp-content\/uploads\/2015\/03\/despido2.jpg?resize=260%2C195&amp;ssl=1 260w\" sizes=\"(max-width: 360px) 100vw, 360px\" \/><\/a><\/p>\n<p style=\"text-align: center\">Fuente foto: fuentesfidedignas.com.mx<\/p>\n<p style=\"text-align: left\">Etapa 3:<\/p>\n<ul>\n<li><strong>Tristeza<\/strong><\/li>\n<\/ul>\n<p>La tristeza se acerca y se presenta en cualquier momento desde el punto de vista de que uno est\u00e1 sufriendo un duelo por la p\u00e9rdida del empleo, esto no es algo para lo que siempre estemos preparados, debido a ello nos cuesta un poco de trabajo digerir lo que pas\u00f3, sin dejar de lado que tambi\u00e9n las distintas reacciones de las personas que te rodean, tal vez no sean lo que esperas, tienes que ser fuerte y tomarlo con la cabeza muy fria, suena f\u00e1cil la realidad no lo es pero es una prueba m\u00e1s del mundo laboral que podr\u00e1s decir, \u00a1Sobreviv\u00ed a un despido! S\u00f3lo que toma tiempo.<\/p>\n<p>Etapa 4:<\/p>\n<ul>\n<li><strong>Resignaci\u00f3n<\/strong><\/li>\n<\/ul>\n<p>Est\u00e1 etapa viene y se va en el sentido de que tengo que aceptarlo, pero aun me cuesta trabajo dejar ir 10 a\u00f1os de mi vida profesional tirados por la borda por &#8220;personas con toma de decisi\u00f3n&#8221; se que llegar\u00e1 y supongo que cada persona maneja mejor sus duelos yo soy un poco m\u00e1s lento en aceptar el duelo eso es lo malo de mi caso que a veces analizo demasiado los distintos escenarios, y se que debo de relajarme para que llegue m\u00e1s r\u00e1pido, pero no dejes de hacer tus cosas o de divertirte, busca alg\u00fan pasatiempo nuevo y pronto el proceso de resignaci\u00f3n llegar\u00e1.<\/p>\n<p>Etapa 5:<\/p>\n<ul>\n<li><strong>Aislamiento<\/strong><\/li>\n<\/ul>\n<p>En mi caso ha pasado en el sentido de que no deseo saber nada de las personas que actualmente siguen laborando dentro de la empresa, aunque entiendo que su intenci\u00f3n es saber \u00bfc\u00f3mo est\u00e1 todo? \u00bfc\u00f3mo te sientes? Pero es un recordatorio constante de que por x o y raz\u00f3n tu ya no formas parte de ese c\u00edrculo, y tal vez sabes que puedes contar con algunas personas, pero deben de entender que es un proceso y no pueden en su caso acelerarlo, ya que en ese sentido nuestro aprendizaje varia entre persona y persona.<\/p>\n<p>En fin amigo de Kalot, esto es lo que he pasado en estos \u00faltimos d\u00edas sin dejar de decirles que puedo pasar por esas etapas m\u00e1s de una vez al d\u00eda, no me quiero desesperar y espero que algo bueno pase.<\/p>\n<p>Saludos.\u00a0<a href=\"http:\/\/www.kalot.com.mx\/wp-content\/uploads\/2015\/03\/despido2.jpg\"><br \/>\n<\/a><\/p>\n<p>&nbsp;<\/p>\n","protected":false},"excerpt":{"rendered":"Hola lectores de Kalot, hoy les escribo con esta breve historia acerca de un despido laboral. Etapa 1:&hellip;\n","protected":false},"author":104,"featured_media":20954,"comment_status":"open","ping_status":"open","sticky":false,"template":"","format":"standard","meta":{"jetpack_post_was_ever_published":false,"_jetpack_newsletter_access":"","_jetpack_dont_email_post_to_subs":false,"_jetpack_newsletter_tier_id":0,"_jetpack_memberships_contains_paywalled_content":false,"_jetpack_memberships_contains_paid_content":false,"footnotes":"","jetpack_publicize_message":"","jetpack_publicize_feature_enabled":true,"jetpack_social_post_already_shared":true,"jetpack_social_options":{"image_generator_settings":{"template":"highway","default_image_id":0,"font":"","enabled":false},"version":2}},"categories":[],"tags":[],"class_list":{"0":"post-20950","1":"post","2":"type-post","3":"status-publish","4":"format-standard","5":"has-post-thumbnail","7":"cs-entry","8":"cs-video-wrap"},"yoast_head":"<!-- This site is optimized with the Yoast SEO plugin v27.5 - https:\/\/yoast.com\/product\/yoast-seo-wordpress\/ -->\n<title>Etapas de un despido laboral. - Kalot<\/title>\n<meta name=\"description\" content=\"Hola lectores de Kalot, hoy les escribo con esta breve historia acerca de un despido laboral. Etapa 1: Enojo. As\u00ed es la primera etapa es el enojo ante la\" \/>\n<meta name=\"robots\" content=\"index, follow, max-snippet:-1, max-image-preview:large, max-video-preview:-1\" \/>\n<link rel=\"canonical\" href=\"https:\/\/kalot.com.mx\/site\/2015\/03\/31\/etapas-de-un-despido-laboral\/\" \/>\n<meta property=\"og:locale\" content=\"es_MX\" \/>\n<meta property=\"og:type\" content=\"article\" \/>\n<meta property=\"og:title\" content=\"Etapas de un despido laboral. - Kalot\" \/>\n<meta property=\"og:description\" content=\"Hola lectores de Kalot, hoy les escribo con esta breve historia acerca de un despido laboral. Etapa 1: Enojo. As\u00ed es la primera etapa es el enojo ante la\" \/>\n<meta property=\"og:url\" content=\"https:\/\/kalot.com.mx\/site\/2015\/03\/31\/etapas-de-un-despido-laboral\/\" \/>\n<meta property=\"og:site_name\" content=\"Kalot\" \/>\n<meta property=\"article:publisher\" content=\"http:\/\/facebook.com\/mxkalot\" \/>\n<meta property=\"article:published_time\" content=\"2015-03-31T18:30:47+00:00\" \/>\n<meta property=\"og:image\" content=\"https:\/\/i2.wp.com\/kalot.com.mx\/site\/wp-content\/uploads\/2015\/03\/Despido1.jpg?fit=350%2C215&ssl=1\" \/>\n\t<meta property=\"og:image:width\" content=\"350\" \/>\n\t<meta property=\"og:image:height\" content=\"215\" \/>\n\t<meta property=\"og:image:type\" content=\"image\/jpeg\" \/>\n<meta name=\"author\" content=\"Adrian Aldana\" \/>\n<meta name=\"twitter:card\" content=\"summary_large_image\" \/>\n<meta name=\"twitter:creator\" content=\"@stashtoxic\" \/>\n<meta name=\"twitter:site\" content=\"@kalotmx\" \/>\n<meta name=\"twitter:label1\" content=\"Escrito por\" \/>\n\t<meta name=\"twitter:data1\" content=\"Adrian Aldana\" \/>\n\t<meta name=\"twitter:label2\" content=\"Tiempo de lectura\" \/>\n\t<meta name=\"twitter:data2\" content=\"3 minutos\" \/>\n<!-- \/ Yoast SEO plugin. -->","yoast_head_json":{"title":"Etapas de un despido laboral. - Kalot","description":"Hola lectores de Kalot, hoy les escribo con esta breve historia acerca de un despido laboral. Etapa 1: Enojo. As\u00ed es la primera etapa es el enojo ante la","robots":{"index":"index","follow":"follow","max-snippet":"max-snippet:-1","max-image-preview":"max-image-preview:large","max-video-preview":"max-video-preview:-1"},"canonical":"https:\/\/kalot.com.mx\/site\/2015\/03\/31\/etapas-de-un-despido-laboral\/","og_locale":"es_MX","og_type":"article","og_title":"Etapas de un despido laboral. - Kalot","og_description":"Hola lectores de Kalot, hoy les escribo con esta breve historia acerca de un despido laboral. Etapa 1: Enojo. As\u00ed es la primera etapa es el enojo ante la","og_url":"https:\/\/kalot.com.mx\/site\/2015\/03\/31\/etapas-de-un-despido-laboral\/","og_site_name":"Kalot","article_publisher":"http:\/\/facebook.com\/mxkalot","article_published_time":"2015-03-31T18:30:47+00:00","og_image":[{"width":350,"height":215,"url":"https:\/\/i2.wp.com\/kalot.com.mx\/site\/wp-content\/uploads\/2015\/03\/Despido1.jpg?fit=350%2C215&ssl=1","type":"image\/jpeg"}],"author":"Adrian Aldana","twitter_card":"summary_large_image","twitter_creator":"@stashtoxic","twitter_site":"@kalotmx","twitter_misc":{"Escrito por":"Adrian Aldana","Tiempo de lectura":"3 minutos"},"schema":{"@context":"https:\/\/schema.org","@graph":[{"@type":"Article","@id":"https:\/\/kalot.com.mx\/site\/2015\/03\/31\/etapas-de-un-despido-laboral\/#article","isPartOf":{"@id":"https:\/\/kalot.com.mx\/site\/2015\/03\/31\/etapas-de-un-despido-laboral\/"},"author":{"name":"Adrian Aldana","@id":"https:\/\/kalot.com.mx\/site\/#\/schema\/person\/7ca8d08870f5189b7bf61f0615e56a47"},"headline":"Etapas de un despido laboral.","datePublished":"2015-03-31T18:30:47+00:00","mainEntityOfPage":{"@id":"https:\/\/kalot.com.mx\/site\/2015\/03\/31\/etapas-de-un-despido-laboral\/"},"wordCount":649,"commentCount":1,"publisher":{"@id":"https:\/\/kalot.com.mx\/site\/#organization"},"image":{"@id":"https:\/\/kalot.com.mx\/site\/2015\/03\/31\/etapas-de-un-despido-laboral\/#primaryimage"},"thumbnailUrl":"https:\/\/i0.wp.com\/kalot.com.mx\/site\/wp-content\/uploads\/2015\/03\/Despido1.jpg?fit=350%2C215&ssl=1","inLanguage":"es","potentialAction":[{"@type":"CommentAction","name":"Comment","target":["https:\/\/kalot.com.mx\/site\/2015\/03\/31\/etapas-de-un-despido-laboral\/#respond"]}]},{"@type":"WebPage","@id":"https:\/\/kalot.com.mx\/site\/2015\/03\/31\/etapas-de-un-despido-laboral\/","url":"https:\/\/kalot.com.mx\/site\/2015\/03\/31\/etapas-de-un-despido-laboral\/","name":"Etapas de un despido laboral. - Kalot","isPartOf":{"@id":"https:\/\/kalot.com.mx\/site\/#website"},"primaryImageOfPage":{"@id":"https:\/\/kalot.com.mx\/site\/2015\/03\/31\/etapas-de-un-despido-laboral\/#primaryimage"},"image":{"@id":"https:\/\/kalot.com.mx\/site\/2015\/03\/31\/etapas-de-un-despido-laboral\/#primaryimage"},"thumbnailUrl":"https:\/\/i0.wp.com\/kalot.com.mx\/site\/wp-content\/uploads\/2015\/03\/Despido1.jpg?fit=350%2C215&ssl=1","datePublished":"2015-03-31T18:30:47+00:00","description":"Hola lectores de Kalot, hoy les escribo con esta breve historia acerca de un despido laboral. Etapa 1: Enojo. As\u00ed es la primera etapa es el enojo ante la","breadcrumb":{"@id":"https:\/\/kalot.com.mx\/site\/2015\/03\/31\/etapas-de-un-despido-laboral\/#breadcrumb"},"inLanguage":"es","potentialAction":[{"@type":"ReadAction","target":["https:\/\/kalot.com.mx\/site\/2015\/03\/31\/etapas-de-un-despido-laboral\/"]}]},{"@type":"ImageObject","inLanguage":"es","@id":"https:\/\/kalot.com.mx\/site\/2015\/03\/31\/etapas-de-un-despido-laboral\/#primaryimage","url":"https:\/\/i0.wp.com\/kalot.com.mx\/site\/wp-content\/uploads\/2015\/03\/Despido1.jpg?fit=350%2C215&ssl=1","contentUrl":"https:\/\/i0.wp.com\/kalot.com.mx\/site\/wp-content\/uploads\/2015\/03\/Despido1.jpg?fit=350%2C215&ssl=1","width":350,"height":215},{"@type":"BreadcrumbList","@id":"https:\/\/kalot.com.mx\/site\/2015\/03\/31\/etapas-de-un-despido-laboral\/#breadcrumb","itemListElement":[{"@type":"ListItem","position":1,"name":"Home","item":"https:\/\/kalot.com.mx\/site\/"},{"@type":"ListItem","position":2,"name":"Etapas de un despido laboral."}]},{"@type":"WebSite","@id":"https:\/\/kalot.com.mx\/site\/#website","url":"https:\/\/kalot.com.mx\/site\/","name":"Kalot","description":"Conoce Todo Sobre Todo","publisher":{"@id":"https:\/\/kalot.com.mx\/site\/#organization"},"potentialAction":[{"@type":"SearchAction","target":{"@type":"EntryPoint","urlTemplate":"https:\/\/kalot.com.mx\/site\/?s={search_term_string}"},"query-input":{"@type":"PropertyValueSpecification","valueRequired":true,"valueName":"search_term_string"}}],"inLanguage":"es"},{"@type":"Organization","@id":"https:\/\/kalot.com.mx\/site\/#organization","name":"Kalot","url":"https:\/\/kalot.com.mx\/site\/","logo":{"@type":"ImageObject","inLanguage":"es","@id":"https:\/\/kalot.com.mx\/site\/#\/schema\/logo\/image\/","url":"https:\/\/i0.wp.com\/kalot.com.mx\/site\/wp-content\/uploads\/2020\/04\/Kalot-logo-sin-tagline.png?fit=1707%2C1014&ssl=1","contentUrl":"https:\/\/i0.wp.com\/kalot.com.mx\/site\/wp-content\/uploads\/2020\/04\/Kalot-logo-sin-tagline.png?fit=1707%2C1014&ssl=1","width":1707,"height":1014,"caption":"Kalot"},"image":{"@id":"https:\/\/kalot.com.mx\/site\/#\/schema\/logo\/image\/"},"sameAs":["http:\/\/facebook.com\/mxkalot","https:\/\/x.com\/kalotmx","http:\/\/instagram.com\/kalotmx","http:\/\/pinterest.com\/jorgeerana\/kalot"]},{"@type":"Person","@id":"https:\/\/kalot.com.mx\/site\/#\/schema\/person\/7ca8d08870f5189b7bf61f0615e56a47","name":"Adrian Aldana","image":{"@type":"ImageObject","inLanguage":"es","@id":"https:\/\/secure.gravatar.com\/avatar\/33acd468723ea005f5cf8346a551a18ed9259d808bb761c46e0d8e1082f79c8a?s=96&d=mm&r=g","url":"https:\/\/secure.gravatar.com\/avatar\/33acd468723ea005f5cf8346a551a18ed9259d808bb761c46e0d8e1082f79c8a?s=96&d=mm&r=g","contentUrl":"https:\/\/secure.gravatar.com\/avatar\/33acd468723ea005f5cf8346a551a18ed9259d808bb761c46e0d8e1082f79c8a?s=96&d=mm&r=g","caption":"Adrian Aldana"},"description":"Me gusta la tecnolog\u00eca y aprender mucho por medio de internet, tengo 31 a\u00f1os, trabajo en M\u00e9xico DF en sector de viajes y turismo, he organizado eventos, se de wordpress, de motion, de productos apple, de imovie, me encanta buscar juegos en iOS y adem\u00e1s de todo se escuchar muy bien y recomendarte un buen caf\u00e9. Saludos.","sameAs":["https:\/\/x.com\/stashtoxic"],"url":"https:\/\/kalot.com.mx\/site\/author\/adrian\/"}]}},"jetpack_publicize_connections":[],"jetpack_featured_media_url":"https:\/\/i0.wp.com\/kalot.com.mx\/site\/wp-content\/uploads\/2015\/03\/Despido1.jpg?fit=350%2C215&ssl=1","jetpack_shortlink":"https:\/\/wp.me\/p6IHEI-5rU","jetpack-related-posts":[{"id":18959,"url":"https:\/\/kalot.com.mx\/site\/2014\/10\/27\/sobreviviendo-al-mundo-laboral\/","url_meta":{"origin":20950,"position":0},"title":"Sobreviviendo al Mundo Laboral","author":"Adrian Aldana","date":"27 octubre, 2014","format":false,"excerpt":"\u00a1Hola a todos! Espero tengan un excelente d\u00eda y un gran inicio de semana, en esta ocasi\u00f3n les quiero compartir algunos tips que he aprendido en mi vida laboral, mi experiencia ha sido en 2 trabajos principales en el primero dur\u00e9 5 a\u00f1os y en el segundo estoy por cumplir\u2026","rel":"","context":"Entrada similar ","block_context":{"text":"Entrada similar ","link":""},"img":{"alt_text":"","src":"https:\/\/i0.wp.com\/kalot.com.mx\/site\/wp-content\/uploads\/2014\/10\/Inspiration-for-innovation-Connecting-senior-execs-with-best-in-class-innovators-creates-excellent-breeding-ground-for-innovative-idea-generatio_strict_xxl.jpg?fit=610%2C343&ssl=1&resize=350%2C200","width":350,"height":200,"srcset":"https:\/\/i0.wp.com\/kalot.com.mx\/site\/wp-content\/uploads\/2014\/10\/Inspiration-for-innovation-Connecting-senior-execs-with-best-in-class-innovators-creates-excellent-breeding-ground-for-innovative-idea-generatio_strict_xxl.jpg?fit=610%2C343&ssl=1&resize=350%2C200 1x, https:\/\/i0.wp.com\/kalot.com.mx\/site\/wp-content\/uploads\/2014\/10\/Inspiration-for-innovation-Connecting-senior-execs-with-best-in-class-innovators-creates-excellent-breeding-ground-for-innovative-idea-generatio_strict_xxl.jpg?fit=610%2C343&ssl=1&resize=525%2C300 1.5x"},"classes":[]},{"id":3704,"url":"https:\/\/kalot.com.mx\/site\/2013\/10\/10\/controlas-tus-emociones-o-las-emociones-te-controlan-ti-inteligencia-emocional\/","url_meta":{"origin":20950,"position":1},"title":"\u00bfControlas tus emociones o las emociones te controlan a t\u00ed? #InteligenciaEmocional","author":"Karenina Gonzalez","date":"10 octubre, 2013","format":false,"excerpt":"\u00a1Hola! Pues como debemos conocer un poco sobre todo, hoy les hablar\u00e9 de algo muy importante en la vida tanto personal como profesional. El no dejar que las emociones se apoderen de nuestras acciones, teniendo un poco de Inteligencia Emocional. No soy experta en \u00e9ste tema, estoy en un proceso\u2026","rel":"","context":"Con 1 comentario","block_context":{"text":"Con 1 comentario","link":"https:\/\/kalot.com.mx\/site\/2013\/10\/10\/controlas-tus-emociones-o-las-emociones-te-controlan-ti-inteligencia-emocional\/#comments"},"img":{"alt_text":"Libro Inteligencia Emocional","src":"https:\/\/i0.wp.com\/kalot.com.mx\/site\/wp-content\/uploads\/2013\/10\/libro.jpg?fit=516%2C790&ssl=1&resize=350%2C200","width":350,"height":200},"classes":[]},{"id":6535,"url":"https:\/\/kalot.com.mx\/site\/2013\/11\/15\/el-tiempo-no-alcanza\/","url_meta":{"origin":20950,"position":2},"title":"S.O.S. El tiempo no alcanza para mis tareas&#8230; \u00bfQu\u00e9 hago?","author":"Karenina Gonzalez","date":"15 noviembre, 2013","format":false,"excerpt":"\u00bfRecuerdan cuando nuestra \u00fanica obligaci\u00f3n aparte de la escuela... era cumplir con los deberes del hogar? Y vaya que como nos molestaba... no quer\u00edamos hacer nada m\u00e1s que jugar en nuestro libre. Pero como ya sabr\u00e1n, la vida est\u00e1 llena de ciclos, ciclos que se van cerrando, etapas que vamos\u2026","rel":"","context":"En &quot;Sin categor\u00eda&quot;","block_context":{"text":"Sin categor\u00eda","link":"https:\/\/kalot.com.mx\/site\/category\/sin-categoria\/"},"img":{"alt_text":"El tiempo no alcanza... \u00bfQu\u00e9 hago?","src":"https:\/\/i0.wp.com\/kalot.com.mx\/site\/wp-content\/uploads\/2013\/11\/El-tiempo-no-alcanza.jpg?fit=740%2C493&ssl=1&resize=350%2C200","width":350,"height":200,"srcset":"https:\/\/i0.wp.com\/kalot.com.mx\/site\/wp-content\/uploads\/2013\/11\/El-tiempo-no-alcanza.jpg?fit=740%2C493&ssl=1&resize=350%2C200 1x, https:\/\/i0.wp.com\/kalot.com.mx\/site\/wp-content\/uploads\/2013\/11\/El-tiempo-no-alcanza.jpg?fit=740%2C493&ssl=1&resize=525%2C300 1.5x, https:\/\/i0.wp.com\/kalot.com.mx\/site\/wp-content\/uploads\/2013\/11\/El-tiempo-no-alcanza.jpg?fit=740%2C493&ssl=1&resize=700%2C400 2x"},"classes":[]},{"id":19074,"url":"https:\/\/kalot.com.mx\/site\/2014\/11\/05\/playlist-para-godinear\/","url_meta":{"origin":20950,"position":3},"title":"Playlist para godinear","author":"Dulce Mireles","date":"5 noviembre, 2014","format":false,"excerpt":"\u00bfCansado de escuchar las mismas rolas de siempre? Este playlist es para ti. \u00a0 Si est\u00e1s en el trabajo y s\u00f3lo pones en autom\u00e1tico las mismas canciones de siempre, es hora de que eso cambi\u00e9. Ok...tal vez me le\u00ed un poco como Carlos Cuauht\u00e9moc S\u00e1nchez de los playlist pero no\u2026","rel":"","context":"Entrada similar ","block_context":{"text":"Entrada similar ","link":""},"img":{"alt_text":"","src":"https:\/\/i0.wp.com\/kalot.com.mx\/site\/wp-content\/uploads\/2014\/11\/mo3b8.jpg?fit=800%2C800&ssl=1&resize=350%2C200","width":350,"height":200,"srcset":"https:\/\/i0.wp.com\/kalot.com.mx\/site\/wp-content\/uploads\/2014\/11\/mo3b8.jpg?fit=800%2C800&ssl=1&resize=350%2C200 1x, https:\/\/i0.wp.com\/kalot.com.mx\/site\/wp-content\/uploads\/2014\/11\/mo3b8.jpg?fit=800%2C800&ssl=1&resize=525%2C300 1.5x, https:\/\/i0.wp.com\/kalot.com.mx\/site\/wp-content\/uploads\/2014\/11\/mo3b8.jpg?fit=800%2C800&ssl=1&resize=700%2C400 2x"},"classes":[]},{"id":6647,"url":"https:\/\/kalot.com.mx\/site\/2013\/11\/20\/presetnacion-difertente\/","url_meta":{"origin":20950,"position":4},"title":"Diapositivas Originales","author":"Ximena M\u00e1rquez","date":"20 noviembre, 2013","format":false,"excerpt":"Llegas a tu trabajo todo parece un d\u00eda normal , checas, te instalas en la oficina ves el reloj y de pronto una persona se aproxima hacia ti... Tu jefe te pide una presentaci\u00f3n que no sea en\u00a0Power Point \u00a1URGENTE ! \u00bfQu\u00e9 har\u00e1s? a)\u00a0\u00a0\u00a0 Buscas en Google paginas para hacer\u2026","rel":"","context":"En &quot;Sin categor\u00eda&quot;","block_context":{"text":"Sin categor\u00eda","link":"https:\/\/kalot.com.mx\/site\/category\/sin-categoria\/"},"img":{"alt_text":"","src":"https:\/\/i0.wp.com\/kalot.com.mx\/site\/wp-content\/uploads\/2013\/11\/powtoown.jpg?fit=1000%2C572&ssl=1&resize=350%2C200","width":350,"height":200,"srcset":"https:\/\/i0.wp.com\/kalot.com.mx\/site\/wp-content\/uploads\/2013\/11\/powtoown.jpg?fit=1000%2C572&ssl=1&resize=350%2C200 1x, https:\/\/i0.wp.com\/kalot.com.mx\/site\/wp-content\/uploads\/2013\/11\/powtoown.jpg?fit=1000%2C572&ssl=1&resize=525%2C300 1.5x, https:\/\/i0.wp.com\/kalot.com.mx\/site\/wp-content\/uploads\/2013\/11\/powtoown.jpg?fit=1000%2C572&ssl=1&resize=700%2C400 2x"},"classes":[]},{"id":23698,"url":"https:\/\/kalot.com.mx\/site\/2015\/09\/29\/mobbing-acoso-laboral\/","url_meta":{"origin":20950,"position":5},"title":"Mobbing (acoso laboral)","author":"Brenda A","date":"29 septiembre, 2015","format":false,"excerpt":"Este tema para mi es muy escabroso, pero son estas situaciones las que nos dan mejores herramientas para la vida en general, as\u00ed que hoy les comparto esta entrada como un testimonio del llamado mobbing. \u00a0 El\u00a0mobbing se origina en el ambiente laboral, en el que un grupo de personas\u2026","rel":"","context":"En &quot;Reflexi\u00f3n&quot;","block_context":{"text":"Reflexi\u00f3n","link":"https:\/\/kalot.com.mx\/site\/category\/reflexion\/"},"img":{"alt_text":"","src":"https:\/\/i0.wp.com\/kalot.com.mx\/site\/wp-content\/uploads\/2015\/09\/mobbing-1.jpg?fit=520%2C335&ssl=1&resize=350%2C200","width":350,"height":200},"classes":[]}],"jetpack_sharing_enabled":true,"_links":{"self":[{"href":"https:\/\/kalot.com.mx\/site\/wp-json\/wp\/v2\/posts\/20950","targetHints":{"allow":["GET"]}}],"collection":[{"href":"https:\/\/kalot.com.mx\/site\/wp-json\/wp\/v2\/posts"}],"about":[{"href":"https:\/\/kalot.com.mx\/site\/wp-json\/wp\/v2\/types\/post"}],"author":[{"embeddable":true,"href":"https:\/\/kalot.com.mx\/site\/wp-json\/wp\/v2\/users\/104"}],"replies":[{"embeddable":true,"href":"https:\/\/kalot.com.mx\/site\/wp-json\/wp\/v2\/comments?post=20950"}],"version-history":[{"count":0,"href":"https:\/\/kalot.com.mx\/site\/wp-json\/wp\/v2\/posts\/20950\/revisions"}],"wp:featuredmedia":[{"embeddable":true,"href":"https:\/\/kalot.com.mx\/site\/wp-json\/wp\/v2\/media\/20954"}],"wp:attachment":[{"href":"https:\/\/kalot.com.mx\/site\/wp-json\/wp\/v2\/media?parent=20950"}],"wp:term":[{"taxonomy":"category","embeddable":true,"href":"https:\/\/kalot.com.mx\/site\/wp-json\/wp\/v2\/categories?post=20950"},{"taxonomy":"post_tag","embeddable":true,"href":"https:\/\/kalot.com.mx\/site\/wp-json\/wp\/v2\/tags?post=20950"}],"curies":[{"name":"wp","href":"https:\/\/api.w.org\/{rel}","templated":true}]}}