{"id":20946,"date":"2015-03-31T11:30:10","date_gmt":"2015-03-31T17:30:10","guid":{"rendered":"http:\/\/www.kalot.com.mx\/?p=20946"},"modified":"2015-03-31T11:30:10","modified_gmt":"2015-03-31T17:30:10","slug":"no-porque-me-da-miedo","status":"publish","type":"post","link":"https:\/\/kalot.com.mx\/site\/2015\/03\/31\/no-porque-me-da-miedo\/","title":{"rendered":"No porque me da miedo&#8230;."},"content":{"rendered":"<p style=\"text-align: justify\">\u00bfCu\u00e1ndo es el tiempo perfecto para comenzar de nuevo? \u00bfC\u00f3mo es que podemos saber si s\u00ed estamos preparados para dar un giro a nuestra vida? \u00bfAcaso estaremos listos? Esas son algunas de las preguntas que pueden correr por nuestras mentes mientras entramos en una disyuntiva con nuestras vidas, \u00bfser\u00e1 acaso que salir de nuestra zona de confort nos traer\u00e1 alg\u00fan beneficio factible a nuestras vidas?, no lo sabemos y la \u00fanica forma de saberlo es logr\u00e1ndolo y proponi\u00e9ndonos dejar nuestros miedos atr\u00e1s.<\/p>\n<p style=\"text-align: justify\">La verdad s\u00ed da miedo hacer algo que nos causa incertidumbre en nuestras vidas, esto no es necesariamente encasillable a una sola acci\u00f3n y puede ser adoptable en cada parte de nuestras vidas \u2013desde algo tan tonto como ponernos ropa diferente a nuestro estilo hasta algo m\u00e1s fuerte como si tomar o no un nuevo trabajo-. Esto es algo que amenaza nuestra estabilidad en el universo, no solamente nuestra sanidad mental o emocional; es algo que puede hacer que se genere un cambio, y no a todos les agradan los cambios.<\/p>\n<p style=\"text-align: justify\"><img data-recalc-dims=\"1\" decoding=\"async\" class=\" aligncenter\" src=\"https:\/\/i0.wp.com\/www.reactiongifs.com\/r\/2spky.gif?w=1200\" alt=\"\" \/><\/p>\n<p style=\"text-align: justify\">Una de las formas en las que nos damos cuenta de lo que realmente nos cuesta es esta, ir hacia lo desconocido, hacia todo aquello que no nos es familiar, esa incertidumbre de no saber lo que pasar\u00e1 es lo m\u00e1s dif\u00edcil una vez que salimos de nuestra zona de confort, si se dan cuenta la cosa va en una escala de temores y realidades que nuestra mente nos plantea por miedo a crecer. No s\u00e9 si les haya pasado pero ha habido etapas en mi vida en las que me cuesta trabajo \u2013demasiado podr\u00eda decir- decidir entre mi crecimiento personal y lo que me es familiar, c\u00f3modo y aburrido.<\/p>\n<p style=\"text-align: justify\">Aqu\u00ed es donde ponemos a prueba nuestra capacidad de aventura, porque eso es lo que es; todo aquello que nos resulta desconocido tiene el potencial de convertirse instant\u00e1neamente en una aventura y lo \u00fanico que necesitamos saber es que de nosotros depende si esa aventura vale la pena o no. Una vez escuch\u00e9 un frase que dec\u00eda \u201cno dejes que el miedo a fracasar te impida jugar del juego\u201d y siento que hay mucho sentido en eso ya que por m\u00e1s que no queramos hacer algo no significa que debamos de perdernos de esa experiencia.<\/p>\n<p style=\"text-align: justify\"><img data-recalc-dims=\"1\" decoding=\"async\" class=\" aligncenter\" src=\"https:\/\/i0.wp.com\/static.gamespot.com\/uploads\/original\/1249\/12495185\/2526934-0494937105-62638.gif?w=1200\" alt=\"\" \/><\/p>\n<p style=\"text-align: justify\">El miedo en s\u00ed es un mecanismo de defensa que generamos los seres humanos ante cualquier peligro, \u00a0hay muchos tipos de temor, por ejemplo las fobias que son algo de lo m\u00e1s com\u00fan \u2013yo s\u00ed s\u00e9 de esas- es algo que se activa mediante olores, ruidos e incluso dolor. El otro tipo de miedo que existe es llamado psicol\u00f3gico \u2013o miedo a lo imaginario\/irracional- y tiende a presentar s\u00edntomas m\u00e1s mentales, tales como ansiedad o preocupaci\u00f3n; y tanto este como el anterior se pueden vender mientras m\u00e1s nos conozcamos ya que todo tiene\u00a0 una raz\u00f3n.<\/p>\n<p style=\"text-align: justify\">Tal como la incertidumbre, muchos miedos est\u00e1n presentes en nuestro d\u00eda a d\u00eda, el rechazo por ejemplo tiende a ser uno de los miedos m\u00e1s comunes que podemos tener, en el mundo de la literatura por ejemplo tenemos m\u00faltiples ejemplos de miedos que pueden ser identificados por un gran n\u00famero de personas, me dar\u00e9 la libertad de citar por ejemplo a John Green en &#8220;<em>Bajo la Misma Estrella<\/em>&#8221; cuando Augustus Waters menciona que su miedo es el olvido. Ver\u00e1n, no somos los primero ni los \u00faltimos en tener miedos o incluso tampoco seremos los \u00fanicos a los que de verdad les d\u00e9 miedo superar aquello que los frena, lo \u00fanico que s\u00ed les puedo decir es que esto es algo que nadie m\u00e1s puede hacer por nosotros.<\/p>\n<p style=\"text-align: justify\"><img data-recalc-dims=\"1\" fetchpriority=\"high\" decoding=\"async\" class=\" aligncenter\" src=\"https:\/\/i0.wp.com\/media.giphy.com\/media\/AHcElrB74BSKc\/giphy.gif?resize=484%2C254&#038;ssl=1\" alt=\"\" width=\"484\" height=\"254\" \/><\/p>\n<p>Todo aqu\u00ed se resume a una cosa muy simple: estamos dispuestos a superar aquello que nos molesta s\u00ed o no. No podremos darle a pauta a aquello que nos hace o vuelve infelices, sea por un peque\u00f1o momento o no; eventualmente tenemos que hacer frente a esas cosas que nos asustan y que nos mantienen atados. Solo nosotros podemos hacer que aquellas barreras desaparezcan por completo y quedemos en completa libertad de nuestros miedos, no solo en una libertad condicional.<\/p>\n<p>Au Revoir!<\/p>\n","protected":false},"excerpt":{"rendered":"\u00bfCu\u00e1ndo es el tiempo perfecto para comenzar de nuevo? \u00bfC\u00f3mo es que podemos saber si s\u00ed estamos preparados&hellip;\n","protected":false},"author":61,"featured_media":20947,"comment_status":"open","ping_status":"open","sticky":false,"template":"","format":"standard","meta":{"jetpack_post_was_ever_published":false,"_jetpack_newsletter_access":"","_jetpack_dont_email_post_to_subs":false,"_jetpack_newsletter_tier_id":0,"_jetpack_memberships_contains_paywalled_content":false,"_jetpack_memberships_contains_paid_content":false,"footnotes":"","jetpack_publicize_message":"","jetpack_publicize_feature_enabled":true,"jetpack_social_post_already_shared":true,"jetpack_social_options":{"image_generator_settings":{"template":"highway","default_image_id":0,"font":"","enabled":false},"version":2}},"categories":[],"tags":[],"class_list":{"0":"post-20946","1":"post","2":"type-post","3":"status-publish","4":"format-standard","5":"has-post-thumbnail","7":"cs-entry","8":"cs-video-wrap"},"yoast_head":"<!-- This site is optimized with the Yoast SEO plugin v27.5 - https:\/\/yoast.com\/product\/yoast-seo-wordpress\/ -->\n<title>No porque me da miedo...<\/title>\n<meta name=\"description\" content=\"No es que me de miedo, solo le tengo respeto...\" \/>\n<meta name=\"robots\" content=\"index, follow, max-snippet:-1, max-image-preview:large, max-video-preview:-1\" \/>\n<link rel=\"canonical\" href=\"https:\/\/kalot.com.mx\/site\/2015\/03\/31\/no-porque-me-da-miedo\/\" \/>\n<meta property=\"og:locale\" content=\"es_MX\" \/>\n<meta property=\"og:type\" content=\"article\" \/>\n<meta property=\"og:title\" content=\"No porque me da miedo...\" \/>\n<meta property=\"og:description\" content=\"No es que me de miedo, solo le tengo respeto...\" \/>\n<meta property=\"og:url\" content=\"https:\/\/kalot.com.mx\/site\/2015\/03\/31\/no-porque-me-da-miedo\/\" \/>\n<meta property=\"og:site_name\" content=\"Kalot\" \/>\n<meta property=\"article:publisher\" content=\"http:\/\/facebook.com\/mxkalot\" \/>\n<meta property=\"article:author\" content=\"https:\/\/www.facebook.com\/elie.alvarado1\" \/>\n<meta property=\"article:published_time\" content=\"2015-03-31T17:30:10+00:00\" \/>\n<meta property=\"og:image\" content=\"https:\/\/i1.wp.com\/kalot.com.mx\/site\/wp-content\/uploads\/2015\/03\/6a00d8341bf67c53ef017d3c497de2970c-800wi.jpg?fit=622%2C505&ssl=1\" \/>\n\t<meta property=\"og:image:width\" content=\"622\" \/>\n\t<meta property=\"og:image:height\" content=\"505\" \/>\n\t<meta property=\"og:image:type\" content=\"image\/jpeg\" \/>\n<meta name=\"author\" content=\"Mar\u00eda Alvarado\" \/>\n<meta name=\"twitter:card\" content=\"summary_large_image\" \/>\n<meta name=\"twitter:creator\" content=\"@Me_elieA\" \/>\n<meta name=\"twitter:site\" content=\"@kalotmx\" \/>\n<meta name=\"twitter:label1\" content=\"Escrito por\" \/>\n\t<meta name=\"twitter:data1\" content=\"Mar\u00eda Alvarado\" \/>\n\t<meta name=\"twitter:label2\" content=\"Tiempo de lectura\" \/>\n\t<meta name=\"twitter:data2\" content=\"4 minutos\" \/>\n<!-- \/ Yoast SEO plugin. -->","yoast_head_json":{"title":"No porque me da miedo...","description":"No es que me de miedo, solo le tengo respeto...","robots":{"index":"index","follow":"follow","max-snippet":"max-snippet:-1","max-image-preview":"max-image-preview:large","max-video-preview":"max-video-preview:-1"},"canonical":"https:\/\/kalot.com.mx\/site\/2015\/03\/31\/no-porque-me-da-miedo\/","og_locale":"es_MX","og_type":"article","og_title":"No porque me da miedo...","og_description":"No es que me de miedo, solo le tengo respeto...","og_url":"https:\/\/kalot.com.mx\/site\/2015\/03\/31\/no-porque-me-da-miedo\/","og_site_name":"Kalot","article_publisher":"http:\/\/facebook.com\/mxkalot","article_author":"https:\/\/www.facebook.com\/elie.alvarado1","article_published_time":"2015-03-31T17:30:10+00:00","og_image":[{"width":622,"height":505,"url":"https:\/\/i1.wp.com\/kalot.com.mx\/site\/wp-content\/uploads\/2015\/03\/6a00d8341bf67c53ef017d3c497de2970c-800wi.jpg?fit=622%2C505&ssl=1","type":"image\/jpeg"}],"author":"Mar\u00eda Alvarado","twitter_card":"summary_large_image","twitter_creator":"@Me_elieA","twitter_site":"@kalotmx","twitter_misc":{"Escrito por":"Mar\u00eda Alvarado","Tiempo de lectura":"4 minutos"},"schema":{"@context":"https:\/\/schema.org","@graph":[{"@type":"Article","@id":"https:\/\/kalot.com.mx\/site\/2015\/03\/31\/no-porque-me-da-miedo\/#article","isPartOf":{"@id":"https:\/\/kalot.com.mx\/site\/2015\/03\/31\/no-porque-me-da-miedo\/"},"author":{"name":"Mar\u00eda Alvarado","@id":"https:\/\/kalot.com.mx\/site\/#\/schema\/person\/2364e48efea2244b0799211aeff4847e"},"headline":"No porque me da miedo&#8230;.","datePublished":"2015-03-31T17:30:10+00:00","mainEntityOfPage":{"@id":"https:\/\/kalot.com.mx\/site\/2015\/03\/31\/no-porque-me-da-miedo\/"},"wordCount":720,"commentCount":0,"publisher":{"@id":"https:\/\/kalot.com.mx\/site\/#organization"},"image":{"@id":"https:\/\/kalot.com.mx\/site\/2015\/03\/31\/no-porque-me-da-miedo\/#primaryimage"},"thumbnailUrl":"https:\/\/i0.wp.com\/kalot.com.mx\/site\/wp-content\/uploads\/2015\/03\/6a00d8341bf67c53ef017d3c497de2970c-800wi.jpg?fit=622%2C505&ssl=1","inLanguage":"es","potentialAction":[{"@type":"CommentAction","name":"Comment","target":["https:\/\/kalot.com.mx\/site\/2015\/03\/31\/no-porque-me-da-miedo\/#respond"]}]},{"@type":"WebPage","@id":"https:\/\/kalot.com.mx\/site\/2015\/03\/31\/no-porque-me-da-miedo\/","url":"https:\/\/kalot.com.mx\/site\/2015\/03\/31\/no-porque-me-da-miedo\/","name":"No porque me da miedo...","isPartOf":{"@id":"https:\/\/kalot.com.mx\/site\/#website"},"primaryImageOfPage":{"@id":"https:\/\/kalot.com.mx\/site\/2015\/03\/31\/no-porque-me-da-miedo\/#primaryimage"},"image":{"@id":"https:\/\/kalot.com.mx\/site\/2015\/03\/31\/no-porque-me-da-miedo\/#primaryimage"},"thumbnailUrl":"https:\/\/i0.wp.com\/kalot.com.mx\/site\/wp-content\/uploads\/2015\/03\/6a00d8341bf67c53ef017d3c497de2970c-800wi.jpg?fit=622%2C505&ssl=1","datePublished":"2015-03-31T17:30:10+00:00","description":"No es que me de miedo, solo le tengo respeto...","breadcrumb":{"@id":"https:\/\/kalot.com.mx\/site\/2015\/03\/31\/no-porque-me-da-miedo\/#breadcrumb"},"inLanguage":"es","potentialAction":[{"@type":"ReadAction","target":["https:\/\/kalot.com.mx\/site\/2015\/03\/31\/no-porque-me-da-miedo\/"]}]},{"@type":"ImageObject","inLanguage":"es","@id":"https:\/\/kalot.com.mx\/site\/2015\/03\/31\/no-porque-me-da-miedo\/#primaryimage","url":"https:\/\/i0.wp.com\/kalot.com.mx\/site\/wp-content\/uploads\/2015\/03\/6a00d8341bf67c53ef017d3c497de2970c-800wi.jpg?fit=622%2C505&ssl=1","contentUrl":"https:\/\/i0.wp.com\/kalot.com.mx\/site\/wp-content\/uploads\/2015\/03\/6a00d8341bf67c53ef017d3c497de2970c-800wi.jpg?fit=622%2C505&ssl=1","width":622,"height":505},{"@type":"BreadcrumbList","@id":"https:\/\/kalot.com.mx\/site\/2015\/03\/31\/no-porque-me-da-miedo\/#breadcrumb","itemListElement":[{"@type":"ListItem","position":1,"name":"Home","item":"https:\/\/kalot.com.mx\/site\/"},{"@type":"ListItem","position":2,"name":"No porque me da miedo&#8230;."}]},{"@type":"WebSite","@id":"https:\/\/kalot.com.mx\/site\/#website","url":"https:\/\/kalot.com.mx\/site\/","name":"Kalot","description":"Conoce Todo Sobre Todo","publisher":{"@id":"https:\/\/kalot.com.mx\/site\/#organization"},"potentialAction":[{"@type":"SearchAction","target":{"@type":"EntryPoint","urlTemplate":"https:\/\/kalot.com.mx\/site\/?s={search_term_string}"},"query-input":{"@type":"PropertyValueSpecification","valueRequired":true,"valueName":"search_term_string"}}],"inLanguage":"es"},{"@type":"Organization","@id":"https:\/\/kalot.com.mx\/site\/#organization","name":"Kalot","url":"https:\/\/kalot.com.mx\/site\/","logo":{"@type":"ImageObject","inLanguage":"es","@id":"https:\/\/kalot.com.mx\/site\/#\/schema\/logo\/image\/","url":"https:\/\/i0.wp.com\/kalot.com.mx\/site\/wp-content\/uploads\/2020\/04\/Kalot-logo-sin-tagline.png?fit=1707%2C1014&ssl=1","contentUrl":"https:\/\/i0.wp.com\/kalot.com.mx\/site\/wp-content\/uploads\/2020\/04\/Kalot-logo-sin-tagline.png?fit=1707%2C1014&ssl=1","width":1707,"height":1014,"caption":"Kalot"},"image":{"@id":"https:\/\/kalot.com.mx\/site\/#\/schema\/logo\/image\/"},"sameAs":["http:\/\/facebook.com\/mxkalot","https:\/\/x.com\/kalotmx","http:\/\/instagram.com\/kalotmx","http:\/\/pinterest.com\/jorgeerana\/kalot"]},{"@type":"Person","@id":"https:\/\/kalot.com.mx\/site\/#\/schema\/person\/2364e48efea2244b0799211aeff4847e","name":"Mar\u00eda Alvarado","image":{"@type":"ImageObject","inLanguage":"es","@id":"https:\/\/secure.gravatar.com\/avatar\/2a5c53655315c4a72bc8b3127daca732f3ccab828ef0de13ec26f266fc855c6b?s=96&d=mm&r=g","url":"https:\/\/secure.gravatar.com\/avatar\/2a5c53655315c4a72bc8b3127daca732f3ccab828ef0de13ec26f266fc855c6b?s=96&d=mm&r=g","contentUrl":"https:\/\/secure.gravatar.com\/avatar\/2a5c53655315c4a72bc8b3127daca732f3ccab828ef0de13ec26f266fc855c6b?s=96&d=mm&r=g","caption":"Mar\u00eda Alvarado"},"description":"El perfecto ejemplo de una rom\u00e1ntica so\u00f1adora, drama queen y devoradora de libros. Una parlanchina innata que goza de los peque\u00f1os placeres que ofrece esta vida y fan\u00e1tica de las sonrisas.","sameAs":["https:\/\/www.facebook.com\/elie.alvarado1","https:\/\/x.com\/Me_elieA"],"url":"https:\/\/kalot.com.mx\/site\/author\/elisa\/"}]}},"jetpack_publicize_connections":[],"jetpack_featured_media_url":"https:\/\/i0.wp.com\/kalot.com.mx\/site\/wp-content\/uploads\/2015\/03\/6a00d8341bf67c53ef017d3c497de2970c-800wi.jpg?fit=622%2C505&ssl=1","jetpack_shortlink":"https:\/\/wp.me\/p6IHEI-5rQ","jetpack-related-posts":[{"id":9271,"url":"https:\/\/kalot.com.mx\/site\/2014\/01\/09\/entra-luz\/","url_meta":{"origin":20946,"position":0},"title":"Entra luz.","author":"Mar\u00eda Alvarado","date":"9 enero, 2014","format":false,"excerpt":"[dropcap size=small]D[\/dropcap]urante todas nuestras vidas van a ir y venir personas que tal vez nos dejen cosas buenas o malas, pero cada una de esas personas tendr\u00e1 o tiene ya un prop\u00f3sito en nuestras vidas. Desde dejarnos la mejor sensaci\u00f3n del mundo hasta una peque\u00f1a o muy grande cicatriz, todos\u2026","rel":"","context":"Entrada similar ","block_context":{"text":"Entrada similar ","link":""},"img":{"alt_text":"","src":"https:\/\/i0.wp.com\/kalot.com.mx\/site\/wp-content\/uploads\/2014\/01\/memories.jpg?fit=700%2C501&ssl=1&resize=350%2C200","width":350,"height":200,"srcset":"https:\/\/i0.wp.com\/kalot.com.mx\/site\/wp-content\/uploads\/2014\/01\/memories.jpg?fit=700%2C501&ssl=1&resize=350%2C200 1x, https:\/\/i0.wp.com\/kalot.com.mx\/site\/wp-content\/uploads\/2014\/01\/memories.jpg?fit=700%2C501&ssl=1&resize=525%2C300 1.5x, https:\/\/i0.wp.com\/kalot.com.mx\/site\/wp-content\/uploads\/2014\/01\/memories.jpg?fit=700%2C501&ssl=1&resize=700%2C400 2x"},"classes":[]},{"id":17564,"url":"https:\/\/kalot.com.mx\/site\/2014\/08\/10\/el-primer-dia-del-resto-de-tu-vida\/","url_meta":{"origin":20946,"position":1},"title":"El primer d\u00eda del resto de tu vida.","author":"Mar\u00eda Alvarado","date":"10 agosto, 2014","format":false,"excerpt":"Muchas veces llegamos a pensar en el n\u00famero infinito de posibilidades a las cuales nos enfrentamos d\u00eda con d\u00eda, de alguna manera u otra sabemos perfectamente cada acci\u00f3n que realicemos tendr\u00e1 una repercusi\u00f3n en nuestro futuro y en el de los dem\u00e1s\u2026 es un poco dif\u00edcil concentrarnos en lo que\u2026","rel":"","context":"Entrada similar ","block_context":{"text":"Entrada similar ","link":""},"img":{"alt_text":"","src":"https:\/\/i0.wp.com\/kalot.com.mx\/site\/wp-content\/uploads\/2014\/08\/best_day_ever___tangled_by_courtoonxiii-d48jteh.jpg?fit=900%2C573&ssl=1&resize=350%2C200","width":350,"height":200,"srcset":"https:\/\/i0.wp.com\/kalot.com.mx\/site\/wp-content\/uploads\/2014\/08\/best_day_ever___tangled_by_courtoonxiii-d48jteh.jpg?fit=900%2C573&ssl=1&resize=350%2C200 1x, https:\/\/i0.wp.com\/kalot.com.mx\/site\/wp-content\/uploads\/2014\/08\/best_day_ever___tangled_by_courtoonxiii-d48jteh.jpg?fit=900%2C573&ssl=1&resize=525%2C300 1.5x, https:\/\/i0.wp.com\/kalot.com.mx\/site\/wp-content\/uploads\/2014\/08\/best_day_ever___tangled_by_courtoonxiii-d48jteh.jpg?fit=900%2C573&ssl=1&resize=700%2C400 2x"},"classes":[]},{"id":15274,"url":"https:\/\/kalot.com.mx\/site\/2014\/04\/24\/bella-y-hermosa-felicidad\/","url_meta":{"origin":20946,"position":2},"title":"Bella y Hermosa Felicidad.","author":"Mar\u00eda Alvarado","date":"24 abril, 2014","format":false,"excerpt":"[dropcap size=big]F[\/dropcap]elicidad: eso que todos a\u00f1oramos pero que solo unos cuantos pueden conseguir durante todas sus vidas, el problema es que todos tenemos derecho a ella y es demasiado accesible para todos y cada uno de nosotros. El problema ah\u00ed es que \u2013como los seres humanos que somos- nos ponemos\u2026","rel":"","context":"Entrada similar ","block_context":{"text":"Entrada similar ","link":""},"img":{"alt_text":"","src":"https:\/\/i0.wp.com\/kalot.com.mx\/site\/wp-content\/uploads\/2014\/04\/felicidad.jpg?fit=960%2C640&ssl=1&resize=350%2C200","width":350,"height":200,"srcset":"https:\/\/i0.wp.com\/kalot.com.mx\/site\/wp-content\/uploads\/2014\/04\/felicidad.jpg?fit=960%2C640&ssl=1&resize=350%2C200 1x, https:\/\/i0.wp.com\/kalot.com.mx\/site\/wp-content\/uploads\/2014\/04\/felicidad.jpg?fit=960%2C640&ssl=1&resize=525%2C300 1.5x, https:\/\/i0.wp.com\/kalot.com.mx\/site\/wp-content\/uploads\/2014\/04\/felicidad.jpg?fit=960%2C640&ssl=1&resize=700%2C400 2x"},"classes":[]},{"id":16500,"url":"https:\/\/kalot.com.mx\/site\/2014\/05\/29\/lo-que-dice-el-silencio\/","url_meta":{"origin":20946,"position":3},"title":"Lo Que Dice El Silencio.","author":"Mar\u00eda Alvarado","date":"29 mayo, 2014","format":false,"excerpt":"Los silencios son parte de nuestra vida diaria, no siempre notamos que est\u00e1n ah\u00ed pero es algo que no se puede evitar. Podemos verlos como algo inevitable en nuestras vidas, no siempre podemos estar rodeados de ruido, las distracciones llega un punto en el que se evaporan y es cuando\u2026","rel":"","context":"Entrada similar ","block_context":{"text":"Entrada similar ","link":""},"img":{"alt_text":"","src":"https:\/\/i0.wp.com\/kalot.com.mx\/site\/wp-content\/uploads\/2014\/05\/silence.jpg?fit=800%2C533&ssl=1&resize=350%2C200","width":350,"height":200,"srcset":"https:\/\/i0.wp.com\/kalot.com.mx\/site\/wp-content\/uploads\/2014\/05\/silence.jpg?fit=800%2C533&ssl=1&resize=350%2C200 1x, https:\/\/i0.wp.com\/kalot.com.mx\/site\/wp-content\/uploads\/2014\/05\/silence.jpg?fit=800%2C533&ssl=1&resize=525%2C300 1.5x, https:\/\/i0.wp.com\/kalot.com.mx\/site\/wp-content\/uploads\/2014\/05\/silence.jpg?fit=800%2C533&ssl=1&resize=700%2C400 2x"},"classes":[]},{"id":8556,"url":"https:\/\/kalot.com.mx\/site\/2013\/12\/29\/el-ctrlz-deshacer\/","url_meta":{"origin":20946,"position":4},"title":"El CTRL+Z, deshacer&#8230;","author":"Saul Alonso","date":"29 diciembre, 2013","format":false,"excerpt":"En estos tiempos han surgido varias invenciones que han hecho la vida mucho mas c\u00f3moda para nuestra vida a diario, no solucionan grandes problemas, pero si algunas cosas. Uno de estos inventos es uno que lo hemos usado y mucho, al trabajar en la computadora, que hayamos hecho algo que\u2026","rel":"","context":"Entrada similar ","block_context":{"text":"Entrada similar ","link":""},"img":{"alt_text":"","src":"https:\/\/i0.wp.com\/kalot.com.mx\/site\/wp-content\/uploads\/2013\/12\/descarga3.jpg?fit=994%2C768&ssl=1&resize=350%2C200","width":350,"height":200,"srcset":"https:\/\/i0.wp.com\/kalot.com.mx\/site\/wp-content\/uploads\/2013\/12\/descarga3.jpg?fit=994%2C768&ssl=1&resize=350%2C200 1x, https:\/\/i0.wp.com\/kalot.com.mx\/site\/wp-content\/uploads\/2013\/12\/descarga3.jpg?fit=994%2C768&ssl=1&resize=525%2C300 1.5x, https:\/\/i0.wp.com\/kalot.com.mx\/site\/wp-content\/uploads\/2013\/12\/descarga3.jpg?fit=994%2C768&ssl=1&resize=700%2C400 2x"},"classes":[]},{"id":11103,"url":"https:\/\/kalot.com.mx\/site\/2014\/02\/04\/10-cosas-que-cambio-facebook-en-nuestras-vidas\/","url_meta":{"origin":20946,"position":5},"title":"10 cosas que cambio Facebook en nuestras vidas","author":"Samuel Arriaga","date":"4 febrero, 2014","format":false,"excerpt":"4 de febrero del 2004 naci\u00f3 la red social mas importante de la actualidad, una red que cambio todos los \u00e1mbitos de nuestra vida, 10 a\u00f1os de grandes cambios, aqu\u00ed te en listo 10 aspectos que cambio en nuestra vida: 1-La amistad: Messenger y el correo electr\u00f3nico eran los preferidos\u2026","rel":"","context":"Entrada similar ","block_context":{"text":"Entrada similar ","link":""},"img":{"alt_text":"","src":"https:\/\/i0.wp.com\/kalot.com.mx\/site\/wp-content\/uploads\/2014\/02\/10-a%C3%B1os-de-Facebook-Como-hemos-cambiado.jpg?fit=840%2C480&ssl=1&resize=350%2C200","width":350,"height":200,"srcset":"https:\/\/i0.wp.com\/kalot.com.mx\/site\/wp-content\/uploads\/2014\/02\/10-a%C3%B1os-de-Facebook-Como-hemos-cambiado.jpg?fit=840%2C480&ssl=1&resize=350%2C200 1x, https:\/\/i0.wp.com\/kalot.com.mx\/site\/wp-content\/uploads\/2014\/02\/10-a%C3%B1os-de-Facebook-Como-hemos-cambiado.jpg?fit=840%2C480&ssl=1&resize=525%2C300 1.5x, https:\/\/i0.wp.com\/kalot.com.mx\/site\/wp-content\/uploads\/2014\/02\/10-a%C3%B1os-de-Facebook-Como-hemos-cambiado.jpg?fit=840%2C480&ssl=1&resize=700%2C400 2x"},"classes":[]}],"jetpack_sharing_enabled":true,"_links":{"self":[{"href":"https:\/\/kalot.com.mx\/site\/wp-json\/wp\/v2\/posts\/20946","targetHints":{"allow":["GET"]}}],"collection":[{"href":"https:\/\/kalot.com.mx\/site\/wp-json\/wp\/v2\/posts"}],"about":[{"href":"https:\/\/kalot.com.mx\/site\/wp-json\/wp\/v2\/types\/post"}],"author":[{"embeddable":true,"href":"https:\/\/kalot.com.mx\/site\/wp-json\/wp\/v2\/users\/61"}],"replies":[{"embeddable":true,"href":"https:\/\/kalot.com.mx\/site\/wp-json\/wp\/v2\/comments?post=20946"}],"version-history":[{"count":0,"href":"https:\/\/kalot.com.mx\/site\/wp-json\/wp\/v2\/posts\/20946\/revisions"}],"wp:featuredmedia":[{"embeddable":true,"href":"https:\/\/kalot.com.mx\/site\/wp-json\/wp\/v2\/media\/20947"}],"wp:attachment":[{"href":"https:\/\/kalot.com.mx\/site\/wp-json\/wp\/v2\/media?parent=20946"}],"wp:term":[{"taxonomy":"category","embeddable":true,"href":"https:\/\/kalot.com.mx\/site\/wp-json\/wp\/v2\/categories?post=20946"},{"taxonomy":"post_tag","embeddable":true,"href":"https:\/\/kalot.com.mx\/site\/wp-json\/wp\/v2\/tags?post=20946"}],"curies":[{"name":"wp","href":"https:\/\/api.w.org\/{rel}","templated":true}]}}