{"id":20879,"date":"2015-03-24T11:02:44","date_gmt":"2015-03-24T17:02:44","guid":{"rendered":"http:\/\/www.kalot.com.mx\/?p=20879"},"modified":"2015-03-24T11:02:44","modified_gmt":"2015-03-24T17:02:44","slug":"peter-parker-sera-el-spiderman-de-civil-war","status":"publish","type":"post","link":"https:\/\/kalot.com.mx\/site\/2015\/03\/24\/peter-parker-sera-el-spiderman-de-civil-war\/","title":{"rendered":"PETER PARKER ser\u00e1 el SPIDERMAN de CIVIL WAR"},"content":{"rendered":"<p style=\"text-align: justify\">Hace un poco tiempo, nos llegaba una de las mejores noticias de los \u00faltimos a\u00f1os respecto al mundo de los s\u00faper h\u00e9roes en pantalla grande, SPIDERMAN, el hijo pr\u00f3digo, &#8220;regresaba&#8221; en cierta medida a MARVEL, y lo podremos ver en acci\u00f3n en la tercera entrega de CAPIT\u00c1N AM\u00c9RICA, la aclamada historia de CIVIL WAR, contar\u00e1 con el ar\u00e1cnido entre sus filas, y levanta la expectativa de todos.<\/p>\n<p style=\"text-align: justify\">Peeeeeeeero, porque todo tiene un pero, se levanto una serie de rumores sobre que el SPIDERMAN que ver\u00edamos en escena, no ser\u00eda PETER PARKER, sino MILES MORALES, un joven de origen latino y afroamericano, que en los c\u00f3mics se gan\u00f3 el afecto de muchos al convertirse en el amigable vecino en el universo ULTIMATE de MARVEL C\u00f3mics, fue bien recibido el cambio, pero cuando se anunci\u00f3 la llegada de SPIDERMAN al MARVEL CINEM\u00c1TIC UNIVERSE, y se creo la posibilidad de que fuera \u00e9l, el encargado de llevar la capucha, encendi\u00f3 alarmas a diestra y siniestra, porque todos deseamos ver a PETER en pantalla, al lado de IRONMAN y el CAP, por ser el cl\u00e1sico h\u00e9roe y el m\u00e1s conocido.<\/p>\n<p style=\"text-align: justify\">Esta posibilidad de ver a MILES MORALES, a quedado en el olvido, porque el jefe creativo de Marvel, JOE QUESADA, habl\u00f3 un poco sobre SPIDERMAN, dejando en claro que ser\u00e1 un SPIDEY j\u00f3ven el que se integre al mundo de MARVEL, sus palabras fueron:<\/p>\n<p style=\"text-align: justify\"><strong><em>\u201cEl truco para hacer cualquier encarnaci\u00f3n grandiosa de Spider-Man, ya sea comics, animaci\u00f3n o pel\u00edculas es Peter Parker. Haz bien al personaje de Peter y el resto cae en su lugar\u201d<\/em><\/strong><\/p>\n<p style=\"text-align: justify\">Pero no nos aloquemos, porque esto solo es un poco de lo que este creativo vislumbra como el futuro de SPIDERMAN, ya que se sabe que se trabaja en muchos detalles del 2do reinicio de la saga, (contando THE AMAZING SPIDERMAN como el primero despu\u00e9s de la saga de SAM RAIMI), el cual vendr\u00eda posterior de CAPIT\u00c1N AM\u00c9RICA 3: CIVIL WAR, por ah\u00ed del 2017.<\/p>\n<p style=\"text-align: justify\">Lo que podemos decir, es que PETER PARKER ser\u00eda el personaje de este nuevo Hombre Ara\u00f1a, pero ser\u00eda el que muchos desean ver en el cine, uno m\u00e1s Joven, y que se mantendr\u00eda a\u00fan como estudiante, presumiblemente en inicios de la High School, para poder usarlo en un periodo mayor durante esa etapa, poder ver su desarrollo como h\u00e9roe, y ver un crecimiento del personaje, lo cual se a pedido desde que el h\u00e9roe llego a la pantalla grande.<\/p>\n<p style=\"text-align: justify\">\u00bfUstedes a quien prefer\u00edan amigos Kalochos, Miles Morales o Peter Parker?<\/p>\n","protected":false},"excerpt":{"rendered":"Hace un poco tiempo, nos llegaba una de las mejores noticias de los \u00faltimos a\u00f1os respecto al mundo&hellip;\n","protected":false},"author":11,"featured_media":20880,"comment_status":"open","ping_status":"open","sticky":false,"template":"","format":"standard","meta":{"_jetpack_newsletter_access":"","_jetpack_dont_email_post_to_subs":false,"_jetpack_newsletter_tier_id":0,"_jetpack_memberships_contains_paywalled_content":false,"_jetpack_feature_clip_id":0,"_jetpack_memberships_contains_paid_content":false,"footnotes":"","jetpack_publicize_message":"","jetpack_publicize_feature_enabled":true,"jetpack_social_post_already_shared":true,"jetpack_social_options":{"image_generator_settings":{"template":"highway","default_image_id":0,"font":"","enabled":false},"version":2},"jetpack_post_was_ever_published":false},"categories":[],"tags":[],"class_list":["post-20879","post","type-post","status-publish","format-standard","has-post-thumbnail","cs-entry","cs-video-wrap"],"yoast_head":"<!-- This site is optimized with the Yoast SEO plugin v28.4 - https:\/\/yoast.com\/product\/yoast-seo-wordpress\/ -->\n<title>PETER PARKER ser\u00e1 el SPIDERMAN de CIVIL WAR - Kalot<\/title>\n<meta name=\"description\" content=\"Hace un poco tiempo, nos llegaba una de las mejores noticias de los \u00faltimos a\u00f1os respecto al mundo de los s\u00faper h\u00e9roes en pantalla grande, SPIDERMAN, el\" \/>\n<meta name=\"robots\" content=\"index, follow, max-snippet:-1, max-image-preview:large, max-video-preview:-1\" \/>\n<link rel=\"canonical\" href=\"https:\/\/kalot.com.mx\/site\/2015\/03\/24\/peter-parker-sera-el-spiderman-de-civil-war\/\" \/>\n<meta property=\"og:locale\" content=\"es_MX\" \/>\n<meta property=\"og:type\" content=\"article\" \/>\n<meta property=\"og:title\" content=\"PETER PARKER ser\u00e1 el SPIDERMAN de CIVIL WAR - Kalot\" \/>\n<meta property=\"og:description\" content=\"Hace un poco tiempo, nos llegaba una de las mejores noticias de los \u00faltimos a\u00f1os respecto al mundo de los s\u00faper h\u00e9roes en pantalla grande, SPIDERMAN, el\" \/>\n<meta property=\"og:url\" content=\"https:\/\/kalot.com.mx\/site\/2015\/03\/24\/peter-parker-sera-el-spiderman-de-civil-war\/\" \/>\n<meta property=\"og:site_name\" content=\"Kalot\" \/>\n<meta property=\"article:publisher\" content=\"http:\/\/facebook.com\/mxkalot\" \/>\n<meta property=\"article:published_time\" content=\"2015-03-24T17:02:44+00:00\" \/>\n<meta property=\"og:image\" content=\"https:\/\/i2.wp.com\/kalot.com.mx\/site\/wp-content\/uploads\/2015\/03\/Amazing-Spider-Man-1-top.jpg?fit=630%2C420&ssl=1\" \/>\n\t<meta property=\"og:image:width\" content=\"630\" \/>\n\t<meta property=\"og:image:height\" content=\"420\" \/>\n\t<meta property=\"og:image:type\" content=\"image\/jpeg\" \/>\n<meta name=\"author\" content=\"HM_MKT007\" \/>\n<meta name=\"twitter:card\" content=\"summary_large_image\" \/>\n<meta name=\"twitter:creator\" content=\"@HM_MKT007\" \/>\n<meta name=\"twitter:site\" content=\"@kalotmx\" \/>\n<meta name=\"twitter:label1\" content=\"Escrito por\" \/>\n\t<meta name=\"twitter:data1\" content=\"HM_MKT007\" \/>\n\t<meta name=\"twitter:label2\" content=\"Tiempo de lectura\" \/>\n\t<meta name=\"twitter:data2\" content=\"2 minutos\" \/>\n<!-- \/ Yoast SEO plugin. -->","yoast_head_json":{"title":"PETER PARKER ser\u00e1 el SPIDERMAN de CIVIL WAR - Kalot","description":"Hace un poco tiempo, nos llegaba una de las mejores noticias de los \u00faltimos a\u00f1os respecto al mundo de los s\u00faper h\u00e9roes en pantalla grande, SPIDERMAN, el","robots":{"index":"index","follow":"follow","max-snippet":"max-snippet:-1","max-image-preview":"max-image-preview:large","max-video-preview":"max-video-preview:-1"},"canonical":"https:\/\/kalot.com.mx\/site\/2015\/03\/24\/peter-parker-sera-el-spiderman-de-civil-war\/","og_locale":"es_MX","og_type":"article","og_title":"PETER PARKER ser\u00e1 el SPIDERMAN de CIVIL WAR - Kalot","og_description":"Hace un poco tiempo, nos llegaba una de las mejores noticias de los \u00faltimos a\u00f1os respecto al mundo de los s\u00faper h\u00e9roes en pantalla grande, SPIDERMAN, el","og_url":"https:\/\/kalot.com.mx\/site\/2015\/03\/24\/peter-parker-sera-el-spiderman-de-civil-war\/","og_site_name":"Kalot","article_publisher":"http:\/\/facebook.com\/mxkalot","article_published_time":"2015-03-24T17:02:44+00:00","og_image":[{"width":630,"height":420,"url":"https:\/\/i2.wp.com\/kalot.com.mx\/site\/wp-content\/uploads\/2015\/03\/Amazing-Spider-Man-1-top.jpg?fit=630%2C420&ssl=1","type":"image\/jpeg"}],"author":"HM_MKT007","twitter_card":"summary_large_image","twitter_creator":"@HM_MKT007","twitter_site":"@kalotmx","twitter_misc":{"Escrito por":"HM_MKT007","Tiempo de lectura":"2 minutos"},"schema":{"@context":"https:\/\/schema.org","@graph":[{"@type":"Article","@id":"https:\/\/kalot.com.mx\/site\/2015\/03\/24\/peter-parker-sera-el-spiderman-de-civil-war\/#article","isPartOf":{"@id":"https:\/\/kalot.com.mx\/site\/2015\/03\/24\/peter-parker-sera-el-spiderman-de-civil-war\/"},"author":{"name":"HM_MKT007","@id":"https:\/\/kalot.com.mx\/site\/#\/schema\/person\/60f6fe29bfd83707f2738bccc81156ec"},"headline":"PETER PARKER ser\u00e1 el SPIDERMAN de CIVIL WAR","datePublished":"2015-03-24T17:02:44+00:00","mainEntityOfPage":{"@id":"https:\/\/kalot.com.mx\/site\/2015\/03\/24\/peter-parker-sera-el-spiderman-de-civil-war\/"},"wordCount":455,"commentCount":1,"publisher":{"@id":"https:\/\/kalot.com.mx\/site\/#organization"},"image":{"@id":"https:\/\/kalot.com.mx\/site\/2015\/03\/24\/peter-parker-sera-el-spiderman-de-civil-war\/#primaryimage"},"thumbnailUrl":"https:\/\/i0.wp.com\/kalot.com.mx\/site\/wp-content\/uploads\/2015\/03\/Amazing-Spider-Man-1-top.jpg?fit=630%2C420&ssl=1","inLanguage":"es","potentialAction":[{"@type":"CommentAction","name":"Comment","target":["https:\/\/kalot.com.mx\/site\/2015\/03\/24\/peter-parker-sera-el-spiderman-de-civil-war\/#respond"]}]},{"@type":"WebPage","@id":"https:\/\/kalot.com.mx\/site\/2015\/03\/24\/peter-parker-sera-el-spiderman-de-civil-war\/","url":"https:\/\/kalot.com.mx\/site\/2015\/03\/24\/peter-parker-sera-el-spiderman-de-civil-war\/","name":"PETER PARKER ser\u00e1 el SPIDERMAN de CIVIL WAR - Kalot","isPartOf":{"@id":"https:\/\/kalot.com.mx\/site\/#website"},"primaryImageOfPage":{"@id":"https:\/\/kalot.com.mx\/site\/2015\/03\/24\/peter-parker-sera-el-spiderman-de-civil-war\/#primaryimage"},"image":{"@id":"https:\/\/kalot.com.mx\/site\/2015\/03\/24\/peter-parker-sera-el-spiderman-de-civil-war\/#primaryimage"},"thumbnailUrl":"https:\/\/i0.wp.com\/kalot.com.mx\/site\/wp-content\/uploads\/2015\/03\/Amazing-Spider-Man-1-top.jpg?fit=630%2C420&ssl=1","datePublished":"2015-03-24T17:02:44+00:00","description":"Hace un poco tiempo, nos llegaba una de las mejores noticias de los \u00faltimos a\u00f1os respecto al mundo de los s\u00faper h\u00e9roes en pantalla grande, SPIDERMAN, el","breadcrumb":{"@id":"https:\/\/kalot.com.mx\/site\/2015\/03\/24\/peter-parker-sera-el-spiderman-de-civil-war\/#breadcrumb"},"inLanguage":"es","potentialAction":[{"@type":"ReadAction","target":["https:\/\/kalot.com.mx\/site\/2015\/03\/24\/peter-parker-sera-el-spiderman-de-civil-war\/"]}]},{"@type":"ImageObject","inLanguage":"es","@id":"https:\/\/kalot.com.mx\/site\/2015\/03\/24\/peter-parker-sera-el-spiderman-de-civil-war\/#primaryimage","url":"https:\/\/i0.wp.com\/kalot.com.mx\/site\/wp-content\/uploads\/2015\/03\/Amazing-Spider-Man-1-top.jpg?fit=630%2C420&ssl=1","contentUrl":"https:\/\/i0.wp.com\/kalot.com.mx\/site\/wp-content\/uploads\/2015\/03\/Amazing-Spider-Man-1-top.jpg?fit=630%2C420&ssl=1","width":630,"height":420},{"@type":"BreadcrumbList","@id":"https:\/\/kalot.com.mx\/site\/2015\/03\/24\/peter-parker-sera-el-spiderman-de-civil-war\/#breadcrumb","itemListElement":[{"@type":"ListItem","position":1,"name":"Home","item":"https:\/\/kalot.com.mx\/site\/"},{"@type":"ListItem","position":2,"name":"PETER PARKER ser\u00e1 el SPIDERMAN de CIVIL WAR"}]},{"@type":"WebSite","@id":"https:\/\/kalot.com.mx\/site\/#website","url":"https:\/\/kalot.com.mx\/site\/","name":"Kalot","description":"Conoce Todo Sobre Todo","publisher":{"@id":"https:\/\/kalot.com.mx\/site\/#organization"},"potentialAction":[{"@type":"SearchAction","target":{"@type":"EntryPoint","urlTemplate":"https:\/\/kalot.com.mx\/site\/?s={search_term_string}"},"query-input":{"@type":"PropertyValueSpecification","valueRequired":true,"valueName":"search_term_string"}}],"inLanguage":"es"},{"@type":"Organization","@id":"https:\/\/kalot.com.mx\/site\/#organization","name":"Kalot","url":"https:\/\/kalot.com.mx\/site\/","logo":{"@type":"ImageObject","inLanguage":"es","@id":"https:\/\/kalot.com.mx\/site\/#\/schema\/logo\/image\/","url":"https:\/\/i0.wp.com\/kalot.com.mx\/site\/wp-content\/uploads\/2020\/04\/Kalot-logo-sin-tagline.png?fit=1707%2C1014&ssl=1","contentUrl":"https:\/\/i0.wp.com\/kalot.com.mx\/site\/wp-content\/uploads\/2020\/04\/Kalot-logo-sin-tagline.png?fit=1707%2C1014&ssl=1","width":1707,"height":1014,"caption":"Kalot"},"image":{"@id":"https:\/\/kalot.com.mx\/site\/#\/schema\/logo\/image\/"},"sameAs":["http:\/\/facebook.com\/mxkalot","https:\/\/x.com\/kalotmx","http:\/\/instagram.com\/kalotmx","http:\/\/pinterest.com\/jorgeerana\/kalot"]},{"@type":"Person","@id":"https:\/\/kalot.com.mx\/site\/#\/schema\/person\/60f6fe29bfd83707f2738bccc81156ec","name":"HM_MKT007","image":{"@type":"ImageObject","inLanguage":"es","@id":"https:\/\/secure.gravatar.com\/avatar\/8d5ec09079a21301186c9f7e8b973012363772e45326c576666fe5c082ebd717?s=96&d=mm&r=g","url":"https:\/\/secure.gravatar.com\/avatar\/8d5ec09079a21301186c9f7e8b973012363772e45326c576666fe5c082ebd717?s=96&d=mm&r=g","contentUrl":"https:\/\/secure.gravatar.com\/avatar\/8d5ec09079a21301186c9f7e8b973012363772e45326c576666fe5c082ebd717?s=96&d=mm&r=g","caption":"HM_MKT007"},"sameAs":["https:\/\/x.com\/@HM_MKT007"],"url":"https:\/\/kalot.com.mx\/site\/author\/hectorhdz\/"}]}},"jetpack_publicize_connections":[],"jetpack_shortlink":"https:\/\/wp.me\/p6IHEI-5qL","jetpack-related-posts":[{"id":30901,"url":"https:\/\/kalot.com.mx\/site\/2019\/01\/06\/vaya-sorpresa-la-de-spiderman-un-nuevo-universo\/","url_meta":{"origin":20879,"position":0},"title":"\u00a1\u00a1\u00a1Vaya sorpresa la de SPIDERMAN UN NUEVO UNIVERSO!!!","author":"HM_MKT007","date":"6 enero, 2019","format":false,"excerpt":"Hace apenas unas semanas, se estren\u00f3 la m\u00e1s reciente pel\u00edcula de SPIDERMAN, y a diferencia del MCU, esta pel\u00edcula es versi\u00f3n animada y pese a ello, es una de las m\u00e1s grandes sorpresas que dej\u00f3 el 2018. Cuando anunciaron esta pel\u00edcula de SPIDERMAN, a todos nos tom\u00f3 por sorpresa, porque\u2026","rel":"","context":"En &quot;Cine&quot;","block_context":{"text":"Cine","link":"https:\/\/kalot.com.mx\/site\/category\/cine\/"},"img":{"alt_text":"","src":"https:\/\/i0.wp.com\/kalot.com.mx\/site\/wp-content\/uploads\/2019\/01\/spidermanfotocontenido-97ef3452ea2083f1f66443115511d20a-1200x600.jpg?fit=1200%2C600&ssl=1&resize=350%2C200","width":350,"height":200,"srcset":"https:\/\/i0.wp.com\/kalot.com.mx\/site\/wp-content\/uploads\/2019\/01\/spidermanfotocontenido-97ef3452ea2083f1f66443115511d20a-1200x600.jpg?fit=1200%2C600&ssl=1&resize=350%2C200 1x, https:\/\/i0.wp.com\/kalot.com.mx\/site\/wp-content\/uploads\/2019\/01\/spidermanfotocontenido-97ef3452ea2083f1f66443115511d20a-1200x600.jpg?fit=1200%2C600&ssl=1&resize=525%2C300 1.5x, https:\/\/i0.wp.com\/kalot.com.mx\/site\/wp-content\/uploads\/2019\/01\/spidermanfotocontenido-97ef3452ea2083f1f66443115511d20a-1200x600.jpg?fit=1200%2C600&ssl=1&resize=700%2C400 2x, https:\/\/i0.wp.com\/kalot.com.mx\/site\/wp-content\/uploads\/2019\/01\/spidermanfotocontenido-97ef3452ea2083f1f66443115511d20a-1200x600.jpg?fit=1200%2C600&ssl=1&resize=1050%2C600 3x"},"classes":[]},{"id":20370,"url":"https:\/\/kalot.com.mx\/site\/2015\/02\/10\/spiderman-vaticina-cambio-radical-en-marvel-y-sony\/","url_meta":{"origin":20879,"position":1},"title":"SPIDERMAN VATICINA CAMBIO RADICAL en MARVEL y SONY","author":"HM_MKT007","date":"10 febrero, 2015","format":false,"excerpt":"Creo que esta es una de las m\u00e1s grandes sorpresas en lo que va del a\u00f1o, y quiz\u00e1 del a\u00f1o en cuanto al mundo cinematogr\u00e1fico, al mundo de h\u00e9roes, y al mundo de c\u00f3mics, por supuesto, en KALOT la emoci\u00f3n se hizo sentir a redobles de tambores y dem\u00e1s, porque\u2026","rel":"","context":"Entrada similar ","block_context":{"text":"Entrada similar ","link":""},"img":{"alt_text":"","src":"https:\/\/i0.wp.com\/kalot.com.mx\/site\/wp-content\/uploads\/2015\/02\/NE8vR0s7EG0Lbc_3_b.jpg?fit=600%2C315&ssl=1&resize=350%2C200","width":350,"height":200,"srcset":"https:\/\/i0.wp.com\/kalot.com.mx\/site\/wp-content\/uploads\/2015\/02\/NE8vR0s7EG0Lbc_3_b.jpg?fit=600%2C315&ssl=1&resize=350%2C200 1x, https:\/\/i0.wp.com\/kalot.com.mx\/site\/wp-content\/uploads\/2015\/02\/NE8vR0s7EG0Lbc_3_b.jpg?fit=600%2C315&ssl=1&resize=525%2C300 1.5x"},"classes":[]},{"id":20025,"url":"https:\/\/kalot.com.mx\/site\/2015\/01\/14\/sony-y-marvel-ya-habrian-cerrado-el-trato-por-spiderman\/","url_meta":{"origin":20879,"position":2},"title":"\u00bfSONY y MARVEL ya habr\u00edan cerrado el trato por SPIDERMAN?","author":"HM_MKT007","date":"14 enero, 2015","format":false,"excerpt":"Hace mucho, habl\u00e1bamos de este tema precisamente, pero sabemos que no llego a buen puerto para que el HOMBRE ARA\u00d1A apareciera en la 3era parte de CAPITAN AMERICA, CIVIL WAR, pero al parecer, en los \u00faltimos meses, la conversaci\u00f3n se retomo. Con parte del robo de informaci\u00f3n a SONY PICTURES\u2026","rel":"","context":"Con 1 comentario","block_context":{"text":"Con 1 comentario","link":"https:\/\/kalot.com.mx\/site\/2015\/01\/14\/sony-y-marvel-ya-habrian-cerrado-el-trato-por-spiderman\/#comments"},"img":{"alt_text":"","src":"https:\/\/i0.wp.com\/kalot.com.mx\/site\/wp-content\/uploads\/2015\/01\/7756.jpg?fit=1200%2C782&ssl=1&resize=350%2C200","width":350,"height":200,"srcset":"https:\/\/i0.wp.com\/kalot.com.mx\/site\/wp-content\/uploads\/2015\/01\/7756.jpg?fit=1200%2C782&ssl=1&resize=350%2C200 1x, https:\/\/i0.wp.com\/kalot.com.mx\/site\/wp-content\/uploads\/2015\/01\/7756.jpg?fit=1200%2C782&ssl=1&resize=525%2C300 1.5x, https:\/\/i0.wp.com\/kalot.com.mx\/site\/wp-content\/uploads\/2015\/01\/7756.jpg?fit=1200%2C782&ssl=1&resize=700%2C400 2x, https:\/\/i0.wp.com\/kalot.com.mx\/site\/wp-content\/uploads\/2015\/01\/7756.jpg?fit=1200%2C782&ssl=1&resize=1050%2C600 3x"},"classes":[]},{"id":27260,"url":"https:\/\/kalot.com.mx\/site\/2017\/07\/10\/tal-esta-spiderman-homecoming\/","url_meta":{"origin":20879,"position":3},"title":"\u00bfQu\u00e9 tal esta SPIDERMAN HOMECOMING?","author":"HM_MKT007","date":"10 julio, 2017","format":false,"excerpt":"Todos sabemos que uno de los personajes m\u00e1s populares, famosos, queridos, e incluso podr\u00edamos decir idolatrado de los C\u00d3MICS, es el amigable vecino SPIDERMAN, y sin dudarlo podemos decir que es uno de los personajes que m\u00e1s deseamos ver en el cine, en caricaturas, en papel, en digital, en fin,\u2026","rel":"","context":"En &quot;Cine&quot;","block_context":{"text":"Cine","link":"https:\/\/kalot.com.mx\/site\/category\/cine\/"},"img":{"alt_text":"","src":"https:\/\/i0.wp.com\/kalot.com.mx\/site\/wp-content\/uploads\/2017\/07\/817125.jpg?fit=1005%2C637&ssl=1&resize=350%2C200","width":350,"height":200,"srcset":"https:\/\/i0.wp.com\/kalot.com.mx\/site\/wp-content\/uploads\/2017\/07\/817125.jpg?fit=1005%2C637&ssl=1&resize=350%2C200 1x, https:\/\/i0.wp.com\/kalot.com.mx\/site\/wp-content\/uploads\/2017\/07\/817125.jpg?fit=1005%2C637&ssl=1&resize=525%2C300 1.5x, https:\/\/i0.wp.com\/kalot.com.mx\/site\/wp-content\/uploads\/2017\/07\/817125.jpg?fit=1005%2C637&ssl=1&resize=700%2C400 2x"},"classes":[]},{"id":18021,"url":"https:\/\/kalot.com.mx\/site\/2014\/09\/09\/juguemos-adivinar-con-spiderman-cinematic-universe\/","url_meta":{"origin":20879,"position":4},"title":"JUGUEMOS A ADIVINAR con: SPIDERMAN CINEMATIC UNIVERSE","author":"HM_MKT007","date":"9 septiembre, 2014","format":false,"excerpt":"Haaaaa LOS S\u00daPERHEROES, esos grandes hombres y mujeres protectores del bien y la justicia, y generadores de millones de d\u00f3lares para la industria del cine y sus casas productoras. La verdad, es que estamos en un momento de cine, donde podemos decir, que todo lo referente a esto, genera expectativa,\u2026","rel":"","context":"Entrada similar ","block_context":{"text":"Entrada similar ","link":""},"img":{"alt_text":"","src":"https:\/\/i0.wp.com\/kalot.com.mx\/site\/wp-content\/uploads\/2014\/09\/23083.jpg?fit=1200%2C635&ssl=1&resize=350%2C200","width":350,"height":200,"srcset":"https:\/\/i0.wp.com\/kalot.com.mx\/site\/wp-content\/uploads\/2014\/09\/23083.jpg?fit=1200%2C635&ssl=1&resize=350%2C200 1x, https:\/\/i0.wp.com\/kalot.com.mx\/site\/wp-content\/uploads\/2014\/09\/23083.jpg?fit=1200%2C635&ssl=1&resize=525%2C300 1.5x, https:\/\/i0.wp.com\/kalot.com.mx\/site\/wp-content\/uploads\/2014\/09\/23083.jpg?fit=1200%2C635&ssl=1&resize=700%2C400 2x, https:\/\/i0.wp.com\/kalot.com.mx\/site\/wp-content\/uploads\/2014\/09\/23083.jpg?fit=1200%2C635&ssl=1&resize=1050%2C600 3x"},"classes":[]},{"id":26577,"url":"https:\/\/kalot.com.mx\/site\/2016\/10\/23\/spider-man-blue-comprendiendo-la-esencia-del-trepamuros\/","url_meta":{"origin":20879,"position":5},"title":"Spider-Man: Blue. Comprendiendo la esencia del trepamuros.","author":"Aldo L\u00f3pez","date":"23 octubre, 2016","format":false,"excerpt":"Por d\u00e9cadas, el hombre ara\u00f1a ha sido el personaje m\u00e1s querido y admirado por muchos lectores de la compa\u00f1\u00eda Marvel comics. Surgido en 1962 de las mentes de los geniales Stan Lee y Steve Ditko, en recientes a\u00f1os se ha vuelto un personaje de alcance masivo gracias a medios como\u2026","rel":"","context":"En &quot;Cultura&quot;","block_context":{"text":"Cultura","link":"https:\/\/kalot.com.mx\/site\/category\/cultura\/"},"img":{"alt_text":"","src":"https:\/\/i0.wp.com\/kalot.com.mx\/site\/wp-content\/uploads\/2016\/10\/spiderman-blue-cover.png?fit=466%2C478&ssl=1&resize=350%2C200","width":350,"height":200},"classes":[]}],"jetpack_sharing_enabled":true,"jetpack_featured_media_url":"https:\/\/i0.wp.com\/kalot.com.mx\/site\/wp-content\/uploads\/2015\/03\/Amazing-Spider-Man-1-top.jpg?fit=630%2C420&ssl=1","_links":{"self":[{"href":"https:\/\/kalot.com.mx\/site\/wp-json\/wp\/v2\/posts\/20879","targetHints":{"allow":["GET"]}}],"collection":[{"href":"https:\/\/kalot.com.mx\/site\/wp-json\/wp\/v2\/posts"}],"about":[{"href":"https:\/\/kalot.com.mx\/site\/wp-json\/wp\/v2\/types\/post"}],"author":[{"embeddable":true,"href":"https:\/\/kalot.com.mx\/site\/wp-json\/wp\/v2\/users\/11"}],"replies":[{"embeddable":true,"href":"https:\/\/kalot.com.mx\/site\/wp-json\/wp\/v2\/comments?post=20879"}],"version-history":[{"count":0,"href":"https:\/\/kalot.com.mx\/site\/wp-json\/wp\/v2\/posts\/20879\/revisions"}],"wp:featuredmedia":[{"embeddable":true,"href":"https:\/\/kalot.com.mx\/site\/wp-json\/wp\/v2\/media\/20880"}],"wp:attachment":[{"href":"https:\/\/kalot.com.mx\/site\/wp-json\/wp\/v2\/media?parent=20879"}],"wp:term":[{"taxonomy":"category","embeddable":true,"href":"https:\/\/kalot.com.mx\/site\/wp-json\/wp\/v2\/categories?post=20879"},{"taxonomy":"post_tag","embeddable":true,"href":"https:\/\/kalot.com.mx\/site\/wp-json\/wp\/v2\/tags?post=20879"}],"curies":[{"name":"wp","href":"https:\/\/api.w.org\/{rel}","templated":true}]}}