{"id":20653,"date":"2015-03-09T09:43:47","date_gmt":"2015-03-09T15:43:47","guid":{"rendered":"http:\/\/www.kalot.com.mx\/?p=20653"},"modified":"2015-03-09T09:43:47","modified_gmt":"2015-03-09T15:43:47","slug":"playlist-pal-norte","status":"publish","type":"post","link":"https:\/\/kalot.com.mx\/site\/2015\/03\/09\/playlist-pal-norte\/","title":{"rendered":"Playlist: Pa&#8217;l Norte"},"content":{"rendered":"<p>Lunes de nuevo y yo me ando quedando dormidofnjsndfahbusdf. Lo siento, es solo que los lunes en la ma\u00f1ana no es un una oraci\u00f3n que deba estar junta. Lo \u00fanico bueno es que esta semana est\u00e1 plagada de eventos, ya sea de teatro como el Ballet Folkl\u00f3rico de Amalia Hernandez en el CC200 el viernes, o Luis Mirrey que se presenta en el Domo el d\u00eda de ma\u00f1ana, o el Tenorio C\u00f3mico en el teatro de la Paz el mi\u00e9rcoles, y para los pamboleros, el San Luis juega el s\u00e1bado en el Alfonso Lastras. Y ya la siguiente semana vienen los Babas\u00f3nicos y tendremos sorpresas para ustedes as\u00ed como cortes\u00edas para que nos acompa\u00f1en a este evento el 20 de Marzo en el Teatro de la Ciudad, as\u00ed que est\u00e9n al pendiente. Ya tienen mucho de donde agarrar y dejar de decir \u201cEs que en San Luis no hay eventos\u201d.<\/p>\n<p>Uno de los eventos que nos espera, pero ya en el mes de Abril es el Pa\u2019l Norte Fest 2015 que estar\u00e1 plagado de artistas nacionales como Ximena Sari\u00f1ana, Nortec Collective, Molotov y Caf\u00e9 Tacvba, y de artistas internacionales como Flo Rida, Imagine Dragons, The Kooks, entre otros. As\u00ed que para que se vayan preparando para este evento les dejo un playlist con lo mejor de algunas de las bandas que se presentaran en el festival m\u00e1s importante de abril.<\/p>\n<p>\u00a0<\/p>\n<p><iframe title=\"Spotify Embed: Pa&apos;l Norte 2015\" width=\"100%\" height=\"380\" allowtransparency=\"true\" frameborder=\"0\" allow=\"encrypted-media\" src=\"https:\/\/open.spotify.com\/embed\/playlist\/43ua5OinDijvHwOaikMzmn\"><\/iframe><\/p>\n","protected":false},"excerpt":{"rendered":"Lunes de nuevo y yo me ando quedando dormidofnjsndfahbusdf. Lo siento, es solo que los lunes en la&hellip;\n","protected":false},"author":80,"featured_media":20654,"comment_status":"open","ping_status":"open","sticky":false,"template":"","format":"standard","meta":{"jetpack_post_was_ever_published":false,"_jetpack_newsletter_access":"","_jetpack_dont_email_post_to_subs":false,"_jetpack_newsletter_tier_id":0,"_jetpack_memberships_contains_paywalled_content":false,"_jetpack_memberships_contains_paid_content":false,"footnotes":"","jetpack_publicize_message":"","jetpack_publicize_feature_enabled":true,"jetpack_social_post_already_shared":true,"jetpack_social_options":{"image_generator_settings":{"template":"highway","default_image_id":0,"font":"","enabled":false},"version":2}},"categories":[],"tags":[],"class_list":{"0":"post-20653","1":"post","2":"type-post","3":"status-publish","4":"format-standard","5":"has-post-thumbnail","7":"cs-entry","8":"cs-video-wrap"},"yoast_head":"<!-- This site is optimized with the Yoast SEO plugin v27.5 - https:\/\/yoast.com\/product\/yoast-seo-wordpress\/ -->\n<title>Playlist: Pa&#039;l Norte<\/title>\n<meta name=\"description\" content=\"Lunes de nuevo y yo me ando quedando dormidofnjsndfahbusdf. Lo siento, es solo que los lunes en la ma\u00f1ana no es un una oraci\u00f3n que deba estar junta. Lo\" \/>\n<meta name=\"robots\" content=\"index, follow, max-snippet:-1, max-image-preview:large, max-video-preview:-1\" \/>\n<link rel=\"canonical\" href=\"https:\/\/kalot.com.mx\/site\/2015\/03\/09\/playlist-pal-norte\/\" \/>\n<meta property=\"og:locale\" content=\"es_MX\" \/>\n<meta property=\"og:type\" content=\"article\" \/>\n<meta property=\"og:title\" content=\"Playlist: Pa&#039;l Norte\" \/>\n<meta property=\"og:description\" content=\"Lunes de nuevo y yo me ando quedando dormidofnjsndfahbusdf. Lo siento, es solo que los lunes en la ma\u00f1ana no es un una oraci\u00f3n que deba estar junta. Lo\" \/>\n<meta property=\"og:url\" content=\"https:\/\/kalot.com.mx\/site\/2015\/03\/09\/playlist-pal-norte\/\" \/>\n<meta property=\"og:site_name\" content=\"Kalot\" \/>\n<meta property=\"article:publisher\" content=\"http:\/\/facebook.com\/mxkalot\" \/>\n<meta property=\"article:published_time\" content=\"2015-03-09T15:43:47+00:00\" \/>\n<meta property=\"og:image\" content=\"https:\/\/i2.wp.com\/kalot.com.mx\/site\/wp-content\/uploads\/2015\/03\/Screen-Shot-2015-03-09-at-9.31.46-AM.png?fit=1428%2C733&ssl=1\" \/>\n\t<meta property=\"og:image:width\" content=\"1428\" \/>\n\t<meta property=\"og:image:height\" content=\"733\" \/>\n\t<meta property=\"og:image:type\" content=\"image\/png\" \/>\n<meta name=\"author\" content=\"David S\u00e1nchez\" \/>\n<meta name=\"twitter:card\" content=\"summary_large_image\" \/>\n<meta name=\"twitter:creator\" content=\"@davidpms96\" \/>\n<meta name=\"twitter:site\" content=\"@kalotmx\" \/>\n<meta name=\"twitter:label1\" content=\"Escrito por\" \/>\n\t<meta name=\"twitter:data1\" content=\"David S\u00e1nchez\" \/>\n\t<meta name=\"twitter:label2\" content=\"Tiempo de lectura\" \/>\n\t<meta name=\"twitter:data2\" content=\"1 minuto\" \/>\n<!-- \/ Yoast SEO plugin. -->","yoast_head_json":{"title":"Playlist: Pa'l Norte","description":"Lunes de nuevo y yo me ando quedando dormidofnjsndfahbusdf. Lo siento, es solo que los lunes en la ma\u00f1ana no es un una oraci\u00f3n que deba estar junta. Lo","robots":{"index":"index","follow":"follow","max-snippet":"max-snippet:-1","max-image-preview":"max-image-preview:large","max-video-preview":"max-video-preview:-1"},"canonical":"https:\/\/kalot.com.mx\/site\/2015\/03\/09\/playlist-pal-norte\/","og_locale":"es_MX","og_type":"article","og_title":"Playlist: Pa'l Norte","og_description":"Lunes de nuevo y yo me ando quedando dormidofnjsndfahbusdf. Lo siento, es solo que los lunes en la ma\u00f1ana no es un una oraci\u00f3n que deba estar junta. Lo","og_url":"https:\/\/kalot.com.mx\/site\/2015\/03\/09\/playlist-pal-norte\/","og_site_name":"Kalot","article_publisher":"http:\/\/facebook.com\/mxkalot","article_published_time":"2015-03-09T15:43:47+00:00","og_image":[{"width":1428,"height":733,"url":"https:\/\/i2.wp.com\/kalot.com.mx\/site\/wp-content\/uploads\/2015\/03\/Screen-Shot-2015-03-09-at-9.31.46-AM.png?fit=1428%2C733&ssl=1","type":"image\/png"}],"author":"David S\u00e1nchez","twitter_card":"summary_large_image","twitter_creator":"@davidpms96","twitter_site":"@kalotmx","twitter_misc":{"Escrito por":"David S\u00e1nchez","Tiempo de lectura":"1 minuto"},"schema":{"@context":"https:\/\/schema.org","@graph":[{"@type":"Article","@id":"https:\/\/kalot.com.mx\/site\/2015\/03\/09\/playlist-pal-norte\/#article","isPartOf":{"@id":"https:\/\/kalot.com.mx\/site\/2015\/03\/09\/playlist-pal-norte\/"},"author":{"name":"David S\u00e1nchez","@id":"https:\/\/kalot.com.mx\/site\/#\/schema\/person\/6baf594887d9ab62944fda9244330603"},"headline":"Playlist: Pa&#8217;l Norte","datePublished":"2015-03-09T15:43:47+00:00","mainEntityOfPage":{"@id":"https:\/\/kalot.com.mx\/site\/2015\/03\/09\/playlist-pal-norte\/"},"wordCount":257,"commentCount":0,"publisher":{"@id":"https:\/\/kalot.com.mx\/site\/#organization"},"image":{"@id":"https:\/\/kalot.com.mx\/site\/2015\/03\/09\/playlist-pal-norte\/#primaryimage"},"thumbnailUrl":"https:\/\/i0.wp.com\/kalot.com.mx\/site\/wp-content\/uploads\/2015\/03\/Screen-Shot-2015-03-09-at-9.31.46-AM.png?fit=1428%2C733&ssl=1","inLanguage":"es","potentialAction":[{"@type":"CommentAction","name":"Comment","target":["https:\/\/kalot.com.mx\/site\/2015\/03\/09\/playlist-pal-norte\/#respond"]}]},{"@type":"WebPage","@id":"https:\/\/kalot.com.mx\/site\/2015\/03\/09\/playlist-pal-norte\/","url":"https:\/\/kalot.com.mx\/site\/2015\/03\/09\/playlist-pal-norte\/","name":"Playlist: Pa'l Norte","isPartOf":{"@id":"https:\/\/kalot.com.mx\/site\/#website"},"primaryImageOfPage":{"@id":"https:\/\/kalot.com.mx\/site\/2015\/03\/09\/playlist-pal-norte\/#primaryimage"},"image":{"@id":"https:\/\/kalot.com.mx\/site\/2015\/03\/09\/playlist-pal-norte\/#primaryimage"},"thumbnailUrl":"https:\/\/i0.wp.com\/kalot.com.mx\/site\/wp-content\/uploads\/2015\/03\/Screen-Shot-2015-03-09-at-9.31.46-AM.png?fit=1428%2C733&ssl=1","datePublished":"2015-03-09T15:43:47+00:00","description":"Lunes de nuevo y yo me ando quedando dormidofnjsndfahbusdf. Lo siento, es solo que los lunes en la ma\u00f1ana no es un una oraci\u00f3n que deba estar junta. Lo","breadcrumb":{"@id":"https:\/\/kalot.com.mx\/site\/2015\/03\/09\/playlist-pal-norte\/#breadcrumb"},"inLanguage":"es","potentialAction":[{"@type":"ReadAction","target":["https:\/\/kalot.com.mx\/site\/2015\/03\/09\/playlist-pal-norte\/"]}]},{"@type":"ImageObject","inLanguage":"es","@id":"https:\/\/kalot.com.mx\/site\/2015\/03\/09\/playlist-pal-norte\/#primaryimage","url":"https:\/\/i0.wp.com\/kalot.com.mx\/site\/wp-content\/uploads\/2015\/03\/Screen-Shot-2015-03-09-at-9.31.46-AM.png?fit=1428%2C733&ssl=1","contentUrl":"https:\/\/i0.wp.com\/kalot.com.mx\/site\/wp-content\/uploads\/2015\/03\/Screen-Shot-2015-03-09-at-9.31.46-AM.png?fit=1428%2C733&ssl=1","width":1428,"height":733},{"@type":"BreadcrumbList","@id":"https:\/\/kalot.com.mx\/site\/2015\/03\/09\/playlist-pal-norte\/#breadcrumb","itemListElement":[{"@type":"ListItem","position":1,"name":"Home","item":"https:\/\/kalot.com.mx\/site\/"},{"@type":"ListItem","position":2,"name":"Playlist: Pa&#8217;l Norte"}]},{"@type":"WebSite","@id":"https:\/\/kalot.com.mx\/site\/#website","url":"https:\/\/kalot.com.mx\/site\/","name":"Kalot","description":"Conoce Todo Sobre Todo","publisher":{"@id":"https:\/\/kalot.com.mx\/site\/#organization"},"potentialAction":[{"@type":"SearchAction","target":{"@type":"EntryPoint","urlTemplate":"https:\/\/kalot.com.mx\/site\/?s={search_term_string}"},"query-input":{"@type":"PropertyValueSpecification","valueRequired":true,"valueName":"search_term_string"}}],"inLanguage":"es"},{"@type":"Organization","@id":"https:\/\/kalot.com.mx\/site\/#organization","name":"Kalot","url":"https:\/\/kalot.com.mx\/site\/","logo":{"@type":"ImageObject","inLanguage":"es","@id":"https:\/\/kalot.com.mx\/site\/#\/schema\/logo\/image\/","url":"https:\/\/i0.wp.com\/kalot.com.mx\/site\/wp-content\/uploads\/2020\/04\/Kalot-logo-sin-tagline.png?fit=1707%2C1014&ssl=1","contentUrl":"https:\/\/i0.wp.com\/kalot.com.mx\/site\/wp-content\/uploads\/2020\/04\/Kalot-logo-sin-tagline.png?fit=1707%2C1014&ssl=1","width":1707,"height":1014,"caption":"Kalot"},"image":{"@id":"https:\/\/kalot.com.mx\/site\/#\/schema\/logo\/image\/"},"sameAs":["http:\/\/facebook.com\/mxkalot","https:\/\/x.com\/kalotmx","http:\/\/instagram.com\/kalotmx","http:\/\/pinterest.com\/jorgeerana\/kalot"]},{"@type":"Person","@id":"https:\/\/kalot.com.mx\/site\/#\/schema\/person\/6baf594887d9ab62944fda9244330603","name":"David S\u00e1nchez","image":{"@type":"ImageObject","inLanguage":"es","@id":"https:\/\/secure.gravatar.com\/avatar\/a9993bb96b15c68a3759a39521e2f7d884b80007e4aec92ba75820217fdeff1e?s=96&d=mm&r=g","url":"https:\/\/secure.gravatar.com\/avatar\/a9993bb96b15c68a3759a39521e2f7d884b80007e4aec92ba75820217fdeff1e?s=96&d=mm&r=g","contentUrl":"https:\/\/secure.gravatar.com\/avatar\/a9993bb96b15c68a3759a39521e2f7d884b80007e4aec92ba75820217fdeff1e?s=96&d=mm&r=g","caption":"David S\u00e1nchez"},"description":"Estudiante de Derecho y un amante m\u00e1s de la m\u00fasica. Prefiero experiencias que cosas materiales.","sameAs":["https:\/\/x.com\/@davidpms96"],"url":"https:\/\/kalot.com.mx\/site\/author\/david\/"}]}},"jetpack_publicize_connections":[],"jetpack_featured_media_url":"https:\/\/i0.wp.com\/kalot.com.mx\/site\/wp-content\/uploads\/2015\/03\/Screen-Shot-2015-03-09-at-9.31.46-AM.png?fit=1428%2C733&ssl=1","jetpack_shortlink":"https:\/\/wp.me\/p6IHEI-5n7","jetpack-related-posts":[{"id":20430,"url":"https:\/\/kalot.com.mx\/site\/2015\/02\/25\/pal-norte-fest-2015\/","url_meta":{"origin":20653,"position":0},"title":"Pa&#8217;l Norte Fest 2015","author":"David S\u00e1nchez","date":"25 febrero, 2015","format":false,"excerpt":"A\u00f1o nuevo, festival nuevo. As\u00ed es, este a\u00f1o que acaba de comenzar, parece tener muchas sorpresas para los amantes de la m\u00fasica en general, ya sea que te guste la m\u00fasica electr\u00f3nica, el rock, el indie y hasta el metal, este a\u00f1o pinta para estar plagado de buenos conciertos y\u2026","rel":"","context":"Entrada similar ","block_context":{"text":"Entrada similar ","link":""},"img":{"alt_text":"","src":"https:\/\/i0.wp.com\/kalot.com.mx\/site\/wp-content\/uploads\/2015\/02\/palnorte11.jpg?fit=1200%2C456&ssl=1&resize=350%2C200","width":350,"height":200,"srcset":"https:\/\/i0.wp.com\/kalot.com.mx\/site\/wp-content\/uploads\/2015\/02\/palnorte11.jpg?fit=1200%2C456&ssl=1&resize=350%2C200 1x, https:\/\/i0.wp.com\/kalot.com.mx\/site\/wp-content\/uploads\/2015\/02\/palnorte11.jpg?fit=1200%2C456&ssl=1&resize=525%2C300 1.5x, https:\/\/i0.wp.com\/kalot.com.mx\/site\/wp-content\/uploads\/2015\/02\/palnorte11.jpg?fit=1200%2C456&ssl=1&resize=700%2C400 2x, https:\/\/i0.wp.com\/kalot.com.mx\/site\/wp-content\/uploads\/2015\/02\/palnorte11.jpg?fit=1200%2C456&ssl=1&resize=1050%2C600 3x"},"classes":[]},{"id":13373,"url":"https:\/\/kalot.com.mx\/site\/2014\/03\/13\/eventos-de-marzo\/","url_meta":{"origin":20653,"position":1},"title":"Eventos de Marzo","author":"David S\u00e1nchez","date":"13 marzo, 2014","format":false,"excerpt":"Muchachos chichos y muchachas chichas, se nos vienen unas semanas de puros conciertos y eventos musicales antes del festival de San Luis por ah\u00ed de mediados de abril. Ya con esto de por medio, quiero anunciarles que les traeremos grandes pero GRANDES sorpresas para estos eventos. Empezando por Electric Daisy\u2026","rel":"","context":"En &quot;Sin categor\u00eda&quot;","block_context":{"text":"Sin categor\u00eda","link":"https:\/\/kalot.com.mx\/site\/category\/sin-categoria\/"},"img":{"alt_text":"","src":"https:\/\/i0.wp.com\/kalot.com.mx\/site\/wp-content\/uploads\/2014\/03\/qq.jpg?fit=1200%2C675&ssl=1&resize=350%2C200","width":350,"height":200,"srcset":"https:\/\/i0.wp.com\/kalot.com.mx\/site\/wp-content\/uploads\/2014\/03\/qq.jpg?fit=1200%2C675&ssl=1&resize=350%2C200 1x, https:\/\/i0.wp.com\/kalot.com.mx\/site\/wp-content\/uploads\/2014\/03\/qq.jpg?fit=1200%2C675&ssl=1&resize=525%2C300 1.5x, https:\/\/i0.wp.com\/kalot.com.mx\/site\/wp-content\/uploads\/2014\/03\/qq.jpg?fit=1200%2C675&ssl=1&resize=700%2C400 2x, https:\/\/i0.wp.com\/kalot.com.mx\/site\/wp-content\/uploads\/2014\/03\/qq.jpg?fit=1200%2C675&ssl=1&resize=1050%2C600 3x"},"classes":[]},{"id":25603,"url":"https:\/\/kalot.com.mx\/site\/2016\/06\/22\/entrevista-a-camilo-septimo\/","url_meta":{"origin":20653,"position":2},"title":"Entrevista a Camilo S\u00e9ptimo","author":"Eliana Mtz","date":"22 junio, 2016","format":false,"excerpt":"Tuvimos el gustazo de entrevistar a Manuel Mendoza (tambi\u00e9n conocido como Coe), vocalista de Camilo S\u00e9ptimo, banda mexicana que viene de nuevo a pisar la capital potosina con su #TourNe\u00f3n este viernes 24 de junio. Aqu\u00ed el link del evento: https:\/\/www.facebook.com\/events\/1604939259821393\/ Los integrantes se conocen desde hace tiempo atr\u00e1s, formando\u2026","rel":"","context":"En &quot;Eventos&quot;","block_context":{"text":"Eventos","link":"https:\/\/kalot.com.mx\/site\/category\/eventos\/"},"img":{"alt_text":"","src":"https:\/\/i0.wp.com\/kalot.com.mx\/site\/wp-content\/uploads\/2016\/06\/Camilo-VII-24.06.16-S.L.P.-Banner.png?fit=851%2C315&ssl=1&resize=350%2C200","width":350,"height":200,"srcset":"https:\/\/i0.wp.com\/kalot.com.mx\/site\/wp-content\/uploads\/2016\/06\/Camilo-VII-24.06.16-S.L.P.-Banner.png?fit=851%2C315&ssl=1&resize=350%2C200 1x, https:\/\/i0.wp.com\/kalot.com.mx\/site\/wp-content\/uploads\/2016\/06\/Camilo-VII-24.06.16-S.L.P.-Banner.png?fit=851%2C315&ssl=1&resize=525%2C300 1.5x, https:\/\/i0.wp.com\/kalot.com.mx\/site\/wp-content\/uploads\/2016\/06\/Camilo-VII-24.06.16-S.L.P.-Banner.png?fit=851%2C315&ssl=1&resize=700%2C400 2x"},"classes":[]},{"id":20565,"url":"https:\/\/kalot.com.mx\/site\/2015\/02\/26\/babasonicos-en-slp\/","url_meta":{"origin":20653,"position":3},"title":"Babas\u00f3nicos en SLP!!!","author":"David S\u00e1nchez","date":"26 febrero, 2015","format":false,"excerpt":"As\u00ed es mis queridos animalitos de la creaci\u00f3n, desde hace ya un rato se viene cociendo este pollo. Y es que la banda Babas\u00f3nicos estar\u00e1 visitando de nuevo nuestra ciudad, ahora presentando su \u00e1lbum \"Romantis\u00edsmico\" \u00a0que esta bastante BASTANTE bueno. Esta es la primera vez que viene Babas\u00f3nicos desde que\u2026","rel":"","context":"Entrada similar ","block_context":{"text":"Entrada similar ","link":""},"img":{"alt_text":"","src":"https:\/\/i0.wp.com\/kalot.com.mx\/site\/wp-content\/uploads\/2015\/02\/IMG-20150225-WA0001.jpg?fit=1200%2C708&ssl=1&resize=350%2C200","width":350,"height":200,"srcset":"https:\/\/i0.wp.com\/kalot.com.mx\/site\/wp-content\/uploads\/2015\/02\/IMG-20150225-WA0001.jpg?fit=1200%2C708&ssl=1&resize=350%2C200 1x, https:\/\/i0.wp.com\/kalot.com.mx\/site\/wp-content\/uploads\/2015\/02\/IMG-20150225-WA0001.jpg?fit=1200%2C708&ssl=1&resize=525%2C300 1.5x, https:\/\/i0.wp.com\/kalot.com.mx\/site\/wp-content\/uploads\/2015\/02\/IMG-20150225-WA0001.jpg?fit=1200%2C708&ssl=1&resize=700%2C400 2x, https:\/\/i0.wp.com\/kalot.com.mx\/site\/wp-content\/uploads\/2015\/02\/IMG-20150225-WA0001.jpg?fit=1200%2C708&ssl=1&resize=1050%2C600 3x"},"classes":[]},{"id":25550,"url":"https:\/\/kalot.com.mx\/site\/2016\/06\/10\/camilo-vii-regreso-en-san-luis-potosi\/","url_meta":{"origin":20653,"position":4},"title":"Camilo VII regresa a San Luis Potos\u00ed","author":"Eliana Mtz","date":"10 junio, 2016","format":false,"excerpt":"Tras su gira de promoci\u00f3n del EP \"Maya\" y dejando a los potosinos con ganas de m\u00e1s, Camilo S\u00e9ptimo regresa a la capital potosina. Esta vez con su Tour Ne\u00f3n presentando su nuevo material. https:\/\/www.youtube.com\/watch?v=M6hvGrBmCdQ La banda originaria de la Ciudad de M\u00e9xico y su propuesta de rock un tanto\u2026","rel":"","context":"En &quot;Eventos&quot;","block_context":{"text":"Eventos","link":"https:\/\/kalot.com.mx\/site\/category\/eventos\/"},"img":{"alt_text":"","src":"https:\/\/i0.wp.com\/kalot.com.mx\/site\/wp-content\/uploads\/2016\/06\/Camilo-VII-24.06.16-S.L.P.-Banner.png?fit=851%2C315&ssl=1&resize=350%2C200","width":350,"height":200,"srcset":"https:\/\/i0.wp.com\/kalot.com.mx\/site\/wp-content\/uploads\/2016\/06\/Camilo-VII-24.06.16-S.L.P.-Banner.png?fit=851%2C315&ssl=1&resize=350%2C200 1x, https:\/\/i0.wp.com\/kalot.com.mx\/site\/wp-content\/uploads\/2016\/06\/Camilo-VII-24.06.16-S.L.P.-Banner.png?fit=851%2C315&ssl=1&resize=525%2C300 1.5x, https:\/\/i0.wp.com\/kalot.com.mx\/site\/wp-content\/uploads\/2016\/06\/Camilo-VII-24.06.16-S.L.P.-Banner.png?fit=851%2C315&ssl=1&resize=700%2C400 2x"},"classes":[]},{"id":20821,"url":"https:\/\/kalot.com.mx\/site\/2015\/03\/16\/playlist-de-babasonicos-boletos-gratis\/","url_meta":{"origin":20653,"position":5},"title":"Playlist de Babas\u00f3nicos (+ Boletos Gratis)","author":"David S\u00e1nchez","date":"16 marzo, 2015","format":false,"excerpt":"A Dios gracias por este lunes de puente!!! Si mis animalitos de la creaci\u00f3n, hoy es lunes, pero no lo odiamos ya que gracias a Don Benito Juarez, este lunes no hay actividad escolar ni laboral\u00a0al menos que su jefe sea un hijo de p@#$. Y como es lunes y\u2026","rel":"","context":"Con 1 comentario","block_context":{"text":"Con 1 comentario","link":"https:\/\/kalot.com.mx\/site\/2015\/03\/16\/playlist-de-babasonicos-boletos-gratis\/#comments"},"img":{"alt_text":"","src":"https:\/\/i0.wp.com\/kalot.com.mx\/site\/wp-content\/uploads\/2015\/03\/maxresdefault.jpg?fit=1200%2C675&ssl=1&resize=350%2C200","width":350,"height":200,"srcset":"https:\/\/i0.wp.com\/kalot.com.mx\/site\/wp-content\/uploads\/2015\/03\/maxresdefault.jpg?fit=1200%2C675&ssl=1&resize=350%2C200 1x, https:\/\/i0.wp.com\/kalot.com.mx\/site\/wp-content\/uploads\/2015\/03\/maxresdefault.jpg?fit=1200%2C675&ssl=1&resize=525%2C300 1.5x, https:\/\/i0.wp.com\/kalot.com.mx\/site\/wp-content\/uploads\/2015\/03\/maxresdefault.jpg?fit=1200%2C675&ssl=1&resize=700%2C400 2x, https:\/\/i0.wp.com\/kalot.com.mx\/site\/wp-content\/uploads\/2015\/03\/maxresdefault.jpg?fit=1200%2C675&ssl=1&resize=1050%2C600 3x"},"classes":[]}],"jetpack_sharing_enabled":true,"_links":{"self":[{"href":"https:\/\/kalot.com.mx\/site\/wp-json\/wp\/v2\/posts\/20653","targetHints":{"allow":["GET"]}}],"collection":[{"href":"https:\/\/kalot.com.mx\/site\/wp-json\/wp\/v2\/posts"}],"about":[{"href":"https:\/\/kalot.com.mx\/site\/wp-json\/wp\/v2\/types\/post"}],"author":[{"embeddable":true,"href":"https:\/\/kalot.com.mx\/site\/wp-json\/wp\/v2\/users\/80"}],"replies":[{"embeddable":true,"href":"https:\/\/kalot.com.mx\/site\/wp-json\/wp\/v2\/comments?post=20653"}],"version-history":[{"count":0,"href":"https:\/\/kalot.com.mx\/site\/wp-json\/wp\/v2\/posts\/20653\/revisions"}],"wp:featuredmedia":[{"embeddable":true,"href":"https:\/\/kalot.com.mx\/site\/wp-json\/wp\/v2\/media\/20654"}],"wp:attachment":[{"href":"https:\/\/kalot.com.mx\/site\/wp-json\/wp\/v2\/media?parent=20653"}],"wp:term":[{"taxonomy":"category","embeddable":true,"href":"https:\/\/kalot.com.mx\/site\/wp-json\/wp\/v2\/categories?post=20653"},{"taxonomy":"post_tag","embeddable":true,"href":"https:\/\/kalot.com.mx\/site\/wp-json\/wp\/v2\/tags?post=20653"}],"curies":[{"name":"wp","href":"https:\/\/api.w.org\/{rel}","templated":true}]}}