{"id":20488,"date":"2015-02-23T16:06:10","date_gmt":"2015-02-23T22:06:10","guid":{"rendered":"http:\/\/www.kalot.com.mx\/?p=20488"},"modified":"2015-02-23T16:06:10","modified_gmt":"2015-02-23T22:06:10","slug":"el-primer-dlc-para-the-evil-within-llegara-en-marzo","status":"publish","type":"post","link":"https:\/\/kalot.com.mx\/site\/2015\/02\/23\/el-primer-dlc-para-the-evil-within-llegara-en-marzo\/","title":{"rendered":"El primer DLC para The Evil Within llegar\u00e1 en Marzo"},"content":{"rendered":"<p>Pronto los Gamers podr\u00e1n volver al hospital mental Beacon, ya que llega el primer episodio o DLC de The Evil Within.<\/p>\n<p>Aun sin la fecha exacta de su salida &#8220;The Assignment&#8221; consistir\u00e1 en un conjunto de dos episodios, el cual nos pondr\u00e1 en los zapatos de la compa\u00f1era del detective Castellanos, la agente Julie Kidman.<\/p>\n<p>&nbsp;<\/p>\n<p><a href=\"https:\/\/i0.wp.com\/www.kalot.com.mx\/wp-content\/uploads\/2015\/02\/zf9lnw6wwfpefen9l84x.png\"><img data-recalc-dims=\"1\" fetchpriority=\"high\" decoding=\"async\" data-attachment-id=\"20489\" data-permalink=\"https:\/\/kalot.com.mx\/site\/2015\/02\/23\/el-primer-dlc-para-the-evil-within-llegara-en-marzo\/zf9lnw6wwfpefen9l84x\/\" data-orig-file=\"https:\/\/i0.wp.com\/kalot.com.mx\/site\/wp-content\/uploads\/2015\/02\/zf9lnw6wwfpefen9l84x.png?fit=670%2C300&amp;ssl=1\" data-orig-size=\"670,300\" data-comments-opened=\"1\" data-image-meta=\"{&quot;aperture&quot;:&quot;0&quot;,&quot;credit&quot;:&quot;&quot;,&quot;camera&quot;:&quot;&quot;,&quot;caption&quot;:&quot;&quot;,&quot;created_timestamp&quot;:&quot;0&quot;,&quot;copyright&quot;:&quot;&quot;,&quot;focal_length&quot;:&quot;0&quot;,&quot;iso&quot;:&quot;0&quot;,&quot;shutter_speed&quot;:&quot;0&quot;,&quot;title&quot;:&quot;&quot;,&quot;orientation&quot;:&quot;0&quot;}\" data-image-title=\"zf9lnw6wwfpefen9l84x\" data-image-description=\"\" data-image-caption=\"\" data-large-file=\"https:\/\/i0.wp.com\/kalot.com.mx\/site\/wp-content\/uploads\/2015\/02\/zf9lnw6wwfpefen9l84x.png?fit=670%2C300&amp;ssl=1\" class=\"  wp-image-20489 aligncenter\" src=\"https:\/\/i0.wp.com\/www.kalot.com.mx\/wp-content\/uploads\/2015\/02\/zf9lnw6wwfpefen9l84x-300x134.png?resize=450%2C201\" alt=\"zf9lnw6wwfpefen9l84x\" width=\"450\" height=\"201\" srcset=\"https:\/\/i0.wp.com\/kalot.com.mx\/site\/wp-content\/uploads\/2015\/02\/zf9lnw6wwfpefen9l84x.png?resize=300%2C134&amp;ssl=1 300w, https:\/\/i0.wp.com\/kalot.com.mx\/site\/wp-content\/uploads\/2015\/02\/zf9lnw6wwfpefen9l84x.png?resize=380%2C170&amp;ssl=1 380w, https:\/\/i0.wp.com\/kalot.com.mx\/site\/wp-content\/uploads\/2015\/02\/zf9lnw6wwfpefen9l84x.png?w=670&amp;ssl=1 670w\" sizes=\"(max-width: 450px) 100vw, 450px\" \/><\/a><\/p>\n<p>La compa\u00f1\u00eda Bethesda contempla el lanzamiento de un tercer episodio, mismo que nos permitir\u00e1 controlar a la bestia del juego The Keeper.<\/p>\n<p>\u00bfY t\u00fa ya te encuentras preparado para volver a sentir el terror?<\/p>\n<p>&nbsp;<\/p>\n<p><a href=\"https:\/\/i0.wp.com\/www.kalot.com.mx\/wp-content\/uploads\/2015\/02\/The-Evil-Within-header.jpg\"><img data-recalc-dims=\"1\" decoding=\"async\" data-attachment-id=\"20490\" data-permalink=\"https:\/\/kalot.com.mx\/site\/2015\/02\/23\/el-primer-dlc-para-the-evil-within-llegara-en-marzo\/the-evil-within-header\/\" data-orig-file=\"https:\/\/i0.wp.com\/kalot.com.mx\/site\/wp-content\/uploads\/2015\/02\/The-Evil-Within-header.jpg?fit=623%2C350&amp;ssl=1\" data-orig-size=\"623,350\" data-comments-opened=\"1\" data-image-meta=\"{&quot;aperture&quot;:&quot;0&quot;,&quot;credit&quot;:&quot;&quot;,&quot;camera&quot;:&quot;&quot;,&quot;caption&quot;:&quot;&quot;,&quot;created_timestamp&quot;:&quot;0&quot;,&quot;copyright&quot;:&quot;&quot;,&quot;focal_length&quot;:&quot;0&quot;,&quot;iso&quot;:&quot;0&quot;,&quot;shutter_speed&quot;:&quot;0&quot;,&quot;title&quot;:&quot;&quot;,&quot;orientation&quot;:&quot;0&quot;}\" data-image-title=\"The-Evil-Within-header\" data-image-description=\"\" data-image-caption=\"\" data-large-file=\"https:\/\/i0.wp.com\/kalot.com.mx\/site\/wp-content\/uploads\/2015\/02\/The-Evil-Within-header.jpg?fit=623%2C350&amp;ssl=1\" class=\"  wp-image-20490 aligncenter\" src=\"https:\/\/i0.wp.com\/www.kalot.com.mx\/wp-content\/uploads\/2015\/02\/The-Evil-Within-header-300x169.jpg?resize=417%2C235\" alt=\"The-Evil-Within-header\" width=\"417\" height=\"235\" srcset=\"https:\/\/i0.wp.com\/kalot.com.mx\/site\/wp-content\/uploads\/2015\/02\/The-Evil-Within-header.jpg?resize=300%2C169&amp;ssl=1 300w, https:\/\/i0.wp.com\/kalot.com.mx\/site\/wp-content\/uploads\/2015\/02\/The-Evil-Within-header.jpg?resize=380%2C213&amp;ssl=1 380w, https:\/\/i0.wp.com\/kalot.com.mx\/site\/wp-content\/uploads\/2015\/02\/The-Evil-Within-header.jpg?w=623&amp;ssl=1 623w\" sizes=\"(max-width: 417px) 100vw, 417px\" \/><\/a><\/p>\n<p>Aqu\u00ed tienes el video oficial de &#8220;The Assignment&#8221;<\/p>\n<p><span class=\"embed-youtube\" style=\"text-align:center; display: block;\"><iframe class=\"youtube-player\" width=\"1200\" height=\"675\" src=\"https:\/\/www.youtube.com\/embed\/ZimAuIC22UY?version=3&#038;rel=1&#038;showsearch=0&#038;showinfo=1&#038;iv_load_policy=1&#038;fs=1&#038;hl=es-MX&#038;autohide=2&#038;wmode=transparent\" allowfullscreen=\"true\" style=\"border:0;\" sandbox=\"allow-scripts allow-same-origin allow-popups allow-presentation allow-popups-to-escape-sandbox\"><\/iframe><\/span><\/p>\n<p>&nbsp;<\/p>\n<p>Sigueme en Twitter: @banks3216<\/p>\n<p>Instagram: Chris_Kroos_Banks3216<\/p>\n<p>&nbsp;<\/p>\n","protected":false},"excerpt":{"rendered":"Pronto los Gamers podr\u00e1n volver al hospital mental Beacon, ya que llega el primer episodio o DLC de&hellip;\n","protected":false},"author":113,"featured_media":20491,"comment_status":"open","ping_status":"open","sticky":false,"template":"","format":"standard","meta":{"jetpack_post_was_ever_published":false,"_jetpack_newsletter_access":"","_jetpack_dont_email_post_to_subs":false,"_jetpack_newsletter_tier_id":0,"_jetpack_memberships_contains_paywalled_content":false,"_jetpack_memberships_contains_paid_content":false,"footnotes":"","jetpack_publicize_message":"","jetpack_publicize_feature_enabled":true,"jetpack_social_post_already_shared":true,"jetpack_social_options":{"image_generator_settings":{"template":"highway","default_image_id":0,"font":"","enabled":false},"version":2}},"categories":[],"tags":[],"class_list":{"0":"post-20488","1":"post","2":"type-post","3":"status-publish","4":"format-standard","5":"has-post-thumbnail","7":"cs-entry","8":"cs-video-wrap"},"yoast_head":"<!-- This site is optimized with the Yoast SEO plugin v27.5 - https:\/\/yoast.com\/product\/yoast-seo-wordpress\/ -->\n<title>El primer DLC para The Evil Within llegar\u00e1 en Marzo - Kalot<\/title>\n<meta name=\"description\" content=\"Pronto los Gamers podr\u00e1n volver al hospital mental Beacon, ya que llega el primer episodio o DLC de The Evil Within. Aun sin la fecha exacta de su salida\" \/>\n<meta name=\"robots\" content=\"index, follow, max-snippet:-1, max-image-preview:large, max-video-preview:-1\" \/>\n<link rel=\"canonical\" href=\"https:\/\/kalot.com.mx\/site\/2015\/02\/23\/el-primer-dlc-para-the-evil-within-llegara-en-marzo\/\" \/>\n<meta property=\"og:locale\" content=\"es_MX\" \/>\n<meta property=\"og:type\" content=\"article\" \/>\n<meta property=\"og:title\" content=\"El primer DLC para The Evil Within llegar\u00e1 en Marzo - Kalot\" \/>\n<meta property=\"og:description\" content=\"Pronto los Gamers podr\u00e1n volver al hospital mental Beacon, ya que llega el primer episodio o DLC de The Evil Within. Aun sin la fecha exacta de su salida\" \/>\n<meta property=\"og:url\" content=\"https:\/\/kalot.com.mx\/site\/2015\/02\/23\/el-primer-dlc-para-the-evil-within-llegara-en-marzo\/\" \/>\n<meta property=\"og:site_name\" content=\"Kalot\" \/>\n<meta property=\"article:publisher\" content=\"http:\/\/facebook.com\/mxkalot\" \/>\n<meta property=\"article:published_time\" content=\"2015-02-23T22:06:10+00:00\" \/>\n<meta property=\"og:image\" content=\"https:\/\/i0.wp.com\/kalot.com.mx\/site\/wp-content\/uploads\/2015\/02\/4-evil-within-cover-art-resident-evil-7-or-the-evil-within-2-mikami-s-next-survival-horror.jpeg?fit=1920%2C1200&ssl=1\" \/>\n\t<meta property=\"og:image:width\" content=\"1920\" \/>\n\t<meta property=\"og:image:height\" content=\"1200\" \/>\n\t<meta property=\"og:image:type\" content=\"image\/jpeg\" \/>\n<meta name=\"author\" content=\"Chris Banks\" \/>\n<meta name=\"twitter:card\" content=\"summary_large_image\" \/>\n<meta name=\"twitter:creator\" content=\"@kalotmx\" \/>\n<meta name=\"twitter:site\" content=\"@kalotmx\" \/>\n<meta name=\"twitter:label1\" content=\"Escrito por\" \/>\n\t<meta name=\"twitter:data1\" content=\"Chris Banks\" \/>\n\t<meta name=\"twitter:label2\" content=\"Tiempo de lectura\" \/>\n\t<meta name=\"twitter:data2\" content=\"1 minuto\" \/>\n<!-- \/ Yoast SEO plugin. -->","yoast_head_json":{"title":"El primer DLC para The Evil Within llegar\u00e1 en Marzo - Kalot","description":"Pronto los Gamers podr\u00e1n volver al hospital mental Beacon, ya que llega el primer episodio o DLC de The Evil Within. Aun sin la fecha exacta de su salida","robots":{"index":"index","follow":"follow","max-snippet":"max-snippet:-1","max-image-preview":"max-image-preview:large","max-video-preview":"max-video-preview:-1"},"canonical":"https:\/\/kalot.com.mx\/site\/2015\/02\/23\/el-primer-dlc-para-the-evil-within-llegara-en-marzo\/","og_locale":"es_MX","og_type":"article","og_title":"El primer DLC para The Evil Within llegar\u00e1 en Marzo - Kalot","og_description":"Pronto los Gamers podr\u00e1n volver al hospital mental Beacon, ya que llega el primer episodio o DLC de The Evil Within. Aun sin la fecha exacta de su salida","og_url":"https:\/\/kalot.com.mx\/site\/2015\/02\/23\/el-primer-dlc-para-the-evil-within-llegara-en-marzo\/","og_site_name":"Kalot","article_publisher":"http:\/\/facebook.com\/mxkalot","article_published_time":"2015-02-23T22:06:10+00:00","og_image":[{"width":1920,"height":1200,"url":"https:\/\/i0.wp.com\/kalot.com.mx\/site\/wp-content\/uploads\/2015\/02\/4-evil-within-cover-art-resident-evil-7-or-the-evil-within-2-mikami-s-next-survival-horror.jpeg?fit=1920%2C1200&ssl=1","type":"image\/jpeg"}],"author":"Chris Banks","twitter_card":"summary_large_image","twitter_creator":"@kalotmx","twitter_site":"@kalotmx","twitter_misc":{"Escrito por":"Chris Banks","Tiempo de lectura":"1 minuto"},"schema":{"@context":"https:\/\/schema.org","@graph":[{"@type":"Article","@id":"https:\/\/kalot.com.mx\/site\/2015\/02\/23\/el-primer-dlc-para-the-evil-within-llegara-en-marzo\/#article","isPartOf":{"@id":"https:\/\/kalot.com.mx\/site\/2015\/02\/23\/el-primer-dlc-para-the-evil-within-llegara-en-marzo\/"},"author":{"name":"Chris Banks","@id":"https:\/\/kalot.com.mx\/site\/#\/schema\/person\/6ae4417e8950fb11354aa1098ec5e0f7"},"headline":"El primer DLC para The Evil Within llegar\u00e1 en Marzo","datePublished":"2015-02-23T22:06:10+00:00","mainEntityOfPage":{"@id":"https:\/\/kalot.com.mx\/site\/2015\/02\/23\/el-primer-dlc-para-the-evil-within-llegara-en-marzo\/"},"wordCount":127,"commentCount":0,"publisher":{"@id":"https:\/\/kalot.com.mx\/site\/#organization"},"image":{"@id":"https:\/\/kalot.com.mx\/site\/2015\/02\/23\/el-primer-dlc-para-the-evil-within-llegara-en-marzo\/#primaryimage"},"thumbnailUrl":"https:\/\/i0.wp.com\/kalot.com.mx\/site\/wp-content\/uploads\/2015\/02\/4-evil-within-cover-art-resident-evil-7-or-the-evil-within-2-mikami-s-next-survival-horror.jpeg?fit=1920%2C1200&ssl=1","inLanguage":"es","potentialAction":[{"@type":"CommentAction","name":"Comment","target":["https:\/\/kalot.com.mx\/site\/2015\/02\/23\/el-primer-dlc-para-the-evil-within-llegara-en-marzo\/#respond"]}]},{"@type":"WebPage","@id":"https:\/\/kalot.com.mx\/site\/2015\/02\/23\/el-primer-dlc-para-the-evil-within-llegara-en-marzo\/","url":"https:\/\/kalot.com.mx\/site\/2015\/02\/23\/el-primer-dlc-para-the-evil-within-llegara-en-marzo\/","name":"El primer DLC para The Evil Within llegar\u00e1 en Marzo - Kalot","isPartOf":{"@id":"https:\/\/kalot.com.mx\/site\/#website"},"primaryImageOfPage":{"@id":"https:\/\/kalot.com.mx\/site\/2015\/02\/23\/el-primer-dlc-para-the-evil-within-llegara-en-marzo\/#primaryimage"},"image":{"@id":"https:\/\/kalot.com.mx\/site\/2015\/02\/23\/el-primer-dlc-para-the-evil-within-llegara-en-marzo\/#primaryimage"},"thumbnailUrl":"https:\/\/i0.wp.com\/kalot.com.mx\/site\/wp-content\/uploads\/2015\/02\/4-evil-within-cover-art-resident-evil-7-or-the-evil-within-2-mikami-s-next-survival-horror.jpeg?fit=1920%2C1200&ssl=1","datePublished":"2015-02-23T22:06:10+00:00","description":"Pronto los Gamers podr\u00e1n volver al hospital mental Beacon, ya que llega el primer episodio o DLC de The Evil Within. Aun sin la fecha exacta de su salida","breadcrumb":{"@id":"https:\/\/kalot.com.mx\/site\/2015\/02\/23\/el-primer-dlc-para-the-evil-within-llegara-en-marzo\/#breadcrumb"},"inLanguage":"es","potentialAction":[{"@type":"ReadAction","target":["https:\/\/kalot.com.mx\/site\/2015\/02\/23\/el-primer-dlc-para-the-evil-within-llegara-en-marzo\/"]}]},{"@type":"ImageObject","inLanguage":"es","@id":"https:\/\/kalot.com.mx\/site\/2015\/02\/23\/el-primer-dlc-para-the-evil-within-llegara-en-marzo\/#primaryimage","url":"https:\/\/i0.wp.com\/kalot.com.mx\/site\/wp-content\/uploads\/2015\/02\/4-evil-within-cover-art-resident-evil-7-or-the-evil-within-2-mikami-s-next-survival-horror.jpeg?fit=1920%2C1200&ssl=1","contentUrl":"https:\/\/i0.wp.com\/kalot.com.mx\/site\/wp-content\/uploads\/2015\/02\/4-evil-within-cover-art-resident-evil-7-or-the-evil-within-2-mikami-s-next-survival-horror.jpeg?fit=1920%2C1200&ssl=1","width":1920,"height":1200},{"@type":"BreadcrumbList","@id":"https:\/\/kalot.com.mx\/site\/2015\/02\/23\/el-primer-dlc-para-the-evil-within-llegara-en-marzo\/#breadcrumb","itemListElement":[{"@type":"ListItem","position":1,"name":"Home","item":"https:\/\/kalot.com.mx\/site\/"},{"@type":"ListItem","position":2,"name":"El primer DLC para The Evil Within llegar\u00e1 en Marzo"}]},{"@type":"WebSite","@id":"https:\/\/kalot.com.mx\/site\/#website","url":"https:\/\/kalot.com.mx\/site\/","name":"Kalot","description":"Conoce Todo Sobre Todo","publisher":{"@id":"https:\/\/kalot.com.mx\/site\/#organization"},"potentialAction":[{"@type":"SearchAction","target":{"@type":"EntryPoint","urlTemplate":"https:\/\/kalot.com.mx\/site\/?s={search_term_string}"},"query-input":{"@type":"PropertyValueSpecification","valueRequired":true,"valueName":"search_term_string"}}],"inLanguage":"es"},{"@type":"Organization","@id":"https:\/\/kalot.com.mx\/site\/#organization","name":"Kalot","url":"https:\/\/kalot.com.mx\/site\/","logo":{"@type":"ImageObject","inLanguage":"es","@id":"https:\/\/kalot.com.mx\/site\/#\/schema\/logo\/image\/","url":"https:\/\/i0.wp.com\/kalot.com.mx\/site\/wp-content\/uploads\/2020\/04\/Kalot-logo-sin-tagline.png?fit=1707%2C1014&ssl=1","contentUrl":"https:\/\/i0.wp.com\/kalot.com.mx\/site\/wp-content\/uploads\/2020\/04\/Kalot-logo-sin-tagline.png?fit=1707%2C1014&ssl=1","width":1707,"height":1014,"caption":"Kalot"},"image":{"@id":"https:\/\/kalot.com.mx\/site\/#\/schema\/logo\/image\/"},"sameAs":["http:\/\/facebook.com\/mxkalot","https:\/\/x.com\/kalotmx","http:\/\/instagram.com\/kalotmx","http:\/\/pinterest.com\/jorgeerana\/kalot"]},{"@type":"Person","@id":"https:\/\/kalot.com.mx\/site\/#\/schema\/person\/6ae4417e8950fb11354aa1098ec5e0f7","name":"Chris Banks","image":{"@type":"ImageObject","inLanguage":"es","@id":"https:\/\/secure.gravatar.com\/avatar\/f931fb87ead5299045593db211ef79179fe167a21dc8cbbd5a5c2dbfbf2e041f?s=96&d=mm&r=g","url":"https:\/\/secure.gravatar.com\/avatar\/f931fb87ead5299045593db211ef79179fe167a21dc8cbbd5a5c2dbfbf2e041f?s=96&d=mm&r=g","contentUrl":"https:\/\/secure.gravatar.com\/avatar\/f931fb87ead5299045593db211ef79179fe167a21dc8cbbd5a5c2dbfbf2e041f?s=96&d=mm&r=g","caption":"Chris Banks"},"url":"https:\/\/kalot.com.mx\/site\/author\/chris\/"}]}},"jetpack_publicize_connections":[],"jetpack_featured_media_url":"https:\/\/i0.wp.com\/kalot.com.mx\/site\/wp-content\/uploads\/2015\/02\/4-evil-within-cover-art-resident-evil-7-or-the-evil-within-2-mikami-s-next-survival-horror.jpeg?fit=1920%2C1200&ssl=1","jetpack_shortlink":"https:\/\/wp.me\/p6IHEI-5ks","jetpack-related-posts":[{"id":20017,"url":"https:\/\/kalot.com.mx\/site\/2015\/01\/13\/dlc-de-assassins-creed-unity-dead-kings\/","url_meta":{"origin":20488,"position":0},"title":"DLC de ASSASSINS CREED UNITY: DEAD KINGS.","author":"HM_MKT007","date":"13 enero, 2015","format":false,"excerpt":"Tenemos buenas noticias para la hermandad de los asesinos, bueno, para los amantes de la saga, el d\u00eda de hoy, llega el primer DLC de ASSASSINS CREED UNITY, nombrado como DEAD KINGS, o REYES MUERTOS, un contenido descargable que en concepto, debi\u00f3 formar parte del pase de temporada del juego,\u2026","rel":"","context":"Entrada similar ","block_context":{"text":"Entrada similar ","link":""},"img":{"alt_text":"","src":"https:\/\/i0.wp.com\/kalot.com.mx\/site\/wp-content\/uploads\/2015\/01\/ACU_Dead-Kings_DLC_3-Graveyard-Copy.jpg?fit=1200%2C675&ssl=1&resize=350%2C200","width":350,"height":200,"srcset":"https:\/\/i0.wp.com\/kalot.com.mx\/site\/wp-content\/uploads\/2015\/01\/ACU_Dead-Kings_DLC_3-Graveyard-Copy.jpg?fit=1200%2C675&ssl=1&resize=350%2C200 1x, https:\/\/i0.wp.com\/kalot.com.mx\/site\/wp-content\/uploads\/2015\/01\/ACU_Dead-Kings_DLC_3-Graveyard-Copy.jpg?fit=1200%2C675&ssl=1&resize=525%2C300 1.5x, https:\/\/i0.wp.com\/kalot.com.mx\/site\/wp-content\/uploads\/2015\/01\/ACU_Dead-Kings_DLC_3-Graveyard-Copy.jpg?fit=1200%2C675&ssl=1&resize=700%2C400 2x, https:\/\/i0.wp.com\/kalot.com.mx\/site\/wp-content\/uploads\/2015\/01\/ACU_Dead-Kings_DLC_3-Graveyard-Copy.jpg?fit=1200%2C675&ssl=1&resize=1050%2C600 3x"},"classes":[]},{"id":10152,"url":"https:\/\/kalot.com.mx\/site\/2014\/01\/24\/last-us-culmina-su-historia-con-left-behind-thelastofus-leftbehind\/","url_meta":{"origin":20488,"position":1},"title":"THE LAST OF US culmina su historia con LEFT BEHIND @TheLastOfUS #LeftBehind","author":"HM_MKT007","date":"24 enero, 2014","format":false,"excerpt":"El a\u00f1o pasado vivimos muchas y gratas sorpresas en la industria del videojuego, desde las consolas de nueva generaci\u00f3n, el PLAYSTATION 4, o el XBOX ONE, entre otras cosas, como la guerra entre jugadores de consolas y de PC, hasta pasar por juegos como el casi perfecto GTA5, pero creo\u2026","rel":"","context":"Entrada similar ","block_context":{"text":"Entrada similar ","link":""},"img":{"alt_text":"","src":"https:\/\/i0.wp.com\/kalot.com.mx\/site\/wp-content\/uploads\/2014\/01\/the_last_of_us__left_behind-2441589.jpg?fit=650%2C409&ssl=1&resize=350%2C200","width":350,"height":200,"srcset":"https:\/\/i0.wp.com\/kalot.com.mx\/site\/wp-content\/uploads\/2014\/01\/the_last_of_us__left_behind-2441589.jpg?fit=650%2C409&ssl=1&resize=350%2C200 1x, https:\/\/i0.wp.com\/kalot.com.mx\/site\/wp-content\/uploads\/2014\/01\/the_last_of_us__left_behind-2441589.jpg?fit=650%2C409&ssl=1&resize=525%2C300 1.5x"},"classes":[]},{"id":26631,"url":"https:\/\/kalot.com.mx\/site\/2016\/11\/05\/resenandolaserie-exorcista-capitulo-6-elexorcistaenfx\/","url_meta":{"origin":20488,"position":2},"title":"#Rese\u00f1andoLaSerie: El Exorcista \u2013 Cap\u00edtulo 6 #ElExorcistaEnFX","author":"yash","date":"5 noviembre, 2016","format":false,"excerpt":"Este nuevo episodio nos muestra parte del plan de un grupo implicado en ayudar a las fuerzas del mal. Como hab\u00edamos visto en el anterior cap\u00edtulo, \"El Exorcista\" la serie resulta ser un secuela directa de la pel\u00edcula, ya que nos plantea los mismo personajes en una nueva \u00e9poca. Como\u2026","rel":"","context":"En &quot;Cine&quot;","block_context":{"text":"Cine","link":"https:\/\/kalot.com.mx\/site\/category\/cine\/"},"img":{"alt_text":"","src":"https:\/\/i0.wp.com\/kalot.com.mx\/site\/wp-content\/uploads\/2016\/09\/the-exorcist-official-trailer.jpg?fit=1200%2C675&ssl=1&resize=350%2C200","width":350,"height":200,"srcset":"https:\/\/i0.wp.com\/kalot.com.mx\/site\/wp-content\/uploads\/2016\/09\/the-exorcist-official-trailer.jpg?fit=1200%2C675&ssl=1&resize=350%2C200 1x, https:\/\/i0.wp.com\/kalot.com.mx\/site\/wp-content\/uploads\/2016\/09\/the-exorcist-official-trailer.jpg?fit=1200%2C675&ssl=1&resize=525%2C300 1.5x, https:\/\/i0.wp.com\/kalot.com.mx\/site\/wp-content\/uploads\/2016\/09\/the-exorcist-official-trailer.jpg?fit=1200%2C675&ssl=1&resize=700%2C400 2x, https:\/\/i0.wp.com\/kalot.com.mx\/site\/wp-content\/uploads\/2016\/09\/the-exorcist-official-trailer.jpg?fit=1200%2C675&ssl=1&resize=1050%2C600 3x"},"classes":[]},{"id":4657,"url":"https:\/\/kalot.com.mx\/site\/2013\/10\/22\/walking-dead-4x02-infected\/","url_meta":{"origin":20488,"position":3},"title":"The Walking Dead 4&#215;02 &#8220;Infected&#8221; [RESE\u00d1A]","author":"Omar Herrera","date":"22 octubre, 2013","format":false,"excerpt":"Esta rese\u00f1a puede contener algunos spoilers. La infecci\u00f3n ha comenzado. Despu\u00e9s de lo ocurrido en \u201c30 days without an accident\u201d hemos atestiguado el origen de los hechos que envuelven este segundo cap\u00edtulo de The Walking Dead. El bloque D de la prisi\u00f3n de Woodbury ha sido atacado despu\u00e9s de que\u2026","rel":"","context":"Con 1 comentario","block_context":{"text":"Con 1 comentario","link":"https:\/\/kalot.com.mx\/site\/2013\/10\/22\/walking-dead-4x02-infected\/#comments"},"img":{"alt_text":"","src":"https:\/\/i0.wp.com\/kalot.com.mx\/site\/wp-content\/uploads\/2013\/10\/The-Walking-Dead-4x02-Infected-Daryl.png?fit=620%2C360&ssl=1&resize=350%2C200","width":350,"height":200,"srcset":"https:\/\/i0.wp.com\/kalot.com.mx\/site\/wp-content\/uploads\/2013\/10\/The-Walking-Dead-4x02-Infected-Daryl.png?fit=620%2C360&ssl=1&resize=350%2C200 1x, https:\/\/i0.wp.com\/kalot.com.mx\/site\/wp-content\/uploads\/2013\/10\/The-Walking-Dead-4x02-Infected-Daryl.png?fit=620%2C360&ssl=1&resize=525%2C300 1.5x"},"classes":[]},{"id":14553,"url":"https:\/\/kalot.com.mx\/site\/2014\/04\/07\/ea-sports-saca-increible-dlc-para-ufc-bruce-lee\/","url_meta":{"origin":20488,"position":4},"title":"EA SPORTS saca incre\u00edble DLC para UFC, \u00a1BRUCE LEE!","author":"HM_MKT007","date":"7 abril, 2014","format":false,"excerpt":"Todos sabemos que EA SPORTS son incre\u00edblemente buenos en lo que hacen, cada proyecto si bien algunos no son exitosos, t\u00e9cnicamente son asombrosos, y muestra de ello fue FIFA, FINAL NIGHT CHAMPION, entre muchas otras obras, como MADDEN NFL. Y todos queremos ver lo que hara EA CANADA con la\u2026","rel":"","context":"En &quot;Sin categor\u00eda&quot;","block_context":{"text":"Sin categor\u00eda","link":"https:\/\/kalot.com.mx\/site\/category\/sin-categoria\/"},"img":{"alt_text":"","src":"https:\/\/i0.wp.com\/kalot.com.mx\/site\/wp-content\/uploads\/2014\/04\/BLEE-3.jpg?fit=760%2C428&ssl=1&resize=350%2C200","width":350,"height":200,"srcset":"https:\/\/i0.wp.com\/kalot.com.mx\/site\/wp-content\/uploads\/2014\/04\/BLEE-3.jpg?fit=760%2C428&ssl=1&resize=350%2C200 1x, https:\/\/i0.wp.com\/kalot.com.mx\/site\/wp-content\/uploads\/2014\/04\/BLEE-3.jpg?fit=760%2C428&ssl=1&resize=525%2C300 1.5x, https:\/\/i0.wp.com\/kalot.com.mx\/site\/wp-content\/uploads\/2014\/04\/BLEE-3.jpg?fit=760%2C428&ssl=1&resize=700%2C400 2x"},"classes":[]},{"id":20354,"url":"https:\/\/kalot.com.mx\/site\/2015\/02\/09\/better-call-saul-episodio-uno-resena\/","url_meta":{"origin":20488,"position":5},"title":"Better Call Saul: Episodio Uno [Rese\u00f1a]","author":"Carlos Ru\u00edz Mtz","date":"9 febrero, 2015","format":false,"excerpt":"Hablar de Breaking Bad es hablar de uno de los mejores dramas\u00a0de la TV en los \u00faltimos tiempos, que pasar\u00e1 a la historia como serie de culto al nivel de Lost o Law and Order. Este \u00e9xito gener\u00f3 una oleada de fans incondicionales, que esperaban algo m\u00e1s de las aventuras\u2026","rel":"","context":"Entrada similar ","block_context":{"text":"Entrada similar ","link":""},"img":{"alt_text":"","src":"https:\/\/i0.wp.com\/kalot.com.mx\/site\/wp-content\/uploads\/2015\/02\/better-call-saul.jpg?fit=1024%2C502&ssl=1&resize=350%2C200","width":350,"height":200,"srcset":"https:\/\/i0.wp.com\/kalot.com.mx\/site\/wp-content\/uploads\/2015\/02\/better-call-saul.jpg?fit=1024%2C502&ssl=1&resize=350%2C200 1x, https:\/\/i0.wp.com\/kalot.com.mx\/site\/wp-content\/uploads\/2015\/02\/better-call-saul.jpg?fit=1024%2C502&ssl=1&resize=525%2C300 1.5x, https:\/\/i0.wp.com\/kalot.com.mx\/site\/wp-content\/uploads\/2015\/02\/better-call-saul.jpg?fit=1024%2C502&ssl=1&resize=700%2C400 2x"},"classes":[]}],"jetpack_sharing_enabled":true,"_links":{"self":[{"href":"https:\/\/kalot.com.mx\/site\/wp-json\/wp\/v2\/posts\/20488","targetHints":{"allow":["GET"]}}],"collection":[{"href":"https:\/\/kalot.com.mx\/site\/wp-json\/wp\/v2\/posts"}],"about":[{"href":"https:\/\/kalot.com.mx\/site\/wp-json\/wp\/v2\/types\/post"}],"author":[{"embeddable":true,"href":"https:\/\/kalot.com.mx\/site\/wp-json\/wp\/v2\/users\/113"}],"replies":[{"embeddable":true,"href":"https:\/\/kalot.com.mx\/site\/wp-json\/wp\/v2\/comments?post=20488"}],"version-history":[{"count":0,"href":"https:\/\/kalot.com.mx\/site\/wp-json\/wp\/v2\/posts\/20488\/revisions"}],"wp:featuredmedia":[{"embeddable":true,"href":"https:\/\/kalot.com.mx\/site\/wp-json\/wp\/v2\/media\/20491"}],"wp:attachment":[{"href":"https:\/\/kalot.com.mx\/site\/wp-json\/wp\/v2\/media?parent=20488"}],"wp:term":[{"taxonomy":"category","embeddable":true,"href":"https:\/\/kalot.com.mx\/site\/wp-json\/wp\/v2\/categories?post=20488"},{"taxonomy":"post_tag","embeddable":true,"href":"https:\/\/kalot.com.mx\/site\/wp-json\/wp\/v2\/tags?post=20488"}],"curies":[{"name":"wp","href":"https:\/\/api.w.org\/{rel}","templated":true}]}}