{"id":20482,"date":"2015-02-22T19:47:36","date_gmt":"2015-02-23T01:47:36","guid":{"rendered":"http:\/\/www.kalot.com.mx\/?p=20482"},"modified":"2015-02-22T19:47:36","modified_gmt":"2015-02-23T01:47:36","slug":"no-mi-valentin","status":"publish","type":"post","link":"https:\/\/kalot.com.mx\/site\/2015\/02\/22\/no-mi-valentin\/","title":{"rendered":"No mi Valent\u00edn&#8230;"},"content":{"rendered":"<p style=\"text-align: justify\">Se nos vino la fecha, no creo que muchos la esperaran honestamente; un d\u00eda al a\u00f1o en el que todos los poderes del cosmos se re\u00fanen para que los precios de las mercanc\u00edas San Valentineras (flores, chocolates, etc.) suban, o tal vez son las compa\u00f1\u00edas que deciden eso debido a la demanda de dichos objetos. No s\u00e9 si ustedes kalochos se dieron cuenta pero a una semana del 14 ya nadie dice nada, como si se hubiera borrado de la faz de la tierra&#8230;<\/p>\n<p style=\"text-align: justify\">En fin, mi\u00a0 d\u00eda de San Valent\u00edn transcurri\u00f3 de manera casual, en la ma\u00f1ana hice unos encargos y despu\u00e9s com\u00ed como todos los s\u00e1bados con mi familia, eventualmente vi pel\u00edculas con mi hermana y decid\u00ed en la noche salir con mis amigas, de nuevo; nada fuera de lo normal. Siento que \u00faltimamente en a\u00f1os anteriores ha habido una cierta nostalgia por estas fechas, qui\u00e9n no quisiera pasar el 14 con alguien m\u00e1s despu\u00e9s de todo; pero este a\u00f1o no.<\/p>\n<p style=\"text-align: justify\"><img data-recalc-dims=\"1\" decoding=\"async\" class=\" aligncenter\" src=\"https:\/\/i0.wp.com\/cdn2.gurl.com\/wp-content\/uploads\/2013\/02\/valentines-day-party-9.gif?w=1200\" alt=\"\" \/><\/p>\n<p style=\"text-align: justify\">Este a\u00f1o me di cuenta de que si se celebra el amor no debe de ser solo un d\u00eda al a\u00f1o, es algo que se vive todos los d\u00edas por el resto de tu vida tengas o no a alguien \u2013no que acosen a alguien pero deben darse cuenta de que no se necesita a alguien m\u00e1s para poder pasarlo bien. Somos la mejor compa\u00f1\u00eda para cualquier fecha del a\u00f1o y San Valent\u00edn no es la excepci\u00f3n.<\/p>\n<p style=\"text-align: justify\">Ya pas\u00f3 una semana y durante estos largos (casi siete d\u00edas) estuve contemplando todas y cada una de las cosas que pudieron haber sucedido pero a grandes rasgos fue si lo pude o no haber pasado sola. Molesta saber que igual y no lo pude pasar con alguien pero despu\u00e9s de pensarlo mucho el pasarlo sola fue mi mejor decisi\u00f3n, del mismo modo no es como que no haya hecho nada y me haya encerrado a llorar en mi cuarto hecha bolita culpando a la vida, no, m\u00e1s bien la pas\u00e9 con mi familia y amigas relajadas y contentas. Sin presiones y sin estr\u00e9s.<\/p>\n<p style=\"text-align: justify\"><img data-recalc-dims=\"1\" decoding=\"async\" class=\"aligncenter\" src=\"https:\/\/i0.wp.com\/media.tumblr.com\/23c94ca27007872e894deb6867a447da\/tumblr_inline_mi6jb8JwtQ1qz4rgp.gif?w=1200\" alt=\"\" \/><\/p>\n<p style=\"text-align: justify\">No s\u00e9 si les haya pasado alguna vez que parece que el universo conspira en contra nuestra, todo lo que queremos hacer y planeamos no funciona como esper\u00e1bamos, pero todo en esta vida tiene una oscura raz\u00f3n escondida: madurar. Ya hemos mencionado antes que el madurar va de la mano con saber estar solos, no es algo que solo pase una vez al a\u00f1o sino m\u00e1s bien algo de todos los d\u00edas necesarios.<\/p>\n<p style=\"text-align: justify\">Si es que llega a aparecer alguien en nuestro \u00f3leo de vida debe ser alguien que se merezca el lugar, alguien que pelee por los derechos \u2013de la buena forma- y disfrute de los beneficios, una persona que logre sacar lo mejor de nosotros y que lo malo lo logre aceptar y que no lo quiera ni intente cambiar. Quien quiera que logre ganarse un lugar en ustedes debe estar a la altura de la situaci\u00f3n, no debe de hacernos sentir nada negativo y mucho menos nos debe de hacer pasar corajes o malos ratos.<\/p>\n<p><img data-recalc-dims=\"1\" decoding=\"async\" class=\" aligncenter\" src=\"https:\/\/i0.wp.com\/data1.whicdn.com\/images\/35237822\/large.gif?w=1200\" alt=\"\" \/><\/p>\n<p style=\"text-align: justify\">Este 14 de Febrero quise algo m\u00e1s, quiero algo que me haga temblar de emoci\u00f3n \u00a0\u00a0m\u00e1s de 365 d\u00edas, que me haga sentir que cada d\u00eda que pase es algo nuevo, que me haga ver que vale la pena pasar un 14 de Febrero en compa\u00f1\u00eda; aunque no pasa nada si lo pasamos solos. Honestamente mi mejor compa\u00f1\u00eda fui, soy y seguir\u00e9 siendo yo siempre.<\/p>\n<p style=\"text-align: justify\">Vale la pena decir o recalcar que si es que alguien llega a aparecer debe merecer el honor de sacudir nuestro mundo, alguien que no sea un Valent\u00edn sino m\u00e1s bien un simple caballero que sea capaz de demostrar que cada d\u00eda es algo especial y algo que vale para todos los d\u00edas que quedan de existencia, pero sobre todo; que todos los d\u00edas pueden ser un 14 de febrero.<\/p>\n<p style=\"text-align: justify\">Au revoir!<\/p>\n","protected":false},"excerpt":{"rendered":"Se nos vino la fecha, no creo que muchos la esperaran honestamente; un d\u00eda al a\u00f1o en el&hellip;\n","protected":false},"author":61,"featured_media":20483,"comment_status":"open","ping_status":"open","sticky":false,"template":"","format":"standard","meta":{"jetpack_post_was_ever_published":false,"_jetpack_newsletter_access":"","_jetpack_dont_email_post_to_subs":false,"_jetpack_newsletter_tier_id":0,"_jetpack_memberships_contains_paywalled_content":false,"_jetpack_memberships_contains_paid_content":false,"footnotes":"","jetpack_publicize_message":"","jetpack_publicize_feature_enabled":true,"jetpack_social_post_already_shared":true,"jetpack_social_options":{"image_generator_settings":{"template":"highway","default_image_id":0,"font":"","enabled":false},"version":2}},"categories":[],"tags":[],"class_list":{"0":"post-20482","1":"post","2":"type-post","3":"status-publish","4":"format-standard","5":"has-post-thumbnail","7":"cs-entry","8":"cs-video-wrap"},"yoast_head":"<!-- This site is optimized with the Yoast SEO plugin v27.5 - https:\/\/yoast.com\/product\/yoast-seo-wordpress\/ -->\n<title>No mi Valent\u00edn<\/title>\n<meta name=\"description\" content=\"\u00bfNo sienten a veces que las fechas se juntan para echarnos en cara nuestra situaci\u00f3n sentimental? Gracias-no-gracias San Valent\u00edn.\" \/>\n<meta name=\"robots\" content=\"index, follow, max-snippet:-1, max-image-preview:large, max-video-preview:-1\" \/>\n<link rel=\"canonical\" href=\"https:\/\/kalot.com.mx\/site\/2015\/02\/22\/no-mi-valentin\/\" \/>\n<meta property=\"og:locale\" content=\"es_MX\" \/>\n<meta property=\"og:type\" content=\"article\" \/>\n<meta property=\"og:title\" content=\"No mi Valent\u00edn\" \/>\n<meta property=\"og:description\" content=\"\u00bfNo sienten a veces que las fechas se juntan para echarnos en cara nuestra situaci\u00f3n sentimental? Gracias-no-gracias San Valent\u00edn.\" \/>\n<meta property=\"og:url\" content=\"https:\/\/kalot.com.mx\/site\/2015\/02\/22\/no-mi-valentin\/\" \/>\n<meta property=\"og:site_name\" content=\"Kalot\" \/>\n<meta property=\"article:publisher\" content=\"http:\/\/facebook.com\/mxkalot\" \/>\n<meta property=\"article:author\" content=\"https:\/\/www.facebook.com\/elie.alvarado1\" \/>\n<meta property=\"article:published_time\" content=\"2015-02-23T01:47:36+00:00\" \/>\n<meta property=\"og:image\" content=\"https:\/\/i0.wp.com\/kalot.com.mx\/site\/wp-content\/uploads\/2015\/02\/sarcastic-valentines-day-cards-2.jpg?fit=640%2C816&ssl=1\" \/>\n\t<meta property=\"og:image:width\" content=\"640\" \/>\n\t<meta property=\"og:image:height\" content=\"816\" \/>\n\t<meta property=\"og:image:type\" content=\"image\/jpeg\" \/>\n<meta name=\"author\" content=\"Mar\u00eda Alvarado\" \/>\n<meta name=\"twitter:card\" content=\"summary_large_image\" \/>\n<meta name=\"twitter:creator\" content=\"@Me_elieA\" \/>\n<meta name=\"twitter:site\" content=\"@kalotmx\" \/>\n<meta name=\"twitter:label1\" content=\"Escrito por\" \/>\n\t<meta name=\"twitter:data1\" content=\"Mar\u00eda Alvarado\" \/>\n\t<meta name=\"twitter:label2\" content=\"Tiempo de lectura\" \/>\n\t<meta name=\"twitter:data2\" content=\"3 minutos\" \/>\n<!-- \/ Yoast SEO plugin. -->","yoast_head_json":{"title":"No mi Valent\u00edn","description":"\u00bfNo sienten a veces que las fechas se juntan para echarnos en cara nuestra situaci\u00f3n sentimental? Gracias-no-gracias San Valent\u00edn.","robots":{"index":"index","follow":"follow","max-snippet":"max-snippet:-1","max-image-preview":"max-image-preview:large","max-video-preview":"max-video-preview:-1"},"canonical":"https:\/\/kalot.com.mx\/site\/2015\/02\/22\/no-mi-valentin\/","og_locale":"es_MX","og_type":"article","og_title":"No mi Valent\u00edn","og_description":"\u00bfNo sienten a veces que las fechas se juntan para echarnos en cara nuestra situaci\u00f3n sentimental? Gracias-no-gracias San Valent\u00edn.","og_url":"https:\/\/kalot.com.mx\/site\/2015\/02\/22\/no-mi-valentin\/","og_site_name":"Kalot","article_publisher":"http:\/\/facebook.com\/mxkalot","article_author":"https:\/\/www.facebook.com\/elie.alvarado1","article_published_time":"2015-02-23T01:47:36+00:00","og_image":[{"width":640,"height":816,"url":"https:\/\/i0.wp.com\/kalot.com.mx\/site\/wp-content\/uploads\/2015\/02\/sarcastic-valentines-day-cards-2.jpg?fit=640%2C816&ssl=1","type":"image\/jpeg"}],"author":"Mar\u00eda Alvarado","twitter_card":"summary_large_image","twitter_creator":"@Me_elieA","twitter_site":"@kalotmx","twitter_misc":{"Escrito por":"Mar\u00eda Alvarado","Tiempo de lectura":"3 minutos"},"schema":{"@context":"https:\/\/schema.org","@graph":[{"@type":"Article","@id":"https:\/\/kalot.com.mx\/site\/2015\/02\/22\/no-mi-valentin\/#article","isPartOf":{"@id":"https:\/\/kalot.com.mx\/site\/2015\/02\/22\/no-mi-valentin\/"},"author":{"name":"Mar\u00eda Alvarado","@id":"https:\/\/kalot.com.mx\/site\/#\/schema\/person\/2364e48efea2244b0799211aeff4847e"},"headline":"No mi Valent\u00edn&#8230;","datePublished":"2015-02-23T01:47:36+00:00","mainEntityOfPage":{"@id":"https:\/\/kalot.com.mx\/site\/2015\/02\/22\/no-mi-valentin\/"},"wordCount":695,"commentCount":0,"publisher":{"@id":"https:\/\/kalot.com.mx\/site\/#organization"},"image":{"@id":"https:\/\/kalot.com.mx\/site\/2015\/02\/22\/no-mi-valentin\/#primaryimage"},"thumbnailUrl":"https:\/\/i0.wp.com\/kalot.com.mx\/site\/wp-content\/uploads\/2015\/02\/sarcastic-valentines-day-cards-2.jpg?fit=640%2C816&ssl=1","inLanguage":"es","potentialAction":[{"@type":"CommentAction","name":"Comment","target":["https:\/\/kalot.com.mx\/site\/2015\/02\/22\/no-mi-valentin\/#respond"]}]},{"@type":"WebPage","@id":"https:\/\/kalot.com.mx\/site\/2015\/02\/22\/no-mi-valentin\/","url":"https:\/\/kalot.com.mx\/site\/2015\/02\/22\/no-mi-valentin\/","name":"No mi Valent\u00edn","isPartOf":{"@id":"https:\/\/kalot.com.mx\/site\/#website"},"primaryImageOfPage":{"@id":"https:\/\/kalot.com.mx\/site\/2015\/02\/22\/no-mi-valentin\/#primaryimage"},"image":{"@id":"https:\/\/kalot.com.mx\/site\/2015\/02\/22\/no-mi-valentin\/#primaryimage"},"thumbnailUrl":"https:\/\/i0.wp.com\/kalot.com.mx\/site\/wp-content\/uploads\/2015\/02\/sarcastic-valentines-day-cards-2.jpg?fit=640%2C816&ssl=1","datePublished":"2015-02-23T01:47:36+00:00","description":"\u00bfNo sienten a veces que las fechas se juntan para echarnos en cara nuestra situaci\u00f3n sentimental? Gracias-no-gracias San Valent\u00edn.","breadcrumb":{"@id":"https:\/\/kalot.com.mx\/site\/2015\/02\/22\/no-mi-valentin\/#breadcrumb"},"inLanguage":"es","potentialAction":[{"@type":"ReadAction","target":["https:\/\/kalot.com.mx\/site\/2015\/02\/22\/no-mi-valentin\/"]}]},{"@type":"ImageObject","inLanguage":"es","@id":"https:\/\/kalot.com.mx\/site\/2015\/02\/22\/no-mi-valentin\/#primaryimage","url":"https:\/\/i0.wp.com\/kalot.com.mx\/site\/wp-content\/uploads\/2015\/02\/sarcastic-valentines-day-cards-2.jpg?fit=640%2C816&ssl=1","contentUrl":"https:\/\/i0.wp.com\/kalot.com.mx\/site\/wp-content\/uploads\/2015\/02\/sarcastic-valentines-day-cards-2.jpg?fit=640%2C816&ssl=1","width":640,"height":816},{"@type":"BreadcrumbList","@id":"https:\/\/kalot.com.mx\/site\/2015\/02\/22\/no-mi-valentin\/#breadcrumb","itemListElement":[{"@type":"ListItem","position":1,"name":"Home","item":"https:\/\/kalot.com.mx\/site\/"},{"@type":"ListItem","position":2,"name":"No mi Valent\u00edn&#8230;"}]},{"@type":"WebSite","@id":"https:\/\/kalot.com.mx\/site\/#website","url":"https:\/\/kalot.com.mx\/site\/","name":"Kalot","description":"Conoce Todo Sobre Todo","publisher":{"@id":"https:\/\/kalot.com.mx\/site\/#organization"},"potentialAction":[{"@type":"SearchAction","target":{"@type":"EntryPoint","urlTemplate":"https:\/\/kalot.com.mx\/site\/?s={search_term_string}"},"query-input":{"@type":"PropertyValueSpecification","valueRequired":true,"valueName":"search_term_string"}}],"inLanguage":"es"},{"@type":"Organization","@id":"https:\/\/kalot.com.mx\/site\/#organization","name":"Kalot","url":"https:\/\/kalot.com.mx\/site\/","logo":{"@type":"ImageObject","inLanguage":"es","@id":"https:\/\/kalot.com.mx\/site\/#\/schema\/logo\/image\/","url":"https:\/\/i0.wp.com\/kalot.com.mx\/site\/wp-content\/uploads\/2020\/04\/Kalot-logo-sin-tagline.png?fit=1707%2C1014&ssl=1","contentUrl":"https:\/\/i0.wp.com\/kalot.com.mx\/site\/wp-content\/uploads\/2020\/04\/Kalot-logo-sin-tagline.png?fit=1707%2C1014&ssl=1","width":1707,"height":1014,"caption":"Kalot"},"image":{"@id":"https:\/\/kalot.com.mx\/site\/#\/schema\/logo\/image\/"},"sameAs":["http:\/\/facebook.com\/mxkalot","https:\/\/x.com\/kalotmx","http:\/\/instagram.com\/kalotmx","http:\/\/pinterest.com\/jorgeerana\/kalot"]},{"@type":"Person","@id":"https:\/\/kalot.com.mx\/site\/#\/schema\/person\/2364e48efea2244b0799211aeff4847e","name":"Mar\u00eda Alvarado","image":{"@type":"ImageObject","inLanguage":"es","@id":"https:\/\/secure.gravatar.com\/avatar\/2a5c53655315c4a72bc8b3127daca732f3ccab828ef0de13ec26f266fc855c6b?s=96&d=mm&r=g","url":"https:\/\/secure.gravatar.com\/avatar\/2a5c53655315c4a72bc8b3127daca732f3ccab828ef0de13ec26f266fc855c6b?s=96&d=mm&r=g","contentUrl":"https:\/\/secure.gravatar.com\/avatar\/2a5c53655315c4a72bc8b3127daca732f3ccab828ef0de13ec26f266fc855c6b?s=96&d=mm&r=g","caption":"Mar\u00eda Alvarado"},"description":"El perfecto ejemplo de una rom\u00e1ntica so\u00f1adora, drama queen y devoradora de libros. Una parlanchina innata que goza de los peque\u00f1os placeres que ofrece esta vida y fan\u00e1tica de las sonrisas.","sameAs":["https:\/\/www.facebook.com\/elie.alvarado1","https:\/\/x.com\/Me_elieA"],"url":"https:\/\/kalot.com.mx\/site\/author\/elisa\/"}]}},"jetpack_publicize_connections":[],"jetpack_featured_media_url":"https:\/\/i0.wp.com\/kalot.com.mx\/site\/wp-content\/uploads\/2015\/02\/sarcastic-valentines-day-cards-2.jpg?fit=640%2C816&ssl=1","jetpack_shortlink":"https:\/\/wp.me\/p6IHEI-5km","jetpack-related-posts":[{"id":11573,"url":"https:\/\/kalot.com.mx\/site\/2014\/02\/11\/horrible-san-valentin\/","url_meta":{"origin":20482,"position":0},"title":"Horrible San Valent\u00edn","author":"Jessica Fuentes","date":"11 febrero, 2014","format":false,"excerpt":"Ese primer beso fugaz,\u00a0 nuestros labios temblaban, tu brazo cubri\u00f3 mi cintura, mi mente se quedo en blanco mis ojos se cerraron sin permiso y sent\u00ed tus labios\u2026 Horrible San Valent\u00edn San Valent\u00edn se acerca y hace que todos nos pongamos nerviosos Ya sea que est\u00e9s planeando pasar un d\u00eda\u2026","rel":"","context":"Entrada similar ","block_context":{"text":"Entrada similar ","link":""},"img":{"alt_text":"","src":"https:\/\/i0.wp.com\/kalot.com.mx\/site\/wp-content\/uploads\/2014\/02\/soltero-en-san-valentin_590x395.jpg?fit=590%2C395&ssl=1&resize=350%2C200","width":350,"height":200,"srcset":"https:\/\/i0.wp.com\/kalot.com.mx\/site\/wp-content\/uploads\/2014\/02\/soltero-en-san-valentin_590x395.jpg?fit=590%2C395&ssl=1&resize=350%2C200 1x, https:\/\/i0.wp.com\/kalot.com.mx\/site\/wp-content\/uploads\/2014\/02\/soltero-en-san-valentin_590x395.jpg?fit=590%2C395&ssl=1&resize=525%2C300 1.5x"},"classes":[]},{"id":11627,"url":"https:\/\/kalot.com.mx\/site\/2014\/02\/13\/san-valen-que\/","url_meta":{"origin":20482,"position":1},"title":"San Valen&#8230; \u00bfqu\u00e9?","author":"Mar\u00eda Alvarado","date":"13 febrero, 2014","format":false,"excerpt":"[dropcap size=big]O[\/dropcap]h San Valent\u00edn, aquella fecha en que todo es amor y felicidad, para algunos es una fecha importante pero para otros es m\u00e1s dif\u00edcil o no les importa un comino y hasta llegan a decir: San Valen... \u00bfqu\u00e9?. La idea que rodea a esta festividad un tanto comercial es\u2026","rel":"","context":"Entrada similar ","block_context":{"text":"Entrada similar ","link":""},"img":{"alt_text":"","src":"https:\/\/i0.wp.com\/kalot.com.mx\/site\/wp-content\/uploads\/2014\/02\/Valentines-Day-Roses.jpg?fit=1200%2C750&ssl=1&resize=350%2C200","width":350,"height":200,"srcset":"https:\/\/i0.wp.com\/kalot.com.mx\/site\/wp-content\/uploads\/2014\/02\/Valentines-Day-Roses.jpg?fit=1200%2C750&ssl=1&resize=350%2C200 1x, https:\/\/i0.wp.com\/kalot.com.mx\/site\/wp-content\/uploads\/2014\/02\/Valentines-Day-Roses.jpg?fit=1200%2C750&ssl=1&resize=525%2C300 1.5x, https:\/\/i0.wp.com\/kalot.com.mx\/site\/wp-content\/uploads\/2014\/02\/Valentines-Day-Roses.jpg?fit=1200%2C750&ssl=1&resize=700%2C400 2x, https:\/\/i0.wp.com\/kalot.com.mx\/site\/wp-content\/uploads\/2014\/02\/Valentines-Day-Roses.jpg?fit=1200%2C750&ssl=1&resize=1050%2C600 3x"},"classes":[]},{"id":3310,"url":"https:\/\/kalot.com.mx\/site\/2013\/10\/14\/el-tercer-piso-y-llegue-los-30s\/","url_meta":{"origin":20482,"position":2},"title":"El tercer piso \u00a1Y llegue a los 30s!","author":"Adriana Baranda","date":"14 octubre, 2013","format":false,"excerpt":"Desde que era ni\u00f1a el d\u00eda de mi cumplea\u00f1os me ha causado gran expectativa. Recuerdo hacer el conteo regresivo un par de d\u00edas antes y esperar con ansia el gran d\u00eda, cre\u00eda que ese d\u00eda me iba a sentir especial, diferente tambi\u00e9n por ser un a\u00f1o mas grande. Pero nada,\u2026","rel":"","context":"Entrada similar ","block_context":{"text":"Entrada similar ","link":""},"img":{"alt_text":"","src":"https:\/\/i0.wp.com\/kalot.com.mx\/site\/wp-content\/uploads\/2013\/10\/lon-028.jpg?fit=1200%2C900&ssl=1&resize=350%2C200","width":350,"height":200,"srcset":"https:\/\/i0.wp.com\/kalot.com.mx\/site\/wp-content\/uploads\/2013\/10\/lon-028.jpg?fit=1200%2C900&ssl=1&resize=350%2C200 1x, https:\/\/i0.wp.com\/kalot.com.mx\/site\/wp-content\/uploads\/2013\/10\/lon-028.jpg?fit=1200%2C900&ssl=1&resize=525%2C300 1.5x, https:\/\/i0.wp.com\/kalot.com.mx\/site\/wp-content\/uploads\/2013\/10\/lon-028.jpg?fit=1200%2C900&ssl=1&resize=700%2C400 2x, https:\/\/i0.wp.com\/kalot.com.mx\/site\/wp-content\/uploads\/2013\/10\/lon-028.jpg?fit=1200%2C900&ssl=1&resize=1050%2C600 3x"},"classes":[]},{"id":11771,"url":"https:\/\/kalot.com.mx\/site\/2014\/02\/14\/viernesdedrinks-cocteles-para-san-valentin\/","url_meta":{"origin":20482,"position":3},"title":"#ViernesDeDrinks Cocteles para San Valent\u00edn","author":"Rom\u00e1n Salgado","date":"14 febrero, 2014","format":false,"excerpt":"San Valent\u00edn, d\u00eda donde las parejas y solteros buscan saciar su sed no solo de amor sino tambi\u00e9n de bebidas que los puedan incentivar a despertar sus m\u00e1s grandes pasiones. Para eso les traemos 3 bebidas ideales que te van a hacer recordar u olvidar este 14 de febrero (depende\u2026","rel":"","context":"Entrada similar ","block_context":{"text":"Entrada similar ","link":""},"img":{"alt_text":"","src":"https:\/\/i0.wp.com\/kalot.com.mx\/site\/wp-content\/uploads\/2014\/02\/14-febrero.jpg?fit=1200%2C872&ssl=1&resize=350%2C200","width":350,"height":200,"srcset":"https:\/\/i0.wp.com\/kalot.com.mx\/site\/wp-content\/uploads\/2014\/02\/14-febrero.jpg?fit=1200%2C872&ssl=1&resize=350%2C200 1x, https:\/\/i0.wp.com\/kalot.com.mx\/site\/wp-content\/uploads\/2014\/02\/14-febrero.jpg?fit=1200%2C872&ssl=1&resize=525%2C300 1.5x, https:\/\/i0.wp.com\/kalot.com.mx\/site\/wp-content\/uploads\/2014\/02\/14-febrero.jpg?fit=1200%2C872&ssl=1&resize=700%2C400 2x, https:\/\/i0.wp.com\/kalot.com.mx\/site\/wp-content\/uploads\/2014\/02\/14-febrero.jpg?fit=1200%2C872&ssl=1&resize=1050%2C600 3x"},"classes":[]},{"id":30875,"url":"https:\/\/kalot.com.mx\/site\/2018\/12\/29\/mi-experiencia-con-lo-mejor-2018\/","url_meta":{"origin":20482,"position":4},"title":"Mi Experiencia Con Los Mejores Productos, Servicios, Apps Y Entretenimiento Que Utilic\u00e9 En El 2018","author":"Jorge Era\u00f1a","date":"29 diciembre, 2018","format":false,"excerpt":"No hay cosa que m\u00e1s me guste de cada Diciembre que los conteos de los \u201cTop 10\u201d o \u201cLos Mejores\u2026\u201d de cada diferente categor\u00eda. No encuentro mejor regalo navide\u00f1o que poder scrollear mi feed de cualquier red social o incluso de mi bello Feedly para encontrar las subjetividades de lo\u2026","rel":"","context":"En &quot;#MiExperienciaCon&quot;","block_context":{"text":"#MiExperienciaCon","link":"https:\/\/kalot.com.mx\/site\/category\/miexperienciacon\/"},"img":{"alt_text":"","src":"https:\/\/i0.wp.com\/kalot.com.mx\/site\/wp-content\/uploads\/2018\/12\/istockphoto-871037310-612x612.jpg?fit=612%2C437&ssl=1&resize=350%2C200","width":350,"height":200,"srcset":"https:\/\/i0.wp.com\/kalot.com.mx\/site\/wp-content\/uploads\/2018\/12\/istockphoto-871037310-612x612.jpg?fit=612%2C437&ssl=1&resize=350%2C200 1x, https:\/\/i0.wp.com\/kalot.com.mx\/site\/wp-content\/uploads\/2018\/12\/istockphoto-871037310-612x612.jpg?fit=612%2C437&ssl=1&resize=525%2C300 1.5x"},"classes":[]},{"id":16013,"url":"https:\/\/kalot.com.mx\/site\/2014\/05\/13\/capital-cities-festeja-mi-bro\/","url_meta":{"origin":20482,"position":5},"title":"Capital Cities Festeja a mi Bro!!","author":"David S\u00e1nchez","date":"13 mayo, 2014","format":false,"excerpt":"Por primera vez no me quejar\u00e9 de este d\u00eda de la semana que normalmente aborrezco con todo mi coraz\u00f3n, y es que el d\u00eda de ayer estuve en un concierto que recordar\u00e9 por un muy buen tiempo, pero primero lo primero, el d\u00eda de ayer se llev\u00f3 a cabo el\u2026","rel":"","context":"Entrada similar ","block_context":{"text":"Entrada similar ","link":""},"img":{"alt_text":"","src":"https:\/\/i0.wp.com\/kalot.com.mx\/site\/wp-content\/uploads\/2014\/05\/C6.jpg?fit=432%2C243&ssl=1&resize=350%2C200","width":350,"height":200},"classes":[]}],"jetpack_sharing_enabled":true,"_links":{"self":[{"href":"https:\/\/kalot.com.mx\/site\/wp-json\/wp\/v2\/posts\/20482","targetHints":{"allow":["GET"]}}],"collection":[{"href":"https:\/\/kalot.com.mx\/site\/wp-json\/wp\/v2\/posts"}],"about":[{"href":"https:\/\/kalot.com.mx\/site\/wp-json\/wp\/v2\/types\/post"}],"author":[{"embeddable":true,"href":"https:\/\/kalot.com.mx\/site\/wp-json\/wp\/v2\/users\/61"}],"replies":[{"embeddable":true,"href":"https:\/\/kalot.com.mx\/site\/wp-json\/wp\/v2\/comments?post=20482"}],"version-history":[{"count":0,"href":"https:\/\/kalot.com.mx\/site\/wp-json\/wp\/v2\/posts\/20482\/revisions"}],"wp:featuredmedia":[{"embeddable":true,"href":"https:\/\/kalot.com.mx\/site\/wp-json\/wp\/v2\/media\/20483"}],"wp:attachment":[{"href":"https:\/\/kalot.com.mx\/site\/wp-json\/wp\/v2\/media?parent=20482"}],"wp:term":[{"taxonomy":"category","embeddable":true,"href":"https:\/\/kalot.com.mx\/site\/wp-json\/wp\/v2\/categories?post=20482"},{"taxonomy":"post_tag","embeddable":true,"href":"https:\/\/kalot.com.mx\/site\/wp-json\/wp\/v2\/tags?post=20482"}],"curies":[{"name":"wp","href":"https:\/\/api.w.org\/{rel}","templated":true}]}}