{"id":20454,"date":"2015-02-20T11:20:58","date_gmt":"2015-02-20T17:20:58","guid":{"rendered":"http:\/\/www.kalot.com.mx\/?p=20454"},"modified":"2015-02-20T11:20:58","modified_gmt":"2015-02-20T17:20:58","slug":"primera-foto-de-jason-momoa-como-aquaman-revelada","status":"publish","type":"post","link":"https:\/\/kalot.com.mx\/site\/2015\/02\/20\/primera-foto-de-jason-momoa-como-aquaman-revelada\/","title":{"rendered":"Primera Foto de Jason Momoa como Aquaman Revelada"},"content":{"rendered":"<p style=\"text-align: justify\"><em>&#8220;There is only one true King&#8221;<\/em> (Hay solamente un verdadero rey), as\u00ed fue como Zack Snyder\u00a0el director de\u00a0Batman v Superman: Dawn of Justice sorprendi\u00f3 a todos desde su cuenta de Twitter al revelar la primera foto de\u00a0Jason Momoa como\u00a0Aquaman. \u00a0Hay que recordar que\u00a0Aquaman fue miembro fundador de la Liga de la Justicia.<\/p>\n<p style=\"text-align: justify\"><a href=\"https:\/\/i0.wp.com\/www.kalot.com.mx\/wp-content\/uploads\/2015\/02\/Aquaman.jpg\"><img data-recalc-dims=\"1\" fetchpriority=\"high\" decoding=\"async\" data-attachment-id=\"20455\" data-permalink=\"https:\/\/kalot.com.mx\/site\/2015\/02\/20\/primera-foto-de-jason-momoa-como-aquaman-revelada\/aquaman\/\" data-orig-file=\"https:\/\/i0.wp.com\/kalot.com.mx\/site\/wp-content\/uploads\/2015\/02\/Aquaman.jpg?fit=599%2C900&amp;ssl=1\" data-orig-size=\"599,900\" data-comments-opened=\"1\" data-image-meta=\"{&quot;aperture&quot;:&quot;0&quot;,&quot;credit&quot;:&quot;&quot;,&quot;camera&quot;:&quot;&quot;,&quot;caption&quot;:&quot;&quot;,&quot;created_timestamp&quot;:&quot;0&quot;,&quot;copyright&quot;:&quot;&quot;,&quot;focal_length&quot;:&quot;0&quot;,&quot;iso&quot;:&quot;0&quot;,&quot;shutter_speed&quot;:&quot;0&quot;,&quot;title&quot;:&quot;&quot;,&quot;orientation&quot;:&quot;0&quot;}\" data-image-title=\"Aquaman\" data-image-description=\"\" data-image-caption=\"\" data-large-file=\"https:\/\/i0.wp.com\/kalot.com.mx\/site\/wp-content\/uploads\/2015\/02\/Aquaman.jpg?fit=599%2C900&amp;ssl=1\" class=\" size-full wp-image-20455 aligncenter\" src=\"https:\/\/i0.wp.com\/www.kalot.com.mx\/wp-content\/uploads\/2015\/02\/Aquaman.jpg?resize=599%2C900\" alt=\"Aquaman\" width=\"599\" height=\"900\" srcset=\"https:\/\/i0.wp.com\/kalot.com.mx\/site\/wp-content\/uploads\/2015\/02\/Aquaman.jpg?w=599&amp;ssl=1 599w, https:\/\/i0.wp.com\/kalot.com.mx\/site\/wp-content\/uploads\/2015\/02\/Aquaman.jpg?resize=380%2C571&amp;ssl=1 380w, https:\/\/i0.wp.com\/kalot.com.mx\/site\/wp-content\/uploads\/2015\/02\/Aquaman.jpg?resize=200%2C300&amp;ssl=1 200w\" sizes=\"(max-width: 599px) 100vw, 599px\" \/><\/a><\/p>\n<p style=\"text-align: justify\">\n<p style=\"text-align: justify\">\n<p style=\"text-align: justify\">\n<p style=\"text-align: justify\">Snyder ser\u00e1 el encargado de dirigir la cinta que sentar\u00e1 las bases de &#8220;La Liga de la Justicia&#8221; y que se estrenar\u00e1 el pr\u00f3ximo 25 de marzo de 2016. \u00a0Hasta ahora no se han mostrado detalles de lo que ser\u00e1 la cinta, lo \u00fanico que se sabe es que en el reparto encontraremos a Henry Cavill, que repite como Superman, Ben Affleck como Batman (al cual pudimos ver enfundado en el traje de\u00a0The Dark Knight Returns) \u00a0y Gal Gadot como la Mujer Maravilla. Otros actores confirmados son Jesse Eisenberg (protagonista de Red Social) y Jeremy Irons, quienes interpretan a Lex Luthor y a Alfred respectivamente.<\/p>\n<p>Se ha confirmado que Aquaman aparecer\u00e1 en Batman v. Superman y despu\u00e9s en La Liga de la Justicia \u00a0el 17 de Noviembre de 2017. As\u00ed mismo, se espera su cinta protagonica el 27 de julio 2018 y posteriormente, se volver\u00e1 a encontrar con todos el 14 de Junio de 2019 en la segunda parte de la Liga de la Justicia.<\/p>\n<p style=\"text-align: justify\">Ahora solo nos queda esperar a que la cinta vea la luz y poder realizar una opini\u00f3n. Lo que se tiene hasta ahora son meras especulaciones y comentarios de los fans. Algunas de ellos dictan que la cinta no ser\u00e1 buena por diferentes motivos, ya sea por la decepci\u00f3n que caus\u00f3 Hombre de Acero, o la interpretaci\u00f3n de Afflek como Batman o que esperaban a otra Mujer Maravilla. Otros prefieren ser mesurados y esperar.<\/p>\n<p><em>\u00a0<\/em>\u00bfTe gusta como se ve\u00a0\u00a0Jason Momoa como\u00a0Aquaman? \u00bfQu\u00e9 esperas de la cita de Batman contra Superman? \u00bfCrees que DC lograr\u00e1 a desbancar a Marvel con estas pelciulas? Djame tus comentarios en mi Twitter: <a href=\"https:\/\/twitter.com\/yasherjf\">@YasherJF<\/a><\/p>\n","protected":false},"excerpt":{"rendered":"&#8220;There is only one true King&#8221; (Hay solamente un verdadero rey), as\u00ed fue como Zack Snyder\u00a0el director de\u00a0Batman&hellip;\n","protected":false},"author":108,"featured_media":20457,"comment_status":"open","ping_status":"open","sticky":false,"template":"","format":"standard","meta":{"jetpack_post_was_ever_published":false,"_jetpack_newsletter_access":"","_jetpack_dont_email_post_to_subs":false,"_jetpack_newsletter_tier_id":0,"_jetpack_memberships_contains_paywalled_content":false,"_jetpack_memberships_contains_paid_content":false,"footnotes":"","jetpack_publicize_message":"","jetpack_publicize_feature_enabled":true,"jetpack_social_post_already_shared":true,"jetpack_social_options":{"image_generator_settings":{"template":"highway","default_image_id":0,"font":"","enabled":false},"version":2}},"categories":[],"tags":[],"class_list":{"0":"post-20454","1":"post","2":"type-post","3":"status-publish","4":"format-standard","5":"has-post-thumbnail","7":"cs-entry","8":"cs-video-wrap"},"yoast_head":"<!-- This site is optimized with the Yoast SEO plugin v27.5 - https:\/\/yoast.com\/product\/yoast-seo-wordpress\/ -->\n<title>Primera Foto de Jason Momoa como Aquaman Revelada - Kalot<\/title>\n<meta name=\"description\" content=\"&quot;There is only one true King&quot; (Hay solamente un verdadero rey), as\u00ed fue como Zack Snyder\u00a0el director de\u00a0Batman v Superman: Dawn of Justice sorprendi\u00f3 a\" \/>\n<meta name=\"robots\" content=\"index, follow, max-snippet:-1, max-image-preview:large, max-video-preview:-1\" \/>\n<link rel=\"canonical\" href=\"https:\/\/kalot.com.mx\/site\/2015\/02\/20\/primera-foto-de-jason-momoa-como-aquaman-revelada\/\" \/>\n<meta property=\"og:locale\" content=\"es_MX\" \/>\n<meta property=\"og:type\" content=\"article\" \/>\n<meta property=\"og:title\" content=\"Primera Foto de Jason Momoa como Aquaman Revelada - Kalot\" \/>\n<meta property=\"og:description\" content=\"&quot;There is only one true King&quot; (Hay solamente un verdadero rey), as\u00ed fue como Zack Snyder\u00a0el director de\u00a0Batman v Superman: Dawn of Justice sorprendi\u00f3 a\" \/>\n<meta property=\"og:url\" content=\"https:\/\/kalot.com.mx\/site\/2015\/02\/20\/primera-foto-de-jason-momoa-como-aquaman-revelada\/\" \/>\n<meta property=\"og:site_name\" content=\"Kalot\" \/>\n<meta property=\"article:publisher\" content=\"http:\/\/facebook.com\/mxkalot\" \/>\n<meta property=\"article:published_time\" content=\"2015-02-20T17:20:58+00:00\" \/>\n<meta property=\"og:image\" content=\"https:\/\/i0.wp.com\/kalot.com.mx\/site\/wp-content\/uploads\/2015\/02\/Aquaman1.jpg?fit=552%2C456&ssl=1\" \/>\n\t<meta property=\"og:image:width\" content=\"552\" \/>\n\t<meta property=\"og:image:height\" content=\"456\" \/>\n\t<meta property=\"og:image:type\" content=\"image\/jpeg\" \/>\n<meta name=\"author\" content=\"yash\" \/>\n<meta name=\"twitter:card\" content=\"summary_large_image\" \/>\n<meta name=\"twitter:creator\" content=\"@kalotmx\" \/>\n<meta name=\"twitter:site\" content=\"@kalotmx\" \/>\n<meta name=\"twitter:label1\" content=\"Escrito por\" \/>\n\t<meta name=\"twitter:data1\" content=\"yash\" \/>\n\t<meta name=\"twitter:label2\" content=\"Tiempo de lectura\" \/>\n\t<meta name=\"twitter:data2\" content=\"2 minutos\" \/>\n<!-- \/ Yoast SEO plugin. -->","yoast_head_json":{"title":"Primera Foto de Jason Momoa como Aquaman Revelada - Kalot","description":"\"There is only one true King\" (Hay solamente un verdadero rey), as\u00ed fue como Zack Snyder\u00a0el director de\u00a0Batman v Superman: Dawn of Justice sorprendi\u00f3 a","robots":{"index":"index","follow":"follow","max-snippet":"max-snippet:-1","max-image-preview":"max-image-preview:large","max-video-preview":"max-video-preview:-1"},"canonical":"https:\/\/kalot.com.mx\/site\/2015\/02\/20\/primera-foto-de-jason-momoa-como-aquaman-revelada\/","og_locale":"es_MX","og_type":"article","og_title":"Primera Foto de Jason Momoa como Aquaman Revelada - Kalot","og_description":"\"There is only one true King\" (Hay solamente un verdadero rey), as\u00ed fue como Zack Snyder\u00a0el director de\u00a0Batman v Superman: Dawn of Justice sorprendi\u00f3 a","og_url":"https:\/\/kalot.com.mx\/site\/2015\/02\/20\/primera-foto-de-jason-momoa-como-aquaman-revelada\/","og_site_name":"Kalot","article_publisher":"http:\/\/facebook.com\/mxkalot","article_published_time":"2015-02-20T17:20:58+00:00","og_image":[{"width":552,"height":456,"url":"https:\/\/i0.wp.com\/kalot.com.mx\/site\/wp-content\/uploads\/2015\/02\/Aquaman1.jpg?fit=552%2C456&ssl=1","type":"image\/jpeg"}],"author":"yash","twitter_card":"summary_large_image","twitter_creator":"@kalotmx","twitter_site":"@kalotmx","twitter_misc":{"Escrito por":"yash","Tiempo de lectura":"2 minutos"},"schema":{"@context":"https:\/\/schema.org","@graph":[{"@type":"Article","@id":"https:\/\/kalot.com.mx\/site\/2015\/02\/20\/primera-foto-de-jason-momoa-como-aquaman-revelada\/#article","isPartOf":{"@id":"https:\/\/kalot.com.mx\/site\/2015\/02\/20\/primera-foto-de-jason-momoa-como-aquaman-revelada\/"},"author":{"name":"yash","@id":"https:\/\/kalot.com.mx\/site\/#\/schema\/person\/1d75ba57b0359df6aee12de5a86e5b04"},"headline":"Primera Foto de Jason Momoa como Aquaman Revelada","datePublished":"2015-02-20T17:20:58+00:00","mainEntityOfPage":{"@id":"https:\/\/kalot.com.mx\/site\/2015\/02\/20\/primera-foto-de-jason-momoa-como-aquaman-revelada\/"},"wordCount":338,"commentCount":0,"publisher":{"@id":"https:\/\/kalot.com.mx\/site\/#organization"},"image":{"@id":"https:\/\/kalot.com.mx\/site\/2015\/02\/20\/primera-foto-de-jason-momoa-como-aquaman-revelada\/#primaryimage"},"thumbnailUrl":"https:\/\/i0.wp.com\/kalot.com.mx\/site\/wp-content\/uploads\/2015\/02\/Aquaman1.jpg?fit=552%2C456&ssl=1","inLanguage":"es","potentialAction":[{"@type":"CommentAction","name":"Comment","target":["https:\/\/kalot.com.mx\/site\/2015\/02\/20\/primera-foto-de-jason-momoa-como-aquaman-revelada\/#respond"]}]},{"@type":"WebPage","@id":"https:\/\/kalot.com.mx\/site\/2015\/02\/20\/primera-foto-de-jason-momoa-como-aquaman-revelada\/","url":"https:\/\/kalot.com.mx\/site\/2015\/02\/20\/primera-foto-de-jason-momoa-como-aquaman-revelada\/","name":"Primera Foto de Jason Momoa como Aquaman Revelada - Kalot","isPartOf":{"@id":"https:\/\/kalot.com.mx\/site\/#website"},"primaryImageOfPage":{"@id":"https:\/\/kalot.com.mx\/site\/2015\/02\/20\/primera-foto-de-jason-momoa-como-aquaman-revelada\/#primaryimage"},"image":{"@id":"https:\/\/kalot.com.mx\/site\/2015\/02\/20\/primera-foto-de-jason-momoa-como-aquaman-revelada\/#primaryimage"},"thumbnailUrl":"https:\/\/i0.wp.com\/kalot.com.mx\/site\/wp-content\/uploads\/2015\/02\/Aquaman1.jpg?fit=552%2C456&ssl=1","datePublished":"2015-02-20T17:20:58+00:00","description":"\"There is only one true King\" (Hay solamente un verdadero rey), as\u00ed fue como Zack Snyder\u00a0el director de\u00a0Batman v Superman: Dawn of Justice sorprendi\u00f3 a","breadcrumb":{"@id":"https:\/\/kalot.com.mx\/site\/2015\/02\/20\/primera-foto-de-jason-momoa-como-aquaman-revelada\/#breadcrumb"},"inLanguage":"es","potentialAction":[{"@type":"ReadAction","target":["https:\/\/kalot.com.mx\/site\/2015\/02\/20\/primera-foto-de-jason-momoa-como-aquaman-revelada\/"]}]},{"@type":"ImageObject","inLanguage":"es","@id":"https:\/\/kalot.com.mx\/site\/2015\/02\/20\/primera-foto-de-jason-momoa-como-aquaman-revelada\/#primaryimage","url":"https:\/\/i0.wp.com\/kalot.com.mx\/site\/wp-content\/uploads\/2015\/02\/Aquaman1.jpg?fit=552%2C456&ssl=1","contentUrl":"https:\/\/i0.wp.com\/kalot.com.mx\/site\/wp-content\/uploads\/2015\/02\/Aquaman1.jpg?fit=552%2C456&ssl=1","width":552,"height":456},{"@type":"BreadcrumbList","@id":"https:\/\/kalot.com.mx\/site\/2015\/02\/20\/primera-foto-de-jason-momoa-como-aquaman-revelada\/#breadcrumb","itemListElement":[{"@type":"ListItem","position":1,"name":"Home","item":"https:\/\/kalot.com.mx\/site\/"},{"@type":"ListItem","position":2,"name":"Primera Foto de Jason Momoa como Aquaman Revelada"}]},{"@type":"WebSite","@id":"https:\/\/kalot.com.mx\/site\/#website","url":"https:\/\/kalot.com.mx\/site\/","name":"Kalot","description":"Conoce Todo Sobre Todo","publisher":{"@id":"https:\/\/kalot.com.mx\/site\/#organization"},"potentialAction":[{"@type":"SearchAction","target":{"@type":"EntryPoint","urlTemplate":"https:\/\/kalot.com.mx\/site\/?s={search_term_string}"},"query-input":{"@type":"PropertyValueSpecification","valueRequired":true,"valueName":"search_term_string"}}],"inLanguage":"es"},{"@type":"Organization","@id":"https:\/\/kalot.com.mx\/site\/#organization","name":"Kalot","url":"https:\/\/kalot.com.mx\/site\/","logo":{"@type":"ImageObject","inLanguage":"es","@id":"https:\/\/kalot.com.mx\/site\/#\/schema\/logo\/image\/","url":"https:\/\/i0.wp.com\/kalot.com.mx\/site\/wp-content\/uploads\/2020\/04\/Kalot-logo-sin-tagline.png?fit=1707%2C1014&ssl=1","contentUrl":"https:\/\/i0.wp.com\/kalot.com.mx\/site\/wp-content\/uploads\/2020\/04\/Kalot-logo-sin-tagline.png?fit=1707%2C1014&ssl=1","width":1707,"height":1014,"caption":"Kalot"},"image":{"@id":"https:\/\/kalot.com.mx\/site\/#\/schema\/logo\/image\/"},"sameAs":["http:\/\/facebook.com\/mxkalot","https:\/\/x.com\/kalotmx","http:\/\/instagram.com\/kalotmx","http:\/\/pinterest.com\/jorgeerana\/kalot"]},{"@type":"Person","@id":"https:\/\/kalot.com.mx\/site\/#\/schema\/person\/1d75ba57b0359df6aee12de5a86e5b04","name":"yash","image":{"@type":"ImageObject","inLanguage":"es","@id":"https:\/\/secure.gravatar.com\/avatar\/be80e9883aa4c662e1a435d9ba36a6fba313cea893e0d847aac2ca2290e6decb?s=96&d=mm&r=g","url":"https:\/\/secure.gravatar.com\/avatar\/be80e9883aa4c662e1a435d9ba36a6fba313cea893e0d847aac2ca2290e6decb?s=96&d=mm&r=g","contentUrl":"https:\/\/secure.gravatar.com\/avatar\/be80e9883aa4c662e1a435d9ba36a6fba313cea893e0d847aac2ca2290e6decb?s=96&d=mm&r=g","caption":"yash"},"url":"https:\/\/kalot.com.mx\/site\/author\/yash\/"}]}},"jetpack_publicize_connections":[],"jetpack_featured_media_url":"https:\/\/i0.wp.com\/kalot.com.mx\/site\/wp-content\/uploads\/2015\/02\/Aquaman1.jpg?fit=552%2C456&ssl=1","jetpack_shortlink":"https:\/\/wp.me\/p6IHEI-5jU","jetpack-related-posts":[{"id":18763,"url":"https:\/\/kalot.com.mx\/site\/2014\/10\/17\/analisis-y-rumores-de-los-planes-de-warner-y-dc-comics\/","url_meta":{"origin":20454,"position":0},"title":"Anuncio y rumores de los planes de Warner y DC Comics","author":"Santiago Herrera","date":"17 octubre, 2014","format":false,"excerpt":"Luego de un mar de rumores y especulaciones respecto a planes y protagonistas Warner y DC Comics han hablado de manera oficial. La lista se conforma de diez pel\u00edculas: Batman v Superman: Dawn of Justice, dirigida por Zack Snyder, protagonizan Ben Affleck, Henry Cavil y Gal Gadot para 2016. Suicide\u2026","rel":"","context":"Con 12 comentarios","block_context":{"text":"Con 12 comentarios","link":"https:\/\/kalot.com.mx\/site\/2014\/10\/17\/analisis-y-rumores-de-los-planes-de-warner-y-dc-comics\/#comments"},"img":{"alt_text":"","src":"https:\/\/i0.wp.com\/kalot.com.mx\/site\/wp-content\/uploads\/2014\/10\/jl.jpg?fit=1200%2C568&ssl=1&resize=350%2C200","width":350,"height":200,"srcset":"https:\/\/i0.wp.com\/kalot.com.mx\/site\/wp-content\/uploads\/2014\/10\/jl.jpg?fit=1200%2C568&ssl=1&resize=350%2C200 1x, https:\/\/i0.wp.com\/kalot.com.mx\/site\/wp-content\/uploads\/2014\/10\/jl.jpg?fit=1200%2C568&ssl=1&resize=525%2C300 1.5x, https:\/\/i0.wp.com\/kalot.com.mx\/site\/wp-content\/uploads\/2014\/10\/jl.jpg?fit=1200%2C568&ssl=1&resize=700%2C400 2x, https:\/\/i0.wp.com\/kalot.com.mx\/site\/wp-content\/uploads\/2014\/10\/jl.jpg?fit=1200%2C568&ssl=1&resize=1050%2C600 3x"},"classes":[]},{"id":30896,"url":"https:\/\/kalot.com.mx\/site\/2019\/01\/04\/aquaman-es-quien-podria-salvar-al-dceu\/","url_meta":{"origin":20454,"position":1},"title":"\u00bfAQUAMAN es qui\u00e9n podr\u00eda salvar al DCEU?","author":"HM_MKT007","date":"4 enero, 2019","format":false,"excerpt":"Estamos de acuerdo en que el DCEU ha sido muy decepcionante desde su inicio y aunque tiene su fiel legi\u00f3n de seguidores, debemos aceptar que salvo ciertos momentos, ha sido realmente triste y con muy poca luz. Bueno, pues parece ser que el h\u00e9roe que ha sido objeto de tantas\u2026","rel":"","context":"En &quot;Cine&quot;","block_context":{"text":"Cine","link":"https:\/\/kalot.com.mx\/site\/category\/cine\/"},"img":{"alt_text":"","src":"https:\/\/i0.wp.com\/kalot.com.mx\/site\/wp-content\/uploads\/2019\/01\/3_backdrops5_9QusGjxcYvfPD1THg6oW3RLeNn7.jpg.jpg?fit=1200%2C675&ssl=1&resize=350%2C200","width":350,"height":200,"srcset":"https:\/\/i0.wp.com\/kalot.com.mx\/site\/wp-content\/uploads\/2019\/01\/3_backdrops5_9QusGjxcYvfPD1THg6oW3RLeNn7.jpg.jpg?fit=1200%2C675&ssl=1&resize=350%2C200 1x, https:\/\/i0.wp.com\/kalot.com.mx\/site\/wp-content\/uploads\/2019\/01\/3_backdrops5_9QusGjxcYvfPD1THg6oW3RLeNn7.jpg.jpg?fit=1200%2C675&ssl=1&resize=525%2C300 1.5x, https:\/\/i0.wp.com\/kalot.com.mx\/site\/wp-content\/uploads\/2019\/01\/3_backdrops5_9QusGjxcYvfPD1THg6oW3RLeNn7.jpg.jpg?fit=1200%2C675&ssl=1&resize=700%2C400 2x, https:\/\/i0.wp.com\/kalot.com.mx\/site\/wp-content\/uploads\/2019\/01\/3_backdrops5_9QusGjxcYvfPD1THg6oW3RLeNn7.jpg.jpg?fit=1200%2C675&ssl=1&resize=1050%2C600 3x"},"classes":[]},{"id":13408,"url":"https:\/\/kalot.com.mx\/site\/2014\/03\/14\/300-nace-un-imperio-una-opinion\/","url_meta":{"origin":20454,"position":2},"title":"300: Nace un Imperio. Una opini\u00f3n.","author":"Esteban Cort\u00e9s","date":"14 marzo, 2014","format":false,"excerpt":"Director: Noam Murro\u00a0 Gui\u00f3n: Zack Snyder, Kurt Johnstad Actores: Sullivan Stapleton, Eva Green, Lena Heady, Hans Matheson Productores: Mark Canton, Bernie Goldmann, Deborah Snyder, Zack Snyder, Thoman Tull Para entender porque esta pel\u00edcula resulto como resulto, hay que entender primero dos cosas: los factores que determinaron que la primera entrega\u2026","rel":"","context":"Entrada similar ","block_context":{"text":"Entrada similar ","link":""},"img":{"alt_text":"","src":"https:\/\/i0.wp.com\/kalot.com.mx\/site\/wp-content\/uploads\/2014\/03\/300-rise-of-an-empire-poster1.jpg?fit=812%2C1200&ssl=1&resize=350%2C200","width":350,"height":200,"srcset":"https:\/\/i0.wp.com\/kalot.com.mx\/site\/wp-content\/uploads\/2014\/03\/300-rise-of-an-empire-poster1.jpg?fit=812%2C1200&ssl=1&resize=350%2C200 1x, https:\/\/i0.wp.com\/kalot.com.mx\/site\/wp-content\/uploads\/2014\/03\/300-rise-of-an-empire-poster1.jpg?fit=812%2C1200&ssl=1&resize=525%2C300 1.5x, https:\/\/i0.wp.com\/kalot.com.mx\/site\/wp-content\/uploads\/2014\/03\/300-rise-of-an-empire-poster1.jpg?fit=812%2C1200&ssl=1&resize=700%2C400 2x"},"classes":[]},{"id":13226,"url":"https:\/\/kalot.com.mx\/site\/2014\/03\/12\/opinion-de-300-rise-empire\/","url_meta":{"origin":20454,"position":3},"title":"Opini\u00f3n de 300: Rise of an Empire","author":"Santiago Herrera","date":"12 marzo, 2014","format":false,"excerpt":"En el cine en general se considera que las secuelas nunca logran superar a sus predecesoras. En el caso de 300: Rise of an Empire no solo existia una gran incognita por ser (la que pensabamos que ser\u00eda) secuela de una gran novela gr\u00e1fica que no tiene segunda parte y\u2026","rel":"","context":"En &quot;Sin categor\u00eda&quot;","block_context":{"text":"Sin categor\u00eda","link":"https:\/\/kalot.com.mx\/site\/category\/sin-categoria\/"},"img":{"alt_text":"","src":"https:\/\/i0.wp.com\/kalot.com.mx\/site\/wp-content\/uploads\/2014\/03\/RISE-OF-AN-EMPIRE.jpg?fit=1200%2C750&ssl=1&resize=350%2C200","width":350,"height":200,"srcset":"https:\/\/i0.wp.com\/kalot.com.mx\/site\/wp-content\/uploads\/2014\/03\/RISE-OF-AN-EMPIRE.jpg?fit=1200%2C750&ssl=1&resize=350%2C200 1x, https:\/\/i0.wp.com\/kalot.com.mx\/site\/wp-content\/uploads\/2014\/03\/RISE-OF-AN-EMPIRE.jpg?fit=1200%2C750&ssl=1&resize=525%2C300 1.5x, https:\/\/i0.wp.com\/kalot.com.mx\/site\/wp-content\/uploads\/2014\/03\/RISE-OF-AN-EMPIRE.jpg?fit=1200%2C750&ssl=1&resize=700%2C400 2x, https:\/\/i0.wp.com\/kalot.com.mx\/site\/wp-content\/uploads\/2014\/03\/RISE-OF-AN-EMPIRE.jpg?fit=1200%2C750&ssl=1&resize=1050%2C600 3x"},"classes":[]},{"id":22191,"url":"https:\/\/kalot.com.mx\/site\/2015\/07\/10\/ben-affleck-dirigira-estelarizara-y-co-escribira-batman\/","url_meta":{"origin":20454,"position":4},"title":"Ben Affleck Dirigir\u00e1, Estelarizar\u00e1 y co-escribir\u00e1 \u201cBatman\u201d","author":"yash","date":"10 julio, 2015","format":false,"excerpt":"La Comic-Con 2015 nos ha tra\u00eddo diferentes noticias y una de las m\u00e1s sorprendentes ha sido el anuncio de Ben Affleck como director, co-escritor y protagonista de una cinta en solitario de Batman. La historia estar\u00e1 a cargo Affleck y Geoff Johns (Smallville,\u00a0Arrow, Flash) y se dice que estar\u00e1 ambientada\u2026","rel":"","context":"Entrada similar ","block_context":{"text":"Entrada similar ","link":""},"img":{"alt_text":"","src":"https:\/\/i0.wp.com\/kalot.com.mx\/site\/wp-content\/uploads\/2015\/07\/Batman1.jpg?fit=1200%2C675&ssl=1&resize=350%2C200","width":350,"height":200,"srcset":"https:\/\/i0.wp.com\/kalot.com.mx\/site\/wp-content\/uploads\/2015\/07\/Batman1.jpg?fit=1200%2C675&ssl=1&resize=350%2C200 1x, https:\/\/i0.wp.com\/kalot.com.mx\/site\/wp-content\/uploads\/2015\/07\/Batman1.jpg?fit=1200%2C675&ssl=1&resize=525%2C300 1.5x, https:\/\/i0.wp.com\/kalot.com.mx\/site\/wp-content\/uploads\/2015\/07\/Batman1.jpg?fit=1200%2C675&ssl=1&resize=700%2C400 2x, https:\/\/i0.wp.com\/kalot.com.mx\/site\/wp-content\/uploads\/2015\/07\/Batman1.jpg?fit=1200%2C675&ssl=1&resize=1050%2C600 3x"},"classes":[]},{"id":21168,"url":"https:\/\/kalot.com.mx\/site\/2015\/04\/17\/lanzan-primer-trailer-de-batman-v-superman\/","url_meta":{"origin":20454,"position":5},"title":"Lanzan Primer Trailer de #BatmanvSuperman","author":"yash","date":"17 abril, 2015","format":false,"excerpt":"La espera termin\u00f3. Despu\u00e9s de tantas especulaciones y filtraciones,\u00a0Warner Bros. Pictures por fin sac\u00f3 a la luz el primer trailer oficial de la pr\u00f3xima pel\u00edcula de DC:\u00a0Batman v Superman\u00a0Dawn of Justice. Miles de fans por el mundo se emocionaron al ver la aparici\u00f3n del hombre murci\u00e9lago enfrentado a Superman y\u2026","rel":"","context":"Entrada similar ","block_context":{"text":"Entrada similar ","link":""},"img":{"alt_text":"","src":"https:\/\/i0.wp.com\/kalot.com.mx\/site\/wp-content\/uploads\/2015\/04\/Batman-v-Superman.jpg?fit=900%2C563&ssl=1&resize=350%2C200","width":350,"height":200,"srcset":"https:\/\/i0.wp.com\/kalot.com.mx\/site\/wp-content\/uploads\/2015\/04\/Batman-v-Superman.jpg?fit=900%2C563&ssl=1&resize=350%2C200 1x, https:\/\/i0.wp.com\/kalot.com.mx\/site\/wp-content\/uploads\/2015\/04\/Batman-v-Superman.jpg?fit=900%2C563&ssl=1&resize=525%2C300 1.5x, https:\/\/i0.wp.com\/kalot.com.mx\/site\/wp-content\/uploads\/2015\/04\/Batman-v-Superman.jpg?fit=900%2C563&ssl=1&resize=700%2C400 2x"},"classes":[]}],"jetpack_sharing_enabled":true,"_links":{"self":[{"href":"https:\/\/kalot.com.mx\/site\/wp-json\/wp\/v2\/posts\/20454","targetHints":{"allow":["GET"]}}],"collection":[{"href":"https:\/\/kalot.com.mx\/site\/wp-json\/wp\/v2\/posts"}],"about":[{"href":"https:\/\/kalot.com.mx\/site\/wp-json\/wp\/v2\/types\/post"}],"author":[{"embeddable":true,"href":"https:\/\/kalot.com.mx\/site\/wp-json\/wp\/v2\/users\/108"}],"replies":[{"embeddable":true,"href":"https:\/\/kalot.com.mx\/site\/wp-json\/wp\/v2\/comments?post=20454"}],"version-history":[{"count":0,"href":"https:\/\/kalot.com.mx\/site\/wp-json\/wp\/v2\/posts\/20454\/revisions"}],"wp:featuredmedia":[{"embeddable":true,"href":"https:\/\/kalot.com.mx\/site\/wp-json\/wp\/v2\/media\/20457"}],"wp:attachment":[{"href":"https:\/\/kalot.com.mx\/site\/wp-json\/wp\/v2\/media?parent=20454"}],"wp:term":[{"taxonomy":"category","embeddable":true,"href":"https:\/\/kalot.com.mx\/site\/wp-json\/wp\/v2\/categories?post=20454"},{"taxonomy":"post_tag","embeddable":true,"href":"https:\/\/kalot.com.mx\/site\/wp-json\/wp\/v2\/tags?post=20454"}],"curies":[{"name":"wp","href":"https:\/\/api.w.org\/{rel}","templated":true}]}}