{"id":20416,"date":"2015-02-16T11:03:41","date_gmt":"2015-02-16T17:03:41","guid":{"rendered":"http:\/\/www.kalot.com.mx\/?p=20416"},"modified":"2015-02-16T13:17:45","modified_gmt":"2015-02-16T19:17:45","slug":"historias-contadas-la-mexicana-los-muertos-vivientes","status":"publish","type":"post","link":"https:\/\/kalot.com.mx\/site\/2015\/02\/16\/historias-contadas-la-mexicana-los-muertos-vivientes\/","title":{"rendered":"Historias contadas a la Mexicana: &#8220;Los Muertos Vivientes&#8221;"},"content":{"rendered":"<p style=\"text-align: justify\">Hoy me eh despertado por la ma\u00f1ana, pero&#8230; \u00bfSe me ha hecho tarde para ir a trabajar? \u00bfSigo en la escuela? \u00bfEstoy de vacaciones? No entiendo que sucede, me despierto totalmente crudo por la parranda que eh tenido el d\u00eda de ayer \u00a1S\u00cd, que siga la party papaloy!, a\u00fan conservo la misma ropa de la fiesta, donde me junte con un par de mujeres muy atractivas, y recuerdo que, \u00a1S\u00cd! las lleve a mi casa, pero, \u00bfDonde est\u00e1n? No logro encontrarlas, recuerdo sus bellos cuerpos, tan hermosas, cual conductora en Televisa deportes, esos cuerpos de diosas, no pod\u00eda creer mi suerte de haberlas tenido conmigo, pero, \u00bfDonde est\u00e1n?. Recorro mi cuarto tirado, con bolsas de frituras en el piso, con botellas de refresco en la cama, un poco de wacardi por ac\u00e1, con un tequila de Don Timb\u00f3n por haya, vaya que la fiesta me la eh llevado a mi casa, pero, \u00bfMis hermosas mujeres donde est\u00e1n?<\/p>\n<p style=\"text-align: justify\">Salgo de mi cuarto, camino hacia la cocina buscando un vaso de agua y un Alka-Seltzer para esta maldita cruda que me cargo, no entiendo que sucede, veo mi cocina tirada, sin ning\u00fan orden, raro porque mi se\u00f1ora madre, no soporta el tiradero, veo trastes sucios, veo la cena de hace dos d\u00edas en la mesa a\u00fan, esas deliciosas rajas y frijoles que mi madre hace, \u00bfQue ha pasado? No tengo ni idea de que es lo que pasa en mi casa, pero veo que esta obscura, supongo siguen dormidos mi hermana y hermano, al igual que mis pap\u00e1s, camino hacia la sala, pretendo jugar con mi xbox un poco de halo para distraerme, pero, la tv esta destrozada, no lo pod\u00eda creer, la acababa de sacar en Elektra por 10 a\u00f1os de pagos chiquitos, era incre\u00edble, mi televisi\u00f3n de 32 pulgadas, rota, supon\u00eda que quiz\u00e1 la hab\u00eda roto cuando llegue con mis mujeres.<\/p>\n<p style=\"text-align: justify\">Entro al ba\u00f1o, porque tengo unas ganas terribles, cuando llego, veo un par de pies en el suelo, con unos tacones entre puestos, unos rojos y otros verde fosforescente, mi emoci\u00f3n fue tremenda, ya sab\u00eda donde estaban esas bellas mujeres, abro la puerta lentamente, y mi terror m\u00e1s grande se hab\u00eda hecho realidad, no pod\u00eda creer lo que hab\u00eda pasado, veo dos mujeres\u00a0desconocidas, obesas, y que, al ver sus rostros, \u00a1Eran las bellas mujeres con quienes hab\u00eda estado!, a y estaban muertas, pero imaginen mi estado, no eran mi marisol mi vanessa, el Tonayan que hab\u00eda tomado me hab\u00eda causado m\u00e1s estragos de lo que imaginaba.<\/p>\n<p style=\"text-align: justify\">Con m\u00e1s atenci\u00f3n y tranquilidad, vi que las mujeres estaban muertas, pero&#8230; me sorprend\u00ed mucho, porque no ten\u00eda idea de que hab\u00eda pasado, me acerque a la habitaci\u00f3n de mis hermanos, y no estaban all\u00ed, solo sus juguetes en medio de un cuarto ensangrentado, mis padres tampoco se encontraban, y su cuarto igualmente estaba totalmente destruido, salgo entre l\u00e1grimas por el miedo, a sabiendas que no se hab\u00eda pagado ni la luz ni el agua, y que en cualquier momento CFE cortar\u00eda nuestra electricidad, me dispuse a buscar el recibo, despu\u00e9s de todo, se hacia tarde para ir a pagar, con las filas que se hacen, no quer\u00eda quedarme sin poder ver mi perfil de facebook.<\/p>\n<p style=\"text-align: justify\">Al caminar a la cocina, vi que esas dos mujeres estaban de pie, mi susto fue enorme, las invite a salir de mi casa, les dije &#8220;Fue una noche genial chicas, me divert\u00ed como nunca, yo les marco la pr\u00f3xima vez&#8221; claro, no quer\u00eda volver a verlas ni en pintura, no ten\u00eda ni sus n\u00fameros, les abr\u00ed la puerta, pero no se mov\u00edan, ni dec\u00edan nada, de repente, se lanzaron contra mi, sal\u00ed corriendo como loco, me tropec\u00e9 con el trapeador que mi mam\u00e1 siempre me ped\u00eda levantar, ahora entiendo porque lo dec\u00eda, alg\u00fan d\u00eda un par de mujeres locas me podr\u00edan perseguir, me levante, sal\u00ed corriendo, y encontr\u00e9 con el bocho de mi pap\u00e1, el vidrio no funcionaba, as\u00ed que lo pude bajar con la mano sin problemas, prend\u00ed el est\u00e9reo en los 40\u00a0principales, encend\u00ed el auto, y sal\u00ed volando de mi colonia.<\/p>\n<p style=\"text-align: justify\">Me sorprend\u00ed al ver como en cada calle, hab\u00edan zombies caminando entre las calles, al ser tan peque\u00f1as y estrechas, apenas pod\u00edan pasar, los mercaditos, bueno&#8230;, ah\u00ed segu\u00edan, esos son imposibles de quitar o destruir, pero, ve\u00eda como mis vecinos, eran comidos por esos seres detestables, no entend\u00eda que pasaba, pero, en ese momento, en la radio, sal\u00eda Facundo a avisarnos que hab\u00eda sucedido una cat\u00e1strofe mundial, donde un virus, nos hab\u00eda enfermado a todos, \u00a0si mor\u00edamos, ser\u00edamos uno m\u00e1s de esos seres.<\/p>\n<p style=\"text-align: justify\">Tome mi celular, algo golpeado por la fiesta, y me met\u00ed con mi poderoso internet de 4G de la red de la cual todo m\u00e9xico es territorio a Facebook, a subir fotos de lo que ve\u00eda, despu\u00e9s de todo, \u00bfCada cuanto podemos ver zombies en las calles no? Me tome un par de fotos desde mi bocho, unas selfies, y las sub\u00ed, &#8220;Aqu\u00ed sufriendo el apocalipsis zombie o que&#8221;, en redes sociales, las personas conocidas y mis amistades, se manejaban una teor\u00eda un poco l\u00f3gica, todo era culpa de las televisoras y de la presidencia del pa\u00eds, era un despiste para ocultar la subida de gasolina, impuestos y otras reformas que nos quer\u00edan ocultar, debido a que las telenovelas ya no distra\u00edan tanto a la poblaci\u00f3n, Carmelita Salinas no lograba distraer a la poblaci\u00f3n de los problemas, aventurera hab\u00eda pasado de moda, Laura Bozo no lograba convencer, pol\u00edticos surgidos de la far\u00e1ndula y del f\u00fatbol dominaban a nuestro pa\u00eds en las decisiones de poder, no hab\u00eda como distraer al pueblo, as\u00ed que porque no tomar muestras de algunos IMSS, y convertirlas en un virus de zombies.<\/p>\n<p style=\"text-align: justify\">Me parec\u00eda algo loco esto, pero no pod\u00eda quedarme as\u00ed, busque a mis compas, pero no estaban en sus casas, busque a mis familiares, pero estaba solo, recorde un Walmart cercano a mi casa, nunca ten\u00eda gente porque hab\u00edan otros 3 alrededor, un Sam\u00b4s, una soriana, una Mini Bodega Aurrera, un Chedraui, y 58 OXXO, era el lugar perfecto para refugiarme, llegu\u00e9, cerre puertas, y me dispuse a sobrevivir, elimine algunos zombies con las herramientas del \u00e1rea de ferreteria, los queme, y as\u00ed dej\u00e9 mi nueva casa libre. Despu\u00e9s de meditarlo, publique un evento en mi perfil de Facebook &#8220;Party de sobrevivientes en Walmart para celebrar ni nuevo cant\u00f3n, Nota: Se proh\u00edben Muertos vivientes&#8221;, invite a mis m\u00e1s de 4523 amigos cercanos, son mis carnales, y adem\u00e1s les avise &#8220;Del pisto no se preocupen, aqu\u00ed en mi casa tengo de todo, de comer, habr\u00e1 de todo&#8221;.<\/p>\n<p style=\"text-align: justify\">El sobrevivir no es f\u00e1cil, pero hacemos lo que podemos, racionamos recursos, usamos lo que tenemos, estamos creando una nueva sociedad, una m\u00e1s humana, m\u00e1s saludable, y claro, \u00a1M\u00e1s divertida papaloy!, Si ya estamos as\u00ed, para que sufrir, no pasa nada, ya enfrentamos Pejezombies, que no podamos con esto, si las crisis no nos pegan y seguimos con las fiestas, que no podamos divertirnos en esta situaci\u00f3n, no nos daremos por vencidos, sabemos que en la UNAM, trabajan en una cura, los gringos nom\u00e1s no le hayan como detener a\u00a0THE WALKING DEAD, pero nuestros estudiantes, sacar\u00e1n la cura como no, as\u00ed que no debemos preocuparnos, solo, sobrevivir, y a ti, que estas leyendo eso te digo, \u00a1No te ag\u00fcites! \u00a1Tenemos fe y esperanza de que todo esto se solucionar\u00e1! Y si a\u00fan as\u00ed te sientes triste o deprimido, vente a mi Walmart, \u00a1Hoy tenemos fiesta de XV a\u00f1os!<\/p>\n","protected":false},"excerpt":{"rendered":"Hoy me eh despertado por la ma\u00f1ana, pero&#8230; \u00bfSe me ha hecho tarde para ir a trabajar? \u00bfSigo&hellip;\n","protected":false},"author":11,"featured_media":20418,"comment_status":"open","ping_status":"open","sticky":false,"template":"","format":"standard","meta":{"jetpack_post_was_ever_published":false,"_jetpack_newsletter_access":"","_jetpack_dont_email_post_to_subs":false,"_jetpack_newsletter_tier_id":0,"_jetpack_memberships_contains_paywalled_content":false,"_jetpack_memberships_contains_paid_content":false,"footnotes":"","jetpack_publicize_message":"","jetpack_publicize_feature_enabled":true,"jetpack_social_post_already_shared":true,"jetpack_social_options":{"image_generator_settings":{"template":"highway","default_image_id":0,"font":"","enabled":false},"version":2}},"categories":[],"tags":[],"class_list":{"0":"post-20416","1":"post","2":"type-post","3":"status-publish","4":"format-standard","5":"has-post-thumbnail","7":"cs-entry","8":"cs-video-wrap"},"yoast_head":"<!-- This site is optimized with the Yoast SEO plugin v27.4 - https:\/\/yoast.com\/product\/yoast-seo-wordpress\/ -->\n<title>Historias contadas a la Mexicana: &quot;Los Muertos Vivientes&quot; - Kalot<\/title>\n<meta name=\"description\" content=\"Hoy me eh despertado por la ma\u00f1ana, pero... \u00bfSe me ha hecho tarde para ir a trabajar? \u00bfSigo en la escuela? \u00bfEstoy de vacaciones? No entiendo que sucede,\" \/>\n<meta name=\"robots\" content=\"index, follow, max-snippet:-1, max-image-preview:large, max-video-preview:-1\" \/>\n<link rel=\"canonical\" href=\"https:\/\/kalot.com.mx\/site\/2015\/02\/16\/historias-contadas-la-mexicana-los-muertos-vivientes\/\" \/>\n<meta property=\"og:locale\" content=\"es_MX\" \/>\n<meta property=\"og:type\" content=\"article\" \/>\n<meta property=\"og:title\" content=\"Historias contadas a la Mexicana: &quot;Los Muertos Vivientes&quot; - Kalot\" \/>\n<meta property=\"og:description\" content=\"Hoy me eh despertado por la ma\u00f1ana, pero... \u00bfSe me ha hecho tarde para ir a trabajar? \u00bfSigo en la escuela? \u00bfEstoy de vacaciones? No entiendo que sucede,\" \/>\n<meta property=\"og:url\" content=\"https:\/\/kalot.com.mx\/site\/2015\/02\/16\/historias-contadas-la-mexicana-los-muertos-vivientes\/\" \/>\n<meta property=\"og:site_name\" content=\"Kalot\" \/>\n<meta property=\"article:publisher\" content=\"http:\/\/facebook.com\/mxkalot\" \/>\n<meta property=\"article:published_time\" content=\"2015-02-16T17:03:41+00:00\" \/>\n<meta property=\"article:modified_time\" content=\"2015-02-16T19:17:45+00:00\" \/>\n<meta property=\"og:image\" content=\"https:\/\/i0.wp.com\/kalot.com.mx\/site\/wp-content\/uploads\/2015\/02\/a08n1esp-1.jpg?fit=500%2C329&ssl=1\" \/>\n\t<meta property=\"og:image:width\" content=\"500\" \/>\n\t<meta property=\"og:image:height\" content=\"329\" \/>\n\t<meta property=\"og:image:type\" content=\"image\/jpeg\" \/>\n<meta name=\"author\" content=\"HM_MKT007\" \/>\n<meta name=\"twitter:card\" content=\"summary_large_image\" \/>\n<meta name=\"twitter:creator\" content=\"@HM_MKT007\" \/>\n<meta name=\"twitter:site\" content=\"@kalotmx\" \/>\n<meta name=\"twitter:label1\" content=\"Escrito por\" \/>\n\t<meta name=\"twitter:data1\" content=\"HM_MKT007\" \/>\n\t<meta name=\"twitter:label2\" content=\"Tiempo de lectura\" \/>\n\t<meta name=\"twitter:data2\" content=\"7 minutos\" \/>\n<!-- \/ Yoast SEO plugin. -->","yoast_head_json":{"title":"Historias contadas a la Mexicana: \"Los Muertos Vivientes\" - Kalot","description":"Hoy me eh despertado por la ma\u00f1ana, pero... \u00bfSe me ha hecho tarde para ir a trabajar? \u00bfSigo en la escuela? \u00bfEstoy de vacaciones? No entiendo que sucede,","robots":{"index":"index","follow":"follow","max-snippet":"max-snippet:-1","max-image-preview":"max-image-preview:large","max-video-preview":"max-video-preview:-1"},"canonical":"https:\/\/kalot.com.mx\/site\/2015\/02\/16\/historias-contadas-la-mexicana-los-muertos-vivientes\/","og_locale":"es_MX","og_type":"article","og_title":"Historias contadas a la Mexicana: \"Los Muertos Vivientes\" - Kalot","og_description":"Hoy me eh despertado por la ma\u00f1ana, pero... \u00bfSe me ha hecho tarde para ir a trabajar? \u00bfSigo en la escuela? \u00bfEstoy de vacaciones? No entiendo que sucede,","og_url":"https:\/\/kalot.com.mx\/site\/2015\/02\/16\/historias-contadas-la-mexicana-los-muertos-vivientes\/","og_site_name":"Kalot","article_publisher":"http:\/\/facebook.com\/mxkalot","article_published_time":"2015-02-16T17:03:41+00:00","article_modified_time":"2015-02-16T19:17:45+00:00","og_image":[{"width":500,"height":329,"url":"https:\/\/i0.wp.com\/kalot.com.mx\/site\/wp-content\/uploads\/2015\/02\/a08n1esp-1.jpg?fit=500%2C329&ssl=1","type":"image\/jpeg"}],"author":"HM_MKT007","twitter_card":"summary_large_image","twitter_creator":"@HM_MKT007","twitter_site":"@kalotmx","twitter_misc":{"Escrito por":"HM_MKT007","Tiempo de lectura":"7 minutos"},"schema":{"@context":"https:\/\/schema.org","@graph":[{"@type":"Article","@id":"https:\/\/kalot.com.mx\/site\/2015\/02\/16\/historias-contadas-la-mexicana-los-muertos-vivientes\/#article","isPartOf":{"@id":"https:\/\/kalot.com.mx\/site\/2015\/02\/16\/historias-contadas-la-mexicana-los-muertos-vivientes\/"},"author":{"name":"HM_MKT007","@id":"https:\/\/kalot.com.mx\/site\/#\/schema\/person\/60f6fe29bfd83707f2738bccc81156ec"},"headline":"Historias contadas a la Mexicana: &#8220;Los Muertos Vivientes&#8221;","datePublished":"2015-02-16T17:03:41+00:00","dateModified":"2015-02-16T19:17:45+00:00","mainEntityOfPage":{"@id":"https:\/\/kalot.com.mx\/site\/2015\/02\/16\/historias-contadas-la-mexicana-los-muertos-vivientes\/"},"wordCount":1346,"commentCount":0,"publisher":{"@id":"https:\/\/kalot.com.mx\/site\/#organization"},"image":{"@id":"https:\/\/kalot.com.mx\/site\/2015\/02\/16\/historias-contadas-la-mexicana-los-muertos-vivientes\/#primaryimage"},"thumbnailUrl":"https:\/\/i0.wp.com\/kalot.com.mx\/site\/wp-content\/uploads\/2015\/02\/a08n1esp-1.jpg?fit=500%2C329&ssl=1","inLanguage":"es","potentialAction":[{"@type":"CommentAction","name":"Comment","target":["https:\/\/kalot.com.mx\/site\/2015\/02\/16\/historias-contadas-la-mexicana-los-muertos-vivientes\/#respond"]}]},{"@type":"WebPage","@id":"https:\/\/kalot.com.mx\/site\/2015\/02\/16\/historias-contadas-la-mexicana-los-muertos-vivientes\/","url":"https:\/\/kalot.com.mx\/site\/2015\/02\/16\/historias-contadas-la-mexicana-los-muertos-vivientes\/","name":"Historias contadas a la Mexicana: \"Los Muertos Vivientes\" - Kalot","isPartOf":{"@id":"https:\/\/kalot.com.mx\/site\/#website"},"primaryImageOfPage":{"@id":"https:\/\/kalot.com.mx\/site\/2015\/02\/16\/historias-contadas-la-mexicana-los-muertos-vivientes\/#primaryimage"},"image":{"@id":"https:\/\/kalot.com.mx\/site\/2015\/02\/16\/historias-contadas-la-mexicana-los-muertos-vivientes\/#primaryimage"},"thumbnailUrl":"https:\/\/i0.wp.com\/kalot.com.mx\/site\/wp-content\/uploads\/2015\/02\/a08n1esp-1.jpg?fit=500%2C329&ssl=1","datePublished":"2015-02-16T17:03:41+00:00","dateModified":"2015-02-16T19:17:45+00:00","description":"Hoy me eh despertado por la ma\u00f1ana, pero... \u00bfSe me ha hecho tarde para ir a trabajar? \u00bfSigo en la escuela? \u00bfEstoy de vacaciones? No entiendo que sucede,","breadcrumb":{"@id":"https:\/\/kalot.com.mx\/site\/2015\/02\/16\/historias-contadas-la-mexicana-los-muertos-vivientes\/#breadcrumb"},"inLanguage":"es","potentialAction":[{"@type":"ReadAction","target":["https:\/\/kalot.com.mx\/site\/2015\/02\/16\/historias-contadas-la-mexicana-los-muertos-vivientes\/"]}]},{"@type":"ImageObject","inLanguage":"es","@id":"https:\/\/kalot.com.mx\/site\/2015\/02\/16\/historias-contadas-la-mexicana-los-muertos-vivientes\/#primaryimage","url":"https:\/\/i0.wp.com\/kalot.com.mx\/site\/wp-content\/uploads\/2015\/02\/a08n1esp-1.jpg?fit=500%2C329&ssl=1","contentUrl":"https:\/\/i0.wp.com\/kalot.com.mx\/site\/wp-content\/uploads\/2015\/02\/a08n1esp-1.jpg?fit=500%2C329&ssl=1","width":500,"height":329},{"@type":"BreadcrumbList","@id":"https:\/\/kalot.com.mx\/site\/2015\/02\/16\/historias-contadas-la-mexicana-los-muertos-vivientes\/#breadcrumb","itemListElement":[{"@type":"ListItem","position":1,"name":"Home","item":"https:\/\/kalot.com.mx\/site\/"},{"@type":"ListItem","position":2,"name":"Historias contadas a la Mexicana: &#8220;Los Muertos Vivientes&#8221;"}]},{"@type":"WebSite","@id":"https:\/\/kalot.com.mx\/site\/#website","url":"https:\/\/kalot.com.mx\/site\/","name":"Kalot","description":"Conoce Todo Sobre Todo","publisher":{"@id":"https:\/\/kalot.com.mx\/site\/#organization"},"potentialAction":[{"@type":"SearchAction","target":{"@type":"EntryPoint","urlTemplate":"https:\/\/kalot.com.mx\/site\/?s={search_term_string}"},"query-input":{"@type":"PropertyValueSpecification","valueRequired":true,"valueName":"search_term_string"}}],"inLanguage":"es"},{"@type":"Organization","@id":"https:\/\/kalot.com.mx\/site\/#organization","name":"Kalot","url":"https:\/\/kalot.com.mx\/site\/","logo":{"@type":"ImageObject","inLanguage":"es","@id":"https:\/\/kalot.com.mx\/site\/#\/schema\/logo\/image\/","url":"https:\/\/i0.wp.com\/kalot.com.mx\/site\/wp-content\/uploads\/2020\/04\/Kalot-logo-sin-tagline.png?fit=1707%2C1014&ssl=1","contentUrl":"https:\/\/i0.wp.com\/kalot.com.mx\/site\/wp-content\/uploads\/2020\/04\/Kalot-logo-sin-tagline.png?fit=1707%2C1014&ssl=1","width":1707,"height":1014,"caption":"Kalot"},"image":{"@id":"https:\/\/kalot.com.mx\/site\/#\/schema\/logo\/image\/"},"sameAs":["http:\/\/facebook.com\/mxkalot","https:\/\/x.com\/kalotmx","http:\/\/instagram.com\/kalotmx","http:\/\/pinterest.com\/jorgeerana\/kalot"]},{"@type":"Person","@id":"https:\/\/kalot.com.mx\/site\/#\/schema\/person\/60f6fe29bfd83707f2738bccc81156ec","name":"HM_MKT007","image":{"@type":"ImageObject","inLanguage":"es","@id":"https:\/\/secure.gravatar.com\/avatar\/8d5ec09079a21301186c9f7e8b973012363772e45326c576666fe5c082ebd717?s=96&d=mm&r=g","url":"https:\/\/secure.gravatar.com\/avatar\/8d5ec09079a21301186c9f7e8b973012363772e45326c576666fe5c082ebd717?s=96&d=mm&r=g","contentUrl":"https:\/\/secure.gravatar.com\/avatar\/8d5ec09079a21301186c9f7e8b973012363772e45326c576666fe5c082ebd717?s=96&d=mm&r=g","caption":"HM_MKT007"},"sameAs":["https:\/\/x.com\/@HM_MKT007"],"url":"https:\/\/kalot.com.mx\/site\/author\/hectorhdz\/"}]}},"jetpack_publicize_connections":[],"jetpack_featured_media_url":"https:\/\/i0.wp.com\/kalot.com.mx\/site\/wp-content\/uploads\/2015\/02\/a08n1esp-1.jpg?fit=500%2C329&ssl=1","jetpack_shortlink":"https:\/\/wp.me\/p6IHEI-5ji","jetpack-related-posts":[{"id":1563,"url":"https:\/\/kalot.com.mx\/site\/2013\/09\/13\/soy-de-la-generacion-uso-converse-desde-los-12\/","url_meta":{"origin":20416,"position":0},"title":"Generaci\u00f3n &#8220;Uso CONVERSE desde los 12&#8221; @converse_mexico","author":"Dulce Mireles","date":"13 septiembre, 2013","format":false,"excerpt":"Soy de la generaci\u00f3n \u201cconozco desde la secu a The Strokes \u201c, una generaci\u00f3n que creci\u00f3 de la manita con la tecnolog\u00eda, de la generaci\u00f3n \u201ctraigo un cel con pantalla a color\u201d de la generaci\u00f3n \u201cpr\u00e9stame tu celular para jugar la viborita\u201d\u00a0Me he enfrentado a muchos cambios, tengo muchas inquietudes,\u2026","rel":"","context":"En &quot;Sin categor\u00eda&quot;","block_context":{"text":"Sin categor\u00eda","link":"https:\/\/kalot.com.mx\/site\/category\/sin-categoria\/"},"img":{"alt_text":"","src":"https:\/\/i0.wp.com\/kalot.com.mx\/site\/wp-content\/uploads\/2013\/09\/5283fc093f4fb1ae7f4cede0ff68bdcb.jpg?fit=400%2C400&ssl=1&resize=350%2C200","width":350,"height":200},"classes":[]},{"id":6556,"url":"https:\/\/kalot.com.mx\/site\/2013\/11\/16\/konnichiwa-kalochos\/","url_meta":{"origin":20416,"position":1},"title":"konnichiwa Kalochos","author":"Ximena M\u00e1rquez","date":"16 noviembre, 2013","format":false,"excerpt":"Hola kalochos estoy muy contenta de poder escribirles, mi nombre es Ximena M\u00e1rquez aunque en muchas de mis cuentas me encontraran como onee sama que significa hermana mayor en Japon\u00e9s, derivado de mi afici\u00f3n al anime y los videojuegos que he dejado un poco atr\u00e1s, soy chilanga de nacimiento pero\u2026","rel":"","context":"Entrada similar ","block_context":{"text":"Entrada similar ","link":""},"img":{"alt_text":"Ximena M\u00e1rquez","src":"https:\/\/i0.wp.com\/kalot.com.mx\/site\/wp-content\/uploads\/2013\/11\/2013-10-14-23.29.10-picsay.jpg?fit=750%2C1000&ssl=1&resize=350%2C200","width":350,"height":200,"srcset":"https:\/\/i0.wp.com\/kalot.com.mx\/site\/wp-content\/uploads\/2013\/11\/2013-10-14-23.29.10-picsay.jpg?fit=750%2C1000&ssl=1&resize=350%2C200 1x, https:\/\/i0.wp.com\/kalot.com.mx\/site\/wp-content\/uploads\/2013\/11\/2013-10-14-23.29.10-picsay.jpg?fit=750%2C1000&ssl=1&resize=525%2C300 1.5x, https:\/\/i0.wp.com\/kalot.com.mx\/site\/wp-content\/uploads\/2013\/11\/2013-10-14-23.29.10-picsay.jpg?fit=750%2C1000&ssl=1&resize=700%2C400 2x"},"classes":[]},{"id":5281,"url":"https:\/\/kalot.com.mx\/site\/2013\/10\/30\/ceci-cuevas\/","url_meta":{"origin":20416,"position":2},"title":".Ceci Cuevas.","author":"Ceci Cuevas","date":"30 octubre, 2013","format":false,"excerpt":"Hoy inicio mi colaboraci\u00f3n con Kalot. Es un proyecto que me lati\u00f3 desde el nombre, los temas, las personas que lo desarrollan y los colaboradores que por lo que leo somos de diferentes lugares, edades e intereses. Pero nos une el mundo digital. Escribo desde Canc\u00fan, lugar que me fascina\u2026","rel":"","context":"Con 1 comentario","block_context":{"text":"Con 1 comentario","link":"https:\/\/kalot.com.mx\/site\/2013\/10\/30\/ceci-cuevas\/#comments"},"img":{"alt_text":"","src":"https:\/\/i0.wp.com\/kalot.com.mx\/site\/wp-content\/uploads\/2013\/10\/CeciCuevasRedesSociales.jpg?fit=704%2C528&ssl=1&resize=350%2C200","width":350,"height":200,"srcset":"https:\/\/i0.wp.com\/kalot.com.mx\/site\/wp-content\/uploads\/2013\/10\/CeciCuevasRedesSociales.jpg?fit=704%2C528&ssl=1&resize=350%2C200 1x, https:\/\/i0.wp.com\/kalot.com.mx\/site\/wp-content\/uploads\/2013\/10\/CeciCuevasRedesSociales.jpg?fit=704%2C528&ssl=1&resize=525%2C300 1.5x, https:\/\/i0.wp.com\/kalot.com.mx\/site\/wp-content\/uploads\/2013\/10\/CeciCuevasRedesSociales.jpg?fit=704%2C528&ssl=1&resize=700%2C400 2x"},"classes":[]},{"id":16785,"url":"https:\/\/kalot.com.mx\/site\/2014\/06\/14\/janet-echelman-nos-dice-como-atrapar-el-cielo\/","url_meta":{"origin":20416,"position":3},"title":"Janet Echelman nos dice como atrapar el cielo.","author":"Gustavo Elizarrar\u00e1s","date":"14 junio, 2014","format":false,"excerpt":"Pocas cosas hay mejores que levantar la mirada y apreciar todos esos componentes que existen otorgadas por la naturaleza y las elaboradas por el hombre: un rayo, el arcoiris, los fuegos artificiales, los cometas y las redes. Aunque eh tenido la oportunidad de apreciar en mi ciudad el espectaculo de\u2026","rel":"","context":"Entrada similar ","block_context":{"text":"Entrada similar ","link":""},"img":{"alt_text":"","src":"https:\/\/i0.wp.com\/kalot.com.mx\/site\/wp-content\/uploads\/2014\/06\/01.jpeg?fit=750%2C500&ssl=1&resize=350%2C200","width":350,"height":200,"srcset":"https:\/\/i0.wp.com\/kalot.com.mx\/site\/wp-content\/uploads\/2014\/06\/01.jpeg?fit=750%2C500&ssl=1&resize=350%2C200 1x, https:\/\/i0.wp.com\/kalot.com.mx\/site\/wp-content\/uploads\/2014\/06\/01.jpeg?fit=750%2C500&ssl=1&resize=525%2C300 1.5x, https:\/\/i0.wp.com\/kalot.com.mx\/site\/wp-content\/uploads\/2014\/06\/01.jpeg?fit=750%2C500&ssl=1&resize=700%2C400 2x"},"classes":[]},{"id":20847,"url":"https:\/\/kalot.com.mx\/site\/2015\/03\/22\/pelis-y-palomitas\/","url_meta":{"origin":20416,"position":4},"title":"Pelis y Palomitas","author":"Jounne Gallardox","date":"22 marzo, 2015","format":false,"excerpt":"No es un secreto que yo nac\u00ed en los ochentas y a principios, por cierto, as\u00ed que puedo presumir que de ni\u00f1a viv\u00ed la experiencia\u00a0 de sentarme en butacas de vinipiel, tener que aguantar un intermedio de 15 a 20 minutos, en lo m\u00e1s interesante de la pel\u00edcula, y peor\u2026","rel":"","context":"Con 1 comentario","block_context":{"text":"Con 1 comentario","link":"https:\/\/kalot.com.mx\/site\/2015\/03\/22\/pelis-y-palomitas\/#comments"},"img":{"alt_text":"","src":"https:\/\/i0.wp.com\/kalot.com.mx\/site\/wp-content\/uploads\/2015\/03\/3d-ochentas-80s-criticsight.jpg?fit=590%2C300&ssl=1&resize=350%2C200","width":350,"height":200,"srcset":"https:\/\/i0.wp.com\/kalot.com.mx\/site\/wp-content\/uploads\/2015\/03\/3d-ochentas-80s-criticsight.jpg?fit=590%2C300&ssl=1&resize=350%2C200 1x, https:\/\/i0.wp.com\/kalot.com.mx\/site\/wp-content\/uploads\/2015\/03\/3d-ochentas-80s-criticsight.jpg?fit=590%2C300&ssl=1&resize=525%2C300 1.5x"},"classes":[]},{"id":17417,"url":"https:\/\/kalot.com.mx\/site\/2014\/07\/29\/te-recuerdo-cuando-veo-un-perro-muerto-sobre-la-carretera\/","url_meta":{"origin":20416,"position":5},"title":"Te recuerdo cuando veo un perro muerto en la carretera","author":"Ivan Mendez","date":"29 julio, 2014","format":false,"excerpt":"El reloj marcaba las nueve y veinte de la ma\u00f1ana cuando abr\u00ed los ojos y tu cara llego a mi mente casi instant\u00e1neamente, pero eso tambi\u00e9n se fue con la misma velocidad porque tu cuerpo se me apareci\u00f3, con deseo y cosquilleo en mis calzones. Tome mi celular del buro\u2026","rel":"","context":"Entrada similar ","block_context":{"text":"Entrada similar ","link":""},"img":{"alt_text":"","src":"https:\/\/i0.wp.com\/kalot.com.mx\/site\/wp-content\/uploads\/2014\/07\/Foggy_window_by_TrendyDNA.jpg?fit=1200%2C778&ssl=1&resize=350%2C200","width":350,"height":200,"srcset":"https:\/\/i0.wp.com\/kalot.com.mx\/site\/wp-content\/uploads\/2014\/07\/Foggy_window_by_TrendyDNA.jpg?fit=1200%2C778&ssl=1&resize=350%2C200 1x, https:\/\/i0.wp.com\/kalot.com.mx\/site\/wp-content\/uploads\/2014\/07\/Foggy_window_by_TrendyDNA.jpg?fit=1200%2C778&ssl=1&resize=525%2C300 1.5x, https:\/\/i0.wp.com\/kalot.com.mx\/site\/wp-content\/uploads\/2014\/07\/Foggy_window_by_TrendyDNA.jpg?fit=1200%2C778&ssl=1&resize=700%2C400 2x, https:\/\/i0.wp.com\/kalot.com.mx\/site\/wp-content\/uploads\/2014\/07\/Foggy_window_by_TrendyDNA.jpg?fit=1200%2C778&ssl=1&resize=1050%2C600 3x"},"classes":[]}],"jetpack_sharing_enabled":true,"_links":{"self":[{"href":"https:\/\/kalot.com.mx\/site\/wp-json\/wp\/v2\/posts\/20416","targetHints":{"allow":["GET"]}}],"collection":[{"href":"https:\/\/kalot.com.mx\/site\/wp-json\/wp\/v2\/posts"}],"about":[{"href":"https:\/\/kalot.com.mx\/site\/wp-json\/wp\/v2\/types\/post"}],"author":[{"embeddable":true,"href":"https:\/\/kalot.com.mx\/site\/wp-json\/wp\/v2\/users\/11"}],"replies":[{"embeddable":true,"href":"https:\/\/kalot.com.mx\/site\/wp-json\/wp\/v2\/comments?post=20416"}],"version-history":[{"count":0,"href":"https:\/\/kalot.com.mx\/site\/wp-json\/wp\/v2\/posts\/20416\/revisions"}],"wp:featuredmedia":[{"embeddable":true,"href":"https:\/\/kalot.com.mx\/site\/wp-json\/wp\/v2\/media\/20418"}],"wp:attachment":[{"href":"https:\/\/kalot.com.mx\/site\/wp-json\/wp\/v2\/media?parent=20416"}],"wp:term":[{"taxonomy":"category","embeddable":true,"href":"https:\/\/kalot.com.mx\/site\/wp-json\/wp\/v2\/categories?post=20416"},{"taxonomy":"post_tag","embeddable":true,"href":"https:\/\/kalot.com.mx\/site\/wp-json\/wp\/v2\/tags?post=20416"}],"curies":[{"name":"wp","href":"https:\/\/api.w.org\/{rel}","templated":true}]}}