{"id":20390,"date":"2015-02-13T10:45:52","date_gmt":"2015-02-13T16:45:52","guid":{"rendered":"http:\/\/www.kalot.com.mx\/?p=20390"},"modified":"2015-02-13T10:45:52","modified_gmt":"2015-02-13T16:45:52","slug":"llega-el-trailer-de-regresion-con-emma-watson","status":"publish","type":"post","link":"https:\/\/kalot.com.mx\/site\/2015\/02\/13\/llega-el-trailer-de-regresion-con-emma-watson\/","title":{"rendered":"Llega el trailer de Regresi\u00f3n con Emma Watson"},"content":{"rendered":"<p style=\"text-align: justify\">Emma watson est\u00e1 buscando por todos los medios deshacerse de la inteligente Hermione y parece que va en camino correcto.<\/p>\n<p style=\"text-align: justify\">De los tres amigos, la chica es la que ha logrado mas reconocimiento en cuanto a su elecci\u00f3n de roles y cintas en las que participar\u00e1.<\/p>\n<p style=\"text-align: justify\">Hace unas semanas se anunciaba su inminente protagonico como La Bella en la nueva adaptaci\u00f3n del cuento cl\u00e1sico de Disney ( a su vez adaptado de un cuento de los hermanos Grimm). Se revel\u00f3 tambi\u00e9n su paso por Argentina en las grabaciones de &#8220;Colonia Dignidad&#8221;.<\/p>\n<p style=\"text-align: justify\">Por si esto no fuera suficiente ha dado la vuelta al mundo como embajadora de la buena voluntad de la ONU dando un conmovedor e inspirador mensaje revindicando el feminismo del que ella es un nuevo estandarte.<\/p>\n<p style=\"text-align: justify\">Ahora de la mano del director ganador del premio Oscar Alejandro Amen\u00e1bar llega &#8220;Regresi\u00f3n&#8221;<\/p>\n<p style=\"text-align: justify\">Corre octubre de 1990 y un dedicado inspector tiene como tarea solucionar un intrincado crimen: Una chica (Watson) acusa a su propio padre de una violaci\u00f3n, misma que \u00e9l ni recuerda por lo que la \u00fanica soluci\u00f3n parece estar en las manos de un psic\u00f3logo que buscar\u00e1 entrar en los mas profundos recuerdos de la atormentada joven a fin de encontrar una respuesta.<\/p>\n<p style=\"text-align: justify\">La historia gira en torno a los enga\u00f1os y la b\u00fasqueda de la verdad mientras los medios locales encuentran en una secta sat\u00e1nica esa posible respuesta.<\/p>\n<p><span class=\"embed-youtube\" style=\"text-align:center; display: block;\"><iframe class=\"youtube-player\" width=\"1200\" height=\"675\" src=\"https:\/\/www.youtube.com\/embed\/_t99MPCAo_c?version=3&#038;rel=1&#038;showsearch=0&#038;showinfo=1&#038;iv_load_policy=1&#038;fs=1&#038;hl=es-MX&#038;autohide=2&#038;wmode=transparent\" allowfullscreen=\"true\" style=\"border:0;\" sandbox=\"allow-scripts allow-same-origin allow-popups allow-presentation allow-popups-to-escape-sandbox\"><\/iframe><\/span><\/p>\n<p>&nbsp;<\/p>\n<p>&nbsp;<\/p>\n","protected":false},"excerpt":{"rendered":"Emma watson est\u00e1 buscando por todos los medios deshacerse de la inteligente Hermione y parece que va en&hellip;\n","protected":false},"author":51,"featured_media":20393,"comment_status":"open","ping_status":"open","sticky":false,"template":"","format":"standard","meta":{"jetpack_post_was_ever_published":false,"_jetpack_newsletter_access":"","_jetpack_dont_email_post_to_subs":false,"_jetpack_newsletter_tier_id":0,"_jetpack_memberships_contains_paywalled_content":false,"_jetpack_memberships_contains_paid_content":false,"footnotes":"","jetpack_publicize_message":"","jetpack_publicize_feature_enabled":true,"jetpack_social_post_already_shared":true,"jetpack_social_options":{"image_generator_settings":{"template":"highway","default_image_id":0,"font":"","enabled":false},"version":2}},"categories":[],"tags":[],"class_list":{"0":"post-20390","1":"post","2":"type-post","3":"status-publish","4":"format-standard","5":"has-post-thumbnail","7":"cs-entry","8":"cs-video-wrap"},"yoast_head":"<!-- This site is optimized with the Yoast SEO plugin v27.5 - https:\/\/yoast.com\/product\/yoast-seo-wordpress\/ -->\n<title>Llega el trailer de Regresi\u00f3n con Emma Watson - Kalot<\/title>\n<meta name=\"description\" content=\"Emma watson est\u00e1 buscando por todos los medios deshacerse de la inteligente Hermione y parece que va en camino correcto. De los tres amigos, la chica es\" \/>\n<meta name=\"robots\" content=\"index, follow, max-snippet:-1, max-image-preview:large, max-video-preview:-1\" \/>\n<link rel=\"canonical\" href=\"https:\/\/kalot.com.mx\/site\/2015\/02\/13\/llega-el-trailer-de-regresion-con-emma-watson\/\" \/>\n<meta property=\"og:locale\" content=\"es_MX\" \/>\n<meta property=\"og:type\" content=\"article\" \/>\n<meta property=\"og:title\" content=\"Llega el trailer de Regresi\u00f3n con Emma Watson - Kalot\" \/>\n<meta property=\"og:description\" content=\"Emma watson est\u00e1 buscando por todos los medios deshacerse de la inteligente Hermione y parece que va en camino correcto. De los tres amigos, la chica es\" \/>\n<meta property=\"og:url\" content=\"https:\/\/kalot.com.mx\/site\/2015\/02\/13\/llega-el-trailer-de-regresion-con-emma-watson\/\" \/>\n<meta property=\"og:site_name\" content=\"Kalot\" \/>\n<meta property=\"article:publisher\" content=\"http:\/\/facebook.com\/mxkalot\" \/>\n<meta property=\"article:published_time\" content=\"2015-02-13T16:45:52+00:00\" \/>\n<meta property=\"og:image\" content=\"https:\/\/i2.wp.com\/kalot.com.mx\/site\/wp-content\/uploads\/2015\/02\/screen-shot-2015-02-12-at-1-29-02-pm-emma-watson-s-back-and-her-new-movie-trailer-looks-amazing.png?fit=952%2C594&ssl=1\" \/>\n\t<meta property=\"og:image:width\" content=\"952\" \/>\n\t<meta property=\"og:image:height\" content=\"594\" \/>\n\t<meta property=\"og:image:type\" content=\"image\/png\" \/>\n<meta name=\"author\" content=\"Ivan Mendez\" \/>\n<meta name=\"twitter:card\" content=\"summary_large_image\" \/>\n<meta name=\"twitter:creator\" content=\"@kalotmx\" \/>\n<meta name=\"twitter:site\" content=\"@kalotmx\" \/>\n<meta name=\"twitter:label1\" content=\"Escrito por\" \/>\n\t<meta name=\"twitter:data1\" content=\"Ivan Mendez\" \/>\n\t<meta name=\"twitter:label2\" content=\"Tiempo de lectura\" \/>\n\t<meta name=\"twitter:data2\" content=\"1 minuto\" \/>\n<!-- \/ Yoast SEO plugin. -->","yoast_head_json":{"title":"Llega el trailer de Regresi\u00f3n con Emma Watson - Kalot","description":"Emma watson est\u00e1 buscando por todos los medios deshacerse de la inteligente Hermione y parece que va en camino correcto. De los tres amigos, la chica es","robots":{"index":"index","follow":"follow","max-snippet":"max-snippet:-1","max-image-preview":"max-image-preview:large","max-video-preview":"max-video-preview:-1"},"canonical":"https:\/\/kalot.com.mx\/site\/2015\/02\/13\/llega-el-trailer-de-regresion-con-emma-watson\/","og_locale":"es_MX","og_type":"article","og_title":"Llega el trailer de Regresi\u00f3n con Emma Watson - Kalot","og_description":"Emma watson est\u00e1 buscando por todos los medios deshacerse de la inteligente Hermione y parece que va en camino correcto. De los tres amigos, la chica es","og_url":"https:\/\/kalot.com.mx\/site\/2015\/02\/13\/llega-el-trailer-de-regresion-con-emma-watson\/","og_site_name":"Kalot","article_publisher":"http:\/\/facebook.com\/mxkalot","article_published_time":"2015-02-13T16:45:52+00:00","og_image":[{"width":952,"height":594,"url":"https:\/\/i2.wp.com\/kalot.com.mx\/site\/wp-content\/uploads\/2015\/02\/screen-shot-2015-02-12-at-1-29-02-pm-emma-watson-s-back-and-her-new-movie-trailer-looks-amazing.png?fit=952%2C594&ssl=1","type":"image\/png"}],"author":"Ivan Mendez","twitter_card":"summary_large_image","twitter_creator":"@kalotmx","twitter_site":"@kalotmx","twitter_misc":{"Escrito por":"Ivan Mendez","Tiempo de lectura":"1 minuto"},"schema":{"@context":"https:\/\/schema.org","@graph":[{"@type":"Article","@id":"https:\/\/kalot.com.mx\/site\/2015\/02\/13\/llega-el-trailer-de-regresion-con-emma-watson\/#article","isPartOf":{"@id":"https:\/\/kalot.com.mx\/site\/2015\/02\/13\/llega-el-trailer-de-regresion-con-emma-watson\/"},"author":{"name":"Ivan Mendez","@id":"https:\/\/kalot.com.mx\/site\/#\/schema\/person\/444a91ecc3b075ab573ff515d7f6d6e3"},"headline":"Llega el trailer de Regresi\u00f3n con Emma Watson","datePublished":"2015-02-13T16:45:52+00:00","mainEntityOfPage":{"@id":"https:\/\/kalot.com.mx\/site\/2015\/02\/13\/llega-el-trailer-de-regresion-con-emma-watson\/"},"wordCount":261,"commentCount":0,"publisher":{"@id":"https:\/\/kalot.com.mx\/site\/#organization"},"image":{"@id":"https:\/\/kalot.com.mx\/site\/2015\/02\/13\/llega-el-trailer-de-regresion-con-emma-watson\/#primaryimage"},"thumbnailUrl":"https:\/\/i0.wp.com\/kalot.com.mx\/site\/wp-content\/uploads\/2015\/02\/screen-shot-2015-02-12-at-1-29-02-pm-emma-watson-s-back-and-her-new-movie-trailer-looks-amazing.png?fit=952%2C594&ssl=1","inLanguage":"es","potentialAction":[{"@type":"CommentAction","name":"Comment","target":["https:\/\/kalot.com.mx\/site\/2015\/02\/13\/llega-el-trailer-de-regresion-con-emma-watson\/#respond"]}]},{"@type":"WebPage","@id":"https:\/\/kalot.com.mx\/site\/2015\/02\/13\/llega-el-trailer-de-regresion-con-emma-watson\/","url":"https:\/\/kalot.com.mx\/site\/2015\/02\/13\/llega-el-trailer-de-regresion-con-emma-watson\/","name":"Llega el trailer de Regresi\u00f3n con Emma Watson - Kalot","isPartOf":{"@id":"https:\/\/kalot.com.mx\/site\/#website"},"primaryImageOfPage":{"@id":"https:\/\/kalot.com.mx\/site\/2015\/02\/13\/llega-el-trailer-de-regresion-con-emma-watson\/#primaryimage"},"image":{"@id":"https:\/\/kalot.com.mx\/site\/2015\/02\/13\/llega-el-trailer-de-regresion-con-emma-watson\/#primaryimage"},"thumbnailUrl":"https:\/\/i0.wp.com\/kalot.com.mx\/site\/wp-content\/uploads\/2015\/02\/screen-shot-2015-02-12-at-1-29-02-pm-emma-watson-s-back-and-her-new-movie-trailer-looks-amazing.png?fit=952%2C594&ssl=1","datePublished":"2015-02-13T16:45:52+00:00","description":"Emma watson est\u00e1 buscando por todos los medios deshacerse de la inteligente Hermione y parece que va en camino correcto. De los tres amigos, la chica es","breadcrumb":{"@id":"https:\/\/kalot.com.mx\/site\/2015\/02\/13\/llega-el-trailer-de-regresion-con-emma-watson\/#breadcrumb"},"inLanguage":"es","potentialAction":[{"@type":"ReadAction","target":["https:\/\/kalot.com.mx\/site\/2015\/02\/13\/llega-el-trailer-de-regresion-con-emma-watson\/"]}]},{"@type":"ImageObject","inLanguage":"es","@id":"https:\/\/kalot.com.mx\/site\/2015\/02\/13\/llega-el-trailer-de-regresion-con-emma-watson\/#primaryimage","url":"https:\/\/i0.wp.com\/kalot.com.mx\/site\/wp-content\/uploads\/2015\/02\/screen-shot-2015-02-12-at-1-29-02-pm-emma-watson-s-back-and-her-new-movie-trailer-looks-amazing.png?fit=952%2C594&ssl=1","contentUrl":"https:\/\/i0.wp.com\/kalot.com.mx\/site\/wp-content\/uploads\/2015\/02\/screen-shot-2015-02-12-at-1-29-02-pm-emma-watson-s-back-and-her-new-movie-trailer-looks-amazing.png?fit=952%2C594&ssl=1","width":952,"height":594},{"@type":"BreadcrumbList","@id":"https:\/\/kalot.com.mx\/site\/2015\/02\/13\/llega-el-trailer-de-regresion-con-emma-watson\/#breadcrumb","itemListElement":[{"@type":"ListItem","position":1,"name":"Home","item":"https:\/\/kalot.com.mx\/site\/"},{"@type":"ListItem","position":2,"name":"Llega el trailer de Regresi\u00f3n con Emma Watson"}]},{"@type":"WebSite","@id":"https:\/\/kalot.com.mx\/site\/#website","url":"https:\/\/kalot.com.mx\/site\/","name":"Kalot","description":"Conoce Todo Sobre Todo","publisher":{"@id":"https:\/\/kalot.com.mx\/site\/#organization"},"potentialAction":[{"@type":"SearchAction","target":{"@type":"EntryPoint","urlTemplate":"https:\/\/kalot.com.mx\/site\/?s={search_term_string}"},"query-input":{"@type":"PropertyValueSpecification","valueRequired":true,"valueName":"search_term_string"}}],"inLanguage":"es"},{"@type":"Organization","@id":"https:\/\/kalot.com.mx\/site\/#organization","name":"Kalot","url":"https:\/\/kalot.com.mx\/site\/","logo":{"@type":"ImageObject","inLanguage":"es","@id":"https:\/\/kalot.com.mx\/site\/#\/schema\/logo\/image\/","url":"https:\/\/i0.wp.com\/kalot.com.mx\/site\/wp-content\/uploads\/2020\/04\/Kalot-logo-sin-tagline.png?fit=1707%2C1014&ssl=1","contentUrl":"https:\/\/i0.wp.com\/kalot.com.mx\/site\/wp-content\/uploads\/2020\/04\/Kalot-logo-sin-tagline.png?fit=1707%2C1014&ssl=1","width":1707,"height":1014,"caption":"Kalot"},"image":{"@id":"https:\/\/kalot.com.mx\/site\/#\/schema\/logo\/image\/"},"sameAs":["http:\/\/facebook.com\/mxkalot","https:\/\/x.com\/kalotmx","http:\/\/instagram.com\/kalotmx","http:\/\/pinterest.com\/jorgeerana\/kalot"]},{"@type":"Person","@id":"https:\/\/kalot.com.mx\/site\/#\/schema\/person\/444a91ecc3b075ab573ff515d7f6d6e3","name":"Ivan Mendez","image":{"@type":"ImageObject","inLanguage":"es","@id":"https:\/\/secure.gravatar.com\/avatar\/d3590cbb14ecd120bf7a8d9b0ab9a1dae9b2aab34a41a577b5288298a4d08e36?s=96&d=mm&r=g","url":"https:\/\/secure.gravatar.com\/avatar\/d3590cbb14ecd120bf7a8d9b0ab9a1dae9b2aab34a41a577b5288298a4d08e36?s=96&d=mm&r=g","contentUrl":"https:\/\/secure.gravatar.com\/avatar\/d3590cbb14ecd120bf7a8d9b0ab9a1dae9b2aab34a41a577b5288298a4d08e36?s=96&d=mm&r=g","caption":"Ivan Mendez"},"url":"https:\/\/kalot.com.mx\/site\/author\/ivan\/"}]}},"jetpack_publicize_connections":[],"jetpack_featured_media_url":"https:\/\/i0.wp.com\/kalot.com.mx\/site\/wp-content\/uploads\/2015\/02\/screen-shot-2015-02-12-at-1-29-02-pm-emma-watson-s-back-and-her-new-movie-trailer-looks-amazing.png?fit=952%2C594&ssl=1","jetpack_shortlink":"https:\/\/wp.me\/p6IHEI-5iS","jetpack-related-posts":[{"id":16780,"url":"https:\/\/kalot.com.mx\/site\/2014\/06\/14\/emma-watson-tendra-una-regresion\/","url_meta":{"origin":20390,"position":0},"title":"Emma Watson tendr\u00e1 una \u201cRegresi\u00f3n\u201d","author":"Ivan Mendez","date":"14 junio, 2014","format":false,"excerpt":"Y no, no es que la vallamos a volver a ver como una guapa y sobre todo inteligente bruja que pelea contra el mal ni mucho menos. Se trata de su nueva pel\u00edcula \u201cRegresi\u00f3n\u201d de la mano del famoso director ganador de un premio de la academia Alejandro Amen\u00e1bar. El\u2026","rel":"","context":"Entrada similar ","block_context":{"text":"Entrada similar ","link":""},"img":{"alt_text":"","src":"https:\/\/i0.wp.com\/kalot.com.mx\/site\/wp-content\/uploads\/2014\/06\/thumb.jpg?fit=650%2C433&ssl=1&resize=350%2C200","width":350,"height":200,"srcset":"https:\/\/i0.wp.com\/kalot.com.mx\/site\/wp-content\/uploads\/2014\/06\/thumb.jpg?fit=650%2C433&ssl=1&resize=350%2C200 1x, https:\/\/i0.wp.com\/kalot.com.mx\/site\/wp-content\/uploads\/2014\/06\/thumb.jpg?fit=650%2C433&ssl=1&resize=525%2C300 1.5x"},"classes":[]},{"id":8844,"url":"https:\/\/kalot.com.mx\/site\/2014\/01\/01\/emma-watson-deja-la-actuacion-por-un-tiempo\/","url_meta":{"origin":20390,"position":1},"title":"Emma Watson deja la actuaci\u00f3n\u2026 Por un tiempo.","author":"Ivan Mendez","date":"1 enero, 2014","format":false,"excerpt":"La joven actriz que interpretara a Hermione Granger en la famosa saga de Harry Potter, dejara la actuaci\u00f3n por un tiempo indeterminado para enfocarse en sus estudios de Literatura Inglesa. As\u00ed lo hizo saber hace unos d\u00edas en las redes sociales al mismo tiempo que deseaba suerte a todos los\u2026","rel":"","context":"Entrada similar ","block_context":{"text":"Entrada similar ","link":""},"img":{"alt_text":"","src":"https:\/\/i0.wp.com\/kalot.com.mx\/site\/wp-content\/uploads\/2014\/01\/crop.jpg?fit=580%2C773&ssl=1&resize=350%2C200","width":350,"height":200,"srcset":"https:\/\/i0.wp.com\/kalot.com.mx\/site\/wp-content\/uploads\/2014\/01\/crop.jpg?fit=580%2C773&ssl=1&resize=350%2C200 1x, https:\/\/i0.wp.com\/kalot.com.mx\/site\/wp-content\/uploads\/2014\/01\/crop.jpg?fit=580%2C773&ssl=1&resize=525%2C300 1.5x"},"classes":[]},{"id":24732,"url":"https:\/\/kalot.com.mx\/site\/2016\/01\/11\/y-ahora-un-poema-trailer-de-colonia-con-emma-watson\/","url_meta":{"origin":20390,"position":2},"title":"Y ahora, un poema. Tr\u00e1iler de COLONIA con Emma Watson","author":"Jorge Era\u00f1a","date":"11 enero, 2016","format":false,"excerpt":"Por si a\u00fan buscaban una raz\u00f3n para amar a Emma Watson, aqu\u00ed pueden ver el tr\u00e1iler de COLONIA. https:\/\/www.youtube.com\/watch?v=GYPS1GOgZZQ","rel":"","context":"En &quot;Cine&quot;","block_context":{"text":"Cine","link":"https:\/\/kalot.com.mx\/site\/category\/cine\/"},"img":{"alt_text":"","src":"https:\/\/i0.wp.com\/kalot.com.mx\/site\/wp-content\/uploads\/2016\/01\/colonia.jpg?fit=595%2C839&ssl=1&resize=350%2C200","width":350,"height":200,"srcset":"https:\/\/i0.wp.com\/kalot.com.mx\/site\/wp-content\/uploads\/2016\/01\/colonia.jpg?fit=595%2C839&ssl=1&resize=350%2C200 1x, https:\/\/i0.wp.com\/kalot.com.mx\/site\/wp-content\/uploads\/2016\/01\/colonia.jpg?fit=595%2C839&ssl=1&resize=525%2C300 1.5x"},"classes":[]},{"id":17138,"url":"https:\/\/kalot.com.mx\/site\/2014\/07\/04\/emma-watson-se-prepara-para-queen-tearling\/","url_meta":{"origin":20390,"position":3},"title":"Emma Watson se prepara para &#8220;The Queen of the tearling&#8221;","author":"Ivan Mendez","date":"4 julio, 2014","format":false,"excerpt":"No tenemos que sorprendernos al darnos cuenta de que la chica que se hizo famosa por ser la mejor y m\u00e1s inteligente amiga de Harry Potter, Emma Watson sea la que de aquel famoso trio es la que m\u00e1s a logrado tener el equilibrio entre el cine independiente y el\u2026","rel":"","context":"Entrada similar ","block_context":{"text":"Entrada similar ","link":""},"img":{"alt_text":"","src":"https:\/\/i0.wp.com\/kalot.com.mx\/site\/wp-content\/uploads\/2014\/07\/tumblr_n24rtfBj5w1rja9zto1_500.png?fit=500%2C750&ssl=1&resize=350%2C200","width":350,"height":200},"classes":[]},{"id":19553,"url":"https:\/\/kalot.com.mx\/site\/2014\/12\/23\/la-leyenda-de-korra-llega-su-final-haciendo-historia\/","url_meta":{"origin":20390,"position":4},"title":"La leyenda de Korra llega a su final haciendo historia.","author":"Ivan Mendez","date":"23 diciembre, 2014","format":false,"excerpt":"En 2012 lleg\u00f3 a la televisi\u00f3n de la mano de Nickelodeon La leyenda de Korra, serie de dibujos animados ubicada en un universo en las personas pueden, dependiendo de la\u00a0naci\u00f3n a la que pertenezcan, controlar un elemento. Dentro de esta idea existe tambi\u00e9n un \u00fanico humano con la capacidad para\u2026","rel":"","context":"Con 2 comentarios","block_context":{"text":"Con 2 comentarios","link":"https:\/\/kalot.com.mx\/site\/2014\/12\/23\/la-leyenda-de-korra-llega-su-final-haciendo-historia\/#comments"},"img":{"alt_text":"","src":"https:\/\/i0.wp.com\/kalot.com.mx\/site\/wp-content\/uploads\/2014\/12\/10868156_736260169784703_8403133624507052673_n.png?fit=960%2C534&ssl=1&resize=350%2C200","width":350,"height":200,"srcset":"https:\/\/i0.wp.com\/kalot.com.mx\/site\/wp-content\/uploads\/2014\/12\/10868156_736260169784703_8403133624507052673_n.png?fit=960%2C534&ssl=1&resize=350%2C200 1x, https:\/\/i0.wp.com\/kalot.com.mx\/site\/wp-content\/uploads\/2014\/12\/10868156_736260169784703_8403133624507052673_n.png?fit=960%2C534&ssl=1&resize=525%2C300 1.5x, https:\/\/i0.wp.com\/kalot.com.mx\/site\/wp-content\/uploads\/2014\/12\/10868156_736260169784703_8403133624507052673_n.png?fit=960%2C534&ssl=1&resize=700%2C400 2x"},"classes":[]},{"id":16058,"url":"https:\/\/kalot.com.mx\/site\/2014\/05\/15\/se-acerca-cenicienta\/","url_meta":{"origin":20390,"position":5},"title":"\u00a1Se acerca Cenicienta!","author":"Ivan Mendez","date":"15 mayo, 2014","format":false,"excerpt":"Con el estreno de Mal\u00e9fica a poco mas de dos semanas nos llega un peque\u00f1\u00edsimo avance de lo que podremos ver en cines en Marzo de 2015 (inicien la cuenta regresiva) de la mano de la compa\u00f1\u00eda del rat\u00f3n llegara a la gran pantalla el nuevo live-action: Cenicienta. El cuento\u2026","rel":"","context":"Entrada similar ","block_context":{"text":"Entrada similar ","link":""},"img":{"alt_text":"","src":"https:\/\/i0.wp.com\/kalot.com.mx\/site\/wp-content\/uploads\/2014\/05\/Screen-Shot-2014-05-15-at-18.41.22.png?fit=1178%2C748&ssl=1&resize=350%2C200","width":350,"height":200,"srcset":"https:\/\/i0.wp.com\/kalot.com.mx\/site\/wp-content\/uploads\/2014\/05\/Screen-Shot-2014-05-15-at-18.41.22.png?fit=1178%2C748&ssl=1&resize=350%2C200 1x, https:\/\/i0.wp.com\/kalot.com.mx\/site\/wp-content\/uploads\/2014\/05\/Screen-Shot-2014-05-15-at-18.41.22.png?fit=1178%2C748&ssl=1&resize=525%2C300 1.5x, https:\/\/i0.wp.com\/kalot.com.mx\/site\/wp-content\/uploads\/2014\/05\/Screen-Shot-2014-05-15-at-18.41.22.png?fit=1178%2C748&ssl=1&resize=700%2C400 2x, https:\/\/i0.wp.com\/kalot.com.mx\/site\/wp-content\/uploads\/2014\/05\/Screen-Shot-2014-05-15-at-18.41.22.png?fit=1178%2C748&ssl=1&resize=1050%2C600 3x"},"classes":[]}],"jetpack_sharing_enabled":true,"_links":{"self":[{"href":"https:\/\/kalot.com.mx\/site\/wp-json\/wp\/v2\/posts\/20390","targetHints":{"allow":["GET"]}}],"collection":[{"href":"https:\/\/kalot.com.mx\/site\/wp-json\/wp\/v2\/posts"}],"about":[{"href":"https:\/\/kalot.com.mx\/site\/wp-json\/wp\/v2\/types\/post"}],"author":[{"embeddable":true,"href":"https:\/\/kalot.com.mx\/site\/wp-json\/wp\/v2\/users\/51"}],"replies":[{"embeddable":true,"href":"https:\/\/kalot.com.mx\/site\/wp-json\/wp\/v2\/comments?post=20390"}],"version-history":[{"count":0,"href":"https:\/\/kalot.com.mx\/site\/wp-json\/wp\/v2\/posts\/20390\/revisions"}],"wp:featuredmedia":[{"embeddable":true,"href":"https:\/\/kalot.com.mx\/site\/wp-json\/wp\/v2\/media\/20393"}],"wp:attachment":[{"href":"https:\/\/kalot.com.mx\/site\/wp-json\/wp\/v2\/media?parent=20390"}],"wp:term":[{"taxonomy":"category","embeddable":true,"href":"https:\/\/kalot.com.mx\/site\/wp-json\/wp\/v2\/categories?post=20390"},{"taxonomy":"post_tag","embeddable":true,"href":"https:\/\/kalot.com.mx\/site\/wp-json\/wp\/v2\/tags?post=20390"}],"curies":[{"name":"wp","href":"https:\/\/api.w.org\/{rel}","templated":true}]}}