{"id":20370,"date":"2015-02-10T08:55:28","date_gmt":"2015-02-10T14:55:28","guid":{"rendered":"http:\/\/www.kalot.com.mx\/?p=20370"},"modified":"2015-02-10T08:55:28","modified_gmt":"2015-02-10T14:55:28","slug":"spiderman-vaticina-cambio-radical-en-marvel-y-sony","status":"publish","type":"post","link":"https:\/\/kalot.com.mx\/site\/2015\/02\/10\/spiderman-vaticina-cambio-radical-en-marvel-y-sony\/","title":{"rendered":"SPIDERMAN VATICINA CAMBIO RADICAL en MARVEL y SONY"},"content":{"rendered":"<p style=\"text-align: justify\">Creo que esta es una de las m\u00e1s grandes sorpresas en lo que va del a\u00f1o, y quiz\u00e1 del a\u00f1o en cuanto al mundo cinematogr\u00e1fico, al mundo de h\u00e9roes, y al mundo de c\u00f3mics, por supuesto, en KALOT la emoci\u00f3n se hizo sentir a redobles de tambores y dem\u00e1s, porque es algo que en anteriores post hab\u00edamos comentado, la posibilidad de que nuestro amigable vecino llegara al mundo cinematogr\u00e1fico de MARVEL, sab\u00edamos del descontento con THE AMAZING SPIDERMAN 2, que fue pese a sus buenos n\u00fameros, mala por no alcanzar a su primera entrega, y de ah\u00ed, m\u00e1s las filtraciones de SONY, vimos como esa relaci\u00f3n con MARVEL viene a confirmarse desde el d\u00eda de ayer de manera oficial.<\/p>\n<p style=\"text-align: justify\">MARVEL, anuncio desde su p\u00e1gina oficial, que se a llegado a un acuerdo final para que en MARVEL STUDIOS puedan usar el maravilloso mundo del h\u00e9roe ar\u00e1cnido, algo que todos esper\u00e1bamos para verlo en CIVIL WAR, desde su anuncio, sab\u00edamos que SPIDERMAN deb\u00eda llegar si o s\u00ed al MARVEL CINEMATIC UNIVERSE entrelazando mundos, y el SPIDERVERSE es uno de los m\u00e1s atractivos por lo basto que resulta, la cantidad de personajes que se pueden usar, son tantos, que el universo creado a la fecha, puede dar un giro tan enorme como radical, porque simplemente piensen en que SPIDERMAN usar\u00edan, el cl\u00e1sico, Unlimited, superior, ultimate, the amazing, existen tantas variables, que es tan complicado pensar en este momento que l\u00ednea seguir\u00eda, podr\u00edamos ver incluso a IronSpider considerando la GUERRA CIVIL, podemos esperar ver al IronPatriot de NORMAN OSBORNE, podemos ver el DUENDE VERDE de ULTIMATE, podemos ver a N cantidad de personajes metidos en este universo, resulta impresionante lo que SPIDERMAN podr\u00eda causar en este universo.<\/p>\n<p style=\"text-align: justify\">PEEEEEROOOOO&#8230; no nos podemos emocionar as\u00ed como as\u00ed, porque debemos de pensar primero en como quedo el acuerdo, seg\u00fan esto, SONY va permitir que SPIDERMAN tenga aparici\u00f3n en UNA pel\u00edcula del MARVEL CINEMATIC UNIVERSE, que podr\u00eda ser un papel secundario, un CAMEO, un EP\u00cdLOGO, o un rol co-protagonista, no puede ser el titular de la misma, su participaci\u00f3n, puede ser o en CIVIL WAR, o en INFINITY WAR, a decisi\u00f3n de MARVEL, y seguido dependiendo del \u00e9xito que pueda representar para ambos incrementar\u00edan las participaciones, esto quiere decir que, la participaci\u00f3n de SPIDERMAN, se ver\u00eda limitada a una pel\u00edcula, con posibilidades de m\u00e1s, dependiendo del \u00e9xito, todo parece ser, que entrar\u00e1 en participaci\u00f3n en CIVIL WAR por el papel clave que juega en la versi\u00f3n del c\u00f3mic, y si el \u00e9xito de CAPIT\u00c1N AM\u00c9RICA 3, es tan brutal como se espera (Seguramente as\u00ed ser\u00e1), SONY, negociar\u00eda nuevamente, para incluirlo en otra pel\u00edcula m\u00e1s, que ser\u00eda en AVENGERS INFINITY WAR, pero eso ya es decisi\u00f3n de MARVEL.<\/p>\n<p style=\"text-align: justify\">Luego de esta participaci\u00f3n, SONY PICTURES, a visto modificado su SPIDERVERSE, recordemos que hasta hace poco, sab\u00edamos del disgusto por THE AMAZING SPIDERMAN 2, de ah\u00ed, vimos como se planteo una llave hacia explorar el universo del ar\u00e1cnido, por ah\u00ed dec\u00edan que ver\u00edamos cruzado diversos universos, con diversos SPIDERMAN compartiendo pel\u00edcula, ver\u00edamos a pel\u00edculas de LOS 6 SINIESTROS, VENOM Y CARNAGE, adem\u00e1s de una hero\u00edna del universo de SPIDERMAN, junto a THE AMAZING SPIDERMAN 3, todo esto con \u00a0ANDREW GARFIELD como estandarte principal, pero todo parece ser que no ser\u00e1 as\u00ed, hasta que nos den detalles de como operar\u00e1 su universo.<\/p>\n<p style=\"text-align: justify\">La FRANQUICIA, pertenece a SONY, eso no cambia, pero si sus pel\u00edculas, porque veremos un nuevo SPIDERMAN, su nueva pel\u00edcula, saldr\u00eda el 28 de JULIO de 2017, aprovechando el impacto que esta noticia gener\u00f3, ser\u00eda producida por KEVIN FEIGE y por AMY PASCAL, y que preparar\u00e1n el ambicioso proyecto, que parece ser, se hilar\u00eda al universo de MARVEL actual.<\/p>\n<p style=\"text-align: justify\">SONY, seguir\u00e1 financiando, distribuyendo y controlando lo creativo de las pel\u00edculas de SPIDERMAN, pero ir\u00e1n bajo la directriz de MARVEL, para rescatar al personaje, pero eso no es todo, MARVEL, como parte de la negociaci\u00f3n, permitir\u00eda oportunidades para integrar a personajes del MCU en pel\u00edculas del HOMBRE ARA\u00d1A, el CAPIT\u00c1N AM\u00c9RICA, IRONMAN, HULK, podr\u00edan tener participaciones con el amigable vecino.<\/p>\n<p style=\"text-align: justify\">Por otro lado, \u00bfQue pasar\u00e1 con THE AMAZING SPIDERMAN y su SPIDERVERSE? No lo sabemos, pero lo que es practicamente un hecho, es que el SPIDERMAN de este MCU NO SER\u00c1 ANDREW GARFIELD, PETER PARKER tendr\u00e1 nuevo rostro, y no, TOBEY MAGUIRE no regresar\u00e1, esto a generado el descontento de mucho, su papel, fue realmente bueno al punto de vista de muchos.<\/p>\n<p style=\"text-align: justify\">BOB IGER, el flamante CEO de THE WALT DISNEY COMPANY, declar\u00f3:\u00a0\u201cSpider-Man es uno de los personajes m\u00e1s grandes de Marvel, amado alrededor del mundo. Estamos emocionados de trabajar con Sony Pictures en traer el ic\u00f3nico lanza-telara\u00f1as al MCU, lo cual abre fant\u00e1sticas nuevas oportunidades de contar historias y construir franquicias\u201d.<\/p>\n<p style=\"text-align: justify\">Ahora, se manejan cambios de estrenos, esto por la nueva cinta ar\u00e1cnida, THOR: RAGNAROK, pasa del 28 de JULIO al 3 de NOVIEMBRE DEL 2017, y BLACK PANTHER se cambia al 6 DE JULIO de 2018, y as\u00ed CAPITAN MARVEL se pasa hasta NOVIEMBRE DEL 2018, por lo que THE INHUMANS llegar\u00eda en el 2019, en el mes de JULIO, el \u00fanico que no se sabe su cambio, es INFINITY WAR, y GUARDIANES DE LA GALAXIA 2.<\/p>\n<p style=\"text-align: justify\">Creemos que es el gran boom del cine de s\u00faper h\u00e9roes, sin dudas, y el \u00e9xito de la primera incursi\u00f3n de SPIDERMAN ser\u00e1 tan bueno, y tan rentable, que estar\u00e1 de si o s\u00ed, en AVENGERS INFINITY WAR, los cambios que se vienen, pueden ser tan grandes, que quiz\u00e1 la terca de FOX, pueda soltar un poco a FANTASTIC FOUR y a los XMEN, agradecer\u00edamos ver a un WOLVERINE y al DR. DOOM, ser\u00eda legendario ver a todo el universo MARVEL unido, pero paso a paso, por lo pronto, podremos disfrutar un poco de SPIDERMAN en el MARVEL CINEM\u00c1TIC UNIVERSE, lo que nos deja pensando, LA TORRE OSBORNE as\u00ed como NORMAN, \u00bfPodr\u00e1n tener participaci\u00f3n? En fin, numerosas variables se vienen en camino, solo nos queda divertirnos adivinando el que pasar\u00e1.<\/p>\n<p style=\"text-align: justify\">\n","protected":false},"excerpt":{"rendered":"Creo que esta es una de las m\u00e1s grandes sorpresas en lo que va del a\u00f1o, y quiz\u00e1&hellip;\n","protected":false},"author":11,"featured_media":20371,"comment_status":"open","ping_status":"open","sticky":false,"template":"","format":"standard","meta":{"jetpack_post_was_ever_published":false,"_jetpack_newsletter_access":"","_jetpack_dont_email_post_to_subs":false,"_jetpack_newsletter_tier_id":0,"_jetpack_memberships_contains_paywalled_content":false,"_jetpack_memberships_contains_paid_content":false,"footnotes":"","jetpack_publicize_message":"","jetpack_publicize_feature_enabled":true,"jetpack_social_post_already_shared":true,"jetpack_social_options":{"image_generator_settings":{"template":"highway","default_image_id":0,"font":"","enabled":false},"version":2}},"categories":[],"tags":[],"class_list":{"0":"post-20370","1":"post","2":"type-post","3":"status-publish","4":"format-standard","5":"has-post-thumbnail","7":"cs-entry","8":"cs-video-wrap"},"yoast_head":"<!-- This site is optimized with the Yoast SEO plugin v27.4 - https:\/\/yoast.com\/product\/yoast-seo-wordpress\/ -->\n<title>SPIDERMAN VATICINA CAMBIO RADICAL en MARVEL y SONY - Kalot<\/title>\n<meta name=\"description\" content=\"Creo que esta es una de las m\u00e1s grandes sorpresas en lo que va del a\u00f1o, y quiz\u00e1 del a\u00f1o en cuanto al mundo cinematogr\u00e1fico, al mundo de h\u00e9roes, y al mundo\" \/>\n<meta name=\"robots\" content=\"index, follow, max-snippet:-1, max-image-preview:large, max-video-preview:-1\" \/>\n<link rel=\"canonical\" href=\"https:\/\/kalot.com.mx\/site\/2015\/02\/10\/spiderman-vaticina-cambio-radical-en-marvel-y-sony\/\" \/>\n<meta property=\"og:locale\" content=\"es_MX\" \/>\n<meta property=\"og:type\" content=\"article\" \/>\n<meta property=\"og:title\" content=\"SPIDERMAN VATICINA CAMBIO RADICAL en MARVEL y SONY - Kalot\" \/>\n<meta property=\"og:description\" content=\"Creo que esta es una de las m\u00e1s grandes sorpresas en lo que va del a\u00f1o, y quiz\u00e1 del a\u00f1o en cuanto al mundo cinematogr\u00e1fico, al mundo de h\u00e9roes, y al mundo\" \/>\n<meta property=\"og:url\" content=\"https:\/\/kalot.com.mx\/site\/2015\/02\/10\/spiderman-vaticina-cambio-radical-en-marvel-y-sony\/\" \/>\n<meta property=\"og:site_name\" content=\"Kalot\" \/>\n<meta property=\"article:publisher\" content=\"http:\/\/facebook.com\/mxkalot\" \/>\n<meta property=\"article:published_time\" content=\"2015-02-10T14:55:28+00:00\" \/>\n<meta property=\"og:image\" content=\"https:\/\/i0.wp.com\/kalot.com.mx\/site\/wp-content\/uploads\/2015\/02\/NE8vR0s7EG0Lbc_3_b.jpg?fit=600%2C315&ssl=1\" \/>\n\t<meta property=\"og:image:width\" content=\"600\" \/>\n\t<meta property=\"og:image:height\" content=\"315\" \/>\n\t<meta property=\"og:image:type\" content=\"image\/jpeg\" \/>\n<meta name=\"author\" content=\"HM_MKT007\" \/>\n<meta name=\"twitter:card\" content=\"summary_large_image\" \/>\n<meta name=\"twitter:creator\" content=\"@HM_MKT007\" \/>\n<meta name=\"twitter:site\" content=\"@kalotmx\" \/>\n<meta name=\"twitter:label1\" content=\"Escrito por\" \/>\n\t<meta name=\"twitter:data1\" content=\"HM_MKT007\" \/>\n\t<meta name=\"twitter:label2\" content=\"Tiempo de lectura\" \/>\n\t<meta name=\"twitter:data2\" content=\"5 minutos\" \/>\n<!-- \/ Yoast SEO plugin. -->","yoast_head_json":{"title":"SPIDERMAN VATICINA CAMBIO RADICAL en MARVEL y SONY - Kalot","description":"Creo que esta es una de las m\u00e1s grandes sorpresas en lo que va del a\u00f1o, y quiz\u00e1 del a\u00f1o en cuanto al mundo cinematogr\u00e1fico, al mundo de h\u00e9roes, y al mundo","robots":{"index":"index","follow":"follow","max-snippet":"max-snippet:-1","max-image-preview":"max-image-preview:large","max-video-preview":"max-video-preview:-1"},"canonical":"https:\/\/kalot.com.mx\/site\/2015\/02\/10\/spiderman-vaticina-cambio-radical-en-marvel-y-sony\/","og_locale":"es_MX","og_type":"article","og_title":"SPIDERMAN VATICINA CAMBIO RADICAL en MARVEL y SONY - Kalot","og_description":"Creo que esta es una de las m\u00e1s grandes sorpresas en lo que va del a\u00f1o, y quiz\u00e1 del a\u00f1o en cuanto al mundo cinematogr\u00e1fico, al mundo de h\u00e9roes, y al mundo","og_url":"https:\/\/kalot.com.mx\/site\/2015\/02\/10\/spiderman-vaticina-cambio-radical-en-marvel-y-sony\/","og_site_name":"Kalot","article_publisher":"http:\/\/facebook.com\/mxkalot","article_published_time":"2015-02-10T14:55:28+00:00","og_image":[{"width":600,"height":315,"url":"https:\/\/i0.wp.com\/kalot.com.mx\/site\/wp-content\/uploads\/2015\/02\/NE8vR0s7EG0Lbc_3_b.jpg?fit=600%2C315&ssl=1","type":"image\/jpeg"}],"author":"HM_MKT007","twitter_card":"summary_large_image","twitter_creator":"@HM_MKT007","twitter_site":"@kalotmx","twitter_misc":{"Escrito por":"HM_MKT007","Tiempo de lectura":"5 minutos"},"schema":{"@context":"https:\/\/schema.org","@graph":[{"@type":"Article","@id":"https:\/\/kalot.com.mx\/site\/2015\/02\/10\/spiderman-vaticina-cambio-radical-en-marvel-y-sony\/#article","isPartOf":{"@id":"https:\/\/kalot.com.mx\/site\/2015\/02\/10\/spiderman-vaticina-cambio-radical-en-marvel-y-sony\/"},"author":{"name":"HM_MKT007","@id":"https:\/\/kalot.com.mx\/site\/#\/schema\/person\/60f6fe29bfd83707f2738bccc81156ec"},"headline":"SPIDERMAN VATICINA CAMBIO RADICAL en MARVEL y SONY","datePublished":"2015-02-10T14:55:28+00:00","mainEntityOfPage":{"@id":"https:\/\/kalot.com.mx\/site\/2015\/02\/10\/spiderman-vaticina-cambio-radical-en-marvel-y-sony\/"},"wordCount":1072,"commentCount":0,"publisher":{"@id":"https:\/\/kalot.com.mx\/site\/#organization"},"image":{"@id":"https:\/\/kalot.com.mx\/site\/2015\/02\/10\/spiderman-vaticina-cambio-radical-en-marvel-y-sony\/#primaryimage"},"thumbnailUrl":"https:\/\/i0.wp.com\/kalot.com.mx\/site\/wp-content\/uploads\/2015\/02\/NE8vR0s7EG0Lbc_3_b.jpg?fit=600%2C315&ssl=1","inLanguage":"es","potentialAction":[{"@type":"CommentAction","name":"Comment","target":["https:\/\/kalot.com.mx\/site\/2015\/02\/10\/spiderman-vaticina-cambio-radical-en-marvel-y-sony\/#respond"]}]},{"@type":"WebPage","@id":"https:\/\/kalot.com.mx\/site\/2015\/02\/10\/spiderman-vaticina-cambio-radical-en-marvel-y-sony\/","url":"https:\/\/kalot.com.mx\/site\/2015\/02\/10\/spiderman-vaticina-cambio-radical-en-marvel-y-sony\/","name":"SPIDERMAN VATICINA CAMBIO RADICAL en MARVEL y SONY - Kalot","isPartOf":{"@id":"https:\/\/kalot.com.mx\/site\/#website"},"primaryImageOfPage":{"@id":"https:\/\/kalot.com.mx\/site\/2015\/02\/10\/spiderman-vaticina-cambio-radical-en-marvel-y-sony\/#primaryimage"},"image":{"@id":"https:\/\/kalot.com.mx\/site\/2015\/02\/10\/spiderman-vaticina-cambio-radical-en-marvel-y-sony\/#primaryimage"},"thumbnailUrl":"https:\/\/i0.wp.com\/kalot.com.mx\/site\/wp-content\/uploads\/2015\/02\/NE8vR0s7EG0Lbc_3_b.jpg?fit=600%2C315&ssl=1","datePublished":"2015-02-10T14:55:28+00:00","description":"Creo que esta es una de las m\u00e1s grandes sorpresas en lo que va del a\u00f1o, y quiz\u00e1 del a\u00f1o en cuanto al mundo cinematogr\u00e1fico, al mundo de h\u00e9roes, y al mundo","breadcrumb":{"@id":"https:\/\/kalot.com.mx\/site\/2015\/02\/10\/spiderman-vaticina-cambio-radical-en-marvel-y-sony\/#breadcrumb"},"inLanguage":"es","potentialAction":[{"@type":"ReadAction","target":["https:\/\/kalot.com.mx\/site\/2015\/02\/10\/spiderman-vaticina-cambio-radical-en-marvel-y-sony\/"]}]},{"@type":"ImageObject","inLanguage":"es","@id":"https:\/\/kalot.com.mx\/site\/2015\/02\/10\/spiderman-vaticina-cambio-radical-en-marvel-y-sony\/#primaryimage","url":"https:\/\/i0.wp.com\/kalot.com.mx\/site\/wp-content\/uploads\/2015\/02\/NE8vR0s7EG0Lbc_3_b.jpg?fit=600%2C315&ssl=1","contentUrl":"https:\/\/i0.wp.com\/kalot.com.mx\/site\/wp-content\/uploads\/2015\/02\/NE8vR0s7EG0Lbc_3_b.jpg?fit=600%2C315&ssl=1","width":600,"height":315},{"@type":"BreadcrumbList","@id":"https:\/\/kalot.com.mx\/site\/2015\/02\/10\/spiderman-vaticina-cambio-radical-en-marvel-y-sony\/#breadcrumb","itemListElement":[{"@type":"ListItem","position":1,"name":"Home","item":"https:\/\/kalot.com.mx\/site\/"},{"@type":"ListItem","position":2,"name":"SPIDERMAN VATICINA CAMBIO RADICAL en MARVEL y SONY"}]},{"@type":"WebSite","@id":"https:\/\/kalot.com.mx\/site\/#website","url":"https:\/\/kalot.com.mx\/site\/","name":"Kalot","description":"Conoce Todo Sobre Todo","publisher":{"@id":"https:\/\/kalot.com.mx\/site\/#organization"},"potentialAction":[{"@type":"SearchAction","target":{"@type":"EntryPoint","urlTemplate":"https:\/\/kalot.com.mx\/site\/?s={search_term_string}"},"query-input":{"@type":"PropertyValueSpecification","valueRequired":true,"valueName":"search_term_string"}}],"inLanguage":"es"},{"@type":"Organization","@id":"https:\/\/kalot.com.mx\/site\/#organization","name":"Kalot","url":"https:\/\/kalot.com.mx\/site\/","logo":{"@type":"ImageObject","inLanguage":"es","@id":"https:\/\/kalot.com.mx\/site\/#\/schema\/logo\/image\/","url":"https:\/\/i0.wp.com\/kalot.com.mx\/site\/wp-content\/uploads\/2020\/04\/Kalot-logo-sin-tagline.png?fit=1707%2C1014&ssl=1","contentUrl":"https:\/\/i0.wp.com\/kalot.com.mx\/site\/wp-content\/uploads\/2020\/04\/Kalot-logo-sin-tagline.png?fit=1707%2C1014&ssl=1","width":1707,"height":1014,"caption":"Kalot"},"image":{"@id":"https:\/\/kalot.com.mx\/site\/#\/schema\/logo\/image\/"},"sameAs":["http:\/\/facebook.com\/mxkalot","https:\/\/x.com\/kalotmx","http:\/\/instagram.com\/kalotmx","http:\/\/pinterest.com\/jorgeerana\/kalot"]},{"@type":"Person","@id":"https:\/\/kalot.com.mx\/site\/#\/schema\/person\/60f6fe29bfd83707f2738bccc81156ec","name":"HM_MKT007","image":{"@type":"ImageObject","inLanguage":"es","@id":"https:\/\/secure.gravatar.com\/avatar\/8d5ec09079a21301186c9f7e8b973012363772e45326c576666fe5c082ebd717?s=96&d=mm&r=g","url":"https:\/\/secure.gravatar.com\/avatar\/8d5ec09079a21301186c9f7e8b973012363772e45326c576666fe5c082ebd717?s=96&d=mm&r=g","contentUrl":"https:\/\/secure.gravatar.com\/avatar\/8d5ec09079a21301186c9f7e8b973012363772e45326c576666fe5c082ebd717?s=96&d=mm&r=g","caption":"HM_MKT007"},"sameAs":["https:\/\/x.com\/@HM_MKT007"],"url":"https:\/\/kalot.com.mx\/site\/author\/hectorhdz\/"}]}},"jetpack_publicize_connections":[],"jetpack_featured_media_url":"https:\/\/i0.wp.com\/kalot.com.mx\/site\/wp-content\/uploads\/2015\/02\/NE8vR0s7EG0Lbc_3_b.jpg?fit=600%2C315&ssl=1","jetpack_shortlink":"https:\/\/wp.me\/p6IHEI-5iy","jetpack-related-posts":[{"id":20025,"url":"https:\/\/kalot.com.mx\/site\/2015\/01\/14\/sony-y-marvel-ya-habrian-cerrado-el-trato-por-spiderman\/","url_meta":{"origin":20370,"position":0},"title":"\u00bfSONY y MARVEL ya habr\u00edan cerrado el trato por SPIDERMAN?","author":"HM_MKT007","date":"14 enero, 2015","format":false,"excerpt":"Hace mucho, habl\u00e1bamos de este tema precisamente, pero sabemos que no llego a buen puerto para que el HOMBRE ARA\u00d1A apareciera en la 3era parte de CAPITAN AMERICA, CIVIL WAR, pero al parecer, en los \u00faltimos meses, la conversaci\u00f3n se retomo. Con parte del robo de informaci\u00f3n a SONY PICTURES\u2026","rel":"","context":"Con 1 comentario","block_context":{"text":"Con 1 comentario","link":"https:\/\/kalot.com.mx\/site\/2015\/01\/14\/sony-y-marvel-ya-habrian-cerrado-el-trato-por-spiderman\/#comments"},"img":{"alt_text":"","src":"https:\/\/i0.wp.com\/kalot.com.mx\/site\/wp-content\/uploads\/2015\/01\/7756.jpg?fit=1200%2C782&ssl=1&resize=350%2C200","width":350,"height":200,"srcset":"https:\/\/i0.wp.com\/kalot.com.mx\/site\/wp-content\/uploads\/2015\/01\/7756.jpg?fit=1200%2C782&ssl=1&resize=350%2C200 1x, https:\/\/i0.wp.com\/kalot.com.mx\/site\/wp-content\/uploads\/2015\/01\/7756.jpg?fit=1200%2C782&ssl=1&resize=525%2C300 1.5x, https:\/\/i0.wp.com\/kalot.com.mx\/site\/wp-content\/uploads\/2015\/01\/7756.jpg?fit=1200%2C782&ssl=1&resize=700%2C400 2x, https:\/\/i0.wp.com\/kalot.com.mx\/site\/wp-content\/uploads\/2015\/01\/7756.jpg?fit=1200%2C782&ssl=1&resize=1050%2C600 3x"},"classes":[]},{"id":30901,"url":"https:\/\/kalot.com.mx\/site\/2019\/01\/06\/vaya-sorpresa-la-de-spiderman-un-nuevo-universo\/","url_meta":{"origin":20370,"position":1},"title":"\u00a1\u00a1\u00a1Vaya sorpresa la de SPIDERMAN UN NUEVO UNIVERSO!!!","author":"HM_MKT007","date":"6 enero, 2019","format":false,"excerpt":"Hace apenas unas semanas, se estren\u00f3 la m\u00e1s reciente pel\u00edcula de SPIDERMAN, y a diferencia del MCU, esta pel\u00edcula es versi\u00f3n animada y pese a ello, es una de las m\u00e1s grandes sorpresas que dej\u00f3 el 2018. Cuando anunciaron esta pel\u00edcula de SPIDERMAN, a todos nos tom\u00f3 por sorpresa, porque\u2026","rel":"","context":"En &quot;Cine&quot;","block_context":{"text":"Cine","link":"https:\/\/kalot.com.mx\/site\/category\/cine\/"},"img":{"alt_text":"","src":"https:\/\/i0.wp.com\/kalot.com.mx\/site\/wp-content\/uploads\/2019\/01\/spidermanfotocontenido-97ef3452ea2083f1f66443115511d20a-1200x600.jpg?fit=1200%2C600&ssl=1&resize=350%2C200","width":350,"height":200,"srcset":"https:\/\/i0.wp.com\/kalot.com.mx\/site\/wp-content\/uploads\/2019\/01\/spidermanfotocontenido-97ef3452ea2083f1f66443115511d20a-1200x600.jpg?fit=1200%2C600&ssl=1&resize=350%2C200 1x, https:\/\/i0.wp.com\/kalot.com.mx\/site\/wp-content\/uploads\/2019\/01\/spidermanfotocontenido-97ef3452ea2083f1f66443115511d20a-1200x600.jpg?fit=1200%2C600&ssl=1&resize=525%2C300 1.5x, https:\/\/i0.wp.com\/kalot.com.mx\/site\/wp-content\/uploads\/2019\/01\/spidermanfotocontenido-97ef3452ea2083f1f66443115511d20a-1200x600.jpg?fit=1200%2C600&ssl=1&resize=700%2C400 2x, https:\/\/i0.wp.com\/kalot.com.mx\/site\/wp-content\/uploads\/2019\/01\/spidermanfotocontenido-97ef3452ea2083f1f66443115511d20a-1200x600.jpg?fit=1200%2C600&ssl=1&resize=1050%2C600 3x"},"classes":[]},{"id":22245,"url":"https:\/\/kalot.com.mx\/site\/2015\/07\/14\/que-hace-diferente-a-dc-de-marvel-en-el-mundo-cinematografico\/","url_meta":{"origin":20370,"position":2},"title":"\u00bfQu\u00e9 hace diferente a DC de MARVEL en el mundo cinematogr\u00e1fico?","author":"HM_MKT007","date":"14 julio, 2015","format":false,"excerpt":"El mundo cinematogr\u00e1fico de los c\u00f3mics, ha tenido un crecimiento enorme, realmente enorme, algo que es sorprendente y que ha marcado una verdadera l\u00ednea de cine, que genera dinero, que es agradable, que es divertido, y que ha generado cambios en otros segmentos, como lo es el de los c\u00f3mics,\u2026","rel":"","context":"Con 5 comentarios","block_context":{"text":"Con 5 comentarios","link":"https:\/\/kalot.com.mx\/site\/2015\/07\/14\/que-hace-diferente-a-dc-de-marvel-en-el-mundo-cinematografico\/#comments"},"img":{"alt_text":"","src":"https:\/\/i0.wp.com\/kalot.com.mx\/site\/wp-content\/uploads\/2015\/07\/Marvel-DC-ComicBook-Movies.jpg?fit=1000%2C500&ssl=1&resize=350%2C200","width":350,"height":200,"srcset":"https:\/\/i0.wp.com\/kalot.com.mx\/site\/wp-content\/uploads\/2015\/07\/Marvel-DC-ComicBook-Movies.jpg?fit=1000%2C500&ssl=1&resize=350%2C200 1x, https:\/\/i0.wp.com\/kalot.com.mx\/site\/wp-content\/uploads\/2015\/07\/Marvel-DC-ComicBook-Movies.jpg?fit=1000%2C500&ssl=1&resize=525%2C300 1.5x, https:\/\/i0.wp.com\/kalot.com.mx\/site\/wp-content\/uploads\/2015\/07\/Marvel-DC-ComicBook-Movies.jpg?fit=1000%2C500&ssl=1&resize=700%2C400 2x"},"classes":[]},{"id":18993,"url":"https:\/\/kalot.com.mx\/site\/2014\/10\/28\/analisis-inicial-de-las-peliculas-de-marvel-hasta-2019\/","url_meta":{"origin":20370,"position":3},"title":"AN\u00c1LISIS INICIAL DE LAS PEL\u00cdCULAS DE MARVEL HASTA 2019","author":"HM_MKT007","date":"28 octubre, 2014","format":false,"excerpt":"Bueno, con toda la emoci\u00f3n de THE AVENGERS AGE OF ULTRON, estamos todos esperando m\u00e1s y m\u00e1s de MARVEL, y creo que todos estamos a la espera de ver que h\u00e9roes llegar\u00e1n, y en KALOT hice un post de JUGUEMOS A ADIVINAR con: MARVEL CINEMATIC UNIVERSE, donde vaticin\u00e1bamos mucho de\u2026","rel":"","context":"Con 1 comentario","block_context":{"text":"Con 1 comentario","link":"https:\/\/kalot.com.mx\/site\/2014\/10\/28\/analisis-inicial-de-las-peliculas-de-marvel-hasta-2019\/#comments"},"img":{"alt_text":"","src":"https:\/\/i0.wp.com\/kalot.com.mx\/site\/wp-content\/uploads\/2014\/10\/Marvel-Studios.jpg?fit=800%2C511&ssl=1&resize=350%2C200","width":350,"height":200,"srcset":"https:\/\/i0.wp.com\/kalot.com.mx\/site\/wp-content\/uploads\/2014\/10\/Marvel-Studios.jpg?fit=800%2C511&ssl=1&resize=350%2C200 1x, https:\/\/i0.wp.com\/kalot.com.mx\/site\/wp-content\/uploads\/2014\/10\/Marvel-Studios.jpg?fit=800%2C511&ssl=1&resize=525%2C300 1.5x, https:\/\/i0.wp.com\/kalot.com.mx\/site\/wp-content\/uploads\/2014\/10\/Marvel-Studios.jpg?fit=800%2C511&ssl=1&resize=700%2C400 2x"},"classes":[]},{"id":20879,"url":"https:\/\/kalot.com.mx\/site\/2015\/03\/24\/peter-parker-sera-el-spiderman-de-civil-war\/","url_meta":{"origin":20370,"position":4},"title":"PETER PARKER ser\u00e1 el SPIDERMAN de CIVIL WAR","author":"HM_MKT007","date":"24 marzo, 2015","format":false,"excerpt":"Hace un poco tiempo, nos llegaba una de las mejores noticias de los \u00faltimos a\u00f1os respecto al mundo de los s\u00faper h\u00e9roes en pantalla grande, SPIDERMAN, el hijo pr\u00f3digo, \"regresaba\" en cierta medida a MARVEL, y lo podremos ver en acci\u00f3n en la tercera entrega de CAPIT\u00c1N AM\u00c9RICA, la aclamada\u2026","rel":"","context":"Con 1 comentario","block_context":{"text":"Con 1 comentario","link":"https:\/\/kalot.com.mx\/site\/2015\/03\/24\/peter-parker-sera-el-spiderman-de-civil-war\/#comments"},"img":{"alt_text":"","src":"https:\/\/i0.wp.com\/kalot.com.mx\/site\/wp-content\/uploads\/2015\/03\/Amazing-Spider-Man-1-top.jpg?fit=630%2C420&ssl=1&resize=350%2C200","width":350,"height":200,"srcset":"https:\/\/i0.wp.com\/kalot.com.mx\/site\/wp-content\/uploads\/2015\/03\/Amazing-Spider-Man-1-top.jpg?fit=630%2C420&ssl=1&resize=350%2C200 1x, https:\/\/i0.wp.com\/kalot.com.mx\/site\/wp-content\/uploads\/2015\/03\/Amazing-Spider-Man-1-top.jpg?fit=630%2C420&ssl=1&resize=525%2C300 1.5x"},"classes":[]},{"id":18021,"url":"https:\/\/kalot.com.mx\/site\/2014\/09\/09\/juguemos-adivinar-con-spiderman-cinematic-universe\/","url_meta":{"origin":20370,"position":5},"title":"JUGUEMOS A ADIVINAR con: SPIDERMAN CINEMATIC UNIVERSE","author":"HM_MKT007","date":"9 septiembre, 2014","format":false,"excerpt":"Haaaaa LOS S\u00daPERHEROES, esos grandes hombres y mujeres protectores del bien y la justicia, y generadores de millones de d\u00f3lares para la industria del cine y sus casas productoras. La verdad, es que estamos en un momento de cine, donde podemos decir, que todo lo referente a esto, genera expectativa,\u2026","rel":"","context":"Entrada similar ","block_context":{"text":"Entrada similar ","link":""},"img":{"alt_text":"","src":"https:\/\/i0.wp.com\/kalot.com.mx\/site\/wp-content\/uploads\/2014\/09\/23083.jpg?fit=1200%2C635&ssl=1&resize=350%2C200","width":350,"height":200,"srcset":"https:\/\/i0.wp.com\/kalot.com.mx\/site\/wp-content\/uploads\/2014\/09\/23083.jpg?fit=1200%2C635&ssl=1&resize=350%2C200 1x, https:\/\/i0.wp.com\/kalot.com.mx\/site\/wp-content\/uploads\/2014\/09\/23083.jpg?fit=1200%2C635&ssl=1&resize=525%2C300 1.5x, https:\/\/i0.wp.com\/kalot.com.mx\/site\/wp-content\/uploads\/2014\/09\/23083.jpg?fit=1200%2C635&ssl=1&resize=700%2C400 2x, https:\/\/i0.wp.com\/kalot.com.mx\/site\/wp-content\/uploads\/2014\/09\/23083.jpg?fit=1200%2C635&ssl=1&resize=1050%2C600 3x"},"classes":[]}],"jetpack_sharing_enabled":true,"_links":{"self":[{"href":"https:\/\/kalot.com.mx\/site\/wp-json\/wp\/v2\/posts\/20370","targetHints":{"allow":["GET"]}}],"collection":[{"href":"https:\/\/kalot.com.mx\/site\/wp-json\/wp\/v2\/posts"}],"about":[{"href":"https:\/\/kalot.com.mx\/site\/wp-json\/wp\/v2\/types\/post"}],"author":[{"embeddable":true,"href":"https:\/\/kalot.com.mx\/site\/wp-json\/wp\/v2\/users\/11"}],"replies":[{"embeddable":true,"href":"https:\/\/kalot.com.mx\/site\/wp-json\/wp\/v2\/comments?post=20370"}],"version-history":[{"count":0,"href":"https:\/\/kalot.com.mx\/site\/wp-json\/wp\/v2\/posts\/20370\/revisions"}],"wp:featuredmedia":[{"embeddable":true,"href":"https:\/\/kalot.com.mx\/site\/wp-json\/wp\/v2\/media\/20371"}],"wp:attachment":[{"href":"https:\/\/kalot.com.mx\/site\/wp-json\/wp\/v2\/media?parent=20370"}],"wp:term":[{"taxonomy":"category","embeddable":true,"href":"https:\/\/kalot.com.mx\/site\/wp-json\/wp\/v2\/categories?post=20370"},{"taxonomy":"post_tag","embeddable":true,"href":"https:\/\/kalot.com.mx\/site\/wp-json\/wp\/v2\/tags?post=20370"}],"curies":[{"name":"wp","href":"https:\/\/api.w.org\/{rel}","templated":true}]}}