{"id":20354,"date":"2015-02-09T21:45:40","date_gmt":"2015-02-10T03:45:40","guid":{"rendered":"http:\/\/www.kalot.com.mx\/?p=20354"},"modified":"2015-02-10T01:21:00","modified_gmt":"2015-02-10T07:21:00","slug":"better-call-saul-episodio-uno-resena","status":"publish","type":"post","link":"https:\/\/kalot.com.mx\/site\/2015\/02\/09\/better-call-saul-episodio-uno-resena\/","title":{"rendered":"Better Call Saul: Episodio Uno [Rese\u00f1a]"},"content":{"rendered":"<p style=\"text-align: justify\">Hablar de <strong>Breaking Bad<\/strong> es hablar de uno de los mejores dramas\u00a0de la TV en los \u00faltimos tiempos, que pasar\u00e1 a la historia como serie de culto al nivel de Lost o Law and Order. Este \u00e9xito gener\u00f3 una oleada de fans incondicionales, que esperaban algo m\u00e1s de<strong> las aventuras de Walter White<\/strong> y sus aliados\/rivales, que en ocasiones eran la misma persona.<\/p>\n<p style=\"text-align: justify\"><strong>Vince Gilligan<\/strong>, despu\u00e9s\u00a0del impacto medi\u00e1tico <span style=\"text-decoration: line-through\">y la cantidad de dinero <\/span>que generaba su peque\u00f1a creaci\u00f3n, decidi\u00f3 complacer a los fans y junto con <strong>AMC<\/strong> (productora de BB) y <strong>Netflix, que ha dado bastante de qu\u00e9 hablar \u00faltimamente<\/strong>, realiz\u00f3 una precuela de la serie. M\u00e1s espec\u00edficamente de uno de los personajes m\u00e1s queridos y, en mi punto de vista, mejor desarrollados de la misma: <strong>Saul Goodman<\/strong>.<\/p>\n<p style=\"text-align: justify\">Saul Goodman, el querido villano, la cara simp\u00e1tica tras<strong> el abogado corrupto<\/strong> que lava el dinero generado por los negocios de Walter y Jesse. El personaje secundario <em>cuasi<\/em> buf\u00f3n de la serie. En fin,<strong> uno de mis preferidos<\/strong>.<\/p>\n<p style=\"text-align: justify\"><a href=\"https:\/\/i0.wp.com\/www.kalot.com.mx\/wp-content\/uploads\/2015\/02\/better-call-saul.png\"><img data-recalc-dims=\"1\" fetchpriority=\"high\" decoding=\"async\" data-attachment-id=\"20355\" data-permalink=\"https:\/\/kalot.com.mx\/site\/2015\/02\/09\/better-call-saul-episodio-uno-resena\/better-call-saul\/\" data-orig-file=\"https:\/\/i0.wp.com\/kalot.com.mx\/site\/wp-content\/uploads\/2015\/02\/better-call-saul.png?fit=770%2C540&amp;ssl=1\" data-orig-size=\"770,540\" data-comments-opened=\"1\" data-image-meta=\"{&quot;aperture&quot;:&quot;0&quot;,&quot;credit&quot;:&quot;&quot;,&quot;camera&quot;:&quot;&quot;,&quot;caption&quot;:&quot;&quot;,&quot;created_timestamp&quot;:&quot;0&quot;,&quot;copyright&quot;:&quot;&quot;,&quot;focal_length&quot;:&quot;0&quot;,&quot;iso&quot;:&quot;0&quot;,&quot;shutter_speed&quot;:&quot;0&quot;,&quot;title&quot;:&quot;&quot;,&quot;orientation&quot;:&quot;0&quot;}\" data-image-title=\"better-call-saul\" data-image-description=\"\" data-image-caption=\"\" data-large-file=\"https:\/\/i0.wp.com\/kalot.com.mx\/site\/wp-content\/uploads\/2015\/02\/better-call-saul.png?fit=770%2C540&amp;ssl=1\" class=\"alignnone size-medium wp-image-20355\" src=\"https:\/\/i0.wp.com\/www.kalot.com.mx\/wp-content\/uploads\/2015\/02\/better-call-saul-300x210.png?resize=300%2C210\" alt=\"better-call-saul\" width=\"300\" height=\"210\" srcset=\"https:\/\/i0.wp.com\/kalot.com.mx\/site\/wp-content\/uploads\/2015\/02\/better-call-saul.png?resize=300%2C210&amp;ssl=1 300w, https:\/\/i0.wp.com\/kalot.com.mx\/site\/wp-content\/uploads\/2015\/02\/better-call-saul.png?resize=768%2C539&amp;ssl=1 768w, https:\/\/i0.wp.com\/kalot.com.mx\/site\/wp-content\/uploads\/2015\/02\/better-call-saul.png?resize=380%2C266&amp;ssl=1 380w, https:\/\/i0.wp.com\/kalot.com.mx\/site\/wp-content\/uploads\/2015\/02\/better-call-saul.png?w=770&amp;ssl=1 770w\" sizes=\"(max-width: 300px) 100vw, 300px\" \/><\/a><\/p>\n<p style=\"text-align: justify\">Podr\u00e1n ver, por lo anterior, que estaba bastante entusiasmado con el anuncio de <em>Better Call Saul<\/em>, una mezcla entre drama y comedia, con el genial <strong>Bob Odenkirk<\/strong> en la, al parecer, gran oportunidad de su carrera, que despegara\u00a0realmente con Breaking Bad.<\/p>\n<p style=\"text-align: justify\">Por lo que ayer, a pesar de tener ocupaciones matutinas, esper\u00e9 pacientemente hasta pasada la madrugada\u00a0<em>(\u00a1En Netflix! \u00a1S\u00ed, nada de descargas ni streamings clandestinos!<\/em>) y, sinti\u00e9ndome de primer mundo, acud\u00ed al estreno mundial de <strong>Better Call Saul.<\/strong><\/p>\n<p style=\"text-align: justify\">De <em><strong>Uno<\/strong><\/em>, el primer episodio de la serie podemos decir\u00a0que<strong>\u00a0no decepciona<\/strong>, sin embargo, no podr\u00eda decir si en realidad cumple con las expectativas tan altas (<em>\u00bfalguna vez, alguna serie o pel\u00edcula lo hace?<\/em>). A continuaci\u00f3n una sinopsis breve y\u00a0<em>libre de spoilers<\/em><\/p>\n<p style=\"text-align: justify\"><img data-recalc-dims=\"1\" decoding=\"async\" data-attachment-id=\"20356\" data-permalink=\"https:\/\/kalot.com.mx\/site\/2015\/02\/09\/better-call-saul-episodio-uno-resena\/o-saul-facebook\/\" data-orig-file=\"https:\/\/i0.wp.com\/kalot.com.mx\/site\/wp-content\/uploads\/2015\/02\/o-SAUL-facebook.jpg?fit=2000%2C1000&amp;ssl=1\" data-orig-size=\"2000,1000\" data-comments-opened=\"1\" data-image-meta=\"{&quot;aperture&quot;:&quot;0&quot;,&quot;credit&quot;:&quot;Ursula Coyote\/AMC&quot;,&quot;camera&quot;:&quot;&quot;,&quot;caption&quot;:&quot;Bob Odenkirk as Saul Goodman - Better Call Saul _ Season 1, Episode 1 - Photo Credit: Ursula Coyote\/AMC&quot;,&quot;created_timestamp&quot;:&quot;1401932000&quot;,&quot;copyright&quot;:&quot;\\u00a9 AMC Network Entertainment LLC. and Sony Pictures Television Inc. All Rights Reserved.&quot;,&quot;focal_length&quot;:&quot;0&quot;,&quot;iso&quot;:&quot;0&quot;,&quot;shutter_speed&quot;:&quot;0&quot;,&quot;title&quot;:&quot;&quot;,&quot;orientation&quot;:&quot;0&quot;}\" data-image-title=\"o-SAUL-facebook\" data-image-description=\"&lt;p&gt;Bob Odenkirk as Saul Goodman &amp;#8211; Better Call Saul _ Season 1, Episode 1 &amp;#8211; Photo Credit: Ursula Coyote\/AMC&lt;\/p&gt;\n\" data-image-caption=\"\" data-large-file=\"https:\/\/i0.wp.com\/kalot.com.mx\/site\/wp-content\/uploads\/2015\/02\/o-SAUL-facebook.jpg?fit=1024%2C512&amp;ssl=1\" class=\"alignnone size-medium wp-image-20356\" src=\"https:\/\/i0.wp.com\/www.kalot.com.mx\/wp-content\/uploads\/2015\/02\/o-SAUL-facebook-300x150.jpg?resize=300%2C150\" alt=\"o-SAUL-facebook\" width=\"300\" height=\"150\" srcset=\"https:\/\/i0.wp.com\/kalot.com.mx\/site\/wp-content\/uploads\/2015\/02\/o-SAUL-facebook.jpg?resize=300%2C150&amp;ssl=1 300w, https:\/\/i0.wp.com\/kalot.com.mx\/site\/wp-content\/uploads\/2015\/02\/o-SAUL-facebook.jpg?resize=768%2C384&amp;ssl=1 768w, https:\/\/i0.wp.com\/kalot.com.mx\/site\/wp-content\/uploads\/2015\/02\/o-SAUL-facebook.jpg?resize=1536%2C768&amp;ssl=1 1536w, https:\/\/i0.wp.com\/kalot.com.mx\/site\/wp-content\/uploads\/2015\/02\/o-SAUL-facebook.jpg?resize=380%2C190&amp;ssl=1 380w, https:\/\/i0.wp.com\/kalot.com.mx\/site\/wp-content\/uploads\/2015\/02\/o-SAUL-facebook.jpg?resize=800%2C400&amp;ssl=1 800w, https:\/\/i0.wp.com\/kalot.com.mx\/site\/wp-content\/uploads\/2015\/02\/o-SAUL-facebook.jpg?resize=1160%2C580&amp;ssl=1 1160w, https:\/\/i0.wp.com\/kalot.com.mx\/site\/wp-content\/uploads\/2015\/02\/o-SAUL-facebook.jpg?resize=1024%2C512&amp;ssl=1 1024w, https:\/\/i0.wp.com\/kalot.com.mx\/site\/wp-content\/uploads\/2015\/02\/o-SAUL-facebook.jpg?resize=810%2C405&amp;ssl=1 810w, https:\/\/i0.wp.com\/kalot.com.mx\/site\/wp-content\/uploads\/2015\/02\/o-SAUL-facebook.jpg?resize=1140%2C570&amp;ssl=1 1140w, https:\/\/i0.wp.com\/kalot.com.mx\/site\/wp-content\/uploads\/2015\/02\/o-SAUL-facebook.jpg?w=2000&amp;ssl=1 2000w\" sizes=\"(max-width: 300px) 100vw, 300px\" \/><\/p>\n<p style=\"text-align: justify\">Tras un breve <em>flashback<\/em> de lo que pas\u00f3 meses despu\u00e9s del final de Breaking Bad, nos situamos en la trama de la serie: Odenkirk interpreta a <strong>Jimmy McGuill<\/strong>, un abogado de poca monta, que practica abogac\u00eda de oficio para vivir, <strong>insatisfecho por sus fracasos personales y profesionales<\/strong>, y que busca a toda costa alcanzar dinero y reconocimiento. Para mejorar su situaci\u00f3n recurre a su singular estilo y extrovertida personalidad. A McGuill le acompa\u00f1an\u00a0<strong>su hermano Chuck<\/strong>, otro abogado de \u00e9xito en tiempos dif\u00edciles y <strong>Mike Ehrmantraut<\/strong>, futuro guardaespaldas\/hombre de confianza\u00a0del abogado del que podremos conocer su pasado.<\/p>\n<p style=\"text-align: justify\"><strong>Better Call Saul<\/strong> tiene un gran reto por delante:<strong> lograr una f\u00f3rmula tan exitosa como Breaking Bad<\/strong> que sin embargo no se sienta como una <strong>serie mediocre que solo se cuelgue del \u00e9xito que tuvo su famoso <em>spin-off<\/em><\/strong>. \u00a0Y su principal carta bajo la manga es precisamente Bob Odenkirk, un actor que tuvo mostr\u00f3<strong>\u00a0<\/strong>su versatilidad en BB y quiz\u00e1 \u00e9sta sea, como sucede con el propio Jimmy McGuill, <strong>la gran oportunidad de su carrera<\/strong>, como pas\u00f3 en su momento con <strong>Bryan Cranston<\/strong>.<\/p>\n<p style=\"text-align: justify\"><a href=\"https:\/\/i0.wp.com\/www.kalot.com.mx\/wp-content\/uploads\/2015\/02\/Better-Call-Saul-Season-1-New-Promotional-Photos.jpeg\"><img data-recalc-dims=\"1\" decoding=\"async\" data-attachment-id=\"20357\" data-permalink=\"https:\/\/kalot.com.mx\/site\/2015\/02\/09\/better-call-saul-episodio-uno-resena\/better-call-saul-season-1-new-promotional-photos\/\" data-orig-file=\"https:\/\/i0.wp.com\/kalot.com.mx\/site\/wp-content\/uploads\/2015\/02\/Better-Call-Saul-Season-1-New-Promotional-Photos.jpeg?fit=726%2C544&amp;ssl=1\" data-orig-size=\"726,544\" data-comments-opened=\"1\" data-image-meta=\"{&quot;aperture&quot;:&quot;0&quot;,&quot;credit&quot;:&quot;&quot;,&quot;camera&quot;:&quot;&quot;,&quot;caption&quot;:&quot;&quot;,&quot;created_timestamp&quot;:&quot;0&quot;,&quot;copyright&quot;:&quot;&quot;,&quot;focal_length&quot;:&quot;0&quot;,&quot;iso&quot;:&quot;0&quot;,&quot;shutter_speed&quot;:&quot;0&quot;,&quot;title&quot;:&quot;&quot;,&quot;orientation&quot;:&quot;0&quot;}\" data-image-title=\"Better Call Saul &amp;#8211; Season 1- New Promotional Photos\" data-image-description=\"\" data-image-caption=\"\" data-large-file=\"https:\/\/i0.wp.com\/kalot.com.mx\/site\/wp-content\/uploads\/2015\/02\/Better-Call-Saul-Season-1-New-Promotional-Photos.jpeg?fit=726%2C544&amp;ssl=1\" class=\"alignnone size-medium wp-image-20357\" src=\"https:\/\/i0.wp.com\/www.kalot.com.mx\/wp-content\/uploads\/2015\/02\/Better-Call-Saul-Season-1-New-Promotional-Photos-300x225.jpeg?resize=300%2C225\" alt=\"Better Call Saul - Season 1- New Promotional Photos\" width=\"300\" height=\"225\" srcset=\"https:\/\/i0.wp.com\/kalot.com.mx\/site\/wp-content\/uploads\/2015\/02\/Better-Call-Saul-Season-1-New-Promotional-Photos.jpeg?resize=300%2C225&amp;ssl=1 300w, https:\/\/i0.wp.com\/kalot.com.mx\/site\/wp-content\/uploads\/2015\/02\/Better-Call-Saul-Season-1-New-Promotional-Photos.jpeg?resize=200%2C150&amp;ssl=1 200w, https:\/\/i0.wp.com\/kalot.com.mx\/site\/wp-content\/uploads\/2015\/02\/Better-Call-Saul-Season-1-New-Promotional-Photos.jpeg?resize=260%2C195&amp;ssl=1 260w, https:\/\/i0.wp.com\/kalot.com.mx\/site\/wp-content\/uploads\/2015\/02\/Better-Call-Saul-Season-1-New-Promotional-Photos.jpeg?resize=380%2C285&amp;ssl=1 380w, https:\/\/i0.wp.com\/kalot.com.mx\/site\/wp-content\/uploads\/2015\/02\/Better-Call-Saul-Season-1-New-Promotional-Photos.jpeg?w=726&amp;ssl=1 726w\" sizes=\"(max-width: 300px) 100vw, 300px\" \/><\/a><\/p>\n<p style=\"text-align: justify\">Esta concordancia en emociones dar\u00e1 mejor afinidad del actor con su papel, recurso que aprovechar\u00e1 Gilligan y compa\u00f1\u00eda para hacer de Better Call Saul <strong>una serie fresca, original y divertida, sin caer en el tedio<\/strong>. Por lo pronto, Better Call Saul me atrap\u00f3\u00a0y me hizo esperar <em>casi<\/em> con muchas ansias el segundo episodio (Netflix, a diferencia de House of Cards, <strong>transmitir\u00e1 un episodio semanal<\/strong>, como la TV de <em>la vieja escuela)<\/em>.<\/p>\n<p style=\"text-align: justify\">\u00bfConseguir\u00e1 llenar el hueco que nos dej\u00f3 el fin de\u00a0Breaking Bad? <em>La suerte est\u00e1 echada<\/em>.<\/p>\n<p style=\"text-align: justify\">\u00a0<a href=\"https:\/\/i0.wp.com\/www.kalot.com.mx\/wp-content\/uploads\/2015\/02\/4-estrellas-y-media.jpg\"><img data-recalc-dims=\"1\" loading=\"lazy\" decoding=\"async\" data-attachment-id=\"20360\" data-permalink=\"https:\/\/kalot.com.mx\/site\/2015\/02\/09\/better-call-saul-episodio-uno-resena\/4-estrellas-y-media\/\" data-orig-file=\"https:\/\/i0.wp.com\/kalot.com.mx\/site\/wp-content\/uploads\/2015\/02\/4-estrellas-y-media.jpg?fit=886%2C187&amp;ssl=1\" data-orig-size=\"886,187\" data-comments-opened=\"1\" data-image-meta=\"{&quot;aperture&quot;:&quot;0&quot;,&quot;credit&quot;:&quot;&quot;,&quot;camera&quot;:&quot;&quot;,&quot;caption&quot;:&quot;&quot;,&quot;created_timestamp&quot;:&quot;0&quot;,&quot;copyright&quot;:&quot;&quot;,&quot;focal_length&quot;:&quot;0&quot;,&quot;iso&quot;:&quot;0&quot;,&quot;shutter_speed&quot;:&quot;0&quot;,&quot;title&quot;:&quot;&quot;,&quot;orientation&quot;:&quot;0&quot;}\" data-image-title=\"4 estrellas y media\" data-image-description=\"\" data-image-caption=\"\" data-large-file=\"https:\/\/i0.wp.com\/kalot.com.mx\/site\/wp-content\/uploads\/2015\/02\/4-estrellas-y-media.jpg?fit=886%2C187&amp;ssl=1\" class=\"alignnone size-medium wp-image-20360\" src=\"https:\/\/i0.wp.com\/www.kalot.com.mx\/wp-content\/uploads\/2015\/02\/4-estrellas-y-media-300x63.jpg?resize=300%2C63\" alt=\"4 estrellas y media\" width=\"300\" height=\"63\" srcset=\"https:\/\/i0.wp.com\/kalot.com.mx\/site\/wp-content\/uploads\/2015\/02\/4-estrellas-y-media.jpg?resize=300%2C63&amp;ssl=1 300w, https:\/\/i0.wp.com\/kalot.com.mx\/site\/wp-content\/uploads\/2015\/02\/4-estrellas-y-media.jpg?resize=768%2C162&amp;ssl=1 768w, https:\/\/i0.wp.com\/kalot.com.mx\/site\/wp-content\/uploads\/2015\/02\/4-estrellas-y-media.jpg?resize=380%2C80&amp;ssl=1 380w, https:\/\/i0.wp.com\/kalot.com.mx\/site\/wp-content\/uploads\/2015\/02\/4-estrellas-y-media.jpg?resize=800%2C169&amp;ssl=1 800w, https:\/\/i0.wp.com\/kalot.com.mx\/site\/wp-content\/uploads\/2015\/02\/4-estrellas-y-media.jpg?resize=810%2C171&amp;ssl=1 810w, https:\/\/i0.wp.com\/kalot.com.mx\/site\/wp-content\/uploads\/2015\/02\/4-estrellas-y-media.jpg?w=886&amp;ssl=1 886w\" sizes=\"(max-width: 300px) 100vw, 300px\" \/><\/a><\/p>\n","protected":false},"excerpt":{"rendered":"Hablar de Breaking Bad es hablar de uno de los mejores dramas\u00a0de la TV en los \u00faltimos tiempos,&hellip;\n","protected":false},"author":75,"featured_media":20358,"comment_status":"open","ping_status":"open","sticky":false,"template":"","format":"standard","meta":{"jetpack_post_was_ever_published":false,"_jetpack_newsletter_access":"","_jetpack_dont_email_post_to_subs":false,"_jetpack_newsletter_tier_id":0,"_jetpack_memberships_contains_paywalled_content":false,"_jetpack_memberships_contains_paid_content":false,"footnotes":"","jetpack_publicize_message":"","jetpack_publicize_feature_enabled":true,"jetpack_social_post_already_shared":true,"jetpack_social_options":{"image_generator_settings":{"template":"highway","default_image_id":0,"font":"","enabled":false},"version":2}},"categories":[],"tags":[],"class_list":{"0":"post-20354","1":"post","2":"type-post","3":"status-publish","4":"format-standard","5":"has-post-thumbnail","7":"cs-entry","8":"cs-video-wrap"},"yoast_head":"<!-- This site is optimized with the Yoast SEO plugin v27.4 - https:\/\/yoast.com\/product\/yoast-seo-wordpress\/ -->\n<title>Better Call Saul - Episodio Uno (Rese\u00f1a)<\/title>\n<meta name=\"description\" content=\"Hablar de Breaking Bad es hablar de uno de los mejores dramas\u00a0de la TV en los \u00faltimos tiempos, que pasar\u00e1 a la historia como serie de culto al nivel de\" \/>\n<meta name=\"robots\" content=\"index, follow, max-snippet:-1, max-image-preview:large, max-video-preview:-1\" \/>\n<link rel=\"canonical\" href=\"https:\/\/kalot.com.mx\/site\/2015\/02\/09\/better-call-saul-episodio-uno-resena\/\" \/>\n<meta property=\"og:locale\" content=\"es_MX\" \/>\n<meta property=\"og:type\" content=\"article\" \/>\n<meta property=\"og:title\" content=\"Better Call Saul - Episodio Uno (Rese\u00f1a)\" \/>\n<meta property=\"og:description\" content=\"Hablar de Breaking Bad es hablar de uno de los mejores dramas\u00a0de la TV en los \u00faltimos tiempos, que pasar\u00e1 a la historia como serie de culto al nivel de\" \/>\n<meta property=\"og:url\" content=\"https:\/\/kalot.com.mx\/site\/2015\/02\/09\/better-call-saul-episodio-uno-resena\/\" \/>\n<meta property=\"og:site_name\" content=\"Kalot\" \/>\n<meta property=\"article:publisher\" content=\"http:\/\/facebook.com\/mxkalot\" \/>\n<meta property=\"article:author\" content=\"https:\/\/www.facebook.com\/karlos040\" \/>\n<meta property=\"article:published_time\" content=\"2015-02-10T03:45:40+00:00\" \/>\n<meta property=\"article:modified_time\" content=\"2015-02-10T07:21:00+00:00\" \/>\n<meta property=\"og:image\" content=\"https:\/\/i0.wp.com\/kalot.com.mx\/site\/wp-content\/uploads\/2015\/02\/better-call-saul.jpg?fit=1024%2C502&ssl=1\" \/>\n\t<meta property=\"og:image:width\" content=\"1024\" \/>\n\t<meta property=\"og:image:height\" content=\"502\" \/>\n\t<meta property=\"og:image:type\" content=\"image\/jpeg\" \/>\n<meta name=\"author\" content=\"Carlos Ru\u00edz Mtz\" \/>\n<meta name=\"twitter:card\" content=\"summary_large_image\" \/>\n<meta name=\"twitter:creator\" content=\"@_carlosrzm\" \/>\n<meta name=\"twitter:site\" content=\"@kalotmx\" \/>\n<meta name=\"twitter:label1\" content=\"Escrito por\" \/>\n\t<meta name=\"twitter:data1\" content=\"Carlos Ru\u00edz Mtz\" \/>\n\t<meta name=\"twitter:label2\" content=\"Tiempo de lectura\" \/>\n\t<meta name=\"twitter:data2\" content=\"3 minutos\" \/>\n<!-- \/ Yoast SEO plugin. -->","yoast_head_json":{"title":"Better Call Saul - Episodio Uno (Rese\u00f1a)","description":"Hablar de Breaking Bad es hablar de uno de los mejores dramas\u00a0de la TV en los \u00faltimos tiempos, que pasar\u00e1 a la historia como serie de culto al nivel de","robots":{"index":"index","follow":"follow","max-snippet":"max-snippet:-1","max-image-preview":"max-image-preview:large","max-video-preview":"max-video-preview:-1"},"canonical":"https:\/\/kalot.com.mx\/site\/2015\/02\/09\/better-call-saul-episodio-uno-resena\/","og_locale":"es_MX","og_type":"article","og_title":"Better Call Saul - Episodio Uno (Rese\u00f1a)","og_description":"Hablar de Breaking Bad es hablar de uno de los mejores dramas\u00a0de la TV en los \u00faltimos tiempos, que pasar\u00e1 a la historia como serie de culto al nivel de","og_url":"https:\/\/kalot.com.mx\/site\/2015\/02\/09\/better-call-saul-episodio-uno-resena\/","og_site_name":"Kalot","article_publisher":"http:\/\/facebook.com\/mxkalot","article_author":"https:\/\/www.facebook.com\/karlos040","article_published_time":"2015-02-10T03:45:40+00:00","article_modified_time":"2015-02-10T07:21:00+00:00","og_image":[{"width":1024,"height":502,"url":"https:\/\/i0.wp.com\/kalot.com.mx\/site\/wp-content\/uploads\/2015\/02\/better-call-saul.jpg?fit=1024%2C502&ssl=1","type":"image\/jpeg"}],"author":"Carlos Ru\u00edz Mtz","twitter_card":"summary_large_image","twitter_creator":"@_carlosrzm","twitter_site":"@kalotmx","twitter_misc":{"Escrito por":"Carlos Ru\u00edz Mtz","Tiempo de lectura":"3 minutos"},"schema":{"@context":"https:\/\/schema.org","@graph":[{"@type":"Article","@id":"https:\/\/kalot.com.mx\/site\/2015\/02\/09\/better-call-saul-episodio-uno-resena\/#article","isPartOf":{"@id":"https:\/\/kalot.com.mx\/site\/2015\/02\/09\/better-call-saul-episodio-uno-resena\/"},"author":{"name":"Carlos Ru\u00edz Mtz","@id":"https:\/\/kalot.com.mx\/site\/#\/schema\/person\/c8264e28527716f7f71bb4b6e56c5a33"},"headline":"Better Call Saul: Episodio Uno [Rese\u00f1a]","datePublished":"2015-02-10T03:45:40+00:00","dateModified":"2015-02-10T07:21:00+00:00","mainEntityOfPage":{"@id":"https:\/\/kalot.com.mx\/site\/2015\/02\/09\/better-call-saul-episodio-uno-resena\/"},"wordCount":592,"commentCount":0,"publisher":{"@id":"https:\/\/kalot.com.mx\/site\/#organization"},"image":{"@id":"https:\/\/kalot.com.mx\/site\/2015\/02\/09\/better-call-saul-episodio-uno-resena\/#primaryimage"},"thumbnailUrl":"https:\/\/i0.wp.com\/kalot.com.mx\/site\/wp-content\/uploads\/2015\/02\/better-call-saul.jpg?fit=1024%2C502&ssl=1","inLanguage":"es","potentialAction":[{"@type":"CommentAction","name":"Comment","target":["https:\/\/kalot.com.mx\/site\/2015\/02\/09\/better-call-saul-episodio-uno-resena\/#respond"]}]},{"@type":"WebPage","@id":"https:\/\/kalot.com.mx\/site\/2015\/02\/09\/better-call-saul-episodio-uno-resena\/","url":"https:\/\/kalot.com.mx\/site\/2015\/02\/09\/better-call-saul-episodio-uno-resena\/","name":"Better Call Saul - Episodio Uno (Rese\u00f1a)","isPartOf":{"@id":"https:\/\/kalot.com.mx\/site\/#website"},"primaryImageOfPage":{"@id":"https:\/\/kalot.com.mx\/site\/2015\/02\/09\/better-call-saul-episodio-uno-resena\/#primaryimage"},"image":{"@id":"https:\/\/kalot.com.mx\/site\/2015\/02\/09\/better-call-saul-episodio-uno-resena\/#primaryimage"},"thumbnailUrl":"https:\/\/i0.wp.com\/kalot.com.mx\/site\/wp-content\/uploads\/2015\/02\/better-call-saul.jpg?fit=1024%2C502&ssl=1","datePublished":"2015-02-10T03:45:40+00:00","dateModified":"2015-02-10T07:21:00+00:00","description":"Hablar de Breaking Bad es hablar de uno de los mejores dramas\u00a0de la TV en los \u00faltimos tiempos, que pasar\u00e1 a la historia como serie de culto al nivel de","breadcrumb":{"@id":"https:\/\/kalot.com.mx\/site\/2015\/02\/09\/better-call-saul-episodio-uno-resena\/#breadcrumb"},"inLanguage":"es","potentialAction":[{"@type":"ReadAction","target":["https:\/\/kalot.com.mx\/site\/2015\/02\/09\/better-call-saul-episodio-uno-resena\/"]}]},{"@type":"ImageObject","inLanguage":"es","@id":"https:\/\/kalot.com.mx\/site\/2015\/02\/09\/better-call-saul-episodio-uno-resena\/#primaryimage","url":"https:\/\/i0.wp.com\/kalot.com.mx\/site\/wp-content\/uploads\/2015\/02\/better-call-saul.jpg?fit=1024%2C502&ssl=1","contentUrl":"https:\/\/i0.wp.com\/kalot.com.mx\/site\/wp-content\/uploads\/2015\/02\/better-call-saul.jpg?fit=1024%2C502&ssl=1","width":1024,"height":502},{"@type":"BreadcrumbList","@id":"https:\/\/kalot.com.mx\/site\/2015\/02\/09\/better-call-saul-episodio-uno-resena\/#breadcrumb","itemListElement":[{"@type":"ListItem","position":1,"name":"Home","item":"https:\/\/kalot.com.mx\/site\/"},{"@type":"ListItem","position":2,"name":"Better Call Saul: Episodio Uno [Rese\u00f1a]"}]},{"@type":"WebSite","@id":"https:\/\/kalot.com.mx\/site\/#website","url":"https:\/\/kalot.com.mx\/site\/","name":"Kalot","description":"Conoce Todo Sobre Todo","publisher":{"@id":"https:\/\/kalot.com.mx\/site\/#organization"},"potentialAction":[{"@type":"SearchAction","target":{"@type":"EntryPoint","urlTemplate":"https:\/\/kalot.com.mx\/site\/?s={search_term_string}"},"query-input":{"@type":"PropertyValueSpecification","valueRequired":true,"valueName":"search_term_string"}}],"inLanguage":"es"},{"@type":"Organization","@id":"https:\/\/kalot.com.mx\/site\/#organization","name":"Kalot","url":"https:\/\/kalot.com.mx\/site\/","logo":{"@type":"ImageObject","inLanguage":"es","@id":"https:\/\/kalot.com.mx\/site\/#\/schema\/logo\/image\/","url":"https:\/\/i0.wp.com\/kalot.com.mx\/site\/wp-content\/uploads\/2020\/04\/Kalot-logo-sin-tagline.png?fit=1707%2C1014&ssl=1","contentUrl":"https:\/\/i0.wp.com\/kalot.com.mx\/site\/wp-content\/uploads\/2020\/04\/Kalot-logo-sin-tagline.png?fit=1707%2C1014&ssl=1","width":1707,"height":1014,"caption":"Kalot"},"image":{"@id":"https:\/\/kalot.com.mx\/site\/#\/schema\/logo\/image\/"},"sameAs":["http:\/\/facebook.com\/mxkalot","https:\/\/x.com\/kalotmx","http:\/\/instagram.com\/kalotmx","http:\/\/pinterest.com\/jorgeerana\/kalot"]},{"@type":"Person","@id":"https:\/\/kalot.com.mx\/site\/#\/schema\/person\/c8264e28527716f7f71bb4b6e56c5a33","name":"Carlos Ru\u00edz Mtz","image":{"@type":"ImageObject","inLanguage":"es","@id":"https:\/\/secure.gravatar.com\/avatar\/a3f92b51fc626d9b76d8d7a27f80c9c75e04cb4810e4b403b571a8220be99140?s=96&d=mm&r=g","url":"https:\/\/secure.gravatar.com\/avatar\/a3f92b51fc626d9b76d8d7a27f80c9c75e04cb4810e4b403b571a8220be99140?s=96&d=mm&r=g","contentUrl":"https:\/\/secure.gravatar.com\/avatar\/a3f92b51fc626d9b76d8d7a27f80c9c75e04cb4810e4b403b571a8220be99140?s=96&d=mm&r=g","caption":"Carlos Ru\u00edz Mtz"},"description":"Viviendo y disfrutando a partes iguales de un mundo en constante cambio. @_carlosrzm","sameAs":["https:\/\/www.facebook.com\/karlos040","https:\/\/x.com\/_carlosrzm"],"url":"https:\/\/kalot.com.mx\/site\/author\/carlosruiz\/"}]}},"jetpack_publicize_connections":[],"jetpack_featured_media_url":"https:\/\/i0.wp.com\/kalot.com.mx\/site\/wp-content\/uploads\/2015\/02\/better-call-saul.jpg?fit=1024%2C502&ssl=1","jetpack_shortlink":"https:\/\/wp.me\/p6IHEI-5ii","jetpack-related-posts":[{"id":1383,"url":"https:\/\/kalot.com.mx\/site\/2013\/09\/11\/better-call-saul-nueva-serie\/","url_meta":{"origin":20354,"position":0},"title":"Better Call Saul!, nueva serie","author":"Omar Herrera","date":"11 septiembre, 2013","format":false,"excerpt":"A pesar de estar a s\u00f3lo 3 episodios de distancia para el gran final de Breaking Bad\u00a0el universo de este show tiene personajes tan caracter\u00edsticos y de tal agrado del p\u00fablico como para poder contar sus propias historias, tal es el caso con el amado-odiado personaje del abogado Saul Goodman\u2026","rel":"","context":"Con 1 comentario","block_context":{"text":"Con 1 comentario","link":"https:\/\/kalot.com.mx\/site\/2013\/09\/11\/better-call-saul-nueva-serie\/#comments"},"img":{"alt_text":"","src":"https:\/\/i0.wp.com\/kalot.com.mx\/site\/wp-content\/uploads\/2013\/09\/tumblr_md35y6CzY01r2igm4o1_1280.jpg?fit=625%2C371&ssl=1&resize=350%2C200","width":350,"height":200,"srcset":"https:\/\/i0.wp.com\/kalot.com.mx\/site\/wp-content\/uploads\/2013\/09\/tumblr_md35y6CzY01r2igm4o1_1280.jpg?fit=625%2C371&ssl=1&resize=350%2C200 1x, https:\/\/i0.wp.com\/kalot.com.mx\/site\/wp-content\/uploads\/2013\/09\/tumblr_md35y6CzY01r2igm4o1_1280.jpg?fit=625%2C371&ssl=1&resize=525%2C300 1.5x"},"classes":[]},{"id":4995,"url":"https:\/\/kalot.com.mx\/site\/2013\/10\/27\/todo-va-mas-alla-de-lo-que-vemos-el-lenguaje-oculto-de-las-marcas\/","url_meta":{"origin":20354,"position":1},"title":"Todo va mas all\u00e1 de lo que vemos\u2026 El lenguaje oculto de las marcas.","author":"Saul Alonso","date":"27 octubre, 2013","format":false,"excerpt":"Como la mayor\u00eda sabemos, las marcas son aquellos signos distintivos que indican que ciertos bienes o servicios han sido producidos o proporcionados por una persona o empresa, las cuales, pueden ser reconocidas en un \u00e1mbito local, regional, nacional o mundial. Podemos decir que desde hace tiempo estas ya exist\u00edan, en\u2026","rel":"","context":"En &quot;Sin categor\u00eda&quot;","block_context":{"text":"Sin categor\u00eda","link":"https:\/\/kalot.com.mx\/site\/category\/sin-categoria\/"},"img":{"alt_text":"","src":"https:\/\/i0.wp.com\/kalot.com.mx\/site\/wp-content\/uploads\/2013\/10\/608.jpg?fit=640%2C480&ssl=1&resize=350%2C200","width":350,"height":200,"srcset":"https:\/\/i0.wp.com\/kalot.com.mx\/site\/wp-content\/uploads\/2013\/10\/608.jpg?fit=640%2C480&ssl=1&resize=350%2C200 1x, https:\/\/i0.wp.com\/kalot.com.mx\/site\/wp-content\/uploads\/2013\/10\/608.jpg?fit=640%2C480&ssl=1&resize=525%2C300 1.5x"},"classes":[]},{"id":5670,"url":"https:\/\/kalot.com.mx\/site\/2013\/11\/03\/miedo-al-hablar-en-publico-sigue-estos-buenos-consejos\/","url_meta":{"origin":20354,"position":2},"title":"\u00bfMiedo al hablar en p\u00fablico? Sigue estos buenos consejos.","author":"Saul Alonso","date":"3 noviembre, 2013","format":false,"excerpt":"\u00bfA qui\u00e9n no le ha dado miedo hablar frente a un auditorio? Todos tenemos el miedo de hacerlo, y a veces, en cuanto es m\u00e1s fundamental hacerlo (c\u00f3mo una exposici\u00f3n de examen final, o frente a importantes autoridades y jefes) el miedo es a\u00fan peor. Pero como una persona decidida\u2026","rel":"","context":"Entrada similar ","block_context":{"text":"Entrada similar ","link":""},"img":{"alt_text":"","src":"https:\/\/i0.wp.com\/kalot.com.mx\/site\/wp-content\/uploads\/2013\/11\/hablar_publico_0213.jpg?fit=800%2C600&ssl=1&resize=350%2C200","width":350,"height":200,"srcset":"https:\/\/i0.wp.com\/kalot.com.mx\/site\/wp-content\/uploads\/2013\/11\/hablar_publico_0213.jpg?fit=800%2C600&ssl=1&resize=350%2C200 1x, https:\/\/i0.wp.com\/kalot.com.mx\/site\/wp-content\/uploads\/2013\/11\/hablar_publico_0213.jpg?fit=800%2C600&ssl=1&resize=525%2C300 1.5x, https:\/\/i0.wp.com\/kalot.com.mx\/site\/wp-content\/uploads\/2013\/11\/hablar_publico_0213.jpg?fit=800%2C600&ssl=1&resize=700%2C400 2x"},"classes":[]},{"id":17191,"url":"https:\/\/kalot.com.mx\/site\/2014\/07\/08\/regreso-de-canelo-alvarez-contra-lara-misma-televisora\/","url_meta":{"origin":20354,"position":3},"title":"Regreso de Canelo \u00c1lvarez ante Erislandy Lara. Misma televisora.","author":"Karen Reyes","date":"8 julio, 2014","format":false,"excerpt":"Este 12 de julio, Sa\u00fal el Canelo \u00c1lvarez vuelve con una pelea que promete contra el cubano Erislandy Lara que ostenta el t\u00edtulo de peso superwelter, sin embargo la pelea no es de campeonato, no se disputa ning\u00fan trono porque seg\u00fan la promotora propiedad del peleador mexicano el \u00fanico t\u00edtulo\u2026","rel":"","context":"En &quot;Sin categor\u00eda&quot;","block_context":{"text":"Sin categor\u00eda","link":"https:\/\/kalot.com.mx\/site\/category\/sin-categoria\/"},"img":{"alt_text":"images","src":"https:\/\/i2.wp.com\/kalot.com.mx\/site\/wp-content\/uploads\/2013\/08\/20130830-134207.jpg?fit=300%2C159&ssl=1&resize=350%2C200","width":350,"height":200},"classes":[]},{"id":13245,"url":"https:\/\/kalot.com.mx\/site\/2014\/03\/11\/idolos-marca-acme\/","url_meta":{"origin":20354,"position":4},"title":"\u00cddolos marca ACME","author":"Juan Ol\u00e1is","date":"11 marzo, 2014","format":false,"excerpt":"\u00cdDOLOS MARCA ACME \u00a0El pasado s\u00e1bado 08 de Marzo, una vez m\u00e1s el p\u00fablico aficionado al boxeo, fuimos timados. \u00a0Y es que, la televisora de Chapultepec gener\u00f3 gran expectativa con la pelea que iba a sostener Sa\u00fal \u201cEl Canelo\u201d \u00c1lvarez en contra de Alfredo \u201cEl Perro\u201d Angulo. \u00a0Todo el mundo\u2026","rel":"","context":"En &quot;Sin categor\u00eda&quot;","block_context":{"text":"Sin categor\u00eda","link":"https:\/\/kalot.com.mx\/site\/category\/sin-categoria\/"},"img":{"alt_text":"","src":"https:\/\/i0.wp.com\/kalot.com.mx\/site\/wp-content\/uploads\/2014\/03\/canelo-y-chavez.jpg?fit=478%2C324&ssl=1&resize=350%2C200","width":350,"height":200},"classes":[]},{"id":1836,"url":"https:\/\/kalot.com.mx\/site\/2013\/09\/17\/walking-dead-tendra-spinoff\/","url_meta":{"origin":20354,"position":5},"title":"The Walking Dead tendr\u00e1 spinoff","author":"Omar Herrera","date":"17 septiembre, 2013","format":false,"excerpt":"Al parecer de un tiempo para ac\u00e1, en las series (Breaking Bad con Better Call Saul!) o pel\u00edculas (The Avengers con Marvel: Agents Of S.H.I.E.L.D.) se ha vuelto una tendencia el realizar shows a partir de materiales originales mostrados ya en pantalla (\u201ccompanion series\u201d o \u201cspinoff\u201d).\u00a0Pues recientemente AMC ha anunciado\u2026","rel":"","context":"Entrada similar ","block_context":{"text":"Entrada similar ","link":""},"img":{"alt_text":"","src":"https:\/\/i0.wp.com\/kalot.com.mx\/site\/wp-content\/uploads\/2013\/09\/549467_643526179006877_635551834_n.jpg?fit=640%2C406&ssl=1&resize=350%2C200","width":350,"height":200,"srcset":"https:\/\/i0.wp.com\/kalot.com.mx\/site\/wp-content\/uploads\/2013\/09\/549467_643526179006877_635551834_n.jpg?fit=640%2C406&ssl=1&resize=350%2C200 1x, https:\/\/i0.wp.com\/kalot.com.mx\/site\/wp-content\/uploads\/2013\/09\/549467_643526179006877_635551834_n.jpg?fit=640%2C406&ssl=1&resize=525%2C300 1.5x"},"classes":[]}],"jetpack_sharing_enabled":true,"_links":{"self":[{"href":"https:\/\/kalot.com.mx\/site\/wp-json\/wp\/v2\/posts\/20354","targetHints":{"allow":["GET"]}}],"collection":[{"href":"https:\/\/kalot.com.mx\/site\/wp-json\/wp\/v2\/posts"}],"about":[{"href":"https:\/\/kalot.com.mx\/site\/wp-json\/wp\/v2\/types\/post"}],"author":[{"embeddable":true,"href":"https:\/\/kalot.com.mx\/site\/wp-json\/wp\/v2\/users\/75"}],"replies":[{"embeddable":true,"href":"https:\/\/kalot.com.mx\/site\/wp-json\/wp\/v2\/comments?post=20354"}],"version-history":[{"count":0,"href":"https:\/\/kalot.com.mx\/site\/wp-json\/wp\/v2\/posts\/20354\/revisions"}],"wp:featuredmedia":[{"embeddable":true,"href":"https:\/\/kalot.com.mx\/site\/wp-json\/wp\/v2\/media\/20358"}],"wp:attachment":[{"href":"https:\/\/kalot.com.mx\/site\/wp-json\/wp\/v2\/media?parent=20354"}],"wp:term":[{"taxonomy":"category","embeddable":true,"href":"https:\/\/kalot.com.mx\/site\/wp-json\/wp\/v2\/categories?post=20354"},{"taxonomy":"post_tag","embeddable":true,"href":"https:\/\/kalot.com.mx\/site\/wp-json\/wp\/v2\/tags?post=20354"}],"curies":[{"name":"wp","href":"https:\/\/api.w.org\/{rel}","templated":true}]}}