{"id":2031,"date":"2013-09-20T10:00:44","date_gmt":"2013-09-20T15:00:44","guid":{"rendered":"http:\/\/www.kalot.com.mx\/?p=2031"},"modified":"2015-03-27T12:37:59","modified_gmt":"2015-03-27T18:37:59","slug":"acusan-netflix-de-recortar-peliculas","status":"publish","type":"post","link":"https:\/\/kalot.com.mx\/site\/2013\/09\/20\/acusan-netflix-de-recortar-peliculas\/","title":{"rendered":"Acusan a Netflix de &#8220;recortar&#8221; pel\u00edculas"},"content":{"rendered":"<p>Al parecer la leyenda <strong>\u201cEsta pel\u00edcula ha sido modificado desde su versi\u00f3n original.\u201d<\/strong> No ha sido muy tomada en serio por la plataforma de entretenimiento <strong>Netflix<\/strong>.<\/p>\n<p style=\"text-align: justify\"><img data-recalc-dims=\"1\" decoding=\"async\" class=\" aligncenter\" src=\"https:\/\/i0.wp.com\/i.ytimg.com\/vi\/YrW7vfWXO1Y\/hqdefault.jpg?w=1200\" alt=\"\" \/><\/p>\n<p style=\"text-align: justify\">Y es que como pocos saben, los filmes que son trasladados a la televisi\u00f3n son <strong>modificados<\/strong> para poder ocupar la <strong>relaci\u00f3n de aspecto 4:3<\/strong> (<em>Que fue hasta 2009 el est\u00e1ndar utilizado en la <strong>televisi\u00f3n PAL<\/strong>, muchas pantallas de ordenador y televisores usan este est\u00e1ndar, err\u00f3neamente llamado cuadrado, cuando en la realidad es rectangular o <strong>wide<\/strong><\/em>) ya que el film es grabado en un <strong>aspecto 21:9<\/strong> (<em>El est\u00e1ndar usado por los teatros y filmaci\u00f3n de algunas pel\u00edculas<\/em>).<\/p>\n<p style=\"text-align: justify\">Este \u201cpeque\u00f1o\u201d inconveniente tal vez no se hace notar sin poner \u00e9nfasis en ello pero para los amantes del cine es como ver pr\u00e1cticamente una pel\u00edcula a la mitad.<\/p>\n<p style=\"text-align: justify\"><strong><em>Inglourious Basterds <\/em><\/strong><em>(2009)<\/em><\/p>\n<p style=\"text-align: center\">Original:<\/p>\n<p style=\"text-align: justify\"><img data-recalc-dims=\"1\" decoding=\"async\" class=\" aligncenter\" src=\"https:\/\/i0.wp.com\/i.kinja-img.com\/gawker-media\/image\/upload\/s--8MALZCib--\/c_fit%2Cfl_progressive%2Cq_80%2Cw_636\/18u696otl3xttpng.png?w=1200\" alt=\"You Won't Believe How Much Netflix Crops Your Movies\" \/><\/p>\n<p style=\"text-align: center\">Netflix cut:<\/p>\n<p style=\"text-align: justify\"><img data-recalc-dims=\"1\" decoding=\"async\" class=\" aligncenter\" src=\"https:\/\/i0.wp.com\/i.kinja-img.com\/gawker-media\/image\/upload\/s--nhMaZubH--\/c_fit%2Cfl_progressive%2Cq_80%2Cw_636\/18u697oby6ezjpng.png?w=1200\" alt=\"You Won't Believe How Much Netflix Crops Your Movies\" \/><\/p>\n<p style=\"text-align: justify\">El cr\u00edtico <strong>Jason Bailey<\/strong> se dio cuenta de que la plataforma ni siquiera se tomaba la molestia de <strong>informar<\/strong> de ello a sus usuarios por lo cu\u00e1l por medio de un <a href=\"http:\/\/whatnetflixdoes.tumblr.com\/\"><strong>Tumblr<\/strong><\/a> ha comenzado a dar santo y se\u00f1a sobre la cantidad de t\u00edtulos que <strong>no respetan la relaci\u00f3n de aspecto original de los filmes.<\/strong><\/p>\n<p style=\"text-align: justify\">Esta campa\u00f1a ha dado una buena cantidad de resultados, ya que<strong> Netflix<\/strong> (<em>quien en un principio culpaba a los estudios por el material que les enviaban<\/em>) ha modificado los filmes tanto en <strong>Estados Unidos<\/strong> como en<strong> M\u00e9xico, Brasil y Canad\u00e1<\/strong>.<\/p>\n<p style=\"text-align: justify\"><strong>Kick Ass <\/strong><em>(2010)<\/em><\/p>\n<p style=\"text-align: center\">Original:<\/p>\n<p style=\"text-align: center\"><img data-recalc-dims=\"1\" decoding=\"async\" src=\"https:\/\/i0.wp.com\/media.tumblr.com\/082614fd020ca2e887d70ace0cab708e\/tumblr_inline_mqlimad0x11qz4rgp.png?w=1200\" alt=\"image\" \/><\/p>\n<p style=\"text-align: center\">Netflix Cut:<\/p>\n<p style=\"text-align: justify\"><img data-recalc-dims=\"1\" decoding=\"async\" class=\" aligncenter\" src=\"https:\/\/i0.wp.com\/media.tumblr.com\/be36b73e2f6613b28f8161c19d63acc1\/tumblr_inline_mqlin6xlNV1qz4rgp.png?w=1200\" alt=\"image\" \/><\/p>\n<p style=\"text-align: justify\"><strong>Pulp Fiction <\/strong><i>(1994)<\/i><\/p>\n<p style=\"text-align: center\">Original:<\/p>\n<p style=\"text-align: center\"><img data-recalc-dims=\"1\" decoding=\"async\" src=\"https:\/\/i0.wp.com\/media.tumblr.com\/c8808b834fe6617331afedebeb58681f\/tumblr_inline_mq6h6q9Uk21qz4rgp.png?w=1200\" alt=\"image\" \/><\/p>\n<p style=\"text-align: center\">Netflix Cut:<\/p>\n<p style=\"text-align: justify\"><img data-recalc-dims=\"1\" decoding=\"async\" class=\" aligncenter\" src=\"https:\/\/i0.wp.com\/media.tumblr.com\/c84b75b3c166f22ca671238ab6317a86\/tumblr_inline_mq6h7ai3H91qz4rgp.png?w=1200\" alt=\"image\" \/><\/p>\n<p style=\"text-align: justify\"><strong>Donnie Darko <\/strong><em>(2001)<\/em><\/p>\n<p style=\"text-align: center\">Original:<\/p>\n<p style=\"text-align: center\"><img data-recalc-dims=\"1\" decoding=\"async\" src=\"https:\/\/i0.wp.com\/media.tumblr.com\/a5044dc5f5fd8b07a29b211d6c4cebde\/tumblr_inline_mq6frgmVRD1qz4rgp.png?w=1200\" alt=\"image\" \/><\/p>\n<p style=\"text-align: center\">Netflix cut:<\/p>\n<p style=\"text-align: center\"><img data-recalc-dims=\"1\" decoding=\"async\" src=\"https:\/\/i0.wp.com\/media.tumblr.com\/2e0d6419c12fc05cf9e5a67bafacef7e\/tumblr_inline_mq6fs4eyVL1qz4rgp.png?w=1200\" alt=\"image\" \/><\/p>\n<p style=\"text-align: justify\">\u00bfQu\u00e9 opinan kalochos?<strong>\u00bfCreen que Netflix deber\u00eda haber informado a los usuarios acerca de este problema?\u00bfDeber\u00edan demandar a la empresa de streaming por modificar obras cuidadas por derechos de autor?<\/strong> Comenten abajo, en la secci\u00f3n de comentarios. Nos estamos leyendo.<\/p>\n<p style=\"text-align: justify\">V\u00eda <a href=\"http:\/\/gizmodo.com\/you-wont-believe-how-much-netflix-crops-your-movies-816686310\">Gizmodo<\/a><\/p>\n<p><a class=\"twitter-follow-button\" href=\"https:\/\/twitter.com\/thedoncapu\">Seguir a @thedoncapu<\/a><\/p>\n","protected":false},"excerpt":{"rendered":"Al parecer la leyenda \u201cEsta pel\u00edcula ha sido modificado desde su versi\u00f3n original.\u201d No ha sido muy tomada&hellip;\n","protected":false},"author":18,"featured_media":20914,"comment_status":"open","ping_status":"open","sticky":false,"template":"","format":"standard","meta":{"jetpack_post_was_ever_published":false,"_jetpack_newsletter_access":"","_jetpack_dont_email_post_to_subs":false,"_jetpack_newsletter_tier_id":0,"_jetpack_memberships_contains_paywalled_content":false,"_jetpack_memberships_contains_paid_content":false,"footnotes":"","jetpack_publicize_message":"","jetpack_publicize_feature_enabled":true,"jetpack_social_post_already_shared":true,"jetpack_social_options":{"image_generator_settings":{"template":"highway","default_image_id":0,"font":"","enabled":false},"version":2}},"categories":[],"tags":[],"class_list":{"0":"post-2031","1":"post","2":"type-post","3":"status-publish","4":"format-standard","5":"has-post-thumbnail","7":"cs-entry","8":"cs-video-wrap"},"yoast_head":"<!-- This site is optimized with the Yoast SEO plugin v27.5 - https:\/\/yoast.com\/product\/yoast-seo-wordpress\/ -->\n<title>Acusan a Netflix de &quot;recortar&quot; pel\u00edculas<\/title>\n<meta name=\"description\" content=\"Al parecer la leyenda &quot;Esta pel\u00edcula ha sido modificado desde su versi\u00f3n original.&quot; No ha sido muy tomada en serio por la plataforma de entretenimiento\" \/>\n<meta name=\"robots\" content=\"index, follow, max-snippet:-1, max-image-preview:large, max-video-preview:-1\" \/>\n<link rel=\"canonical\" href=\"https:\/\/kalot.com.mx\/site\/2013\/09\/20\/acusan-netflix-de-recortar-peliculas\/\" \/>\n<meta property=\"og:locale\" content=\"es_MX\" \/>\n<meta property=\"og:type\" content=\"article\" \/>\n<meta property=\"og:title\" content=\"Acusan a Netflix de &quot;recortar&quot; pel\u00edculas\" \/>\n<meta property=\"og:description\" content=\"Al parecer la leyenda &quot;Esta pel\u00edcula ha sido modificado desde su versi\u00f3n original.&quot; No ha sido muy tomada en serio por la plataforma de entretenimiento\" \/>\n<meta property=\"og:url\" content=\"https:\/\/kalot.com.mx\/site\/2013\/09\/20\/acusan-netflix-de-recortar-peliculas\/\" \/>\n<meta property=\"og:site_name\" content=\"Kalot\" \/>\n<meta property=\"article:publisher\" content=\"http:\/\/facebook.com\/mxkalot\" \/>\n<meta property=\"article:author\" content=\"https:\/\/www.facebook.com\/don.capu\" \/>\n<meta property=\"article:published_time\" content=\"2013-09-20T15:00:44+00:00\" \/>\n<meta property=\"article:modified_time\" content=\"2015-03-27T18:37:59+00:00\" \/>\n<meta property=\"og:image\" content=\"https:\/\/i2.wp.com\/kalot.com.mx\/site\/wp-content\/uploads\/2013\/09\/netflix-is-testing-a-new-logo-heres-what-it-looks-like.png?fit=800%2C400&ssl=1\" \/>\n\t<meta property=\"og:image:width\" content=\"800\" \/>\n\t<meta property=\"og:image:height\" content=\"400\" \/>\n\t<meta property=\"og:image:type\" content=\"image\/png\" \/>\n<meta name=\"author\" content=\"Omar Herrera\" \/>\n<meta name=\"twitter:card\" content=\"summary_large_image\" \/>\n<meta name=\"twitter:creator\" content=\"@thedoncapu\" \/>\n<meta name=\"twitter:site\" content=\"@kalotmx\" \/>\n<meta name=\"twitter:label1\" content=\"Escrito por\" \/>\n\t<meta name=\"twitter:data1\" content=\"Omar Herrera\" \/>\n\t<meta name=\"twitter:label2\" content=\"Tiempo de lectura\" \/>\n\t<meta name=\"twitter:data2\" content=\"2 minutos\" \/>\n<!-- \/ Yoast SEO plugin. -->","yoast_head_json":{"title":"Acusan a Netflix de \"recortar\" pel\u00edculas","description":"Al parecer la leyenda \"Esta pel\u00edcula ha sido modificado desde su versi\u00f3n original.\" No ha sido muy tomada en serio por la plataforma de entretenimiento","robots":{"index":"index","follow":"follow","max-snippet":"max-snippet:-1","max-image-preview":"max-image-preview:large","max-video-preview":"max-video-preview:-1"},"canonical":"https:\/\/kalot.com.mx\/site\/2013\/09\/20\/acusan-netflix-de-recortar-peliculas\/","og_locale":"es_MX","og_type":"article","og_title":"Acusan a Netflix de \"recortar\" pel\u00edculas","og_description":"Al parecer la leyenda \"Esta pel\u00edcula ha sido modificado desde su versi\u00f3n original.\" No ha sido muy tomada en serio por la plataforma de entretenimiento","og_url":"https:\/\/kalot.com.mx\/site\/2013\/09\/20\/acusan-netflix-de-recortar-peliculas\/","og_site_name":"Kalot","article_publisher":"http:\/\/facebook.com\/mxkalot","article_author":"https:\/\/www.facebook.com\/don.capu","article_published_time":"2013-09-20T15:00:44+00:00","article_modified_time":"2015-03-27T18:37:59+00:00","og_image":[{"width":800,"height":400,"url":"https:\/\/i2.wp.com\/kalot.com.mx\/site\/wp-content\/uploads\/2013\/09\/netflix-is-testing-a-new-logo-heres-what-it-looks-like.png?fit=800%2C400&ssl=1","type":"image\/png"}],"author":"Omar Herrera","twitter_card":"summary_large_image","twitter_creator":"@thedoncapu","twitter_site":"@kalotmx","twitter_misc":{"Escrito por":"Omar Herrera","Tiempo de lectura":"2 minutos"},"schema":{"@context":"https:\/\/schema.org","@graph":[{"@type":"Article","@id":"https:\/\/kalot.com.mx\/site\/2013\/09\/20\/acusan-netflix-de-recortar-peliculas\/#article","isPartOf":{"@id":"https:\/\/kalot.com.mx\/site\/2013\/09\/20\/acusan-netflix-de-recortar-peliculas\/"},"author":{"name":"Omar Herrera","@id":"https:\/\/kalot.com.mx\/site\/#\/schema\/person\/1bf32c47ee15104d1e824350c07ac220"},"headline":"Acusan a Netflix de &#8220;recortar&#8221; pel\u00edculas","datePublished":"2013-09-20T15:00:44+00:00","dateModified":"2015-03-27T18:37:59+00:00","mainEntityOfPage":{"@id":"https:\/\/kalot.com.mx\/site\/2013\/09\/20\/acusan-netflix-de-recortar-peliculas\/"},"wordCount":321,"commentCount":0,"publisher":{"@id":"https:\/\/kalot.com.mx\/site\/#organization"},"image":{"@id":"https:\/\/kalot.com.mx\/site\/2013\/09\/20\/acusan-netflix-de-recortar-peliculas\/#primaryimage"},"thumbnailUrl":"https:\/\/i0.wp.com\/kalot.com.mx\/site\/wp-content\/uploads\/2013\/09\/netflix-is-testing-a-new-logo-heres-what-it-looks-like.png?fit=800%2C400&ssl=1","inLanguage":"es","potentialAction":[{"@type":"CommentAction","name":"Comment","target":["https:\/\/kalot.com.mx\/site\/2013\/09\/20\/acusan-netflix-de-recortar-peliculas\/#respond"]}]},{"@type":"WebPage","@id":"https:\/\/kalot.com.mx\/site\/2013\/09\/20\/acusan-netflix-de-recortar-peliculas\/","url":"https:\/\/kalot.com.mx\/site\/2013\/09\/20\/acusan-netflix-de-recortar-peliculas\/","name":"Acusan a Netflix de \"recortar\" pel\u00edculas","isPartOf":{"@id":"https:\/\/kalot.com.mx\/site\/#website"},"primaryImageOfPage":{"@id":"https:\/\/kalot.com.mx\/site\/2013\/09\/20\/acusan-netflix-de-recortar-peliculas\/#primaryimage"},"image":{"@id":"https:\/\/kalot.com.mx\/site\/2013\/09\/20\/acusan-netflix-de-recortar-peliculas\/#primaryimage"},"thumbnailUrl":"https:\/\/i0.wp.com\/kalot.com.mx\/site\/wp-content\/uploads\/2013\/09\/netflix-is-testing-a-new-logo-heres-what-it-looks-like.png?fit=800%2C400&ssl=1","datePublished":"2013-09-20T15:00:44+00:00","dateModified":"2015-03-27T18:37:59+00:00","description":"Al parecer la leyenda \"Esta pel\u00edcula ha sido modificado desde su versi\u00f3n original.\" No ha sido muy tomada en serio por la plataforma de entretenimiento","breadcrumb":{"@id":"https:\/\/kalot.com.mx\/site\/2013\/09\/20\/acusan-netflix-de-recortar-peliculas\/#breadcrumb"},"inLanguage":"es","potentialAction":[{"@type":"ReadAction","target":["https:\/\/kalot.com.mx\/site\/2013\/09\/20\/acusan-netflix-de-recortar-peliculas\/"]}]},{"@type":"ImageObject","inLanguage":"es","@id":"https:\/\/kalot.com.mx\/site\/2013\/09\/20\/acusan-netflix-de-recortar-peliculas\/#primaryimage","url":"https:\/\/i0.wp.com\/kalot.com.mx\/site\/wp-content\/uploads\/2013\/09\/netflix-is-testing-a-new-logo-heres-what-it-looks-like.png?fit=800%2C400&ssl=1","contentUrl":"https:\/\/i0.wp.com\/kalot.com.mx\/site\/wp-content\/uploads\/2013\/09\/netflix-is-testing-a-new-logo-heres-what-it-looks-like.png?fit=800%2C400&ssl=1","width":800,"height":400},{"@type":"BreadcrumbList","@id":"https:\/\/kalot.com.mx\/site\/2013\/09\/20\/acusan-netflix-de-recortar-peliculas\/#breadcrumb","itemListElement":[{"@type":"ListItem","position":1,"name":"Home","item":"https:\/\/kalot.com.mx\/site\/"},{"@type":"ListItem","position":2,"name":"Acusan a Netflix de &#8220;recortar&#8221; pel\u00edculas"}]},{"@type":"WebSite","@id":"https:\/\/kalot.com.mx\/site\/#website","url":"https:\/\/kalot.com.mx\/site\/","name":"Kalot","description":"Conoce Todo Sobre Todo","publisher":{"@id":"https:\/\/kalot.com.mx\/site\/#organization"},"potentialAction":[{"@type":"SearchAction","target":{"@type":"EntryPoint","urlTemplate":"https:\/\/kalot.com.mx\/site\/?s={search_term_string}"},"query-input":{"@type":"PropertyValueSpecification","valueRequired":true,"valueName":"search_term_string"}}],"inLanguage":"es"},{"@type":"Organization","@id":"https:\/\/kalot.com.mx\/site\/#organization","name":"Kalot","url":"https:\/\/kalot.com.mx\/site\/","logo":{"@type":"ImageObject","inLanguage":"es","@id":"https:\/\/kalot.com.mx\/site\/#\/schema\/logo\/image\/","url":"https:\/\/i0.wp.com\/kalot.com.mx\/site\/wp-content\/uploads\/2020\/04\/Kalot-logo-sin-tagline.png?fit=1707%2C1014&ssl=1","contentUrl":"https:\/\/i0.wp.com\/kalot.com.mx\/site\/wp-content\/uploads\/2020\/04\/Kalot-logo-sin-tagline.png?fit=1707%2C1014&ssl=1","width":1707,"height":1014,"caption":"Kalot"},"image":{"@id":"https:\/\/kalot.com.mx\/site\/#\/schema\/logo\/image\/"},"sameAs":["http:\/\/facebook.com\/mxkalot","https:\/\/x.com\/kalotmx","http:\/\/instagram.com\/kalotmx","http:\/\/pinterest.com\/jorgeerana\/kalot"]},{"@type":"Person","@id":"https:\/\/kalot.com.mx\/site\/#\/schema\/person\/1bf32c47ee15104d1e824350c07ac220","name":"Omar Herrera","image":{"@type":"ImageObject","inLanguage":"es","@id":"https:\/\/secure.gravatar.com\/avatar\/ae84de016d43d093bed40799c6d19430bc23d65401e1d68c9afab71da0688278?s=96&d=mm&r=g","url":"https:\/\/secure.gravatar.com\/avatar\/ae84de016d43d093bed40799c6d19430bc23d65401e1d68c9afab71da0688278?s=96&d=mm&r=g","contentUrl":"https:\/\/secure.gravatar.com\/avatar\/ae84de016d43d093bed40799c6d19430bc23d65401e1d68c9afab71da0688278?s=96&d=mm&r=g","caption":"Omar Herrera"},"description":"Si mi vida se resumiera en una pel\u00edcula, ser\u00eda en una dirigida por Woody Allen. Licenciado en Ciencias y T\u00e9cnicas de la Comunicaci\u00f3n.","sameAs":["http:\/\/www.linkedin.com\/pub\/omar-vargas-herrera\/8a\/792\/288","https:\/\/www.facebook.com\/don.capu","https:\/\/x.com\/thedoncapu"],"url":"https:\/\/kalot.com.mx\/site\/author\/doncapu\/"}]}},"jetpack_publicize_connections":[],"jetpack_featured_media_url":"https:\/\/i0.wp.com\/kalot.com.mx\/site\/wp-content\/uploads\/2013\/09\/netflix-is-testing-a-new-logo-heres-what-it-looks-like.png?fit=800%2C400&ssl=1","jetpack_shortlink":"https:\/\/wp.me\/p6IHEI-wL","jetpack-related-posts":[{"id":4044,"url":"https:\/\/kalot.com.mx\/site\/2013\/10\/15\/ps-vita-de-2da-generacion-usara-puerto-micro-usb-acierto-o-error-ps_lm-psvita2dagen\/","url_meta":{"origin":2031,"position":0},"title":"PS VITA de 2DA GENERACI\u00d3N, usar\u00e1 puerto MICRO-USB \u00bfAcierto o Error? @PS_LM #PSVITA2DAGEN","author":"HM_MKT007","date":"15 octubre, 2013","format":false,"excerpt":"En SONY, y en cada una de sus ramas son muy fan\u00e1ticos de usar sus propios est\u00e1ndares propios, les fascina hacerlo, a un grado alt\u00edsimo. Pero en muchas de las ocasiones, tienen raz\u00f3n, muchos de ellos, han sido clave en el crecimiento de SONY, y que lo colocan como una\u2026","rel":"","context":"Entrada similar ","block_context":{"text":"Entrada similar ","link":""},"img":{"alt_text":"","src":"https:\/\/i0.wp.com\/kalot.com.mx\/site\/wp-content\/uploads\/2013\/10\/ps-vita-micro-usb.jpg?fit=650%2C375&ssl=1&resize=350%2C200","width":350,"height":200,"srcset":"https:\/\/i0.wp.com\/kalot.com.mx\/site\/wp-content\/uploads\/2013\/10\/ps-vita-micro-usb.jpg?fit=650%2C375&ssl=1&resize=350%2C200 1x, https:\/\/i0.wp.com\/kalot.com.mx\/site\/wp-content\/uploads\/2013\/10\/ps-vita-micro-usb.jpg?fit=650%2C375&ssl=1&resize=525%2C300 1.5x"},"classes":[]},{"id":19437,"url":"https:\/\/kalot.com.mx\/site\/2014\/12\/12\/sabes-que-es-uhd-y-que-es-4k\/","url_meta":{"origin":2031,"position":1},"title":"\u00bfSabes que es UHD y que es 4K?","author":"HM_MKT007","date":"12 diciembre, 2014","format":false,"excerpt":"Creo que muchos tenemos la misma duda, porque escuchamos muchas veces que la nueva resoluci\u00f3n que se viene para nuestros televisores, ser\u00e1 alt\u00edsima, y escuchamos mucho sobre 4K y televisores UHD (Ultra High Definition), y malamente las colocamos en el mismo nivel, cuando no es as\u00ed, muchos creen que ambas\u2026","rel":"","context":"Con 2 comentarios","block_context":{"text":"Con 2 comentarios","link":"https:\/\/kalot.com.mx\/site\/2014\/12\/12\/sabes-que-es-uhd-y-que-es-4k\/#comments"},"img":{"alt_text":"","src":"https:\/\/i0.wp.com\/kalot.com.mx\/site\/wp-content\/uploads\/2014\/12\/3f8553d.jpg?fit=610%2C305&ssl=1&resize=350%2C200","width":350,"height":200,"srcset":"https:\/\/i0.wp.com\/kalot.com.mx\/site\/wp-content\/uploads\/2014\/12\/3f8553d.jpg?fit=610%2C305&ssl=1&resize=350%2C200 1x, https:\/\/i0.wp.com\/kalot.com.mx\/site\/wp-content\/uploads\/2014\/12\/3f8553d.jpg?fit=610%2C305&ssl=1&resize=525%2C300 1.5x"},"classes":[]},{"id":6603,"url":"https:\/\/kalot.com.mx\/site\/2013\/11\/17\/blockbuster-cuando-el-mercado-exige-una-evolucion\/","url_meta":{"origin":2031,"position":2},"title":"Blockbuster: cuando el mercado exige una evoluci\u00f3n","author":"Edgar Villanueva","date":"17 noviembre, 2013","format":false,"excerpt":"En el presente mes, \u00a0la empresa estadounidense anunci\u00f3\u00a0 que para principios de 2014 se cerrar\u00e1n las ultimas 300 sucursales estaan operando en Estados Unidos\u00a0 (de las mas de 4000 que se llegaron a tener activas). Existen dos puntos importantes que demuestran que Bluckbuster esta atravesando por una evoluci\u00f3n;\u00a0 el primero\u2026","rel":"","context":"En &quot;Sin categor\u00eda&quot;","block_context":{"text":"Sin categor\u00eda","link":"https:\/\/kalot.com.mx\/site\/category\/sin-categoria\/"},"img":{"alt_text":"","src":"https:\/\/i0.wp.com\/kalot.com.mx\/site\/wp-content\/uploads\/2013\/11\/blockbuster-store-closing.jpg?fit=480%2C360&ssl=1&resize=350%2C200","width":350,"height":200},"classes":[]},{"id":16735,"url":"https:\/\/kalot.com.mx\/site\/2014\/06\/12\/experiencia-memorable\/","url_meta":{"origin":2031,"position":3},"title":"Del simple servicio a una experiencia memorable","author":"Carlos Ru\u00edz Mtz","date":"12 junio, 2014","format":false,"excerpt":"Hoy en d\u00eda la diferenciaci\u00f3n es la clave. En un mundo donde existen miles de empresas que generan gran cantidad de servicios, uno siente que ya lo han inventado todo y en cierta parte quiz\u00e1 tengan raz\u00f3n, pero como dice el dicho: no es lo que hagas sino c\u00f3mo lo\u2026","rel":"","context":"Entrada similar ","block_context":{"text":"Entrada similar ","link":""},"img":{"alt_text":"","src":"https:\/\/i0.wp.com\/kalot.com.mx\/site\/wp-content\/uploads\/2014\/06\/30727_large_family-watching-netflix.jpg?fit=1200%2C672&ssl=1&resize=350%2C200","width":350,"height":200,"srcset":"https:\/\/i0.wp.com\/kalot.com.mx\/site\/wp-content\/uploads\/2014\/06\/30727_large_family-watching-netflix.jpg?fit=1200%2C672&ssl=1&resize=350%2C200 1x, https:\/\/i0.wp.com\/kalot.com.mx\/site\/wp-content\/uploads\/2014\/06\/30727_large_family-watching-netflix.jpg?fit=1200%2C672&ssl=1&resize=525%2C300 1.5x, https:\/\/i0.wp.com\/kalot.com.mx\/site\/wp-content\/uploads\/2014\/06\/30727_large_family-watching-netflix.jpg?fit=1200%2C672&ssl=1&resize=700%2C400 2x, https:\/\/i0.wp.com\/kalot.com.mx\/site\/wp-content\/uploads\/2014\/06\/30727_large_family-watching-netflix.jpg?fit=1200%2C672&ssl=1&resize=1050%2C600 3x"},"classes":[]},{"id":20300,"url":"https:\/\/kalot.com.mx\/site\/2015\/02\/04\/primer-trailer-de-lo-nuevo-de-marvel-en-netflix-daredevil\/","url_meta":{"origin":2031,"position":4},"title":"Primer tr\u00e1iler de lo nuevo de Marvel en Netflix: Daredevil","author":"Jorge Era\u00f1a","date":"4 febrero, 2015","format":false,"excerpt":"Ayer se revel\u00f3 el primer teaser de lo que ser\u00eda este tr\u00e1iler por parte de Netflix, que ha decidido empezar el 2015 con lanzamientos exclusivos como Better Call Saul\u00a0o estrenando pel\u00edculas como The Interview\u00a0antes que las mismas cadenas de cine mas importantes del pa\u00eds. En esta ocasi\u00f3n estrenar\u00e1n Darevil, de\u2026","rel":"","context":"Entrada similar ","block_context":{"text":"Entrada similar ","link":""},"img":{"alt_text":"","src":"https:\/\/i0.wp.com\/kalot.com.mx\/site\/wp-content\/uploads\/2015\/02\/daredevil-poster.jpg?fit=810%2C1200&ssl=1&resize=350%2C200","width":350,"height":200,"srcset":"https:\/\/i0.wp.com\/kalot.com.mx\/site\/wp-content\/uploads\/2015\/02\/daredevil-poster.jpg?fit=810%2C1200&ssl=1&resize=350%2C200 1x, https:\/\/i0.wp.com\/kalot.com.mx\/site\/wp-content\/uploads\/2015\/02\/daredevil-poster.jpg?fit=810%2C1200&ssl=1&resize=525%2C300 1.5x, https:\/\/i0.wp.com\/kalot.com.mx\/site\/wp-content\/uploads\/2015\/02\/daredevil-poster.jpg?fit=810%2C1200&ssl=1&resize=700%2C400 2x"},"classes":[]},{"id":9893,"url":"https:\/\/kalot.com.mx\/site\/2014\/01\/22\/amazon-apuesta-por-la-tv-online\/","url_meta":{"origin":2031,"position":5},"title":"Amazon apuesta por la TV Online","author":"Samuel Arriaga","date":"22 enero, 2014","format":false,"excerpt":"Amazon.com Inc. se ha acercado a las grandes compa\u00f1\u00edas de entretenimiento para la autorizaci\u00f3n de sus cadenas de televisi\u00f3n para un posible nuevo servicio de televisi\u00f3n de pago en l\u00ednea, en lo que ser\u00eda una importante expansi\u00f3n de los esfuerzos de v\u00eddeo en l\u00ednea de la compa\u00f1\u00eda. El nuevo servicio\u2026","rel":"","context":"Entrada similar ","block_context":{"text":"Entrada similar ","link":""},"img":{"alt_text":"","src":"https:\/\/i0.wp.com\/kalot.com.mx\/site\/wp-content\/uploads\/2014\/01\/amazon-studios.jpg?fit=640%2C400&ssl=1&resize=350%2C200","width":350,"height":200,"srcset":"https:\/\/i0.wp.com\/kalot.com.mx\/site\/wp-content\/uploads\/2014\/01\/amazon-studios.jpg?fit=640%2C400&ssl=1&resize=350%2C200 1x, https:\/\/i0.wp.com\/kalot.com.mx\/site\/wp-content\/uploads\/2014\/01\/amazon-studios.jpg?fit=640%2C400&ssl=1&resize=525%2C300 1.5x"},"classes":[]}],"jetpack_sharing_enabled":true,"_links":{"self":[{"href":"https:\/\/kalot.com.mx\/site\/wp-json\/wp\/v2\/posts\/2031","targetHints":{"allow":["GET"]}}],"collection":[{"href":"https:\/\/kalot.com.mx\/site\/wp-json\/wp\/v2\/posts"}],"about":[{"href":"https:\/\/kalot.com.mx\/site\/wp-json\/wp\/v2\/types\/post"}],"author":[{"embeddable":true,"href":"https:\/\/kalot.com.mx\/site\/wp-json\/wp\/v2\/users\/18"}],"replies":[{"embeddable":true,"href":"https:\/\/kalot.com.mx\/site\/wp-json\/wp\/v2\/comments?post=2031"}],"version-history":[{"count":0,"href":"https:\/\/kalot.com.mx\/site\/wp-json\/wp\/v2\/posts\/2031\/revisions"}],"wp:featuredmedia":[{"embeddable":true,"href":"https:\/\/kalot.com.mx\/site\/wp-json\/wp\/v2\/media\/20914"}],"wp:attachment":[{"href":"https:\/\/kalot.com.mx\/site\/wp-json\/wp\/v2\/media?parent=2031"}],"wp:term":[{"taxonomy":"category","embeddable":true,"href":"https:\/\/kalot.com.mx\/site\/wp-json\/wp\/v2\/categories?post=2031"},{"taxonomy":"post_tag","embeddable":true,"href":"https:\/\/kalot.com.mx\/site\/wp-json\/wp\/v2\/tags?post=2031"}],"curies":[{"name":"wp","href":"https:\/\/api.w.org\/{rel}","templated":true}]}}