{"id":20300,"date":"2015-02-04T08:24:56","date_gmt":"2015-02-04T14:24:56","guid":{"rendered":"http:\/\/www.kalot.com.mx\/?p=20300"},"modified":"2015-02-04T08:37:11","modified_gmt":"2015-02-04T14:37:11","slug":"primer-trailer-de-lo-nuevo-de-marvel-en-netflix-daredevil","status":"publish","type":"post","link":"https:\/\/kalot.com.mx\/site\/2015\/02\/04\/primer-trailer-de-lo-nuevo-de-marvel-en-netflix-daredevil\/","title":{"rendered":"Primer tr\u00e1iler de lo nuevo de Marvel en Netflix: Daredevil"},"content":{"rendered":"<p style=\"text-align: justify;\">Ayer se revel\u00f3 el primer teaser de lo que ser\u00eda este <strong>tr\u00e1iler<\/strong> por parte de Netflix, que ha decidido empezar el 2015 con lanzamientos exclusivos como <a href=\"http:\/\/www.bettercallsaul.com\/\" target=\"_blank\">Better Call Saul<\/a>\u00a0o estrenando pel\u00edculas como <a title=\"The Interview: Una Mala Pelicula\" href=\"http:\/\/www.kalot.com.mx\/2014\/12\/30\/the-interview-una-mala-pelicula\/\" target=\"_blank\">The Interview<\/a>\u00a0antes que las mismas cadenas de cine mas importantes del pa\u00eds.<\/p>\n<p style=\"text-align: justify;\">En esta ocasi\u00f3n estrenar\u00e1n <strong><a href=\"http:\/\/www.netflix.com\/WiMovie\/80018294\" target=\"_blank\">Darevil<\/a><\/strong>, de la mano de Marvel y protagonizada por \u00a0Charlie Cox &#8211; que vimos recientemente al lado de Eddie Redmayne en <a href=\"http:\/\/www.imdb.com\/title\/tt2980516\/?ref_=nm_knf_i4\" target=\"_blank\">La teor\u00eda del Todo<\/a>\u00a0&#8211; y producida\u00a0por Stan Lee que esperamos ver en alg\u00fan cameo durante la primera temporada.<\/p>\n<p><iframe src=\"http:\/\/widgets.ign.com\/video\/embed\/content.html?url=http:\/\/www.ign.com\/videos\/2015\/02\/04\/marvels-daredevil-teaser-trailer\" width=\"468\" height=\"263\" frameborder=\"0\" scrolling=\"no\" allowfullscreen=\"allowfullscreen\"><\/iframe><\/p>\n<p style=\"text-align: justify;\"><strong>\u00bfQu\u00e9 les pareci\u00f3 el tr\u00e1iler?<\/strong> probablemente sea de los pocos que si les gust\u00f3 la primera versi\u00f3n en cine de <a href=\"http:\/\/www.imdb.com\/title\/tt0287978\/\" target=\"_blank\">Daredevil<\/a>, versi\u00f3n para que para la mayor\u00eda de los fan\u00e1ticos de Marvel fue un asco y el inicio del odio hacia Ben Affleck como superh\u00e9roe.<\/p>\n<div id=\"content\" class=\"container_12\">\n<div id=\"gif-detail\" class=\"gif-detail grid_9\">\n<div id=\"gif-wrap\" class=\"gif-wrap grid_9\">\n<div class=\"gif-figure-wrapper\">\n<figure><img data-recalc-dims=\"1\" fetchpriority=\"high\" decoding=\"async\" id=\"gif\" class=\"a-gif aligncenter\" src=\"https:\/\/i0.wp.com\/media.giphy.com\/media\/KRGOn5To0jyo\/giphy.gif?resize=604%2C323\" alt=\"daredevil animated GIF \" width=\"604\" height=\"323\" data-original-width=\"245\" data-original-height=\"131\" data-padding-top=\"134\" data-id=\"KRGOn5To0jyo\" data-image_url=\"http:\/\/media.giphy.com\/media\/KRGOn5To0jyo\/giphy.gif\" data-bitly_gif_url=\"http:\/\/gph.is\/1e9NwyE\" data-mp4_url=\"http:\/\/media.giphy.com\/media\/KRGOn5To0jyo\/giphy.mp4\" data-still=\"http:\/\/media.giphy.com\/media\/KRGOn5To0jyo\/giphy_s.gif\" data-tumblr_share_url=\"http:\/\/media.giphy.com\/media\/KRGOn5To0jyo\/giphy-tumblr.gif\" data-gif_id=\"KRGOn5To0jyo\" \/><\/figure>\n<\/div>\n<\/div>\n<\/div>\n<\/div>\n","protected":false},"excerpt":{"rendered":"Ayer se revel\u00f3 el primer teaser de lo que ser\u00eda este tr\u00e1iler por parte de Netflix, que ha&hellip;\n","protected":false},"author":1,"featured_media":20301,"comment_status":"open","ping_status":"open","sticky":false,"template":"","format":"standard","meta":{"jetpack_post_was_ever_published":false,"_jetpack_newsletter_access":"","_jetpack_dont_email_post_to_subs":false,"_jetpack_newsletter_tier_id":0,"_jetpack_memberships_contains_paywalled_content":false,"_jetpack_memberships_contains_paid_content":false,"footnotes":"","jetpack_publicize_message":"","jetpack_publicize_feature_enabled":true,"jetpack_social_post_already_shared":true,"jetpack_social_options":{"image_generator_settings":{"template":"highway","default_image_id":0,"font":"","enabled":false},"version":2}},"categories":[],"tags":[],"class_list":{"0":"post-20300","1":"post","2":"type-post","3":"status-publish","4":"format-standard","5":"has-post-thumbnail","7":"cs-entry","8":"cs-video-wrap"},"yoast_head":"<!-- This site is optimized with the Yoast SEO plugin v27.5 - https:\/\/yoast.com\/product\/yoast-seo-wordpress\/ -->\n<title>Primer tr\u00e1iler de lo nuevo de Marvel en Netflix: Daredevil - Kalot<\/title>\n<meta name=\"description\" content=\"Ayer se revel\u00f3 el primer teaser de lo que ser\u00eda este tr\u00e1iler por parte de Netflix, que ha decidido empezar el 2015 con lanzamientos exclusivos como Better\" \/>\n<meta name=\"robots\" content=\"index, follow, max-snippet:-1, max-image-preview:large, max-video-preview:-1\" \/>\n<link rel=\"canonical\" href=\"https:\/\/kalot.com.mx\/site\/2015\/02\/04\/primer-trailer-de-lo-nuevo-de-marvel-en-netflix-daredevil\/\" \/>\n<meta property=\"og:locale\" content=\"es_MX\" \/>\n<meta property=\"og:type\" content=\"article\" \/>\n<meta property=\"og:title\" content=\"Primer tr\u00e1iler de lo nuevo de Marvel en Netflix: Daredevil - Kalot\" \/>\n<meta property=\"og:description\" content=\"Ayer se revel\u00f3 el primer teaser de lo que ser\u00eda este tr\u00e1iler por parte de Netflix, que ha decidido empezar el 2015 con lanzamientos exclusivos como Better\" \/>\n<meta property=\"og:url\" content=\"https:\/\/kalot.com.mx\/site\/2015\/02\/04\/primer-trailer-de-lo-nuevo-de-marvel-en-netflix-daredevil\/\" \/>\n<meta property=\"og:site_name\" content=\"Kalot\" \/>\n<meta property=\"article:publisher\" content=\"http:\/\/facebook.com\/mxkalot\" \/>\n<meta property=\"article:author\" content=\"http:\/\/www.facebook.com\/jorgeerana\" \/>\n<meta property=\"article:published_time\" content=\"2015-02-04T14:24:56+00:00\" \/>\n<meta property=\"article:modified_time\" content=\"2015-02-04T14:37:11+00:00\" \/>\n<meta property=\"og:image\" content=\"https:\/\/i2.wp.com\/kalot.com.mx\/site\/wp-content\/uploads\/2015\/02\/daredevil-poster.jpg?fit=1200%2C1778&ssl=1\" \/>\n\t<meta property=\"og:image:width\" content=\"1200\" \/>\n\t<meta property=\"og:image:height\" content=\"1778\" \/>\n\t<meta property=\"og:image:type\" content=\"image\/jpeg\" \/>\n<meta name=\"author\" content=\"Jorge Era\u00f1a\" \/>\n<meta name=\"twitter:card\" content=\"summary_large_image\" \/>\n<meta name=\"twitter:creator\" content=\"@jorge_erana\" \/>\n<meta name=\"twitter:site\" content=\"@kalotmx\" \/>\n<meta name=\"twitter:label1\" content=\"Escrito por\" \/>\n\t<meta name=\"twitter:data1\" content=\"Jorge Era\u00f1a\" \/>\n\t<meta name=\"twitter:label2\" content=\"Tiempo de lectura\" \/>\n\t<meta name=\"twitter:data2\" content=\"1 minuto\" \/>\n<!-- \/ Yoast SEO plugin. -->","yoast_head_json":{"title":"Primer tr\u00e1iler de lo nuevo de Marvel en Netflix: Daredevil - Kalot","description":"Ayer se revel\u00f3 el primer teaser de lo que ser\u00eda este tr\u00e1iler por parte de Netflix, que ha decidido empezar el 2015 con lanzamientos exclusivos como Better","robots":{"index":"index","follow":"follow","max-snippet":"max-snippet:-1","max-image-preview":"max-image-preview:large","max-video-preview":"max-video-preview:-1"},"canonical":"https:\/\/kalot.com.mx\/site\/2015\/02\/04\/primer-trailer-de-lo-nuevo-de-marvel-en-netflix-daredevil\/","og_locale":"es_MX","og_type":"article","og_title":"Primer tr\u00e1iler de lo nuevo de Marvel en Netflix: Daredevil - Kalot","og_description":"Ayer se revel\u00f3 el primer teaser de lo que ser\u00eda este tr\u00e1iler por parte de Netflix, que ha decidido empezar el 2015 con lanzamientos exclusivos como Better","og_url":"https:\/\/kalot.com.mx\/site\/2015\/02\/04\/primer-trailer-de-lo-nuevo-de-marvel-en-netflix-daredevil\/","og_site_name":"Kalot","article_publisher":"http:\/\/facebook.com\/mxkalot","article_author":"http:\/\/www.facebook.com\/jorgeerana","article_published_time":"2015-02-04T14:24:56+00:00","article_modified_time":"2015-02-04T14:37:11+00:00","og_image":[{"width":1200,"height":1778,"url":"https:\/\/i2.wp.com\/kalot.com.mx\/site\/wp-content\/uploads\/2015\/02\/daredevil-poster.jpg?fit=1200%2C1778&ssl=1","type":"image\/jpeg"}],"author":"Jorge Era\u00f1a","twitter_card":"summary_large_image","twitter_creator":"@jorge_erana","twitter_site":"@kalotmx","twitter_misc":{"Escrito por":"Jorge Era\u00f1a","Tiempo de lectura":"1 minuto"},"schema":{"@context":"https:\/\/schema.org","@graph":[{"@type":"Article","@id":"https:\/\/kalot.com.mx\/site\/2015\/02\/04\/primer-trailer-de-lo-nuevo-de-marvel-en-netflix-daredevil\/#article","isPartOf":{"@id":"https:\/\/kalot.com.mx\/site\/2015\/02\/04\/primer-trailer-de-lo-nuevo-de-marvel-en-netflix-daredevil\/"},"author":{"name":"Jorge Era\u00f1a","@id":"https:\/\/kalot.com.mx\/site\/#\/schema\/person\/439e32b5ce86d9bc80cf42ab58e1c6e0"},"headline":"Primer tr\u00e1iler de lo nuevo de Marvel en Netflix: Daredevil","datePublished":"2015-02-04T14:24:56+00:00","dateModified":"2015-02-04T14:37:11+00:00","mainEntityOfPage":{"@id":"https:\/\/kalot.com.mx\/site\/2015\/02\/04\/primer-trailer-de-lo-nuevo-de-marvel-en-netflix-daredevil\/"},"wordCount":160,"commentCount":0,"publisher":{"@id":"https:\/\/kalot.com.mx\/site\/#organization"},"image":{"@id":"https:\/\/kalot.com.mx\/site\/2015\/02\/04\/primer-trailer-de-lo-nuevo-de-marvel-en-netflix-daredevil\/#primaryimage"},"thumbnailUrl":"https:\/\/i0.wp.com\/kalot.com.mx\/site\/wp-content\/uploads\/2015\/02\/daredevil-poster.jpg?fit=1200%2C1778&ssl=1","inLanguage":"es","potentialAction":[{"@type":"CommentAction","name":"Comment","target":["https:\/\/kalot.com.mx\/site\/2015\/02\/04\/primer-trailer-de-lo-nuevo-de-marvel-en-netflix-daredevil\/#respond"]}]},{"@type":"WebPage","@id":"https:\/\/kalot.com.mx\/site\/2015\/02\/04\/primer-trailer-de-lo-nuevo-de-marvel-en-netflix-daredevil\/","url":"https:\/\/kalot.com.mx\/site\/2015\/02\/04\/primer-trailer-de-lo-nuevo-de-marvel-en-netflix-daredevil\/","name":"Primer tr\u00e1iler de lo nuevo de Marvel en Netflix: Daredevil - Kalot","isPartOf":{"@id":"https:\/\/kalot.com.mx\/site\/#website"},"primaryImageOfPage":{"@id":"https:\/\/kalot.com.mx\/site\/2015\/02\/04\/primer-trailer-de-lo-nuevo-de-marvel-en-netflix-daredevil\/#primaryimage"},"image":{"@id":"https:\/\/kalot.com.mx\/site\/2015\/02\/04\/primer-trailer-de-lo-nuevo-de-marvel-en-netflix-daredevil\/#primaryimage"},"thumbnailUrl":"https:\/\/i0.wp.com\/kalot.com.mx\/site\/wp-content\/uploads\/2015\/02\/daredevil-poster.jpg?fit=1200%2C1778&ssl=1","datePublished":"2015-02-04T14:24:56+00:00","dateModified":"2015-02-04T14:37:11+00:00","description":"Ayer se revel\u00f3 el primer teaser de lo que ser\u00eda este tr\u00e1iler por parte de Netflix, que ha decidido empezar el 2015 con lanzamientos exclusivos como Better","breadcrumb":{"@id":"https:\/\/kalot.com.mx\/site\/2015\/02\/04\/primer-trailer-de-lo-nuevo-de-marvel-en-netflix-daredevil\/#breadcrumb"},"inLanguage":"es","potentialAction":[{"@type":"ReadAction","target":["https:\/\/kalot.com.mx\/site\/2015\/02\/04\/primer-trailer-de-lo-nuevo-de-marvel-en-netflix-daredevil\/"]}]},{"@type":"ImageObject","inLanguage":"es","@id":"https:\/\/kalot.com.mx\/site\/2015\/02\/04\/primer-trailer-de-lo-nuevo-de-marvel-en-netflix-daredevil\/#primaryimage","url":"https:\/\/i0.wp.com\/kalot.com.mx\/site\/wp-content\/uploads\/2015\/02\/daredevil-poster.jpg?fit=1200%2C1778&ssl=1","contentUrl":"https:\/\/i0.wp.com\/kalot.com.mx\/site\/wp-content\/uploads\/2015\/02\/daredevil-poster.jpg?fit=1200%2C1778&ssl=1","width":1200,"height":1778},{"@type":"BreadcrumbList","@id":"https:\/\/kalot.com.mx\/site\/2015\/02\/04\/primer-trailer-de-lo-nuevo-de-marvel-en-netflix-daredevil\/#breadcrumb","itemListElement":[{"@type":"ListItem","position":1,"name":"Home","item":"https:\/\/kalot.com.mx\/site\/"},{"@type":"ListItem","position":2,"name":"Primer tr\u00e1iler de lo nuevo de Marvel en Netflix: Daredevil"}]},{"@type":"WebSite","@id":"https:\/\/kalot.com.mx\/site\/#website","url":"https:\/\/kalot.com.mx\/site\/","name":"Kalot","description":"Conoce Todo Sobre Todo","publisher":{"@id":"https:\/\/kalot.com.mx\/site\/#organization"},"potentialAction":[{"@type":"SearchAction","target":{"@type":"EntryPoint","urlTemplate":"https:\/\/kalot.com.mx\/site\/?s={search_term_string}"},"query-input":{"@type":"PropertyValueSpecification","valueRequired":true,"valueName":"search_term_string"}}],"inLanguage":"es"},{"@type":"Organization","@id":"https:\/\/kalot.com.mx\/site\/#organization","name":"Kalot","url":"https:\/\/kalot.com.mx\/site\/","logo":{"@type":"ImageObject","inLanguage":"es","@id":"https:\/\/kalot.com.mx\/site\/#\/schema\/logo\/image\/","url":"https:\/\/i0.wp.com\/kalot.com.mx\/site\/wp-content\/uploads\/2020\/04\/Kalot-logo-sin-tagline.png?fit=1707%2C1014&ssl=1","contentUrl":"https:\/\/i0.wp.com\/kalot.com.mx\/site\/wp-content\/uploads\/2020\/04\/Kalot-logo-sin-tagline.png?fit=1707%2C1014&ssl=1","width":1707,"height":1014,"caption":"Kalot"},"image":{"@id":"https:\/\/kalot.com.mx\/site\/#\/schema\/logo\/image\/"},"sameAs":["http:\/\/facebook.com\/mxkalot","https:\/\/x.com\/kalotmx","http:\/\/instagram.com\/kalotmx","http:\/\/pinterest.com\/jorgeerana\/kalot"]},{"@type":"Person","@id":"https:\/\/kalot.com.mx\/site\/#\/schema\/person\/439e32b5ce86d9bc80cf42ab58e1c6e0","name":"Jorge Era\u00f1a","image":{"@type":"ImageObject","inLanguage":"es","@id":"https:\/\/secure.gravatar.com\/avatar\/212c04a1057d7abed0b82aaef6a7ff59168e10f70fcde39376c565ea83c43a85?s=96&d=mm&r=g","url":"https:\/\/secure.gravatar.com\/avatar\/212c04a1057d7abed0b82aaef6a7ff59168e10f70fcde39376c565ea83c43a85?s=96&d=mm&r=g","contentUrl":"https:\/\/secure.gravatar.com\/avatar\/212c04a1057d7abed0b82aaef6a7ff59168e10f70fcde39376c565ea83c43a85?s=96&d=mm&r=g","caption":"Jorge Era\u00f1a"},"description":"Fundador de @KalotMx Mercad\u00f3logo, amante de la tecnolog\u00eda, #Geekazo, #socialmedia, #MarketingDigital, tv-shows, movies y de la vida. Admin","sameAs":["http:\/\/www.kalot.com.mx","http:\/\/www.facebook.com\/jorgeerana","https:\/\/x.com\/jorge_erana"],"url":"https:\/\/kalot.com.mx\/site\/author\/admin\/"}]}},"jetpack_publicize_connections":[],"jetpack_featured_media_url":"https:\/\/i0.wp.com\/kalot.com.mx\/site\/wp-content\/uploads\/2015\/02\/daredevil-poster.jpg?fit=1200%2C1778&ssl=1","jetpack_shortlink":"https:\/\/wp.me\/p6IHEI-5hq","jetpack-related-posts":[{"id":24515,"url":"https:\/\/kalot.com.mx\/site\/2015\/12\/11\/primer-trailer-oficial-de-xmen-apocalypse\/","url_meta":{"origin":20300,"position":0},"title":"Primer tr\u00e1iler oficial de XMEN APOCALYPSE","author":"HM_MKT007","date":"11 diciembre, 2015","format":false,"excerpt":"El cierre de a\u00f1o esta resultando espectacular, y solo nos deja con muchas ansias de estar ya en el 2016, porque cada vez mejores pel\u00edculas se acercan, y uno de ellos es sin duda esta, el cierre de la trilog\u00eda de XMEN empezada en FIRST CLASS, y por lo que\u2026","rel":"","context":"En &quot;Cine&quot;","block_context":{"text":"Cine","link":"https:\/\/kalot.com.mx\/site\/category\/cine\/"},"img":{"alt_text":"","src":"https:\/\/i0.wp.com\/kalot.com.mx\/site\/wp-content\/uploads\/2015\/12\/ew-cover-1373-xmen_612x380-1.jpg?fit=640%2C397&ssl=1&resize=350%2C200","width":350,"height":200,"srcset":"https:\/\/i0.wp.com\/kalot.com.mx\/site\/wp-content\/uploads\/2015\/12\/ew-cover-1373-xmen_612x380-1.jpg?fit=640%2C397&ssl=1&resize=350%2C200 1x, https:\/\/i0.wp.com\/kalot.com.mx\/site\/wp-content\/uploads\/2015\/12\/ew-cover-1373-xmen_612x380-1.jpg?fit=640%2C397&ssl=1&resize=525%2C300 1.5x"},"classes":[]},{"id":27086,"url":"https:\/\/kalot.com.mx\/site\/2017\/04\/10\/trailer-de-thor-ragnarok\/","url_meta":{"origin":20300,"position":1},"title":"\u00a1\u00a1\u00a1PRIMER TRAILER DE THOR RAGNAROK!!!","author":"HM_MKT007","date":"10 abril, 2017","format":false,"excerpt":"Lo prometido es deuda por parte de MARVEL, y vuelve a cumplir mostrando el primer TEASER TRAILER para la tercera y \u00faltima entrega del dios N\u00d3RDICO THOR, y su \u00faltima aventura no podr\u00eda ser de otra manera, la MEJOR de todas por lo visto al momento. Y sin m\u00e1s pre\u00e1mbulos,\u2026","rel":"","context":"En &quot;Cine&quot;","block_context":{"text":"Cine","link":"https:\/\/kalot.com.mx\/site\/category\/cine\/"},"img":{"alt_text":"","src":"https:\/\/i0.wp.com\/kalot.com.mx\/site\/wp-content\/uploads\/2017\/04\/Thor-Ragnarok-nuevas-imagenes.jpg?fit=1100%2C600&ssl=1&resize=350%2C200","width":350,"height":200,"srcset":"https:\/\/i0.wp.com\/kalot.com.mx\/site\/wp-content\/uploads\/2017\/04\/Thor-Ragnarok-nuevas-imagenes.jpg?fit=1100%2C600&ssl=1&resize=350%2C200 1x, https:\/\/i0.wp.com\/kalot.com.mx\/site\/wp-content\/uploads\/2017\/04\/Thor-Ragnarok-nuevas-imagenes.jpg?fit=1100%2C600&ssl=1&resize=525%2C300 1.5x, https:\/\/i0.wp.com\/kalot.com.mx\/site\/wp-content\/uploads\/2017\/04\/Thor-Ragnarok-nuevas-imagenes.jpg?fit=1100%2C600&ssl=1&resize=700%2C400 2x, https:\/\/i0.wp.com\/kalot.com.mx\/site\/wp-content\/uploads\/2017\/04\/Thor-Ragnarok-nuevas-imagenes.jpg?fit=1100%2C600&ssl=1&resize=1050%2C600 3x"},"classes":[]},{"id":12777,"url":"https:\/\/kalot.com.mx\/site\/2014\/03\/01\/primer-trailer-the-purge-anarchy\/","url_meta":{"origin":20300,"position":2},"title":"Primer trailer de The Purge: Anarchy","author":"Carlos Ru\u00edz Mtz","date":"1 marzo, 2014","format":false,"excerpt":"El a\u00f1o pasado se estren\u00f3 una pel\u00edcula de terror suspenso bastante interesante, The Purge, que si bien no es una obra maestra en su g\u00e9nero, plantea una trama bastante original e interesante: \u00bfQu\u00e9 pasar\u00eda si todos pudi\u00e9ramos hacer cualquier cosa que se nos plazca durante 24 horas al a\u00f1o? \u00bfQu\u00e9\u2026","rel":"","context":"Entrada similar ","block_context":{"text":"Entrada similar ","link":""},"img":{"alt_text":"","src":"https:\/\/i0.wp.com\/kalot.com.mx\/site\/wp-content\/uploads\/2014\/03\/The-Purge-Anarchy-Trailer-News-We-Live-Film.jpg?fit=1200%2C675&ssl=1&resize=350%2C200","width":350,"height":200,"srcset":"https:\/\/i0.wp.com\/kalot.com.mx\/site\/wp-content\/uploads\/2014\/03\/The-Purge-Anarchy-Trailer-News-We-Live-Film.jpg?fit=1200%2C675&ssl=1&resize=350%2C200 1x, https:\/\/i0.wp.com\/kalot.com.mx\/site\/wp-content\/uploads\/2014\/03\/The-Purge-Anarchy-Trailer-News-We-Live-Film.jpg?fit=1200%2C675&ssl=1&resize=525%2C300 1.5x, https:\/\/i0.wp.com\/kalot.com.mx\/site\/wp-content\/uploads\/2014\/03\/The-Purge-Anarchy-Trailer-News-We-Live-Film.jpg?fit=1200%2C675&ssl=1&resize=700%2C400 2x, https:\/\/i0.wp.com\/kalot.com.mx\/site\/wp-content\/uploads\/2014\/03\/The-Purge-Anarchy-Trailer-News-We-Live-Film.jpg?fit=1200%2C675&ssl=1&resize=1050%2C600 3x"},"classes":[]},{"id":26278,"url":"https:\/\/kalot.com.mx\/site\/2016\/10\/10\/teaser-trailer-power-rangers-2017\/","url_meta":{"origin":20300,"position":3},"title":"Teaser Tr\u00e1iler de Power Rangers 2017","author":"Jorge Era\u00f1a","date":"10 octubre, 2016","format":false,"excerpt":"Power Rangers, la pel\u00edcula basada en la serie 'Mighty Morphin Power Rangers' lanza su primer teaser tr\u00e1iler. Llegar\u00e1 a M\u00e9xico en Abril del 2017, \u00bfles gustaron los trajes? https:\/\/www.youtube.com\/watch?v=Q-C4qqsgs8w Lo mejor sin duda ser\u00e1 la voz de Bill Hader como Alpha y obvio #TeamJason BTW, por si lo hab\u00edan olvidado,\u2026","rel":"","context":"En &quot;Cine&quot;","block_context":{"text":"Cine","link":"https:\/\/kalot.com.mx\/site\/category\/cine\/"},"img":{"alt_text":"","src":"https:\/\/i0.wp.com\/kalot.com.mx\/site\/wp-content\/uploads\/2016\/10\/trailer-power-rangers.jpeg?fit=1200%2C780&ssl=1&resize=350%2C200","width":350,"height":200,"srcset":"https:\/\/i0.wp.com\/kalot.com.mx\/site\/wp-content\/uploads\/2016\/10\/trailer-power-rangers.jpeg?fit=1200%2C780&ssl=1&resize=350%2C200 1x, https:\/\/i0.wp.com\/kalot.com.mx\/site\/wp-content\/uploads\/2016\/10\/trailer-power-rangers.jpeg?fit=1200%2C780&ssl=1&resize=525%2C300 1.5x, https:\/\/i0.wp.com\/kalot.com.mx\/site\/wp-content\/uploads\/2016\/10\/trailer-power-rangers.jpeg?fit=1200%2C780&ssl=1&resize=700%2C400 2x, https:\/\/i0.wp.com\/kalot.com.mx\/site\/wp-content\/uploads\/2016\/10\/trailer-power-rangers.jpeg?fit=1200%2C780&ssl=1&resize=1050%2C600 3x"},"classes":[]},{"id":3176,"url":"https:\/\/kalot.com.mx\/site\/2013\/10\/04\/primer-trailer-para-metastasis-breaking-bad-la-colombiana\/","url_meta":{"origin":20300,"position":4},"title":"Primer tr\u00e1iler para Met\u00e1stasis; Breaking Bad a la colombiana","author":"Omar Herrera","date":"4 octubre, 2013","format":false,"excerpt":"Sony Pictures TV se ha puesto a producir lo que ser\u00e1 la adaptaci\u00f3n colombiana de la reci\u00e9n terminada serie Breaking Bad, la cu\u00e1l ser\u00e1 transmitida a m\u00e1s de 40 pa\u00edses a trav\u00e9s de Univisi\u00f3n (s\u00ed, la misma cadena que exporta las telenovelas de Televisa). En s\u00ed la serie estar\u00e1 basada\u2026","rel":"","context":"En &quot;Sin categor\u00eda&quot;","block_context":{"text":"Sin categor\u00eda","link":"https:\/\/kalot.com.mx\/site\/category\/sin-categoria\/"},"img":{"alt_text":"","src":"https:\/\/i0.wp.com\/kalot.com.mx\/site\/wp-content\/uploads\/2013\/10\/walter_blanco_Metastasis.jpg?fit=799%2C1200&ssl=1&resize=350%2C200","width":350,"height":200,"srcset":"https:\/\/i0.wp.com\/kalot.com.mx\/site\/wp-content\/uploads\/2013\/10\/walter_blanco_Metastasis.jpg?fit=799%2C1200&ssl=1&resize=350%2C200 1x, https:\/\/i0.wp.com\/kalot.com.mx\/site\/wp-content\/uploads\/2013\/10\/walter_blanco_Metastasis.jpg?fit=799%2C1200&ssl=1&resize=525%2C300 1.5x, https:\/\/i0.wp.com\/kalot.com.mx\/site\/wp-content\/uploads\/2013\/10\/walter_blanco_Metastasis.jpg?fit=799%2C1200&ssl=1&resize=700%2C400 2x"},"classes":[]},{"id":13898,"url":"https:\/\/kalot.com.mx\/site\/2014\/03\/25\/primer-trailer-hercules-dwayne-the-rock-johnson\/","url_meta":{"origin":20300,"position":5},"title":"Primer trailer de Hercules con Dwayne &#8220;The Rock&#8221; Johnson","author":"Jorge Era\u00f1a","date":"25 marzo, 2014","format":false,"excerpt":"La nueva pel\u00edcula de Hercules est\u00e1 a la vuelta de la esquina y hoy se lanza el primer trailer protagonizado por Dwayne Johnson, un trailer que muestra una excelente presentaci\u00f3n para lo que se viene con esta excelente pel\u00edcula. Ha pasado mucho tiempo para que le dieran un papel a\u2026","rel":"","context":"En &quot;Sin categor\u00eda&quot;","block_context":{"text":"Sin categor\u00eda","link":"https:\/\/kalot.com.mx\/site\/category\/sin-categoria\/"},"img":{"alt_text":"","src":"https:\/\/i0.wp.com\/kalot.com.mx\/site\/wp-content\/uploads\/2014\/03\/hercules.jpg?fit=640%2C950&ssl=1&resize=350%2C200","width":350,"height":200,"srcset":"https:\/\/i0.wp.com\/kalot.com.mx\/site\/wp-content\/uploads\/2014\/03\/hercules.jpg?fit=640%2C950&ssl=1&resize=350%2C200 1x, https:\/\/i0.wp.com\/kalot.com.mx\/site\/wp-content\/uploads\/2014\/03\/hercules.jpg?fit=640%2C950&ssl=1&resize=525%2C300 1.5x"},"classes":[]}],"jetpack_sharing_enabled":true,"_links":{"self":[{"href":"https:\/\/kalot.com.mx\/site\/wp-json\/wp\/v2\/posts\/20300","targetHints":{"allow":["GET"]}}],"collection":[{"href":"https:\/\/kalot.com.mx\/site\/wp-json\/wp\/v2\/posts"}],"about":[{"href":"https:\/\/kalot.com.mx\/site\/wp-json\/wp\/v2\/types\/post"}],"author":[{"embeddable":true,"href":"https:\/\/kalot.com.mx\/site\/wp-json\/wp\/v2\/users\/1"}],"replies":[{"embeddable":true,"href":"https:\/\/kalot.com.mx\/site\/wp-json\/wp\/v2\/comments?post=20300"}],"version-history":[{"count":0,"href":"https:\/\/kalot.com.mx\/site\/wp-json\/wp\/v2\/posts\/20300\/revisions"}],"wp:featuredmedia":[{"embeddable":true,"href":"https:\/\/kalot.com.mx\/site\/wp-json\/wp\/v2\/media\/20301"}],"wp:attachment":[{"href":"https:\/\/kalot.com.mx\/site\/wp-json\/wp\/v2\/media?parent=20300"}],"wp:term":[{"taxonomy":"category","embeddable":true,"href":"https:\/\/kalot.com.mx\/site\/wp-json\/wp\/v2\/categories?post=20300"},{"taxonomy":"post_tag","embeddable":true,"href":"https:\/\/kalot.com.mx\/site\/wp-json\/wp\/v2\/tags?post=20300"}],"curies":[{"name":"wp","href":"https:\/\/api.w.org\/{rel}","templated":true}]}}