{"id":2015,"date":"2013-09-20T09:25:45","date_gmt":"2013-09-20T14:25:45","guid":{"rendered":"http:\/\/www.kalot.com.mx\/?p=2015"},"modified":"2013-09-20T09:20:47","modified_gmt":"2013-09-20T14:20:47","slug":"convocados-para-la-seleccion-mexicana-deportes","status":"publish","type":"post","link":"https:\/\/kalot.com.mx\/site\/2013\/09\/20\/convocados-para-la-seleccion-mexicana-deportes\/","title":{"rendered":"Convocados para la selecci\u00f3n Mexicana #Deportes"},"content":{"rendered":"<p style=\"text-align: justify\">Se dio a conocer por fin la tan esperada lista de convocados a la selecci\u00f3n Mexicana, la pregunta es ahora \u00bfSer\u00e1n los correctos?. Al ver la lista la principal sorpresa es que no se ven Europeos, pero ser\u00e1 esa la soluci\u00f3n poner a jugadores que sientan la playera y buscar los lideres que siempre han sabido llevar a M\u00e9xico a dar y ser el peleador que ha sido siempre.<\/p>\n<p style=\"text-align: justify\">Aqu\u00ed les dejo la lista de los convocados:<\/p>\n<ul>\n<li>Porteros: Jes\u00fas Corona, Jonathan Orozco y Alfredo Talavera.<\/li>\n<li>Defensas: Severo Meza, Hiram Mier, Rafael M\u00e1rquez, Hugo Ayala, Jonny Magall\u00f3n, Jorge Torres Nilo y Miguel Lay\u00fan.<\/li>\n<li>Medios: Carlos Salcido, Gerardo Torrado, Jes\u00fas Zavala, Carlos Pe\u00f1a, Luis Montes, Isaac Brizuela, Christian Gim\u00e9nez, Dami\u00e1n \u00c1lvarez, Fernando Arce y Lucas Lobos.<\/li>\n<li>Delanteros: Aldo de Nigris, \u00c1ngel Reyna, Ra\u00fal Jim\u00e9nez, Oribe Peralta y Marco Fabi\u00e1n.<\/li>\n<\/ul>\n<p style=\"text-align: justify\">Los convocados trabajar\u00e1n entre semana desde el pr\u00f3ximo lunes hasta el d\u00eda del partido. Los fines de semana se integrar\u00e1n con sus respectivos equipos.<\/p>\n<p><a href=\"https:\/\/i0.wp.com\/www.kalot.com.mx\/wp-content\/uploads\/2013\/09\/vucetich-120913-3.jpg\"><img data-recalc-dims=\"1\" fetchpriority=\"high\" decoding=\"async\" data-attachment-id=\"2017\" data-permalink=\"https:\/\/kalot.com.mx\/site\/2013\/09\/20\/convocados-para-la-seleccion-mexicana-deportes\/vucetich-120913-3\/\" data-orig-file=\"https:\/\/i0.wp.com\/kalot.com.mx\/site\/wp-content\/uploads\/2013\/09\/vucetich-120913-3.jpg?fit=665%2C500&amp;ssl=1\" data-orig-size=\"665,500\" data-comments-opened=\"1\" data-image-meta=\"{&quot;aperture&quot;:&quot;0&quot;,&quot;credit&quot;:&quot;&quot;,&quot;camera&quot;:&quot;&quot;,&quot;caption&quot;:&quot;&quot;,&quot;created_timestamp&quot;:&quot;0&quot;,&quot;copyright&quot;:&quot;MEXSPORT&quot;,&quot;focal_length&quot;:&quot;0&quot;,&quot;iso&quot;:&quot;0&quot;,&quot;shutter_speed&quot;:&quot;0&quot;,&quot;title&quot;:&quot;&quot;}\" data-image-title=\"vucetich-120913-3\" data-image-description=\"\" data-image-caption=\"\" data-large-file=\"https:\/\/i0.wp.com\/kalot.com.mx\/site\/wp-content\/uploads\/2013\/09\/vucetich-120913-3.jpg?fit=665%2C500&amp;ssl=1\" class=\"size-medium wp-image-2017 aligncenter\" alt=\"vucetich-120913-3\" src=\"https:\/\/i0.wp.com\/www.kalot.com.mx\/wp-content\/uploads\/2013\/09\/vucetich-120913-3-300x225.jpg?resize=300%2C225\" width=\"300\" height=\"225\" srcset=\"https:\/\/i0.wp.com\/kalot.com.mx\/site\/wp-content\/uploads\/2013\/09\/vucetich-120913-3.jpg?resize=300%2C225&amp;ssl=1 300w, https:\/\/i0.wp.com\/kalot.com.mx\/site\/wp-content\/uploads\/2013\/09\/vucetich-120913-3.jpg?w=665&amp;ssl=1 665w\" sizes=\"(max-width: 300px) 100vw, 300px\" \/><\/a><\/p>\n<p style=\"text-align: justify\">Esto podr\u00e1 ser la soluci\u00f3n, el hacer que entrenen juntos para poder tener m\u00e1s armon\u00eda entre los jugadores, as\u00ed como hacer que la convivencia de los mismos sea mejor.<\/p>\n<p style=\"text-align: justify\">Se necesita un jugador que gu\u00ede a los dem\u00e1s y por eso vemos ahora a jugadores con mucha experiencia como lo son M\u00e1rquez, Torrado y Arce, ahora solo esperemos que la columna vertebral funcione y haga lo que debe de hacer. El ver naturalizados en la lista ya no debe de ser algo malo o de mal ver ya que son jugadores que sienten la playera y por lo mismo deben y pueden estar en la selecci\u00f3n ya que ah\u00ed deben de estar los mejores y no los que la gente pida ya que lo que se necesita es ganar y ser los mejores no que sean los que vendan m\u00e1s playeras.<\/p>\n<p><a href=\"https:\/\/i0.wp.com\/www.kalot.com.mx\/wp-content\/uploads\/2013\/09\/Rafael-Marquez-Seleccion-Mexico.jpg\"><img data-recalc-dims=\"1\" decoding=\"async\" data-attachment-id=\"2016\" data-permalink=\"https:\/\/kalot.com.mx\/site\/2013\/09\/20\/convocados-para-la-seleccion-mexicana-deportes\/rafael-marquez-seleccion-mexico\/\" data-orig-file=\"https:\/\/i0.wp.com\/kalot.com.mx\/site\/wp-content\/uploads\/2013\/09\/Rafael-Marquez-Seleccion-Mexico.jpg?fit=600%2C400&amp;ssl=1\" data-orig-size=\"600,400\" data-comments-opened=\"1\" data-image-meta=\"{&quot;aperture&quot;:&quot;0&quot;,&quot;credit&quot;:&quot;&quot;,&quot;camera&quot;:&quot;&quot;,&quot;caption&quot;:&quot;&quot;,&quot;created_timestamp&quot;:&quot;0&quot;,&quot;copyright&quot;:&quot;&quot;,&quot;focal_length&quot;:&quot;0&quot;,&quot;iso&quot;:&quot;0&quot;,&quot;shutter_speed&quot;:&quot;0&quot;,&quot;title&quot;:&quot;&quot;}\" data-image-title=\"Rafael-Marquez-Seleccion-Mexico\" data-image-description=\"\" data-image-caption=\"\" data-large-file=\"https:\/\/i0.wp.com\/kalot.com.mx\/site\/wp-content\/uploads\/2013\/09\/Rafael-Marquez-Seleccion-Mexico.jpg?fit=600%2C400&amp;ssl=1\" class=\"size-medium wp-image-2016 aligncenter\" alt=\"Rafael-Marquez-Seleccion-Mexico\" src=\"https:\/\/i0.wp.com\/www.kalot.com.mx\/wp-content\/uploads\/2013\/09\/Rafael-Marquez-Seleccion-Mexico-300x200.jpg?resize=300%2C200\" width=\"300\" height=\"200\" srcset=\"https:\/\/i0.wp.com\/kalot.com.mx\/site\/wp-content\/uploads\/2013\/09\/Rafael-Marquez-Seleccion-Mexico.jpg?resize=300%2C200&amp;ssl=1 300w, https:\/\/i0.wp.com\/kalot.com.mx\/site\/wp-content\/uploads\/2013\/09\/Rafael-Marquez-Seleccion-Mexico.jpg?resize=192%2C128&amp;ssl=1 192w, https:\/\/i0.wp.com\/kalot.com.mx\/site\/wp-content\/uploads\/2013\/09\/Rafael-Marquez-Seleccion-Mexico.jpg?w=600&amp;ssl=1 600w\" sizes=\"(max-width: 300px) 100vw, 300px\" \/><\/a><\/p>\n<p style=\"text-align: justify\">M\u00e9xico y Panam\u00e1 se jugar\u00e1n sus aspiraciones mundialistas el 11 de octubre en el Estadio Azteca. La selecci\u00f3n nacional ocupa el quinto lugar del Hexagonal. Panam\u00e1 tiene los mismos puntos, pero ha registrado m\u00e1s anotaciones, por lo que ocupa el cuarto sitio.<\/p>\n<p style=\"text-align: justify\">M\u00e9xico siempre fue el grande y el temido de la CONCACAF, esperemos y ponemos todas las esperanzas en Vucetich ya que de su direcci\u00f3n y de c\u00f3mo haga sentir a los muchachos ser\u00e1 el resultado esperado, por la posici\u00f3n que ocupa la selecci\u00f3n podemos ver que lo m\u00e1s seguro es que tengamos que ir a repechaje. Pero sea lo que sea a seguir creyendo en al selecci\u00f3n ya que las esperanzas mueren al ultimo.<\/p>\n<p><a href=\"https:\/\/i0.wp.com\/www.kalot.com.mx\/wp-content\/uploads\/2013\/09\/c1284472-4b18-443c-a90a-b2fd0cb07ece_jam_image_378560.jpg\"><img data-recalc-dims=\"1\" decoding=\"async\" data-attachment-id=\"2021\" data-permalink=\"https:\/\/kalot.com.mx\/site\/2013\/09\/20\/convocados-para-la-seleccion-mexicana-deportes\/c1284472-4b18-443c-a90a-b2fd0cb07ece_jam_image_378560\/\" data-orig-file=\"https:\/\/i0.wp.com\/kalot.com.mx\/site\/wp-content\/uploads\/2013\/09\/c1284472-4b18-443c-a90a-b2fd0cb07ece_jam_image_378560.jpg?fit=630%2C421&amp;ssl=1\" data-orig-size=\"630,421\" data-comments-opened=\"1\" data-image-meta=\"{&quot;aperture&quot;:&quot;0&quot;,&quot;credit&quot;:&quot;&quot;,&quot;camera&quot;:&quot;&quot;,&quot;caption&quot;:&quot;&quot;,&quot;created_timestamp&quot;:&quot;0&quot;,&quot;copyright&quot;:&quot;&quot;,&quot;focal_length&quot;:&quot;0&quot;,&quot;iso&quot;:&quot;0&quot;,&quot;shutter_speed&quot;:&quot;0&quot;,&quot;title&quot;:&quot;&quot;}\" data-image-title=\"c1284472-4b18-443c-a90a-b2fd0cb07ece_jam_image_378560\" data-image-description=\"\" data-image-caption=\"\" data-large-file=\"https:\/\/i0.wp.com\/kalot.com.mx\/site\/wp-content\/uploads\/2013\/09\/c1284472-4b18-443c-a90a-b2fd0cb07ece_jam_image_378560.jpg?fit=630%2C421&amp;ssl=1\" class=\"alignnone size-medium wp-image-2021 aligncenter\" alt=\"c1284472-4b18-443c-a90a-b2fd0cb07ece_jam_image_378560\" src=\"https:\/\/i0.wp.com\/www.kalot.com.mx\/wp-content\/uploads\/2013\/09\/c1284472-4b18-443c-a90a-b2fd0cb07ece_jam_image_378560-300x200.jpg?resize=300%2C200\" width=\"300\" height=\"200\" srcset=\"https:\/\/i0.wp.com\/kalot.com.mx\/site\/wp-content\/uploads\/2013\/09\/c1284472-4b18-443c-a90a-b2fd0cb07ece_jam_image_378560.jpg?resize=300%2C200&amp;ssl=1 300w, https:\/\/i0.wp.com\/kalot.com.mx\/site\/wp-content\/uploads\/2013\/09\/c1284472-4b18-443c-a90a-b2fd0cb07ece_jam_image_378560.jpg?resize=192%2C128&amp;ssl=1 192w, https:\/\/i0.wp.com\/kalot.com.mx\/site\/wp-content\/uploads\/2013\/09\/c1284472-4b18-443c-a90a-b2fd0cb07ece_jam_image_378560.jpg?w=630&amp;ssl=1 630w\" sizes=\"(max-width: 300px) 100vw, 300px\" \/><\/a><\/p>\n<p style=\"text-align: justify\">Kalochos que les pareci\u00f3 la lista creen que falta alguien o creen que hizo lo mejor espero sus comentarios que est\u00e9n bien saludos, nos leemos pronto.<\/p>\n","protected":false},"excerpt":{"rendered":"Se dio a conocer por fin la tan esperada lista de convocados a la selecci\u00f3n Mexicana, la pregunta&hellip;\n","protected":false},"author":19,"featured_media":2022,"comment_status":"open","ping_status":"open","sticky":false,"template":"","format":"standard","meta":{"jetpack_post_was_ever_published":false,"_jetpack_newsletter_access":"","_jetpack_dont_email_post_to_subs":false,"_jetpack_newsletter_tier_id":0,"_jetpack_memberships_contains_paywalled_content":false,"_jetpack_memberships_contains_paid_content":false,"footnotes":"","jetpack_publicize_message":"","jetpack_publicize_feature_enabled":true,"jetpack_social_post_already_shared":true,"jetpack_social_options":{"image_generator_settings":{"template":"highway","default_image_id":0,"font":"","enabled":false},"version":2}},"categories":[],"tags":[],"class_list":{"0":"post-2015","1":"post","2":"type-post","3":"status-publish","4":"format-standard","5":"has-post-thumbnail","7":"cs-entry","8":"cs-video-wrap"},"yoast_head":"<!-- This site is optimized with the Yoast SEO plugin v27.5 - https:\/\/yoast.com\/product\/yoast-seo-wordpress\/ -->\n<title>Convocados para la selecci\u00f3n Mexicana #Deportes - Kalot<\/title>\n<meta name=\"description\" content=\"Se dio a conocer por fin la tan esperada lista de convocados a a selecci\u00f3n Mexicana. La principal sorpresa es que no se ven Europeos\" \/>\n<meta name=\"robots\" content=\"index, follow, max-snippet:-1, max-image-preview:large, max-video-preview:-1\" \/>\n<link rel=\"canonical\" href=\"https:\/\/kalot.com.mx\/site\/2013\/09\/20\/convocados-para-la-seleccion-mexicana-deportes\/\" \/>\n<meta property=\"og:locale\" content=\"es_MX\" \/>\n<meta property=\"og:type\" content=\"article\" \/>\n<meta property=\"og:title\" content=\"Convocados para la selecci\u00f3n Mexicana #Deportes - Kalot\" \/>\n<meta property=\"og:description\" content=\"Se dio a conocer por fin la tan esperada lista de convocados a a selecci\u00f3n Mexicana. La principal sorpresa es que no se ven Europeos\" \/>\n<meta property=\"og:url\" content=\"https:\/\/kalot.com.mx\/site\/2013\/09\/20\/convocados-para-la-seleccion-mexicana-deportes\/\" \/>\n<meta property=\"og:site_name\" content=\"Kalot\" \/>\n<meta property=\"article:publisher\" content=\"http:\/\/facebook.com\/mxkalot\" \/>\n<meta property=\"article:published_time\" content=\"2013-09-20T14:25:45+00:00\" \/>\n<meta property=\"og:image\" content=\"https:\/\/i2.wp.com\/kalot.com.mx\/site\/wp-content\/uploads\/2013\/09\/badera.jpg?fit=284%2C177&ssl=1\" \/>\n\t<meta property=\"og:image:width\" content=\"284\" \/>\n\t<meta property=\"og:image:height\" content=\"177\" \/>\n\t<meta property=\"og:image:type\" content=\"image\/jpeg\" \/>\n<meta name=\"author\" content=\"Anastacio S\u00e1nchez\" \/>\n<meta name=\"twitter:card\" content=\"summary_large_image\" \/>\n<meta name=\"twitter:creator\" content=\"@kalotmx\" \/>\n<meta name=\"twitter:site\" content=\"@kalotmx\" \/>\n<meta name=\"twitter:label1\" content=\"Escrito por\" \/>\n\t<meta name=\"twitter:data1\" content=\"Anastacio S\u00e1nchez\" \/>\n\t<meta name=\"twitter:label2\" content=\"Tiempo de lectura\" \/>\n\t<meta name=\"twitter:data2\" content=\"2 minutos\" \/>\n<!-- \/ Yoast SEO plugin. -->","yoast_head_json":{"title":"Convocados para la selecci\u00f3n Mexicana #Deportes - Kalot","description":"Se dio a conocer por fin la tan esperada lista de convocados a a selecci\u00f3n Mexicana. La principal sorpresa es que no se ven Europeos","robots":{"index":"index","follow":"follow","max-snippet":"max-snippet:-1","max-image-preview":"max-image-preview:large","max-video-preview":"max-video-preview:-1"},"canonical":"https:\/\/kalot.com.mx\/site\/2013\/09\/20\/convocados-para-la-seleccion-mexicana-deportes\/","og_locale":"es_MX","og_type":"article","og_title":"Convocados para la selecci\u00f3n Mexicana #Deportes - Kalot","og_description":"Se dio a conocer por fin la tan esperada lista de convocados a a selecci\u00f3n Mexicana. La principal sorpresa es que no se ven Europeos","og_url":"https:\/\/kalot.com.mx\/site\/2013\/09\/20\/convocados-para-la-seleccion-mexicana-deportes\/","og_site_name":"Kalot","article_publisher":"http:\/\/facebook.com\/mxkalot","article_published_time":"2013-09-20T14:25:45+00:00","og_image":[{"width":284,"height":177,"url":"https:\/\/i2.wp.com\/kalot.com.mx\/site\/wp-content\/uploads\/2013\/09\/badera.jpg?fit=284%2C177&ssl=1","type":"image\/jpeg"}],"author":"Anastacio S\u00e1nchez","twitter_card":"summary_large_image","twitter_creator":"@kalotmx","twitter_site":"@kalotmx","twitter_misc":{"Escrito por":"Anastacio S\u00e1nchez","Tiempo de lectura":"2 minutos"},"schema":{"@context":"https:\/\/schema.org","@graph":[{"@type":"Article","@id":"https:\/\/kalot.com.mx\/site\/2013\/09\/20\/convocados-para-la-seleccion-mexicana-deportes\/#article","isPartOf":{"@id":"https:\/\/kalot.com.mx\/site\/2013\/09\/20\/convocados-para-la-seleccion-mexicana-deportes\/"},"author":{"name":"Anastacio S\u00e1nchez","@id":"https:\/\/kalot.com.mx\/site\/#\/schema\/person\/ee236b25e18db7b6c0361096b819085e"},"headline":"Convocados para la selecci\u00f3n Mexicana #Deportes","datePublished":"2013-09-20T14:25:45+00:00","mainEntityOfPage":{"@id":"https:\/\/kalot.com.mx\/site\/2013\/09\/20\/convocados-para-la-seleccion-mexicana-deportes\/"},"wordCount":489,"commentCount":0,"publisher":{"@id":"https:\/\/kalot.com.mx\/site\/#organization"},"image":{"@id":"https:\/\/kalot.com.mx\/site\/2013\/09\/20\/convocados-para-la-seleccion-mexicana-deportes\/#primaryimage"},"thumbnailUrl":"https:\/\/i0.wp.com\/kalot.com.mx\/site\/wp-content\/uploads\/2013\/09\/badera.jpg?fit=284%2C177&ssl=1","inLanguage":"es","potentialAction":[{"@type":"CommentAction","name":"Comment","target":["https:\/\/kalot.com.mx\/site\/2013\/09\/20\/convocados-para-la-seleccion-mexicana-deportes\/#respond"]}]},{"@type":"WebPage","@id":"https:\/\/kalot.com.mx\/site\/2013\/09\/20\/convocados-para-la-seleccion-mexicana-deportes\/","url":"https:\/\/kalot.com.mx\/site\/2013\/09\/20\/convocados-para-la-seleccion-mexicana-deportes\/","name":"Convocados para la selecci\u00f3n Mexicana #Deportes - Kalot","isPartOf":{"@id":"https:\/\/kalot.com.mx\/site\/#website"},"primaryImageOfPage":{"@id":"https:\/\/kalot.com.mx\/site\/2013\/09\/20\/convocados-para-la-seleccion-mexicana-deportes\/#primaryimage"},"image":{"@id":"https:\/\/kalot.com.mx\/site\/2013\/09\/20\/convocados-para-la-seleccion-mexicana-deportes\/#primaryimage"},"thumbnailUrl":"https:\/\/i0.wp.com\/kalot.com.mx\/site\/wp-content\/uploads\/2013\/09\/badera.jpg?fit=284%2C177&ssl=1","datePublished":"2013-09-20T14:25:45+00:00","description":"Se dio a conocer por fin la tan esperada lista de convocados a a selecci\u00f3n Mexicana. La principal sorpresa es que no se ven Europeos","breadcrumb":{"@id":"https:\/\/kalot.com.mx\/site\/2013\/09\/20\/convocados-para-la-seleccion-mexicana-deportes\/#breadcrumb"},"inLanguage":"es","potentialAction":[{"@type":"ReadAction","target":["https:\/\/kalot.com.mx\/site\/2013\/09\/20\/convocados-para-la-seleccion-mexicana-deportes\/"]}]},{"@type":"ImageObject","inLanguage":"es","@id":"https:\/\/kalot.com.mx\/site\/2013\/09\/20\/convocados-para-la-seleccion-mexicana-deportes\/#primaryimage","url":"https:\/\/i0.wp.com\/kalot.com.mx\/site\/wp-content\/uploads\/2013\/09\/badera.jpg?fit=284%2C177&ssl=1","contentUrl":"https:\/\/i0.wp.com\/kalot.com.mx\/site\/wp-content\/uploads\/2013\/09\/badera.jpg?fit=284%2C177&ssl=1","width":284,"height":177},{"@type":"BreadcrumbList","@id":"https:\/\/kalot.com.mx\/site\/2013\/09\/20\/convocados-para-la-seleccion-mexicana-deportes\/#breadcrumb","itemListElement":[{"@type":"ListItem","position":1,"name":"Home","item":"https:\/\/kalot.com.mx\/site\/"},{"@type":"ListItem","position":2,"name":"Convocados para la selecci\u00f3n Mexicana #Deportes"}]},{"@type":"WebSite","@id":"https:\/\/kalot.com.mx\/site\/#website","url":"https:\/\/kalot.com.mx\/site\/","name":"Kalot","description":"Conoce Todo Sobre Todo","publisher":{"@id":"https:\/\/kalot.com.mx\/site\/#organization"},"potentialAction":[{"@type":"SearchAction","target":{"@type":"EntryPoint","urlTemplate":"https:\/\/kalot.com.mx\/site\/?s={search_term_string}"},"query-input":{"@type":"PropertyValueSpecification","valueRequired":true,"valueName":"search_term_string"}}],"inLanguage":"es"},{"@type":"Organization","@id":"https:\/\/kalot.com.mx\/site\/#organization","name":"Kalot","url":"https:\/\/kalot.com.mx\/site\/","logo":{"@type":"ImageObject","inLanguage":"es","@id":"https:\/\/kalot.com.mx\/site\/#\/schema\/logo\/image\/","url":"https:\/\/i0.wp.com\/kalot.com.mx\/site\/wp-content\/uploads\/2020\/04\/Kalot-logo-sin-tagline.png?fit=1707%2C1014&ssl=1","contentUrl":"https:\/\/i0.wp.com\/kalot.com.mx\/site\/wp-content\/uploads\/2020\/04\/Kalot-logo-sin-tagline.png?fit=1707%2C1014&ssl=1","width":1707,"height":1014,"caption":"Kalot"},"image":{"@id":"https:\/\/kalot.com.mx\/site\/#\/schema\/logo\/image\/"},"sameAs":["http:\/\/facebook.com\/mxkalot","https:\/\/x.com\/kalotmx","http:\/\/instagram.com\/kalotmx","http:\/\/pinterest.com\/jorgeerana\/kalot"]},{"@type":"Person","@id":"https:\/\/kalot.com.mx\/site\/#\/schema\/person\/ee236b25e18db7b6c0361096b819085e","name":"Anastacio S\u00e1nchez","image":{"@type":"ImageObject","inLanguage":"es","@id":"https:\/\/secure.gravatar.com\/avatar\/324a92a45418ed8a3050af905f315c92e1a55b521705c4387fc1ff31aa115e86?s=96&d=mm&r=g","url":"https:\/\/secure.gravatar.com\/avatar\/324a92a45418ed8a3050af905f315c92e1a55b521705c4387fc1ff31aa115e86?s=96&d=mm&r=g","contentUrl":"https:\/\/secure.gravatar.com\/avatar\/324a92a45418ed8a3050af905f315c92e1a55b521705c4387fc1ff31aa115e86?s=96&d=mm&r=g","caption":"Anastacio S\u00e1nchez"},"description":"Soy Huasteco de nacimiento, Americanista de coraz\u00f3n y mercadologo en formaci\u00f3n, estudiante de la Universidad Polit\u00e9cnica de San Luis Potos\u00ed, Bloger novato.","sameAs":["https:\/\/twitter.com\/ASC2807"],"url":"https:\/\/kalot.com.mx\/site\/author\/tacho\/"}]}},"jetpack_publicize_connections":[],"jetpack_featured_media_url":"https:\/\/i0.wp.com\/kalot.com.mx\/site\/wp-content\/uploads\/2013\/09\/badera.jpg?fit=284%2C177&ssl=1","jetpack_shortlink":"https:\/\/wp.me\/p6IHEI-wv","jetpack-related-posts":[{"id":4592,"url":"https:\/\/kalot.com.mx\/site\/2013\/10\/21\/miguel-herrera-prestamo-la-seleccion-deportes-cf_america-miseleccionmx\/","url_meta":{"origin":2015,"position":0},"title":"Miguel Herrera Pr\u00e9stamo a la selecci\u00f3n #Deportes @CF_America @miseleccionmx","author":"Anastacio S\u00e1nchez","date":"21 octubre, 2013","format":false,"excerpt":"Tras el despido de Vucetich Miguel 'Piojo' Herrera fue presentado el pasado domingo como director t\u00e9cnico a prestamos con la Selecci\u00f3n Mexicana para enfrentar a Finlandia en un partido amistoso, y en el repechaje contra Nueva Zelanda.\u2028\u2028Herrera dej\u00f3 en claro que la opci\u00f3n de llegar a la Selecci\u00f3n siempre estuvo\u2026","rel":"","context":"Entrada similar ","block_context":{"text":"Entrada similar ","link":""},"img":{"alt_text":"","src":"https:\/\/i0.wp.com\/kalot.com.mx\/site\/wp-content\/uploads\/2013\/10\/piojo_191013.jpg?fit=620%2C465&ssl=1&resize=350%2C200","width":350,"height":200,"srcset":"https:\/\/i0.wp.com\/kalot.com.mx\/site\/wp-content\/uploads\/2013\/10\/piojo_191013.jpg?fit=620%2C465&ssl=1&resize=350%2C200 1x, https:\/\/i0.wp.com\/kalot.com.mx\/site\/wp-content\/uploads\/2013\/10\/piojo_191013.jpg?fit=620%2C465&ssl=1&resize=525%2C300 1.5x"},"classes":[]},{"id":17805,"url":"https:\/\/kalot.com.mx\/site\/2014\/08\/28\/estos-son-los-seleccionados-de-mexico-del-6-y-9-de-sept\/","url_meta":{"origin":2015,"position":1},"title":"Estos son los Seleccionados de M\u00e9xico del 6 y 9 de sept.","author":"HM_MKT007","date":"28 agosto, 2014","format":false,"excerpt":"El d\u00eda de hoy, la direcci\u00f3n general de Selecciones Nacionales, nos mostr\u00f3 los jugadores que el t\u00e9cnico Miguel Herrera a convocado para los encuentros contra Chile y Bolivia que tendremos los pr\u00f3ximos 6 y 9 de septiembre, que dicho sea de paso, ser\u00e1n en fecha FIFA. Se iniciar\u00e1, la concentraci\u00f3n\u2026","rel":"","context":"Entrada similar ","block_context":{"text":"Entrada similar ","link":""},"img":{"alt_text":"","src":"https:\/\/i0.wp.com\/kalot.com.mx\/site\/wp-content\/uploads\/2014\/08\/seleccion-de-mexico.jpg?fit=900%2C575&ssl=1&resize=350%2C200","width":350,"height":200,"srcset":"https:\/\/i0.wp.com\/kalot.com.mx\/site\/wp-content\/uploads\/2014\/08\/seleccion-de-mexico.jpg?fit=900%2C575&ssl=1&resize=350%2C200 1x, https:\/\/i0.wp.com\/kalot.com.mx\/site\/wp-content\/uploads\/2014\/08\/seleccion-de-mexico.jpg?fit=900%2C575&ssl=1&resize=525%2C300 1.5x, https:\/\/i0.wp.com\/kalot.com.mx\/site\/wp-content\/uploads\/2014\/08\/seleccion-de-mexico.jpg?fit=900%2C575&ssl=1&resize=700%2C400 2x"},"classes":[]},{"id":5608,"url":"https:\/\/kalot.com.mx\/site\/2013\/11\/02\/contra-nueva-zelanda-convocatoria\/","url_meta":{"origin":2015,"position":2},"title":"A luchar por el \u00faltimo respiro contra Nueva Zelanda #Convocatoria","author":"Karenina Gonzalez","date":"2 noviembre, 2013","format":false,"excerpt":"Como buenos mexicanos, seg\u00fan el dicho popular, andamos dejando todo para el \u00faltimo. Y es que nos gusta el drama, el suspenso, el estar con el coraz\u00f3n a mil por hora y la adrenalina a tope. Y en el f\u00fatbol, el deporte m\u00e1s popular en el pa\u00eds, no es una\u2026","rel":"","context":"En &quot;Sin categor\u00eda&quot;","block_context":{"text":"Sin categor\u00eda","link":"https:\/\/kalot.com.mx\/site\/category\/sin-categoria\/"},"img":{"alt_text":"A luchar por el \u00faltimo respiro ante Nueva Zelanda #Convocatoria","src":"https:\/\/i0.wp.com\/kalot.com.mx\/site\/wp-content\/uploads\/2013\/11\/estadio-westpac-nueva-zelanda.jpg?fit=620%2C396&ssl=1&resize=350%2C200","width":350,"height":200,"srcset":"https:\/\/i0.wp.com\/kalot.com.mx\/site\/wp-content\/uploads\/2013\/11\/estadio-westpac-nueva-zelanda.jpg?fit=620%2C396&ssl=1&resize=350%2C200 1x, https:\/\/i0.wp.com\/kalot.com.mx\/site\/wp-content\/uploads\/2013\/11\/estadio-westpac-nueva-zelanda.jpg?fit=620%2C396&ssl=1&resize=525%2C300 1.5x"},"classes":[]},{"id":15925,"url":"https:\/\/kalot.com.mx\/site\/2014\/05\/09\/lista-de-seleccionados-mexicanos-de-cara-al-mundial\/","url_meta":{"origin":2015,"position":3},"title":"Lista de seleccionados mexicanos de cara al mundial.","author":"Karen Reyes","date":"9 mayo, 2014","format":false,"excerpt":"El director t\u00e9cnico de la selecci\u00f3n mexicana Miguel Herrera dio a conocer este viernes la lista de los 23 jugadores que ir\u00e1n a este pr\u00f3ximo mundial a llevarse a cabo en Brasil. Hace algunos minutos que en conferencia de prensa el director t\u00e9cnico dio a conocer la lista de estos\u2026","rel":"","context":"En &quot;Sin categor\u00eda&quot;","block_context":{"text":"Sin categor\u00eda","link":"https:\/\/kalot.com.mx\/site\/category\/sin-categoria\/"},"img":{"alt_text":"","src":"https:\/\/i0.wp.com\/kalot.com.mx\/site\/wp-content\/uploads\/2014\/05\/Miguel-Herrera-1869919.jpg?fit=630%2C330&ssl=1&resize=350%2C200","width":350,"height":200,"srcset":"https:\/\/i0.wp.com\/kalot.com.mx\/site\/wp-content\/uploads\/2014\/05\/Miguel-Herrera-1869919.jpg?fit=630%2C330&ssl=1&resize=350%2C200 1x, https:\/\/i0.wp.com\/kalot.com.mx\/site\/wp-content\/uploads\/2014\/05\/Miguel-Herrera-1869919.jpg?fit=630%2C330&ssl=1&resize=525%2C300 1.5x"},"classes":[]},{"id":22366,"url":"https:\/\/kalot.com.mx\/site\/2015\/07\/19\/copa-ori-2015-sufriss-y-polemica-victoria-del-tri-mex-1-0-crc\/","url_meta":{"origin":2015,"position":4},"title":"Copa Oro  2015: Sufrida y polemica victoria del Tri. MEX 1-0 CRC","author":"Andres Bautista","date":"19 julio, 2015","format":false,"excerpt":"Victoria sufrida de la Selecci\u00f3n Mexicana, con penal dudoso incluido, ante su similar de Costa Rica en los 4tos de final de la Copa Oro, en la que ha sido la mejor versi\u00f3n futbolistica del equipo de Herrera. Un primer tiempo con una buena exhibici\u00f3n por parte de ambas selecciones.\u2026","rel":"","context":"Entrada similar ","block_context":{"text":"Entrada similar ","link":""},"img":{"alt_text":"","src":"https:\/\/i0.wp.com\/kalot.com.mx\/site\/wp-content\/uploads\/2015\/07\/NO_ERA_PENAL_mexico_costa_rica.jpg?fit=820%2C547&ssl=1&resize=350%2C200","width":350,"height":200,"srcset":"https:\/\/i0.wp.com\/kalot.com.mx\/site\/wp-content\/uploads\/2015\/07\/NO_ERA_PENAL_mexico_costa_rica.jpg?fit=820%2C547&ssl=1&resize=350%2C200 1x, https:\/\/i0.wp.com\/kalot.com.mx\/site\/wp-content\/uploads\/2015\/07\/NO_ERA_PENAL_mexico_costa_rica.jpg?fit=820%2C547&ssl=1&resize=525%2C300 1.5x, https:\/\/i0.wp.com\/kalot.com.mx\/site\/wp-content\/uploads\/2015\/07\/NO_ERA_PENAL_mexico_costa_rica.jpg?fit=820%2C547&ssl=1&resize=700%2C400 2x"},"classes":[]},{"id":16375,"url":"https:\/\/kalot.com.mx\/site\/2014\/05\/24\/estan-de-vuelta-pero-como-aficionados\/","url_meta":{"origin":2015,"position":5},"title":"Estan de vuelta, pero como aficionados","author":"Kevin Uresti","date":"24 mayo, 2014","format":false,"excerpt":"Pepsi, la principal competencia de Coca-Cola en M\u00e9xico, ha reunido a 3 de los mejores futbolistas artilleros mexicanos de todos los tiempos, Cuauht\u00e9moc Blanco, Luis Hern\u00e1ndez \u201cel matador\u201d y Juan Francisco Palencia aquellos jugadores que participaron en la copa mundial de Francia 98, copa confederaciones 99 y mundial de f\u00fatbol\u2026","rel":"","context":"Entrada similar ","block_context":{"text":"Entrada similar ","link":""},"img":{"alt_text":"","src":"https:\/\/i0.wp.com\/kalot.com.mx\/site\/wp-content\/uploads\/2014\/05\/MEX.jpg?fit=672%2C402&ssl=1&resize=350%2C200","width":350,"height":200,"srcset":"https:\/\/i0.wp.com\/kalot.com.mx\/site\/wp-content\/uploads\/2014\/05\/MEX.jpg?fit=672%2C402&ssl=1&resize=350%2C200 1x, https:\/\/i0.wp.com\/kalot.com.mx\/site\/wp-content\/uploads\/2014\/05\/MEX.jpg?fit=672%2C402&ssl=1&resize=525%2C300 1.5x"},"classes":[]}],"jetpack_sharing_enabled":true,"_links":{"self":[{"href":"https:\/\/kalot.com.mx\/site\/wp-json\/wp\/v2\/posts\/2015","targetHints":{"allow":["GET"]}}],"collection":[{"href":"https:\/\/kalot.com.mx\/site\/wp-json\/wp\/v2\/posts"}],"about":[{"href":"https:\/\/kalot.com.mx\/site\/wp-json\/wp\/v2\/types\/post"}],"author":[{"embeddable":true,"href":"https:\/\/kalot.com.mx\/site\/wp-json\/wp\/v2\/users\/19"}],"replies":[{"embeddable":true,"href":"https:\/\/kalot.com.mx\/site\/wp-json\/wp\/v2\/comments?post=2015"}],"version-history":[{"count":0,"href":"https:\/\/kalot.com.mx\/site\/wp-json\/wp\/v2\/posts\/2015\/revisions"}],"wp:featuredmedia":[{"embeddable":true,"href":"https:\/\/kalot.com.mx\/site\/wp-json\/wp\/v2\/media\/2022"}],"wp:attachment":[{"href":"https:\/\/kalot.com.mx\/site\/wp-json\/wp\/v2\/media?parent=2015"}],"wp:term":[{"taxonomy":"category","embeddable":true,"href":"https:\/\/kalot.com.mx\/site\/wp-json\/wp\/v2\/categories?post=2015"},{"taxonomy":"post_tag","embeddable":true,"href":"https:\/\/kalot.com.mx\/site\/wp-json\/wp\/v2\/tags?post=2015"}],"curies":[{"name":"wp","href":"https:\/\/api.w.org\/{rel}","templated":true}]}}