{"id":1987,"date":"2013-09-19T16:54:04","date_gmt":"2013-09-19T21:54:04","guid":{"rendered":"http:\/\/www.kalot.com.mx\/?p=1987"},"modified":"2013-09-19T16:54:04","modified_gmt":"2013-09-19T21:54:04","slug":"arsenal-2013-el-fin-de-la-sequia","status":"publish","type":"post","link":"https:\/\/kalot.com.mx\/site\/2013\/09\/19\/arsenal-2013-el-fin-de-la-sequia\/","title":{"rendered":"Arsenal 2013: \u00bfEl fin de la sequ\u00eda?"},"content":{"rendered":"<p>&nbsp;<\/p>\n<p>&nbsp;<\/p>\n<p>&nbsp;<\/p>\n<p>&nbsp;<\/p>\n<p style=\"text-align: center\"><a href=\"https:\/\/i0.wp.com\/www.kalot.com.mx\/wp-content\/uploads\/2013\/09\/ars.jpg\"><img data-recalc-dims=\"1\" fetchpriority=\"high\" decoding=\"async\" data-attachment-id=\"1988\" data-permalink=\"https:\/\/kalot.com.mx\/site\/2013\/09\/19\/arsenal-2013-el-fin-de-la-sequia\/ars\/\" data-orig-file=\"https:\/\/i0.wp.com\/kalot.com.mx\/site\/wp-content\/uploads\/2013\/09\/ars.jpg?fit=1440%2C855&amp;ssl=1\" data-orig-size=\"1440,855\" data-comments-opened=\"1\" data-image-meta=\"{&quot;aperture&quot;:&quot;0&quot;,&quot;credit&quot;:&quot;&quot;,&quot;camera&quot;:&quot;&quot;,&quot;caption&quot;:&quot;&quot;,&quot;created_timestamp&quot;:&quot;0&quot;,&quot;copyright&quot;:&quot;&quot;,&quot;focal_length&quot;:&quot;0&quot;,&quot;iso&quot;:&quot;0&quot;,&quot;shutter_speed&quot;:&quot;0&quot;,&quot;title&quot;:&quot;&quot;}\" data-image-title=\"ars\" data-image-description=\"\" data-image-caption=\"\" data-large-file=\"https:\/\/i0.wp.com\/kalot.com.mx\/site\/wp-content\/uploads\/2013\/09\/ars.jpg?fit=1024%2C608&amp;ssl=1\" class=\"size-medium wp-image-1988 aligncenter\" alt=\"ars\" src=\"https:\/\/i0.wp.com\/www.kalot.com.mx\/wp-content\/uploads\/2013\/09\/ars-300x178.jpg?resize=300%2C178\" width=\"300\" height=\"178\" srcset=\"https:\/\/i0.wp.com\/kalot.com.mx\/site\/wp-content\/uploads\/2013\/09\/ars.jpg?resize=300%2C178&amp;ssl=1 300w, https:\/\/i0.wp.com\/kalot.com.mx\/site\/wp-content\/uploads\/2013\/09\/ars.jpg?resize=1024%2C608&amp;ssl=1 1024w, https:\/\/i0.wp.com\/kalot.com.mx\/site\/wp-content\/uploads\/2013\/09\/ars.jpg?resize=720%2C427&amp;ssl=1 720w, https:\/\/i0.wp.com\/kalot.com.mx\/site\/wp-content\/uploads\/2013\/09\/ars.jpg?w=1440&amp;ssl=1 1440w\" sizes=\"(max-width: 300px) 100vw, 300px\" \/><\/a><\/p>\n<p>La temporada 2013-14 parece traer nuevos br\u00edos a los Gunners, luego de que el a\u00f1o futbol\u00edstico que termin\u00f3 resultara ser otro rotundo fracaso para el Arsenal, quedando cuartos en la Liga Premier y siendo eliminado en los octavos de final de la UEFA Champions League por el Bayern M\u00fcnchen.<\/p>\n<p>Los Gunners no consiguen levantar un trofeo desde el 2005, cuando ganaron la FA Cup derrotando en la final al Manchester United con una definici\u00f3n en penales.<\/p>\n<p>En octubre del 2013 el D.T. franc\u00e9s Arsene Wenger cumplir\u00e1 17 a\u00f1os dirigiendo al Arsenal, y su andar por banquillo del club londinense podr\u00edamos dividirlo en dos etapas: sus primeros 10 a\u00f1os, plagados de \u00e9xitos con 3 t\u00edtulos de Premier League, 4 FA Cups, 3 Community Shields y un subt\u00edtulo de Champions League en el 2006, que ser\u00eda su \u00faltimo gran logro. Lleg\u00f3 a tener un conjunto que no s\u00f3lo ganaba trofeos, sino que adem\u00e1s practicaba un f\u00fatbol brillante, llegando a ser considerado el mejor equipo del mundo con jugadores de una gran t\u00e9cnica y que se entend\u00edan muy bien en el campo como Thierry Henry, Dennis Bergkamp, Patrick Viera, Robert Pires, Fredrik Ljungberg, Marc Overmars y Sylvain Wiltord, entre otros.<\/p>\n<p>Luego del subt\u00edtulo en Champions League en 2006, a Arsenal se le comenz\u00f3 a olvidar como obtener t\u00edtulos. Son 8 a\u00f1os de absoluta sequ\u00eda, en los cuales no ha pasado de ser un gran animador de la Premier League, y aunque han seguido clasificando a todas las ediciones de la UEFA Champions League, no han logrado hacer algo verdaderamente importante.<\/p>\n<p>&#8220;Cuando no ganas, la gente comienza a cuestionar tu trabajo, tu legado y todo lo que has hecho anterioremente. Es triste, pero as\u00ed funciona esto&#8221;, expuso Thierry Henry hace poco m\u00e1s de un mes al diario brit\u00e1nico\u00a0<i>The Daily Mirror<\/i>\u00a0sobre la situaci\u00f3n de su ex entrenador, a quien de paso defendi\u00f3 y le reafirm\u00f3 su admiraci\u00f3n, recordando que con \u00e9l, vivi\u00f3 su mejor etapa como futbolista.<\/p>\n<p>La situaci\u00f3n de Wenger se ha tornado cada vez m\u00e1s complicada, la presi\u00f3n va en aumento, y pareciera que su permanencia en el banquillo de los Gunners podr\u00eda estar en riesgo, sin importar todo lo que le ha dado el franc\u00e9s al club, pero este arranque, siendo segundos en la Premier, un equipo bien armado y un debut prometedor en Champions League parecen liberar un poco la presi\u00f3n que se vive en el Emirates Stadium y de paso, hacer pensar que este a\u00f1o, las vitrinas no se quedar\u00e1n vac\u00edas.<\/p>\n<p style=\"text-align: center\"><a href=\"https:\/\/i0.wp.com\/www.kalot.com.mx\/wp-content\/uploads\/2013\/09\/Arsene12.jpg\"><img data-recalc-dims=\"1\" decoding=\"async\" data-attachment-id=\"1989\" data-permalink=\"https:\/\/kalot.com.mx\/site\/2013\/09\/19\/arsenal-2013-el-fin-de-la-sequia\/soccer-barclays-premier-league-arsenal-v-norwich-city-emirates-stadium\/\" data-orig-file=\"https:\/\/i0.wp.com\/kalot.com.mx\/site\/wp-content\/uploads\/2013\/09\/Arsene12.jpg?fit=1733%2C2600&amp;ssl=1\" data-orig-size=\"1733,2600\" data-comments-opened=\"1\" data-image-meta=\"{&quot;aperture&quot;:&quot;0&quot;,&quot;credit&quot;:&quot;EMPICS Sport&quot;,&quot;camera&quot;:&quot;&quot;,&quot;caption&quot;:&quot;Arsenal manager Arsene Wenger acknowledges the crowd after his team&#039;s last home game of the season&quot;,&quot;created_timestamp&quot;:&quot;0&quot;,&quot;copyright&quot;:&quot;EMPICS Sport&quot;,&quot;focal_length&quot;:&quot;0&quot;,&quot;iso&quot;:&quot;0&quot;,&quot;shutter_speed&quot;:&quot;0&quot;,&quot;title&quot;:&quot;Soccer - Barclays Premier League - Arsenal v Norwich City - Emirates Stadium&quot;}\" data-image-title=\"Soccer &amp;#8211; Barclays Premier League &amp;#8211; Arsenal v Norwich City &amp;#8211; Emirates Stadium\" data-image-description=\"&lt;p&gt;Arsenal manager Arsene Wenger acknowledges the crowd after his team&amp;#8217;s last home game of the season&lt;\/p&gt;\n\" data-image-caption=\"\" data-large-file=\"https:\/\/i0.wp.com\/kalot.com.mx\/site\/wp-content\/uploads\/2013\/09\/Arsene12.jpg?fit=682%2C1024&amp;ssl=1\" class=\"size-medium wp-image-1989 aligncenter\" alt=\"Soccer - Barclays Premier League - Arsenal v Norwich City - Emirates Stadium\" src=\"https:\/\/i0.wp.com\/www.kalot.com.mx\/wp-content\/uploads\/2013\/09\/Arsene12-199x300.jpg?resize=199%2C300\" width=\"199\" height=\"300\" srcset=\"https:\/\/i0.wp.com\/kalot.com.mx\/site\/wp-content\/uploads\/2013\/09\/Arsene12.jpg?resize=199%2C300&amp;ssl=1 199w, https:\/\/i0.wp.com\/kalot.com.mx\/site\/wp-content\/uploads\/2013\/09\/Arsene12.jpg?resize=682%2C1024&amp;ssl=1 682w, https:\/\/i0.wp.com\/kalot.com.mx\/site\/wp-content\/uploads\/2013\/09\/Arsene12.jpg?resize=720%2C1080&amp;ssl=1 720w, https:\/\/i0.wp.com\/kalot.com.mx\/site\/wp-content\/uploads\/2013\/09\/Arsene12.jpg?w=1733&amp;ssl=1 1733w\" sizes=\"(max-width: 199px) 100vw, 199px\" \/><\/a><\/p>\n","protected":false},"excerpt":{"rendered":"&nbsp; &nbsp; &nbsp; &nbsp; La temporada 2013-14 parece traer nuevos br\u00edos a los Gunners, luego de que el&hellip;\n","protected":false},"author":17,"featured_media":1988,"comment_status":"open","ping_status":"open","sticky":false,"template":"","format":"standard","meta":{"jetpack_post_was_ever_published":false,"_jetpack_newsletter_access":"","_jetpack_dont_email_post_to_subs":false,"_jetpack_newsletter_tier_id":0,"_jetpack_memberships_contains_paywalled_content":false,"_jetpack_memberships_contains_paid_content":false,"footnotes":"","jetpack_publicize_message":"","jetpack_publicize_feature_enabled":true,"jetpack_social_post_already_shared":true,"jetpack_social_options":{"image_generator_settings":{"template":"highway","default_image_id":0,"font":"","enabled":false},"version":2}},"categories":[],"tags":[],"class_list":{"0":"post-1987","1":"post","2":"type-post","3":"status-publish","4":"format-standard","5":"has-post-thumbnail","7":"cs-entry","8":"cs-video-wrap"},"yoast_head":"<!-- This site is optimized with the Yoast SEO plugin v27.4 - https:\/\/yoast.com\/product\/yoast-seo-wordpress\/ -->\n<title>Arsenal 2013: \u00bfEl fin de la sequ\u00eda? - Kalot<\/title>\n<meta name=\"description\" content=\"&nbsp; &nbsp; &nbsp; &nbsp; La temporada 2013-14 parece traer nuevos br\u00edos a los Gunners, luego de que el a\u00f1o futbol\u00edstico que termin\u00f3 resultara ser otro\" \/>\n<meta name=\"robots\" content=\"index, follow, max-snippet:-1, max-image-preview:large, max-video-preview:-1\" \/>\n<link rel=\"canonical\" href=\"https:\/\/kalot.com.mx\/site\/2013\/09\/19\/arsenal-2013-el-fin-de-la-sequia\/\" \/>\n<meta property=\"og:locale\" content=\"es_MX\" \/>\n<meta property=\"og:type\" content=\"article\" \/>\n<meta property=\"og:title\" content=\"Arsenal 2013: \u00bfEl fin de la sequ\u00eda? - Kalot\" \/>\n<meta property=\"og:description\" content=\"&nbsp; &nbsp; &nbsp; &nbsp; La temporada 2013-14 parece traer nuevos br\u00edos a los Gunners, luego de que el a\u00f1o futbol\u00edstico que termin\u00f3 resultara ser otro\" \/>\n<meta property=\"og:url\" content=\"https:\/\/kalot.com.mx\/site\/2013\/09\/19\/arsenal-2013-el-fin-de-la-sequia\/\" \/>\n<meta property=\"og:site_name\" content=\"Kalot\" \/>\n<meta property=\"article:publisher\" content=\"http:\/\/facebook.com\/mxkalot\" \/>\n<meta property=\"article:published_time\" content=\"2013-09-19T21:54:04+00:00\" \/>\n<meta property=\"og:image\" content=\"https:\/\/i1.wp.com\/kalot.com.mx\/site\/wp-content\/uploads\/2013\/09\/ars.jpg?fit=1440%2C855&ssl=1\" \/>\n\t<meta property=\"og:image:width\" content=\"1440\" \/>\n\t<meta property=\"og:image:height\" content=\"855\" \/>\n\t<meta property=\"og:image:type\" content=\"image\/jpeg\" \/>\n<meta name=\"author\" content=\"Daniel Mar\" \/>\n<meta name=\"twitter:card\" content=\"summary_large_image\" \/>\n<meta name=\"twitter:creator\" content=\"@kalotmx\" \/>\n<meta name=\"twitter:site\" content=\"@kalotmx\" \/>\n<meta name=\"twitter:label1\" content=\"Escrito por\" \/>\n\t<meta name=\"twitter:data1\" content=\"Daniel Mar\" \/>\n\t<meta name=\"twitter:label2\" content=\"Tiempo de lectura\" \/>\n\t<meta name=\"twitter:data2\" content=\"2 minutos\" \/>\n<!-- \/ Yoast SEO plugin. -->","yoast_head_json":{"title":"Arsenal 2013: \u00bfEl fin de la sequ\u00eda? - Kalot","description":"&nbsp; &nbsp; &nbsp; &nbsp; La temporada 2013-14 parece traer nuevos br\u00edos a los Gunners, luego de que el a\u00f1o futbol\u00edstico que termin\u00f3 resultara ser otro","robots":{"index":"index","follow":"follow","max-snippet":"max-snippet:-1","max-image-preview":"max-image-preview:large","max-video-preview":"max-video-preview:-1"},"canonical":"https:\/\/kalot.com.mx\/site\/2013\/09\/19\/arsenal-2013-el-fin-de-la-sequia\/","og_locale":"es_MX","og_type":"article","og_title":"Arsenal 2013: \u00bfEl fin de la sequ\u00eda? - Kalot","og_description":"&nbsp; &nbsp; &nbsp; &nbsp; La temporada 2013-14 parece traer nuevos br\u00edos a los Gunners, luego de que el a\u00f1o futbol\u00edstico que termin\u00f3 resultara ser otro","og_url":"https:\/\/kalot.com.mx\/site\/2013\/09\/19\/arsenal-2013-el-fin-de-la-sequia\/","og_site_name":"Kalot","article_publisher":"http:\/\/facebook.com\/mxkalot","article_published_time":"2013-09-19T21:54:04+00:00","og_image":[{"width":1440,"height":855,"url":"https:\/\/i1.wp.com\/kalot.com.mx\/site\/wp-content\/uploads\/2013\/09\/ars.jpg?fit=1440%2C855&ssl=1","type":"image\/jpeg"}],"author":"Daniel Mar","twitter_card":"summary_large_image","twitter_creator":"@kalotmx","twitter_site":"@kalotmx","twitter_misc":{"Escrito por":"Daniel Mar","Tiempo de lectura":"2 minutos"},"schema":{"@context":"https:\/\/schema.org","@graph":[{"@type":"Article","@id":"https:\/\/kalot.com.mx\/site\/2013\/09\/19\/arsenal-2013-el-fin-de-la-sequia\/#article","isPartOf":{"@id":"https:\/\/kalot.com.mx\/site\/2013\/09\/19\/arsenal-2013-el-fin-de-la-sequia\/"},"author":{"name":"Daniel Mar","@id":"https:\/\/kalot.com.mx\/site\/#\/schema\/person\/399e73ddfb9746a689b42f37346a4d1a"},"headline":"Arsenal 2013: \u00bfEl fin de la sequ\u00eda?","datePublished":"2013-09-19T21:54:04+00:00","mainEntityOfPage":{"@id":"https:\/\/kalot.com.mx\/site\/2013\/09\/19\/arsenal-2013-el-fin-de-la-sequia\/"},"wordCount":449,"commentCount":0,"publisher":{"@id":"https:\/\/kalot.com.mx\/site\/#organization"},"image":{"@id":"https:\/\/kalot.com.mx\/site\/2013\/09\/19\/arsenal-2013-el-fin-de-la-sequia\/#primaryimage"},"thumbnailUrl":"https:\/\/i0.wp.com\/kalot.com.mx\/site\/wp-content\/uploads\/2013\/09\/ars.jpg?fit=1440%2C855&ssl=1","inLanguage":"es","potentialAction":[{"@type":"CommentAction","name":"Comment","target":["https:\/\/kalot.com.mx\/site\/2013\/09\/19\/arsenal-2013-el-fin-de-la-sequia\/#respond"]}]},{"@type":"WebPage","@id":"https:\/\/kalot.com.mx\/site\/2013\/09\/19\/arsenal-2013-el-fin-de-la-sequia\/","url":"https:\/\/kalot.com.mx\/site\/2013\/09\/19\/arsenal-2013-el-fin-de-la-sequia\/","name":"Arsenal 2013: \u00bfEl fin de la sequ\u00eda? - Kalot","isPartOf":{"@id":"https:\/\/kalot.com.mx\/site\/#website"},"primaryImageOfPage":{"@id":"https:\/\/kalot.com.mx\/site\/2013\/09\/19\/arsenal-2013-el-fin-de-la-sequia\/#primaryimage"},"image":{"@id":"https:\/\/kalot.com.mx\/site\/2013\/09\/19\/arsenal-2013-el-fin-de-la-sequia\/#primaryimage"},"thumbnailUrl":"https:\/\/i0.wp.com\/kalot.com.mx\/site\/wp-content\/uploads\/2013\/09\/ars.jpg?fit=1440%2C855&ssl=1","datePublished":"2013-09-19T21:54:04+00:00","description":"&nbsp; &nbsp; &nbsp; &nbsp; La temporada 2013-14 parece traer nuevos br\u00edos a los Gunners, luego de que el a\u00f1o futbol\u00edstico que termin\u00f3 resultara ser otro","breadcrumb":{"@id":"https:\/\/kalot.com.mx\/site\/2013\/09\/19\/arsenal-2013-el-fin-de-la-sequia\/#breadcrumb"},"inLanguage":"es","potentialAction":[{"@type":"ReadAction","target":["https:\/\/kalot.com.mx\/site\/2013\/09\/19\/arsenal-2013-el-fin-de-la-sequia\/"]}]},{"@type":"ImageObject","inLanguage":"es","@id":"https:\/\/kalot.com.mx\/site\/2013\/09\/19\/arsenal-2013-el-fin-de-la-sequia\/#primaryimage","url":"https:\/\/i0.wp.com\/kalot.com.mx\/site\/wp-content\/uploads\/2013\/09\/ars.jpg?fit=1440%2C855&ssl=1","contentUrl":"https:\/\/i0.wp.com\/kalot.com.mx\/site\/wp-content\/uploads\/2013\/09\/ars.jpg?fit=1440%2C855&ssl=1","width":1440,"height":855},{"@type":"BreadcrumbList","@id":"https:\/\/kalot.com.mx\/site\/2013\/09\/19\/arsenal-2013-el-fin-de-la-sequia\/#breadcrumb","itemListElement":[{"@type":"ListItem","position":1,"name":"Home","item":"https:\/\/kalot.com.mx\/site\/"},{"@type":"ListItem","position":2,"name":"Arsenal 2013: \u00bfEl fin de la sequ\u00eda?"}]},{"@type":"WebSite","@id":"https:\/\/kalot.com.mx\/site\/#website","url":"https:\/\/kalot.com.mx\/site\/","name":"Kalot","description":"Conoce Todo Sobre Todo","publisher":{"@id":"https:\/\/kalot.com.mx\/site\/#organization"},"potentialAction":[{"@type":"SearchAction","target":{"@type":"EntryPoint","urlTemplate":"https:\/\/kalot.com.mx\/site\/?s={search_term_string}"},"query-input":{"@type":"PropertyValueSpecification","valueRequired":true,"valueName":"search_term_string"}}],"inLanguage":"es"},{"@type":"Organization","@id":"https:\/\/kalot.com.mx\/site\/#organization","name":"Kalot","url":"https:\/\/kalot.com.mx\/site\/","logo":{"@type":"ImageObject","inLanguage":"es","@id":"https:\/\/kalot.com.mx\/site\/#\/schema\/logo\/image\/","url":"https:\/\/i0.wp.com\/kalot.com.mx\/site\/wp-content\/uploads\/2020\/04\/Kalot-logo-sin-tagline.png?fit=1707%2C1014&ssl=1","contentUrl":"https:\/\/i0.wp.com\/kalot.com.mx\/site\/wp-content\/uploads\/2020\/04\/Kalot-logo-sin-tagline.png?fit=1707%2C1014&ssl=1","width":1707,"height":1014,"caption":"Kalot"},"image":{"@id":"https:\/\/kalot.com.mx\/site\/#\/schema\/logo\/image\/"},"sameAs":["http:\/\/facebook.com\/mxkalot","https:\/\/x.com\/kalotmx","http:\/\/instagram.com\/kalotmx","http:\/\/pinterest.com\/jorgeerana\/kalot"]},{"@type":"Person","@id":"https:\/\/kalot.com.mx\/site\/#\/schema\/person\/399e73ddfb9746a689b42f37346a4d1a","name":"Daniel Mar","image":{"@type":"ImageObject","inLanguage":"es","@id":"https:\/\/secure.gravatar.com\/avatar\/46fb1154a3483490cc0a9f48d95f23077ece02aab760045dd43b260f89061725?s=96&d=mm&r=g","url":"https:\/\/secure.gravatar.com\/avatar\/46fb1154a3483490cc0a9f48d95f23077ece02aab760045dd43b260f89061725?s=96&d=mm&r=g","contentUrl":"https:\/\/secure.gravatar.com\/avatar\/46fb1154a3483490cc0a9f48d95f23077ece02aab760045dd43b260f89061725?s=96&d=mm&r=g","caption":"Daniel Mar"},"sameAs":["https:\/\/twitter.com\/DaniielMar"],"url":"https:\/\/kalot.com.mx\/site\/author\/daniel\/"}]}},"jetpack_publicize_connections":[],"jetpack_featured_media_url":"https:\/\/i0.wp.com\/kalot.com.mx\/site\/wp-content\/uploads\/2013\/09\/ars.jpg?fit=1440%2C855&ssl=1","jetpack_shortlink":"https:\/\/wp.me\/p6IHEI-w3","jetpack-related-posts":[{"id":7910,"url":"https:\/\/kalot.com.mx\/site\/2013\/12\/16\/listos-los-octavos-de-champions-league\/","url_meta":{"origin":1987,"position":0},"title":"Listos los Octavos de Champions League","author":"Daniel Cacho","date":"16 diciembre, 2013","format":false,"excerpt":"Una nueva edici\u00f3n de fases finales de la Copa de Campeones de Europa se prepara para arrancar. Este a\u00f1o, la Champions League ofrecer\u00e1 duelos muy interesantes (y otros no tanto) para deleitar al p\u00fablico que gusta de ver buen f\u00fatbol (no pedazos como el espect\u00e1culo de ayer). Luis Figo, embajador\u2026","rel":"","context":"En &quot;Sin categor\u00eda&quot;","block_context":{"text":"Sin categor\u00eda","link":"https:\/\/kalot.com.mx\/site\/category\/sin-categoria\/"},"img":{"alt_text":"","src":"https:\/\/i0.wp.com\/kalot.com.mx\/site\/wp-content\/uploads\/2013\/12\/1503348_722658474425909_122927432_n.jpg?fit=843%2C403&ssl=1&resize=350%2C200","width":350,"height":200,"srcset":"https:\/\/i0.wp.com\/kalot.com.mx\/site\/wp-content\/uploads\/2013\/12\/1503348_722658474425909_122927432_n.jpg?fit=843%2C403&ssl=1&resize=350%2C200 1x, https:\/\/i0.wp.com\/kalot.com.mx\/site\/wp-content\/uploads\/2013\/12\/1503348_722658474425909_122927432_n.jpg?fit=843%2C403&ssl=1&resize=525%2C300 1.5x, https:\/\/i0.wp.com\/kalot.com.mx\/site\/wp-content\/uploads\/2013\/12\/1503348_722658474425909_122927432_n.jpg?fit=843%2C403&ssl=1&resize=700%2C400 2x"},"classes":[]},{"id":23175,"url":"https:\/\/kalot.com.mx\/site\/2015\/08\/27\/uefa-champions-league-sorteo\/","url_meta":{"origin":1987,"position":1},"title":"UEFA Champions League; Sorteo","author":"Andres Bautista","date":"27 agosto, 2015","format":false,"excerpt":"Hoy se realiz\u00f3 en M\u00f3naco el Sorteo de la Fase de Grupos de la UEFA Champions League 2015-16. Se destaca que por primera vez habr\u00e1 5 equipos espa\u00f1oles en la competici\u00f3n. Habra 3 equipos debutantes: Astana (Kazajst\u00e1n) Gent (Belgica) y el Monchengladbach (Alemania). Asi quedaron conformados los Grupos. GRUPO A\u2026","rel":"","context":"Entrada similar ","block_context":{"text":"Entrada similar ","link":""},"img":{"alt_text":"","src":"https:\/\/i0.wp.com\/kalot.com.mx\/site\/wp-content\/uploads\/2015\/08\/maxresdefault.jpg?fit=1200%2C675&ssl=1&resize=350%2C200","width":350,"height":200,"srcset":"https:\/\/i0.wp.com\/kalot.com.mx\/site\/wp-content\/uploads\/2015\/08\/maxresdefault.jpg?fit=1200%2C675&ssl=1&resize=350%2C200 1x, https:\/\/i0.wp.com\/kalot.com.mx\/site\/wp-content\/uploads\/2015\/08\/maxresdefault.jpg?fit=1200%2C675&ssl=1&resize=525%2C300 1.5x, https:\/\/i0.wp.com\/kalot.com.mx\/site\/wp-content\/uploads\/2015\/08\/maxresdefault.jpg?fit=1200%2C675&ssl=1&resize=700%2C400 2x, https:\/\/i0.wp.com\/kalot.com.mx\/site\/wp-content\/uploads\/2015\/08\/maxresdefault.jpg?fit=1200%2C675&ssl=1&resize=1050%2C600 3x"},"classes":[]},{"id":17796,"url":"https:\/\/kalot.com.mx\/site\/2014\/08\/28\/la-champions-league-2014-15-ya-tiene-grupos\/","url_meta":{"origin":1987,"position":2},"title":"LA CHAMPIONS LEAGUE 2014-15 ya tiene grupos","author":"HM_MKT007","date":"28 agosto, 2014","format":false,"excerpt":"El d\u00eda de hoy jueves 28 de agosto (D\u00eda de los abuelos por cierto, felicidades a todos por parte de KALOT) se realiz\u00f3 en la bella ciudad de M\u00f3naco, el sorteo por parte de la UEFA para los 32 equipos calificados, sin dudas grupos interesantes, regresan grandes equipos, y est\u00e1n\u2026","rel":"","context":"Entrada similar ","block_context":{"text":"Entrada similar ","link":""},"img":{"alt_text":"","src":"https:\/\/i0.wp.com\/kalot.com.mx\/site\/wp-content\/uploads\/2014\/08\/Champions-League-Final1.jpg?fit=980%2C540&ssl=1&resize=350%2C200","width":350,"height":200,"srcset":"https:\/\/i0.wp.com\/kalot.com.mx\/site\/wp-content\/uploads\/2014\/08\/Champions-League-Final1.jpg?fit=980%2C540&ssl=1&resize=350%2C200 1x, https:\/\/i0.wp.com\/kalot.com.mx\/site\/wp-content\/uploads\/2014\/08\/Champions-League-Final1.jpg?fit=980%2C540&ssl=1&resize=525%2C300 1.5x, https:\/\/i0.wp.com\/kalot.com.mx\/site\/wp-content\/uploads\/2014\/08\/Champions-League-Final1.jpg?fit=980%2C540&ssl=1&resize=700%2C400 2x"},"classes":[]},{"id":3121,"url":"https:\/\/kalot.com.mx\/site\/2013\/10\/03\/ryan-giggs-rompiendo-records-deportes\/","url_meta":{"origin":1987,"position":3},"title":"Ryan Giggs Rompiendo Records #Deportes","author":"Anastacio S\u00e1nchez","date":"3 octubre, 2013","format":false,"excerpt":"El gal\u00e9s Ryan Giggs, jugador del Manchester United, super\u00f3 hoy al espa\u00f1ol Ra\u00fal Gonz\u00e1lez como el futbolista con m\u00e1s partidos disputados de la Champions League, con 145 encuentros. El veterano, que el pr\u00f3ximo 29 de noviembre cumplir\u00e1 40 a\u00f1os, salt\u00f3 al terreno de juego en el minuto 66 del partido\u2026","rel":"","context":"En &quot;Sin categor\u00eda&quot;","block_context":{"text":"Sin categor\u00eda","link":"https:\/\/kalot.com.mx\/site\/category\/sin-categoria\/"},"img":{"alt_text":"","src":"https:\/\/i0.wp.com\/kalot.com.mx\/site\/wp-content\/uploads\/2013\/10\/ryan-giggs_10257-L0x0.jpg?fit=600%2C400&ssl=1&resize=350%2C200","width":350,"height":200,"srcset":"https:\/\/i0.wp.com\/kalot.com.mx\/site\/wp-content\/uploads\/2013\/10\/ryan-giggs_10257-L0x0.jpg?fit=600%2C400&ssl=1&resize=350%2C200 1x, https:\/\/i0.wp.com\/kalot.com.mx\/site\/wp-content\/uploads\/2013\/10\/ryan-giggs_10257-L0x0.jpg?fit=600%2C400&ssl=1&resize=525%2C300 1.5x"},"classes":[]},{"id":12035,"url":"https:\/\/kalot.com.mx\/site\/2014\/02\/20\/que-le-falta-al-bayern-munich\/","url_meta":{"origin":1987,"position":4},"title":"\u00bfQu\u00e9 le falta al Bayern Munich?","author":"Juan Ol\u00e1is","date":"20 febrero, 2014","format":false,"excerpt":"\u00bfQU\u00c9 LE FALTA AL BAYERN MUNICH? La noche del pasado mi\u00e9rcoles, y despu\u00e9s de haber visto al medio d\u00eda el juego entre el Manchester City y el F.C. Barcelona por la ida de los octavos en la Champions, me dorm\u00ed pensando si alg\u00fan d\u00eda volver\u00eda a ver a aqu\u00e9l Barsa\u2026","rel":"","context":"En &quot;Sin categor\u00eda&quot;","block_context":{"text":"Sin categor\u00eda","link":"https:\/\/kalot.com.mx\/site\/category\/sin-categoria\/"},"img":{"alt_text":"","src":"https:\/\/i0.wp.com\/kalot.com.mx\/site\/wp-content\/uploads\/2014\/02\/Pep-Guardiola-Bayern-Muni-011.jpg?fit=460%2C276&ssl=1&resize=350%2C200","width":350,"height":200},"classes":[]},{"id":13710,"url":"https:\/\/kalot.com.mx\/site\/2014\/03\/21\/listos-los-cuartos-de-champions-league\/","url_meta":{"origin":1987,"position":5},"title":"Listos los Cuartos de Champions League","author":"Daniel Cacho","date":"21 marzo, 2014","format":false,"excerpt":"Quedaron definidos los Cuartos de Final de la UEFA Champions League 2013-2014 que entregar\u00e1n a los cuatro mejores equipos para continuar en la pelea por el torneo continental m\u00e1s importante a nivel de clubes en el mundo. El primer duelo sorteado fue el que enfrentar\u00e1 al Barcelona con el Atl\u00e9tico\u2026","rel":"","context":"Entrada similar ","block_context":{"text":"Entrada similar ","link":""},"img":{"alt_text":"","src":"https:\/\/i0.wp.com\/kalot.com.mx\/site\/wp-content\/uploads\/2014\/03\/194425-20_03_2014_14_33_37_757633339.jpg?fit=500%2C286&ssl=1&resize=350%2C200","width":350,"height":200},"classes":[]}],"jetpack_sharing_enabled":true,"_links":{"self":[{"href":"https:\/\/kalot.com.mx\/site\/wp-json\/wp\/v2\/posts\/1987","targetHints":{"allow":["GET"]}}],"collection":[{"href":"https:\/\/kalot.com.mx\/site\/wp-json\/wp\/v2\/posts"}],"about":[{"href":"https:\/\/kalot.com.mx\/site\/wp-json\/wp\/v2\/types\/post"}],"author":[{"embeddable":true,"href":"https:\/\/kalot.com.mx\/site\/wp-json\/wp\/v2\/users\/17"}],"replies":[{"embeddable":true,"href":"https:\/\/kalot.com.mx\/site\/wp-json\/wp\/v2\/comments?post=1987"}],"version-history":[{"count":0,"href":"https:\/\/kalot.com.mx\/site\/wp-json\/wp\/v2\/posts\/1987\/revisions"}],"wp:featuredmedia":[{"embeddable":true,"href":"https:\/\/kalot.com.mx\/site\/wp-json\/wp\/v2\/media\/1988"}],"wp:attachment":[{"href":"https:\/\/kalot.com.mx\/site\/wp-json\/wp\/v2\/media?parent=1987"}],"wp:term":[{"taxonomy":"category","embeddable":true,"href":"https:\/\/kalot.com.mx\/site\/wp-json\/wp\/v2\/categories?post=1987"},{"taxonomy":"post_tag","embeddable":true,"href":"https:\/\/kalot.com.mx\/site\/wp-json\/wp\/v2\/tags?post=1987"}],"curies":[{"name":"wp","href":"https:\/\/api.w.org\/{rel}","templated":true}]}}