{"id":19863,"date":"2015-01-05T10:55:43","date_gmt":"2015-01-05T16:55:43","guid":{"rendered":"http:\/\/www.kalot.com.mx\/?p=19863"},"modified":"2015-01-05T10:56:23","modified_gmt":"2015-01-05T16:56:23","slug":"emitiran-episodio-de-los-simpson-25-anos-despues","status":"publish","type":"post","link":"https:\/\/kalot.com.mx\/site\/2015\/01\/05\/emitiran-episodio-de-los-simpson-25-anos-despues\/","title":{"rendered":"Emitir\u00e1n Episodio de los Simpson 25 A\u00f1os Despu\u00e9s"},"content":{"rendered":"<p style=\"text-align: justify\">25 a\u00f1os tuvieron que pasar para que la cadena de televisi\u00f3n Fox decidiera lanzar el pr\u00f3ximo 11 de Enero un episodio de &#8220;Los Simpson&#8221;. Dicho episodio lleva el t\u00edtulo de &#8220;<span>El Nuevo Amigo de Bart&#8221; (\u201cBart\u00b4s New Friend\u201d) y fue\u00a0<\/span>escrito por el reconocido guionista y director Judd Apatow.<\/p>\n<p style=\"text-align: justify\"><span>Este episodio tendr\u00e1 como trama a un\u00a0Homero que es hipnotizado y termina por creer que es un peque\u00f1o ni\u00f1o de 10 a\u00f1os que no quiere regresar a la edad adulta. Despu\u00e9s de esto, se convierte en el mejor amigo de Bart y junto a \u00e9l realizar\u00e1 un sin fin de travesuras.<\/span><\/p>\n<p style=\"text-align: justify\"><span><img data-recalc-dims=\"1\" fetchpriority=\"high\" decoding=\"async\" data-attachment-id=\"19864\" data-permalink=\"https:\/\/kalot.com.mx\/site\/2015\/01\/05\/emitiran-episodio-de-los-simpson-25-anos-despues\/los-simpsons\/\" data-orig-file=\"https:\/\/i0.wp.com\/kalot.com.mx\/site\/wp-content\/uploads\/2015\/01\/Los-Simpsons.jpg?fit=640%2C480&amp;ssl=1\" data-orig-size=\"640,480\" data-comments-opened=\"1\" data-image-meta=\"{&quot;aperture&quot;:&quot;0&quot;,&quot;credit&quot;:&quot;&quot;,&quot;camera&quot;:&quot;&quot;,&quot;caption&quot;:&quot;&quot;,&quot;created_timestamp&quot;:&quot;0&quot;,&quot;copyright&quot;:&quot;&quot;,&quot;focal_length&quot;:&quot;0&quot;,&quot;iso&quot;:&quot;0&quot;,&quot;shutter_speed&quot;:&quot;0&quot;,&quot;title&quot;:&quot;&quot;,&quot;orientation&quot;:&quot;0&quot;}\" data-image-title=\"Los Simpsons\" data-image-description=\"\" data-image-caption=\"\" data-large-file=\"https:\/\/i0.wp.com\/kalot.com.mx\/site\/wp-content\/uploads\/2015\/01\/Los-Simpsons.jpg?fit=640%2C480&amp;ssl=1\" src=\"https:\/\/i0.wp.com\/www.kalot.com.mx\/wp-content\/uploads\/2015\/01\/Los-Simpsons.jpg?resize=640%2C480\" alt=\"Los Simpsons\" width=\"640\" height=\"480\" class=\" size-full wp-image-19864 aligncenter\" srcset=\"https:\/\/i0.wp.com\/kalot.com.mx\/site\/wp-content\/uploads\/2015\/01\/Los-Simpsons.jpg?w=640&amp;ssl=1 640w, https:\/\/i0.wp.com\/kalot.com.mx\/site\/wp-content\/uploads\/2015\/01\/Los-Simpsons.jpg?resize=300%2C225&amp;ssl=1 300w, https:\/\/i0.wp.com\/kalot.com.mx\/site\/wp-content\/uploads\/2015\/01\/Los-Simpsons.jpg?resize=200%2C150&amp;ssl=1 200w, https:\/\/i0.wp.com\/kalot.com.mx\/site\/wp-content\/uploads\/2015\/01\/Los-Simpsons.jpg?resize=260%2C195&amp;ssl=1 260w, https:\/\/i0.wp.com\/kalot.com.mx\/site\/wp-content\/uploads\/2015\/01\/Los-Simpsons.jpg?resize=380%2C285&amp;ssl=1 380w\" sizes=\"(max-width: 640px) 100vw, 640px\" \/><\/span><\/p>\n<p style=\"text-align: justify\"><span>Su autor no pudo conseguir que aceptaran esta historia para la familia amarilla (la cual present\u00f3 en 1990), pero en este a\u00f1o y con motivo del 25\u00ba aniversario de la serie, este episodio por fin saldr\u00e1 al aire.\u00a0Apatow actualmente es el productor ejecutivo de la serie Girls y entre sus trabajos\u00a0m\u00e1s\u00a0reconocidos est\u00e1n: &#8220;Virgen a los 40&#8221; y\u00a0&#8220;This Is 40&#8221;. Hace 25 a\u00f1os intent\u00f3 entrar al mundo de Los Simpsons cuando era un joven visionario y envi\u00f3 su gui\u00f3n para un episodio, aunque al final fue rechazado.<\/span><\/p>\n<p style=\"text-align: justify\">En una entrevista que Apatow concedi\u00f3 recientemente, el autor explica como present\u00f3 su proyecto:<\/p>\n<p style=\"text-align: justify\"><em>&#8220;Yo ten\u00eda 22 a\u00f1os, era un gran fan de Los Simpson y ten\u00eda la esperanza de ser guionista de televisi\u00f3n. En ese momento yo era un comediante y la gente me dec\u00eda: Si quieres escribir para comedias, lo que necesitas hacer guiones. S\u00f3lo se hab\u00edan emitido 6 cap\u00edtulos de la serie y trat\u00e9 de copiar el estilo de la ficci\u00f3n, sin embargo, no consegu\u00ed ninguna oferta de trabajo&#8221;. Ahora, despu\u00e9s de\u00a0tantos a\u00f1os, Al Jean, el productor de Los Simpson me llama y dice: \u00a1Vamos a hacerlo ahora!&#8221;.<\/em><\/p>\n<p style=\"text-align: justify\">As\u00ed mismo, detall\u00f3 que el gui\u00f3n ha sido pulido y actualizado para que los chistes se ambienten en este 2015 pero asegur\u00f3 que el contexto es el mismo y conserva la esencia del escrito original.\u00a0<em>\u201cFueron muy respetuosos, con toda la intenci\u00f3n de colaborar. Ellos han convertido mi peque\u00f1o esfuerzo en Cenicienta&#8221; <\/em>concluye.<\/p>\n<p style=\"text-align: justify\">\n","protected":false},"excerpt":{"rendered":"25 a\u00f1os tuvieron que pasar para que la cadena de televisi\u00f3n Fox decidiera lanzar el pr\u00f3ximo 11 de&hellip;\n","protected":false},"author":108,"featured_media":19866,"comment_status":"closed","ping_status":"closed","sticky":false,"template":"","format":"standard","meta":{"jetpack_post_was_ever_published":false,"_jetpack_newsletter_access":"","_jetpack_dont_email_post_to_subs":false,"_jetpack_newsletter_tier_id":0,"_jetpack_memberships_contains_paywalled_content":false,"_jetpack_memberships_contains_paid_content":false,"footnotes":"","jetpack_publicize_message":"","jetpack_publicize_feature_enabled":true,"jetpack_social_post_already_shared":true,"jetpack_social_options":{"image_generator_settings":{"template":"highway","default_image_id":0,"font":"","enabled":false},"version":2}},"categories":[],"tags":[],"class_list":{"0":"post-19863","1":"post","2":"type-post","3":"status-publish","4":"format-standard","5":"has-post-thumbnail","7":"cs-entry","8":"cs-video-wrap"},"yoast_head":"<!-- This site is optimized with the Yoast SEO plugin v27.5 - https:\/\/yoast.com\/product\/yoast-seo-wordpress\/ -->\n<title>Emitir\u00e1n Episodio de los Simpson 25 A\u00f1os Despu\u00e9s - Kalot<\/title>\n<meta name=\"description\" content=\"25 a\u00f1os tuvieron que pasar para que la cadena de televisi\u00f3n Fox decidiera lanzar el pr\u00f3ximo 11 de Enero un episodio de &quot;Los Simpson&quot;. Dicho episodio lleva\" \/>\n<meta name=\"robots\" content=\"index, follow, max-snippet:-1, max-image-preview:large, max-video-preview:-1\" \/>\n<link rel=\"canonical\" href=\"https:\/\/kalot.com.mx\/site\/2015\/01\/05\/emitiran-episodio-de-los-simpson-25-anos-despues\/\" \/>\n<meta property=\"og:locale\" content=\"es_MX\" \/>\n<meta property=\"og:type\" content=\"article\" \/>\n<meta property=\"og:title\" content=\"Emitir\u00e1n Episodio de los Simpson 25 A\u00f1os Despu\u00e9s - Kalot\" \/>\n<meta property=\"og:description\" content=\"25 a\u00f1os tuvieron que pasar para que la cadena de televisi\u00f3n Fox decidiera lanzar el pr\u00f3ximo 11 de Enero un episodio de &quot;Los Simpson&quot;. Dicho episodio lleva\" \/>\n<meta property=\"og:url\" content=\"https:\/\/kalot.com.mx\/site\/2015\/01\/05\/emitiran-episodio-de-los-simpson-25-anos-despues\/\" \/>\n<meta property=\"og:site_name\" content=\"Kalot\" \/>\n<meta property=\"article:publisher\" content=\"http:\/\/facebook.com\/mxkalot\" \/>\n<meta property=\"article:published_time\" content=\"2015-01-05T16:55:43+00:00\" \/>\n<meta property=\"article:modified_time\" content=\"2015-01-05T16:56:23+00:00\" \/>\n<meta property=\"og:image\" content=\"https:\/\/i1.wp.com\/kalot.com.mx\/site\/wp-content\/uploads\/2015\/01\/Los-Simpsons-2.jpg?fit=1024%2C768&ssl=1\" \/>\n\t<meta property=\"og:image:width\" content=\"1024\" \/>\n\t<meta property=\"og:image:height\" content=\"768\" \/>\n\t<meta property=\"og:image:type\" content=\"image\/jpeg\" \/>\n<meta name=\"author\" content=\"yash\" \/>\n<meta name=\"twitter:card\" content=\"summary_large_image\" \/>\n<meta name=\"twitter:creator\" content=\"@kalotmx\" \/>\n<meta name=\"twitter:site\" content=\"@kalotmx\" \/>\n<meta name=\"twitter:label1\" content=\"Escrito por\" \/>\n\t<meta name=\"twitter:data1\" content=\"yash\" \/>\n\t<meta name=\"twitter:label2\" content=\"Tiempo de lectura\" \/>\n\t<meta name=\"twitter:data2\" content=\"2 minutos\" \/>\n<!-- \/ Yoast SEO plugin. -->","yoast_head_json":{"title":"Emitir\u00e1n Episodio de los Simpson 25 A\u00f1os Despu\u00e9s - Kalot","description":"25 a\u00f1os tuvieron que pasar para que la cadena de televisi\u00f3n Fox decidiera lanzar el pr\u00f3ximo 11 de Enero un episodio de \"Los Simpson\". Dicho episodio lleva","robots":{"index":"index","follow":"follow","max-snippet":"max-snippet:-1","max-image-preview":"max-image-preview:large","max-video-preview":"max-video-preview:-1"},"canonical":"https:\/\/kalot.com.mx\/site\/2015\/01\/05\/emitiran-episodio-de-los-simpson-25-anos-despues\/","og_locale":"es_MX","og_type":"article","og_title":"Emitir\u00e1n Episodio de los Simpson 25 A\u00f1os Despu\u00e9s - Kalot","og_description":"25 a\u00f1os tuvieron que pasar para que la cadena de televisi\u00f3n Fox decidiera lanzar el pr\u00f3ximo 11 de Enero un episodio de \"Los Simpson\". Dicho episodio lleva","og_url":"https:\/\/kalot.com.mx\/site\/2015\/01\/05\/emitiran-episodio-de-los-simpson-25-anos-despues\/","og_site_name":"Kalot","article_publisher":"http:\/\/facebook.com\/mxkalot","article_published_time":"2015-01-05T16:55:43+00:00","article_modified_time":"2015-01-05T16:56:23+00:00","og_image":[{"width":1024,"height":768,"url":"https:\/\/i1.wp.com\/kalot.com.mx\/site\/wp-content\/uploads\/2015\/01\/Los-Simpsons-2.jpg?fit=1024%2C768&ssl=1","type":"image\/jpeg"}],"author":"yash","twitter_card":"summary_large_image","twitter_creator":"@kalotmx","twitter_site":"@kalotmx","twitter_misc":{"Escrito por":"yash","Tiempo de lectura":"2 minutos"},"schema":{"@context":"https:\/\/schema.org","@graph":[{"@type":"Article","@id":"https:\/\/kalot.com.mx\/site\/2015\/01\/05\/emitiran-episodio-de-los-simpson-25-anos-despues\/#article","isPartOf":{"@id":"https:\/\/kalot.com.mx\/site\/2015\/01\/05\/emitiran-episodio-de-los-simpson-25-anos-despues\/"},"author":{"name":"yash","@id":"https:\/\/kalot.com.mx\/site\/#\/schema\/person\/1d75ba57b0359df6aee12de5a86e5b04"},"headline":"Emitir\u00e1n Episodio de los Simpson 25 A\u00f1os Despu\u00e9s","datePublished":"2015-01-05T16:55:43+00:00","dateModified":"2015-01-05T16:56:23+00:00","mainEntityOfPage":{"@id":"https:\/\/kalot.com.mx\/site\/2015\/01\/05\/emitiran-episodio-de-los-simpson-25-anos-despues\/"},"wordCount":373,"publisher":{"@id":"https:\/\/kalot.com.mx\/site\/#organization"},"image":{"@id":"https:\/\/kalot.com.mx\/site\/2015\/01\/05\/emitiran-episodio-de-los-simpson-25-anos-despues\/#primaryimage"},"thumbnailUrl":"https:\/\/i0.wp.com\/kalot.com.mx\/site\/wp-content\/uploads\/2015\/01\/Los-Simpsons-2.jpg?fit=1024%2C768&ssl=1","inLanguage":"es"},{"@type":"WebPage","@id":"https:\/\/kalot.com.mx\/site\/2015\/01\/05\/emitiran-episodio-de-los-simpson-25-anos-despues\/","url":"https:\/\/kalot.com.mx\/site\/2015\/01\/05\/emitiran-episodio-de-los-simpson-25-anos-despues\/","name":"Emitir\u00e1n Episodio de los Simpson 25 A\u00f1os Despu\u00e9s - Kalot","isPartOf":{"@id":"https:\/\/kalot.com.mx\/site\/#website"},"primaryImageOfPage":{"@id":"https:\/\/kalot.com.mx\/site\/2015\/01\/05\/emitiran-episodio-de-los-simpson-25-anos-despues\/#primaryimage"},"image":{"@id":"https:\/\/kalot.com.mx\/site\/2015\/01\/05\/emitiran-episodio-de-los-simpson-25-anos-despues\/#primaryimage"},"thumbnailUrl":"https:\/\/i0.wp.com\/kalot.com.mx\/site\/wp-content\/uploads\/2015\/01\/Los-Simpsons-2.jpg?fit=1024%2C768&ssl=1","datePublished":"2015-01-05T16:55:43+00:00","dateModified":"2015-01-05T16:56:23+00:00","description":"25 a\u00f1os tuvieron que pasar para que la cadena de televisi\u00f3n Fox decidiera lanzar el pr\u00f3ximo 11 de Enero un episodio de \"Los Simpson\". Dicho episodio lleva","breadcrumb":{"@id":"https:\/\/kalot.com.mx\/site\/2015\/01\/05\/emitiran-episodio-de-los-simpson-25-anos-despues\/#breadcrumb"},"inLanguage":"es","potentialAction":[{"@type":"ReadAction","target":["https:\/\/kalot.com.mx\/site\/2015\/01\/05\/emitiran-episodio-de-los-simpson-25-anos-despues\/"]}]},{"@type":"ImageObject","inLanguage":"es","@id":"https:\/\/kalot.com.mx\/site\/2015\/01\/05\/emitiran-episodio-de-los-simpson-25-anos-despues\/#primaryimage","url":"https:\/\/i0.wp.com\/kalot.com.mx\/site\/wp-content\/uploads\/2015\/01\/Los-Simpsons-2.jpg?fit=1024%2C768&ssl=1","contentUrl":"https:\/\/i0.wp.com\/kalot.com.mx\/site\/wp-content\/uploads\/2015\/01\/Los-Simpsons-2.jpg?fit=1024%2C768&ssl=1","width":1024,"height":768},{"@type":"BreadcrumbList","@id":"https:\/\/kalot.com.mx\/site\/2015\/01\/05\/emitiran-episodio-de-los-simpson-25-anos-despues\/#breadcrumb","itemListElement":[{"@type":"ListItem","position":1,"name":"Home","item":"https:\/\/kalot.com.mx\/site\/"},{"@type":"ListItem","position":2,"name":"Emitir\u00e1n Episodio de los Simpson 25 A\u00f1os Despu\u00e9s"}]},{"@type":"WebSite","@id":"https:\/\/kalot.com.mx\/site\/#website","url":"https:\/\/kalot.com.mx\/site\/","name":"Kalot","description":"Conoce Todo Sobre Todo","publisher":{"@id":"https:\/\/kalot.com.mx\/site\/#organization"},"potentialAction":[{"@type":"SearchAction","target":{"@type":"EntryPoint","urlTemplate":"https:\/\/kalot.com.mx\/site\/?s={search_term_string}"},"query-input":{"@type":"PropertyValueSpecification","valueRequired":true,"valueName":"search_term_string"}}],"inLanguage":"es"},{"@type":"Organization","@id":"https:\/\/kalot.com.mx\/site\/#organization","name":"Kalot","url":"https:\/\/kalot.com.mx\/site\/","logo":{"@type":"ImageObject","inLanguage":"es","@id":"https:\/\/kalot.com.mx\/site\/#\/schema\/logo\/image\/","url":"https:\/\/i0.wp.com\/kalot.com.mx\/site\/wp-content\/uploads\/2020\/04\/Kalot-logo-sin-tagline.png?fit=1707%2C1014&ssl=1","contentUrl":"https:\/\/i0.wp.com\/kalot.com.mx\/site\/wp-content\/uploads\/2020\/04\/Kalot-logo-sin-tagline.png?fit=1707%2C1014&ssl=1","width":1707,"height":1014,"caption":"Kalot"},"image":{"@id":"https:\/\/kalot.com.mx\/site\/#\/schema\/logo\/image\/"},"sameAs":["http:\/\/facebook.com\/mxkalot","https:\/\/x.com\/kalotmx","http:\/\/instagram.com\/kalotmx","http:\/\/pinterest.com\/jorgeerana\/kalot"]},{"@type":"Person","@id":"https:\/\/kalot.com.mx\/site\/#\/schema\/person\/1d75ba57b0359df6aee12de5a86e5b04","name":"yash","image":{"@type":"ImageObject","inLanguage":"es","@id":"https:\/\/secure.gravatar.com\/avatar\/be80e9883aa4c662e1a435d9ba36a6fba313cea893e0d847aac2ca2290e6decb?s=96&d=mm&r=g","url":"https:\/\/secure.gravatar.com\/avatar\/be80e9883aa4c662e1a435d9ba36a6fba313cea893e0d847aac2ca2290e6decb?s=96&d=mm&r=g","contentUrl":"https:\/\/secure.gravatar.com\/avatar\/be80e9883aa4c662e1a435d9ba36a6fba313cea893e0d847aac2ca2290e6decb?s=96&d=mm&r=g","caption":"yash"},"url":"https:\/\/kalot.com.mx\/site\/author\/yash\/"}]}},"jetpack_publicize_connections":[],"jetpack_featured_media_url":"https:\/\/i0.wp.com\/kalot.com.mx\/site\/wp-content\/uploads\/2015\/01\/Los-Simpsons-2.jpg?fit=1024%2C768&ssl=1","jetpack_shortlink":"https:\/\/wp.me\/p6IHEI-5an","jetpack-related-posts":[{"id":22203,"url":"https:\/\/kalot.com.mx\/site\/2015\/07\/10\/la-bbc-impide-a-el-ex-trio-de-top-gear-aparecer-en-tv-britanica-hasta-2017\/","url_meta":{"origin":19863,"position":0},"title":"La BBC impide a el ex trio de Top Gear aparecer en TV britanica hasta 2017","author":"Andres Bautista","date":"10 julio, 2015","format":false,"excerpt":"Seg\u00fan publica el portal Paultan, la BBC\u00a0habr\u00eda utilizado herramientas legales para impedir que Jeremy Clarkson, Richard Hammond y James May puedan formar parte de la plantilla de ITV hasta 2017, as\u00ed que no se les vera en televisi\u00f3n brit\u00e1nica hasta dentro de 2 a\u00f1os. Se sabe que Jeremy Clarkson, despedido\u2026","rel":"","context":"Entrada similar ","block_context":{"text":"Entrada similar ","link":""},"img":{"alt_text":"","src":"https:\/\/i0.wp.com\/kalot.com.mx\/site\/wp-content\/uploads\/2015\/07\/1_752054ea7c.jpg?fit=677%2C300&ssl=1&resize=350%2C200","width":350,"height":200,"srcset":"https:\/\/i0.wp.com\/kalot.com.mx\/site\/wp-content\/uploads\/2015\/07\/1_752054ea7c.jpg?fit=677%2C300&ssl=1&resize=350%2C200 1x, https:\/\/i0.wp.com\/kalot.com.mx\/site\/wp-content\/uploads\/2015\/07\/1_752054ea7c.jpg?fit=677%2C300&ssl=1&resize=525%2C300 1.5x"},"classes":[]},{"id":15541,"url":"https:\/\/kalot.com.mx\/site\/2014\/04\/29\/se-confirma-al-elenco-de-star-wars-7-de-manera-oficial\/","url_meta":{"origin":19863,"position":1},"title":"Se confirma al elenco de Star Wars 7 de manera oficial","author":"Omar Herrera","date":"29 abril, 2014","format":false,"excerpt":"Con este comunicado a trav\u00e9s de las redes sociales oficiales de Star Wars se acaba de revelar al cast completo para la s\u00e9ptima entrega de la franquicia: El equipo de Star Wars se complace en anunciar el elenco de STAR WARS: EPISODIO VII.Los actores John Boyega, Daisy Ridley, Adam Driver,\u2026","rel":"","context":"En &quot;Sin categor\u00eda&quot;","block_context":{"text":"Sin categor\u00eda","link":"https:\/\/kalot.com.mx\/site\/category\/sin-categoria\/"},"img":{"alt_text":"","src":"https:\/\/i0.wp.com\/kalot.com.mx\/site\/wp-content\/uploads\/2014\/04\/10256004_696224090437951_8377993764188603680_o.jpg?fit=1200%2C681&ssl=1&resize=350%2C200","width":350,"height":200,"srcset":"https:\/\/i0.wp.com\/kalot.com.mx\/site\/wp-content\/uploads\/2014\/04\/10256004_696224090437951_8377993764188603680_o.jpg?fit=1200%2C681&ssl=1&resize=350%2C200 1x, https:\/\/i0.wp.com\/kalot.com.mx\/site\/wp-content\/uploads\/2014\/04\/10256004_696224090437951_8377993764188603680_o.jpg?fit=1200%2C681&ssl=1&resize=525%2C300 1.5x, https:\/\/i0.wp.com\/kalot.com.mx\/site\/wp-content\/uploads\/2014\/04\/10256004_696224090437951_8377993764188603680_o.jpg?fit=1200%2C681&ssl=1&resize=700%2C400 2x, https:\/\/i0.wp.com\/kalot.com.mx\/site\/wp-content\/uploads\/2014\/04\/10256004_696224090437951_8377993764188603680_o.jpg?fit=1200%2C681&ssl=1&resize=1050%2C600 3x"},"classes":[]},{"id":14215,"url":"https:\/\/kalot.com.mx\/site\/2014\/03\/30\/final-season-walking-dead-4ta-temporada\/","url_meta":{"origin":19863,"position":2},"title":"Final Season: The Walking Dead, 4ta temporada.","author":"Gustavo Elizarrar\u00e1s","date":"30 marzo, 2014","format":false,"excerpt":"The Walking Dead\u00a0exhibir\u00e1 su final de temporada el pr\u00f3ximo 31 de marzo, con un episodio que promete dejar a sus seguidores en shock. De acuerdo con un comunicado, el cap\u00edtulo se titular\u00e1 A, y narrar\u00e1 como el grupo se re\u00fane en Terminus, en donde conocen a una misteriosa mujer de\u2026","rel":"","context":"Entrada similar ","block_context":{"text":"Entrada similar ","link":""},"img":{"alt_text":"","src":"https:\/\/i0.wp.com\/kalot.com.mx\/site\/wp-content\/uploads\/2014\/03\/sanctuary2-the-walking-dead-preview-terminus-explained.jpeg?fit=954%2C698&ssl=1&resize=350%2C200","width":350,"height":200,"srcset":"https:\/\/i0.wp.com\/kalot.com.mx\/site\/wp-content\/uploads\/2014\/03\/sanctuary2-the-walking-dead-preview-terminus-explained.jpeg?fit=954%2C698&ssl=1&resize=350%2C200 1x, https:\/\/i0.wp.com\/kalot.com.mx\/site\/wp-content\/uploads\/2014\/03\/sanctuary2-the-walking-dead-preview-terminus-explained.jpeg?fit=954%2C698&ssl=1&resize=525%2C300 1.5x, https:\/\/i0.wp.com\/kalot.com.mx\/site\/wp-content\/uploads\/2014\/03\/sanctuary2-the-walking-dead-preview-terminus-explained.jpeg?fit=954%2C698&ssl=1&resize=700%2C400 2x"},"classes":[]},{"id":20354,"url":"https:\/\/kalot.com.mx\/site\/2015\/02\/09\/better-call-saul-episodio-uno-resena\/","url_meta":{"origin":19863,"position":3},"title":"Better Call Saul: Episodio Uno [Rese\u00f1a]","author":"Carlos Ru\u00edz Mtz","date":"9 febrero, 2015","format":false,"excerpt":"Hablar de Breaking Bad es hablar de uno de los mejores dramas\u00a0de la TV en los \u00faltimos tiempos, que pasar\u00e1 a la historia como serie de culto al nivel de Lost o Law and Order. Este \u00e9xito gener\u00f3 una oleada de fans incondicionales, que esperaban algo m\u00e1s de las aventuras\u2026","rel":"","context":"Entrada similar ","block_context":{"text":"Entrada similar ","link":""},"img":{"alt_text":"","src":"https:\/\/i0.wp.com\/kalot.com.mx\/site\/wp-content\/uploads\/2015\/02\/better-call-saul.jpg?fit=1024%2C502&ssl=1&resize=350%2C200","width":350,"height":200,"srcset":"https:\/\/i0.wp.com\/kalot.com.mx\/site\/wp-content\/uploads\/2015\/02\/better-call-saul.jpg?fit=1024%2C502&ssl=1&resize=350%2C200 1x, https:\/\/i0.wp.com\/kalot.com.mx\/site\/wp-content\/uploads\/2015\/02\/better-call-saul.jpg?fit=1024%2C502&ssl=1&resize=525%2C300 1.5x, https:\/\/i0.wp.com\/kalot.com.mx\/site\/wp-content\/uploads\/2015\/02\/better-call-saul.jpg?fit=1024%2C502&ssl=1&resize=700%2C400 2x"},"classes":[]},{"id":7672,"url":"https:\/\/kalot.com.mx\/site\/2013\/12\/09\/nuevo-episodio-de-balon-de-oro\/","url_meta":{"origin":19863,"position":4},"title":"Nuevo Episodio de Bal\u00f3n de Oro","author":"Daniel Cacho","date":"9 diciembre, 2013","format":false,"excerpt":"El argentino Lionel Messi (FC Barcelona), el franc\u00e9s Frank Rib\u00e9ry (Bayern Munich) y el portugu\u00e9s Cristiano Ronaldo (Real Madrid) son los tres finalistas oficiales a alzarse el pr\u00f3ximo 13 de enero con el Bal\u00f3n de Oro de la FIFA 2013, anunci\u00f3 este lunes la revista \"France Football\". Messi ha ganado\u2026","rel":"","context":"En &quot;Sin categor\u00eda&quot;","block_context":{"text":"Sin categor\u00eda","link":"https:\/\/kalot.com.mx\/site\/category\/sin-categoria\/"},"img":{"alt_text":"","src":"https:\/\/i0.wp.com\/kalot.com.mx\/site\/wp-content\/uploads\/2013\/12\/web_v111101089_big_tp.jpg?fit=600%2C400&ssl=1&resize=350%2C200","width":350,"height":200,"srcset":"https:\/\/i0.wp.com\/kalot.com.mx\/site\/wp-content\/uploads\/2013\/12\/web_v111101089_big_tp.jpg?fit=600%2C400&ssl=1&resize=350%2C200 1x, https:\/\/i0.wp.com\/kalot.com.mx\/site\/wp-content\/uploads\/2013\/12\/web_v111101089_big_tp.jpg?fit=600%2C400&ssl=1&resize=525%2C300 1.5x"},"classes":[]},{"id":18307,"url":"https:\/\/kalot.com.mx\/site\/2014\/09\/24\/sailor-moon-20-anos-despues\/","url_meta":{"origin":19863,"position":5},"title":"Sailor Moon &#8230; 20 a\u00f1os despu\u00e9s","author":"Adrian Aldana","date":"24 septiembre, 2014","format":false,"excerpt":"As\u00ed es como el tiempo pasa volando y pareciera ayer que en 1994 ve\u00edamos la saga de Sailor Moon por Azteca 7, as\u00ed es recuerdo que iba en la secundaria y era el tema de conversaci\u00f3n del d\u00eda siguiente el saber si mis compa\u00f1eros hab\u00edan visto el episodio, y en\u2026","rel":"","context":"Entrada similar ","block_context":{"text":"Entrada similar ","link":""},"img":{"alt_text":"","src":"https:\/\/i0.wp.com\/kalot.com.mx\/site\/wp-content\/uploads\/2014\/09\/Sailor-Moon-Crystal-2.jpg?fit=1000%2C625&ssl=1&resize=350%2C200","width":350,"height":200,"srcset":"https:\/\/i0.wp.com\/kalot.com.mx\/site\/wp-content\/uploads\/2014\/09\/Sailor-Moon-Crystal-2.jpg?fit=1000%2C625&ssl=1&resize=350%2C200 1x, https:\/\/i0.wp.com\/kalot.com.mx\/site\/wp-content\/uploads\/2014\/09\/Sailor-Moon-Crystal-2.jpg?fit=1000%2C625&ssl=1&resize=525%2C300 1.5x, https:\/\/i0.wp.com\/kalot.com.mx\/site\/wp-content\/uploads\/2014\/09\/Sailor-Moon-Crystal-2.jpg?fit=1000%2C625&ssl=1&resize=700%2C400 2x"},"classes":[]}],"jetpack_sharing_enabled":true,"_links":{"self":[{"href":"https:\/\/kalot.com.mx\/site\/wp-json\/wp\/v2\/posts\/19863","targetHints":{"allow":["GET"]}}],"collection":[{"href":"https:\/\/kalot.com.mx\/site\/wp-json\/wp\/v2\/posts"}],"about":[{"href":"https:\/\/kalot.com.mx\/site\/wp-json\/wp\/v2\/types\/post"}],"author":[{"embeddable":true,"href":"https:\/\/kalot.com.mx\/site\/wp-json\/wp\/v2\/users\/108"}],"replies":[{"embeddable":true,"href":"https:\/\/kalot.com.mx\/site\/wp-json\/wp\/v2\/comments?post=19863"}],"version-history":[{"count":0,"href":"https:\/\/kalot.com.mx\/site\/wp-json\/wp\/v2\/posts\/19863\/revisions"}],"wp:featuredmedia":[{"embeddable":true,"href":"https:\/\/kalot.com.mx\/site\/wp-json\/wp\/v2\/media\/19866"}],"wp:attachment":[{"href":"https:\/\/kalot.com.mx\/site\/wp-json\/wp\/v2\/media?parent=19863"}],"wp:term":[{"taxonomy":"category","embeddable":true,"href":"https:\/\/kalot.com.mx\/site\/wp-json\/wp\/v2\/categories?post=19863"},{"taxonomy":"post_tag","embeddable":true,"href":"https:\/\/kalot.com.mx\/site\/wp-json\/wp\/v2\/tags?post=19863"}],"curies":[{"name":"wp","href":"https:\/\/api.w.org\/{rel}","templated":true}]}}